{"id":11699,"date":"2022-11-24T11:43:57","date_gmt":"2022-11-24T10:43:57","guid":{"rendered":"https:\/\/blancfestival.com\/?p=11699"},"modified":"2022-11-24T11:47:44","modified_gmt":"2022-11-24T10:47:44","slug":"entrevista-con-fermin-abella-revista-yorokobu","status":"publish","type":"post","link":"https:\/\/blancfestival.com\/ca\/entrevista-con-fermin-abella-revista-yorokobu\/","title":{"rendered":"Entrevista con Fermin Abella &#8211; Revista Yorokobu"},"content":{"rendered":"<p>Fermin Abella es Director de Estrategia en Yorokobu y Brands &amp; Roses y socio fundador de esta revista nacida en plena crisis financiera, cocinada a fuego lento entre las cuatro paredes de un garage (literal), siendo a d\u00eda de hoy una de las revistas impresas m\u00e1s imporrantes dentro de la categor\u00eda de la creatividad.<\/p>\n<p>Comenzaron con esto del branded content cuando todav\u00eda no exist\u00eda la terminolog\u00eda, y poniendo el foco en el contenido y en el dise\u00f1o, donde ambas &#8220;patas&#8221; editoriales ten\u00edan la misma importancia: contenido interesante y visualmente atractivo.<\/p>\n<p>El nombre Yorokobu proviene del japon\u00e9s, y significa &#8220;Estar feliz&#8221;, la misma felicidad que sintieron cuando Vueling los contact\u00f3 para incluir su revista en sus vuelos, lo que signific\u00f3 para la revista un antes y un despu\u00e9s a nivel de reconocimiento de marca.<\/p>\n<p>A partir de ese momento, comienzan a trabajar con otras marcas, y es cuando nace la agencia Brands &amp; Roses, dedicada a la creaci\u00f3n de contenidos para estrategias de marketing y comunicaci\u00f3n.<\/p>\n<p>El consumidor es el que elige, el que toma el control. Antes segu\u00edan a las marcas s\u00f3lo por sus valores, ahora lo hacen por lo que \u00e9stas les cuentan, y ah\u00ed es donde entra Brands &amp; Roses.<\/p>\n<p>&nbsp;<\/p>\n<p>Mira la entrevista aqu\u00ed:<\/p>\n<p><iframe loading=\"lazy\" title=\"YouTube video player\" src=\"https:\/\/www.youtube.com\/embed\/FzRiDOxFa4I\" width=\"680\" height=\"383\" frameborder=\"0\" allowfullscreen=\"allowfullscreen\"><span style=\"display: inline-block; width: 0px; overflow: hidden; line-height: 0;\" data-mce-type=\"bookmark\" class=\"mce_SELRES_start\">\ufeff<\/span><\/iframe><\/p>\n<p>O escucha el Podcast aqu\u00ed:<\/p>\n<p>&nbsp;<\/p>\n<p><iframe loading=\"lazy\" src=\"https:\/\/www.ivoox.com\/player_ej_96868052_6_1.html?c1=444444\" width=\"100%\" height=\"200\" frameborder=\"0\" scrolling=\"no\" allowfullscreen=\"allowfullscreen\"><\/iframe><\/p>\n<p><a href=\"https:\/\/www.yorokobu.es\" target=\"_blank\" rel=\"nofollow noopener\">Yorkobu.es<\/a><\/p>\n","protected":false},"excerpt":{"rendered":"Fermin Abella es Director de Estrategia en Yorokobu y Brands &amp; Roses y socio fundador de esta revista nacida en plena crisis financiera, cocinada a fuego lento entre las cuatro paredes de un garage (literal), siendo a d\u00eda de hoy una de las revistas impresas m\u00e1s imporrantes dentro de la categor\u00eda de la creatividad. Comenzaron&hellip;","protected":false},"author":3,"featured_media":11701,"comment_status":"open","ping_status":"open","sticky":false,"template":"","format":"standard","meta":{"_acf_changed":false,"footnotes":""},"categories":[224],"tags":[],"evento":[],"class_list":["post-11699","post","type-post","status-publish","format-standard","has-post-thumbnail","hentry","category-podcasts"],"acf":[],"yoast_head":"<!-- This site is optimized with the Yoast SEO plugin v23.7 - https:\/\/yoast.com\/wordpress\/plugins\/seo\/ -->\n<title>Entrevista con Fermin Abella - Revista Yorokobu<\/title>\n<meta name=\"description\" content=\"El consumidor elige la marca por lo que \u00e9sta le cuenta, no por lo que le vende. Hoy en d\u00eda el branded content es la mejor manera de llegar al consumidor.\" \/>\n<meta name=\"robots\" content=\"index, follow, max-snippet:-1, max-image-preview:large, max-video-preview:-1\" \/>\n<link rel=\"canonical\" href=\"https:\/\/blancfestival.com\/entrevista-con-fermin-abella-revista-yorokobu\/\" \/>\n<meta property=\"og:locale\" content=\"ca_ES\" \/>\n<meta property=\"og:type\" content=\"article\" \/>\n<meta property=\"og:title\" content=\"Entrevista con Fermin Abella - Revista Yorokobu\" \/>\n<meta property=\"og:description\" content=\"El consumidor elige la marca por lo que \u00e9sta le cuenta, no por lo que le vende. Hoy en d\u00eda el branded content es la mejor manera de llegar al consumidor.\" \/>\n<meta property=\"og:url\" content=\"https:\/\/blancfestival.com\/entrevista-con-fermin-abella-revista-yorokobu\/\" \/>\n<meta property=\"og:site_name\" content=\"Blanc!\" \/>\n<meta property=\"article:publisher\" content=\"https:\/\/www.facebook.com\/blanc.festivaldissenygrafic\/\" \/>\n<meta property=\"article:published_time\" content=\"2022-11-24T10:43:57+00:00\" \/>\n<meta property=\"article:modified_time\" content=\"2022-11-24T10:47:44+00:00\" \/>\n<meta property=\"og:image\" content=\"https:\/\/blancfestival.com\/wp-content\/uploads\/2022\/11\/T1-E7-yorokobu-ytube.jpg\" \/>\n\t<meta property=\"og:image:width\" content=\"1920\" \/>\n\t<meta property=\"og:image:height\" content=\"1080\" \/>\n\t<meta property=\"og:image:type\" content=\"image\/jpeg\" \/>\n<meta name=\"author\" content=\"Redacci\u00f3n Blanc!\" \/>\n<meta name=\"twitter:card\" content=\"summary_large_image\" \/>\n<meta name=\"twitter:creator\" content=\"@blancfest\" \/>\n<meta name=\"twitter:site\" content=\"@blancfest\" \/>\n<meta name=\"twitter:label1\" content=\"Written by\" \/>\n\t<meta name=\"twitter:data1\" content=\"Redacci\u00f3n Blanc!\" \/>\n\t<meta name=\"twitter:label2\" content=\"Est. reading time\" \/>\n\t<meta name=\"twitter:data2\" content=\"1 minute\" \/>\n<script type=\"application\/ld+json\" class=\"yoast-schema-graph\">{\"@context\":\"https:\/\/schema.org\",\"@graph\":[{\"@type\":\"Article\",\"@id\":\"https:\/\/blancfestival.com\/entrevista-con-fermin-abella-revista-yorokobu\/#article\",\"isPartOf\":{\"@id\":\"https:\/\/blancfestival.com\/entrevista-con-fermin-abella-revista-yorokobu\/\"},\"author\":{\"name\":\"Redacci\u00f3n Blanc!\",\"@id\":\"https:\/\/blancfestival.com\/#\/schema\/person\/1c1365d1e51e5730cf3f5fadb8670c06\"},\"headline\":\"Entrevista con Fermin Abella &#8211; Revista Yorokobu\",\"datePublished\":\"2022-11-24T10:43:57+00:00\",\"dateModified\":\"2022-11-24T10:47:44+00:00\",\"mainEntityOfPage\":{\"@id\":\"https:\/\/blancfestival.com\/entrevista-con-fermin-abella-revista-yorokobu\/\"},\"wordCount\":236,\"commentCount\":0,\"publisher\":{\"@id\":\"https:\/\/blancfestival.com\/#organization\"},\"image\":{\"@id\":\"https:\/\/blancfestival.com\/entrevista-con-fermin-abella-revista-yorokobu\/#primaryimage\"},\"thumbnailUrl\":\"https:\/\/blancfestival.com\/wp-content\/uploads\/2022\/11\/T1-E7-yorokobu-ytube.jpg\",\"articleSection\":[\"podcasts\"],\"inLanguage\":\"ca\",\"potentialAction\":[{\"@type\":\"CommentAction\",\"name\":\"Comment\",\"target\":[\"https:\/\/blancfestival.com\/entrevista-con-fermin-abella-revista-yorokobu\/#respond\"]}]},{\"@type\":\"WebPage\",\"@id\":\"https:\/\/blancfestival.com\/entrevista-con-fermin-abella-revista-yorokobu\/\",\"url\":\"https:\/\/blancfestival.com\/entrevista-con-fermin-abella-revista-yorokobu\/\",\"name\":\"Entrevista con Fermin Abella - Revista Yorokobu\",\"isPartOf\":{\"@id\":\"https:\/\/blancfestival.com\/#website\"},\"primaryImageOfPage\":{\"@id\":\"https:\/\/blancfestival.com\/entrevista-con-fermin-abella-revista-yorokobu\/#primaryimage\"},\"image\":{\"@id\":\"https:\/\/blancfestival.com\/entrevista-con-fermin-abella-revista-yorokobu\/#primaryimage\"},\"thumbnailUrl\":\"https:\/\/blancfestival.com\/wp-content\/uploads\/2022\/11\/T1-E7-yorokobu-ytube.jpg\",\"datePublished\":\"2022-11-24T10:43:57+00:00\",\"dateModified\":\"2022-11-24T10:47:44+00:00\",\"description\":\"El consumidor elige la marca por lo que \u00e9sta le cuenta, no por lo que le vende. Hoy en d\u00eda el branded content es la mejor manera de llegar al consumidor.\",\"breadcrumb\":{\"@id\":\"https:\/\/blancfestival.com\/entrevista-con-fermin-abella-revista-yorokobu\/#breadcrumb\"},\"inLanguage\":\"ca\",\"potentialAction\":[{\"@type\":\"ReadAction\",\"target\":[\"https:\/\/blancfestival.com\/entrevista-con-fermin-abella-revista-yorokobu\/\"]}]},{\"@type\":\"ImageObject\",\"inLanguage\":\"ca\",\"@id\":\"https:\/\/blancfestival.com\/entrevista-con-fermin-abella-revista-yorokobu\/#primaryimage\",\"url\":\"https:\/\/blancfestival.com\/wp-content\/uploads\/2022\/11\/T1-E7-yorokobu-ytube.jpg\",\"contentUrl\":\"https:\/\/blancfestival.com\/wp-content\/uploads\/2022\/11\/T1-E7-yorokobu-ytube.jpg\",\"width\":1920,\"height\":1080},{\"@type\":\"BreadcrumbList\",\"@id\":\"https:\/\/blancfestival.com\/entrevista-con-fermin-abella-revista-yorokobu\/#breadcrumb\",\"itemListElement\":[{\"@type\":\"ListItem\",\"position\":1,\"name\":\"Portada\",\"item\":\"https:\/\/blancfestival.com\/ca\/\"},{\"@type\":\"ListItem\",\"position\":2,\"name\":\"Entrevista con Fermin Abella &#8211; Revista Yorokobu\"}]},{\"@type\":\"WebSite\",\"@id\":\"https:\/\/blancfestival.com\/#website\",\"url\":\"https:\/\/blancfestival.com\/\",\"name\":\"Blanc! Festival\",\"description\":\"Disseny, Creativitat i Innovaci\u00f3\",\"publisher\":{\"@id\":\"https:\/\/blancfestival.com\/#organization\"},\"potentialAction\":[{\"@type\":\"SearchAction\",\"target\":{\"@type\":\"EntryPoint\",\"urlTemplate\":\"https:\/\/blancfestival.com\/?s={search_term_string}\"},\"query-input\":{\"@type\":\"PropertyValueSpecification\",\"valueRequired\":true,\"valueName\":\"search_term_string\"}}],\"inLanguage\":\"ca\"},{\"@type\":\"Organization\",\"@id\":\"https:\/\/blancfestival.com\/#organization\",\"name\":\"Blanc! Festival de Dise\u00f1o, Creatividad e Innovaci\u00f3n\",\"url\":\"https:\/\/blancfestival.com\/\",\"logo\":{\"@type\":\"ImageObject\",\"inLanguage\":\"ca\",\"@id\":\"https:\/\/blancfestival.com\/#\/schema\/logo\/image\/\",\"url\":\"https:\/\/blancfestival.com\/wp-content\/uploads\/2025\/01\/logo_icono_blanc.jpg\",\"contentUrl\":\"https:\/\/blancfestival.com\/wp-content\/uploads\/2025\/01\/logo_icono_blanc.jpg\",\"width\":2000,\"height\":2000,\"caption\":\"Blanc! Festival de Dise\u00f1o, Creatividad e Innovaci\u00f3n\"},\"image\":{\"@id\":\"https:\/\/blancfestival.com\/#\/schema\/logo\/image\/\"},\"sameAs\":[\"https:\/\/www.facebook.com\/blanc.festivaldissenygrafic\/\",\"https:\/\/x.com\/blancfest\",\"https:\/\/www.instagram.com\/blancfest\/\",\"https:\/\/www.linkedin.com\/company\/blanc-festival\",\"https:\/\/www.pinterest.com\/blancfest\/\",\"https:\/\/www.youtube.com\/channel\/UCM-IjxOFb5gQg4yPgmze3Gg\"]},{\"@type\":\"Person\",\"@id\":\"https:\/\/blancfestival.com\/#\/schema\/person\/1c1365d1e51e5730cf3f5fadb8670c06\",\"name\":\"Redacci\u00f3n Blanc!\",\"image\":{\"@type\":\"ImageObject\",\"inLanguage\":\"ca\",\"@id\":\"https:\/\/blancfestival.com\/#\/schema\/person\/image\/\",\"url\":\"https:\/\/blancfestival.com\/wp-content\/uploads\/2020\/02\/ico-120x120.png\",\"contentUrl\":\"https:\/\/blancfestival.com\/wp-content\/uploads\/2020\/02\/ico-120x120.png\",\"caption\":\"Redacci\u00f3n Blanc!\"},\"description\":\"\u201cNo trates de doblar la cuchara. Es imposible. En lugar de hacerlo, solo intenta darte cuenta de la verdad\u2026 No hay cuchara. Entonces, ver\u00e1s que no es la cuchara lo que se dobla, te doblas t\u00fa\u201d\"}]}<\/script>\n<!-- \/ Yoast SEO plugin. -->","yoast_head_json":{"title":"Entrevista con Fermin Abella - Revista Yorokobu","description":"El consumidor elige la marca por lo que \u00e9sta le cuenta, no por lo que le vende. Hoy en d\u00eda el branded content es la mejor manera de llegar al consumidor.","robots":{"index":"index","follow":"follow","max-snippet":"max-snippet:-1","max-image-preview":"max-image-preview:large","max-video-preview":"max-video-preview:-1"},"canonical":"https:\/\/blancfestival.com\/entrevista-con-fermin-abella-revista-yorokobu\/","og_locale":"ca_ES","og_type":"article","og_title":"Entrevista con Fermin Abella - Revista Yorokobu","og_description":"El consumidor elige la marca por lo que \u00e9sta le cuenta, no por lo que le vende. Hoy en d\u00eda el branded content es la mejor manera de llegar al consumidor.","og_url":"https:\/\/blancfestival.com\/entrevista-con-fermin-abella-revista-yorokobu\/","og_site_name":"Blanc!","article_publisher":"https:\/\/www.facebook.com\/blanc.festivaldissenygrafic\/","article_published_time":"2022-11-24T10:43:57+00:00","article_modified_time":"2022-11-24T10:47:44+00:00","og_image":[{"width":1920,"height":1080,"url":"https:\/\/blancfestival.com\/wp-content\/uploads\/2022\/11\/T1-E7-yorokobu-ytube.jpg","type":"image\/jpeg"}],"author":"Redacci\u00f3n Blanc!","twitter_card":"summary_large_image","twitter_creator":"@blancfest","twitter_site":"@blancfest","twitter_misc":{"Written by":"Redacci\u00f3n Blanc!","Est. reading time":"1 minute"},"schema":{"@context":"https:\/\/schema.org","@graph":[{"@type":"Article","@id":"https:\/\/blancfestival.com\/entrevista-con-fermin-abella-revista-yorokobu\/#article","isPartOf":{"@id":"https:\/\/blancfestival.com\/entrevista-con-fermin-abella-revista-yorokobu\/"},"author":{"name":"Redacci\u00f3n Blanc!","@id":"https:\/\/blancfestival.com\/#\/schema\/person\/1c1365d1e51e5730cf3f5fadb8670c06"},"headline":"Entrevista con Fermin Abella &#8211; Revista Yorokobu","datePublished":"2022-11-24T10:43:57+00:00","dateModified":"2022-11-24T10:47:44+00:00","mainEntityOfPage":{"@id":"https:\/\/blancfestival.com\/entrevista-con-fermin-abella-revista-yorokobu\/"},"wordCount":236,"commentCount":0,"publisher":{"@id":"https:\/\/blancfestival.com\/#organization"},"image":{"@id":"https:\/\/blancfestival.com\/entrevista-con-fermin-abella-revista-yorokobu\/#primaryimage"},"thumbnailUrl":"https:\/\/blancfestival.com\/wp-content\/uploads\/2022\/11\/T1-E7-yorokobu-ytube.jpg","articleSection":["podcasts"],"inLanguage":"ca","potentialAction":[{"@type":"CommentAction","name":"Comment","target":["https:\/\/blancfestival.com\/entrevista-con-fermin-abella-revista-yorokobu\/#respond"]}]},{"@type":"WebPage","@id":"https:\/\/blancfestival.com\/entrevista-con-fermin-abella-revista-yorokobu\/","url":"https:\/\/blancfestival.com\/entrevista-con-fermin-abella-revista-yorokobu\/","name":"Entrevista con Fermin Abella - Revista Yorokobu","isPartOf":{"@id":"https:\/\/blancfestival.com\/#website"},"primaryImageOfPage":{"@id":"https:\/\/blancfestival.com\/entrevista-con-fermin-abella-revista-yorokobu\/#primaryimage"},"image":{"@id":"https:\/\/blancfestival.com\/entrevista-con-fermin-abella-revista-yorokobu\/#primaryimage"},"thumbnailUrl":"https:\/\/blancfestival.com\/wp-content\/uploads\/2022\/11\/T1-E7-yorokobu-ytube.jpg","datePublished":"2022-11-24T10:43:57+00:00","dateModified":"2022-11-24T10:47:44+00:00","description":"El consumidor elige la marca por lo que \u00e9sta le cuenta, no por lo que le vende. Hoy en d\u00eda el branded content es la mejor manera de llegar al consumidor.","breadcrumb":{"@id":"https:\/\/blancfestival.com\/entrevista-con-fermin-abella-revista-yorokobu\/#breadcrumb"},"inLanguage":"ca","potentialAction":[{"@type":"ReadAction","target":["https:\/\/blancfestival.com\/entrevista-con-fermin-abella-revista-yorokobu\/"]}]},{"@type":"ImageObject","inLanguage":"ca","@id":"https:\/\/blancfestival.com\/entrevista-con-fermin-abella-revista-yorokobu\/#primaryimage","url":"https:\/\/blancfestival.com\/wp-content\/uploads\/2022\/11\/T1-E7-yorokobu-ytube.jpg","contentUrl":"https:\/\/blancfestival.com\/wp-content\/uploads\/2022\/11\/T1-E7-yorokobu-ytube.jpg","width":1920,"height":1080},{"@type":"BreadcrumbList","@id":"https:\/\/blancfestival.com\/entrevista-con-fermin-abella-revista-yorokobu\/#breadcrumb","itemListElement":[{"@type":"ListItem","position":1,"name":"Portada","item":"https:\/\/blancfestival.com\/ca\/"},{"@type":"ListItem","position":2,"name":"Entrevista con Fermin Abella &#8211; Revista Yorokobu"}]},{"@type":"WebSite","@id":"https:\/\/blancfestival.com\/#website","url":"https:\/\/blancfestival.com\/","name":"Blanc! Festival","description":"Disseny, Creativitat i Innovaci\u00f3","publisher":{"@id":"https:\/\/blancfestival.com\/#organization"},"potentialAction":[{"@type":"SearchAction","target":{"@type":"EntryPoint","urlTemplate":"https:\/\/blancfestival.com\/?s={search_term_string}"},"query-input":{"@type":"PropertyValueSpecification","valueRequired":true,"valueName":"search_term_string"}}],"inLanguage":"ca"},{"@type":"Organization","@id":"https:\/\/blancfestival.com\/#organization","name":"Blanc! Festival de Dise\u00f1o, Creatividad e Innovaci\u00f3n","url":"https:\/\/blancfestival.com\/","logo":{"@type":"ImageObject","inLanguage":"ca","@id":"https:\/\/blancfestival.com\/#\/schema\/logo\/image\/","url":"https:\/\/blancfestival.com\/wp-content\/uploads\/2025\/01\/logo_icono_blanc.jpg","contentUrl":"https:\/\/blancfestival.com\/wp-content\/uploads\/2025\/01\/logo_icono_blanc.jpg","width":2000,"height":2000,"caption":"Blanc! Festival de Dise\u00f1o, Creatividad e Innovaci\u00f3n"},"image":{"@id":"https:\/\/blancfestival.com\/#\/schema\/logo\/image\/"},"sameAs":["https:\/\/www.facebook.com\/blanc.festivaldissenygrafic\/","https:\/\/x.com\/blancfest","https:\/\/www.instagram.com\/blancfest\/","https:\/\/www.linkedin.com\/company\/blanc-festival","https:\/\/www.pinterest.com\/blancfest\/","https:\/\/www.youtube.com\/channel\/UCM-IjxOFb5gQg4yPgmze3Gg"]},{"@type":"Person","@id":"https:\/\/blancfestival.com\/#\/schema\/person\/1c1365d1e51e5730cf3f5fadb8670c06","name":"Redacci\u00f3n Blanc!","image":{"@type":"ImageObject","inLanguage":"ca","@id":"https:\/\/blancfestival.com\/#\/schema\/person\/image\/","url":"https:\/\/blancfestival.com\/wp-content\/uploads\/2020\/02\/ico-120x120.png","contentUrl":"https:\/\/blancfestival.com\/wp-content\/uploads\/2020\/02\/ico-120x120.png","caption":"Redacci\u00f3n Blanc!"},"description":"\u201cNo trates de doblar la cuchara. Es imposible. En lugar de hacerlo, solo intenta darte cuenta de la verdad\u2026 No hay cuchara. Entonces, ver\u00e1s que no es la cuchara lo que se dobla, te doblas t\u00fa\u201d"}]}},"_links":{"self":[{"href":"https:\/\/blancfestival.com\/ca\/wp-json\/wp\/v2\/posts\/11699","targetHints":{"allow":["GET"]}}],"collection":[{"href":"https:\/\/blancfestival.com\/ca\/wp-json\/wp\/v2\/posts"}],"about":[{"href":"https:\/\/blancfestival.com\/ca\/wp-json\/wp\/v2\/types\/post"}],"author":[{"embeddable":true,"href":"https:\/\/blancfestival.com\/ca\/wp-json\/wp\/v2\/users\/3"}],"replies":[{"embeddable":true,"href":"https:\/\/blancfestival.com\/ca\/wp-json\/wp\/v2\/comments?post=11699"}],"version-history":[{"count":4,"href":"https:\/\/blancfestival.com\/ca\/wp-json\/wp\/v2\/posts\/11699\/revisions"}],"predecessor-version":[{"id":11707,"href":"https:\/\/blancfestival.com\/ca\/wp-json\/wp\/v2\/posts\/11699\/revisions\/11707"}],"wp:featuredmedia":[{"embeddable":true,"href":"https:\/\/blancfestival.com\/ca\/wp-json\/wp\/v2\/media\/11701"}],"wp:attachment":[{"href":"https:\/\/blancfestival.com\/ca\/wp-json\/wp\/v2\/media?parent=11699"}],"wp:term":[{"taxonomy":"category","embeddable":true,"href":"https:\/\/blancfestival.com\/ca\/wp-json\/wp\/v2\/categories?post=11699"},{"taxonomy":"post_tag","embeddable":true,"href":"https:\/\/blancfestival.com\/ca\/wp-json\/wp\/v2\/tags?post=11699"},{"taxonomy":"evento","embeddable":true,"href":"https:\/\/blancfestival.com\/ca\/wp-json\/wp\/v2\/evento?post=11699"}],"curies":[{"name":"wp","href":"https:\/\/api.w.org\/{rel}","templated":true}]}}