{"id":12113,"date":"2023-02-28T09:09:55","date_gmt":"2023-02-28T08:09:55","guid":{"rendered":"https:\/\/blancfestival.com\/?p=12113"},"modified":"2023-03-10T16:23:15","modified_gmt":"2023-03-10T15:23:15","slug":"documentales-y-cortos-para-disenadores-graficos","status":"publish","type":"post","link":"https:\/\/blancfestival.com\/ca\/documentales-y-cortos-para-disenadores-graficos\/","title":{"rendered":"Documentales y cortos que te inspirar\u00e1n"},"content":{"rendered":"<p>Hay una gran cantidad de documentales y cortometrajes inspiradores disponibles de forma gratuita en diferentes plataformas, y que pueden ayudarnos a encontrar nuevas ideas y perspectivas creativas. Un ejemplo son las entrevistas que Hillman Curtis realiz\u00f3 a diferentes artistas y profesionales en su serie &#8220;The Artist Series&#8221;, o el documental que repasa el trabajo de Drew Struzen, el creador de posters de pel\u00edculas tan ic\u00f3nicas como Indiana Jones, Star Wars o regreso al futuro.<\/p>\n<p>Te listamos algunos cortos y documentales, que van desde Banksy a Miguel Mil\u00e1, La Bauhaus o Saul Bass, y que puedes ver ahora mismo.<\/p>\n<p>&nbsp;<\/p>\n<h2>Drew: El hombre detr\u00e1s del poster<\/h2>\n<p>YouTube | 2013 | Documental<\/p>\n<p>Muchos estar\u00e1n familiarizados con los carteles ic\u00f3nicos de Drew Struzen para Indiana Jones, Star Wars, Regreso al futuro o Harry Potter, entre muchas otras series de culto y pel\u00edculas cl\u00e1sicas a lo largo de los a\u00f1os 70 y 80. El ilustrador estadounidense ha sido durante mucho tiempo uno de los favoritos de los directores Steven Spielberg y George Lucas por su impecable habilidad para transportar la marca de una pel\u00edcula a un p\u00f3ster memorable que transmite una sensaci\u00f3n de aventura.<\/p>\n<p>&#8220;Drew: The Man Behind The Poster&#8221; es un documental lanzado en 2013 sobre la carrera de Drew que abarca desde sus primeros trabajos en la portada de un \u00e1lbum hasta su \u00e9xito como uno de los artistas de carteles de pel\u00edculas m\u00e1s reconocibles e influyentes de todos los tiempos.El documental incluye entrevistas con Steven Spielberg, Harrison Ford, Guillermo del Toro y muchos otros artistas, cr\u00edticos y cineastas.<\/p>\n<p>&nbsp;<\/p>\n<p><iframe loading=\"lazy\" title=\"YouTube video player\" src=\"https:\/\/www.youtube.com\/embed\/olXQ8QSPs5I\" width=\"100%\" height=\"360\" frameborder=\"0\" allowfullscreen=\"allowfullscreen\" data-mce-fragment=\"1\"><span style=\"display: inline-block; width: 0px; overflow: hidden; line-height: 0;\" data-mce-type=\"bookmark\" class=\"mce_SELRES_start\">\ufeff<\/span><span data-mce-type=\"bookmark\" class=\"mce_SELRES_start\">\ufeff<\/span><\/iframe><\/p>\n<p>&nbsp;<\/p>\n<h2>The Artist Series by Hillman Curtis<\/h2>\n<p><a href=\"https:\/\/vimeo.com\/channels\/artistseries\" target=\"_blank\" rel=\"nofollow noopener\">Vimeo<\/a> | 2005 | Documental<\/p>\n<p>En esta serie de videos, Hillman Curtis (1961-2012) entrevista a una selecci\u00f3n de los mejores dise\u00f1adores, dise\u00f1adoras y agencias de dise\u00f1o m\u00e1s importantes del mundo. Algunos de los entrevistados son <a href=\"https:\/\/vimeo.com\/18839878\" target=\"_blank\" rel=\"nofollow noopener\">Paula Scher<\/a>, <a href=\"https:\/\/vimeo.com\/19330103\" target=\"_blank\" rel=\"nofollow noopener\">Stefan Sagmeister<\/a>, <a href=\"https:\/\/vimeo.com\/18770585\" target=\"_blank\" rel=\"nofollow noopener\">David Carson<\/a> y la legendaria firma de dise\u00f1o <a href=\"https:\/\/vimeo.com\/19197482\" target=\"_blank\" rel=\"nofollow noopener\">Pentagram<\/a>. La serie completa se puede ver gratis en <a href=\"https:\/\/vimeo.com\/hillmancurtis\" target=\"_blank\" rel=\"nofollow noopener\">Vimeo<\/a>. Te dejamos aqu\u00ed la que hizo con el dise\u00f1ador Milton Glaser.<\/p>\n<p>&nbsp;<\/p>\n<p><iframe loading=\"lazy\" src=\"https:\/\/player.vimeo.com\/video\/19005726?h=459cc3c7f2\" width=\"100%\" height=\"427\" frameborder=\"0\" allowfullscreen=\"allowfullscreen\"><span style=\"display: inline-block; width: 0px; overflow: hidden; line-height: 0;\" data-mce-type=\"bookmark\" class=\"mce_SELRES_start\">\ufeff<\/span><\/iframe><\/p>\n<p>&nbsp;<\/p>\n<h2>Bauhaus El rosotro del siglo XX<\/h2>\n<p><a href=\"https:\/\/www.youtube.com\/watch?v=m_TrRPoxdec\" target=\"_blank\" rel=\"nofollow noopener\">YouTube<\/a> | 1994 | Documental<\/p>\n<p>&#8220;Bauhaus: El rostro del siglo XX&#8221; es un documental que nos muestra c\u00f3mo la escuela de arte y dise\u00f1o Bauhaus, fundada en 1919 en Alemania, cambi\u00f3 para siempre el mundo del dise\u00f1o y la arquitectura. A trav\u00e9s de entrevistas con expertos en arte y dise\u00f1o, el documental nos muestra c\u00f3mo la Bauhaus transform\u00f3 la forma en que los dise\u00f1adores pensaban sobre la funcionalidad, la forma y los materiales, y c\u00f3mo estos principios todav\u00eda influyen en el dise\u00f1o contempor\u00e1neo. Adem\u00e1s, el documental tambi\u00e9n destaca el impacto social y pol\u00edtico de la escuela, especialmente en relaci\u00f3n con la Segunda Guerra Mundial y el surgimiento del movimiento moderno en el dise\u00f1o.<\/p>\n<p>&nbsp;<\/p>\n<p><iframe loading=\"lazy\" title=\"YouTube video player\" src=\"https:\/\/www.youtube.com\/embed\/m_TrRPoxdec\" width=\"100%\" height=\"360\" frameborder=\"0\" allowfullscreen=\"allowfullscreen\" data-mce-fragment=\"1\"><\/iframe><\/p>\n<p>&nbsp;<\/p>\n<h2>Exit Through The Gift Shop: El Documental sobre street art dirigido por Banksy<\/h2>\n<p>Un documental de street art dirigido por el enigm\u00e1tico artista Banksy que sigue la historia de Thierry Guetta, un hombre franc\u00e9s obsesionado con el mundo del arte callejero y que se convierte en un artista por derecho propio bajo el seud\u00f3nimo de Mr. Brainwash. A trav\u00e9s del documental, Banksy explora la naturaleza del arte, la cultura pop y el comercio del arte, mientras Guetta se sumerge en el mundo del arte callejero y se convierte en una figura influyente en la escena del arte contempor\u00e1neo. A lo largo del documental, Banksy cuestiona la autenticidad del arte callejero y la facilidad con la que se puede manipular la percepci\u00f3n del p\u00fablico sobre el arte y su valor.<\/p>\n<p>&nbsp;<\/p>\n<p><iframe loading=\"lazy\" title=\"YouTube video player\" src=\"https:\/\/www.youtube.com\/embed\/sfh2xoophiY\" width=\"100%\" height=\"360\" frameborder=\"0\" allowfullscreen=\"allowfullscreen\" data-mce-fragment=\"1\"><\/iframe><\/p>\n<p>&nbsp;<\/p>\n<h2>Why Man Creates<\/h2>\n<p>YouTube | 1968 | Corto<\/p>\n<p>Saul Bass explora la naturaleza de la creatividad humana y c\u00f3mo ha llevado a la invenci\u00f3n y la innovaci\u00f3n a lo largo de la historia. A trav\u00e9s de una combinaci\u00f3n de animaci\u00f3n, im\u00e1genes en vivo y entrevistas, el cortometraje examina el proceso creativo desde la perspectiva de diferentes disciplinas, como el arte, la ciencia y la tecnolog\u00eda, y c\u00f3mo estas disciplinas interact\u00faan entre s\u00ed. El resultado es una obra visualmente impresionante y emocionalmente conmovedora que celebra la creatividad humana en todas sus formas.<\/p>\n<p>&nbsp;<\/p>\n<p><iframe loading=\"lazy\" title=\"YouTube video player\" src=\"https:\/\/www.youtube.com\/embed\/lT2mqA6UYDw\" width=\"100%\" height=\"315\" frameborder=\"0\" allowfullscreen=\"allowfullscreen\" data-mce-fragment=\"1\"><\/iframe><\/p>\n<p>&nbsp;<\/p>\n<h2>Miguel Mil\u00e1. Dise\u00f1ador industrial e interiorista, inventor y bricoleur<\/h2>\n<p>Miguel Mil\u00e1 es un dise\u00f1ador industrial y arquitecto espa\u00f1ol nacido en Barcelona en 1931. Es uno de los pioneros del dise\u00f1o industrial en Espa\u00f1a y ha sido una figura influyente en la escena del dise\u00f1o espa\u00f1ol durante m\u00e1s de seis d\u00e9cadas. A lo largo de su carrera, Mil\u00e1 ha creado una amplia variedad de productos de dise\u00f1o, desde muebles y l\u00e1mparas hasta juguetes y objetos de decoraci\u00f3n, y su trabajo se caracteriza por su simplicidad, funcionalidad y elegancia.<\/p>\n<p>Adem\u00e1s de su trabajo como dise\u00f1ador, Mil\u00e1 tambi\u00e9n ha sido un activista y defensor del dise\u00f1o espa\u00f1ol y ha desempe\u00f1ado un papel clave en la fundaci\u00f3n de varias organizaciones de dise\u00f1o en Espa\u00f1a.<\/p>\n<p>&nbsp;<\/p>\n<p><iframe loading=\"lazy\" title=\"Miguel Mil\u00e1. Dise\u00f1ador industrial e interiorista, inventor y bricoleur.\" src=\"https:\/\/player.vimeo.com\/video\/205066962?app_id=122963\" width=\"100%\" height=\"360\" frameborder=\"0\" allowfullscreen=\"allowfullscreen\"><\/iframe><\/p>\n<p>&nbsp;<\/p>\n<h2>The Deep Dive: IDEO<\/h2>\n<p>Un documental que sigue el proceso de dise\u00f1o del equipo de IDEO, una reconocida firma de dise\u00f1o y consultor\u00eda de innovaci\u00f3n. El documental se centra en el dise\u00f1o de un nuevo carrito de compras para la cadena de supermercados estadounidense Target y muestra c\u00f3mo el equipo de IDEO utiliza un enfoque centrado en el usuario para crear soluciones innovadoras y efectivas. A trav\u00e9s de una serie de entrevistas con miembros del equipo de IDEO y de im\u00e1genes detr\u00e1s de c\u00e1maras, el documental explora el proceso de dise\u00f1o de IDEO, que se basa en la empat\u00eda, la colaboraci\u00f3n y la experimentaci\u00f3n. Al final, el documental muestra c\u00f3mo IDEO crea soluciones de dise\u00f1o que no solo satisfacen las necesidades del usuario, sino que tambi\u00e9n son pr\u00e1cticas y econ\u00f3micamente viables para las empresas.. Mira el resto de la serie <a href=\"http:\/\/www.youtube.com\/playlist?list=PL325E43F8CF72C37B&amp;_ga=2.227558045.1869693351.1677240780-1536577755.1677240780\" target=\"_blank\" rel=\"nofollow noopener\">aqu\u00ed<\/a>.<\/p>\n<p>&nbsp;<\/p>\n<p><iframe loading=\"lazy\" title=\"YouTube video player\" src=\"https:\/\/www.youtube.com\/embed\/M66ZU2PCIcM\" width=\"100%\" height=\"360\" frameborder=\"0\" allowfullscreen=\"allowfullscreen\"><\/iframe><\/p>\n<p>&nbsp;<\/p>\n<h2>Blurred Line (Lineas difusas: Dentro del mundo del arte)<\/h2>\n<p>YouTube. <a href=\"https:\/\/lalulula.tv\/documental-2\/sueltos-documental-2\/lineas-difusas-dentro-del-mundo-del-arte\" target=\"_blank\" rel=\"nofollow noopener\">Clic aqu\u00ed para subt\u00edtulos en castellano<\/a> | 2017 | Documental<\/p>\n<p>\u00abBlurred Lines\u00bb arranca con el d\u00eda en el que la corporaci\u00f3n Lehman Brothers se declar\u00f3 en bancarrota, evento que se considera el inicio de la crisis econ\u00f3mica de 2008, y lo contrapone a una venta efectuada 24 horas despu\u00e9s de una pieza del brit\u00e1nico Damien Hirst por 300 millones de d\u00f3lares. 10 a\u00f1os m\u00e1s tarde, nada parece haber afectado al mundo del mercado del arte, el cual al contrario a otros muchos sectores, no se ha visto afectado por la crisis financiera en lo m\u00e1s m\u00ednimo, y sufre una inflaci\u00f3n astron\u00f3mica.<\/p>\n<p>&nbsp;<\/p>\n<p><iframe loading=\"lazy\" title=\"YouTube video player\" src=\"https:\/\/www.youtube.com\/embed\/Vk5X4MdMuQw\" width=\"100%\" height=\"315\" frameborder=\"0\" allowfullscreen=\"allowfullscreen\" data-mce-fragment=\"1\"><span data-mce-type=\"bookmark\" class=\"mce_SELRES_start\">\ufeff<\/span><\/iframe><\/p>\n<p>&nbsp;<\/p>\n","protected":false},"excerpt":{"rendered":"Hay una gran cantidad de documentales y cortometrajes inspiradores disponibles de forma gratuita en diferentes plataformas, y que pueden ayudarnos a encontrar nuevas ideas y perspectivas creativas. Un ejemplo son las entrevistas que Hillman Curtis realiz\u00f3 a diferentes artistas y profesionales en su serie &#8220;The Artist Series&#8221;, o el documental que repasa el trabajo de&hellip;","protected":false},"author":3,"featured_media":12160,"comment_status":"open","ping_status":"open","sticky":false,"template":"","format":"standard","meta":{"_acf_changed":false,"footnotes":""},"categories":[152,3,2],"tags":[],"evento":[],"class_list":["post-12113","post","type-post","status-publish","format-standard","has-post-thumbnail","hentry","category-blanc-basics","category-creatividad","category-diseno"],"acf":[],"yoast_head":"<!-- This site is optimized with the Yoast SEO plugin v23.7 - https:\/\/yoast.com\/wordpress\/plugins\/seo\/ -->\n<title>Documentales y cortos que te inspirar\u00e1n<\/title>\n<meta name=\"description\" content=\"Documentales y cortos para DISE\u00d1ADORES Y DISE\u00d1ADORAS GR\u00c1FICAS que te inspirar\u00e1n y te ayudar\u00e1n a entender mejor el dise\u00f1o, la innovaci\u00f3n y la creatividad.\" \/>\n<meta name=\"robots\" content=\"index, follow, max-snippet:-1, max-image-preview:large, max-video-preview:-1\" \/>\n<link rel=\"canonical\" href=\"https:\/\/blancfestival.com\/documentales-y-cortos-para-disenadores-graficos\/\" \/>\n<meta property=\"og:locale\" content=\"ca_ES\" \/>\n<meta property=\"og:type\" content=\"article\" \/>\n<meta property=\"og:title\" content=\"Documentales y cortos que te inspirar\u00e1n\" \/>\n<meta property=\"og:description\" content=\"Documentales y cortos para DISE\u00d1ADORES Y DISE\u00d1ADORAS GR\u00c1FICAS que te inspirar\u00e1n y te ayudar\u00e1n a entender mejor el dise\u00f1o, la innovaci\u00f3n y la creatividad.\" \/>\n<meta property=\"og:url\" content=\"https:\/\/blancfestival.com\/documentales-y-cortos-para-disenadores-graficos\/\" \/>\n<meta property=\"og:site_name\" content=\"Blanc!\" \/>\n<meta property=\"article:publisher\" content=\"https:\/\/www.facebook.com\/blanc.festivaldissenygrafic\/\" \/>\n<meta property=\"article:published_time\" content=\"2023-02-28T08:09:55+00:00\" \/>\n<meta property=\"article:modified_time\" content=\"2023-03-10T15:23:15+00:00\" \/>\n<meta property=\"og:image\" content=\"https:\/\/blancfestival.com\/wp-content\/uploads\/2023\/02\/portada-3.jpg\" \/>\n\t<meta property=\"og:image:width\" content=\"1920\" \/>\n\t<meta property=\"og:image:height\" content=\"1280\" \/>\n\t<meta property=\"og:image:type\" content=\"image\/jpeg\" \/>\n<meta name=\"author\" content=\"Redacci\u00f3n Blanc!\" \/>\n<meta name=\"twitter:card\" content=\"summary_large_image\" \/>\n<meta name=\"twitter:creator\" content=\"@blancfest\" \/>\n<meta name=\"twitter:site\" content=\"@blancfest\" \/>\n<meta name=\"twitter:label1\" content=\"Written by\" \/>\n\t<meta name=\"twitter:data1\" content=\"Redacci\u00f3n Blanc!\" \/>\n\t<meta name=\"twitter:label2\" content=\"Est. reading time\" \/>\n\t<meta name=\"twitter:data2\" content=\"6 minutes\" \/>\n<script type=\"application\/ld+json\" class=\"yoast-schema-graph\">{\"@context\":\"https:\/\/schema.org\",\"@graph\":[{\"@type\":\"Article\",\"@id\":\"https:\/\/blancfestival.com\/documentales-y-cortos-para-disenadores-graficos\/#article\",\"isPartOf\":{\"@id\":\"https:\/\/blancfestival.com\/documentales-y-cortos-para-disenadores-graficos\/\"},\"author\":{\"name\":\"Redacci\u00f3n Blanc!\",\"@id\":\"https:\/\/blancfestival.com\/#\/schema\/person\/1c1365d1e51e5730cf3f5fadb8670c06\"},\"headline\":\"Documentales y cortos que te inspirar\u00e1n\",\"datePublished\":\"2023-02-28T08:09:55+00:00\",\"dateModified\":\"2023-03-10T15:23:15+00:00\",\"mainEntityOfPage\":{\"@id\":\"https:\/\/blancfestival.com\/documentales-y-cortos-para-disenadores-graficos\/\"},\"wordCount\":1149,\"commentCount\":0,\"publisher\":{\"@id\":\"https:\/\/blancfestival.com\/#organization\"},\"image\":{\"@id\":\"https:\/\/blancfestival.com\/documentales-y-cortos-para-disenadores-graficos\/#primaryimage\"},\"thumbnailUrl\":\"https:\/\/blancfestival.com\/wp-content\/uploads\/2023\/02\/portada-3.jpg\",\"articleSection\":[\"Blanc Basics\",\"Creatividad\",\"Dise\u00f1o\"],\"inLanguage\":\"ca\",\"potentialAction\":[{\"@type\":\"CommentAction\",\"name\":\"Comment\",\"target\":[\"https:\/\/blancfestival.com\/documentales-y-cortos-para-disenadores-graficos\/#respond\"]}]},{\"@type\":\"WebPage\",\"@id\":\"https:\/\/blancfestival.com\/documentales-y-cortos-para-disenadores-graficos\/\",\"url\":\"https:\/\/blancfestival.com\/documentales-y-cortos-para-disenadores-graficos\/\",\"name\":\"Documentales y cortos que te inspirar\u00e1n\",\"isPartOf\":{\"@id\":\"https:\/\/blancfestival.com\/#website\"},\"primaryImageOfPage\":{\"@id\":\"https:\/\/blancfestival.com\/documentales-y-cortos-para-disenadores-graficos\/#primaryimage\"},\"image\":{\"@id\":\"https:\/\/blancfestival.com\/documentales-y-cortos-para-disenadores-graficos\/#primaryimage\"},\"thumbnailUrl\":\"https:\/\/blancfestival.com\/wp-content\/uploads\/2023\/02\/portada-3.jpg\",\"datePublished\":\"2023-02-28T08:09:55+00:00\",\"dateModified\":\"2023-03-10T15:23:15+00:00\",\"description\":\"Documentales y cortos para DISE\u00d1ADORES Y DISE\u00d1ADORAS GR\u00c1FICAS que te inspirar\u00e1n y te ayudar\u00e1n a entender mejor el dise\u00f1o, la innovaci\u00f3n y la creatividad.\",\"breadcrumb\":{\"@id\":\"https:\/\/blancfestival.com\/documentales-y-cortos-para-disenadores-graficos\/#breadcrumb\"},\"inLanguage\":\"ca\",\"potentialAction\":[{\"@type\":\"ReadAction\",\"target\":[\"https:\/\/blancfestival.com\/documentales-y-cortos-para-disenadores-graficos\/\"]}]},{\"@type\":\"ImageObject\",\"inLanguage\":\"ca\",\"@id\":\"https:\/\/blancfestival.com\/documentales-y-cortos-para-disenadores-graficos\/#primaryimage\",\"url\":\"https:\/\/blancfestival.com\/wp-content\/uploads\/2023\/02\/portada-3.jpg\",\"contentUrl\":\"https:\/\/blancfestival.com\/wp-content\/uploads\/2023\/02\/portada-3.jpg\",\"width\":1920,\"height\":1280},{\"@type\":\"BreadcrumbList\",\"@id\":\"https:\/\/blancfestival.com\/documentales-y-cortos-para-disenadores-graficos\/#breadcrumb\",\"itemListElement\":[{\"@type\":\"ListItem\",\"position\":1,\"name\":\"Portada\",\"item\":\"https:\/\/blancfestival.com\/ca\/\"},{\"@type\":\"ListItem\",\"position\":2,\"name\":\"Documentales y cortos que te inspirar\u00e1n\"}]},{\"@type\":\"WebSite\",\"@id\":\"https:\/\/blancfestival.com\/#website\",\"url\":\"https:\/\/blancfestival.com\/\",\"name\":\"Blanc! Festival\",\"description\":\"Disseny, Creativitat i Innovaci\u00f3\",\"publisher\":{\"@id\":\"https:\/\/blancfestival.com\/#organization\"},\"potentialAction\":[{\"@type\":\"SearchAction\",\"target\":{\"@type\":\"EntryPoint\",\"urlTemplate\":\"https:\/\/blancfestival.com\/?s={search_term_string}\"},\"query-input\":{\"@type\":\"PropertyValueSpecification\",\"valueRequired\":true,\"valueName\":\"search_term_string\"}}],\"inLanguage\":\"ca\"},{\"@type\":\"Organization\",\"@id\":\"https:\/\/blancfestival.com\/#organization\",\"name\":\"Blanc! Festival de Dise\u00f1o, Creatividad e Innovaci\u00f3n\",\"url\":\"https:\/\/blancfestival.com\/\",\"logo\":{\"@type\":\"ImageObject\",\"inLanguage\":\"ca\",\"@id\":\"https:\/\/blancfestival.com\/#\/schema\/logo\/image\/\",\"url\":\"https:\/\/blancfestival.com\/wp-content\/uploads\/2025\/01\/logo_icono_blanc.jpg\",\"contentUrl\":\"https:\/\/blancfestival.com\/wp-content\/uploads\/2025\/01\/logo_icono_blanc.jpg\",\"width\":2000,\"height\":2000,\"caption\":\"Blanc! Festival de Dise\u00f1o, Creatividad e Innovaci\u00f3n\"},\"image\":{\"@id\":\"https:\/\/blancfestival.com\/#\/schema\/logo\/image\/\"},\"sameAs\":[\"https:\/\/www.facebook.com\/blanc.festivaldissenygrafic\/\",\"https:\/\/x.com\/blancfest\",\"https:\/\/www.instagram.com\/blancfest\/\",\"https:\/\/www.linkedin.com\/company\/blanc-festival\",\"https:\/\/www.pinterest.com\/blancfest\/\",\"https:\/\/www.youtube.com\/channel\/UCM-IjxOFb5gQg4yPgmze3Gg\"]},{\"@type\":\"Person\",\"@id\":\"https:\/\/blancfestival.com\/#\/schema\/person\/1c1365d1e51e5730cf3f5fadb8670c06\",\"name\":\"Redacci\u00f3n Blanc!\",\"image\":{\"@type\":\"ImageObject\",\"inLanguage\":\"ca\",\"@id\":\"https:\/\/blancfestival.com\/#\/schema\/person\/image\/\",\"url\":\"https:\/\/blancfestival.com\/wp-content\/uploads\/2020\/02\/ico-120x120.png\",\"contentUrl\":\"https:\/\/blancfestival.com\/wp-content\/uploads\/2020\/02\/ico-120x120.png\",\"caption\":\"Redacci\u00f3n Blanc!\"},\"description\":\"\u201cNo trates de doblar la cuchara. Es imposible. En lugar de hacerlo, solo intenta darte cuenta de la verdad\u2026 No hay cuchara. Entonces, ver\u00e1s que no es la cuchara lo que se dobla, te doblas t\u00fa\u201d\"}]}<\/script>\n<!-- \/ Yoast SEO plugin. -->","yoast_head_json":{"title":"Documentales y cortos que te inspirar\u00e1n","description":"Documentales y cortos para DISE\u00d1ADORES Y DISE\u00d1ADORAS GR\u00c1FICAS que te inspirar\u00e1n y te ayudar\u00e1n a entender mejor el dise\u00f1o, la innovaci\u00f3n y la creatividad.","robots":{"index":"index","follow":"follow","max-snippet":"max-snippet:-1","max-image-preview":"max-image-preview:large","max-video-preview":"max-video-preview:-1"},"canonical":"https:\/\/blancfestival.com\/documentales-y-cortos-para-disenadores-graficos\/","og_locale":"ca_ES","og_type":"article","og_title":"Documentales y cortos que te inspirar\u00e1n","og_description":"Documentales y cortos para DISE\u00d1ADORES Y DISE\u00d1ADORAS GR\u00c1FICAS que te inspirar\u00e1n y te ayudar\u00e1n a entender mejor el dise\u00f1o, la innovaci\u00f3n y la creatividad.","og_url":"https:\/\/blancfestival.com\/documentales-y-cortos-para-disenadores-graficos\/","og_site_name":"Blanc!","article_publisher":"https:\/\/www.facebook.com\/blanc.festivaldissenygrafic\/","article_published_time":"2023-02-28T08:09:55+00:00","article_modified_time":"2023-03-10T15:23:15+00:00","og_image":[{"width":1920,"height":1280,"url":"https:\/\/blancfestival.com\/wp-content\/uploads\/2023\/02\/portada-3.jpg","type":"image\/jpeg"}],"author":"Redacci\u00f3n Blanc!","twitter_card":"summary_large_image","twitter_creator":"@blancfest","twitter_site":"@blancfest","twitter_misc":{"Written by":"Redacci\u00f3n Blanc!","Est. reading time":"6 minutes"},"schema":{"@context":"https:\/\/schema.org","@graph":[{"@type":"Article","@id":"https:\/\/blancfestival.com\/documentales-y-cortos-para-disenadores-graficos\/#article","isPartOf":{"@id":"https:\/\/blancfestival.com\/documentales-y-cortos-para-disenadores-graficos\/"},"author":{"name":"Redacci\u00f3n Blanc!","@id":"https:\/\/blancfestival.com\/#\/schema\/person\/1c1365d1e51e5730cf3f5fadb8670c06"},"headline":"Documentales y cortos que te inspirar\u00e1n","datePublished":"2023-02-28T08:09:55+00:00","dateModified":"2023-03-10T15:23:15+00:00","mainEntityOfPage":{"@id":"https:\/\/blancfestival.com\/documentales-y-cortos-para-disenadores-graficos\/"},"wordCount":1149,"commentCount":0,"publisher":{"@id":"https:\/\/blancfestival.com\/#organization"},"image":{"@id":"https:\/\/blancfestival.com\/documentales-y-cortos-para-disenadores-graficos\/#primaryimage"},"thumbnailUrl":"https:\/\/blancfestival.com\/wp-content\/uploads\/2023\/02\/portada-3.jpg","articleSection":["Blanc Basics","Creatividad","Dise\u00f1o"],"inLanguage":"ca","potentialAction":[{"@type":"CommentAction","name":"Comment","target":["https:\/\/blancfestival.com\/documentales-y-cortos-para-disenadores-graficos\/#respond"]}]},{"@type":"WebPage","@id":"https:\/\/blancfestival.com\/documentales-y-cortos-para-disenadores-graficos\/","url":"https:\/\/blancfestival.com\/documentales-y-cortos-para-disenadores-graficos\/","name":"Documentales y cortos que te inspirar\u00e1n","isPartOf":{"@id":"https:\/\/blancfestival.com\/#website"},"primaryImageOfPage":{"@id":"https:\/\/blancfestival.com\/documentales-y-cortos-para-disenadores-graficos\/#primaryimage"},"image":{"@id":"https:\/\/blancfestival.com\/documentales-y-cortos-para-disenadores-graficos\/#primaryimage"},"thumbnailUrl":"https:\/\/blancfestival.com\/wp-content\/uploads\/2023\/02\/portada-3.jpg","datePublished":"2023-02-28T08:09:55+00:00","dateModified":"2023-03-10T15:23:15+00:00","description":"Documentales y cortos para DISE\u00d1ADORES Y DISE\u00d1ADORAS GR\u00c1FICAS que te inspirar\u00e1n y te ayudar\u00e1n a entender mejor el dise\u00f1o, la innovaci\u00f3n y la creatividad.","breadcrumb":{"@id":"https:\/\/blancfestival.com\/documentales-y-cortos-para-disenadores-graficos\/#breadcrumb"},"inLanguage":"ca","potentialAction":[{"@type":"ReadAction","target":["https:\/\/blancfestival.com\/documentales-y-cortos-para-disenadores-graficos\/"]}]},{"@type":"ImageObject","inLanguage":"ca","@id":"https:\/\/blancfestival.com\/documentales-y-cortos-para-disenadores-graficos\/#primaryimage","url":"https:\/\/blancfestival.com\/wp-content\/uploads\/2023\/02\/portada-3.jpg","contentUrl":"https:\/\/blancfestival.com\/wp-content\/uploads\/2023\/02\/portada-3.jpg","width":1920,"height":1280},{"@type":"BreadcrumbList","@id":"https:\/\/blancfestival.com\/documentales-y-cortos-para-disenadores-graficos\/#breadcrumb","itemListElement":[{"@type":"ListItem","position":1,"name":"Portada","item":"https:\/\/blancfestival.com\/ca\/"},{"@type":"ListItem","position":2,"name":"Documentales y cortos que te inspirar\u00e1n"}]},{"@type":"WebSite","@id":"https:\/\/blancfestival.com\/#website","url":"https:\/\/blancfestival.com\/","name":"Blanc! Festival","description":"Disseny, Creativitat i Innovaci\u00f3","publisher":{"@id":"https:\/\/blancfestival.com\/#organization"},"potentialAction":[{"@type":"SearchAction","target":{"@type":"EntryPoint","urlTemplate":"https:\/\/blancfestival.com\/?s={search_term_string}"},"query-input":{"@type":"PropertyValueSpecification","valueRequired":true,"valueName":"search_term_string"}}],"inLanguage":"ca"},{"@type":"Organization","@id":"https:\/\/blancfestival.com\/#organization","name":"Blanc! Festival de Dise\u00f1o, Creatividad e Innovaci\u00f3n","url":"https:\/\/blancfestival.com\/","logo":{"@type":"ImageObject","inLanguage":"ca","@id":"https:\/\/blancfestival.com\/#\/schema\/logo\/image\/","url":"https:\/\/blancfestival.com\/wp-content\/uploads\/2025\/01\/logo_icono_blanc.jpg","contentUrl":"https:\/\/blancfestival.com\/wp-content\/uploads\/2025\/01\/logo_icono_blanc.jpg","width":2000,"height":2000,"caption":"Blanc! Festival de Dise\u00f1o, Creatividad e Innovaci\u00f3n"},"image":{"@id":"https:\/\/blancfestival.com\/#\/schema\/logo\/image\/"},"sameAs":["https:\/\/www.facebook.com\/blanc.festivaldissenygrafic\/","https:\/\/x.com\/blancfest","https:\/\/www.instagram.com\/blancfest\/","https:\/\/www.linkedin.com\/company\/blanc-festival","https:\/\/www.pinterest.com\/blancfest\/","https:\/\/www.youtube.com\/channel\/UCM-IjxOFb5gQg4yPgmze3Gg"]},{"@type":"Person","@id":"https:\/\/blancfestival.com\/#\/schema\/person\/1c1365d1e51e5730cf3f5fadb8670c06","name":"Redacci\u00f3n Blanc!","image":{"@type":"ImageObject","inLanguage":"ca","@id":"https:\/\/blancfestival.com\/#\/schema\/person\/image\/","url":"https:\/\/blancfestival.com\/wp-content\/uploads\/2020\/02\/ico-120x120.png","contentUrl":"https:\/\/blancfestival.com\/wp-content\/uploads\/2020\/02\/ico-120x120.png","caption":"Redacci\u00f3n Blanc!"},"description":"\u201cNo trates de doblar la cuchara. Es imposible. En lugar de hacerlo, solo intenta darte cuenta de la verdad\u2026 No hay cuchara. Entonces, ver\u00e1s que no es la cuchara lo que se dobla, te doblas t\u00fa\u201d"}]}},"_links":{"self":[{"href":"https:\/\/blancfestival.com\/ca\/wp-json\/wp\/v2\/posts\/12113","targetHints":{"allow":["GET"]}}],"collection":[{"href":"https:\/\/blancfestival.com\/ca\/wp-json\/wp\/v2\/posts"}],"about":[{"href":"https:\/\/blancfestival.com\/ca\/wp-json\/wp\/v2\/types\/post"}],"author":[{"embeddable":true,"href":"https:\/\/blancfestival.com\/ca\/wp-json\/wp\/v2\/users\/3"}],"replies":[{"embeddable":true,"href":"https:\/\/blancfestival.com\/ca\/wp-json\/wp\/v2\/comments?post=12113"}],"version-history":[{"count":7,"href":"https:\/\/blancfestival.com\/ca\/wp-json\/wp\/v2\/posts\/12113\/revisions"}],"predecessor-version":[{"id":12163,"href":"https:\/\/blancfestival.com\/ca\/wp-json\/wp\/v2\/posts\/12113\/revisions\/12163"}],"wp:featuredmedia":[{"embeddable":true,"href":"https:\/\/blancfestival.com\/ca\/wp-json\/wp\/v2\/media\/12160"}],"wp:attachment":[{"href":"https:\/\/blancfestival.com\/ca\/wp-json\/wp\/v2\/media?parent=12113"}],"wp:term":[{"taxonomy":"category","embeddable":true,"href":"https:\/\/blancfestival.com\/ca\/wp-json\/wp\/v2\/categories?post=12113"},{"taxonomy":"post_tag","embeddable":true,"href":"https:\/\/blancfestival.com\/ca\/wp-json\/wp\/v2\/tags?post=12113"},{"taxonomy":"evento","embeddable":true,"href":"https:\/\/blancfestival.com\/ca\/wp-json\/wp\/v2\/evento?post=12113"}],"curies":[{"name":"wp","href":"https:\/\/api.w.org\/{rel}","templated":true}]}}