{"id":12435,"date":"2023-04-05T12:32:18","date_gmt":"2023-04-05T10:32:18","guid":{"rendered":"https:\/\/blancfestival.com\/?p=12435"},"modified":"2023-04-05T12:32:18","modified_gmt":"2023-04-05T10:32:18","slug":"los-cuentos-del-emprendimiento","status":"publish","type":"post","link":"https:\/\/blancfestival.com\/ca\/los-cuentos-del-emprendimiento\/","title":{"rendered":"Los cuentos del emprendimiento"},"content":{"rendered":"<p>Hace unos a\u00f1os, decid\u00ed cambiar de rumbo profesional. Hasta entonces hab\u00eda sido cuentajenada: me contrataron en varias empresas para ciertas vacantes y b\u00e1sicamente implicaba que me dedicaba \u00fanicamente a un cliente. A cambio: un contrato indefinido y una n\u00f3mina. Tiene ventajas e inconvenientes.<\/p>\n<p>Con el cambio, pas\u00e9 a hacerme aut\u00f3noma. O sea, tengo un negocio propio. Al haber estado en ambos lados, ahora tengo cierta experiencia con esto de emprender y sus dificultades.<br \/>\nS\u00ed, sus dificultades, aquellas de las que no hablan en los cuentos del emprendimiento, que es de lo que va a ir este art\u00edculo.<\/p>\n<p>* Aviso a navegantes: si no quieres que te ag\u00fce la fiesta, no contin\u00faes leyendo.<\/p>\n<p>&nbsp;&nbsp;<\/p>\n<h2>\u00bfQui\u00e9n dijo que iba a ser f\u00e1cil?<\/h2>\n<p>Me pasan por lo menos dos cosas con el tema de emprender.<br \/>\nAlgunos lo plantean como si fuera un paseo por el Danubio. Sigue mi modelo X y triunfar\u00e1s. Trabaja desde la playa.<\/p>\n<p>Esto me enfada. Me enfada porque doy clases en algunas escuelas universitarias de dise\u00f1o y la mayor\u00eda de los alumnos piensan que con poner algunas fotos chulas en Instagram o hacer algunos v\u00eddeos divers en TikTok ya lo tendr\u00e1n todo resuelto. Les vendr\u00e1n a llamar a la puerta y van a morir de \u00e9xito.<\/p>\n<p>Se me eriza la piel de la nuca.<\/p>\n<p>Les intento explicar que hay mucha vida en Instagram u otras redes sociales (e incluso que hay vida m\u00e1s all\u00e1) y que ellos van a ser una gota m\u00e1s de un inmenso oc\u00e9ano que busca que sus publicaciones se lleguen a ver. Les digo: Imaginaros millones de personas saltando a la vez para que las mires. Pues eso.<\/p>\n<p>&nbsp;&nbsp;<\/p>\n<p><img loading=\"lazy\" decoding=\"async\" width=\"680\" height=\"359\" class=\"alignnone size-full wp-image-12442\" src=\"https:\/\/blancfestival.com\/wp-content\/uploads\/2023\/04\/2-woman-586185.jpg\" alt=\"\" srcset=\"https:\/\/blancfestival.com\/wp-content\/uploads\/2023\/04\/2-woman-586185.jpg 680w, https:\/\/blancfestival.com\/wp-content\/uploads\/2023\/04\/2-woman-586185-250x132.jpg 250w, https:\/\/blancfestival.com\/wp-content\/uploads\/2023\/04\/2-woman-586185-120x63.jpg 120w\" sizes=\"auto, (max-width: 680px) 100vw, 680px\" \/><\/p>\n<h2>Lo complejo<\/h2>\n<p>Si est\u00e1s al frente de tu propio negocio, sabes que es muy complicado.<\/p>\n<p>La incertidumbre es constante. Una \u00e9poca te va muy bien y otra te va fatal (y todas las variantes del medio, claro). Esto tiene consecuencias econ\u00f3micas -y no s\u00f3lo- y vas a tener que lidiar con ellas. Digo no s\u00f3lo pensando en la ansiedad, por ejemplo.<\/p>\n<p>Si eres uno-contigo-mismo, tienes siempre una lista infinita de tareas. Debes, adem\u00e1s, continuar form\u00e1ndote o actualiz\u00e1ndote porque el contexto est\u00e1 cambiando constantemente. Y lo que ayer funcionaba, hoy ya no.<br \/>\nSi en cambio, tienes equipo (contratas a otros profesionales para que lleguen donde t\u00fa no puedes), ya sabr\u00e1s lo complejo que es lidiar con personas. Aunque por un lado te pueden quitar trabajo, por el otro te lo dan.<\/p>\n<p>Y por m\u00e1s que lo quieras, te es dif\u00edcil desconectar. Siempre hay ideas en ebullici\u00f3n. O cosas que deber\u00edas hacer. Un correo que contestar.<\/p>\n<p>&nbsp;&nbsp;<\/p>\n<h2>La plaga de la insatisfacci\u00f3n<\/h2>\n<p>Por otro lado, cualquiera con cierto sentido de la observaci\u00f3n, puede ver que hay una aut\u00e9ntica plaga de insatisfacci\u00f3n laboral.<\/p>\n<p>En mi faceta de acompa\u00f1amiento en procesos de desarrollo personal \/ profesional y autoconocimiento, escucho cada vez de manera m\u00e1s habitual, la expresi\u00f3n de esa insatisfacci\u00f3n.<\/p>\n<p>Es cierto que hay ambientes y situaciones laborales que son dif\u00edciles de sostener 8 horas por 5 d\u00edas. La famosa toxicidad. A ser posible, lo mejor en estos casos, es buscar en otro lugar en el que no se dediquen a minarte la moral. Coge el dinero y corre.<\/p>\n<p>Pero m\u00e1s all\u00e1 de lo que ocurra en las din\u00e1micas entre personas del equipo, de las exigencias y\/o los marrones, la cuesti\u00f3n es que hay una insatisfacci\u00f3n laboral creciente.<\/p>\n<p>Y este es el otro asunto que me parece importante reflexionar.<\/p>\n<p>&nbsp;&nbsp;<\/p>\n<h2>Un refugio para el alma<\/h2>\n<p>Hace unos a\u00f1os le\u00ed el libro <a href=\"https:\/\/amzn.to\/3m5Qj7n\" target=\"_blank\" rel=\"nofollow noopener\">Filosof\u00eda para una vida peor del fil\u00f3sofo Oriol Quintana<\/a>.<br \/>\nTen\u00eda una hip\u00f3tesis interesante: el auge de la autoayuda de las \u00faltimas d\u00e9cadas es fruto de las dos guerras mundiales. Como si el alma humana (al menos la occidental) se hubiera sobrecogido ante los horrores de las dos guerras mundiales y se hubiera dicho \u201cesto no puede volver a repetirse\u201d.<\/p>\n<p>La autoayuda se ha erigido no solo como una reacci\u00f3n a que algo as\u00ed no puede volver a ocurrir sino como un refugio ante el horror de lo que el ser humano puede llegar a perpetrar.<\/p>\n<p>Un refugio ante el lado oscuro del alma.<\/p>\n<p>&nbsp;&nbsp;<\/p>\n<h2>\u00bfFrases motivadoras? No, gracias.<\/h2>\n<p>Como un movimiento de p\u00e9ndulo, nos hemos ido del lado infernal al lado wonderfuliano. Tambi\u00e9n en lo profesional.<\/p>\n<p>Desde hace un tiempo hay una narrativa entorno a lo profesional que nos deber\u00eda hacer reflexionar sobre c\u00f3mo el lenguaje nunca es neutro y tiene consecuencias: descubre tu misi\u00f3n; haz lo que quieras hacer, no lo que tengas que hacer; ded\u00edcate a aquello que te apasione; sue\u00f1a en grande; haz aquello que te llene\u2026 y cualquier otra variante que se te pueda ocurrir.<br \/>\nOtro fil\u00f3sofo, Byung-Chul Han ha desarrollado a lo largo de sus libros la tesis de c\u00f3mo estos mensajes nos llevan a la autoexplotaci\u00f3n.<\/p>\n<p>Las realidades de cada uno de nosotros y el contexto son mucho m\u00e1s complejas que cualquier frase motivadora.<\/p>\n<p>En el \u00e1mbito profesional\/personal parece que tenemos que realizarnos. Esto de la realizaci\u00f3n profesional y\/o personal es otro cuento. Aunque la idea de base es estimulante: desarrollar tus capacidades y tu potencial, no solo para tu propia satisfacci\u00f3n, sino en pro del bien com\u00fan. Salir contento de tu trabajo; no atormentado.<\/p>\n<p>Lo cierto es que no solo podr\u00e1s desarrollar habilidades, sino que profesionalmente no te va a quedar otra. El contexto manda. Quiz\u00e1s no ser\u00e1n las habilidades que te apetec\u00eda desarrollar.<\/p>\n<p>Con el tema de la realizaci\u00f3n personal\/profesional me viene la imagen de un escalador que llega a la cima del pico m\u00e1s alto. Se le hincha el pecho de satisfacci\u00f3n. Admira desde la altura lo que hay debajo. Escucha el silencio. Respira profundamente. El sol le calienta la cara. Fin de la escena.<\/p>\n<p>\u00bfY la bajada? \u00bfEl escalador se va a quedar ah\u00ed in eternum?<\/p>\n<p>&nbsp;&nbsp;<\/p>\n<h2>Despu\u00e9s de la cima<\/h2>\n<p>Pareciera que uno va a alcanzar la dicha a trav\u00e9s de esta realizaci\u00f3n personal\/profesional y que esta dicha va a ser perpetua. Como las nieves.<\/p>\n<p>Pues no. La dicha es una forma de alegr\u00eda. La alegr\u00eda es una emoci\u00f3n. Las emociones son un estado pasajero. Porque luego pasa tal cosa o tal otra y te cambia el estado de \u00e1nimo.<\/p>\n<p>O simplemente, una vez alcanzado un reto (si lo alcanzas), te buscas otro.<\/p>\n<p>No es nada personal. Es la vida.<\/p>\n<p>Con lo cual, se ha creado una idea seg\u00fan la cual el trabajo tiene que ser algo satisfactorio. Y si no lo es, de alg\u00fan modo es porque algo no has hecho bien.<\/p>\n<p>No te voy a discutir que podr\u00eda ser m\u00e1s satisfactorio. Ser\u00eda ideal. Pero ah\u00ed estamos: en lo ideal.<\/p>\n<p>De modo que hay un mont\u00f3n de personas que querr\u00edan huir de sus puestos de trabajo, de sus empresas, como quien huye de un pa\u00eds en guerra. Son los refugiados laborales.<\/p>\n<p>&nbsp;&nbsp;<\/p>\n<h2>Tengo una idea<\/h2>\n<p>La opci\u00f3n que se nos ocurre ante el p\u00e1ramo laboral es emprender. El problema comienza con en qu\u00e9.<\/p>\n<p>No me voy a detener en la fase de b\u00fasqueda de ese qu\u00e9 y los miedos que se te van a poner en movimiento por dejar atr\u00e1s la estabilidad y la seguridad una vez resuelto el qu\u00e9. Y es que si tiras adelante tu proyecto vas a tener que dar un salto de fe. El temilla est\u00e1 en que nada ni nadie te asegura que te vaya a ir bien con tu proyecto.<\/p>\n<p>A estas alturas siempre recomiendo un Gran Libro, del economista <a href=\"https:\/\/amzn.to\/3Gkik1I\" target=\"_blank\" rel=\"nofollow noopener\">Fernando Tr\u00edas de Bes, \u201cEl libro negro del emprendedor<\/a>\u201d. Te cuenta los motivos por los que NO deber\u00edas emprender. Una de ellas es porque te cae mal tu jefe. Y despu\u00e9s de esa te va soltando otras tantas perlas. Te animo que lo leas porque vale mucho la pena.<\/p>\n<p>En su libro, Tr\u00edas de Bes empieza recordando que en las escuelas de negocio siempre se estudian los casos de \u00e9xito. Pero que en realidad se deber\u00eda estudiar los casos infructuosos. Da un dato demoledor: al cabo de 5 a\u00f1os de su creaci\u00f3n, m\u00e1s del 90% de empresas ya no existen. Entonces \u00bfpor qu\u00e9 solo estudiamos los casos de \u00e9xito? \u00bfNo ser\u00eda m\u00e1s eficiente ver en qu\u00e9 aspectos pueden haber fallado todas esas empresas?<\/p>\n<p>Es esa sensaci\u00f3n que a veces tengo en mi barrio, cuando paso por delante de \u00bfotro bar? Y efectivamente, al cabo de un tiempo, ha cerrado.<\/p>\n<p>Cualquiera que haya emprendido te va a decir que para que tu negocio empiece a funcionar tienes que prever entre 3 y 5 a\u00f1os. Eso quiere decir que durante ese tiempo (por lo menos) necesitas un colch\u00f3n econ\u00f3mico que te permita pagar las facturas. Si no lo tienes, deber\u00e1s disponer de otras fuentes de ingresos para hacer frente a ciertas obligaciones. Probablemente implicar\u00e1 que tengas que hacer trabajos alimenticios part-time.<\/p>\n<p>En el pr\u00f3ximo art\u00edculo, veremos qu\u00e9 aspectos econ\u00f3micos deber\u00e1s tener en cuenta antes de tu emprendimiento.<\/p>\n","protected":false},"excerpt":{"rendered":"Hace unos a\u00f1os, decid\u00ed cambiar de rumbo profesional. Hasta entonces hab\u00eda sido cuentajenada: me contrataron en varias empresas para ciertas vacantes y b\u00e1sicamente implicaba que me dedicaba \u00fanicamente a un cliente. A cambio: un contrato indefinido y una n\u00f3mina. Tiene ventajas e inconvenientes. Con el cambio, pas\u00e9 a hacerme aut\u00f3noma. O sea, tengo un negocio&hellip;","protected":false},"author":5,"featured_media":12439,"comment_status":"open","ping_status":"open","sticky":false,"template":"","format":"standard","meta":{"_acf_changed":false,"footnotes":""},"categories":[3],"tags":[],"evento":[],"class_list":["post-12435","post","type-post","status-publish","format-standard","has-post-thumbnail","hentry","category-creatividad"],"acf":[],"yoast_head":"<!-- This site is optimized with the Yoast SEO plugin v23.7 - https:\/\/yoast.com\/wordpress\/plugins\/seo\/ -->\n<title>Los cuentos del emprendimiento<\/title>\n<meta name=\"robots\" content=\"index, follow, max-snippet:-1, max-image-preview:large, max-video-preview:-1\" \/>\n<link rel=\"canonical\" href=\"https:\/\/blancfestival.com\/los-cuentos-del-emprendimiento\/\" \/>\n<meta property=\"og:locale\" content=\"ca_ES\" \/>\n<meta property=\"og:type\" content=\"article\" \/>\n<meta property=\"og:title\" content=\"Los cuentos del emprendimiento\" \/>\n<meta property=\"og:description\" content=\"Hace unos a\u00f1os, decid\u00ed cambiar de rumbo profesional. Hasta entonces hab\u00eda sido cuentajenada: me contrataron en varias empresas para ciertas vacantes y b\u00e1sicamente implicaba que me dedicaba \u00fanicamente a un cliente. A cambio: un contrato indefinido y una n\u00f3mina. Tiene ventajas e inconvenientes. Con el cambio, pas\u00e9 a hacerme aut\u00f3noma. O sea, tengo un negocio&hellip;\" \/>\n<meta property=\"og:url\" content=\"https:\/\/blancfestival.com\/los-cuentos-del-emprendimiento\/\" \/>\n<meta property=\"og:site_name\" content=\"Blanc!\" \/>\n<meta property=\"article:publisher\" content=\"https:\/\/www.facebook.com\/blanc.festivaldissenygrafic\/\" \/>\n<meta property=\"article:published_time\" content=\"2023-04-05T10:32:18+00:00\" \/>\n<meta property=\"og:image\" content=\"https:\/\/blancfestival.com\/wp-content\/uploads\/2023\/04\/art-washboard-abs-1753250_1920.jpg\" \/>\n\t<meta property=\"og:image:width\" content=\"1920\" \/>\n\t<meta property=\"og:image:height\" content=\"965\" \/>\n\t<meta property=\"og:image:type\" content=\"image\/jpeg\" \/>\n<meta name=\"author\" content=\"Lia Par\u00eds\" \/>\n<meta name=\"twitter:card\" content=\"summary_large_image\" \/>\n<meta name=\"twitter:creator\" content=\"@blancfest\" \/>\n<meta name=\"twitter:site\" content=\"@blancfest\" \/>\n<meta name=\"twitter:label1\" content=\"Written by\" \/>\n\t<meta name=\"twitter:data1\" content=\"Lia Par\u00eds\" \/>\n\t<meta name=\"twitter:label2\" content=\"Est. reading time\" \/>\n\t<meta name=\"twitter:data2\" content=\"8 minutes\" \/>\n<script type=\"application\/ld+json\" class=\"yoast-schema-graph\">{\"@context\":\"https:\/\/schema.org\",\"@graph\":[{\"@type\":\"Article\",\"@id\":\"https:\/\/blancfestival.com\/los-cuentos-del-emprendimiento\/#article\",\"isPartOf\":{\"@id\":\"https:\/\/blancfestival.com\/los-cuentos-del-emprendimiento\/\"},\"author\":{\"name\":\"Lia Par\u00eds\",\"@id\":\"https:\/\/blancfestival.com\/#\/schema\/person\/94e073ceca2ff39b979e89451b057c91\"},\"headline\":\"Los cuentos del emprendimiento\",\"datePublished\":\"2023-04-05T10:32:18+00:00\",\"dateModified\":\"2023-04-05T10:32:18+00:00\",\"mainEntityOfPage\":{\"@id\":\"https:\/\/blancfestival.com\/los-cuentos-del-emprendimiento\/\"},\"wordCount\":1582,\"commentCount\":0,\"publisher\":{\"@id\":\"https:\/\/blancfestival.com\/#organization\"},\"image\":{\"@id\":\"https:\/\/blancfestival.com\/los-cuentos-del-emprendimiento\/#primaryimage\"},\"thumbnailUrl\":\"https:\/\/blancfestival.com\/wp-content\/uploads\/2023\/04\/art-washboard-abs-1753250_1920.jpg\",\"articleSection\":[\"Creatividad\"],\"inLanguage\":\"ca\",\"potentialAction\":[{\"@type\":\"CommentAction\",\"name\":\"Comment\",\"target\":[\"https:\/\/blancfestival.com\/los-cuentos-del-emprendimiento\/#respond\"]}]},{\"@type\":\"WebPage\",\"@id\":\"https:\/\/blancfestival.com\/los-cuentos-del-emprendimiento\/\",\"url\":\"https:\/\/blancfestival.com\/los-cuentos-del-emprendimiento\/\",\"name\":\"Los cuentos del emprendimiento\",\"isPartOf\":{\"@id\":\"https:\/\/blancfestival.com\/#website\"},\"primaryImageOfPage\":{\"@id\":\"https:\/\/blancfestival.com\/los-cuentos-del-emprendimiento\/#primaryimage\"},\"image\":{\"@id\":\"https:\/\/blancfestival.com\/los-cuentos-del-emprendimiento\/#primaryimage\"},\"thumbnailUrl\":\"https:\/\/blancfestival.com\/wp-content\/uploads\/2023\/04\/art-washboard-abs-1753250_1920.jpg\",\"datePublished\":\"2023-04-05T10:32:18+00:00\",\"dateModified\":\"2023-04-05T10:32:18+00:00\",\"breadcrumb\":{\"@id\":\"https:\/\/blancfestival.com\/los-cuentos-del-emprendimiento\/#breadcrumb\"},\"inLanguage\":\"ca\",\"potentialAction\":[{\"@type\":\"ReadAction\",\"target\":[\"https:\/\/blancfestival.com\/los-cuentos-del-emprendimiento\/\"]}]},{\"@type\":\"ImageObject\",\"inLanguage\":\"ca\",\"@id\":\"https:\/\/blancfestival.com\/los-cuentos-del-emprendimiento\/#primaryimage\",\"url\":\"https:\/\/blancfestival.com\/wp-content\/uploads\/2023\/04\/art-washboard-abs-1753250_1920.jpg\",\"contentUrl\":\"https:\/\/blancfestival.com\/wp-content\/uploads\/2023\/04\/art-washboard-abs-1753250_1920.jpg\",\"width\":1920,\"height\":965},{\"@type\":\"BreadcrumbList\",\"@id\":\"https:\/\/blancfestival.com\/los-cuentos-del-emprendimiento\/#breadcrumb\",\"itemListElement\":[{\"@type\":\"ListItem\",\"position\":1,\"name\":\"Portada\",\"item\":\"https:\/\/blancfestival.com\/ca\/\"},{\"@type\":\"ListItem\",\"position\":2,\"name\":\"Los cuentos del emprendimiento\"}]},{\"@type\":\"WebSite\",\"@id\":\"https:\/\/blancfestival.com\/#website\",\"url\":\"https:\/\/blancfestival.com\/\",\"name\":\"Blanc! Festival\",\"description\":\"Disseny, Creativitat i Innovaci\u00f3\",\"publisher\":{\"@id\":\"https:\/\/blancfestival.com\/#organization\"},\"potentialAction\":[{\"@type\":\"SearchAction\",\"target\":{\"@type\":\"EntryPoint\",\"urlTemplate\":\"https:\/\/blancfestival.com\/?s={search_term_string}\"},\"query-input\":{\"@type\":\"PropertyValueSpecification\",\"valueRequired\":true,\"valueName\":\"search_term_string\"}}],\"inLanguage\":\"ca\"},{\"@type\":\"Organization\",\"@id\":\"https:\/\/blancfestival.com\/#organization\",\"name\":\"Blanc! Festival de Dise\u00f1o, Creatividad e Innovaci\u00f3n\",\"url\":\"https:\/\/blancfestival.com\/\",\"logo\":{\"@type\":\"ImageObject\",\"inLanguage\":\"ca\",\"@id\":\"https:\/\/blancfestival.com\/#\/schema\/logo\/image\/\",\"url\":\"https:\/\/blancfestival.com\/wp-content\/uploads\/2025\/01\/logo_icono_blanc.jpg\",\"contentUrl\":\"https:\/\/blancfestival.com\/wp-content\/uploads\/2025\/01\/logo_icono_blanc.jpg\",\"width\":2000,\"height\":2000,\"caption\":\"Blanc! Festival de Dise\u00f1o, Creatividad e Innovaci\u00f3n\"},\"image\":{\"@id\":\"https:\/\/blancfestival.com\/#\/schema\/logo\/image\/\"},\"sameAs\":[\"https:\/\/www.facebook.com\/blanc.festivaldissenygrafic\/\",\"https:\/\/x.com\/blancfest\",\"https:\/\/www.instagram.com\/blancfest\/\",\"https:\/\/www.linkedin.com\/company\/blanc-festival\",\"https:\/\/www.pinterest.com\/blancfest\/\",\"https:\/\/www.youtube.com\/channel\/UCM-IjxOFb5gQg4yPgmze3Gg\"]},{\"@type\":\"Person\",\"@id\":\"https:\/\/blancfestival.com\/#\/schema\/person\/94e073ceca2ff39b979e89451b057c91\",\"name\":\"Lia Par\u00eds\",\"image\":{\"@type\":\"ImageObject\",\"inLanguage\":\"ca\",\"@id\":\"https:\/\/blancfestival.com\/#\/schema\/person\/image\/\",\"url\":\"https:\/\/blancfestival.com\/wp-content\/uploads\/2020\/03\/DSC1788-120x120.jpg\",\"contentUrl\":\"https:\/\/blancfestival.com\/wp-content\/uploads\/2020\/03\/DSC1788-120x120.jpg\",\"caption\":\"Lia Par\u00eds\"},\"description\":\"Antrop\u00f3loga, docente, project manager y mucho m\u00e1s.\",\"sameAs\":[\"https:\/\/eulaliaparis.com\/\"]}]}<\/script>\n<!-- \/ Yoast SEO plugin. -->","yoast_head_json":{"title":"Los cuentos del emprendimiento","robots":{"index":"index","follow":"follow","max-snippet":"max-snippet:-1","max-image-preview":"max-image-preview:large","max-video-preview":"max-video-preview:-1"},"canonical":"https:\/\/blancfestival.com\/los-cuentos-del-emprendimiento\/","og_locale":"ca_ES","og_type":"article","og_title":"Los cuentos del emprendimiento","og_description":"Hace unos a\u00f1os, decid\u00ed cambiar de rumbo profesional. Hasta entonces hab\u00eda sido cuentajenada: me contrataron en varias empresas para ciertas vacantes y b\u00e1sicamente implicaba que me dedicaba \u00fanicamente a un cliente. A cambio: un contrato indefinido y una n\u00f3mina. Tiene ventajas e inconvenientes. Con el cambio, pas\u00e9 a hacerme aut\u00f3noma. O sea, tengo un negocio&hellip;","og_url":"https:\/\/blancfestival.com\/los-cuentos-del-emprendimiento\/","og_site_name":"Blanc!","article_publisher":"https:\/\/www.facebook.com\/blanc.festivaldissenygrafic\/","article_published_time":"2023-04-05T10:32:18+00:00","og_image":[{"width":1920,"height":965,"url":"https:\/\/blancfestival.com\/wp-content\/uploads\/2023\/04\/art-washboard-abs-1753250_1920.jpg","type":"image\/jpeg"}],"author":"Lia Par\u00eds","twitter_card":"summary_large_image","twitter_creator":"@blancfest","twitter_site":"@blancfest","twitter_misc":{"Written by":"Lia Par\u00eds","Est. reading time":"8 minutes"},"schema":{"@context":"https:\/\/schema.org","@graph":[{"@type":"Article","@id":"https:\/\/blancfestival.com\/los-cuentos-del-emprendimiento\/#article","isPartOf":{"@id":"https:\/\/blancfestival.com\/los-cuentos-del-emprendimiento\/"},"author":{"name":"Lia Par\u00eds","@id":"https:\/\/blancfestival.com\/#\/schema\/person\/94e073ceca2ff39b979e89451b057c91"},"headline":"Los cuentos del emprendimiento","datePublished":"2023-04-05T10:32:18+00:00","dateModified":"2023-04-05T10:32:18+00:00","mainEntityOfPage":{"@id":"https:\/\/blancfestival.com\/los-cuentos-del-emprendimiento\/"},"wordCount":1582,"commentCount":0,"publisher":{"@id":"https:\/\/blancfestival.com\/#organization"},"image":{"@id":"https:\/\/blancfestival.com\/los-cuentos-del-emprendimiento\/#primaryimage"},"thumbnailUrl":"https:\/\/blancfestival.com\/wp-content\/uploads\/2023\/04\/art-washboard-abs-1753250_1920.jpg","articleSection":["Creatividad"],"inLanguage":"ca","potentialAction":[{"@type":"CommentAction","name":"Comment","target":["https:\/\/blancfestival.com\/los-cuentos-del-emprendimiento\/#respond"]}]},{"@type":"WebPage","@id":"https:\/\/blancfestival.com\/los-cuentos-del-emprendimiento\/","url":"https:\/\/blancfestival.com\/los-cuentos-del-emprendimiento\/","name":"Los cuentos del emprendimiento","isPartOf":{"@id":"https:\/\/blancfestival.com\/#website"},"primaryImageOfPage":{"@id":"https:\/\/blancfestival.com\/los-cuentos-del-emprendimiento\/#primaryimage"},"image":{"@id":"https:\/\/blancfestival.com\/los-cuentos-del-emprendimiento\/#primaryimage"},"thumbnailUrl":"https:\/\/blancfestival.com\/wp-content\/uploads\/2023\/04\/art-washboard-abs-1753250_1920.jpg","datePublished":"2023-04-05T10:32:18+00:00","dateModified":"2023-04-05T10:32:18+00:00","breadcrumb":{"@id":"https:\/\/blancfestival.com\/los-cuentos-del-emprendimiento\/#breadcrumb"},"inLanguage":"ca","potentialAction":[{"@type":"ReadAction","target":["https:\/\/blancfestival.com\/los-cuentos-del-emprendimiento\/"]}]},{"@type":"ImageObject","inLanguage":"ca","@id":"https:\/\/blancfestival.com\/los-cuentos-del-emprendimiento\/#primaryimage","url":"https:\/\/blancfestival.com\/wp-content\/uploads\/2023\/04\/art-washboard-abs-1753250_1920.jpg","contentUrl":"https:\/\/blancfestival.com\/wp-content\/uploads\/2023\/04\/art-washboard-abs-1753250_1920.jpg","width":1920,"height":965},{"@type":"BreadcrumbList","@id":"https:\/\/blancfestival.com\/los-cuentos-del-emprendimiento\/#breadcrumb","itemListElement":[{"@type":"ListItem","position":1,"name":"Portada","item":"https:\/\/blancfestival.com\/ca\/"},{"@type":"ListItem","position":2,"name":"Los cuentos del emprendimiento"}]},{"@type":"WebSite","@id":"https:\/\/blancfestival.com\/#website","url":"https:\/\/blancfestival.com\/","name":"Blanc! Festival","description":"Disseny, Creativitat i Innovaci\u00f3","publisher":{"@id":"https:\/\/blancfestival.com\/#organization"},"potentialAction":[{"@type":"SearchAction","target":{"@type":"EntryPoint","urlTemplate":"https:\/\/blancfestival.com\/?s={search_term_string}"},"query-input":{"@type":"PropertyValueSpecification","valueRequired":true,"valueName":"search_term_string"}}],"inLanguage":"ca"},{"@type":"Organization","@id":"https:\/\/blancfestival.com\/#organization","name":"Blanc! Festival de Dise\u00f1o, Creatividad e Innovaci\u00f3n","url":"https:\/\/blancfestival.com\/","logo":{"@type":"ImageObject","inLanguage":"ca","@id":"https:\/\/blancfestival.com\/#\/schema\/logo\/image\/","url":"https:\/\/blancfestival.com\/wp-content\/uploads\/2025\/01\/logo_icono_blanc.jpg","contentUrl":"https:\/\/blancfestival.com\/wp-content\/uploads\/2025\/01\/logo_icono_blanc.jpg","width":2000,"height":2000,"caption":"Blanc! Festival de Dise\u00f1o, Creatividad e Innovaci\u00f3n"},"image":{"@id":"https:\/\/blancfestival.com\/#\/schema\/logo\/image\/"},"sameAs":["https:\/\/www.facebook.com\/blanc.festivaldissenygrafic\/","https:\/\/x.com\/blancfest","https:\/\/www.instagram.com\/blancfest\/","https:\/\/www.linkedin.com\/company\/blanc-festival","https:\/\/www.pinterest.com\/blancfest\/","https:\/\/www.youtube.com\/channel\/UCM-IjxOFb5gQg4yPgmze3Gg"]},{"@type":"Person","@id":"https:\/\/blancfestival.com\/#\/schema\/person\/94e073ceca2ff39b979e89451b057c91","name":"Lia Par\u00eds","image":{"@type":"ImageObject","inLanguage":"ca","@id":"https:\/\/blancfestival.com\/#\/schema\/person\/image\/","url":"https:\/\/blancfestival.com\/wp-content\/uploads\/2020\/03\/DSC1788-120x120.jpg","contentUrl":"https:\/\/blancfestival.com\/wp-content\/uploads\/2020\/03\/DSC1788-120x120.jpg","caption":"Lia Par\u00eds"},"description":"Antrop\u00f3loga, docente, project manager y mucho m\u00e1s.","sameAs":["https:\/\/eulaliaparis.com\/"]}]}},"_links":{"self":[{"href":"https:\/\/blancfestival.com\/ca\/wp-json\/wp\/v2\/posts\/12435","targetHints":{"allow":["GET"]}}],"collection":[{"href":"https:\/\/blancfestival.com\/ca\/wp-json\/wp\/v2\/posts"}],"about":[{"href":"https:\/\/blancfestival.com\/ca\/wp-json\/wp\/v2\/types\/post"}],"author":[{"embeddable":true,"href":"https:\/\/blancfestival.com\/ca\/wp-json\/wp\/v2\/users\/5"}],"replies":[{"embeddable":true,"href":"https:\/\/blancfestival.com\/ca\/wp-json\/wp\/v2\/comments?post=12435"}],"version-history":[{"count":9,"href":"https:\/\/blancfestival.com\/ca\/wp-json\/wp\/v2\/posts\/12435\/revisions"}],"predecessor-version":[{"id":12450,"href":"https:\/\/blancfestival.com\/ca\/wp-json\/wp\/v2\/posts\/12435\/revisions\/12450"}],"wp:featuredmedia":[{"embeddable":true,"href":"https:\/\/blancfestival.com\/ca\/wp-json\/wp\/v2\/media\/12439"}],"wp:attachment":[{"href":"https:\/\/blancfestival.com\/ca\/wp-json\/wp\/v2\/media?parent=12435"}],"wp:term":[{"taxonomy":"category","embeddable":true,"href":"https:\/\/blancfestival.com\/ca\/wp-json\/wp\/v2\/categories?post=12435"},{"taxonomy":"post_tag","embeddable":true,"href":"https:\/\/blancfestival.com\/ca\/wp-json\/wp\/v2\/tags?post=12435"},{"taxonomy":"evento","embeddable":true,"href":"https:\/\/blancfestival.com\/ca\/wp-json\/wp\/v2\/evento?post=12435"}],"curies":[{"name":"wp","href":"https:\/\/api.w.org\/{rel}","templated":true}]}}