{"id":14892,"date":"2023-10-07T19:25:41","date_gmt":"2023-10-07T17:25:41","guid":{"rendered":"https:\/\/blancfestival.com\/?p=14892"},"modified":"2023-10-08T08:48:41","modified_gmt":"2023-10-08T06:48:41","slug":"que-es-el-diseno-grafico-textil","status":"publish","type":"post","link":"https:\/\/blancfestival.com\/ca\/que-es-el-diseno-grafico-textil\/","title":{"rendered":"\u00bfQu\u00e9 es el dise\u00f1o gr\u00e1fico textil? Moda, Ilustraci\u00f3n y semi\u00f3tica"},"content":{"rendered":"<p>William Morris dijo en 1879 que \u201cNing\u00fan estampado deber\u00eda existir sin una cierta parte de significado\u201d.<\/p>\n<p>Ligada a la evoluci\u00f3n de la civilizaci\u00f3n desde los inicios de los tiempos, la industria textil y la moda han reflejado los avances, los gustos, los ritos y costumbres de cada \u00e9poca. Un c\u00f3digo de comunicaci\u00f3n no verbal de un valor gr\u00e1fico incalculable.<\/p>\n<p>La fren\u00e9tica velocidad de la \u00e9poca que habitamos, ligada a una voraz sobreproducci\u00f3n y ultra estimulaci\u00f3n, ha provocado que la semi\u00f3tica textil y su enorme legado se encuentren en extinci\u00f3n.<\/p>\n<h2>No existe tiempo para detenerse, observar y profundizar: nunca en la historia se hab\u00edan generado tantas im\u00e1genes que no signifiquen nada.<\/h2>\n<h6><img loading=\"lazy\" decoding=\"async\" width=\"700\" height=\"254\" class=\"alignnone size-large wp-image-14867\" src=\"https:\/\/blancfestival.com\/wp-content\/uploads\/2023\/10\/lci-barcelona-moda-grafica-textil-700x254.jpg\" alt=\"\" srcset=\"https:\/\/blancfestival.com\/wp-content\/uploads\/2023\/10\/lci-barcelona-moda-grafica-textil-700x254.jpg 700w, https:\/\/blancfestival.com\/wp-content\/uploads\/2023\/10\/lci-barcelona-moda-grafica-textil-250x91.jpg 250w, https:\/\/blancfestival.com\/wp-content\/uploads\/2023\/10\/lci-barcelona-moda-grafica-textil-768x278.jpg 768w, https:\/\/blancfestival.com\/wp-content\/uploads\/2023\/10\/lci-barcelona-moda-grafica-textil-120x44.jpg 120w, https:\/\/blancfestival.com\/wp-content\/uploads\/2023\/10\/lci-barcelona-moda-grafica-textil.jpg 800w\" sizes=\"auto, (max-width: 700px) 100vw, 700px\" \/><br \/>\nEl tapiz de Bayeux es un lienzo bordado del siglo xi que relata la conquista normanda de Inglaterra cuyo incalculable valor reside en su meticulosa elaboraci\u00f3n, valor narrativo gr\u00e1fico y excepcionales dimensiones. 69,55 m de largo, 50 cm de altura media y un peso aproximado de 350 kg.<\/h6>\n<p>&nbsp;<\/p>\n<p>El dise\u00f1o gr\u00e1fico textil funciona como uno de los m\u00faltiples medios que conviven en la elaboraci\u00f3n de una colecci\u00f3n de moda y que ayudan a aportar significado y significante al producto final. Junto al color, la silueta, el volumen o los tejidos, el dise\u00f1o gr\u00e1fico textil es una herramienta m\u00e1s que permite a los dise\u00f1adores de moda comunicar el concepto de la colecci\u00f3n. Una orquesta de lenguajes con el objetivo de transmitir una idea, una historia, una emoci\u00f3n.<\/p>\n<p>Podemos hacerlo de varias maneras: De forma literal a trav\u00e9s de dibujos, fotograf\u00edas o palabras que transmitan literal o metaf\u00f3ricamente la historia que queremos contar. O llevado a la abstracci\u00f3n, con texturas, manchas, geometr\u00edas etc. que insin\u00faan jugando con la simulaci\u00f3n. Desde la literalidad del maximalismo de la logoman\u00eda a la sutileza de un degradado que aporta riqueza a un tejido plano. Convirtiendo la prenda en un soporte donde todo es posible. Un trampantojo andante adaptable al storytelling que busquemos. Con el objetivo com\u00fan de que cada prenda funcione de forma independiente y en conjunto dentro de una colecci\u00f3n. Como dec\u00eda Marshall McLuhan \u201cEl medio es el mensaje\u201d.<\/p>\n<p>&nbsp;<\/p>\n<h6><img loading=\"lazy\" decoding=\"async\" width=\"700\" height=\"394\" class=\"alignnone size-large wp-image-14870\" src=\"https:\/\/blancfestival.com\/wp-content\/uploads\/2023\/10\/lci-barcelona-moda-grafica-textil-2-700x394.jpg\" alt=\"\" srcset=\"https:\/\/blancfestival.com\/wp-content\/uploads\/2023\/10\/lci-barcelona-moda-grafica-textil-2-700x394.jpg 700w, https:\/\/blancfestival.com\/wp-content\/uploads\/2023\/10\/lci-barcelona-moda-grafica-textil-2-250x141.jpg 250w, https:\/\/blancfestival.com\/wp-content\/uploads\/2023\/10\/lci-barcelona-moda-grafica-textil-2-768x432.jpg 768w, https:\/\/blancfestival.com\/wp-content\/uploads\/2023\/10\/lci-barcelona-moda-grafica-textil-2-120x68.jpg 120w, https:\/\/blancfestival.com\/wp-content\/uploads\/2023\/10\/lci-barcelona-moda-grafica-textil-2.jpg 800w\" sizes=\"auto, (max-width: 700px) 100vw, 700px\" \/><br \/>\nWilliam Morris, arquitecto, pensador, dise\u00f1ador y maestro textil del movimiento Art &amp; Crafts que reivindic\u00f3 el valor del arte textil y las t\u00e9cnicas tradicionales.<\/h6>\n<p>&nbsp;<\/p>\n<p>Un buen ejemplo es el pa\u00f1uelo ilustrado. En este sentido, los pa\u00f1uelos estampados funcionan c\u00f3mo un ejercicio de ilustraci\u00f3n cl\u00e1sica, cuyo briefing es relatar de forma m\u00e1s visual conceptos de la colecci\u00f3n de moda con una fuerte carga de branding. Se convierten en un relato estampado que permite m\u00faltiples capas de significado.<br \/>\nEsta ilustraci\u00f3n est\u00e1tica toma una nueva vida al plegarse y anudarse al cuello del consumidor. Una prenda de abrigo en contacto directo con el rostro, una utilidad pr\u00e1ctica y est\u00e9tica a la vez.<\/p>\n<p>El gr\u00e1fico se descompone aqu\u00ed para convertirse en textura, mancha, abstracci\u00f3n. El dibujo deja de ser prioritario en favor del colorido y su valor estil\u00edstico, c\u00f3mo realza el rostro o interact\u00faa con el color de piel del usuario. Un solo producto, tres lenguajes.<\/p>\n<p>Esta interacci\u00f3n de m\u00faltiples lenguajes; gr\u00e1fico, ilustraci\u00f3n y moda hacen del dise\u00f1ador gr\u00e1fico textil un perfil profesional que debe saber navegar entre varios mundos, detectar los cambios de tendencia de cada uno y percibir las ondas de influencia que interact\u00faan entre todas ellas. Haciendo de esta una profesi\u00f3n tremendamente creativa, din\u00e1mica y muy cambiante perfecta para las almas inquietas y con un poco de fomo.<\/p>\n<p>&nbsp;<\/p>\n<p><img loading=\"lazy\" decoding=\"async\" width=\"700\" height=\"478\" class=\"alignnone size-large wp-image-14876\" src=\"https:\/\/blancfestival.com\/wp-content\/uploads\/2023\/10\/lci-barcelona-moda-grafica-textil-3-1-700x478.jpg\" alt=\"\" srcset=\"https:\/\/blancfestival.com\/wp-content\/uploads\/2023\/10\/lci-barcelona-moda-grafica-textil-3-1-700x478.jpg 700w, https:\/\/blancfestival.com\/wp-content\/uploads\/2023\/10\/lci-barcelona-moda-grafica-textil-3-1-250x171.jpg 250w, https:\/\/blancfestival.com\/wp-content\/uploads\/2023\/10\/lci-barcelona-moda-grafica-textil-3-1-768x524.jpg 768w, https:\/\/blancfestival.com\/wp-content\/uploads\/2023\/10\/lci-barcelona-moda-grafica-textil-3-1-120x82.jpg 120w, https:\/\/blancfestival.com\/wp-content\/uploads\/2023\/10\/lci-barcelona-moda-grafica-textil-3-1.jpg 800w\" sizes=\"auto, (max-width: 700px) 100vw, 700px\" \/><\/p>\n<p>&nbsp;<\/p>\n<p>Para la colecci\u00f3n de verano 2023 los estampados de Maison Mangostan se inspiran en el concepto -Typical spanish- reinterpretando de una forma fresca y divertida las tradiciones del mediterraneo. En este caso la naranja valenciana y las tradicionales pegatinas de las pegatinas de marca. El dise\u00f1o de pa\u00f1uelo fue adaptado a prenda siguiendo la tendencia de estampaci\u00f3n en recuadro tipo bandana.<\/p>\n<p>&nbsp;<\/p>\n<p><img loading=\"lazy\" decoding=\"async\" width=\"700\" height=\"700\" class=\"alignnone size-large wp-image-14879\" src=\"https:\/\/blancfestival.com\/wp-content\/uploads\/2023\/10\/lci-barcelona-moda-grafica-textil-4-700x700.jpg\" alt=\"\" srcset=\"https:\/\/blancfestival.com\/wp-content\/uploads\/2023\/10\/lci-barcelona-moda-grafica-textil-4-700x700.jpg 700w, https:\/\/blancfestival.com\/wp-content\/uploads\/2023\/10\/lci-barcelona-moda-grafica-textil-4-250x250.jpg 250w, https:\/\/blancfestival.com\/wp-content\/uploads\/2023\/10\/lci-barcelona-moda-grafica-textil-4-150x150.jpg 150w, https:\/\/blancfestival.com\/wp-content\/uploads\/2023\/10\/lci-barcelona-moda-grafica-textil-4-768x768.jpg 768w, https:\/\/blancfestival.com\/wp-content\/uploads\/2023\/10\/lci-barcelona-moda-grafica-textil-4-120x120.jpg 120w, https:\/\/blancfestival.com\/wp-content\/uploads\/2023\/10\/lci-barcelona-moda-grafica-textil-4.jpg 800w\" sizes=\"auto, (max-width: 700px) 100vw, 700px\" \/><\/p>\n<p>Dise\u00f1o de pa\u00f1uelo exclusivo para Roda, marca destacada en innovaci\u00f3n dermocosm\u00e9tica y anti-aging.<\/p>\n<p>El dise\u00f1o representa la riqueza bot\u00e1nica de sus ingredientes mediterr\u00e1neos + la innovaci\u00f3n dermocosm\u00e9tica aplicada en las f\u00f3rmulas de la marca. Se funden influencias modernistas con un toque de vanguardia, un reflejo del esp\u00edritu innovador de la marca, cuya sede se encuentra en el ic\u00f3nico Hospital San Pau de Barcelona.<\/p>\n<p>Roda se distingue por su enfoque sin g\u00e9nero en el sector de la belleza, creando productos para todos los tipos de piel y edades, por lo que el dise\u00f1o busca atraer a todo tipo de p\u00fablicos. Texturas sutiles y elementos tecnol\u00f3gicos se entrelazan para crear una obra que captura la esencia de la marca.<\/p>\n<p>&nbsp;<\/p>\n<p><strong>Andrea Carandini<\/strong><br \/>\nFashion prints + creative direction + trends forecasting.<br \/>\n<a href=\"https:\/\/www.lcibarcelona.com\/estudiar-diseno-grafico\" target=\"_blank\" rel=\"noopener\">Docente en el grado de dise\u00f1o de LCI Barcelona<\/a><\/p>\n","protected":false},"excerpt":{"rendered":"William Morris dijo en 1879 que \u201cNing\u00fan estampado deber\u00eda existir sin una cierta parte de significado\u201d. Ligada a la evoluci\u00f3n de la civilizaci\u00f3n desde los inicios de los tiempos, la industria textil y la moda han reflejado los avances, los gustos, los ritos y costumbres de cada \u00e9poca. Un c\u00f3digo de comunicaci\u00f3n no verbal de&hellip;","protected":false},"author":25,"featured_media":14886,"comment_status":"open","ping_status":"open","sticky":false,"template":"","format":"standard","meta":{"_acf_changed":false,"footnotes":""},"categories":[85,91],"tags":[],"evento":[],"class_list":["post-14892","post","type-post","status-publish","format-standard","has-post-thumbnail","hentry","category-creativitat","category-disseny"],"acf":[],"yoast_head":"<!-- This site is optimized with the Yoast SEO plugin v23.7 - https:\/\/yoast.com\/wordpress\/plugins\/seo\/ -->\n<title>\u00bfQu\u00e9 es el dise\u00f1o gr\u00e1fico textil? Moda, Ilustraci\u00f3n y semi\u00f3tica<\/title>\n<meta name=\"robots\" content=\"index, follow, max-snippet:-1, max-image-preview:large, max-video-preview:-1\" \/>\n<link rel=\"canonical\" href=\"https:\/\/blancfestival.com\/ca\/que-es-el-diseno-grafico-textil\/\" \/>\n<meta property=\"og:locale\" content=\"ca_ES\" \/>\n<meta property=\"og:type\" content=\"article\" \/>\n<meta property=\"og:title\" content=\"\u00bfQu\u00e9 es el dise\u00f1o gr\u00e1fico textil? Moda, Ilustraci\u00f3n y semi\u00f3tica\" \/>\n<meta property=\"og:description\" content=\"William Morris dijo en 1879 que \u201cNing\u00fan estampado deber\u00eda existir sin una cierta parte de significado\u201d. Ligada a la evoluci\u00f3n de la civilizaci\u00f3n desde los inicios de los tiempos, la industria textil y la moda han reflejado los avances, los gustos, los ritos y costumbres de cada \u00e9poca. Un c\u00f3digo de comunicaci\u00f3n no verbal de&hellip;\" \/>\n<meta property=\"og:url\" content=\"https:\/\/blancfestival.com\/ca\/que-es-el-diseno-grafico-textil\/\" \/>\n<meta property=\"og:site_name\" content=\"Blanc!\" \/>\n<meta property=\"article:publisher\" content=\"https:\/\/www.facebook.com\/blanc.festivaldissenygrafic\/\" \/>\n<meta property=\"article:published_time\" content=\"2023-10-07T17:25:41+00:00\" \/>\n<meta property=\"article:modified_time\" content=\"2023-10-08T06:48:41+00:00\" \/>\n<meta property=\"og:image\" content=\"https:\/\/blancfestival.com\/wp-content\/uploads\/2023\/10\/lci-barcelona-moda-grafica-textil-5-1.jpg\" \/>\n\t<meta property=\"og:image:width\" content=\"1920\" \/>\n\t<meta property=\"og:image:height\" content=\"1311\" \/>\n\t<meta property=\"og:image:type\" content=\"image\/jpeg\" \/>\n<meta name=\"author\" content=\"Andrea Carandini\" \/>\n<meta name=\"twitter:card\" content=\"summary_large_image\" \/>\n<meta name=\"twitter:creator\" content=\"@blancfest\" \/>\n<meta name=\"twitter:site\" content=\"@blancfest\" \/>\n<meta name=\"twitter:label1\" content=\"Written by\" \/>\n\t<meta name=\"twitter:data1\" content=\"Andrea Carandini\" \/>\n\t<meta name=\"twitter:label2\" content=\"Est. reading time\" \/>\n\t<meta name=\"twitter:data2\" content=\"4 minutes\" \/>\n<script type=\"application\/ld+json\" class=\"yoast-schema-graph\">{\"@context\":\"https:\/\/schema.org\",\"@graph\":[{\"@type\":\"Article\",\"@id\":\"https:\/\/blancfestival.com\/ca\/que-es-el-diseno-grafico-textil\/#article\",\"isPartOf\":{\"@id\":\"https:\/\/blancfestival.com\/ca\/que-es-el-diseno-grafico-textil\/\"},\"author\":{\"name\":\"Andrea Carandini\",\"@id\":\"https:\/\/blancfestival.com\/#\/schema\/person\/5949409be936dd44076b00bc78d05139\"},\"headline\":\"\u00bfQu\u00e9 es el dise\u00f1o gr\u00e1fico textil? Moda, Ilustraci\u00f3n y semi\u00f3tica\",\"datePublished\":\"2023-10-07T17:25:41+00:00\",\"dateModified\":\"2023-10-08T06:48:41+00:00\",\"mainEntityOfPage\":{\"@id\":\"https:\/\/blancfestival.com\/ca\/que-es-el-diseno-grafico-textil\/\"},\"wordCount\":858,\"commentCount\":0,\"publisher\":{\"@id\":\"https:\/\/blancfestival.com\/#organization\"},\"image\":{\"@id\":\"https:\/\/blancfestival.com\/ca\/que-es-el-diseno-grafico-textil\/#primaryimage\"},\"thumbnailUrl\":\"https:\/\/blancfestival.com\/wp-content\/uploads\/2023\/10\/lci-barcelona-moda-grafica-textil-5-1.jpg\",\"articleSection\":[\"Creativitat\",\"Disseny\"],\"inLanguage\":\"ca\",\"potentialAction\":[{\"@type\":\"CommentAction\",\"name\":\"Comment\",\"target\":[\"https:\/\/blancfestival.com\/ca\/que-es-el-diseno-grafico-textil\/#respond\"]}]},{\"@type\":\"WebPage\",\"@id\":\"https:\/\/blancfestival.com\/ca\/que-es-el-diseno-grafico-textil\/\",\"url\":\"https:\/\/blancfestival.com\/ca\/que-es-el-diseno-grafico-textil\/\",\"name\":\"\u00bfQu\u00e9 es el dise\u00f1o gr\u00e1fico textil? Moda, Ilustraci\u00f3n y semi\u00f3tica\",\"isPartOf\":{\"@id\":\"https:\/\/blancfestival.com\/#website\"},\"primaryImageOfPage\":{\"@id\":\"https:\/\/blancfestival.com\/ca\/que-es-el-diseno-grafico-textil\/#primaryimage\"},\"image\":{\"@id\":\"https:\/\/blancfestival.com\/ca\/que-es-el-diseno-grafico-textil\/#primaryimage\"},\"thumbnailUrl\":\"https:\/\/blancfestival.com\/wp-content\/uploads\/2023\/10\/lci-barcelona-moda-grafica-textil-5-1.jpg\",\"datePublished\":\"2023-10-07T17:25:41+00:00\",\"dateModified\":\"2023-10-08T06:48:41+00:00\",\"breadcrumb\":{\"@id\":\"https:\/\/blancfestival.com\/ca\/que-es-el-diseno-grafico-textil\/#breadcrumb\"},\"inLanguage\":\"ca\",\"potentialAction\":[{\"@type\":\"ReadAction\",\"target\":[\"https:\/\/blancfestival.com\/ca\/que-es-el-diseno-grafico-textil\/\"]}]},{\"@type\":\"ImageObject\",\"inLanguage\":\"ca\",\"@id\":\"https:\/\/blancfestival.com\/ca\/que-es-el-diseno-grafico-textil\/#primaryimage\",\"url\":\"https:\/\/blancfestival.com\/wp-content\/uploads\/2023\/10\/lci-barcelona-moda-grafica-textil-5-1.jpg\",\"contentUrl\":\"https:\/\/blancfestival.com\/wp-content\/uploads\/2023\/10\/lci-barcelona-moda-grafica-textil-5-1.jpg\",\"width\":1920,\"height\":1311},{\"@type\":\"BreadcrumbList\",\"@id\":\"https:\/\/blancfestival.com\/ca\/que-es-el-diseno-grafico-textil\/#breadcrumb\",\"itemListElement\":[{\"@type\":\"ListItem\",\"position\":1,\"name\":\"Portada\",\"item\":\"https:\/\/blancfestival.com\/ca\/\"},{\"@type\":\"ListItem\",\"position\":2,\"name\":\"\u00bfQu\u00e9 es el dise\u00f1o gr\u00e1fico textil? Moda, Ilustraci\u00f3n y semi\u00f3tica\"}]},{\"@type\":\"WebSite\",\"@id\":\"https:\/\/blancfestival.com\/#website\",\"url\":\"https:\/\/blancfestival.com\/\",\"name\":\"Blanc! Festival\",\"description\":\"Disseny, Creativitat i Innovaci\u00f3\",\"publisher\":{\"@id\":\"https:\/\/blancfestival.com\/#organization\"},\"potentialAction\":[{\"@type\":\"SearchAction\",\"target\":{\"@type\":\"EntryPoint\",\"urlTemplate\":\"https:\/\/blancfestival.com\/?s={search_term_string}\"},\"query-input\":{\"@type\":\"PropertyValueSpecification\",\"valueRequired\":true,\"valueName\":\"search_term_string\"}}],\"inLanguage\":\"ca\"},{\"@type\":\"Organization\",\"@id\":\"https:\/\/blancfestival.com\/#organization\",\"name\":\"Blanc! Festival de Dise\u00f1o, Creatividad e Innovaci\u00f3n\",\"url\":\"https:\/\/blancfestival.com\/\",\"logo\":{\"@type\":\"ImageObject\",\"inLanguage\":\"ca\",\"@id\":\"https:\/\/blancfestival.com\/#\/schema\/logo\/image\/\",\"url\":\"https:\/\/blancfestival.com\/wp-content\/uploads\/2025\/01\/logo_icono_blanc.jpg\",\"contentUrl\":\"https:\/\/blancfestival.com\/wp-content\/uploads\/2025\/01\/logo_icono_blanc.jpg\",\"width\":2000,\"height\":2000,\"caption\":\"Blanc! Festival de Dise\u00f1o, Creatividad e Innovaci\u00f3n\"},\"image\":{\"@id\":\"https:\/\/blancfestival.com\/#\/schema\/logo\/image\/\"},\"sameAs\":[\"https:\/\/www.facebook.com\/blanc.festivaldissenygrafic\/\",\"https:\/\/x.com\/blancfest\",\"https:\/\/www.instagram.com\/blancfest\/\",\"https:\/\/www.linkedin.com\/company\/blanc-festival\",\"https:\/\/www.pinterest.com\/blancfest\/\",\"https:\/\/www.youtube.com\/channel\/UCM-IjxOFb5gQg4yPgmze3Gg\"]},{\"@type\":\"Person\",\"@id\":\"https:\/\/blancfestival.com\/#\/schema\/person\/5949409be936dd44076b00bc78d05139\",\"name\":\"Andrea Carandini\",\"image\":{\"@type\":\"ImageObject\",\"inLanguage\":\"ca\",\"@id\":\"https:\/\/blancfestival.com\/#\/schema\/person\/image\/\",\"url\":\"https:\/\/blancfestival.com\/wp-content\/uploads\/2023\/10\/andrea-1-120x120.jpg\",\"contentUrl\":\"https:\/\/blancfestival.com\/wp-content\/uploads\/2023\/10\/andrea-1-120x120.jpg\",\"caption\":\"Andrea Carandini\"},\"description\":\"Fashion prints + creative direction + trends forecasting.\u00a0 Docente en el grado de dise\u00f1o de LCI Barcelona\",\"sameAs\":[\"https:\/\/www.andreacarandini.com\/\",\"https:\/\/www.instagram.com\/andrea_carandini\/\"]}]}<\/script>\n<!-- \/ Yoast SEO plugin. -->","yoast_head_json":{"title":"\u00bfQu\u00e9 es el dise\u00f1o gr\u00e1fico textil? Moda, Ilustraci\u00f3n y semi\u00f3tica","robots":{"index":"index","follow":"follow","max-snippet":"max-snippet:-1","max-image-preview":"max-image-preview:large","max-video-preview":"max-video-preview:-1"},"canonical":"https:\/\/blancfestival.com\/ca\/que-es-el-diseno-grafico-textil\/","og_locale":"ca_ES","og_type":"article","og_title":"\u00bfQu\u00e9 es el dise\u00f1o gr\u00e1fico textil? Moda, Ilustraci\u00f3n y semi\u00f3tica","og_description":"William Morris dijo en 1879 que \u201cNing\u00fan estampado deber\u00eda existir sin una cierta parte de significado\u201d. Ligada a la evoluci\u00f3n de la civilizaci\u00f3n desde los inicios de los tiempos, la industria textil y la moda han reflejado los avances, los gustos, los ritos y costumbres de cada \u00e9poca. Un c\u00f3digo de comunicaci\u00f3n no verbal de&hellip;","og_url":"https:\/\/blancfestival.com\/ca\/que-es-el-diseno-grafico-textil\/","og_site_name":"Blanc!","article_publisher":"https:\/\/www.facebook.com\/blanc.festivaldissenygrafic\/","article_published_time":"2023-10-07T17:25:41+00:00","article_modified_time":"2023-10-08T06:48:41+00:00","og_image":[{"width":1920,"height":1311,"url":"https:\/\/blancfestival.com\/wp-content\/uploads\/2023\/10\/lci-barcelona-moda-grafica-textil-5-1.jpg","type":"image\/jpeg"}],"author":"Andrea Carandini","twitter_card":"summary_large_image","twitter_creator":"@blancfest","twitter_site":"@blancfest","twitter_misc":{"Written by":"Andrea Carandini","Est. reading time":"4 minutes"},"schema":{"@context":"https:\/\/schema.org","@graph":[{"@type":"Article","@id":"https:\/\/blancfestival.com\/ca\/que-es-el-diseno-grafico-textil\/#article","isPartOf":{"@id":"https:\/\/blancfestival.com\/ca\/que-es-el-diseno-grafico-textil\/"},"author":{"name":"Andrea Carandini","@id":"https:\/\/blancfestival.com\/#\/schema\/person\/5949409be936dd44076b00bc78d05139"},"headline":"\u00bfQu\u00e9 es el dise\u00f1o gr\u00e1fico textil? Moda, Ilustraci\u00f3n y semi\u00f3tica","datePublished":"2023-10-07T17:25:41+00:00","dateModified":"2023-10-08T06:48:41+00:00","mainEntityOfPage":{"@id":"https:\/\/blancfestival.com\/ca\/que-es-el-diseno-grafico-textil\/"},"wordCount":858,"commentCount":0,"publisher":{"@id":"https:\/\/blancfestival.com\/#organization"},"image":{"@id":"https:\/\/blancfestival.com\/ca\/que-es-el-diseno-grafico-textil\/#primaryimage"},"thumbnailUrl":"https:\/\/blancfestival.com\/wp-content\/uploads\/2023\/10\/lci-barcelona-moda-grafica-textil-5-1.jpg","articleSection":["Creativitat","Disseny"],"inLanguage":"ca","potentialAction":[{"@type":"CommentAction","name":"Comment","target":["https:\/\/blancfestival.com\/ca\/que-es-el-diseno-grafico-textil\/#respond"]}]},{"@type":"WebPage","@id":"https:\/\/blancfestival.com\/ca\/que-es-el-diseno-grafico-textil\/","url":"https:\/\/blancfestival.com\/ca\/que-es-el-diseno-grafico-textil\/","name":"\u00bfQu\u00e9 es el dise\u00f1o gr\u00e1fico textil? Moda, Ilustraci\u00f3n y semi\u00f3tica","isPartOf":{"@id":"https:\/\/blancfestival.com\/#website"},"primaryImageOfPage":{"@id":"https:\/\/blancfestival.com\/ca\/que-es-el-diseno-grafico-textil\/#primaryimage"},"image":{"@id":"https:\/\/blancfestival.com\/ca\/que-es-el-diseno-grafico-textil\/#primaryimage"},"thumbnailUrl":"https:\/\/blancfestival.com\/wp-content\/uploads\/2023\/10\/lci-barcelona-moda-grafica-textil-5-1.jpg","datePublished":"2023-10-07T17:25:41+00:00","dateModified":"2023-10-08T06:48:41+00:00","breadcrumb":{"@id":"https:\/\/blancfestival.com\/ca\/que-es-el-diseno-grafico-textil\/#breadcrumb"},"inLanguage":"ca","potentialAction":[{"@type":"ReadAction","target":["https:\/\/blancfestival.com\/ca\/que-es-el-diseno-grafico-textil\/"]}]},{"@type":"ImageObject","inLanguage":"ca","@id":"https:\/\/blancfestival.com\/ca\/que-es-el-diseno-grafico-textil\/#primaryimage","url":"https:\/\/blancfestival.com\/wp-content\/uploads\/2023\/10\/lci-barcelona-moda-grafica-textil-5-1.jpg","contentUrl":"https:\/\/blancfestival.com\/wp-content\/uploads\/2023\/10\/lci-barcelona-moda-grafica-textil-5-1.jpg","width":1920,"height":1311},{"@type":"BreadcrumbList","@id":"https:\/\/blancfestival.com\/ca\/que-es-el-diseno-grafico-textil\/#breadcrumb","itemListElement":[{"@type":"ListItem","position":1,"name":"Portada","item":"https:\/\/blancfestival.com\/ca\/"},{"@type":"ListItem","position":2,"name":"\u00bfQu\u00e9 es el dise\u00f1o gr\u00e1fico textil? Moda, Ilustraci\u00f3n y semi\u00f3tica"}]},{"@type":"WebSite","@id":"https:\/\/blancfestival.com\/#website","url":"https:\/\/blancfestival.com\/","name":"Blanc! Festival","description":"Disseny, Creativitat i Innovaci\u00f3","publisher":{"@id":"https:\/\/blancfestival.com\/#organization"},"potentialAction":[{"@type":"SearchAction","target":{"@type":"EntryPoint","urlTemplate":"https:\/\/blancfestival.com\/?s={search_term_string}"},"query-input":{"@type":"PropertyValueSpecification","valueRequired":true,"valueName":"search_term_string"}}],"inLanguage":"ca"},{"@type":"Organization","@id":"https:\/\/blancfestival.com\/#organization","name":"Blanc! Festival de Dise\u00f1o, Creatividad e Innovaci\u00f3n","url":"https:\/\/blancfestival.com\/","logo":{"@type":"ImageObject","inLanguage":"ca","@id":"https:\/\/blancfestival.com\/#\/schema\/logo\/image\/","url":"https:\/\/blancfestival.com\/wp-content\/uploads\/2025\/01\/logo_icono_blanc.jpg","contentUrl":"https:\/\/blancfestival.com\/wp-content\/uploads\/2025\/01\/logo_icono_blanc.jpg","width":2000,"height":2000,"caption":"Blanc! Festival de Dise\u00f1o, Creatividad e Innovaci\u00f3n"},"image":{"@id":"https:\/\/blancfestival.com\/#\/schema\/logo\/image\/"},"sameAs":["https:\/\/www.facebook.com\/blanc.festivaldissenygrafic\/","https:\/\/x.com\/blancfest","https:\/\/www.instagram.com\/blancfest\/","https:\/\/www.linkedin.com\/company\/blanc-festival","https:\/\/www.pinterest.com\/blancfest\/","https:\/\/www.youtube.com\/channel\/UCM-IjxOFb5gQg4yPgmze3Gg"]},{"@type":"Person","@id":"https:\/\/blancfestival.com\/#\/schema\/person\/5949409be936dd44076b00bc78d05139","name":"Andrea Carandini","image":{"@type":"ImageObject","inLanguage":"ca","@id":"https:\/\/blancfestival.com\/#\/schema\/person\/image\/","url":"https:\/\/blancfestival.com\/wp-content\/uploads\/2023\/10\/andrea-1-120x120.jpg","contentUrl":"https:\/\/blancfestival.com\/wp-content\/uploads\/2023\/10\/andrea-1-120x120.jpg","caption":"Andrea Carandini"},"description":"Fashion prints + creative direction + trends forecasting.\u00a0 Docente en el grado de dise\u00f1o de LCI Barcelona","sameAs":["https:\/\/www.andreacarandini.com\/","https:\/\/www.instagram.com\/andrea_carandini\/"]}]}},"_links":{"self":[{"href":"https:\/\/blancfestival.com\/ca\/wp-json\/wp\/v2\/posts\/14892","targetHints":{"allow":["GET"]}}],"collection":[{"href":"https:\/\/blancfestival.com\/ca\/wp-json\/wp\/v2\/posts"}],"about":[{"href":"https:\/\/blancfestival.com\/ca\/wp-json\/wp\/v2\/types\/post"}],"author":[{"embeddable":true,"href":"https:\/\/blancfestival.com\/ca\/wp-json\/wp\/v2\/users\/25"}],"replies":[{"embeddable":true,"href":"https:\/\/blancfestival.com\/ca\/wp-json\/wp\/v2\/comments?post=14892"}],"version-history":[{"count":3,"href":"https:\/\/blancfestival.com\/ca\/wp-json\/wp\/v2\/posts\/14892\/revisions"}],"predecessor-version":[{"id":14901,"href":"https:\/\/blancfestival.com\/ca\/wp-json\/wp\/v2\/posts\/14892\/revisions\/14901"}],"wp:featuredmedia":[{"embeddable":true,"href":"https:\/\/blancfestival.com\/ca\/wp-json\/wp\/v2\/media\/14886"}],"wp:attachment":[{"href":"https:\/\/blancfestival.com\/ca\/wp-json\/wp\/v2\/media?parent=14892"}],"wp:term":[{"taxonomy":"category","embeddable":true,"href":"https:\/\/blancfestival.com\/ca\/wp-json\/wp\/v2\/categories?post=14892"},{"taxonomy":"post_tag","embeddable":true,"href":"https:\/\/blancfestival.com\/ca\/wp-json\/wp\/v2\/tags?post=14892"},{"taxonomy":"evento","embeddable":true,"href":"https:\/\/blancfestival.com\/ca\/wp-json\/wp\/v2\/evento?post=14892"}],"curies":[{"name":"wp","href":"https:\/\/api.w.org\/{rel}","templated":true}]}}