{"id":15414,"date":"2023-10-30T17:11:13","date_gmt":"2023-10-30T16:11:13","guid":{"rendered":"https:\/\/blancfestival.com\/?p=15414"},"modified":"2023-10-30T17:54:20","modified_gmt":"2023-10-30T16:54:20","slug":"el-efecto-mandela-en-la-comunicacion","status":"publish","type":"post","link":"https:\/\/blancfestival.com\/ca\/el-efecto-mandela-en-la-comunicacion\/","title":{"rendered":"El efecto mandela en la comunicaci\u00f3n"},"content":{"rendered":"<p>El t\u00e9rmino &#8220;Efecto Mandela&#8221; se origin\u00f3 a partir de un fen\u00f3meno conocido como &#8220;falsos recuerdos colectivos o memoria colectiva err\u00f3nea&#8221;. El nombre proviene de un caso espec\u00edfico en el que muchas personas recordaban incorrectamente que Nelson Mandela, el l\u00edder sudafricano y luchador contra el apartheid, hab\u00eda fallecido en prisi\u00f3n en la d\u00e9cada de 1980, cuando en realidad fue liberado en 1990 y se convirti\u00f3 en presidente de Sud\u00e1frica en 1994, viviendo hasta 2013.<\/p>\n<p>La investigadora paranormal Fiona Broome acu\u00f1\u00f3 el nombre en 2009 despu\u00e9s de convencerse de que el entonces presidente sudafricano Nelson Mandela hab\u00eda muerto en prisi\u00f3n en la d\u00e9cada de 1980.<\/p>\n<p>El t\u00e9rmino &#8220;Efecto Mandela&#8221; se utiliza para referirse a la tendencia de las personas a recordar hechos hist\u00f3ricos o detalles de una manera incorrecta y compartida, a menudo debido a la confusi\u00f3n, la mala interpretaci\u00f3n o la influencia de la informaci\u00f3n err\u00f3nea en la memoria colectiva. Este fen\u00f3meno se ha utilizado como ejemplo de c\u00f3mo la memoria humana puede ser imperfecta y c\u00f3mo la informaci\u00f3n err\u00f3nea puede propagarse r\u00e1pidamente a trav\u00e9s de la sociedad, especialmente en la era de la informaci\u00f3n digital y las redes sociales.<\/p>\n<p>Por ejemplo, muchas personas afirman que el personaje del Monopoly lleva un mon\u00f3culo (no lo lleva) o que la punta de la cola de Pikachu es de color negra (tampoco). La frase \u201cT\u00f3cala otra vez, Sam\u201d nunca se dijo en la pel\u00edcula de Casablanca, y la c\u00e1mara oculta de la ni\u00f1a de la mermelada nunca se produjo, aunque miles de personas aseguran haberlo visto por la tele.<\/p>\n<p>&nbsp;<\/p>\n<p><img decoding=\"async\" class=\"alignnone size-large wp-image-15418\" src=\"https:\/\/blancfestival.com\/wp-content\/uploads\/2023\/10\/publicacion-700x468.jpg\" alt=\"\" \/><\/p>\n<p>&nbsp;<\/p>\n<h2>\u00bfC\u00f3mo puede influir el efecto Mandela en la comunicaci\u00f3n?<\/h2>\n<p>## Percepci\u00f3n y Mensajes<br \/>\nEn comunicaci\u00f3n, esto subraya la importancia de transmitir mensajes de manera clara y precisa para evitar malentendidos. Los comunicadores debemos considerar c\u00f3mo nuestros mensajes podr\u00edan ser interpretados y recordados, y debemos esforzarnos por ser claros en su entrega.<\/p>\n<p>## Desinformaci\u00f3n y Fake News<br \/>\nContribuir a la propagaci\u00f3n de desinformaci\u00f3n y noticias falsas. Las personas pueden recordar hechos incorrectos y compartirlos como verdaderos, lo que a su vez puede influir en la forma en que otros perciben la informaci\u00f3n. Debemos ser conscientes de c\u00f3mo las percepciones err\u00f3neas pueden afectar la difusi\u00f3n de informaci\u00f3n precisa y tomar medidas para abordar la desinformaci\u00f3n.<\/p>\n<p>## Efecto de la Sugesti\u00f3n<br \/>\nEl efecto Mandela a menudo se basa en la sugesti\u00f3n y la influencia de la informaci\u00f3n err\u00f3nea. Debemos ser conscientes de c\u00f3mo nuestras propias palabras, dise\u00f1os y enfoques pueden influir en la percepci\u00f3n de los dem\u00e1s. Evitar la manipulaci\u00f3n y la sugesti\u00f3n excesiva es crucial para mantener la integridad en la comunicaci\u00f3n.<\/p>\n<p>## An\u00e1lisis Cr\u00edtico de la Informaci\u00f3n<br \/>\nLos receptores del mensaje deben estar dispuestos a cuestionar sus propios recuerdos y considerar la fuente y la evidencia detr\u00e1s de lo que se les presenta. Fomentar la alfabetizaci\u00f3n medi\u00e1tica y la capacidad de an\u00e1lisis cr\u00edtico puede ayudar a las personas a discernir entre informaci\u00f3n precisa y recuerdos err\u00f3neos.<\/p>\n<p>## Narrativas y Retenci\u00f3n de Mensajes<br \/>\nLas narrativas son poderosas en la comunicaci\u00f3n, y el efecto Mandela demuestra c\u00f3mo las narrativas err\u00f3neas pueden perdurar y difundirse. Debemos tener cuidado al construir narrativas y asegurarnos de que est\u00e9n respaldadas por hechos verificables. Adem\u00e1s, debemos considerar c\u00f3mo la elecci\u00f3n de palabras y elementos narrativos puede influir en la forma en que las personas recuerdan y transmiten la informaci\u00f3n.<\/p>\n<p>El efecto Mandela ilustra c\u00f3mo la percepci\u00f3n y la memoria pueden influir en la comunicaci\u00f3n y c\u00f3mo los comunicadores debemos ser conscientes de c\u00f3mo transmitimos la informaci\u00f3n para evitar malentendidos y desinformaci\u00f3n. La claridad, la integridad y el an\u00e1lisis cr\u00edtico son fundamentales para una comunicaci\u00f3n efectiva en un mundo donde las percepciones pueden ser fluidas y a veces incorrectas.<\/p>\n","protected":false},"excerpt":{"rendered":"El t\u00e9rmino &#8220;Efecto Mandela&#8221; se origin\u00f3 a partir de un fen\u00f3meno conocido como &#8220;falsos recuerdos colectivos o memoria colectiva err\u00f3nea&#8221;. El nombre proviene de un caso espec\u00edfico en el que muchas personas recordaban incorrectamente que Nelson Mandela, el l\u00edder sudafricano y luchador contra el apartheid, hab\u00eda fallecido en prisi\u00f3n en la d\u00e9cada de 1980, cuando&hellip;","protected":false},"author":3,"featured_media":15422,"comment_status":"closed","ping_status":"closed","sticky":false,"template":"","format":"standard","meta":{"_acf_changed":false,"footnotes":""},"categories":[369,91],"tags":[],"evento":[],"class_list":["post-15414","post","type-post","status-publish","format-standard","has-post-thumbnail","hentry","category-variete","category-disseny"],"acf":[],"yoast_head":"<!-- This site is optimized with the Yoast SEO plugin v23.7 - https:\/\/yoast.com\/wordpress\/plugins\/seo\/ -->\n<title>El efecto mandela en la comunicaci\u00f3n<\/title>\n<meta name=\"description\" content=\"El &quot;Efecto Mandela&quot; se origin\u00f3 a partir de un fen\u00f3meno conocido como &quot;falsos recuerdos colectivos o memoria colectiva err\u00f3nea&quot;. Ej. &quot;La ni\u00f1a de la mermelada&quot;\" \/>\n<meta name=\"robots\" content=\"index, follow, max-snippet:-1, max-image-preview:large, max-video-preview:-1\" \/>\n<link rel=\"canonical\" href=\"https:\/\/blancfestival.com\/el-efecto-mandela-en-la-comunicacion\/\" \/>\n<meta property=\"og:locale\" content=\"ca_ES\" \/>\n<meta property=\"og:type\" content=\"article\" \/>\n<meta property=\"og:title\" content=\"El efecto mandela en la comunicaci\u00f3n\" \/>\n<meta property=\"og:description\" content=\"El &quot;Efecto Mandela&quot; se origin\u00f3 a partir de un fen\u00f3meno conocido como &quot;falsos recuerdos colectivos o memoria colectiva err\u00f3nea&quot;. Ej. &quot;La ni\u00f1a de la mermelada&quot;\" \/>\n<meta property=\"og:url\" content=\"https:\/\/blancfestival.com\/el-efecto-mandela-en-la-comunicacion\/\" \/>\n<meta property=\"og:site_name\" content=\"Blanc!\" \/>\n<meta property=\"article:publisher\" content=\"https:\/\/www.facebook.com\/blanc.festivaldissenygrafic\/\" \/>\n<meta property=\"article:published_time\" content=\"2023-10-30T16:11:13+00:00\" \/>\n<meta property=\"article:modified_time\" content=\"2023-10-30T16:54:20+00:00\" \/>\n<meta property=\"og:image\" content=\"https:\/\/blancfestival.com\/wp-content\/uploads\/2023\/10\/efectomandela-1.jpg\" \/>\n\t<meta property=\"og:image:width\" content=\"1920\" \/>\n\t<meta property=\"og:image:height\" content=\"1080\" \/>\n\t<meta property=\"og:image:type\" content=\"image\/jpeg\" \/>\n<meta name=\"author\" content=\"Redacci\u00f3n Blanc!\" \/>\n<meta name=\"twitter:card\" content=\"summary_large_image\" \/>\n<meta name=\"twitter:creator\" content=\"@blancfest\" \/>\n<meta name=\"twitter:site\" content=\"@blancfest\" \/>\n<meta name=\"twitter:label1\" content=\"Written by\" \/>\n\t<meta name=\"twitter:data1\" content=\"Redacci\u00f3n Blanc!\" \/>\n\t<meta name=\"twitter:label2\" content=\"Est. reading time\" \/>\n\t<meta name=\"twitter:data2\" content=\"3 minutes\" \/>\n<script type=\"application\/ld+json\" class=\"yoast-schema-graph\">{\"@context\":\"https:\/\/schema.org\",\"@graph\":[{\"@type\":\"Article\",\"@id\":\"https:\/\/blancfestival.com\/el-efecto-mandela-en-la-comunicacion\/#article\",\"isPartOf\":{\"@id\":\"https:\/\/blancfestival.com\/el-efecto-mandela-en-la-comunicacion\/\"},\"author\":{\"name\":\"Redacci\u00f3n Blanc!\",\"@id\":\"https:\/\/blancfestival.com\/#\/schema\/person\/1c1365d1e51e5730cf3f5fadb8670c06\"},\"headline\":\"El efecto mandela en la comunicaci\u00f3n\",\"datePublished\":\"2023-10-30T16:11:13+00:00\",\"dateModified\":\"2023-10-30T16:54:20+00:00\",\"mainEntityOfPage\":{\"@id\":\"https:\/\/blancfestival.com\/el-efecto-mandela-en-la-comunicacion\/\"},\"wordCount\":691,\"publisher\":{\"@id\":\"https:\/\/blancfestival.com\/#organization\"},\"image\":{\"@id\":\"https:\/\/blancfestival.com\/el-efecto-mandela-en-la-comunicacion\/#primaryimage\"},\"thumbnailUrl\":\"https:\/\/blancfestival.com\/wp-content\/uploads\/2023\/10\/efectomandela-1.jpg\",\"articleSection\":[\"Variet\u00e9\",\"Disseny\"],\"inLanguage\":\"ca\"},{\"@type\":\"WebPage\",\"@id\":\"https:\/\/blancfestival.com\/el-efecto-mandela-en-la-comunicacion\/\",\"url\":\"https:\/\/blancfestival.com\/el-efecto-mandela-en-la-comunicacion\/\",\"name\":\"El efecto mandela en la comunicaci\u00f3n\",\"isPartOf\":{\"@id\":\"https:\/\/blancfestival.com\/#website\"},\"primaryImageOfPage\":{\"@id\":\"https:\/\/blancfestival.com\/el-efecto-mandela-en-la-comunicacion\/#primaryimage\"},\"image\":{\"@id\":\"https:\/\/blancfestival.com\/el-efecto-mandela-en-la-comunicacion\/#primaryimage\"},\"thumbnailUrl\":\"https:\/\/blancfestival.com\/wp-content\/uploads\/2023\/10\/efectomandela-1.jpg\",\"datePublished\":\"2023-10-30T16:11:13+00:00\",\"dateModified\":\"2023-10-30T16:54:20+00:00\",\"description\":\"El \\\"Efecto Mandela\\\" se origin\u00f3 a partir de un fen\u00f3meno conocido como \\\"falsos recuerdos colectivos o memoria colectiva err\u00f3nea\\\". Ej. \\\"La ni\u00f1a de la mermelada\\\"\",\"breadcrumb\":{\"@id\":\"https:\/\/blancfestival.com\/el-efecto-mandela-en-la-comunicacion\/#breadcrumb\"},\"inLanguage\":\"ca\",\"potentialAction\":[{\"@type\":\"ReadAction\",\"target\":[\"https:\/\/blancfestival.com\/el-efecto-mandela-en-la-comunicacion\/\"]}]},{\"@type\":\"ImageObject\",\"inLanguage\":\"ca\",\"@id\":\"https:\/\/blancfestival.com\/el-efecto-mandela-en-la-comunicacion\/#primaryimage\",\"url\":\"https:\/\/blancfestival.com\/wp-content\/uploads\/2023\/10\/efectomandela-1.jpg\",\"contentUrl\":\"https:\/\/blancfestival.com\/wp-content\/uploads\/2023\/10\/efectomandela-1.jpg\",\"width\":1920,\"height\":1080},{\"@type\":\"BreadcrumbList\",\"@id\":\"https:\/\/blancfestival.com\/el-efecto-mandela-en-la-comunicacion\/#breadcrumb\",\"itemListElement\":[{\"@type\":\"ListItem\",\"position\":1,\"name\":\"Portada\",\"item\":\"https:\/\/blancfestival.com\/ca\/\"},{\"@type\":\"ListItem\",\"position\":2,\"name\":\"El efecto mandela en la comunicaci\u00f3n\"}]},{\"@type\":\"WebSite\",\"@id\":\"https:\/\/blancfestival.com\/#website\",\"url\":\"https:\/\/blancfestival.com\/\",\"name\":\"Blanc! Festival\",\"description\":\"Disseny, Creativitat i Innovaci\u00f3\",\"publisher\":{\"@id\":\"https:\/\/blancfestival.com\/#organization\"},\"potentialAction\":[{\"@type\":\"SearchAction\",\"target\":{\"@type\":\"EntryPoint\",\"urlTemplate\":\"https:\/\/blancfestival.com\/?s={search_term_string}\"},\"query-input\":{\"@type\":\"PropertyValueSpecification\",\"valueRequired\":true,\"valueName\":\"search_term_string\"}}],\"inLanguage\":\"ca\"},{\"@type\":\"Organization\",\"@id\":\"https:\/\/blancfestival.com\/#organization\",\"name\":\"Blanc! Festival de Dise\u00f1o, Creatividad e Innovaci\u00f3n\",\"url\":\"https:\/\/blancfestival.com\/\",\"logo\":{\"@type\":\"ImageObject\",\"inLanguage\":\"ca\",\"@id\":\"https:\/\/blancfestival.com\/#\/schema\/logo\/image\/\",\"url\":\"https:\/\/blancfestival.com\/wp-content\/uploads\/2025\/01\/logo_icono_blanc.jpg\",\"contentUrl\":\"https:\/\/blancfestival.com\/wp-content\/uploads\/2025\/01\/logo_icono_blanc.jpg\",\"width\":2000,\"height\":2000,\"caption\":\"Blanc! Festival de Dise\u00f1o, Creatividad e Innovaci\u00f3n\"},\"image\":{\"@id\":\"https:\/\/blancfestival.com\/#\/schema\/logo\/image\/\"},\"sameAs\":[\"https:\/\/www.facebook.com\/blanc.festivaldissenygrafic\/\",\"https:\/\/x.com\/blancfest\",\"https:\/\/www.instagram.com\/blancfest\/\",\"https:\/\/www.linkedin.com\/company\/blanc-festival\",\"https:\/\/www.pinterest.com\/blancfest\/\",\"https:\/\/www.youtube.com\/channel\/UCM-IjxOFb5gQg4yPgmze3Gg\"]},{\"@type\":\"Person\",\"@id\":\"https:\/\/blancfestival.com\/#\/schema\/person\/1c1365d1e51e5730cf3f5fadb8670c06\",\"name\":\"Redacci\u00f3n Blanc!\",\"image\":{\"@type\":\"ImageObject\",\"inLanguage\":\"ca\",\"@id\":\"https:\/\/blancfestival.com\/#\/schema\/person\/image\/\",\"url\":\"https:\/\/blancfestival.com\/wp-content\/uploads\/2020\/02\/ico-120x120.png\",\"contentUrl\":\"https:\/\/blancfestival.com\/wp-content\/uploads\/2020\/02\/ico-120x120.png\",\"caption\":\"Redacci\u00f3n Blanc!\"},\"description\":\"\u201cNo trates de doblar la cuchara. Es imposible. En lugar de hacerlo, solo intenta darte cuenta de la verdad\u2026 No hay cuchara. Entonces, ver\u00e1s que no es la cuchara lo que se dobla, te doblas t\u00fa\u201d\"}]}<\/script>\n<!-- \/ Yoast SEO plugin. -->","yoast_head_json":{"title":"El efecto mandela en la comunicaci\u00f3n","description":"El \"Efecto Mandela\" se origin\u00f3 a partir de un fen\u00f3meno conocido como \"falsos recuerdos colectivos o memoria colectiva err\u00f3nea\". Ej. \"La ni\u00f1a de la mermelada\"","robots":{"index":"index","follow":"follow","max-snippet":"max-snippet:-1","max-image-preview":"max-image-preview:large","max-video-preview":"max-video-preview:-1"},"canonical":"https:\/\/blancfestival.com\/el-efecto-mandela-en-la-comunicacion\/","og_locale":"ca_ES","og_type":"article","og_title":"El efecto mandela en la comunicaci\u00f3n","og_description":"El \"Efecto Mandela\" se origin\u00f3 a partir de un fen\u00f3meno conocido como \"falsos recuerdos colectivos o memoria colectiva err\u00f3nea\". Ej. \"La ni\u00f1a de la mermelada\"","og_url":"https:\/\/blancfestival.com\/el-efecto-mandela-en-la-comunicacion\/","og_site_name":"Blanc!","article_publisher":"https:\/\/www.facebook.com\/blanc.festivaldissenygrafic\/","article_published_time":"2023-10-30T16:11:13+00:00","article_modified_time":"2023-10-30T16:54:20+00:00","og_image":[{"width":1920,"height":1080,"url":"https:\/\/blancfestival.com\/wp-content\/uploads\/2023\/10\/efectomandela-1.jpg","type":"image\/jpeg"}],"author":"Redacci\u00f3n Blanc!","twitter_card":"summary_large_image","twitter_creator":"@blancfest","twitter_site":"@blancfest","twitter_misc":{"Written by":"Redacci\u00f3n Blanc!","Est. reading time":"3 minutes"},"schema":{"@context":"https:\/\/schema.org","@graph":[{"@type":"Article","@id":"https:\/\/blancfestival.com\/el-efecto-mandela-en-la-comunicacion\/#article","isPartOf":{"@id":"https:\/\/blancfestival.com\/el-efecto-mandela-en-la-comunicacion\/"},"author":{"name":"Redacci\u00f3n Blanc!","@id":"https:\/\/blancfestival.com\/#\/schema\/person\/1c1365d1e51e5730cf3f5fadb8670c06"},"headline":"El efecto mandela en la comunicaci\u00f3n","datePublished":"2023-10-30T16:11:13+00:00","dateModified":"2023-10-30T16:54:20+00:00","mainEntityOfPage":{"@id":"https:\/\/blancfestival.com\/el-efecto-mandela-en-la-comunicacion\/"},"wordCount":691,"publisher":{"@id":"https:\/\/blancfestival.com\/#organization"},"image":{"@id":"https:\/\/blancfestival.com\/el-efecto-mandela-en-la-comunicacion\/#primaryimage"},"thumbnailUrl":"https:\/\/blancfestival.com\/wp-content\/uploads\/2023\/10\/efectomandela-1.jpg","articleSection":["Variet\u00e9","Disseny"],"inLanguage":"ca"},{"@type":"WebPage","@id":"https:\/\/blancfestival.com\/el-efecto-mandela-en-la-comunicacion\/","url":"https:\/\/blancfestival.com\/el-efecto-mandela-en-la-comunicacion\/","name":"El efecto mandela en la comunicaci\u00f3n","isPartOf":{"@id":"https:\/\/blancfestival.com\/#website"},"primaryImageOfPage":{"@id":"https:\/\/blancfestival.com\/el-efecto-mandela-en-la-comunicacion\/#primaryimage"},"image":{"@id":"https:\/\/blancfestival.com\/el-efecto-mandela-en-la-comunicacion\/#primaryimage"},"thumbnailUrl":"https:\/\/blancfestival.com\/wp-content\/uploads\/2023\/10\/efectomandela-1.jpg","datePublished":"2023-10-30T16:11:13+00:00","dateModified":"2023-10-30T16:54:20+00:00","description":"El \"Efecto Mandela\" se origin\u00f3 a partir de un fen\u00f3meno conocido como \"falsos recuerdos colectivos o memoria colectiva err\u00f3nea\". Ej. \"La ni\u00f1a de la mermelada\"","breadcrumb":{"@id":"https:\/\/blancfestival.com\/el-efecto-mandela-en-la-comunicacion\/#breadcrumb"},"inLanguage":"ca","potentialAction":[{"@type":"ReadAction","target":["https:\/\/blancfestival.com\/el-efecto-mandela-en-la-comunicacion\/"]}]},{"@type":"ImageObject","inLanguage":"ca","@id":"https:\/\/blancfestival.com\/el-efecto-mandela-en-la-comunicacion\/#primaryimage","url":"https:\/\/blancfestival.com\/wp-content\/uploads\/2023\/10\/efectomandela-1.jpg","contentUrl":"https:\/\/blancfestival.com\/wp-content\/uploads\/2023\/10\/efectomandela-1.jpg","width":1920,"height":1080},{"@type":"BreadcrumbList","@id":"https:\/\/blancfestival.com\/el-efecto-mandela-en-la-comunicacion\/#breadcrumb","itemListElement":[{"@type":"ListItem","position":1,"name":"Portada","item":"https:\/\/blancfestival.com\/ca\/"},{"@type":"ListItem","position":2,"name":"El efecto mandela en la comunicaci\u00f3n"}]},{"@type":"WebSite","@id":"https:\/\/blancfestival.com\/#website","url":"https:\/\/blancfestival.com\/","name":"Blanc! Festival","description":"Disseny, Creativitat i Innovaci\u00f3","publisher":{"@id":"https:\/\/blancfestival.com\/#organization"},"potentialAction":[{"@type":"SearchAction","target":{"@type":"EntryPoint","urlTemplate":"https:\/\/blancfestival.com\/?s={search_term_string}"},"query-input":{"@type":"PropertyValueSpecification","valueRequired":true,"valueName":"search_term_string"}}],"inLanguage":"ca"},{"@type":"Organization","@id":"https:\/\/blancfestival.com\/#organization","name":"Blanc! Festival de Dise\u00f1o, Creatividad e Innovaci\u00f3n","url":"https:\/\/blancfestival.com\/","logo":{"@type":"ImageObject","inLanguage":"ca","@id":"https:\/\/blancfestival.com\/#\/schema\/logo\/image\/","url":"https:\/\/blancfestival.com\/wp-content\/uploads\/2025\/01\/logo_icono_blanc.jpg","contentUrl":"https:\/\/blancfestival.com\/wp-content\/uploads\/2025\/01\/logo_icono_blanc.jpg","width":2000,"height":2000,"caption":"Blanc! Festival de Dise\u00f1o, Creatividad e Innovaci\u00f3n"},"image":{"@id":"https:\/\/blancfestival.com\/#\/schema\/logo\/image\/"},"sameAs":["https:\/\/www.facebook.com\/blanc.festivaldissenygrafic\/","https:\/\/x.com\/blancfest","https:\/\/www.instagram.com\/blancfest\/","https:\/\/www.linkedin.com\/company\/blanc-festival","https:\/\/www.pinterest.com\/blancfest\/","https:\/\/www.youtube.com\/channel\/UCM-IjxOFb5gQg4yPgmze3Gg"]},{"@type":"Person","@id":"https:\/\/blancfestival.com\/#\/schema\/person\/1c1365d1e51e5730cf3f5fadb8670c06","name":"Redacci\u00f3n Blanc!","image":{"@type":"ImageObject","inLanguage":"ca","@id":"https:\/\/blancfestival.com\/#\/schema\/person\/image\/","url":"https:\/\/blancfestival.com\/wp-content\/uploads\/2020\/02\/ico-120x120.png","contentUrl":"https:\/\/blancfestival.com\/wp-content\/uploads\/2020\/02\/ico-120x120.png","caption":"Redacci\u00f3n Blanc!"},"description":"\u201cNo trates de doblar la cuchara. Es imposible. En lugar de hacerlo, solo intenta darte cuenta de la verdad\u2026 No hay cuchara. Entonces, ver\u00e1s que no es la cuchara lo que se dobla, te doblas t\u00fa\u201d"}]}},"_links":{"self":[{"href":"https:\/\/blancfestival.com\/ca\/wp-json\/wp\/v2\/posts\/15414","targetHints":{"allow":["GET"]}}],"collection":[{"href":"https:\/\/blancfestival.com\/ca\/wp-json\/wp\/v2\/posts"}],"about":[{"href":"https:\/\/blancfestival.com\/ca\/wp-json\/wp\/v2\/types\/post"}],"author":[{"embeddable":true,"href":"https:\/\/blancfestival.com\/ca\/wp-json\/wp\/v2\/users\/3"}],"replies":[{"embeddable":true,"href":"https:\/\/blancfestival.com\/ca\/wp-json\/wp\/v2\/comments?post=15414"}],"version-history":[{"count":1,"href":"https:\/\/blancfestival.com\/ca\/wp-json\/wp\/v2\/posts\/15414\/revisions"}],"predecessor-version":[{"id":15421,"href":"https:\/\/blancfestival.com\/ca\/wp-json\/wp\/v2\/posts\/15414\/revisions\/15421"}],"wp:featuredmedia":[{"embeddable":true,"href":"https:\/\/blancfestival.com\/ca\/wp-json\/wp\/v2\/media\/15422"}],"wp:attachment":[{"href":"https:\/\/blancfestival.com\/ca\/wp-json\/wp\/v2\/media?parent=15414"}],"wp:term":[{"taxonomy":"category","embeddable":true,"href":"https:\/\/blancfestival.com\/ca\/wp-json\/wp\/v2\/categories?post=15414"},{"taxonomy":"post_tag","embeddable":true,"href":"https:\/\/blancfestival.com\/ca\/wp-json\/wp\/v2\/tags?post=15414"},{"taxonomy":"evento","embeddable":true,"href":"https:\/\/blancfestival.com\/ca\/wp-json\/wp\/v2\/evento?post=15414"}],"curies":[{"name":"wp","href":"https:\/\/api.w.org\/{rel}","templated":true}]}}