{"id":15567,"date":"2023-12-19T11:30:32","date_gmt":"2023-12-19T10:30:32","guid":{"rendered":"https:\/\/blancfestival.com\/?p=15567"},"modified":"2023-12-19T11:38:33","modified_gmt":"2023-12-19T10:38:33","slug":"espacio-en-blanco-diseno-grafico","status":"publish","type":"post","link":"https:\/\/blancfestival.com\/ca\/espacio-en-blanco-diseno-grafico\/","title":{"rendered":"El Poder del Espacio en Blanco en Dise\u00f1o Gr\u00e1fico"},"content":{"rendered":"<p>En el mundo del dise\u00f1o gr\u00e1fico, existe una batalla constante entre dise\u00f1adores y clientes en torno a la utilizaci\u00f3n del espacio en blanco. Este elemento, a menudo incomprendido, es un pilar fundamental del dise\u00f1o y su correcta aplicaci\u00f3n puede elevar un proyecto de bueno a excepcional.<\/p>\n<p>&nbsp;<\/p>\n<h2>\u00bfQu\u00e9 es el espacio en blanco y por qu\u00e9 es importante?<\/h2>\n<p>El espacio en blanco, tambi\u00e9n conocido como &#8216;espacio negativo&#8217;, no se trata simplemente de \u00e1reas vac\u00edas en un dise\u00f1o. Es un componente cr\u00edtico que ayuda a organizar y estructurar el contenido. Lejos de ser un desperdicio, este espacio ayuda a crear jerarqu\u00eda, mejora la legibilidad y facilita la comprensi\u00f3n.<\/p>\n<p>&nbsp;<\/p>\n<h2>Desmontando mitos: El espacio en blanco y los costes de impresi\u00f3n<\/h2>\n<p>Un mito com\u00fan es que m\u00e1s espacio en blanco implica mayores costes de impresi\u00f3n. Esto es totalmente falso. El uso inteligente del espacio en blanco no afecta significativamente el coste, pero s\u00ed puede incrementar el impacto y la efectividad del dise\u00f1o.<\/p>\n<p>&nbsp;<\/p>\n<h2>Espacio en blanco: No solo un tema de est\u00e9tica<\/h2>\n<p>M\u00e1s all\u00e1 de su rol en la est\u00e9tica, el espacio en blanco ofrece beneficios funcionales significativos:<\/p>\n<ul>\n<li>Mejora la jerarqu\u00eda visual: Ayuda a organizar y destacar los elementos m\u00e1s importantes de un dise\u00f1o.<\/li>\n<li>Facilita la lectura y comprensi\u00f3n: Un dise\u00f1o abarrotado puede ser abrumador y dif\u00edcil de entender.<\/li>\n<li>Contribuye a una experiencia de usuario positiva: En un mundo saturado de informaci\u00f3n, un dise\u00f1o claro y limpio es un alivio visual.<\/li>\n<\/ul>\n<p>&nbsp;<\/p>\n<h2><img loading=\"lazy\" decoding=\"async\" width=\"700\" height=\"700\" class=\"alignnone size-large wp-image-15573\" src=\"https:\/\/blancfestival.com\/wp-content\/uploads\/2023\/12\/apple-whitw-space-700x700.jpg\" alt=\"\" srcset=\"https:\/\/blancfestival.com\/wp-content\/uploads\/2023\/12\/apple-whitw-space-700x700.jpg 700w, https:\/\/blancfestival.com\/wp-content\/uploads\/2023\/12\/apple-whitw-space-250x250.jpg 250w, https:\/\/blancfestival.com\/wp-content\/uploads\/2023\/12\/apple-whitw-space-150x150.jpg 150w, https:\/\/blancfestival.com\/wp-content\/uploads\/2023\/12\/apple-whitw-space-768x768.jpg 768w, https:\/\/blancfestival.com\/wp-content\/uploads\/2023\/12\/apple-whitw-space-120x120.jpg 120w, https:\/\/blancfestival.com\/wp-content\/uploads\/2023\/12\/apple-whitw-space.jpg 900w\" sizes=\"auto, (max-width: 700px) 100vw, 700px\" \/><\/h2>\n<p>&nbsp;<\/p>\n<h2>Vendiendo el Espacio en Blanco a los Clientes<\/h2>\n<p>El desaf\u00edo para muchos dise\u00f1adores es c\u00f3mo convencer a los clientes de la importancia del espacio en blanco. Aqu\u00ed algunos consejos:<\/p>\n<ul>\n<li>Usar analog\u00edas: Compara el espacio en blanco con las pausas en una conversaci\u00f3n, esencial para el entendimiento y la digesti\u00f3n de la informaci\u00f3n.<\/li>\n<li>Ejemplos del mundo real: Muestra c\u00f3mo marcas exitosas como Apple utilizan el espacio en blanco para reforzar su identidad de marca.<\/li>\n<li>Relacionarlo con objetivos comerciales: Explica c\u00f3mo un dise\u00f1o claro puede contribuir a los objetivos de credibilidad y confianza de una empresa.<\/li>\n<\/ul>\n<p>&nbsp;<\/p>\n<h2>El Espacio en Blanco es un Aliado del Dise\u00f1o<\/h2>\n<p>El espacio en blanco no es un enemigo del dise\u00f1o gr\u00e1fico, sino un aliado poderoso. Su correcta utilizaci\u00f3n puede transformar un dise\u00f1o de sobrecargado y confuso a claro, elegante y efectivo. Es una herramienta esencial en el arsenal de todo dise\u00f1ador gr\u00e1fico, vital para comunicar mensajes de manera efectiva y crear experiencias visuales memorables.<\/p>\n","protected":false},"excerpt":{"rendered":"En el mundo del dise\u00f1o gr\u00e1fico, existe una batalla constante entre dise\u00f1adores y clientes en torno a la utilizaci\u00f3n del espacio en blanco. Este elemento, a menudo incomprendido, es un pilar fundamental del dise\u00f1o y su correcta aplicaci\u00f3n puede elevar un proyecto de bueno a excepcional. &nbsp; \u00bfQu\u00e9 es el espacio en blanco y por&hellip;","protected":false},"author":3,"featured_media":15569,"comment_status":"closed","ping_status":"closed","sticky":false,"template":"","format":"standard","meta":{"_acf_changed":false,"footnotes":""},"categories":[152,2,1],"tags":[],"evento":[],"class_list":["post-15567","post","type-post","status-publish","format-standard","has-post-thumbnail","hentry","category-blanc-basics","category-diseno","category-diseno-grafico"],"acf":[],"yoast_head":"<!-- This site is optimized with the Yoast SEO plugin v23.7 - https:\/\/yoast.com\/wordpress\/plugins\/seo\/ -->\n<title>El Poder del Espacio en Blanco en Dise\u00f1o Gr\u00e1fico<\/title>\n<meta name=\"robots\" content=\"index, follow, max-snippet:-1, max-image-preview:large, max-video-preview:-1\" \/>\n<link rel=\"canonical\" href=\"https:\/\/blancfestival.com\/espacio-en-blanco-diseno-grafico\/\" \/>\n<meta property=\"og:locale\" content=\"ca_ES\" \/>\n<meta property=\"og:type\" content=\"article\" \/>\n<meta property=\"og:title\" content=\"El Poder del Espacio en Blanco en Dise\u00f1o Gr\u00e1fico\" \/>\n<meta property=\"og:description\" content=\"En el mundo del dise\u00f1o gr\u00e1fico, existe una batalla constante entre dise\u00f1adores y clientes en torno a la utilizaci\u00f3n del espacio en blanco. Este elemento, a menudo incomprendido, es un pilar fundamental del dise\u00f1o y su correcta aplicaci\u00f3n puede elevar un proyecto de bueno a excepcional. &nbsp; \u00bfQu\u00e9 es el espacio en blanco y por&hellip;\" \/>\n<meta property=\"og:url\" content=\"https:\/\/blancfestival.com\/espacio-en-blanco-diseno-grafico\/\" \/>\n<meta property=\"og:site_name\" content=\"Blanc!\" \/>\n<meta property=\"article:publisher\" content=\"https:\/\/www.facebook.com\/blanc.festivaldissenygrafic\/\" \/>\n<meta property=\"article:published_time\" content=\"2023-12-19T10:30:32+00:00\" \/>\n<meta property=\"article:modified_time\" content=\"2023-12-19T10:38:33+00:00\" \/>\n<meta property=\"og:image\" content=\"https:\/\/blancfestival.com\/wp-content\/uploads\/2023\/12\/blog.jpg\" \/>\n\t<meta property=\"og:image:width\" content=\"1920\" \/>\n\t<meta property=\"og:image:height\" content=\"1080\" \/>\n\t<meta property=\"og:image:type\" content=\"image\/jpeg\" \/>\n<meta name=\"author\" content=\"Redacci\u00f3n Blanc!\" \/>\n<meta name=\"twitter:card\" content=\"summary_large_image\" \/>\n<meta name=\"twitter:creator\" content=\"@blancfest\" \/>\n<meta name=\"twitter:site\" content=\"@blancfest\" \/>\n<meta name=\"twitter:label1\" content=\"Written by\" \/>\n\t<meta name=\"twitter:data1\" content=\"Redacci\u00f3n Blanc!\" \/>\n\t<meta name=\"twitter:label2\" content=\"Est. reading time\" \/>\n\t<meta name=\"twitter:data2\" content=\"2 minutes\" \/>\n<script type=\"application\/ld+json\" class=\"yoast-schema-graph\">{\"@context\":\"https:\/\/schema.org\",\"@graph\":[{\"@type\":\"Article\",\"@id\":\"https:\/\/blancfestival.com\/espacio-en-blanco-diseno-grafico\/#article\",\"isPartOf\":{\"@id\":\"https:\/\/blancfestival.com\/espacio-en-blanco-diseno-grafico\/\"},\"author\":{\"name\":\"Redacci\u00f3n Blanc!\",\"@id\":\"https:\/\/blancfestival.com\/#\/schema\/person\/1c1365d1e51e5730cf3f5fadb8670c06\"},\"headline\":\"El Poder del Espacio en Blanco en Dise\u00f1o Gr\u00e1fico\",\"datePublished\":\"2023-12-19T10:30:32+00:00\",\"dateModified\":\"2023-12-19T10:38:33+00:00\",\"mainEntityOfPage\":{\"@id\":\"https:\/\/blancfestival.com\/espacio-en-blanco-diseno-grafico\/\"},\"wordCount\":455,\"publisher\":{\"@id\":\"https:\/\/blancfestival.com\/#organization\"},\"image\":{\"@id\":\"https:\/\/blancfestival.com\/espacio-en-blanco-diseno-grafico\/#primaryimage\"},\"thumbnailUrl\":\"https:\/\/blancfestival.com\/wp-content\/uploads\/2023\/12\/blog.jpg\",\"articleSection\":[\"Blanc Basics\",\"Dise\u00f1o\",\"Dise\u00f1o Gr\u00e1fico\"],\"inLanguage\":\"ca\"},{\"@type\":\"WebPage\",\"@id\":\"https:\/\/blancfestival.com\/espacio-en-blanco-diseno-grafico\/\",\"url\":\"https:\/\/blancfestival.com\/espacio-en-blanco-diseno-grafico\/\",\"name\":\"El Poder del Espacio en Blanco en Dise\u00f1o Gr\u00e1fico\",\"isPartOf\":{\"@id\":\"https:\/\/blancfestival.com\/#website\"},\"primaryImageOfPage\":{\"@id\":\"https:\/\/blancfestival.com\/espacio-en-blanco-diseno-grafico\/#primaryimage\"},\"image\":{\"@id\":\"https:\/\/blancfestival.com\/espacio-en-blanco-diseno-grafico\/#primaryimage\"},\"thumbnailUrl\":\"https:\/\/blancfestival.com\/wp-content\/uploads\/2023\/12\/blog.jpg\",\"datePublished\":\"2023-12-19T10:30:32+00:00\",\"dateModified\":\"2023-12-19T10:38:33+00:00\",\"breadcrumb\":{\"@id\":\"https:\/\/blancfestival.com\/espacio-en-blanco-diseno-grafico\/#breadcrumb\"},\"inLanguage\":\"ca\",\"potentialAction\":[{\"@type\":\"ReadAction\",\"target\":[\"https:\/\/blancfestival.com\/espacio-en-blanco-diseno-grafico\/\"]}]},{\"@type\":\"ImageObject\",\"inLanguage\":\"ca\",\"@id\":\"https:\/\/blancfestival.com\/espacio-en-blanco-diseno-grafico\/#primaryimage\",\"url\":\"https:\/\/blancfestival.com\/wp-content\/uploads\/2023\/12\/blog.jpg\",\"contentUrl\":\"https:\/\/blancfestival.com\/wp-content\/uploads\/2023\/12\/blog.jpg\",\"width\":1920,\"height\":1080},{\"@type\":\"BreadcrumbList\",\"@id\":\"https:\/\/blancfestival.com\/espacio-en-blanco-diseno-grafico\/#breadcrumb\",\"itemListElement\":[{\"@type\":\"ListItem\",\"position\":1,\"name\":\"Portada\",\"item\":\"https:\/\/blancfestival.com\/ca\/\"},{\"@type\":\"ListItem\",\"position\":2,\"name\":\"El Poder del Espacio en Blanco en Dise\u00f1o Gr\u00e1fico\"}]},{\"@type\":\"WebSite\",\"@id\":\"https:\/\/blancfestival.com\/#website\",\"url\":\"https:\/\/blancfestival.com\/\",\"name\":\"Blanc! Festival\",\"description\":\"Disseny, Creativitat i Innovaci\u00f3\",\"publisher\":{\"@id\":\"https:\/\/blancfestival.com\/#organization\"},\"potentialAction\":[{\"@type\":\"SearchAction\",\"target\":{\"@type\":\"EntryPoint\",\"urlTemplate\":\"https:\/\/blancfestival.com\/?s={search_term_string}\"},\"query-input\":{\"@type\":\"PropertyValueSpecification\",\"valueRequired\":true,\"valueName\":\"search_term_string\"}}],\"inLanguage\":\"ca\"},{\"@type\":\"Organization\",\"@id\":\"https:\/\/blancfestival.com\/#organization\",\"name\":\"Blanc! Festival de Dise\u00f1o, Creatividad e Innovaci\u00f3n\",\"url\":\"https:\/\/blancfestival.com\/\",\"logo\":{\"@type\":\"ImageObject\",\"inLanguage\":\"ca\",\"@id\":\"https:\/\/blancfestival.com\/#\/schema\/logo\/image\/\",\"url\":\"https:\/\/blancfestival.com\/wp-content\/uploads\/2025\/01\/logo_icono_blanc.jpg\",\"contentUrl\":\"https:\/\/blancfestival.com\/wp-content\/uploads\/2025\/01\/logo_icono_blanc.jpg\",\"width\":2000,\"height\":2000,\"caption\":\"Blanc! Festival de Dise\u00f1o, Creatividad e Innovaci\u00f3n\"},\"image\":{\"@id\":\"https:\/\/blancfestival.com\/#\/schema\/logo\/image\/\"},\"sameAs\":[\"https:\/\/www.facebook.com\/blanc.festivaldissenygrafic\/\",\"https:\/\/x.com\/blancfest\",\"https:\/\/www.instagram.com\/blancfest\/\",\"https:\/\/www.linkedin.com\/company\/blanc-festival\",\"https:\/\/www.pinterest.com\/blancfest\/\",\"https:\/\/www.youtube.com\/channel\/UCM-IjxOFb5gQg4yPgmze3Gg\"]},{\"@type\":\"Person\",\"@id\":\"https:\/\/blancfestival.com\/#\/schema\/person\/1c1365d1e51e5730cf3f5fadb8670c06\",\"name\":\"Redacci\u00f3n Blanc!\",\"image\":{\"@type\":\"ImageObject\",\"inLanguage\":\"ca\",\"@id\":\"https:\/\/blancfestival.com\/#\/schema\/person\/image\/\",\"url\":\"https:\/\/blancfestival.com\/wp-content\/uploads\/2020\/02\/ico-120x120.png\",\"contentUrl\":\"https:\/\/blancfestival.com\/wp-content\/uploads\/2020\/02\/ico-120x120.png\",\"caption\":\"Redacci\u00f3n Blanc!\"},\"description\":\"\u201cNo trates de doblar la cuchara. Es imposible. En lugar de hacerlo, solo intenta darte cuenta de la verdad\u2026 No hay cuchara. Entonces, ver\u00e1s que no es la cuchara lo que se dobla, te doblas t\u00fa\u201d\"}]}<\/script>\n<!-- \/ Yoast SEO plugin. -->","yoast_head_json":{"title":"El Poder del Espacio en Blanco en Dise\u00f1o Gr\u00e1fico","robots":{"index":"index","follow":"follow","max-snippet":"max-snippet:-1","max-image-preview":"max-image-preview:large","max-video-preview":"max-video-preview:-1"},"canonical":"https:\/\/blancfestival.com\/espacio-en-blanco-diseno-grafico\/","og_locale":"ca_ES","og_type":"article","og_title":"El Poder del Espacio en Blanco en Dise\u00f1o Gr\u00e1fico","og_description":"En el mundo del dise\u00f1o gr\u00e1fico, existe una batalla constante entre dise\u00f1adores y clientes en torno a la utilizaci\u00f3n del espacio en blanco. Este elemento, a menudo incomprendido, es un pilar fundamental del dise\u00f1o y su correcta aplicaci\u00f3n puede elevar un proyecto de bueno a excepcional. &nbsp; \u00bfQu\u00e9 es el espacio en blanco y por&hellip;","og_url":"https:\/\/blancfestival.com\/espacio-en-blanco-diseno-grafico\/","og_site_name":"Blanc!","article_publisher":"https:\/\/www.facebook.com\/blanc.festivaldissenygrafic\/","article_published_time":"2023-12-19T10:30:32+00:00","article_modified_time":"2023-12-19T10:38:33+00:00","og_image":[{"width":1920,"height":1080,"url":"https:\/\/blancfestival.com\/wp-content\/uploads\/2023\/12\/blog.jpg","type":"image\/jpeg"}],"author":"Redacci\u00f3n Blanc!","twitter_card":"summary_large_image","twitter_creator":"@blancfest","twitter_site":"@blancfest","twitter_misc":{"Written by":"Redacci\u00f3n Blanc!","Est. reading time":"2 minutes"},"schema":{"@context":"https:\/\/schema.org","@graph":[{"@type":"Article","@id":"https:\/\/blancfestival.com\/espacio-en-blanco-diseno-grafico\/#article","isPartOf":{"@id":"https:\/\/blancfestival.com\/espacio-en-blanco-diseno-grafico\/"},"author":{"name":"Redacci\u00f3n Blanc!","@id":"https:\/\/blancfestival.com\/#\/schema\/person\/1c1365d1e51e5730cf3f5fadb8670c06"},"headline":"El Poder del Espacio en Blanco en Dise\u00f1o Gr\u00e1fico","datePublished":"2023-12-19T10:30:32+00:00","dateModified":"2023-12-19T10:38:33+00:00","mainEntityOfPage":{"@id":"https:\/\/blancfestival.com\/espacio-en-blanco-diseno-grafico\/"},"wordCount":455,"publisher":{"@id":"https:\/\/blancfestival.com\/#organization"},"image":{"@id":"https:\/\/blancfestival.com\/espacio-en-blanco-diseno-grafico\/#primaryimage"},"thumbnailUrl":"https:\/\/blancfestival.com\/wp-content\/uploads\/2023\/12\/blog.jpg","articleSection":["Blanc Basics","Dise\u00f1o","Dise\u00f1o Gr\u00e1fico"],"inLanguage":"ca"},{"@type":"WebPage","@id":"https:\/\/blancfestival.com\/espacio-en-blanco-diseno-grafico\/","url":"https:\/\/blancfestival.com\/espacio-en-blanco-diseno-grafico\/","name":"El Poder del Espacio en Blanco en Dise\u00f1o Gr\u00e1fico","isPartOf":{"@id":"https:\/\/blancfestival.com\/#website"},"primaryImageOfPage":{"@id":"https:\/\/blancfestival.com\/espacio-en-blanco-diseno-grafico\/#primaryimage"},"image":{"@id":"https:\/\/blancfestival.com\/espacio-en-blanco-diseno-grafico\/#primaryimage"},"thumbnailUrl":"https:\/\/blancfestival.com\/wp-content\/uploads\/2023\/12\/blog.jpg","datePublished":"2023-12-19T10:30:32+00:00","dateModified":"2023-12-19T10:38:33+00:00","breadcrumb":{"@id":"https:\/\/blancfestival.com\/espacio-en-blanco-diseno-grafico\/#breadcrumb"},"inLanguage":"ca","potentialAction":[{"@type":"ReadAction","target":["https:\/\/blancfestival.com\/espacio-en-blanco-diseno-grafico\/"]}]},{"@type":"ImageObject","inLanguage":"ca","@id":"https:\/\/blancfestival.com\/espacio-en-blanco-diseno-grafico\/#primaryimage","url":"https:\/\/blancfestival.com\/wp-content\/uploads\/2023\/12\/blog.jpg","contentUrl":"https:\/\/blancfestival.com\/wp-content\/uploads\/2023\/12\/blog.jpg","width":1920,"height":1080},{"@type":"BreadcrumbList","@id":"https:\/\/blancfestival.com\/espacio-en-blanco-diseno-grafico\/#breadcrumb","itemListElement":[{"@type":"ListItem","position":1,"name":"Portada","item":"https:\/\/blancfestival.com\/ca\/"},{"@type":"ListItem","position":2,"name":"El Poder del Espacio en Blanco en Dise\u00f1o Gr\u00e1fico"}]},{"@type":"WebSite","@id":"https:\/\/blancfestival.com\/#website","url":"https:\/\/blancfestival.com\/","name":"Blanc! Festival","description":"Disseny, Creativitat i Innovaci\u00f3","publisher":{"@id":"https:\/\/blancfestival.com\/#organization"},"potentialAction":[{"@type":"SearchAction","target":{"@type":"EntryPoint","urlTemplate":"https:\/\/blancfestival.com\/?s={search_term_string}"},"query-input":{"@type":"PropertyValueSpecification","valueRequired":true,"valueName":"search_term_string"}}],"inLanguage":"ca"},{"@type":"Organization","@id":"https:\/\/blancfestival.com\/#organization","name":"Blanc! Festival de Dise\u00f1o, Creatividad e Innovaci\u00f3n","url":"https:\/\/blancfestival.com\/","logo":{"@type":"ImageObject","inLanguage":"ca","@id":"https:\/\/blancfestival.com\/#\/schema\/logo\/image\/","url":"https:\/\/blancfestival.com\/wp-content\/uploads\/2025\/01\/logo_icono_blanc.jpg","contentUrl":"https:\/\/blancfestival.com\/wp-content\/uploads\/2025\/01\/logo_icono_blanc.jpg","width":2000,"height":2000,"caption":"Blanc! Festival de Dise\u00f1o, Creatividad e Innovaci\u00f3n"},"image":{"@id":"https:\/\/blancfestival.com\/#\/schema\/logo\/image\/"},"sameAs":["https:\/\/www.facebook.com\/blanc.festivaldissenygrafic\/","https:\/\/x.com\/blancfest","https:\/\/www.instagram.com\/blancfest\/","https:\/\/www.linkedin.com\/company\/blanc-festival","https:\/\/www.pinterest.com\/blancfest\/","https:\/\/www.youtube.com\/channel\/UCM-IjxOFb5gQg4yPgmze3Gg"]},{"@type":"Person","@id":"https:\/\/blancfestival.com\/#\/schema\/person\/1c1365d1e51e5730cf3f5fadb8670c06","name":"Redacci\u00f3n Blanc!","image":{"@type":"ImageObject","inLanguage":"ca","@id":"https:\/\/blancfestival.com\/#\/schema\/person\/image\/","url":"https:\/\/blancfestival.com\/wp-content\/uploads\/2020\/02\/ico-120x120.png","contentUrl":"https:\/\/blancfestival.com\/wp-content\/uploads\/2020\/02\/ico-120x120.png","caption":"Redacci\u00f3n Blanc!"},"description":"\u201cNo trates de doblar la cuchara. Es imposible. En lugar de hacerlo, solo intenta darte cuenta de la verdad\u2026 No hay cuchara. Entonces, ver\u00e1s que no es la cuchara lo que se dobla, te doblas t\u00fa\u201d"}]}},"_links":{"self":[{"href":"https:\/\/blancfestival.com\/ca\/wp-json\/wp\/v2\/posts\/15567","targetHints":{"allow":["GET"]}}],"collection":[{"href":"https:\/\/blancfestival.com\/ca\/wp-json\/wp\/v2\/posts"}],"about":[{"href":"https:\/\/blancfestival.com\/ca\/wp-json\/wp\/v2\/types\/post"}],"author":[{"embeddable":true,"href":"https:\/\/blancfestival.com\/ca\/wp-json\/wp\/v2\/users\/3"}],"replies":[{"embeddable":true,"href":"https:\/\/blancfestival.com\/ca\/wp-json\/wp\/v2\/comments?post=15567"}],"version-history":[{"count":9,"href":"https:\/\/blancfestival.com\/ca\/wp-json\/wp\/v2\/posts\/15567\/revisions"}],"predecessor-version":[{"id":15582,"href":"https:\/\/blancfestival.com\/ca\/wp-json\/wp\/v2\/posts\/15567\/revisions\/15582"}],"wp:featuredmedia":[{"embeddable":true,"href":"https:\/\/blancfestival.com\/ca\/wp-json\/wp\/v2\/media\/15569"}],"wp:attachment":[{"href":"https:\/\/blancfestival.com\/ca\/wp-json\/wp\/v2\/media?parent=15567"}],"wp:term":[{"taxonomy":"category","embeddable":true,"href":"https:\/\/blancfestival.com\/ca\/wp-json\/wp\/v2\/categories?post=15567"},{"taxonomy":"post_tag","embeddable":true,"href":"https:\/\/blancfestival.com\/ca\/wp-json\/wp\/v2\/tags?post=15567"},{"taxonomy":"evento","embeddable":true,"href":"https:\/\/blancfestival.com\/ca\/wp-json\/wp\/v2\/evento?post=15567"}],"curies":[{"name":"wp","href":"https:\/\/api.w.org\/{rel}","templated":true}]}}