{"id":15726,"date":"2024-02-15T11:34:29","date_gmt":"2024-02-15T10:34:29","guid":{"rendered":"https:\/\/blancfestival.com\/?p=15726"},"modified":"2024-02-15T11:46:48","modified_gmt":"2024-02-15T10:46:48","slug":"desatando-nudos-creativos-el-pensamiento-lateral-y-la-boa-del-principito","status":"publish","type":"post","link":"https:\/\/blancfestival.com\/ca\/desatando-nudos-creativos-el-pensamiento-lateral-y-la-boa-del-principito\/","title":{"rendered":"Desatando nudos creativos: el pensamiento lateral y la boa del Principito"},"content":{"rendered":"<p>En un mundo donde la l\u00f3gica lineal domina nuestros sistemas de educaci\u00f3n y trabajo, surge una chispa de ingenio capaz de iluminar las sombras de lo convencional: el pensamiento lateral. Esta forma de razonamiento, acu\u00f1ada por <a href=\"https:\/\/es.wikipedia.org\/wiki\/Edward_de_Bono\" target=\"_blank\" rel=\"nofollow noopener\">Edward de Bono en 1967<\/a>, nos invita a mirar m\u00e1s all\u00e1 de lo obvio, a cuestionar el status quo y a encontrar soluciones innovadoras a problemas que, a primera vista, parecen tener un callej\u00f3n sin salida. Pero, \u00bfc\u00f3mo podemos aplicar este concepto en nuestra vida diaria y creativa? Para entenderlo, sumerj\u00e1monos en la historia del dibujo m\u00e1s famoso del libro &#8220;El Principito&#8221; de Antoine de Saint-Exup\u00e9ry: la boa que se trag\u00f3 un elefante.<\/p>\n<p><img loading=\"lazy\" decoding=\"async\" width=\"700\" height=\"412\" class=\"alignnone size-large wp-image-15727\" src=\"https:\/\/blancfestival.com\/wp-content\/uploads\/2024\/02\/elefante-700x412.jpg\" alt=\"\" srcset=\"https:\/\/blancfestival.com\/wp-content\/uploads\/2024\/02\/elefante-700x412.jpg 700w, https:\/\/blancfestival.com\/wp-content\/uploads\/2024\/02\/elefante-250x147.jpg 250w, https:\/\/blancfestival.com\/wp-content\/uploads\/2024\/02\/elefante-768x452.jpg 768w, https:\/\/blancfestival.com\/wp-content\/uploads\/2024\/02\/elefante-120x71.jpg 120w, https:\/\/blancfestival.com\/wp-content\/uploads\/2024\/02\/elefante.jpg 1220w\" sizes=\"auto, (max-width: 700px) 100vw, 700px\" \/><\/p>\n<h2>La boa que se trag\u00f3 un elefante: una lecci\u00f3n de creatividad<\/h2>\n<p>Cuando <a href=\"https:\/\/es.wikipedia.org\/wiki\/Antoine_de_Saint-Exup%C3%A9ry\" target=\"_blank\" rel=\"nofollow noopener\">Antoine de Saint-Exup\u00e9ry<\/a> nos present\u00f3 su obra maestra, &#8220;El Principito&#8221;, posiblemente no imagin\u00f3 que un simple dibujo desatar\u00eda una revoluci\u00f3n en nuestra percepci\u00f3n de la creatividad. La historia comienza con el narrador, un piloto, que recuerda c\u00f3mo su carrera art\u00edstica fue abruptamente interrumpida en su infancia por adultos que no pod\u00edan ver m\u00e1s all\u00e1 de lo evidente. Su dibujo de una boa que se trag\u00f3 un elefante fue constantemente malinterpretado como un sombrero, llev\u00e1ndolo a abandonar su pasi\u00f3n por el dibujo.<\/p>\n<p>Esta an\u00e9cdota, lejos de ser una simple introducci\u00f3n a la fant\u00e1stica historia que sigue, es una poderosa lecci\u00f3n sobre el pensamiento lateral. El dibujo representa la capacidad de ver m\u00e1s all\u00e1 de la primera impresi\u00f3n, de buscar significados ocultos y de entender que, a veces, la realidad es mucho m\u00e1s profunda de lo que parece a simple vista.<\/p>\n<h2>El pensamiento lateral en acci\u00f3n<\/h2>\n<p>Edward de Bono argumenta que el pensamiento lateral es esencial para la resoluci\u00f3n de problemas de una manera no secuencial, permiti\u00e9ndonos saltar fuera de los patrones de pensamiento habituales para encontrar soluciones \u00fanicas. En su libro <a href=\"https:\/\/amzn.to\/3SYCLbd\" target=\"_blank\" rel=\"nofollow noopener\">&#8220;El Pensamiento Lateral: Manual de Creatividad&#8221;<\/a>, de Bono destaca c\u00f3mo este enfoque puede llevar a ideas revolucionarias y a soluciones sorprendentes que nunca surgir\u00edan de un proceso de pensamiento lineal y estructurado.<\/p>\n<p>La historia de la boa y el elefante es un ejemplo cl\u00e1sico de pensamiento lateral. En lugar de seguir insistiendo en que los dem\u00e1s vean un elefante dentro de una boa, el narrador acepta la percepci\u00f3n de los adultos y se mueve en una direcci\u00f3n diferente, eligiendo eventualmente convertirse en piloto. Sin embargo, la esencia de su creatividad, simbolizada por el dibujo, permanece intacta y se convierte en una herramienta clave para su encuentro con el Principito.<\/p>\n<h2>Aplicando el pensamiento lateral en nuestros proyectos<\/h2>\n<p>El d\u00eda a d\u00eda nos devora, en pro de la repidez y la rentabilidad muchas veces tiramos del pensamiento vertical para resolver problema: del punto A al punto B, y acabado. Por eso la clave est\u00e1 en permitirnos cuestionar y desafiar las normas establecidas, buscar m\u00faltiples soluciones a un mismo problema y no tener miedo de fallar. La creatividad, despu\u00e9s de todo, se alimenta de la experimentaci\u00f3n y del aprendizaje que viene con el intento y error.<\/p>\n<p>Para fomentar el pensamiento lateral, podemos empezar por cambiar nuestras rutinas, probar nuevas actividades, o incluso abordar problemas desde perspectivas completamente diferentes. La pr\u00f3xima vez que te enfrentes a un desaf\u00edo, preg\u00fantate: \u00bfQu\u00e9 har\u00eda el Principito en esta situaci\u00f3n? La respuesta podr\u00eda sorprenderte y llevarte por caminos inesperadamente creativos.<\/p>\n<p>El valor del pensamiento lateral no se limita \u00fanicamente a la resoluci\u00f3n de problemas o al \u00e1mbito creativo; se extiende a nuestra capacidad de empat\u00eda y comprensi\u00f3n. Al igual que el narrador de &#8220;El Principito&#8221; aprende a ver el mundo a trav\u00e9s de los ojos de un ni\u00f1o, nosotros tambi\u00e9n podemos beneficiarnos de intentar comprender las perspectivas de los dem\u00e1s, incluso cuando no coinciden con las nuestras. Esta habilidad para &#8220;leer entre l\u00edneas&#8221; y apreciar las ideas no convencionales puede enriquecer nuestras relaciones personales y profesionales, fomentando un ambiente de apertura e innovaci\u00f3n.<\/p>\n<h2>Estrategias para desarrollar el pensamiento lateral<\/h2>\n<p>Para cultivar un enfoque de pensamiento lateral en nuestro trabajo, considera adoptar algunas de las siguientes estrategias:<\/p>\n<p># Rompe con la Rutina: Modifica tu rutina diaria de maneras peque\u00f1as pero significativas. Esto puede ayudar a estimular tu cerebro y a ver el mundo desde una nueva perspectiva.<\/p>\n<p># Plantea Preguntas Diferentes: En lugar de preguntarte por qu\u00e9 algo es de cierta manera, pregunta c\u00f3mo podr\u00eda ser diferente. Esto puede abrir un abanico de posibilidades que antes no hab\u00edas considerado.<\/p>\n<p># Practica la reversi\u00f3n de problemas: Enfoca un problema desde el final hacia el principio. Este enfoque puede revelar soluciones creativas que de otro modo permanecer\u00edan ocultas.<\/p>\n<p># Busca inspiraci\u00f3n en otras disciplinas: A menudo, las soluciones m\u00e1s innovadoras provienen de aplicar ideas o t\u00e9cnicas de un campo completamente distinto al problema en cuesti\u00f3n.<\/p>\n<p># Ejercita tu curiosidad: Mant\u00e9n una actitud de curiosidad constante. Investiga, lee y explora temas fuera de tu zona de confort. La curiosidad es el motor de la creatividad.<\/p>\n<p>&nbsp;<\/p>\n<h2>El legado de &#8220;El Principito&#8221;<\/h2>\n<p>La obra de Antoine de Saint-Exup\u00e9ry nos recuerda que todos tenemos la capacidad de ver el mundo de manera diferente, pero a menudo necesitamos un peque\u00f1o empuj\u00f3n para recordar c\u00f3mo hacerlo. &#8220;El Principito&#8221; no es solo una historia sobre la aventura de un joven pr\u00edncipe; es una invitaci\u00f3n a redescubrir nuestra capacidad de asombro, a cuestionar nuestras percepciones y a abrazar el pensamiento lateral en todas las facetas de nuestra vida.<\/p>\n<p>Al final, el pensamiento lateral, al igual que la historia de la boa que se trag\u00f3 un elefante, nos ense\u00f1a que las respuestas a los desaf\u00edos m\u00e1s complejos de la vida a menudo se encuentran en los lugares m\u00e1s inesperados. Solo necesitamos la disposici\u00f3n para buscarlas y la valent\u00eda para ver m\u00e1s all\u00e1 de lo obvio.<\/p>\n<p>As\u00ed que la pr\u00f3xima vez que te enfrentes a un problema que parece no tener soluci\u00f3n, recuerda el esp\u00edritu del Principito y el dibujo de Saint-Exup\u00e9ry. Permite que tu imaginaci\u00f3n vuele, abraza el pensamiento lateral y encuentra la boa entre los sombreros de tu vida. Qui\u00e9n sabe, quiz\u00e1s descubras un mundo de posibilidades que nunca imaginaste posibles.<\/p>\n","protected":false},"excerpt":{"rendered":"En un mundo donde la l\u00f3gica lineal domina nuestros sistemas de educaci\u00f3n y trabajo, surge una chispa de ingenio capaz de iluminar las sombras de lo convencional: el pensamiento lateral. Esta forma de razonamiento, acu\u00f1ada por Edward de Bono en 1967, nos invita a mirar m\u00e1s all\u00e1 de lo obvio, a cuestionar el status quo&hellip;","protected":false},"author":3,"featured_media":15727,"comment_status":"closed","ping_status":"closed","sticky":false,"template":"","format":"standard","meta":{"_acf_changed":false,"footnotes":""},"categories":[3],"tags":[],"evento":[],"class_list":["post-15726","post","type-post","status-publish","format-standard","has-post-thumbnail","hentry","category-creatividad"],"acf":[],"yoast_head":"<!-- This site is optimized with the Yoast SEO plugin v23.7 - https:\/\/yoast.com\/wordpress\/plugins\/seo\/ -->\n<title>Desatando nudos creativos: el pensamiento lateral y la boa del Principito<\/title>\n<meta name=\"description\" content=\"Permite que tu imaginaci\u00f3n vuele, abraza el pensamiento lateral y encuentra la boa entre los sombreros de tu vida.\" \/>\n<meta name=\"robots\" content=\"index, follow, max-snippet:-1, max-image-preview:large, max-video-preview:-1\" \/>\n<link rel=\"canonical\" href=\"https:\/\/blancfestival.com\/en\/desatando-nudos-creativos-el-pensamiento-lateral-y-la-boa-del-principito\/\" \/>\n<meta property=\"og:locale\" content=\"ca_ES\" \/>\n<meta property=\"og:type\" content=\"article\" \/>\n<meta property=\"og:title\" content=\"Desatando nudos creativos: el pensamiento lateral y la boa del Principito\" \/>\n<meta property=\"og:description\" content=\"Permite que tu imaginaci\u00f3n vuele, abraza el pensamiento lateral y encuentra la boa entre los sombreros de tu vida.\" \/>\n<meta property=\"og:url\" content=\"https:\/\/blancfestival.com\/en\/desatando-nudos-creativos-el-pensamiento-lateral-y-la-boa-del-principito\/\" \/>\n<meta property=\"og:site_name\" content=\"Blanc!\" \/>\n<meta property=\"article:publisher\" content=\"https:\/\/www.facebook.com\/blanc.festivaldissenygrafic\/\" \/>\n<meta property=\"article:published_time\" content=\"2024-02-15T10:34:29+00:00\" \/>\n<meta property=\"article:modified_time\" content=\"2024-02-15T10:46:48+00:00\" \/>\n<meta property=\"og:image\" content=\"https:\/\/blancfestival.com\/wp-content\/uploads\/2024\/02\/elefante.jpg\" \/>\n\t<meta property=\"og:image:width\" content=\"1220\" \/>\n\t<meta property=\"og:image:height\" content=\"718\" \/>\n\t<meta property=\"og:image:type\" content=\"image\/jpeg\" \/>\n<meta name=\"author\" content=\"Redacci\u00f3n Blanc!\" \/>\n<meta name=\"twitter:card\" content=\"summary_large_image\" \/>\n<meta name=\"twitter:creator\" content=\"@blancfest\" \/>\n<meta name=\"twitter:site\" content=\"@blancfest\" \/>\n<meta name=\"twitter:label1\" content=\"Written by\" \/>\n\t<meta name=\"twitter:data1\" content=\"Redacci\u00f3n Blanc!\" \/>\n\t<meta name=\"twitter:label2\" content=\"Est. reading time\" \/>\n\t<meta name=\"twitter:data2\" content=\"5 minutes\" \/>\n<script type=\"application\/ld+json\" class=\"yoast-schema-graph\">{\"@context\":\"https:\/\/schema.org\",\"@graph\":[{\"@type\":\"Article\",\"@id\":\"https:\/\/blancfestival.com\/en\/desatando-nudos-creativos-el-pensamiento-lateral-y-la-boa-del-principito\/#article\",\"isPartOf\":{\"@id\":\"https:\/\/blancfestival.com\/en\/desatando-nudos-creativos-el-pensamiento-lateral-y-la-boa-del-principito\/\"},\"author\":{\"name\":\"Redacci\u00f3n Blanc!\",\"@id\":\"https:\/\/blancfestival.com\/#\/schema\/person\/1c1365d1e51e5730cf3f5fadb8670c06\"},\"headline\":\"Desatando nudos creativos: el pensamiento lateral y la boa del Principito\",\"datePublished\":\"2024-02-15T10:34:29+00:00\",\"dateModified\":\"2024-02-15T10:46:48+00:00\",\"mainEntityOfPage\":{\"@id\":\"https:\/\/blancfestival.com\/en\/desatando-nudos-creativos-el-pensamiento-lateral-y-la-boa-del-principito\/\"},\"wordCount\":1086,\"publisher\":{\"@id\":\"https:\/\/blancfestival.com\/#organization\"},\"image\":{\"@id\":\"https:\/\/blancfestival.com\/en\/desatando-nudos-creativos-el-pensamiento-lateral-y-la-boa-del-principito\/#primaryimage\"},\"thumbnailUrl\":\"https:\/\/blancfestival.com\/wp-content\/uploads\/2024\/02\/elefante.jpg\",\"articleSection\":[\"Creatividad\"],\"inLanguage\":\"ca\"},{\"@type\":\"WebPage\",\"@id\":\"https:\/\/blancfestival.com\/en\/desatando-nudos-creativos-el-pensamiento-lateral-y-la-boa-del-principito\/\",\"url\":\"https:\/\/blancfestival.com\/en\/desatando-nudos-creativos-el-pensamiento-lateral-y-la-boa-del-principito\/\",\"name\":\"Desatando nudos creativos: el pensamiento lateral y la boa del Principito\",\"isPartOf\":{\"@id\":\"https:\/\/blancfestival.com\/#website\"},\"primaryImageOfPage\":{\"@id\":\"https:\/\/blancfestival.com\/en\/desatando-nudos-creativos-el-pensamiento-lateral-y-la-boa-del-principito\/#primaryimage\"},\"image\":{\"@id\":\"https:\/\/blancfestival.com\/en\/desatando-nudos-creativos-el-pensamiento-lateral-y-la-boa-del-principito\/#primaryimage\"},\"thumbnailUrl\":\"https:\/\/blancfestival.com\/wp-content\/uploads\/2024\/02\/elefante.jpg\",\"datePublished\":\"2024-02-15T10:34:29+00:00\",\"dateModified\":\"2024-02-15T10:46:48+00:00\",\"description\":\"Permite que tu imaginaci\u00f3n vuele, abraza el pensamiento lateral y encuentra la boa entre los sombreros de tu vida.\",\"breadcrumb\":{\"@id\":\"https:\/\/blancfestival.com\/en\/desatando-nudos-creativos-el-pensamiento-lateral-y-la-boa-del-principito\/#breadcrumb\"},\"inLanguage\":\"ca\",\"potentialAction\":[{\"@type\":\"ReadAction\",\"target\":[\"https:\/\/blancfestival.com\/en\/desatando-nudos-creativos-el-pensamiento-lateral-y-la-boa-del-principito\/\"]}]},{\"@type\":\"ImageObject\",\"inLanguage\":\"ca\",\"@id\":\"https:\/\/blancfestival.com\/en\/desatando-nudos-creativos-el-pensamiento-lateral-y-la-boa-del-principito\/#primaryimage\",\"url\":\"https:\/\/blancfestival.com\/wp-content\/uploads\/2024\/02\/elefante.jpg\",\"contentUrl\":\"https:\/\/blancfestival.com\/wp-content\/uploads\/2024\/02\/elefante.jpg\",\"width\":1220,\"height\":718},{\"@type\":\"BreadcrumbList\",\"@id\":\"https:\/\/blancfestival.com\/en\/desatando-nudos-creativos-el-pensamiento-lateral-y-la-boa-del-principito\/#breadcrumb\",\"itemListElement\":[{\"@type\":\"ListItem\",\"position\":1,\"name\":\"Portada\",\"item\":\"https:\/\/blancfestival.com\/ca\/\"},{\"@type\":\"ListItem\",\"position\":2,\"name\":\"Desatando nudos creativos: el pensamiento lateral y la boa del Principito\"}]},{\"@type\":\"WebSite\",\"@id\":\"https:\/\/blancfestival.com\/#website\",\"url\":\"https:\/\/blancfestival.com\/\",\"name\":\"Blanc! Festival\",\"description\":\"Disseny, Creativitat i Innovaci\u00f3\",\"publisher\":{\"@id\":\"https:\/\/blancfestival.com\/#organization\"},\"potentialAction\":[{\"@type\":\"SearchAction\",\"target\":{\"@type\":\"EntryPoint\",\"urlTemplate\":\"https:\/\/blancfestival.com\/?s={search_term_string}\"},\"query-input\":{\"@type\":\"PropertyValueSpecification\",\"valueRequired\":true,\"valueName\":\"search_term_string\"}}],\"inLanguage\":\"ca\"},{\"@type\":\"Organization\",\"@id\":\"https:\/\/blancfestival.com\/#organization\",\"name\":\"Blanc! Festival de Dise\u00f1o, Creatividad e Innovaci\u00f3n\",\"url\":\"https:\/\/blancfestival.com\/\",\"logo\":{\"@type\":\"ImageObject\",\"inLanguage\":\"ca\",\"@id\":\"https:\/\/blancfestival.com\/#\/schema\/logo\/image\/\",\"url\":\"https:\/\/blancfestival.com\/wp-content\/uploads\/2025\/01\/logo_icono_blanc.jpg\",\"contentUrl\":\"https:\/\/blancfestival.com\/wp-content\/uploads\/2025\/01\/logo_icono_blanc.jpg\",\"width\":2000,\"height\":2000,\"caption\":\"Blanc! Festival de Dise\u00f1o, Creatividad e Innovaci\u00f3n\"},\"image\":{\"@id\":\"https:\/\/blancfestival.com\/#\/schema\/logo\/image\/\"},\"sameAs\":[\"https:\/\/www.facebook.com\/blanc.festivaldissenygrafic\/\",\"https:\/\/x.com\/blancfest\",\"https:\/\/www.instagram.com\/blancfest\/\",\"https:\/\/www.linkedin.com\/company\/blanc-festival\",\"https:\/\/www.pinterest.com\/blancfest\/\",\"https:\/\/www.youtube.com\/channel\/UCM-IjxOFb5gQg4yPgmze3Gg\"]},{\"@type\":\"Person\",\"@id\":\"https:\/\/blancfestival.com\/#\/schema\/person\/1c1365d1e51e5730cf3f5fadb8670c06\",\"name\":\"Redacci\u00f3n Blanc!\",\"image\":{\"@type\":\"ImageObject\",\"inLanguage\":\"ca\",\"@id\":\"https:\/\/blancfestival.com\/#\/schema\/person\/image\/\",\"url\":\"https:\/\/blancfestival.com\/wp-content\/uploads\/2020\/02\/ico-120x120.png\",\"contentUrl\":\"https:\/\/blancfestival.com\/wp-content\/uploads\/2020\/02\/ico-120x120.png\",\"caption\":\"Redacci\u00f3n Blanc!\"},\"description\":\"\u201cNo trates de doblar la cuchara. Es imposible. En lugar de hacerlo, solo intenta darte cuenta de la verdad\u2026 No hay cuchara. Entonces, ver\u00e1s que no es la cuchara lo que se dobla, te doblas t\u00fa\u201d\"}]}<\/script>\n<!-- \/ Yoast SEO plugin. -->","yoast_head_json":{"title":"Desatando nudos creativos: el pensamiento lateral y la boa del Principito","description":"Permite que tu imaginaci\u00f3n vuele, abraza el pensamiento lateral y encuentra la boa entre los sombreros de tu vida.","robots":{"index":"index","follow":"follow","max-snippet":"max-snippet:-1","max-image-preview":"max-image-preview:large","max-video-preview":"max-video-preview:-1"},"canonical":"https:\/\/blancfestival.com\/en\/desatando-nudos-creativos-el-pensamiento-lateral-y-la-boa-del-principito\/","og_locale":"ca_ES","og_type":"article","og_title":"Desatando nudos creativos: el pensamiento lateral y la boa del Principito","og_description":"Permite que tu imaginaci\u00f3n vuele, abraza el pensamiento lateral y encuentra la boa entre los sombreros de tu vida.","og_url":"https:\/\/blancfestival.com\/en\/desatando-nudos-creativos-el-pensamiento-lateral-y-la-boa-del-principito\/","og_site_name":"Blanc!","article_publisher":"https:\/\/www.facebook.com\/blanc.festivaldissenygrafic\/","article_published_time":"2024-02-15T10:34:29+00:00","article_modified_time":"2024-02-15T10:46:48+00:00","og_image":[{"width":1220,"height":718,"url":"https:\/\/blancfestival.com\/wp-content\/uploads\/2024\/02\/elefante.jpg","type":"image\/jpeg"}],"author":"Redacci\u00f3n Blanc!","twitter_card":"summary_large_image","twitter_creator":"@blancfest","twitter_site":"@blancfest","twitter_misc":{"Written by":"Redacci\u00f3n Blanc!","Est. reading time":"5 minutes"},"schema":{"@context":"https:\/\/schema.org","@graph":[{"@type":"Article","@id":"https:\/\/blancfestival.com\/en\/desatando-nudos-creativos-el-pensamiento-lateral-y-la-boa-del-principito\/#article","isPartOf":{"@id":"https:\/\/blancfestival.com\/en\/desatando-nudos-creativos-el-pensamiento-lateral-y-la-boa-del-principito\/"},"author":{"name":"Redacci\u00f3n Blanc!","@id":"https:\/\/blancfestival.com\/#\/schema\/person\/1c1365d1e51e5730cf3f5fadb8670c06"},"headline":"Desatando nudos creativos: el pensamiento lateral y la boa del Principito","datePublished":"2024-02-15T10:34:29+00:00","dateModified":"2024-02-15T10:46:48+00:00","mainEntityOfPage":{"@id":"https:\/\/blancfestival.com\/en\/desatando-nudos-creativos-el-pensamiento-lateral-y-la-boa-del-principito\/"},"wordCount":1086,"publisher":{"@id":"https:\/\/blancfestival.com\/#organization"},"image":{"@id":"https:\/\/blancfestival.com\/en\/desatando-nudos-creativos-el-pensamiento-lateral-y-la-boa-del-principito\/#primaryimage"},"thumbnailUrl":"https:\/\/blancfestival.com\/wp-content\/uploads\/2024\/02\/elefante.jpg","articleSection":["Creatividad"],"inLanguage":"ca"},{"@type":"WebPage","@id":"https:\/\/blancfestival.com\/en\/desatando-nudos-creativos-el-pensamiento-lateral-y-la-boa-del-principito\/","url":"https:\/\/blancfestival.com\/en\/desatando-nudos-creativos-el-pensamiento-lateral-y-la-boa-del-principito\/","name":"Desatando nudos creativos: el pensamiento lateral y la boa del Principito","isPartOf":{"@id":"https:\/\/blancfestival.com\/#website"},"primaryImageOfPage":{"@id":"https:\/\/blancfestival.com\/en\/desatando-nudos-creativos-el-pensamiento-lateral-y-la-boa-del-principito\/#primaryimage"},"image":{"@id":"https:\/\/blancfestival.com\/en\/desatando-nudos-creativos-el-pensamiento-lateral-y-la-boa-del-principito\/#primaryimage"},"thumbnailUrl":"https:\/\/blancfestival.com\/wp-content\/uploads\/2024\/02\/elefante.jpg","datePublished":"2024-02-15T10:34:29+00:00","dateModified":"2024-02-15T10:46:48+00:00","description":"Permite que tu imaginaci\u00f3n vuele, abraza el pensamiento lateral y encuentra la boa entre los sombreros de tu vida.","breadcrumb":{"@id":"https:\/\/blancfestival.com\/en\/desatando-nudos-creativos-el-pensamiento-lateral-y-la-boa-del-principito\/#breadcrumb"},"inLanguage":"ca","potentialAction":[{"@type":"ReadAction","target":["https:\/\/blancfestival.com\/en\/desatando-nudos-creativos-el-pensamiento-lateral-y-la-boa-del-principito\/"]}]},{"@type":"ImageObject","inLanguage":"ca","@id":"https:\/\/blancfestival.com\/en\/desatando-nudos-creativos-el-pensamiento-lateral-y-la-boa-del-principito\/#primaryimage","url":"https:\/\/blancfestival.com\/wp-content\/uploads\/2024\/02\/elefante.jpg","contentUrl":"https:\/\/blancfestival.com\/wp-content\/uploads\/2024\/02\/elefante.jpg","width":1220,"height":718},{"@type":"BreadcrumbList","@id":"https:\/\/blancfestival.com\/en\/desatando-nudos-creativos-el-pensamiento-lateral-y-la-boa-del-principito\/#breadcrumb","itemListElement":[{"@type":"ListItem","position":1,"name":"Portada","item":"https:\/\/blancfestival.com\/ca\/"},{"@type":"ListItem","position":2,"name":"Desatando nudos creativos: el pensamiento lateral y la boa del Principito"}]},{"@type":"WebSite","@id":"https:\/\/blancfestival.com\/#website","url":"https:\/\/blancfestival.com\/","name":"Blanc! Festival","description":"Disseny, Creativitat i Innovaci\u00f3","publisher":{"@id":"https:\/\/blancfestival.com\/#organization"},"potentialAction":[{"@type":"SearchAction","target":{"@type":"EntryPoint","urlTemplate":"https:\/\/blancfestival.com\/?s={search_term_string}"},"query-input":{"@type":"PropertyValueSpecification","valueRequired":true,"valueName":"search_term_string"}}],"inLanguage":"ca"},{"@type":"Organization","@id":"https:\/\/blancfestival.com\/#organization","name":"Blanc! Festival de Dise\u00f1o, Creatividad e Innovaci\u00f3n","url":"https:\/\/blancfestival.com\/","logo":{"@type":"ImageObject","inLanguage":"ca","@id":"https:\/\/blancfestival.com\/#\/schema\/logo\/image\/","url":"https:\/\/blancfestival.com\/wp-content\/uploads\/2025\/01\/logo_icono_blanc.jpg","contentUrl":"https:\/\/blancfestival.com\/wp-content\/uploads\/2025\/01\/logo_icono_blanc.jpg","width":2000,"height":2000,"caption":"Blanc! Festival de Dise\u00f1o, Creatividad e Innovaci\u00f3n"},"image":{"@id":"https:\/\/blancfestival.com\/#\/schema\/logo\/image\/"},"sameAs":["https:\/\/www.facebook.com\/blanc.festivaldissenygrafic\/","https:\/\/x.com\/blancfest","https:\/\/www.instagram.com\/blancfest\/","https:\/\/www.linkedin.com\/company\/blanc-festival","https:\/\/www.pinterest.com\/blancfest\/","https:\/\/www.youtube.com\/channel\/UCM-IjxOFb5gQg4yPgmze3Gg"]},{"@type":"Person","@id":"https:\/\/blancfestival.com\/#\/schema\/person\/1c1365d1e51e5730cf3f5fadb8670c06","name":"Redacci\u00f3n Blanc!","image":{"@type":"ImageObject","inLanguage":"ca","@id":"https:\/\/blancfestival.com\/#\/schema\/person\/image\/","url":"https:\/\/blancfestival.com\/wp-content\/uploads\/2020\/02\/ico-120x120.png","contentUrl":"https:\/\/blancfestival.com\/wp-content\/uploads\/2020\/02\/ico-120x120.png","caption":"Redacci\u00f3n Blanc!"},"description":"\u201cNo trates de doblar la cuchara. Es imposible. En lugar de hacerlo, solo intenta darte cuenta de la verdad\u2026 No hay cuchara. Entonces, ver\u00e1s que no es la cuchara lo que se dobla, te doblas t\u00fa\u201d"}]}},"_links":{"self":[{"href":"https:\/\/blancfestival.com\/ca\/wp-json\/wp\/v2\/posts\/15726","targetHints":{"allow":["GET"]}}],"collection":[{"href":"https:\/\/blancfestival.com\/ca\/wp-json\/wp\/v2\/posts"}],"about":[{"href":"https:\/\/blancfestival.com\/ca\/wp-json\/wp\/v2\/types\/post"}],"author":[{"embeddable":true,"href":"https:\/\/blancfestival.com\/ca\/wp-json\/wp\/v2\/users\/3"}],"replies":[{"embeddable":true,"href":"https:\/\/blancfestival.com\/ca\/wp-json\/wp\/v2\/comments?post=15726"}],"version-history":[{"count":4,"href":"https:\/\/blancfestival.com\/ca\/wp-json\/wp\/v2\/posts\/15726\/revisions"}],"predecessor-version":[{"id":15733,"href":"https:\/\/blancfestival.com\/ca\/wp-json\/wp\/v2\/posts\/15726\/revisions\/15733"}],"wp:featuredmedia":[{"embeddable":true,"href":"https:\/\/blancfestival.com\/ca\/wp-json\/wp\/v2\/media\/15727"}],"wp:attachment":[{"href":"https:\/\/blancfestival.com\/ca\/wp-json\/wp\/v2\/media?parent=15726"}],"wp:term":[{"taxonomy":"category","embeddable":true,"href":"https:\/\/blancfestival.com\/ca\/wp-json\/wp\/v2\/categories?post=15726"},{"taxonomy":"post_tag","embeddable":true,"href":"https:\/\/blancfestival.com\/ca\/wp-json\/wp\/v2\/tags?post=15726"},{"taxonomy":"evento","embeddable":true,"href":"https:\/\/blancfestival.com\/ca\/wp-json\/wp\/v2\/evento?post=15726"}],"curies":[{"name":"wp","href":"https:\/\/api.w.org\/{rel}","templated":true}]}}