{"id":17294,"date":"2024-10-16T11:22:35","date_gmt":"2024-10-16T09:22:35","guid":{"rendered":"https:\/\/blancfestival.com\/?p=17294"},"modified":"2024-10-16T11:38:33","modified_gmt":"2024-10-16T09:38:33","slug":"cual-es-tu-drama-persona-disenadora","status":"publish","type":"post","link":"https:\/\/blancfestival.com\/ca\/cual-es-tu-drama-persona-disenadora\/","title":{"rendered":"\u00bfCu\u00e1l es tu drama persona dise\u00f1adora?"},"content":{"rendered":"<p>El documento redactado por la <a href=\"https:\/\/interactius.com\" target=\"_blank\" rel=\"noopener\">Agencia de Dise\u00f1o Estrat\u00e9gico y Experiencia de Usuario Interactius<\/a> presenta diferentes <strong>&#8220;dramas&#8221;<\/strong> que enfrentan los creativos y creativas en su trabajo diario. A continuaci\u00f3n, se explica cada uno de estos dramas en detalle:<\/p>\n<h2>1. Tendencia al Autosabotaje<\/h2>\n<p>Este drama se refiere a una serie de comportamientos que impiden que los creativos se desarrollen plenamente. Los s\u00edntomas m\u00e1s comunes incluyen:<\/p>\n<ul>\n<li><strong>Miedo al fracaso<\/strong>: La preocupaci\u00f3n constante por cometer errores que puedan afectar el trabajo o la relaci\u00f3n con el cliente.<\/li>\n<li><strong>Rechazo a la cr\u00edtica<\/strong>: Temor a recibir cr\u00edticas, lo que puede paralizar el proceso creativo.<\/li>\n<li><strong>Competitivismo extremo<\/strong>: La presi\u00f3n por sobresalir en un entorno altamente competitivo.<\/li>\n<li><strong>S\u00edndrome del impostor<\/strong>: Dudar de las propias capacidades, creyendo que el \u00e9xito es inmerecido.<\/li>\n<li><strong>Autoexigencia sin l\u00edmites<\/strong>: Una presi\u00f3n interna constante por mejorar y superar los logros previos.<\/li>\n<\/ul>\n<h2><\/h2>\n<h2>2. Sobredosis por Creatividad<\/h2>\n<p>La creatividad, cuando se desborda, tambi\u00e9n puede ser un obst\u00e1culo. Este drama incluye:<\/p>\n<ul>\n<li><strong>Tendencia a la dispersi\u00f3n<\/strong>: Acumulaci\u00f3n de ideas que dificultan la concreci\u00f3n de un concepto claro.<\/li>\n<li><strong>Crisis digital<\/strong>: Saturaci\u00f3n por el uso de herramientas digitales que ralentizan el avance.<\/li>\n<li><strong>Paranoia creativa<\/strong>: Miedo a que otros plagien el trabajo.<\/li>\n<li><strong>Divergencia sin filtro<\/strong>: Incapacidad para transformar ideas abstractas en conceptos pr\u00e1cticos.<\/li>\n<li><strong>Genio incomprendido<\/strong>: Creaci\u00f3n de ideas que solo parecen &#8220;incre\u00edbles&#8221; seg\u00fan el propio punto de vista.<\/li>\n<\/ul>\n<h2><\/h2>\n<h2>3. Necesidad de Control<\/h2>\n<p>Este drama refleja la lucha por el control total en los proyectos, lo que puede llevar a tensiones y retrasos. Los s\u00edntomas son:<\/p>\n<ul>\n<li><strong>Pixel perfect<\/strong>: Obsesi\u00f3n por la perfecci\u00f3n en los detalles m\u00ednimos.<\/li>\n<li><strong>Sargento lorem ipsum<\/strong>: Frustraci\u00f3n por la falta de informaci\u00f3n clara en los proyectos.<\/li>\n<li><strong>Rigidez creativa<\/strong>: Resistencia a adoptar nuevos enfoques o ideas.<\/li>\n<li><strong>Expectativas frustradas<\/strong>: Sentimiento de malestar por no poder controlar todos los aspectos de un proyecto.<\/li>\n<li><strong>Alergia a la improvisaci\u00f3n<\/strong>: Dificultad para manejar cambios de \u00faltima hora sin perder de vista la visi\u00f3n general.<\/li>\n<\/ul>\n<h2><\/h2>\n<h2>4. Aislamiento Creativo<\/h2>\n<p>Este drama surge cuando el creativo siente una desconexi\u00f3n con su entorno laboral. Algunos de los s\u00edntomas son:<\/p>\n<ul>\n<li><strong>Reconocimiento fantasma<\/strong>: Sensaci\u00f3n de que el trabajo no es valorado.<\/li>\n<li><strong>Asamblea de uno<\/strong>: Sentirse solo y sin el apoyo adecuado de colegas o superiores.<\/li>\n<li><strong>Oficina Lover<\/strong>: Dificultad para comunicarse de manera efectiva con los dem\u00e1s, especialmente de forma virtual.<\/li>\n<li><strong>Malrollismo ambiental<\/strong>: Malentendidos frecuentes con los dem\u00e1s, creando un ambiente tenso.<\/li>\n<li><strong>Limosna de feedback<\/strong>: Necesidad de recibir retroalimentaci\u00f3n del equipo para avanzar creativamente.<\/li>\n<\/ul>\n<h2><\/h2>\n<h2>5. Dise\u00f1o con Prop\u00f3sito<\/h2>\n<p>Este drama refleja las tensiones que surgen al intentar equilibrar el dise\u00f1o con un prop\u00f3sito \u00e9tico y ambientalmente responsable. Los s\u00edntomas incluyen:<\/p>\n<ul>\n<li><strong>Sabotaje inocente<\/strong>: Preguntar en exceso sobre detalles del proyecto, lo que impide el avance.<\/li>\n<li><strong>Defensor universal<\/strong>: Cuestionar constantemente todos los \u00e1ngulos \u00e9ticos, lo que desv\u00eda del problema principal.<\/li>\n<li><strong>Eco-ansiedad<\/strong>: Preocupaci\u00f3n constante por crear soluciones sostenibles.<\/li>\n<li><strong>FOMO<\/strong>: Ansiedad por querer estar al d\u00eda con las metodolog\u00edas y herramientas m\u00e1s avanzadas.<\/li>\n<li><strong>User demasiado centric<\/strong>: Dar demasiado peso a las necesidades del usuario, en detrimento de los objetivos comerciales.<\/li>\n<\/ul>\n<p>Cada uno de estos dramas describe situaciones que, aunque comunes en el \u00e1mbito creativo, pueden interferir en el desarrollo profesional si no se gestionan adecuadamente. El equilibrio entre la creatividad, el control, y el prop\u00f3sito es esencial para evitar caer en alguno de estos dramas.<\/p>\n","protected":false},"excerpt":{"rendered":"El documento redactado por la Agencia de Dise\u00f1o Estrat\u00e9gico y Experiencia de Usuario Interactius presenta diferentes &#8220;dramas&#8221; que enfrentan los creativos y creativas en su trabajo diario. A continuaci\u00f3n, se explica cada uno de estos dramas en detalle: 1. Tendencia al Autosabotaje Este drama se refiere a una serie de comportamientos que impiden que los&hellip;","protected":false},"author":1,"featured_media":17299,"comment_status":"closed","ping_status":"closed","sticky":false,"template":"","format":"standard","meta":{"_acf_changed":false,"footnotes":""},"categories":[5],"tags":[],"evento":[],"class_list":["post-17294","post","type-post","status-publish","format-standard","has-post-thumbnail","hentry","category-innovacion"],"acf":[],"yoast_head":"<!-- This site is optimized with the Yoast SEO plugin v23.7 - https:\/\/yoast.com\/wordpress\/plugins\/seo\/ -->\n<title>\u00bfCu\u00e1l es tu drama persona dise\u00f1adora?<\/title>\n<meta name=\"robots\" content=\"index, follow, max-snippet:-1, max-image-preview:large, max-video-preview:-1\" \/>\n<link rel=\"canonical\" href=\"https:\/\/blancfestival.com\/cual-es-tu-drama-persona-disenadora\/\" \/>\n<meta property=\"og:locale\" content=\"ca_ES\" \/>\n<meta property=\"og:type\" content=\"article\" \/>\n<meta property=\"og:title\" content=\"\u00bfCu\u00e1l es tu drama persona dise\u00f1adora?\" \/>\n<meta property=\"og:description\" content=\"El documento redactado por la Agencia de Dise\u00f1o Estrat\u00e9gico y Experiencia de Usuario Interactius presenta diferentes &#8220;dramas&#8221; que enfrentan los creativos y creativas en su trabajo diario. A continuaci\u00f3n, se explica cada uno de estos dramas en detalle: 1. Tendencia al Autosabotaje Este drama se refiere a una serie de comportamientos que impiden que los&hellip;\" \/>\n<meta property=\"og:url\" content=\"https:\/\/blancfestival.com\/cual-es-tu-drama-persona-disenadora\/\" \/>\n<meta property=\"og:site_name\" content=\"Blanc!\" \/>\n<meta property=\"article:publisher\" content=\"https:\/\/www.facebook.com\/blanc.festivaldissenygrafic\/\" \/>\n<meta property=\"article:published_time\" content=\"2024-10-16T09:22:35+00:00\" \/>\n<meta property=\"article:modified_time\" content=\"2024-10-16T09:38:33+00:00\" \/>\n<meta property=\"og:image\" content=\"https:\/\/blancfestival.com\/wp-content\/uploads\/2024\/10\/drama.jpg\" \/>\n\t<meta property=\"og:image:width\" content=\"900\" \/>\n\t<meta property=\"og:image:height\" content=\"720\" \/>\n\t<meta property=\"og:image:type\" content=\"image\/jpeg\" \/>\n<meta name=\"author\" content=\"David D&#039;Eboli\" \/>\n<meta name=\"twitter:card\" content=\"summary_large_image\" \/>\n<meta name=\"twitter:creator\" content=\"@blancfest\" \/>\n<meta name=\"twitter:site\" content=\"@blancfest\" \/>\n<meta name=\"twitter:label1\" content=\"Written by\" \/>\n\t<meta name=\"twitter:data1\" content=\"David D&#039;Eboli\" \/>\n\t<meta name=\"twitter:label2\" content=\"Est. reading time\" \/>\n\t<meta name=\"twitter:data2\" content=\"3 minutes\" \/>\n<script type=\"application\/ld+json\" class=\"yoast-schema-graph\">{\"@context\":\"https:\/\/schema.org\",\"@graph\":[{\"@type\":\"Article\",\"@id\":\"https:\/\/blancfestival.com\/cual-es-tu-drama-persona-disenadora\/#article\",\"isPartOf\":{\"@id\":\"https:\/\/blancfestival.com\/cual-es-tu-drama-persona-disenadora\/\"},\"author\":{\"name\":\"David D'Eboli\",\"@id\":\"https:\/\/blancfestival.com\/#\/schema\/person\/ba98f9f2040d99954c0d1218e4580f7d\"},\"headline\":\"\u00bfCu\u00e1l es tu drama persona dise\u00f1adora?\",\"datePublished\":\"2024-10-16T09:22:35+00:00\",\"dateModified\":\"2024-10-16T09:38:33+00:00\",\"mainEntityOfPage\":{\"@id\":\"https:\/\/blancfestival.com\/cual-es-tu-drama-persona-disenadora\/\"},\"wordCount\":581,\"publisher\":{\"@id\":\"https:\/\/blancfestival.com\/#organization\"},\"image\":{\"@id\":\"https:\/\/blancfestival.com\/cual-es-tu-drama-persona-disenadora\/#primaryimage\"},\"thumbnailUrl\":\"https:\/\/blancfestival.com\/wp-content\/uploads\/2024\/10\/drama.jpg\",\"articleSection\":[\"Innovaci\u00f3n\"],\"inLanguage\":\"ca\"},{\"@type\":\"WebPage\",\"@id\":\"https:\/\/blancfestival.com\/cual-es-tu-drama-persona-disenadora\/\",\"url\":\"https:\/\/blancfestival.com\/cual-es-tu-drama-persona-disenadora\/\",\"name\":\"\u00bfCu\u00e1l es tu drama persona dise\u00f1adora?\",\"isPartOf\":{\"@id\":\"https:\/\/blancfestival.com\/#website\"},\"primaryImageOfPage\":{\"@id\":\"https:\/\/blancfestival.com\/cual-es-tu-drama-persona-disenadora\/#primaryimage\"},\"image\":{\"@id\":\"https:\/\/blancfestival.com\/cual-es-tu-drama-persona-disenadora\/#primaryimage\"},\"thumbnailUrl\":\"https:\/\/blancfestival.com\/wp-content\/uploads\/2024\/10\/drama.jpg\",\"datePublished\":\"2024-10-16T09:22:35+00:00\",\"dateModified\":\"2024-10-16T09:38:33+00:00\",\"breadcrumb\":{\"@id\":\"https:\/\/blancfestival.com\/cual-es-tu-drama-persona-disenadora\/#breadcrumb\"},\"inLanguage\":\"ca\",\"potentialAction\":[{\"@type\":\"ReadAction\",\"target\":[\"https:\/\/blancfestival.com\/cual-es-tu-drama-persona-disenadora\/\"]}]},{\"@type\":\"ImageObject\",\"inLanguage\":\"ca\",\"@id\":\"https:\/\/blancfestival.com\/cual-es-tu-drama-persona-disenadora\/#primaryimage\",\"url\":\"https:\/\/blancfestival.com\/wp-content\/uploads\/2024\/10\/drama.jpg\",\"contentUrl\":\"https:\/\/blancfestival.com\/wp-content\/uploads\/2024\/10\/drama.jpg\",\"width\":900,\"height\":720},{\"@type\":\"BreadcrumbList\",\"@id\":\"https:\/\/blancfestival.com\/cual-es-tu-drama-persona-disenadora\/#breadcrumb\",\"itemListElement\":[{\"@type\":\"ListItem\",\"position\":1,\"name\":\"Portada\",\"item\":\"https:\/\/blancfestival.com\/ca\/\"},{\"@type\":\"ListItem\",\"position\":2,\"name\":\"\u00bfCu\u00e1l es tu drama persona dise\u00f1adora?\"}]},{\"@type\":\"WebSite\",\"@id\":\"https:\/\/blancfestival.com\/#website\",\"url\":\"https:\/\/blancfestival.com\/\",\"name\":\"Blanc! Festival\",\"description\":\"Disseny, Creativitat i Innovaci\u00f3\",\"publisher\":{\"@id\":\"https:\/\/blancfestival.com\/#organization\"},\"potentialAction\":[{\"@type\":\"SearchAction\",\"target\":{\"@type\":\"EntryPoint\",\"urlTemplate\":\"https:\/\/blancfestival.com\/?s={search_term_string}\"},\"query-input\":{\"@type\":\"PropertyValueSpecification\",\"valueRequired\":true,\"valueName\":\"search_term_string\"}}],\"inLanguage\":\"ca\"},{\"@type\":\"Organization\",\"@id\":\"https:\/\/blancfestival.com\/#organization\",\"name\":\"Blanc! Festival de Dise\u00f1o, Creatividad e Innovaci\u00f3n\",\"url\":\"https:\/\/blancfestival.com\/\",\"logo\":{\"@type\":\"ImageObject\",\"inLanguage\":\"ca\",\"@id\":\"https:\/\/blancfestival.com\/#\/schema\/logo\/image\/\",\"url\":\"https:\/\/blancfestival.com\/wp-content\/uploads\/2025\/01\/logo_icono_blanc.jpg\",\"contentUrl\":\"https:\/\/blancfestival.com\/wp-content\/uploads\/2025\/01\/logo_icono_blanc.jpg\",\"width\":2000,\"height\":2000,\"caption\":\"Blanc! Festival de Dise\u00f1o, Creatividad e Innovaci\u00f3n\"},\"image\":{\"@id\":\"https:\/\/blancfestival.com\/#\/schema\/logo\/image\/\"},\"sameAs\":[\"https:\/\/www.facebook.com\/blanc.festivaldissenygrafic\/\",\"https:\/\/x.com\/blancfest\",\"https:\/\/www.instagram.com\/blancfest\/\",\"https:\/\/www.linkedin.com\/company\/blanc-festival\",\"https:\/\/www.pinterest.com\/blancfest\/\",\"https:\/\/www.youtube.com\/channel\/UCM-IjxOFb5gQg4yPgmze3Gg\"]},{\"@type\":\"Person\",\"@id\":\"https:\/\/blancfestival.com\/#\/schema\/person\/ba98f9f2040d99954c0d1218e4580f7d\",\"name\":\"David D'Eboli\",\"image\":{\"@type\":\"ImageObject\",\"inLanguage\":\"ca\",\"@id\":\"https:\/\/blancfestival.com\/#\/schema\/person\/image\/\",\"url\":\"https:\/\/blancfestival.com\/wp-content\/uploads\/2020\/01\/avatar-david-120x120.jpg\",\"contentUrl\":\"https:\/\/blancfestival.com\/wp-content\/uploads\/2020\/01\/avatar-david-120x120.jpg\",\"caption\":\"David D'Eboli\"},\"description\":\"Fundador y CEO de Blanc!\"}]}<\/script>\n<!-- \/ Yoast SEO plugin. -->","yoast_head_json":{"title":"\u00bfCu\u00e1l es tu drama persona dise\u00f1adora?","robots":{"index":"index","follow":"follow","max-snippet":"max-snippet:-1","max-image-preview":"max-image-preview:large","max-video-preview":"max-video-preview:-1"},"canonical":"https:\/\/blancfestival.com\/cual-es-tu-drama-persona-disenadora\/","og_locale":"ca_ES","og_type":"article","og_title":"\u00bfCu\u00e1l es tu drama persona dise\u00f1adora?","og_description":"El documento redactado por la Agencia de Dise\u00f1o Estrat\u00e9gico y Experiencia de Usuario Interactius presenta diferentes &#8220;dramas&#8221; que enfrentan los creativos y creativas en su trabajo diario. A continuaci\u00f3n, se explica cada uno de estos dramas en detalle: 1. Tendencia al Autosabotaje Este drama se refiere a una serie de comportamientos que impiden que los&hellip;","og_url":"https:\/\/blancfestival.com\/cual-es-tu-drama-persona-disenadora\/","og_site_name":"Blanc!","article_publisher":"https:\/\/www.facebook.com\/blanc.festivaldissenygrafic\/","article_published_time":"2024-10-16T09:22:35+00:00","article_modified_time":"2024-10-16T09:38:33+00:00","og_image":[{"width":900,"height":720,"url":"https:\/\/blancfestival.com\/wp-content\/uploads\/2024\/10\/drama.jpg","type":"image\/jpeg"}],"author":"David D'Eboli","twitter_card":"summary_large_image","twitter_creator":"@blancfest","twitter_site":"@blancfest","twitter_misc":{"Written by":"David D'Eboli","Est. reading time":"3 minutes"},"schema":{"@context":"https:\/\/schema.org","@graph":[{"@type":"Article","@id":"https:\/\/blancfestival.com\/cual-es-tu-drama-persona-disenadora\/#article","isPartOf":{"@id":"https:\/\/blancfestival.com\/cual-es-tu-drama-persona-disenadora\/"},"author":{"name":"David D'Eboli","@id":"https:\/\/blancfestival.com\/#\/schema\/person\/ba98f9f2040d99954c0d1218e4580f7d"},"headline":"\u00bfCu\u00e1l es tu drama persona dise\u00f1adora?","datePublished":"2024-10-16T09:22:35+00:00","dateModified":"2024-10-16T09:38:33+00:00","mainEntityOfPage":{"@id":"https:\/\/blancfestival.com\/cual-es-tu-drama-persona-disenadora\/"},"wordCount":581,"publisher":{"@id":"https:\/\/blancfestival.com\/#organization"},"image":{"@id":"https:\/\/blancfestival.com\/cual-es-tu-drama-persona-disenadora\/#primaryimage"},"thumbnailUrl":"https:\/\/blancfestival.com\/wp-content\/uploads\/2024\/10\/drama.jpg","articleSection":["Innovaci\u00f3n"],"inLanguage":"ca"},{"@type":"WebPage","@id":"https:\/\/blancfestival.com\/cual-es-tu-drama-persona-disenadora\/","url":"https:\/\/blancfestival.com\/cual-es-tu-drama-persona-disenadora\/","name":"\u00bfCu\u00e1l es tu drama persona dise\u00f1adora?","isPartOf":{"@id":"https:\/\/blancfestival.com\/#website"},"primaryImageOfPage":{"@id":"https:\/\/blancfestival.com\/cual-es-tu-drama-persona-disenadora\/#primaryimage"},"image":{"@id":"https:\/\/blancfestival.com\/cual-es-tu-drama-persona-disenadora\/#primaryimage"},"thumbnailUrl":"https:\/\/blancfestival.com\/wp-content\/uploads\/2024\/10\/drama.jpg","datePublished":"2024-10-16T09:22:35+00:00","dateModified":"2024-10-16T09:38:33+00:00","breadcrumb":{"@id":"https:\/\/blancfestival.com\/cual-es-tu-drama-persona-disenadora\/#breadcrumb"},"inLanguage":"ca","potentialAction":[{"@type":"ReadAction","target":["https:\/\/blancfestival.com\/cual-es-tu-drama-persona-disenadora\/"]}]},{"@type":"ImageObject","inLanguage":"ca","@id":"https:\/\/blancfestival.com\/cual-es-tu-drama-persona-disenadora\/#primaryimage","url":"https:\/\/blancfestival.com\/wp-content\/uploads\/2024\/10\/drama.jpg","contentUrl":"https:\/\/blancfestival.com\/wp-content\/uploads\/2024\/10\/drama.jpg","width":900,"height":720},{"@type":"BreadcrumbList","@id":"https:\/\/blancfestival.com\/cual-es-tu-drama-persona-disenadora\/#breadcrumb","itemListElement":[{"@type":"ListItem","position":1,"name":"Portada","item":"https:\/\/blancfestival.com\/ca\/"},{"@type":"ListItem","position":2,"name":"\u00bfCu\u00e1l es tu drama persona dise\u00f1adora?"}]},{"@type":"WebSite","@id":"https:\/\/blancfestival.com\/#website","url":"https:\/\/blancfestival.com\/","name":"Blanc! Festival","description":"Disseny, Creativitat i Innovaci\u00f3","publisher":{"@id":"https:\/\/blancfestival.com\/#organization"},"potentialAction":[{"@type":"SearchAction","target":{"@type":"EntryPoint","urlTemplate":"https:\/\/blancfestival.com\/?s={search_term_string}"},"query-input":{"@type":"PropertyValueSpecification","valueRequired":true,"valueName":"search_term_string"}}],"inLanguage":"ca"},{"@type":"Organization","@id":"https:\/\/blancfestival.com\/#organization","name":"Blanc! Festival de Dise\u00f1o, Creatividad e Innovaci\u00f3n","url":"https:\/\/blancfestival.com\/","logo":{"@type":"ImageObject","inLanguage":"ca","@id":"https:\/\/blancfestival.com\/#\/schema\/logo\/image\/","url":"https:\/\/blancfestival.com\/wp-content\/uploads\/2025\/01\/logo_icono_blanc.jpg","contentUrl":"https:\/\/blancfestival.com\/wp-content\/uploads\/2025\/01\/logo_icono_blanc.jpg","width":2000,"height":2000,"caption":"Blanc! Festival de Dise\u00f1o, Creatividad e Innovaci\u00f3n"},"image":{"@id":"https:\/\/blancfestival.com\/#\/schema\/logo\/image\/"},"sameAs":["https:\/\/www.facebook.com\/blanc.festivaldissenygrafic\/","https:\/\/x.com\/blancfest","https:\/\/www.instagram.com\/blancfest\/","https:\/\/www.linkedin.com\/company\/blanc-festival","https:\/\/www.pinterest.com\/blancfest\/","https:\/\/www.youtube.com\/channel\/UCM-IjxOFb5gQg4yPgmze3Gg"]},{"@type":"Person","@id":"https:\/\/blancfestival.com\/#\/schema\/person\/ba98f9f2040d99954c0d1218e4580f7d","name":"David D'Eboli","image":{"@type":"ImageObject","inLanguage":"ca","@id":"https:\/\/blancfestival.com\/#\/schema\/person\/image\/","url":"https:\/\/blancfestival.com\/wp-content\/uploads\/2020\/01\/avatar-david-120x120.jpg","contentUrl":"https:\/\/blancfestival.com\/wp-content\/uploads\/2020\/01\/avatar-david-120x120.jpg","caption":"David D'Eboli"},"description":"Fundador y CEO de Blanc!"}]}},"_links":{"self":[{"href":"https:\/\/blancfestival.com\/ca\/wp-json\/wp\/v2\/posts\/17294","targetHints":{"allow":["GET"]}}],"collection":[{"href":"https:\/\/blancfestival.com\/ca\/wp-json\/wp\/v2\/posts"}],"about":[{"href":"https:\/\/blancfestival.com\/ca\/wp-json\/wp\/v2\/types\/post"}],"author":[{"embeddable":true,"href":"https:\/\/blancfestival.com\/ca\/wp-json\/wp\/v2\/users\/1"}],"replies":[{"embeddable":true,"href":"https:\/\/blancfestival.com\/ca\/wp-json\/wp\/v2\/comments?post=17294"}],"version-history":[{"count":4,"href":"https:\/\/blancfestival.com\/ca\/wp-json\/wp\/v2\/posts\/17294\/revisions"}],"predecessor-version":[{"id":17298,"href":"https:\/\/blancfestival.com\/ca\/wp-json\/wp\/v2\/posts\/17294\/revisions\/17298"}],"wp:featuredmedia":[{"embeddable":true,"href":"https:\/\/blancfestival.com\/ca\/wp-json\/wp\/v2\/media\/17299"}],"wp:attachment":[{"href":"https:\/\/blancfestival.com\/ca\/wp-json\/wp\/v2\/media?parent=17294"}],"wp:term":[{"taxonomy":"category","embeddable":true,"href":"https:\/\/blancfestival.com\/ca\/wp-json\/wp\/v2\/categories?post=17294"},{"taxonomy":"post_tag","embeddable":true,"href":"https:\/\/blancfestival.com\/ca\/wp-json\/wp\/v2\/tags?post=17294"},{"taxonomy":"evento","embeddable":true,"href":"https:\/\/blancfestival.com\/ca\/wp-json\/wp\/v2\/evento?post=17294"}],"curies":[{"name":"wp","href":"https:\/\/api.w.org\/{rel}","templated":true}]}}