{"id":17321,"date":"2024-11-12T13:23:59","date_gmt":"2024-11-12T12:23:59","guid":{"rendered":"https:\/\/blancfestival.com\/?p=17321"},"modified":"2024-11-12T13:28:52","modified_gmt":"2024-11-12T12:28:52","slug":"el-drama-de-ser-creativo","status":"publish","type":"post","link":"https:\/\/blancfestival.com\/ca\/el-drama-de-ser-creativo\/","title":{"rendered":"El drama de ser creativa"},"content":{"rendered":"<p>En la \u00faltima edici\u00f3n del festival Blanc!, celebrado en octubre de 2024, los dramas cotidianos de quienes trabajan en dise\u00f1o y creatividad tomaron el centro del escenario. Inspirados en los retos y vulnerabilidades del proceso creativo,\u00a0 en colaboraci\u00f3n con la gente de <a href=\"https:\/\/interactius.com\/\">Interactius<\/a> present\u00f3 una innovadora actividad: <strong>el Dram\u00f3metro<\/strong>, un espacio de terapia de grupo que invitaba a las asistentes a identificar sus mayores conflictos internos y reflexionar sobre ellos colectivamente. Aqu\u00ed exploramos las <strong>conclusiones y aprendizajes<\/strong> que emergieron de esta din\u00e1mica introspectiva.<\/p>\n<h2>\u00bfQu\u00e9 es el Dram\u00f3metro?<\/h2>\n<p>El Dram\u00f3metro surgi\u00f3 de una simple pero poderosa pregunta: <strong>\u00bfcu\u00e1l es el mayor drama con el que lidian las personas creativas?<\/strong> Las respuestas abarcaron desde el autosabotaje hasta la sobredosis de creatividad, pasando por la necesidad de control y el aislamiento creativo (<a href=\"https:\/\/blancfestival.com\/cual-es-tu-drama-persona-disenadora\/\">Tienes una lista de todos los dramas aqu\u00ed<\/a>). Estas inquietudes comunes fueron un reflejo de los retos psicol\u00f3gicos y emocionales que enfrentan quienes se dedican al dise\u00f1o en su vida laboral diaria.<\/p>\n<p>A trav\u00e9s de esta actividad, el festival permiti\u00f3 que las asistentes <strong>compartieran sus dramas en un entorno seguro y divertido<\/strong>. Con una din\u00e1mica tipo <strong>&#8220;c\u00edrculo terap\u00e9utico&#8221;<\/strong>, les participantes pasaban una pelota anti-estr\u00e9s en una suerte de &#8220;turno de la palabra&#8221;, promoviendo la apertura y la vulnerabilidad. No era simplemente un ejercicio de catarsis individual, sino una oportunidad para convertir problemas personales en reflexiones colectivas.<\/p>\n<p>&nbsp;<\/p>\n<p><img loading=\"lazy\" decoding=\"async\" width=\"799\" height=\"533\" class=\"alignnone size-full wp-image-17326\" src=\"https:\/\/blancfestival.com\/wp-content\/uploads\/2024\/11\/interactius.jpg\" alt=\"\" srcset=\"https:\/\/blancfestival.com\/wp-content\/uploads\/2024\/11\/interactius.jpg 799w, https:\/\/blancfestival.com\/wp-content\/uploads\/2024\/11\/interactius-250x167.jpg 250w, https:\/\/blancfestival.com\/wp-content\/uploads\/2024\/11\/interactius-700x467.jpg 700w, https:\/\/blancfestival.com\/wp-content\/uploads\/2024\/11\/interactius-768x512.jpg 768w, https:\/\/blancfestival.com\/wp-content\/uploads\/2024\/11\/interactius-120x80.jpg 120w, https:\/\/blancfestival.com\/wp-content\/uploads\/2024\/11\/interactius-272x182.jpg 272w\" sizes=\"auto, (max-width: 799px) 100vw, 799px\" \/><\/p>\n<h2><\/h2>\n<h2>Autosabotaje y control: Los dramas de las creativas<\/h2>\n<p>Uno de los hallazgos m\u00e1s interesantes del Dram\u00f3metro (<a href=\"https:\/\/www.domesticstreamers.com\/work\/sustainable-nutrition-let-s-act\/\" target=\"_blank\" rel=\"nofollow noopener\">Inspirado en este proyecto de Domestic Data Streamers<\/a>) fue la prevalencia del<strong> autosabotaje y la necesidad de control<\/strong>. Muchos participantes reconocieron que sus problemas de autoestima a menudo les llevan a cuestionar su propio talento, minando su creatividad antes incluso de que tenga la oportunidad de florecer. Por otro lado, la necesidad de control tambi\u00e9n emergi\u00f3 como un tema relevante, especialmente en el \u00e1mbito del <strong>dise\u00f1o digital<\/strong>, donde la presi\u00f3n por cumplir con plazos y expectativas genera ansiedad y tensi\u00f3n.<\/p>\n<p>&nbsp;<\/p>\n<p><img loading=\"lazy\" decoding=\"async\" width=\"1080\" height=\"1080\" class=\"alignnone size-full wp-image-17322\" src=\"https:\/\/blancfestival.com\/wp-content\/uploads\/2024\/11\/dramometro-blanc.jpg\" alt=\"\" srcset=\"https:\/\/blancfestival.com\/wp-content\/uploads\/2024\/11\/dramometro-blanc.jpg 1080w, https:\/\/blancfestival.com\/wp-content\/uploads\/2024\/11\/dramometro-blanc-250x250.jpg 250w, https:\/\/blancfestival.com\/wp-content\/uploads\/2024\/11\/dramometro-blanc-700x700.jpg 700w, https:\/\/blancfestival.com\/wp-content\/uploads\/2024\/11\/dramometro-blanc-150x150.jpg 150w, https:\/\/blancfestival.com\/wp-content\/uploads\/2024\/11\/dramometro-blanc-768x768.jpg 768w, https:\/\/blancfestival.com\/wp-content\/uploads\/2024\/11\/dramometro-blanc-120x120.jpg 120w\" sizes=\"auto, (max-width: 1080px) 100vw, 1080px\" \/><\/p>\n<p>&nbsp;<\/p>\n<p>Estas caracter\u00edsticas, aunque comunes, plantean preguntas interesantes sobre el perfil de las dise\u00f1adoras: <strong>\u00bfest\u00e1n estos dramas ligados intr\u00ednsecamente a la personalidad creativa? \u00bfO son producto de la cultura de trabajo actual?<\/strong> En cualquier caso, la actividad ayud\u00f3 a muchas asistentes a darse cuenta de que no est\u00e1n solas en sus luchas, abriendo la puerta a una conversaci\u00f3n necesaria sobre la autoestima y la gesti\u00f3n emocional en el mundo creativo.<\/p>\n<p>&nbsp;<\/p>\n<p><img loading=\"lazy\" decoding=\"async\" width=\"799\" height=\"533\" class=\"alignnone size-full wp-image-17329\" src=\"https:\/\/blancfestival.com\/wp-content\/uploads\/2024\/11\/interactius-grupo.jpg\" alt=\"\" srcset=\"https:\/\/blancfestival.com\/wp-content\/uploads\/2024\/11\/interactius-grupo.jpg 799w, https:\/\/blancfestival.com\/wp-content\/uploads\/2024\/11\/interactius-grupo-250x167.jpg 250w, https:\/\/blancfestival.com\/wp-content\/uploads\/2024\/11\/interactius-grupo-700x467.jpg 700w, https:\/\/blancfestival.com\/wp-content\/uploads\/2024\/11\/interactius-grupo-768x512.jpg 768w, https:\/\/blancfestival.com\/wp-content\/uploads\/2024\/11\/interactius-grupo-120x80.jpg 120w, https:\/\/blancfestival.com\/wp-content\/uploads\/2024\/11\/interactius-grupo-272x182.jpg 272w\" sizes=\"auto, (max-width: 799px) 100vw, 799px\" \/><\/p>\n<p>&nbsp;<\/p>\n<h2>Diversidad de perfiles<\/h2>\n<p>Otro hallazgo importante fue la diversidad de perfiles entre les participantes. Muchas eran j\u00f3venes reci\u00e9n egresadas o profesionales en transici\u00f3n, quienes expresaron frustraci\u00f3n por la competitividad, los bajos sueldos y la falta de mentoring. Otras se identificaron como freelancers, una elecci\u00f3n de carrera que, si bien ofrece libertad, tambi\u00e9n genera sensaciones de<strong> aislamiento y, a menudo, una falta de pertenencia a una comunidad.<\/strong><\/p>\n<p>En este sentido, la actividad tambi\u00e9n revel\u00f3 una creciente demanda por mentor\u00eda y networking entre creativas.<\/p>\n<p>Una de las ideas m\u00e1s impactantes fue la noci\u00f3n de <strong>&#8220;Abajo el trabajo&#8221;<\/strong>, un deseo colectivo por vivir con m\u00e1s balance entre la vida personal y profesional. Este enfoque refleja un cambio en los valores de la comunidad creativa, impulsado tanto por las nuevas generaciones como por las necesidades de conciliaci\u00f3n de quienes llevan m\u00e1s tiempo en la profesi\u00f3n. Muchas asistentes comentaron que este equilibrio es la verdadera meta y el ideal de \u00e9xito que desean alcanzar.<\/p>\n<p>El Dram\u00f3metro y la terapia de grupo en Blanc! evidenciaron que el drama no es un signo de debilidad, sino una <strong>se\u00f1al de la intensidad y la pasi\u00f3n<\/strong> con la que les creativas viven su trabajo. Reconocer estas luchas colectivas es el primer paso hacia una cultura de dise\u00f1o m\u00e1s emp\u00e1tica y humana.<\/p>\n<p>Blanc! sigue demostrando ser m\u00e1s que un festival de dise\u00f1o; es un espacio de comunidad y apoyo mutuo. Si el futuro de la creatividad y el dise\u00f1o depende de algo, es de esta capacidad para conectar, inspirar y recordar que, detr\u00e1s de cada logo, de cada obra de arte, y de cada campa\u00f1a, hay personas enfrentando sus propios dramas.<\/p>\n","protected":false},"excerpt":{"rendered":"En la \u00faltima edici\u00f3n del festival Blanc!, celebrado en octubre de 2024, los dramas cotidianos de quienes trabajan en dise\u00f1o y creatividad tomaron el centro del escenario. Inspirados en los retos y vulnerabilidades del proceso creativo,\u00a0 en colaboraci\u00f3n con la gente de Interactius present\u00f3 una innovadora actividad: el Dram\u00f3metro, un espacio de terapia de grupo&hellip;","protected":false},"author":3,"featured_media":17322,"comment_status":"closed","ping_status":"closed","sticky":false,"template":"","format":"standard","meta":{"_acf_changed":false,"footnotes":""},"categories":[3,5,1],"tags":[],"evento":[],"class_list":["post-17321","post","type-post","status-publish","format-standard","has-post-thumbnail","hentry","category-creatividad","category-innovacion","category-diseno-grafico"],"acf":[],"yoast_head":"<!-- This site is optimized with the Yoast SEO plugin v23.7 - https:\/\/yoast.com\/wordpress\/plugins\/seo\/ -->\n<title>El drama de ser creativa<\/title>\n<meta name=\"description\" content=\"Blanc! explor\u00f3 los dramas creativos en un espacio seguro y comunitario, abordando autosabotaje, control y equilibrio vida-trabajo en una terapia de grupo \u00fanica.\" \/>\n<meta name=\"robots\" content=\"index, follow, max-snippet:-1, max-image-preview:large, max-video-preview:-1\" \/>\n<link rel=\"canonical\" href=\"https:\/\/blancfestival.com\/el-drama-de-ser-creativo\/\" \/>\n<meta property=\"og:locale\" content=\"ca_ES\" \/>\n<meta property=\"og:type\" content=\"article\" \/>\n<meta property=\"og:title\" content=\"El drama de ser creativa\" \/>\n<meta property=\"og:description\" content=\"Blanc! explor\u00f3 los dramas creativos en un espacio seguro y comunitario, abordando autosabotaje, control y equilibrio vida-trabajo en una terapia de grupo \u00fanica.\" \/>\n<meta property=\"og:url\" content=\"https:\/\/blancfestival.com\/el-drama-de-ser-creativo\/\" \/>\n<meta property=\"og:site_name\" content=\"Blanc!\" \/>\n<meta property=\"article:publisher\" content=\"https:\/\/www.facebook.com\/blanc.festivaldissenygrafic\/\" \/>\n<meta property=\"article:published_time\" content=\"2024-11-12T12:23:59+00:00\" \/>\n<meta property=\"article:modified_time\" content=\"2024-11-12T12:28:52+00:00\" \/>\n<meta property=\"og:image\" content=\"https:\/\/blancfestival.com\/wp-content\/uploads\/2024\/11\/dramometro-blanc.jpg\" \/>\n\t<meta property=\"og:image:width\" content=\"1080\" \/>\n\t<meta property=\"og:image:height\" content=\"1080\" \/>\n\t<meta property=\"og:image:type\" content=\"image\/jpeg\" \/>\n<meta name=\"author\" content=\"Redacci\u00f3n Blanc!\" \/>\n<meta name=\"twitter:card\" content=\"summary_large_image\" \/>\n<meta name=\"twitter:creator\" content=\"@blancfest\" \/>\n<meta name=\"twitter:site\" content=\"@blancfest\" \/>\n<meta name=\"twitter:label1\" content=\"Written by\" \/>\n\t<meta name=\"twitter:data1\" content=\"Redacci\u00f3n Blanc!\" \/>\n\t<meta name=\"twitter:label2\" content=\"Est. reading time\" \/>\n\t<meta name=\"twitter:data2\" content=\"4 minutes\" \/>\n<script type=\"application\/ld+json\" class=\"yoast-schema-graph\">{\"@context\":\"https:\/\/schema.org\",\"@graph\":[{\"@type\":\"Article\",\"@id\":\"https:\/\/blancfestival.com\/el-drama-de-ser-creativo\/#article\",\"isPartOf\":{\"@id\":\"https:\/\/blancfestival.com\/el-drama-de-ser-creativo\/\"},\"author\":{\"name\":\"Redacci\u00f3n Blanc!\",\"@id\":\"https:\/\/blancfestival.com\/#\/schema\/person\/1c1365d1e51e5730cf3f5fadb8670c06\"},\"headline\":\"El drama de ser creativa\",\"datePublished\":\"2024-11-12T12:23:59+00:00\",\"dateModified\":\"2024-11-12T12:28:52+00:00\",\"mainEntityOfPage\":{\"@id\":\"https:\/\/blancfestival.com\/el-drama-de-ser-creativo\/\"},\"wordCount\":723,\"publisher\":{\"@id\":\"https:\/\/blancfestival.com\/#organization\"},\"image\":{\"@id\":\"https:\/\/blancfestival.com\/el-drama-de-ser-creativo\/#primaryimage\"},\"thumbnailUrl\":\"https:\/\/blancfestival.com\/wp-content\/uploads\/2024\/11\/dramometro-blanc.jpg\",\"articleSection\":[\"Creatividad\",\"Innovaci\u00f3n\",\"Dise\u00f1o Gr\u00e1fico\"],\"inLanguage\":\"ca\"},{\"@type\":\"WebPage\",\"@id\":\"https:\/\/blancfestival.com\/el-drama-de-ser-creativo\/\",\"url\":\"https:\/\/blancfestival.com\/el-drama-de-ser-creativo\/\",\"name\":\"El drama de ser creativa\",\"isPartOf\":{\"@id\":\"https:\/\/blancfestival.com\/#website\"},\"primaryImageOfPage\":{\"@id\":\"https:\/\/blancfestival.com\/el-drama-de-ser-creativo\/#primaryimage\"},\"image\":{\"@id\":\"https:\/\/blancfestival.com\/el-drama-de-ser-creativo\/#primaryimage\"},\"thumbnailUrl\":\"https:\/\/blancfestival.com\/wp-content\/uploads\/2024\/11\/dramometro-blanc.jpg\",\"datePublished\":\"2024-11-12T12:23:59+00:00\",\"dateModified\":\"2024-11-12T12:28:52+00:00\",\"description\":\"Blanc! explor\u00f3 los dramas creativos en un espacio seguro y comunitario, abordando autosabotaje, control y equilibrio vida-trabajo en una terapia de grupo \u00fanica.\",\"breadcrumb\":{\"@id\":\"https:\/\/blancfestival.com\/el-drama-de-ser-creativo\/#breadcrumb\"},\"inLanguage\":\"ca\",\"potentialAction\":[{\"@type\":\"ReadAction\",\"target\":[\"https:\/\/blancfestival.com\/el-drama-de-ser-creativo\/\"]}]},{\"@type\":\"ImageObject\",\"inLanguage\":\"ca\",\"@id\":\"https:\/\/blancfestival.com\/el-drama-de-ser-creativo\/#primaryimage\",\"url\":\"https:\/\/blancfestival.com\/wp-content\/uploads\/2024\/11\/dramometro-blanc.jpg\",\"contentUrl\":\"https:\/\/blancfestival.com\/wp-content\/uploads\/2024\/11\/dramometro-blanc.jpg\",\"width\":1080,\"height\":1080},{\"@type\":\"BreadcrumbList\",\"@id\":\"https:\/\/blancfestival.com\/el-drama-de-ser-creativo\/#breadcrumb\",\"itemListElement\":[{\"@type\":\"ListItem\",\"position\":1,\"name\":\"Portada\",\"item\":\"https:\/\/blancfestival.com\/ca\/\"},{\"@type\":\"ListItem\",\"position\":2,\"name\":\"El drama de ser creativa\"}]},{\"@type\":\"WebSite\",\"@id\":\"https:\/\/blancfestival.com\/#website\",\"url\":\"https:\/\/blancfestival.com\/\",\"name\":\"Blanc! Festival\",\"description\":\"Disseny, Creativitat i Innovaci\u00f3\",\"publisher\":{\"@id\":\"https:\/\/blancfestival.com\/#organization\"},\"potentialAction\":[{\"@type\":\"SearchAction\",\"target\":{\"@type\":\"EntryPoint\",\"urlTemplate\":\"https:\/\/blancfestival.com\/?s={search_term_string}\"},\"query-input\":{\"@type\":\"PropertyValueSpecification\",\"valueRequired\":true,\"valueName\":\"search_term_string\"}}],\"inLanguage\":\"ca\"},{\"@type\":\"Organization\",\"@id\":\"https:\/\/blancfestival.com\/#organization\",\"name\":\"Blanc! Festival de Dise\u00f1o, Creatividad e Innovaci\u00f3n\",\"url\":\"https:\/\/blancfestival.com\/\",\"logo\":{\"@type\":\"ImageObject\",\"inLanguage\":\"ca\",\"@id\":\"https:\/\/blancfestival.com\/#\/schema\/logo\/image\/\",\"url\":\"https:\/\/blancfestival.com\/wp-content\/uploads\/2025\/01\/logo_icono_blanc.jpg\",\"contentUrl\":\"https:\/\/blancfestival.com\/wp-content\/uploads\/2025\/01\/logo_icono_blanc.jpg\",\"width\":2000,\"height\":2000,\"caption\":\"Blanc! Festival de Dise\u00f1o, Creatividad e Innovaci\u00f3n\"},\"image\":{\"@id\":\"https:\/\/blancfestival.com\/#\/schema\/logo\/image\/\"},\"sameAs\":[\"https:\/\/www.facebook.com\/blanc.festivaldissenygrafic\/\",\"https:\/\/x.com\/blancfest\",\"https:\/\/www.instagram.com\/blancfest\/\",\"https:\/\/www.linkedin.com\/company\/blanc-festival\",\"https:\/\/www.pinterest.com\/blancfest\/\",\"https:\/\/www.youtube.com\/channel\/UCM-IjxOFb5gQg4yPgmze3Gg\"]},{\"@type\":\"Person\",\"@id\":\"https:\/\/blancfestival.com\/#\/schema\/person\/1c1365d1e51e5730cf3f5fadb8670c06\",\"name\":\"Redacci\u00f3n Blanc!\",\"image\":{\"@type\":\"ImageObject\",\"inLanguage\":\"ca\",\"@id\":\"https:\/\/blancfestival.com\/#\/schema\/person\/image\/\",\"url\":\"https:\/\/blancfestival.com\/wp-content\/uploads\/2020\/02\/ico-120x120.png\",\"contentUrl\":\"https:\/\/blancfestival.com\/wp-content\/uploads\/2020\/02\/ico-120x120.png\",\"caption\":\"Redacci\u00f3n Blanc!\"},\"description\":\"\u201cNo trates de doblar la cuchara. Es imposible. En lugar de hacerlo, solo intenta darte cuenta de la verdad\u2026 No hay cuchara. Entonces, ver\u00e1s que no es la cuchara lo que se dobla, te doblas t\u00fa\u201d\"}]}<\/script>\n<!-- \/ Yoast SEO plugin. -->","yoast_head_json":{"title":"El drama de ser creativa","description":"Blanc! explor\u00f3 los dramas creativos en un espacio seguro y comunitario, abordando autosabotaje, control y equilibrio vida-trabajo en una terapia de grupo \u00fanica.","robots":{"index":"index","follow":"follow","max-snippet":"max-snippet:-1","max-image-preview":"max-image-preview:large","max-video-preview":"max-video-preview:-1"},"canonical":"https:\/\/blancfestival.com\/el-drama-de-ser-creativo\/","og_locale":"ca_ES","og_type":"article","og_title":"El drama de ser creativa","og_description":"Blanc! explor\u00f3 los dramas creativos en un espacio seguro y comunitario, abordando autosabotaje, control y equilibrio vida-trabajo en una terapia de grupo \u00fanica.","og_url":"https:\/\/blancfestival.com\/el-drama-de-ser-creativo\/","og_site_name":"Blanc!","article_publisher":"https:\/\/www.facebook.com\/blanc.festivaldissenygrafic\/","article_published_time":"2024-11-12T12:23:59+00:00","article_modified_time":"2024-11-12T12:28:52+00:00","og_image":[{"width":1080,"height":1080,"url":"https:\/\/blancfestival.com\/wp-content\/uploads\/2024\/11\/dramometro-blanc.jpg","type":"image\/jpeg"}],"author":"Redacci\u00f3n Blanc!","twitter_card":"summary_large_image","twitter_creator":"@blancfest","twitter_site":"@blancfest","twitter_misc":{"Written by":"Redacci\u00f3n Blanc!","Est. reading time":"4 minutes"},"schema":{"@context":"https:\/\/schema.org","@graph":[{"@type":"Article","@id":"https:\/\/blancfestival.com\/el-drama-de-ser-creativo\/#article","isPartOf":{"@id":"https:\/\/blancfestival.com\/el-drama-de-ser-creativo\/"},"author":{"name":"Redacci\u00f3n Blanc!","@id":"https:\/\/blancfestival.com\/#\/schema\/person\/1c1365d1e51e5730cf3f5fadb8670c06"},"headline":"El drama de ser creativa","datePublished":"2024-11-12T12:23:59+00:00","dateModified":"2024-11-12T12:28:52+00:00","mainEntityOfPage":{"@id":"https:\/\/blancfestival.com\/el-drama-de-ser-creativo\/"},"wordCount":723,"publisher":{"@id":"https:\/\/blancfestival.com\/#organization"},"image":{"@id":"https:\/\/blancfestival.com\/el-drama-de-ser-creativo\/#primaryimage"},"thumbnailUrl":"https:\/\/blancfestival.com\/wp-content\/uploads\/2024\/11\/dramometro-blanc.jpg","articleSection":["Creatividad","Innovaci\u00f3n","Dise\u00f1o Gr\u00e1fico"],"inLanguage":"ca"},{"@type":"WebPage","@id":"https:\/\/blancfestival.com\/el-drama-de-ser-creativo\/","url":"https:\/\/blancfestival.com\/el-drama-de-ser-creativo\/","name":"El drama de ser creativa","isPartOf":{"@id":"https:\/\/blancfestival.com\/#website"},"primaryImageOfPage":{"@id":"https:\/\/blancfestival.com\/el-drama-de-ser-creativo\/#primaryimage"},"image":{"@id":"https:\/\/blancfestival.com\/el-drama-de-ser-creativo\/#primaryimage"},"thumbnailUrl":"https:\/\/blancfestival.com\/wp-content\/uploads\/2024\/11\/dramometro-blanc.jpg","datePublished":"2024-11-12T12:23:59+00:00","dateModified":"2024-11-12T12:28:52+00:00","description":"Blanc! explor\u00f3 los dramas creativos en un espacio seguro y comunitario, abordando autosabotaje, control y equilibrio vida-trabajo en una terapia de grupo \u00fanica.","breadcrumb":{"@id":"https:\/\/blancfestival.com\/el-drama-de-ser-creativo\/#breadcrumb"},"inLanguage":"ca","potentialAction":[{"@type":"ReadAction","target":["https:\/\/blancfestival.com\/el-drama-de-ser-creativo\/"]}]},{"@type":"ImageObject","inLanguage":"ca","@id":"https:\/\/blancfestival.com\/el-drama-de-ser-creativo\/#primaryimage","url":"https:\/\/blancfestival.com\/wp-content\/uploads\/2024\/11\/dramometro-blanc.jpg","contentUrl":"https:\/\/blancfestival.com\/wp-content\/uploads\/2024\/11\/dramometro-blanc.jpg","width":1080,"height":1080},{"@type":"BreadcrumbList","@id":"https:\/\/blancfestival.com\/el-drama-de-ser-creativo\/#breadcrumb","itemListElement":[{"@type":"ListItem","position":1,"name":"Portada","item":"https:\/\/blancfestival.com\/ca\/"},{"@type":"ListItem","position":2,"name":"El drama de ser creativa"}]},{"@type":"WebSite","@id":"https:\/\/blancfestival.com\/#website","url":"https:\/\/blancfestival.com\/","name":"Blanc! Festival","description":"Disseny, Creativitat i Innovaci\u00f3","publisher":{"@id":"https:\/\/blancfestival.com\/#organization"},"potentialAction":[{"@type":"SearchAction","target":{"@type":"EntryPoint","urlTemplate":"https:\/\/blancfestival.com\/?s={search_term_string}"},"query-input":{"@type":"PropertyValueSpecification","valueRequired":true,"valueName":"search_term_string"}}],"inLanguage":"ca"},{"@type":"Organization","@id":"https:\/\/blancfestival.com\/#organization","name":"Blanc! Festival de Dise\u00f1o, Creatividad e Innovaci\u00f3n","url":"https:\/\/blancfestival.com\/","logo":{"@type":"ImageObject","inLanguage":"ca","@id":"https:\/\/blancfestival.com\/#\/schema\/logo\/image\/","url":"https:\/\/blancfestival.com\/wp-content\/uploads\/2025\/01\/logo_icono_blanc.jpg","contentUrl":"https:\/\/blancfestival.com\/wp-content\/uploads\/2025\/01\/logo_icono_blanc.jpg","width":2000,"height":2000,"caption":"Blanc! Festival de Dise\u00f1o, Creatividad e Innovaci\u00f3n"},"image":{"@id":"https:\/\/blancfestival.com\/#\/schema\/logo\/image\/"},"sameAs":["https:\/\/www.facebook.com\/blanc.festivaldissenygrafic\/","https:\/\/x.com\/blancfest","https:\/\/www.instagram.com\/blancfest\/","https:\/\/www.linkedin.com\/company\/blanc-festival","https:\/\/www.pinterest.com\/blancfest\/","https:\/\/www.youtube.com\/channel\/UCM-IjxOFb5gQg4yPgmze3Gg"]},{"@type":"Person","@id":"https:\/\/blancfestival.com\/#\/schema\/person\/1c1365d1e51e5730cf3f5fadb8670c06","name":"Redacci\u00f3n Blanc!","image":{"@type":"ImageObject","inLanguage":"ca","@id":"https:\/\/blancfestival.com\/#\/schema\/person\/image\/","url":"https:\/\/blancfestival.com\/wp-content\/uploads\/2020\/02\/ico-120x120.png","contentUrl":"https:\/\/blancfestival.com\/wp-content\/uploads\/2020\/02\/ico-120x120.png","caption":"Redacci\u00f3n Blanc!"},"description":"\u201cNo trates de doblar la cuchara. Es imposible. En lugar de hacerlo, solo intenta darte cuenta de la verdad\u2026 No hay cuchara. Entonces, ver\u00e1s que no es la cuchara lo que se dobla, te doblas t\u00fa\u201d"}]}},"_links":{"self":[{"href":"https:\/\/blancfestival.com\/ca\/wp-json\/wp\/v2\/posts\/17321","targetHints":{"allow":["GET"]}}],"collection":[{"href":"https:\/\/blancfestival.com\/ca\/wp-json\/wp\/v2\/posts"}],"about":[{"href":"https:\/\/blancfestival.com\/ca\/wp-json\/wp\/v2\/types\/post"}],"author":[{"embeddable":true,"href":"https:\/\/blancfestival.com\/ca\/wp-json\/wp\/v2\/users\/3"}],"replies":[{"embeddable":true,"href":"https:\/\/blancfestival.com\/ca\/wp-json\/wp\/v2\/comments?post=17321"}],"version-history":[{"count":4,"href":"https:\/\/blancfestival.com\/ca\/wp-json\/wp\/v2\/posts\/17321\/revisions"}],"predecessor-version":[{"id":17334,"href":"https:\/\/blancfestival.com\/ca\/wp-json\/wp\/v2\/posts\/17321\/revisions\/17334"}],"wp:featuredmedia":[{"embeddable":true,"href":"https:\/\/blancfestival.com\/ca\/wp-json\/wp\/v2\/media\/17322"}],"wp:attachment":[{"href":"https:\/\/blancfestival.com\/ca\/wp-json\/wp\/v2\/media?parent=17321"}],"wp:term":[{"taxonomy":"category","embeddable":true,"href":"https:\/\/blancfestival.com\/ca\/wp-json\/wp\/v2\/categories?post=17321"},{"taxonomy":"post_tag","embeddable":true,"href":"https:\/\/blancfestival.com\/ca\/wp-json\/wp\/v2\/tags?post=17321"},{"taxonomy":"evento","embeddable":true,"href":"https:\/\/blancfestival.com\/ca\/wp-json\/wp\/v2\/evento?post=17321"}],"curies":[{"name":"wp","href":"https:\/\/api.w.org\/{rel}","templated":true}]}}