{"id":18624,"date":"2025-07-31T12:27:09","date_gmt":"2025-07-31T10:27:09","guid":{"rendered":"https:\/\/blancfestival.com\/cobrar-por-horas\/"},"modified":"2025-07-31T12:27:09","modified_gmt":"2025-07-31T10:27:09","slug":"cobrar-por-horas","status":"publish","type":"post","link":"https:\/\/blancfestival.com\/ca\/cobrar-por-horas\/","title":{"rendered":"\u00bfCobras por horas? Pues est\u00e1s regalando tu talento y tu tiempo"},"content":{"rendered":"<p>\u2014&#8221;\u00bfCu\u00e1l es tu tarifa por hora?&#8221; &#8211; Te pregunta el cliente.<\/p>\n<p>\u2014Y t\u00fa, \u00bfcu\u00e1nto pagar\u00edas por una idea que te cambie la marca?<\/p>\n<p>Esta conversaci\u00f3n es tan vieja como los briefings mal hechos y mal enfocados. Un cliente quiere saber tu tarifa por hora como quien pregunta cu\u00e1nto cuesta una docena de huevos. Pero dise\u00f1ar no es batir logos como tortillas. Es estrategia, intuici\u00f3n, a\u00f1os de experiencia y un pulso fino entre caos, genialidad y creatividad.. Y todo eso no cabe en una hora facturada.<\/p>\n<p>&nbsp;<\/p>\n<h2><img loading=\"lazy\" decoding=\"async\" width=\"700\" height=\"700\" class=\"alignnone size-large wp-image-18614\" src=\"https:\/\/blancfestival.com\/wp-content\/uploads\/2025\/07\/graphic-designer-2-700x700.jpg\" alt=\"\" srcset=\"https:\/\/blancfestival.com\/wp-content\/uploads\/2025\/07\/graphic-designer-2-700x700.jpg 700w, https:\/\/blancfestival.com\/wp-content\/uploads\/2025\/07\/graphic-designer-2-250x250.jpg 250w, https:\/\/blancfestival.com\/wp-content\/uploads\/2025\/07\/graphic-designer-2-150x150.jpg 150w, https:\/\/blancfestival.com\/wp-content\/uploads\/2025\/07\/graphic-designer-2-768x768.jpg 768w, https:\/\/blancfestival.com\/wp-content\/uploads\/2025\/07\/graphic-designer-2-120x120.jpg 120w, https:\/\/blancfestival.com\/wp-content\/uploads\/2025\/07\/graphic-designer-2.jpg 1024w\" sizes=\"auto, (max-width: 700px) 100vw, 700px\" \/><\/h2>\n<h2>\nEl mito de la tarifa horaria y por qu\u00e9 te est\u00e1 saboteando<\/h2>\n<p>La tarifa por hora es uno de esos inventos que suena justo\u2026 hasta que te das cuenta de que castiga a quien dise\u00f1a bien, r\u00e1pido y con criterio. Si eres \u00e1gil, te pagan menos. Si te tomas tu tiempo, te cuestionan.<\/p>\n<p>\u2014 &#8220;\u00bfS\u00f3lo tardaste dos d\u00edas en hacer mi logo?&#8221;<br \/>\n\u2014S\u00ed. Pero tard\u00e9 12 a\u00f1os en saber c\u00f3mo hacerlo en dos d\u00edas.<\/p>\n<p>&nbsp;<\/p>\n<h2>El verdadero valor no est\u00e1 en el reloj<\/h2>\n<p>Un logo no vale por las horas que pasas delante del Illustrator. Vale por el tiempo que le ahorras al cliente en dudas, pruebas, redise\u00f1os, estrategias fallidas y fracasos est\u00e9ticos que podr\u00edan costarle miles.<\/p>\n<p>Es como decirle al mec\u00e1nico:<br \/>\n\u2014 \u00a1Pero si me has arreglado el coche rapid\u00edsimo!<br \/>\n\u2014 \u00a1Claro! porque sab\u00eda qu\u00e9 cable tocar.<\/p>\n<p>\u00bfPor qu\u00e9 penalizamos a los creativos que son buenos, r\u00e1pidos y eficientes? \u00bfDesde cu\u00e1ndo la excelencia debe ser medida en minutos?<\/p>\n<p>&nbsp;<\/p>\n<p><img loading=\"lazy\" decoding=\"async\" width=\"700\" height=\"700\" class=\"alignnone size-large wp-image-18620\" src=\"https:\/\/blancfestival.com\/wp-content\/uploads\/2025\/07\/graphic-designer-4-700x700.jpg\" alt=\"\" srcset=\"https:\/\/blancfestival.com\/wp-content\/uploads\/2025\/07\/graphic-designer-4-700x700.jpg 700w, https:\/\/blancfestival.com\/wp-content\/uploads\/2025\/07\/graphic-designer-4-250x250.jpg 250w, https:\/\/blancfestival.com\/wp-content\/uploads\/2025\/07\/graphic-designer-4-150x150.jpg 150w, https:\/\/blancfestival.com\/wp-content\/uploads\/2025\/07\/graphic-designer-4-768x768.jpg 768w, https:\/\/blancfestival.com\/wp-content\/uploads\/2025\/07\/graphic-designer-4-120x120.jpg 120w, https:\/\/blancfestival.com\/wp-content\/uploads\/2025\/07\/graphic-designer-4.jpg 1024w\" sizes=\"auto, (max-width: 700px) 100vw, 700px\" \/><\/p>\n<p>&nbsp;<\/p>\n<h2>\u00bfValoras tiempo o resultados?<\/h2>\n<p>Si tu cliente valora el tiempo, que contrate a cuatro becarios y espere tres meses por un resultado que le va a dejar con m\u00e1s preguntas que respuestas. Si valora resultados, que entienda que lo que paga no es una ejecuci\u00f3n: es una soluci\u00f3n. Una que quiz\u00e1s le permite salir al mercado ma\u00f1ana con una marca potente, clara y duradera.<\/p>\n<p>\u201cSi puedo darte un logo que AMAS en 5 minutos, \u00bfvale menos que si tardo 5 semanas?\u201d<\/p>\n<p>La respuesta real es: vale m\u00e1s. Porque le acabas de ahorrar 4 semanas de caos.<\/p>\n<p>&nbsp;<\/p>\n<h2>Entonces, \u00bfc\u00f3mo cobramos?<\/h2>\n<p>La pregunta del mill\u00f3n. Y la respuesta es m\u00e1s sencilla de lo que parece:<br \/>\nCobra por el valor que entregas. No por el tiempo que consumes.<\/p>\n<p>Una marca que conecta, posiciona y permanece en la mente del p\u00fablico durante a\u00f1os no puede cotizarse como una tarifa de Uber. Es una inversi\u00f3n. Un activo. Una de las decisiones m\u00e1s importantes que una empresa puede tomar. Y eso se paga. Con confianza, con respeto, y s\u00ed: con dinero.<\/p>\n<h2>\nPorque en Blanc! lo sabemos bien<\/h2>\n<p>Llevamos desde 2009 (haz t\u00fa los c\u00e1lculos) demostrando que la creatividad no se mide por cron\u00f3metro. Se mide por impacto, por evoluci\u00f3n, por transformaci\u00f3n.<\/p>\n<p>As\u00ed que la pr\u00f3xima vez que alguien te pregunte tu tarifa por hora, puedes responder:<\/p>\n<p>\u00bfT\u00fa cu\u00e1nto estar\u00edas dispuesto a pagar por algo que cambie tu marca para siempre?<\/p>\n<p>Y si no lo entienden, m\u00e1ndales este art\u00edculo. O mejor: inv\u00edtales al Blanc!<\/p>\n<p>&nbsp;<\/p>\n","protected":false},"excerpt":{"rendered":"\u2014&#8221;\u00bfCu\u00e1l es tu tarifa por hora?&#8221; &#8211; Te pregunta el cliente. \u2014Y t\u00fa, \u00bfcu\u00e1nto pagar\u00edas por una idea que te cambie la marca? Esta conversaci\u00f3n es tan vieja como los briefings mal hechos y mal enfocados. Un cliente quiere saber tu tarifa por hora como quien pregunta cu\u00e1nto cuesta una docena de huevos. Pero dise\u00f1ar&hellip;","protected":false},"author":3,"featured_media":18615,"comment_status":"closed","ping_status":"closed","sticky":false,"template":"","format":"standard","meta":{"_acf_changed":false,"footnotes":""},"categories":[421],"tags":[],"evento":[],"class_list":["post-18624","post","type-post","status-publish","format-standard","has-post-thumbnail","hentry","category-negocio-y-diseno-ca"],"acf":[],"yoast_head":"<!-- This site is optimized with the Yoast SEO plugin v23.7 - https:\/\/yoast.com\/wordpress\/plugins\/seo\/ -->\n<title>\u00bfCobras por horas? Pues est\u00e1s regalando tu talento y tu tiempo<\/title>\n<meta name=\"robots\" content=\"index, follow, max-snippet:-1, max-image-preview:large, max-video-preview:-1\" \/>\n<link rel=\"canonical\" href=\"https:\/\/blancfestival.com\/ca\/cobrar-por-horas\/\" \/>\n<meta property=\"og:locale\" content=\"ca_ES\" \/>\n<meta property=\"og:type\" content=\"article\" \/>\n<meta property=\"og:title\" content=\"\u00bfCobras por horas? Pues est\u00e1s regalando tu talento y tu tiempo\" \/>\n<meta property=\"og:description\" content=\"\u2014&#8221;\u00bfCu\u00e1l es tu tarifa por hora?&#8221; &#8211; Te pregunta el cliente. \u2014Y t\u00fa, \u00bfcu\u00e1nto pagar\u00edas por una idea que te cambie la marca? Esta conversaci\u00f3n es tan vieja como los briefings mal hechos y mal enfocados. Un cliente quiere saber tu tarifa por hora como quien pregunta cu\u00e1nto cuesta una docena de huevos. Pero dise\u00f1ar&hellip;\" \/>\n<meta property=\"og:url\" content=\"https:\/\/blancfestival.com\/ca\/cobrar-por-horas\/\" \/>\n<meta property=\"og:site_name\" content=\"Blanc!\" \/>\n<meta property=\"article:publisher\" content=\"https:\/\/www.facebook.com\/blanc.festivaldissenygrafic\/\" \/>\n<meta property=\"article:published_time\" content=\"2025-07-31T10:27:09+00:00\" \/>\n<meta property=\"og:image\" content=\"https:\/\/blancfestival.com\/wp-content\/uploads\/2025\/07\/graphic-designer-2.jpg\" \/>\n\t<meta property=\"og:image:width\" content=\"1024\" \/>\n\t<meta property=\"og:image:height\" content=\"1024\" \/>\n\t<meta property=\"og:image:type\" content=\"image\/jpeg\" \/>\n<meta name=\"author\" content=\"Redacci\u00f3n Blanc!\" \/>\n<meta name=\"twitter:card\" content=\"summary_large_image\" \/>\n<meta name=\"twitter:creator\" content=\"@blancfest\" \/>\n<meta name=\"twitter:site\" content=\"@blancfest\" \/>\n<meta name=\"twitter:label1\" content=\"Written by\" \/>\n\t<meta name=\"twitter:data1\" content=\"Redacci\u00f3n Blanc!\" \/>\n\t<meta name=\"twitter:label2\" content=\"Est. reading time\" \/>\n\t<meta name=\"twitter:data2\" content=\"3 minutes\" \/>\n<script type=\"application\/ld+json\" class=\"yoast-schema-graph\">{\"@context\":\"https:\/\/schema.org\",\"@graph\":[{\"@type\":\"Article\",\"@id\":\"https:\/\/blancfestival.com\/ca\/cobrar-por-horas\/#article\",\"isPartOf\":{\"@id\":\"https:\/\/blancfestival.com\/ca\/cobrar-por-horas\/\"},\"author\":{\"name\":\"Redacci\u00f3n Blanc!\",\"@id\":\"https:\/\/blancfestival.com\/#\/schema\/person\/1c1365d1e51e5730cf3f5fadb8670c06\"},\"headline\":\"\u00bfCobras por horas? Pues est\u00e1s regalando tu talento y tu tiempo\",\"datePublished\":\"2025-07-31T10:27:09+00:00\",\"dateModified\":\"2025-07-31T10:27:09+00:00\",\"mainEntityOfPage\":{\"@id\":\"https:\/\/blancfestival.com\/ca\/cobrar-por-horas\/\"},\"wordCount\":546,\"publisher\":{\"@id\":\"https:\/\/blancfestival.com\/#organization\"},\"image\":{\"@id\":\"https:\/\/blancfestival.com\/ca\/cobrar-por-horas\/#primaryimage\"},\"thumbnailUrl\":\"https:\/\/blancfestival.com\/wp-content\/uploads\/2025\/07\/graphic-designer-2.jpg\",\"articleSection\":[\"Negocio y Dise\u00f1o\"],\"inLanguage\":\"ca\"},{\"@type\":\"WebPage\",\"@id\":\"https:\/\/blancfestival.com\/ca\/cobrar-por-horas\/\",\"url\":\"https:\/\/blancfestival.com\/ca\/cobrar-por-horas\/\",\"name\":\"\u00bfCobras por horas? Pues est\u00e1s regalando tu talento y tu tiempo\",\"isPartOf\":{\"@id\":\"https:\/\/blancfestival.com\/#website\"},\"primaryImageOfPage\":{\"@id\":\"https:\/\/blancfestival.com\/ca\/cobrar-por-horas\/#primaryimage\"},\"image\":{\"@id\":\"https:\/\/blancfestival.com\/ca\/cobrar-por-horas\/#primaryimage\"},\"thumbnailUrl\":\"https:\/\/blancfestival.com\/wp-content\/uploads\/2025\/07\/graphic-designer-2.jpg\",\"datePublished\":\"2025-07-31T10:27:09+00:00\",\"dateModified\":\"2025-07-31T10:27:09+00:00\",\"breadcrumb\":{\"@id\":\"https:\/\/blancfestival.com\/ca\/cobrar-por-horas\/#breadcrumb\"},\"inLanguage\":\"ca\",\"potentialAction\":[{\"@type\":\"ReadAction\",\"target\":[\"https:\/\/blancfestival.com\/ca\/cobrar-por-horas\/\"]}]},{\"@type\":\"ImageObject\",\"inLanguage\":\"ca\",\"@id\":\"https:\/\/blancfestival.com\/ca\/cobrar-por-horas\/#primaryimage\",\"url\":\"https:\/\/blancfestival.com\/wp-content\/uploads\/2025\/07\/graphic-designer-2.jpg\",\"contentUrl\":\"https:\/\/blancfestival.com\/wp-content\/uploads\/2025\/07\/graphic-designer-2.jpg\",\"width\":1024,\"height\":1024},{\"@type\":\"BreadcrumbList\",\"@id\":\"https:\/\/blancfestival.com\/ca\/cobrar-por-horas\/#breadcrumb\",\"itemListElement\":[{\"@type\":\"ListItem\",\"position\":1,\"name\":\"Portada\",\"item\":\"https:\/\/blancfestival.com\/ca\/\"},{\"@type\":\"ListItem\",\"position\":2,\"name\":\"\u00bfCobras por horas? Pues est\u00e1s regalando tu talento y tu tiempo\"}]},{\"@type\":\"WebSite\",\"@id\":\"https:\/\/blancfestival.com\/#website\",\"url\":\"https:\/\/blancfestival.com\/\",\"name\":\"Blanc! Festival\",\"description\":\"Disseny, Creativitat i Innovaci\u00f3\",\"publisher\":{\"@id\":\"https:\/\/blancfestival.com\/#organization\"},\"potentialAction\":[{\"@type\":\"SearchAction\",\"target\":{\"@type\":\"EntryPoint\",\"urlTemplate\":\"https:\/\/blancfestival.com\/?s={search_term_string}\"},\"query-input\":{\"@type\":\"PropertyValueSpecification\",\"valueRequired\":true,\"valueName\":\"search_term_string\"}}],\"inLanguage\":\"ca\"},{\"@type\":\"Organization\",\"@id\":\"https:\/\/blancfestival.com\/#organization\",\"name\":\"Blanc! Festival de Dise\u00f1o, Creatividad e Innovaci\u00f3n\",\"url\":\"https:\/\/blancfestival.com\/\",\"logo\":{\"@type\":\"ImageObject\",\"inLanguage\":\"ca\",\"@id\":\"https:\/\/blancfestival.com\/#\/schema\/logo\/image\/\",\"url\":\"https:\/\/blancfestival.com\/wp-content\/uploads\/2025\/01\/logo_icono_blanc.jpg\",\"contentUrl\":\"https:\/\/blancfestival.com\/wp-content\/uploads\/2025\/01\/logo_icono_blanc.jpg\",\"width\":2000,\"height\":2000,\"caption\":\"Blanc! Festival de Dise\u00f1o, Creatividad e Innovaci\u00f3n\"},\"image\":{\"@id\":\"https:\/\/blancfestival.com\/#\/schema\/logo\/image\/\"},\"sameAs\":[\"https:\/\/www.facebook.com\/blanc.festivaldissenygrafic\/\",\"https:\/\/x.com\/blancfest\",\"https:\/\/www.instagram.com\/blancfest\/\",\"https:\/\/www.linkedin.com\/company\/blanc-festival\",\"https:\/\/www.pinterest.com\/blancfest\/\",\"https:\/\/www.youtube.com\/channel\/UCM-IjxOFb5gQg4yPgmze3Gg\"]},{\"@type\":\"Person\",\"@id\":\"https:\/\/blancfestival.com\/#\/schema\/person\/1c1365d1e51e5730cf3f5fadb8670c06\",\"name\":\"Redacci\u00f3n Blanc!\",\"image\":{\"@type\":\"ImageObject\",\"inLanguage\":\"ca\",\"@id\":\"https:\/\/blancfestival.com\/#\/schema\/person\/image\/\",\"url\":\"https:\/\/blancfestival.com\/wp-content\/uploads\/2020\/02\/ico-120x120.png\",\"contentUrl\":\"https:\/\/blancfestival.com\/wp-content\/uploads\/2020\/02\/ico-120x120.png\",\"caption\":\"Redacci\u00f3n Blanc!\"},\"description\":\"\u201cNo trates de doblar la cuchara. Es imposible. En lugar de hacerlo, solo intenta darte cuenta de la verdad\u2026 No hay cuchara. Entonces, ver\u00e1s que no es la cuchara lo que se dobla, te doblas t\u00fa\u201d\"}]}<\/script>\n<!-- \/ Yoast SEO plugin. -->","yoast_head_json":{"title":"\u00bfCobras por horas? Pues est\u00e1s regalando tu talento y tu tiempo","robots":{"index":"index","follow":"follow","max-snippet":"max-snippet:-1","max-image-preview":"max-image-preview:large","max-video-preview":"max-video-preview:-1"},"canonical":"https:\/\/blancfestival.com\/ca\/cobrar-por-horas\/","og_locale":"ca_ES","og_type":"article","og_title":"\u00bfCobras por horas? Pues est\u00e1s regalando tu talento y tu tiempo","og_description":"\u2014&#8221;\u00bfCu\u00e1l es tu tarifa por hora?&#8221; &#8211; Te pregunta el cliente. \u2014Y t\u00fa, \u00bfcu\u00e1nto pagar\u00edas por una idea que te cambie la marca? Esta conversaci\u00f3n es tan vieja como los briefings mal hechos y mal enfocados. Un cliente quiere saber tu tarifa por hora como quien pregunta cu\u00e1nto cuesta una docena de huevos. Pero dise\u00f1ar&hellip;","og_url":"https:\/\/blancfestival.com\/ca\/cobrar-por-horas\/","og_site_name":"Blanc!","article_publisher":"https:\/\/www.facebook.com\/blanc.festivaldissenygrafic\/","article_published_time":"2025-07-31T10:27:09+00:00","og_image":[{"width":1024,"height":1024,"url":"https:\/\/blancfestival.com\/wp-content\/uploads\/2025\/07\/graphic-designer-2.jpg","type":"image\/jpeg"}],"author":"Redacci\u00f3n Blanc!","twitter_card":"summary_large_image","twitter_creator":"@blancfest","twitter_site":"@blancfest","twitter_misc":{"Written by":"Redacci\u00f3n Blanc!","Est. reading time":"3 minutes"},"schema":{"@context":"https:\/\/schema.org","@graph":[{"@type":"Article","@id":"https:\/\/blancfestival.com\/ca\/cobrar-por-horas\/#article","isPartOf":{"@id":"https:\/\/blancfestival.com\/ca\/cobrar-por-horas\/"},"author":{"name":"Redacci\u00f3n Blanc!","@id":"https:\/\/blancfestival.com\/#\/schema\/person\/1c1365d1e51e5730cf3f5fadb8670c06"},"headline":"\u00bfCobras por horas? Pues est\u00e1s regalando tu talento y tu tiempo","datePublished":"2025-07-31T10:27:09+00:00","dateModified":"2025-07-31T10:27:09+00:00","mainEntityOfPage":{"@id":"https:\/\/blancfestival.com\/ca\/cobrar-por-horas\/"},"wordCount":546,"publisher":{"@id":"https:\/\/blancfestival.com\/#organization"},"image":{"@id":"https:\/\/blancfestival.com\/ca\/cobrar-por-horas\/#primaryimage"},"thumbnailUrl":"https:\/\/blancfestival.com\/wp-content\/uploads\/2025\/07\/graphic-designer-2.jpg","articleSection":["Negocio y Dise\u00f1o"],"inLanguage":"ca"},{"@type":"WebPage","@id":"https:\/\/blancfestival.com\/ca\/cobrar-por-horas\/","url":"https:\/\/blancfestival.com\/ca\/cobrar-por-horas\/","name":"\u00bfCobras por horas? Pues est\u00e1s regalando tu talento y tu tiempo","isPartOf":{"@id":"https:\/\/blancfestival.com\/#website"},"primaryImageOfPage":{"@id":"https:\/\/blancfestival.com\/ca\/cobrar-por-horas\/#primaryimage"},"image":{"@id":"https:\/\/blancfestival.com\/ca\/cobrar-por-horas\/#primaryimage"},"thumbnailUrl":"https:\/\/blancfestival.com\/wp-content\/uploads\/2025\/07\/graphic-designer-2.jpg","datePublished":"2025-07-31T10:27:09+00:00","dateModified":"2025-07-31T10:27:09+00:00","breadcrumb":{"@id":"https:\/\/blancfestival.com\/ca\/cobrar-por-horas\/#breadcrumb"},"inLanguage":"ca","potentialAction":[{"@type":"ReadAction","target":["https:\/\/blancfestival.com\/ca\/cobrar-por-horas\/"]}]},{"@type":"ImageObject","inLanguage":"ca","@id":"https:\/\/blancfestival.com\/ca\/cobrar-por-horas\/#primaryimage","url":"https:\/\/blancfestival.com\/wp-content\/uploads\/2025\/07\/graphic-designer-2.jpg","contentUrl":"https:\/\/blancfestival.com\/wp-content\/uploads\/2025\/07\/graphic-designer-2.jpg","width":1024,"height":1024},{"@type":"BreadcrumbList","@id":"https:\/\/blancfestival.com\/ca\/cobrar-por-horas\/#breadcrumb","itemListElement":[{"@type":"ListItem","position":1,"name":"Portada","item":"https:\/\/blancfestival.com\/ca\/"},{"@type":"ListItem","position":2,"name":"\u00bfCobras por horas? Pues est\u00e1s regalando tu talento y tu tiempo"}]},{"@type":"WebSite","@id":"https:\/\/blancfestival.com\/#website","url":"https:\/\/blancfestival.com\/","name":"Blanc! Festival","description":"Disseny, Creativitat i Innovaci\u00f3","publisher":{"@id":"https:\/\/blancfestival.com\/#organization"},"potentialAction":[{"@type":"SearchAction","target":{"@type":"EntryPoint","urlTemplate":"https:\/\/blancfestival.com\/?s={search_term_string}"},"query-input":{"@type":"PropertyValueSpecification","valueRequired":true,"valueName":"search_term_string"}}],"inLanguage":"ca"},{"@type":"Organization","@id":"https:\/\/blancfestival.com\/#organization","name":"Blanc! Festival de Dise\u00f1o, Creatividad e Innovaci\u00f3n","url":"https:\/\/blancfestival.com\/","logo":{"@type":"ImageObject","inLanguage":"ca","@id":"https:\/\/blancfestival.com\/#\/schema\/logo\/image\/","url":"https:\/\/blancfestival.com\/wp-content\/uploads\/2025\/01\/logo_icono_blanc.jpg","contentUrl":"https:\/\/blancfestival.com\/wp-content\/uploads\/2025\/01\/logo_icono_blanc.jpg","width":2000,"height":2000,"caption":"Blanc! Festival de Dise\u00f1o, Creatividad e Innovaci\u00f3n"},"image":{"@id":"https:\/\/blancfestival.com\/#\/schema\/logo\/image\/"},"sameAs":["https:\/\/www.facebook.com\/blanc.festivaldissenygrafic\/","https:\/\/x.com\/blancfest","https:\/\/www.instagram.com\/blancfest\/","https:\/\/www.linkedin.com\/company\/blanc-festival","https:\/\/www.pinterest.com\/blancfest\/","https:\/\/www.youtube.com\/channel\/UCM-IjxOFb5gQg4yPgmze3Gg"]},{"@type":"Person","@id":"https:\/\/blancfestival.com\/#\/schema\/person\/1c1365d1e51e5730cf3f5fadb8670c06","name":"Redacci\u00f3n Blanc!","image":{"@type":"ImageObject","inLanguage":"ca","@id":"https:\/\/blancfestival.com\/#\/schema\/person\/image\/","url":"https:\/\/blancfestival.com\/wp-content\/uploads\/2020\/02\/ico-120x120.png","contentUrl":"https:\/\/blancfestival.com\/wp-content\/uploads\/2020\/02\/ico-120x120.png","caption":"Redacci\u00f3n Blanc!"},"description":"\u201cNo trates de doblar la cuchara. Es imposible. En lugar de hacerlo, solo intenta darte cuenta de la verdad\u2026 No hay cuchara. Entonces, ver\u00e1s que no es la cuchara lo que se dobla, te doblas t\u00fa\u201d"}]}},"_links":{"self":[{"href":"https:\/\/blancfestival.com\/ca\/wp-json\/wp\/v2\/posts\/18624","targetHints":{"allow":["GET"]}}],"collection":[{"href":"https:\/\/blancfestival.com\/ca\/wp-json\/wp\/v2\/posts"}],"about":[{"href":"https:\/\/blancfestival.com\/ca\/wp-json\/wp\/v2\/types\/post"}],"author":[{"embeddable":true,"href":"https:\/\/blancfestival.com\/ca\/wp-json\/wp\/v2\/users\/3"}],"replies":[{"embeddable":true,"href":"https:\/\/blancfestival.com\/ca\/wp-json\/wp\/v2\/comments?post=18624"}],"version-history":[{"count":0,"href":"https:\/\/blancfestival.com\/ca\/wp-json\/wp\/v2\/posts\/18624\/revisions"}],"wp:featuredmedia":[{"embeddable":true,"href":"https:\/\/blancfestival.com\/ca\/wp-json\/wp\/v2\/media\/18615"}],"wp:attachment":[{"href":"https:\/\/blancfestival.com\/ca\/wp-json\/wp\/v2\/media?parent=18624"}],"wp:term":[{"taxonomy":"category","embeddable":true,"href":"https:\/\/blancfestival.com\/ca\/wp-json\/wp\/v2\/categories?post=18624"},{"taxonomy":"post_tag","embeddable":true,"href":"https:\/\/blancfestival.com\/ca\/wp-json\/wp\/v2\/tags?post=18624"},{"taxonomy":"evento","embeddable":true,"href":"https:\/\/blancfestival.com\/ca\/wp-json\/wp\/v2\/evento?post=18624"}],"curies":[{"name":"wp","href":"https:\/\/api.w.org\/{rel}","templated":true}]}}