{"id":18643,"date":"2025-08-05T10:13:47","date_gmt":"2025-08-05T08:13:47","guid":{"rendered":"https:\/\/blancfestival.com\/ejecutas-o-piensas\/"},"modified":"2025-08-05T10:13:47","modified_gmt":"2025-08-05T08:13:47","slug":"ejecutas-o-piensas","status":"publish","type":"post","link":"https:\/\/blancfestival.com\/ca\/ejecutas-o-piensas\/","title":{"rendered":"\u00bfEjecutas o piensas?"},"content":{"rendered":"<p>Hubo un tiempo en que ser dise\u00f1ador gr\u00e1fico era como ser elegido por los dioses: eras el diferente, el creativo, el que pensaba m\u00e1s all\u00e1, el que manejaba con maestr\u00eda y destreza herramientas que para el resto de los mortales eran ciencia ficci\u00f3n. Tus composiciones se ve\u00edan profesionales, y tus clientes alucinaban cuando les hac\u00edas un repaso r\u00e1pido a la presentaci\u00f3n de PowerPoint que llevaban a\u00f1os utilizando.<\/p>\n<p>Pero eso era antes, los tiempos han cambiado. Y hoy los dioses miran hacia otro sitio.<\/p>\n<p>Vivimos en un presente donde la inteligencia artificial genera im\u00e1genes en segundos, y lo que antes nos hac\u00eda \u00fanicos \u2014 saber usar bien el paquete de Adobe y tener cierto gusto y conocimiento en teor\u00eda del dise\u00f1o \u2014 ya no es suficiente.<\/p>\n<p>Pero calma, que esto no es un obituario del dise\u00f1o. Es una invitaci\u00f3n a evolucionar. Porque la creatividad no ha muerto. Solo ha cambiado de sitio.<\/p>\n<p>&nbsp;<\/p>\n<p><img loading=\"lazy\" decoding=\"async\" width=\"600\" height=\"600\" class=\"alignnone size-full wp-image-18638\" src=\"https:\/\/blancfestival.com\/wp-content\/uploads\/2025\/08\/meme.jpg\" alt=\"\" srcset=\"https:\/\/blancfestival.com\/wp-content\/uploads\/2025\/08\/meme.jpg 600w, https:\/\/blancfestival.com\/wp-content\/uploads\/2025\/08\/meme-250x250.jpg 250w, https:\/\/blancfestival.com\/wp-content\/uploads\/2025\/08\/meme-150x150.jpg 150w, https:\/\/blancfestival.com\/wp-content\/uploads\/2025\/08\/meme-120x120.jpg 120w\" sizes=\"auto, (max-width: 600px) 100vw, 600px\" \/><\/p>\n<p>&nbsp;<\/p>\n<h2>\u00bfQu\u00e9 est\u00e1 pasando aqu\u00ed?<\/h2>\n<p>La Inteligencia Artificial no est\u00e1 tocando a la puerta; ya ha entrado, se ha servido un caf\u00e9 y est\u00e1 generando versiones alternativas de tu \u00faltimo p\u00f3ster antes de que t\u00fa termines de elegir la paleta de color. \u00bfEres de los que creen que utilizar la IA deval\u00faa tu trabajo? \u00bfCrees que a los clientes les importa si utilizaste Midjourney, Chatgpt o Runaway? Lo \u00fanico que les importe es que le soluciones u problema de comunicaci\u00f3n, que generes un cambio, que lo que hagas para ellos funcione.<\/p>\n<p>Y ah\u00ed radica el verdadero problema. Que muchos dise\u00f1adores piensan que utilizar la IA es &#8220;trampa&#8221;, o que utilizar herramientas como Canva es degradar la profesi\u00f3n, y que para lo \u00fanico que sirven es para darle herramientas a quienes nos quitar\u00e1n el trabajo. Pensar as\u00ed es, perdona que te lo diga, pensar en peque\u00f1o.<\/p>\n<p>\u00bfNo ves la oportunidad? Es el momento de liberar un superpoder, el de pensar estrat\u00e9gicamente. Porque la herramienta no hace al dise\u00f1ador, el dise\u00f1ador hace la herramienta, y la utiliza a su favor y beneficio.<\/p>\n<p>&nbsp;<\/p>\n<h2>La nueva brecha: Pensadores vs. Ejecutores<\/h2>\n<p>Hasta ahora, la creatividad se med\u00eda por lo bonito que era tu portfolio. Ahora se mide por tu capacidad de resolver problemas complejos, de traducir briefings confusos en soluciones que conectan, emocionan y venden. \u00bfEres un simple ejecutor o un \u00e1vido pensador? Si tienes duda te lo describo:<\/p>\n<p><strong>El Ejecutor:<\/strong> sigue el briefing al pie de la letra, elige una tipograf\u00eda trendy y aplica un degradado que &#8220;est\u00e1 muy de moda&#8221;. La IA puede hacerlo igual o mejor. Dise\u00f1o que impacta, gusta, \u00bfpero funciona?<\/p>\n<p><strong>El Pensador:<\/strong> cuestiona, explora, encuentra el prop\u00f3sito detr\u00e1s del encargo. No dise\u00f1a solo para impactar, sino para transformar. El trabajo del Pensador acaba cuando empieza el del ejecutor.<\/p>\n<p>Y no, no tienes que dejar de dise\u00f1ar. Solo tienes que dise\u00f1ar desde otro lugar: desde la estrategia, desde el prop\u00f3sito, desde el famoso por qu\u00e9.<\/p>\n<p>&nbsp;<\/p>\n<h2>5 pasos para cruzar al otro lado, el del dise\u00f1o inteligente<\/h2>\n<p>Aqu\u00ed no hay f\u00f3rmulas m\u00e1gicas, pero s\u00ed una br\u00fajula para orientarte en este nuevo mapa:<\/p>\n<h3>1. Empieza desde el problema, no desde el layout.<\/h3>\n<p>En vez de preguntar \u201c\u00bfqu\u00e9 estilo quieres?\u201d, pregunta: \u00bfqu\u00e9 problema resolvemos con este dise\u00f1o?.<\/p>\n<h3>2. Presenta como estratega, no como artista incomprendido.<\/h3>\n<p>Explica el porqu\u00e9 antes del c\u00f3mo. Lleva al cliente de la mano por tu proceso de pensamiento antes de mostrarle el dise\u00f1o.<\/p>\n<h3>3. Alimenta tu cabeza, no solo tu feed.<\/h3>\n<p>Estudia estrategia de marca, psicolog\u00eda, marketing. Lo visual es solo una parte del viaje. Eso ya lo tienes. M\u00e9tete en la cabeza de tu cliente, o mejor a\u00fan, del cliente de tu cliente.<\/p>\n<h3>4. Usa la IA como tu becario estrella.<\/h3>\n<p>Que te ayude, que te proponga, que te d\u00e9 ideas&#8230; pero recuerda: t\u00fa decides. T\u00fa filtras. T\u00fa tienes el criterio.<\/p>\n<h3>5. Reescribe tu identidad profesional.<\/h3>\n<p>No eres \u201csolo un dise\u00f1ador gr\u00e1fico\u201d. Eres un solucionador de problemas con un l\u00e1piz y un papel. Y eso no te lo quita ninguna IA. Util\u00edzala para potenciar tu lado m\u00e1s estratega.<\/p>\n<h3>6. El futuro ya no es dise\u00f1o. Es direcci\u00f3n.<\/h3>\n<p>S\u00ed, puede que la IA genere carteles impresionantes en segundos. Pero no tiene criterio, ni empat\u00eda, ni olfato para detectar una buena historia. No entiende de timings, ni de contexto, ni de cultura. Ah\u00ed es donde entras t\u00fa.<\/p>\n<p>El dise\u00f1ador del futuro no ser\u00e1 el que mejor use Figma. Ser\u00e1 el que mejor entienda el negocio, la emoci\u00f3n humana y el poder de las ideas.<br \/>\nY aunque ahora parezca que la IA puede con todo, recuerda: una m\u00e1quina no puede hacer lo que t\u00fa haces cuando piensas por qu\u00e9. Cuando te conviertes en estratega. Cuando dise\u00f1as con prop\u00f3sito.<\/p>\n<p>As\u00ed que, colega dise\u00f1ador, colega dise\u00f1adora, no te preocupes por quedarte atr\u00e1s. Preoc\u00fapate por quedarte en el mismo sitio y aprovechar este momento de cambio en la profesi\u00f3n.<\/p>\n","protected":false},"excerpt":{"rendered":"Hubo un tiempo en que ser dise\u00f1ador gr\u00e1fico era como ser elegido por los dioses: eras el diferente, el creativo, el que pensaba m\u00e1s all\u00e1, el que manejaba con maestr\u00eda y destreza herramientas que para el resto de los mortales eran ciencia ficci\u00f3n. Tus composiciones se ve\u00edan profesionales, y tus clientes alucinaban cuando les hac\u00edas&hellip;","protected":false},"author":1,"featured_media":18639,"comment_status":"closed","ping_status":"closed","sticky":false,"template":"","format":"standard","meta":{"_acf_changed":false,"footnotes":""},"categories":[421],"tags":[],"evento":[],"class_list":["post-18643","post","type-post","status-publish","format-standard","has-post-thumbnail","hentry","category-negocio-y-diseno-ca"],"acf":[],"yoast_head":"<!-- This site is optimized with the Yoast SEO plugin v23.7 - https:\/\/yoast.com\/wordpress\/plugins\/seo\/ -->\n<title>\u00bfEjecutas o piensas?<\/title>\n<meta name=\"robots\" content=\"index, follow, max-snippet:-1, max-image-preview:large, max-video-preview:-1\" \/>\n<link rel=\"canonical\" href=\"https:\/\/blancfestival.com\/ca\/ejecutas-o-piensas\/\" \/>\n<meta property=\"og:locale\" content=\"ca_ES\" \/>\n<meta property=\"og:type\" content=\"article\" \/>\n<meta property=\"og:title\" content=\"\u00bfEjecutas o piensas?\" \/>\n<meta property=\"og:description\" content=\"Hubo un tiempo en que ser dise\u00f1ador gr\u00e1fico era como ser elegido por los dioses: eras el diferente, el creativo, el que pensaba m\u00e1s all\u00e1, el que manejaba con maestr\u00eda y destreza herramientas que para el resto de los mortales eran ciencia ficci\u00f3n. Tus composiciones se ve\u00edan profesionales, y tus clientes alucinaban cuando les hac\u00edas&hellip;\" \/>\n<meta property=\"og:url\" content=\"https:\/\/blancfestival.com\/ca\/ejecutas-o-piensas\/\" \/>\n<meta property=\"og:site_name\" content=\"Blanc!\" \/>\n<meta property=\"article:publisher\" content=\"https:\/\/www.facebook.com\/blanc.festivaldissenygrafic\/\" \/>\n<meta property=\"article:published_time\" content=\"2025-08-05T08:13:47+00:00\" \/>\n<meta property=\"og:image\" content=\"https:\/\/blancfestival.com\/wp-content\/uploads\/2025\/08\/meme.jpg\" \/>\n\t<meta property=\"og:image:width\" content=\"600\" \/>\n\t<meta property=\"og:image:height\" content=\"600\" \/>\n\t<meta property=\"og:image:type\" content=\"image\/jpeg\" \/>\n<meta name=\"author\" content=\"David D&#039;Eboli\" \/>\n<meta name=\"twitter:card\" content=\"summary_large_image\" \/>\n<meta name=\"twitter:creator\" content=\"@blancfest\" \/>\n<meta name=\"twitter:site\" content=\"@blancfest\" \/>\n<meta name=\"twitter:label1\" content=\"Written by\" \/>\n\t<meta name=\"twitter:data1\" content=\"David D&#039;Eboli\" \/>\n\t<meta name=\"twitter:label2\" content=\"Est. reading time\" \/>\n\t<meta name=\"twitter:data2\" content=\"4 minutes\" \/>\n<script type=\"application\/ld+json\" class=\"yoast-schema-graph\">{\"@context\":\"https:\/\/schema.org\",\"@graph\":[{\"@type\":\"Article\",\"@id\":\"https:\/\/blancfestival.com\/ca\/ejecutas-o-piensas\/#article\",\"isPartOf\":{\"@id\":\"https:\/\/blancfestival.com\/ca\/ejecutas-o-piensas\/\"},\"author\":{\"name\":\"David D'Eboli\",\"@id\":\"https:\/\/blancfestival.com\/#\/schema\/person\/ba98f9f2040d99954c0d1218e4580f7d\"},\"headline\":\"\u00bfEjecutas o piensas?\",\"datePublished\":\"2025-08-05T08:13:47+00:00\",\"dateModified\":\"2025-08-05T08:13:47+00:00\",\"mainEntityOfPage\":{\"@id\":\"https:\/\/blancfestival.com\/ca\/ejecutas-o-piensas\/\"},\"wordCount\":855,\"publisher\":{\"@id\":\"https:\/\/blancfestival.com\/#organization\"},\"image\":{\"@id\":\"https:\/\/blancfestival.com\/ca\/ejecutas-o-piensas\/#primaryimage\"},\"thumbnailUrl\":\"https:\/\/blancfestival.com\/wp-content\/uploads\/2025\/08\/meme.jpg\",\"articleSection\":[\"Negocio y Dise\u00f1o\"],\"inLanguage\":\"ca\"},{\"@type\":\"WebPage\",\"@id\":\"https:\/\/blancfestival.com\/ca\/ejecutas-o-piensas\/\",\"url\":\"https:\/\/blancfestival.com\/ca\/ejecutas-o-piensas\/\",\"name\":\"\u00bfEjecutas o piensas?\",\"isPartOf\":{\"@id\":\"https:\/\/blancfestival.com\/#website\"},\"primaryImageOfPage\":{\"@id\":\"https:\/\/blancfestival.com\/ca\/ejecutas-o-piensas\/#primaryimage\"},\"image\":{\"@id\":\"https:\/\/blancfestival.com\/ca\/ejecutas-o-piensas\/#primaryimage\"},\"thumbnailUrl\":\"https:\/\/blancfestival.com\/wp-content\/uploads\/2025\/08\/meme.jpg\",\"datePublished\":\"2025-08-05T08:13:47+00:00\",\"dateModified\":\"2025-08-05T08:13:47+00:00\",\"breadcrumb\":{\"@id\":\"https:\/\/blancfestival.com\/ca\/ejecutas-o-piensas\/#breadcrumb\"},\"inLanguage\":\"ca\",\"potentialAction\":[{\"@type\":\"ReadAction\",\"target\":[\"https:\/\/blancfestival.com\/ca\/ejecutas-o-piensas\/\"]}]},{\"@type\":\"ImageObject\",\"inLanguage\":\"ca\",\"@id\":\"https:\/\/blancfestival.com\/ca\/ejecutas-o-piensas\/#primaryimage\",\"url\":\"https:\/\/blancfestival.com\/wp-content\/uploads\/2025\/08\/meme.jpg\",\"contentUrl\":\"https:\/\/blancfestival.com\/wp-content\/uploads\/2025\/08\/meme.jpg\",\"width\":600,\"height\":600},{\"@type\":\"BreadcrumbList\",\"@id\":\"https:\/\/blancfestival.com\/ca\/ejecutas-o-piensas\/#breadcrumb\",\"itemListElement\":[{\"@type\":\"ListItem\",\"position\":1,\"name\":\"Portada\",\"item\":\"https:\/\/blancfestival.com\/ca\/\"},{\"@type\":\"ListItem\",\"position\":2,\"name\":\"\u00bfEjecutas o piensas?\"}]},{\"@type\":\"WebSite\",\"@id\":\"https:\/\/blancfestival.com\/#website\",\"url\":\"https:\/\/blancfestival.com\/\",\"name\":\"Blanc! Festival\",\"description\":\"Disseny, Creativitat i Innovaci\u00f3\",\"publisher\":{\"@id\":\"https:\/\/blancfestival.com\/#organization\"},\"potentialAction\":[{\"@type\":\"SearchAction\",\"target\":{\"@type\":\"EntryPoint\",\"urlTemplate\":\"https:\/\/blancfestival.com\/?s={search_term_string}\"},\"query-input\":{\"@type\":\"PropertyValueSpecification\",\"valueRequired\":true,\"valueName\":\"search_term_string\"}}],\"inLanguage\":\"ca\"},{\"@type\":\"Organization\",\"@id\":\"https:\/\/blancfestival.com\/#organization\",\"name\":\"Blanc! Festival de Dise\u00f1o, Creatividad e Innovaci\u00f3n\",\"url\":\"https:\/\/blancfestival.com\/\",\"logo\":{\"@type\":\"ImageObject\",\"inLanguage\":\"ca\",\"@id\":\"https:\/\/blancfestival.com\/#\/schema\/logo\/image\/\",\"url\":\"https:\/\/blancfestival.com\/wp-content\/uploads\/2025\/01\/logo_icono_blanc.jpg\",\"contentUrl\":\"https:\/\/blancfestival.com\/wp-content\/uploads\/2025\/01\/logo_icono_blanc.jpg\",\"width\":2000,\"height\":2000,\"caption\":\"Blanc! Festival de Dise\u00f1o, Creatividad e Innovaci\u00f3n\"},\"image\":{\"@id\":\"https:\/\/blancfestival.com\/#\/schema\/logo\/image\/\"},\"sameAs\":[\"https:\/\/www.facebook.com\/blanc.festivaldissenygrafic\/\",\"https:\/\/x.com\/blancfest\",\"https:\/\/www.instagram.com\/blancfest\/\",\"https:\/\/www.linkedin.com\/company\/blanc-festival\",\"https:\/\/www.pinterest.com\/blancfest\/\",\"https:\/\/www.youtube.com\/channel\/UCM-IjxOFb5gQg4yPgmze3Gg\"]},{\"@type\":\"Person\",\"@id\":\"https:\/\/blancfestival.com\/#\/schema\/person\/ba98f9f2040d99954c0d1218e4580f7d\",\"name\":\"David D'Eboli\",\"image\":{\"@type\":\"ImageObject\",\"inLanguage\":\"ca\",\"@id\":\"https:\/\/blancfestival.com\/#\/schema\/person\/image\/\",\"url\":\"https:\/\/blancfestival.com\/wp-content\/uploads\/2020\/01\/avatar-david-120x120.jpg\",\"contentUrl\":\"https:\/\/blancfestival.com\/wp-content\/uploads\/2020\/01\/avatar-david-120x120.jpg\",\"caption\":\"David D'Eboli\"},\"description\":\"Fundador y CEO de Blanc!\"}]}<\/script>\n<!-- \/ Yoast SEO plugin. -->","yoast_head_json":{"title":"\u00bfEjecutas o piensas?","robots":{"index":"index","follow":"follow","max-snippet":"max-snippet:-1","max-image-preview":"max-image-preview:large","max-video-preview":"max-video-preview:-1"},"canonical":"https:\/\/blancfestival.com\/ca\/ejecutas-o-piensas\/","og_locale":"ca_ES","og_type":"article","og_title":"\u00bfEjecutas o piensas?","og_description":"Hubo un tiempo en que ser dise\u00f1ador gr\u00e1fico era como ser elegido por los dioses: eras el diferente, el creativo, el que pensaba m\u00e1s all\u00e1, el que manejaba con maestr\u00eda y destreza herramientas que para el resto de los mortales eran ciencia ficci\u00f3n. Tus composiciones se ve\u00edan profesionales, y tus clientes alucinaban cuando les hac\u00edas&hellip;","og_url":"https:\/\/blancfestival.com\/ca\/ejecutas-o-piensas\/","og_site_name":"Blanc!","article_publisher":"https:\/\/www.facebook.com\/blanc.festivaldissenygrafic\/","article_published_time":"2025-08-05T08:13:47+00:00","og_image":[{"width":600,"height":600,"url":"https:\/\/blancfestival.com\/wp-content\/uploads\/2025\/08\/meme.jpg","type":"image\/jpeg"}],"author":"David D'Eboli","twitter_card":"summary_large_image","twitter_creator":"@blancfest","twitter_site":"@blancfest","twitter_misc":{"Written by":"David D'Eboli","Est. reading time":"4 minutes"},"schema":{"@context":"https:\/\/schema.org","@graph":[{"@type":"Article","@id":"https:\/\/blancfestival.com\/ca\/ejecutas-o-piensas\/#article","isPartOf":{"@id":"https:\/\/blancfestival.com\/ca\/ejecutas-o-piensas\/"},"author":{"name":"David D'Eboli","@id":"https:\/\/blancfestival.com\/#\/schema\/person\/ba98f9f2040d99954c0d1218e4580f7d"},"headline":"\u00bfEjecutas o piensas?","datePublished":"2025-08-05T08:13:47+00:00","dateModified":"2025-08-05T08:13:47+00:00","mainEntityOfPage":{"@id":"https:\/\/blancfestival.com\/ca\/ejecutas-o-piensas\/"},"wordCount":855,"publisher":{"@id":"https:\/\/blancfestival.com\/#organization"},"image":{"@id":"https:\/\/blancfestival.com\/ca\/ejecutas-o-piensas\/#primaryimage"},"thumbnailUrl":"https:\/\/blancfestival.com\/wp-content\/uploads\/2025\/08\/meme.jpg","articleSection":["Negocio y Dise\u00f1o"],"inLanguage":"ca"},{"@type":"WebPage","@id":"https:\/\/blancfestival.com\/ca\/ejecutas-o-piensas\/","url":"https:\/\/blancfestival.com\/ca\/ejecutas-o-piensas\/","name":"\u00bfEjecutas o piensas?","isPartOf":{"@id":"https:\/\/blancfestival.com\/#website"},"primaryImageOfPage":{"@id":"https:\/\/blancfestival.com\/ca\/ejecutas-o-piensas\/#primaryimage"},"image":{"@id":"https:\/\/blancfestival.com\/ca\/ejecutas-o-piensas\/#primaryimage"},"thumbnailUrl":"https:\/\/blancfestival.com\/wp-content\/uploads\/2025\/08\/meme.jpg","datePublished":"2025-08-05T08:13:47+00:00","dateModified":"2025-08-05T08:13:47+00:00","breadcrumb":{"@id":"https:\/\/blancfestival.com\/ca\/ejecutas-o-piensas\/#breadcrumb"},"inLanguage":"ca","potentialAction":[{"@type":"ReadAction","target":["https:\/\/blancfestival.com\/ca\/ejecutas-o-piensas\/"]}]},{"@type":"ImageObject","inLanguage":"ca","@id":"https:\/\/blancfestival.com\/ca\/ejecutas-o-piensas\/#primaryimage","url":"https:\/\/blancfestival.com\/wp-content\/uploads\/2025\/08\/meme.jpg","contentUrl":"https:\/\/blancfestival.com\/wp-content\/uploads\/2025\/08\/meme.jpg","width":600,"height":600},{"@type":"BreadcrumbList","@id":"https:\/\/blancfestival.com\/ca\/ejecutas-o-piensas\/#breadcrumb","itemListElement":[{"@type":"ListItem","position":1,"name":"Portada","item":"https:\/\/blancfestival.com\/ca\/"},{"@type":"ListItem","position":2,"name":"\u00bfEjecutas o piensas?"}]},{"@type":"WebSite","@id":"https:\/\/blancfestival.com\/#website","url":"https:\/\/blancfestival.com\/","name":"Blanc! Festival","description":"Disseny, Creativitat i Innovaci\u00f3","publisher":{"@id":"https:\/\/blancfestival.com\/#organization"},"potentialAction":[{"@type":"SearchAction","target":{"@type":"EntryPoint","urlTemplate":"https:\/\/blancfestival.com\/?s={search_term_string}"},"query-input":{"@type":"PropertyValueSpecification","valueRequired":true,"valueName":"search_term_string"}}],"inLanguage":"ca"},{"@type":"Organization","@id":"https:\/\/blancfestival.com\/#organization","name":"Blanc! Festival de Dise\u00f1o, Creatividad e Innovaci\u00f3n","url":"https:\/\/blancfestival.com\/","logo":{"@type":"ImageObject","inLanguage":"ca","@id":"https:\/\/blancfestival.com\/#\/schema\/logo\/image\/","url":"https:\/\/blancfestival.com\/wp-content\/uploads\/2025\/01\/logo_icono_blanc.jpg","contentUrl":"https:\/\/blancfestival.com\/wp-content\/uploads\/2025\/01\/logo_icono_blanc.jpg","width":2000,"height":2000,"caption":"Blanc! Festival de Dise\u00f1o, Creatividad e Innovaci\u00f3n"},"image":{"@id":"https:\/\/blancfestival.com\/#\/schema\/logo\/image\/"},"sameAs":["https:\/\/www.facebook.com\/blanc.festivaldissenygrafic\/","https:\/\/x.com\/blancfest","https:\/\/www.instagram.com\/blancfest\/","https:\/\/www.linkedin.com\/company\/blanc-festival","https:\/\/www.pinterest.com\/blancfest\/","https:\/\/www.youtube.com\/channel\/UCM-IjxOFb5gQg4yPgmze3Gg"]},{"@type":"Person","@id":"https:\/\/blancfestival.com\/#\/schema\/person\/ba98f9f2040d99954c0d1218e4580f7d","name":"David D'Eboli","image":{"@type":"ImageObject","inLanguage":"ca","@id":"https:\/\/blancfestival.com\/#\/schema\/person\/image\/","url":"https:\/\/blancfestival.com\/wp-content\/uploads\/2020\/01\/avatar-david-120x120.jpg","contentUrl":"https:\/\/blancfestival.com\/wp-content\/uploads\/2020\/01\/avatar-david-120x120.jpg","caption":"David D'Eboli"},"description":"Fundador y CEO de Blanc!"}]}},"_links":{"self":[{"href":"https:\/\/blancfestival.com\/ca\/wp-json\/wp\/v2\/posts\/18643","targetHints":{"allow":["GET"]}}],"collection":[{"href":"https:\/\/blancfestival.com\/ca\/wp-json\/wp\/v2\/posts"}],"about":[{"href":"https:\/\/blancfestival.com\/ca\/wp-json\/wp\/v2\/types\/post"}],"author":[{"embeddable":true,"href":"https:\/\/blancfestival.com\/ca\/wp-json\/wp\/v2\/users\/1"}],"replies":[{"embeddable":true,"href":"https:\/\/blancfestival.com\/ca\/wp-json\/wp\/v2\/comments?post=18643"}],"version-history":[{"count":0,"href":"https:\/\/blancfestival.com\/ca\/wp-json\/wp\/v2\/posts\/18643\/revisions"}],"wp:featuredmedia":[{"embeddable":true,"href":"https:\/\/blancfestival.com\/ca\/wp-json\/wp\/v2\/media\/18639"}],"wp:attachment":[{"href":"https:\/\/blancfestival.com\/ca\/wp-json\/wp\/v2\/media?parent=18643"}],"wp:term":[{"taxonomy":"category","embeddable":true,"href":"https:\/\/blancfestival.com\/ca\/wp-json\/wp\/v2\/categories?post=18643"},{"taxonomy":"post_tag","embeddable":true,"href":"https:\/\/blancfestival.com\/ca\/wp-json\/wp\/v2\/tags?post=18643"},{"taxonomy":"evento","embeddable":true,"href":"https:\/\/blancfestival.com\/ca\/wp-json\/wp\/v2\/evento?post=18643"}],"curies":[{"name":"wp","href":"https:\/\/api.w.org\/{rel}","templated":true}]}}