{"id":18890,"date":"2025-10-11T01:49:30","date_gmt":"2025-10-10T23:49:30","guid":{"rendered":"https:\/\/blancfestival.com\/reflexiones-para-no-perder-la-cabeza\/"},"modified":"2025-10-11T02:20:12","modified_gmt":"2025-10-11T00:20:12","slug":"reflexiones-para-no-perder-la-cabeza","status":"publish","type":"post","link":"https:\/\/blancfestival.com\/ca\/reflexiones-para-no-perder-la-cabeza\/","title":{"rendered":"Reflexiones para no perder la cabeza"},"content":{"rendered":"<p>Cada a\u00f1o los asistentes al festival nos piden m\u00e1s reflexi\u00f3n en torno a nuestra profesi\u00f3n, pero, seamos sinceros, \u00bfalguien puede reflexionar en medio de la vor\u00e1gine de tres d\u00edas de festi en el Blanc!? Complicado, pero no imposible, y m\u00e1s a\u00fan, necesario, porque hace falta m\u00e1s reflexi\u00f3n en la profesi\u00f3n.<\/p>\n<p>Pero ah\u00ed viene una contrapregunta.<\/p>\n<h2>\u00bfVenimos al Blanc! a compartir ideas o solo a escuchar las de otros?<\/h2>\n<p>Porque es f\u00e1cil sentarse en la butaca a comprar ideas como quien entra a una tienda de chuches a meterle az\u00facar al cerebro. As\u00ed que con la gente de <a href=\"https:\/\/interactius.com\/\" target=\"_blank\" rel=\"noopener\">Interactius<\/a> hemos propuesto cinco cuestiones que te har\u00e1n reflexionar. No venimos a ofrecerte respuestas, sino a proponerte preguntas.<\/p>\n<p>Por eso hemos creado un\u00a0espacio para manifestarnos sobre los temas que merecen <strong>pausa, cr\u00edtica y cuidado.<\/strong><\/p>\n<p>&nbsp;<\/p>\n<h2>\u00bfTienes respuestas a alguna de estas preguntas?<\/h2>\n<p>Hemos dise\u00f1ado un espacio donde puedes ayudar a otros escribiendo una carta, an\u00f3nima o firmada, sobre c\u00f3mo afrontas estos temas. O sacar una carta t\u00fa mismo\/a para saber c\u00f3mo diantres lo hacen los dem\u00e1s.<br \/>\nEn los descansos nos reuniremos unos cuantos en la <strong>Rebel Critique<\/strong> para leer algunas de estas cartas y hablarlo en comunidad.<\/p>\n<p>&nbsp;<\/p>\n<h2>1. El desgaste de lo nuevo<\/h2>\n<p>La ola de IA no para. Fascina\u2026 pero tambi\u00e9n agota.<br \/>\nCada semana surgen nuevas herramientas y modelos que prometen cambiarlo todo. Nos hacen m\u00e1s \u00e1giles, pero exigen tiempo y energ\u00eda. Entre la curiosidad y el cansancio, surge la duda: <strong>\u00bfc\u00f3mo aprender sin perder ni el tiempo ni el control? \u00bfC\u00f3mo le seguimos el ritmo? \u00bfHacia d\u00f3nde miramos?<\/strong><\/p>\n<p>&nbsp;<\/p>\n<h2>2. Modo avi\u00f3n \u00bfC\u00f3mo?<\/h2>\n<p>Desconectar de verdad parece f\u00e1cil, pero siempre hay un email pendiente. Cada vez cuesta m\u00e1s encontrar silencio y descanso, aunque es vital para evitar el burnout. Entre la ambici\u00f3n y la pausa, surge la duda: <strong>\u00bfc\u00f3mo equilibrar conexi\u00f3n y desconexi\u00f3n?<\/strong> Conciliaci\u00f3n familiar, FOMO, estrategias detox digital o trucos para sobrevivir en anal\u00f3gico \u00bfC\u00f3mo lo hacemos?<\/p>\n<p>&nbsp;<\/p>\n<h2>3 \u201cGestor\u201d del dise\u00f1o<\/h2>\n<p>Dise\u00f1ar nunca fue solo dise\u00f1ar. Tambi\u00e9n es facturar, negociar, organizar y sobrevivir a Hacienda. Aunque no so\u00f1\u00e1bamos con ser gestores o contables, nos toca cambiar de rol cada d\u00eda. Entre la creatividad y el negocio, surge la duda: <strong>\u00bfC\u00f3mo equilibrar la parte creativa con la parte de gesti\u00f3n?<\/strong><\/p>\n<p>&nbsp;<\/p>\n<h2>4 Falta de mirada cr\u00edtica<\/h2>\n<p>Menos piloto autom\u00e1tico, m\u00e1s criterio. Cada vez cuesta m\u00e1s detenerse, analizar y pensar con calma. La tecnolog\u00eda nos acelera, pero tambi\u00e9n nos vuelve menos reflexivos. Entre la inercia y la pausa, surge la pregunta:<strong> \u00bfc\u00f3mo aprender a cuestionar y analizar mejor lo que dise\u00f1amos? \u00bfC\u00f3mo fomentamos una mirada m\u00e1s cr\u00edtica y consciente en nuestro d\u00eda a d\u00eda?<\/strong><\/p>\n<p>&nbsp;<\/p>\n<h2>5 \u00c9tica o likes<\/h2>\n<p><strong>Dise\u00f1ar no es neutral:<\/strong> comunica valores y moldea discursos. Hoy se espera que el dise\u00f1o sea inclusivo y responsable, pero surge la duda: <strong>\u00bfDise\u00f1amos con prop\u00f3sito o por cumplir con la tendencia?<\/strong> Entre la autenticidad y la pose, <strong>\u00bfc\u00f3mo distinguir el dise\u00f1o con prop\u00f3sito del que busca solo likes? \u00bfC\u00f3mo equilibrar \u00e9tica, est\u00e9tica y autenticidad en el dise\u00f1o?<\/strong><\/p>\n<p>&nbsp;<\/p>\n<p>Dise\u00f1ar hoy va mucho m\u00e1s all\u00e1 de crear cosas bonitas. Implica adaptarse, pensar, cuestionar y sobrevivir en medio de un ritmo que no deja de acelerar. Estas reflexiones son una pausa dentro del caos: peque\u00f1as reflexiones sobre lo que nos mueve, nos agota y nos hace seguir dise\u00f1ando con sentido.<\/p>\n","protected":false},"excerpt":{"rendered":"Cada a\u00f1o los asistentes al festival nos piden m\u00e1s reflexi\u00f3n en torno a nuestra profesi\u00f3n, pero, seamos sinceros, \u00bfalguien puede reflexionar en medio de la vor\u00e1gine de tres d\u00edas de festi en el Blanc!? Complicado, pero no imposible, y m\u00e1s a\u00fan, necesario, porque hace falta m\u00e1s reflexi\u00f3n en la profesi\u00f3n. Pero ah\u00ed viene una contrapregunta.&hellip;","protected":false},"author":3,"featured_media":18886,"comment_status":"closed","ping_status":"closed","sticky":false,"template":"","format":"standard","meta":{"_acf_changed":false,"footnotes":""},"categories":[424],"tags":[],"evento":[],"class_list":["post-18890","post","type-post","status-publish","format-standard","has-post-thumbnail","hentry","category-salud-mental-y-profesional-ca"],"acf":[],"yoast_head":"<!-- This site is optimized with the Yoast SEO plugin v23.7 - https:\/\/yoast.com\/wordpress\/plugins\/seo\/ -->\n<title>Reflexiones para no perder la cabeza<\/title>\n<meta name=\"robots\" content=\"index, follow, max-snippet:-1, max-image-preview:large, max-video-preview:-1\" \/>\n<link rel=\"canonical\" href=\"https:\/\/blancfestival.com\/ca\/reflexiones-para-no-perder-la-cabeza\/\" \/>\n<meta property=\"og:locale\" content=\"ca_ES\" \/>\n<meta property=\"og:type\" content=\"article\" \/>\n<meta property=\"og:title\" content=\"Reflexiones para no perder la cabeza\" \/>\n<meta property=\"og:description\" content=\"Cada a\u00f1o los asistentes al festival nos piden m\u00e1s reflexi\u00f3n en torno a nuestra profesi\u00f3n, pero, seamos sinceros, \u00bfalguien puede reflexionar en medio de la vor\u00e1gine de tres d\u00edas de festi en el Blanc!? Complicado, pero no imposible, y m\u00e1s a\u00fan, necesario, porque hace falta m\u00e1s reflexi\u00f3n en la profesi\u00f3n. Pero ah\u00ed viene una contrapregunta.&hellip;\" \/>\n<meta property=\"og:url\" content=\"https:\/\/blancfestival.com\/ca\/reflexiones-para-no-perder-la-cabeza\/\" \/>\n<meta property=\"og:site_name\" content=\"Blanc!\" \/>\n<meta property=\"article:publisher\" content=\"https:\/\/www.facebook.com\/blanc.festivaldissenygrafic\/\" \/>\n<meta property=\"article:published_time\" content=\"2025-10-10T23:49:30+00:00\" \/>\n<meta property=\"article:modified_time\" content=\"2025-10-11T00:20:12+00:00\" \/>\n<meta property=\"og:image\" content=\"https:\/\/blancfestival.com\/wp-content\/uploads\/2025\/10\/REFLEXIONES2.jpg\" \/>\n\t<meta property=\"og:image:width\" content=\"1024\" \/>\n\t<meta property=\"og:image:height\" content=\"1024\" \/>\n\t<meta property=\"og:image:type\" content=\"image\/jpeg\" \/>\n<meta name=\"author\" content=\"Redacci\u00f3n Blanc!\" \/>\n<meta name=\"twitter:card\" content=\"summary_large_image\" \/>\n<meta name=\"twitter:creator\" content=\"@blancfest\" \/>\n<meta name=\"twitter:site\" content=\"@blancfest\" \/>\n<meta name=\"twitter:label1\" content=\"Written by\" \/>\n\t<meta name=\"twitter:data1\" content=\"Redacci\u00f3n Blanc!\" \/>\n\t<meta name=\"twitter:label2\" content=\"Est. reading time\" \/>\n\t<meta name=\"twitter:data2\" content=\"3 minutes\" \/>\n<script type=\"application\/ld+json\" class=\"yoast-schema-graph\">{\"@context\":\"https:\/\/schema.org\",\"@graph\":[{\"@type\":\"Article\",\"@id\":\"https:\/\/blancfestival.com\/ca\/reflexiones-para-no-perder-la-cabeza\/#article\",\"isPartOf\":{\"@id\":\"https:\/\/blancfestival.com\/ca\/reflexiones-para-no-perder-la-cabeza\/\"},\"author\":{\"name\":\"Redacci\u00f3n Blanc!\",\"@id\":\"https:\/\/blancfestival.com\/#\/schema\/person\/1c1365d1e51e5730cf3f5fadb8670c06\"},\"headline\":\"Reflexiones para no perder la cabeza\",\"datePublished\":\"2025-10-10T23:49:30+00:00\",\"dateModified\":\"2025-10-11T00:20:12+00:00\",\"mainEntityOfPage\":{\"@id\":\"https:\/\/blancfestival.com\/ca\/reflexiones-para-no-perder-la-cabeza\/\"},\"wordCount\":623,\"publisher\":{\"@id\":\"https:\/\/blancfestival.com\/#organization\"},\"image\":{\"@id\":\"https:\/\/blancfestival.com\/ca\/reflexiones-para-no-perder-la-cabeza\/#primaryimage\"},\"thumbnailUrl\":\"https:\/\/blancfestival.com\/wp-content\/uploads\/2025\/10\/REFLEXIONES2.jpg\",\"articleSection\":[\"Salud mental y profesional\"],\"inLanguage\":\"ca\"},{\"@type\":\"WebPage\",\"@id\":\"https:\/\/blancfestival.com\/ca\/reflexiones-para-no-perder-la-cabeza\/\",\"url\":\"https:\/\/blancfestival.com\/ca\/reflexiones-para-no-perder-la-cabeza\/\",\"name\":\"Reflexiones para no perder la cabeza\",\"isPartOf\":{\"@id\":\"https:\/\/blancfestival.com\/#website\"},\"primaryImageOfPage\":{\"@id\":\"https:\/\/blancfestival.com\/ca\/reflexiones-para-no-perder-la-cabeza\/#primaryimage\"},\"image\":{\"@id\":\"https:\/\/blancfestival.com\/ca\/reflexiones-para-no-perder-la-cabeza\/#primaryimage\"},\"thumbnailUrl\":\"https:\/\/blancfestival.com\/wp-content\/uploads\/2025\/10\/REFLEXIONES2.jpg\",\"datePublished\":\"2025-10-10T23:49:30+00:00\",\"dateModified\":\"2025-10-11T00:20:12+00:00\",\"breadcrumb\":{\"@id\":\"https:\/\/blancfestival.com\/ca\/reflexiones-para-no-perder-la-cabeza\/#breadcrumb\"},\"inLanguage\":\"ca\",\"potentialAction\":[{\"@type\":\"ReadAction\",\"target\":[\"https:\/\/blancfestival.com\/ca\/reflexiones-para-no-perder-la-cabeza\/\"]}]},{\"@type\":\"ImageObject\",\"inLanguage\":\"ca\",\"@id\":\"https:\/\/blancfestival.com\/ca\/reflexiones-para-no-perder-la-cabeza\/#primaryimage\",\"url\":\"https:\/\/blancfestival.com\/wp-content\/uploads\/2025\/10\/REFLEXIONES2.jpg\",\"contentUrl\":\"https:\/\/blancfestival.com\/wp-content\/uploads\/2025\/10\/REFLEXIONES2.jpg\",\"width\":1024,\"height\":1024},{\"@type\":\"BreadcrumbList\",\"@id\":\"https:\/\/blancfestival.com\/ca\/reflexiones-para-no-perder-la-cabeza\/#breadcrumb\",\"itemListElement\":[{\"@type\":\"ListItem\",\"position\":1,\"name\":\"Portada\",\"item\":\"https:\/\/blancfestival.com\/ca\/\"},{\"@type\":\"ListItem\",\"position\":2,\"name\":\"Reflexiones para no perder la cabeza\"}]},{\"@type\":\"WebSite\",\"@id\":\"https:\/\/blancfestival.com\/#website\",\"url\":\"https:\/\/blancfestival.com\/\",\"name\":\"Blanc! Festival\",\"description\":\"Disseny, Creativitat i Innovaci\u00f3\",\"publisher\":{\"@id\":\"https:\/\/blancfestival.com\/#organization\"},\"potentialAction\":[{\"@type\":\"SearchAction\",\"target\":{\"@type\":\"EntryPoint\",\"urlTemplate\":\"https:\/\/blancfestival.com\/?s={search_term_string}\"},\"query-input\":{\"@type\":\"PropertyValueSpecification\",\"valueRequired\":true,\"valueName\":\"search_term_string\"}}],\"inLanguage\":\"ca\"},{\"@type\":\"Organization\",\"@id\":\"https:\/\/blancfestival.com\/#organization\",\"name\":\"Blanc! Festival de Dise\u00f1o, Creatividad e Innovaci\u00f3n\",\"url\":\"https:\/\/blancfestival.com\/\",\"logo\":{\"@type\":\"ImageObject\",\"inLanguage\":\"ca\",\"@id\":\"https:\/\/blancfestival.com\/#\/schema\/logo\/image\/\",\"url\":\"https:\/\/blancfestival.com\/wp-content\/uploads\/2025\/01\/logo_icono_blanc.jpg\",\"contentUrl\":\"https:\/\/blancfestival.com\/wp-content\/uploads\/2025\/01\/logo_icono_blanc.jpg\",\"width\":2000,\"height\":2000,\"caption\":\"Blanc! Festival de Dise\u00f1o, Creatividad e Innovaci\u00f3n\"},\"image\":{\"@id\":\"https:\/\/blancfestival.com\/#\/schema\/logo\/image\/\"},\"sameAs\":[\"https:\/\/www.facebook.com\/blanc.festivaldissenygrafic\/\",\"https:\/\/x.com\/blancfest\",\"https:\/\/www.instagram.com\/blancfest\/\",\"https:\/\/www.linkedin.com\/company\/blanc-festival\",\"https:\/\/www.pinterest.com\/blancfest\/\",\"https:\/\/www.youtube.com\/channel\/UCM-IjxOFb5gQg4yPgmze3Gg\"]},{\"@type\":\"Person\",\"@id\":\"https:\/\/blancfestival.com\/#\/schema\/person\/1c1365d1e51e5730cf3f5fadb8670c06\",\"name\":\"Redacci\u00f3n Blanc!\",\"image\":{\"@type\":\"ImageObject\",\"inLanguage\":\"ca\",\"@id\":\"https:\/\/blancfestival.com\/#\/schema\/person\/image\/\",\"url\":\"https:\/\/blancfestival.com\/wp-content\/uploads\/2020\/02\/ico-120x120.png\",\"contentUrl\":\"https:\/\/blancfestival.com\/wp-content\/uploads\/2020\/02\/ico-120x120.png\",\"caption\":\"Redacci\u00f3n Blanc!\"},\"description\":\"\u201cNo trates de doblar la cuchara. Es imposible. En lugar de hacerlo, solo intenta darte cuenta de la verdad\u2026 No hay cuchara. Entonces, ver\u00e1s que no es la cuchara lo que se dobla, te doblas t\u00fa\u201d\"}]}<\/script>\n<!-- \/ Yoast SEO plugin. -->","yoast_head_json":{"title":"Reflexiones para no perder la cabeza","robots":{"index":"index","follow":"follow","max-snippet":"max-snippet:-1","max-image-preview":"max-image-preview:large","max-video-preview":"max-video-preview:-1"},"canonical":"https:\/\/blancfestival.com\/ca\/reflexiones-para-no-perder-la-cabeza\/","og_locale":"ca_ES","og_type":"article","og_title":"Reflexiones para no perder la cabeza","og_description":"Cada a\u00f1o los asistentes al festival nos piden m\u00e1s reflexi\u00f3n en torno a nuestra profesi\u00f3n, pero, seamos sinceros, \u00bfalguien puede reflexionar en medio de la vor\u00e1gine de tres d\u00edas de festi en el Blanc!? Complicado, pero no imposible, y m\u00e1s a\u00fan, necesario, porque hace falta m\u00e1s reflexi\u00f3n en la profesi\u00f3n. Pero ah\u00ed viene una contrapregunta.&hellip;","og_url":"https:\/\/blancfestival.com\/ca\/reflexiones-para-no-perder-la-cabeza\/","og_site_name":"Blanc!","article_publisher":"https:\/\/www.facebook.com\/blanc.festivaldissenygrafic\/","article_published_time":"2025-10-10T23:49:30+00:00","article_modified_time":"2025-10-11T00:20:12+00:00","og_image":[{"width":1024,"height":1024,"url":"https:\/\/blancfestival.com\/wp-content\/uploads\/2025\/10\/REFLEXIONES2.jpg","type":"image\/jpeg"}],"author":"Redacci\u00f3n Blanc!","twitter_card":"summary_large_image","twitter_creator":"@blancfest","twitter_site":"@blancfest","twitter_misc":{"Written by":"Redacci\u00f3n Blanc!","Est. reading time":"3 minutes"},"schema":{"@context":"https:\/\/schema.org","@graph":[{"@type":"Article","@id":"https:\/\/blancfestival.com\/ca\/reflexiones-para-no-perder-la-cabeza\/#article","isPartOf":{"@id":"https:\/\/blancfestival.com\/ca\/reflexiones-para-no-perder-la-cabeza\/"},"author":{"name":"Redacci\u00f3n Blanc!","@id":"https:\/\/blancfestival.com\/#\/schema\/person\/1c1365d1e51e5730cf3f5fadb8670c06"},"headline":"Reflexiones para no perder la cabeza","datePublished":"2025-10-10T23:49:30+00:00","dateModified":"2025-10-11T00:20:12+00:00","mainEntityOfPage":{"@id":"https:\/\/blancfestival.com\/ca\/reflexiones-para-no-perder-la-cabeza\/"},"wordCount":623,"publisher":{"@id":"https:\/\/blancfestival.com\/#organization"},"image":{"@id":"https:\/\/blancfestival.com\/ca\/reflexiones-para-no-perder-la-cabeza\/#primaryimage"},"thumbnailUrl":"https:\/\/blancfestival.com\/wp-content\/uploads\/2025\/10\/REFLEXIONES2.jpg","articleSection":["Salud mental y profesional"],"inLanguage":"ca"},{"@type":"WebPage","@id":"https:\/\/blancfestival.com\/ca\/reflexiones-para-no-perder-la-cabeza\/","url":"https:\/\/blancfestival.com\/ca\/reflexiones-para-no-perder-la-cabeza\/","name":"Reflexiones para no perder la cabeza","isPartOf":{"@id":"https:\/\/blancfestival.com\/#website"},"primaryImageOfPage":{"@id":"https:\/\/blancfestival.com\/ca\/reflexiones-para-no-perder-la-cabeza\/#primaryimage"},"image":{"@id":"https:\/\/blancfestival.com\/ca\/reflexiones-para-no-perder-la-cabeza\/#primaryimage"},"thumbnailUrl":"https:\/\/blancfestival.com\/wp-content\/uploads\/2025\/10\/REFLEXIONES2.jpg","datePublished":"2025-10-10T23:49:30+00:00","dateModified":"2025-10-11T00:20:12+00:00","breadcrumb":{"@id":"https:\/\/blancfestival.com\/ca\/reflexiones-para-no-perder-la-cabeza\/#breadcrumb"},"inLanguage":"ca","potentialAction":[{"@type":"ReadAction","target":["https:\/\/blancfestival.com\/ca\/reflexiones-para-no-perder-la-cabeza\/"]}]},{"@type":"ImageObject","inLanguage":"ca","@id":"https:\/\/blancfestival.com\/ca\/reflexiones-para-no-perder-la-cabeza\/#primaryimage","url":"https:\/\/blancfestival.com\/wp-content\/uploads\/2025\/10\/REFLEXIONES2.jpg","contentUrl":"https:\/\/blancfestival.com\/wp-content\/uploads\/2025\/10\/REFLEXIONES2.jpg","width":1024,"height":1024},{"@type":"BreadcrumbList","@id":"https:\/\/blancfestival.com\/ca\/reflexiones-para-no-perder-la-cabeza\/#breadcrumb","itemListElement":[{"@type":"ListItem","position":1,"name":"Portada","item":"https:\/\/blancfestival.com\/ca\/"},{"@type":"ListItem","position":2,"name":"Reflexiones para no perder la cabeza"}]},{"@type":"WebSite","@id":"https:\/\/blancfestival.com\/#website","url":"https:\/\/blancfestival.com\/","name":"Blanc! Festival","description":"Disseny, Creativitat i Innovaci\u00f3","publisher":{"@id":"https:\/\/blancfestival.com\/#organization"},"potentialAction":[{"@type":"SearchAction","target":{"@type":"EntryPoint","urlTemplate":"https:\/\/blancfestival.com\/?s={search_term_string}"},"query-input":{"@type":"PropertyValueSpecification","valueRequired":true,"valueName":"search_term_string"}}],"inLanguage":"ca"},{"@type":"Organization","@id":"https:\/\/blancfestival.com\/#organization","name":"Blanc! Festival de Dise\u00f1o, Creatividad e Innovaci\u00f3n","url":"https:\/\/blancfestival.com\/","logo":{"@type":"ImageObject","inLanguage":"ca","@id":"https:\/\/blancfestival.com\/#\/schema\/logo\/image\/","url":"https:\/\/blancfestival.com\/wp-content\/uploads\/2025\/01\/logo_icono_blanc.jpg","contentUrl":"https:\/\/blancfestival.com\/wp-content\/uploads\/2025\/01\/logo_icono_blanc.jpg","width":2000,"height":2000,"caption":"Blanc! Festival de Dise\u00f1o, Creatividad e Innovaci\u00f3n"},"image":{"@id":"https:\/\/blancfestival.com\/#\/schema\/logo\/image\/"},"sameAs":["https:\/\/www.facebook.com\/blanc.festivaldissenygrafic\/","https:\/\/x.com\/blancfest","https:\/\/www.instagram.com\/blancfest\/","https:\/\/www.linkedin.com\/company\/blanc-festival","https:\/\/www.pinterest.com\/blancfest\/","https:\/\/www.youtube.com\/channel\/UCM-IjxOFb5gQg4yPgmze3Gg"]},{"@type":"Person","@id":"https:\/\/blancfestival.com\/#\/schema\/person\/1c1365d1e51e5730cf3f5fadb8670c06","name":"Redacci\u00f3n Blanc!","image":{"@type":"ImageObject","inLanguage":"ca","@id":"https:\/\/blancfestival.com\/#\/schema\/person\/image\/","url":"https:\/\/blancfestival.com\/wp-content\/uploads\/2020\/02\/ico-120x120.png","contentUrl":"https:\/\/blancfestival.com\/wp-content\/uploads\/2020\/02\/ico-120x120.png","caption":"Redacci\u00f3n Blanc!"},"description":"\u201cNo trates de doblar la cuchara. Es imposible. En lugar de hacerlo, solo intenta darte cuenta de la verdad\u2026 No hay cuchara. Entonces, ver\u00e1s que no es la cuchara lo que se dobla, te doblas t\u00fa\u201d"}]}},"_links":{"self":[{"href":"https:\/\/blancfestival.com\/ca\/wp-json\/wp\/v2\/posts\/18890","targetHints":{"allow":["GET"]}}],"collection":[{"href":"https:\/\/blancfestival.com\/ca\/wp-json\/wp\/v2\/posts"}],"about":[{"href":"https:\/\/blancfestival.com\/ca\/wp-json\/wp\/v2\/types\/post"}],"author":[{"embeddable":true,"href":"https:\/\/blancfestival.com\/ca\/wp-json\/wp\/v2\/users\/3"}],"replies":[{"embeddable":true,"href":"https:\/\/blancfestival.com\/ca\/wp-json\/wp\/v2\/comments?post=18890"}],"version-history":[{"count":4,"href":"https:\/\/blancfestival.com\/ca\/wp-json\/wp\/v2\/posts\/18890\/revisions"}],"predecessor-version":[{"id":18905,"href":"https:\/\/blancfestival.com\/ca\/wp-json\/wp\/v2\/posts\/18890\/revisions\/18905"}],"wp:featuredmedia":[{"embeddable":true,"href":"https:\/\/blancfestival.com\/ca\/wp-json\/wp\/v2\/media\/18886"}],"wp:attachment":[{"href":"https:\/\/blancfestival.com\/ca\/wp-json\/wp\/v2\/media?parent=18890"}],"wp:term":[{"taxonomy":"category","embeddable":true,"href":"https:\/\/blancfestival.com\/ca\/wp-json\/wp\/v2\/categories?post=18890"},{"taxonomy":"post_tag","embeddable":true,"href":"https:\/\/blancfestival.com\/ca\/wp-json\/wp\/v2\/tags?post=18890"},{"taxonomy":"evento","embeddable":true,"href":"https:\/\/blancfestival.com\/ca\/wp-json\/wp\/v2\/evento?post=18890"}],"curies":[{"name":"wp","href":"https:\/\/api.w.org\/{rel}","templated":true}]}}