{"id":19483,"date":"2025-10-28T08:16:42","date_gmt":"2025-10-28T07:16:42","guid":{"rendered":"https:\/\/blancfestival.com\/diogenes-digital\/"},"modified":"2025-10-28T08:25:17","modified_gmt":"2025-10-28T07:25:17","slug":"diogenes-digital","status":"publish","type":"post","link":"https:\/\/blancfestival.com\/ca\/diogenes-digital\/","title":{"rendered":"Di\u00f3genes digital: cuando tu disco duro pesa m\u00e1s que tus ideas"},"content":{"rendered":"<p>Si te paras a pensar en cu\u00e1ntas fotos y v\u00eddeos tienes guardados en tu tel\u00e9fono, \u00bfsabr\u00edas dar una cifra exacta? Si la respuesta es que no, es probable que, al igual que la mayor\u00eda de personas hoy en d\u00eda, sufras lo que se conoce como Di\u00f3genes digital. O, en otras palabras, tener la costumbre de guardar todo \u201cpor si acaso\u201d.<\/p>\n<p>Pero, \u00bfy si te dij\u00e9ramos que este s\u00edndrome no es solo desorden de archivos o una mala costumbre? En ocasiones, es un s\u00edntoma inherente a la creatividad com\u00fan entre dise\u00f1adores, ilustradores y creativos visuales. \u00bfPor qu\u00e9? Porque, mientras buscan la inspiraci\u00f3n, pueden quedar atrapados en su propia acumulaci\u00f3n digital. Veamos por qu\u00e9.<\/p>\n<p>&nbsp;<\/p>\n<h2>Qu\u00e9 es el di\u00f3genes digital (y c\u00f3mo reconocerlo)<\/h2>\n<p>Como hemos dicho, el s\u00edndrome de di\u00f3genes digital es la acumulaci\u00f3n de archivos digitales en un dispositivo electr\u00f3nico (m\u00f3vil, ordenador, tablet, etc.). Es, b\u00e1sicamente, la versi\u00f3n 2.0 del s\u00edndrome de Di\u00f3genes original, pasando de la basura tradicional a la \u201cbasura\u201d digital.<\/p>\n<p>Y es que, seamos sinceros, todos los profesionales creativos acumulamos archivos de dise\u00f1o, fuentes, mockups, paletas de color, PDFs, referencias, capturas y presets que juramos que usaremos \u201calg\u00fan d\u00eda\u201d. \u00bfLa realidad? Ese d\u00eda rara vez llega.<\/p>\n<p>Reconocerlo es el primer paso. Y, para ello, solo tienes que preguntarte esto: \u00bfrecuerdas haber borrado archivos de dise\u00f1o digitales en los \u00faltimos dos meses? Si tu respuesta es que no, muy probablemente eres de los que tiene di\u00f3genes digital.<\/p>\n<p>O si, por el contrario, eres de los que piensa que vas a mantener aquel primer logo que hiciste para un cliente solo por nostalgia o acumulaci\u00f3n creativa, tambi\u00e9n sufres este s\u00edndrome.<\/p>\n<p>&nbsp;<\/p>\n<h2>Di\u00f3genes digital en creativos: guardar no siempre es inspirar<\/h2>\n<p>Si te preguntas qu\u00e9 es el di\u00f3genes digital, te diremos que no es solo desorden. Es una forma de inseguridad creativa, un intento de acumular recursos para sentir que tienes el control sobre tu inspiraci\u00f3n. Pero, \u00bfpor qu\u00e9 nos pasa esto?<\/p>\n<p>Por un lado, muchos dise\u00f1adores profesionales albergan siempre la esperanza de que el proyecto en el que est\u00e1n trabajando ser\u00e1 el proyecto de su vida, y eso les lleva a almacenar siempre todo \u201cpor si acaso\u201d.<\/p>\n<p>Por otro lado, la acumulaci\u00f3n creativa no es solamente una forma de esperar que llegue la inspiraci\u00f3n, sino m\u00e1s bien una manera de procrastinar. De hecho, puede llegar a suceder que, cuantos m\u00e1s archivos guardas, menos inspiraci\u00f3n te llega. La inspiraci\u00f3n real sucede, m\u00e1s bien, cuando eliminas y filtras.<\/p>\n<p>&nbsp;<\/p>\n<h2>Ejemplos de di\u00f3genes digital en el d\u00eda a d\u00eda<\/h2>\n<p>A veces, las cosas se ven m\u00e1s claras con ejemplos. \u00bfQu\u00e9 situaciones son reflejos claros de que tienes di\u00f3genes digital?<\/p>\n<p><strong>Carpetas infinitas de referencias<\/strong><\/p>\n<p>Esa carpeta que tienes llamada \u201cPersonal\u201d, donde puedes encontrar de todo, es un ejemplo claro. Aqu\u00ed solemos ir guardando todas aquellas im\u00e1genes, logos o v\u00eddeos que nos han gustado y que, \u201cquiz\u00e1\u201d, en alg\u00fan momento usaremos. \u00bfLa realidad? Es producto del FOMO creativo porque no queremos tener la sensaci\u00f3n de perdernos nada.<\/p>\n<p><strong>Descargas que nunca se abren<\/strong><\/p>\n<p>Los archivos de dise\u00f1o que hemos ido descargando sin control para sentir que los tenemos, pero que luego nunca consultamos. Es curioso, pero el simple hecho de tenerlos nos da la falsa sensaci\u00f3n de estar m\u00e1s preparados.<\/p>\n<p><strong>Links guardados \u201cpara m\u00e1s tarde\u201d<\/strong><\/p>\n<p>\u00bfCu\u00e1ntos enlaces tienes guardados para ver m\u00e1s tranquilamente cuando tengas tiempo? Spoiler: es raro que encuentres ese tiempo, as\u00ed que, mejor, b\u00f3rralos. Y ya no solo es eso, sino que, en la mayor\u00eda de ocasiones, ni siquiera recordamos que los tenemos guardados.<\/p>\n<p>&nbsp;<\/p>\n<p><img loading=\"lazy\" decoding=\"async\" width=\"700\" height=\"700\" class=\"alignnone size-large wp-image-19480\" src=\"https:\/\/blancfestival.com\/wp-content\/uploads\/2025\/10\/disenador-700x700.jpg\" alt=\"\" srcset=\"https:\/\/blancfestival.com\/wp-content\/uploads\/2025\/10\/disenador-700x700.jpg 700w, https:\/\/blancfestival.com\/wp-content\/uploads\/2025\/10\/disenador-250x250.jpg 250w, https:\/\/blancfestival.com\/wp-content\/uploads\/2025\/10\/disenador-150x150.jpg 150w, https:\/\/blancfestival.com\/wp-content\/uploads\/2025\/10\/disenador-768x768.jpg 768w, https:\/\/blancfestival.com\/wp-content\/uploads\/2025\/10\/disenador-120x120.jpg 120w, https:\/\/blancfestival.com\/wp-content\/uploads\/2025\/10\/disenador.jpg 800w\" sizes=\"auto, (max-width: 700px) 100vw, 700px\" \/><\/p>\n<p>&nbsp;<\/p>\n<h2>Consecuencias del di\u00f3genes digital en tu proceso creativo<\/h2>\n<p>Si eres de los que piensa que este s\u00edndrome no afecta a tu creatividad, d\u00e9janos decirte que es un error. De hecho, tiene efectos que son, m\u00e1s bien, silenciosos, y esos son los peores, porque llegan sin avisar.<\/p>\n<ul>\n<li>Cuantos m\u00e1s archivos y referencias acumulas, m\u00e1s confusi\u00f3n sientes a la hora de crear algo nuevo.<\/li>\n<li>Si tienes demasiados estilos distintos en los que inspirarte, es m\u00e1s probable que pierdas tu esencia en el camino.<\/li>\n<li>Guardar archivos produce una falsa sensaci\u00f3n de confianza. Parece que avanzas en la b\u00fasqueda de inspiraci\u00f3n, pero no es as\u00ed.<\/li>\n<li>Inconscientemente, ver c\u00f3mo tu disco duro se queda sin espacio genera saturaci\u00f3n mental.<\/li>\n<\/ul>\n<p>&nbsp;<\/p>\n<h2>C\u00f3mo combatir el di\u00f3genes digital sin perder la chispa<\/h2>\n<p>Si acabas de descubrir que tienes di\u00f3genes digital, no te preocupes: hay soluci\u00f3n. Solamente hay que saber c\u00f3mo dar el paso y eliminar todo aquello que solo ocupa espacio y resta claridad mental. Aqu\u00ed van algunos consejos:<\/p>\n<ul>\n<li>Haz una limpieza en profundidad una vez al mes. P\u00f3ntelo como rutina y obligaci\u00f3n, y, si es necesario, activa una alarma para ello. Hacerlo peri\u00f3dicamente ayudar\u00e1 a que no se convierta en una tarea interminable, porque habr\u00e1 menos archivos.<\/li>\n<li>Cuando guardes archivos, especifica en el propio nombre cu\u00e1l es el prop\u00f3sito de mantenerlos. As\u00ed, sabr\u00e1s si realmente te puede ser \u00fatil o es un archivo m\u00e1s para aumentar el mont\u00f3n.<\/li>\n<li>Si ves un archivo y no recuerdas por qu\u00e9 lo guardaste, no deber\u00eda estar ah\u00ed.<\/li>\n<li>Crea tu propio tablero visual. En el momento en que veas que el orden visual se pierde, hay elementos que sobran.<\/li>\n<\/ul>\n<p>&nbsp;<\/p>\n<h2>Futuro del di\u00f3genes digital: \u00bfIA al rescate o m\u00e1s caos?<\/h2>\n<p>M\u00e1s all\u00e1 de lo que las herramientas tecnol\u00f3gicas puedan influir para organizar todo el material de dise\u00f1o que tengamos, o para todo lo contrario, hay una realidad m\u00e1s profunda que debemos afrontar.<\/p>\n<p>La ra\u00edz del di\u00f3genes digital no es tecnol\u00f3gica, sino psicol\u00f3gica.<\/p>\n<p>La inteligencia artificial nos puede ayudar a filtrar y eliminar archivos para hacerlo m\u00e1s r\u00e1pido, pero somos nosotros quienes debemos tener esa intencionalidad clara y dar el paso.<\/p>\n<p>Y, en muchas ocasiones, nos cuesta m\u00e1s porque, en general, nos cuesta aprender a soltar todo aquello que no nos aporta realmente.<\/p>\n<p>&nbsp;<\/p>\n<p><img loading=\"lazy\" decoding=\"async\" width=\"700\" height=\"700\" class=\"alignnone size-large wp-image-19488\" src=\"https:\/\/blancfestival.com\/wp-content\/uploads\/2025\/10\/disenyador3-700x700.jpg\" alt=\"\" srcset=\"https:\/\/blancfestival.com\/wp-content\/uploads\/2025\/10\/disenyador3-700x700.jpg 700w, https:\/\/blancfestival.com\/wp-content\/uploads\/2025\/10\/disenyador3-250x250.jpg 250w, https:\/\/blancfestival.com\/wp-content\/uploads\/2025\/10\/disenyador3-150x150.jpg 150w, https:\/\/blancfestival.com\/wp-content\/uploads\/2025\/10\/disenyador3-768x768.jpg 768w, https:\/\/blancfestival.com\/wp-content\/uploads\/2025\/10\/disenyador3-120x120.jpg 120w, https:\/\/blancfestival.com\/wp-content\/uploads\/2025\/10\/disenyador3.jpg 800w\" sizes=\"auto, (max-width: 700px) 100vw, 700px\" \/><\/p>\n<p>&nbsp;<\/p>\n<h2>Conclusi\u00f3n: menos gigas, m\u00e1s ideas<\/h2>\n<p>El di\u00f3genes digital esconde una inseguridad de la que muchos dise\u00f1adores ni siquiera son conscientes. Almacenar compulsivamente \u201cpor si acaso\u201d no va a hacer que nuestra creatividad se dispare y proyectemos el trabajo de nuestra vida.<br \/>\nDe hecho, esa falsa seguridad que tenemos cuando almacenamos todo para no perdernos nada tiene el efecto contrario: nos separa de la creatividad inherente a nosotros mismos. Una creatividad que se potencia con una formaci\u00f3n adecuada, como el <a href=\"https:\/\/www.esdesignbarcelona.com\/master-en-motion-graphics\" target=\"_blank\" rel=\"noopener\">Master en Motion Graphics de ESDESIGN<\/a>, y, sobre todo, con la experiencia.<\/p>\n<p>Por eso, la pr\u00f3xima vez que sientas la tentaci\u00f3n de guardar un dise\u00f1o que te ha gustado, preg\u00fantate si es una inspiraci\u00f3n o una distracci\u00f3n. Pero hazlo de forma totalmente honesta.<\/p>\n<p>Impulsar tu creatividad no depende de lo que guardes en una carpeta.<\/p>\n","protected":false},"excerpt":{"rendered":"Si te paras a pensar en cu\u00e1ntas fotos y v\u00eddeos tienes guardados en tu tel\u00e9fono, \u00bfsabr\u00edas dar una cifra exacta? Si la respuesta es que no, es probable que, al igual que la mayor\u00eda de personas hoy en d\u00eda, sufras lo que se conoce como Di\u00f3genes digital. O, en otras palabras, tener la costumbre de&hellip;","protected":false},"author":32,"featured_media":19475,"comment_status":"closed","ping_status":"closed","sticky":false,"template":"","format":"standard","meta":{"_acf_changed":false,"footnotes":""},"categories":[424],"tags":[],"evento":[],"class_list":["post-19483","post","type-post","status-publish","format-standard","has-post-thumbnail","hentry","category-salud-mental-y-profesional-ca"],"acf":[],"yoast_head":"<!-- This site is optimized with the Yoast SEO plugin v23.7 - https:\/\/yoast.com\/wordpress\/plugins\/seo\/ -->\n<title>Di\u00f3genes digital: cuando tu disco duro pesa m\u00e1s que tus ideas<\/title>\n<meta name=\"robots\" content=\"index, follow, max-snippet:-1, max-image-preview:large, max-video-preview:-1\" \/>\n<link rel=\"canonical\" href=\"https:\/\/blancfestival.com\/ca\/diogenes-digital\/\" \/>\n<meta property=\"og:locale\" content=\"ca_ES\" \/>\n<meta property=\"og:type\" content=\"article\" \/>\n<meta property=\"og:title\" content=\"Di\u00f3genes digital: cuando tu disco duro pesa m\u00e1s que tus ideas\" \/>\n<meta property=\"og:description\" content=\"Si te paras a pensar en cu\u00e1ntas fotos y v\u00eddeos tienes guardados en tu tel\u00e9fono, \u00bfsabr\u00edas dar una cifra exacta? Si la respuesta es que no, es probable que, al igual que la mayor\u00eda de personas hoy en d\u00eda, sufras lo que se conoce como Di\u00f3genes digital. O, en otras palabras, tener la costumbre de&hellip;\" \/>\n<meta property=\"og:url\" content=\"https:\/\/blancfestival.com\/ca\/diogenes-digital\/\" \/>\n<meta property=\"og:site_name\" content=\"Blanc!\" \/>\n<meta property=\"article:publisher\" content=\"https:\/\/www.facebook.com\/blanc.festivaldissenygrafic\/\" \/>\n<meta property=\"article:author\" content=\"https:\/\/www.facebook.com\/esdesignbarcelona\" \/>\n<meta property=\"article:published_time\" content=\"2025-10-28T07:16:42+00:00\" \/>\n<meta property=\"article:modified_time\" content=\"2025-10-28T07:25:17+00:00\" \/>\n<meta property=\"og:image\" content=\"https:\/\/blancfestival.com\/wp-content\/uploads\/2025\/10\/diogenes-digiral-esdesign.jpg\" \/>\n\t<meta property=\"og:image:width\" content=\"1024\" \/>\n\t<meta property=\"og:image:height\" content=\"1024\" \/>\n\t<meta property=\"og:image:type\" content=\"image\/jpeg\" \/>\n<meta name=\"author\" content=\"ESDESIGN\" \/>\n<meta name=\"twitter:card\" content=\"summary_large_image\" \/>\n<meta name=\"twitter:creator\" content=\"@blancfest\" \/>\n<meta name=\"twitter:site\" content=\"@blancfest\" \/>\n<meta name=\"twitter:label1\" content=\"Written by\" \/>\n\t<meta name=\"twitter:data1\" content=\"ESDESIGN\" \/>\n\t<meta name=\"twitter:label2\" content=\"Est. reading time\" \/>\n\t<meta name=\"twitter:data2\" content=\"6 minutes\" \/>\n<script type=\"application\/ld+json\" class=\"yoast-schema-graph\">{\"@context\":\"https:\/\/schema.org\",\"@graph\":[{\"@type\":\"Article\",\"@id\":\"https:\/\/blancfestival.com\/ca\/diogenes-digital\/#article\",\"isPartOf\":{\"@id\":\"https:\/\/blancfestival.com\/ca\/diogenes-digital\/\"},\"author\":{\"name\":\"ESDESIGN\",\"@id\":\"https:\/\/blancfestival.com\/#\/schema\/person\/cf72c8ab0b392ace1dce6521d7d662c0\"},\"headline\":\"Di\u00f3genes digital: cuando tu disco duro pesa m\u00e1s que tus ideas\",\"datePublished\":\"2025-10-28T07:16:42+00:00\",\"dateModified\":\"2025-10-28T07:25:17+00:00\",\"mainEntityOfPage\":{\"@id\":\"https:\/\/blancfestival.com\/ca\/diogenes-digital\/\"},\"wordCount\":1215,\"publisher\":{\"@id\":\"https:\/\/blancfestival.com\/#organization\"},\"image\":{\"@id\":\"https:\/\/blancfestival.com\/ca\/diogenes-digital\/#primaryimage\"},\"thumbnailUrl\":\"https:\/\/blancfestival.com\/wp-content\/uploads\/2025\/10\/diogenes-digiral-esdesign.jpg\",\"articleSection\":[\"Salud mental y profesional\"],\"inLanguage\":\"ca\"},{\"@type\":\"WebPage\",\"@id\":\"https:\/\/blancfestival.com\/ca\/diogenes-digital\/\",\"url\":\"https:\/\/blancfestival.com\/ca\/diogenes-digital\/\",\"name\":\"Di\u00f3genes digital: cuando tu disco duro pesa m\u00e1s que tus ideas\",\"isPartOf\":{\"@id\":\"https:\/\/blancfestival.com\/#website\"},\"primaryImageOfPage\":{\"@id\":\"https:\/\/blancfestival.com\/ca\/diogenes-digital\/#primaryimage\"},\"image\":{\"@id\":\"https:\/\/blancfestival.com\/ca\/diogenes-digital\/#primaryimage\"},\"thumbnailUrl\":\"https:\/\/blancfestival.com\/wp-content\/uploads\/2025\/10\/diogenes-digiral-esdesign.jpg\",\"datePublished\":\"2025-10-28T07:16:42+00:00\",\"dateModified\":\"2025-10-28T07:25:17+00:00\",\"breadcrumb\":{\"@id\":\"https:\/\/blancfestival.com\/ca\/diogenes-digital\/#breadcrumb\"},\"inLanguage\":\"ca\",\"potentialAction\":[{\"@type\":\"ReadAction\",\"target\":[\"https:\/\/blancfestival.com\/ca\/diogenes-digital\/\"]}]},{\"@type\":\"ImageObject\",\"inLanguage\":\"ca\",\"@id\":\"https:\/\/blancfestival.com\/ca\/diogenes-digital\/#primaryimage\",\"url\":\"https:\/\/blancfestival.com\/wp-content\/uploads\/2025\/10\/diogenes-digiral-esdesign.jpg\",\"contentUrl\":\"https:\/\/blancfestival.com\/wp-content\/uploads\/2025\/10\/diogenes-digiral-esdesign.jpg\",\"width\":1024,\"height\":1024},{\"@type\":\"BreadcrumbList\",\"@id\":\"https:\/\/blancfestival.com\/ca\/diogenes-digital\/#breadcrumb\",\"itemListElement\":[{\"@type\":\"ListItem\",\"position\":1,\"name\":\"Portada\",\"item\":\"https:\/\/blancfestival.com\/ca\/\"},{\"@type\":\"ListItem\",\"position\":2,\"name\":\"Di\u00f3genes digital: cuando tu disco duro pesa m\u00e1s que tus ideas\"}]},{\"@type\":\"WebSite\",\"@id\":\"https:\/\/blancfestival.com\/#website\",\"url\":\"https:\/\/blancfestival.com\/\",\"name\":\"Blanc! Festival\",\"description\":\"Disseny, Creativitat i Innovaci\u00f3\",\"publisher\":{\"@id\":\"https:\/\/blancfestival.com\/#organization\"},\"potentialAction\":[{\"@type\":\"SearchAction\",\"target\":{\"@type\":\"EntryPoint\",\"urlTemplate\":\"https:\/\/blancfestival.com\/?s={search_term_string}\"},\"query-input\":{\"@type\":\"PropertyValueSpecification\",\"valueRequired\":true,\"valueName\":\"search_term_string\"}}],\"inLanguage\":\"ca\"},{\"@type\":\"Organization\",\"@id\":\"https:\/\/blancfestival.com\/#organization\",\"name\":\"Blanc! Festival de Dise\u00f1o, Creatividad e Innovaci\u00f3n\",\"url\":\"https:\/\/blancfestival.com\/\",\"logo\":{\"@type\":\"ImageObject\",\"inLanguage\":\"ca\",\"@id\":\"https:\/\/blancfestival.com\/#\/schema\/logo\/image\/\",\"url\":\"https:\/\/blancfestival.com\/wp-content\/uploads\/2025\/01\/logo_icono_blanc.jpg\",\"contentUrl\":\"https:\/\/blancfestival.com\/wp-content\/uploads\/2025\/01\/logo_icono_blanc.jpg\",\"width\":2000,\"height\":2000,\"caption\":\"Blanc! Festival de Dise\u00f1o, Creatividad e Innovaci\u00f3n\"},\"image\":{\"@id\":\"https:\/\/blancfestival.com\/#\/schema\/logo\/image\/\"},\"sameAs\":[\"https:\/\/www.facebook.com\/blanc.festivaldissenygrafic\/\",\"https:\/\/x.com\/blancfest\",\"https:\/\/www.instagram.com\/blancfest\/\",\"https:\/\/www.linkedin.com\/company\/blanc-festival\",\"https:\/\/www.pinterest.com\/blancfest\/\",\"https:\/\/www.youtube.com\/channel\/UCM-IjxOFb5gQg4yPgmze3Gg\"]},{\"@type\":\"Person\",\"@id\":\"https:\/\/blancfestival.com\/#\/schema\/person\/cf72c8ab0b392ace1dce6521d7d662c0\",\"name\":\"ESDESIGN\",\"image\":{\"@type\":\"ImageObject\",\"inLanguage\":\"ca\",\"@id\":\"https:\/\/blancfestival.com\/#\/schema\/person\/image\/\",\"url\":\"https:\/\/blancfestival.com\/wp-content\/uploads\/2025\/10\/logo-esdesign-120x120.jpg\",\"contentUrl\":\"https:\/\/blancfestival.com\/wp-content\/uploads\/2025\/10\/logo-esdesign-120x120.jpg\",\"caption\":\"ESDESIGN\"},\"description\":\"ESDESIGN es la primera escuela online de dise\u00f1o, un punto de uni\u00f3n en el que no importan ni los kil\u00f3metros, ni los d\u00edas, ni las horas. Es una escuela sin puertas, con mil ventanas al mundo, que conecta el impulso personal con el compromiso global y social. Es conocer las tendencias y transformar ideas y proyectos en realidades. ESDESIGN es experimentar el mundo del dise\u00f1o con una visi\u00f3n 360.\",\"sameAs\":[\"https:\/\/www.esdesignbarcelona.com\/\",\"https:\/\/www.facebook.com\/esdesignbarcelona\",\"https:\/\/www.instagram.com\/esdesignbarcelona\/\",\"https:\/\/www.linkedin.com\/school\/esdesign-escuela-superior-de-diseo-de-barcelona\/\"]}]}<\/script>\n<!-- \/ Yoast SEO plugin. -->","yoast_head_json":{"title":"Di\u00f3genes digital: cuando tu disco duro pesa m\u00e1s que tus ideas","robots":{"index":"index","follow":"follow","max-snippet":"max-snippet:-1","max-image-preview":"max-image-preview:large","max-video-preview":"max-video-preview:-1"},"canonical":"https:\/\/blancfestival.com\/ca\/diogenes-digital\/","og_locale":"ca_ES","og_type":"article","og_title":"Di\u00f3genes digital: cuando tu disco duro pesa m\u00e1s que tus ideas","og_description":"Si te paras a pensar en cu\u00e1ntas fotos y v\u00eddeos tienes guardados en tu tel\u00e9fono, \u00bfsabr\u00edas dar una cifra exacta? Si la respuesta es que no, es probable que, al igual que la mayor\u00eda de personas hoy en d\u00eda, sufras lo que se conoce como Di\u00f3genes digital. O, en otras palabras, tener la costumbre de&hellip;","og_url":"https:\/\/blancfestival.com\/ca\/diogenes-digital\/","og_site_name":"Blanc!","article_publisher":"https:\/\/www.facebook.com\/blanc.festivaldissenygrafic\/","article_author":"https:\/\/www.facebook.com\/esdesignbarcelona","article_published_time":"2025-10-28T07:16:42+00:00","article_modified_time":"2025-10-28T07:25:17+00:00","og_image":[{"width":1024,"height":1024,"url":"https:\/\/blancfestival.com\/wp-content\/uploads\/2025\/10\/diogenes-digiral-esdesign.jpg","type":"image\/jpeg"}],"author":"ESDESIGN","twitter_card":"summary_large_image","twitter_creator":"@blancfest","twitter_site":"@blancfest","twitter_misc":{"Written by":"ESDESIGN","Est. reading time":"6 minutes"},"schema":{"@context":"https:\/\/schema.org","@graph":[{"@type":"Article","@id":"https:\/\/blancfestival.com\/ca\/diogenes-digital\/#article","isPartOf":{"@id":"https:\/\/blancfestival.com\/ca\/diogenes-digital\/"},"author":{"name":"ESDESIGN","@id":"https:\/\/blancfestival.com\/#\/schema\/person\/cf72c8ab0b392ace1dce6521d7d662c0"},"headline":"Di\u00f3genes digital: cuando tu disco duro pesa m\u00e1s que tus ideas","datePublished":"2025-10-28T07:16:42+00:00","dateModified":"2025-10-28T07:25:17+00:00","mainEntityOfPage":{"@id":"https:\/\/blancfestival.com\/ca\/diogenes-digital\/"},"wordCount":1215,"publisher":{"@id":"https:\/\/blancfestival.com\/#organization"},"image":{"@id":"https:\/\/blancfestival.com\/ca\/diogenes-digital\/#primaryimage"},"thumbnailUrl":"https:\/\/blancfestival.com\/wp-content\/uploads\/2025\/10\/diogenes-digiral-esdesign.jpg","articleSection":["Salud mental y profesional"],"inLanguage":"ca"},{"@type":"WebPage","@id":"https:\/\/blancfestival.com\/ca\/diogenes-digital\/","url":"https:\/\/blancfestival.com\/ca\/diogenes-digital\/","name":"Di\u00f3genes digital: cuando tu disco duro pesa m\u00e1s que tus ideas","isPartOf":{"@id":"https:\/\/blancfestival.com\/#website"},"primaryImageOfPage":{"@id":"https:\/\/blancfestival.com\/ca\/diogenes-digital\/#primaryimage"},"image":{"@id":"https:\/\/blancfestival.com\/ca\/diogenes-digital\/#primaryimage"},"thumbnailUrl":"https:\/\/blancfestival.com\/wp-content\/uploads\/2025\/10\/diogenes-digiral-esdesign.jpg","datePublished":"2025-10-28T07:16:42+00:00","dateModified":"2025-10-28T07:25:17+00:00","breadcrumb":{"@id":"https:\/\/blancfestival.com\/ca\/diogenes-digital\/#breadcrumb"},"inLanguage":"ca","potentialAction":[{"@type":"ReadAction","target":["https:\/\/blancfestival.com\/ca\/diogenes-digital\/"]}]},{"@type":"ImageObject","inLanguage":"ca","@id":"https:\/\/blancfestival.com\/ca\/diogenes-digital\/#primaryimage","url":"https:\/\/blancfestival.com\/wp-content\/uploads\/2025\/10\/diogenes-digiral-esdesign.jpg","contentUrl":"https:\/\/blancfestival.com\/wp-content\/uploads\/2025\/10\/diogenes-digiral-esdesign.jpg","width":1024,"height":1024},{"@type":"BreadcrumbList","@id":"https:\/\/blancfestival.com\/ca\/diogenes-digital\/#breadcrumb","itemListElement":[{"@type":"ListItem","position":1,"name":"Portada","item":"https:\/\/blancfestival.com\/ca\/"},{"@type":"ListItem","position":2,"name":"Di\u00f3genes digital: cuando tu disco duro pesa m\u00e1s que tus ideas"}]},{"@type":"WebSite","@id":"https:\/\/blancfestival.com\/#website","url":"https:\/\/blancfestival.com\/","name":"Blanc! Festival","description":"Disseny, Creativitat i Innovaci\u00f3","publisher":{"@id":"https:\/\/blancfestival.com\/#organization"},"potentialAction":[{"@type":"SearchAction","target":{"@type":"EntryPoint","urlTemplate":"https:\/\/blancfestival.com\/?s={search_term_string}"},"query-input":{"@type":"PropertyValueSpecification","valueRequired":true,"valueName":"search_term_string"}}],"inLanguage":"ca"},{"@type":"Organization","@id":"https:\/\/blancfestival.com\/#organization","name":"Blanc! Festival de Dise\u00f1o, Creatividad e Innovaci\u00f3n","url":"https:\/\/blancfestival.com\/","logo":{"@type":"ImageObject","inLanguage":"ca","@id":"https:\/\/blancfestival.com\/#\/schema\/logo\/image\/","url":"https:\/\/blancfestival.com\/wp-content\/uploads\/2025\/01\/logo_icono_blanc.jpg","contentUrl":"https:\/\/blancfestival.com\/wp-content\/uploads\/2025\/01\/logo_icono_blanc.jpg","width":2000,"height":2000,"caption":"Blanc! Festival de Dise\u00f1o, Creatividad e Innovaci\u00f3n"},"image":{"@id":"https:\/\/blancfestival.com\/#\/schema\/logo\/image\/"},"sameAs":["https:\/\/www.facebook.com\/blanc.festivaldissenygrafic\/","https:\/\/x.com\/blancfest","https:\/\/www.instagram.com\/blancfest\/","https:\/\/www.linkedin.com\/company\/blanc-festival","https:\/\/www.pinterest.com\/blancfest\/","https:\/\/www.youtube.com\/channel\/UCM-IjxOFb5gQg4yPgmze3Gg"]},{"@type":"Person","@id":"https:\/\/blancfestival.com\/#\/schema\/person\/cf72c8ab0b392ace1dce6521d7d662c0","name":"ESDESIGN","image":{"@type":"ImageObject","inLanguage":"ca","@id":"https:\/\/blancfestival.com\/#\/schema\/person\/image\/","url":"https:\/\/blancfestival.com\/wp-content\/uploads\/2025\/10\/logo-esdesign-120x120.jpg","contentUrl":"https:\/\/blancfestival.com\/wp-content\/uploads\/2025\/10\/logo-esdesign-120x120.jpg","caption":"ESDESIGN"},"description":"ESDESIGN es la primera escuela online de dise\u00f1o, un punto de uni\u00f3n en el que no importan ni los kil\u00f3metros, ni los d\u00edas, ni las horas. Es una escuela sin puertas, con mil ventanas al mundo, que conecta el impulso personal con el compromiso global y social. Es conocer las tendencias y transformar ideas y proyectos en realidades. ESDESIGN es experimentar el mundo del dise\u00f1o con una visi\u00f3n 360.","sameAs":["https:\/\/www.esdesignbarcelona.com\/","https:\/\/www.facebook.com\/esdesignbarcelona","https:\/\/www.instagram.com\/esdesignbarcelona\/","https:\/\/www.linkedin.com\/school\/esdesign-escuela-superior-de-diseo-de-barcelona\/"]}]}},"_links":{"self":[{"href":"https:\/\/blancfestival.com\/ca\/wp-json\/wp\/v2\/posts\/19483","targetHints":{"allow":["GET"]}}],"collection":[{"href":"https:\/\/blancfestival.com\/ca\/wp-json\/wp\/v2\/posts"}],"about":[{"href":"https:\/\/blancfestival.com\/ca\/wp-json\/wp\/v2\/types\/post"}],"author":[{"embeddable":true,"href":"https:\/\/blancfestival.com\/ca\/wp-json\/wp\/v2\/users\/32"}],"replies":[{"embeddable":true,"href":"https:\/\/blancfestival.com\/ca\/wp-json\/wp\/v2\/comments?post=19483"}],"version-history":[{"count":2,"href":"https:\/\/blancfestival.com\/ca\/wp-json\/wp\/v2\/posts\/19483\/revisions"}],"predecessor-version":[{"id":19491,"href":"https:\/\/blancfestival.com\/ca\/wp-json\/wp\/v2\/posts\/19483\/revisions\/19491"}],"wp:featuredmedia":[{"embeddable":true,"href":"https:\/\/blancfestival.com\/ca\/wp-json\/wp\/v2\/media\/19475"}],"wp:attachment":[{"href":"https:\/\/blancfestival.com\/ca\/wp-json\/wp\/v2\/media?parent=19483"}],"wp:term":[{"taxonomy":"category","embeddable":true,"href":"https:\/\/blancfestival.com\/ca\/wp-json\/wp\/v2\/categories?post=19483"},{"taxonomy":"post_tag","embeddable":true,"href":"https:\/\/blancfestival.com\/ca\/wp-json\/wp\/v2\/tags?post=19483"},{"taxonomy":"evento","embeddable":true,"href":"https:\/\/blancfestival.com\/ca\/wp-json\/wp\/v2\/evento?post=19483"}],"curies":[{"name":"wp","href":"https:\/\/api.w.org\/{rel}","templated":true}]}}