{"id":2073,"date":"2020-03-27T21:09:56","date_gmt":"2020-03-27T20:09:56","guid":{"rendered":"https:\/\/blancfestival.com\/?p=2073"},"modified":"2020-05-06T17:19:54","modified_gmt":"2020-05-06T15:19:54","slug":"estupor-y-temblores-economia-diseno-covid","status":"publish","type":"post","link":"https:\/\/blancfestival.com\/ca\/estupor-y-temblores-economia-diseno-covid\/","title":{"rendered":"Estupor y temblores"},"content":{"rendered":"<h2>\u00bfUn giro de gui\u00f3n?<\/h2>\n<p>Varias semanas ya de <strong>confinamiento<\/strong> a causa del coronavirus. Y como era de esperar, se ha alargado m\u00e1s de lo que se anunciaba. En Wuhan, donde empez\u00f3 todo, estuvieron 60 d\u00edas encerrados. As\u00ed que probablemente ya podemos ir mentaliz\u00e1ndonos. Es inevitable no saltarme la hoja de ruta que ten\u00eda prevista y dedicar una entrada a la <strong>gesti\u00f3n de la vida y del dise\u00f1o desde la emergencia.<\/strong><\/p>\n<p>He pasado por varios estados. \u00bfQui\u00e9n no? Tuvimos que encajar o digerir, primero, la <strong>velocidad<\/strong> a la que se propulsaron los acontecimientos: en menos de 24 horas fue claro que la situaci\u00f3n daba un vuelco casi inesperado. En pocas horas, una clase de ciencias sociales que deb\u00eda ser presencial se convirti\u00f3 en <strong>telem\u00e1tica<\/strong>.<\/p>\n<p>Aunque visto con perspectiva me pregunto: \u00bfd\u00f3nde estaba el giro de gui\u00f3n? \u00bfC\u00f3mo puedo decir que no lo vi venir si oigo hablar del <a href=\"https:\/\/es.wikipedia.org\/wiki\/Pandemia_de_enfermedad_por_coronavirus_de_2019-2020\" target=\"_blank\" rel=\"noopener noreferrer\">COVID-19 desde diciembre<\/a>? Pues porque viv\u00eda en <strong>el descr\u00e9dito y la negaci\u00f3n<\/strong>. Otra de esas epidemias fatalistas con las que nos asaltan de vez en cuando los medios de comunicaci\u00f3n, esos especialistas en transmitir drama y miedo.<\/p>\n<p>Me equivoqu\u00e9 al valorar la situaci\u00f3n. O quiz\u00e1s no est\u00e1bamos escuchando a los que s\u00ed ten\u00edan la informaci\u00f3n.<\/p>\n<p>&nbsp;<\/p>\n<h2>Abrumados<\/h2>\n<p>Los primeros d\u00edas fueron abrumadores: noticias, correos electr\u00f3nicos, guatsaps, las redes sociales en ebullici\u00f3n, en LinkedIn todos telecelebrando (\u00bf?) el teletrabajo en telequipo, llamadas de tel\u00e9fono, videoconferencias\u2026 Tambi\u00e9n ha sido abrumadora la respuesta social. Museos, teatros, auditorios, creadores, aut\u00f3nomos y empresas de todo tipo abriendo por un cierto tiempo sus contenidos para hacer m\u00e1s llevadero el confinamiento familiar o en solitario. Personas ofreci\u00e9ndose para coser mascarillas o ayudar a los m\u00e1s mayores de su barrio.<\/p>\n<p>&nbsp;<\/p>\n<p><img loading=\"lazy\" decoding=\"async\" class=\"aligncenter wp-image-2077 size-large\" src=\"https:\/\/blancfestival.com\/wp-content\/uploads\/2020\/03\/monalisa-4893660-700x1043.jpg\" alt=\"La Gioconda con mascarilla\" width=\"700\" height=\"1043\" srcset=\"https:\/\/blancfestival.com\/wp-content\/uploads\/2020\/03\/monalisa-4893660-700x1043.jpg 700w, https:\/\/blancfestival.com\/wp-content\/uploads\/2020\/03\/monalisa-4893660-250x373.jpg 250w, https:\/\/blancfestival.com\/wp-content\/uploads\/2020\/03\/monalisa-4893660-768x1144.jpg 768w, https:\/\/blancfestival.com\/wp-content\/uploads\/2020\/03\/monalisa-4893660-1031x1536.jpg 1031w, https:\/\/blancfestival.com\/wp-content\/uploads\/2020\/03\/monalisa-4893660-1374x2048.jpg 1374w, https:\/\/blancfestival.com\/wp-content\/uploads\/2020\/03\/monalisa-4893660-120x179.jpg 120w, https:\/\/blancfestival.com\/wp-content\/uploads\/2020\/03\/monalisa-4893660-scaled.jpg 1718w\" sizes=\"auto, (max-width: 700px) 100vw, 700px\" \/><\/p>\n<p>&nbsp;<\/p>\n<p>En paralelo a la <strong>crisis sanitaria<\/strong>, que parece <a href=\"https:\/\/www.elnacional.cat\/es\/salud\/coronavirus-sanitarios-infectados-espana_485622_102.html\" target=\"_blank\" rel=\"noopener noreferrer\">va a tocar techo en breve<\/a>, discurre la <strong>crisis econ\u00f3mica<\/strong>. No menos abrumadora. Los aut\u00f3nomos ya lo empezamos a notar el mismo viernes 13 de marzo. Ese mismo d\u00eda empezaron los despidos y los ERTES. A medida que pasan los d\u00edas <a href=\"https:\/\/www.elperiodico.com\/es\/economia\/20200324\/erte-coronavirus-despidos-7893167\" target=\"_blank\" rel=\"noopener noreferrer\">van in crescendo<\/a>. Ni\u00f1o Becerra se pregunta en su <a href=\"https:\/\/twitter.com\/sninobecerra?ref_src=twsrc%5Egoogle%7Ctwcamp%5Eserp%7Ctwgr%5Eauthor\" target=\"_blank\" rel=\"noopener noreferrer\">twitter<\/a> cu\u00e1ntos volver\u00e1n en realidad a plantilla en unos meses.<\/p>\n<p>Al pr\u00f3ximo que me diga que una crisis es una estupenda oportunidad pensar\u00e9 que, o es miope, o especulador. Porque esta crisis, me parece, <strong>ha venido para quedarse y cambiarlo todo.<\/strong><\/p>\n<p>&nbsp;<\/p>\n<h2>La negaci\u00f3n<\/h2>\n<p>Uno de estos d\u00edas escuchaba en la radio al dibujante <strong>Juanjo S\u00e1ez<\/strong> que participa en el programa <a href=\"https:\/\/www.ccma.cat\/catradio\/estat-de-gracia\/\" target=\"_blank\" rel=\"noopener noreferrer\"><em>Estat de Gr\u00e0cia<\/em><\/a> y que ha participado <a href=\"https:\/\/blancfestival.com\/videos\/juanjo-saez\/\" target=\"_blank\" rel=\"noopener noreferrer\">en varias ocasiones en Blanc!<\/a>. Contaba que su terapeuta le hab\u00eda hablado sobre las <strong>fases del duelo<\/strong>. Las elabor\u00f3 <a href=\"https:\/\/www.bbc.com\/mundo\/noticias-43893550\" target=\"_blank\" rel=\"noopener noreferrer\">Elizabeth K\u00fcbler-Ross<\/a> y son las fases por las que pasa uno cuando pierde a una persona importante en su vida. Es un proceso que requiere de tiempo para encajar la p\u00e9rdida (y no todo el mundo lo consigue). Tambi\u00e9n es v\u00e1lido para otras p\u00e9rdidas o cambios en nuestra vida: por ejemplo, un trabajo, un proyecto o tener que ir a vivir a otro lugar.<\/p>\n<p>La cuesti\u00f3n es que el terapeuta le dec\u00eda que como sociedad ahora estamos en la fase de negaci\u00f3n porque hasta cierto punto nos lo tom\u00e1bamos como un divertimento o le rest\u00e1bamos importancia. &#8220;Tampoco es para tanto, total son 15 d\u00edas&#8221;&#8230; Le siguen la rabia, la incertidumbre, la frustraci\u00f3n, la tristeza. Hasta la aceptaci\u00f3n.<\/p>\n<p>&nbsp;<\/p>\n<h2>Gestionar emociones y pensar colectivamente<\/h2>\n<p>Bego\u00f1a Odriozola, psic\u00f3loga experta en cat\u00e1strofes y emergencias, participaba el otro d\u00eda en el programa de TV3 \u201cPreguntes freq\u00fcents\u201d. Daba <a href=\"https:\/\/www.ccma.cat\/tv3\/alacarta\/preguntes-frequents\/begona-odriozola-ens-ajuda-recordar-que-estem-confinats-per-la-collectivitat-\/video\/6036324\/\" target=\"_blank\" rel=\"noopener noreferrer\">algunas recomendaciones<\/a> para surfear la intensidad de las emociones de estos d\u00edas. Dec\u00eda que los humanos somos capaces de sobreponernos a muchas situaciones. La famosa resiliencia.<\/p>\n<p>En mi caso, ante la <strong>avalancha de informaciones y contactos online<\/strong>, decid\u00ed empezar a dosificarlo para poder concentrarme y trabajar. Tambi\u00e9n para poder reflexionar. No para obsesionarme, dar vueltas a asuntos en modo centrifugado, etc., sino para pensar apropiadamente. Para m\u00ed implica estar en silencio, alejar durante un rato los contactos, estar centrada aqu\u00ed, delante de la hoja en blanco. Escribir me ayuda a pensar. \u00bfY en qu\u00e9 estoy pensando? Primero que la crisis sanitaria ha puesto sobre la mesa <strong>el asunto de lo p\u00fablico<\/strong>. Ahora podemos ver claramente que invertir en lo p\u00fablico es en beneficio de todos. Y recortar o privatizar no parece el mejor de los caminos.<\/p>\n<p>Tambi\u00e9n pone sobre la mesa si debemos continuar centr\u00e1ndonos en el individuo y <strong>lo individual<\/strong>, en el sentido egoc\u00e9ntrico habitual, como eje en torno al que gire todo. La narrativa hollywoodiense del protagonista, que podemos tener integrada en el inconsciente, se esfuma cuando recordamos que la Tierra est\u00e1 habitada por unos 7 mil millones de sapiens. Y <strong>t\u00fa eres s\u00f3lo uno de ellos<\/strong>.<\/p>\n<p>&nbsp;<\/p>\n<p><img loading=\"lazy\" decoding=\"async\" class=\"aligncenter wp-image-2080 size-large\" src=\"https:\/\/blancfestival.com\/wp-content\/uploads\/2020\/03\/coronavirus-4940943-700x402.jpg\" alt=\"Maja vestida con mascarilla\" width=\"700\" height=\"402\" srcset=\"https:\/\/blancfestival.com\/wp-content\/uploads\/2020\/03\/coronavirus-4940943-700x402.jpg 700w, https:\/\/blancfestival.com\/wp-content\/uploads\/2020\/03\/coronavirus-4940943-250x144.jpg 250w, https:\/\/blancfestival.com\/wp-content\/uploads\/2020\/03\/coronavirus-4940943-768x441.jpg 768w, https:\/\/blancfestival.com\/wp-content\/uploads\/2020\/03\/coronavirus-4940943-1536x882.jpg 1536w, https:\/\/blancfestival.com\/wp-content\/uploads\/2020\/03\/coronavirus-4940943-2048x1177.jpg 2048w, https:\/\/blancfestival.com\/wp-content\/uploads\/2020\/03\/coronavirus-4940943-120x69.jpg 120w\" sizes=\"auto, (max-width: 700px) 100vw, 700px\" \/><\/p>\n<h2><\/h2>\n<h2>Econom\u00eda y dise\u00f1o<\/h2>\n<p>En cuanto a la crisis econ\u00f3mica que cabalga desaforada en paralelo, creo que es una muy buena ocasi\u00f3n para recuperar la lectura de <a href=\"https:\/\/ethic.es\/2017\/10\/prosperidad-sin-crecimiento-tim-jackson\/\" target=\"_blank\" rel=\"noopener noreferrer\"><em>Prosperidad sin crecimiento<\/em><\/a>, de Tim Jackson. O bien pod\u00e9is ver <a href=\"https:\/\/www.ted.com\/talks\/tim_jackson_an_economic_reality_check?language=es\" target=\"_blank\" rel=\"noopener noreferrer\">su Ted Talk<\/a>. Su tesis es que el modelo econ\u00f3mico capitalista actual, basado en la oferta y la demanda, en el consumo material y el crecimiento continuo, no tiene sentido dado que vivimos en un planeta con recursos finitos. No es sostenible el tren de vida que llevamos.<\/p>\n<p>Ni\u00f1o Becerra insiste en twitter que hay demasiada oferta y no tanta demanda y que el coronavirus ha puesto el turbo a una desaceleraci\u00f3n econ\u00f3mica que hab\u00eda empezado en el 2018 (#RecesionIsComing).<\/p>\n<p>Aqu\u00ed es donde empiezan las preguntas que podemos hacernos si nos damos el tiempo y apagamos un rato el ruido medi\u00e1tico que nos puede paralizar. Antes de esta crisis, en el Blog de Blanc ya hubo una entrada dedicada a la <a href=\"https:\/\/blancfestival.com\/diseno\/economia-circular-y-diseno\/\" target=\"_blank\" rel=\"noopener noreferrer\">econom\u00eda circular y el dise\u00f1o<\/a>. Creo que es un momento para repensar el modelo de econom\u00eda y, en esa l\u00ednea, ver qu\u00e9 aportaciones podemos hacer desde el dise\u00f1o.<\/p>\n<p>Desde la econom\u00eda hay propuestas como una <strong>renda universal o la repartici\u00f3n del trabajo disponible<\/strong> entre la poblaci\u00f3n activa. Una de las repercusiones de la crisis del 2008 fue el desempleo masivo. Los que no perdieron sus trabajos, tuvieron que asumir sus tareas y las de otros. Jackson apunta como, desde el 1995, han aumentado la cantidad de horas trabajadas.<\/p>\n<p>Dado que probablemente no podremos restaurar el modelo de econom\u00eda, ni de dise\u00f1o, ni de sociedad que tenemos incorporado, \u00bfc\u00f3mo lo vamos a hacer para que los 7 mil millones de sapiens que habitamos el planeta tengamos una <strong>vida digna<\/strong>? Reconozco que lo m\u00edo es hacerme muchas preguntas y casi nunca doy con una respuesta. As\u00ed que apelo a esto que se llama <strong>inteligencia colectiva o colaborativa<\/strong>. Creo que tendremos que tirar de ella m\u00e1s que nunca.<\/p>\n<p>&nbsp;<\/p>\n<p><em>*copiando el t\u00edtulo de la novela autobiagr\u00e1fica de Am\u00e9lie Nothomb<\/em><\/p>\n","protected":false},"excerpt":{"rendered":"\u00bfUn giro de gui\u00f3n? Varias semanas ya de confinamiento a causa del coronavirus. Y como era de esperar, se ha alargado m\u00e1s de lo que se anunciaba. En Wuhan, donde empez\u00f3 todo, estuvieron 60 d\u00edas encerrados. As\u00ed que probablemente ya podemos ir mentaliz\u00e1ndonos. Es inevitable no saltarme la hoja de ruta que ten\u00eda prevista y&hellip;","protected":false},"author":5,"featured_media":2089,"comment_status":"open","ping_status":"open","sticky":false,"template":"","format":"standard","meta":{"_acf_changed":false,"footnotes":""},"categories":[5],"tags":[143,144,145,146,147,124,125,60],"evento":[],"class_list":["post-2073","post","type-post","status-publish","format-standard","has-post-thumbnail","hentry","category-innovacion","tag-economia","tag-crisis","tag-coronavirus","tag-covid-19","tag-inteligencia-emocional","tag-gestion","tag-psicologia","tag-diseno"],"acf":[],"yoast_head":"<!-- This site is optimized with the Yoast SEO plugin v23.7 - https:\/\/yoast.com\/wordpress\/plugins\/seo\/ -->\n<title>Econom\u00eda y dise\u00f1o en tiempos de covid-19: Estupor y temblores - Blanc!<\/title>\n<meta name=\"description\" content=\"Esta crisis ha venido para cambiarlo todo. El coronavirus es un momento para repensar la econom\u00eda y ver qu\u00e9 aportaciones podemos hacer desde el dise\u00f1o.\" \/>\n<meta name=\"robots\" content=\"index, follow, max-snippet:-1, max-image-preview:large, max-video-preview:-1\" \/>\n<link rel=\"canonical\" href=\"https:\/\/blancfestival.com\/estupor-y-temblores-economia-diseno-covid\/\" \/>\n<meta property=\"og:locale\" content=\"ca_ES\" \/>\n<meta property=\"og:type\" content=\"article\" \/>\n<meta property=\"og:title\" content=\"Econom\u00eda y dise\u00f1o en tiempos de covid-19: Estupor y temblores - Blanc!\" \/>\n<meta property=\"og:description\" content=\"Esta crisis ha venido para cambiarlo todo. El coronavirus es un momento para repensar la econom\u00eda y ver qu\u00e9 aportaciones podemos hacer desde el dise\u00f1o.\" \/>\n<meta property=\"og:url\" content=\"https:\/\/blancfestival.com\/estupor-y-temblores-economia-diseno-covid\/\" \/>\n<meta property=\"og:site_name\" content=\"Blanc!\" \/>\n<meta property=\"article:publisher\" content=\"https:\/\/www.facebook.com\/blanc.festivaldissenygrafic\/\" \/>\n<meta property=\"article:published_time\" content=\"2020-03-27T20:09:56+00:00\" \/>\n<meta property=\"article:modified_time\" content=\"2020-05-06T15:19:54+00:00\" \/>\n<meta property=\"og:image\" content=\"https:\/\/blancfestival.com\/wp-content\/uploads\/2020\/03\/medical-4934010c.jpg\" \/>\n\t<meta property=\"og:image:width\" content=\"1545\" \/>\n\t<meta property=\"og:image:height\" content=\"1773\" \/>\n\t<meta property=\"og:image:type\" content=\"image\/jpeg\" \/>\n<meta name=\"author\" content=\"Lia Par\u00eds\" \/>\n<meta name=\"twitter:card\" content=\"summary_large_image\" \/>\n<meta name=\"twitter:creator\" content=\"@blancfest\" \/>\n<meta name=\"twitter:site\" content=\"@blancfest\" \/>\n<meta name=\"twitter:label1\" content=\"Written by\" \/>\n\t<meta name=\"twitter:data1\" content=\"Lia Par\u00eds\" \/>\n\t<meta name=\"twitter:label2\" content=\"Est. reading time\" \/>\n\t<meta name=\"twitter:data2\" content=\"6 minutes\" \/>\n<script type=\"application\/ld+json\" class=\"yoast-schema-graph\">{\"@context\":\"https:\/\/schema.org\",\"@graph\":[{\"@type\":\"Article\",\"@id\":\"https:\/\/blancfestival.com\/estupor-y-temblores-economia-diseno-covid\/#article\",\"isPartOf\":{\"@id\":\"https:\/\/blancfestival.com\/estupor-y-temblores-economia-diseno-covid\/\"},\"author\":{\"name\":\"Lia Par\u00eds\",\"@id\":\"https:\/\/blancfestival.com\/#\/schema\/person\/94e073ceca2ff39b979e89451b057c91\"},\"headline\":\"Estupor y temblores\",\"datePublished\":\"2020-03-27T20:09:56+00:00\",\"dateModified\":\"2020-05-06T15:19:54+00:00\",\"mainEntityOfPage\":{\"@id\":\"https:\/\/blancfestival.com\/estupor-y-temblores-economia-diseno-covid\/\"},\"wordCount\":1194,\"commentCount\":0,\"publisher\":{\"@id\":\"https:\/\/blancfestival.com\/#organization\"},\"image\":{\"@id\":\"https:\/\/blancfestival.com\/estupor-y-temblores-economia-diseno-covid\/#primaryimage\"},\"thumbnailUrl\":\"https:\/\/blancfestival.com\/wp-content\/uploads\/2020\/03\/medical-4934010c.jpg\",\"keywords\":[\"econom\u00eda\",\"crisis\",\"coronavirus\",\"covid-19\",\"inteligencia emocional\",\"gesti\u00f3n\",\"psicolog\u00eda\",\"dise\u00f1o\"],\"articleSection\":[\"Innovaci\u00f3n\"],\"inLanguage\":\"ca\",\"potentialAction\":[{\"@type\":\"CommentAction\",\"name\":\"Comment\",\"target\":[\"https:\/\/blancfestival.com\/estupor-y-temblores-economia-diseno-covid\/#respond\"]}]},{\"@type\":\"WebPage\",\"@id\":\"https:\/\/blancfestival.com\/estupor-y-temblores-economia-diseno-covid\/\",\"url\":\"https:\/\/blancfestival.com\/estupor-y-temblores-economia-diseno-covid\/\",\"name\":\"Econom\u00eda y dise\u00f1o en tiempos de covid-19: Estupor y temblores - Blanc!\",\"isPartOf\":{\"@id\":\"https:\/\/blancfestival.com\/#website\"},\"primaryImageOfPage\":{\"@id\":\"https:\/\/blancfestival.com\/estupor-y-temblores-economia-diseno-covid\/#primaryimage\"},\"image\":{\"@id\":\"https:\/\/blancfestival.com\/estupor-y-temblores-economia-diseno-covid\/#primaryimage\"},\"thumbnailUrl\":\"https:\/\/blancfestival.com\/wp-content\/uploads\/2020\/03\/medical-4934010c.jpg\",\"datePublished\":\"2020-03-27T20:09:56+00:00\",\"dateModified\":\"2020-05-06T15:19:54+00:00\",\"description\":\"Esta crisis ha venido para cambiarlo todo. El coronavirus es un momento para repensar la econom\u00eda y ver qu\u00e9 aportaciones podemos hacer desde el dise\u00f1o.\",\"breadcrumb\":{\"@id\":\"https:\/\/blancfestival.com\/estupor-y-temblores-economia-diseno-covid\/#breadcrumb\"},\"inLanguage\":\"ca\",\"potentialAction\":[{\"@type\":\"ReadAction\",\"target\":[\"https:\/\/blancfestival.com\/estupor-y-temblores-economia-diseno-covid\/\"]}]},{\"@type\":\"ImageObject\",\"inLanguage\":\"ca\",\"@id\":\"https:\/\/blancfestival.com\/estupor-y-temblores-economia-diseno-covid\/#primaryimage\",\"url\":\"https:\/\/blancfestival.com\/wp-content\/uploads\/2020\/03\/medical-4934010c.jpg\",\"contentUrl\":\"https:\/\/blancfestival.com\/wp-content\/uploads\/2020\/03\/medical-4934010c.jpg\",\"width\":1545,\"height\":1773},{\"@type\":\"BreadcrumbList\",\"@id\":\"https:\/\/blancfestival.com\/estupor-y-temblores-economia-diseno-covid\/#breadcrumb\",\"itemListElement\":[{\"@type\":\"ListItem\",\"position\":1,\"name\":\"Portada\",\"item\":\"https:\/\/blancfestival.com\/ca\/\"},{\"@type\":\"ListItem\",\"position\":2,\"name\":\"Estupor y temblores\"}]},{\"@type\":\"WebSite\",\"@id\":\"https:\/\/blancfestival.com\/#website\",\"url\":\"https:\/\/blancfestival.com\/\",\"name\":\"Blanc! Festival\",\"description\":\"Disseny, Creativitat i Innovaci\u00f3\",\"publisher\":{\"@id\":\"https:\/\/blancfestival.com\/#organization\"},\"potentialAction\":[{\"@type\":\"SearchAction\",\"target\":{\"@type\":\"EntryPoint\",\"urlTemplate\":\"https:\/\/blancfestival.com\/?s={search_term_string}\"},\"query-input\":{\"@type\":\"PropertyValueSpecification\",\"valueRequired\":true,\"valueName\":\"search_term_string\"}}],\"inLanguage\":\"ca\"},{\"@type\":\"Organization\",\"@id\":\"https:\/\/blancfestival.com\/#organization\",\"name\":\"Blanc! Festival de Dise\u00f1o, Creatividad e Innovaci\u00f3n\",\"url\":\"https:\/\/blancfestival.com\/\",\"logo\":{\"@type\":\"ImageObject\",\"inLanguage\":\"ca\",\"@id\":\"https:\/\/blancfestival.com\/#\/schema\/logo\/image\/\",\"url\":\"https:\/\/blancfestival.com\/wp-content\/uploads\/2025\/01\/logo_icono_blanc.jpg\",\"contentUrl\":\"https:\/\/blancfestival.com\/wp-content\/uploads\/2025\/01\/logo_icono_blanc.jpg\",\"width\":2000,\"height\":2000,\"caption\":\"Blanc! Festival de Dise\u00f1o, Creatividad e Innovaci\u00f3n\"},\"image\":{\"@id\":\"https:\/\/blancfestival.com\/#\/schema\/logo\/image\/\"},\"sameAs\":[\"https:\/\/www.facebook.com\/blanc.festivaldissenygrafic\/\",\"https:\/\/x.com\/blancfest\",\"https:\/\/www.instagram.com\/blancfest\/\",\"https:\/\/www.linkedin.com\/company\/blanc-festival\",\"https:\/\/www.pinterest.com\/blancfest\/\",\"https:\/\/www.youtube.com\/channel\/UCM-IjxOFb5gQg4yPgmze3Gg\"]},{\"@type\":\"Person\",\"@id\":\"https:\/\/blancfestival.com\/#\/schema\/person\/94e073ceca2ff39b979e89451b057c91\",\"name\":\"Lia Par\u00eds\",\"image\":{\"@type\":\"ImageObject\",\"inLanguage\":\"ca\",\"@id\":\"https:\/\/blancfestival.com\/#\/schema\/person\/image\/\",\"url\":\"https:\/\/blancfestival.com\/wp-content\/uploads\/2020\/03\/DSC1788-120x120.jpg\",\"contentUrl\":\"https:\/\/blancfestival.com\/wp-content\/uploads\/2020\/03\/DSC1788-120x120.jpg\",\"caption\":\"Lia Par\u00eds\"},\"description\":\"Antrop\u00f3loga, docente, project manager y mucho m\u00e1s.\",\"sameAs\":[\"https:\/\/eulaliaparis.com\/\"]}]}<\/script>\n<!-- \/ Yoast SEO plugin. -->","yoast_head_json":{"title":"Econom\u00eda y dise\u00f1o en tiempos de covid-19: Estupor y temblores - Blanc!","description":"Esta crisis ha venido para cambiarlo todo. El coronavirus es un momento para repensar la econom\u00eda y ver qu\u00e9 aportaciones podemos hacer desde el dise\u00f1o.","robots":{"index":"index","follow":"follow","max-snippet":"max-snippet:-1","max-image-preview":"max-image-preview:large","max-video-preview":"max-video-preview:-1"},"canonical":"https:\/\/blancfestival.com\/estupor-y-temblores-economia-diseno-covid\/","og_locale":"ca_ES","og_type":"article","og_title":"Econom\u00eda y dise\u00f1o en tiempos de covid-19: Estupor y temblores - Blanc!","og_description":"Esta crisis ha venido para cambiarlo todo. El coronavirus es un momento para repensar la econom\u00eda y ver qu\u00e9 aportaciones podemos hacer desde el dise\u00f1o.","og_url":"https:\/\/blancfestival.com\/estupor-y-temblores-economia-diseno-covid\/","og_site_name":"Blanc!","article_publisher":"https:\/\/www.facebook.com\/blanc.festivaldissenygrafic\/","article_published_time":"2020-03-27T20:09:56+00:00","article_modified_time":"2020-05-06T15:19:54+00:00","og_image":[{"width":1545,"height":1773,"url":"https:\/\/blancfestival.com\/wp-content\/uploads\/2020\/03\/medical-4934010c.jpg","type":"image\/jpeg"}],"author":"Lia Par\u00eds","twitter_card":"summary_large_image","twitter_creator":"@blancfest","twitter_site":"@blancfest","twitter_misc":{"Written by":"Lia Par\u00eds","Est. reading time":"6 minutes"},"schema":{"@context":"https:\/\/schema.org","@graph":[{"@type":"Article","@id":"https:\/\/blancfestival.com\/estupor-y-temblores-economia-diseno-covid\/#article","isPartOf":{"@id":"https:\/\/blancfestival.com\/estupor-y-temblores-economia-diseno-covid\/"},"author":{"name":"Lia Par\u00eds","@id":"https:\/\/blancfestival.com\/#\/schema\/person\/94e073ceca2ff39b979e89451b057c91"},"headline":"Estupor y temblores","datePublished":"2020-03-27T20:09:56+00:00","dateModified":"2020-05-06T15:19:54+00:00","mainEntityOfPage":{"@id":"https:\/\/blancfestival.com\/estupor-y-temblores-economia-diseno-covid\/"},"wordCount":1194,"commentCount":0,"publisher":{"@id":"https:\/\/blancfestival.com\/#organization"},"image":{"@id":"https:\/\/blancfestival.com\/estupor-y-temblores-economia-diseno-covid\/#primaryimage"},"thumbnailUrl":"https:\/\/blancfestival.com\/wp-content\/uploads\/2020\/03\/medical-4934010c.jpg","keywords":["econom\u00eda","crisis","coronavirus","covid-19","inteligencia emocional","gesti\u00f3n","psicolog\u00eda","dise\u00f1o"],"articleSection":["Innovaci\u00f3n"],"inLanguage":"ca","potentialAction":[{"@type":"CommentAction","name":"Comment","target":["https:\/\/blancfestival.com\/estupor-y-temblores-economia-diseno-covid\/#respond"]}]},{"@type":"WebPage","@id":"https:\/\/blancfestival.com\/estupor-y-temblores-economia-diseno-covid\/","url":"https:\/\/blancfestival.com\/estupor-y-temblores-economia-diseno-covid\/","name":"Econom\u00eda y dise\u00f1o en tiempos de covid-19: Estupor y temblores - Blanc!","isPartOf":{"@id":"https:\/\/blancfestival.com\/#website"},"primaryImageOfPage":{"@id":"https:\/\/blancfestival.com\/estupor-y-temblores-economia-diseno-covid\/#primaryimage"},"image":{"@id":"https:\/\/blancfestival.com\/estupor-y-temblores-economia-diseno-covid\/#primaryimage"},"thumbnailUrl":"https:\/\/blancfestival.com\/wp-content\/uploads\/2020\/03\/medical-4934010c.jpg","datePublished":"2020-03-27T20:09:56+00:00","dateModified":"2020-05-06T15:19:54+00:00","description":"Esta crisis ha venido para cambiarlo todo. El coronavirus es un momento para repensar la econom\u00eda y ver qu\u00e9 aportaciones podemos hacer desde el dise\u00f1o.","breadcrumb":{"@id":"https:\/\/blancfestival.com\/estupor-y-temblores-economia-diseno-covid\/#breadcrumb"},"inLanguage":"ca","potentialAction":[{"@type":"ReadAction","target":["https:\/\/blancfestival.com\/estupor-y-temblores-economia-diseno-covid\/"]}]},{"@type":"ImageObject","inLanguage":"ca","@id":"https:\/\/blancfestival.com\/estupor-y-temblores-economia-diseno-covid\/#primaryimage","url":"https:\/\/blancfestival.com\/wp-content\/uploads\/2020\/03\/medical-4934010c.jpg","contentUrl":"https:\/\/blancfestival.com\/wp-content\/uploads\/2020\/03\/medical-4934010c.jpg","width":1545,"height":1773},{"@type":"BreadcrumbList","@id":"https:\/\/blancfestival.com\/estupor-y-temblores-economia-diseno-covid\/#breadcrumb","itemListElement":[{"@type":"ListItem","position":1,"name":"Portada","item":"https:\/\/blancfestival.com\/ca\/"},{"@type":"ListItem","position":2,"name":"Estupor y temblores"}]},{"@type":"WebSite","@id":"https:\/\/blancfestival.com\/#website","url":"https:\/\/blancfestival.com\/","name":"Blanc! Festival","description":"Disseny, Creativitat i Innovaci\u00f3","publisher":{"@id":"https:\/\/blancfestival.com\/#organization"},"potentialAction":[{"@type":"SearchAction","target":{"@type":"EntryPoint","urlTemplate":"https:\/\/blancfestival.com\/?s={search_term_string}"},"query-input":{"@type":"PropertyValueSpecification","valueRequired":true,"valueName":"search_term_string"}}],"inLanguage":"ca"},{"@type":"Organization","@id":"https:\/\/blancfestival.com\/#organization","name":"Blanc! Festival de Dise\u00f1o, Creatividad e Innovaci\u00f3n","url":"https:\/\/blancfestival.com\/","logo":{"@type":"ImageObject","inLanguage":"ca","@id":"https:\/\/blancfestival.com\/#\/schema\/logo\/image\/","url":"https:\/\/blancfestival.com\/wp-content\/uploads\/2025\/01\/logo_icono_blanc.jpg","contentUrl":"https:\/\/blancfestival.com\/wp-content\/uploads\/2025\/01\/logo_icono_blanc.jpg","width":2000,"height":2000,"caption":"Blanc! Festival de Dise\u00f1o, Creatividad e Innovaci\u00f3n"},"image":{"@id":"https:\/\/blancfestival.com\/#\/schema\/logo\/image\/"},"sameAs":["https:\/\/www.facebook.com\/blanc.festivaldissenygrafic\/","https:\/\/x.com\/blancfest","https:\/\/www.instagram.com\/blancfest\/","https:\/\/www.linkedin.com\/company\/blanc-festival","https:\/\/www.pinterest.com\/blancfest\/","https:\/\/www.youtube.com\/channel\/UCM-IjxOFb5gQg4yPgmze3Gg"]},{"@type":"Person","@id":"https:\/\/blancfestival.com\/#\/schema\/person\/94e073ceca2ff39b979e89451b057c91","name":"Lia Par\u00eds","image":{"@type":"ImageObject","inLanguage":"ca","@id":"https:\/\/blancfestival.com\/#\/schema\/person\/image\/","url":"https:\/\/blancfestival.com\/wp-content\/uploads\/2020\/03\/DSC1788-120x120.jpg","contentUrl":"https:\/\/blancfestival.com\/wp-content\/uploads\/2020\/03\/DSC1788-120x120.jpg","caption":"Lia Par\u00eds"},"description":"Antrop\u00f3loga, docente, project manager y mucho m\u00e1s.","sameAs":["https:\/\/eulaliaparis.com\/"]}]}},"_links":{"self":[{"href":"https:\/\/blancfestival.com\/ca\/wp-json\/wp\/v2\/posts\/2073","targetHints":{"allow":["GET"]}}],"collection":[{"href":"https:\/\/blancfestival.com\/ca\/wp-json\/wp\/v2\/posts"}],"about":[{"href":"https:\/\/blancfestival.com\/ca\/wp-json\/wp\/v2\/types\/post"}],"author":[{"embeddable":true,"href":"https:\/\/blancfestival.com\/ca\/wp-json\/wp\/v2\/users\/5"}],"replies":[{"embeddable":true,"href":"https:\/\/blancfestival.com\/ca\/wp-json\/wp\/v2\/comments?post=2073"}],"version-history":[{"count":10,"href":"https:\/\/blancfestival.com\/ca\/wp-json\/wp\/v2\/posts\/2073\/revisions"}],"predecessor-version":[{"id":2863,"href":"https:\/\/blancfestival.com\/ca\/wp-json\/wp\/v2\/posts\/2073\/revisions\/2863"}],"wp:featuredmedia":[{"embeddable":true,"href":"https:\/\/blancfestival.com\/ca\/wp-json\/wp\/v2\/media\/2089"}],"wp:attachment":[{"href":"https:\/\/blancfestival.com\/ca\/wp-json\/wp\/v2\/media?parent=2073"}],"wp:term":[{"taxonomy":"category","embeddable":true,"href":"https:\/\/blancfestival.com\/ca\/wp-json\/wp\/v2\/categories?post=2073"},{"taxonomy":"post_tag","embeddable":true,"href":"https:\/\/blancfestival.com\/ca\/wp-json\/wp\/v2\/tags?post=2073"},{"taxonomy":"evento","embeddable":true,"href":"https:\/\/blancfestival.com\/ca\/wp-json\/wp\/v2\/evento?post=2073"}],"curies":[{"name":"wp","href":"https:\/\/api.w.org\/{rel}","templated":true}]}}