{"id":21,"date":"2020-01-10T14:37:15","date_gmt":"2020-01-10T14:37:15","guid":{"rendered":"https:\/\/blancfestival.com\/www2020\/?p=21"},"modified":"2020-02-19T15:00:27","modified_gmt":"2020-02-19T15:00:27","slug":"branding-para-disenadores","status":"publish","type":"post","link":"https:\/\/blancfestival.com\/ca\/branding-para-disenadores\/","title":{"rendered":"Branding para dise\u00f1adores"},"content":{"rendered":"<p>El v\u00eddeo m\u00e1s visto de nuestro <a href=\"https:\/\/www.youtube.com\/channel\/UCM-IjxOFb5gQg4yPgmze3Gg\" target=\"_blank\" rel=\"noopener noreferrer\">canal de youtube<\/a> es el de la masterclass &#8220;Branding para dise\u00f1adores&#8221; que el <a href=\"http:\/\/wearemucho.com\" target=\"_blank\" rel=\"noopener noreferrer\">estudio Mucho<\/a> imparti\u00f3 en la quinta edici\u00f3n de Blanc Festival.<\/p>\n<p>Los que explican este tipo de tem\u00e1ticas suelen ser perfiles provenientes del marketing, pero en esta masterclass se aborda desde la visi\u00f3n de un dise\u00f1ador gr\u00e1fico. Con un transfondo creativo diferencial clave para el desarrollo de un proyecto de branding, la forma de afrontar un proyecto de branding es muy diferente a la de un perfil m\u00e1s t\u00e9cnico como podr\u00eda ser el marketing.<\/p>\n<p>En Mucho consideran que gran parte de su formaci\u00f3n como dise\u00f1adores, y de su forma de trabajar, proviene de una suerte de encuentros m\u00e1s o menos casuales, con otros profesionales de los que supieron aprender, indaganado y preguntando.<\/p>\n<p>La masterclass se hila a trav\u00e9s de una serie de frases provenientes de aqu\u00ed y de all\u00ed o del imagiario de Mucho, el colectivo o de un oido atento al pasar.<\/p>\n<p>En esta masterclass, no solo explican c\u00f3mo trabajan sino cu\u00e1l el la metodolog\u00eda de trabajo de Mucho.<\/p>\n<p><iframe loading=\"lazy\" src=\"https:\/\/www.youtube.com\/embed\/uHZgT4G7-jQ\" width=\"680\" height=\"383\" frameborder=\"0\" allowfullscreen=\"allowfullscreen\"><\/iframe><\/p>\n<p><a href=\"https:\/\/www.youtube.com\/channel\/UCM-IjxOFb5gQg4yPgmze3Gg\" target=\"_blank\" rel=\"noopener noreferrer\">Click aqu\u00ed para ver m\u00e1s videos de conferencias y masterclasses de Blanc!<\/a><\/p>\n","protected":false},"excerpt":{"rendered":"El v\u00eddeo m\u00e1s visto de nuestro canal de youtube es el de la masterclass &#8220;Branding para dise\u00f1adores&#8221; que el estudio Mucho imparti\u00f3 en la quinta edici\u00f3n de Blanc Festival. Los que explican este tipo de tem\u00e1ticas suelen ser perfiles provenientes del marketing, pero en esta masterclass se aborda desde la visi\u00f3n de un dise\u00f1ador gr\u00e1fico.&hellip;","protected":false},"author":3,"featured_media":377,"comment_status":"open","ping_status":"open","sticky":false,"template":"","format":"standard","meta":{"_acf_changed":false,"footnotes":""},"categories":[3],"tags":[],"evento":[],"class_list":["post-21","post","type-post","status-publish","format-standard","has-post-thumbnail","hentry","category-creatividad"],"acf":[],"yoast_head":"<!-- This site is optimized with the Yoast SEO plugin v23.7 - https:\/\/yoast.com\/wordpress\/plugins\/seo\/ -->\n<title>Branding para dise\u00f1adores<\/title>\n<meta name=\"robots\" content=\"index, follow, max-snippet:-1, max-image-preview:large, max-video-preview:-1\" \/>\n<link rel=\"canonical\" href=\"https:\/\/blancfestival.com\/en\/branding-para-disenadores\/\" \/>\n<meta property=\"og:locale\" content=\"ca_ES\" \/>\n<meta property=\"og:type\" content=\"article\" \/>\n<meta property=\"og:title\" content=\"Branding para dise\u00f1adores\" \/>\n<meta property=\"og:description\" content=\"El v\u00eddeo m\u00e1s visto de nuestro canal de youtube es el de la masterclass &#8220;Branding para dise\u00f1adores&#8221; que el estudio Mucho imparti\u00f3 en la quinta edici\u00f3n de Blanc Festival. Los que explican este tipo de tem\u00e1ticas suelen ser perfiles provenientes del marketing, pero en esta masterclass se aborda desde la visi\u00f3n de un dise\u00f1ador gr\u00e1fico.&hellip;\" \/>\n<meta property=\"og:url\" content=\"https:\/\/blancfestival.com\/en\/branding-para-disenadores\/\" \/>\n<meta property=\"og:site_name\" content=\"Blanc!\" \/>\n<meta property=\"article:publisher\" content=\"https:\/\/www.facebook.com\/blanc.festivaldissenygrafic\/\" \/>\n<meta property=\"article:published_time\" content=\"2020-01-10T14:37:15+00:00\" \/>\n<meta property=\"article:modified_time\" content=\"2020-02-19T15:00:27+00:00\" \/>\n<meta property=\"og:image\" content=\"https:\/\/blancfestival.com\/wp-content\/uploads\/2020\/01\/mucho-design-masterclass-1.jpg\" \/>\n\t<meta property=\"og:image:width\" content=\"2000\" \/>\n\t<meta property=\"og:image:height\" content=\"1333\" \/>\n\t<meta property=\"og:image:type\" content=\"image\/jpeg\" \/>\n<meta name=\"author\" content=\"Redacci\u00f3n Blanc!\" \/>\n<meta name=\"twitter:card\" content=\"summary_large_image\" \/>\n<meta name=\"twitter:creator\" content=\"@blancfest\" \/>\n<meta name=\"twitter:site\" content=\"@blancfest\" \/>\n<meta name=\"twitter:label1\" content=\"Written by\" \/>\n\t<meta name=\"twitter:data1\" content=\"Redacci\u00f3n Blanc!\" \/>\n\t<meta name=\"twitter:label2\" content=\"Est. reading time\" \/>\n\t<meta name=\"twitter:data2\" content=\"1 minute\" \/>\n<script type=\"application\/ld+json\" class=\"yoast-schema-graph\">{\"@context\":\"https:\/\/schema.org\",\"@graph\":[{\"@type\":\"Article\",\"@id\":\"https:\/\/blancfestival.com\/en\/branding-para-disenadores\/#article\",\"isPartOf\":{\"@id\":\"https:\/\/blancfestival.com\/en\/branding-para-disenadores\/\"},\"author\":{\"name\":\"Redacci\u00f3n Blanc!\",\"@id\":\"https:\/\/blancfestival.com\/#\/schema\/person\/1c1365d1e51e5730cf3f5fadb8670c06\"},\"headline\":\"Branding para dise\u00f1adores\",\"datePublished\":\"2020-01-10T14:37:15+00:00\",\"dateModified\":\"2020-02-19T15:00:27+00:00\",\"mainEntityOfPage\":{\"@id\":\"https:\/\/blancfestival.com\/en\/branding-para-disenadores\/\"},\"wordCount\":213,\"commentCount\":0,\"publisher\":{\"@id\":\"https:\/\/blancfestival.com\/#organization\"},\"image\":{\"@id\":\"https:\/\/blancfestival.com\/en\/branding-para-disenadores\/#primaryimage\"},\"thumbnailUrl\":\"https:\/\/blancfestival.com\/wp-content\/uploads\/2020\/01\/mucho-design-masterclass-1.jpg\",\"articleSection\":[\"Creatividad\"],\"inLanguage\":\"ca\",\"potentialAction\":[{\"@type\":\"CommentAction\",\"name\":\"Comment\",\"target\":[\"https:\/\/blancfestival.com\/en\/branding-para-disenadores\/#respond\"]}]},{\"@type\":\"WebPage\",\"@id\":\"https:\/\/blancfestival.com\/en\/branding-para-disenadores\/\",\"url\":\"https:\/\/blancfestival.com\/en\/branding-para-disenadores\/\",\"name\":\"Branding para dise\u00f1adores\",\"isPartOf\":{\"@id\":\"https:\/\/blancfestival.com\/#website\"},\"primaryImageOfPage\":{\"@id\":\"https:\/\/blancfestival.com\/en\/branding-para-disenadores\/#primaryimage\"},\"image\":{\"@id\":\"https:\/\/blancfestival.com\/en\/branding-para-disenadores\/#primaryimage\"},\"thumbnailUrl\":\"https:\/\/blancfestival.com\/wp-content\/uploads\/2020\/01\/mucho-design-masterclass-1.jpg\",\"datePublished\":\"2020-01-10T14:37:15+00:00\",\"dateModified\":\"2020-02-19T15:00:27+00:00\",\"breadcrumb\":{\"@id\":\"https:\/\/blancfestival.com\/en\/branding-para-disenadores\/#breadcrumb\"},\"inLanguage\":\"ca\",\"potentialAction\":[{\"@type\":\"ReadAction\",\"target\":[\"https:\/\/blancfestival.com\/en\/branding-para-disenadores\/\"]}]},{\"@type\":\"ImageObject\",\"inLanguage\":\"ca\",\"@id\":\"https:\/\/blancfestival.com\/en\/branding-para-disenadores\/#primaryimage\",\"url\":\"https:\/\/blancfestival.com\/wp-content\/uploads\/2020\/01\/mucho-design-masterclass-1.jpg\",\"contentUrl\":\"https:\/\/blancfestival.com\/wp-content\/uploads\/2020\/01\/mucho-design-masterclass-1.jpg\",\"width\":2000,\"height\":1333},{\"@type\":\"BreadcrumbList\",\"@id\":\"https:\/\/blancfestival.com\/en\/branding-para-disenadores\/#breadcrumb\",\"itemListElement\":[{\"@type\":\"ListItem\",\"position\":1,\"name\":\"Portada\",\"item\":\"https:\/\/blancfestival.com\/ca\/\"},{\"@type\":\"ListItem\",\"position\":2,\"name\":\"Branding para dise\u00f1adores\"}]},{\"@type\":\"WebSite\",\"@id\":\"https:\/\/blancfestival.com\/#website\",\"url\":\"https:\/\/blancfestival.com\/\",\"name\":\"Blanc! Festival\",\"description\":\"Disseny, Creativitat i Innovaci\u00f3\",\"publisher\":{\"@id\":\"https:\/\/blancfestival.com\/#organization\"},\"potentialAction\":[{\"@type\":\"SearchAction\",\"target\":{\"@type\":\"EntryPoint\",\"urlTemplate\":\"https:\/\/blancfestival.com\/?s={search_term_string}\"},\"query-input\":{\"@type\":\"PropertyValueSpecification\",\"valueRequired\":true,\"valueName\":\"search_term_string\"}}],\"inLanguage\":\"ca\"},{\"@type\":\"Organization\",\"@id\":\"https:\/\/blancfestival.com\/#organization\",\"name\":\"Blanc! Festival de Dise\u00f1o, Creatividad e Innovaci\u00f3n\",\"url\":\"https:\/\/blancfestival.com\/\",\"logo\":{\"@type\":\"ImageObject\",\"inLanguage\":\"ca\",\"@id\":\"https:\/\/blancfestival.com\/#\/schema\/logo\/image\/\",\"url\":\"https:\/\/blancfestival.com\/wp-content\/uploads\/2025\/01\/logo_icono_blanc.jpg\",\"contentUrl\":\"https:\/\/blancfestival.com\/wp-content\/uploads\/2025\/01\/logo_icono_blanc.jpg\",\"width\":2000,\"height\":2000,\"caption\":\"Blanc! Festival de Dise\u00f1o, Creatividad e Innovaci\u00f3n\"},\"image\":{\"@id\":\"https:\/\/blancfestival.com\/#\/schema\/logo\/image\/\"},\"sameAs\":[\"https:\/\/www.facebook.com\/blanc.festivaldissenygrafic\/\",\"https:\/\/x.com\/blancfest\",\"https:\/\/www.instagram.com\/blancfest\/\",\"https:\/\/www.linkedin.com\/company\/blanc-festival\",\"https:\/\/www.pinterest.com\/blancfest\/\",\"https:\/\/www.youtube.com\/channel\/UCM-IjxOFb5gQg4yPgmze3Gg\"]},{\"@type\":\"Person\",\"@id\":\"https:\/\/blancfestival.com\/#\/schema\/person\/1c1365d1e51e5730cf3f5fadb8670c06\",\"name\":\"Redacci\u00f3n Blanc!\",\"image\":{\"@type\":\"ImageObject\",\"inLanguage\":\"ca\",\"@id\":\"https:\/\/blancfestival.com\/#\/schema\/person\/image\/\",\"url\":\"https:\/\/blancfestival.com\/wp-content\/uploads\/2020\/02\/ico-120x120.png\",\"contentUrl\":\"https:\/\/blancfestival.com\/wp-content\/uploads\/2020\/02\/ico-120x120.png\",\"caption\":\"Redacci\u00f3n Blanc!\"},\"description\":\"\u201cNo trates de doblar la cuchara. Es imposible. En lugar de hacerlo, solo intenta darte cuenta de la verdad\u2026 No hay cuchara. Entonces, ver\u00e1s que no es la cuchara lo que se dobla, te doblas t\u00fa\u201d\"}]}<\/script>\n<!-- \/ Yoast SEO plugin. -->","yoast_head_json":{"title":"Branding para dise\u00f1adores","robots":{"index":"index","follow":"follow","max-snippet":"max-snippet:-1","max-image-preview":"max-image-preview:large","max-video-preview":"max-video-preview:-1"},"canonical":"https:\/\/blancfestival.com\/en\/branding-para-disenadores\/","og_locale":"ca_ES","og_type":"article","og_title":"Branding para dise\u00f1adores","og_description":"El v\u00eddeo m\u00e1s visto de nuestro canal de youtube es el de la masterclass &#8220;Branding para dise\u00f1adores&#8221; que el estudio Mucho imparti\u00f3 en la quinta edici\u00f3n de Blanc Festival. Los que explican este tipo de tem\u00e1ticas suelen ser perfiles provenientes del marketing, pero en esta masterclass se aborda desde la visi\u00f3n de un dise\u00f1ador gr\u00e1fico.&hellip;","og_url":"https:\/\/blancfestival.com\/en\/branding-para-disenadores\/","og_site_name":"Blanc!","article_publisher":"https:\/\/www.facebook.com\/blanc.festivaldissenygrafic\/","article_published_time":"2020-01-10T14:37:15+00:00","article_modified_time":"2020-02-19T15:00:27+00:00","og_image":[{"width":2000,"height":1333,"url":"https:\/\/blancfestival.com\/wp-content\/uploads\/2020\/01\/mucho-design-masterclass-1.jpg","type":"image\/jpeg"}],"author":"Redacci\u00f3n Blanc!","twitter_card":"summary_large_image","twitter_creator":"@blancfest","twitter_site":"@blancfest","twitter_misc":{"Written by":"Redacci\u00f3n Blanc!","Est. reading time":"1 minute"},"schema":{"@context":"https:\/\/schema.org","@graph":[{"@type":"Article","@id":"https:\/\/blancfestival.com\/en\/branding-para-disenadores\/#article","isPartOf":{"@id":"https:\/\/blancfestival.com\/en\/branding-para-disenadores\/"},"author":{"name":"Redacci\u00f3n Blanc!","@id":"https:\/\/blancfestival.com\/#\/schema\/person\/1c1365d1e51e5730cf3f5fadb8670c06"},"headline":"Branding para dise\u00f1adores","datePublished":"2020-01-10T14:37:15+00:00","dateModified":"2020-02-19T15:00:27+00:00","mainEntityOfPage":{"@id":"https:\/\/blancfestival.com\/en\/branding-para-disenadores\/"},"wordCount":213,"commentCount":0,"publisher":{"@id":"https:\/\/blancfestival.com\/#organization"},"image":{"@id":"https:\/\/blancfestival.com\/en\/branding-para-disenadores\/#primaryimage"},"thumbnailUrl":"https:\/\/blancfestival.com\/wp-content\/uploads\/2020\/01\/mucho-design-masterclass-1.jpg","articleSection":["Creatividad"],"inLanguage":"ca","potentialAction":[{"@type":"CommentAction","name":"Comment","target":["https:\/\/blancfestival.com\/en\/branding-para-disenadores\/#respond"]}]},{"@type":"WebPage","@id":"https:\/\/blancfestival.com\/en\/branding-para-disenadores\/","url":"https:\/\/blancfestival.com\/en\/branding-para-disenadores\/","name":"Branding para dise\u00f1adores","isPartOf":{"@id":"https:\/\/blancfestival.com\/#website"},"primaryImageOfPage":{"@id":"https:\/\/blancfestival.com\/en\/branding-para-disenadores\/#primaryimage"},"image":{"@id":"https:\/\/blancfestival.com\/en\/branding-para-disenadores\/#primaryimage"},"thumbnailUrl":"https:\/\/blancfestival.com\/wp-content\/uploads\/2020\/01\/mucho-design-masterclass-1.jpg","datePublished":"2020-01-10T14:37:15+00:00","dateModified":"2020-02-19T15:00:27+00:00","breadcrumb":{"@id":"https:\/\/blancfestival.com\/en\/branding-para-disenadores\/#breadcrumb"},"inLanguage":"ca","potentialAction":[{"@type":"ReadAction","target":["https:\/\/blancfestival.com\/en\/branding-para-disenadores\/"]}]},{"@type":"ImageObject","inLanguage":"ca","@id":"https:\/\/blancfestival.com\/en\/branding-para-disenadores\/#primaryimage","url":"https:\/\/blancfestival.com\/wp-content\/uploads\/2020\/01\/mucho-design-masterclass-1.jpg","contentUrl":"https:\/\/blancfestival.com\/wp-content\/uploads\/2020\/01\/mucho-design-masterclass-1.jpg","width":2000,"height":1333},{"@type":"BreadcrumbList","@id":"https:\/\/blancfestival.com\/en\/branding-para-disenadores\/#breadcrumb","itemListElement":[{"@type":"ListItem","position":1,"name":"Portada","item":"https:\/\/blancfestival.com\/ca\/"},{"@type":"ListItem","position":2,"name":"Branding para dise\u00f1adores"}]},{"@type":"WebSite","@id":"https:\/\/blancfestival.com\/#website","url":"https:\/\/blancfestival.com\/","name":"Blanc! Festival","description":"Disseny, Creativitat i Innovaci\u00f3","publisher":{"@id":"https:\/\/blancfestival.com\/#organization"},"potentialAction":[{"@type":"SearchAction","target":{"@type":"EntryPoint","urlTemplate":"https:\/\/blancfestival.com\/?s={search_term_string}"},"query-input":{"@type":"PropertyValueSpecification","valueRequired":true,"valueName":"search_term_string"}}],"inLanguage":"ca"},{"@type":"Organization","@id":"https:\/\/blancfestival.com\/#organization","name":"Blanc! Festival de Dise\u00f1o, Creatividad e Innovaci\u00f3n","url":"https:\/\/blancfestival.com\/","logo":{"@type":"ImageObject","inLanguage":"ca","@id":"https:\/\/blancfestival.com\/#\/schema\/logo\/image\/","url":"https:\/\/blancfestival.com\/wp-content\/uploads\/2025\/01\/logo_icono_blanc.jpg","contentUrl":"https:\/\/blancfestival.com\/wp-content\/uploads\/2025\/01\/logo_icono_blanc.jpg","width":2000,"height":2000,"caption":"Blanc! Festival de Dise\u00f1o, Creatividad e Innovaci\u00f3n"},"image":{"@id":"https:\/\/blancfestival.com\/#\/schema\/logo\/image\/"},"sameAs":["https:\/\/www.facebook.com\/blanc.festivaldissenygrafic\/","https:\/\/x.com\/blancfest","https:\/\/www.instagram.com\/blancfest\/","https:\/\/www.linkedin.com\/company\/blanc-festival","https:\/\/www.pinterest.com\/blancfest\/","https:\/\/www.youtube.com\/channel\/UCM-IjxOFb5gQg4yPgmze3Gg"]},{"@type":"Person","@id":"https:\/\/blancfestival.com\/#\/schema\/person\/1c1365d1e51e5730cf3f5fadb8670c06","name":"Redacci\u00f3n Blanc!","image":{"@type":"ImageObject","inLanguage":"ca","@id":"https:\/\/blancfestival.com\/#\/schema\/person\/image\/","url":"https:\/\/blancfestival.com\/wp-content\/uploads\/2020\/02\/ico-120x120.png","contentUrl":"https:\/\/blancfestival.com\/wp-content\/uploads\/2020\/02\/ico-120x120.png","caption":"Redacci\u00f3n Blanc!"},"description":"\u201cNo trates de doblar la cuchara. Es imposible. En lugar de hacerlo, solo intenta darte cuenta de la verdad\u2026 No hay cuchara. Entonces, ver\u00e1s que no es la cuchara lo que se dobla, te doblas t\u00fa\u201d"}]}},"_links":{"self":[{"href":"https:\/\/blancfestival.com\/ca\/wp-json\/wp\/v2\/posts\/21","targetHints":{"allow":["GET"]}}],"collection":[{"href":"https:\/\/blancfestival.com\/ca\/wp-json\/wp\/v2\/posts"}],"about":[{"href":"https:\/\/blancfestival.com\/ca\/wp-json\/wp\/v2\/types\/post"}],"author":[{"embeddable":true,"href":"https:\/\/blancfestival.com\/ca\/wp-json\/wp\/v2\/users\/3"}],"replies":[{"embeddable":true,"href":"https:\/\/blancfestival.com\/ca\/wp-json\/wp\/v2\/comments?post=21"}],"version-history":[{"count":7,"href":"https:\/\/blancfestival.com\/ca\/wp-json\/wp\/v2\/posts\/21\/revisions"}],"predecessor-version":[{"id":494,"href":"https:\/\/blancfestival.com\/ca\/wp-json\/wp\/v2\/posts\/21\/revisions\/494"}],"wp:featuredmedia":[{"embeddable":true,"href":"https:\/\/blancfestival.com\/ca\/wp-json\/wp\/v2\/media\/377"}],"wp:attachment":[{"href":"https:\/\/blancfestival.com\/ca\/wp-json\/wp\/v2\/media?parent=21"}],"wp:term":[{"taxonomy":"category","embeddable":true,"href":"https:\/\/blancfestival.com\/ca\/wp-json\/wp\/v2\/categories?post=21"},{"taxonomy":"post_tag","embeddable":true,"href":"https:\/\/blancfestival.com\/ca\/wp-json\/wp\/v2\/tags?post=21"},{"taxonomy":"evento","embeddable":true,"href":"https:\/\/blancfestival.com\/ca\/wp-json\/wp\/v2\/evento?post=21"}],"curies":[{"name":"wp","href":"https:\/\/api.w.org\/{rel}","templated":true}]}}