{"id":2217,"date":"2020-04-12T17:47:42","date_gmt":"2020-04-12T15:47:42","guid":{"rendered":"https:\/\/blancfestival.com\/?p=2217"},"modified":"2020-12-12T16:58:42","modified_gmt":"2020-12-12T15:58:42","slug":"que-es-y-para-que-sirve-el-diseno-grafico","status":"publish","type":"post","link":"https:\/\/blancfestival.com\/ca\/que-es-y-para-que-sirve-el-diseno-grafico\/","title":{"rendered":"\u00bfQu\u00e9 es y para qu\u00e9 sirve el dise\u00f1o gr\u00e1fico?"},"content":{"rendered":"<p>El dise\u00f1o gr\u00e1fico es una profesi\u00f3n relacionada a veces con la actividad art\u00edstica, pero con un claro objetivo de comunicar el mensaje de forma visual. Y de aqu\u00ed que muchos dise\u00f1adores y dise\u00f1adoras prefieren llamarlo Dise\u00f1o de Comunicaci\u00f3n Visual, m\u00e1s que simplemente Dise\u00f1o Gr\u00e1fico.<\/p>\n<p>[ez-toc]<\/p>\n<p>&nbsp;<\/p>\n<h2>Mam\u00e1, quiero dedicarme al dise\u00f1o gr\u00e1fico<\/h2>\n<p>A\u00fan as\u00ed, para muchos sigue significando una actividad meramente art\u00edstica, carente de cualquier otro objetivo que no sea hacer que las cosas parezcan m\u00e1s bonitas\u2026 nada m\u00e1s lejos de la realidad.<\/p>\n<p>Y para entenderlo a\u00fan mejor, citamos a uno de los grandes maestros del dise\u00f1o gr\u00e1fico espa\u00f1ol, <a href=\"https:\/\/blancfestival.com\/videos\/cruz-novillo\/\">Jos\u00e9 Mar\u00eda Cruz Novillo<\/a>, artista y dise\u00f1ador, cuando dice que &#8220;el dise\u00f1ador es un arquero que lanza la flecha con el prop\u00f3sito de acertar en el centro de la diana. El artista en cambio lanza la flecha y, en el lugar donde se ha clavado, pinta la diana&#8221;.<\/p>\n<p>&nbsp;<\/p>\n<h2>\u00bfQu\u00e9 hace un dise\u00f1ador gr\u00e1fico o una dise\u00f1adora gr\u00e1fica?<\/h2>\n<p>El papel de un dise\u00f1ador\/a gr\u00e1fico\/a es imprescindible para el correcto desarrollo de una sociedad, tanto en lo econ\u00f3mico como en lo social \u00bfTe imaginas las calles de tu ciudad sin se\u00f1ales de tr\u00e1fico, o que las marcas no tuvieran un pictograma que las diferencie o las identifique? \u00bfDistinguir\u00edas f\u00e1cilmente un libro en el lineal de los estantes de una librer\u00eda o encontrar\u00edas r\u00e1pidamente los s\u00edmbolos de los al\u00e9rgenos en un producto alimenticio sin un \u00edcono que los identifique?<\/p>\n<p>As\u00ed, el dise\u00f1ador mejora la apariencia visual en pos de una comunicaci\u00f3n del mensaje y de la informaci\u00f3n m\u00e1s clara y legible. Su funci\u00f3n es aplicable, entre otras cosas a:<\/p>\n<ul>\n<li>Dise\u00f1o infogr\u00e1fico: Infograf\u00edas y esquemas.<\/li>\n<li>Dise\u00f1o de packaging: Todo tipos de empaques para diferentes productos.<\/li>\n<li>Dise\u00f1o editorial: Libros, revistas, cat\u00e1logos.<\/li>\n<li>Dise\u00f1o de marca: Branding y estrategia. Imagen corporativa y\/o institucional.<\/li>\n<li>Dise\u00f1o de logos: Para marcas y otras aplicaciones, dentro de una estrategia global de branding (o <a href=\"https:\/\/blancfestival.com\/innovacion\/producto-marca-futuro-del-branding-puede-que-sea-el-blanding\/\">blanding<\/a> si quieres).<\/li>\n<li>Dise\u00f1o web, apps: Dise\u00f1o gr\u00e1fico para entornos virtuales y dispositivos.<\/li>\n<li>Dise\u00f1o UX\/UI: Una nueva ramificaci\u00f3n centrada en la experiencia de usuario y su relaci\u00f3n con el dise\u00f1o de interfaces.<\/li>\n<li>Dise\u00f1o interactivo: sonido, tacto y visuales entran en juego para transmitir el mensaje.<\/li>\n<li>Dise\u00f1o de imagen: Retoque fotogr\u00e1fico, creaci\u00f3n de im\u00e1genes.<\/li>\n<li>Y la lista sigue y sigue hasta que agotemos todas las palabras relacionadas a dise\u00f1o&#8230;<\/li>\n<\/ul>\n<p>&nbsp;<\/p>\n<h2>\u00bfC\u00f3mo se trabaja en un proyecto de dise\u00f1o gr\u00e1fico?<\/h2>\n<p>Existen para resolver problemas de comunicaci\u00f3n, facilitando la llegada del mensaje al receptor. Por lo que el primer paso es identificar la problem\u00e1tica a trav\u00e9s de un briefing inicial, que ser\u00e1 el punto de partida. A partir de ese momento, y dependiendo del tipo de proyecto, se inicia un proceso creativo basado en una serie de par\u00e1metros estrat\u00e9gicos o dict\u00e1menes resultantes de ese primer estudio del caso.<\/p>\n<p>Pongamos por caso una idea muy b\u00e1sica de este proceso:<\/p>\n<ul>\n<li>El cliente contrata un dise\u00f1ador\/a gr\u00e1fico\/a y presenta la problem\u00e1tica<\/li>\n<li>Se redacta un briefing, con o sin ayuda del dise\u00f1ador\/a. En cualquier caso, se podr\u00eda presentar o no un contrabriefing para acabar de identificar la problem\u00e1tica u objetivos de comunicaci\u00f3n.<\/li>\n<li>El dise\u00f1ador\/a presenta una propuesta sobre la que se trabaja junto con el cliente, hasta llegar al resultado final.<\/li>\n<li>Se presenta el proyecto final.<\/li>\n<li>Y por \u00faltimo, la implementaci\u00f3n y producci\u00f3n.<\/li>\n<\/ul>\n<p>&nbsp;<\/p>\n<p><img loading=\"lazy\" decoding=\"async\" width=\"1920\" height=\"1276\" class=\"alignnone size-full wp-image-2221\" src=\"https:\/\/blancfestival.com\/wp-content\/uploads\/2020\/04\/blanc-que-es-un-disenador-grafico.jpg\" alt=\"Que es un dise\u00f1ador gr\u00e1fico\" srcset=\"https:\/\/blancfestival.com\/wp-content\/uploads\/2020\/04\/blanc-que-es-un-disenador-grafico.jpg 1920w, https:\/\/blancfestival.com\/wp-content\/uploads\/2020\/04\/blanc-que-es-un-disenador-grafico-250x166.jpg 250w, https:\/\/blancfestival.com\/wp-content\/uploads\/2020\/04\/blanc-que-es-un-disenador-grafico-700x465.jpg 700w, https:\/\/blancfestival.com\/wp-content\/uploads\/2020\/04\/blanc-que-es-un-disenador-grafico-768x510.jpg 768w, https:\/\/blancfestival.com\/wp-content\/uploads\/2020\/04\/blanc-que-es-un-disenador-grafico-1536x1021.jpg 1536w, https:\/\/blancfestival.com\/wp-content\/uploads\/2020\/04\/blanc-que-es-un-disenador-grafico-120x80.jpg 120w, https:\/\/blancfestival.com\/wp-content\/uploads\/2020\/04\/blanc-que-es-un-disenador-grafico-272x182.jpg 272w\" sizes=\"auto, (max-width: 1920px) 100vw, 1920px\" \/><\/p>\n<p>&nbsp;<\/p>\n<h2>\u00bfCu\u00e1les son los tipos de dise\u00f1o?<\/h2>\n<p>Las disciplinas que puedes <a href=\"https:\/\/blancfestival.com\/diseno\/estudiar-diseno-grafico-vs-estudiar-algo-mas-serio\/\">estudiar<\/a>, y que tienen como base el dise\u00f1o gr\u00e1fico son innumerables. Las nuevas tecnolog\u00edas y los m\u00faltiples dispositivos que utilizamos para comunicarnos y acceder a la informaci\u00f3n, no han hecho m\u00e1s que ampliar las actividades y servicios en los que un dise\u00f1ador gr\u00e1fico puede especializarse.<\/p>\n<p>En este listado explicativo de los diferentes tipos de dise\u00f1o gr\u00e1fico, te presentamos las m\u00e1s tradicionales, los pilares sobre los que podemos categorizar un sin fin de disciplinas asociadas al dise\u00f1o.<\/p>\n<p><strong>Dise\u00f1o Editorial<\/strong><br \/>\nEl dise\u00f1o editorial se especializa en el dise\u00f1o gr\u00e1fico para libros, cat\u00e1logos, folletos, revistas o peri\u00f3dicos. B\u00e1sicamente el dise\u00f1o y la composici\u00f3n de publicaciones impresas u online para la industria editorial.<\/p>\n<p><strong>Dise\u00f1o de marca<\/strong><br \/>\nImplica el dise\u00f1o de imagen corporativa, dise\u00f1o de logos, branding (o el nuevo concepto de <a href=\"https:\/\/blancfestival.com\/creatividad\/eres-un-blanding-branding\/\">blanding<\/a>), imagen gr\u00e1fica institucional, dise\u00f1o de identidad visual, etc.<br \/>\nTodas las marcas necesitan diferenciarse de la competencia, con una serie de caracter\u00edsticas y valores que las definen.<\/p>\n<p><strong>Dise\u00f1o para entornos y formatos digitales<\/strong><br \/>\nLo que empez\u00f3 siendo un aplicaci\u00f3n del dise\u00f1o editorial y el dise\u00f1o de marca a entornos web, ha acabado siendo una disciplina en s\u00ed misma que engloba una serie de actividades profesionales relacionadas al dise\u00f1o de experiencia de usuario (UX) y el dise\u00f1o de interface (UI). Resultado de a\u00f1adir a la funci\u00f3n del dise\u00f1o gr\u00e1fico est\u00e1tico, la funci\u00f3n del dise\u00f1o interactivo y la estrategia aplicada al dise\u00f1o de estructuras intuitivas para el usuario final.<\/p>\n<p><strong>Dise\u00f1o publicitario<\/strong><br \/>\nEl nombre lo define, y es el que se aplica al sector publicitario, para productos, servicios y otras actividades. M\u00e1s relacionado a la industria publicitaria, tambi\u00e9n se aplica a funciones de comunicaci\u00f3n visual para otros sectores institucionales, gubernamentales y de proyectos sociales.<\/p>\n<p><strong>Dise\u00f1o de envase y packaging<\/strong><br \/>\nEl dise\u00f1o de packaging es el dise\u00f1o del envolvente destinado a proteger y contener un determinado producto de consumo o uso profesional, como productos alimenticios, juguetes, electr\u00f3nica, herramientas, muebles, indumentaria, etc.<br \/>\nHay dos partes bien diferenciadas, el dise\u00f1o t\u00e9cnico del envase, y el dise\u00f1o gr\u00e1fico aplicado a este.<\/p>\n<p><strong>Dise\u00f1o de tipograf\u00edas<\/strong><br \/>\nEl oficio del dise\u00f1ador de tipograf\u00edas nace al mismo tiempo que la producci\u00f3n en serie de publicaciones, en los a\u00f1os donde los escribas creaban y copiaban escritos, mucho antes de la creaci\u00f3n de la imprenta.<br \/>\nHoy en d\u00eda, los dise\u00f1adores de tipograf\u00edas (tip\u00f3grafo es otra profesi\u00f3n, no los confundas) dise\u00f1an tipograf\u00edas para todo tipo de usos. Se merece un post aparte, porque el trabajo de un dise\u00f1ador de letras es tan importante como la existencia misma del oficio del dise\u00f1ador gr\u00e1fico.<\/p>\n<p><strong>Dise\u00f1o de se\u00f1al\u00e9tica<\/strong><br \/>\nEl dise\u00f1o de se\u00f1al\u00e9tica sirve para guiar y orientar a una persona o grupo de personas del punto A al punto B (EXIT, WC, etc) o para transmitir mensajes asociados a normativas p\u00fablicas o privadas (STOP, Prohibido fumar, etc).<br \/>\nPuede tener fines funcionales o publicitarios. Y se aplica a los espacios f\u00edsicos, all\u00ed donde no hay ning\u00fan otro tipo de interacci\u00f3n entre el mensaje y el receptor, m\u00e1s all\u00e1 del visual.<\/p>\n<p><a href=\"https:\/\/www.grafous.com\/\" target=\"_blank\" rel=\"noopener noreferrer\"><strong>Dise\u00f1o social, sostenible o activista<\/strong><\/a><br \/>\nNo es una disciplina en s\u00ed, pero s\u00ed un modo de aplicaci\u00f3n del dise\u00f1o. Comunmente asociado al marketing y el comercio, el dise\u00f1ador gr\u00e1fico puede tambi\u00e9n realizar labores que aporten a la concienciaci\u00f3n social y medioambiental a trav\u00e9s de la comunicaci\u00f3n visual.<\/p>\n<p>Y podr\u00edamos completar la lista, claro, y quiz\u00e1s falte alguno de los b\u00e1sicos, pero para darte una idea del universo de lo que esta profesi\u00f3n puede aportar a la sociedad, la cultura y la econom\u00eda, esta lista es m\u00e1s que suficiente.<\/p>\n<p>&nbsp;<\/p>\n<h2>La evoluci\u00f3n del dise\u00f1o gr\u00e1fico<\/h2>\n<p>Desde el surgimiento de internet, las funciones de un dise\u00f1ador gr\u00e1fico se han ampliado sobrepasando los l\u00edmites de las bases de la profesi\u00f3n. El <a href=\"https:\/\/www.grafous.com\/disenadores\/\" target=\"_blank\" rel=\"noopener noreferrer\">dise\u00f1o gr\u00e1fico<\/a> deja de ser una disciplina asociada a lo visual, para incorporar sistemas audiovisuales y de interacci\u00f3n.<\/p>\n<p>El dise\u00f1o de comunicaci\u00f3n visual ya no es est\u00e1tico. Se mueve, se toca, se oye, muta, crece, se viraliza, se customiza. El dise\u00f1o gr\u00e1fico pasa a ser una categor\u00eda de algo mucho m\u00e1s grande. Un agente de cambio social y econ\u00f3mico, art\u00edstico, cultural y universal. Dos palabras que pasan a formar parte del consciente colectivo, y que ya no definen del todo las funciones del dise\u00f1ador gr\u00e1fico de a pie de calle.<\/p>\n<p>Y por eso, a las madres de todos los dise\u00f1adores y dise\u00f1adoras gr\u00e1ficas del mundo, les seguir\u00e1 costando explicar a sus amigas, a qu\u00e9 se dedican sus hijos e hijas dise\u00f1adoras.<\/p>\n","protected":false},"excerpt":{"rendered":"El dise\u00f1o gr\u00e1fico es una profesi\u00f3n relacionada a veces con la actividad art\u00edstica, pero con un claro objetivo de comunicar el mensaje de forma visual. Y de aqu\u00ed que muchos dise\u00f1adores y dise\u00f1adoras prefieren llamarlo Dise\u00f1o de Comunicaci\u00f3n Visual, m\u00e1s que simplemente Dise\u00f1o Gr\u00e1fico. [ez-toc] &nbsp; Mam\u00e1, quiero dedicarme al dise\u00f1o gr\u00e1fico A\u00fan as\u00ed, para&hellip;","protected":false},"author":3,"featured_media":2218,"comment_status":"open","ping_status":"open","sticky":false,"template":"","format":"standard","meta":{"_acf_changed":false,"footnotes":""},"categories":[152],"tags":[],"evento":[],"class_list":["post-2217","post","type-post","status-publish","format-standard","has-post-thumbnail","hentry","category-blanc-basics"],"acf":[],"yoast_head":"<!-- This site is optimized with the Yoast SEO plugin v23.7 - https:\/\/yoast.com\/wordpress\/plugins\/seo\/ -->\n<title>\u25b7 \u00bfQu\u00e9 es el dise\u00f1o gr\u00e1fico y qu\u00e9 hace un dise\u00f1ador gr\u00e1fico?<\/title>\n<meta name=\"description\" content=\"? El\u3010 dise\u00f1o gr\u00e1fico\u3011mejora la vida de las personas. Ayuda a entender el mundo y a comunicarnos mejor. Aqu\u00ed te lo explicamos TODO \u2705\" \/>\n<meta name=\"robots\" content=\"index, follow, max-snippet:-1, max-image-preview:large, max-video-preview:-1\" \/>\n<link rel=\"canonical\" href=\"https:\/\/blancfestival.com\/que-es-y-para-que-sirve-el-diseno-grafico\/\" \/>\n<meta property=\"og:locale\" content=\"ca_ES\" \/>\n<meta property=\"og:type\" content=\"article\" \/>\n<meta property=\"og:title\" content=\"\u25b7 \u00bfQu\u00e9 es el dise\u00f1o gr\u00e1fico y qu\u00e9 hace un dise\u00f1ador gr\u00e1fico?\" \/>\n<meta property=\"og:description\" content=\"? El\u3010 dise\u00f1o gr\u00e1fico\u3011mejora la vida de las personas. Ayuda a entender el mundo y a comunicarnos mejor. Aqu\u00ed te lo explicamos TODO \u2705\" \/>\n<meta property=\"og:url\" content=\"https:\/\/blancfestival.com\/que-es-y-para-que-sirve-el-diseno-grafico\/\" \/>\n<meta property=\"og:site_name\" content=\"Blanc!\" \/>\n<meta property=\"article:publisher\" content=\"https:\/\/www.facebook.com\/blanc.festivaldissenygrafic\/\" \/>\n<meta property=\"article:published_time\" content=\"2020-04-12T15:47:42+00:00\" \/>\n<meta property=\"article:modified_time\" content=\"2020-12-12T15:58:42+00:00\" \/>\n<meta property=\"og:image\" content=\"https:\/\/blancfestival.com\/wp-content\/uploads\/2020\/04\/blanc-que-es-diseno.jpg\" \/>\n\t<meta property=\"og:image:width\" content=\"1920\" \/>\n\t<meta property=\"og:image:height\" content=\"1275\" \/>\n\t<meta property=\"og:image:type\" content=\"image\/jpeg\" \/>\n<meta name=\"author\" content=\"Redacci\u00f3n Blanc!\" \/>\n<meta name=\"twitter:card\" content=\"summary_large_image\" \/>\n<meta name=\"twitter:creator\" content=\"@blancfest\" \/>\n<meta name=\"twitter:site\" content=\"@blancfest\" \/>\n<meta name=\"twitter:label1\" content=\"Written by\" \/>\n\t<meta name=\"twitter:data1\" content=\"Redacci\u00f3n Blanc!\" \/>\n\t<meta name=\"twitter:label2\" content=\"Est. reading time\" \/>\n\t<meta name=\"twitter:data2\" content=\"7 minutes\" \/>\n<script type=\"application\/ld+json\" class=\"yoast-schema-graph\">{\"@context\":\"https:\/\/schema.org\",\"@graph\":[{\"@type\":\"Article\",\"@id\":\"https:\/\/blancfestival.com\/que-es-y-para-que-sirve-el-diseno-grafico\/#article\",\"isPartOf\":{\"@id\":\"https:\/\/blancfestival.com\/que-es-y-para-que-sirve-el-diseno-grafico\/\"},\"author\":{\"name\":\"Redacci\u00f3n Blanc!\",\"@id\":\"https:\/\/blancfestival.com\/#\/schema\/person\/1c1365d1e51e5730cf3f5fadb8670c06\"},\"headline\":\"\u00bfQu\u00e9 es y para qu\u00e9 sirve el dise\u00f1o gr\u00e1fico?\",\"datePublished\":\"2020-04-12T15:47:42+00:00\",\"dateModified\":\"2020-12-12T15:58:42+00:00\",\"mainEntityOfPage\":{\"@id\":\"https:\/\/blancfestival.com\/que-es-y-para-que-sirve-el-diseno-grafico\/\"},\"wordCount\":1507,\"commentCount\":0,\"publisher\":{\"@id\":\"https:\/\/blancfestival.com\/#organization\"},\"image\":{\"@id\":\"https:\/\/blancfestival.com\/que-es-y-para-que-sirve-el-diseno-grafico\/#primaryimage\"},\"thumbnailUrl\":\"https:\/\/blancfestival.com\/wp-content\/uploads\/2020\/04\/blanc-que-es-diseno.jpg\",\"articleSection\":[\"Blanc Basics\"],\"inLanguage\":\"ca\",\"potentialAction\":[{\"@type\":\"CommentAction\",\"name\":\"Comment\",\"target\":[\"https:\/\/blancfestival.com\/que-es-y-para-que-sirve-el-diseno-grafico\/#respond\"]}]},{\"@type\":\"WebPage\",\"@id\":\"https:\/\/blancfestival.com\/que-es-y-para-que-sirve-el-diseno-grafico\/\",\"url\":\"https:\/\/blancfestival.com\/que-es-y-para-que-sirve-el-diseno-grafico\/\",\"name\":\"\u25b7 \u00bfQu\u00e9 es el dise\u00f1o gr\u00e1fico y qu\u00e9 hace un dise\u00f1ador gr\u00e1fico?\",\"isPartOf\":{\"@id\":\"https:\/\/blancfestival.com\/#website\"},\"primaryImageOfPage\":{\"@id\":\"https:\/\/blancfestival.com\/que-es-y-para-que-sirve-el-diseno-grafico\/#primaryimage\"},\"image\":{\"@id\":\"https:\/\/blancfestival.com\/que-es-y-para-que-sirve-el-diseno-grafico\/#primaryimage\"},\"thumbnailUrl\":\"https:\/\/blancfestival.com\/wp-content\/uploads\/2020\/04\/blanc-que-es-diseno.jpg\",\"datePublished\":\"2020-04-12T15:47:42+00:00\",\"dateModified\":\"2020-12-12T15:58:42+00:00\",\"description\":\"? El\u3010 dise\u00f1o gr\u00e1fico\u3011mejora la vida de las personas. Ayuda a entender el mundo y a comunicarnos mejor. Aqu\u00ed te lo explicamos TODO \u2705\",\"breadcrumb\":{\"@id\":\"https:\/\/blancfestival.com\/que-es-y-para-que-sirve-el-diseno-grafico\/#breadcrumb\"},\"inLanguage\":\"ca\",\"potentialAction\":[{\"@type\":\"ReadAction\",\"target\":[\"https:\/\/blancfestival.com\/que-es-y-para-que-sirve-el-diseno-grafico\/\"]}]},{\"@type\":\"ImageObject\",\"inLanguage\":\"ca\",\"@id\":\"https:\/\/blancfestival.com\/que-es-y-para-que-sirve-el-diseno-grafico\/#primaryimage\",\"url\":\"https:\/\/blancfestival.com\/wp-content\/uploads\/2020\/04\/blanc-que-es-diseno.jpg\",\"contentUrl\":\"https:\/\/blancfestival.com\/wp-content\/uploads\/2020\/04\/blanc-que-es-diseno.jpg\",\"width\":1920,\"height\":1275,\"caption\":\"Imagen de Eric Ganada\"},{\"@type\":\"BreadcrumbList\",\"@id\":\"https:\/\/blancfestival.com\/que-es-y-para-que-sirve-el-diseno-grafico\/#breadcrumb\",\"itemListElement\":[{\"@type\":\"ListItem\",\"position\":1,\"name\":\"Portada\",\"item\":\"https:\/\/blancfestival.com\/ca\/\"},{\"@type\":\"ListItem\",\"position\":2,\"name\":\"\u00bfQu\u00e9 es y para qu\u00e9 sirve el dise\u00f1o gr\u00e1fico?\"}]},{\"@type\":\"WebSite\",\"@id\":\"https:\/\/blancfestival.com\/#website\",\"url\":\"https:\/\/blancfestival.com\/\",\"name\":\"Blanc! Festival\",\"description\":\"Disseny, Creativitat i Innovaci\u00f3\",\"publisher\":{\"@id\":\"https:\/\/blancfestival.com\/#organization\"},\"potentialAction\":[{\"@type\":\"SearchAction\",\"target\":{\"@type\":\"EntryPoint\",\"urlTemplate\":\"https:\/\/blancfestival.com\/?s={search_term_string}\"},\"query-input\":{\"@type\":\"PropertyValueSpecification\",\"valueRequired\":true,\"valueName\":\"search_term_string\"}}],\"inLanguage\":\"ca\"},{\"@type\":\"Organization\",\"@id\":\"https:\/\/blancfestival.com\/#organization\",\"name\":\"Blanc! Festival de Dise\u00f1o, Creatividad e Innovaci\u00f3n\",\"url\":\"https:\/\/blancfestival.com\/\",\"logo\":{\"@type\":\"ImageObject\",\"inLanguage\":\"ca\",\"@id\":\"https:\/\/blancfestival.com\/#\/schema\/logo\/image\/\",\"url\":\"https:\/\/blancfestival.com\/wp-content\/uploads\/2025\/01\/logo_icono_blanc.jpg\",\"contentUrl\":\"https:\/\/blancfestival.com\/wp-content\/uploads\/2025\/01\/logo_icono_blanc.jpg\",\"width\":2000,\"height\":2000,\"caption\":\"Blanc! Festival de Dise\u00f1o, Creatividad e Innovaci\u00f3n\"},\"image\":{\"@id\":\"https:\/\/blancfestival.com\/#\/schema\/logo\/image\/\"},\"sameAs\":[\"https:\/\/www.facebook.com\/blanc.festivaldissenygrafic\/\",\"https:\/\/x.com\/blancfest\",\"https:\/\/www.instagram.com\/blancfest\/\",\"https:\/\/www.linkedin.com\/company\/blanc-festival\",\"https:\/\/www.pinterest.com\/blancfest\/\",\"https:\/\/www.youtube.com\/channel\/UCM-IjxOFb5gQg4yPgmze3Gg\"]},{\"@type\":\"Person\",\"@id\":\"https:\/\/blancfestival.com\/#\/schema\/person\/1c1365d1e51e5730cf3f5fadb8670c06\",\"name\":\"Redacci\u00f3n Blanc!\",\"image\":{\"@type\":\"ImageObject\",\"inLanguage\":\"ca\",\"@id\":\"https:\/\/blancfestival.com\/#\/schema\/person\/image\/\",\"url\":\"https:\/\/blancfestival.com\/wp-content\/uploads\/2020\/02\/ico-120x120.png\",\"contentUrl\":\"https:\/\/blancfestival.com\/wp-content\/uploads\/2020\/02\/ico-120x120.png\",\"caption\":\"Redacci\u00f3n Blanc!\"},\"description\":\"\u201cNo trates de doblar la cuchara. Es imposible. En lugar de hacerlo, solo intenta darte cuenta de la verdad\u2026 No hay cuchara. Entonces, ver\u00e1s que no es la cuchara lo que se dobla, te doblas t\u00fa\u201d\"}]}<\/script>\n<!-- \/ Yoast SEO plugin. -->","yoast_head_json":{"title":"\u25b7 \u00bfQu\u00e9 es el dise\u00f1o gr\u00e1fico y qu\u00e9 hace un dise\u00f1ador gr\u00e1fico?","description":"? El\u3010 dise\u00f1o gr\u00e1fico\u3011mejora la vida de las personas. Ayuda a entender el mundo y a comunicarnos mejor. Aqu\u00ed te lo explicamos TODO \u2705","robots":{"index":"index","follow":"follow","max-snippet":"max-snippet:-1","max-image-preview":"max-image-preview:large","max-video-preview":"max-video-preview:-1"},"canonical":"https:\/\/blancfestival.com\/que-es-y-para-que-sirve-el-diseno-grafico\/","og_locale":"ca_ES","og_type":"article","og_title":"\u25b7 \u00bfQu\u00e9 es el dise\u00f1o gr\u00e1fico y qu\u00e9 hace un dise\u00f1ador gr\u00e1fico?","og_description":"? El\u3010 dise\u00f1o gr\u00e1fico\u3011mejora la vida de las personas. Ayuda a entender el mundo y a comunicarnos mejor. Aqu\u00ed te lo explicamos TODO \u2705","og_url":"https:\/\/blancfestival.com\/que-es-y-para-que-sirve-el-diseno-grafico\/","og_site_name":"Blanc!","article_publisher":"https:\/\/www.facebook.com\/blanc.festivaldissenygrafic\/","article_published_time":"2020-04-12T15:47:42+00:00","article_modified_time":"2020-12-12T15:58:42+00:00","og_image":[{"width":1920,"height":1275,"url":"https:\/\/blancfestival.com\/wp-content\/uploads\/2020\/04\/blanc-que-es-diseno.jpg","type":"image\/jpeg"}],"author":"Redacci\u00f3n Blanc!","twitter_card":"summary_large_image","twitter_creator":"@blancfest","twitter_site":"@blancfest","twitter_misc":{"Written by":"Redacci\u00f3n Blanc!","Est. reading time":"7 minutes"},"schema":{"@context":"https:\/\/schema.org","@graph":[{"@type":"Article","@id":"https:\/\/blancfestival.com\/que-es-y-para-que-sirve-el-diseno-grafico\/#article","isPartOf":{"@id":"https:\/\/blancfestival.com\/que-es-y-para-que-sirve-el-diseno-grafico\/"},"author":{"name":"Redacci\u00f3n Blanc!","@id":"https:\/\/blancfestival.com\/#\/schema\/person\/1c1365d1e51e5730cf3f5fadb8670c06"},"headline":"\u00bfQu\u00e9 es y para qu\u00e9 sirve el dise\u00f1o gr\u00e1fico?","datePublished":"2020-04-12T15:47:42+00:00","dateModified":"2020-12-12T15:58:42+00:00","mainEntityOfPage":{"@id":"https:\/\/blancfestival.com\/que-es-y-para-que-sirve-el-diseno-grafico\/"},"wordCount":1507,"commentCount":0,"publisher":{"@id":"https:\/\/blancfestival.com\/#organization"},"image":{"@id":"https:\/\/blancfestival.com\/que-es-y-para-que-sirve-el-diseno-grafico\/#primaryimage"},"thumbnailUrl":"https:\/\/blancfestival.com\/wp-content\/uploads\/2020\/04\/blanc-que-es-diseno.jpg","articleSection":["Blanc Basics"],"inLanguage":"ca","potentialAction":[{"@type":"CommentAction","name":"Comment","target":["https:\/\/blancfestival.com\/que-es-y-para-que-sirve-el-diseno-grafico\/#respond"]}]},{"@type":"WebPage","@id":"https:\/\/blancfestival.com\/que-es-y-para-que-sirve-el-diseno-grafico\/","url":"https:\/\/blancfestival.com\/que-es-y-para-que-sirve-el-diseno-grafico\/","name":"\u25b7 \u00bfQu\u00e9 es el dise\u00f1o gr\u00e1fico y qu\u00e9 hace un dise\u00f1ador gr\u00e1fico?","isPartOf":{"@id":"https:\/\/blancfestival.com\/#website"},"primaryImageOfPage":{"@id":"https:\/\/blancfestival.com\/que-es-y-para-que-sirve-el-diseno-grafico\/#primaryimage"},"image":{"@id":"https:\/\/blancfestival.com\/que-es-y-para-que-sirve-el-diseno-grafico\/#primaryimage"},"thumbnailUrl":"https:\/\/blancfestival.com\/wp-content\/uploads\/2020\/04\/blanc-que-es-diseno.jpg","datePublished":"2020-04-12T15:47:42+00:00","dateModified":"2020-12-12T15:58:42+00:00","description":"? El\u3010 dise\u00f1o gr\u00e1fico\u3011mejora la vida de las personas. Ayuda a entender el mundo y a comunicarnos mejor. Aqu\u00ed te lo explicamos TODO \u2705","breadcrumb":{"@id":"https:\/\/blancfestival.com\/que-es-y-para-que-sirve-el-diseno-grafico\/#breadcrumb"},"inLanguage":"ca","potentialAction":[{"@type":"ReadAction","target":["https:\/\/blancfestival.com\/que-es-y-para-que-sirve-el-diseno-grafico\/"]}]},{"@type":"ImageObject","inLanguage":"ca","@id":"https:\/\/blancfestival.com\/que-es-y-para-que-sirve-el-diseno-grafico\/#primaryimage","url":"https:\/\/blancfestival.com\/wp-content\/uploads\/2020\/04\/blanc-que-es-diseno.jpg","contentUrl":"https:\/\/blancfestival.com\/wp-content\/uploads\/2020\/04\/blanc-que-es-diseno.jpg","width":1920,"height":1275,"caption":"Imagen de Eric Ganada"},{"@type":"BreadcrumbList","@id":"https:\/\/blancfestival.com\/que-es-y-para-que-sirve-el-diseno-grafico\/#breadcrumb","itemListElement":[{"@type":"ListItem","position":1,"name":"Portada","item":"https:\/\/blancfestival.com\/ca\/"},{"@type":"ListItem","position":2,"name":"\u00bfQu\u00e9 es y para qu\u00e9 sirve el dise\u00f1o gr\u00e1fico?"}]},{"@type":"WebSite","@id":"https:\/\/blancfestival.com\/#website","url":"https:\/\/blancfestival.com\/","name":"Blanc! Festival","description":"Disseny, Creativitat i Innovaci\u00f3","publisher":{"@id":"https:\/\/blancfestival.com\/#organization"},"potentialAction":[{"@type":"SearchAction","target":{"@type":"EntryPoint","urlTemplate":"https:\/\/blancfestival.com\/?s={search_term_string}"},"query-input":{"@type":"PropertyValueSpecification","valueRequired":true,"valueName":"search_term_string"}}],"inLanguage":"ca"},{"@type":"Organization","@id":"https:\/\/blancfestival.com\/#organization","name":"Blanc! Festival de Dise\u00f1o, Creatividad e Innovaci\u00f3n","url":"https:\/\/blancfestival.com\/","logo":{"@type":"ImageObject","inLanguage":"ca","@id":"https:\/\/blancfestival.com\/#\/schema\/logo\/image\/","url":"https:\/\/blancfestival.com\/wp-content\/uploads\/2025\/01\/logo_icono_blanc.jpg","contentUrl":"https:\/\/blancfestival.com\/wp-content\/uploads\/2025\/01\/logo_icono_blanc.jpg","width":2000,"height":2000,"caption":"Blanc! Festival de Dise\u00f1o, Creatividad e Innovaci\u00f3n"},"image":{"@id":"https:\/\/blancfestival.com\/#\/schema\/logo\/image\/"},"sameAs":["https:\/\/www.facebook.com\/blanc.festivaldissenygrafic\/","https:\/\/x.com\/blancfest","https:\/\/www.instagram.com\/blancfest\/","https:\/\/www.linkedin.com\/company\/blanc-festival","https:\/\/www.pinterest.com\/blancfest\/","https:\/\/www.youtube.com\/channel\/UCM-IjxOFb5gQg4yPgmze3Gg"]},{"@type":"Person","@id":"https:\/\/blancfestival.com\/#\/schema\/person\/1c1365d1e51e5730cf3f5fadb8670c06","name":"Redacci\u00f3n Blanc!","image":{"@type":"ImageObject","inLanguage":"ca","@id":"https:\/\/blancfestival.com\/#\/schema\/person\/image\/","url":"https:\/\/blancfestival.com\/wp-content\/uploads\/2020\/02\/ico-120x120.png","contentUrl":"https:\/\/blancfestival.com\/wp-content\/uploads\/2020\/02\/ico-120x120.png","caption":"Redacci\u00f3n Blanc!"},"description":"\u201cNo trates de doblar la cuchara. Es imposible. En lugar de hacerlo, solo intenta darte cuenta de la verdad\u2026 No hay cuchara. Entonces, ver\u00e1s que no es la cuchara lo que se dobla, te doblas t\u00fa\u201d"}]}},"_links":{"self":[{"href":"https:\/\/blancfestival.com\/ca\/wp-json\/wp\/v2\/posts\/2217","targetHints":{"allow":["GET"]}}],"collection":[{"href":"https:\/\/blancfestival.com\/ca\/wp-json\/wp\/v2\/posts"}],"about":[{"href":"https:\/\/blancfestival.com\/ca\/wp-json\/wp\/v2\/types\/post"}],"author":[{"embeddable":true,"href":"https:\/\/blancfestival.com\/ca\/wp-json\/wp\/v2\/users\/3"}],"replies":[{"embeddable":true,"href":"https:\/\/blancfestival.com\/ca\/wp-json\/wp\/v2\/comments?post=2217"}],"version-history":[{"count":11,"href":"https:\/\/blancfestival.com\/ca\/wp-json\/wp\/v2\/posts\/2217\/revisions"}],"predecessor-version":[{"id":4963,"href":"https:\/\/blancfestival.com\/ca\/wp-json\/wp\/v2\/posts\/2217\/revisions\/4963"}],"wp:featuredmedia":[{"embeddable":true,"href":"https:\/\/blancfestival.com\/ca\/wp-json\/wp\/v2\/media\/2218"}],"wp:attachment":[{"href":"https:\/\/blancfestival.com\/ca\/wp-json\/wp\/v2\/media?parent=2217"}],"wp:term":[{"taxonomy":"category","embeddable":true,"href":"https:\/\/blancfestival.com\/ca\/wp-json\/wp\/v2\/categories?post=2217"},{"taxonomy":"post_tag","embeddable":true,"href":"https:\/\/blancfestival.com\/ca\/wp-json\/wp\/v2\/tags?post=2217"},{"taxonomy":"evento","embeddable":true,"href":"https:\/\/blancfestival.com\/ca\/wp-json\/wp\/v2\/evento?post=2217"}],"curies":[{"name":"wp","href":"https:\/\/api.w.org\/{rel}","templated":true}]}}