{"id":2380,"date":"2020-04-19T22:08:35","date_gmt":"2020-04-19T20:08:35","guid":{"rendered":"https:\/\/blancfestival.com\/?p=2380"},"modified":"2020-04-29T14:37:50","modified_gmt":"2020-04-29T12:37:50","slug":"historia-seccion-mestres-del-blanc-maestros-diseno-grafico","status":"publish","type":"post","link":"https:\/\/blancfestival.com\/ca\/historia-seccion-mestres-del-blanc-maestros-diseno-grafico\/","title":{"rendered":"Historia de la secci\u00f3n Mestres del Blanc!"},"content":{"rendered":"<p>Para definir de una forma resumida qu\u00e9 es la secci\u00f3n Mestres del Blanc!, se podr\u00eda decir que \u201ces una secci\u00f3n del festival que busca elogiar una trayectoria profesional dedicada a la experimentaci\u00f3n, defensa y reivindicaci\u00f3n de la Cultura del Dise\u00f1o y la Comunicaci\u00f3n Visual\u201d. Tratamos de producir un peque\u00f1o homenaje a estos maestros desde la comunidad del dise\u00f1o gr\u00e1fico, un reconocimiento y una admiraci\u00f3n al trabajo constante e innovador para aportar valor a la profesi\u00f3n m\u00e1s all\u00e1 de un factor empresarial.<\/p>\n<p>Desde los inicios del festival, hubo un gran inter\u00e9s por las figuras m\u00e1s significativas del grafismo del pa\u00eds, los llamados <strong>Pioneros del Dise\u00f1o Gr\u00e1fico<\/strong>. Se ha intentado traer a los principales responsables que tuvieron un papel relevante en la historia del dise\u00f1o. Nos hemos fascinado con el honor de escuchar el recorrido de Pati N\u00fa\u00f1ez (2012), Pepe Cruz Novillo (2013), Fernando Guti\u00e9rrez (2014), Josep Pla-Narbona (2015), Josep Maria Mir (2015), F\u00e9lix Beltr\u00e1n (2016), America Sanchez (2016), Enric Huguet (2017), Mario Eskenazi (2018), Jordi Pericot (2019) y \u00d3scar Marin\u00e9 (2019).<\/p>\n<p>&nbsp;<\/p>\n<h2>Primeros representantes: Pati N\u00fa\u00f1ez y Pepe Cruz Novillo<\/h2>\n<p>En la cuarta edici\u00f3n, con la intervenci\u00f3n de <strong>Pati N\u00fa\u00f1ez<\/strong> \u2013la dise\u00f1adora galardonada en numerosas ocasiones por sus aportaciones al campo del dise\u00f1o\u2013 pudimos conocer m\u00e1s al detalle una selecci\u00f3n de grandes trabajos de su estudio con un enfoque de conciencia social y ecol\u00f3gica en gran parte de sus proyectos. En el siguiente a\u00f1o contamos con la participaci\u00f3n de <strong>Jos\u00e9 Mar\u00eda Cruz Novillo<\/strong> \u2013fue uno de los m\u00e1ximos responsables de cambiar la imagen de Espa\u00f1a durante la transici\u00f3n\u2013, junto a su hijo Pepe Cruz, trat\u00e1ndose de la conferencia m\u00e1s larga y m\u00e1s aclamada de la historia del festival. Puso a todo el Auditorio Eduard Toldr\u00e0 (Vilanova i la Geltr\u00fa) de pie durante m\u00e1s de 10 minutos entre aplausos y ovaciones.<\/p>\n<p>Este reconocimiento ofrecido por el p\u00fablico tras el paso de Cruz m\u00e1s Cruz en el escenario del Blanc!, consolid\u00f3 la idea de hacer un hueco permanente a estos ponentes honor\u00edficos. Todo un descubrimiento para muchos que estuvimos all\u00ed aquel d\u00eda y una evidencia para los propios directores, David D\u2019Eboli y Ra\u00fal Ramos, de seguir apostando por perfiles de grandes maestras y maestros del dise\u00f1o.<\/p>\n<p><img loading=\"lazy\" decoding=\"async\" width=\"700\" height=\"465\" class=\"aligncenter size-large wp-image-2394\" src=\"https:\/\/blancfestival.com\/wp-content\/uploads\/2020\/04\/8469858589_3318877129_k-700x465.jpg\" alt=\"La dise\u00f1adora Pati N\u00fa\u00f1ez en Blanc!\" srcset=\"https:\/\/blancfestival.com\/wp-content\/uploads\/2020\/04\/8469858589_3318877129_k-700x465.jpg 700w, https:\/\/blancfestival.com\/wp-content\/uploads\/2020\/04\/8469858589_3318877129_k-250x166.jpg 250w, https:\/\/blancfestival.com\/wp-content\/uploads\/2020\/04\/8469858589_3318877129_k-768x510.jpg 768w, https:\/\/blancfestival.com\/wp-content\/uploads\/2020\/04\/8469858589_3318877129_k-1536x1020.jpg 1536w, https:\/\/blancfestival.com\/wp-content\/uploads\/2020\/04\/8469858589_3318877129_k-120x80.jpg 120w, https:\/\/blancfestival.com\/wp-content\/uploads\/2020\/04\/8469858589_3318877129_k-272x182.jpg 272w, https:\/\/blancfestival.com\/wp-content\/uploads\/2020\/04\/8469858589_3318877129_k.jpg 2048w\" sizes=\"auto, (max-width: 700px) 100vw, 700px\" \/><\/p>\n<p>&nbsp;<\/p>\n<h2>Subsiguientes maestros del dise\u00f1o gr\u00e1fico: Fernando Guti\u00e9rrez, Pla-Narbona y Josep Maria Mir<\/h2>\n<p>En 2014, <strong>Fernando Guti\u00e9rrez<\/strong> \u2013ex socio en la oficina de Londres de Pentagram Design y con un amplio listado de grandes clientes prestigiosos\u2013 estuvo acompa\u00f1ado de quien podr\u00edamos decir que ser\u00eda el maestro del 2018, Mario Eskenazi. Donde hablaron sobre los impecables trabajos de Guti\u00e9rrez y c\u00f3mo es, y ha sido, trabajar en dise\u00f1o.<\/p>\n<p>Para 2015, tuvimos la suerte de contar con el respetado y admirado <strong>Josep Pla-Narbona<\/strong> \u2013el primer dise\u00f1ador gr\u00e1fico espa\u00f1ol admitido en la Alliance Graphique Internationale (AGI) y un artista con un universo gr\u00e1fico \u00fanico e inigualable.\u2013, vino acompa\u00f1ado de su querida hija Anna. Los dos crearon una bella atm\u00f3sfera en todo el recinto con una charla pr\u00f3xima y entra\u00f1able. Un papel clave el de Pla-Narbona, desde los inicios en el \u00e1mbito del dise\u00f1o gr\u00e1fico hasta la actualidad siendo un referente genuino. Entre otras cosas fue el creador de los premios <a href=\"https:\/\/www.adg-fad.org\/\" target=\"_blank\" rel=\"noopener noreferrer\">ADG<\/a> LAUS, as\u00ed lo reivindic\u00f3 su querido amigo y compa\u00f1ero Enric Huguet unos pocos a\u00f1os despu\u00e9s. En la misma edici\u00f3n, tambi\u00e9n contamos con el maestro <strong>Josep Maria Mir<\/strong> \u2013director creativo y socio fundador de la agencia Summa. Cuenta con un <a href=\"https:\/\/blancfestival.com\/diseno\/exposicion-mira-a-mir-el-arte-de-trascender-el-tiempo-historia-diseno\/\" target=\"_blank\" rel=\"noopener noreferrer\">trabajo reconocido en torno al branding desde hace m\u00e1s de 25 a\u00f1os<\/a>\u2013 en formato entrevista, guiado por Aim\u00e9e Duchamp, donde vimos un recorrido basado en la creatividad, la estrategia y el uso de la tecnolog\u00eda aplicada a marcas de grandes compa\u00f1\u00edas del pa\u00eds.<\/p>\n<p>&nbsp;<\/p>\n<h2>La inflexi\u00f3n: F\u00e9lix Beltr\u00e1n y America Sanchez<\/h2>\n<p>El turno de <strong>F\u00e9lix Beltr\u00e1n<\/strong> \u2013un leg\u00edtimo grafista con dos doctorados honoris causa\u2013 vino en la primera edici\u00f3n del festival en Barcelona ciudad, concretamente en el Casino Alian\u00e7a de Poblenou, la que ha sido la primera casa del Blanc! en la ciudad condal durante tres ediciones. Beltr\u00e1n, \u201cun caribe\u00f1o que parec\u00eda suizo\u201d como su madre sol\u00eda decir en referencia a sus dise\u00f1os, nos deleit\u00f3 con sus trabajos fuertemente vinculados a la teor\u00eda de la Gestalt y a las leyes de la percepci\u00f3n. Un traductor de ideas complejas en s\u00edntesis pulidas y atemporales. Para ese a\u00f1o se volvi\u00f3 a apostar por el formato entrevista, de nuevo conducido por Aim\u00e9e Duchamp que en esta ocasi\u00f3n estuvo acompa\u00f1ada del omnipresente argentino <strong>America Sanchez<\/strong> \u2013dibujante de carboncillo y pincel, amante de las t\u00e9cnicas anal\u00f3gicas y un gran exponente del imaginario barcelon\u00e9s\u2013 nos mostr\u00f3 parte de su gran obra que se caracteriza por el poco uso de medios digitales. Su trabajo ha sido principalmente a mano alzada, incluso las letras en sus quehaceres son dibujadas.<\/p>\n<p>Despu\u00e9s de terminar la octava edici\u00f3n se reflexion\u00f3 sobre la secci\u00f3n Mestres del Blanc!, queriendo dar un paso m\u00e1s en la reivindicaci\u00f3n de estos personajes que abrieron camino en la disciplina del dise\u00f1o. Es por ello que entra en juego para liderar la secci\u00f3n Vicent Almi\u00f1ana, un colaborador del festival desde los primeros a\u00f1os y un apasionado de las figuras relevantes del dise\u00f1o de nuestro pa\u00eds.<\/p>\n<p>&nbsp;<\/p>\n<h2>La consolidaci\u00f3n con Enric Huguet y Mario Eskenazi<\/h2>\n<p>En 2017, tuvimos la participaci\u00f3n de <strong>Enric Huguet<\/strong> \u2013cartelista y dise\u00f1ador gr\u00e1fico con una amplia y fascinante trayectoria profesional\u2013, para muchos se trata de un modelo a seguir por saber transmitir el amor por la profesi\u00f3n. Uno de los responsables de los carteles m\u00e1s interesantes de la d\u00e9cada de los cincuenta a los sesenta. Huguet estuvo acompa\u00f1ado de Almi\u00f1ana, quienes tuvieron todo un a\u00f1o por delante para conocerse y repasar juntos la impecable trayectoria del maestro. Una de las nuevas caracter\u00edsticas m\u00e1s destacadas de la secci\u00f3n, los encuentros preliminares a la presentaci\u00f3n en el festival. Juntos, con cierta clave de humor ya desde el escenario, repasaron algunos autores y trabajos que fueron de gran referencia para el propio Huguet y tambi\u00e9n algunas de las obras m\u00e1s destacadas del maestro. Con esta ponencia se estrenaba el nuevo formato y se situaba dentro del programa un bello homenaje a estas personalidades.<\/p>\n<p><img loading=\"lazy\" decoding=\"async\" width=\"700\" height=\"467\" class=\"aligncenter size-large wp-image-2388\" src=\"https:\/\/blancfestival.com\/wp-content\/uploads\/2020\/04\/Huguet_blanc_ambient_14-700x467.jpg\" alt=\"maestro del dise\u00f1o Enric Huget en Blanc!\" srcset=\"https:\/\/blancfestival.com\/wp-content\/uploads\/2020\/04\/Huguet_blanc_ambient_14-700x467.jpg 700w, https:\/\/blancfestival.com\/wp-content\/uploads\/2020\/04\/Huguet_blanc_ambient_14-250x167.jpg 250w, https:\/\/blancfestival.com\/wp-content\/uploads\/2020\/04\/Huguet_blanc_ambient_14-768x512.jpg 768w, https:\/\/blancfestival.com\/wp-content\/uploads\/2020\/04\/Huguet_blanc_ambient_14-1536x1024.jpg 1536w, https:\/\/blancfestival.com\/wp-content\/uploads\/2020\/04\/Huguet_blanc_ambient_14-120x80.jpg 120w, https:\/\/blancfestival.com\/wp-content\/uploads\/2020\/04\/Huguet_blanc_ambient_14-272x182.jpg 272w, https:\/\/blancfestival.com\/wp-content\/uploads\/2020\/04\/Huguet_blanc_ambient_14.jpg 2000w\" sizes=\"auto, (max-width: 700px) 100vw, 700px\" \/><\/p>\n<p>Debido a circunstancias adversas fuera de la organizaci\u00f3n, en 2018 se tuvo que posponer el nuevo formato de Mestres del Blanc! para el siguiente a\u00f1o. Pero no por ello perdimos la oportunidad de continuar escuchando las grandes historias del pasado y el presente. En esta edici\u00f3n nos acompa\u00f1\u00f3 otro latinoamericano que le debemos tanto en nuestra comunidad, el argentino <a href=\"http:\/\/www.m-eskenazi.com\/\" target=\"_blank\" rel=\"noopener noreferrer\"><strong>Mario Eskenazi<\/strong><\/a> \u2013uno de los grandes dise\u00f1adores del pa\u00eds y un aut\u00e9ntico palad\u00edn del concepto puro\u2013, qui\u00e9n dio una ojeada a algunos de sus grandes trabajos de identidad corporativa tanto de instituciones p\u00fablicas como de empresas privadas. Sus trabajos forman parte del paisaje visual de la ciudad de Barcelona.<\/p>\n<p>&nbsp;<\/p>\n<h2>Jordi Pericot, \u00d3scar Marin\u00e9 y el futuro<\/h2>\n<p>Para 2019 estuvimos de estreno, nos reubicamos de instalaciones hacia la casa natural del dise\u00f1o de la ciudad, el Museu del Disseny de Barcelona, empezando una inapelable alianza con la instituci\u00f3n responsable de conservar el patrimonio cultural del dise\u00f1o espa\u00f1ol. Fue un a\u00f1o de abundantes cambios en muchos sentidos, desde el crecimiento de la organizaci\u00f3n hasta la creaci\u00f3n de nuevos espacios. La secci\u00f3n Mestres del Blanc! coordinada por Almi\u00f1ana la pudimos disfrutar con la participaci\u00f3n del maestro<strong> Jordi Pericot<\/strong> \u2013ha desempe\u00f1ado un gran papel en los primeros planes de estudio, de gesti\u00f3n, de investigaci\u00f3n y pensamiento te\u00f3rico en el campo del dise\u00f1o. Primera c\u00e1tedra en dise\u00f1o de nuestro pa\u00eds\u2013, posee un gran discurso y reflexi\u00f3n sobre el nuevo paradigma del dise\u00f1o de comunicaci\u00f3n. Somos muchos los que creemos en la importancia de su obra y su camino de esfuerzo y continuidad en beneficio del sector. Dise\u00f1o no es solo lo que podemos ver.<\/p>\n<p><img loading=\"lazy\" decoding=\"async\" width=\"700\" height=\"467\" class=\"aligncenter size-large wp-image-2391\" src=\"https:\/\/blancfestival.com\/wp-content\/uploads\/2020\/04\/Jordi-Pericot_MarinaRoca-700x467.jpg\" alt=\"Maestro Jordi Pericot en el escenario de Blanc!\" srcset=\"https:\/\/blancfestival.com\/wp-content\/uploads\/2020\/04\/Jordi-Pericot_MarinaRoca-700x467.jpg 700w, https:\/\/blancfestival.com\/wp-content\/uploads\/2020\/04\/Jordi-Pericot_MarinaRoca-250x167.jpg 250w, https:\/\/blancfestival.com\/wp-content\/uploads\/2020\/04\/Jordi-Pericot_MarinaRoca-768x512.jpg 768w, https:\/\/blancfestival.com\/wp-content\/uploads\/2020\/04\/Jordi-Pericot_MarinaRoca-120x80.jpg 120w, https:\/\/blancfestival.com\/wp-content\/uploads\/2020\/04\/Jordi-Pericot_MarinaRoca-272x182.jpg 272w, https:\/\/blancfestival.com\/wp-content\/uploads\/2020\/04\/Jordi-Pericot_MarinaRoca.jpg 1000w\" sizes=\"auto, (max-width: 700px) 100vw, 700px\" \/><\/p>\n<p>Tambi\u00e9n en la \u00faltima edici\u00f3n del Blanc! escuchamos al admirado y querido, <strong>\u00d3scar Marin\u00e9<\/strong> \u2013dise\u00f1ador, ilustrador, tip\u00f3grafo y artista espa\u00f1ol. Otra leyenda viva de la disciplina y uno de los dise\u00f1adores con mayor reconocimiento internacional\u2013, hizo una revisi\u00f3n de su gran muestrario de trabajos. A\u00fan siendo autor de innumerables obras reconocidas a nivel nacional, Marin\u00e9 se desvincula de la arrogancia y destaca por una idea de mejorar el mundo con proyectos de gran contenido inspiracional. Todo ello para generar el denominado \u201cbuen dise\u00f1o\u201d.<\/p>\n<p>Por \u00faltimo, queremos adelantar una frase del personaje escogido para la secci\u00f3n de este a\u00f1o 2020: \u201cEl trabajo del dise\u00f1ador debe ser dignificar los comunicados, hacerlos lo m\u00e1s claros, lo m\u00e1s evidentes y por \u00faltimo, los m\u00e1s bonitos\u201d.<\/p>\n<p>Hemos querido y queremos que se cuenten las historias precedentes. <strong>Conocer y dar a conocer la obra que han llevado a cabo estos precursores en la actividad y el oficio en dise\u00f1o, depositando un legado cultural e<\/strong>n nuestro pa\u00eds. Adem\u00e1s de reconocer su labor profesional, esta herencia se debe ofrecer a las nuevas generaciones. Desde Blanc! continuaremos apostando por aquellas y aquellos que nos han dado tanto en nuestro campo, en nuestra cultura visual.<\/p>\n","protected":false},"excerpt":{"rendered":"Para definir de una forma resumida qu\u00e9 es la secci\u00f3n Mestres del Blanc!, se podr\u00eda decir que \u201ces una secci\u00f3n del festival que busca elogiar una trayectoria profesional dedicada a la experimentaci\u00f3n, defensa y reivindicaci\u00f3n de la Cultura del Dise\u00f1o y la Comunicaci\u00f3n Visual\u201d. Tratamos de producir un peque\u00f1o homenaje a estos maestros desde la&hellip;","protected":false},"author":11,"featured_media":2382,"comment_status":"open","ping_status":"open","sticky":false,"template":"","format":"standard","meta":{"_acf_changed":false,"footnotes":""},"categories":[2],"tags":[158,159,160,60,30],"evento":[],"class_list":["post-2380","post","type-post","status-publish","format-standard","has-post-thumbnail","hentry","category-diseno","tag-maestro","tag-mestres","tag-blanc","tag-diseno","tag-diseno-grafico"],"acf":[],"yoast_head":"<!-- This site is optimized with the Yoast SEO plugin v23.7 - https:\/\/yoast.com\/wordpress\/plugins\/seo\/ -->\n<title>Historia de la secci\u00f3n Mestres del Blanc! - Maestros del dise\u00f1o gr\u00e1fico<\/title>\n<meta name=\"description\" content=\"Maestros del Blanc busca elogiar una trayectoria profesional dedicada a la reivindicaci\u00f3n de la Cultura del Dise\u00f1o Gr\u00e1fico y la Comunicaci\u00f3n Visual\" \/>\n<meta name=\"robots\" content=\"index, follow, max-snippet:-1, max-image-preview:large, max-video-preview:-1\" \/>\n<link rel=\"canonical\" href=\"https:\/\/blancfestival.com\/historia-seccion-mestres-del-blanc-maestros-diseno-grafico\/\" \/>\n<meta property=\"og:locale\" content=\"ca_ES\" \/>\n<meta property=\"og:type\" content=\"article\" \/>\n<meta property=\"og:title\" content=\"Historia de la secci\u00f3n Mestres del Blanc! - Maestros del dise\u00f1o gr\u00e1fico\" \/>\n<meta property=\"og:description\" content=\"Maestros del Blanc busca elogiar una trayectoria profesional dedicada a la reivindicaci\u00f3n de la Cultura del Dise\u00f1o Gr\u00e1fico y la Comunicaci\u00f3n Visual\" \/>\n<meta property=\"og:url\" content=\"https:\/\/blancfestival.com\/historia-seccion-mestres-del-blanc-maestros-diseno-grafico\/\" \/>\n<meta property=\"og:site_name\" content=\"Blanc!\" \/>\n<meta property=\"article:publisher\" content=\"https:\/\/www.facebook.com\/blanc.festivaldissenygrafic\/\" \/>\n<meta property=\"article:published_time\" content=\"2020-04-19T20:08:35+00:00\" \/>\n<meta property=\"article:modified_time\" content=\"2020-04-29T12:37:50+00:00\" \/>\n<meta property=\"og:image\" content=\"https:\/\/blancfestival.com\/wp-content\/uploads\/2020\/04\/Huguet_homenajePlaNarbonayMir.jpg\" \/>\n\t<meta property=\"og:image:width\" content=\"2000\" \/>\n\t<meta property=\"og:image:height\" content=\"1333\" \/>\n\t<meta property=\"og:image:type\" content=\"image\/jpeg\" \/>\n<meta name=\"author\" content=\"Vicent Almi\u00f1ana\" \/>\n<meta name=\"twitter:card\" content=\"summary_large_image\" \/>\n<meta name=\"twitter:creator\" content=\"@blancfest\" \/>\n<meta name=\"twitter:site\" content=\"@blancfest\" \/>\n<meta name=\"twitter:label1\" content=\"Written by\" \/>\n\t<meta name=\"twitter:data1\" content=\"Vicent Almi\u00f1ana\" \/>\n\t<meta name=\"twitter:label2\" content=\"Est. reading time\" \/>\n\t<meta name=\"twitter:data2\" content=\"8 minutes\" \/>\n<script type=\"application\/ld+json\" class=\"yoast-schema-graph\">{\"@context\":\"https:\/\/schema.org\",\"@graph\":[{\"@type\":\"Article\",\"@id\":\"https:\/\/blancfestival.com\/historia-seccion-mestres-del-blanc-maestros-diseno-grafico\/#article\",\"isPartOf\":{\"@id\":\"https:\/\/blancfestival.com\/historia-seccion-mestres-del-blanc-maestros-diseno-grafico\/\"},\"author\":{\"name\":\"Vicent Almi\u00f1ana\",\"@id\":\"https:\/\/blancfestival.com\/#\/schema\/person\/cefc56543155b30cc9cfa1801fb912bf\"},\"headline\":\"Historia de la secci\u00f3n Mestres del Blanc!\",\"datePublished\":\"2020-04-19T20:08:35+00:00\",\"dateModified\":\"2020-04-29T12:37:50+00:00\",\"mainEntityOfPage\":{\"@id\":\"https:\/\/blancfestival.com\/historia-seccion-mestres-del-blanc-maestros-diseno-grafico\/\"},\"wordCount\":1636,\"commentCount\":0,\"publisher\":{\"@id\":\"https:\/\/blancfestival.com\/#organization\"},\"image\":{\"@id\":\"https:\/\/blancfestival.com\/historia-seccion-mestres-del-blanc-maestros-diseno-grafico\/#primaryimage\"},\"thumbnailUrl\":\"https:\/\/blancfestival.com\/wp-content\/uploads\/2020\/04\/Huguet_homenajePlaNarbonayMir.jpg\",\"keywords\":[\"maestro\",\"mestres\",\"blanc!\",\"dise\u00f1o\",\"dise\u00f1o gr\u00e1fico\"],\"articleSection\":[\"Dise\u00f1o\"],\"inLanguage\":\"ca\",\"potentialAction\":[{\"@type\":\"CommentAction\",\"name\":\"Comment\",\"target\":[\"https:\/\/blancfestival.com\/historia-seccion-mestres-del-blanc-maestros-diseno-grafico\/#respond\"]}]},{\"@type\":\"WebPage\",\"@id\":\"https:\/\/blancfestival.com\/historia-seccion-mestres-del-blanc-maestros-diseno-grafico\/\",\"url\":\"https:\/\/blancfestival.com\/historia-seccion-mestres-del-blanc-maestros-diseno-grafico\/\",\"name\":\"Historia de la secci\u00f3n Mestres del Blanc! - Maestros del dise\u00f1o gr\u00e1fico\",\"isPartOf\":{\"@id\":\"https:\/\/blancfestival.com\/#website\"},\"primaryImageOfPage\":{\"@id\":\"https:\/\/blancfestival.com\/historia-seccion-mestres-del-blanc-maestros-diseno-grafico\/#primaryimage\"},\"image\":{\"@id\":\"https:\/\/blancfestival.com\/historia-seccion-mestres-del-blanc-maestros-diseno-grafico\/#primaryimage\"},\"thumbnailUrl\":\"https:\/\/blancfestival.com\/wp-content\/uploads\/2020\/04\/Huguet_homenajePlaNarbonayMir.jpg\",\"datePublished\":\"2020-04-19T20:08:35+00:00\",\"dateModified\":\"2020-04-29T12:37:50+00:00\",\"description\":\"Maestros del Blanc busca elogiar una trayectoria profesional dedicada a la reivindicaci\u00f3n de la Cultura del Dise\u00f1o Gr\u00e1fico y la Comunicaci\u00f3n Visual\",\"breadcrumb\":{\"@id\":\"https:\/\/blancfestival.com\/historia-seccion-mestres-del-blanc-maestros-diseno-grafico\/#breadcrumb\"},\"inLanguage\":\"ca\",\"potentialAction\":[{\"@type\":\"ReadAction\",\"target\":[\"https:\/\/blancfestival.com\/historia-seccion-mestres-del-blanc-maestros-diseno-grafico\/\"]}]},{\"@type\":\"ImageObject\",\"inLanguage\":\"ca\",\"@id\":\"https:\/\/blancfestival.com\/historia-seccion-mestres-del-blanc-maestros-diseno-grafico\/#primaryimage\",\"url\":\"https:\/\/blancfestival.com\/wp-content\/uploads\/2020\/04\/Huguet_homenajePlaNarbonayMir.jpg\",\"contentUrl\":\"https:\/\/blancfestival.com\/wp-content\/uploads\/2020\/04\/Huguet_homenajePlaNarbonayMir.jpg\",\"width\":2000,\"height\":1333},{\"@type\":\"BreadcrumbList\",\"@id\":\"https:\/\/blancfestival.com\/historia-seccion-mestres-del-blanc-maestros-diseno-grafico\/#breadcrumb\",\"itemListElement\":[{\"@type\":\"ListItem\",\"position\":1,\"name\":\"Portada\",\"item\":\"https:\/\/blancfestival.com\/ca\/\"},{\"@type\":\"ListItem\",\"position\":2,\"name\":\"Historia de la secci\u00f3n Mestres del Blanc!\"}]},{\"@type\":\"WebSite\",\"@id\":\"https:\/\/blancfestival.com\/#website\",\"url\":\"https:\/\/blancfestival.com\/\",\"name\":\"Blanc! Festival\",\"description\":\"Disseny, Creativitat i Innovaci\u00f3\",\"publisher\":{\"@id\":\"https:\/\/blancfestival.com\/#organization\"},\"potentialAction\":[{\"@type\":\"SearchAction\",\"target\":{\"@type\":\"EntryPoint\",\"urlTemplate\":\"https:\/\/blancfestival.com\/?s={search_term_string}\"},\"query-input\":{\"@type\":\"PropertyValueSpecification\",\"valueRequired\":true,\"valueName\":\"search_term_string\"}}],\"inLanguage\":\"ca\"},{\"@type\":\"Organization\",\"@id\":\"https:\/\/blancfestival.com\/#organization\",\"name\":\"Blanc! Festival de Dise\u00f1o, Creatividad e Innovaci\u00f3n\",\"url\":\"https:\/\/blancfestival.com\/\",\"logo\":{\"@type\":\"ImageObject\",\"inLanguage\":\"ca\",\"@id\":\"https:\/\/blancfestival.com\/#\/schema\/logo\/image\/\",\"url\":\"https:\/\/blancfestival.com\/wp-content\/uploads\/2025\/01\/logo_icono_blanc.jpg\",\"contentUrl\":\"https:\/\/blancfestival.com\/wp-content\/uploads\/2025\/01\/logo_icono_blanc.jpg\",\"width\":2000,\"height\":2000,\"caption\":\"Blanc! Festival de Dise\u00f1o, Creatividad e Innovaci\u00f3n\"},\"image\":{\"@id\":\"https:\/\/blancfestival.com\/#\/schema\/logo\/image\/\"},\"sameAs\":[\"https:\/\/www.facebook.com\/blanc.festivaldissenygrafic\/\",\"https:\/\/x.com\/blancfest\",\"https:\/\/www.instagram.com\/blancfest\/\",\"https:\/\/www.linkedin.com\/company\/blanc-festival\",\"https:\/\/www.pinterest.com\/blancfest\/\",\"https:\/\/www.youtube.com\/channel\/UCM-IjxOFb5gQg4yPgmze3Gg\"]},{\"@type\":\"Person\",\"@id\":\"https:\/\/blancfestival.com\/#\/schema\/person\/cefc56543155b30cc9cfa1801fb912bf\",\"name\":\"Vicent Almi\u00f1ana\",\"image\":{\"@type\":\"ImageObject\",\"inLanguage\":\"ca\",\"@id\":\"https:\/\/blancfestival.com\/#\/schema\/person\/image\/\",\"url\":\"https:\/\/blancfestival.com\/wp-content\/uploads\/2020\/04\/Vicent_3_web-e1587308297166-150x150.jpg\",\"contentUrl\":\"https:\/\/blancfestival.com\/wp-content\/uploads\/2020\/04\/Vicent_3_web-e1587308297166-150x150.jpg\",\"caption\":\"Vicent Almi\u00f1ana\"},\"description\":\"Dise\u00f1ador gr\u00e1fico, docente y comisario de exposiciones. Con fuerte inter\u00e9s por la defensa del dise\u00f1o y las artes visuales. Responsable de la secci\u00f3n\u00a0Mestres del Blanc!\"}]}<\/script>\n<!-- \/ Yoast SEO plugin. -->","yoast_head_json":{"title":"Historia de la secci\u00f3n Mestres del Blanc! - Maestros del dise\u00f1o gr\u00e1fico","description":"Maestros del Blanc busca elogiar una trayectoria profesional dedicada a la reivindicaci\u00f3n de la Cultura del Dise\u00f1o Gr\u00e1fico y la Comunicaci\u00f3n Visual","robots":{"index":"index","follow":"follow","max-snippet":"max-snippet:-1","max-image-preview":"max-image-preview:large","max-video-preview":"max-video-preview:-1"},"canonical":"https:\/\/blancfestival.com\/historia-seccion-mestres-del-blanc-maestros-diseno-grafico\/","og_locale":"ca_ES","og_type":"article","og_title":"Historia de la secci\u00f3n Mestres del Blanc! - Maestros del dise\u00f1o gr\u00e1fico","og_description":"Maestros del Blanc busca elogiar una trayectoria profesional dedicada a la reivindicaci\u00f3n de la Cultura del Dise\u00f1o Gr\u00e1fico y la Comunicaci\u00f3n Visual","og_url":"https:\/\/blancfestival.com\/historia-seccion-mestres-del-blanc-maestros-diseno-grafico\/","og_site_name":"Blanc!","article_publisher":"https:\/\/www.facebook.com\/blanc.festivaldissenygrafic\/","article_published_time":"2020-04-19T20:08:35+00:00","article_modified_time":"2020-04-29T12:37:50+00:00","og_image":[{"width":2000,"height":1333,"url":"https:\/\/blancfestival.com\/wp-content\/uploads\/2020\/04\/Huguet_homenajePlaNarbonayMir.jpg","type":"image\/jpeg"}],"author":"Vicent Almi\u00f1ana","twitter_card":"summary_large_image","twitter_creator":"@blancfest","twitter_site":"@blancfest","twitter_misc":{"Written by":"Vicent Almi\u00f1ana","Est. reading time":"8 minutes"},"schema":{"@context":"https:\/\/schema.org","@graph":[{"@type":"Article","@id":"https:\/\/blancfestival.com\/historia-seccion-mestres-del-blanc-maestros-diseno-grafico\/#article","isPartOf":{"@id":"https:\/\/blancfestival.com\/historia-seccion-mestres-del-blanc-maestros-diseno-grafico\/"},"author":{"name":"Vicent Almi\u00f1ana","@id":"https:\/\/blancfestival.com\/#\/schema\/person\/cefc56543155b30cc9cfa1801fb912bf"},"headline":"Historia de la secci\u00f3n Mestres del Blanc!","datePublished":"2020-04-19T20:08:35+00:00","dateModified":"2020-04-29T12:37:50+00:00","mainEntityOfPage":{"@id":"https:\/\/blancfestival.com\/historia-seccion-mestres-del-blanc-maestros-diseno-grafico\/"},"wordCount":1636,"commentCount":0,"publisher":{"@id":"https:\/\/blancfestival.com\/#organization"},"image":{"@id":"https:\/\/blancfestival.com\/historia-seccion-mestres-del-blanc-maestros-diseno-grafico\/#primaryimage"},"thumbnailUrl":"https:\/\/blancfestival.com\/wp-content\/uploads\/2020\/04\/Huguet_homenajePlaNarbonayMir.jpg","keywords":["maestro","mestres","blanc!","dise\u00f1o","dise\u00f1o gr\u00e1fico"],"articleSection":["Dise\u00f1o"],"inLanguage":"ca","potentialAction":[{"@type":"CommentAction","name":"Comment","target":["https:\/\/blancfestival.com\/historia-seccion-mestres-del-blanc-maestros-diseno-grafico\/#respond"]}]},{"@type":"WebPage","@id":"https:\/\/blancfestival.com\/historia-seccion-mestres-del-blanc-maestros-diseno-grafico\/","url":"https:\/\/blancfestival.com\/historia-seccion-mestres-del-blanc-maestros-diseno-grafico\/","name":"Historia de la secci\u00f3n Mestres del Blanc! - Maestros del dise\u00f1o gr\u00e1fico","isPartOf":{"@id":"https:\/\/blancfestival.com\/#website"},"primaryImageOfPage":{"@id":"https:\/\/blancfestival.com\/historia-seccion-mestres-del-blanc-maestros-diseno-grafico\/#primaryimage"},"image":{"@id":"https:\/\/blancfestival.com\/historia-seccion-mestres-del-blanc-maestros-diseno-grafico\/#primaryimage"},"thumbnailUrl":"https:\/\/blancfestival.com\/wp-content\/uploads\/2020\/04\/Huguet_homenajePlaNarbonayMir.jpg","datePublished":"2020-04-19T20:08:35+00:00","dateModified":"2020-04-29T12:37:50+00:00","description":"Maestros del Blanc busca elogiar una trayectoria profesional dedicada a la reivindicaci\u00f3n de la Cultura del Dise\u00f1o Gr\u00e1fico y la Comunicaci\u00f3n Visual","breadcrumb":{"@id":"https:\/\/blancfestival.com\/historia-seccion-mestres-del-blanc-maestros-diseno-grafico\/#breadcrumb"},"inLanguage":"ca","potentialAction":[{"@type":"ReadAction","target":["https:\/\/blancfestival.com\/historia-seccion-mestres-del-blanc-maestros-diseno-grafico\/"]}]},{"@type":"ImageObject","inLanguage":"ca","@id":"https:\/\/blancfestival.com\/historia-seccion-mestres-del-blanc-maestros-diseno-grafico\/#primaryimage","url":"https:\/\/blancfestival.com\/wp-content\/uploads\/2020\/04\/Huguet_homenajePlaNarbonayMir.jpg","contentUrl":"https:\/\/blancfestival.com\/wp-content\/uploads\/2020\/04\/Huguet_homenajePlaNarbonayMir.jpg","width":2000,"height":1333},{"@type":"BreadcrumbList","@id":"https:\/\/blancfestival.com\/historia-seccion-mestres-del-blanc-maestros-diseno-grafico\/#breadcrumb","itemListElement":[{"@type":"ListItem","position":1,"name":"Portada","item":"https:\/\/blancfestival.com\/ca\/"},{"@type":"ListItem","position":2,"name":"Historia de la secci\u00f3n Mestres del Blanc!"}]},{"@type":"WebSite","@id":"https:\/\/blancfestival.com\/#website","url":"https:\/\/blancfestival.com\/","name":"Blanc! Festival","description":"Disseny, Creativitat i Innovaci\u00f3","publisher":{"@id":"https:\/\/blancfestival.com\/#organization"},"potentialAction":[{"@type":"SearchAction","target":{"@type":"EntryPoint","urlTemplate":"https:\/\/blancfestival.com\/?s={search_term_string}"},"query-input":{"@type":"PropertyValueSpecification","valueRequired":true,"valueName":"search_term_string"}}],"inLanguage":"ca"},{"@type":"Organization","@id":"https:\/\/blancfestival.com\/#organization","name":"Blanc! Festival de Dise\u00f1o, Creatividad e Innovaci\u00f3n","url":"https:\/\/blancfestival.com\/","logo":{"@type":"ImageObject","inLanguage":"ca","@id":"https:\/\/blancfestival.com\/#\/schema\/logo\/image\/","url":"https:\/\/blancfestival.com\/wp-content\/uploads\/2025\/01\/logo_icono_blanc.jpg","contentUrl":"https:\/\/blancfestival.com\/wp-content\/uploads\/2025\/01\/logo_icono_blanc.jpg","width":2000,"height":2000,"caption":"Blanc! Festival de Dise\u00f1o, Creatividad e Innovaci\u00f3n"},"image":{"@id":"https:\/\/blancfestival.com\/#\/schema\/logo\/image\/"},"sameAs":["https:\/\/www.facebook.com\/blanc.festivaldissenygrafic\/","https:\/\/x.com\/blancfest","https:\/\/www.instagram.com\/blancfest\/","https:\/\/www.linkedin.com\/company\/blanc-festival","https:\/\/www.pinterest.com\/blancfest\/","https:\/\/www.youtube.com\/channel\/UCM-IjxOFb5gQg4yPgmze3Gg"]},{"@type":"Person","@id":"https:\/\/blancfestival.com\/#\/schema\/person\/cefc56543155b30cc9cfa1801fb912bf","name":"Vicent Almi\u00f1ana","image":{"@type":"ImageObject","inLanguage":"ca","@id":"https:\/\/blancfestival.com\/#\/schema\/person\/image\/","url":"https:\/\/blancfestival.com\/wp-content\/uploads\/2020\/04\/Vicent_3_web-e1587308297166-150x150.jpg","contentUrl":"https:\/\/blancfestival.com\/wp-content\/uploads\/2020\/04\/Vicent_3_web-e1587308297166-150x150.jpg","caption":"Vicent Almi\u00f1ana"},"description":"Dise\u00f1ador gr\u00e1fico, docente y comisario de exposiciones. Con fuerte inter\u00e9s por la defensa del dise\u00f1o y las artes visuales. Responsable de la secci\u00f3n\u00a0Mestres del Blanc!"}]}},"_links":{"self":[{"href":"https:\/\/blancfestival.com\/ca\/wp-json\/wp\/v2\/posts\/2380","targetHints":{"allow":["GET"]}}],"collection":[{"href":"https:\/\/blancfestival.com\/ca\/wp-json\/wp\/v2\/posts"}],"about":[{"href":"https:\/\/blancfestival.com\/ca\/wp-json\/wp\/v2\/types\/post"}],"author":[{"embeddable":true,"href":"https:\/\/blancfestival.com\/ca\/wp-json\/wp\/v2\/users\/11"}],"replies":[{"embeddable":true,"href":"https:\/\/blancfestival.com\/ca\/wp-json\/wp\/v2\/comments?post=2380"}],"version-history":[{"count":5,"href":"https:\/\/blancfestival.com\/ca\/wp-json\/wp\/v2\/posts\/2380\/revisions"}],"predecessor-version":[{"id":2397,"href":"https:\/\/blancfestival.com\/ca\/wp-json\/wp\/v2\/posts\/2380\/revisions\/2397"}],"wp:featuredmedia":[{"embeddable":true,"href":"https:\/\/blancfestival.com\/ca\/wp-json\/wp\/v2\/media\/2382"}],"wp:attachment":[{"href":"https:\/\/blancfestival.com\/ca\/wp-json\/wp\/v2\/media?parent=2380"}],"wp:term":[{"taxonomy":"category","embeddable":true,"href":"https:\/\/blancfestival.com\/ca\/wp-json\/wp\/v2\/categories?post=2380"},{"taxonomy":"post_tag","embeddable":true,"href":"https:\/\/blancfestival.com\/ca\/wp-json\/wp\/v2\/tags?post=2380"},{"taxonomy":"evento","embeddable":true,"href":"https:\/\/blancfestival.com\/ca\/wp-json\/wp\/v2\/evento?post=2380"}],"curies":[{"name":"wp","href":"https:\/\/api.w.org\/{rel}","templated":true}]}}