{"id":2789,"date":"2020-05-03T17:51:40","date_gmt":"2020-05-03T15:51:40","guid":{"rendered":"https:\/\/blancfestival.com\/?p=2789"},"modified":"2020-05-05T16:18:14","modified_gmt":"2020-05-05T14:18:14","slug":"branding-y-el-papel-de-las-marcas-en-un-mundo-cambiante","status":"publish","type":"post","link":"https:\/\/blancfestival.com\/ca\/branding-y-el-papel-de-las-marcas-en-un-mundo-cambiante\/","title":{"rendered":"Branding y el papel de las marcas en un mundo cambiante"},"content":{"rendered":"<p>Las crisis son siempre un buen momento de reflexi\u00f3n y autocr\u00edtica, un punto de inflexi\u00f3n donde se hace necesario reconsiderar donde est\u00e1n nuestras verdaderas prioridades, y en qu\u00e9 debemos centrar todos nuestro esfuerzos. Porque las realidades cambian, y las marcas, como las personas, deben adaptarse a estos cambios. Y es all\u00ed donde el branding entra en juego.<\/p>\n<p>&nbsp;<\/p>\n<p><img loading=\"lazy\" decoding=\"async\" width=\"600\" height=\"327\" class=\"alignnone size-full wp-image-2794\" src=\"https:\/\/blancfestival.com\/wp-content\/uploads\/2020\/05\/01_manifesto_crowd-13.jpg\" alt=\"Branding - Positive moments\" srcset=\"https:\/\/blancfestival.com\/wp-content\/uploads\/2020\/05\/01_manifesto_crowd-13.jpg 600w, https:\/\/blancfestival.com\/wp-content\/uploads\/2020\/05\/01_manifesto_crowd-13-250x136.jpg 250w, https:\/\/blancfestival.com\/wp-content\/uploads\/2020\/05\/01_manifesto_crowd-13-120x65.jpg 120w\" sizes=\"auto, (max-width: 600px) 100vw, 600px\" \/><\/p>\n<p>&nbsp;<\/p>\n<h2>1 &#8211; El papel de la comunicaci\u00f3n de marca<\/h2>\n<p>La marca hoy en d\u00eda se ha transformado en un medio, un puente entre el target y los productos o servicios que ofrece. Utilizando todos los canales disponibles, tanto f\u00edsicos como virtuales, para crear estas conexiones entre la empresa y el consumidor.<\/p>\n<p>&nbsp;<\/p>\n<h2>2 &#8211; Adaptaci\u00f3n a nuevos lenguajes. El contexto es la clave<\/h2>\n<p>El Branding ya no es s\u00f3lo comunicaci\u00f3n, sino un instrumento que graba en el imaginario colectivo los valores y prop\u00f3sitos de una marca.<br \/>\nLas personas son ahora el centro del universo de las marcas, y de ah\u00ed la necesidad de generar algo de valor para sus vidas, tanto en lo personal como en lo profesional.<\/p>\n<p>Y en este universo, el contexto es tan importante como el contenido, porque es lo que realmente define el valor. Un espacio ocupado a partes iguales por la sociedad y las marcas, oblig\u00e1ndoles a trabajar juntos y adaptarse a las nuevas realidades.<br \/>\nPero son las marcas las que otorgan recursos y herramientas a la sociedad, y la sociedad la impulsora de lo que con ellas se genera.<\/p>\n<p>Y es por eso que la posici\u00f3n de las marcas en el mundo debe redefinirse hacia conceptos m\u00e1s humanos: m\u00e1s responsables, reales y honestos. Deben mostrarse imperfectas y transparentes, tal y como somos las personas, y dejar de vender estilos de vida al alcance de unos pocos. Deben promover la autenticidad, el valor de la vida, la estabilidad y la seguridad.<\/p>\n<p>&nbsp;<\/p>\n<h2>3 &#8211; Difuminar la l\u00ednea: estar m\u00e1s cerca e inspirar.<\/h2>\n<p>Dec\u00edamos que las marcas son un puente, y hoy m\u00e1s que nunca, lo son entre las personas y los contenidos que consumen. Por eso es importante no saturar la comunicaci\u00f3n, planteando la creaci\u00f3n de contenidos, activaciones y herramientas relevantes para el p\u00fablico objetivo.<br \/>\nCrear empat\u00eda es el reto, un valor esencial para generar esa simbiosis tan buscada entre marcas y personas.<\/p>\n<p>&nbsp;<\/p>\n<h2>4 &#8211; Pensando en el futuro; entendiendo el presente y el pasado<\/h2>\n<p>Debemos cuestionarnos todo, porque esa es la forma de evolucionar. Salir de la zona de confort, de lo establecido o lo corriente, y afrontar nuevos desaf\u00edos, nuevas formas y nuevas oportunidades para esta nueva era.<br \/>\nEse es nuestro trabajo, interpretar las necesidades de las personas, cuestionarnos la realidad y dise\u00f1ar el futuro para las generaciones presentes y futuras.<\/p>\n<p>&nbsp;<\/p>\n<h2>5 &#8211; Nuevo escenario econ\u00f3mico. Disminuir y desacelerar no es malo<\/h2>\n<p>La base del capitalismo es el crecimiento constante, y seg\u00fan estas bases, si no est\u00e1s creciendo, es que est\u00e1s muriendo. Pero este crecimiento se ha forjado a costa de la salud del planeta, absorbiendo sin l\u00edmites todos sus recursos. Esto es algo que tiene que acabar, y los que no lo hagan, ser\u00e1n juzgados por la misma sociedad que hoy consume sus productos.<br \/>\nSe hace necesario un desmantelamiento de estas estructuras tan r\u00edgidas y conservadoras, y transformarlas en otras m\u00e1s peque\u00f1as, \u00e1giles, inteligentes y colaborativas.<\/p>\n<p>Las nuevas generaciones est\u00e1n pidiendo una respuesta a este mundo superficial, consumista y globalizado. Exigen experiencias mas profundas, \u00e9ticas y culturales, y las marcas e instituciones deben ser las responsables de promoverlo. Porque hoy m\u00e1s que nunca, los consumidores elegir\u00e1n marcas en las que crean y conf\u00eden.<\/p>\n<p>En un mundo soportado por sistemas fr\u00e1giles y caducos, donde los gobiernos e instituciones p\u00fablicas est\u00e1n fallando, son las marcas las que tienen que ocupar los espacios vac\u00edos.<\/p>\n<p>&nbsp;<\/p>\n<h2>6 &#8211; Futuretainment<\/h2>\n<p>Las nuevas generaciones utilizan diferentes tipos de canales para diferentes tipos de contenidos. Sumidos en un submundo digital e inmersivo que s\u00f3lo utiliza la imaginaci\u00f3n como motor para conectar a las personas.<\/p>\n<p>Est\u00e1 pasando, el gran reto de las marcas es entrar en ese submundo, ofrecer valor a las diferentes versiones de cada usuario, e interactuar con ellos. Crear plataformas que crean realidades, donde los usuarios viven e interact\u00faan.<\/p>\n<p>Generando as\u00ed nuevos mundos para compartir, crear y debatir en una sociedad colectiva, cada vez m\u00e1s responsable, y cada vez conectada.<\/p>\n<p>&nbsp;<\/p>\n<p>Puedes acceder al art\u00edculo origianl en ingl\u00e9s siguiendo este <a href=\"https:\/\/medium.com\/@carles_99312\/branding-positive-moments-b808dd47a418\" target=\"_blank\" rel=\"noopener noreferrer\">link<\/a>.<br \/>\nY en este art\u00edculo, nuestra colaboradora Anna Roura reflexiona sobre <a href=\"https:\/\/blancfestival.com\/innovacion\/producto-marca-futuro-del-branding-puede-que-sea-el-blanding\/\">el futuro del branding<\/a><\/p>\n","protected":false},"excerpt":{"rendered":"Las crisis son siempre un buen momento de reflexi\u00f3n y autocr\u00edtica, un punto de inflexi\u00f3n donde se hace necesario reconsiderar donde est\u00e1n nuestras verdaderas prioridades, y en qu\u00e9 debemos centrar todos nuestro esfuerzos. Porque las realidades cambian, y las marcas, como las personas, deben adaptarse a estos cambios. Y es all\u00ed donde el branding entra&hellip;","protected":false},"author":12,"featured_media":2791,"comment_status":"open","ping_status":"open","sticky":false,"template":"","format":"standard","meta":{"_acf_changed":false,"footnotes":""},"categories":[2],"tags":[146,129,60,37,31],"evento":[],"class_list":["post-2789","post","type-post","status-publish","format-standard","has-post-thumbnail","hentry","category-diseno","tag-covid-19","tag-marcas","tag-diseno","tag-blanding","tag-branding"],"acf":[],"yoast_head":"<!-- This site is optimized with the Yoast SEO plugin v23.7 - https:\/\/yoast.com\/wordpress\/plugins\/seo\/ -->\n<title>Branding y el papel de las marcas en un mundo cambiante<\/title>\n<meta name=\"description\" content=\"Las crisis son un buen momento de reflexi\u00f3n para reconsiderar donde est\u00e1n nuestras verdaderas prioridades, y en qu\u00e9 debemos centrar todos nuestro esfuerzos.\" \/>\n<meta name=\"robots\" content=\"index, follow, max-snippet:-1, max-image-preview:large, max-video-preview:-1\" \/>\n<link rel=\"canonical\" href=\"https:\/\/blancfestival.com\/branding-y-el-papel-de-las-marcas-en-un-mundo-cambiante\/\" \/>\n<meta property=\"og:locale\" content=\"ca_ES\" \/>\n<meta property=\"og:type\" content=\"article\" \/>\n<meta property=\"og:title\" content=\"Branding y el papel de las marcas en un mundo cambiante\" \/>\n<meta property=\"og:description\" content=\"Las crisis son un buen momento de reflexi\u00f3n para reconsiderar donde est\u00e1n nuestras verdaderas prioridades, y en qu\u00e9 debemos centrar todos nuestro esfuerzos.\" \/>\n<meta property=\"og:url\" content=\"https:\/\/blancfestival.com\/branding-y-el-papel-de-las-marcas-en-un-mundo-cambiante\/\" \/>\n<meta property=\"og:site_name\" content=\"Blanc!\" \/>\n<meta property=\"article:publisher\" content=\"https:\/\/www.facebook.com\/blanc.festivaldissenygrafic\/\" \/>\n<meta property=\"article:published_time\" content=\"2020-05-03T15:51:40+00:00\" \/>\n<meta property=\"article:modified_time\" content=\"2020-05-05T14:18:14+00:00\" \/>\n<meta property=\"og:image\" content=\"https:\/\/blancfestival.com\/wp-content\/uploads\/2020\/05\/01_manifesto_crowd-02.jpg\" \/>\n\t<meta property=\"og:image:width\" content=\"1985\" \/>\n\t<meta property=\"og:image:height\" content=\"1081\" \/>\n\t<meta property=\"og:image:type\" content=\"image\/jpeg\" \/>\n<meta name=\"author\" content=\"Carles More\" \/>\n<meta name=\"twitter:card\" content=\"summary_large_image\" \/>\n<meta name=\"twitter:creator\" content=\"@blancfest\" \/>\n<meta name=\"twitter:site\" content=\"@blancfest\" \/>\n<meta name=\"twitter:label1\" content=\"Written by\" \/>\n\t<meta name=\"twitter:data1\" content=\"Carles More\" \/>\n\t<meta name=\"twitter:label2\" content=\"Est. reading time\" \/>\n\t<meta name=\"twitter:data2\" content=\"4 minutes\" \/>\n<script type=\"application\/ld+json\" class=\"yoast-schema-graph\">{\"@context\":\"https:\/\/schema.org\",\"@graph\":[{\"@type\":\"Article\",\"@id\":\"https:\/\/blancfestival.com\/branding-y-el-papel-de-las-marcas-en-un-mundo-cambiante\/#article\",\"isPartOf\":{\"@id\":\"https:\/\/blancfestival.com\/branding-y-el-papel-de-las-marcas-en-un-mundo-cambiante\/\"},\"author\":{\"name\":\"Carles More\",\"@id\":\"https:\/\/blancfestival.com\/#\/schema\/person\/75e6015b1876bdbe33bc89d85915dd00\"},\"headline\":\"Branding y el papel de las marcas en un mundo cambiante\",\"datePublished\":\"2020-05-03T15:51:40+00:00\",\"dateModified\":\"2020-05-05T14:18:14+00:00\",\"mainEntityOfPage\":{\"@id\":\"https:\/\/blancfestival.com\/branding-y-el-papel-de-las-marcas-en-un-mundo-cambiante\/\"},\"wordCount\":793,\"commentCount\":0,\"publisher\":{\"@id\":\"https:\/\/blancfestival.com\/#organization\"},\"image\":{\"@id\":\"https:\/\/blancfestival.com\/branding-y-el-papel-de-las-marcas-en-un-mundo-cambiante\/#primaryimage\"},\"thumbnailUrl\":\"https:\/\/blancfestival.com\/wp-content\/uploads\/2020\/05\/01_manifesto_crowd-02.jpg\",\"keywords\":[\"covid-19\",\"marcas\",\"dise\u00f1o\",\"blanding\",\"branding\"],\"articleSection\":[\"Dise\u00f1o\"],\"inLanguage\":\"ca\",\"potentialAction\":[{\"@type\":\"CommentAction\",\"name\":\"Comment\",\"target\":[\"https:\/\/blancfestival.com\/branding-y-el-papel-de-las-marcas-en-un-mundo-cambiante\/#respond\"]}]},{\"@type\":\"WebPage\",\"@id\":\"https:\/\/blancfestival.com\/branding-y-el-papel-de-las-marcas-en-un-mundo-cambiante\/\",\"url\":\"https:\/\/blancfestival.com\/branding-y-el-papel-de-las-marcas-en-un-mundo-cambiante\/\",\"name\":\"Branding y el papel de las marcas en un mundo cambiante\",\"isPartOf\":{\"@id\":\"https:\/\/blancfestival.com\/#website\"},\"primaryImageOfPage\":{\"@id\":\"https:\/\/blancfestival.com\/branding-y-el-papel-de-las-marcas-en-un-mundo-cambiante\/#primaryimage\"},\"image\":{\"@id\":\"https:\/\/blancfestival.com\/branding-y-el-papel-de-las-marcas-en-un-mundo-cambiante\/#primaryimage\"},\"thumbnailUrl\":\"https:\/\/blancfestival.com\/wp-content\/uploads\/2020\/05\/01_manifesto_crowd-02.jpg\",\"datePublished\":\"2020-05-03T15:51:40+00:00\",\"dateModified\":\"2020-05-05T14:18:14+00:00\",\"description\":\"Las crisis son un buen momento de reflexi\u00f3n para reconsiderar donde est\u00e1n nuestras verdaderas prioridades, y en qu\u00e9 debemos centrar todos nuestro esfuerzos.\",\"breadcrumb\":{\"@id\":\"https:\/\/blancfestival.com\/branding-y-el-papel-de-las-marcas-en-un-mundo-cambiante\/#breadcrumb\"},\"inLanguage\":\"ca\",\"potentialAction\":[{\"@type\":\"ReadAction\",\"target\":[\"https:\/\/blancfestival.com\/branding-y-el-papel-de-las-marcas-en-un-mundo-cambiante\/\"]}]},{\"@type\":\"ImageObject\",\"inLanguage\":\"ca\",\"@id\":\"https:\/\/blancfestival.com\/branding-y-el-papel-de-las-marcas-en-un-mundo-cambiante\/#primaryimage\",\"url\":\"https:\/\/blancfestival.com\/wp-content\/uploads\/2020\/05\/01_manifesto_crowd-02.jpg\",\"contentUrl\":\"https:\/\/blancfestival.com\/wp-content\/uploads\/2020\/05\/01_manifesto_crowd-02.jpg\",\"width\":1985,\"height\":1081,\"caption\":\"Carles Mor\u00e9 - Positive Moments\"},{\"@type\":\"BreadcrumbList\",\"@id\":\"https:\/\/blancfestival.com\/branding-y-el-papel-de-las-marcas-en-un-mundo-cambiante\/#breadcrumb\",\"itemListElement\":[{\"@type\":\"ListItem\",\"position\":1,\"name\":\"Portada\",\"item\":\"https:\/\/blancfestival.com\/ca\/\"},{\"@type\":\"ListItem\",\"position\":2,\"name\":\"Branding y el papel de las marcas en un mundo cambiante\"}]},{\"@type\":\"WebSite\",\"@id\":\"https:\/\/blancfestival.com\/#website\",\"url\":\"https:\/\/blancfestival.com\/\",\"name\":\"Blanc! Festival\",\"description\":\"Disseny, Creativitat i Innovaci\u00f3\",\"publisher\":{\"@id\":\"https:\/\/blancfestival.com\/#organization\"},\"potentialAction\":[{\"@type\":\"SearchAction\",\"target\":{\"@type\":\"EntryPoint\",\"urlTemplate\":\"https:\/\/blancfestival.com\/?s={search_term_string}\"},\"query-input\":{\"@type\":\"PropertyValueSpecification\",\"valueRequired\":true,\"valueName\":\"search_term_string\"}}],\"inLanguage\":\"ca\"},{\"@type\":\"Organization\",\"@id\":\"https:\/\/blancfestival.com\/#organization\",\"name\":\"Blanc! Festival de Dise\u00f1o, Creatividad e Innovaci\u00f3n\",\"url\":\"https:\/\/blancfestival.com\/\",\"logo\":{\"@type\":\"ImageObject\",\"inLanguage\":\"ca\",\"@id\":\"https:\/\/blancfestival.com\/#\/schema\/logo\/image\/\",\"url\":\"https:\/\/blancfestival.com\/wp-content\/uploads\/2025\/01\/logo_icono_blanc.jpg\",\"contentUrl\":\"https:\/\/blancfestival.com\/wp-content\/uploads\/2025\/01\/logo_icono_blanc.jpg\",\"width\":2000,\"height\":2000,\"caption\":\"Blanc! Festival de Dise\u00f1o, Creatividad e Innovaci\u00f3n\"},\"image\":{\"@id\":\"https:\/\/blancfestival.com\/#\/schema\/logo\/image\/\"},\"sameAs\":[\"https:\/\/www.facebook.com\/blanc.festivaldissenygrafic\/\",\"https:\/\/x.com\/blancfest\",\"https:\/\/www.instagram.com\/blancfest\/\",\"https:\/\/www.linkedin.com\/company\/blanc-festival\",\"https:\/\/www.pinterest.com\/blancfest\/\",\"https:\/\/www.youtube.com\/channel\/UCM-IjxOFb5gQg4yPgmze3Gg\"]},{\"@type\":\"Person\",\"@id\":\"https:\/\/blancfestival.com\/#\/schema\/person\/75e6015b1876bdbe33bc89d85915dd00\",\"name\":\"Carles More\",\"image\":{\"@type\":\"ImageObject\",\"inLanguage\":\"ca\",\"@id\":\"https:\/\/blancfestival.com\/#\/schema\/person\/image\/\",\"url\":\"https:\/\/blancfestival.com\/wp-content\/uploads\/2020\/05\/carles-more-120x120.jpg\",\"contentUrl\":\"https:\/\/blancfestival.com\/wp-content\/uploads\/2020\/05\/carles-more-120x120.jpg\",\"caption\":\"Carles More\"},\"description\":\"Creative Director &amp; Designer\",\"sameAs\":[\"https:\/\/crowd-studio.com\/\"]}]}<\/script>\n<!-- \/ Yoast SEO plugin. -->","yoast_head_json":{"title":"Branding y el papel de las marcas en un mundo cambiante","description":"Las crisis son un buen momento de reflexi\u00f3n para reconsiderar donde est\u00e1n nuestras verdaderas prioridades, y en qu\u00e9 debemos centrar todos nuestro esfuerzos.","robots":{"index":"index","follow":"follow","max-snippet":"max-snippet:-1","max-image-preview":"max-image-preview:large","max-video-preview":"max-video-preview:-1"},"canonical":"https:\/\/blancfestival.com\/branding-y-el-papel-de-las-marcas-en-un-mundo-cambiante\/","og_locale":"ca_ES","og_type":"article","og_title":"Branding y el papel de las marcas en un mundo cambiante","og_description":"Las crisis son un buen momento de reflexi\u00f3n para reconsiderar donde est\u00e1n nuestras verdaderas prioridades, y en qu\u00e9 debemos centrar todos nuestro esfuerzos.","og_url":"https:\/\/blancfestival.com\/branding-y-el-papel-de-las-marcas-en-un-mundo-cambiante\/","og_site_name":"Blanc!","article_publisher":"https:\/\/www.facebook.com\/blanc.festivaldissenygrafic\/","article_published_time":"2020-05-03T15:51:40+00:00","article_modified_time":"2020-05-05T14:18:14+00:00","og_image":[{"width":1985,"height":1081,"url":"https:\/\/blancfestival.com\/wp-content\/uploads\/2020\/05\/01_manifesto_crowd-02.jpg","type":"image\/jpeg"}],"author":"Carles More","twitter_card":"summary_large_image","twitter_creator":"@blancfest","twitter_site":"@blancfest","twitter_misc":{"Written by":"Carles More","Est. reading time":"4 minutes"},"schema":{"@context":"https:\/\/schema.org","@graph":[{"@type":"Article","@id":"https:\/\/blancfestival.com\/branding-y-el-papel-de-las-marcas-en-un-mundo-cambiante\/#article","isPartOf":{"@id":"https:\/\/blancfestival.com\/branding-y-el-papel-de-las-marcas-en-un-mundo-cambiante\/"},"author":{"name":"Carles More","@id":"https:\/\/blancfestival.com\/#\/schema\/person\/75e6015b1876bdbe33bc89d85915dd00"},"headline":"Branding y el papel de las marcas en un mundo cambiante","datePublished":"2020-05-03T15:51:40+00:00","dateModified":"2020-05-05T14:18:14+00:00","mainEntityOfPage":{"@id":"https:\/\/blancfestival.com\/branding-y-el-papel-de-las-marcas-en-un-mundo-cambiante\/"},"wordCount":793,"commentCount":0,"publisher":{"@id":"https:\/\/blancfestival.com\/#organization"},"image":{"@id":"https:\/\/blancfestival.com\/branding-y-el-papel-de-las-marcas-en-un-mundo-cambiante\/#primaryimage"},"thumbnailUrl":"https:\/\/blancfestival.com\/wp-content\/uploads\/2020\/05\/01_manifesto_crowd-02.jpg","keywords":["covid-19","marcas","dise\u00f1o","blanding","branding"],"articleSection":["Dise\u00f1o"],"inLanguage":"ca","potentialAction":[{"@type":"CommentAction","name":"Comment","target":["https:\/\/blancfestival.com\/branding-y-el-papel-de-las-marcas-en-un-mundo-cambiante\/#respond"]}]},{"@type":"WebPage","@id":"https:\/\/blancfestival.com\/branding-y-el-papel-de-las-marcas-en-un-mundo-cambiante\/","url":"https:\/\/blancfestival.com\/branding-y-el-papel-de-las-marcas-en-un-mundo-cambiante\/","name":"Branding y el papel de las marcas en un mundo cambiante","isPartOf":{"@id":"https:\/\/blancfestival.com\/#website"},"primaryImageOfPage":{"@id":"https:\/\/blancfestival.com\/branding-y-el-papel-de-las-marcas-en-un-mundo-cambiante\/#primaryimage"},"image":{"@id":"https:\/\/blancfestival.com\/branding-y-el-papel-de-las-marcas-en-un-mundo-cambiante\/#primaryimage"},"thumbnailUrl":"https:\/\/blancfestival.com\/wp-content\/uploads\/2020\/05\/01_manifesto_crowd-02.jpg","datePublished":"2020-05-03T15:51:40+00:00","dateModified":"2020-05-05T14:18:14+00:00","description":"Las crisis son un buen momento de reflexi\u00f3n para reconsiderar donde est\u00e1n nuestras verdaderas prioridades, y en qu\u00e9 debemos centrar todos nuestro esfuerzos.","breadcrumb":{"@id":"https:\/\/blancfestival.com\/branding-y-el-papel-de-las-marcas-en-un-mundo-cambiante\/#breadcrumb"},"inLanguage":"ca","potentialAction":[{"@type":"ReadAction","target":["https:\/\/blancfestival.com\/branding-y-el-papel-de-las-marcas-en-un-mundo-cambiante\/"]}]},{"@type":"ImageObject","inLanguage":"ca","@id":"https:\/\/blancfestival.com\/branding-y-el-papel-de-las-marcas-en-un-mundo-cambiante\/#primaryimage","url":"https:\/\/blancfestival.com\/wp-content\/uploads\/2020\/05\/01_manifesto_crowd-02.jpg","contentUrl":"https:\/\/blancfestival.com\/wp-content\/uploads\/2020\/05\/01_manifesto_crowd-02.jpg","width":1985,"height":1081,"caption":"Carles Mor\u00e9 - Positive Moments"},{"@type":"BreadcrumbList","@id":"https:\/\/blancfestival.com\/branding-y-el-papel-de-las-marcas-en-un-mundo-cambiante\/#breadcrumb","itemListElement":[{"@type":"ListItem","position":1,"name":"Portada","item":"https:\/\/blancfestival.com\/ca\/"},{"@type":"ListItem","position":2,"name":"Branding y el papel de las marcas en un mundo cambiante"}]},{"@type":"WebSite","@id":"https:\/\/blancfestival.com\/#website","url":"https:\/\/blancfestival.com\/","name":"Blanc! Festival","description":"Disseny, Creativitat i Innovaci\u00f3","publisher":{"@id":"https:\/\/blancfestival.com\/#organization"},"potentialAction":[{"@type":"SearchAction","target":{"@type":"EntryPoint","urlTemplate":"https:\/\/blancfestival.com\/?s={search_term_string}"},"query-input":{"@type":"PropertyValueSpecification","valueRequired":true,"valueName":"search_term_string"}}],"inLanguage":"ca"},{"@type":"Organization","@id":"https:\/\/blancfestival.com\/#organization","name":"Blanc! Festival de Dise\u00f1o, Creatividad e Innovaci\u00f3n","url":"https:\/\/blancfestival.com\/","logo":{"@type":"ImageObject","inLanguage":"ca","@id":"https:\/\/blancfestival.com\/#\/schema\/logo\/image\/","url":"https:\/\/blancfestival.com\/wp-content\/uploads\/2025\/01\/logo_icono_blanc.jpg","contentUrl":"https:\/\/blancfestival.com\/wp-content\/uploads\/2025\/01\/logo_icono_blanc.jpg","width":2000,"height":2000,"caption":"Blanc! Festival de Dise\u00f1o, Creatividad e Innovaci\u00f3n"},"image":{"@id":"https:\/\/blancfestival.com\/#\/schema\/logo\/image\/"},"sameAs":["https:\/\/www.facebook.com\/blanc.festivaldissenygrafic\/","https:\/\/x.com\/blancfest","https:\/\/www.instagram.com\/blancfest\/","https:\/\/www.linkedin.com\/company\/blanc-festival","https:\/\/www.pinterest.com\/blancfest\/","https:\/\/www.youtube.com\/channel\/UCM-IjxOFb5gQg4yPgmze3Gg"]},{"@type":"Person","@id":"https:\/\/blancfestival.com\/#\/schema\/person\/75e6015b1876bdbe33bc89d85915dd00","name":"Carles More","image":{"@type":"ImageObject","inLanguage":"ca","@id":"https:\/\/blancfestival.com\/#\/schema\/person\/image\/","url":"https:\/\/blancfestival.com\/wp-content\/uploads\/2020\/05\/carles-more-120x120.jpg","contentUrl":"https:\/\/blancfestival.com\/wp-content\/uploads\/2020\/05\/carles-more-120x120.jpg","caption":"Carles More"},"description":"Creative Director &amp; Designer","sameAs":["https:\/\/crowd-studio.com\/"]}]}},"_links":{"self":[{"href":"https:\/\/blancfestival.com\/ca\/wp-json\/wp\/v2\/posts\/2789","targetHints":{"allow":["GET"]}}],"collection":[{"href":"https:\/\/blancfestival.com\/ca\/wp-json\/wp\/v2\/posts"}],"about":[{"href":"https:\/\/blancfestival.com\/ca\/wp-json\/wp\/v2\/types\/post"}],"author":[{"embeddable":true,"href":"https:\/\/blancfestival.com\/ca\/wp-json\/wp\/v2\/users\/12"}],"replies":[{"embeddable":true,"href":"https:\/\/blancfestival.com\/ca\/wp-json\/wp\/v2\/comments?post=2789"}],"version-history":[{"count":5,"href":"https:\/\/blancfestival.com\/ca\/wp-json\/wp\/v2\/posts\/2789\/revisions"}],"predecessor-version":[{"id":2858,"href":"https:\/\/blancfestival.com\/ca\/wp-json\/wp\/v2\/posts\/2789\/revisions\/2858"}],"wp:featuredmedia":[{"embeddable":true,"href":"https:\/\/blancfestival.com\/ca\/wp-json\/wp\/v2\/media\/2791"}],"wp:attachment":[{"href":"https:\/\/blancfestival.com\/ca\/wp-json\/wp\/v2\/media?parent=2789"}],"wp:term":[{"taxonomy":"category","embeddable":true,"href":"https:\/\/blancfestival.com\/ca\/wp-json\/wp\/v2\/categories?post=2789"},{"taxonomy":"post_tag","embeddable":true,"href":"https:\/\/blancfestival.com\/ca\/wp-json\/wp\/v2\/tags?post=2789"},{"taxonomy":"evento","embeddable":true,"href":"https:\/\/blancfestival.com\/ca\/wp-json\/wp\/v2\/evento?post=2789"}],"curies":[{"name":"wp","href":"https:\/\/api.w.org\/{rel}","templated":true}]}}