{"id":2816,"date":"2020-05-13T10:15:57","date_gmt":"2020-05-13T08:15:57","guid":{"rendered":"https:\/\/blancfestival.com\/?p=2816"},"modified":"2020-05-13T10:15:57","modified_gmt":"2020-05-13T08:15:57","slug":"stressed-matter-de-joana-bisbe","status":"publish","type":"post","link":"https:\/\/blancfestival.com\/ca\/stressed-matter-de-joana-bisbe\/","title":{"rendered":"Stressed Matter, de Joana Bisbe"},"content":{"rendered":"<p>La joven dise\u00f1adora gr\u00e1fica y ex-alumna de <a href=\"https:\/\/www.elisava.net\/\" target=\"_blank\" rel=\"noopener noreferrer\">Elisava<\/a>, Joana Bisbe present\u00f3 su proyecto final de grado en la edici\u00f3n n.11 de Blanc! \u201cStressed Matter\u201d es un trabajo de fin de grado que surgi\u00f3 a partir de un inter\u00e9s personal para entender la percepci\u00f3n del estr\u00e9s en la sociedad.<\/p>\n<p>El objetivo principal de la propuesta es analizar y hacer visible la cuesti\u00f3n del estr\u00e9s en el contexto laboral y acad\u00e9mico. A partir de una encuesta que eval\u00faa el estr\u00e9s cotidiano del p\u00fablico objetivo, se elabora la representaci\u00f3n gr\u00e1fica de los resultados mediante materiales inteligentes.<\/p>\n<p>&nbsp;<\/p>\n<p><img loading=\"lazy\" decoding=\"async\" width=\"680\" height=\"378\" class=\"alignnone size-full wp-image-2817\" src=\"https:\/\/blancfestival.com\/wp-content\/uploads\/2020\/05\/JoanaBisbe-StressedMatter-IMAGEN-1-Zoom.jpg\" alt=\"Joana Bisve - Proyecto Final de Grado - Elisava\" srcset=\"https:\/\/blancfestival.com\/wp-content\/uploads\/2020\/05\/JoanaBisbe-StressedMatter-IMAGEN-1-Zoom.jpg 680w, https:\/\/blancfestival.com\/wp-content\/uploads\/2020\/05\/JoanaBisbe-StressedMatter-IMAGEN-1-Zoom-250x139.jpg 250w, https:\/\/blancfestival.com\/wp-content\/uploads\/2020\/05\/JoanaBisbe-StressedMatter-IMAGEN-1-Zoom-120x67.jpg 120w\" sizes=\"auto, (max-width: 680px) 100vw, 680px\" \/><\/p>\n<p>&nbsp;<\/p>\n<p>Esta representaci\u00f3n utiliza la compresi\u00f3n de un material cromog\u00e9nico (que cambia de color en respuesta a est\u00edmulos externos percibidos) con la intenci\u00f3n de establecer un paralelismo entre los materiales y las personas; cuando se aplica una cantidad de presi\u00f3n excesiva a un material, provoca fracturas. De manera similar responden las personas a estos est\u00edmulos externos. Hecho que enfatiza que el estr\u00e9s puede causar da\u00f1os tanto estructurales como emocionales.<\/p>\n<p>El proyecto infogr\u00e1fico en cuesti\u00f3n refleja el estr\u00e9s percibido en Elisava durante la segunda mitad del a\u00f1o curricular (tal como revelan los datos de la encuesta) y traduce su naturaleza intangible a una proyecci\u00f3n tangible y visible. Esta representaci\u00f3n no s\u00f3lo busca mostrar las conclusiones de la investigaci\u00f3n sino tambi\u00e9n promover una reflexi\u00f3n sobre las causas y los efectos del estr\u00e9s en la sociedad.<\/p>\n<p>&nbsp;<\/p>\n<p><img loading=\"lazy\" decoding=\"async\" width=\"680\" height=\"378\" class=\"alignnone size-full wp-image-2820\" src=\"https:\/\/blancfestival.com\/wp-content\/uploads\/2020\/05\/JoanaBisbe-StressedMatter-IMAGEN-1.jpg\" alt=\"\" srcset=\"https:\/\/blancfestival.com\/wp-content\/uploads\/2020\/05\/JoanaBisbe-StressedMatter-IMAGEN-1.jpg 680w, https:\/\/blancfestival.com\/wp-content\/uploads\/2020\/05\/JoanaBisbe-StressedMatter-IMAGEN-1-250x139.jpg 250w, https:\/\/blancfestival.com\/wp-content\/uploads\/2020\/05\/JoanaBisbe-StressedMatter-IMAGEN-1-120x67.jpg 120w\" sizes=\"auto, (max-width: 680px) 100vw, 680px\" \/><\/p>\n<p>&nbsp;<\/p>\n<h2>La propuesta aporta&#8230;<\/h2>\n<p>Una visi\u00f3n cr\u00edtica del estr\u00e9s y la visibilizaci\u00f3n de los colectivos que lo sufren mediante el dise\u00f1o de una herramienta de comunicaci\u00f3n que transmite los niveles de estr\u00e9s. Es una investigaci\u00f3n que establece v\u00ednculos entre diferentes campos: material, sociol\u00f3gico, psicol\u00f3gico y es comunicado mediante el dise\u00f1o gr\u00e1fico.<\/p>\n<p>El estr\u00e9s entre los humanos es invisible e intangible, dos caracter\u00edsticas que conllevan a que sea una condici\u00f3n f\u00e1cilmente ignorada. En un contexto capitalista el t\u00e9rmino queda normalizado, aposentado en nuestro vocabulario cotidiano e incluso promovido por el sistema econ\u00f3mico imponiendo nuevos estilos laborales. El estudio realizado evidencia que el estr\u00e9s es una patolog\u00eda que est\u00e1 en aumento en nuestra sociedad postmoderna.<\/p>\n<p>&nbsp;<\/p>\n<p><img loading=\"lazy\" decoding=\"async\" width=\"680\" height=\"427\" class=\"alignnone size-full wp-image-2826\" src=\"https:\/\/blancfestival.com\/wp-content\/uploads\/2020\/05\/JoanaBisbe-StressedMatter-IMAGEN-2.jpg\" alt=\"\" srcset=\"https:\/\/blancfestival.com\/wp-content\/uploads\/2020\/05\/JoanaBisbe-StressedMatter-IMAGEN-2.jpg 680w, https:\/\/blancfestival.com\/wp-content\/uploads\/2020\/05\/JoanaBisbe-StressedMatter-IMAGEN-2-250x157.jpg 250w, https:\/\/blancfestival.com\/wp-content\/uploads\/2020\/05\/JoanaBisbe-StressedMatter-IMAGEN-2-120x75.jpg 120w\" sizes=\"auto, (max-width: 680px) 100vw, 680px\" \/><\/p>\n<p>&nbsp;<\/p>\n<p>El estr\u00e9s en los materiales mecanocr\u00f3micos (metacrilato en este proyecto) permiten mediante la t\u00e9cnica de la Fotoelasticidad (utilizada en el campo de la ingenier\u00eda) visualizar los niveles de estr\u00e9s de forma crom\u00e1tica. Cuanta m\u00e1s presi\u00f3n se le aplica al material, m\u00e1s colores aparecen.<\/p>\n<p>La Fotoelasticidad permite en este proyecto comunicar de forma visual, cualitativa y atractiva los niveles de estr\u00e9s de la muestra evitando as\u00ed que la propuesta infogr\u00e1fica estrese a los lectores.<\/p>\n<p>&nbsp;<\/p>\n<p><img loading=\"lazy\" decoding=\"async\" width=\"680\" height=\"479\" class=\"alignnone size-full wp-image-2829\" src=\"https:\/\/blancfestival.com\/wp-content\/uploads\/2020\/05\/JoanaBisbe-StressedMatter-IMAGEN-3.jpg\" alt=\"Joana Bisve - Proyecto Final de Grado - Elisava\" srcset=\"https:\/\/blancfestival.com\/wp-content\/uploads\/2020\/05\/JoanaBisbe-StressedMatter-IMAGEN-3.jpg 680w, https:\/\/blancfestival.com\/wp-content\/uploads\/2020\/05\/JoanaBisbe-StressedMatter-IMAGEN-3-250x176.jpg 250w, https:\/\/blancfestival.com\/wp-content\/uploads\/2020\/05\/JoanaBisbe-StressedMatter-IMAGEN-3-120x85.jpg 120w\" sizes=\"auto, (max-width: 680px) 100vw, 680px\" \/><\/p>\n<p>&nbsp;<\/p>\n<h2>El proyecto consta de\u2026<\/h2>\n<p>La pieza gr\u00e1fica principal, el cuadro infogr\u00e1fico de grandes dimensiones (160 cm x 88 cm) en el que se muestra el an\u00e1lisis y resultados globales del estr\u00e9s sufrido en Elisava (caso de estudio). Se traduce la naturaleza intangible del estr\u00e9s a una proyecci\u00f3n tangible y visible. Tambi\u00e9n forman parte de la formalizaci\u00f3n del proyecto 6 cuadros (32 x 28 cm). \u00c9stos muestran tres comparaciones relevantes sobre los colectivos encuestados: mujeres vs. hombres, alumnos vs. profesores y grado vs. m\u00e1ster. La infograf\u00eda est\u00e1 enmarcada, ya que, al objeto del cuadro se le otorga m\u00e1s importancia al contenido y por lo tanto se le invierte mayor tiempo de lectura. La pieza infogr\u00e1fica tiene como objetivo estar colgada en la instituci\u00f3n donde se haya realizado la encuesta para que tanto los empleados y los estudiantes como los dirigentes de cuya cede sean conscientes de los niveles de estr\u00e9s en el que se encuentran y as\u00ed pues, puedan aplicar medidas para solventarlo o si m\u00e1s no reducirlo.<\/p>\n<p>&nbsp;<\/p>\n<p><img loading=\"lazy\" decoding=\"async\" width=\"680\" height=\"479\" class=\"alignnone size-full wp-image-2832\" src=\"https:\/\/blancfestival.com\/wp-content\/uploads\/2020\/05\/JoanaBisbe-StressedMatter-IMAGEN-4.jpg\" alt=\"Joana Bisve - Proyecto Final de Grado - Elisava\" srcset=\"https:\/\/blancfestival.com\/wp-content\/uploads\/2020\/05\/JoanaBisbe-StressedMatter-IMAGEN-4.jpg 680w, https:\/\/blancfestival.com\/wp-content\/uploads\/2020\/05\/JoanaBisbe-StressedMatter-IMAGEN-4-250x176.jpg 250w, https:\/\/blancfestival.com\/wp-content\/uploads\/2020\/05\/JoanaBisbe-StressedMatter-IMAGEN-4-120x85.jpg 120w\" sizes=\"auto, (max-width: 680px) 100vw, 680px\" \/><\/p>\n<p>&nbsp;<\/p>\n<p>La memoria (libro de 19 x 26 cm) es la pieza gr\u00e1fica que re\u00fane la investigaci\u00f3n del proyecto. \u00c9sta reside encapsulada en una carcasa c\u00f3ncava de metacrilato donde est\u00e1 presionada permanentemente, es decir, estresada cr\u00f3nicamente. Esta met\u00e1fora sirve de conclusi\u00f3n del proyecto, ya que hace visible y tangible la consecuencia de estresar cr\u00f3nicamente un cuerpo: la modificaci\u00f3n irreversible de su estado original. Por lo tanto, la pieza gr\u00e1fica quedar\u00e1 deformada permanentemente.<\/p>\n<p>&nbsp;<\/p>\n<p><img loading=\"lazy\" decoding=\"async\" width=\"680\" height=\"427\" class=\"alignnone size-full wp-image-2835\" src=\"https:\/\/blancfestival.com\/wp-content\/uploads\/2020\/05\/JoanaBisbe-StressedMatter-IMAGEN-5.jpg\" alt=\"Joana Bisve - Proyecto Final de Grado - Elisava\" srcset=\"https:\/\/blancfestival.com\/wp-content\/uploads\/2020\/05\/JoanaBisbe-StressedMatter-IMAGEN-5.jpg 680w, https:\/\/blancfestival.com\/wp-content\/uploads\/2020\/05\/JoanaBisbe-StressedMatter-IMAGEN-5-250x157.jpg 250w, https:\/\/blancfestival.com\/wp-content\/uploads\/2020\/05\/JoanaBisbe-StressedMatter-IMAGEN-5-120x75.jpg 120w\" sizes=\"auto, (max-width: 680px) 100vw, 680px\" \/><\/p>\n<h2>Lo conceptos importantes a recordar\u2026<\/h2>\n<p>\u201cStressed Matter\u201d es un proyecto sobre el estr\u00e9s que sirve como punto de partida para la reflexi\u00f3n. La propuesta es una herramienta de comunicaci\u00f3n que tiene como objetivo comunicar los niveles de estr\u00e9s de colectivos en un entorno laboral y acad\u00e9mico, mediante el estr\u00e9s de los materiales inteligentes.<\/p>\n<p>El proyecto de esta joven dise\u00f1adora gr\u00e1fica forma parte de la secci\u00f3n <a href=\"https:\/\/blancfestival.com\/jovenes-disenadores\/\">J\u00f3venes Dise\u00f1adores<\/a>, donde publicamos los proyectos de final de carrera, grado o m\u00e1ster que se han presentado en Blanc!<\/p>\n","protected":false},"excerpt":{"rendered":"La joven dise\u00f1adora gr\u00e1fica y ex-alumna de Elisava, Joana Bisbe present\u00f3 su proyecto final de grado en la edici\u00f3n n.11 de Blanc! \u201cStressed Matter\u201d es un trabajo de fin de grado que surgi\u00f3 a partir de un inter\u00e9s personal para entender la percepci\u00f3n del estr\u00e9s en la sociedad. El objetivo principal de la propuesta es&hellip;","protected":false},"author":3,"featured_media":2838,"comment_status":"open","ping_status":"open","sticky":false,"template":"","format":"standard","meta":{"_acf_changed":false,"footnotes":""},"categories":[36,2],"tags":[],"evento":[],"class_list":["post-2816","post","type-post","status-publish","format-standard","has-post-thumbnail","hentry","category-jovenes-disenadores","category-diseno"],"acf":[],"yoast_head":"<!-- This site is optimized with the Yoast SEO plugin v23.7 - https:\/\/yoast.com\/wordpress\/plugins\/seo\/ -->\n<title>J\u00f3venes Dise\u00f1adores: Joana Bisbe | Elisava<\/title>\n<meta name=\"description\" content=\"Este proyecto surge a partir de un inter\u00e9s personal por parte de esta joven dise\u00f1adora, para entender la percepci\u00f3n del estr\u00e9s en la sociedad.\" \/>\n<meta name=\"robots\" content=\"index, follow, max-snippet:-1, max-image-preview:large, max-video-preview:-1\" \/>\n<link rel=\"canonical\" href=\"https:\/\/blancfestival.com\/ca\/stressed-matter-de-joana-bisbe\/\" \/>\n<meta property=\"og:locale\" content=\"ca_ES\" \/>\n<meta property=\"og:type\" content=\"article\" \/>\n<meta property=\"og:title\" content=\"J\u00f3venes Dise\u00f1adores: Joana Bisbe | Elisava\" \/>\n<meta property=\"og:description\" content=\"Este proyecto surge a partir de un inter\u00e9s personal por parte de esta joven dise\u00f1adora, para entender la percepci\u00f3n del estr\u00e9s en la sociedad.\" \/>\n<meta property=\"og:url\" content=\"https:\/\/blancfestival.com\/ca\/stressed-matter-de-joana-bisbe\/\" \/>\n<meta property=\"og:site_name\" content=\"Blanc!\" \/>\n<meta property=\"article:publisher\" content=\"https:\/\/www.facebook.com\/blanc.festivaldissenygrafic\/\" \/>\n<meta property=\"article:published_time\" content=\"2020-05-13T08:15:57+00:00\" \/>\n<meta property=\"og:image\" content=\"https:\/\/blancfestival.com\/wp-content\/uploads\/2020\/05\/portada-JoanaBisbe-StressedMatter-IMAGEN-2.jpg\" \/>\n\t<meta property=\"og:image:width\" content=\"1920\" \/>\n\t<meta property=\"og:image:height\" content=\"1205\" \/>\n\t<meta property=\"og:image:type\" content=\"image\/jpeg\" \/>\n<meta name=\"author\" content=\"Redacci\u00f3n Blanc!\" \/>\n<meta name=\"twitter:card\" content=\"summary_large_image\" \/>\n<meta name=\"twitter:creator\" content=\"@blancfest\" \/>\n<meta name=\"twitter:site\" content=\"@blancfest\" \/>\n<meta name=\"twitter:label1\" content=\"Written by\" \/>\n\t<meta name=\"twitter:data1\" content=\"Redacci\u00f3n Blanc!\" \/>\n\t<meta name=\"twitter:label2\" content=\"Est. reading time\" \/>\n\t<meta name=\"twitter:data2\" content=\"4 minutes\" \/>\n<script type=\"application\/ld+json\" class=\"yoast-schema-graph\">{\"@context\":\"https:\/\/schema.org\",\"@graph\":[{\"@type\":\"Article\",\"@id\":\"https:\/\/blancfestival.com\/ca\/stressed-matter-de-joana-bisbe\/#article\",\"isPartOf\":{\"@id\":\"https:\/\/blancfestival.com\/ca\/stressed-matter-de-joana-bisbe\/\"},\"author\":{\"name\":\"Redacci\u00f3n Blanc!\",\"@id\":\"https:\/\/blancfestival.com\/#\/schema\/person\/1c1365d1e51e5730cf3f5fadb8670c06\"},\"headline\":\"Stressed Matter, de Joana Bisbe\",\"datePublished\":\"2020-05-13T08:15:57+00:00\",\"dateModified\":\"2020-05-13T08:15:57+00:00\",\"mainEntityOfPage\":{\"@id\":\"https:\/\/blancfestival.com\/ca\/stressed-matter-de-joana-bisbe\/\"},\"wordCount\":844,\"commentCount\":0,\"publisher\":{\"@id\":\"https:\/\/blancfestival.com\/#organization\"},\"image\":{\"@id\":\"https:\/\/blancfestival.com\/ca\/stressed-matter-de-joana-bisbe\/#primaryimage\"},\"thumbnailUrl\":\"https:\/\/blancfestival.com\/wp-content\/uploads\/2020\/05\/portada-JoanaBisbe-StressedMatter-IMAGEN-2.jpg\",\"articleSection\":[\"J\u00f3venes dise\u00f1adores\",\"Dise\u00f1o\"],\"inLanguage\":\"ca\",\"potentialAction\":[{\"@type\":\"CommentAction\",\"name\":\"Comment\",\"target\":[\"https:\/\/blancfestival.com\/ca\/stressed-matter-de-joana-bisbe\/#respond\"]}]},{\"@type\":\"WebPage\",\"@id\":\"https:\/\/blancfestival.com\/ca\/stressed-matter-de-joana-bisbe\/\",\"url\":\"https:\/\/blancfestival.com\/ca\/stressed-matter-de-joana-bisbe\/\",\"name\":\"J\u00f3venes Dise\u00f1adores: Joana Bisbe | Elisava\",\"isPartOf\":{\"@id\":\"https:\/\/blancfestival.com\/#website\"},\"primaryImageOfPage\":{\"@id\":\"https:\/\/blancfestival.com\/ca\/stressed-matter-de-joana-bisbe\/#primaryimage\"},\"image\":{\"@id\":\"https:\/\/blancfestival.com\/ca\/stressed-matter-de-joana-bisbe\/#primaryimage\"},\"thumbnailUrl\":\"https:\/\/blancfestival.com\/wp-content\/uploads\/2020\/05\/portada-JoanaBisbe-StressedMatter-IMAGEN-2.jpg\",\"datePublished\":\"2020-05-13T08:15:57+00:00\",\"dateModified\":\"2020-05-13T08:15:57+00:00\",\"description\":\"Este proyecto surge a partir de un inter\u00e9s personal por parte de esta joven dise\u00f1adora, para entender la percepci\u00f3n del estr\u00e9s en la sociedad.\",\"breadcrumb\":{\"@id\":\"https:\/\/blancfestival.com\/ca\/stressed-matter-de-joana-bisbe\/#breadcrumb\"},\"inLanguage\":\"ca\",\"potentialAction\":[{\"@type\":\"ReadAction\",\"target\":[\"https:\/\/blancfestival.com\/ca\/stressed-matter-de-joana-bisbe\/\"]}]},{\"@type\":\"ImageObject\",\"inLanguage\":\"ca\",\"@id\":\"https:\/\/blancfestival.com\/ca\/stressed-matter-de-joana-bisbe\/#primaryimage\",\"url\":\"https:\/\/blancfestival.com\/wp-content\/uploads\/2020\/05\/portada-JoanaBisbe-StressedMatter-IMAGEN-2.jpg\",\"contentUrl\":\"https:\/\/blancfestival.com\/wp-content\/uploads\/2020\/05\/portada-JoanaBisbe-StressedMatter-IMAGEN-2.jpg\",\"width\":1920,\"height\":1205,\"caption\":\"Joana Bisbe\"},{\"@type\":\"BreadcrumbList\",\"@id\":\"https:\/\/blancfestival.com\/ca\/stressed-matter-de-joana-bisbe\/#breadcrumb\",\"itemListElement\":[{\"@type\":\"ListItem\",\"position\":1,\"name\":\"Portada\",\"item\":\"https:\/\/blancfestival.com\/ca\/\"},{\"@type\":\"ListItem\",\"position\":2,\"name\":\"Stressed Matter, de Joana Bisbe\"}]},{\"@type\":\"WebSite\",\"@id\":\"https:\/\/blancfestival.com\/#website\",\"url\":\"https:\/\/blancfestival.com\/\",\"name\":\"Blanc! Festival\",\"description\":\"Disseny, Creativitat i Innovaci\u00f3\",\"publisher\":{\"@id\":\"https:\/\/blancfestival.com\/#organization\"},\"potentialAction\":[{\"@type\":\"SearchAction\",\"target\":{\"@type\":\"EntryPoint\",\"urlTemplate\":\"https:\/\/blancfestival.com\/?s={search_term_string}\"},\"query-input\":{\"@type\":\"PropertyValueSpecification\",\"valueRequired\":true,\"valueName\":\"search_term_string\"}}],\"inLanguage\":\"ca\"},{\"@type\":\"Organization\",\"@id\":\"https:\/\/blancfestival.com\/#organization\",\"name\":\"Blanc! Festival de Dise\u00f1o, Creatividad e Innovaci\u00f3n\",\"url\":\"https:\/\/blancfestival.com\/\",\"logo\":{\"@type\":\"ImageObject\",\"inLanguage\":\"ca\",\"@id\":\"https:\/\/blancfestival.com\/#\/schema\/logo\/image\/\",\"url\":\"https:\/\/blancfestival.com\/wp-content\/uploads\/2025\/01\/logo_icono_blanc.jpg\",\"contentUrl\":\"https:\/\/blancfestival.com\/wp-content\/uploads\/2025\/01\/logo_icono_blanc.jpg\",\"width\":2000,\"height\":2000,\"caption\":\"Blanc! Festival de Dise\u00f1o, Creatividad e Innovaci\u00f3n\"},\"image\":{\"@id\":\"https:\/\/blancfestival.com\/#\/schema\/logo\/image\/\"},\"sameAs\":[\"https:\/\/www.facebook.com\/blanc.festivaldissenygrafic\/\",\"https:\/\/x.com\/blancfest\",\"https:\/\/www.instagram.com\/blancfest\/\",\"https:\/\/www.linkedin.com\/company\/blanc-festival\",\"https:\/\/www.pinterest.com\/blancfest\/\",\"https:\/\/www.youtube.com\/channel\/UCM-IjxOFb5gQg4yPgmze3Gg\"]},{\"@type\":\"Person\",\"@id\":\"https:\/\/blancfestival.com\/#\/schema\/person\/1c1365d1e51e5730cf3f5fadb8670c06\",\"name\":\"Redacci\u00f3n Blanc!\",\"image\":{\"@type\":\"ImageObject\",\"inLanguage\":\"ca\",\"@id\":\"https:\/\/blancfestival.com\/#\/schema\/person\/image\/\",\"url\":\"https:\/\/blancfestival.com\/wp-content\/uploads\/2020\/02\/ico-120x120.png\",\"contentUrl\":\"https:\/\/blancfestival.com\/wp-content\/uploads\/2020\/02\/ico-120x120.png\",\"caption\":\"Redacci\u00f3n Blanc!\"},\"description\":\"\u201cNo trates de doblar la cuchara. Es imposible. En lugar de hacerlo, solo intenta darte cuenta de la verdad\u2026 No hay cuchara. Entonces, ver\u00e1s que no es la cuchara lo que se dobla, te doblas t\u00fa\u201d\"}]}<\/script>\n<!-- \/ Yoast SEO plugin. -->","yoast_head_json":{"title":"J\u00f3venes Dise\u00f1adores: Joana Bisbe | Elisava","description":"Este proyecto surge a partir de un inter\u00e9s personal por parte de esta joven dise\u00f1adora, para entender la percepci\u00f3n del estr\u00e9s en la sociedad.","robots":{"index":"index","follow":"follow","max-snippet":"max-snippet:-1","max-image-preview":"max-image-preview:large","max-video-preview":"max-video-preview:-1"},"canonical":"https:\/\/blancfestival.com\/ca\/stressed-matter-de-joana-bisbe\/","og_locale":"ca_ES","og_type":"article","og_title":"J\u00f3venes Dise\u00f1adores: Joana Bisbe | Elisava","og_description":"Este proyecto surge a partir de un inter\u00e9s personal por parte de esta joven dise\u00f1adora, para entender la percepci\u00f3n del estr\u00e9s en la sociedad.","og_url":"https:\/\/blancfestival.com\/ca\/stressed-matter-de-joana-bisbe\/","og_site_name":"Blanc!","article_publisher":"https:\/\/www.facebook.com\/blanc.festivaldissenygrafic\/","article_published_time":"2020-05-13T08:15:57+00:00","og_image":[{"width":1920,"height":1205,"url":"https:\/\/blancfestival.com\/wp-content\/uploads\/2020\/05\/portada-JoanaBisbe-StressedMatter-IMAGEN-2.jpg","type":"image\/jpeg"}],"author":"Redacci\u00f3n Blanc!","twitter_card":"summary_large_image","twitter_creator":"@blancfest","twitter_site":"@blancfest","twitter_misc":{"Written by":"Redacci\u00f3n Blanc!","Est. reading time":"4 minutes"},"schema":{"@context":"https:\/\/schema.org","@graph":[{"@type":"Article","@id":"https:\/\/blancfestival.com\/ca\/stressed-matter-de-joana-bisbe\/#article","isPartOf":{"@id":"https:\/\/blancfestival.com\/ca\/stressed-matter-de-joana-bisbe\/"},"author":{"name":"Redacci\u00f3n Blanc!","@id":"https:\/\/blancfestival.com\/#\/schema\/person\/1c1365d1e51e5730cf3f5fadb8670c06"},"headline":"Stressed Matter, de Joana Bisbe","datePublished":"2020-05-13T08:15:57+00:00","dateModified":"2020-05-13T08:15:57+00:00","mainEntityOfPage":{"@id":"https:\/\/blancfestival.com\/ca\/stressed-matter-de-joana-bisbe\/"},"wordCount":844,"commentCount":0,"publisher":{"@id":"https:\/\/blancfestival.com\/#organization"},"image":{"@id":"https:\/\/blancfestival.com\/ca\/stressed-matter-de-joana-bisbe\/#primaryimage"},"thumbnailUrl":"https:\/\/blancfestival.com\/wp-content\/uploads\/2020\/05\/portada-JoanaBisbe-StressedMatter-IMAGEN-2.jpg","articleSection":["J\u00f3venes dise\u00f1adores","Dise\u00f1o"],"inLanguage":"ca","potentialAction":[{"@type":"CommentAction","name":"Comment","target":["https:\/\/blancfestival.com\/ca\/stressed-matter-de-joana-bisbe\/#respond"]}]},{"@type":"WebPage","@id":"https:\/\/blancfestival.com\/ca\/stressed-matter-de-joana-bisbe\/","url":"https:\/\/blancfestival.com\/ca\/stressed-matter-de-joana-bisbe\/","name":"J\u00f3venes Dise\u00f1adores: Joana Bisbe | Elisava","isPartOf":{"@id":"https:\/\/blancfestival.com\/#website"},"primaryImageOfPage":{"@id":"https:\/\/blancfestival.com\/ca\/stressed-matter-de-joana-bisbe\/#primaryimage"},"image":{"@id":"https:\/\/blancfestival.com\/ca\/stressed-matter-de-joana-bisbe\/#primaryimage"},"thumbnailUrl":"https:\/\/blancfestival.com\/wp-content\/uploads\/2020\/05\/portada-JoanaBisbe-StressedMatter-IMAGEN-2.jpg","datePublished":"2020-05-13T08:15:57+00:00","dateModified":"2020-05-13T08:15:57+00:00","description":"Este proyecto surge a partir de un inter\u00e9s personal por parte de esta joven dise\u00f1adora, para entender la percepci\u00f3n del estr\u00e9s en la sociedad.","breadcrumb":{"@id":"https:\/\/blancfestival.com\/ca\/stressed-matter-de-joana-bisbe\/#breadcrumb"},"inLanguage":"ca","potentialAction":[{"@type":"ReadAction","target":["https:\/\/blancfestival.com\/ca\/stressed-matter-de-joana-bisbe\/"]}]},{"@type":"ImageObject","inLanguage":"ca","@id":"https:\/\/blancfestival.com\/ca\/stressed-matter-de-joana-bisbe\/#primaryimage","url":"https:\/\/blancfestival.com\/wp-content\/uploads\/2020\/05\/portada-JoanaBisbe-StressedMatter-IMAGEN-2.jpg","contentUrl":"https:\/\/blancfestival.com\/wp-content\/uploads\/2020\/05\/portada-JoanaBisbe-StressedMatter-IMAGEN-2.jpg","width":1920,"height":1205,"caption":"Joana Bisbe"},{"@type":"BreadcrumbList","@id":"https:\/\/blancfestival.com\/ca\/stressed-matter-de-joana-bisbe\/#breadcrumb","itemListElement":[{"@type":"ListItem","position":1,"name":"Portada","item":"https:\/\/blancfestival.com\/ca\/"},{"@type":"ListItem","position":2,"name":"Stressed Matter, de Joana Bisbe"}]},{"@type":"WebSite","@id":"https:\/\/blancfestival.com\/#website","url":"https:\/\/blancfestival.com\/","name":"Blanc! Festival","description":"Disseny, Creativitat i Innovaci\u00f3","publisher":{"@id":"https:\/\/blancfestival.com\/#organization"},"potentialAction":[{"@type":"SearchAction","target":{"@type":"EntryPoint","urlTemplate":"https:\/\/blancfestival.com\/?s={search_term_string}"},"query-input":{"@type":"PropertyValueSpecification","valueRequired":true,"valueName":"search_term_string"}}],"inLanguage":"ca"},{"@type":"Organization","@id":"https:\/\/blancfestival.com\/#organization","name":"Blanc! Festival de Dise\u00f1o, Creatividad e Innovaci\u00f3n","url":"https:\/\/blancfestival.com\/","logo":{"@type":"ImageObject","inLanguage":"ca","@id":"https:\/\/blancfestival.com\/#\/schema\/logo\/image\/","url":"https:\/\/blancfestival.com\/wp-content\/uploads\/2025\/01\/logo_icono_blanc.jpg","contentUrl":"https:\/\/blancfestival.com\/wp-content\/uploads\/2025\/01\/logo_icono_blanc.jpg","width":2000,"height":2000,"caption":"Blanc! Festival de Dise\u00f1o, Creatividad e Innovaci\u00f3n"},"image":{"@id":"https:\/\/blancfestival.com\/#\/schema\/logo\/image\/"},"sameAs":["https:\/\/www.facebook.com\/blanc.festivaldissenygrafic\/","https:\/\/x.com\/blancfest","https:\/\/www.instagram.com\/blancfest\/","https:\/\/www.linkedin.com\/company\/blanc-festival","https:\/\/www.pinterest.com\/blancfest\/","https:\/\/www.youtube.com\/channel\/UCM-IjxOFb5gQg4yPgmze3Gg"]},{"@type":"Person","@id":"https:\/\/blancfestival.com\/#\/schema\/person\/1c1365d1e51e5730cf3f5fadb8670c06","name":"Redacci\u00f3n Blanc!","image":{"@type":"ImageObject","inLanguage":"ca","@id":"https:\/\/blancfestival.com\/#\/schema\/person\/image\/","url":"https:\/\/blancfestival.com\/wp-content\/uploads\/2020\/02\/ico-120x120.png","contentUrl":"https:\/\/blancfestival.com\/wp-content\/uploads\/2020\/02\/ico-120x120.png","caption":"Redacci\u00f3n Blanc!"},"description":"\u201cNo trates de doblar la cuchara. Es imposible. En lugar de hacerlo, solo intenta darte cuenta de la verdad\u2026 No hay cuchara. Entonces, ver\u00e1s que no es la cuchara lo que se dobla, te doblas t\u00fa\u201d"}]}},"_links":{"self":[{"href":"https:\/\/blancfestival.com\/ca\/wp-json\/wp\/v2\/posts\/2816","targetHints":{"allow":["GET"]}}],"collection":[{"href":"https:\/\/blancfestival.com\/ca\/wp-json\/wp\/v2\/posts"}],"about":[{"href":"https:\/\/blancfestival.com\/ca\/wp-json\/wp\/v2\/types\/post"}],"author":[{"embeddable":true,"href":"https:\/\/blancfestival.com\/ca\/wp-json\/wp\/v2\/users\/3"}],"replies":[{"embeddable":true,"href":"https:\/\/blancfestival.com\/ca\/wp-json\/wp\/v2\/comments?post=2816"}],"version-history":[{"count":5,"href":"https:\/\/blancfestival.com\/ca\/wp-json\/wp\/v2\/posts\/2816\/revisions"}],"predecessor-version":[{"id":2905,"href":"https:\/\/blancfestival.com\/ca\/wp-json\/wp\/v2\/posts\/2816\/revisions\/2905"}],"wp:featuredmedia":[{"embeddable":true,"href":"https:\/\/blancfestival.com\/ca\/wp-json\/wp\/v2\/media\/2838"}],"wp:attachment":[{"href":"https:\/\/blancfestival.com\/ca\/wp-json\/wp\/v2\/media?parent=2816"}],"wp:term":[{"taxonomy":"category","embeddable":true,"href":"https:\/\/blancfestival.com\/ca\/wp-json\/wp\/v2\/categories?post=2816"},{"taxonomy":"post_tag","embeddable":true,"href":"https:\/\/blancfestival.com\/ca\/wp-json\/wp\/v2\/tags?post=2816"},{"taxonomy":"evento","embeddable":true,"href":"https:\/\/blancfestival.com\/ca\/wp-json\/wp\/v2\/evento?post=2816"}],"curies":[{"name":"wp","href":"https:\/\/api.w.org\/{rel}","templated":true}]}}