{"id":2941,"date":"2020-05-23T11:12:02","date_gmt":"2020-05-23T09:12:02","guid":{"rendered":"https:\/\/blancfestival.com\/?p=2941"},"modified":"2020-11-22T01:54:23","modified_gmt":"2020-11-22T00:54:23","slug":"javier-mariscal-el-grafismo-ayuda-a-vivir-bien","status":"publish","type":"post","link":"https:\/\/blancfestival.com\/ca\/javier-mariscal-el-grafismo-ayuda-a-vivir-bien\/","title":{"rendered":"Javier Mariscal &#8220;El grafismo ayuda a vivir bien&#8221;"},"content":{"rendered":"<p>En uno de nuestros T\u00eate \u00e0 T\u00eate v\u00eda Instagram, como el que ya hicimos con <a href=\"https:\/\/blancfestival.com\/diseno\/josep-maria-mir-el-designador-grafico\/\">Josep Maria Mir<\/a> o <a href=\"https:\/\/blancfestival.com\/diseno\/maestro-mario-eskenazi\/\">Mario Eskenazi<\/a>, hablamos con el artista, dise\u00f1ador, ilustrador o simplemente dibujante, Javier Mariscal.<\/p>\n<p>Si ten\u00edamos un gui\u00f3n con nuestras preguntas bien listadas y preparadas, estas se han perdido en la infinita imaginativa de Javier Mariscal. Y es que quiz\u00e1s ah\u00ed es donde reside su particular forma de ser como artista y dise\u00f1ador, la de (re)interpretar a su manera una realidad que para muchos ya viene establecida. Para Chavi (as\u00ed lo llaman sus amigos) una pregunta no es \u201cuna pregunta\u201d, sino una puerta hacia lo inesperado, lo <span data-dobid=\"hdw\">impredecible<\/span>. Y abriendo estas puertas estaba Mireia Dom\u00e8nech, nuestra responsable de comunicaci\u00f3n y content manager de Blanc!<\/p>\n<p>&nbsp;<\/p>\n<blockquote class=\"instagram-media\" style=\"background: #FFF; border: 0; border-radius: 3px; box-shadow: 0 0 1px 0 rgba(0,0,0,0.5),0 1px 10px 0 rgba(0,0,0,0.15); margin: 1px; max-width: 540px; min-width: 326px; padding: 0; width: calc(100% - 2px);\" data-instgrm-permalink=\"https:\/\/www.instagram.com\/tv\/CAPz8zAIico\/?utm_source=ig_embed&amp;utm_campaign=loading\" data-instgrm-version=\"12\">\n<div style=\"padding: 16px;\">\n<p>&nbsp;<\/p>\n<div style=\"display: flex; flex-direction: row; align-items: center;\">\n<div style=\"background-color: #f4f4f4; border-radius: 50%; flex-grow: 0; height: 40px; margin-right: 14px; width: 40px;\"><\/div>\n<div style=\"display: flex; flex-direction: column; flex-grow: 1; justify-content: center;\">\n<div style=\"background-color: #f4f4f4; border-radius: 4px; flex-grow: 0; height: 14px; margin-bottom: 6px; width: 100px;\"><\/div>\n<div style=\"background-color: #f4f4f4; border-radius: 4px; flex-grow: 0; height: 14px; width: 60px;\"><\/div>\n<\/div>\n<\/div>\n<div style=\"padding: 19% 0;\"><\/div>\n<div style=\"display: block; height: 50px; margin: 0 auto 12px; width: 50px;\"><\/div>\n<div style=\"padding-top: 8px;\">\n<div style=\"color: #3897f0; font-family: Arial,sans-serif; font-size: 14px; font-style: normal; font-weight: 550; line-height: 18px;\">Ver esta publicaci\u00f3n en Instagram<\/div>\n<\/div>\n<div style=\"padding: 12.5% 0;\"><\/div>\n<div style=\"display: flex; flex-direction: row; margin-bottom: 14px; align-items: center;\">\n<div>\n<div style=\"background-color: #f4f4f4; border-radius: 50%; height: 12.5px; width: 12.5px; transform: translateX(0px) translateY(7px);\"><\/div>\n<div style=\"background-color: #f4f4f4; height: 12.5px; transform: rotate(-45deg) translateX(3px) translateY(1px); width: 12.5px; flex-grow: 0; margin-right: 14px; margin-left: 2px;\"><\/div>\n<div style=\"background-color: #f4f4f4; border-radius: 50%; height: 12.5px; width: 12.5px; transform: translateX(9px) translateY(-18px);\"><\/div>\n<\/div>\n<div style=\"margin-left: 8px;\">\n<div style=\"background-color: #f4f4f4; border-radius: 50%; flex-grow: 0; height: 20px; width: 20px;\"><\/div>\n<div style=\"width: 0; height: 0; border-top: 2px solid transparent; border-left: 6px solid #f4f4f4; border-bottom: 2px solid transparent; transform: translateX(16px) translateY(-4px) rotate(30deg);\"><\/div>\n<\/div>\n<div style=\"margin-left: auto;\">\n<div style=\"width: 0px; border-top: 8px solid #F4F4F4; border-right: 8px solid transparent; transform: translateY(16px);\"><\/div>\n<div style=\"background-color: #f4f4f4; flex-grow: 0; height: 12px; width: 16px; transform: translateY(-4px);\"><\/div>\n<div style=\"width: 0; height: 0; border-top: 8px solid #F4F4F4; border-left: 8px solid transparent; transform: translateY(-4px) translateX(8px);\"><\/div>\n<\/div>\n<\/div>\n<div style=\"display: flex; flex-direction: column; flex-grow: 1; justify-content: center; margin-bottom: 24px;\">\n<div style=\"background-color: #f4f4f4; border-radius: 4px; flex-grow: 0; height: 14px; margin-bottom: 6px; width: 224px;\"><\/div>\n<div style=\"background-color: #f4f4f4; border-radius: 4px; flex-grow: 0; height: 14px; width: 144px;\"><\/div>\n<\/div>\n<p>&nbsp;<\/p>\n<p style=\"color: #c9c8cd; font-family: Arial,sans-serif; font-size: 14px; line-height: 17px; margin-bottom: 0; margin-top: 8px; overflow: hidden; padding: 8px 0 7px; text-align: center; text-overflow: ellipsis; white-space: nowrap;\"><a style=\"color: #c9c8cd; font-family: Arial,sans-serif; font-size: 14px; font-style: normal; font-weight: normal; line-height: 17px; text-decoration: none;\" href=\"https:\/\/www.instagram.com\/tv\/CAPz8zAIico\/?utm_source=ig_embed&amp;utm_campaign=loading\" target=\"_blank\" rel=\"noopener noreferrer\">Una publicaci\u00f3n compartida de Blanc! (@blancfest)<\/a> el <time style=\"font-family: Arial,sans-serif; font-size: 14px; line-height: 17px;\" datetime=\"2020-05-16T11:28:36+00:00\">16 May, 2020 a las 4:28 PDT<\/time><\/p>\n<\/div>\n<\/blockquote>\n<p><script async src=\"\/\/www.instagram.com\/embed.js\"><\/script><\/p>\n<p>&nbsp;<\/p>\n<h2>\u00bfQu\u00e9 es un dise\u00f1ador para Javier Mariscal?<\/h2>\n<p>El dise\u00f1ador es un comunicador visual, alguien que trabaja con puntos, tipograf\u00eda, rayas\u2026 Un lenguaje gr\u00e1fico que se ha ido desarrollando desde el Homo sapiens hasta ahora. Al principio quiz\u00e1s eran silbidos, historias musicales, gestos o s\u00edmbolos. Eran rayas, cruces, flechas\u2026 nuestros ancestros descubrieron que pod\u00edan comunicar gr\u00e1ficamente.<\/p>\n<p>Es algo que ya nos viene en el adn. Si a un ni\u00f1o le dibujas un perro con cuatro rayas, y le dices \u201cmiau\u201d, el ni\u00f1o te dice: \u201cno es un gato, es un perro!\u201d. Solo en este sencillo experimento, hay una multiplicidad de formas de comunicaci\u00f3n que no fueron aprendidos, ya nos viene de serie.<\/p>\n<p>Conozco a gente que son muy felices dise\u00f1ando tipograf\u00edas toda su vida. Un gran amigo m\u00edo de Holanda es ilustrador, trabaja con la misma mesa, mismos personajes, misma imprenta, y siempre el mismo tipo de ilustraci\u00f3n. Otros hacen esculturas, alfombras, oficinas\u2026 y otros hacen siempre un tipo de dise\u00f1o muy pautado, casi vintage, siempre las mismas rayitas, los mismos puntitos, todo muy controlado, cuadriculado, como si tuvieran un excel en su cabeza. Otros son m\u00e1s desastre, lo rompen todo\u2026 son mas disruptivos.<\/p>\n<p>&nbsp;<\/p>\n<p><img loading=\"lazy\" decoding=\"async\" width=\"700\" height=\"310\" class=\"alignnone size-large wp-image-2966\" src=\"https:\/\/blancfestival.com\/wp-content\/uploads\/2020\/05\/yorker-700x310.jpg\" alt=\"\" srcset=\"https:\/\/blancfestival.com\/wp-content\/uploads\/2020\/05\/yorker-700x310.jpg 700w, https:\/\/blancfestival.com\/wp-content\/uploads\/2020\/05\/yorker-250x111.jpg 250w, https:\/\/blancfestival.com\/wp-content\/uploads\/2020\/05\/yorker-768x340.jpg 768w, https:\/\/blancfestival.com\/wp-content\/uploads\/2020\/05\/yorker-120x53.jpg 120w, https:\/\/blancfestival.com\/wp-content\/uploads\/2020\/05\/yorker.jpg 900w\" sizes=\"auto, (max-width: 700px) 100vw, 700px\" \/><\/p>\n<p>&nbsp;<\/p>\n<h2>\u00bfExiste el estilo &#8220;Mariscal&#8221;?<\/h2>\n<p>Yo nac\u00ed estropeado, con muchas carencias. A los 50 a\u00f1os me enter\u00e9 que era disl\u00e9xico. Ya naces as\u00ed, tu cerebro piensa de otra manera y todo lo que es aprendizaje, como leer, escribir, las letras, la ortograf\u00eda, el orden, el aprender una metodolog\u00eda, se me hac\u00eda muy complicado. No puedes con ello, te resbala y te cuesta much\u00edsimo. Pero ves que a la mayor\u00eda de la gente no les cuesta nada, y al contrario que a m\u00ed, estos sistemas les ayudaban a pensar y desarrollar sus ideas.<\/p>\n<p>Todos mis hermanos se burlaban de m\u00ed porque me costaba mucho leer, por eso siempre me gust\u00f3 dibujar.<\/p>\n<p>Nunca he buscado un estilo, de hecho siempre me cost\u00f3 admitir que mi profesi\u00f3n es la de dibujante. Nunca he querido clasificarme, <strong>simplemente hago lo que me gusta y ya est\u00e1.<\/strong><\/p>\n<p>&nbsp;<\/p>\n<h2>\u00bfY si tuvieras que clasificarte, dir\u00edas que eres m\u00e1s ilustrador, o m\u00e1s dise\u00f1ador?<\/h2>\n<p>Me considero dibujante, pero a la vez no me considero nada.<strong> Toda mi vida me han pagado por divertirme<\/strong>, por hacer lo que me gusta, que es dibujar. Muchas veces me han pagado mucho, y otras tantas casi nada. Vives muy bien, te pagan por hacer lo que te divierte, \u00a1es una suerte! Y gracias a nuestro trabajo como comunicadores, ves que lo que t\u00fa haces aporta algo a la sociedad. Ayudamos a las personas.<\/p>\n<p>&nbsp;<\/p>\n<h2>\u00bfTienes alguna rutina de trabajo?<\/h2>\n<p>Cuando acab\u00e9 la escuela me promet\u00ed a m\u00ed mismo que nunca m\u00e1s en la vida volver\u00eda a hacer matem\u00e1ticas un lunes a las 9 de la ma\u00f1ana. No puedo con las rutinas. Hay d\u00edas que me levanto muy temprano y otros m\u00e1s tarde. Otros d\u00edas dibujo todo el d\u00eda, y otros d\u00edas me quedo hasta altas horas de la noche.<\/p>\n<p>&nbsp;<\/p>\n<h2>\u00bfC\u00f3mo alimentas la creatividad?<\/h2>\n<p>Hay d\u00edas en que me levanto, empiezo a dibujar, y en un momento dado me doy cuenta de que no he desayunado todav\u00eda. Otras veces se hace de noche, y a las 2 de la madrugada me doy cuenta que no he cenado. Muchas veces me olvido de alimentarme, por lo que por qu\u00e9 me voy a parar a pensar en alimentar la creatividad, eso es una gilipollez. La personas tienen una concepci\u00f3n muy diferente de la creatividad, <strong>para m\u00ed la creatividad es como respirar, todos los humanos nacemos creativos<\/strong>. Mira los ni\u00f1os, ya nacen as\u00ed, \u00a1hasta los taxistas son creativos!<\/p>\n<p>&nbsp;<\/p>\n<p><img loading=\"lazy\" decoding=\"async\" width=\"700\" height=\"467\" class=\"alignnone size-large wp-image-2969\" src=\"https:\/\/blancfestival.com\/wp-content\/uploads\/2020\/05\/trueba-marisscal-tenorio-700x467.jpg\" alt=\"Trueba y Mariscal\" srcset=\"https:\/\/blancfestival.com\/wp-content\/uploads\/2020\/05\/trueba-marisscal-tenorio-700x467.jpg 700w, https:\/\/blancfestival.com\/wp-content\/uploads\/2020\/05\/trueba-marisscal-tenorio-250x167.jpg 250w, https:\/\/blancfestival.com\/wp-content\/uploads\/2020\/05\/trueba-marisscal-tenorio-768x512.jpg 768w, https:\/\/blancfestival.com\/wp-content\/uploads\/2020\/05\/trueba-marisscal-tenorio-120x80.jpg 120w, https:\/\/blancfestival.com\/wp-content\/uploads\/2020\/05\/trueba-marisscal-tenorio-272x182.jpg 272w, https:\/\/blancfestival.com\/wp-content\/uploads\/2020\/05\/trueba-marisscal-tenorio.jpg 1200w\" sizes=\"auto, (max-width: 700px) 100vw, 700px\" \/><\/p>\n<p>&nbsp;<\/p>\n<h2>\u00bfEn qu\u00e9 est\u00e1 trabajando ahora Javier Mariscal?<\/h2>\n<p>He tenido la suerte de que me ha entrado un p<strong>royecto con Fernando Trueba<\/strong>, un gran amigo m\u00edo. Una pel\u00edcula documental sobre algo que le paso a \u00e9l, filmada en R\u00edo de Janeiro. A Fernando le gusta mucho ir de compras a las peque\u00f1as tiendas de discos. Y le pas\u00f3 que estando en Brasil, entr\u00f3 a una de estas tiendas, y escuchando un disco de jazz brasile\u00f1o de los a\u00f1os sesenta que le gust\u00f3 much\u00edsimo, repar\u00f3 en el sonido de un piano que pensaba que era de un pianista que \u00e9l conoc\u00eda muy bien. Sin embargo, al leer los cr\u00e9ditos, se sorprendi\u00f3 al ver que era un m\u00fasico que no conoc\u00eda de nada. Se trataba del pianista brasile\u00f1o de samba-jazz Francisco Ten\u00f3rio Cerqueira J\u00fanior, m\u00e1s conocido como Ten\u00f3rio Jr, asesinado en Argentina durante la Operaci\u00f3n C\u00f3ndor.<\/p>\n<p>Le pregunt\u00f3 al dependiente si ten\u00eda m\u00e1s discos donde participase ese pianista, y le coment\u00f3 que era lo \u00fanico que hab\u00eda, algo que extra\u00f1\u00f3 mucho a Fernando, dado el considerable relieve art\u00edstico del pianista. As\u00ed que empez\u00f3 a indagar y logr\u00f3 dar con su mujer, con la que pudo saber m\u00e1s sobre el artista. De ah\u00ed naci\u00f3 la idea de rodar un documental.<\/p>\n<p>Cuando ya ten\u00eda todo el material, se dio cuenta que necesitar\u00eda actores para poder realizarlo. Pero un documental con actores es poco cre\u00edble, as\u00ed que contact\u00f3 conmigo para hacer un documental animado sobre la vida de Tenorio Jr. a partir de la base real de las voces de los entrevistados. Una historia que abarca desde los 60\u2019 hasta los cercanos 2000.<\/p>\n<p>Estoy contento con este proyecto porque <strong>es un trabajo muy artesanal<\/strong>, de creaci\u00f3n de fondos, de personajes, algunos muy realistas, que es lo que pide la pel\u00edcula, creando c\u00f3digos de colores y de c\u00f3mo se interpretan estos en las diferentes fases de la vida del artista.<\/p>\n<p>Y por eso, una de las cosas que agradezco de internet, es esa capacidad de poder aportar una ingente cantidad de informaci\u00f3n sobre un artista, una ciudad, un momento hist\u00f3rico, un pa\u00eds o una sociedad. Que te permite sumergirte en el personaje y su contexto.<\/p>\n<p>&nbsp;<\/p>\n<p><a href=\"https:\/\/mariscalstore.com\/es\/libros-ilustrados\/arte\/500-anos-habana\" target=\"_blank\" rel=\"noopener noreferrer\"><img loading=\"lazy\" decoding=\"async\" width=\"780\" height=\"509\" class=\"alignnone size-full wp-image-2954\" src=\"https:\/\/blancfestival.com\/wp-content\/uploads\/2020\/05\/libro-500-an\u0303os-havana.jpg\" alt=\"500 a\u00f1os ciudad de la Havana\" srcset=\"https:\/\/blancfestival.com\/wp-content\/uploads\/2020\/05\/libro-500-an\u0303os-havana.jpg 780w, https:\/\/blancfestival.com\/wp-content\/uploads\/2020\/05\/libro-500-an\u0303os-havana-250x163.jpg 250w, https:\/\/blancfestival.com\/wp-content\/uploads\/2020\/05\/libro-500-an\u0303os-havana-700x457.jpg 700w, https:\/\/blancfestival.com\/wp-content\/uploads\/2020\/05\/libro-500-an\u0303os-havana-768x501.jpg 768w, https:\/\/blancfestival.com\/wp-content\/uploads\/2020\/05\/libro-500-an\u0303os-havana-120x78.jpg 120w\" sizes=\"auto, (max-width: 780px) 100vw, 780px\" \/><\/a><\/p>\n<p>&nbsp;<\/p>\n<p>Es como el libro de los 500 a\u00f1os de la ciudad de La Havana. Me document\u00e9 mucho sobre c\u00f3mo era la \u00e9poca, qui\u00e9nes iban en los barcos que desembarcaban en la isla, qu\u00e9 com\u00edan, c\u00f3mo era la traves\u00eda hasta que lleg\u00f3 el barco a vapor.<\/p>\n<p>El primer d\u00eda que llegas a La Havana ves como unas cicatrices de c\u00f3mo fue el curso de la historia. Lo mismo pasa en Barcelona, como la ciudad desde los tiempos de los romanos ha querido ganarle terreno al mar. Sobre todo lo que me gusta es darme cuenta de estas cosas.<\/p>\n<p>Proyectos de este tipo despiertan la curiosidad. <strong>Si en esto de comunicar uno no es curioso, entonces que se dedique a otra cosa<\/strong>. De hecho uno deber\u00eda ser curioso se dedique a lo que se dedique. Todo es intuitivo, no hay un m\u00e9todo\u2026 Siempre cuento que en el colegio nos hac\u00edan &#8220;reflexionar&#8221; y yo me quedaba dormido\u2026 no s\u00e9 reflexionar.<\/p>\n<p>Miquel Barcel\u00f3, cada vez que termina un cuadro, tarda m\u00e1s en reflexionar y en intentar ver qu\u00e9 le ha llevado a hacer esa pieza, m\u00e1s que en la ejecuci\u00f3n misma de la obra.<\/p>\n<p>&nbsp;<\/p>\n<h2>\u00bfC\u00f3mo es la relaci\u00f3n de Javier Mariscal con el cliente?<\/h2>\n<p>Son gente que tienen un problema que te ponen sobre la mesa, y tu tienes que solucionar. Tienes que entender lo que realmente necesitan, lo que muchas veces me hace preguntarme si soy yo la persona adecuada para solucionar ese problema de comunicaci\u00f3n.<\/p>\n<p>Como tengo una manera de hacer diferente, ya vienen buscando algo muy concreto. Ya saben c\u00f3mo trabajo, y qu\u00e9 pueden esperar de m\u00ed. <strong>Es como un amigo\u2026 alguien muy \u201cbonico\u201d que adem\u00e1s \u00a1te va a pagar!<\/strong> Y gracias a eso vas a poder comprar tus alimentos, pagar tu casa, los estudios de tus hijos\u2026<\/p>\n<p>Tienes esta responsabilidad para con ellos, piensas que gracias a estos clientes puedes desarrollar y participar en proyectos que est\u00e1n muy bien. Me encanta irme a dormir pensando en que hoy he ayudado a alguien. <strong>En esta profesi\u00f3n ayudamos a que el mundo sea mejor. Imag\u00ednate que ahora quitan a todos lo grafistas, la gente no sabr\u00eda c\u00f3mo llegar al aeropuerto, se perder\u00edan, \u00a1no se enterar\u00edan de nada!<\/strong><\/p>\n<p>&nbsp;<\/p>\n<h2>Cu\u00e9ntanos m\u00e1s sobre proyectos en los que has participado y de los que te sientes orgulloso<\/h2>\n<p>La verdad es que no lo s\u00e9. He participado en muchos proyectos, como dije vivo muy al d\u00eda, no sabr\u00eda responder\u2026 Lo de los libros, quiz\u00e1s, es algo que me apasiona.<\/p>\n<p><a href=\"https:\/\/mariscalstore.com\/es\/libros-ilustrados\/arte\/losangeles-libro-lamina\" target=\"_blank\" rel=\"noopener noreferrer\"><img loading=\"lazy\" decoding=\"async\" width=\"780\" height=\"509\" class=\"alignnone size-full wp-image-2957\" src=\"https:\/\/blancfestival.com\/wp-content\/uploads\/2020\/05\/los-angeles.jpg\" alt=\"Los Angeles, Libro + L\u00e1mina\" srcset=\"https:\/\/blancfestival.com\/wp-content\/uploads\/2020\/05\/los-angeles.jpg 780w, https:\/\/blancfestival.com\/wp-content\/uploads\/2020\/05\/los-angeles-250x163.jpg 250w, https:\/\/blancfestival.com\/wp-content\/uploads\/2020\/05\/los-angeles-700x457.jpg 700w, https:\/\/blancfestival.com\/wp-content\/uploads\/2020\/05\/los-angeles-768x501.jpg 768w, https:\/\/blancfestival.com\/wp-content\/uploads\/2020\/05\/los-angeles-120x78.jpg 120w\" sizes=\"auto, (max-width: 780px) 100vw, 780px\" \/><\/a><\/p>\n<p>Antes recib\u00edas la revista El V\u00edbora y te pon\u00edas a llorar de la mala calidad de la impresi\u00f3n. La imprim\u00edan en horario nocturno, con el peor papel y sin mirar las calidades. Ahora todo es mucho m\u00e1s digno y fidedigno que antes.<\/p>\n<p>Yo trabajo ahora imprimiendo en papel de algod\u00f3n William Turner, con una impresora de \u00a118 tintas! logrando una calidad perfecta, sin ning\u00fan problema, y ademas muy barato. Porque <strong>ahora no hay procesos intermedios<\/strong>. Lo que haces en el ordenador va directo a la impresi\u00f3n, y puedes tener un original perfecto.<\/p>\n<p>&nbsp;<\/p>\n<p><iframe loading=\"lazy\" src=\"https:\/\/www.youtube.com\/embed\/-ZYS3fioREg\" width=\"680\" height=\"315\" frameborder=\"0\" allowfullscreen=\"allowfullscreen\"><span style=\"display: inline-block; width: 0px; overflow: hidden; line-height: 0;\" data-mce-type=\"bookmark\" class=\"mce_SELRES_start\">\ufeff<\/span><\/iframe><\/p>\n<p>&nbsp;<\/p>\n<p>Cuando tuvieron que hacer el programa de El Intermedio desde casa, El Gran Wyoming me llam\u00f3 y me dijo que ya era hora de que le hiciera aquella obra que le hab\u00eda prometido, necesitaba uno en gran formato para las transmisiones en vivo desde su casa. Antes hubiera tenido que hacer la pieza, envolverla, llamar un mensajero, enviarla\u2026 y adem\u00e1s al tama\u00f1o que ten\u00eda que ser \u00a1hubiera sido car\u00edsimo! Ahora lo \u00fanico que tuve que hacer es enviar el archivo por email a la imprenta de Madrid encargada de la producci\u00f3n. \u00a1Esto es un chollo! \u00a1Qu\u00e9 pasen estas cosas!<br \/>\nEn mi primer proyecto para The New Yorker, les envi\u00e9 el original por mensajer\u00eda y tardaba una eternidad en llegar. Ahora lo adjuntas en un correo y PSHHHH, se env\u00eda y al instante tienes un \u201cRight!\u201d en el correo.<\/p>\n<p>El que invent\u00f3 eso, lo del PSHHHH, el sonido del avi\u00f3n de cuando env\u00edas un email, \u00a1hay que hacerle un monumento! Antiguamente hab\u00eda que ir a comprar el sello, pegarlo, llamar al mensajero, enviarlo por tren, avi\u00f3n o barco, y les llegaba despu\u00e9s de dos o tres meses. Y ahora lo env\u00edas \u00a1y enseguida te contestan!<\/p>\n<p>&nbsp;<\/p>\n<h2>Respecto a esto, has vivido el paso de lo anal\u00f3gico a lo digital, y ya se ven los pros de lo digital en lo que nos cuentas\u2026<\/h2>\n<p>Tuve la suerte de que ya en el primer estudio en el 88, ya empez\u00e1bamos a utilizar ordenadores. Era la edad de piedra, y todo era muy lento\u2026 y ahora la cosa va mejor. El ordenador es una herramienta maravillosa, que te evita tener que pasar por todos esos procesos que hab\u00eda antes.<\/p>\n<p>Adem\u00e1s ves gente muy joven haciendo cosas maravillosas, con Photoshop o Illustrator, de una calidad espectacular. \u00a1Eso es muy chulo! O c\u00f3mo la gente normal puede acceder a estas herramientas, pudiendo imprimir r\u00e1pidamente un cartelito de \u201cvuelvo en 5 minutos\u201d con una tipograf\u00eda y una composici\u00f3n correctas. Antes ese mismo cartel lo escrib\u00edan con boli o rotulador.<\/p>\n<p><strong>El trabajo de un ni\u00f1o de 14 a\u00f1os de hoy en d\u00eda, de esos que entrega para el colegio, est\u00e1n al mismo nivel t\u00e9cnico que el de un director de arte de los a\u00f1os 60\u2019.<\/strong> Vamos a mejor, las nuevas generaciones son m\u00e1s listas, m\u00e1s enrollados, m\u00e1s monos\u2026<\/p>\n<p>&nbsp;<\/p>\n<h2>\u00bfSiempre positivo?<\/h2>\n<p>Soy una persona muy optimista, una vez se lo dije a Zapatero, \u00e9l siempre dec\u00eda que es una persona muy optimista, y yo le dije que era m\u00e1s optimista que \u00e9l. Somos unos enchufados por vivir aqu\u00ed en Barcelona, y esta parte del mundo. Abres el grifo y sale agua que no est\u00e1 contaminada, giras a la derecha y sale agua fr\u00eda, giras a la izquierda y sale agua caliente. Sale el sol casi todos los d\u00edas, los pajaritos te saludan, la gente es super educada \u00bfqu\u00e9 m\u00e1s quieres? \u00a1es un chollo! La gente te da besos, ahora no, pero vivimos en un mundo muy chulo de mucho cari\u00f1o, mucho amor. La gente quiere vivir bien, disfrutar, como cualquier ser vivo. Vivir lo mejor posible y pasarlo bien. El grafismo ayuda a vivir bien.<\/p>\n<p>&nbsp;<\/p>\n<p><img loading=\"lazy\" decoding=\"async\" width=\"680\" height=\"680\" class=\"alignnone size-full wp-image-2960\" src=\"https:\/\/blancfestival.com\/wp-content\/uploads\/2020\/05\/tipografia-1.jpg\" alt=\"Tipograf\u00eda Javier Mariscal\" srcset=\"https:\/\/blancfestival.com\/wp-content\/uploads\/2020\/05\/tipografia-1.jpg 680w, https:\/\/blancfestival.com\/wp-content\/uploads\/2020\/05\/tipografia-1-250x250.jpg 250w, https:\/\/blancfestival.com\/wp-content\/uploads\/2020\/05\/tipografia-1-150x150.jpg 150w, https:\/\/blancfestival.com\/wp-content\/uploads\/2020\/05\/tipografia-1-120x120.jpg 120w\" sizes=\"auto, (max-width: 680px) 100vw, 680px\" \/><\/p>\n<p>&nbsp;<\/p>\n<h2>\u00bfTienes predilecci\u00f3n por alguna tipograf\u00eda?<\/h2>\n<p>No me se ninguna tipograf\u00eda\u2026 caja alta, caja baja, y cuando se caen hacia la derecha, \u00bfitaliana?, supongo que por eso de la Torre de Pisa\u2026 no s\u00e9.<\/p>\n<p>La dislexia me hace ver todo de otra forma. No te vas a pegar un tiro por eso, tienes que sacarle partido a lo que tienes, tirar para adelante, nuestros defectos hacerlos virtudes, y explotar al m\u00e1ximo lo que somos.<\/p>\n<p>&nbsp;<\/p>\n<h2>\u00bfHas rechazado proyectos por no compartir valores o cuestiones de \u00e9tica?<\/h2>\n<p>En este sentido siempre he tenido mucha suerte con los clientes que han querido trabajar conmigo. S\u00ed que no trabajar\u00eda por ejemplo, para el sector automovil\u00edstico.<\/p>\n<p>Hay campa\u00f1as contra los fumadores por todas partes, y aunque entiendo que fumar hace da\u00f1o, es una decisi\u00f3n m\u00eda\u2026 Soy consciente que me hago mal, pero sigue siendo una decisi\u00f3n personal que no hace mal a nadie m\u00e1s que a m\u00ed. Pero los coches contaminan, y matan a m\u00e1s personas que el tabaco, y sin embargo no veo campa\u00f1as contra la contaminaci\u00f3n que genera la producci\u00f3n y el propio uso de los veh\u00edculos, m\u00e1s bien al contrario. Es un producto insolidario.<\/p>\n<p>&nbsp;<\/p>\n<h2>De hecho, si algo bueno que podemos sacar de esta situaci\u00f3n de confinamiento, es que puedes ir en bici por donde quieras, sin coches en la calle<\/h2>\n<p>Nuestra casa es el mundo, es muy peque\u00f1o, todos vivimos aqu\u00ed, lo que le pasa a una planta, o a un mosquito, o a cualquier animal, la salud de una persona de otro pa\u00eds, es importante. Estamos s\u00faper interconectados, y <strong>empezamos a darnos cuenta de que tenemos una sola casa, y que necesitamos organizarnos a nivel global.<\/strong><\/p>\n<p>Lo de las naciones hace mucho tiempo que me molesta mucho, \u00bftodav\u00eda estamos as\u00ed? Es muy importante que empecemos a trabajar y relacionarlos m\u00e1s. Ya se est\u00e1 haciendo, pero necesitamos repensar las relaciones a nivel global.<\/p>\n<p>Y todo empieza por uno mismo, lo de reciclar no es una tonter\u00eda, tenemos que exigir, actuar. Si te piden una firma y est\u00e1s a favor de la causa, \u00a1hazlo! Todo suma.<\/p>\n<p>&nbsp;<\/p>\n<h2>\u00bfC\u00f3mo est\u00e1s llevando esto del confinamiento y la pandemia?<\/h2>\n<p>El momento que estamos pasando ahora, es un momento m\u00e1gico, de incertidumbre, que no se sabe lo que va a pasar, \u00bfqu\u00e9 est\u00e1 pasando? <strong>Parece una pel\u00edcula, rompe con lo cotidiano<\/strong>, te das cuenta lo importante de la salud y la fragilidad del sistema.<\/p>\n<p>Yo estuve en la UCI hace a\u00f1os, y cuando sal\u00ed de all\u00ed sent\u00ed eso de querer besar y abrazar a las personas que me cuidaron, los m\u00e9dicos, las enfermeras, y hasta las personas que no me atendieron directamente. Porque lo que hacen estas personas es vocacional. \u00bfC\u00f3mo te levantas a las 5 de la ma\u00f1ana para coger un autob\u00fas, ir a trabajar por un sueldo baj\u00edsimo\u2026 y llegar con una sonrisa, con una vitalidad, con ese amor por la vida? Solo lo puedes hacer porque amas lo que haces.<\/p>\n<p>&nbsp;<\/p>\n<h2>\u00bfQu\u00e9 le recomendar\u00eda Javier Mariscal a los profesionales creativos de hoy en d\u00eda?<\/h2>\n<p>Que sean ellos mismos, que les paguen por divertirse, que nunca pierdan la curiosidad, que respiren hondo, que antes de comprar algo \u00a1piensen! Por qu\u00e9 ir a comprar un tarro de caf\u00e9 al Corte Ingl\u00e9s, cuando lo puedes comprar en la tienda de abajo de tu casa. Andar m\u00e1s en bicicleta, \u00a1respirar!<\/p>\n<p>Piensa si lo que quieres comprar lo necesitas de verdad\u2026 Agradece, \u00a1somos unos enchufados! \u00a1Vivimos muy bien! Estamos vivos, que es lo m\u00e1s importante, \u00a1vive la vida!<\/p>\n<p>No te estructures, no pienses que tienes que generar cosas, <strong>no te explotes a ti mismo<\/strong>, si eres tu mismo al final destacar\u00e1s con algo muy chulo, porque tu visi\u00f3n de tu vida siempre ser\u00e1 muy enriquecedora para los dem\u00e1s. Es lo que me fascina cuando conozco a alguien, el c\u00f3mo vive, c\u00f3mo ve la vida\u2026<\/p>\n<p>Desde que nacemos nos reinventamos todos los d\u00edas. Antiguamente nuestros padres y abuelos estudiaban medicina y mor\u00edan como m\u00e9dicos, o entraban en una empresa y trabajaban toda tu vida en esa empresa. Ahora puedes estudiar una cosa y dedicarte a otra. <strong>Puedes ser lo que quieras.<\/strong><\/p>\n<p>&nbsp;<\/p>\n<p><img loading=\"lazy\" decoding=\"async\" width=\"700\" height=\"515\" class=\"alignnone size-large wp-image-2979\" src=\"https:\/\/blancfestival.com\/wp-content\/uploads\/2020\/05\/paella-cinco-700x515.jpg\" alt=\"\" srcset=\"https:\/\/blancfestival.com\/wp-content\/uploads\/2020\/05\/paella-cinco-700x515.jpg 700w, https:\/\/blancfestival.com\/wp-content\/uploads\/2020\/05\/paella-cinco-250x184.jpg 250w, https:\/\/blancfestival.com\/wp-content\/uploads\/2020\/05\/paella-cinco-768x565.jpg 768w, https:\/\/blancfestival.com\/wp-content\/uploads\/2020\/05\/paella-cinco-120x88.jpg 120w, https:\/\/blancfestival.com\/wp-content\/uploads\/2020\/05\/paella-cinco.jpg 1500w\" sizes=\"auto, (max-width: 700px) 100vw, 700px\" \/><\/p>\n<p>&nbsp;<\/p>\n<h2>Como buen valenciano que eres: \u00bfD\u00f3nde te has comido la mejor paella en Barcelona?<\/h2>\n<p>En <a href=\"https:\/\/www.tripadvisor.es\/Restaurant_Review-g187497-d7249734-Reviews-La_cantina_de_Palo_Alto-Barcelona_Catalonia.html\" target=\"_blank\" rel=\"noopener noreferrer\">La Cantina, en Palo Alto<\/a>. \u00a1Hay una cocinera que se llama Ana que cocina muy bien! Hace lo que llamamos la Paella Tradicional Valenciana.<\/p>\n<p>&nbsp;<\/p>\n<p>&nbsp;<\/p>\n","protected":false},"excerpt":{"rendered":"En uno de nuestros T\u00eate \u00e0 T\u00eate v\u00eda Instagram, como el que ya hicimos con Josep Maria Mir o Mario Eskenazi, hablamos con el artista, dise\u00f1ador, ilustrador o simplemente dibujante, Javier Mariscal. Si ten\u00edamos un gui\u00f3n con nuestras preguntas bien listadas y preparadas, estas se han perdido en la infinita imaginativa de Javier Mariscal. Y&hellip;","protected":false},"author":3,"featured_media":2942,"comment_status":"open","ping_status":"open","sticky":false,"template":"","format":"standard","meta":{"_acf_changed":false,"footnotes":""},"categories":[3,4],"tags":[173,174,154],"evento":[],"class_list":["post-2941","post","type-post","status-publish","format-standard","has-post-thumbnail","hentry","category-creatividad","category-entrevistas","tag-javier-mariscal","tag-ilustracion","tag-entrevista"],"acf":[],"yoast_head":"<!-- This site is optimized with the Yoast SEO plugin v23.7 - https:\/\/yoast.com\/wordpress\/plugins\/seo\/ -->\n<title>Javier Mariscal &quot;El grafismo ayuda a vivir bien&quot;<\/title>\n<meta name=\"description\" content=\"Para Javier Mariscal una pregunta es una puerta hacia lo inesperado, lo impredecible. Gran dise\u00f1ador y dibujante amante de Barcelona y la paella valenciana.\" \/>\n<meta name=\"robots\" content=\"index, follow, max-snippet:-1, max-image-preview:large, max-video-preview:-1\" \/>\n<link rel=\"canonical\" href=\"https:\/\/blancfestival.com\/javier-mariscal-el-grafismo-ayuda-a-vivir-bien\/\" \/>\n<meta property=\"og:locale\" content=\"ca_ES\" \/>\n<meta property=\"og:type\" content=\"article\" \/>\n<meta property=\"og:title\" content=\"Javier Mariscal &quot;El grafismo ayuda a vivir bien&quot;\" \/>\n<meta property=\"og:description\" content=\"Para Javier Mariscal una pregunta es una puerta hacia lo inesperado, lo impredecible. Gran dise\u00f1ador y dibujante amante de Barcelona y la paella valenciana.\" \/>\n<meta property=\"og:url\" content=\"https:\/\/blancfestival.com\/javier-mariscal-el-grafismo-ayuda-a-vivir-bien\/\" \/>\n<meta property=\"og:site_name\" content=\"Blanc!\" \/>\n<meta property=\"article:publisher\" content=\"https:\/\/www.facebook.com\/blanc.festivaldissenygrafic\/\" \/>\n<meta property=\"article:published_time\" content=\"2020-05-23T09:12:02+00:00\" \/>\n<meta property=\"article:modified_time\" content=\"2020-11-22T00:54:23+00:00\" \/>\n<meta property=\"og:image\" content=\"https:\/\/blancfestival.com\/wp-content\/uploads\/2020\/05\/javier-mariscal-blanc.jpg\" \/>\n\t<meta property=\"og:image:width\" content=\"1920\" \/>\n\t<meta property=\"og:image:height\" content=\"1080\" \/>\n\t<meta property=\"og:image:type\" content=\"image\/jpeg\" \/>\n<meta name=\"author\" content=\"Redacci\u00f3n Blanc!\" \/>\n<meta name=\"twitter:card\" content=\"summary_large_image\" \/>\n<meta name=\"twitter:creator\" content=\"@blancfest\" \/>\n<meta name=\"twitter:site\" content=\"@blancfest\" \/>\n<meta name=\"twitter:label1\" content=\"Written by\" \/>\n\t<meta name=\"twitter:data1\" content=\"Redacci\u00f3n Blanc!\" \/>\n\t<meta name=\"twitter:label2\" content=\"Est. reading time\" \/>\n\t<meta name=\"twitter:data2\" content=\"15 minutes\" \/>\n<script type=\"application\/ld+json\" class=\"yoast-schema-graph\">{\"@context\":\"https:\/\/schema.org\",\"@graph\":[{\"@type\":\"Article\",\"@id\":\"https:\/\/blancfestival.com\/javier-mariscal-el-grafismo-ayuda-a-vivir-bien\/#article\",\"isPartOf\":{\"@id\":\"https:\/\/blancfestival.com\/javier-mariscal-el-grafismo-ayuda-a-vivir-bien\/\"},\"author\":{\"name\":\"Redacci\u00f3n Blanc!\",\"@id\":\"https:\/\/blancfestival.com\/#\/schema\/person\/1c1365d1e51e5730cf3f5fadb8670c06\"},\"headline\":\"Javier Mariscal &#8220;El grafismo ayuda a vivir bien&#8221;\",\"datePublished\":\"2020-05-23T09:12:02+00:00\",\"dateModified\":\"2020-11-22T00:54:23+00:00\",\"mainEntityOfPage\":{\"@id\":\"https:\/\/blancfestival.com\/javier-mariscal-el-grafismo-ayuda-a-vivir-bien\/\"},\"wordCount\":3065,\"commentCount\":0,\"publisher\":{\"@id\":\"https:\/\/blancfestival.com\/#organization\"},\"image\":{\"@id\":\"https:\/\/blancfestival.com\/javier-mariscal-el-grafismo-ayuda-a-vivir-bien\/#primaryimage\"},\"thumbnailUrl\":\"https:\/\/blancfestival.com\/wp-content\/uploads\/2020\/05\/javier-mariscal-blanc.jpg\",\"keywords\":[\"javier mariscal\",\"ilustraci\u00f3n\",\"entrevista\"],\"articleSection\":[\"Creatividad\",\"Entrevistas\"],\"inLanguage\":\"ca\",\"potentialAction\":[{\"@type\":\"CommentAction\",\"name\":\"Comment\",\"target\":[\"https:\/\/blancfestival.com\/javier-mariscal-el-grafismo-ayuda-a-vivir-bien\/#respond\"]}]},{\"@type\":\"WebPage\",\"@id\":\"https:\/\/blancfestival.com\/javier-mariscal-el-grafismo-ayuda-a-vivir-bien\/\",\"url\":\"https:\/\/blancfestival.com\/javier-mariscal-el-grafismo-ayuda-a-vivir-bien\/\",\"name\":\"Javier Mariscal \\\"El grafismo ayuda a vivir bien\\\"\",\"isPartOf\":{\"@id\":\"https:\/\/blancfestival.com\/#website\"},\"primaryImageOfPage\":{\"@id\":\"https:\/\/blancfestival.com\/javier-mariscal-el-grafismo-ayuda-a-vivir-bien\/#primaryimage\"},\"image\":{\"@id\":\"https:\/\/blancfestival.com\/javier-mariscal-el-grafismo-ayuda-a-vivir-bien\/#primaryimage\"},\"thumbnailUrl\":\"https:\/\/blancfestival.com\/wp-content\/uploads\/2020\/05\/javier-mariscal-blanc.jpg\",\"datePublished\":\"2020-05-23T09:12:02+00:00\",\"dateModified\":\"2020-11-22T00:54:23+00:00\",\"description\":\"Para Javier Mariscal una pregunta es una puerta hacia lo inesperado, lo impredecible. Gran dise\u00f1ador y dibujante amante de Barcelona y la paella valenciana.\",\"breadcrumb\":{\"@id\":\"https:\/\/blancfestival.com\/javier-mariscal-el-grafismo-ayuda-a-vivir-bien\/#breadcrumb\"},\"inLanguage\":\"ca\",\"potentialAction\":[{\"@type\":\"ReadAction\",\"target\":[\"https:\/\/blancfestival.com\/javier-mariscal-el-grafismo-ayuda-a-vivir-bien\/\"]}]},{\"@type\":\"ImageObject\",\"inLanguage\":\"ca\",\"@id\":\"https:\/\/blancfestival.com\/javier-mariscal-el-grafismo-ayuda-a-vivir-bien\/#primaryimage\",\"url\":\"https:\/\/blancfestival.com\/wp-content\/uploads\/2020\/05\/javier-mariscal-blanc.jpg\",\"contentUrl\":\"https:\/\/blancfestival.com\/wp-content\/uploads\/2020\/05\/javier-mariscal-blanc.jpg\",\"width\":1920,\"height\":1080,\"caption\":\"Javier Mariscal\"},{\"@type\":\"BreadcrumbList\",\"@id\":\"https:\/\/blancfestival.com\/javier-mariscal-el-grafismo-ayuda-a-vivir-bien\/#breadcrumb\",\"itemListElement\":[{\"@type\":\"ListItem\",\"position\":1,\"name\":\"Portada\",\"item\":\"https:\/\/blancfestival.com\/ca\/\"},{\"@type\":\"ListItem\",\"position\":2,\"name\":\"Javier Mariscal \u00abEl grafismo ayuda a vivir bien\u00bb\"}]},{\"@type\":\"WebSite\",\"@id\":\"https:\/\/blancfestival.com\/#website\",\"url\":\"https:\/\/blancfestival.com\/\",\"name\":\"Blanc! Festival\",\"description\":\"Disseny, Creativitat i Innovaci\u00f3\",\"publisher\":{\"@id\":\"https:\/\/blancfestival.com\/#organization\"},\"potentialAction\":[{\"@type\":\"SearchAction\",\"target\":{\"@type\":\"EntryPoint\",\"urlTemplate\":\"https:\/\/blancfestival.com\/?s={search_term_string}\"},\"query-input\":{\"@type\":\"PropertyValueSpecification\",\"valueRequired\":true,\"valueName\":\"search_term_string\"}}],\"inLanguage\":\"ca\"},{\"@type\":\"Organization\",\"@id\":\"https:\/\/blancfestival.com\/#organization\",\"name\":\"Blanc! Festival de Dise\u00f1o, Creatividad e Innovaci\u00f3n\",\"url\":\"https:\/\/blancfestival.com\/\",\"logo\":{\"@type\":\"ImageObject\",\"inLanguage\":\"ca\",\"@id\":\"https:\/\/blancfestival.com\/#\/schema\/logo\/image\/\",\"url\":\"https:\/\/blancfestival.com\/wp-content\/uploads\/2025\/01\/logo_icono_blanc.jpg\",\"contentUrl\":\"https:\/\/blancfestival.com\/wp-content\/uploads\/2025\/01\/logo_icono_blanc.jpg\",\"width\":2000,\"height\":2000,\"caption\":\"Blanc! Festival de Dise\u00f1o, Creatividad e Innovaci\u00f3n\"},\"image\":{\"@id\":\"https:\/\/blancfestival.com\/#\/schema\/logo\/image\/\"},\"sameAs\":[\"https:\/\/www.facebook.com\/blanc.festivaldissenygrafic\/\",\"https:\/\/x.com\/blancfest\",\"https:\/\/www.instagram.com\/blancfest\/\",\"https:\/\/www.linkedin.com\/company\/blanc-festival\",\"https:\/\/www.pinterest.com\/blancfest\/\",\"https:\/\/www.youtube.com\/channel\/UCM-IjxOFb5gQg4yPgmze3Gg\"]},{\"@type\":\"Person\",\"@id\":\"https:\/\/blancfestival.com\/#\/schema\/person\/1c1365d1e51e5730cf3f5fadb8670c06\",\"name\":\"Redacci\u00f3n Blanc!\",\"image\":{\"@type\":\"ImageObject\",\"inLanguage\":\"ca\",\"@id\":\"https:\/\/blancfestival.com\/#\/schema\/person\/image\/\",\"url\":\"https:\/\/blancfestival.com\/wp-content\/uploads\/2020\/02\/ico-120x120.png\",\"contentUrl\":\"https:\/\/blancfestival.com\/wp-content\/uploads\/2020\/02\/ico-120x120.png\",\"caption\":\"Redacci\u00f3n Blanc!\"},\"description\":\"\u201cNo trates de doblar la cuchara. Es imposible. En lugar de hacerlo, solo intenta darte cuenta de la verdad\u2026 No hay cuchara. Entonces, ver\u00e1s que no es la cuchara lo que se dobla, te doblas t\u00fa\u201d\"}]}<\/script>\n<!-- \/ Yoast SEO plugin. -->","yoast_head_json":{"title":"Javier Mariscal \"El grafismo ayuda a vivir bien\"","description":"Para Javier Mariscal una pregunta es una puerta hacia lo inesperado, lo impredecible. Gran dise\u00f1ador y dibujante amante de Barcelona y la paella valenciana.","robots":{"index":"index","follow":"follow","max-snippet":"max-snippet:-1","max-image-preview":"max-image-preview:large","max-video-preview":"max-video-preview:-1"},"canonical":"https:\/\/blancfestival.com\/javier-mariscal-el-grafismo-ayuda-a-vivir-bien\/","og_locale":"ca_ES","og_type":"article","og_title":"Javier Mariscal \"El grafismo ayuda a vivir bien\"","og_description":"Para Javier Mariscal una pregunta es una puerta hacia lo inesperado, lo impredecible. Gran dise\u00f1ador y dibujante amante de Barcelona y la paella valenciana.","og_url":"https:\/\/blancfestival.com\/javier-mariscal-el-grafismo-ayuda-a-vivir-bien\/","og_site_name":"Blanc!","article_publisher":"https:\/\/www.facebook.com\/blanc.festivaldissenygrafic\/","article_published_time":"2020-05-23T09:12:02+00:00","article_modified_time":"2020-11-22T00:54:23+00:00","og_image":[{"width":1920,"height":1080,"url":"https:\/\/blancfestival.com\/wp-content\/uploads\/2020\/05\/javier-mariscal-blanc.jpg","type":"image\/jpeg"}],"author":"Redacci\u00f3n Blanc!","twitter_card":"summary_large_image","twitter_creator":"@blancfest","twitter_site":"@blancfest","twitter_misc":{"Written by":"Redacci\u00f3n Blanc!","Est. reading time":"15 minutes"},"schema":{"@context":"https:\/\/schema.org","@graph":[{"@type":"Article","@id":"https:\/\/blancfestival.com\/javier-mariscal-el-grafismo-ayuda-a-vivir-bien\/#article","isPartOf":{"@id":"https:\/\/blancfestival.com\/javier-mariscal-el-grafismo-ayuda-a-vivir-bien\/"},"author":{"name":"Redacci\u00f3n Blanc!","@id":"https:\/\/blancfestival.com\/#\/schema\/person\/1c1365d1e51e5730cf3f5fadb8670c06"},"headline":"Javier Mariscal &#8220;El grafismo ayuda a vivir bien&#8221;","datePublished":"2020-05-23T09:12:02+00:00","dateModified":"2020-11-22T00:54:23+00:00","mainEntityOfPage":{"@id":"https:\/\/blancfestival.com\/javier-mariscal-el-grafismo-ayuda-a-vivir-bien\/"},"wordCount":3065,"commentCount":0,"publisher":{"@id":"https:\/\/blancfestival.com\/#organization"},"image":{"@id":"https:\/\/blancfestival.com\/javier-mariscal-el-grafismo-ayuda-a-vivir-bien\/#primaryimage"},"thumbnailUrl":"https:\/\/blancfestival.com\/wp-content\/uploads\/2020\/05\/javier-mariscal-blanc.jpg","keywords":["javier mariscal","ilustraci\u00f3n","entrevista"],"articleSection":["Creatividad","Entrevistas"],"inLanguage":"ca","potentialAction":[{"@type":"CommentAction","name":"Comment","target":["https:\/\/blancfestival.com\/javier-mariscal-el-grafismo-ayuda-a-vivir-bien\/#respond"]}]},{"@type":"WebPage","@id":"https:\/\/blancfestival.com\/javier-mariscal-el-grafismo-ayuda-a-vivir-bien\/","url":"https:\/\/blancfestival.com\/javier-mariscal-el-grafismo-ayuda-a-vivir-bien\/","name":"Javier Mariscal \"El grafismo ayuda a vivir bien\"","isPartOf":{"@id":"https:\/\/blancfestival.com\/#website"},"primaryImageOfPage":{"@id":"https:\/\/blancfestival.com\/javier-mariscal-el-grafismo-ayuda-a-vivir-bien\/#primaryimage"},"image":{"@id":"https:\/\/blancfestival.com\/javier-mariscal-el-grafismo-ayuda-a-vivir-bien\/#primaryimage"},"thumbnailUrl":"https:\/\/blancfestival.com\/wp-content\/uploads\/2020\/05\/javier-mariscal-blanc.jpg","datePublished":"2020-05-23T09:12:02+00:00","dateModified":"2020-11-22T00:54:23+00:00","description":"Para Javier Mariscal una pregunta es una puerta hacia lo inesperado, lo impredecible. Gran dise\u00f1ador y dibujante amante de Barcelona y la paella valenciana.","breadcrumb":{"@id":"https:\/\/blancfestival.com\/javier-mariscal-el-grafismo-ayuda-a-vivir-bien\/#breadcrumb"},"inLanguage":"ca","potentialAction":[{"@type":"ReadAction","target":["https:\/\/blancfestival.com\/javier-mariscal-el-grafismo-ayuda-a-vivir-bien\/"]}]},{"@type":"ImageObject","inLanguage":"ca","@id":"https:\/\/blancfestival.com\/javier-mariscal-el-grafismo-ayuda-a-vivir-bien\/#primaryimage","url":"https:\/\/blancfestival.com\/wp-content\/uploads\/2020\/05\/javier-mariscal-blanc.jpg","contentUrl":"https:\/\/blancfestival.com\/wp-content\/uploads\/2020\/05\/javier-mariscal-blanc.jpg","width":1920,"height":1080,"caption":"Javier Mariscal"},{"@type":"BreadcrumbList","@id":"https:\/\/blancfestival.com\/javier-mariscal-el-grafismo-ayuda-a-vivir-bien\/#breadcrumb","itemListElement":[{"@type":"ListItem","position":1,"name":"Portada","item":"https:\/\/blancfestival.com\/ca\/"},{"@type":"ListItem","position":2,"name":"Javier Mariscal \u00abEl grafismo ayuda a vivir bien\u00bb"}]},{"@type":"WebSite","@id":"https:\/\/blancfestival.com\/#website","url":"https:\/\/blancfestival.com\/","name":"Blanc! Festival","description":"Disseny, Creativitat i Innovaci\u00f3","publisher":{"@id":"https:\/\/blancfestival.com\/#organization"},"potentialAction":[{"@type":"SearchAction","target":{"@type":"EntryPoint","urlTemplate":"https:\/\/blancfestival.com\/?s={search_term_string}"},"query-input":{"@type":"PropertyValueSpecification","valueRequired":true,"valueName":"search_term_string"}}],"inLanguage":"ca"},{"@type":"Organization","@id":"https:\/\/blancfestival.com\/#organization","name":"Blanc! Festival de Dise\u00f1o, Creatividad e Innovaci\u00f3n","url":"https:\/\/blancfestival.com\/","logo":{"@type":"ImageObject","inLanguage":"ca","@id":"https:\/\/blancfestival.com\/#\/schema\/logo\/image\/","url":"https:\/\/blancfestival.com\/wp-content\/uploads\/2025\/01\/logo_icono_blanc.jpg","contentUrl":"https:\/\/blancfestival.com\/wp-content\/uploads\/2025\/01\/logo_icono_blanc.jpg","width":2000,"height":2000,"caption":"Blanc! Festival de Dise\u00f1o, Creatividad e Innovaci\u00f3n"},"image":{"@id":"https:\/\/blancfestival.com\/#\/schema\/logo\/image\/"},"sameAs":["https:\/\/www.facebook.com\/blanc.festivaldissenygrafic\/","https:\/\/x.com\/blancfest","https:\/\/www.instagram.com\/blancfest\/","https:\/\/www.linkedin.com\/company\/blanc-festival","https:\/\/www.pinterest.com\/blancfest\/","https:\/\/www.youtube.com\/channel\/UCM-IjxOFb5gQg4yPgmze3Gg"]},{"@type":"Person","@id":"https:\/\/blancfestival.com\/#\/schema\/person\/1c1365d1e51e5730cf3f5fadb8670c06","name":"Redacci\u00f3n Blanc!","image":{"@type":"ImageObject","inLanguage":"ca","@id":"https:\/\/blancfestival.com\/#\/schema\/person\/image\/","url":"https:\/\/blancfestival.com\/wp-content\/uploads\/2020\/02\/ico-120x120.png","contentUrl":"https:\/\/blancfestival.com\/wp-content\/uploads\/2020\/02\/ico-120x120.png","caption":"Redacci\u00f3n Blanc!"},"description":"\u201cNo trates de doblar la cuchara. Es imposible. En lugar de hacerlo, solo intenta darte cuenta de la verdad\u2026 No hay cuchara. Entonces, ver\u00e1s que no es la cuchara lo que se dobla, te doblas t\u00fa\u201d"}]}},"_links":{"self":[{"href":"https:\/\/blancfestival.com\/ca\/wp-json\/wp\/v2\/posts\/2941","targetHints":{"allow":["GET"]}}],"collection":[{"href":"https:\/\/blancfestival.com\/ca\/wp-json\/wp\/v2\/posts"}],"about":[{"href":"https:\/\/blancfestival.com\/ca\/wp-json\/wp\/v2\/types\/post"}],"author":[{"embeddable":true,"href":"https:\/\/blancfestival.com\/ca\/wp-json\/wp\/v2\/users\/3"}],"replies":[{"embeddable":true,"href":"https:\/\/blancfestival.com\/ca\/wp-json\/wp\/v2\/comments?post=2941"}],"version-history":[{"count":11,"href":"https:\/\/blancfestival.com\/ca\/wp-json\/wp\/v2\/posts\/2941\/revisions"}],"predecessor-version":[{"id":4923,"href":"https:\/\/blancfestival.com\/ca\/wp-json\/wp\/v2\/posts\/2941\/revisions\/4923"}],"wp:featuredmedia":[{"embeddable":true,"href":"https:\/\/blancfestival.com\/ca\/wp-json\/wp\/v2\/media\/2942"}],"wp:attachment":[{"href":"https:\/\/blancfestival.com\/ca\/wp-json\/wp\/v2\/media?parent=2941"}],"wp:term":[{"taxonomy":"category","embeddable":true,"href":"https:\/\/blancfestival.com\/ca\/wp-json\/wp\/v2\/categories?post=2941"},{"taxonomy":"post_tag","embeddable":true,"href":"https:\/\/blancfestival.com\/ca\/wp-json\/wp\/v2\/tags?post=2941"},{"taxonomy":"evento","embeddable":true,"href":"https:\/\/blancfestival.com\/ca\/wp-json\/wp\/v2\/evento?post=2941"}],"curies":[{"name":"wp","href":"https:\/\/api.w.org\/{rel}","templated":true}]}}