{"id":3122,"date":"2020-05-31T19:30:34","date_gmt":"2020-05-31T17:30:34","guid":{"rendered":"https:\/\/blancfestival.com\/?p=3122"},"modified":"2020-06-04T16:56:02","modified_gmt":"2020-06-04T14:56:02","slug":"oscar-marine-disenador-artista","status":"publish","type":"post","link":"https:\/\/blancfestival.com\/ca\/oscar-marine-disenador-artista\/","title":{"rendered":"\u00d3scar Marin\u00e9: &#8220;Tenemos que apoyar a los nuestros, porque todos vamos mejor si nos apoyamos&#8221;"},"content":{"rendered":"<p>\u00d3scar Marin\u00e9 es un tipo normal, de ideas claras, con un l\u00e9xico sin ornamentos. De formaci\u00f3n autodidacta, su universidad fue el mundo, sus maestros las personas que ha ido encontrando en el camino, y sus compa\u00f1eros de clase sus propios clientes.<\/p>\n<p>\u00d3scar Marin\u00e9 es una persona cercana, f\u00e1cil de tratar, campechano y humilde. Que ha trabajado con Norman Foster, Siniestro Total, Almod\u00f3var o \u00c1lex de la Iglesia, y clientes como Camper, Loewe, Swatch, Vega Sicilia o Markham. Historia viva del dise\u00f1o, cuyo trabajo ha pasado a formar parte del imagiario visual de toda una sociedad.<\/p>\n<p>Nuestro compa\u00f1ero Vicent Almi\u00f1ana, que adem\u00e1s lleva la secci\u00f3n Maestros del Blanc!, ha sido el encargado de sacarle todo el jugo a este grande del dise\u00f1o espa\u00f1ol.<\/p>\n<p>&nbsp;<\/p>\n<blockquote class=\"instagram-media\" style=\"background: #FFF; border: 0; border-radius: 3px; box-shadow: 0 0 1px 0 rgba(0,0,0,0.5),0 1px 10px 0 rgba(0,0,0,0.15); margin: 1px; max-width: 540px; min-width: 326px; padding: 0; width: calc(100% - 2px);\" data-instgrm-captioned=\"\" data-instgrm-permalink=\"https:\/\/www.instagram.com\/tv\/CAh5wFSgW3t\/?utm_source=ig_embed&amp;utm_campaign=loading\" data-instgrm-version=\"12\">\n<div style=\"padding: 16px;\">\n<p>&nbsp;<\/p>\n<div style=\"display: flex; flex-direction: row; align-items: center;\">\n<div style=\"background-color: #f4f4f4; border-radius: 50%; flex-grow: 0; height: 40px; margin-right: 14px; width: 40px;\"><\/div>\n<div style=\"display: flex; flex-direction: column; flex-grow: 1; justify-content: center;\">\n<div style=\"background-color: #f4f4f4; border-radius: 4px; flex-grow: 0; height: 14px; margin-bottom: 6px; width: 100px;\"><\/div>\n<div style=\"background-color: #f4f4f4; border-radius: 4px; flex-grow: 0; height: 14px; width: 60px;\"><\/div>\n<\/div>\n<\/div>\n<div style=\"padding: 19% 0;\"><\/div>\n<div style=\"display: block; height: 50px; margin: 0 auto 12px; width: 50px;\"><\/div>\n<div style=\"padding-top: 8px;\">\n<div style=\"color: #3897f0; font-family: Arial,sans-serif; font-size: 14px; font-style: normal; font-weight: 550; line-height: 18px;\">Ver esta publicaci\u00f3n en Instagram<\/div>\n<\/div>\n<div style=\"padding: 12.5% 0;\"><\/div>\n<div style=\"display: flex; flex-direction: row; margin-bottom: 14px; align-items: center;\">\n<div>\n<div style=\"background-color: #f4f4f4; border-radius: 50%; height: 12.5px; width: 12.5px; transform: translateX(0px) translateY(7px);\"><\/div>\n<div style=\"background-color: #f4f4f4; height: 12.5px; transform: rotate(-45deg) translateX(3px) translateY(1px); width: 12.5px; flex-grow: 0; margin-right: 14px; margin-left: 2px;\"><\/div>\n<div style=\"background-color: #f4f4f4; border-radius: 50%; height: 12.5px; width: 12.5px; transform: translateX(9px) translateY(-18px);\"><\/div>\n<\/div>\n<div style=\"margin-left: 8px;\">\n<div style=\"background-color: #f4f4f4; border-radius: 50%; flex-grow: 0; height: 20px; width: 20px;\"><\/div>\n<div style=\"width: 0; height: 0; border-top: 2px solid transparent; border-left: 6px solid #f4f4f4; border-bottom: 2px solid transparent; transform: translateX(16px) translateY(-4px) rotate(30deg);\"><\/div>\n<\/div>\n<div style=\"margin-left: auto;\">\n<div style=\"width: 0px; border-top: 8px solid #F4F4F4; border-right: 8px solid transparent; transform: translateY(16px);\"><\/div>\n<div style=\"background-color: #f4f4f4; flex-grow: 0; height: 12px; width: 16px; transform: translateY(-4px);\"><\/div>\n<div style=\"width: 0; height: 0; border-top: 8px solid #F4F4F4; border-left: 8px solid transparent; transform: translateY(-4px) translateX(8px);\"><\/div>\n<\/div>\n<\/div>\n<p>&nbsp;<\/p>\n<p style=\"margin: 8px 0 0 0; padding: 0 4px;\"><a style=\"color: #000; font-family: Arial,sans-serif; font-size: 14px; font-style: normal; font-weight: normal; line-height: 17px; text-decoration: none; word-wrap: break-word;\" href=\"https:\/\/www.instagram.com\/tv\/CAh5wFSgW3t\/?utm_source=ig_embed&amp;utm_campaign=loading\" target=\"_blank\" rel=\"noopener noreferrer\">Conversamos con el admirado y querido Marin\u00e9.<\/a><\/p>\n<p style=\"color: #c9c8cd; font-family: Arial,sans-serif; font-size: 14px; line-height: 17px; margin-bottom: 0; margin-top: 8px; overflow: hidden; padding: 8px 0 7px; text-align: center; text-overflow: ellipsis; white-space: nowrap;\">Una publicaci\u00f3n compartida de <a style=\"color: #c9c8cd; font-family: Arial,sans-serif; font-size: 14px; font-style: normal; font-weight: normal; line-height: 17px;\" href=\"https:\/\/www.instagram.com\/blancfest\/?utm_source=ig_embed&amp;utm_campaign=loading\" target=\"_blank\" rel=\"noopener noreferrer\"> Blanc!<\/a> (@blancfest) el <time style=\"font-family: Arial,sans-serif; font-size: 14px; line-height: 17px;\" datetime=\"2020-05-23T12:06:17+00:00\">23 May, 2020 a las 5:06 PDT<\/time><\/p>\n<\/div>\n<\/blockquote>\n<p><script async src=\"\/\/www.instagram.com\/embed.js\"><\/script><\/p>\n<p>&nbsp;<\/p>\n<h2>\u00bfC\u00f3mo es un d\u00eda en el estudio de \u00d3scar Marin\u00e9?<\/h2>\n<p>Actualmente m\u00e1s que un estudio al uso, lo que tengo es un taller que act\u00faa como<strong> punto de encuentro<\/strong>. Hace algunos a\u00f1os s\u00ed que ten\u00eda un estudio, con sus horarios laborales y sus reuniones los lunes a las 8.30h, pero la crisis econ\u00f3mica nos oblig\u00f3 a adaptarnos a la nueva situaci\u00f3n.<\/p>\n<p>Ahora somos un equipo de cuatro personas, y dependiendo del proyecto se amplia con m\u00e1s colaboradores puntuales. Somos un equipo muy m\u00f3vil, que var\u00eda de acuerdo a cada proyecto.<\/p>\n<p>&nbsp;<\/p>\n<h2>A partir de una crisis ha habido una necesidad de cambio&#8230;<\/h2>\n<p>En toda mi trayectoria como dise\u00f1ador han habido muchos cambios. Hubo \u00e9pocas donde todo iba hacia arriba, y otras un poco m\u00e1s complicadas. <strong>En este pa\u00eds trabajamos en un precipicio<\/strong>. Formamos parte de una profesi\u00f3n muy d\u00e9bil, que depende mucho del entorno socio-econ\u00f3mico del pa\u00eds.<\/p>\n<p>El peligro ya lo conoc\u00edamos muy bien, ya hab\u00edamos pasado algunas crisis como la del 92, pero la \u00faltima crisis econ\u00f3mica fue muy importante y nos vimos obligados a cambiar el enfoque del estudio. El \u00edmpetu y las ganas de trabajar han seguido siendo siempre las mismas. Siempre con la responsabilidad de hacer bien las cosas, adapt\u00e1ndonos a la situaci\u00f3n imperante.<\/p>\n<p>La tecnolog\u00eda tambi\u00e9n ayud\u00f3 mucho a trabajar desde la distancia, pero siempre hemos estado pendientes de que esta tecnolog\u00eda no difumine el trabajo. Hay que controlar muy bien c\u00f3mo y para qu\u00e9 la utilizamos.<\/p>\n<p>&nbsp;<\/p>\n<h2>\u00bfC\u00f3mo es la relaci\u00f3n de \u00d3scar Marin\u00e9 con los clientes?<\/h2>\n<p>Madrid era complicado para conseguir clientes para el estudio, y ten\u00edamos que ir al extranjero a buscar clientes. Incluso llegamos a tener un estudio paralelo en NY.<\/p>\n<p>Hemos trabajado para todo tipo de clientes, sobre todo internacionales. Desde la planificaci\u00f3n de estrategias, hasta el desarrollo de toda la identidad. Y luego ya desarroll\u00e1bamos la gr\u00e1fica de los productos, como en el caso de Camper, donde desarrollamos el nuevo logotipo, cat\u00e1logo, dise\u00f1o de espacios comerciales, merchandising, carteler\u00eda, publicidad y packaging para reposicionar la marca.<\/p>\n<p>&nbsp;<\/p>\n<p><img loading=\"lazy\" decoding=\"async\" width=\"680\" height=\"614\" class=\"alignnone size-full wp-image-3123\" src=\"https:\/\/blancfestival.com\/wp-content\/uploads\/2020\/05\/CAMPER-OSACR-MARINE.jpg\" alt=\"\u00d3scar Marin\u00e9 - Swatch\" srcset=\"https:\/\/blancfestival.com\/wp-content\/uploads\/2020\/05\/CAMPER-OSACR-MARINE.jpg 680w, https:\/\/blancfestival.com\/wp-content\/uploads\/2020\/05\/CAMPER-OSACR-MARINE-250x226.jpg 250w, https:\/\/blancfestival.com\/wp-content\/uploads\/2020\/05\/CAMPER-OSACR-MARINE-120x108.jpg 120w\" sizes=\"auto, (max-width: 680px) 100vw, 680px\" \/><\/p>\n<p>&nbsp;<\/p>\n<p>Con Swatch empezamos desde el principio, todo el producto era dise\u00f1o, el aparato en s\u00ed era muy b\u00e1sico, por lo que el diferenciador era el dise\u00f1o. Era muy diferente un reloj dise\u00f1ado por <a href=\"https:\/\/blancfestival.com\/creatividad\/javier-mariscal-el-grafismo-ayuda-a-vivir-bien\/\">Mariscal<\/a> que uno dise\u00f1ador por \u00d3scar Marin\u00e9. Esa era la base de la estrategia de la marca, <strong>todo el valor estaba en el dise\u00f1o<\/strong>.<\/p>\n<p><img loading=\"lazy\" decoding=\"async\" width=\"680\" height=\"205\" class=\"alignnone size-full wp-image-3129\" src=\"https:\/\/blancfestival.com\/wp-content\/uploads\/2020\/05\/reloj-swatch-marine.jpg\" alt=\"\u00d3scar Marin\u00e9 - Reloj Swatch\" srcset=\"https:\/\/blancfestival.com\/wp-content\/uploads\/2020\/05\/reloj-swatch-marine.jpg 680w, https:\/\/blancfestival.com\/wp-content\/uploads\/2020\/05\/reloj-swatch-marine-250x75.jpg 250w, https:\/\/blancfestival.com\/wp-content\/uploads\/2020\/05\/reloj-swatch-marine-120x36.jpg 120w\" sizes=\"auto, (max-width: 680px) 100vw, 680px\" \/><\/p>\n<p><img loading=\"lazy\" decoding=\"async\" width=\"700\" height=\"979\" class=\"alignnone size-large wp-image-3132\" src=\"https:\/\/blancfestival.com\/wp-content\/uploads\/2020\/05\/swatch-marine-700x979.jpg\" alt=\"\u00d3scar Marin\u00e9 - Swatch\" srcset=\"https:\/\/blancfestival.com\/wp-content\/uploads\/2020\/05\/swatch-marine-700x979.jpg 700w, https:\/\/blancfestival.com\/wp-content\/uploads\/2020\/05\/swatch-marine-250x350.jpg 250w, https:\/\/blancfestival.com\/wp-content\/uploads\/2020\/05\/swatch-marine-120x168.jpg 120w, https:\/\/blancfestival.com\/wp-content\/uploads\/2020\/05\/swatch-marine.jpg 742w\" sizes=\"auto, (max-width: 700px) 100vw, 700px\" \/><\/p>\n<p>&nbsp;<\/p>\n<h2>\u00bfC\u00f3mo empez\u00f3 \u00d3scar Marin\u00e9 en el oficio?<\/h2>\n<p>Cuando era un jovencito era un explorador. No sabia exactamente d\u00f3nde meterme. Estuve trabajando mucho tiempo en el mundo de cine, mi padre era operador de cine y me met\u00ed a estudiar operador de c\u00e1mara.<\/p>\n<p>A los 20 a\u00f1os, a finales de los 60 principios de los 70, me largu\u00e9 de Espa\u00f1a. Con un amigo compramos una Volkswagen, y montamos as\u00ed nuestra propia <strong>universidad sobre ruedas<\/strong>. Mientras nuestros amigos estudiaban, yo viajaba aprendiendo en los pa\u00edses donde se estaba cociendo todo.<\/p>\n<p>Viajando aprendes mucho si vas con los ojos abiertos, me gustaba explorar. Te encontrabas con libros que en Espa\u00f1a no exist\u00edan, y cuando empec\u00e9 a trabajar en Espa\u00f1a, me di cuenta de todo lo que hab\u00eda aprendido viajando.<\/p>\n<p>Siempre estuve muy relacionado al mundo de la m\u00fasica, tenia una banda, y estaba muy influenciado por las portadas de discos. Las portadas de los 40 y primeros 50 eran de papel Kraft troquelado en el centro. En los 50 empezaron a aparecer discos de Jazz fant\u00e1sticos y grandes orquestas con portadas de Chicas Sexys en la cubierta. A partir de los \u00faltimos 50 y primeros 60, las portadas pasaron a ser un elemento fundamental para el reconocimiento del producto. Esa suerte tuvimos, la \u00e9poca de oro de la m\u00fasica visual. Los Lps, Eps y singles. El reino del vinilo. 60s 70s 80s 90s. Que suerte haber estado ah\u00ed.<\/p>\n<p>&nbsp;<\/p>\n<p><img loading=\"lazy\" decoding=\"async\" width=\"680\" height=\"455\" class=\"alignnone size-full wp-image-3138\" src=\"https:\/\/blancfestival.com\/wp-content\/uploads\/2020\/05\/siniestro-total.jpg\" alt=\"\u00d3scar Marin\u00e9 - Siniestro Total\" srcset=\"https:\/\/blancfestival.com\/wp-content\/uploads\/2020\/05\/siniestro-total.jpg 680w, https:\/\/blancfestival.com\/wp-content\/uploads\/2020\/05\/siniestro-total-250x167.jpg 250w, https:\/\/blancfestival.com\/wp-content\/uploads\/2020\/05\/siniestro-total-120x80.jpg 120w, https:\/\/blancfestival.com\/wp-content\/uploads\/2020\/05\/siniestro-total-272x182.jpg 272w\" sizes=\"auto, (max-width: 680px) 100vw, 680px\" \/><\/p>\n<p>&nbsp;<\/p>\n<h2>En 1988, el dise\u00f1ador Zimmermann afirma que \u201cel dise\u00f1o es una profesi\u00f3n que padece de ausencia de reflexi\u00f3n sobre s\u00ed misma. Constituye un hacer carente de teor\u00eda, una praxis sin conocimiento: se hace, pero no se sabe a ciencia cierta qu\u00e9 se hace.\u201d \u00bfCrees que la cosa ha cambiado?<\/h2>\n<p>Ha cambiado bastante, con esta frase <a href=\"https:\/\/ca.wikipedia.org\/wiki\/Yves_Zimmermann\" target=\"_blank\" rel=\"noopener noreferrer\"><span class=\"st\">Yves <em>Zimmermann<\/em><\/span><\/a> estaba metiendo ca\u00f1a, hubo un momento en el que entraban muchas personas en la profesi\u00f3n, muchos sab\u00edan lo que hac\u00edan y otros lo intentaban. Yo no era de los que sab\u00eda lo que hac\u00eda, m\u00e1s bien era de los que empujaba.<\/p>\n<p>En la profesi\u00f3n hab\u00eda mucho v\u00e9rtigo por parte de los que \u201csab\u00edan lo que hac\u00edan\u201d de cara al nuevo hacer de los que ven\u00edan. A m\u00ed siempre me ha gustado <strong>recibir a los v\u00e1ndalos con los brazos abiertos<\/strong>. La juventud aporta cosas estupendas, estuve muy vinculado con una cultura posterior a la m\u00eda, y acept\u00e9 toda la oleada de esa energ\u00eda impresionante que trajeron los 80\u2019. Lo que s\u00ed es cierto es que los que estaban antes ten\u00edan m\u00e1s oficio que los que llegan con ideas nuevas y renovadoras.<\/p>\n<p>Como dec\u00eda mi maestro <a href=\"https:\/\/es.wikipedia.org\/wiki\/Moncho_Alpuente\" target=\"_blank\" rel=\"noopener noreferrer\">Moncho Alpuente<\/a>, \u201cla experiencia es lo \u00faltimo que se pierde\u201d. La experiencia es un grado, y es muy importante, pero tambi\u00e9n la fuerza, la energ\u00eda, y las ganas de atacar las murallas que tienen los j\u00f3venes. Lo que es fant\u00e1stico es poder unir ambas cosas, unir el talento, la energ\u00eda y el conocimiento, y cuando se trabaja en equipo y se suma todo esto es donde salen los mejores resultados.<\/p>\n<p>&nbsp;<\/p>\n<h2>Hoy en d\u00eda echamos la vista atr\u00e1s y vemos vuestros dise\u00f1os como un referente. \u00bfPasaba lo mismo en la \u00e9poca de estos dise\u00f1os? \u00bfHab\u00eda m\u00e1s cr\u00edtica de lo que se hac\u00eda?<\/h2>\n<p>Yo creo que se tiende a contar la historia de una forma idealizada. Era una \u00e9poca muy dura, pero as\u00ed y todo en Espa\u00f1a hab\u00eda mucho dinero, hubo un boom econ\u00f3mico, y se crearon muchos proyectos. La relaci\u00f3n entre la critica y el dise\u00f1o no ha cambiado a lo que es hoy en d\u00eda. Se hablaba m\u00e1s o menos de los dise\u00f1adores y de su trabajo, pero era muy dif\u00edcil.<\/p>\n<p>Lo que hay que hacer es remar, remar y remar, y hacer las cosas bien. <strong>Que cada proyecto sea un triunfo<\/strong>\u2026 y seguir haci\u00e9ndolo muy bien. Tom\u00e1rselo muy en serio y que t\u00fa est\u00e9s contento de lo que haces, porque el que mantiene el pulso de tu trabajo eres t\u00fa. Si t\u00fa te respetas los dem\u00e1s te acabar\u00e1n respetando.<br \/>\nYo nunca he sido famoso, he sido una persona que ha trabajado mucho, y he llegado a donde he llegado a base de trabajar y dar pedales. Y al final de tanto trabajar te dicen \u201c\u00a1hombre! pues debes ser bueno\u201d, pero eso a base de tener un sinf\u00edn de trabajos y producir mucha riqueza en el sector en el que trabajas.<\/p>\n<p>&nbsp;<\/p>\n<p><img loading=\"lazy\" decoding=\"async\" width=\"680\" height=\"479\" class=\"alignnone size-full wp-image-3141\" src=\"https:\/\/blancfestival.com\/wp-content\/uploads\/2020\/05\/madrid-me-mata.jpg\" alt=\"\u00d3scar Marin\u00e9 - Madrid me mata\" srcset=\"https:\/\/blancfestival.com\/wp-content\/uploads\/2020\/05\/madrid-me-mata.jpg 680w, https:\/\/blancfestival.com\/wp-content\/uploads\/2020\/05\/madrid-me-mata-250x176.jpg 250w, https:\/\/blancfestival.com\/wp-content\/uploads\/2020\/05\/madrid-me-mata-120x85.jpg 120w\" sizes=\"auto, (max-width: 680px) 100vw, 680px\" \/><\/p>\n<p>&nbsp;<\/p>\n<h2>\u00bfCu\u00e1l es la relaci\u00f3n entre arte y dise\u00f1o para \u00d3scar Marin\u00e9?<\/h2>\n<p>Utiliz\u00e1bamos el arte como una herramienta m\u00e1s. Eramos artistas comerciales. Recuerdo ver un anuncio en una revista que dec\u00eda \u201cgane usted mucho dinero siendo artista comercial\u201d. Pero por aquel aquel entonces no lo entend\u00eda yo muy bien.<\/p>\n<p>Hac\u00edamos cosas sin que nadie nos la encargue, como la revista \u201cMadrid me Mata\u201d, o crear una discogr\u00e1fica desde cero.<\/p>\n<p>Hac\u00edamos un poco de trampa, porque disfrut\u00e1bamos trabajando en proyectos m\u00e1s art\u00edsticos, pero luego disfrut\u00e1bamos de igual manera en proyectos comerciales, porque <strong>aplic\u00e1bamos lo aprendido desde la experimentaci\u00f3n<\/strong> para los proyectos de nuestros clientes.<\/p>\n<p>Hoy en d\u00eda hay muchos artistas que hacen pl\u00e1stica o escultura, que no le ponen fronteras al arte y el dise\u00f1o. Venimos de una profesi\u00f3n que al principio no ten\u00eda fronteras, El Lissitzky o Rodchenko no ten\u00edan fronteras, se las pusimos nosotros despu\u00e9s. He tenido la suerte de poder hacer eso mismo, <strong>trabajar sin fronteras<\/strong> entre el arte y el dise\u00f1o, y ha sido siempre una gran experiencia con excelentes resultados.<\/p>\n<p>&nbsp;<\/p>\n<h2>\u00bfNo te dan ganas de no depender de clientes y hacer s\u00f3lo lo que te gusta?<\/h2>\n<p>Cuando trabajo en proyectos comerciales, soy igual de feliz que cuando trabajo en proyectos m\u00e1s art\u00edsticos o personales. Al final se trata de hacer una buena ensalada, un buen guisado o una buena paella.<\/p>\n<p><strong>Lo mejor es no pedir permiso<\/strong>, hacerlo y ya est\u00e1, la mejor forma de ser libre es serlo. Lo que s\u00ed hacia es que como no tenia tiempo para disfrutar de esa libertad, pintaba por la noche, porque durante el d\u00eda trabajaba. Le he quitado tiempo a irme de juerga para hacer lo que me gustaba.<\/p>\n<p>Una vez que te sientas con el cliente a trabajar, es porque has aceptado el reto. Me gustan m\u00e1s los proyectos con m\u00e1s contenido cultural. Donde puedes plasmar toda la cultura adquirida en tanto tiempo. He visto mucho, he le\u00eddo mucho y he escuchado mucha m\u00fasica.<\/p>\n<p>Me gusta mucho trabajar para mi entorno, y <strong>devolver lo que he aprendido<\/strong>. Por eso disfruto tanto con los grandes proyectos como con los peque\u00f1os. Todos son iguales y los abordo con la misma intensidad.<\/p>\n<p>&nbsp;<\/p>\n<h2>\u00bfCu\u00e1ndo un proyecto te hace sentir completo?<\/h2>\n<p>Sobre todo cuando disfrutas, cuando lo haces bien, cuando resuelves un encargo, el cliente est\u00e1 feliz y est\u00e1s contento con el resultado. Los mejores proyectos son los que duran, los que crean cultura, y se convierten en trabajos que hacen que se hable de ti.<\/p>\n<p>&nbsp;<\/p>\n<h2>\u00bfC\u00f3mo ser\u00e1 el dise\u00f1ador del futuro seg\u00fan \u00d3scar Marin\u00e9?<\/h2>\n<p>Ser\u00e1 un se\u00f1or muy responsable en una sociedad que poco a poco va aprendiendo lo que es un dise\u00f1ador. Cada vez hay m\u00e1s dise\u00f1adores, por lo que la sociedad aprender\u00e1 m\u00e1s sobre el oficio y el sector.<\/p>\n<p>Con lo que esta pasando ahora, nos vamos a tener que poner muy serios, vamos a asistir a una refundaci\u00f3n del mundo, nada va a funcionar como funcionaba. Las cosas mal hechas, el low-cost rampl\u00f3n, ha quedado clavado en el pasado y tenemos que replantearnos todo. La ecolog\u00eda, los materiales que utilizamos, la responsabilidad para con la sociedad y el medio ambiente. <strong>Los dise\u00f1adores tenemos un papel muy importante en este crecimiento<\/strong>. Necesitamos tambi\u00e9n aportar unos grados de solvencia. Tenemos que dar ese salto de demostrar a la gente lo que realmente hacemos los dise\u00f1adores, y lo fundamental del apoyo de un dise\u00f1ador en la soluci\u00f3n de las cosas. El dise\u00f1ador tiene un papel fundamental en la conversi\u00f3n de un mundo m\u00e1s serio y contempor\u00e1neo.<\/p>\n<p>&nbsp;<\/p>\n<p><img loading=\"lazy\" decoding=\"async\" width=\"680\" height=\"974\" class=\"alignnone size-full wp-image-3135\" src=\"https:\/\/blancfestival.com\/wp-content\/uploads\/2020\/05\/todo-sobre-mi-madre.jpg\" alt=\"\u00d3scar Marin\u00e9 - Todo sobre mi madre\" srcset=\"https:\/\/blancfestival.com\/wp-content\/uploads\/2020\/05\/todo-sobre-mi-madre.jpg 680w, https:\/\/blancfestival.com\/wp-content\/uploads\/2020\/05\/todo-sobre-mi-madre-250x358.jpg 250w, https:\/\/blancfestival.com\/wp-content\/uploads\/2020\/05\/todo-sobre-mi-madre-120x172.jpg 120w\" sizes=\"auto, (max-width: 680px) 100vw, 680px\" \/><\/p>\n<p>&nbsp;<\/p>\n<h2>David Lynch public\u00f3 el cartel de \u201cTodo sobre mi madre\u201d \u00bfc\u00f3mo te ha hecho sentir?<\/h2>\n<p>La verdad es que es un honor, pero no olvidemos que tenemos aqu\u00ed un gran director que es Pedro Almod\u00f3var, que es igual o m\u00e1s importante que David Lynch. En este pa\u00eds siempre hablamos mucho de los de fuera sin mirar el talento que tenemos cerca. Tenemos que apoyar a los nuestros, porque todos vamos mejor si nos apoyamos.<\/p>\n<p>Ha tenido que haber mucha gente que se ha dejado la vida en esta profesi\u00f3n para que aparezca un pr\u00edncipe como Pedro Almod\u00f3var. He visto a Pedro rodeado por grandes personalidades del cine y la cultura, mir\u00e1ndolo como lo que es, un director admirado a nivel mundial.<\/p>\n<p><strong>Vivimos el mejor momento de todos los tiempos en esta profesi\u00f3n<\/strong>. Mucha gente muy interesante que han podido estudiar dise\u00f1o gr\u00e1fico. En mi \u00e9poca se pod\u00eda estudiar en Barcelona, pero los que no est\u00e1bamos all\u00ed nos ten\u00edamos que buscar la vida.<\/p>\n<p>Me gustar\u00eda insistir en que fijen su atenci\u00f3n en muchos dise\u00f1adores espa\u00f1oles que han pasado antes que ellos, que conozcan m\u00e1s sobre el dise\u00f1o de nuestro pa\u00eds.<\/p>\n","protected":false},"excerpt":{"rendered":"\u00d3scar Marin\u00e9 es un tipo normal, de ideas claras, con un l\u00e9xico sin ornamentos. De formaci\u00f3n autodidacta, su universidad fue el mundo, sus maestros las personas que ha ido encontrando en el camino, y sus compa\u00f1eros de clase sus propios clientes. \u00d3scar Marin\u00e9 es una persona cercana, f\u00e1cil de tratar, campechano y humilde. Que ha&hellip;","protected":false},"author":3,"featured_media":3126,"comment_status":"open","ping_status":"open","sticky":false,"template":"","format":"standard","meta":{"_acf_changed":false,"footnotes":""},"categories":[2,4],"tags":[],"evento":[],"class_list":["post-3122","post","type-post","status-publish","format-standard","has-post-thumbnail","hentry","category-diseno","category-entrevistas"],"acf":[],"yoast_head":"<!-- This site is optimized with the Yoast SEO plugin v23.7 - https:\/\/yoast.com\/wordpress\/plugins\/seo\/ -->\n<title>\u00d3scar Marin\u00e9 - Grandes del dise\u00f1o gr\u00e1fico espa\u00f1ol<\/title>\n<meta name=\"description\" content=\"\u00d3scar marin\u00e9 es uno de los grandes dise\u00f1adores gr\u00e1ficos espa\u00f1oles, cuyo trabajo ha pasado a formar parte del imagiario visual de toda una sociedad.\" \/>\n<meta name=\"robots\" content=\"index, follow, max-snippet:-1, max-image-preview:large, max-video-preview:-1\" \/>\n<link rel=\"canonical\" href=\"https:\/\/blancfestival.com\/oscar-marine-disenador-artista\/\" \/>\n<meta property=\"og:locale\" content=\"ca_ES\" \/>\n<meta property=\"og:type\" content=\"article\" \/>\n<meta property=\"og:title\" content=\"\u00d3scar Marin\u00e9 - Grandes del dise\u00f1o gr\u00e1fico espa\u00f1ol\" \/>\n<meta property=\"og:description\" content=\"\u00d3scar marin\u00e9 es uno de los grandes dise\u00f1adores gr\u00e1ficos espa\u00f1oles, cuyo trabajo ha pasado a formar parte del imagiario visual de toda una sociedad.\" \/>\n<meta property=\"og:url\" content=\"https:\/\/blancfestival.com\/oscar-marine-disenador-artista\/\" \/>\n<meta property=\"og:site_name\" content=\"Blanc!\" \/>\n<meta property=\"article:publisher\" content=\"https:\/\/www.facebook.com\/blanc.festivaldissenygrafic\/\" \/>\n<meta property=\"article:published_time\" content=\"2020-05-31T17:30:34+00:00\" \/>\n<meta property=\"article:modified_time\" content=\"2020-06-04T14:56:02+00:00\" \/>\n<meta property=\"og:image\" content=\"https:\/\/blancfestival.com\/wp-content\/uploads\/2020\/05\/oscar-marine-blanc-festival.jpg\" \/>\n\t<meta property=\"og:image:width\" content=\"1920\" \/>\n\t<meta property=\"og:image:height\" content=\"1080\" \/>\n\t<meta property=\"og:image:type\" content=\"image\/jpeg\" \/>\n<meta name=\"author\" content=\"Redacci\u00f3n Blanc!\" \/>\n<meta name=\"twitter:card\" content=\"summary_large_image\" \/>\n<meta name=\"twitter:creator\" content=\"@blancfest\" \/>\n<meta name=\"twitter:site\" content=\"@blancfest\" \/>\n<meta name=\"twitter:label1\" content=\"Written by\" \/>\n\t<meta name=\"twitter:data1\" content=\"Redacci\u00f3n Blanc!\" \/>\n\t<meta name=\"twitter:label2\" content=\"Est. reading time\" \/>\n\t<meta name=\"twitter:data2\" content=\"11 minutes\" \/>\n<script type=\"application\/ld+json\" class=\"yoast-schema-graph\">{\"@context\":\"https:\/\/schema.org\",\"@graph\":[{\"@type\":\"Article\",\"@id\":\"https:\/\/blancfestival.com\/oscar-marine-disenador-artista\/#article\",\"isPartOf\":{\"@id\":\"https:\/\/blancfestival.com\/oscar-marine-disenador-artista\/\"},\"author\":{\"name\":\"Redacci\u00f3n Blanc!\",\"@id\":\"https:\/\/blancfestival.com\/#\/schema\/person\/1c1365d1e51e5730cf3f5fadb8670c06\"},\"headline\":\"\u00d3scar Marin\u00e9: &#8220;Tenemos que apoyar a los nuestros, porque todos vamos mejor si nos apoyamos&#8221;\",\"datePublished\":\"2020-05-31T17:30:34+00:00\",\"dateModified\":\"2020-06-04T14:56:02+00:00\",\"mainEntityOfPage\":{\"@id\":\"https:\/\/blancfestival.com\/oscar-marine-disenador-artista\/\"},\"wordCount\":2245,\"commentCount\":0,\"publisher\":{\"@id\":\"https:\/\/blancfestival.com\/#organization\"},\"image\":{\"@id\":\"https:\/\/blancfestival.com\/oscar-marine-disenador-artista\/#primaryimage\"},\"thumbnailUrl\":\"https:\/\/blancfestival.com\/wp-content\/uploads\/2020\/05\/oscar-marine-blanc-festival.jpg\",\"articleSection\":[\"Dise\u00f1o\",\"Entrevistas\"],\"inLanguage\":\"ca\",\"potentialAction\":[{\"@type\":\"CommentAction\",\"name\":\"Comment\",\"target\":[\"https:\/\/blancfestival.com\/oscar-marine-disenador-artista\/#respond\"]}]},{\"@type\":\"WebPage\",\"@id\":\"https:\/\/blancfestival.com\/oscar-marine-disenador-artista\/\",\"url\":\"https:\/\/blancfestival.com\/oscar-marine-disenador-artista\/\",\"name\":\"\u00d3scar Marin\u00e9 - Grandes del dise\u00f1o gr\u00e1fico espa\u00f1ol\",\"isPartOf\":{\"@id\":\"https:\/\/blancfestival.com\/#website\"},\"primaryImageOfPage\":{\"@id\":\"https:\/\/blancfestival.com\/oscar-marine-disenador-artista\/#primaryimage\"},\"image\":{\"@id\":\"https:\/\/blancfestival.com\/oscar-marine-disenador-artista\/#primaryimage\"},\"thumbnailUrl\":\"https:\/\/blancfestival.com\/wp-content\/uploads\/2020\/05\/oscar-marine-blanc-festival.jpg\",\"datePublished\":\"2020-05-31T17:30:34+00:00\",\"dateModified\":\"2020-06-04T14:56:02+00:00\",\"description\":\"\u00d3scar marin\u00e9 es uno de los grandes dise\u00f1adores gr\u00e1ficos espa\u00f1oles, cuyo trabajo ha pasado a formar parte del imagiario visual de toda una sociedad.\",\"breadcrumb\":{\"@id\":\"https:\/\/blancfestival.com\/oscar-marine-disenador-artista\/#breadcrumb\"},\"inLanguage\":\"ca\",\"potentialAction\":[{\"@type\":\"ReadAction\",\"target\":[\"https:\/\/blancfestival.com\/oscar-marine-disenador-artista\/\"]}]},{\"@type\":\"ImageObject\",\"inLanguage\":\"ca\",\"@id\":\"https:\/\/blancfestival.com\/oscar-marine-disenador-artista\/#primaryimage\",\"url\":\"https:\/\/blancfestival.com\/wp-content\/uploads\/2020\/05\/oscar-marine-blanc-festival.jpg\",\"contentUrl\":\"https:\/\/blancfestival.com\/wp-content\/uploads\/2020\/05\/oscar-marine-blanc-festival.jpg\",\"width\":1920,\"height\":1080,\"caption\":\"Conferencia \u00d3scar Marin\u00e9\"},{\"@type\":\"BreadcrumbList\",\"@id\":\"https:\/\/blancfestival.com\/oscar-marine-disenador-artista\/#breadcrumb\",\"itemListElement\":[{\"@type\":\"ListItem\",\"position\":1,\"name\":\"Portada\",\"item\":\"https:\/\/blancfestival.com\/ca\/\"},{\"@type\":\"ListItem\",\"position\":2,\"name\":\"\u00d3scar Marin\u00e9: \u00abTenemos que apoyar a los nuestros, porque todos vamos mejor si nos apoyamos\u00bb\"}]},{\"@type\":\"WebSite\",\"@id\":\"https:\/\/blancfestival.com\/#website\",\"url\":\"https:\/\/blancfestival.com\/\",\"name\":\"Blanc! Festival\",\"description\":\"Disseny, Creativitat i Innovaci\u00f3\",\"publisher\":{\"@id\":\"https:\/\/blancfestival.com\/#organization\"},\"potentialAction\":[{\"@type\":\"SearchAction\",\"target\":{\"@type\":\"EntryPoint\",\"urlTemplate\":\"https:\/\/blancfestival.com\/?s={search_term_string}\"},\"query-input\":{\"@type\":\"PropertyValueSpecification\",\"valueRequired\":true,\"valueName\":\"search_term_string\"}}],\"inLanguage\":\"ca\"},{\"@type\":\"Organization\",\"@id\":\"https:\/\/blancfestival.com\/#organization\",\"name\":\"Blanc! Festival de Dise\u00f1o, Creatividad e Innovaci\u00f3n\",\"url\":\"https:\/\/blancfestival.com\/\",\"logo\":{\"@type\":\"ImageObject\",\"inLanguage\":\"ca\",\"@id\":\"https:\/\/blancfestival.com\/#\/schema\/logo\/image\/\",\"url\":\"https:\/\/blancfestival.com\/wp-content\/uploads\/2025\/01\/logo_icono_blanc.jpg\",\"contentUrl\":\"https:\/\/blancfestival.com\/wp-content\/uploads\/2025\/01\/logo_icono_blanc.jpg\",\"width\":2000,\"height\":2000,\"caption\":\"Blanc! Festival de Dise\u00f1o, Creatividad e Innovaci\u00f3n\"},\"image\":{\"@id\":\"https:\/\/blancfestival.com\/#\/schema\/logo\/image\/\"},\"sameAs\":[\"https:\/\/www.facebook.com\/blanc.festivaldissenygrafic\/\",\"https:\/\/x.com\/blancfest\",\"https:\/\/www.instagram.com\/blancfest\/\",\"https:\/\/www.linkedin.com\/company\/blanc-festival\",\"https:\/\/www.pinterest.com\/blancfest\/\",\"https:\/\/www.youtube.com\/channel\/UCM-IjxOFb5gQg4yPgmze3Gg\"]},{\"@type\":\"Person\",\"@id\":\"https:\/\/blancfestival.com\/#\/schema\/person\/1c1365d1e51e5730cf3f5fadb8670c06\",\"name\":\"Redacci\u00f3n Blanc!\",\"image\":{\"@type\":\"ImageObject\",\"inLanguage\":\"ca\",\"@id\":\"https:\/\/blancfestival.com\/#\/schema\/person\/image\/\",\"url\":\"https:\/\/blancfestival.com\/wp-content\/uploads\/2020\/02\/ico-120x120.png\",\"contentUrl\":\"https:\/\/blancfestival.com\/wp-content\/uploads\/2020\/02\/ico-120x120.png\",\"caption\":\"Redacci\u00f3n Blanc!\"},\"description\":\"\u201cNo trates de doblar la cuchara. Es imposible. En lugar de hacerlo, solo intenta darte cuenta de la verdad\u2026 No hay cuchara. Entonces, ver\u00e1s que no es la cuchara lo que se dobla, te doblas t\u00fa\u201d\"}]}<\/script>\n<!-- \/ Yoast SEO plugin. -->","yoast_head_json":{"title":"\u00d3scar Marin\u00e9 - Grandes del dise\u00f1o gr\u00e1fico espa\u00f1ol","description":"\u00d3scar marin\u00e9 es uno de los grandes dise\u00f1adores gr\u00e1ficos espa\u00f1oles, cuyo trabajo ha pasado a formar parte del imagiario visual de toda una sociedad.","robots":{"index":"index","follow":"follow","max-snippet":"max-snippet:-1","max-image-preview":"max-image-preview:large","max-video-preview":"max-video-preview:-1"},"canonical":"https:\/\/blancfestival.com\/oscar-marine-disenador-artista\/","og_locale":"ca_ES","og_type":"article","og_title":"\u00d3scar Marin\u00e9 - Grandes del dise\u00f1o gr\u00e1fico espa\u00f1ol","og_description":"\u00d3scar marin\u00e9 es uno de los grandes dise\u00f1adores gr\u00e1ficos espa\u00f1oles, cuyo trabajo ha pasado a formar parte del imagiario visual de toda una sociedad.","og_url":"https:\/\/blancfestival.com\/oscar-marine-disenador-artista\/","og_site_name":"Blanc!","article_publisher":"https:\/\/www.facebook.com\/blanc.festivaldissenygrafic\/","article_published_time":"2020-05-31T17:30:34+00:00","article_modified_time":"2020-06-04T14:56:02+00:00","og_image":[{"width":1920,"height":1080,"url":"https:\/\/blancfestival.com\/wp-content\/uploads\/2020\/05\/oscar-marine-blanc-festival.jpg","type":"image\/jpeg"}],"author":"Redacci\u00f3n Blanc!","twitter_card":"summary_large_image","twitter_creator":"@blancfest","twitter_site":"@blancfest","twitter_misc":{"Written by":"Redacci\u00f3n Blanc!","Est. reading time":"11 minutes"},"schema":{"@context":"https:\/\/schema.org","@graph":[{"@type":"Article","@id":"https:\/\/blancfestival.com\/oscar-marine-disenador-artista\/#article","isPartOf":{"@id":"https:\/\/blancfestival.com\/oscar-marine-disenador-artista\/"},"author":{"name":"Redacci\u00f3n Blanc!","@id":"https:\/\/blancfestival.com\/#\/schema\/person\/1c1365d1e51e5730cf3f5fadb8670c06"},"headline":"\u00d3scar Marin\u00e9: &#8220;Tenemos que apoyar a los nuestros, porque todos vamos mejor si nos apoyamos&#8221;","datePublished":"2020-05-31T17:30:34+00:00","dateModified":"2020-06-04T14:56:02+00:00","mainEntityOfPage":{"@id":"https:\/\/blancfestival.com\/oscar-marine-disenador-artista\/"},"wordCount":2245,"commentCount":0,"publisher":{"@id":"https:\/\/blancfestival.com\/#organization"},"image":{"@id":"https:\/\/blancfestival.com\/oscar-marine-disenador-artista\/#primaryimage"},"thumbnailUrl":"https:\/\/blancfestival.com\/wp-content\/uploads\/2020\/05\/oscar-marine-blanc-festival.jpg","articleSection":["Dise\u00f1o","Entrevistas"],"inLanguage":"ca","potentialAction":[{"@type":"CommentAction","name":"Comment","target":["https:\/\/blancfestival.com\/oscar-marine-disenador-artista\/#respond"]}]},{"@type":"WebPage","@id":"https:\/\/blancfestival.com\/oscar-marine-disenador-artista\/","url":"https:\/\/blancfestival.com\/oscar-marine-disenador-artista\/","name":"\u00d3scar Marin\u00e9 - Grandes del dise\u00f1o gr\u00e1fico espa\u00f1ol","isPartOf":{"@id":"https:\/\/blancfestival.com\/#website"},"primaryImageOfPage":{"@id":"https:\/\/blancfestival.com\/oscar-marine-disenador-artista\/#primaryimage"},"image":{"@id":"https:\/\/blancfestival.com\/oscar-marine-disenador-artista\/#primaryimage"},"thumbnailUrl":"https:\/\/blancfestival.com\/wp-content\/uploads\/2020\/05\/oscar-marine-blanc-festival.jpg","datePublished":"2020-05-31T17:30:34+00:00","dateModified":"2020-06-04T14:56:02+00:00","description":"\u00d3scar marin\u00e9 es uno de los grandes dise\u00f1adores gr\u00e1ficos espa\u00f1oles, cuyo trabajo ha pasado a formar parte del imagiario visual de toda una sociedad.","breadcrumb":{"@id":"https:\/\/blancfestival.com\/oscar-marine-disenador-artista\/#breadcrumb"},"inLanguage":"ca","potentialAction":[{"@type":"ReadAction","target":["https:\/\/blancfestival.com\/oscar-marine-disenador-artista\/"]}]},{"@type":"ImageObject","inLanguage":"ca","@id":"https:\/\/blancfestival.com\/oscar-marine-disenador-artista\/#primaryimage","url":"https:\/\/blancfestival.com\/wp-content\/uploads\/2020\/05\/oscar-marine-blanc-festival.jpg","contentUrl":"https:\/\/blancfestival.com\/wp-content\/uploads\/2020\/05\/oscar-marine-blanc-festival.jpg","width":1920,"height":1080,"caption":"Conferencia \u00d3scar Marin\u00e9"},{"@type":"BreadcrumbList","@id":"https:\/\/blancfestival.com\/oscar-marine-disenador-artista\/#breadcrumb","itemListElement":[{"@type":"ListItem","position":1,"name":"Portada","item":"https:\/\/blancfestival.com\/ca\/"},{"@type":"ListItem","position":2,"name":"\u00d3scar Marin\u00e9: \u00abTenemos que apoyar a los nuestros, porque todos vamos mejor si nos apoyamos\u00bb"}]},{"@type":"WebSite","@id":"https:\/\/blancfestival.com\/#website","url":"https:\/\/blancfestival.com\/","name":"Blanc! Festival","description":"Disseny, Creativitat i Innovaci\u00f3","publisher":{"@id":"https:\/\/blancfestival.com\/#organization"},"potentialAction":[{"@type":"SearchAction","target":{"@type":"EntryPoint","urlTemplate":"https:\/\/blancfestival.com\/?s={search_term_string}"},"query-input":{"@type":"PropertyValueSpecification","valueRequired":true,"valueName":"search_term_string"}}],"inLanguage":"ca"},{"@type":"Organization","@id":"https:\/\/blancfestival.com\/#organization","name":"Blanc! Festival de Dise\u00f1o, Creatividad e Innovaci\u00f3n","url":"https:\/\/blancfestival.com\/","logo":{"@type":"ImageObject","inLanguage":"ca","@id":"https:\/\/blancfestival.com\/#\/schema\/logo\/image\/","url":"https:\/\/blancfestival.com\/wp-content\/uploads\/2025\/01\/logo_icono_blanc.jpg","contentUrl":"https:\/\/blancfestival.com\/wp-content\/uploads\/2025\/01\/logo_icono_blanc.jpg","width":2000,"height":2000,"caption":"Blanc! Festival de Dise\u00f1o, Creatividad e Innovaci\u00f3n"},"image":{"@id":"https:\/\/blancfestival.com\/#\/schema\/logo\/image\/"},"sameAs":["https:\/\/www.facebook.com\/blanc.festivaldissenygrafic\/","https:\/\/x.com\/blancfest","https:\/\/www.instagram.com\/blancfest\/","https:\/\/www.linkedin.com\/company\/blanc-festival","https:\/\/www.pinterest.com\/blancfest\/","https:\/\/www.youtube.com\/channel\/UCM-IjxOFb5gQg4yPgmze3Gg"]},{"@type":"Person","@id":"https:\/\/blancfestival.com\/#\/schema\/person\/1c1365d1e51e5730cf3f5fadb8670c06","name":"Redacci\u00f3n Blanc!","image":{"@type":"ImageObject","inLanguage":"ca","@id":"https:\/\/blancfestival.com\/#\/schema\/person\/image\/","url":"https:\/\/blancfestival.com\/wp-content\/uploads\/2020\/02\/ico-120x120.png","contentUrl":"https:\/\/blancfestival.com\/wp-content\/uploads\/2020\/02\/ico-120x120.png","caption":"Redacci\u00f3n Blanc!"},"description":"\u201cNo trates de doblar la cuchara. Es imposible. En lugar de hacerlo, solo intenta darte cuenta de la verdad\u2026 No hay cuchara. Entonces, ver\u00e1s que no es la cuchara lo que se dobla, te doblas t\u00fa\u201d"}]}},"_links":{"self":[{"href":"https:\/\/blancfestival.com\/ca\/wp-json\/wp\/v2\/posts\/3122","targetHints":{"allow":["GET"]}}],"collection":[{"href":"https:\/\/blancfestival.com\/ca\/wp-json\/wp\/v2\/posts"}],"about":[{"href":"https:\/\/blancfestival.com\/ca\/wp-json\/wp\/v2\/types\/post"}],"author":[{"embeddable":true,"href":"https:\/\/blancfestival.com\/ca\/wp-json\/wp\/v2\/users\/3"}],"replies":[{"embeddable":true,"href":"https:\/\/blancfestival.com\/ca\/wp-json\/wp\/v2\/comments?post=3122"}],"version-history":[{"count":6,"href":"https:\/\/blancfestival.com\/ca\/wp-json\/wp\/v2\/posts\/3122\/revisions"}],"predecessor-version":[{"id":3149,"href":"https:\/\/blancfestival.com\/ca\/wp-json\/wp\/v2\/posts\/3122\/revisions\/3149"}],"wp:featuredmedia":[{"embeddable":true,"href":"https:\/\/blancfestival.com\/ca\/wp-json\/wp\/v2\/media\/3126"}],"wp:attachment":[{"href":"https:\/\/blancfestival.com\/ca\/wp-json\/wp\/v2\/media?parent=3122"}],"wp:term":[{"taxonomy":"category","embeddable":true,"href":"https:\/\/blancfestival.com\/ca\/wp-json\/wp\/v2\/categories?post=3122"},{"taxonomy":"post_tag","embeddable":true,"href":"https:\/\/blancfestival.com\/ca\/wp-json\/wp\/v2\/tags?post=3122"},{"taxonomy":"evento","embeddable":true,"href":"https:\/\/blancfestival.com\/ca\/wp-json\/wp\/v2\/evento?post=3122"}],"curies":[{"name":"wp","href":"https:\/\/api.w.org\/{rel}","templated":true}]}}