{"id":40,"date":"2020-01-10T16:10:06","date_gmt":"2020-01-10T16:10:06","guid":{"rendered":"https:\/\/blancfestival.com\/www2020\/?p=40"},"modified":"2020-02-26T15:52:17","modified_gmt":"2020-02-26T15:52:17","slug":"neville-brody-la-cultura-hoy-es-bonita-pero-no-hace-pensar","status":"publish","type":"post","link":"https:\/\/blancfestival.com\/ca\/neville-brody-la-cultura-hoy-es-bonita-pero-no-hace-pensar\/","title":{"rendered":"Neville Brody: &#8220;la cultura hoy es bonita pero no hace pensar&#8221;"},"content":{"rendered":"<p>Cabeza pensante y ejecutora tras el dise\u00f1o de las revistas \u2018The Face\u2019 o &#8216;Arena&#8217; (pura innovaci\u00f3n gr\u00e1fica en los gloriosos 90&#8217;s). Actualiz\u00f3 la Times New Roman para el peri\u00f3dico &#8216;The Times&#8217; y su estudio fue el encargado de crear tipograf\u00edas para Dior, Coca-Cola o Samsung.<br \/>\nEn la edici\u00f3n n.11 de Blanc! tuvimos el honor de tenerlo en cartel, agradecidos sobre todo los que pertenecemos a la Generaci\u00f3n X.<\/p>\n<p>Su visi\u00f3n y pasi\u00f3n por ir m\u00e1s all\u00e1 de los l\u00edmites creativos se refleja en el trabajo de <a href=\"https:\/\/brody-associates.com\/\" target=\"_blank\" rel=\"noopener noreferrer\">Brody Associates<\/a>, la agencia creativa colaborativa que fund\u00f3.<\/p>\n<p>Su trabajo a lo largo de tres d\u00e9cadas abarca desde direcci\u00f3n art\u00edstica editorial, portadas de discos e identidades para instituciones culturales, hasta sistemas estrat\u00e9gicos y dise\u00f1o tipogr\u00e1fico para empresas y marcas internacionales.<\/p>\n<p>A ra\u00edz de su presencia en Barcelona, El Smoda de El Pa\u00eds entrevist\u00f3 a Neville, donde reflexiona sobre la cultura del dise\u00f1o, la innovaci\u00f3n y su propia historia como dise\u00f1ador gr\u00e1fico.<\/p>\n<p><a href=\"https:\/\/smoda.elpais.com\/placeres\/neville-brody-hoy-la-cultura-y-el-diseno-son-bonitos-pero-no-hacen-pensar-y-la-sociedad-vuelve-a-necesitar-contenidos-e-ideas\/\" target=\"_blank\" rel=\"noopener noreferrer\">\u00abHoy la cultura y el dise\u00f1o son bonitos, pero no hacen pensar. Y la sociedad vuelve a necesitar contenidos e ideas\u00bb<\/a><\/p>\n","protected":false},"excerpt":{"rendered":"Cabeza pensante y ejecutora tras el dise\u00f1o de las revistas \u2018The Face\u2019 o &#8216;Arena&#8217; (pura innovaci\u00f3n gr\u00e1fica en los gloriosos 90&#8217;s). Actualiz\u00f3 la Times New Roman para el peri\u00f3dico &#8216;The Times&#8217; y su estudio fue el encargado de crear tipograf\u00edas para Dior, Coca-Cola o Samsung. En la edici\u00f3n n.11 de Blanc! tuvimos el honor de&hellip;","protected":false},"author":3,"featured_media":368,"comment_status":"open","ping_status":"open","sticky":false,"template":"","format":"standard","meta":{"_acf_changed":false,"footnotes":""},"categories":[4,5],"tags":[],"evento":[],"class_list":["post-40","post","type-post","status-publish","format-standard","has-post-thumbnail","hentry","category-entrevistas","category-innovacion"],"acf":[],"yoast_head":"<!-- This site is optimized with the Yoast SEO plugin v23.7 - https:\/\/yoast.com\/wordpress\/plugins\/seo\/ -->\n<title>Neville Brody: &quot;la cultura hoy es bonita pero no hace pensar&quot;<\/title>\n<meta name=\"robots\" content=\"index, follow, max-snippet:-1, max-image-preview:large, max-video-preview:-1\" \/>\n<link rel=\"canonical\" href=\"https:\/\/blancfestival.com\/neville-brody-la-cultura-hoy-es-bonita-pero-no-hace-pensar\/\" \/>\n<meta property=\"og:locale\" content=\"ca_ES\" \/>\n<meta property=\"og:type\" content=\"article\" \/>\n<meta property=\"og:title\" content=\"Neville Brody: &quot;la cultura hoy es bonita pero no hace pensar&quot;\" \/>\n<meta property=\"og:description\" content=\"Cabeza pensante y ejecutora tras el dise\u00f1o de las revistas \u2018The Face\u2019 o &#8216;Arena&#8217; (pura innovaci\u00f3n gr\u00e1fica en los gloriosos 90&#8217;s). Actualiz\u00f3 la Times New Roman para el peri\u00f3dico &#8216;The Times&#8217; y su estudio fue el encargado de crear tipograf\u00edas para Dior, Coca-Cola o Samsung. En la edici\u00f3n n.11 de Blanc! tuvimos el honor de&hellip;\" \/>\n<meta property=\"og:url\" content=\"https:\/\/blancfestival.com\/neville-brody-la-cultura-hoy-es-bonita-pero-no-hace-pensar\/\" \/>\n<meta property=\"og:site_name\" content=\"Blanc!\" \/>\n<meta property=\"article:publisher\" content=\"https:\/\/www.facebook.com\/blanc.festivaldissenygrafic\/\" \/>\n<meta property=\"article:published_time\" content=\"2020-01-10T16:10:06+00:00\" \/>\n<meta property=\"article:modified_time\" content=\"2020-02-26T15:52:17+00:00\" \/>\n<meta property=\"og:image\" content=\"https:\/\/blancfestival.com\/wp-content\/uploads\/2020\/01\/neville-brody-blanc-festival.jpg\" \/>\n\t<meta property=\"og:image:width\" content=\"2000\" \/>\n\t<meta property=\"og:image:height\" content=\"1333\" \/>\n\t<meta property=\"og:image:type\" content=\"image\/jpeg\" \/>\n<meta name=\"author\" content=\"Redacci\u00f3n Blanc!\" \/>\n<meta name=\"twitter:card\" content=\"summary_large_image\" \/>\n<meta name=\"twitter:creator\" content=\"@blancfest\" \/>\n<meta name=\"twitter:site\" content=\"@blancfest\" \/>\n<meta name=\"twitter:label1\" content=\"Written by\" \/>\n\t<meta name=\"twitter:data1\" content=\"Redacci\u00f3n Blanc!\" \/>\n\t<meta name=\"twitter:label2\" content=\"Est. reading time\" \/>\n\t<meta name=\"twitter:data2\" content=\"1 minute\" \/>\n<script type=\"application\/ld+json\" class=\"yoast-schema-graph\">{\"@context\":\"https:\/\/schema.org\",\"@graph\":[{\"@type\":\"Article\",\"@id\":\"https:\/\/blancfestival.com\/neville-brody-la-cultura-hoy-es-bonita-pero-no-hace-pensar\/#article\",\"isPartOf\":{\"@id\":\"https:\/\/blancfestival.com\/neville-brody-la-cultura-hoy-es-bonita-pero-no-hace-pensar\/\"},\"author\":{\"name\":\"Redacci\u00f3n Blanc!\",\"@id\":\"https:\/\/blancfestival.com\/#\/schema\/person\/1c1365d1e51e5730cf3f5fadb8670c06\"},\"headline\":\"Neville Brody: &#8220;la cultura hoy es bonita pero no hace pensar&#8221;\",\"datePublished\":\"2020-01-10T16:10:06+00:00\",\"dateModified\":\"2020-02-26T15:52:17+00:00\",\"mainEntityOfPage\":{\"@id\":\"https:\/\/blancfestival.com\/neville-brody-la-cultura-hoy-es-bonita-pero-no-hace-pensar\/\"},\"wordCount\":213,\"commentCount\":0,\"publisher\":{\"@id\":\"https:\/\/blancfestival.com\/#organization\"},\"image\":{\"@id\":\"https:\/\/blancfestival.com\/neville-brody-la-cultura-hoy-es-bonita-pero-no-hace-pensar\/#primaryimage\"},\"thumbnailUrl\":\"https:\/\/blancfestival.com\/wp-content\/uploads\/2020\/01\/neville-brody-blanc-festival.jpg\",\"articleSection\":[\"Entrevistas\",\"Innovaci\u00f3n\"],\"inLanguage\":\"ca\",\"potentialAction\":[{\"@type\":\"CommentAction\",\"name\":\"Comment\",\"target\":[\"https:\/\/blancfestival.com\/neville-brody-la-cultura-hoy-es-bonita-pero-no-hace-pensar\/#respond\"]}]},{\"@type\":\"WebPage\",\"@id\":\"https:\/\/blancfestival.com\/neville-brody-la-cultura-hoy-es-bonita-pero-no-hace-pensar\/\",\"url\":\"https:\/\/blancfestival.com\/neville-brody-la-cultura-hoy-es-bonita-pero-no-hace-pensar\/\",\"name\":\"Neville Brody: \\\"la cultura hoy es bonita pero no hace pensar\\\"\",\"isPartOf\":{\"@id\":\"https:\/\/blancfestival.com\/#website\"},\"primaryImageOfPage\":{\"@id\":\"https:\/\/blancfestival.com\/neville-brody-la-cultura-hoy-es-bonita-pero-no-hace-pensar\/#primaryimage\"},\"image\":{\"@id\":\"https:\/\/blancfestival.com\/neville-brody-la-cultura-hoy-es-bonita-pero-no-hace-pensar\/#primaryimage\"},\"thumbnailUrl\":\"https:\/\/blancfestival.com\/wp-content\/uploads\/2020\/01\/neville-brody-blanc-festival.jpg\",\"datePublished\":\"2020-01-10T16:10:06+00:00\",\"dateModified\":\"2020-02-26T15:52:17+00:00\",\"breadcrumb\":{\"@id\":\"https:\/\/blancfestival.com\/neville-brody-la-cultura-hoy-es-bonita-pero-no-hace-pensar\/#breadcrumb\"},\"inLanguage\":\"ca\",\"potentialAction\":[{\"@type\":\"ReadAction\",\"target\":[\"https:\/\/blancfestival.com\/neville-brody-la-cultura-hoy-es-bonita-pero-no-hace-pensar\/\"]}]},{\"@type\":\"ImageObject\",\"inLanguage\":\"ca\",\"@id\":\"https:\/\/blancfestival.com\/neville-brody-la-cultura-hoy-es-bonita-pero-no-hace-pensar\/#primaryimage\",\"url\":\"https:\/\/blancfestival.com\/wp-content\/uploads\/2020\/01\/neville-brody-blanc-festival.jpg\",\"contentUrl\":\"https:\/\/blancfestival.com\/wp-content\/uploads\/2020\/01\/neville-brody-blanc-festival.jpg\",\"width\":2000,\"height\":1333,\"caption\":\"Nebille Brody - Blanc! Festival 2009\"},{\"@type\":\"BreadcrumbList\",\"@id\":\"https:\/\/blancfestival.com\/neville-brody-la-cultura-hoy-es-bonita-pero-no-hace-pensar\/#breadcrumb\",\"itemListElement\":[{\"@type\":\"ListItem\",\"position\":1,\"name\":\"Portada\",\"item\":\"https:\/\/blancfestival.com\/ca\/\"},{\"@type\":\"ListItem\",\"position\":2,\"name\":\"Neville Brody: \u00abla cultura hoy es bonita pero no hace pensar\u00bb\"}]},{\"@type\":\"WebSite\",\"@id\":\"https:\/\/blancfestival.com\/#website\",\"url\":\"https:\/\/blancfestival.com\/\",\"name\":\"Blanc! Festival\",\"description\":\"Disseny, Creativitat i Innovaci\u00f3\",\"publisher\":{\"@id\":\"https:\/\/blancfestival.com\/#organization\"},\"potentialAction\":[{\"@type\":\"SearchAction\",\"target\":{\"@type\":\"EntryPoint\",\"urlTemplate\":\"https:\/\/blancfestival.com\/?s={search_term_string}\"},\"query-input\":{\"@type\":\"PropertyValueSpecification\",\"valueRequired\":true,\"valueName\":\"search_term_string\"}}],\"inLanguage\":\"ca\"},{\"@type\":\"Organization\",\"@id\":\"https:\/\/blancfestival.com\/#organization\",\"name\":\"Blanc! Festival de Dise\u00f1o, Creatividad e Innovaci\u00f3n\",\"url\":\"https:\/\/blancfestival.com\/\",\"logo\":{\"@type\":\"ImageObject\",\"inLanguage\":\"ca\",\"@id\":\"https:\/\/blancfestival.com\/#\/schema\/logo\/image\/\",\"url\":\"https:\/\/blancfestival.com\/wp-content\/uploads\/2025\/01\/logo_icono_blanc.jpg\",\"contentUrl\":\"https:\/\/blancfestival.com\/wp-content\/uploads\/2025\/01\/logo_icono_blanc.jpg\",\"width\":2000,\"height\":2000,\"caption\":\"Blanc! Festival de Dise\u00f1o, Creatividad e Innovaci\u00f3n\"},\"image\":{\"@id\":\"https:\/\/blancfestival.com\/#\/schema\/logo\/image\/\"},\"sameAs\":[\"https:\/\/www.facebook.com\/blanc.festivaldissenygrafic\/\",\"https:\/\/x.com\/blancfest\",\"https:\/\/www.instagram.com\/blancfest\/\",\"https:\/\/www.linkedin.com\/company\/blanc-festival\",\"https:\/\/www.pinterest.com\/blancfest\/\",\"https:\/\/www.youtube.com\/channel\/UCM-IjxOFb5gQg4yPgmze3Gg\"]},{\"@type\":\"Person\",\"@id\":\"https:\/\/blancfestival.com\/#\/schema\/person\/1c1365d1e51e5730cf3f5fadb8670c06\",\"name\":\"Redacci\u00f3n Blanc!\",\"image\":{\"@type\":\"ImageObject\",\"inLanguage\":\"ca\",\"@id\":\"https:\/\/blancfestival.com\/#\/schema\/person\/image\/\",\"url\":\"https:\/\/blancfestival.com\/wp-content\/uploads\/2020\/02\/ico-120x120.png\",\"contentUrl\":\"https:\/\/blancfestival.com\/wp-content\/uploads\/2020\/02\/ico-120x120.png\",\"caption\":\"Redacci\u00f3n Blanc!\"},\"description\":\"\u201cNo trates de doblar la cuchara. Es imposible. En lugar de hacerlo, solo intenta darte cuenta de la verdad\u2026 No hay cuchara. Entonces, ver\u00e1s que no es la cuchara lo que se dobla, te doblas t\u00fa\u201d\"}]}<\/script>\n<!-- \/ Yoast SEO plugin. -->","yoast_head_json":{"title":"Neville Brody: \"la cultura hoy es bonita pero no hace pensar\"","robots":{"index":"index","follow":"follow","max-snippet":"max-snippet:-1","max-image-preview":"max-image-preview:large","max-video-preview":"max-video-preview:-1"},"canonical":"https:\/\/blancfestival.com\/neville-brody-la-cultura-hoy-es-bonita-pero-no-hace-pensar\/","og_locale":"ca_ES","og_type":"article","og_title":"Neville Brody: \"la cultura hoy es bonita pero no hace pensar\"","og_description":"Cabeza pensante y ejecutora tras el dise\u00f1o de las revistas \u2018The Face\u2019 o &#8216;Arena&#8217; (pura innovaci\u00f3n gr\u00e1fica en los gloriosos 90&#8217;s). Actualiz\u00f3 la Times New Roman para el peri\u00f3dico &#8216;The Times&#8217; y su estudio fue el encargado de crear tipograf\u00edas para Dior, Coca-Cola o Samsung. En la edici\u00f3n n.11 de Blanc! tuvimos el honor de&hellip;","og_url":"https:\/\/blancfestival.com\/neville-brody-la-cultura-hoy-es-bonita-pero-no-hace-pensar\/","og_site_name":"Blanc!","article_publisher":"https:\/\/www.facebook.com\/blanc.festivaldissenygrafic\/","article_published_time":"2020-01-10T16:10:06+00:00","article_modified_time":"2020-02-26T15:52:17+00:00","og_image":[{"width":2000,"height":1333,"url":"https:\/\/blancfestival.com\/wp-content\/uploads\/2020\/01\/neville-brody-blanc-festival.jpg","type":"image\/jpeg"}],"author":"Redacci\u00f3n Blanc!","twitter_card":"summary_large_image","twitter_creator":"@blancfest","twitter_site":"@blancfest","twitter_misc":{"Written by":"Redacci\u00f3n Blanc!","Est. reading time":"1 minute"},"schema":{"@context":"https:\/\/schema.org","@graph":[{"@type":"Article","@id":"https:\/\/blancfestival.com\/neville-brody-la-cultura-hoy-es-bonita-pero-no-hace-pensar\/#article","isPartOf":{"@id":"https:\/\/blancfestival.com\/neville-brody-la-cultura-hoy-es-bonita-pero-no-hace-pensar\/"},"author":{"name":"Redacci\u00f3n Blanc!","@id":"https:\/\/blancfestival.com\/#\/schema\/person\/1c1365d1e51e5730cf3f5fadb8670c06"},"headline":"Neville Brody: &#8220;la cultura hoy es bonita pero no hace pensar&#8221;","datePublished":"2020-01-10T16:10:06+00:00","dateModified":"2020-02-26T15:52:17+00:00","mainEntityOfPage":{"@id":"https:\/\/blancfestival.com\/neville-brody-la-cultura-hoy-es-bonita-pero-no-hace-pensar\/"},"wordCount":213,"commentCount":0,"publisher":{"@id":"https:\/\/blancfestival.com\/#organization"},"image":{"@id":"https:\/\/blancfestival.com\/neville-brody-la-cultura-hoy-es-bonita-pero-no-hace-pensar\/#primaryimage"},"thumbnailUrl":"https:\/\/blancfestival.com\/wp-content\/uploads\/2020\/01\/neville-brody-blanc-festival.jpg","articleSection":["Entrevistas","Innovaci\u00f3n"],"inLanguage":"ca","potentialAction":[{"@type":"CommentAction","name":"Comment","target":["https:\/\/blancfestival.com\/neville-brody-la-cultura-hoy-es-bonita-pero-no-hace-pensar\/#respond"]}]},{"@type":"WebPage","@id":"https:\/\/blancfestival.com\/neville-brody-la-cultura-hoy-es-bonita-pero-no-hace-pensar\/","url":"https:\/\/blancfestival.com\/neville-brody-la-cultura-hoy-es-bonita-pero-no-hace-pensar\/","name":"Neville Brody: \"la cultura hoy es bonita pero no hace pensar\"","isPartOf":{"@id":"https:\/\/blancfestival.com\/#website"},"primaryImageOfPage":{"@id":"https:\/\/blancfestival.com\/neville-brody-la-cultura-hoy-es-bonita-pero-no-hace-pensar\/#primaryimage"},"image":{"@id":"https:\/\/blancfestival.com\/neville-brody-la-cultura-hoy-es-bonita-pero-no-hace-pensar\/#primaryimage"},"thumbnailUrl":"https:\/\/blancfestival.com\/wp-content\/uploads\/2020\/01\/neville-brody-blanc-festival.jpg","datePublished":"2020-01-10T16:10:06+00:00","dateModified":"2020-02-26T15:52:17+00:00","breadcrumb":{"@id":"https:\/\/blancfestival.com\/neville-brody-la-cultura-hoy-es-bonita-pero-no-hace-pensar\/#breadcrumb"},"inLanguage":"ca","potentialAction":[{"@type":"ReadAction","target":["https:\/\/blancfestival.com\/neville-brody-la-cultura-hoy-es-bonita-pero-no-hace-pensar\/"]}]},{"@type":"ImageObject","inLanguage":"ca","@id":"https:\/\/blancfestival.com\/neville-brody-la-cultura-hoy-es-bonita-pero-no-hace-pensar\/#primaryimage","url":"https:\/\/blancfestival.com\/wp-content\/uploads\/2020\/01\/neville-brody-blanc-festival.jpg","contentUrl":"https:\/\/blancfestival.com\/wp-content\/uploads\/2020\/01\/neville-brody-blanc-festival.jpg","width":2000,"height":1333,"caption":"Nebille Brody - Blanc! Festival 2009"},{"@type":"BreadcrumbList","@id":"https:\/\/blancfestival.com\/neville-brody-la-cultura-hoy-es-bonita-pero-no-hace-pensar\/#breadcrumb","itemListElement":[{"@type":"ListItem","position":1,"name":"Portada","item":"https:\/\/blancfestival.com\/ca\/"},{"@type":"ListItem","position":2,"name":"Neville Brody: \u00abla cultura hoy es bonita pero no hace pensar\u00bb"}]},{"@type":"WebSite","@id":"https:\/\/blancfestival.com\/#website","url":"https:\/\/blancfestival.com\/","name":"Blanc! Festival","description":"Disseny, Creativitat i Innovaci\u00f3","publisher":{"@id":"https:\/\/blancfestival.com\/#organization"},"potentialAction":[{"@type":"SearchAction","target":{"@type":"EntryPoint","urlTemplate":"https:\/\/blancfestival.com\/?s={search_term_string}"},"query-input":{"@type":"PropertyValueSpecification","valueRequired":true,"valueName":"search_term_string"}}],"inLanguage":"ca"},{"@type":"Organization","@id":"https:\/\/blancfestival.com\/#organization","name":"Blanc! Festival de Dise\u00f1o, Creatividad e Innovaci\u00f3n","url":"https:\/\/blancfestival.com\/","logo":{"@type":"ImageObject","inLanguage":"ca","@id":"https:\/\/blancfestival.com\/#\/schema\/logo\/image\/","url":"https:\/\/blancfestival.com\/wp-content\/uploads\/2025\/01\/logo_icono_blanc.jpg","contentUrl":"https:\/\/blancfestival.com\/wp-content\/uploads\/2025\/01\/logo_icono_blanc.jpg","width":2000,"height":2000,"caption":"Blanc! Festival de Dise\u00f1o, Creatividad e Innovaci\u00f3n"},"image":{"@id":"https:\/\/blancfestival.com\/#\/schema\/logo\/image\/"},"sameAs":["https:\/\/www.facebook.com\/blanc.festivaldissenygrafic\/","https:\/\/x.com\/blancfest","https:\/\/www.instagram.com\/blancfest\/","https:\/\/www.linkedin.com\/company\/blanc-festival","https:\/\/www.pinterest.com\/blancfest\/","https:\/\/www.youtube.com\/channel\/UCM-IjxOFb5gQg4yPgmze3Gg"]},{"@type":"Person","@id":"https:\/\/blancfestival.com\/#\/schema\/person\/1c1365d1e51e5730cf3f5fadb8670c06","name":"Redacci\u00f3n Blanc!","image":{"@type":"ImageObject","inLanguage":"ca","@id":"https:\/\/blancfestival.com\/#\/schema\/person\/image\/","url":"https:\/\/blancfestival.com\/wp-content\/uploads\/2020\/02\/ico-120x120.png","contentUrl":"https:\/\/blancfestival.com\/wp-content\/uploads\/2020\/02\/ico-120x120.png","caption":"Redacci\u00f3n Blanc!"},"description":"\u201cNo trates de doblar la cuchara. Es imposible. En lugar de hacerlo, solo intenta darte cuenta de la verdad\u2026 No hay cuchara. Entonces, ver\u00e1s que no es la cuchara lo que se dobla, te doblas t\u00fa\u201d"}]}},"_links":{"self":[{"href":"https:\/\/blancfestival.com\/ca\/wp-json\/wp\/v2\/posts\/40","targetHints":{"allow":["GET"]}}],"collection":[{"href":"https:\/\/blancfestival.com\/ca\/wp-json\/wp\/v2\/posts"}],"about":[{"href":"https:\/\/blancfestival.com\/ca\/wp-json\/wp\/v2\/types\/post"}],"author":[{"embeddable":true,"href":"https:\/\/blancfestival.com\/ca\/wp-json\/wp\/v2\/users\/3"}],"replies":[{"embeddable":true,"href":"https:\/\/blancfestival.com\/ca\/wp-json\/wp\/v2\/comments?post=40"}],"version-history":[{"count":3,"href":"https:\/\/blancfestival.com\/ca\/wp-json\/wp\/v2\/posts\/40\/revisions"}],"predecessor-version":[{"id":367,"href":"https:\/\/blancfestival.com\/ca\/wp-json\/wp\/v2\/posts\/40\/revisions\/367"}],"wp:featuredmedia":[{"embeddable":true,"href":"https:\/\/blancfestival.com\/ca\/wp-json\/wp\/v2\/media\/368"}],"wp:attachment":[{"href":"https:\/\/blancfestival.com\/ca\/wp-json\/wp\/v2\/media?parent=40"}],"wp:term":[{"taxonomy":"category","embeddable":true,"href":"https:\/\/blancfestival.com\/ca\/wp-json\/wp\/v2\/categories?post=40"},{"taxonomy":"post_tag","embeddable":true,"href":"https:\/\/blancfestival.com\/ca\/wp-json\/wp\/v2\/tags?post=40"},{"taxonomy":"evento","embeddable":true,"href":"https:\/\/blancfestival.com\/ca\/wp-json\/wp\/v2\/evento?post=40"}],"curies":[{"name":"wp","href":"https:\/\/api.w.org\/{rel}","templated":true}]}}