{"id":4123,"date":"2020-10-06T23:04:45","date_gmt":"2020-10-06T21:04:45","guid":{"rendered":"https:\/\/blancfestival.com\/?p=4123"},"modified":"2020-10-09T12:32:05","modified_gmt":"2020-10-09T10:32:05","slug":"identidad-grafica-de-formaje-verticalidad-gourmet","status":"publish","type":"post","link":"https:\/\/blancfestival.com\/ca\/identidad-grafica-de-formaje-verticalidad-gourmet\/","title":{"rendered":"Identidad gr\u00e1fica de Formaje, verticalidad gourmet"},"content":{"rendered":"<p>Ana Mirats se ha encargado de realizar la identidad gr\u00e1fica y corporativa para la marca Formaje, Madrid. Un punto de venta y encuentro en el que se promueve la excelencia del queso artesano, de la mano de Clara D\u00edez y Adri\u00e1n Pellejo.<\/p>\n<p>Para la formaci\u00f3n del <a href=\"https:\/\/blancfestival.com\/diseno\/diseno-logotipos-esa-parte-visible-del-iceberg-llamada-logotipo%e2%80%a8\/\" target=\"_blank\" rel=\"noopener noreferrer\">logotipo<\/a> han trabajado a trav\u00e9s de la <strong>delicadeza y la artesan\u00eda<\/strong> como principios base para la creaci\u00f3n de la tipograf\u00eda, teniendo como referencia principal la tipograf\u00eda cincelada para generar los detalles y terminaciones finales. Por otro lado, para su construcci\u00f3n y alineaci\u00f3n se han basado en la manera de apilar los quesos y la verticalidad que generan. <strong>El resultado de este proceso creativo es un logotipo que refleja a la perfecci\u00f3n la personalidad del proyecto.<\/strong><\/p>\n<p>&nbsp;<\/p>\n<p><img loading=\"lazy\" decoding=\"async\" width=\"700\" height=\"941\" class=\"size-large wp-image-4128 aligncenter\" src=\"https:\/\/blancfestival.com\/wp-content\/uploads\/2020\/10\/formaje-logotype-corporate-design-ana-mirats-studio-01-700x941.jpg\" alt=\"\" srcset=\"https:\/\/blancfestival.com\/wp-content\/uploads\/2020\/10\/formaje-logotype-corporate-design-ana-mirats-studio-01-700x941.jpg 700w, https:\/\/blancfestival.com\/wp-content\/uploads\/2020\/10\/formaje-logotype-corporate-design-ana-mirats-studio-01-250x336.jpg 250w, https:\/\/blancfestival.com\/wp-content\/uploads\/2020\/10\/formaje-logotype-corporate-design-ana-mirats-studio-01-768x1032.jpg 768w, https:\/\/blancfestival.com\/wp-content\/uploads\/2020\/10\/formaje-logotype-corporate-design-ana-mirats-studio-01-1143x1536.jpg 1143w, https:\/\/blancfestival.com\/wp-content\/uploads\/2020\/10\/formaje-logotype-corporate-design-ana-mirats-studio-01-1524x2048.jpg 1524w, https:\/\/blancfestival.com\/wp-content\/uploads\/2020\/10\/formaje-logotype-corporate-design-ana-mirats-studio-01-120x161.jpg 120w, https:\/\/blancfestival.com\/wp-content\/uploads\/2020\/10\/formaje-logotype-corporate-design-ana-mirats-studio-01.jpg 1600w\" sizes=\"auto, (max-width: 700px) 100vw, 700px\" \/><\/p>\n<p><img loading=\"lazy\" decoding=\"async\" width=\"700\" height=\"874\" class=\"aligncenter size-large wp-image-4131\" src=\"https:\/\/blancfestival.com\/wp-content\/uploads\/2020\/10\/formaje-logotype-corporate-design-ana-mirats-studio-07-700x874.jpg\" alt=\"\" srcset=\"https:\/\/blancfestival.com\/wp-content\/uploads\/2020\/10\/formaje-logotype-corporate-design-ana-mirats-studio-07-700x874.jpg 700w, https:\/\/blancfestival.com\/wp-content\/uploads\/2020\/10\/formaje-logotype-corporate-design-ana-mirats-studio-07-250x312.jpg 250w, https:\/\/blancfestival.com\/wp-content\/uploads\/2020\/10\/formaje-logotype-corporate-design-ana-mirats-studio-07-768x959.jpg 768w, https:\/\/blancfestival.com\/wp-content\/uploads\/2020\/10\/formaje-logotype-corporate-design-ana-mirats-studio-07-1230x1536.jpg 1230w, https:\/\/blancfestival.com\/wp-content\/uploads\/2020\/10\/formaje-logotype-corporate-design-ana-mirats-studio-07-1639x2048.jpg 1639w, https:\/\/blancfestival.com\/wp-content\/uploads\/2020\/10\/formaje-logotype-corporate-design-ana-mirats-studio-07-120x150.jpg 120w, https:\/\/blancfestival.com\/wp-content\/uploads\/2020\/10\/formaje-logotype-corporate-design-ana-mirats-studio-07.jpg 1814w\" sizes=\"auto, (max-width: 700px) 100vw, 700px\" \/><\/p>\n<p>&nbsp;<\/p>\n<p>La paleta de colores formulada para la marca acompa\u00f1a al logotipo por medio de <strong>tonalidades c\u00e1lidas acordes al espacio f\u00edsico y sus materiales<\/strong> (piedra, granito, madera, etc.) as\u00ed como a la gama crom\u00e1tica de los quesos. El logotipo se ha aplicado en diferentes piezas: bordado uniformes, packaging, papel envoltorio, espacio f\u00edsico\u2026 respetando la proporci\u00f3n y las pautas crom\u00e1ticas establecidas.<\/p>\n<p>&nbsp;<\/p>\n<p><img loading=\"lazy\" decoding=\"async\" width=\"700\" height=\"1064\" class=\"aligncenter size-large wp-image-4124\" src=\"https:\/\/blancfestival.com\/wp-content\/uploads\/2020\/10\/formaje-logotype-corporate-design-ana-mirats-studio-04-700x1064.jpg\" alt=\"\" srcset=\"https:\/\/blancfestival.com\/wp-content\/uploads\/2020\/10\/formaje-logotype-corporate-design-ana-mirats-studio-04-700x1064.jpg 700w, https:\/\/blancfestival.com\/wp-content\/uploads\/2020\/10\/formaje-logotype-corporate-design-ana-mirats-studio-04-250x380.jpg 250w, https:\/\/blancfestival.com\/wp-content\/uploads\/2020\/10\/formaje-logotype-corporate-design-ana-mirats-studio-04-768x1167.jpg 768w, https:\/\/blancfestival.com\/wp-content\/uploads\/2020\/10\/formaje-logotype-corporate-design-ana-mirats-studio-04-1011x1536.jpg 1011w, https:\/\/blancfestival.com\/wp-content\/uploads\/2020\/10\/formaje-logotype-corporate-design-ana-mirats-studio-04-1348x2048.jpg 1348w, https:\/\/blancfestival.com\/wp-content\/uploads\/2020\/10\/formaje-logotype-corporate-design-ana-mirats-studio-04-120x182.jpg 120w, https:\/\/blancfestival.com\/wp-content\/uploads\/2020\/10\/formaje-logotype-corporate-design-ana-mirats-studio-04-scaled.jpg 1685w\" sizes=\"auto, (max-width: 700px) 100vw, 700px\" \/><\/p>\n<p>&nbsp;<\/p>\n<p>La plataforma online de <a href=\"https:\/\/formaje.com\/\">Formaje<\/a> ha sido creada en base a una de las caracter\u00edsticas principales utilizadas en la construcci\u00f3n de la marca, la verticalidad. Para ello, generaron una <strong>columna central fija en la que se sit\u00faan elementos como el logotipo, el footer, etc., que marcan la estructura de la web y la divide en dos columnas principales<\/strong>, una a cada lado, por las que se distribuye todo su contenido.<\/p>\n<p>Este eje central hace que sus componentes siempre est\u00e9n visibles en la web, creando esa sensaci\u00f3n de verticalidad durante toda la navegaci\u00f3n del usuario. En la versi\u00f3n m\u00f3vil, han adaptado este dise\u00f1o vertical, colocando la columna central en el men\u00fa principal. Esta plataforma ir\u00e1 renovando sus contenidos d\u00eda a d\u00eda, con la finalidad de acercar la excelencia y la artesan\u00eda quesera a todo el mundo.<\/p>\n<p>&nbsp;<\/p>\n<p><img loading=\"lazy\" decoding=\"async\" width=\"700\" height=\"357\" class=\"aligncenter size-large wp-image-4135\" src=\"https:\/\/blancfestival.com\/wp-content\/uploads\/2020\/10\/formaje-website-ana-mirats-studio-00-700x357.jpg\" alt=\"\" srcset=\"https:\/\/blancfestival.com\/wp-content\/uploads\/2020\/10\/formaje-website-ana-mirats-studio-00-700x357.jpg 700w, https:\/\/blancfestival.com\/wp-content\/uploads\/2020\/10\/formaje-website-ana-mirats-studio-00-250x127.jpg 250w, https:\/\/blancfestival.com\/wp-content\/uploads\/2020\/10\/formaje-website-ana-mirats-studio-00-768x392.jpg 768w, https:\/\/blancfestival.com\/wp-content\/uploads\/2020\/10\/formaje-website-ana-mirats-studio-00-1536x783.jpg 1536w, https:\/\/blancfestival.com\/wp-content\/uploads\/2020\/10\/formaje-website-ana-mirats-studio-00-2048x1044.jpg 2048w, https:\/\/blancfestival.com\/wp-content\/uploads\/2020\/10\/formaje-website-ana-mirats-studio-00-120x61.jpg 120w\" sizes=\"auto, (max-width: 700px) 100vw, 700px\" \/><\/p>\n<p><img loading=\"lazy\" decoding=\"async\" width=\"700\" height=\"357\" class=\"aligncenter size-large wp-image-4138\" src=\"https:\/\/blancfestival.com\/wp-content\/uploads\/2020\/10\/formaje-website-ana-mirats-studio-02-700x357.jpg\" alt=\"\" srcset=\"https:\/\/blancfestival.com\/wp-content\/uploads\/2020\/10\/formaje-website-ana-mirats-studio-02-700x357.jpg 700w, https:\/\/blancfestival.com\/wp-content\/uploads\/2020\/10\/formaje-website-ana-mirats-studio-02-250x127.jpg 250w, https:\/\/blancfestival.com\/wp-content\/uploads\/2020\/10\/formaje-website-ana-mirats-studio-02-768x392.jpg 768w, https:\/\/blancfestival.com\/wp-content\/uploads\/2020\/10\/formaje-website-ana-mirats-studio-02-1536x783.jpg 1536w, https:\/\/blancfestival.com\/wp-content\/uploads\/2020\/10\/formaje-website-ana-mirats-studio-02-2048x1044.jpg 2048w, https:\/\/blancfestival.com\/wp-content\/uploads\/2020\/10\/formaje-website-ana-mirats-studio-02-120x61.jpg 120w\" sizes=\"auto, (max-width: 700px) 100vw, 700px\" \/><\/p>\n<p><img loading=\"lazy\" decoding=\"async\" width=\"700\" height=\"357\" class=\"aligncenter size-large wp-image-4141\" src=\"https:\/\/blancfestival.com\/wp-content\/uploads\/2020\/10\/formaje-website-ana-mirats-studio-06-700x357.jpg\" alt=\"\" srcset=\"https:\/\/blancfestival.com\/wp-content\/uploads\/2020\/10\/formaje-website-ana-mirats-studio-06-700x357.jpg 700w, https:\/\/blancfestival.com\/wp-content\/uploads\/2020\/10\/formaje-website-ana-mirats-studio-06-250x127.jpg 250w, https:\/\/blancfestival.com\/wp-content\/uploads\/2020\/10\/formaje-website-ana-mirats-studio-06-768x392.jpg 768w, https:\/\/blancfestival.com\/wp-content\/uploads\/2020\/10\/formaje-website-ana-mirats-studio-06-1536x783.jpg 1536w, https:\/\/blancfestival.com\/wp-content\/uploads\/2020\/10\/formaje-website-ana-mirats-studio-06-2048x1044.jpg 2048w, https:\/\/blancfestival.com\/wp-content\/uploads\/2020\/10\/formaje-website-ana-mirats-studio-06-120x61.jpg 120w\" sizes=\"auto, (max-width: 700px) 100vw, 700px\" \/><\/p>\n<p><img loading=\"lazy\" decoding=\"async\" width=\"700\" height=\"357\" class=\"aligncenter size-large wp-image-4144\" src=\"https:\/\/blancfestival.com\/wp-content\/uploads\/2020\/10\/formaje-website-ana-mirats-studio-03-700x357.jpg\" alt=\"\" srcset=\"https:\/\/blancfestival.com\/wp-content\/uploads\/2020\/10\/formaje-website-ana-mirats-studio-03-700x357.jpg 700w, https:\/\/blancfestival.com\/wp-content\/uploads\/2020\/10\/formaje-website-ana-mirats-studio-03-250x127.jpg 250w, https:\/\/blancfestival.com\/wp-content\/uploads\/2020\/10\/formaje-website-ana-mirats-studio-03-768x392.jpg 768w, https:\/\/blancfestival.com\/wp-content\/uploads\/2020\/10\/formaje-website-ana-mirats-studio-03-1536x783.jpg 1536w, https:\/\/blancfestival.com\/wp-content\/uploads\/2020\/10\/formaje-website-ana-mirats-studio-03-2048x1044.jpg 2048w, https:\/\/blancfestival.com\/wp-content\/uploads\/2020\/10\/formaje-website-ana-mirats-studio-03-120x61.jpg 120w\" sizes=\"auto, (max-width: 700px) 100vw, 700px\" \/><\/p>\n<p>&nbsp;<\/p>\n<p class=\"p2\"><span class=\"s2\">Interiorismo: <a href=\"https:\/\/cobaltostudio.com\/\"><span class=\"s1\">Cobalto Studio<\/span><\/a><\/span><span class=\"s1\"><br \/>\n<\/span><span class=\"s2\">Fotos: <a href=\"https:\/\/www.instagram.com\/justinodiez\/\"><span class=\"s1\">Justino Diez<\/span><\/a><\/span><\/p>\n<p>&nbsp;<\/p>\n","protected":false},"excerpt":{"rendered":"Ana Mirats se ha encargado de realizar la identidad gr\u00e1fica y corporativa para la marca Formaje, Madrid. Un punto de venta y encuentro en el que se promueve la excelencia del queso artesano, de la mano de Clara D\u00edez y Adri\u00e1n Pellejo. Para la formaci\u00f3n del logotipo han trabajado a trav\u00e9s de la delicadeza y&hellip;","protected":false},"author":3,"featured_media":4124,"comment_status":"open","ping_status":"open","sticky":false,"template":"","format":"standard","meta":{"_acf_changed":false,"footnotes":""},"categories":[2],"tags":[179,163,164,60,44,30],"evento":[],"class_list":["post-4123","post","type-post","status-publish","format-standard","has-post-thumbnail","hentry","category-diseno","tag-web","tag-ui","tag-ux","tag-diseno","tag-identidad","tag-diseno-grafico"],"acf":[],"yoast_head":"<!-- This site is optimized with the Yoast SEO plugin v23.7 - https:\/\/yoast.com\/wordpress\/plugins\/seo\/ -->\n<title>Identidad gr\u00e1fica de Formaje, verticalidad gourmet<\/title>\n<meta name=\"description\" content=\"Ana Mirats se ha encargado de realizar la identidad gr\u00e1fica y corporativa para la marca Formaje, que se promueve la excelencia del queso artesano.\" \/>\n<meta name=\"robots\" content=\"index, follow, max-snippet:-1, max-image-preview:large, max-video-preview:-1\" \/>\n<link rel=\"canonical\" href=\"https:\/\/blancfestival.com\/identidad-grafica-de-formaje-verticalidad-gourmet\/\" \/>\n<meta property=\"og:locale\" content=\"ca_ES\" \/>\n<meta property=\"og:type\" content=\"article\" \/>\n<meta property=\"og:title\" content=\"Identidad gr\u00e1fica de Formaje, verticalidad gourmet\" \/>\n<meta property=\"og:description\" content=\"Ana Mirats se ha encargado de realizar la identidad gr\u00e1fica y corporativa para la marca Formaje, que se promueve la excelencia del queso artesano.\" \/>\n<meta property=\"og:url\" content=\"https:\/\/blancfestival.com\/identidad-grafica-de-formaje-verticalidad-gourmet\/\" \/>\n<meta property=\"og:site_name\" content=\"Blanc!\" \/>\n<meta property=\"article:publisher\" content=\"https:\/\/www.facebook.com\/blanc.festivaldissenygrafic\/\" \/>\n<meta property=\"article:published_time\" content=\"2020-10-06T21:04:45+00:00\" \/>\n<meta property=\"article:modified_time\" content=\"2020-10-09T10:32:05+00:00\" \/>\n<meta property=\"og:image\" content=\"https:\/\/blancfestival.com\/wp-content\/uploads\/2020\/10\/formaje-logotype-corporate-design-ana-mirats-studio-04-scaled.jpg\" \/>\n\t<meta property=\"og:image:width\" content=\"1685\" \/>\n\t<meta property=\"og:image:height\" content=\"2560\" \/>\n\t<meta property=\"og:image:type\" content=\"image\/jpeg\" \/>\n<meta name=\"author\" content=\"Redacci\u00f3n Blanc!\" \/>\n<meta name=\"twitter:card\" content=\"summary_large_image\" \/>\n<meta name=\"twitter:creator\" content=\"@blancfest\" \/>\n<meta name=\"twitter:site\" content=\"@blancfest\" \/>\n<meta name=\"twitter:label1\" content=\"Written by\" \/>\n\t<meta name=\"twitter:data1\" content=\"Redacci\u00f3n Blanc!\" \/>\n\t<meta name=\"twitter:label2\" content=\"Est. reading time\" \/>\n\t<meta name=\"twitter:data2\" content=\"2 minutes\" \/>\n<script type=\"application\/ld+json\" class=\"yoast-schema-graph\">{\"@context\":\"https:\/\/schema.org\",\"@graph\":[{\"@type\":\"Article\",\"@id\":\"https:\/\/blancfestival.com\/identidad-grafica-de-formaje-verticalidad-gourmet\/#article\",\"isPartOf\":{\"@id\":\"https:\/\/blancfestival.com\/identidad-grafica-de-formaje-verticalidad-gourmet\/\"},\"author\":{\"name\":\"Redacci\u00f3n Blanc!\",\"@id\":\"https:\/\/blancfestival.com\/#\/schema\/person\/1c1365d1e51e5730cf3f5fadb8670c06\"},\"headline\":\"Identidad gr\u00e1fica de Formaje, verticalidad gourmet\",\"datePublished\":\"2020-10-06T21:04:45+00:00\",\"dateModified\":\"2020-10-09T10:32:05+00:00\",\"mainEntityOfPage\":{\"@id\":\"https:\/\/blancfestival.com\/identidad-grafica-de-formaje-verticalidad-gourmet\/\"},\"wordCount\":366,\"commentCount\":0,\"publisher\":{\"@id\":\"https:\/\/blancfestival.com\/#organization\"},\"image\":{\"@id\":\"https:\/\/blancfestival.com\/identidad-grafica-de-formaje-verticalidad-gourmet\/#primaryimage\"},\"thumbnailUrl\":\"https:\/\/blancfestival.com\/wp-content\/uploads\/2020\/10\/formaje-logotype-corporate-design-ana-mirats-studio-04-scaled.jpg\",\"keywords\":[\"web\",\"ui\",\"ux\",\"dise\u00f1o\",\"Identidad\",\"dise\u00f1o gr\u00e1fico\"],\"articleSection\":[\"Dise\u00f1o\"],\"inLanguage\":\"ca\",\"potentialAction\":[{\"@type\":\"CommentAction\",\"name\":\"Comment\",\"target\":[\"https:\/\/blancfestival.com\/identidad-grafica-de-formaje-verticalidad-gourmet\/#respond\"]}]},{\"@type\":\"WebPage\",\"@id\":\"https:\/\/blancfestival.com\/identidad-grafica-de-formaje-verticalidad-gourmet\/\",\"url\":\"https:\/\/blancfestival.com\/identidad-grafica-de-formaje-verticalidad-gourmet\/\",\"name\":\"Identidad gr\u00e1fica de Formaje, verticalidad gourmet\",\"isPartOf\":{\"@id\":\"https:\/\/blancfestival.com\/#website\"},\"primaryImageOfPage\":{\"@id\":\"https:\/\/blancfestival.com\/identidad-grafica-de-formaje-verticalidad-gourmet\/#primaryimage\"},\"image\":{\"@id\":\"https:\/\/blancfestival.com\/identidad-grafica-de-formaje-verticalidad-gourmet\/#primaryimage\"},\"thumbnailUrl\":\"https:\/\/blancfestival.com\/wp-content\/uploads\/2020\/10\/formaje-logotype-corporate-design-ana-mirats-studio-04-scaled.jpg\",\"datePublished\":\"2020-10-06T21:04:45+00:00\",\"dateModified\":\"2020-10-09T10:32:05+00:00\",\"description\":\"Ana Mirats se ha encargado de realizar la identidad gr\u00e1fica y corporativa para la marca Formaje, que se promueve la excelencia del queso artesano.\",\"breadcrumb\":{\"@id\":\"https:\/\/blancfestival.com\/identidad-grafica-de-formaje-verticalidad-gourmet\/#breadcrumb\"},\"inLanguage\":\"ca\",\"potentialAction\":[{\"@type\":\"ReadAction\",\"target\":[\"https:\/\/blancfestival.com\/identidad-grafica-de-formaje-verticalidad-gourmet\/\"]}]},{\"@type\":\"ImageObject\",\"inLanguage\":\"ca\",\"@id\":\"https:\/\/blancfestival.com\/identidad-grafica-de-formaje-verticalidad-gourmet\/#primaryimage\",\"url\":\"https:\/\/blancfestival.com\/wp-content\/uploads\/2020\/10\/formaje-logotype-corporate-design-ana-mirats-studio-04-scaled.jpg\",\"contentUrl\":\"https:\/\/blancfestival.com\/wp-content\/uploads\/2020\/10\/formaje-logotype-corporate-design-ana-mirats-studio-04-scaled.jpg\",\"width\":1685,\"height\":2560},{\"@type\":\"BreadcrumbList\",\"@id\":\"https:\/\/blancfestival.com\/identidad-grafica-de-formaje-verticalidad-gourmet\/#breadcrumb\",\"itemListElement\":[{\"@type\":\"ListItem\",\"position\":1,\"name\":\"Portada\",\"item\":\"https:\/\/blancfestival.com\/ca\/\"},{\"@type\":\"ListItem\",\"position\":2,\"name\":\"Identidad gr\u00e1fica de Formaje, verticalidad gourmet\"}]},{\"@type\":\"WebSite\",\"@id\":\"https:\/\/blancfestival.com\/#website\",\"url\":\"https:\/\/blancfestival.com\/\",\"name\":\"Blanc! Festival\",\"description\":\"Disseny, Creativitat i Innovaci\u00f3\",\"publisher\":{\"@id\":\"https:\/\/blancfestival.com\/#organization\"},\"potentialAction\":[{\"@type\":\"SearchAction\",\"target\":{\"@type\":\"EntryPoint\",\"urlTemplate\":\"https:\/\/blancfestival.com\/?s={search_term_string}\"},\"query-input\":{\"@type\":\"PropertyValueSpecification\",\"valueRequired\":true,\"valueName\":\"search_term_string\"}}],\"inLanguage\":\"ca\"},{\"@type\":\"Organization\",\"@id\":\"https:\/\/blancfestival.com\/#organization\",\"name\":\"Blanc! Festival de Dise\u00f1o, Creatividad e Innovaci\u00f3n\",\"url\":\"https:\/\/blancfestival.com\/\",\"logo\":{\"@type\":\"ImageObject\",\"inLanguage\":\"ca\",\"@id\":\"https:\/\/blancfestival.com\/#\/schema\/logo\/image\/\",\"url\":\"https:\/\/blancfestival.com\/wp-content\/uploads\/2025\/01\/logo_icono_blanc.jpg\",\"contentUrl\":\"https:\/\/blancfestival.com\/wp-content\/uploads\/2025\/01\/logo_icono_blanc.jpg\",\"width\":2000,\"height\":2000,\"caption\":\"Blanc! Festival de Dise\u00f1o, Creatividad e Innovaci\u00f3n\"},\"image\":{\"@id\":\"https:\/\/blancfestival.com\/#\/schema\/logo\/image\/\"},\"sameAs\":[\"https:\/\/www.facebook.com\/blanc.festivaldissenygrafic\/\",\"https:\/\/x.com\/blancfest\",\"https:\/\/www.instagram.com\/blancfest\/\",\"https:\/\/www.linkedin.com\/company\/blanc-festival\",\"https:\/\/www.pinterest.com\/blancfest\/\",\"https:\/\/www.youtube.com\/channel\/UCM-IjxOFb5gQg4yPgmze3Gg\"]},{\"@type\":\"Person\",\"@id\":\"https:\/\/blancfestival.com\/#\/schema\/person\/1c1365d1e51e5730cf3f5fadb8670c06\",\"name\":\"Redacci\u00f3n Blanc!\",\"image\":{\"@type\":\"ImageObject\",\"inLanguage\":\"ca\",\"@id\":\"https:\/\/blancfestival.com\/#\/schema\/person\/image\/\",\"url\":\"https:\/\/blancfestival.com\/wp-content\/uploads\/2020\/02\/ico-120x120.png\",\"contentUrl\":\"https:\/\/blancfestival.com\/wp-content\/uploads\/2020\/02\/ico-120x120.png\",\"caption\":\"Redacci\u00f3n Blanc!\"},\"description\":\"\u201cNo trates de doblar la cuchara. Es imposible. En lugar de hacerlo, solo intenta darte cuenta de la verdad\u2026 No hay cuchara. Entonces, ver\u00e1s que no es la cuchara lo que se dobla, te doblas t\u00fa\u201d\"}]}<\/script>\n<!-- \/ Yoast SEO plugin. -->","yoast_head_json":{"title":"Identidad gr\u00e1fica de Formaje, verticalidad gourmet","description":"Ana Mirats se ha encargado de realizar la identidad gr\u00e1fica y corporativa para la marca Formaje, que se promueve la excelencia del queso artesano.","robots":{"index":"index","follow":"follow","max-snippet":"max-snippet:-1","max-image-preview":"max-image-preview:large","max-video-preview":"max-video-preview:-1"},"canonical":"https:\/\/blancfestival.com\/identidad-grafica-de-formaje-verticalidad-gourmet\/","og_locale":"ca_ES","og_type":"article","og_title":"Identidad gr\u00e1fica de Formaje, verticalidad gourmet","og_description":"Ana Mirats se ha encargado de realizar la identidad gr\u00e1fica y corporativa para la marca Formaje, que se promueve la excelencia del queso artesano.","og_url":"https:\/\/blancfestival.com\/identidad-grafica-de-formaje-verticalidad-gourmet\/","og_site_name":"Blanc!","article_publisher":"https:\/\/www.facebook.com\/blanc.festivaldissenygrafic\/","article_published_time":"2020-10-06T21:04:45+00:00","article_modified_time":"2020-10-09T10:32:05+00:00","og_image":[{"width":1685,"height":2560,"url":"https:\/\/blancfestival.com\/wp-content\/uploads\/2020\/10\/formaje-logotype-corporate-design-ana-mirats-studio-04-scaled.jpg","type":"image\/jpeg"}],"author":"Redacci\u00f3n Blanc!","twitter_card":"summary_large_image","twitter_creator":"@blancfest","twitter_site":"@blancfest","twitter_misc":{"Written by":"Redacci\u00f3n Blanc!","Est. reading time":"2 minutes"},"schema":{"@context":"https:\/\/schema.org","@graph":[{"@type":"Article","@id":"https:\/\/blancfestival.com\/identidad-grafica-de-formaje-verticalidad-gourmet\/#article","isPartOf":{"@id":"https:\/\/blancfestival.com\/identidad-grafica-de-formaje-verticalidad-gourmet\/"},"author":{"name":"Redacci\u00f3n Blanc!","@id":"https:\/\/blancfestival.com\/#\/schema\/person\/1c1365d1e51e5730cf3f5fadb8670c06"},"headline":"Identidad gr\u00e1fica de Formaje, verticalidad gourmet","datePublished":"2020-10-06T21:04:45+00:00","dateModified":"2020-10-09T10:32:05+00:00","mainEntityOfPage":{"@id":"https:\/\/blancfestival.com\/identidad-grafica-de-formaje-verticalidad-gourmet\/"},"wordCount":366,"commentCount":0,"publisher":{"@id":"https:\/\/blancfestival.com\/#organization"},"image":{"@id":"https:\/\/blancfestival.com\/identidad-grafica-de-formaje-verticalidad-gourmet\/#primaryimage"},"thumbnailUrl":"https:\/\/blancfestival.com\/wp-content\/uploads\/2020\/10\/formaje-logotype-corporate-design-ana-mirats-studio-04-scaled.jpg","keywords":["web","ui","ux","dise\u00f1o","Identidad","dise\u00f1o gr\u00e1fico"],"articleSection":["Dise\u00f1o"],"inLanguage":"ca","potentialAction":[{"@type":"CommentAction","name":"Comment","target":["https:\/\/blancfestival.com\/identidad-grafica-de-formaje-verticalidad-gourmet\/#respond"]}]},{"@type":"WebPage","@id":"https:\/\/blancfestival.com\/identidad-grafica-de-formaje-verticalidad-gourmet\/","url":"https:\/\/blancfestival.com\/identidad-grafica-de-formaje-verticalidad-gourmet\/","name":"Identidad gr\u00e1fica de Formaje, verticalidad gourmet","isPartOf":{"@id":"https:\/\/blancfestival.com\/#website"},"primaryImageOfPage":{"@id":"https:\/\/blancfestival.com\/identidad-grafica-de-formaje-verticalidad-gourmet\/#primaryimage"},"image":{"@id":"https:\/\/blancfestival.com\/identidad-grafica-de-formaje-verticalidad-gourmet\/#primaryimage"},"thumbnailUrl":"https:\/\/blancfestival.com\/wp-content\/uploads\/2020\/10\/formaje-logotype-corporate-design-ana-mirats-studio-04-scaled.jpg","datePublished":"2020-10-06T21:04:45+00:00","dateModified":"2020-10-09T10:32:05+00:00","description":"Ana Mirats se ha encargado de realizar la identidad gr\u00e1fica y corporativa para la marca Formaje, que se promueve la excelencia del queso artesano.","breadcrumb":{"@id":"https:\/\/blancfestival.com\/identidad-grafica-de-formaje-verticalidad-gourmet\/#breadcrumb"},"inLanguage":"ca","potentialAction":[{"@type":"ReadAction","target":["https:\/\/blancfestival.com\/identidad-grafica-de-formaje-verticalidad-gourmet\/"]}]},{"@type":"ImageObject","inLanguage":"ca","@id":"https:\/\/blancfestival.com\/identidad-grafica-de-formaje-verticalidad-gourmet\/#primaryimage","url":"https:\/\/blancfestival.com\/wp-content\/uploads\/2020\/10\/formaje-logotype-corporate-design-ana-mirats-studio-04-scaled.jpg","contentUrl":"https:\/\/blancfestival.com\/wp-content\/uploads\/2020\/10\/formaje-logotype-corporate-design-ana-mirats-studio-04-scaled.jpg","width":1685,"height":2560},{"@type":"BreadcrumbList","@id":"https:\/\/blancfestival.com\/identidad-grafica-de-formaje-verticalidad-gourmet\/#breadcrumb","itemListElement":[{"@type":"ListItem","position":1,"name":"Portada","item":"https:\/\/blancfestival.com\/ca\/"},{"@type":"ListItem","position":2,"name":"Identidad gr\u00e1fica de Formaje, verticalidad gourmet"}]},{"@type":"WebSite","@id":"https:\/\/blancfestival.com\/#website","url":"https:\/\/blancfestival.com\/","name":"Blanc! Festival","description":"Disseny, Creativitat i Innovaci\u00f3","publisher":{"@id":"https:\/\/blancfestival.com\/#organization"},"potentialAction":[{"@type":"SearchAction","target":{"@type":"EntryPoint","urlTemplate":"https:\/\/blancfestival.com\/?s={search_term_string}"},"query-input":{"@type":"PropertyValueSpecification","valueRequired":true,"valueName":"search_term_string"}}],"inLanguage":"ca"},{"@type":"Organization","@id":"https:\/\/blancfestival.com\/#organization","name":"Blanc! Festival de Dise\u00f1o, Creatividad e Innovaci\u00f3n","url":"https:\/\/blancfestival.com\/","logo":{"@type":"ImageObject","inLanguage":"ca","@id":"https:\/\/blancfestival.com\/#\/schema\/logo\/image\/","url":"https:\/\/blancfestival.com\/wp-content\/uploads\/2025\/01\/logo_icono_blanc.jpg","contentUrl":"https:\/\/blancfestival.com\/wp-content\/uploads\/2025\/01\/logo_icono_blanc.jpg","width":2000,"height":2000,"caption":"Blanc! Festival de Dise\u00f1o, Creatividad e Innovaci\u00f3n"},"image":{"@id":"https:\/\/blancfestival.com\/#\/schema\/logo\/image\/"},"sameAs":["https:\/\/www.facebook.com\/blanc.festivaldissenygrafic\/","https:\/\/x.com\/blancfest","https:\/\/www.instagram.com\/blancfest\/","https:\/\/www.linkedin.com\/company\/blanc-festival","https:\/\/www.pinterest.com\/blancfest\/","https:\/\/www.youtube.com\/channel\/UCM-IjxOFb5gQg4yPgmze3Gg"]},{"@type":"Person","@id":"https:\/\/blancfestival.com\/#\/schema\/person\/1c1365d1e51e5730cf3f5fadb8670c06","name":"Redacci\u00f3n Blanc!","image":{"@type":"ImageObject","inLanguage":"ca","@id":"https:\/\/blancfestival.com\/#\/schema\/person\/image\/","url":"https:\/\/blancfestival.com\/wp-content\/uploads\/2020\/02\/ico-120x120.png","contentUrl":"https:\/\/blancfestival.com\/wp-content\/uploads\/2020\/02\/ico-120x120.png","caption":"Redacci\u00f3n Blanc!"},"description":"\u201cNo trates de doblar la cuchara. Es imposible. En lugar de hacerlo, solo intenta darte cuenta de la verdad\u2026 No hay cuchara. Entonces, ver\u00e1s que no es la cuchara lo que se dobla, te doblas t\u00fa\u201d"}]}},"_links":{"self":[{"href":"https:\/\/blancfestival.com\/ca\/wp-json\/wp\/v2\/posts\/4123","targetHints":{"allow":["GET"]}}],"collection":[{"href":"https:\/\/blancfestival.com\/ca\/wp-json\/wp\/v2\/posts"}],"about":[{"href":"https:\/\/blancfestival.com\/ca\/wp-json\/wp\/v2\/types\/post"}],"author":[{"embeddable":true,"href":"https:\/\/blancfestival.com\/ca\/wp-json\/wp\/v2\/users\/3"}],"replies":[{"embeddable":true,"href":"https:\/\/blancfestival.com\/ca\/wp-json\/wp\/v2\/comments?post=4123"}],"version-history":[{"count":5,"href":"https:\/\/blancfestival.com\/ca\/wp-json\/wp\/v2\/posts\/4123\/revisions"}],"predecessor-version":[{"id":4149,"href":"https:\/\/blancfestival.com\/ca\/wp-json\/wp\/v2\/posts\/4123\/revisions\/4149"}],"wp:featuredmedia":[{"embeddable":true,"href":"https:\/\/blancfestival.com\/ca\/wp-json\/wp\/v2\/media\/4124"}],"wp:attachment":[{"href":"https:\/\/blancfestival.com\/ca\/wp-json\/wp\/v2\/media?parent=4123"}],"wp:term":[{"taxonomy":"category","embeddable":true,"href":"https:\/\/blancfestival.com\/ca\/wp-json\/wp\/v2\/categories?post=4123"},{"taxonomy":"post_tag","embeddable":true,"href":"https:\/\/blancfestival.com\/ca\/wp-json\/wp\/v2\/tags?post=4123"},{"taxonomy":"evento","embeddable":true,"href":"https:\/\/blancfestival.com\/ca\/wp-json\/wp\/v2\/evento?post=4123"}],"curies":[{"name":"wp","href":"https:\/\/api.w.org\/{rel}","templated":true}]}}