{"id":4871,"date":"2020-11-14T17:15:17","date_gmt":"2020-11-14T16:15:17","guid":{"rendered":"https:\/\/blancfestival.com\/?p=4871"},"modified":"2020-11-22T00:48:57","modified_gmt":"2020-11-21T23:48:57","slug":"un-viaje-por-el-diseno-posmoderno-catalan-y-espanol-museu-del-disseny","status":"publish","type":"post","link":"https:\/\/blancfestival.com\/ca\/un-viaje-por-el-diseno-posmoderno-catalan-y-espanol-museu-del-disseny\/","title":{"rendered":"Un viaje por el dise\u00f1o posmoderno catal\u00e1n y espa\u00f1ol"},"content":{"rendered":"<p>\u201c<a href=\"https:\/\/ajuntament.barcelona.cat\/museudeldisseny\/es\/exposicion\/disenas-o-trabajas-la-nueva-comunicacion-visual-1980-2003\" target=\"_blank\" rel=\"noopener noreferrer\">\u00bfDise\u00f1as o trabajas? La nueva comunicaci\u00f3n visual. 1980-2003<\/a>\u201d es una exposici\u00f3n permanente de dise\u00f1o gr\u00e1fico en el Museu del Disseny de Barcelona, que ofrece un recorrido por la historia de esta disciplina en Catalunya y Espa\u00f1a durante el que se llam\u00f3 \u201cel boom del dise\u00f1o&#8221;, debido a una serie de acontecimientos que dinamizaron el sector, empezando por la muerte del dictador Francisco Franco.<\/p>\n<p>La comisaria de la exposici\u00f3n, Raquel Pelta, sit\u00faa en el <strong>a\u00f1o 86, con la designaci\u00f3n de Barcelona como sede ol\u00edmpica, el punto de partida para la proyecci\u00f3n del dise\u00f1o en la ciudad<\/strong>, en Catalunya y tambi\u00e9n en el conjunto del Estado: \u00abla muerte de Franco, la llegada del PSOE al gobierno y la entrada de Espa\u00f1a en la comunidad econ\u00f3mica europea representan un momento de euforia y revolucionan el dise\u00f1o\u00bb, dice Pelta en <a href=\"https:\/\/www.nuvol.com\/sa-illustrissima\/raquel-pelta-la-postmodernitat-es-carrega-les-teories-del-disseny-modern-54011\" target=\"_blank\" rel=\"noopener noreferrer\">esta entrevista<\/a>.<\/p>\n<p>&nbsp;<\/p>\n<div id=\"attachment_4891\" style=\"width: 710px\" class=\"wp-caption aligncenter\"><img loading=\"lazy\" decoding=\"async\" aria-describedby=\"caption-attachment-4891\" class=\"wp-image-4891 size-large\" src=\"https:\/\/blancfestival.com\/wp-content\/uploads\/2020\/11\/DISSENYES_DHUB_FOLCH_DizyDiaz_0021-700x1050.jpg\" alt=\"Dissenyes o treballes_exposici\u00f3n Museu del Disseny Barcelona\" width=\"700\" height=\"1050\" srcset=\"https:\/\/blancfestival.com\/wp-content\/uploads\/2020\/11\/DISSENYES_DHUB_FOLCH_DizyDiaz_0021-700x1050.jpg 700w, https:\/\/blancfestival.com\/wp-content\/uploads\/2020\/11\/DISSENYES_DHUB_FOLCH_DizyDiaz_0021-250x375.jpg 250w, https:\/\/blancfestival.com\/wp-content\/uploads\/2020\/11\/DISSENYES_DHUB_FOLCH_DizyDiaz_0021-768x1152.jpg 768w, https:\/\/blancfestival.com\/wp-content\/uploads\/2020\/11\/DISSENYES_DHUB_FOLCH_DizyDiaz_0021-1024x1536.jpg 1024w, https:\/\/blancfestival.com\/wp-content\/uploads\/2020\/11\/DISSENYES_DHUB_FOLCH_DizyDiaz_0021-1365x2048.jpg 1365w, https:\/\/blancfestival.com\/wp-content\/uploads\/2020\/11\/DISSENYES_DHUB_FOLCH_DizyDiaz_0021-120x180.jpg 120w, https:\/\/blancfestival.com\/wp-content\/uploads\/2020\/11\/DISSENYES_DHUB_FOLCH_DizyDiaz_0021-scaled.jpg 1707w\" sizes=\"auto, (max-width: 700px) 100vw, 700px\" \/><p id=\"caption-attachment-4891\" class=\"wp-caption-text\">Dizy Diaz<\/p><\/div>\n<p><img loading=\"lazy\" decoding=\"async\" class=\"aligncenter wp-image-4879 size-large\" src=\"https:\/\/blancfestival.com\/wp-content\/uploads\/2020\/11\/1W0A0527p-700x410.jpg\" alt=\"Dissenyes o treballes_exposici\u00f3n Museu del Disseny Barcelona\" width=\"700\" height=\"410\" srcset=\"https:\/\/blancfestival.com\/wp-content\/uploads\/2020\/11\/1W0A0527p-700x410.jpg 700w, https:\/\/blancfestival.com\/wp-content\/uploads\/2020\/11\/1W0A0527p-250x146.jpg 250w, https:\/\/blancfestival.com\/wp-content\/uploads\/2020\/11\/1W0A0527p-768x449.jpg 768w, https:\/\/blancfestival.com\/wp-content\/uploads\/2020\/11\/1W0A0527p-120x70.jpg 120w, https:\/\/blancfestival.com\/wp-content\/uploads\/2020\/11\/1W0A0527p.jpg 1400w\" sizes=\"auto, (max-width: 700px) 100vw, 700px\" \/><\/p>\n<p>&nbsp;<\/p>\n<p>As\u00ed, <strong>en los a\u00f1os 80 las empresas se ven obligadas a modernizarse<\/strong> y transmitir que son fiables y est\u00e1n a la vanguardia. El pensamiento posmoderno cuestiona los principios del dise\u00f1o anterior, del movimiento moderno: la sencillez, el uso limitado de tipograf\u00edas, el uso de la ret\u00edcula, y la idea de que el dise\u00f1o debe seguir un proceso racional, pautado y justificado.<\/p>\n<p>Durante la d\u00e9cada de los 90, el auge contin\u00faa con la internacionalizaci\u00f3n y consolidaci\u00f3n de la profesi\u00f3n, y con la llegada del ordenador Macintosh en 1992, recuerda Pelta, se empieza a experimentar con tipograf\u00edas. <strong>Los 90 est\u00e1n caracterizados por una gran libertad de expresi\u00f3n<\/strong>, periodo que dura hasta el 2003, cuando se celebra el A\u00f1o del Dise\u00f1o y se considera, con la expansi\u00f3n de Internet, el final de un ciclo. Es en este momento cuando el discurso del dise\u00f1o hace un giro y<strong> se empieza a hablar de dise\u00f1o de servicios y de dise\u00f1o social<\/strong>. Tambi\u00e9n crece el n\u00famero de mujeres en el sector, que con precursoras como Pati N\u00fa\u00f1ez, Rosa L\u00e1zaro, Sonsoles Llorens o Toni Miserachs empiezan a hacerse suya la disciplina.<\/p>\n<p>Las corrientes de pensamiento que se iban sucediendo a lo largo de los a\u00f1os marcaron significativamente el devenir del dise\u00f1o. Las teor\u00edas posestructuralistas del lenguaje, como por ejemplo la deconstrucci\u00f3n, cuestionaron los opuestos binarios bueno\/malo, alto\/bajo, hombre\/mujer; y <strong>se empez\u00f3 a dar importancia no solo a lo que se dec\u00eda sino a c\u00f3mo se dec\u00eda<\/strong>. Esto, se\u00f1ala Pelta, llev\u00f3 a experimentar con la forma: \u00abNo es lo mismo elegir una Helv\u00e9tica, que es una tipograf\u00eda sin ornamento, limpia y moderna, que elegir una tipograf\u00eda que tenga mucho ornamento. Est\u00e1s diciendo otra cosa\u00bb.<\/p>\n<p>&nbsp;<\/p>\n<p><img loading=\"lazy\" decoding=\"async\" class=\"aligncenter wp-image-4883 size-large\" src=\"https:\/\/blancfestival.com\/wp-content\/uploads\/2020\/11\/1W0A0177-700x468.jpg\" alt=\"Dissenyes o treballes_exposici\u00f3n Museu del Disseny Barcelona\" width=\"700\" height=\"468\" srcset=\"https:\/\/blancfestival.com\/wp-content\/uploads\/2020\/11\/1W0A0177-700x468.jpg 700w, https:\/\/blancfestival.com\/wp-content\/uploads\/2020\/11\/1W0A0177-250x167.jpg 250w, https:\/\/blancfestival.com\/wp-content\/uploads\/2020\/11\/1W0A0177-768x513.jpg 768w, https:\/\/blancfestival.com\/wp-content\/uploads\/2020\/11\/1W0A0177-120x80.jpg 120w, https:\/\/blancfestival.com\/wp-content\/uploads\/2020\/11\/1W0A0177-272x182.jpg 272w, https:\/\/blancfestival.com\/wp-content\/uploads\/2020\/11\/1W0A0177.jpg 1400w\" sizes=\"auto, (max-width: 700px) 100vw, 700px\" \/><\/p>\n<p><img loading=\"lazy\" decoding=\"async\" class=\"aligncenter wp-image-4886 size-large\" src=\"https:\/\/blancfestival.com\/wp-content\/uploads\/2020\/11\/1W0A0176-700x467.jpg\" alt=\"Dissenyes o treballes_exposici\u00f3n Museu del Disseny Barcelona\" width=\"700\" height=\"467\" srcset=\"https:\/\/blancfestival.com\/wp-content\/uploads\/2020\/11\/1W0A0176-700x467.jpg 700w, https:\/\/blancfestival.com\/wp-content\/uploads\/2020\/11\/1W0A0176-250x167.jpg 250w, https:\/\/blancfestival.com\/wp-content\/uploads\/2020\/11\/1W0A0176-768x512.jpg 768w, https:\/\/blancfestival.com\/wp-content\/uploads\/2020\/11\/1W0A0176-120x80.jpg 120w, https:\/\/blancfestival.com\/wp-content\/uploads\/2020\/11\/1W0A0176-272x182.jpg 272w, https:\/\/blancfestival.com\/wp-content\/uploads\/2020\/11\/1W0A0176.jpg 1400w\" sizes=\"auto, (max-width: 700px) 100vw, 700px\" \/><\/p>\n<p>&nbsp;<\/p>\n<p>El viaje que hace \u201c\u00bfDise\u00f1as o trabajas? La nueva comunicaci\u00f3n visual. 1980-2003\u201d por la historia reciente del dise\u00f1o en Catalunya y Espa\u00f1a nos muestra hasta qu\u00e9 punto <strong>esta es una actividad social, afectada y condicionada por el entorno y por los acontecimientos<\/strong> que tienen lugar en un tiempo y un espacio determinados. El nombre de la exposici\u00f3n, \u2013la propia pregunta \u201c\u00bfdise\u00f1as o trabajas?\u201d\u2013 hace un gui\u00f1o a una expresi\u00f3n que se hizo c\u00e9lebre durante ese per\u00edodo, a modo de broma, que simbolizaba la popularidad pero tambi\u00e9n la frivolizaci\u00f3n del dise\u00f1o, a pesar de que fue una \u00e9poca de grandes retos profesionales en que este se desarroll\u00f3 a un ritmo y a una intensidad que no se hab\u00edan visto hasta entonces.<\/p>\n<p>En la muestra se recogen trabajos tan diversos como: im\u00e1genes corporativas, proyectos institucionales, trabajos editoriales, libros, revistas, packaging, carteles, y muchos otros formatos de autor\u00edas del per\u00edodo de gran renombre como Enric Satu\u00e9, Isidro Ferrer, <a href=\"https:\/\/blancfestival.com\/creatividad\/javier-mariscal-el-grafismo-ayuda-a-vivir-bien\/\" target=\"_blank\" rel=\"noopener noreferrer\">Mariscal<\/a>, America Sanchez, <a href=\"https:\/\/blancfestival.com\/diseno\/oscar-marine-disenador-artista\/\" target=\"_blank\" rel=\"noopener noreferrer\">Oscar Marin\u00e9<\/a>, Yves Zimmermann, <a href=\"https:\/\/blancfestival.com\/diseno\/toni-miserachs-en-ocasiones-el-sentido-comun-parece-desaparecer-de-las-mentes-de-quienes-deciden-por-el-usuario\/\" target=\"_blank\" rel=\"noopener noreferrer\">Toni Miserachs<\/a>, Marisa Gall\u00e9n y los estudios Grafica y BaseBCN, entre muchos otros.<\/p>\n<p>&nbsp;<\/p>\n<div id=\"attachment_4895\" style=\"width: 710px\" class=\"wp-caption aligncenter\"><img loading=\"lazy\" decoding=\"async\" aria-describedby=\"caption-attachment-4895\" class=\"wp-image-4895 size-large\" src=\"https:\/\/blancfestival.com\/wp-content\/uploads\/2020\/11\/DISSENYES_DHUB_FOLCH_DizyDiaz_0025-700x1050.jpg\" alt=\"Museu del Disseny Barcelona\" width=\"700\" height=\"1050\" srcset=\"https:\/\/blancfestival.com\/wp-content\/uploads\/2020\/11\/DISSENYES_DHUB_FOLCH_DizyDiaz_0025-700x1050.jpg 700w, https:\/\/blancfestival.com\/wp-content\/uploads\/2020\/11\/DISSENYES_DHUB_FOLCH_DizyDiaz_0025-250x375.jpg 250w, https:\/\/blancfestival.com\/wp-content\/uploads\/2020\/11\/DISSENYES_DHUB_FOLCH_DizyDiaz_0025-768x1152.jpg 768w, https:\/\/blancfestival.com\/wp-content\/uploads\/2020\/11\/DISSENYES_DHUB_FOLCH_DizyDiaz_0025-1024x1536.jpg 1024w, https:\/\/blancfestival.com\/wp-content\/uploads\/2020\/11\/DISSENYES_DHUB_FOLCH_DizyDiaz_0025-1365x2048.jpg 1365w, https:\/\/blancfestival.com\/wp-content\/uploads\/2020\/11\/DISSENYES_DHUB_FOLCH_DizyDiaz_0025-120x180.jpg 120w, https:\/\/blancfestival.com\/wp-content\/uploads\/2020\/11\/DISSENYES_DHUB_FOLCH_DizyDiaz_0025-scaled.jpg 1707w\" sizes=\"auto, (max-width: 700px) 100vw, 700px\" \/><p id=\"caption-attachment-4895\" class=\"wp-caption-text\">Dizy Diaz<\/p><\/div>\n<div id=\"attachment_4898\" style=\"width: 710px\" class=\"wp-caption aligncenter\"><img loading=\"lazy\" decoding=\"async\" aria-describedby=\"caption-attachment-4898\" class=\"wp-image-4898 size-large\" src=\"https:\/\/blancfestival.com\/wp-content\/uploads\/2020\/11\/DISSENYES_DHUB_FOLCH_DizyDiaz_0028-700x1050.jpg\" alt=\"Museu del Disseny Barcelona\" width=\"700\" height=\"1050\" srcset=\"https:\/\/blancfestival.com\/wp-content\/uploads\/2020\/11\/DISSENYES_DHUB_FOLCH_DizyDiaz_0028-700x1050.jpg 700w, https:\/\/blancfestival.com\/wp-content\/uploads\/2020\/11\/DISSENYES_DHUB_FOLCH_DizyDiaz_0028-250x375.jpg 250w, https:\/\/blancfestival.com\/wp-content\/uploads\/2020\/11\/DISSENYES_DHUB_FOLCH_DizyDiaz_0028-768x1152.jpg 768w, https:\/\/blancfestival.com\/wp-content\/uploads\/2020\/11\/DISSENYES_DHUB_FOLCH_DizyDiaz_0028-1024x1536.jpg 1024w, https:\/\/blancfestival.com\/wp-content\/uploads\/2020\/11\/DISSENYES_DHUB_FOLCH_DizyDiaz_0028-1365x2048.jpg 1365w, https:\/\/blancfestival.com\/wp-content\/uploads\/2020\/11\/DISSENYES_DHUB_FOLCH_DizyDiaz_0028-120x180.jpg 120w, https:\/\/blancfestival.com\/wp-content\/uploads\/2020\/11\/DISSENYES_DHUB_FOLCH_DizyDiaz_0028-scaled.jpg 1707w\" sizes=\"auto, (max-width: 700px) 100vw, 700px\" \/><p id=\"caption-attachment-4898\" class=\"wp-caption-text\">Dizy Diaz<\/p><\/div>\n<p><img loading=\"lazy\" decoding=\"async\" width=\"700\" height=\"467\" class=\"aligncenter size-large wp-image-4902\" src=\"https:\/\/blancfestival.com\/wp-content\/uploads\/2020\/11\/1W0A0589-700x467.jpg\" alt=\"Museu del Disseny Barcelona\" srcset=\"https:\/\/blancfestival.com\/wp-content\/uploads\/2020\/11\/1W0A0589-700x467.jpg 700w, https:\/\/blancfestival.com\/wp-content\/uploads\/2020\/11\/1W0A0589-250x167.jpg 250w, https:\/\/blancfestival.com\/wp-content\/uploads\/2020\/11\/1W0A0589-768x512.jpg 768w, https:\/\/blancfestival.com\/wp-content\/uploads\/2020\/11\/1W0A0589-120x80.jpg 120w, https:\/\/blancfestival.com\/wp-content\/uploads\/2020\/11\/1W0A0589-272x182.jpg 272w, https:\/\/blancfestival.com\/wp-content\/uploads\/2020\/11\/1W0A0589.jpg 1400w\" sizes=\"auto, (max-width: 700px) 100vw, 700px\" \/><\/p>\n","protected":false},"excerpt":{"rendered":"\u201c\u00bfDise\u00f1as o trabajas? La nueva comunicaci\u00f3n visual. 1980-2003\u201d es una exposici\u00f3n permanente de dise\u00f1o gr\u00e1fico en el Museu del Disseny de Barcelona, que ofrece un recorrido por la historia de esta disciplina en Catalunya y Espa\u00f1a durante el que se llam\u00f3 \u201cel boom del dise\u00f1o&#8221;, debido a una serie de acontecimientos que dinamizaron el sector,&hellip;","protected":false},"author":3,"featured_media":4873,"comment_status":"open","ping_status":"open","sticky":false,"template":"","format":"standard","meta":{"_acf_changed":false,"footnotes":""},"categories":[2],"tags":[207,29,30],"evento":[],"class_list":["post-4871","post","type-post","status-publish","format-standard","has-post-thumbnail","hentry","category-diseno","tag-museu-del-disseny","tag-exposicion","tag-diseno-grafico"],"acf":[],"yoast_head":"<!-- This site is optimized with the Yoast SEO plugin v23.7 - https:\/\/yoast.com\/wordpress\/plugins\/seo\/ -->\n<title>Dise\u00f1o posmoderno en el Museu del Disseny - Blanc!<\/title>\n<meta name=\"description\" content=\"La exposici\u00f3n de dise\u00f1o gr\u00e1fico en el Museu del Disseny de Barcelona ofrece un recorrido por la historia de esta disciplina durante el \u201cboom del dise\u00f1o&quot;\" \/>\n<meta name=\"robots\" content=\"index, follow, max-snippet:-1, max-image-preview:large, max-video-preview:-1\" \/>\n<link rel=\"canonical\" href=\"https:\/\/blancfestival.com\/un-viaje-por-el-diseno-posmoderno-catalan-y-espanol-museu-del-disseny\/\" \/>\n<meta property=\"og:locale\" content=\"ca_ES\" \/>\n<meta property=\"og:type\" content=\"article\" \/>\n<meta property=\"og:title\" content=\"Dise\u00f1o posmoderno en el Museu del Disseny - Blanc!\" \/>\n<meta property=\"og:description\" content=\"La exposici\u00f3n de dise\u00f1o gr\u00e1fico en el Museu del Disseny de Barcelona ofrece un recorrido por la historia de esta disciplina durante el \u201cboom del dise\u00f1o&quot;\" \/>\n<meta property=\"og:url\" content=\"https:\/\/blancfestival.com\/un-viaje-por-el-diseno-posmoderno-catalan-y-espanol-museu-del-disseny\/\" \/>\n<meta property=\"og:site_name\" content=\"Blanc!\" \/>\n<meta property=\"article:publisher\" content=\"https:\/\/www.facebook.com\/blanc.festivaldissenygrafic\/\" \/>\n<meta property=\"article:published_time\" content=\"2020-11-14T16:15:17+00:00\" \/>\n<meta property=\"article:modified_time\" content=\"2020-11-21T23:48:57+00:00\" \/>\n<meta property=\"og:image\" content=\"https:\/\/blancfestival.com\/wp-content\/uploads\/2020\/11\/1W0A0571.jpg\" \/>\n\t<meta property=\"og:image:width\" content=\"1400\" \/>\n\t<meta property=\"og:image:height\" content=\"933\" \/>\n\t<meta property=\"og:image:type\" content=\"image\/jpeg\" \/>\n<meta name=\"author\" content=\"Redacci\u00f3n Blanc!\" \/>\n<meta name=\"twitter:card\" content=\"summary_large_image\" \/>\n<meta name=\"twitter:creator\" content=\"@blancfest\" \/>\n<meta name=\"twitter:site\" content=\"@blancfest\" \/>\n<meta name=\"twitter:label1\" content=\"Written by\" \/>\n\t<meta name=\"twitter:data1\" content=\"Redacci\u00f3n Blanc!\" \/>\n\t<meta name=\"twitter:label2\" content=\"Est. reading time\" \/>\n\t<meta name=\"twitter:data2\" content=\"3 minutes\" \/>\n<script type=\"application\/ld+json\" class=\"yoast-schema-graph\">{\"@context\":\"https:\/\/schema.org\",\"@graph\":[{\"@type\":\"Article\",\"@id\":\"https:\/\/blancfestival.com\/un-viaje-por-el-diseno-posmoderno-catalan-y-espanol-museu-del-disseny\/#article\",\"isPartOf\":{\"@id\":\"https:\/\/blancfestival.com\/un-viaje-por-el-diseno-posmoderno-catalan-y-espanol-museu-del-disseny\/\"},\"author\":{\"name\":\"Redacci\u00f3n Blanc!\",\"@id\":\"https:\/\/blancfestival.com\/#\/schema\/person\/1c1365d1e51e5730cf3f5fadb8670c06\"},\"headline\":\"Un viaje por el dise\u00f1o posmoderno catal\u00e1n y espa\u00f1ol\",\"datePublished\":\"2020-11-14T16:15:17+00:00\",\"dateModified\":\"2020-11-21T23:48:57+00:00\",\"mainEntityOfPage\":{\"@id\":\"https:\/\/blancfestival.com\/un-viaje-por-el-diseno-posmoderno-catalan-y-espanol-museu-del-disseny\/\"},\"wordCount\":702,\"commentCount\":0,\"publisher\":{\"@id\":\"https:\/\/blancfestival.com\/#organization\"},\"image\":{\"@id\":\"https:\/\/blancfestival.com\/un-viaje-por-el-diseno-posmoderno-catalan-y-espanol-museu-del-disseny\/#primaryimage\"},\"thumbnailUrl\":\"https:\/\/blancfestival.com\/wp-content\/uploads\/2020\/11\/1W0A0571.jpg\",\"keywords\":[\"museu del disseny\",\"exposici\u00f3n\",\"dise\u00f1o gr\u00e1fico\"],\"articleSection\":[\"Dise\u00f1o\"],\"inLanguage\":\"ca\",\"potentialAction\":[{\"@type\":\"CommentAction\",\"name\":\"Comment\",\"target\":[\"https:\/\/blancfestival.com\/un-viaje-por-el-diseno-posmoderno-catalan-y-espanol-museu-del-disseny\/#respond\"]}]},{\"@type\":\"WebPage\",\"@id\":\"https:\/\/blancfestival.com\/un-viaje-por-el-diseno-posmoderno-catalan-y-espanol-museu-del-disseny\/\",\"url\":\"https:\/\/blancfestival.com\/un-viaje-por-el-diseno-posmoderno-catalan-y-espanol-museu-del-disseny\/\",\"name\":\"Dise\u00f1o posmoderno en el Museu del Disseny - Blanc!\",\"isPartOf\":{\"@id\":\"https:\/\/blancfestival.com\/#website\"},\"primaryImageOfPage\":{\"@id\":\"https:\/\/blancfestival.com\/un-viaje-por-el-diseno-posmoderno-catalan-y-espanol-museu-del-disseny\/#primaryimage\"},\"image\":{\"@id\":\"https:\/\/blancfestival.com\/un-viaje-por-el-diseno-posmoderno-catalan-y-espanol-museu-del-disseny\/#primaryimage\"},\"thumbnailUrl\":\"https:\/\/blancfestival.com\/wp-content\/uploads\/2020\/11\/1W0A0571.jpg\",\"datePublished\":\"2020-11-14T16:15:17+00:00\",\"dateModified\":\"2020-11-21T23:48:57+00:00\",\"description\":\"La exposici\u00f3n de dise\u00f1o gr\u00e1fico en el Museu del Disseny de Barcelona ofrece un recorrido por la historia de esta disciplina durante el \u201cboom del dise\u00f1o\\\"\",\"breadcrumb\":{\"@id\":\"https:\/\/blancfestival.com\/un-viaje-por-el-diseno-posmoderno-catalan-y-espanol-museu-del-disseny\/#breadcrumb\"},\"inLanguage\":\"ca\",\"potentialAction\":[{\"@type\":\"ReadAction\",\"target\":[\"https:\/\/blancfestival.com\/un-viaje-por-el-diseno-posmoderno-catalan-y-espanol-museu-del-disseny\/\"]}]},{\"@type\":\"ImageObject\",\"inLanguage\":\"ca\",\"@id\":\"https:\/\/blancfestival.com\/un-viaje-por-el-diseno-posmoderno-catalan-y-espanol-museu-del-disseny\/#primaryimage\",\"url\":\"https:\/\/blancfestival.com\/wp-content\/uploads\/2020\/11\/1W0A0571.jpg\",\"contentUrl\":\"https:\/\/blancfestival.com\/wp-content\/uploads\/2020\/11\/1W0A0571.jpg\",\"width\":1400,\"height\":933,\"caption\":\"Dissenyes o treballes? Exposici\u00f3n Museu del disseny\"},{\"@type\":\"BreadcrumbList\",\"@id\":\"https:\/\/blancfestival.com\/un-viaje-por-el-diseno-posmoderno-catalan-y-espanol-museu-del-disseny\/#breadcrumb\",\"itemListElement\":[{\"@type\":\"ListItem\",\"position\":1,\"name\":\"Portada\",\"item\":\"https:\/\/blancfestival.com\/ca\/\"},{\"@type\":\"ListItem\",\"position\":2,\"name\":\"Un viaje por el dise\u00f1o posmoderno catal\u00e1n y espa\u00f1ol\"}]},{\"@type\":\"WebSite\",\"@id\":\"https:\/\/blancfestival.com\/#website\",\"url\":\"https:\/\/blancfestival.com\/\",\"name\":\"Blanc! Festival\",\"description\":\"Disseny, Creativitat i Innovaci\u00f3\",\"publisher\":{\"@id\":\"https:\/\/blancfestival.com\/#organization\"},\"potentialAction\":[{\"@type\":\"SearchAction\",\"target\":{\"@type\":\"EntryPoint\",\"urlTemplate\":\"https:\/\/blancfestival.com\/?s={search_term_string}\"},\"query-input\":{\"@type\":\"PropertyValueSpecification\",\"valueRequired\":true,\"valueName\":\"search_term_string\"}}],\"inLanguage\":\"ca\"},{\"@type\":\"Organization\",\"@id\":\"https:\/\/blancfestival.com\/#organization\",\"name\":\"Blanc! Festival de Dise\u00f1o, Creatividad e Innovaci\u00f3n\",\"url\":\"https:\/\/blancfestival.com\/\",\"logo\":{\"@type\":\"ImageObject\",\"inLanguage\":\"ca\",\"@id\":\"https:\/\/blancfestival.com\/#\/schema\/logo\/image\/\",\"url\":\"https:\/\/blancfestival.com\/wp-content\/uploads\/2025\/01\/logo_icono_blanc.jpg\",\"contentUrl\":\"https:\/\/blancfestival.com\/wp-content\/uploads\/2025\/01\/logo_icono_blanc.jpg\",\"width\":2000,\"height\":2000,\"caption\":\"Blanc! Festival de Dise\u00f1o, Creatividad e Innovaci\u00f3n\"},\"image\":{\"@id\":\"https:\/\/blancfestival.com\/#\/schema\/logo\/image\/\"},\"sameAs\":[\"https:\/\/www.facebook.com\/blanc.festivaldissenygrafic\/\",\"https:\/\/x.com\/blancfest\",\"https:\/\/www.instagram.com\/blancfest\/\",\"https:\/\/www.linkedin.com\/company\/blanc-festival\",\"https:\/\/www.pinterest.com\/blancfest\/\",\"https:\/\/www.youtube.com\/channel\/UCM-IjxOFb5gQg4yPgmze3Gg\"]},{\"@type\":\"Person\",\"@id\":\"https:\/\/blancfestival.com\/#\/schema\/person\/1c1365d1e51e5730cf3f5fadb8670c06\",\"name\":\"Redacci\u00f3n Blanc!\",\"image\":{\"@type\":\"ImageObject\",\"inLanguage\":\"ca\",\"@id\":\"https:\/\/blancfestival.com\/#\/schema\/person\/image\/\",\"url\":\"https:\/\/blancfestival.com\/wp-content\/uploads\/2020\/02\/ico-120x120.png\",\"contentUrl\":\"https:\/\/blancfestival.com\/wp-content\/uploads\/2020\/02\/ico-120x120.png\",\"caption\":\"Redacci\u00f3n Blanc!\"},\"description\":\"\u201cNo trates de doblar la cuchara. Es imposible. En lugar de hacerlo, solo intenta darte cuenta de la verdad\u2026 No hay cuchara. Entonces, ver\u00e1s que no es la cuchara lo que se dobla, te doblas t\u00fa\u201d\"}]}<\/script>\n<!-- \/ Yoast SEO plugin. -->","yoast_head_json":{"title":"Dise\u00f1o posmoderno en el Museu del Disseny - Blanc!","description":"La exposici\u00f3n de dise\u00f1o gr\u00e1fico en el Museu del Disseny de Barcelona ofrece un recorrido por la historia de esta disciplina durante el \u201cboom del dise\u00f1o\"","robots":{"index":"index","follow":"follow","max-snippet":"max-snippet:-1","max-image-preview":"max-image-preview:large","max-video-preview":"max-video-preview:-1"},"canonical":"https:\/\/blancfestival.com\/un-viaje-por-el-diseno-posmoderno-catalan-y-espanol-museu-del-disseny\/","og_locale":"ca_ES","og_type":"article","og_title":"Dise\u00f1o posmoderno en el Museu del Disseny - Blanc!","og_description":"La exposici\u00f3n de dise\u00f1o gr\u00e1fico en el Museu del Disseny de Barcelona ofrece un recorrido por la historia de esta disciplina durante el \u201cboom del dise\u00f1o\"","og_url":"https:\/\/blancfestival.com\/un-viaje-por-el-diseno-posmoderno-catalan-y-espanol-museu-del-disseny\/","og_site_name":"Blanc!","article_publisher":"https:\/\/www.facebook.com\/blanc.festivaldissenygrafic\/","article_published_time":"2020-11-14T16:15:17+00:00","article_modified_time":"2020-11-21T23:48:57+00:00","og_image":[{"width":1400,"height":933,"url":"https:\/\/blancfestival.com\/wp-content\/uploads\/2020\/11\/1W0A0571.jpg","type":"image\/jpeg"}],"author":"Redacci\u00f3n Blanc!","twitter_card":"summary_large_image","twitter_creator":"@blancfest","twitter_site":"@blancfest","twitter_misc":{"Written by":"Redacci\u00f3n Blanc!","Est. reading time":"3 minutes"},"schema":{"@context":"https:\/\/schema.org","@graph":[{"@type":"Article","@id":"https:\/\/blancfestival.com\/un-viaje-por-el-diseno-posmoderno-catalan-y-espanol-museu-del-disseny\/#article","isPartOf":{"@id":"https:\/\/blancfestival.com\/un-viaje-por-el-diseno-posmoderno-catalan-y-espanol-museu-del-disseny\/"},"author":{"name":"Redacci\u00f3n Blanc!","@id":"https:\/\/blancfestival.com\/#\/schema\/person\/1c1365d1e51e5730cf3f5fadb8670c06"},"headline":"Un viaje por el dise\u00f1o posmoderno catal\u00e1n y espa\u00f1ol","datePublished":"2020-11-14T16:15:17+00:00","dateModified":"2020-11-21T23:48:57+00:00","mainEntityOfPage":{"@id":"https:\/\/blancfestival.com\/un-viaje-por-el-diseno-posmoderno-catalan-y-espanol-museu-del-disseny\/"},"wordCount":702,"commentCount":0,"publisher":{"@id":"https:\/\/blancfestival.com\/#organization"},"image":{"@id":"https:\/\/blancfestival.com\/un-viaje-por-el-diseno-posmoderno-catalan-y-espanol-museu-del-disseny\/#primaryimage"},"thumbnailUrl":"https:\/\/blancfestival.com\/wp-content\/uploads\/2020\/11\/1W0A0571.jpg","keywords":["museu del disseny","exposici\u00f3n","dise\u00f1o gr\u00e1fico"],"articleSection":["Dise\u00f1o"],"inLanguage":"ca","potentialAction":[{"@type":"CommentAction","name":"Comment","target":["https:\/\/blancfestival.com\/un-viaje-por-el-diseno-posmoderno-catalan-y-espanol-museu-del-disseny\/#respond"]}]},{"@type":"WebPage","@id":"https:\/\/blancfestival.com\/un-viaje-por-el-diseno-posmoderno-catalan-y-espanol-museu-del-disseny\/","url":"https:\/\/blancfestival.com\/un-viaje-por-el-diseno-posmoderno-catalan-y-espanol-museu-del-disseny\/","name":"Dise\u00f1o posmoderno en el Museu del Disseny - Blanc!","isPartOf":{"@id":"https:\/\/blancfestival.com\/#website"},"primaryImageOfPage":{"@id":"https:\/\/blancfestival.com\/un-viaje-por-el-diseno-posmoderno-catalan-y-espanol-museu-del-disseny\/#primaryimage"},"image":{"@id":"https:\/\/blancfestival.com\/un-viaje-por-el-diseno-posmoderno-catalan-y-espanol-museu-del-disseny\/#primaryimage"},"thumbnailUrl":"https:\/\/blancfestival.com\/wp-content\/uploads\/2020\/11\/1W0A0571.jpg","datePublished":"2020-11-14T16:15:17+00:00","dateModified":"2020-11-21T23:48:57+00:00","description":"La exposici\u00f3n de dise\u00f1o gr\u00e1fico en el Museu del Disseny de Barcelona ofrece un recorrido por la historia de esta disciplina durante el \u201cboom del dise\u00f1o\"","breadcrumb":{"@id":"https:\/\/blancfestival.com\/un-viaje-por-el-diseno-posmoderno-catalan-y-espanol-museu-del-disseny\/#breadcrumb"},"inLanguage":"ca","potentialAction":[{"@type":"ReadAction","target":["https:\/\/blancfestival.com\/un-viaje-por-el-diseno-posmoderno-catalan-y-espanol-museu-del-disseny\/"]}]},{"@type":"ImageObject","inLanguage":"ca","@id":"https:\/\/blancfestival.com\/un-viaje-por-el-diseno-posmoderno-catalan-y-espanol-museu-del-disseny\/#primaryimage","url":"https:\/\/blancfestival.com\/wp-content\/uploads\/2020\/11\/1W0A0571.jpg","contentUrl":"https:\/\/blancfestival.com\/wp-content\/uploads\/2020\/11\/1W0A0571.jpg","width":1400,"height":933,"caption":"Dissenyes o treballes? Exposici\u00f3n Museu del disseny"},{"@type":"BreadcrumbList","@id":"https:\/\/blancfestival.com\/un-viaje-por-el-diseno-posmoderno-catalan-y-espanol-museu-del-disseny\/#breadcrumb","itemListElement":[{"@type":"ListItem","position":1,"name":"Portada","item":"https:\/\/blancfestival.com\/ca\/"},{"@type":"ListItem","position":2,"name":"Un viaje por el dise\u00f1o posmoderno catal\u00e1n y espa\u00f1ol"}]},{"@type":"WebSite","@id":"https:\/\/blancfestival.com\/#website","url":"https:\/\/blancfestival.com\/","name":"Blanc! Festival","description":"Disseny, Creativitat i Innovaci\u00f3","publisher":{"@id":"https:\/\/blancfestival.com\/#organization"},"potentialAction":[{"@type":"SearchAction","target":{"@type":"EntryPoint","urlTemplate":"https:\/\/blancfestival.com\/?s={search_term_string}"},"query-input":{"@type":"PropertyValueSpecification","valueRequired":true,"valueName":"search_term_string"}}],"inLanguage":"ca"},{"@type":"Organization","@id":"https:\/\/blancfestival.com\/#organization","name":"Blanc! Festival de Dise\u00f1o, Creatividad e Innovaci\u00f3n","url":"https:\/\/blancfestival.com\/","logo":{"@type":"ImageObject","inLanguage":"ca","@id":"https:\/\/blancfestival.com\/#\/schema\/logo\/image\/","url":"https:\/\/blancfestival.com\/wp-content\/uploads\/2025\/01\/logo_icono_blanc.jpg","contentUrl":"https:\/\/blancfestival.com\/wp-content\/uploads\/2025\/01\/logo_icono_blanc.jpg","width":2000,"height":2000,"caption":"Blanc! Festival de Dise\u00f1o, Creatividad e Innovaci\u00f3n"},"image":{"@id":"https:\/\/blancfestival.com\/#\/schema\/logo\/image\/"},"sameAs":["https:\/\/www.facebook.com\/blanc.festivaldissenygrafic\/","https:\/\/x.com\/blancfest","https:\/\/www.instagram.com\/blancfest\/","https:\/\/www.linkedin.com\/company\/blanc-festival","https:\/\/www.pinterest.com\/blancfest\/","https:\/\/www.youtube.com\/channel\/UCM-IjxOFb5gQg4yPgmze3Gg"]},{"@type":"Person","@id":"https:\/\/blancfestival.com\/#\/schema\/person\/1c1365d1e51e5730cf3f5fadb8670c06","name":"Redacci\u00f3n Blanc!","image":{"@type":"ImageObject","inLanguage":"ca","@id":"https:\/\/blancfestival.com\/#\/schema\/person\/image\/","url":"https:\/\/blancfestival.com\/wp-content\/uploads\/2020\/02\/ico-120x120.png","contentUrl":"https:\/\/blancfestival.com\/wp-content\/uploads\/2020\/02\/ico-120x120.png","caption":"Redacci\u00f3n Blanc!"},"description":"\u201cNo trates de doblar la cuchara. Es imposible. En lugar de hacerlo, solo intenta darte cuenta de la verdad\u2026 No hay cuchara. Entonces, ver\u00e1s que no es la cuchara lo que se dobla, te doblas t\u00fa\u201d"}]}},"_links":{"self":[{"href":"https:\/\/blancfestival.com\/ca\/wp-json\/wp\/v2\/posts\/4871","targetHints":{"allow":["GET"]}}],"collection":[{"href":"https:\/\/blancfestival.com\/ca\/wp-json\/wp\/v2\/posts"}],"about":[{"href":"https:\/\/blancfestival.com\/ca\/wp-json\/wp\/v2\/types\/post"}],"author":[{"embeddable":true,"href":"https:\/\/blancfestival.com\/ca\/wp-json\/wp\/v2\/users\/3"}],"replies":[{"embeddable":true,"href":"https:\/\/blancfestival.com\/ca\/wp-json\/wp\/v2\/comments?post=4871"}],"version-history":[{"count":10,"href":"https:\/\/blancfestival.com\/ca\/wp-json\/wp\/v2\/posts\/4871\/revisions"}],"predecessor-version":[{"id":4909,"href":"https:\/\/blancfestival.com\/ca\/wp-json\/wp\/v2\/posts\/4871\/revisions\/4909"}],"wp:featuredmedia":[{"embeddable":true,"href":"https:\/\/blancfestival.com\/ca\/wp-json\/wp\/v2\/media\/4873"}],"wp:attachment":[{"href":"https:\/\/blancfestival.com\/ca\/wp-json\/wp\/v2\/media?parent=4871"}],"wp:term":[{"taxonomy":"category","embeddable":true,"href":"https:\/\/blancfestival.com\/ca\/wp-json\/wp\/v2\/categories?post=4871"},{"taxonomy":"post_tag","embeddable":true,"href":"https:\/\/blancfestival.com\/ca\/wp-json\/wp\/v2\/tags?post=4871"},{"taxonomy":"evento","embeddable":true,"href":"https:\/\/blancfestival.com\/ca\/wp-json\/wp\/v2\/evento?post=4871"}],"curies":[{"name":"wp","href":"https:\/\/api.w.org\/{rel}","templated":true}]}}