{"id":4930,"date":"2020-03-10T16:00:56","date_gmt":"2020-03-10T15:00:56","guid":{"rendered":"https:\/\/blancfestival.com\/?p=4930"},"modified":"2021-03-10T17:20:01","modified_gmt":"2021-03-10T16:20:01","slug":"the-beautiful-people-una-exposicion-de-diseno-de-tipografia-por-laura-meseguer","status":"publish","type":"post","link":"https:\/\/blancfestival.com\/ca\/the-beautiful-people-una-exposicion-de-diseno-de-tipografia-por-laura-meseguer\/","title":{"rendered":"&#8220;The Beautiful People&#8221;, una exposici\u00f3n de dise\u00f1o de tipograf\u00eda por Laura Meseguer"},"content":{"rendered":"<p>\u00a1REAPERTURA! Del 12 de Marzo al 11 de Abril de 2021.<\/p>\n<p>El precioso y preciso trabajo de la dise\u00f1adora de tipos <a href=\"https:\/\/www.laurameseguer.com\/\" target=\"_blank\" rel=\"noopener noreferrer\">Laura Meseguer<\/a> se ha transformado en The Beautiful People, una memorable exposici\u00f3n comisariada por <a href=\"https:\/\/blancfestival.com\/diseno\/entrevista-a-eider-corral-comisaria-de-la-exposicion-the-beautiful-people\/\" target=\"_blank\" rel=\"noopener noreferrer\">Eider Corral<\/a>, que se podr\u00e1 ver en el <a href=\"http:\/\/www.lasalavng.cat\/\" target=\"_blank\" rel=\"noopener noreferrer\">Centre d&#8217;Art Contemporani La Sala<\/a> de Vilanova i la Geltr\u00fa.<\/p>\n<p>Blanc! Es un evento conocido por realizar <a href=\"https:\/\/blancfestival.com\/blanc-basics\/conferencias-de-diseno-10-consejos-y-buenas-practicas\/\">conferencias entorno al dise\u00f1o gr\u00e1fico<\/a>, pero nuestro ADN va mucho m\u00e1s all\u00e1. Ya son 4 las ediciones en que Blanc! organiza y da forma a exposiciones para promover y dar difusi\u00f3n a la cultura en torno al dise\u00f1o. Laura Meseguer se une al listado de referentes que han expuesto en el Centre d&#8217;Art Contemporani La Sala siguiendo este objetivo dentro del programa Blanc! Or\u00edgens.<\/p>\n<p>&nbsp;<\/p>\n<p><img loading=\"lazy\" decoding=\"async\" width=\"700\" height=\"1050\" class=\"aligncenter size-large wp-image-4936\" src=\"https:\/\/blancfestival.com\/wp-content\/uploads\/2020\/11\/Blanc-Origens_The-Beautiful-People_22-700x1050.jpg\" alt=\"\" srcset=\"https:\/\/blancfestival.com\/wp-content\/uploads\/2020\/11\/Blanc-Origens_The-Beautiful-People_22-700x1050.jpg 700w, https:\/\/blancfestival.com\/wp-content\/uploads\/2020\/11\/Blanc-Origens_The-Beautiful-People_22-250x375.jpg 250w, https:\/\/blancfestival.com\/wp-content\/uploads\/2020\/11\/Blanc-Origens_The-Beautiful-People_22-768x1152.jpg 768w, https:\/\/blancfestival.com\/wp-content\/uploads\/2020\/11\/Blanc-Origens_The-Beautiful-People_22-1024x1536.jpg 1024w, https:\/\/blancfestival.com\/wp-content\/uploads\/2020\/11\/Blanc-Origens_The-Beautiful-People_22-1365x2048.jpg 1365w, https:\/\/blancfestival.com\/wp-content\/uploads\/2020\/11\/Blanc-Origens_The-Beautiful-People_22-120x180.jpg 120w, https:\/\/blancfestival.com\/wp-content\/uploads\/2020\/11\/Blanc-Origens_The-Beautiful-People_22-scaled.jpg 1707w\" sizes=\"auto, (max-width: 700px) 100vw, 700px\" \/><\/p>\n<p>&nbsp;<\/p>\n<p>En el 2017 iniciamos la aventura expositiva con una retrospectiva del Maestro Pla-Narbona, en el 2018 conocimos m\u00e1s profundamente el trabajo de <a href=\"https:\/\/blancfestival.com\/diseno\/exposicion-mira-a-mir-el-arte-de-trascender-el-tiempo-historia-diseno\/\" target=\"_blank\" rel=\"noopener noreferrer\">Josep Maria Mir<\/a> y en el 2019 el estudio barcelon\u00e9s Vasava se encarg\u00f3 de ocupar con creatividad y dise\u00f1o m\u00e1s de 500m2 con su magn\u00edfica exposici\u00f3n SPAM, una retrospectiva de casi 25 a\u00f1os.<\/p>\n<p>The Beautiful People es la primera exposici\u00f3n individual de Laura Meseguer, una exposici\u00f3n que se plantea como una \u201cmonograf\u00eda prospectiva\u201d: mira hacia el futuro y analiza el car\u00e1cter relacional de la tipograf\u00eda seg\u00fan la forma de trabajar de Meseguer.<\/p>\n<p>A continuaci\u00f3n, despu\u00e9s del v\u00eddeo de la muestra, os compartimos el texto principal de la expo escrito por Oscar Guayabero. \u00c9l ha sido el encargado de crear los textos de la muestra, donde profundiza de una manera intuitiva, did\u00e1ctica e inteligente la figura de Laura Meseguer.<\/p>\n<p>&nbsp;<\/p>\n<p><iframe loading=\"lazy\" src=\"https:\/\/www.youtube.com\/embed\/FmWAim-9pcA\" width=\"680\" height=\"315\" frameborder=\"0\" allowfullscreen=\"allowfullscreen\"><\/iframe><\/p>\n<p>&nbsp;<\/p>\n<h2>El rigor de la alegr\u00eda. Por Oscar Guayabero.<\/h2>\n<p>&#8220;Uno de los medios de expresi\u00f3n m\u00e1s elocuentes que utilizan todos los periodos son las letras. \u00c9stas, junto con la arquitectura, suelen ofrecer la imagen m\u00e1s particular de una \u00e9poca y el testimonio m\u00e1s riguroso del nivel de un pueblo\u201d, dec\u00eda Peter Behrens, y Jan Tschichold lo cita en su imprescindible El Abec\u00e9 de la buena tipograf\u00eda. Lo cita para criticar la gram\u00e1tica de Behrens y mostrar una p\u00e1gina de anuncios de prensa de 1960 sentenciando: \u201c\u00bfEl testimonio del nivel de evoluci\u00f3n de un pueblo, el espejo de una cultura? Con esto tenemos que estar lav\u00e1ndonos las manos continuamente.\u201d<\/p>\n<p>Ahora, que nos vamos lavando las manos a cada poco, sigue vigente tanto la premisa de Behrens como las dudas de Tschichold. La \u00fanica diferencia es que las tipograf\u00edas que marcan nuestro \u201cnivel\u201d, vienen por defecto en el sistema operativo de nuestro ordenador casero. Ese paradigma democratizador, pero a la vez homogeneizador de la tipograf\u00eda es con lo que han de lidiar quienes hoy hacen letras.<\/p>\n<p>El festival Blanc!, dentro de la programaci\u00f3n del Blanc! Or\u00edgens, dedica una exposici\u00f3n a las letras, las letras de Laura Meseguer. La primera dise\u00f1adora a la que le exponen. Meseguer est\u00e1 en plena evoluci\u00f3n, as\u00ed que queda descartada una retrospectiva, dir\u00eda que es una monograf\u00eda prospectiva. Digo prospectiva porque la manera en que Eider Corral, la comisaria, plantea la exposici\u00f3n, es m\u00e1s de mirada hacia delante que hacia atr\u00e1s.<\/p>\n<p>El an\u00e1lisis del trabajo tipogr\u00e1fico de Laura Meseguer que Corral hace se centra en algunos aspectos que me parecen relevantes y con los cuales coincido. En primer lugar, pone de relieve el car\u00e1cter relacional de sus tipograf\u00edas, de su pr\u00e1ctica profesional. Como tantas otras y otros, Meseguer es uno de esos estudios unipersonales.<\/p>\n<p>Eso, lejos de aislarla, la ha obligado a generar una red de complicidades, colaboraciones y sinergias que solo son posibles guardando el ego creador en el caj\u00f3n de abajo. Esta pr\u00e1ctica, donde el resultado es mucho m\u00e1s que sus partes y no se basa en el personalismo de la autora, quiz\u00e1s est\u00e1 influida por otro de los puntales de su carrera, la transmisi\u00f3n e intercambio de conocimiento en el coraz\u00f3n de las pr\u00e1cticas docentes. Esta docencia est\u00e1 influenciadapor su experiencia en La Haya donde desarroll\u00f3 un m\u00e1ster en tipograf\u00eda y que fue un salto importante en su formaci\u00f3n.<\/p>\n<p>Hay quienes defienden que un maestro es aquel que, poseedor de una gran cantidad de informaci\u00f3n, la transmite a sus alumnos. Es una idea muy arraigada, socr\u00e1tica, dir\u00eda, muy masculina. Por el contrario, hay quienes piensan que en los espacios de aprendizaje se debe generar conocimiento, entre los estudiantes y los maestros. El maestro tiene experiencia y conocimiento, cierto, pero act\u00faa m\u00e1s como mediador y acompa\u00f1ante que como gur\u00fa. Ese tipo de pr\u00e1cticas son las que definen el trabajo docente de Laura Meseguer. De esas pr\u00e1cticas surgen trabajos, colaboraciones y enriquecimiento mutuo. Que la comisaria de su exposici\u00f3n fuera, hace un tiempo, su alumna, certifica esa relaci\u00f3n horizontal en su docencia, sin roles predefinidos. Poniendo un ejemplo un tanto forzado: si los proyectos fueran partos, Meseguer ser\u00eda m\u00e1s una Doula que una especialista en Obstetricia. Tipo-g, su actual proyecto educativo, hecho desde la colectividad y pensado para el acompa\u00f1amiento y crecimiento de sus alumnos, es una buena muestra de ello.<\/p>\n<p>&nbsp;<\/p>\n<p><img loading=\"lazy\" decoding=\"async\" width=\"700\" height=\"1050\" class=\"aligncenter size-large wp-image-4942\" src=\"https:\/\/blancfestival.com\/wp-content\/uploads\/2020\/11\/Blanc-Origens_The-Beautiful-People_11-700x1050.jpg\" alt=\"\" srcset=\"https:\/\/blancfestival.com\/wp-content\/uploads\/2020\/11\/Blanc-Origens_The-Beautiful-People_11-700x1050.jpg 700w, https:\/\/blancfestival.com\/wp-content\/uploads\/2020\/11\/Blanc-Origens_The-Beautiful-People_11-250x375.jpg 250w, https:\/\/blancfestival.com\/wp-content\/uploads\/2020\/11\/Blanc-Origens_The-Beautiful-People_11-768x1152.jpg 768w, https:\/\/blancfestival.com\/wp-content\/uploads\/2020\/11\/Blanc-Origens_The-Beautiful-People_11-1024x1536.jpg 1024w, https:\/\/blancfestival.com\/wp-content\/uploads\/2020\/11\/Blanc-Origens_The-Beautiful-People_11-1365x2048.jpg 1365w, https:\/\/blancfestival.com\/wp-content\/uploads\/2020\/11\/Blanc-Origens_The-Beautiful-People_11-120x180.jpg 120w, https:\/\/blancfestival.com\/wp-content\/uploads\/2020\/11\/Blanc-Origens_The-Beautiful-People_11-scaled.jpg 1707w\" sizes=\"auto, (max-width: 700px) 100vw, 700px\" \/><\/p>\n<p><img loading=\"lazy\" decoding=\"async\" width=\"700\" height=\"467\" class=\"aligncenter size-large wp-image-4948\" src=\"https:\/\/blancfestival.com\/wp-content\/uploads\/2020\/11\/Blanc-Origens_The-Beautiful-People_18-700x467.jpg\" alt=\"\" srcset=\"https:\/\/blancfestival.com\/wp-content\/uploads\/2020\/11\/Blanc-Origens_The-Beautiful-People_18-700x467.jpg 700w, https:\/\/blancfestival.com\/wp-content\/uploads\/2020\/11\/Blanc-Origens_The-Beautiful-People_18-250x167.jpg 250w, https:\/\/blancfestival.com\/wp-content\/uploads\/2020\/11\/Blanc-Origens_The-Beautiful-People_18-768x512.jpg 768w, https:\/\/blancfestival.com\/wp-content\/uploads\/2020\/11\/Blanc-Origens_The-Beautiful-People_18-1536x1024.jpg 1536w, https:\/\/blancfestival.com\/wp-content\/uploads\/2020\/11\/Blanc-Origens_The-Beautiful-People_18-2048x1365.jpg 2048w, https:\/\/blancfestival.com\/wp-content\/uploads\/2020\/11\/Blanc-Origens_The-Beautiful-People_18-120x80.jpg 120w, https:\/\/blancfestival.com\/wp-content\/uploads\/2020\/11\/Blanc-Origens_The-Beautiful-People_18-272x182.jpg 272w\" sizes=\"auto, (max-width: 700px) 100vw, 700px\" \/><\/p>\n<p>&nbsp;<\/p>\n<p>Esa mirada de g\u00e9nero, que despu\u00e9s me gustar\u00eda volver a abordar, tambi\u00e9n est\u00e1 presente en la idea de la socializaci\u00f3n creativa que Eider Corral pone de relieve. La idea de la \u201cfigura cultural\u201d, ajena a su entorno, genio solitario y a menudo incomprendido (tremendamente masculina) se substituye por la creaci\u00f3n colectiva, el intercambio de experiencias. Una creaci\u00f3n en femenino deja espacios a procesos colegiados, integrales y colectivos. En muchos de sus proyectos se puede ver esa idea de la conexi\u00f3n. Como ejemplos, la colaboraci\u00f3n desde hace m\u00e1s de 20 a\u00f1os en Type-\u00d8-Tones, junto a un imprescindible Josema. Solo desde la idea de lo com\u00fan y lo colectivo y desde una perspectiva postcolonial es posible un proyecto intercultural como Qandus. Su trabajo con el dise\u00f1ador de Beirut Kristyan Sarkis, afincado en \u00c1msterdam, y Juan Luis Blanco de Zumaia para crear una tipograf\u00eda multilingu\u0308e, que incorpora los alfabetos latinos, \u00e1rabes y tifiinagh, establece un di\u00e1logo y una colaboraci\u00f3n sin protagonismosni personalismos.<\/p>\n<p>En el libro <em>La mano que piensa<\/em>, el arquitecto finland\u00e9s Juhani Pallasmaa, dice: \u201cEl ojo y la mano colaboran constantemente; el ojo lleva a la mano a grandes distancias, y la mano informa al ojo en la escala \u00edntima\u201d. Creo que es una buena forma de entender la relaci\u00f3n que establece Laura entre la caligraf\u00eda y la tipograf\u00eda.<\/p>\n<p>El ojo le lleva por el rigor metodol\u00f3gico y la generaci\u00f3n de sistemas complejos. La mano a mimar los detalles al l\u00edmite, como si estuviera trabajando a una escala mucho m\u00e1s \u00edntima y cercana.<\/p>\n<p>As\u00ed, podemos pasar del sistema mutante y adaptable de la familia Sisters a la coqueter\u00eda retro de Rumba. Tambi\u00e9n a partir de ese punto, entre ojo y mano, define su trabajo en House Industries, con Ken Barber y Ben Kiel, de donde sale la tipograf\u00eda Girard Sansusie.<\/p>\n<p>La caligraf\u00eda, adem\u00e1s, la acerca al lettering que le permite generar logotipos ad hoc. En la exposici\u00f3n veremos algunos de los que ha hecho a lo largo de su carrera y como partiendo de lo singular del trazo, se llega a la identificaci\u00f3n de la marca. La relaci\u00f3n entre el ojo, la mente y la mano fluye aqu\u00ed con una rapidez que a quien conoce su trabajo se le hace evidente con logos juguetones como Fearless Girl o la cabecera para el peri\u00f3dico holand\u00e9s Het Parool.<\/p>\n<p>Alegr\u00eda y rigor. Con eso quisiera acabar.<\/p>\n<p>La idea de g\u00e9nero subyace en todo su trabajo, no con una militancia de grito, sino introduciendo en un entorno masculinizado una bomba de\u00a0relojer\u00eda, la alegr\u00eda. Algo as\u00ed como cuando Zuzana Licko hace saltar por los aires el dogmatismo del tardomodernismo con Emigre, la revista que crea junto con Rudy VanderLans. Y lo hace, no desde una posici\u00f3n agresiva sino desde la diversi\u00f3n de la variedad, que ofrecen los reci\u00e9n salidos programas de creaci\u00f3n digitales. Los apol\u00edneos seguidores de la escuela suiza se escandalizaron, no solo porque replanteaba los principios de la tipograf\u00eda, sino que parec\u00eda disfrutar con ello, sin acritud. Laura Meseguer es hija de la postmodernidad, de eso no cabe duda. Su mirada hacia la tipograf\u00eda vern\u00e1cula que podemos ver en su muro de Instagram refleja esa falta de complejos y esa alegr\u00eda de descubrir genialidades del pasado sin renunciar en ning\u00fan momento a metodolog\u00edas rigurosas.<\/p>\n<p>&nbsp;<\/p>\n<p><img loading=\"lazy\" decoding=\"async\" width=\"700\" height=\"1050\" class=\"aligncenter size-large wp-image-4945\" src=\"https:\/\/blancfestival.com\/wp-content\/uploads\/2020\/11\/Blanc-Origens_The-Beautiful-People_16-700x1050.jpg\" alt=\"\" srcset=\"https:\/\/blancfestival.com\/wp-content\/uploads\/2020\/11\/Blanc-Origens_The-Beautiful-People_16-700x1050.jpg 700w, https:\/\/blancfestival.com\/wp-content\/uploads\/2020\/11\/Blanc-Origens_The-Beautiful-People_16-250x375.jpg 250w, https:\/\/blancfestival.com\/wp-content\/uploads\/2020\/11\/Blanc-Origens_The-Beautiful-People_16-768x1152.jpg 768w, https:\/\/blancfestival.com\/wp-content\/uploads\/2020\/11\/Blanc-Origens_The-Beautiful-People_16-1024x1536.jpg 1024w, https:\/\/blancfestival.com\/wp-content\/uploads\/2020\/11\/Blanc-Origens_The-Beautiful-People_16-1365x2048.jpg 1365w, https:\/\/blancfestival.com\/wp-content\/uploads\/2020\/11\/Blanc-Origens_The-Beautiful-People_16-120x180.jpg 120w, https:\/\/blancfestival.com\/wp-content\/uploads\/2020\/11\/Blanc-Origens_The-Beautiful-People_16-scaled.jpg 1707w\" sizes=\"auto, (max-width: 700px) 100vw, 700px\" \/><\/p>\n<p><img loading=\"lazy\" decoding=\"async\" width=\"700\" height=\"1050\" class=\"aligncenter size-large wp-image-4939\" src=\"https:\/\/blancfestival.com\/wp-content\/uploads\/2020\/11\/Blanc-Origens_The-Beautiful-People_1-700x1050.jpg\" alt=\"\" srcset=\"https:\/\/blancfestival.com\/wp-content\/uploads\/2020\/11\/Blanc-Origens_The-Beautiful-People_1-700x1050.jpg 700w, https:\/\/blancfestival.com\/wp-content\/uploads\/2020\/11\/Blanc-Origens_The-Beautiful-People_1-250x375.jpg 250w, https:\/\/blancfestival.com\/wp-content\/uploads\/2020\/11\/Blanc-Origens_The-Beautiful-People_1-768x1152.jpg 768w, https:\/\/blancfestival.com\/wp-content\/uploads\/2020\/11\/Blanc-Origens_The-Beautiful-People_1-1024x1536.jpg 1024w, https:\/\/blancfestival.com\/wp-content\/uploads\/2020\/11\/Blanc-Origens_The-Beautiful-People_1-1365x2048.jpg 1365w, https:\/\/blancfestival.com\/wp-content\/uploads\/2020\/11\/Blanc-Origens_The-Beautiful-People_1-120x180.jpg 120w, https:\/\/blancfestival.com\/wp-content\/uploads\/2020\/11\/Blanc-Origens_The-Beautiful-People_1-scaled.jpg 1707w\" sizes=\"auto, (max-width: 700px) 100vw, 700px\" \/><\/p>\n<p>&nbsp;<\/p>\n<p>Demasiado a menudo, el creador sesudo, permanentemente \u201cpreocupado\u201d como si estuviera inventando la rueda cada semana, es una imagen que ha marcado el estereotipo del dise\u00f1o. Ante eso, Louise Fili, Paula Scher, incluso Irma Boom suelen mostrarse afables, felices. Imagino la incomodidad de los dise\u00f1adores \u201cserios\u201d ante tanta alegr\u00eda. La tentaci\u00f3n de descalificarlas como fr\u00edvolas es inmediata. Pero, en todos esos casos y en el de Meseguer tambi\u00e9n, hay un logro mucho m\u00e1s dif\u00edcil que mantener la coherencia desde el ascetismo espartano de Muller-Brockmann: aplicar rigor, m\u00e9todo, eficacia y coherencia en la exuberancia y la diversidad. Obviamente, esa mezcla del \u201cseny i la rauxa\u201d no es patrimonio de las dise\u00f1adoras; algunos de los referentes de Meseguer, desde Paul Rand a Cyrus Highsmith, tienen esa frescura l\u00facida y eficaz. Pero quiz\u00e1s s\u00ed es un rasgo definitorio de las mujeres dise\u00f1adoras que ese equilibrio dificil\u00edsimo se lleve con absoluta naturalidad y sin aspavientos de genio incomprendido.<\/p>\n<p>Termino con una frase que Eider Corral cita en su documento de trabajo. La frase es de la monja dise\u00f1adora Sister Corita: \u201cEl proceso consiste en ense\u00f1ar, aprender, crecer y hacer cosas para hacer del mundo un lugar mejor. Tanto si ese mundo est\u00e1 dentro de ti o es tan grande como el infinito \u201c. Para m\u00ed, el mundo de las letras de Laura Meseguer se extiende m\u00e1s all\u00e1 de lo que alcanza la tipograf\u00eda sistematizada y m\u00e1s all\u00e1 de lo que alcanza el lettering personal, es ese mundo complejo pero inmenso entre la alegr\u00eda y el rigor.<\/p>\n<p>&nbsp;<\/p>\n<h2>Web de la exposici\u00f3n<\/h2>\n<p><a href=\"https:\/\/www.thebeautifulpeople.net\" target=\"_blank\" rel=\"noopener noreferrer\">www.thebeautifulpeople.net<\/a><\/p>\n<h2><\/h2>\n<h2>Cr\u00e9ditos<\/h2>\n<p>Organiza: Blanc! y el Centre d&#8217;Art Contemporani, La Sala de Vilanova i la Geltr\u00fa<br \/>\nComisariada por: <a href=\"https:\/\/thebeautifulpeople.laurameseguer.com\/\" target=\"_blank\" rel=\"noopener noreferrer\">Eider Corral (Click para leer la entrevista)<\/a><br \/>\nTextos: \u2018El rigor de la alegr\u00eda\u2019. Ensayo de Oscar Guayabero.<br \/>\nFotos: <a href=\"https:\/\/www.instagram.com\/roca.marina\/\" target=\"_blank\" rel=\"noopener noreferrer\">@roca.marina<\/a><\/p>\n<p>&nbsp;<\/p>\n<h2>Centre d\u2019Art Contemporani La Sala<\/h2>\n<p>Carrer de Joaquim Mir, 12,<br \/>\n08800 Vilanova i la Geltr\u00fa, Barcelona<br \/>\n<a href=\"https:\/\/www.lasalavng.cat\/\" target=\"_blank\" rel=\"noopener noreferrer\">www.lasalavng.cat<\/a><\/p>\n","protected":false},"excerpt":{"rendered":"\u00a1REAPERTURA! Del 12 de Marzo al 11 de Abril de 2021. El precioso y preciso trabajo de la dise\u00f1adora de tipos Laura Meseguer se ha transformado en The Beautiful People, una memorable exposici\u00f3n comisariada por Eider Corral, que se podr\u00e1 ver en el Centre d&#8217;Art Contemporani La Sala de Vilanova i la Geltr\u00fa. Blanc! Es&hellip;","protected":false},"author":3,"featured_media":4932,"comment_status":"open","ping_status":"open","sticky":false,"template":"","format":"standard","meta":{"_acf_changed":false,"footnotes":""},"categories":[97,91],"tags":[210,211,212,208,209,399,81],"evento":[],"class_list":["post-4930","post","type-post","status-publish","format-standard","has-post-thumbnail","hentry","category-esdeveniments","category-disseny","tag-laura-messeguer","tag-oscar-guayabero","tag-eider-corral","tag-expo","tag-tipografia","tag-exposicion-ca","tag-diseno-grafico-ca"],"acf":[],"yoast_head":"<!-- This site is optimized with the Yoast SEO plugin v23.7 - https:\/\/yoast.com\/wordpress\/plugins\/seo\/ -->\n<title>Exposici\u00f3n de DISE\u00d1O DE TIPOGRAF\u00cdA de Laura Messeguer<\/title>\n<meta name=\"description\" content=\"The Beauty People es la primera exposici\u00f3n individual de la dise\u00f1adora, Laura Meseguer, una exposici\u00f3n \u201cmonograf\u00edca prospectiva\u201d, que mira hacia el futuro.\" \/>\n<meta name=\"robots\" content=\"index, follow, max-snippet:-1, max-image-preview:large, max-video-preview:-1\" \/>\n<link rel=\"canonical\" href=\"https:\/\/blancfestival.com\/the-beautiful-people-una-exposicion-de-diseno-de-tipografia-por-laura-meseguer\/\" \/>\n<meta property=\"og:locale\" content=\"ca_ES\" \/>\n<meta property=\"og:type\" content=\"article\" \/>\n<meta property=\"og:title\" content=\"Exposici\u00f3n de DISE\u00d1O DE TIPOGRAF\u00cdA de Laura Messeguer\" \/>\n<meta property=\"og:description\" content=\"The Beauty People es la primera exposici\u00f3n individual de la dise\u00f1adora, Laura Meseguer, una exposici\u00f3n \u201cmonograf\u00edca prospectiva\u201d, que mira hacia el futuro.\" \/>\n<meta property=\"og:url\" content=\"https:\/\/blancfestival.com\/the-beautiful-people-una-exposicion-de-diseno-de-tipografia-por-laura-meseguer\/\" \/>\n<meta property=\"og:site_name\" content=\"Blanc!\" \/>\n<meta property=\"article:publisher\" content=\"https:\/\/www.facebook.com\/blanc.festivaldissenygrafic\/\" \/>\n<meta property=\"article:published_time\" content=\"2020-03-10T15:00:56+00:00\" \/>\n<meta property=\"article:modified_time\" content=\"2021-03-10T16:20:01+00:00\" \/>\n<meta property=\"og:image\" content=\"https:\/\/blancfestival.com\/wp-content\/uploads\/2020\/11\/Blanc-Origens_The-Beautiful-People_19-scaled.jpg\" \/>\n\t<meta property=\"og:image:width\" content=\"2560\" \/>\n\t<meta property=\"og:image:height\" content=\"1706\" \/>\n\t<meta property=\"og:image:type\" content=\"image\/jpeg\" \/>\n<meta name=\"author\" content=\"Redacci\u00f3n Blanc!\" \/>\n<meta name=\"twitter:card\" content=\"summary_large_image\" \/>\n<meta name=\"twitter:creator\" content=\"@blancfest\" \/>\n<meta name=\"twitter:site\" content=\"@blancfest\" \/>\n<meta name=\"twitter:label1\" content=\"Written by\" \/>\n\t<meta name=\"twitter:data1\" content=\"Redacci\u00f3n Blanc!\" \/>\n\t<meta name=\"twitter:label2\" content=\"Est. reading time\" \/>\n\t<meta name=\"twitter:data2\" content=\"9 minutes\" \/>\n<script type=\"application\/ld+json\" class=\"yoast-schema-graph\">{\"@context\":\"https:\/\/schema.org\",\"@graph\":[{\"@type\":\"Article\",\"@id\":\"https:\/\/blancfestival.com\/the-beautiful-people-una-exposicion-de-diseno-de-tipografia-por-laura-meseguer\/#article\",\"isPartOf\":{\"@id\":\"https:\/\/blancfestival.com\/the-beautiful-people-una-exposicion-de-diseno-de-tipografia-por-laura-meseguer\/\"},\"author\":{\"name\":\"Redacci\u00f3n Blanc!\",\"@id\":\"https:\/\/blancfestival.com\/#\/schema\/person\/1c1365d1e51e5730cf3f5fadb8670c06\"},\"headline\":\"&#8220;The Beautiful People&#8221;, una exposici\u00f3n de dise\u00f1o de tipograf\u00eda por Laura Meseguer\",\"datePublished\":\"2020-03-10T15:00:56+00:00\",\"dateModified\":\"2021-03-10T16:20:01+00:00\",\"mainEntityOfPage\":{\"@id\":\"https:\/\/blancfestival.com\/the-beautiful-people-una-exposicion-de-diseno-de-tipografia-por-laura-meseguer\/\"},\"wordCount\":1839,\"commentCount\":0,\"publisher\":{\"@id\":\"https:\/\/blancfestival.com\/#organization\"},\"image\":{\"@id\":\"https:\/\/blancfestival.com\/the-beautiful-people-una-exposicion-de-diseno-de-tipografia-por-laura-meseguer\/#primaryimage\"},\"thumbnailUrl\":\"https:\/\/blancfestival.com\/wp-content\/uploads\/2020\/11\/Blanc-Origens_The-Beautiful-People_19-scaled.jpg\",\"keywords\":[\"laura messeguer\",\"oscar guayabero\",\"eider corral\",\"expo\",\"tipograf\u00eda\",\"exposici\u00f3n\",\"dise\u00f1o gr\u00e1fico\"],\"articleSection\":[\"Esdeveniments\",\"Disseny\"],\"inLanguage\":\"ca\",\"potentialAction\":[{\"@type\":\"CommentAction\",\"name\":\"Comment\",\"target\":[\"https:\/\/blancfestival.com\/the-beautiful-people-una-exposicion-de-diseno-de-tipografia-por-laura-meseguer\/#respond\"]}]},{\"@type\":\"WebPage\",\"@id\":\"https:\/\/blancfestival.com\/the-beautiful-people-una-exposicion-de-diseno-de-tipografia-por-laura-meseguer\/\",\"url\":\"https:\/\/blancfestival.com\/the-beautiful-people-una-exposicion-de-diseno-de-tipografia-por-laura-meseguer\/\",\"name\":\"Exposici\u00f3n de DISE\u00d1O DE TIPOGRAF\u00cdA de Laura Messeguer\",\"isPartOf\":{\"@id\":\"https:\/\/blancfestival.com\/#website\"},\"primaryImageOfPage\":{\"@id\":\"https:\/\/blancfestival.com\/the-beautiful-people-una-exposicion-de-diseno-de-tipografia-por-laura-meseguer\/#primaryimage\"},\"image\":{\"@id\":\"https:\/\/blancfestival.com\/the-beautiful-people-una-exposicion-de-diseno-de-tipografia-por-laura-meseguer\/#primaryimage\"},\"thumbnailUrl\":\"https:\/\/blancfestival.com\/wp-content\/uploads\/2020\/11\/Blanc-Origens_The-Beautiful-People_19-scaled.jpg\",\"datePublished\":\"2020-03-10T15:00:56+00:00\",\"dateModified\":\"2021-03-10T16:20:01+00:00\",\"description\":\"The Beauty People es la primera exposici\u00f3n individual de la dise\u00f1adora, Laura Meseguer, una exposici\u00f3n \u201cmonograf\u00edca prospectiva\u201d, que mira hacia el futuro.\",\"breadcrumb\":{\"@id\":\"https:\/\/blancfestival.com\/the-beautiful-people-una-exposicion-de-diseno-de-tipografia-por-laura-meseguer\/#breadcrumb\"},\"inLanguage\":\"ca\",\"potentialAction\":[{\"@type\":\"ReadAction\",\"target\":[\"https:\/\/blancfestival.com\/the-beautiful-people-una-exposicion-de-diseno-de-tipografia-por-laura-meseguer\/\"]}]},{\"@type\":\"ImageObject\",\"inLanguage\":\"ca\",\"@id\":\"https:\/\/blancfestival.com\/the-beautiful-people-una-exposicion-de-diseno-de-tipografia-por-laura-meseguer\/#primaryimage\",\"url\":\"https:\/\/blancfestival.com\/wp-content\/uploads\/2020\/11\/Blanc-Origens_The-Beautiful-People_19-scaled.jpg\",\"contentUrl\":\"https:\/\/blancfestival.com\/wp-content\/uploads\/2020\/11\/Blanc-Origens_The-Beautiful-People_19-scaled.jpg\",\"width\":2560,\"height\":1706},{\"@type\":\"BreadcrumbList\",\"@id\":\"https:\/\/blancfestival.com\/the-beautiful-people-una-exposicion-de-diseno-de-tipografia-por-laura-meseguer\/#breadcrumb\",\"itemListElement\":[{\"@type\":\"ListItem\",\"position\":1,\"name\":\"Portada\",\"item\":\"https:\/\/blancfestival.com\/ca\/\"},{\"@type\":\"ListItem\",\"position\":2,\"name\":\"\u00abThe Beautiful People\u00bb, una exposici\u00f3n de dise\u00f1o de tipograf\u00eda por Laura Meseguer\"}]},{\"@type\":\"WebSite\",\"@id\":\"https:\/\/blancfestival.com\/#website\",\"url\":\"https:\/\/blancfestival.com\/\",\"name\":\"Blanc! Festival\",\"description\":\"Disseny, Creativitat i Innovaci\u00f3\",\"publisher\":{\"@id\":\"https:\/\/blancfestival.com\/#organization\"},\"potentialAction\":[{\"@type\":\"SearchAction\",\"target\":{\"@type\":\"EntryPoint\",\"urlTemplate\":\"https:\/\/blancfestival.com\/?s={search_term_string}\"},\"query-input\":{\"@type\":\"PropertyValueSpecification\",\"valueRequired\":true,\"valueName\":\"search_term_string\"}}],\"inLanguage\":\"ca\"},{\"@type\":\"Organization\",\"@id\":\"https:\/\/blancfestival.com\/#organization\",\"name\":\"Blanc! Festival de Dise\u00f1o, Creatividad e Innovaci\u00f3n\",\"url\":\"https:\/\/blancfestival.com\/\",\"logo\":{\"@type\":\"ImageObject\",\"inLanguage\":\"ca\",\"@id\":\"https:\/\/blancfestival.com\/#\/schema\/logo\/image\/\",\"url\":\"https:\/\/blancfestival.com\/wp-content\/uploads\/2025\/01\/logo_icono_blanc.jpg\",\"contentUrl\":\"https:\/\/blancfestival.com\/wp-content\/uploads\/2025\/01\/logo_icono_blanc.jpg\",\"width\":2000,\"height\":2000,\"caption\":\"Blanc! Festival de Dise\u00f1o, Creatividad e Innovaci\u00f3n\"},\"image\":{\"@id\":\"https:\/\/blancfestival.com\/#\/schema\/logo\/image\/\"},\"sameAs\":[\"https:\/\/www.facebook.com\/blanc.festivaldissenygrafic\/\",\"https:\/\/x.com\/blancfest\",\"https:\/\/www.instagram.com\/blancfest\/\",\"https:\/\/www.linkedin.com\/company\/blanc-festival\",\"https:\/\/www.pinterest.com\/blancfest\/\",\"https:\/\/www.youtube.com\/channel\/UCM-IjxOFb5gQg4yPgmze3Gg\"]},{\"@type\":\"Person\",\"@id\":\"https:\/\/blancfestival.com\/#\/schema\/person\/1c1365d1e51e5730cf3f5fadb8670c06\",\"name\":\"Redacci\u00f3n Blanc!\",\"image\":{\"@type\":\"ImageObject\",\"inLanguage\":\"ca\",\"@id\":\"https:\/\/blancfestival.com\/#\/schema\/person\/image\/\",\"url\":\"https:\/\/blancfestival.com\/wp-content\/uploads\/2020\/02\/ico-120x120.png\",\"contentUrl\":\"https:\/\/blancfestival.com\/wp-content\/uploads\/2020\/02\/ico-120x120.png\",\"caption\":\"Redacci\u00f3n Blanc!\"},\"description\":\"\u201cNo trates de doblar la cuchara. Es imposible. En lugar de hacerlo, solo intenta darte cuenta de la verdad\u2026 No hay cuchara. Entonces, ver\u00e1s que no es la cuchara lo que se dobla, te doblas t\u00fa\u201d\"}]}<\/script>\n<!-- \/ Yoast SEO plugin. -->","yoast_head_json":{"title":"Exposici\u00f3n de DISE\u00d1O DE TIPOGRAF\u00cdA de Laura Messeguer","description":"The Beauty People es la primera exposici\u00f3n individual de la dise\u00f1adora, Laura Meseguer, una exposici\u00f3n \u201cmonograf\u00edca prospectiva\u201d, que mira hacia el futuro.","robots":{"index":"index","follow":"follow","max-snippet":"max-snippet:-1","max-image-preview":"max-image-preview:large","max-video-preview":"max-video-preview:-1"},"canonical":"https:\/\/blancfestival.com\/the-beautiful-people-una-exposicion-de-diseno-de-tipografia-por-laura-meseguer\/","og_locale":"ca_ES","og_type":"article","og_title":"Exposici\u00f3n de DISE\u00d1O DE TIPOGRAF\u00cdA de Laura Messeguer","og_description":"The Beauty People es la primera exposici\u00f3n individual de la dise\u00f1adora, Laura Meseguer, una exposici\u00f3n \u201cmonograf\u00edca prospectiva\u201d, que mira hacia el futuro.","og_url":"https:\/\/blancfestival.com\/the-beautiful-people-una-exposicion-de-diseno-de-tipografia-por-laura-meseguer\/","og_site_name":"Blanc!","article_publisher":"https:\/\/www.facebook.com\/blanc.festivaldissenygrafic\/","article_published_time":"2020-03-10T15:00:56+00:00","article_modified_time":"2021-03-10T16:20:01+00:00","og_image":[{"width":2560,"height":1706,"url":"https:\/\/blancfestival.com\/wp-content\/uploads\/2020\/11\/Blanc-Origens_The-Beautiful-People_19-scaled.jpg","type":"image\/jpeg"}],"author":"Redacci\u00f3n Blanc!","twitter_card":"summary_large_image","twitter_creator":"@blancfest","twitter_site":"@blancfest","twitter_misc":{"Written by":"Redacci\u00f3n Blanc!","Est. reading time":"9 minutes"},"schema":{"@context":"https:\/\/schema.org","@graph":[{"@type":"Article","@id":"https:\/\/blancfestival.com\/the-beautiful-people-una-exposicion-de-diseno-de-tipografia-por-laura-meseguer\/#article","isPartOf":{"@id":"https:\/\/blancfestival.com\/the-beautiful-people-una-exposicion-de-diseno-de-tipografia-por-laura-meseguer\/"},"author":{"name":"Redacci\u00f3n Blanc!","@id":"https:\/\/blancfestival.com\/#\/schema\/person\/1c1365d1e51e5730cf3f5fadb8670c06"},"headline":"&#8220;The Beautiful People&#8221;, una exposici\u00f3n de dise\u00f1o de tipograf\u00eda por Laura Meseguer","datePublished":"2020-03-10T15:00:56+00:00","dateModified":"2021-03-10T16:20:01+00:00","mainEntityOfPage":{"@id":"https:\/\/blancfestival.com\/the-beautiful-people-una-exposicion-de-diseno-de-tipografia-por-laura-meseguer\/"},"wordCount":1839,"commentCount":0,"publisher":{"@id":"https:\/\/blancfestival.com\/#organization"},"image":{"@id":"https:\/\/blancfestival.com\/the-beautiful-people-una-exposicion-de-diseno-de-tipografia-por-laura-meseguer\/#primaryimage"},"thumbnailUrl":"https:\/\/blancfestival.com\/wp-content\/uploads\/2020\/11\/Blanc-Origens_The-Beautiful-People_19-scaled.jpg","keywords":["laura messeguer","oscar guayabero","eider corral","expo","tipograf\u00eda","exposici\u00f3n","dise\u00f1o gr\u00e1fico"],"articleSection":["Esdeveniments","Disseny"],"inLanguage":"ca","potentialAction":[{"@type":"CommentAction","name":"Comment","target":["https:\/\/blancfestival.com\/the-beautiful-people-una-exposicion-de-diseno-de-tipografia-por-laura-meseguer\/#respond"]}]},{"@type":"WebPage","@id":"https:\/\/blancfestival.com\/the-beautiful-people-una-exposicion-de-diseno-de-tipografia-por-laura-meseguer\/","url":"https:\/\/blancfestival.com\/the-beautiful-people-una-exposicion-de-diseno-de-tipografia-por-laura-meseguer\/","name":"Exposici\u00f3n de DISE\u00d1O DE TIPOGRAF\u00cdA de Laura Messeguer","isPartOf":{"@id":"https:\/\/blancfestival.com\/#website"},"primaryImageOfPage":{"@id":"https:\/\/blancfestival.com\/the-beautiful-people-una-exposicion-de-diseno-de-tipografia-por-laura-meseguer\/#primaryimage"},"image":{"@id":"https:\/\/blancfestival.com\/the-beautiful-people-una-exposicion-de-diseno-de-tipografia-por-laura-meseguer\/#primaryimage"},"thumbnailUrl":"https:\/\/blancfestival.com\/wp-content\/uploads\/2020\/11\/Blanc-Origens_The-Beautiful-People_19-scaled.jpg","datePublished":"2020-03-10T15:00:56+00:00","dateModified":"2021-03-10T16:20:01+00:00","description":"The Beauty People es la primera exposici\u00f3n individual de la dise\u00f1adora, Laura Meseguer, una exposici\u00f3n \u201cmonograf\u00edca prospectiva\u201d, que mira hacia el futuro.","breadcrumb":{"@id":"https:\/\/blancfestival.com\/the-beautiful-people-una-exposicion-de-diseno-de-tipografia-por-laura-meseguer\/#breadcrumb"},"inLanguage":"ca","potentialAction":[{"@type":"ReadAction","target":["https:\/\/blancfestival.com\/the-beautiful-people-una-exposicion-de-diseno-de-tipografia-por-laura-meseguer\/"]}]},{"@type":"ImageObject","inLanguage":"ca","@id":"https:\/\/blancfestival.com\/the-beautiful-people-una-exposicion-de-diseno-de-tipografia-por-laura-meseguer\/#primaryimage","url":"https:\/\/blancfestival.com\/wp-content\/uploads\/2020\/11\/Blanc-Origens_The-Beautiful-People_19-scaled.jpg","contentUrl":"https:\/\/blancfestival.com\/wp-content\/uploads\/2020\/11\/Blanc-Origens_The-Beautiful-People_19-scaled.jpg","width":2560,"height":1706},{"@type":"BreadcrumbList","@id":"https:\/\/blancfestival.com\/the-beautiful-people-una-exposicion-de-diseno-de-tipografia-por-laura-meseguer\/#breadcrumb","itemListElement":[{"@type":"ListItem","position":1,"name":"Portada","item":"https:\/\/blancfestival.com\/ca\/"},{"@type":"ListItem","position":2,"name":"\u00abThe Beautiful People\u00bb, una exposici\u00f3n de dise\u00f1o de tipograf\u00eda por Laura Meseguer"}]},{"@type":"WebSite","@id":"https:\/\/blancfestival.com\/#website","url":"https:\/\/blancfestival.com\/","name":"Blanc! Festival","description":"Disseny, Creativitat i Innovaci\u00f3","publisher":{"@id":"https:\/\/blancfestival.com\/#organization"},"potentialAction":[{"@type":"SearchAction","target":{"@type":"EntryPoint","urlTemplate":"https:\/\/blancfestival.com\/?s={search_term_string}"},"query-input":{"@type":"PropertyValueSpecification","valueRequired":true,"valueName":"search_term_string"}}],"inLanguage":"ca"},{"@type":"Organization","@id":"https:\/\/blancfestival.com\/#organization","name":"Blanc! Festival de Dise\u00f1o, Creatividad e Innovaci\u00f3n","url":"https:\/\/blancfestival.com\/","logo":{"@type":"ImageObject","inLanguage":"ca","@id":"https:\/\/blancfestival.com\/#\/schema\/logo\/image\/","url":"https:\/\/blancfestival.com\/wp-content\/uploads\/2025\/01\/logo_icono_blanc.jpg","contentUrl":"https:\/\/blancfestival.com\/wp-content\/uploads\/2025\/01\/logo_icono_blanc.jpg","width":2000,"height":2000,"caption":"Blanc! Festival de Dise\u00f1o, Creatividad e Innovaci\u00f3n"},"image":{"@id":"https:\/\/blancfestival.com\/#\/schema\/logo\/image\/"},"sameAs":["https:\/\/www.facebook.com\/blanc.festivaldissenygrafic\/","https:\/\/x.com\/blancfest","https:\/\/www.instagram.com\/blancfest\/","https:\/\/www.linkedin.com\/company\/blanc-festival","https:\/\/www.pinterest.com\/blancfest\/","https:\/\/www.youtube.com\/channel\/UCM-IjxOFb5gQg4yPgmze3Gg"]},{"@type":"Person","@id":"https:\/\/blancfestival.com\/#\/schema\/person\/1c1365d1e51e5730cf3f5fadb8670c06","name":"Redacci\u00f3n Blanc!","image":{"@type":"ImageObject","inLanguage":"ca","@id":"https:\/\/blancfestival.com\/#\/schema\/person\/image\/","url":"https:\/\/blancfestival.com\/wp-content\/uploads\/2020\/02\/ico-120x120.png","contentUrl":"https:\/\/blancfestival.com\/wp-content\/uploads\/2020\/02\/ico-120x120.png","caption":"Redacci\u00f3n Blanc!"},"description":"\u201cNo trates de doblar la cuchara. Es imposible. En lugar de hacerlo, solo intenta darte cuenta de la verdad\u2026 No hay cuchara. Entonces, ver\u00e1s que no es la cuchara lo que se dobla, te doblas t\u00fa\u201d"}]}},"_links":{"self":[{"href":"https:\/\/blancfestival.com\/ca\/wp-json\/wp\/v2\/posts\/4930","targetHints":{"allow":["GET"]}}],"collection":[{"href":"https:\/\/blancfestival.com\/ca\/wp-json\/wp\/v2\/posts"}],"about":[{"href":"https:\/\/blancfestival.com\/ca\/wp-json\/wp\/v2\/types\/post"}],"author":[{"embeddable":true,"href":"https:\/\/blancfestival.com\/ca\/wp-json\/wp\/v2\/users\/3"}],"replies":[{"embeddable":true,"href":"https:\/\/blancfestival.com\/ca\/wp-json\/wp\/v2\/comments?post=4930"}],"version-history":[{"count":19,"href":"https:\/\/blancfestival.com\/ca\/wp-json\/wp\/v2\/posts\/4930\/revisions"}],"predecessor-version":[{"id":5645,"href":"https:\/\/blancfestival.com\/ca\/wp-json\/wp\/v2\/posts\/4930\/revisions\/5645"}],"wp:featuredmedia":[{"embeddable":true,"href":"https:\/\/blancfestival.com\/ca\/wp-json\/wp\/v2\/media\/4932"}],"wp:attachment":[{"href":"https:\/\/blancfestival.com\/ca\/wp-json\/wp\/v2\/media?parent=4930"}],"wp:term":[{"taxonomy":"category","embeddable":true,"href":"https:\/\/blancfestival.com\/ca\/wp-json\/wp\/v2\/categories?post=4930"},{"taxonomy":"post_tag","embeddable":true,"href":"https:\/\/blancfestival.com\/ca\/wp-json\/wp\/v2\/tags?post=4930"},{"taxonomy":"evento","embeddable":true,"href":"https:\/\/blancfestival.com\/ca\/wp-json\/wp\/v2\/evento?post=4930"}],"curies":[{"name":"wp","href":"https:\/\/api.w.org\/{rel}","templated":true}]}}