{"id":4964,"date":"2020-12-01T00:48:35","date_gmt":"2020-11-30T23:48:35","guid":{"rendered":"https:\/\/blancfestival.com\/?p=4964"},"modified":"2021-01-07T18:06:19","modified_gmt":"2021-01-07T17:06:19","slug":"entrevista-a-eider-corral-comisaria-de-la-exposicion-the-beautiful-people","status":"publish","type":"post","link":"https:\/\/blancfestival.com\/ca\/entrevista-a-eider-corral-comisaria-de-la-exposicion-the-beautiful-people\/","title":{"rendered":"Entrevista a Eider Corral, comisaria de la exposici\u00f3n \u201cThe Beautiful People\u201d"},"content":{"rendered":"<p>Desde hace unos d\u00edas se puede visitar la exposici\u00f3n \u201cThe Beautiful People\u201d de Laura Meseguer en <a href=\"http:\/\/www.lasalavng.cat\/index.php\/exposicions\/2020-2\/thebeautifulpeople\" target=\"_blank\" rel=\"noopener noreferrer\">Centre d\u2019Art Contemporani La Sala de Vilanova i la Geltr\u00fa<\/a> (Barcelona).<\/p>\n<p>\u00a1Hoy! tenemos el placer de compartir esta entrevista que realizamos a la bilba\u00edna Eider Corral, dise\u00f1adora gr\u00e1fica y comisaria de la exposici\u00f3n de <a href=\"https:\/\/blancfestival.com\/diseno\/the-beautiful-people-una-exposicion-de-diseno-de-tipografia-por-laura-meseguer\/\" target=\"_blank\" rel=\"noopener noreferrer\">\u201cThe Beautiful People\u201d<\/a>. <strong>Si Laura Meseguer es el coraz\u00f3n del proyecto expositivo, Eider Corral se convierte en el cerebro de la muestra, un t\u00e1ndem armonioso y perfecto.<\/strong><\/p>\n<p>&nbsp;<\/p>\n<h2>Eider, dentro de tus trabajos encontramos gran cantidad de proyectos enfocados a la cultura. Expl\u00edcanos cu\u00e1les han sido tus pasos para poder dedicarte a dise\u00f1ar y comunicar para la cultura, el sue\u00f1o de cualquier dise\u00f1ador\/a.<\/h2>\n<p>Creo que tiene que ver con que mi manera de llegar al dise\u00f1o fue a trav\u00e9s de la m\u00fasica. Estudiando periodismo en la facultad constru\u00ed una buena colecci\u00f3n de flyers y miscel\u00e1nea gr\u00e1fica vinculada a las escenas de la electr\u00f3nica de finales de los 90. Recog\u00eda papel de manera compulsiva y me fui acercando al dise\u00f1o desde ah\u00ed. Creo que desde el principio he vivido <strong>el dise\u00f1o gr\u00e1fico como una manera de vivir con las escenas que me rodeaban, de infiltrarme en ellas, de generar proyectos con amigos<\/strong> que pertenec\u00edan a muy diversas disciplinas del arte y la creatividad. Con los a\u00f1os eso se ha ido convirtiendo en un posicionamiento, supongo que la gente empieza a identificarte con el tipo de proyectos tuyos que van viendo. No ha sido algo demasiado meditado hasta hace poco, creo que ha ocurrido de manera natural.<\/p>\n<p>&nbsp;<\/p>\n<h2>\u00bfEl dise\u00f1o es cultura?<\/h2>\n<p>Por lo general prefiero huir de las afirmaciones entorno a lo que el dise\u00f1o \u201ces\u201d o \u201cno es\u201d. Yo entiendo el dise\u00f1o como una actividad que va \u00edntimamente ligada a las manifestaciones culturales de cada \u00e9poca. Creo que hoy, como en otros muchos momentos de cambio a lo largo de la historia, el dise\u00f1o es muchas cosas y cubre muchas \u00e1reas. Pero es, sin duda, una manera de mirar, analizar y formalizar el mundo. De organizarlo y relacionarnos con \u00e9l.<\/p>\n<p>&nbsp;<\/p>\n<div id=\"attachment_4969\" style=\"width: 710px\" class=\"wp-caption aligncenter\"><img loading=\"lazy\" decoding=\"async\" aria-describedby=\"caption-attachment-4969\" class=\"wp-image-4969 size-large\" src=\"https:\/\/blancfestival.com\/wp-content\/uploads\/2020\/12\/eider-corral_blanc-blog_01-700x467.png\" alt=\"\" width=\"700\" height=\"467\" srcset=\"https:\/\/blancfestival.com\/wp-content\/uploads\/2020\/12\/eider-corral_blanc-blog_01-700x467.png 700w, https:\/\/blancfestival.com\/wp-content\/uploads\/2020\/12\/eider-corral_blanc-blog_01-250x167.png 250w, https:\/\/blancfestival.com\/wp-content\/uploads\/2020\/12\/eider-corral_blanc-blog_01-768x512.png 768w, https:\/\/blancfestival.com\/wp-content\/uploads\/2020\/12\/eider-corral_blanc-blog_01-1536x1024.png 1536w, https:\/\/blancfestival.com\/wp-content\/uploads\/2020\/12\/eider-corral_blanc-blog_01-120x80.png 120w, https:\/\/blancfestival.com\/wp-content\/uploads\/2020\/12\/eider-corral_blanc-blog_01-272x182.png 272w, https:\/\/blancfestival.com\/wp-content\/uploads\/2020\/12\/eider-corral_blanc-blog_01.png 1920w\" sizes=\"auto, (max-width: 700px) 100vw, 700px\" \/><p id=\"caption-attachment-4969\" class=\"wp-caption-text\">El Columpio Asesino &#8211; Ataque Celeste \/ Cliente: Discos Oso Polita<\/p><\/div>\n<p>&nbsp;<\/p>\n<div id=\"attachment_4975\" style=\"width: 710px\" class=\"wp-caption aligncenter\"><img loading=\"lazy\" decoding=\"async\" aria-describedby=\"caption-attachment-4975\" class=\"wp-image-4975 size-large\" src=\"https:\/\/blancfestival.com\/wp-content\/uploads\/2020\/12\/eider-corral_blanc-blog_05-700x467.jpg\" alt=\"\" width=\"700\" height=\"467\" srcset=\"https:\/\/blancfestival.com\/wp-content\/uploads\/2020\/12\/eider-corral_blanc-blog_05-700x467.jpg 700w, https:\/\/blancfestival.com\/wp-content\/uploads\/2020\/12\/eider-corral_blanc-blog_05-250x167.jpg 250w, https:\/\/blancfestival.com\/wp-content\/uploads\/2020\/12\/eider-corral_blanc-blog_05-768x512.jpg 768w, https:\/\/blancfestival.com\/wp-content\/uploads\/2020\/12\/eider-corral_blanc-blog_05-1536x1024.jpg 1536w, https:\/\/blancfestival.com\/wp-content\/uploads\/2020\/12\/eider-corral_blanc-blog_05-120x80.jpg 120w, https:\/\/blancfestival.com\/wp-content\/uploads\/2020\/12\/eider-corral_blanc-blog_05-272x182.jpg 272w, https:\/\/blancfestival.com\/wp-content\/uploads\/2020\/12\/eider-corral_blanc-blog_05.jpg 1920w\" sizes=\"auto, (max-width: 700px) 100vw, 700px\" \/><p id=\"caption-attachment-4975\" class=\"wp-caption-text\">Zinebi 62 (2020) \/ Cliente: Ayuntamiento de Bilbao<\/p><\/div>\n<p>&nbsp;<\/p>\n<h2>\u00bfQu\u00e9 se siente al comisariar la primera exposici\u00f3n individual de Laura Meseguer? Menuda presi\u00f3n \ud83d\ude42<\/h2>\n<p>Comenzamos a hablar sobre la posibilidad de comisariarla durante el confinamiento, con una cierta sensaci\u00f3n de desconexi\u00f3n del mundo y de irrealidad. Como si fuera una m\u00e1s de las muchas horas que desde que nos conocemos hemos pasado hablando sobre tipograf\u00eda, sobre el dise\u00f1o gr\u00e1fico que vamos descubriendo y que a veces compartimos, sobre nuestro trabajo o sobre el feminismo.<\/p>\n<p>No lo he vivido en absoluto como presi\u00f3n y esa es una de las ideas que est\u00e1n en el coraz\u00f3n de la exposici\u00f3n.<\/p>\n<p>\u00bfSe pueden feminizar las din\u00e1micas y las relaciones de trabajo? \u00bfEsto qu\u00e9 significa? \u00bfC\u00f3mo es el dise\u00f1o feminista? Creo que el feminismo nos ofrece la oportunidad de poner la vida y los cuidados en el centro de lo que hacemos. <strong>Queremos generar entornos m\u00e1s emp\u00e1ticos<\/strong>, lanzar bombas de estr\u00f3geno como las Guerrilla Girls y hacer m\u00e1s habitable esta realidad tan agresiva fruto del capitalismo desbocado y de la hegemon\u00eda patriarcal.<\/p>\n<p>&nbsp;<\/p>\n<h2>Vamos a hablar de \u201cThe Beautiful People\u201d \u00bfCu\u00e1l ha sido el marco conceptual de la exposici\u00f3n?<\/h2>\n<p>La idea era mostrar todo el trabajo en tipograf\u00eda de Laura mientras nos hac\u00edamos preguntas que no son exclusivas de la disciplina. Me atra\u00eda mucho la idea de ser rigurosa con algo tan supuestamente inaccesible como el dise\u00f1o de tipos y, a la vez, hablar de cosas que no son exclusivas del dise\u00f1o.<\/p>\n<p>Creo que el trabajo de Laura est\u00e1 atravesado por algunas de las grandes cuestiones de la sociedad, del arte y, por extensi\u00f3n, del dise\u00f1o actual: c\u00f3mo nos organizamos para hacer las cosas; para qu\u00e9 las hacemos; qu\u00e9 espacio existe para un trabajo, en este caso creativo, no fundamentado exclusivamente en la idea de producir algo o c\u00f3mo nos relacionamos con \u201cel otro\u201d, por poner algunos ejemplos.<\/p>\n<p>Pero, quiz\u00e1, la pregunta m\u00e1s importante a la que quer\u00edamos dar respuesta o sobre la que plantear una hip\u00f3tesis de trabajo ha estado relacionada con <strong>imaginar el feminismo en dise\u00f1o m\u00e1s all\u00e1 de la necesaria visibilizaci\u00f3n de las mujeres en el sector<\/strong>, m\u00e1s all\u00e1 incluso de las ideas de la representaci\u00f3n del cuerpo femenino en la comunicaci\u00f3n visual. Es fant\u00e1stico ver que se est\u00e1n publicando muchos libros reflexionando al respecto y muchos de ellos inciden en la organizaci\u00f3n horizontal de, por ejemplo, los talleres de artes gr\u00e1ficas que en la segunda ola feminista surgieron en Estados Unidos y Europa. Las mujeres hist\u00f3ricamente hemos entendido que si quer\u00edamos alterar el orden establecido ten\u00edamos que juntarnos para trabajar y luchar, y una buena parte de esas formas de actuaci\u00f3n resultan s\u00faper contempor\u00e1neas.<\/p>\n<p>&nbsp;<\/p>\n<div id=\"attachment_4978\" style=\"width: 710px\" class=\"wp-caption aligncenter\"><img loading=\"lazy\" decoding=\"async\" aria-describedby=\"caption-attachment-4978\" class=\"wp-image-4978 size-large\" src=\"https:\/\/blancfestival.com\/wp-content\/uploads\/2020\/12\/eider-corral_blanc-blog_03-700x467.jpg\" alt=\"\" width=\"700\" height=\"467\" srcset=\"https:\/\/blancfestival.com\/wp-content\/uploads\/2020\/12\/eider-corral_blanc-blog_03-700x467.jpg 700w, https:\/\/blancfestival.com\/wp-content\/uploads\/2020\/12\/eider-corral_blanc-blog_03-250x167.jpg 250w, https:\/\/blancfestival.com\/wp-content\/uploads\/2020\/12\/eider-corral_blanc-blog_03-768x512.jpg 768w, https:\/\/blancfestival.com\/wp-content\/uploads\/2020\/12\/eider-corral_blanc-blog_03-1536x1024.jpg 1536w, https:\/\/blancfestival.com\/wp-content\/uploads\/2020\/12\/eider-corral_blanc-blog_03-120x80.jpg 120w, https:\/\/blancfestival.com\/wp-content\/uploads\/2020\/12\/eider-corral_blanc-blog_03-272x182.jpg 272w, https:\/\/blancfestival.com\/wp-content\/uploads\/2020\/12\/eider-corral_blanc-blog_03.jpg 1920w\" sizes=\"auto, (max-width: 700px) 100vw, 700px\" \/><p id=\"caption-attachment-4978\" class=\"wp-caption-text\">Identidad visual LaPublika \/ Cliente: consonni cultura cr\u00edtica<\/p><\/div>\n<div id=\"attachment_4972\" style=\"width: 710px\" class=\"wp-caption aligncenter\"><img loading=\"lazy\" decoding=\"async\" aria-describedby=\"caption-attachment-4972\" class=\"wp-image-4972 size-large\" src=\"https:\/\/blancfestival.com\/wp-content\/uploads\/2020\/12\/eider-corral_blanc-blog_04-700x467.jpg\" alt=\"\" width=\"700\" height=\"467\" srcset=\"https:\/\/blancfestival.com\/wp-content\/uploads\/2020\/12\/eider-corral_blanc-blog_04-700x467.jpg 700w, https:\/\/blancfestival.com\/wp-content\/uploads\/2020\/12\/eider-corral_blanc-blog_04-250x167.jpg 250w, https:\/\/blancfestival.com\/wp-content\/uploads\/2020\/12\/eider-corral_blanc-blog_04-768x512.jpg 768w, https:\/\/blancfestival.com\/wp-content\/uploads\/2020\/12\/eider-corral_blanc-blog_04-1536x1024.jpg 1536w, https:\/\/blancfestival.com\/wp-content\/uploads\/2020\/12\/eider-corral_blanc-blog_04-120x80.jpg 120w, https:\/\/blancfestival.com\/wp-content\/uploads\/2020\/12\/eider-corral_blanc-blog_04-272x182.jpg 272w, https:\/\/blancfestival.com\/wp-content\/uploads\/2020\/12\/eider-corral_blanc-blog_04.jpg 1920w\" sizes=\"auto, (max-width: 700px) 100vw, 700px\" \/><p id=\"caption-attachment-4972\" class=\"wp-caption-text\">S\u00edlvia P\u00e9rez Cruz &#8211; Vestida de nit \/ Cliente: Universal Music Spain<\/p><\/div>\n<p>&nbsp;<\/p>\n<h2>Como comisaria de la exposici\u00f3n has evitado caer en la obviedad de hacer una exposici\u00f3n retrospectiva sobre Laura Meseguer. Expl\u00edcanos esta idea de conceptualizar una exposici\u00f3n hablando de futuro y no del pasado.<\/h2>\n<p>A menudo valoramos el dise\u00f1o desde su perspectiva m\u00e1s formal y tendemos a entender que lo \u00faltimo es siempre lo m\u00e1s moderno. Y en ocasiones lo es, pero la realidad es m\u00e1s compleja y hay que tratar de hacerse las preguntas adecuadas. En este contexto era muy atractiva la reflexi\u00f3n por el hecho de que, en ocasiones, se entiende el trabajo de Laura vinculado a atm\u00f3sferas de tinte retro.<\/p>\n<p>En realidad, la necesidad de huir de la idea de la revisi\u00f3n del pasado era muy intensa para las dos. El plan era cruzar una selecci\u00f3n meditada y transversal de sus trabajos m\u00e1s representativos con los temas e ideas que comentaba anteriormente, y ver qu\u00e9 di\u00e1logos surg\u00edan de ah\u00ed. <strong>Creo que lo que hemos hecho en realidad est\u00e1 bastante alineado con el trabajo de Laura, que puede referenciarse en el pasado sin caer en la nostalgia. Eso, como m\u00ednimo, te ubica en el presente e, idealmente, te lanza al futuro.<\/strong><\/p>\n<p>&nbsp;<\/p>\n<h2>La exposici\u00f3n se divide en dos espacios: Caligraf\u00eda, lettering y dise\u00f1o de tipos y Qandus. \u00bfQu\u00e9 destacar\u00edas de estos dos espacios?<\/h2>\n<p>La primera sala es un extenso recorrido por el corpus de trabajo de Laura que abarca todo el proceso del dise\u00f1o a partir de y con tipograf\u00eda, desde la caligraf\u00eda al lettering, para mostrar despu\u00e9s el dise\u00f1o de tipograf\u00edas y terminar en una dimensi\u00f3n mucho m\u00e1s visual y casi pl\u00e1stica del dise\u00f1o con tipograf\u00eda, vincul\u00e1ndola al taller de artes gr\u00e1ficas y a la producci\u00f3n a trav\u00e9s de fundiciones digitales. Lo tiene pr\u00e1cticamente todo.<\/p>\n<p>La sala Qandus muestra \u00edntegramente el proceso de investigaci\u00f3n, creaci\u00f3n e implementaci\u00f3n del sistema tipogr\u00e1fico Qandus. \u00c9ste es un trabajo que est\u00e1 planteado para satisfacer las necesidades de tres sistemas de escritura diferentes que vinculan tres culturas que lindan pero que no comparten sus signos, est\u00e1 creada en colaboraci\u00f3n y con todos sus participantes viviendo en diferentes ciudades. Hemos querido mostrar todos los aspectos del proceso de dise\u00f1o de una tipograf\u00eda que habitualmente no vemos y creo que eso hace esta sala especialmente interesante.<\/p>\n<p>&nbsp;<\/p>\n<h2>Algo que hayas aprendido al colaborar con Laura.<\/h2>\n<p>Que trabajando es como la imaginas: rigurosa, emp\u00e1tica, generosa y absolutamente entregada.<\/p>\n<p>&nbsp;<\/p>\n<h2>\u00bfQu\u00e9 valores aporta Laura Meseguer al mundo del dise\u00f1o y de la tipograf\u00eda? \u00bfFaltan m\u00e1s Lauras?<\/h2>\n<p><strong>Laura vive a trav\u00e9s de la tipograf\u00eda<\/strong>, la dibuja y la moldea. Viaja con ella y construye un universo de personas que se tejen entorno a las letras. Hacen falta muchas m\u00e1s Lauras, s\u00ed. Todo ser\u00eda mucho menos gris.<\/p>\n<p>&nbsp;<\/p>\n<p><img loading=\"lazy\" decoding=\"async\" width=\"700\" height=\"1050\" class=\"aligncenter size-large wp-image-4984\" src=\"https:\/\/blancfestival.com\/wp-content\/uploads\/2020\/12\/Blanc-Origens_The-Beautiful-People_24-700x1050.jpg\" alt=\"\" srcset=\"https:\/\/blancfestival.com\/wp-content\/uploads\/2020\/12\/Blanc-Origens_The-Beautiful-People_24-700x1050.jpg 700w, https:\/\/blancfestival.com\/wp-content\/uploads\/2020\/12\/Blanc-Origens_The-Beautiful-People_24-250x375.jpg 250w, https:\/\/blancfestival.com\/wp-content\/uploads\/2020\/12\/Blanc-Origens_The-Beautiful-People_24-768x1152.jpg 768w, https:\/\/blancfestival.com\/wp-content\/uploads\/2020\/12\/Blanc-Origens_The-Beautiful-People_24-1024x1536.jpg 1024w, https:\/\/blancfestival.com\/wp-content\/uploads\/2020\/12\/Blanc-Origens_The-Beautiful-People_24-1365x2048.jpg 1365w, https:\/\/blancfestival.com\/wp-content\/uploads\/2020\/12\/Blanc-Origens_The-Beautiful-People_24-120x180.jpg 120w, https:\/\/blancfestival.com\/wp-content\/uploads\/2020\/12\/Blanc-Origens_The-Beautiful-People_24-scaled.jpg 1707w\" sizes=\"auto, (max-width: 700px) 100vw, 700px\" \/><\/p>\n<p><img loading=\"lazy\" decoding=\"async\" width=\"700\" height=\"467\" class=\"aligncenter size-large wp-image-4981\" src=\"https:\/\/blancfestival.com\/wp-content\/uploads\/2020\/12\/Blanc-Origens_The-Beautiful-People_30-700x467.jpg\" alt=\"\" srcset=\"https:\/\/blancfestival.com\/wp-content\/uploads\/2020\/12\/Blanc-Origens_The-Beautiful-People_30-700x467.jpg 700w, https:\/\/blancfestival.com\/wp-content\/uploads\/2020\/12\/Blanc-Origens_The-Beautiful-People_30-250x167.jpg 250w, https:\/\/blancfestival.com\/wp-content\/uploads\/2020\/12\/Blanc-Origens_The-Beautiful-People_30-768x512.jpg 768w, https:\/\/blancfestival.com\/wp-content\/uploads\/2020\/12\/Blanc-Origens_The-Beautiful-People_30-1536x1024.jpg 1536w, https:\/\/blancfestival.com\/wp-content\/uploads\/2020\/12\/Blanc-Origens_The-Beautiful-People_30-2048x1365.jpg 2048w, https:\/\/blancfestival.com\/wp-content\/uploads\/2020\/12\/Blanc-Origens_The-Beautiful-People_30-120x80.jpg 120w, https:\/\/blancfestival.com\/wp-content\/uploads\/2020\/12\/Blanc-Origens_The-Beautiful-People_30-272x182.jpg 272w\" sizes=\"auto, (max-width: 700px) 100vw, 700px\" \/><\/p>\n<p>&nbsp;<\/p>\n<h2>Si te volvieran a encargar la exposici\u00f3n dentro de 40 a\u00f1os \u00bfC\u00f3mo crees que ser\u00eda la muestra?<\/h2>\n<p>Si lo pienso muy r\u00e1pidamente me viene a la cabeza un gabinete de curiosidades a caballo entre el siglo XX y el XXI. Un atlas vital construido a base de im\u00e1genes y objetos. Lleno de gente conversando, tomando t\u00e9 verde y bailando Las Bistecs.<\/p>\n<p>&nbsp;<\/p>\n<h2>Y para acabar, \u00bfCu\u00e1l es tu tipograf\u00eda favorita? \ud83d\ude09<\/h2>\n<p>Me cuesta mucho decantarme por una. Umbra es una tipograf\u00eda display a la que siempre vuelvo y estoy fascinada con los resultados del trabajo con Sisters, unos de los \u00faltimos lanzamientos de Laura y Type-\u00d8-Tones que se puede ver en la exposici\u00f3n.<\/p>\n<p>&nbsp;<\/p>\n<p>&nbsp;<\/p>\n<p><strong>*Fotograf\u00eda de portada: \u00a9 Alex Rademakers<br \/>\n<a href=\"https:\/\/www.thebeautifulpeople.net\" target=\"_blank\" rel=\"noopener noreferrer\">Site de la exposici\u00f3n The Beautiful People de Laura Meseguer<\/a><br \/>\n<\/strong><\/p>\n","protected":false},"excerpt":{"rendered":"Desde hace unos d\u00edas se puede visitar la exposici\u00f3n \u201cThe Beautiful People\u201d de Laura Meseguer en Centre d\u2019Art Contemporani La Sala de Vilanova i la Geltr\u00fa (Barcelona). \u00a1Hoy! tenemos el placer de compartir esta entrevista que realizamos a la bilba\u00edna Eider Corral, dise\u00f1adora gr\u00e1fica y comisaria de la exposici\u00f3n de \u201cThe Beautiful People\u201d. Si Laura&hellip;","protected":false},"author":3,"featured_media":4966,"comment_status":"open","ping_status":"open","sticky":false,"template":"","format":"standard","meta":{"_acf_changed":false,"footnotes":""},"categories":[2,4],"tags":[215,213,214,212,209,29,30],"evento":[],"class_list":["post-4964","post","type-post","status-publish","format-standard","has-post-thumbnail","hentry","category-diseno","category-entrevistas","tag-laura-meseguer","tag-exhibition","tag-type","tag-eider-corral","tag-tipografia","tag-exposicion","tag-diseno-grafico"],"acf":[],"yoast_head":"<!-- This site is optimized with the Yoast SEO plugin v23.7 - https:\/\/yoast.com\/wordpress\/plugins\/seo\/ -->\n<title>Entrevista a Eider Corral, comisaria de la exposici\u00f3n \u201cThe Beautiful People\u201d<\/title>\n<meta name=\"robots\" content=\"index, follow, max-snippet:-1, max-image-preview:large, max-video-preview:-1\" \/>\n<link rel=\"canonical\" href=\"https:\/\/blancfestival.com\/entrevista-a-eider-corral-comisaria-de-la-exposicion-the-beautiful-people\/\" \/>\n<meta property=\"og:locale\" content=\"ca_ES\" \/>\n<meta property=\"og:type\" content=\"article\" \/>\n<meta property=\"og:title\" content=\"Entrevista a Eider Corral, comisaria de la exposici\u00f3n \u201cThe Beautiful People\u201d\" \/>\n<meta property=\"og:description\" content=\"Desde hace unos d\u00edas se puede visitar la exposici\u00f3n \u201cThe Beautiful People\u201d de Laura Meseguer en Centre d\u2019Art Contemporani La Sala de Vilanova i la Geltr\u00fa (Barcelona). \u00a1Hoy! tenemos el placer de compartir esta entrevista que realizamos a la bilba\u00edna Eider Corral, dise\u00f1adora gr\u00e1fica y comisaria de la exposici\u00f3n de \u201cThe Beautiful People\u201d. Si Laura&hellip;\" \/>\n<meta property=\"og:url\" content=\"https:\/\/blancfestival.com\/entrevista-a-eider-corral-comisaria-de-la-exposicion-the-beautiful-people\/\" \/>\n<meta property=\"og:site_name\" content=\"Blanc!\" \/>\n<meta property=\"article:publisher\" content=\"https:\/\/www.facebook.com\/blanc.festivaldissenygrafic\/\" \/>\n<meta property=\"article:published_time\" content=\"2020-11-30T23:48:35+00:00\" \/>\n<meta property=\"article:modified_time\" content=\"2021-01-07T17:06:19+00:00\" \/>\n<meta property=\"og:image\" content=\"https:\/\/blancfestival.com\/wp-content\/uploads\/2020\/12\/eider-corral_\u00a9-alex-rademakersc.jpg\" \/>\n\t<meta property=\"og:image:width\" content=\"1265\" \/>\n\t<meta property=\"og:image:height\" content=\"1265\" \/>\n\t<meta property=\"og:image:type\" content=\"image\/jpeg\" \/>\n<meta name=\"author\" content=\"Redacci\u00f3n Blanc!\" \/>\n<meta name=\"twitter:card\" content=\"summary_large_image\" \/>\n<meta name=\"twitter:creator\" content=\"@blancfest\" \/>\n<meta name=\"twitter:site\" content=\"@blancfest\" \/>\n<meta name=\"twitter:label1\" content=\"Written by\" \/>\n\t<meta name=\"twitter:data1\" content=\"Redacci\u00f3n Blanc!\" \/>\n\t<meta name=\"twitter:label2\" content=\"Est. reading time\" \/>\n\t<meta name=\"twitter:data2\" content=\"8 minutes\" \/>\n<script type=\"application\/ld+json\" class=\"yoast-schema-graph\">{\"@context\":\"https:\/\/schema.org\",\"@graph\":[{\"@type\":\"Article\",\"@id\":\"https:\/\/blancfestival.com\/entrevista-a-eider-corral-comisaria-de-la-exposicion-the-beautiful-people\/#article\",\"isPartOf\":{\"@id\":\"https:\/\/blancfestival.com\/entrevista-a-eider-corral-comisaria-de-la-exposicion-the-beautiful-people\/\"},\"author\":{\"name\":\"Redacci\u00f3n Blanc!\",\"@id\":\"https:\/\/blancfestival.com\/#\/schema\/person\/1c1365d1e51e5730cf3f5fadb8670c06\"},\"headline\":\"Entrevista a Eider Corral, comisaria de la exposici\u00f3n \u201cThe Beautiful People\u201d\",\"datePublished\":\"2020-11-30T23:48:35+00:00\",\"dateModified\":\"2021-01-07T17:06:19+00:00\",\"mainEntityOfPage\":{\"@id\":\"https:\/\/blancfestival.com\/entrevista-a-eider-corral-comisaria-de-la-exposicion-the-beautiful-people\/\"},\"wordCount\":1577,\"commentCount\":0,\"publisher\":{\"@id\":\"https:\/\/blancfestival.com\/#organization\"},\"image\":{\"@id\":\"https:\/\/blancfestival.com\/entrevista-a-eider-corral-comisaria-de-la-exposicion-the-beautiful-people\/#primaryimage\"},\"thumbnailUrl\":\"https:\/\/blancfestival.com\/wp-content\/uploads\/2020\/12\/eider-corral_\u00a9-alex-rademakersc.jpg\",\"keywords\":[\"laura meseguer\",\"exhibition\",\"type\",\"eider corral\",\"tipograf\u00eda\",\"exposici\u00f3n\",\"dise\u00f1o gr\u00e1fico\"],\"articleSection\":[\"Dise\u00f1o\",\"Entrevistas\"],\"inLanguage\":\"ca\",\"potentialAction\":[{\"@type\":\"CommentAction\",\"name\":\"Comment\",\"target\":[\"https:\/\/blancfestival.com\/entrevista-a-eider-corral-comisaria-de-la-exposicion-the-beautiful-people\/#respond\"]}]},{\"@type\":\"WebPage\",\"@id\":\"https:\/\/blancfestival.com\/entrevista-a-eider-corral-comisaria-de-la-exposicion-the-beautiful-people\/\",\"url\":\"https:\/\/blancfestival.com\/entrevista-a-eider-corral-comisaria-de-la-exposicion-the-beautiful-people\/\",\"name\":\"Entrevista a Eider Corral, comisaria de la exposici\u00f3n \u201cThe Beautiful People\u201d\",\"isPartOf\":{\"@id\":\"https:\/\/blancfestival.com\/#website\"},\"primaryImageOfPage\":{\"@id\":\"https:\/\/blancfestival.com\/entrevista-a-eider-corral-comisaria-de-la-exposicion-the-beautiful-people\/#primaryimage\"},\"image\":{\"@id\":\"https:\/\/blancfestival.com\/entrevista-a-eider-corral-comisaria-de-la-exposicion-the-beautiful-people\/#primaryimage\"},\"thumbnailUrl\":\"https:\/\/blancfestival.com\/wp-content\/uploads\/2020\/12\/eider-corral_\u00a9-alex-rademakersc.jpg\",\"datePublished\":\"2020-11-30T23:48:35+00:00\",\"dateModified\":\"2021-01-07T17:06:19+00:00\",\"breadcrumb\":{\"@id\":\"https:\/\/blancfestival.com\/entrevista-a-eider-corral-comisaria-de-la-exposicion-the-beautiful-people\/#breadcrumb\"},\"inLanguage\":\"ca\",\"potentialAction\":[{\"@type\":\"ReadAction\",\"target\":[\"https:\/\/blancfestival.com\/entrevista-a-eider-corral-comisaria-de-la-exposicion-the-beautiful-people\/\"]}]},{\"@type\":\"ImageObject\",\"inLanguage\":\"ca\",\"@id\":\"https:\/\/blancfestival.com\/entrevista-a-eider-corral-comisaria-de-la-exposicion-the-beautiful-people\/#primaryimage\",\"url\":\"https:\/\/blancfestival.com\/wp-content\/uploads\/2020\/12\/eider-corral_\u00a9-alex-rademakersc.jpg\",\"contentUrl\":\"https:\/\/blancfestival.com\/wp-content\/uploads\/2020\/12\/eider-corral_\u00a9-alex-rademakersc.jpg\",\"width\":1265,\"height\":1265},{\"@type\":\"BreadcrumbList\",\"@id\":\"https:\/\/blancfestival.com\/entrevista-a-eider-corral-comisaria-de-la-exposicion-the-beautiful-people\/#breadcrumb\",\"itemListElement\":[{\"@type\":\"ListItem\",\"position\":1,\"name\":\"Portada\",\"item\":\"https:\/\/blancfestival.com\/ca\/\"},{\"@type\":\"ListItem\",\"position\":2,\"name\":\"Entrevista a Eider Corral, comisaria de la exposici\u00f3n \u201cThe Beautiful People\u201d\"}]},{\"@type\":\"WebSite\",\"@id\":\"https:\/\/blancfestival.com\/#website\",\"url\":\"https:\/\/blancfestival.com\/\",\"name\":\"Blanc! Festival\",\"description\":\"Disseny, Creativitat i Innovaci\u00f3\",\"publisher\":{\"@id\":\"https:\/\/blancfestival.com\/#organization\"},\"potentialAction\":[{\"@type\":\"SearchAction\",\"target\":{\"@type\":\"EntryPoint\",\"urlTemplate\":\"https:\/\/blancfestival.com\/?s={search_term_string}\"},\"query-input\":{\"@type\":\"PropertyValueSpecification\",\"valueRequired\":true,\"valueName\":\"search_term_string\"}}],\"inLanguage\":\"ca\"},{\"@type\":\"Organization\",\"@id\":\"https:\/\/blancfestival.com\/#organization\",\"name\":\"Blanc! Festival de Dise\u00f1o, Creatividad e Innovaci\u00f3n\",\"url\":\"https:\/\/blancfestival.com\/\",\"logo\":{\"@type\":\"ImageObject\",\"inLanguage\":\"ca\",\"@id\":\"https:\/\/blancfestival.com\/#\/schema\/logo\/image\/\",\"url\":\"https:\/\/blancfestival.com\/wp-content\/uploads\/2025\/01\/logo_icono_blanc.jpg\",\"contentUrl\":\"https:\/\/blancfestival.com\/wp-content\/uploads\/2025\/01\/logo_icono_blanc.jpg\",\"width\":2000,\"height\":2000,\"caption\":\"Blanc! Festival de Dise\u00f1o, Creatividad e Innovaci\u00f3n\"},\"image\":{\"@id\":\"https:\/\/blancfestival.com\/#\/schema\/logo\/image\/\"},\"sameAs\":[\"https:\/\/www.facebook.com\/blanc.festivaldissenygrafic\/\",\"https:\/\/x.com\/blancfest\",\"https:\/\/www.instagram.com\/blancfest\/\",\"https:\/\/www.linkedin.com\/company\/blanc-festival\",\"https:\/\/www.pinterest.com\/blancfest\/\",\"https:\/\/www.youtube.com\/channel\/UCM-IjxOFb5gQg4yPgmze3Gg\"]},{\"@type\":\"Person\",\"@id\":\"https:\/\/blancfestival.com\/#\/schema\/person\/1c1365d1e51e5730cf3f5fadb8670c06\",\"name\":\"Redacci\u00f3n Blanc!\",\"image\":{\"@type\":\"ImageObject\",\"inLanguage\":\"ca\",\"@id\":\"https:\/\/blancfestival.com\/#\/schema\/person\/image\/\",\"url\":\"https:\/\/blancfestival.com\/wp-content\/uploads\/2020\/02\/ico-120x120.png\",\"contentUrl\":\"https:\/\/blancfestival.com\/wp-content\/uploads\/2020\/02\/ico-120x120.png\",\"caption\":\"Redacci\u00f3n Blanc!\"},\"description\":\"\u201cNo trates de doblar la cuchara. Es imposible. En lugar de hacerlo, solo intenta darte cuenta de la verdad\u2026 No hay cuchara. Entonces, ver\u00e1s que no es la cuchara lo que se dobla, te doblas t\u00fa\u201d\"}]}<\/script>\n<!-- \/ Yoast SEO plugin. -->","yoast_head_json":{"title":"Entrevista a Eider Corral, comisaria de la exposici\u00f3n \u201cThe Beautiful People\u201d","robots":{"index":"index","follow":"follow","max-snippet":"max-snippet:-1","max-image-preview":"max-image-preview:large","max-video-preview":"max-video-preview:-1"},"canonical":"https:\/\/blancfestival.com\/entrevista-a-eider-corral-comisaria-de-la-exposicion-the-beautiful-people\/","og_locale":"ca_ES","og_type":"article","og_title":"Entrevista a Eider Corral, comisaria de la exposici\u00f3n \u201cThe Beautiful People\u201d","og_description":"Desde hace unos d\u00edas se puede visitar la exposici\u00f3n \u201cThe Beautiful People\u201d de Laura Meseguer en Centre d\u2019Art Contemporani La Sala de Vilanova i la Geltr\u00fa (Barcelona). \u00a1Hoy! tenemos el placer de compartir esta entrevista que realizamos a la bilba\u00edna Eider Corral, dise\u00f1adora gr\u00e1fica y comisaria de la exposici\u00f3n de \u201cThe Beautiful People\u201d. Si Laura&hellip;","og_url":"https:\/\/blancfestival.com\/entrevista-a-eider-corral-comisaria-de-la-exposicion-the-beautiful-people\/","og_site_name":"Blanc!","article_publisher":"https:\/\/www.facebook.com\/blanc.festivaldissenygrafic\/","article_published_time":"2020-11-30T23:48:35+00:00","article_modified_time":"2021-01-07T17:06:19+00:00","og_image":[{"width":1265,"height":1265,"url":"https:\/\/blancfestival.com\/wp-content\/uploads\/2020\/12\/eider-corral_\u00a9-alex-rademakersc.jpg","type":"image\/jpeg"}],"author":"Redacci\u00f3n Blanc!","twitter_card":"summary_large_image","twitter_creator":"@blancfest","twitter_site":"@blancfest","twitter_misc":{"Written by":"Redacci\u00f3n Blanc!","Est. reading time":"8 minutes"},"schema":{"@context":"https:\/\/schema.org","@graph":[{"@type":"Article","@id":"https:\/\/blancfestival.com\/entrevista-a-eider-corral-comisaria-de-la-exposicion-the-beautiful-people\/#article","isPartOf":{"@id":"https:\/\/blancfestival.com\/entrevista-a-eider-corral-comisaria-de-la-exposicion-the-beautiful-people\/"},"author":{"name":"Redacci\u00f3n Blanc!","@id":"https:\/\/blancfestival.com\/#\/schema\/person\/1c1365d1e51e5730cf3f5fadb8670c06"},"headline":"Entrevista a Eider Corral, comisaria de la exposici\u00f3n \u201cThe Beautiful People\u201d","datePublished":"2020-11-30T23:48:35+00:00","dateModified":"2021-01-07T17:06:19+00:00","mainEntityOfPage":{"@id":"https:\/\/blancfestival.com\/entrevista-a-eider-corral-comisaria-de-la-exposicion-the-beautiful-people\/"},"wordCount":1577,"commentCount":0,"publisher":{"@id":"https:\/\/blancfestival.com\/#organization"},"image":{"@id":"https:\/\/blancfestival.com\/entrevista-a-eider-corral-comisaria-de-la-exposicion-the-beautiful-people\/#primaryimage"},"thumbnailUrl":"https:\/\/blancfestival.com\/wp-content\/uploads\/2020\/12\/eider-corral_\u00a9-alex-rademakersc.jpg","keywords":["laura meseguer","exhibition","type","eider corral","tipograf\u00eda","exposici\u00f3n","dise\u00f1o gr\u00e1fico"],"articleSection":["Dise\u00f1o","Entrevistas"],"inLanguage":"ca","potentialAction":[{"@type":"CommentAction","name":"Comment","target":["https:\/\/blancfestival.com\/entrevista-a-eider-corral-comisaria-de-la-exposicion-the-beautiful-people\/#respond"]}]},{"@type":"WebPage","@id":"https:\/\/blancfestival.com\/entrevista-a-eider-corral-comisaria-de-la-exposicion-the-beautiful-people\/","url":"https:\/\/blancfestival.com\/entrevista-a-eider-corral-comisaria-de-la-exposicion-the-beautiful-people\/","name":"Entrevista a Eider Corral, comisaria de la exposici\u00f3n \u201cThe Beautiful People\u201d","isPartOf":{"@id":"https:\/\/blancfestival.com\/#website"},"primaryImageOfPage":{"@id":"https:\/\/blancfestival.com\/entrevista-a-eider-corral-comisaria-de-la-exposicion-the-beautiful-people\/#primaryimage"},"image":{"@id":"https:\/\/blancfestival.com\/entrevista-a-eider-corral-comisaria-de-la-exposicion-the-beautiful-people\/#primaryimage"},"thumbnailUrl":"https:\/\/blancfestival.com\/wp-content\/uploads\/2020\/12\/eider-corral_\u00a9-alex-rademakersc.jpg","datePublished":"2020-11-30T23:48:35+00:00","dateModified":"2021-01-07T17:06:19+00:00","breadcrumb":{"@id":"https:\/\/blancfestival.com\/entrevista-a-eider-corral-comisaria-de-la-exposicion-the-beautiful-people\/#breadcrumb"},"inLanguage":"ca","potentialAction":[{"@type":"ReadAction","target":["https:\/\/blancfestival.com\/entrevista-a-eider-corral-comisaria-de-la-exposicion-the-beautiful-people\/"]}]},{"@type":"ImageObject","inLanguage":"ca","@id":"https:\/\/blancfestival.com\/entrevista-a-eider-corral-comisaria-de-la-exposicion-the-beautiful-people\/#primaryimage","url":"https:\/\/blancfestival.com\/wp-content\/uploads\/2020\/12\/eider-corral_\u00a9-alex-rademakersc.jpg","contentUrl":"https:\/\/blancfestival.com\/wp-content\/uploads\/2020\/12\/eider-corral_\u00a9-alex-rademakersc.jpg","width":1265,"height":1265},{"@type":"BreadcrumbList","@id":"https:\/\/blancfestival.com\/entrevista-a-eider-corral-comisaria-de-la-exposicion-the-beautiful-people\/#breadcrumb","itemListElement":[{"@type":"ListItem","position":1,"name":"Portada","item":"https:\/\/blancfestival.com\/ca\/"},{"@type":"ListItem","position":2,"name":"Entrevista a Eider Corral, comisaria de la exposici\u00f3n \u201cThe Beautiful People\u201d"}]},{"@type":"WebSite","@id":"https:\/\/blancfestival.com\/#website","url":"https:\/\/blancfestival.com\/","name":"Blanc! Festival","description":"Disseny, Creativitat i Innovaci\u00f3","publisher":{"@id":"https:\/\/blancfestival.com\/#organization"},"potentialAction":[{"@type":"SearchAction","target":{"@type":"EntryPoint","urlTemplate":"https:\/\/blancfestival.com\/?s={search_term_string}"},"query-input":{"@type":"PropertyValueSpecification","valueRequired":true,"valueName":"search_term_string"}}],"inLanguage":"ca"},{"@type":"Organization","@id":"https:\/\/blancfestival.com\/#organization","name":"Blanc! Festival de Dise\u00f1o, Creatividad e Innovaci\u00f3n","url":"https:\/\/blancfestival.com\/","logo":{"@type":"ImageObject","inLanguage":"ca","@id":"https:\/\/blancfestival.com\/#\/schema\/logo\/image\/","url":"https:\/\/blancfestival.com\/wp-content\/uploads\/2025\/01\/logo_icono_blanc.jpg","contentUrl":"https:\/\/blancfestival.com\/wp-content\/uploads\/2025\/01\/logo_icono_blanc.jpg","width":2000,"height":2000,"caption":"Blanc! Festival de Dise\u00f1o, Creatividad e Innovaci\u00f3n"},"image":{"@id":"https:\/\/blancfestival.com\/#\/schema\/logo\/image\/"},"sameAs":["https:\/\/www.facebook.com\/blanc.festivaldissenygrafic\/","https:\/\/x.com\/blancfest","https:\/\/www.instagram.com\/blancfest\/","https:\/\/www.linkedin.com\/company\/blanc-festival","https:\/\/www.pinterest.com\/blancfest\/","https:\/\/www.youtube.com\/channel\/UCM-IjxOFb5gQg4yPgmze3Gg"]},{"@type":"Person","@id":"https:\/\/blancfestival.com\/#\/schema\/person\/1c1365d1e51e5730cf3f5fadb8670c06","name":"Redacci\u00f3n Blanc!","image":{"@type":"ImageObject","inLanguage":"ca","@id":"https:\/\/blancfestival.com\/#\/schema\/person\/image\/","url":"https:\/\/blancfestival.com\/wp-content\/uploads\/2020\/02\/ico-120x120.png","contentUrl":"https:\/\/blancfestival.com\/wp-content\/uploads\/2020\/02\/ico-120x120.png","caption":"Redacci\u00f3n Blanc!"},"description":"\u201cNo trates de doblar la cuchara. Es imposible. En lugar de hacerlo, solo intenta darte cuenta de la verdad\u2026 No hay cuchara. Entonces, ver\u00e1s que no es la cuchara lo que se dobla, te doblas t\u00fa\u201d"}]}},"_links":{"self":[{"href":"https:\/\/blancfestival.com\/ca\/wp-json\/wp\/v2\/posts\/4964","targetHints":{"allow":["GET"]}}],"collection":[{"href":"https:\/\/blancfestival.com\/ca\/wp-json\/wp\/v2\/posts"}],"about":[{"href":"https:\/\/blancfestival.com\/ca\/wp-json\/wp\/v2\/types\/post"}],"author":[{"embeddable":true,"href":"https:\/\/blancfestival.com\/ca\/wp-json\/wp\/v2\/users\/3"}],"replies":[{"embeddable":true,"href":"https:\/\/blancfestival.com\/ca\/wp-json\/wp\/v2\/comments?post=4964"}],"version-history":[{"count":8,"href":"https:\/\/blancfestival.com\/ca\/wp-json\/wp\/v2\/posts\/4964\/revisions"}],"predecessor-version":[{"id":5172,"href":"https:\/\/blancfestival.com\/ca\/wp-json\/wp\/v2\/posts\/4964\/revisions\/5172"}],"wp:featuredmedia":[{"embeddable":true,"href":"https:\/\/blancfestival.com\/ca\/wp-json\/wp\/v2\/media\/4966"}],"wp:attachment":[{"href":"https:\/\/blancfestival.com\/ca\/wp-json\/wp\/v2\/media?parent=4964"}],"wp:term":[{"taxonomy":"category","embeddable":true,"href":"https:\/\/blancfestival.com\/ca\/wp-json\/wp\/v2\/categories?post=4964"},{"taxonomy":"post_tag","embeddable":true,"href":"https:\/\/blancfestival.com\/ca\/wp-json\/wp\/v2\/tags?post=4964"},{"taxonomy":"evento","embeddable":true,"href":"https:\/\/blancfestival.com\/ca\/wp-json\/wp\/v2\/evento?post=4964"}],"curies":[{"name":"wp","href":"https:\/\/api.w.org\/{rel}","templated":true}]}}