{"id":5014,"date":"2020-12-14T10:33:14","date_gmt":"2020-12-14T09:33:14","guid":{"rendered":"https:\/\/blancfestival.com\/?p=5014"},"modified":"2021-03-10T17:20:52","modified_gmt":"2021-03-10T16:20:52","slug":"pla-narbona","status":"publish","type":"post","link":"https:\/\/blancfestival.com\/ca\/pla-narbona\/","title":{"rendered":"&#8220;Con perseverancia, el futuro siempre ser\u00e1 brillante&#8221;"},"content":{"rendered":"<h2>Josep Pla-Narbona (1928-2020)<\/h2>\n<p>Hoy estamos un poco m\u00e1s solos, Josep Pla-Narbona, uno de los pioneros del dise\u00f1o gr\u00e1fico catal\u00e1n y espa\u00f1ol, ha fallecido a la edad de 92 a\u00f1os.<\/p>\n<p>La figura de Pla-Narbona ser\u00e1 reconocida por uno de los primeras personas que dio forma a nuestra profesi\u00f3n, cuando los dise\u00f1adores gr\u00e1ficos eran meros dibujantes publicitarios al servicio de la publicidad. Quiz\u00e1s por eso, los dise\u00f1adores de entonces tambi\u00e9n fueron grandes artistas, como lo fue el maestro.<\/p>\n<p>Si como dise\u00f1ador se dirig\u00eda a las grandes masas, como artista se volv\u00eda retra\u00eddo y exclusivista, casi como un acto de autocomplacencia, una actividad personal y privada.<br \/>\nPor eso se sabe m\u00e1s de su obra gr\u00e1fica que de su obra art\u00edstica, que salvo en algunas exposiciones, como la que organizamos en el a\u00f1o 2017 en Vilanova i La Geltr\u00fa, es dificil de encontrar.<\/p>\n<p>&nbsp;<\/p>\n<p><img loading=\"lazy\" decoding=\"async\" width=\"700\" height=\"394\" class=\"alignnone size-large wp-image-5020\" src=\"https:\/\/blancfestival.com\/wp-content\/uploads\/2020\/12\/pla-narbona-blanc-2015-700x394.jpg\" alt=\"Pla-Narbona Dise\u00f1o Grafico\" srcset=\"https:\/\/blancfestival.com\/wp-content\/uploads\/2020\/12\/pla-narbona-blanc-2015-700x394.jpg 700w, https:\/\/blancfestival.com\/wp-content\/uploads\/2020\/12\/pla-narbona-blanc-2015-250x141.jpg 250w, https:\/\/blancfestival.com\/wp-content\/uploads\/2020\/12\/pla-narbona-blanc-2015-768x432.jpg 768w, https:\/\/blancfestival.com\/wp-content\/uploads\/2020\/12\/pla-narbona-blanc-2015-120x68.jpg 120w, https:\/\/blancfestival.com\/wp-content\/uploads\/2020\/12\/pla-narbona-blanc-2015.jpg 1080w\" sizes=\"auto, (max-width: 700px) 100vw, 700px\" \/><\/p>\n<p>&nbsp;<\/p>\n<h2>El dise\u00f1o gr\u00e1fico, una profesi\u00f3n que se debe a su legado<\/h2>\n<p>Josep Pla-Narbona form\u00f3 parte del comienzo de una la profesi\u00f3n del <a href=\"https:\/\/blancfestival.com\/blanc-basics\/que-es-y-para-que-sirve-el-diseno-grafico\/\" target=\"_blank\" rel=\"noopener noreferrer\">dise\u00f1o gr\u00e1fico<\/a> tal y como la conocemos hoy en d\u00eda. Contribuy\u00f3 a la fundaci\u00f3n de la primera asociaci\u00f3n profesional del estado, Grafistas Agrupaci\u00f3n FAD (actualmente ADG FAD) de la que fue el primer presidente en el a\u00f1o 1961.<\/p>\n<p>En los a\u00f1os que presidieron a la creaci\u00f3n del FAD, se llevaron muchas acciones que permitieron dar forma a la profesi\u00f3n del dise\u00f1ador gr\u00e1fico. Entre ellas, la creaci\u00f3n de unos premios que reconocen el valor a la creatividad y la calidad en dise\u00f1o gr\u00e1fico, y a la que el propio Pla-Narbona bautiz\u00f3 con el nombre de LAUS en el a\u00f1o 1964.<\/p>\n<p>&nbsp;<\/p>\n<p><img loading=\"lazy\" decoding=\"async\" width=\"700\" height=\"467\" class=\"alignnone size-large wp-image-5023\" src=\"https:\/\/blancfestival.com\/wp-content\/uploads\/2020\/12\/Huguet_homenajePlaNarbonayMir-700x467.jpg\" alt=\"Pla-Narbona - Enric Huguet - Josep Maria Mir\" srcset=\"https:\/\/blancfestival.com\/wp-content\/uploads\/2020\/12\/Huguet_homenajePlaNarbonayMir-700x467.jpg 700w, https:\/\/blancfestival.com\/wp-content\/uploads\/2020\/12\/Huguet_homenajePlaNarbonayMir-250x167.jpg 250w, https:\/\/blancfestival.com\/wp-content\/uploads\/2020\/12\/Huguet_homenajePlaNarbonayMir-768x512.jpg 768w, https:\/\/blancfestival.com\/wp-content\/uploads\/2020\/12\/Huguet_homenajePlaNarbonayMir-1536x1024.jpg 1536w, https:\/\/blancfestival.com\/wp-content\/uploads\/2020\/12\/Huguet_homenajePlaNarbonayMir-120x80.jpg 120w, https:\/\/blancfestival.com\/wp-content\/uploads\/2020\/12\/Huguet_homenajePlaNarbonayMir-272x182.jpg 272w, https:\/\/blancfestival.com\/wp-content\/uploads\/2020\/12\/Huguet_homenajePlaNarbonayMir.jpg 2000w\" sizes=\"auto, (max-width: 700px) 100vw, 700px\" \/><\/p>\n<p>&nbsp;<\/p>\n<h2>Primer miembro del AGI del estado espa\u00f1ol<\/h2>\n<p>En 1964 fue nombrado miembro de la Alliance Graphique Internationale (AGI) y como primer presidente del grupo espa\u00f1ol desde 1964 organiz\u00f3 el primer congreso de AGI en Espa\u00f1a (Barcelona 1971).<\/p>\n<p>Museos tan importantes como el MoMA de Nueva York, el Baltimore Museum of Art de Maryland o el Museo de Arte Moderno de San Francisco tienen obra suya.<\/p>\n<p>En el a\u00f1o 2019, la Generalitat de Catalunya le concedi\u00f3 la <a href=\"https:\/\/ajuntament.barcelona.cat\/museudeldisseny\/es\/noticia\/josep-pla-narbona-reconocido-con-la-creu-de-sant-jordi-2019\" target=\"_blank\" rel=\"noopener noreferrer\">Creu de Sant Jordi<\/a>. Un reconocimiento a aquellas personas que han prestado servicios destacados en Catalunya en la defensa de su identidad. Es el m\u00e1ximo reconocimiento que alguien puede recibir por parte del Govern.<\/p>\n<p>&nbsp;<\/p>\n<h2>El azar y la intuici\u00f3n en la creaci\u00f3n gr\u00e1fica<\/h2>\n<p>Era un dise\u00f1ador y artista altamente intuitivo, y toda su obra gr\u00e1fica y art\u00edstica nacieron de su dominio del dibujo. En el acto creacional sol\u00eda prescindir de la l\u00f3gica para dejarse llevar por la intuici\u00f3n, como un esp\u00edritu sin cuerpo, una forma abstracta del pensamiento, incontaminado, sin la influencia de la realidad m\u00e1s cotidiana.<\/p>\n<p>&nbsp;<\/p>\n<h2>Homenaje en vida<\/h2>\n<p>Ahora tocan los m\u00e1s que merecidos homenajes a un grande del dise\u00f1o gr\u00e1fico, al que la profesi\u00f3n del dise\u00f1o gr\u00e1fico le debe mucho de lo que hoy representa, y de lo que hoy significa.<\/p>\n<p>&nbsp;<\/p>\n<div style=\"width: 640px;\" class=\"wp-video\"><video class=\"wp-video-shortcode\" id=\"video-5014-1\" width=\"640\" height=\"360\" preload=\"metadata\" controls=\"controls\"><source type=\"video\/mp4\" src=\"https:\/\/blancfestival.com\/wp-content\/uploads\/2020\/12\/12123871_543875312428896_1862979303_n.mp4?_=1\" \/><a href=\"https:\/\/blancfestival.com\/wp-content\/uploads\/2020\/12\/12123871_543875312428896_1862979303_n.mp4\">https:\/\/blancfestival.com\/wp-content\/uploads\/2020\/12\/12123871_543875312428896_1862979303_n.mp4<\/a><\/video><\/div>\n<p>&nbsp;<\/p>\n<p>&nbsp;<\/p>\n<p>En el a\u00f1o 2015, en la edici\u00f3n N.7 de Blanc! tuvimos el inmenso placer de tenerlo en el escenario de Blanc!, sentando las bases de lo que hoy es la secci\u00f3n Mestres del Blanc! donde homenajeamos en vida a los profesionales que han dado forma a la profesi\u00f3n del dise\u00f1o gr\u00e1fico tal y como la conocemos hoy en d\u00eda.<\/p>\n<p>Por eso, desde este humilde rinc\u00f3n del sector, solo nos queda darle las gracias&#8230; por su legado y su insistencia en la profesionalizaci\u00f3n del dise\u00f1o gr\u00e1fico en nuestro pa\u00eds.<\/p>\n<p>Y acabamos con una frase suya durante su conferencia en el Blanc!, junto a su hija, Anna Pla-Narbona que resume su pasar por esta profesi\u00f3n:<\/p>\n<p>&nbsp;<\/p>\n<h3 style=\"margin: 0 auto; display: block; text-align: center !important;\"><em>\u201cCon perseverancia, el futuro<br \/>\nsiempre ser\u00e1 brillante\u201d<\/em><\/h3>\n<p>&nbsp;<\/p>\n<h2>Conferencia de Pla-Narbona. Blanc! N.7 (2015)<\/h2>\n<p>&nbsp;<\/p>\n<p><iframe loading=\"lazy\" src=\"https:\/\/www.youtube.com\/embed\/WEwaUwo6WlI\" width=\"680\" height=\"315\" frameborder=\"0\" allowfullscreen=\"allowfullscreen\"><span style=\"display: inline-block; width: 0px; overflow: hidden; line-height: 0;\" data-mce-type=\"bookmark\" class=\"mce_SELRES_start\">\ufeff<\/span><\/iframe><\/p>\n","protected":false},"excerpt":{"rendered":"Josep Pla-Narbona (1928-2020) Hoy estamos un poco m\u00e1s solos, Josep Pla-Narbona, uno de los pioneros del dise\u00f1o gr\u00e1fico catal\u00e1n y espa\u00f1ol, ha fallecido a la edad de 92 a\u00f1os. La figura de Pla-Narbona ser\u00e1 reconocida por uno de los primeras personas que dio forma a nuestra profesi\u00f3n, cuando los dise\u00f1adores gr\u00e1ficos eran meros dibujantes publicitarios&hellip;","protected":false},"author":1,"featured_media":5017,"comment_status":"open","ping_status":"open","sticky":false,"template":"","format":"standard","meta":{"_acf_changed":false,"footnotes":""},"categories":[169,92],"tags":[],"evento":[],"class_list":["post-5014","post","type-post","status-publish","format-standard","has-post-thumbnail","hentry","category-actualidad","category-design"],"acf":[],"yoast_head":"<!-- This site is optimized with the Yoast SEO plugin v23.7 - https:\/\/yoast.com\/wordpress\/plugins\/seo\/ -->\n<title>Pla-Narbona (1928-2020)<\/title>\n<meta name=\"description\" content=\"La figura de Pla-Narbona ser\u00e1 reconocida por uno de los primeras personas que dio forma a la profesi\u00f3n del dise\u00f1o gr\u00e1fico de nuestro pa\u00eds.\" \/>\n<meta name=\"robots\" content=\"index, follow, max-snippet:-1, max-image-preview:large, max-video-preview:-1\" \/>\n<link rel=\"canonical\" href=\"https:\/\/blancfestival.com\/pla-narbona\/\" \/>\n<meta property=\"og:locale\" content=\"ca_ES\" \/>\n<meta property=\"og:type\" content=\"article\" \/>\n<meta property=\"og:title\" content=\"Pla-Narbona (1928-2020)\" \/>\n<meta property=\"og:description\" content=\"La figura de Pla-Narbona ser\u00e1 reconocida por uno de los primeras personas que dio forma a la profesi\u00f3n del dise\u00f1o gr\u00e1fico de nuestro pa\u00eds.\" \/>\n<meta property=\"og:url\" content=\"https:\/\/blancfestival.com\/pla-narbona\/\" \/>\n<meta property=\"og:site_name\" content=\"Blanc!\" \/>\n<meta property=\"article:publisher\" content=\"https:\/\/www.facebook.com\/blanc.festivaldissenygrafic\/\" \/>\n<meta property=\"article:published_time\" content=\"2020-12-14T09:33:14+00:00\" \/>\n<meta property=\"article:modified_time\" content=\"2021-03-10T16:20:52+00:00\" \/>\n<meta property=\"og:image\" content=\"https:\/\/blancfestival.com\/wp-content\/uploads\/2020\/12\/pla-narbona-1928-2020.jpg\" \/>\n\t<meta property=\"og:image:width\" content=\"1976\" \/>\n\t<meta property=\"og:image:height\" content=\"1111\" \/>\n\t<meta property=\"og:image:type\" content=\"image\/jpeg\" \/>\n<meta name=\"author\" content=\"David D&#039;Eboli\" \/>\n<meta name=\"twitter:card\" content=\"summary_large_image\" \/>\n<meta name=\"twitter:creator\" content=\"@blancfest\" \/>\n<meta name=\"twitter:site\" content=\"@blancfest\" \/>\n<meta name=\"twitter:label1\" content=\"Written by\" \/>\n\t<meta name=\"twitter:data1\" content=\"David D&#039;Eboli\" \/>\n\t<meta name=\"twitter:label2\" content=\"Est. reading time\" \/>\n\t<meta name=\"twitter:data2\" content=\"3 minutes\" \/>\n<script type=\"application\/ld+json\" class=\"yoast-schema-graph\">{\"@context\":\"https:\/\/schema.org\",\"@graph\":[{\"@type\":\"Article\",\"@id\":\"https:\/\/blancfestival.com\/pla-narbona\/#article\",\"isPartOf\":{\"@id\":\"https:\/\/blancfestival.com\/pla-narbona\/\"},\"author\":{\"name\":\"David D'Eboli\",\"@id\":\"https:\/\/blancfestival.com\/#\/schema\/person\/ba98f9f2040d99954c0d1218e4580f7d\"},\"headline\":\"&#8220;Con perseverancia, el futuro siempre ser\u00e1 brillante&#8221;\",\"datePublished\":\"2020-12-14T09:33:14+00:00\",\"dateModified\":\"2021-03-10T16:20:52+00:00\",\"mainEntityOfPage\":{\"@id\":\"https:\/\/blancfestival.com\/pla-narbona\/\"},\"wordCount\":692,\"commentCount\":0,\"publisher\":{\"@id\":\"https:\/\/blancfestival.com\/#organization\"},\"image\":{\"@id\":\"https:\/\/blancfestival.com\/pla-narbona\/#primaryimage\"},\"thumbnailUrl\":\"https:\/\/blancfestival.com\/wp-content\/uploads\/2020\/12\/pla-narbona-1928-2020.jpg\",\"articleSection\":[\"Actualidad\",\"Design\"],\"inLanguage\":\"ca\",\"potentialAction\":[{\"@type\":\"CommentAction\",\"name\":\"Comment\",\"target\":[\"https:\/\/blancfestival.com\/pla-narbona\/#respond\"]}]},{\"@type\":\"WebPage\",\"@id\":\"https:\/\/blancfestival.com\/pla-narbona\/\",\"url\":\"https:\/\/blancfestival.com\/pla-narbona\/\",\"name\":\"Pla-Narbona (1928-2020)\",\"isPartOf\":{\"@id\":\"https:\/\/blancfestival.com\/#website\"},\"primaryImageOfPage\":{\"@id\":\"https:\/\/blancfestival.com\/pla-narbona\/#primaryimage\"},\"image\":{\"@id\":\"https:\/\/blancfestival.com\/pla-narbona\/#primaryimage\"},\"thumbnailUrl\":\"https:\/\/blancfestival.com\/wp-content\/uploads\/2020\/12\/pla-narbona-1928-2020.jpg\",\"datePublished\":\"2020-12-14T09:33:14+00:00\",\"dateModified\":\"2021-03-10T16:20:52+00:00\",\"description\":\"La figura de Pla-Narbona ser\u00e1 reconocida por uno de los primeras personas que dio forma a la profesi\u00f3n del dise\u00f1o gr\u00e1fico de nuestro pa\u00eds.\",\"breadcrumb\":{\"@id\":\"https:\/\/blancfestival.com\/pla-narbona\/#breadcrumb\"},\"inLanguage\":\"ca\",\"potentialAction\":[{\"@type\":\"ReadAction\",\"target\":[\"https:\/\/blancfestival.com\/pla-narbona\/\"]}]},{\"@type\":\"ImageObject\",\"inLanguage\":\"ca\",\"@id\":\"https:\/\/blancfestival.com\/pla-narbona\/#primaryimage\",\"url\":\"https:\/\/blancfestival.com\/wp-content\/uploads\/2020\/12\/pla-narbona-1928-2020.jpg\",\"contentUrl\":\"https:\/\/blancfestival.com\/wp-content\/uploads\/2020\/12\/pla-narbona-1928-2020.jpg\",\"width\":1976,\"height\":1111,\"caption\":\"Pla-Narbona artista y dise\u00f1ador gr\u00e1fico\"},{\"@type\":\"BreadcrumbList\",\"@id\":\"https:\/\/blancfestival.com\/pla-narbona\/#breadcrumb\",\"itemListElement\":[{\"@type\":\"ListItem\",\"position\":1,\"name\":\"Portada\",\"item\":\"https:\/\/blancfestival.com\/ca\/\"},{\"@type\":\"ListItem\",\"position\":2,\"name\":\"\u00abCon perseverancia, el futuro siempre ser\u00e1 brillante\u00bb\"}]},{\"@type\":\"WebSite\",\"@id\":\"https:\/\/blancfestival.com\/#website\",\"url\":\"https:\/\/blancfestival.com\/\",\"name\":\"Blanc! Festival\",\"description\":\"Disseny, Creativitat i Innovaci\u00f3\",\"publisher\":{\"@id\":\"https:\/\/blancfestival.com\/#organization\"},\"potentialAction\":[{\"@type\":\"SearchAction\",\"target\":{\"@type\":\"EntryPoint\",\"urlTemplate\":\"https:\/\/blancfestival.com\/?s={search_term_string}\"},\"query-input\":{\"@type\":\"PropertyValueSpecification\",\"valueRequired\":true,\"valueName\":\"search_term_string\"}}],\"inLanguage\":\"ca\"},{\"@type\":\"Organization\",\"@id\":\"https:\/\/blancfestival.com\/#organization\",\"name\":\"Blanc! Festival de Dise\u00f1o, Creatividad e Innovaci\u00f3n\",\"url\":\"https:\/\/blancfestival.com\/\",\"logo\":{\"@type\":\"ImageObject\",\"inLanguage\":\"ca\",\"@id\":\"https:\/\/blancfestival.com\/#\/schema\/logo\/image\/\",\"url\":\"https:\/\/blancfestival.com\/wp-content\/uploads\/2025\/01\/logo_icono_blanc.jpg\",\"contentUrl\":\"https:\/\/blancfestival.com\/wp-content\/uploads\/2025\/01\/logo_icono_blanc.jpg\",\"width\":2000,\"height\":2000,\"caption\":\"Blanc! Festival de Dise\u00f1o, Creatividad e Innovaci\u00f3n\"},\"image\":{\"@id\":\"https:\/\/blancfestival.com\/#\/schema\/logo\/image\/\"},\"sameAs\":[\"https:\/\/www.facebook.com\/blanc.festivaldissenygrafic\/\",\"https:\/\/x.com\/blancfest\",\"https:\/\/www.instagram.com\/blancfest\/\",\"https:\/\/www.linkedin.com\/company\/blanc-festival\",\"https:\/\/www.pinterest.com\/blancfest\/\",\"https:\/\/www.youtube.com\/channel\/UCM-IjxOFb5gQg4yPgmze3Gg\"]},{\"@type\":\"Person\",\"@id\":\"https:\/\/blancfestival.com\/#\/schema\/person\/ba98f9f2040d99954c0d1218e4580f7d\",\"name\":\"David D'Eboli\",\"image\":{\"@type\":\"ImageObject\",\"inLanguage\":\"ca\",\"@id\":\"https:\/\/blancfestival.com\/#\/schema\/person\/image\/\",\"url\":\"https:\/\/blancfestival.com\/wp-content\/uploads\/2020\/01\/avatar-david-120x120.jpg\",\"contentUrl\":\"https:\/\/blancfestival.com\/wp-content\/uploads\/2020\/01\/avatar-david-120x120.jpg\",\"caption\":\"David D'Eboli\"},\"description\":\"Fundador y CEO de Blanc!\"}]}<\/script>\n<!-- \/ Yoast SEO plugin. -->","yoast_head_json":{"title":"Pla-Narbona (1928-2020)","description":"La figura de Pla-Narbona ser\u00e1 reconocida por uno de los primeras personas que dio forma a la profesi\u00f3n del dise\u00f1o gr\u00e1fico de nuestro pa\u00eds.","robots":{"index":"index","follow":"follow","max-snippet":"max-snippet:-1","max-image-preview":"max-image-preview:large","max-video-preview":"max-video-preview:-1"},"canonical":"https:\/\/blancfestival.com\/pla-narbona\/","og_locale":"ca_ES","og_type":"article","og_title":"Pla-Narbona (1928-2020)","og_description":"La figura de Pla-Narbona ser\u00e1 reconocida por uno de los primeras personas que dio forma a la profesi\u00f3n del dise\u00f1o gr\u00e1fico de nuestro pa\u00eds.","og_url":"https:\/\/blancfestival.com\/pla-narbona\/","og_site_name":"Blanc!","article_publisher":"https:\/\/www.facebook.com\/blanc.festivaldissenygrafic\/","article_published_time":"2020-12-14T09:33:14+00:00","article_modified_time":"2021-03-10T16:20:52+00:00","og_image":[{"width":1976,"height":1111,"url":"https:\/\/blancfestival.com\/wp-content\/uploads\/2020\/12\/pla-narbona-1928-2020.jpg","type":"image\/jpeg"}],"author":"David D'Eboli","twitter_card":"summary_large_image","twitter_creator":"@blancfest","twitter_site":"@blancfest","twitter_misc":{"Written by":"David D'Eboli","Est. reading time":"3 minutes"},"schema":{"@context":"https:\/\/schema.org","@graph":[{"@type":"Article","@id":"https:\/\/blancfestival.com\/pla-narbona\/#article","isPartOf":{"@id":"https:\/\/blancfestival.com\/pla-narbona\/"},"author":{"name":"David D'Eboli","@id":"https:\/\/blancfestival.com\/#\/schema\/person\/ba98f9f2040d99954c0d1218e4580f7d"},"headline":"&#8220;Con perseverancia, el futuro siempre ser\u00e1 brillante&#8221;","datePublished":"2020-12-14T09:33:14+00:00","dateModified":"2021-03-10T16:20:52+00:00","mainEntityOfPage":{"@id":"https:\/\/blancfestival.com\/pla-narbona\/"},"wordCount":692,"commentCount":0,"publisher":{"@id":"https:\/\/blancfestival.com\/#organization"},"image":{"@id":"https:\/\/blancfestival.com\/pla-narbona\/#primaryimage"},"thumbnailUrl":"https:\/\/blancfestival.com\/wp-content\/uploads\/2020\/12\/pla-narbona-1928-2020.jpg","articleSection":["Actualidad","Design"],"inLanguage":"ca","potentialAction":[{"@type":"CommentAction","name":"Comment","target":["https:\/\/blancfestival.com\/pla-narbona\/#respond"]}]},{"@type":"WebPage","@id":"https:\/\/blancfestival.com\/pla-narbona\/","url":"https:\/\/blancfestival.com\/pla-narbona\/","name":"Pla-Narbona (1928-2020)","isPartOf":{"@id":"https:\/\/blancfestival.com\/#website"},"primaryImageOfPage":{"@id":"https:\/\/blancfestival.com\/pla-narbona\/#primaryimage"},"image":{"@id":"https:\/\/blancfestival.com\/pla-narbona\/#primaryimage"},"thumbnailUrl":"https:\/\/blancfestival.com\/wp-content\/uploads\/2020\/12\/pla-narbona-1928-2020.jpg","datePublished":"2020-12-14T09:33:14+00:00","dateModified":"2021-03-10T16:20:52+00:00","description":"La figura de Pla-Narbona ser\u00e1 reconocida por uno de los primeras personas que dio forma a la profesi\u00f3n del dise\u00f1o gr\u00e1fico de nuestro pa\u00eds.","breadcrumb":{"@id":"https:\/\/blancfestival.com\/pla-narbona\/#breadcrumb"},"inLanguage":"ca","potentialAction":[{"@type":"ReadAction","target":["https:\/\/blancfestival.com\/pla-narbona\/"]}]},{"@type":"ImageObject","inLanguage":"ca","@id":"https:\/\/blancfestival.com\/pla-narbona\/#primaryimage","url":"https:\/\/blancfestival.com\/wp-content\/uploads\/2020\/12\/pla-narbona-1928-2020.jpg","contentUrl":"https:\/\/blancfestival.com\/wp-content\/uploads\/2020\/12\/pla-narbona-1928-2020.jpg","width":1976,"height":1111,"caption":"Pla-Narbona artista y dise\u00f1ador gr\u00e1fico"},{"@type":"BreadcrumbList","@id":"https:\/\/blancfestival.com\/pla-narbona\/#breadcrumb","itemListElement":[{"@type":"ListItem","position":1,"name":"Portada","item":"https:\/\/blancfestival.com\/ca\/"},{"@type":"ListItem","position":2,"name":"\u00abCon perseverancia, el futuro siempre ser\u00e1 brillante\u00bb"}]},{"@type":"WebSite","@id":"https:\/\/blancfestival.com\/#website","url":"https:\/\/blancfestival.com\/","name":"Blanc! Festival","description":"Disseny, Creativitat i Innovaci\u00f3","publisher":{"@id":"https:\/\/blancfestival.com\/#organization"},"potentialAction":[{"@type":"SearchAction","target":{"@type":"EntryPoint","urlTemplate":"https:\/\/blancfestival.com\/?s={search_term_string}"},"query-input":{"@type":"PropertyValueSpecification","valueRequired":true,"valueName":"search_term_string"}}],"inLanguage":"ca"},{"@type":"Organization","@id":"https:\/\/blancfestival.com\/#organization","name":"Blanc! Festival de Dise\u00f1o, Creatividad e Innovaci\u00f3n","url":"https:\/\/blancfestival.com\/","logo":{"@type":"ImageObject","inLanguage":"ca","@id":"https:\/\/blancfestival.com\/#\/schema\/logo\/image\/","url":"https:\/\/blancfestival.com\/wp-content\/uploads\/2025\/01\/logo_icono_blanc.jpg","contentUrl":"https:\/\/blancfestival.com\/wp-content\/uploads\/2025\/01\/logo_icono_blanc.jpg","width":2000,"height":2000,"caption":"Blanc! Festival de Dise\u00f1o, Creatividad e Innovaci\u00f3n"},"image":{"@id":"https:\/\/blancfestival.com\/#\/schema\/logo\/image\/"},"sameAs":["https:\/\/www.facebook.com\/blanc.festivaldissenygrafic\/","https:\/\/x.com\/blancfest","https:\/\/www.instagram.com\/blancfest\/","https:\/\/www.linkedin.com\/company\/blanc-festival","https:\/\/www.pinterest.com\/blancfest\/","https:\/\/www.youtube.com\/channel\/UCM-IjxOFb5gQg4yPgmze3Gg"]},{"@type":"Person","@id":"https:\/\/blancfestival.com\/#\/schema\/person\/ba98f9f2040d99954c0d1218e4580f7d","name":"David D'Eboli","image":{"@type":"ImageObject","inLanguage":"ca","@id":"https:\/\/blancfestival.com\/#\/schema\/person\/image\/","url":"https:\/\/blancfestival.com\/wp-content\/uploads\/2020\/01\/avatar-david-120x120.jpg","contentUrl":"https:\/\/blancfestival.com\/wp-content\/uploads\/2020\/01\/avatar-david-120x120.jpg","caption":"David D'Eboli"},"description":"Fundador y CEO de Blanc!"}]}},"_links":{"self":[{"href":"https:\/\/blancfestival.com\/ca\/wp-json\/wp\/v2\/posts\/5014","targetHints":{"allow":["GET"]}}],"collection":[{"href":"https:\/\/blancfestival.com\/ca\/wp-json\/wp\/v2\/posts"}],"about":[{"href":"https:\/\/blancfestival.com\/ca\/wp-json\/wp\/v2\/types\/post"}],"author":[{"embeddable":true,"href":"https:\/\/blancfestival.com\/ca\/wp-json\/wp\/v2\/users\/1"}],"replies":[{"embeddable":true,"href":"https:\/\/blancfestival.com\/ca\/wp-json\/wp\/v2\/comments?post=5014"}],"version-history":[{"count":20,"href":"https:\/\/blancfestival.com\/ca\/wp-json\/wp\/v2\/posts\/5014\/revisions"}],"predecessor-version":[{"id":5055,"href":"https:\/\/blancfestival.com\/ca\/wp-json\/wp\/v2\/posts\/5014\/revisions\/5055"}],"wp:featuredmedia":[{"embeddable":true,"href":"https:\/\/blancfestival.com\/ca\/wp-json\/wp\/v2\/media\/5017"}],"wp:attachment":[{"href":"https:\/\/blancfestival.com\/ca\/wp-json\/wp\/v2\/media?parent=5014"}],"wp:term":[{"taxonomy":"category","embeddable":true,"href":"https:\/\/blancfestival.com\/ca\/wp-json\/wp\/v2\/categories?post=5014"},{"taxonomy":"post_tag","embeddable":true,"href":"https:\/\/blancfestival.com\/ca\/wp-json\/wp\/v2\/tags?post=5014"},{"taxonomy":"evento","embeddable":true,"href":"https:\/\/blancfestival.com\/ca\/wp-json\/wp\/v2\/evento?post=5014"}],"curies":[{"name":"wp","href":"https:\/\/api.w.org\/{rel}","templated":true}]}}