{"id":5079,"date":"2020-12-16T10:49:13","date_gmt":"2020-12-16T09:49:13","guid":{"rendered":"https:\/\/blancfestival.com\/?p=5079"},"modified":"2021-01-07T18:05:49","modified_gmt":"2021-01-07T17:05:49","slug":"laura-meseguer-eider-corral","status":"publish","type":"post","link":"https:\/\/blancfestival.com\/ca\/laura-meseguer-eider-corral\/","title":{"rendered":"Conversaciones: Laura Meseguer &#038; Eider Corral"},"content":{"rendered":"<p>A ra\u00edz de la exposici\u00f3n The Beautiful People, desde Blanc! organizamos un encuentro con la dise\u00f1adora de tipograf\u00edas Laura Meseguer y la dise\u00f1adora gr\u00e1fica Eider Corral. Una charla informal, donde hablamos de la expo, pero tambi\u00e9n del proyecto Qandus, del dise\u00f1o de tipos, de dise\u00f1o gr\u00e1fico y hasta de libros que un dise\u00f1ador deber\u00eda leer y que no hablen de dise\u00f1o.<\/p>\n<p>&nbsp;<\/p>\n<p><iframe loading=\"lazy\" src=\"https:\/\/www.youtube.com\/embed\/DrZNnTweI9M\" width=\"680\" height=\"415\" frameborder=\"0\" allowfullscreen=\"allowfullscreen\"><\/iframe><\/p>\n<p>&nbsp;<\/p>\n<p>Laura Meseguer es dise\u00f1adora de tipograf\u00edas. Muchas de ellas las encontrar\u00e1s en su propia fundici\u00f3n, Type-\u00d8-Tones, y otras las ver\u00e1s aplicadas en todo tipo de proyectos culturales o corporativos.<br \/>\nCon m\u00e1s de 20 a\u00f1os de experiencia en el sector, ya ven\u00eda siendo hora de organizar una exposici\u00f3n individual sobre tu trabajo, una monograf\u00eda prospectiva basada en una trayectoria todav\u00eda en pleno crecimiento.<\/p>\n<p>Eider Corral es dise\u00f1adora gr\u00e1fica, especializada en el sector cultural, donde empez\u00f3 de forma autodidacta a trav\u00e9s de la m\u00fasica, dise\u00f1ando portadas de discos. Su trabajo en dise\u00f1o editorial es exquisito y el buen uso de la tipograf\u00eda tiene un papel importante en sus dise\u00f1os.<\/p>\n<p>Entre las dos dise\u00f1aron y formalizaron una de las mejores exposiciones de dise\u00f1o que hemos tenido en el Centre d&#8217;Art Contemporani La Sala, de Vilanova i la Geltr\u00fa. Laura como protagonista de la muestra, y Eider como comisaria de The Beautiful People.<\/p>\n<p>&nbsp;<\/p>\n<h2>V\u00eddeo oficial de la expo<\/h2>\n<p><iframe loading=\"lazy\" src=\"https:\/\/www.youtube.com\/embed\/FmWAim-9pcA\" width=\"680\" height=\"415\" frameborder=\"0\" allowfullscreen=\"allowfullscreen\"><\/iframe><\/p>\n<p>&nbsp;<\/p>\n<h2>Tambi\u00e9n hablamos de libros<\/h2>\n<p>Entre otras cosas, hablamos de libros que Laura y Eider podr\u00edan recomendarnos. &#8220;El primer libro que remondar\u00edas a un dise\u00f1ador, sin que sea un libro de dise\u00f1o&#8221;<\/p>\n<p>Laura Meseguer nos habl\u00f3 de<a href=\"https:\/\/amzn.to\/3npAxQ9\" target=\"_blank\" rel=\"noopener noreferrer\"> Aby Warburg: Atlas Mnemosyne<\/a>, el gran proyecto al que Aby Warburg dedic\u00f3 los \u00faltimos a\u00f1os de su vida y que deb\u00eda resumir y coronar toda su obra. Para ello, recopil\u00f3 unas 2.000 im\u00e1genes articuladas en 60 tablas en un magno atlas que qued\u00f3 sin terminar a su muerte.<\/p>\n<p><a href=\"https:\/\/amzn.to\/3ag7oDl\" target=\"_blank\" rel=\"noopener noreferrer\">Pensar\/Clasificar, Georges Perec<\/a>, es la recomendaci\u00f3n de Eider, un libro de George Perec (adminirado entre otros, por el mismo Cort\u00e1zar) donde el autor surrealista trastoca las convenciones de lo sensible y las jerarqu\u00edas establecidas: &#8220;Con franqueza, \u00bfqu\u00e9 es lo que se me pregunta?, \u00bfsi pienso antes de clasificar?, \u00bfsi clasifico antes de pensar?, \u00bfc\u00f3mo clasifico aquello que pienso?, \u00bfc\u00f3mo pienso cuando quiero clasificar?&#8221;&#8230;<\/p>\n<p>Tambi\u00e9n hablamos de algunos referentes de Laura, como <a href=\"https:\/\/martens-martens.com\/\" target=\"_blank\" rel=\"noopener noreferrer\">Karel Martens, dise\u00f1ador gr\u00e1fico y profesor holand\u00e9s<\/a>.<\/p>\n<p>&nbsp;<\/p>\n<h2>M\u00e1s info sobre la exposici\u00f3n<\/h2>\n<p><a href=\"https:\/\/www.thebeautifulpeople.net\" target=\"_blank\" rel=\"noopener noreferrer\">Web oficial de la exposici\u00f3n &#8220;The Beautiful People&#8221;<\/a><\/p>\n<p><a href=\"http:\/\/www.lasalavng.cat\/index.php\/exposicions\/2020-2\/thebeautifulpeople\" target=\"_blank\" rel=\"noopener noreferrer\">Centre d&#8217;Art Contemporani La Sala de Vilanova i La Geltr\u00fa<\/a><\/p>\n<h2><\/h2>\n<h2>M\u00e1s info sobre las dise\u00f1adoras gr\u00e1ficas<\/h2>\n<p><a href=\"https:\/\/www.laurameseguer.com\" target=\"_blank\" rel=\"noopener noreferrer\">www.laurameseguer.com<\/a><br \/>\n<a href=\"https:\/\/www.eidercorral.com\" target=\"_blank\" rel=\"noopener noreferrer\">www.eidercorral.com<\/a><\/p>\n","protected":false},"excerpt":{"rendered":"A ra\u00edz de la exposici\u00f3n The Beautiful People, desde Blanc! organizamos un encuentro con la dise\u00f1adora de tipograf\u00edas Laura Meseguer y la dise\u00f1adora gr\u00e1fica Eider Corral. Una charla informal, donde hablamos de la expo, pero tambi\u00e9n del proyecto Qandus, del dise\u00f1o de tipos, de dise\u00f1o gr\u00e1fico y hasta de libros que un dise\u00f1ador deber\u00eda leer&hellip;","protected":false},"author":1,"featured_media":5084,"comment_status":"open","ping_status":"open","sticky":false,"template":"","format":"standard","meta":{"_acf_changed":false,"footnotes":""},"categories":[224,2,4],"tags":[],"evento":[],"class_list":["post-5079","post","type-post","status-publish","format-standard","has-post-thumbnail","hentry","category-podcasts","category-diseno","category-entrevistas"],"acf":[],"yoast_head":"<!-- This site is optimized with the Yoast SEO plugin v23.7 - https:\/\/yoast.com\/wordpress\/plugins\/seo\/ -->\n<title>Entrevista con las dise\u00f1adoras gr\u00e1ficas Laura Meseguer y Eider Corral<\/title>\n<meta name=\"description\" content=\"En esta charla en directo, hablamos de dise\u00f1o gr\u00e1fico y de dise\u00f1o de tipograf\u00edas con Laura Meseguer y Eider corral. Tambi\u00e9n del propyecto Qandus y de libros\" \/>\n<meta name=\"robots\" content=\"index, follow, max-snippet:-1, max-image-preview:large, max-video-preview:-1\" \/>\n<link rel=\"canonical\" href=\"https:\/\/blancfestival.com\/en\/laura-meseguer-eider-corral\/\" \/>\n<meta property=\"og:locale\" content=\"ca_ES\" \/>\n<meta property=\"og:type\" content=\"article\" \/>\n<meta property=\"og:title\" content=\"Entrevista con las dise\u00f1adoras gr\u00e1ficas Laura Meseguer y Eider Corral\" \/>\n<meta property=\"og:description\" content=\"En esta charla en directo, hablamos de dise\u00f1o gr\u00e1fico y de dise\u00f1o de tipograf\u00edas con Laura Meseguer y Eider corral. Tambi\u00e9n del propyecto Qandus y de libros\" \/>\n<meta property=\"og:url\" content=\"https:\/\/blancfestival.com\/en\/laura-meseguer-eider-corral\/\" \/>\n<meta property=\"og:site_name\" content=\"Blanc!\" \/>\n<meta property=\"article:publisher\" content=\"https:\/\/www.facebook.com\/blanc.festivaldissenygrafic\/\" \/>\n<meta property=\"article:published_time\" content=\"2020-12-16T09:49:13+00:00\" \/>\n<meta property=\"article:modified_time\" content=\"2021-01-07T17:05:49+00:00\" \/>\n<meta property=\"og:image\" content=\"https:\/\/blancfestival.com\/wp-content\/uploads\/2020\/12\/cabecera-conversaciones.jpg\" \/>\n\t<meta property=\"og:image:width\" content=\"2410\" \/>\n\t<meta property=\"og:image:height\" content=\"1356\" \/>\n\t<meta property=\"og:image:type\" content=\"image\/jpeg\" \/>\n<meta name=\"author\" content=\"David D&#039;Eboli\" \/>\n<meta name=\"twitter:card\" content=\"summary_large_image\" \/>\n<meta name=\"twitter:creator\" content=\"@blancfest\" \/>\n<meta name=\"twitter:site\" content=\"@blancfest\" \/>\n<meta name=\"twitter:label1\" content=\"Written by\" \/>\n\t<meta name=\"twitter:data1\" content=\"David D&#039;Eboli\" \/>\n\t<meta name=\"twitter:label2\" content=\"Est. reading time\" \/>\n\t<meta name=\"twitter:data2\" content=\"2 minutes\" \/>\n<script type=\"application\/ld+json\" class=\"yoast-schema-graph\">{\"@context\":\"https:\/\/schema.org\",\"@graph\":[{\"@type\":\"Article\",\"@id\":\"https:\/\/blancfestival.com\/en\/laura-meseguer-eider-corral\/#article\",\"isPartOf\":{\"@id\":\"https:\/\/blancfestival.com\/en\/laura-meseguer-eider-corral\/\"},\"author\":{\"name\":\"David D'Eboli\",\"@id\":\"https:\/\/blancfestival.com\/#\/schema\/person\/ba98f9f2040d99954c0d1218e4580f7d\"},\"headline\":\"Conversaciones: Laura Meseguer &#038; Eider Corral\",\"datePublished\":\"2020-12-16T09:49:13+00:00\",\"dateModified\":\"2021-01-07T17:05:49+00:00\",\"mainEntityOfPage\":{\"@id\":\"https:\/\/blancfestival.com\/en\/laura-meseguer-eider-corral\/\"},\"wordCount\":481,\"commentCount\":0,\"publisher\":{\"@id\":\"https:\/\/blancfestival.com\/#organization\"},\"image\":{\"@id\":\"https:\/\/blancfestival.com\/en\/laura-meseguer-eider-corral\/#primaryimage\"},\"thumbnailUrl\":\"https:\/\/blancfestival.com\/wp-content\/uploads\/2020\/12\/cabecera-conversaciones.jpg\",\"articleSection\":[\"podcasts\",\"Dise\u00f1o\",\"Entrevistas\"],\"inLanguage\":\"ca\",\"potentialAction\":[{\"@type\":\"CommentAction\",\"name\":\"Comment\",\"target\":[\"https:\/\/blancfestival.com\/en\/laura-meseguer-eider-corral\/#respond\"]}]},{\"@type\":\"WebPage\",\"@id\":\"https:\/\/blancfestival.com\/en\/laura-meseguer-eider-corral\/\",\"url\":\"https:\/\/blancfestival.com\/en\/laura-meseguer-eider-corral\/\",\"name\":\"Entrevista con las dise\u00f1adoras gr\u00e1ficas Laura Meseguer y Eider Corral\",\"isPartOf\":{\"@id\":\"https:\/\/blancfestival.com\/#website\"},\"primaryImageOfPage\":{\"@id\":\"https:\/\/blancfestival.com\/en\/laura-meseguer-eider-corral\/#primaryimage\"},\"image\":{\"@id\":\"https:\/\/blancfestival.com\/en\/laura-meseguer-eider-corral\/#primaryimage\"},\"thumbnailUrl\":\"https:\/\/blancfestival.com\/wp-content\/uploads\/2020\/12\/cabecera-conversaciones.jpg\",\"datePublished\":\"2020-12-16T09:49:13+00:00\",\"dateModified\":\"2021-01-07T17:05:49+00:00\",\"description\":\"En esta charla en directo, hablamos de dise\u00f1o gr\u00e1fico y de dise\u00f1o de tipograf\u00edas con Laura Meseguer y Eider corral. Tambi\u00e9n del propyecto Qandus y de libros\",\"breadcrumb\":{\"@id\":\"https:\/\/blancfestival.com\/en\/laura-meseguer-eider-corral\/#breadcrumb\"},\"inLanguage\":\"ca\",\"potentialAction\":[{\"@type\":\"ReadAction\",\"target\":[\"https:\/\/blancfestival.com\/en\/laura-meseguer-eider-corral\/\"]}]},{\"@type\":\"ImageObject\",\"inLanguage\":\"ca\",\"@id\":\"https:\/\/blancfestival.com\/en\/laura-meseguer-eider-corral\/#primaryimage\",\"url\":\"https:\/\/blancfestival.com\/wp-content\/uploads\/2020\/12\/cabecera-conversaciones.jpg\",\"contentUrl\":\"https:\/\/blancfestival.com\/wp-content\/uploads\/2020\/12\/cabecera-conversaciones.jpg\",\"width\":2410,\"height\":1356},{\"@type\":\"BreadcrumbList\",\"@id\":\"https:\/\/blancfestival.com\/en\/laura-meseguer-eider-corral\/#breadcrumb\",\"itemListElement\":[{\"@type\":\"ListItem\",\"position\":1,\"name\":\"Portada\",\"item\":\"https:\/\/blancfestival.com\/ca\/\"},{\"@type\":\"ListItem\",\"position\":2,\"name\":\"Conversaciones: Laura Meseguer &#038; Eider Corral\"}]},{\"@type\":\"WebSite\",\"@id\":\"https:\/\/blancfestival.com\/#website\",\"url\":\"https:\/\/blancfestival.com\/\",\"name\":\"Blanc! Festival\",\"description\":\"Disseny, Creativitat i Innovaci\u00f3\",\"publisher\":{\"@id\":\"https:\/\/blancfestival.com\/#organization\"},\"potentialAction\":[{\"@type\":\"SearchAction\",\"target\":{\"@type\":\"EntryPoint\",\"urlTemplate\":\"https:\/\/blancfestival.com\/?s={search_term_string}\"},\"query-input\":{\"@type\":\"PropertyValueSpecification\",\"valueRequired\":true,\"valueName\":\"search_term_string\"}}],\"inLanguage\":\"ca\"},{\"@type\":\"Organization\",\"@id\":\"https:\/\/blancfestival.com\/#organization\",\"name\":\"Blanc! Festival de Dise\u00f1o, Creatividad e Innovaci\u00f3n\",\"url\":\"https:\/\/blancfestival.com\/\",\"logo\":{\"@type\":\"ImageObject\",\"inLanguage\":\"ca\",\"@id\":\"https:\/\/blancfestival.com\/#\/schema\/logo\/image\/\",\"url\":\"https:\/\/blancfestival.com\/wp-content\/uploads\/2025\/01\/logo_icono_blanc.jpg\",\"contentUrl\":\"https:\/\/blancfestival.com\/wp-content\/uploads\/2025\/01\/logo_icono_blanc.jpg\",\"width\":2000,\"height\":2000,\"caption\":\"Blanc! Festival de Dise\u00f1o, Creatividad e Innovaci\u00f3n\"},\"image\":{\"@id\":\"https:\/\/blancfestival.com\/#\/schema\/logo\/image\/\"},\"sameAs\":[\"https:\/\/www.facebook.com\/blanc.festivaldissenygrafic\/\",\"https:\/\/x.com\/blancfest\",\"https:\/\/www.instagram.com\/blancfest\/\",\"https:\/\/www.linkedin.com\/company\/blanc-festival\",\"https:\/\/www.pinterest.com\/blancfest\/\",\"https:\/\/www.youtube.com\/channel\/UCM-IjxOFb5gQg4yPgmze3Gg\"]},{\"@type\":\"Person\",\"@id\":\"https:\/\/blancfestival.com\/#\/schema\/person\/ba98f9f2040d99954c0d1218e4580f7d\",\"name\":\"David D'Eboli\",\"image\":{\"@type\":\"ImageObject\",\"inLanguage\":\"ca\",\"@id\":\"https:\/\/blancfestival.com\/#\/schema\/person\/image\/\",\"url\":\"https:\/\/blancfestival.com\/wp-content\/uploads\/2020\/01\/avatar-david-120x120.jpg\",\"contentUrl\":\"https:\/\/blancfestival.com\/wp-content\/uploads\/2020\/01\/avatar-david-120x120.jpg\",\"caption\":\"David D'Eboli\"},\"description\":\"Fundador y CEO de Blanc!\"}]}<\/script>\n<!-- \/ Yoast SEO plugin. -->","yoast_head_json":{"title":"Entrevista con las dise\u00f1adoras gr\u00e1ficas Laura Meseguer y Eider Corral","description":"En esta charla en directo, hablamos de dise\u00f1o gr\u00e1fico y de dise\u00f1o de tipograf\u00edas con Laura Meseguer y Eider corral. Tambi\u00e9n del propyecto Qandus y de libros","robots":{"index":"index","follow":"follow","max-snippet":"max-snippet:-1","max-image-preview":"max-image-preview:large","max-video-preview":"max-video-preview:-1"},"canonical":"https:\/\/blancfestival.com\/en\/laura-meseguer-eider-corral\/","og_locale":"ca_ES","og_type":"article","og_title":"Entrevista con las dise\u00f1adoras gr\u00e1ficas Laura Meseguer y Eider Corral","og_description":"En esta charla en directo, hablamos de dise\u00f1o gr\u00e1fico y de dise\u00f1o de tipograf\u00edas con Laura Meseguer y Eider corral. Tambi\u00e9n del propyecto Qandus y de libros","og_url":"https:\/\/blancfestival.com\/en\/laura-meseguer-eider-corral\/","og_site_name":"Blanc!","article_publisher":"https:\/\/www.facebook.com\/blanc.festivaldissenygrafic\/","article_published_time":"2020-12-16T09:49:13+00:00","article_modified_time":"2021-01-07T17:05:49+00:00","og_image":[{"width":2410,"height":1356,"url":"https:\/\/blancfestival.com\/wp-content\/uploads\/2020\/12\/cabecera-conversaciones.jpg","type":"image\/jpeg"}],"author":"David D'Eboli","twitter_card":"summary_large_image","twitter_creator":"@blancfest","twitter_site":"@blancfest","twitter_misc":{"Written by":"David D'Eboli","Est. reading time":"2 minutes"},"schema":{"@context":"https:\/\/schema.org","@graph":[{"@type":"Article","@id":"https:\/\/blancfestival.com\/en\/laura-meseguer-eider-corral\/#article","isPartOf":{"@id":"https:\/\/blancfestival.com\/en\/laura-meseguer-eider-corral\/"},"author":{"name":"David D'Eboli","@id":"https:\/\/blancfestival.com\/#\/schema\/person\/ba98f9f2040d99954c0d1218e4580f7d"},"headline":"Conversaciones: Laura Meseguer &#038; Eider Corral","datePublished":"2020-12-16T09:49:13+00:00","dateModified":"2021-01-07T17:05:49+00:00","mainEntityOfPage":{"@id":"https:\/\/blancfestival.com\/en\/laura-meseguer-eider-corral\/"},"wordCount":481,"commentCount":0,"publisher":{"@id":"https:\/\/blancfestival.com\/#organization"},"image":{"@id":"https:\/\/blancfestival.com\/en\/laura-meseguer-eider-corral\/#primaryimage"},"thumbnailUrl":"https:\/\/blancfestival.com\/wp-content\/uploads\/2020\/12\/cabecera-conversaciones.jpg","articleSection":["podcasts","Dise\u00f1o","Entrevistas"],"inLanguage":"ca","potentialAction":[{"@type":"CommentAction","name":"Comment","target":["https:\/\/blancfestival.com\/en\/laura-meseguer-eider-corral\/#respond"]}]},{"@type":"WebPage","@id":"https:\/\/blancfestival.com\/en\/laura-meseguer-eider-corral\/","url":"https:\/\/blancfestival.com\/en\/laura-meseguer-eider-corral\/","name":"Entrevista con las dise\u00f1adoras gr\u00e1ficas Laura Meseguer y Eider Corral","isPartOf":{"@id":"https:\/\/blancfestival.com\/#website"},"primaryImageOfPage":{"@id":"https:\/\/blancfestival.com\/en\/laura-meseguer-eider-corral\/#primaryimage"},"image":{"@id":"https:\/\/blancfestival.com\/en\/laura-meseguer-eider-corral\/#primaryimage"},"thumbnailUrl":"https:\/\/blancfestival.com\/wp-content\/uploads\/2020\/12\/cabecera-conversaciones.jpg","datePublished":"2020-12-16T09:49:13+00:00","dateModified":"2021-01-07T17:05:49+00:00","description":"En esta charla en directo, hablamos de dise\u00f1o gr\u00e1fico y de dise\u00f1o de tipograf\u00edas con Laura Meseguer y Eider corral. Tambi\u00e9n del propyecto Qandus y de libros","breadcrumb":{"@id":"https:\/\/blancfestival.com\/en\/laura-meseguer-eider-corral\/#breadcrumb"},"inLanguage":"ca","potentialAction":[{"@type":"ReadAction","target":["https:\/\/blancfestival.com\/en\/laura-meseguer-eider-corral\/"]}]},{"@type":"ImageObject","inLanguage":"ca","@id":"https:\/\/blancfestival.com\/en\/laura-meseguer-eider-corral\/#primaryimage","url":"https:\/\/blancfestival.com\/wp-content\/uploads\/2020\/12\/cabecera-conversaciones.jpg","contentUrl":"https:\/\/blancfestival.com\/wp-content\/uploads\/2020\/12\/cabecera-conversaciones.jpg","width":2410,"height":1356},{"@type":"BreadcrumbList","@id":"https:\/\/blancfestival.com\/en\/laura-meseguer-eider-corral\/#breadcrumb","itemListElement":[{"@type":"ListItem","position":1,"name":"Portada","item":"https:\/\/blancfestival.com\/ca\/"},{"@type":"ListItem","position":2,"name":"Conversaciones: Laura Meseguer &#038; Eider Corral"}]},{"@type":"WebSite","@id":"https:\/\/blancfestival.com\/#website","url":"https:\/\/blancfestival.com\/","name":"Blanc! Festival","description":"Disseny, Creativitat i Innovaci\u00f3","publisher":{"@id":"https:\/\/blancfestival.com\/#organization"},"potentialAction":[{"@type":"SearchAction","target":{"@type":"EntryPoint","urlTemplate":"https:\/\/blancfestival.com\/?s={search_term_string}"},"query-input":{"@type":"PropertyValueSpecification","valueRequired":true,"valueName":"search_term_string"}}],"inLanguage":"ca"},{"@type":"Organization","@id":"https:\/\/blancfestival.com\/#organization","name":"Blanc! Festival de Dise\u00f1o, Creatividad e Innovaci\u00f3n","url":"https:\/\/blancfestival.com\/","logo":{"@type":"ImageObject","inLanguage":"ca","@id":"https:\/\/blancfestival.com\/#\/schema\/logo\/image\/","url":"https:\/\/blancfestival.com\/wp-content\/uploads\/2025\/01\/logo_icono_blanc.jpg","contentUrl":"https:\/\/blancfestival.com\/wp-content\/uploads\/2025\/01\/logo_icono_blanc.jpg","width":2000,"height":2000,"caption":"Blanc! Festival de Dise\u00f1o, Creatividad e Innovaci\u00f3n"},"image":{"@id":"https:\/\/blancfestival.com\/#\/schema\/logo\/image\/"},"sameAs":["https:\/\/www.facebook.com\/blanc.festivaldissenygrafic\/","https:\/\/x.com\/blancfest","https:\/\/www.instagram.com\/blancfest\/","https:\/\/www.linkedin.com\/company\/blanc-festival","https:\/\/www.pinterest.com\/blancfest\/","https:\/\/www.youtube.com\/channel\/UCM-IjxOFb5gQg4yPgmze3Gg"]},{"@type":"Person","@id":"https:\/\/blancfestival.com\/#\/schema\/person\/ba98f9f2040d99954c0d1218e4580f7d","name":"David D'Eboli","image":{"@type":"ImageObject","inLanguage":"ca","@id":"https:\/\/blancfestival.com\/#\/schema\/person\/image\/","url":"https:\/\/blancfestival.com\/wp-content\/uploads\/2020\/01\/avatar-david-120x120.jpg","contentUrl":"https:\/\/blancfestival.com\/wp-content\/uploads\/2020\/01\/avatar-david-120x120.jpg","caption":"David D'Eboli"},"description":"Fundador y CEO de Blanc!"}]}},"_links":{"self":[{"href":"https:\/\/blancfestival.com\/ca\/wp-json\/wp\/v2\/posts\/5079","targetHints":{"allow":["GET"]}}],"collection":[{"href":"https:\/\/blancfestival.com\/ca\/wp-json\/wp\/v2\/posts"}],"about":[{"href":"https:\/\/blancfestival.com\/ca\/wp-json\/wp\/v2\/types\/post"}],"author":[{"embeddable":true,"href":"https:\/\/blancfestival.com\/ca\/wp-json\/wp\/v2\/users\/1"}],"replies":[{"embeddable":true,"href":"https:\/\/blancfestival.com\/ca\/wp-json\/wp\/v2\/comments?post=5079"}],"version-history":[{"count":9,"href":"https:\/\/blancfestival.com\/ca\/wp-json\/wp\/v2\/posts\/5079\/revisions"}],"predecessor-version":[{"id":5171,"href":"https:\/\/blancfestival.com\/ca\/wp-json\/wp\/v2\/posts\/5079\/revisions\/5171"}],"wp:featuredmedia":[{"embeddable":true,"href":"https:\/\/blancfestival.com\/ca\/wp-json\/wp\/v2\/media\/5084"}],"wp:attachment":[{"href":"https:\/\/blancfestival.com\/ca\/wp-json\/wp\/v2\/media?parent=5079"}],"wp:term":[{"taxonomy":"category","embeddable":true,"href":"https:\/\/blancfestival.com\/ca\/wp-json\/wp\/v2\/categories?post=5079"},{"taxonomy":"post_tag","embeddable":true,"href":"https:\/\/blancfestival.com\/ca\/wp-json\/wp\/v2\/tags?post=5079"},{"taxonomy":"evento","embeddable":true,"href":"https:\/\/blancfestival.com\/ca\/wp-json\/wp\/v2\/evento?post=5079"}],"curies":[{"name":"wp","href":"https:\/\/api.w.org\/{rel}","templated":true}]}}