{"id":5098,"date":"2020-12-18T18:16:29","date_gmt":"2020-12-18T17:16:29","guid":{"rendered":"https:\/\/blancfestival.com\/?p=5098"},"modified":"2021-03-10T17:21:16","modified_gmt":"2021-03-10T16:21:16","slug":"identidad-visual-aplicada-al-espacio-el-caso-de-lci-barcelona","status":"publish","type":"post","link":"https:\/\/blancfestival.com\/ca\/identidad-visual-aplicada-al-espacio-el-caso-de-lci-barcelona\/","title":{"rendered":"Identidad visual aplicada al espacio: el caso de LCI Barcelona"},"content":{"rendered":"<p>El <strong>proyecto de se\u00f1al\u00e9tica<\/strong> de <a href=\"https:\/\/www.lcibarcelona.com\/\" target=\"_blank\" rel=\"noopener noreferrer\">LCI Barcelona<\/a> parte de una estrategia y nace con la voluntad de <strong>posicionar la marca en la ciudad de Barcelona<\/strong>, dentro del contexto global de LCI Education y su red de escuelas. Por un lado, recoge la necesidad de transmitir la imagen s\u00f3lida y corporativa de la instituci\u00f3n a nivel internacional y, por otro, la capa m\u00e1s visible, la conexi\u00f3n con la escena local, con una cultura creativa arraigada y basada en el dise\u00f1o, en todas sus disciplinas: moda, industrial, <a href=\"https:\/\/blancfestival.com\/videos\/jofre-sanfeliu-ainhoa-nagore\/\" target=\"_blank\" rel=\"noopener noreferrer\">gr\u00e1fico<\/a>, videojuego, interiores, etc.<\/p>\n<p><strong>Se sobreponen dos mundos aparentemente opuestos<\/strong>. Conviven dos realidades que a primera vista no deber\u00edan relacionarse, pero que a nivel profesional y de la formaci\u00f3n educativa, se complementan y sirven de argumentos para la comunicaci\u00f3n de la escuela con sus estudiantes, actuales y potenciales.<\/p>\n<p>&nbsp;<\/p>\n<h2>Tape Art hecho se\u00f1al\u00e9tica<\/h2>\n<p>El &#8220;wayfinding&#8221; desarrollado con &#8220;Tape Art&#8221; propone un di\u00e1logo directo, sin atajos, radical, que no pasa desapercibido. Las cintas <strong>gu\u00edan a los estudiantes por los pasillos, divididos en disciplinas y asignaturas, y conducen a una colorida explosi\u00f3n en el patio central<\/strong> con una instalaci\u00f3n art\u00edstica justo en el punto de encuentro de los alumnos en sus momentos m\u00e1s relajados, fuera de las aulas. El espacio central, con luz natural y plantas, se transforma en epicentro creativo y punto de uni\u00f3n de todas las disciplinas. Esta es la plaza donde se celebra el \u201cmelting pot\u201d cultural y creativo, que est\u00e1 en el ADN de LCI Barcelona, y que tiene el arrebato de colores como fondo que enmarca el espacio y las personas.<\/p>\n<p><img loading=\"lazy\" decoding=\"async\" width=\"599\" height=\"900\" class=\"aligncenter size-full wp-image-5102\" src=\"https:\/\/blancfestival.com\/wp-content\/uploads\/2020\/12\/LCI_CircularStudio_067.jpg\" alt=\"\" srcset=\"https:\/\/blancfestival.com\/wp-content\/uploads\/2020\/12\/LCI_CircularStudio_067.jpg 599w, https:\/\/blancfestival.com\/wp-content\/uploads\/2020\/12\/LCI_CircularStudio_067-250x376.jpg 250w, https:\/\/blancfestival.com\/wp-content\/uploads\/2020\/12\/LCI_CircularStudio_067-120x180.jpg 120w\" sizes=\"auto, (max-width: 599px) 100vw, 599px\" \/><\/p>\n<p><img loading=\"lazy\" decoding=\"async\" width=\"700\" height=\"466\" class=\"aligncenter size-large wp-image-5105\" src=\"https:\/\/blancfestival.com\/wp-content\/uploads\/2020\/12\/LCI_CircularStudio_077-700x466.jpg\" alt=\"\" srcset=\"https:\/\/blancfestival.com\/wp-content\/uploads\/2020\/12\/LCI_CircularStudio_077-700x466.jpg 700w, https:\/\/blancfestival.com\/wp-content\/uploads\/2020\/12\/LCI_CircularStudio_077-250x166.jpg 250w, https:\/\/blancfestival.com\/wp-content\/uploads\/2020\/12\/LCI_CircularStudio_077-768x511.jpg 768w, https:\/\/blancfestival.com\/wp-content\/uploads\/2020\/12\/LCI_CircularStudio_077-120x80.jpg 120w, https:\/\/blancfestival.com\/wp-content\/uploads\/2020\/12\/LCI_CircularStudio_077-272x182.jpg 272w, https:\/\/blancfestival.com\/wp-content\/uploads\/2020\/12\/LCI_CircularStudio_077.jpg 900w\" sizes=\"auto, (max-width: 700px) 100vw, 700px\" \/><\/p>\n<p>&nbsp;<\/p>\n<h2>Dos sistemas gr\u00e1ficos superpuestos<\/h2>\n<p>La identidad gr\u00e1fica y visual sobre la cual se aplica el \u201c<a href=\"https:\/\/en.wikipedia.org\/wiki\/Tape_art\" target=\"_blank\" rel=\"noopener noreferrer\">Tape Art<\/a>\u201d es sobria, cl\u00e1sica y bien ordenada. Informa sin excesos o florituras. Simboliza la instituci\u00f3n y su recorrido internacional, desde su Canad\u00e1 original donde fue fundada en 1959. LCI Education es una red de 23 campus presente en 5 continentes. <strong>La llegada del grupo a Barcelona supuso la entrada de \u00e9ste en Europa<\/strong> y la primera filial en la regi\u00f3n con perfil orientado a las industrias creativas y de innovaci\u00f3n. LCI Barcelona es la puerta de entrada de la red a nuestro continente, a trav\u00e9s de una de las capitales mundiales del dise\u00f1o y referencia por su energ\u00eda creativa y su ecosistema de empresas innovadoras.<\/p>\n<p>Se trata de un proyecto coral, desarrollado entre los equipos de la agencia Soon in Tokyo, los arquitectos de Circular Studio y el equipo de direcci\u00f3n y comunicaci\u00f3n de LCI Barcelona. <strong>Las sinergias entre especialidades, entre el dise\u00f1o gr\u00e1fico y el espacio son evidentes.<\/strong> La elegancia y sobriedad del proyecto arquitect\u00f3nico, de los detalles del interiorismo, enfrentados con los colores y frescura de las intervenciones de &#8220;Tape Art&#8221; (una colaboraci\u00f3n con Juan Cris), llevan a cabo, juntas, su funci\u00f3n de acoger, de guiar y se\u00f1alar. Teniendo siempre presente la necesidad de aportar personalidad y de posicionar LCI Barcelona, conceptos fundamentales para conectar con el p\u00fablico local acostumbrado al buen dise\u00f1o, que busca formaci\u00f3n de calidad y hacerse un hueco en el mercado.<\/p>\n<p>Este art\u00edculo ha sido escrito por This Space for Rent &#8211; LCI Barcelona.<\/p>\n<p>&nbsp;<\/p>\n<p><img loading=\"lazy\" decoding=\"async\" width=\"700\" height=\"466\" class=\"aligncenter size-large wp-image-5111\" src=\"https:\/\/blancfestival.com\/wp-content\/uploads\/2020\/12\/LCI_CircularStudio_001-700x466.jpg\" alt=\"\" srcset=\"https:\/\/blancfestival.com\/wp-content\/uploads\/2020\/12\/LCI_CircularStudio_001-700x466.jpg 700w, https:\/\/blancfestival.com\/wp-content\/uploads\/2020\/12\/LCI_CircularStudio_001-250x166.jpg 250w, https:\/\/blancfestival.com\/wp-content\/uploads\/2020\/12\/LCI_CircularStudio_001-768x511.jpg 768w, https:\/\/blancfestival.com\/wp-content\/uploads\/2020\/12\/LCI_CircularStudio_001-120x80.jpg 120w, https:\/\/blancfestival.com\/wp-content\/uploads\/2020\/12\/LCI_CircularStudio_001-272x182.jpg 272w, https:\/\/blancfestival.com\/wp-content\/uploads\/2020\/12\/LCI_CircularStudio_001.jpg 900w\" sizes=\"auto, (max-width: 700px) 100vw, 700px\" \/><\/p>\n<p><img loading=\"lazy\" decoding=\"async\" width=\"700\" height=\"466\" class=\"aligncenter size-large wp-image-5108\" src=\"https:\/\/blancfestival.com\/wp-content\/uploads\/2020\/12\/LCI_CircularStudio_094-700x466.jpg\" alt=\"\" srcset=\"https:\/\/blancfestival.com\/wp-content\/uploads\/2020\/12\/LCI_CircularStudio_094-700x466.jpg 700w, https:\/\/blancfestival.com\/wp-content\/uploads\/2020\/12\/LCI_CircularStudio_094-250x166.jpg 250w, https:\/\/blancfestival.com\/wp-content\/uploads\/2020\/12\/LCI_CircularStudio_094-768x511.jpg 768w, https:\/\/blancfestival.com\/wp-content\/uploads\/2020\/12\/LCI_CircularStudio_094-120x80.jpg 120w, https:\/\/blancfestival.com\/wp-content\/uploads\/2020\/12\/LCI_CircularStudio_094-272x182.jpg 272w, https:\/\/blancfestival.com\/wp-content\/uploads\/2020\/12\/LCI_CircularStudio_094.jpg 900w\" sizes=\"auto, (max-width: 700px) 100vw, 700px\" \/><\/p>\n","protected":false},"excerpt":{"rendered":"El proyecto de se\u00f1al\u00e9tica de LCI Barcelona parte de una estrategia y nace con la voluntad de posicionar la marca en la ciudad de Barcelona, dentro del contexto global de LCI Education y su red de escuelas. Por un lado, recoge la necesidad de transmitir la imagen s\u00f3lida y corporativa de la instituci\u00f3n a nivel&hellip;","protected":false},"author":3,"featured_media":5099,"comment_status":"open","ping_status":"open","sticky":false,"template":"","format":"standard","meta":{"_acf_changed":false,"footnotes":""},"categories":[3,2],"tags":[225,226,227,228,229],"evento":[],"class_list":["post-5098","post","type-post","status-publish","format-standard","has-post-thumbnail","hentry","category-creatividad","category-diseno","tag-senaletica","tag-tape-art","tag-wayfinding","tag-espacios","tag-lci-barcelona"],"acf":[],"yoast_head":"<!-- This site is optimized with the Yoast SEO plugin v23.7 - https:\/\/yoast.com\/wordpress\/plugins\/seo\/ -->\n<title>Identidad visual aplicada al espacio: el caso de LCI Barcelona<\/title>\n<meta name=\"description\" content=\"El proyecto de se\u00f1al\u00e9tica de LCI Barcelona parte de una estrategia y nace con la voluntad de posicionar la marca en la ciudad de Barcelona.\" \/>\n<meta name=\"robots\" content=\"index, follow, max-snippet:-1, max-image-preview:large, max-video-preview:-1\" \/>\n<link rel=\"canonical\" href=\"https:\/\/blancfestival.com\/identidad-visual-aplicada-al-espacio-el-caso-de-lci-barcelona\/\" \/>\n<meta property=\"og:locale\" content=\"ca_ES\" \/>\n<meta property=\"og:type\" content=\"article\" \/>\n<meta property=\"og:title\" content=\"Identidad visual aplicada al espacio: el caso de LCI Barcelona\" \/>\n<meta property=\"og:description\" content=\"El proyecto de se\u00f1al\u00e9tica de LCI Barcelona parte de una estrategia y nace con la voluntad de posicionar la marca en la ciudad de Barcelona.\" \/>\n<meta property=\"og:url\" content=\"https:\/\/blancfestival.com\/identidad-visual-aplicada-al-espacio-el-caso-de-lci-barcelona\/\" \/>\n<meta property=\"og:site_name\" content=\"Blanc!\" \/>\n<meta property=\"article:publisher\" content=\"https:\/\/www.facebook.com\/blanc.festivaldissenygrafic\/\" \/>\n<meta property=\"article:published_time\" content=\"2020-12-18T17:16:29+00:00\" \/>\n<meta property=\"article:modified_time\" content=\"2021-03-10T16:21:16+00:00\" \/>\n<meta property=\"og:image\" content=\"https:\/\/blancfestival.com\/wp-content\/uploads\/2020\/12\/CABECERAA\u0301gora-LCI-Barcelona2-scaled.jpg\" \/>\n\t<meta property=\"og:image:width\" content=\"2560\" \/>\n\t<meta property=\"og:image:height\" content=\"1707\" \/>\n\t<meta property=\"og:image:type\" content=\"image\/jpeg\" \/>\n<meta name=\"author\" content=\"Redacci\u00f3n Blanc!\" \/>\n<meta name=\"twitter:card\" content=\"summary_large_image\" \/>\n<meta name=\"twitter:creator\" content=\"@blancfest\" \/>\n<meta name=\"twitter:site\" content=\"@blancfest\" \/>\n<meta name=\"twitter:label1\" content=\"Written by\" \/>\n\t<meta name=\"twitter:data1\" content=\"Redacci\u00f3n Blanc!\" \/>\n\t<meta name=\"twitter:label2\" content=\"Est. reading time\" \/>\n\t<meta name=\"twitter:data2\" content=\"3 minutes\" \/>\n<script type=\"application\/ld+json\" class=\"yoast-schema-graph\">{\"@context\":\"https:\/\/schema.org\",\"@graph\":[{\"@type\":\"Article\",\"@id\":\"https:\/\/blancfestival.com\/identidad-visual-aplicada-al-espacio-el-caso-de-lci-barcelona\/#article\",\"isPartOf\":{\"@id\":\"https:\/\/blancfestival.com\/identidad-visual-aplicada-al-espacio-el-caso-de-lci-barcelona\/\"},\"author\":{\"name\":\"Redacci\u00f3n Blanc!\",\"@id\":\"https:\/\/blancfestival.com\/#\/schema\/person\/1c1365d1e51e5730cf3f5fadb8670c06\"},\"headline\":\"Identidad visual aplicada al espacio: el caso de LCI Barcelona\",\"datePublished\":\"2020-12-18T17:16:29+00:00\",\"dateModified\":\"2021-03-10T16:21:16+00:00\",\"mainEntityOfPage\":{\"@id\":\"https:\/\/blancfestival.com\/identidad-visual-aplicada-al-espacio-el-caso-de-lci-barcelona\/\"},\"wordCount\":565,\"commentCount\":0,\"publisher\":{\"@id\":\"https:\/\/blancfestival.com\/#organization\"},\"image\":{\"@id\":\"https:\/\/blancfestival.com\/identidad-visual-aplicada-al-espacio-el-caso-de-lci-barcelona\/#primaryimage\"},\"thumbnailUrl\":\"https:\/\/blancfestival.com\/wp-content\/uploads\/2020\/12\/CABECERAA\u0301gora-LCI-Barcelona2-scaled.jpg\",\"keywords\":[\"se\u00f1aletica\",\"tape art\",\"wayfinding\",\"espacios\",\"lci barcelona\"],\"articleSection\":[\"Creatividad\",\"Dise\u00f1o\"],\"inLanguage\":\"ca\",\"potentialAction\":[{\"@type\":\"CommentAction\",\"name\":\"Comment\",\"target\":[\"https:\/\/blancfestival.com\/identidad-visual-aplicada-al-espacio-el-caso-de-lci-barcelona\/#respond\"]}]},{\"@type\":\"WebPage\",\"@id\":\"https:\/\/blancfestival.com\/identidad-visual-aplicada-al-espacio-el-caso-de-lci-barcelona\/\",\"url\":\"https:\/\/blancfestival.com\/identidad-visual-aplicada-al-espacio-el-caso-de-lci-barcelona\/\",\"name\":\"Identidad visual aplicada al espacio: el caso de LCI Barcelona\",\"isPartOf\":{\"@id\":\"https:\/\/blancfestival.com\/#website\"},\"primaryImageOfPage\":{\"@id\":\"https:\/\/blancfestival.com\/identidad-visual-aplicada-al-espacio-el-caso-de-lci-barcelona\/#primaryimage\"},\"image\":{\"@id\":\"https:\/\/blancfestival.com\/identidad-visual-aplicada-al-espacio-el-caso-de-lci-barcelona\/#primaryimage\"},\"thumbnailUrl\":\"https:\/\/blancfestival.com\/wp-content\/uploads\/2020\/12\/CABECERAA\u0301gora-LCI-Barcelona2-scaled.jpg\",\"datePublished\":\"2020-12-18T17:16:29+00:00\",\"dateModified\":\"2021-03-10T16:21:16+00:00\",\"description\":\"El proyecto de se\u00f1al\u00e9tica de LCI Barcelona parte de una estrategia y nace con la voluntad de posicionar la marca en la ciudad de Barcelona.\",\"breadcrumb\":{\"@id\":\"https:\/\/blancfestival.com\/identidad-visual-aplicada-al-espacio-el-caso-de-lci-barcelona\/#breadcrumb\"},\"inLanguage\":\"ca\",\"potentialAction\":[{\"@type\":\"ReadAction\",\"target\":[\"https:\/\/blancfestival.com\/identidad-visual-aplicada-al-espacio-el-caso-de-lci-barcelona\/\"]}]},{\"@type\":\"ImageObject\",\"inLanguage\":\"ca\",\"@id\":\"https:\/\/blancfestival.com\/identidad-visual-aplicada-al-espacio-el-caso-de-lci-barcelona\/#primaryimage\",\"url\":\"https:\/\/blancfestival.com\/wp-content\/uploads\/2020\/12\/CABECERAA\u0301gora-LCI-Barcelona2-scaled.jpg\",\"contentUrl\":\"https:\/\/blancfestival.com\/wp-content\/uploads\/2020\/12\/CABECERAA\u0301gora-LCI-Barcelona2-scaled.jpg\",\"width\":2560,\"height\":1707},{\"@type\":\"BreadcrumbList\",\"@id\":\"https:\/\/blancfestival.com\/identidad-visual-aplicada-al-espacio-el-caso-de-lci-barcelona\/#breadcrumb\",\"itemListElement\":[{\"@type\":\"ListItem\",\"position\":1,\"name\":\"Portada\",\"item\":\"https:\/\/blancfestival.com\/ca\/\"},{\"@type\":\"ListItem\",\"position\":2,\"name\":\"Identidad visual aplicada al espacio: el caso de LCI Barcelona\"}]},{\"@type\":\"WebSite\",\"@id\":\"https:\/\/blancfestival.com\/#website\",\"url\":\"https:\/\/blancfestival.com\/\",\"name\":\"Blanc! Festival\",\"description\":\"Disseny, Creativitat i Innovaci\u00f3\",\"publisher\":{\"@id\":\"https:\/\/blancfestival.com\/#organization\"},\"potentialAction\":[{\"@type\":\"SearchAction\",\"target\":{\"@type\":\"EntryPoint\",\"urlTemplate\":\"https:\/\/blancfestival.com\/?s={search_term_string}\"},\"query-input\":{\"@type\":\"PropertyValueSpecification\",\"valueRequired\":true,\"valueName\":\"search_term_string\"}}],\"inLanguage\":\"ca\"},{\"@type\":\"Organization\",\"@id\":\"https:\/\/blancfestival.com\/#organization\",\"name\":\"Blanc! Festival de Dise\u00f1o, Creatividad e Innovaci\u00f3n\",\"url\":\"https:\/\/blancfestival.com\/\",\"logo\":{\"@type\":\"ImageObject\",\"inLanguage\":\"ca\",\"@id\":\"https:\/\/blancfestival.com\/#\/schema\/logo\/image\/\",\"url\":\"https:\/\/blancfestival.com\/wp-content\/uploads\/2025\/01\/logo_icono_blanc.jpg\",\"contentUrl\":\"https:\/\/blancfestival.com\/wp-content\/uploads\/2025\/01\/logo_icono_blanc.jpg\",\"width\":2000,\"height\":2000,\"caption\":\"Blanc! Festival de Dise\u00f1o, Creatividad e Innovaci\u00f3n\"},\"image\":{\"@id\":\"https:\/\/blancfestival.com\/#\/schema\/logo\/image\/\"},\"sameAs\":[\"https:\/\/www.facebook.com\/blanc.festivaldissenygrafic\/\",\"https:\/\/x.com\/blancfest\",\"https:\/\/www.instagram.com\/blancfest\/\",\"https:\/\/www.linkedin.com\/company\/blanc-festival\",\"https:\/\/www.pinterest.com\/blancfest\/\",\"https:\/\/www.youtube.com\/channel\/UCM-IjxOFb5gQg4yPgmze3Gg\"]},{\"@type\":\"Person\",\"@id\":\"https:\/\/blancfestival.com\/#\/schema\/person\/1c1365d1e51e5730cf3f5fadb8670c06\",\"name\":\"Redacci\u00f3n Blanc!\",\"image\":{\"@type\":\"ImageObject\",\"inLanguage\":\"ca\",\"@id\":\"https:\/\/blancfestival.com\/#\/schema\/person\/image\/\",\"url\":\"https:\/\/blancfestival.com\/wp-content\/uploads\/2020\/02\/ico-120x120.png\",\"contentUrl\":\"https:\/\/blancfestival.com\/wp-content\/uploads\/2020\/02\/ico-120x120.png\",\"caption\":\"Redacci\u00f3n Blanc!\"},\"description\":\"\u201cNo trates de doblar la cuchara. Es imposible. En lugar de hacerlo, solo intenta darte cuenta de la verdad\u2026 No hay cuchara. Entonces, ver\u00e1s que no es la cuchara lo que se dobla, te doblas t\u00fa\u201d\"}]}<\/script>\n<!-- \/ Yoast SEO plugin. -->","yoast_head_json":{"title":"Identidad visual aplicada al espacio: el caso de LCI Barcelona","description":"El proyecto de se\u00f1al\u00e9tica de LCI Barcelona parte de una estrategia y nace con la voluntad de posicionar la marca en la ciudad de Barcelona.","robots":{"index":"index","follow":"follow","max-snippet":"max-snippet:-1","max-image-preview":"max-image-preview:large","max-video-preview":"max-video-preview:-1"},"canonical":"https:\/\/blancfestival.com\/identidad-visual-aplicada-al-espacio-el-caso-de-lci-barcelona\/","og_locale":"ca_ES","og_type":"article","og_title":"Identidad visual aplicada al espacio: el caso de LCI Barcelona","og_description":"El proyecto de se\u00f1al\u00e9tica de LCI Barcelona parte de una estrategia y nace con la voluntad de posicionar la marca en la ciudad de Barcelona.","og_url":"https:\/\/blancfestival.com\/identidad-visual-aplicada-al-espacio-el-caso-de-lci-barcelona\/","og_site_name":"Blanc!","article_publisher":"https:\/\/www.facebook.com\/blanc.festivaldissenygrafic\/","article_published_time":"2020-12-18T17:16:29+00:00","article_modified_time":"2021-03-10T16:21:16+00:00","og_image":[{"width":2560,"height":1707,"url":"https:\/\/blancfestival.com\/wp-content\/uploads\/2020\/12\/CABECERAA\u0301gora-LCI-Barcelona2-scaled.jpg","type":"image\/jpeg"}],"author":"Redacci\u00f3n Blanc!","twitter_card":"summary_large_image","twitter_creator":"@blancfest","twitter_site":"@blancfest","twitter_misc":{"Written by":"Redacci\u00f3n Blanc!","Est. reading time":"3 minutes"},"schema":{"@context":"https:\/\/schema.org","@graph":[{"@type":"Article","@id":"https:\/\/blancfestival.com\/identidad-visual-aplicada-al-espacio-el-caso-de-lci-barcelona\/#article","isPartOf":{"@id":"https:\/\/blancfestival.com\/identidad-visual-aplicada-al-espacio-el-caso-de-lci-barcelona\/"},"author":{"name":"Redacci\u00f3n Blanc!","@id":"https:\/\/blancfestival.com\/#\/schema\/person\/1c1365d1e51e5730cf3f5fadb8670c06"},"headline":"Identidad visual aplicada al espacio: el caso de LCI Barcelona","datePublished":"2020-12-18T17:16:29+00:00","dateModified":"2021-03-10T16:21:16+00:00","mainEntityOfPage":{"@id":"https:\/\/blancfestival.com\/identidad-visual-aplicada-al-espacio-el-caso-de-lci-barcelona\/"},"wordCount":565,"commentCount":0,"publisher":{"@id":"https:\/\/blancfestival.com\/#organization"},"image":{"@id":"https:\/\/blancfestival.com\/identidad-visual-aplicada-al-espacio-el-caso-de-lci-barcelona\/#primaryimage"},"thumbnailUrl":"https:\/\/blancfestival.com\/wp-content\/uploads\/2020\/12\/CABECERAA\u0301gora-LCI-Barcelona2-scaled.jpg","keywords":["se\u00f1aletica","tape art","wayfinding","espacios","lci barcelona"],"articleSection":["Creatividad","Dise\u00f1o"],"inLanguage":"ca","potentialAction":[{"@type":"CommentAction","name":"Comment","target":["https:\/\/blancfestival.com\/identidad-visual-aplicada-al-espacio-el-caso-de-lci-barcelona\/#respond"]}]},{"@type":"WebPage","@id":"https:\/\/blancfestival.com\/identidad-visual-aplicada-al-espacio-el-caso-de-lci-barcelona\/","url":"https:\/\/blancfestival.com\/identidad-visual-aplicada-al-espacio-el-caso-de-lci-barcelona\/","name":"Identidad visual aplicada al espacio: el caso de LCI Barcelona","isPartOf":{"@id":"https:\/\/blancfestival.com\/#website"},"primaryImageOfPage":{"@id":"https:\/\/blancfestival.com\/identidad-visual-aplicada-al-espacio-el-caso-de-lci-barcelona\/#primaryimage"},"image":{"@id":"https:\/\/blancfestival.com\/identidad-visual-aplicada-al-espacio-el-caso-de-lci-barcelona\/#primaryimage"},"thumbnailUrl":"https:\/\/blancfestival.com\/wp-content\/uploads\/2020\/12\/CABECERAA\u0301gora-LCI-Barcelona2-scaled.jpg","datePublished":"2020-12-18T17:16:29+00:00","dateModified":"2021-03-10T16:21:16+00:00","description":"El proyecto de se\u00f1al\u00e9tica de LCI Barcelona parte de una estrategia y nace con la voluntad de posicionar la marca en la ciudad de Barcelona.","breadcrumb":{"@id":"https:\/\/blancfestival.com\/identidad-visual-aplicada-al-espacio-el-caso-de-lci-barcelona\/#breadcrumb"},"inLanguage":"ca","potentialAction":[{"@type":"ReadAction","target":["https:\/\/blancfestival.com\/identidad-visual-aplicada-al-espacio-el-caso-de-lci-barcelona\/"]}]},{"@type":"ImageObject","inLanguage":"ca","@id":"https:\/\/blancfestival.com\/identidad-visual-aplicada-al-espacio-el-caso-de-lci-barcelona\/#primaryimage","url":"https:\/\/blancfestival.com\/wp-content\/uploads\/2020\/12\/CABECERAA\u0301gora-LCI-Barcelona2-scaled.jpg","contentUrl":"https:\/\/blancfestival.com\/wp-content\/uploads\/2020\/12\/CABECERAA\u0301gora-LCI-Barcelona2-scaled.jpg","width":2560,"height":1707},{"@type":"BreadcrumbList","@id":"https:\/\/blancfestival.com\/identidad-visual-aplicada-al-espacio-el-caso-de-lci-barcelona\/#breadcrumb","itemListElement":[{"@type":"ListItem","position":1,"name":"Portada","item":"https:\/\/blancfestival.com\/ca\/"},{"@type":"ListItem","position":2,"name":"Identidad visual aplicada al espacio: el caso de LCI Barcelona"}]},{"@type":"WebSite","@id":"https:\/\/blancfestival.com\/#website","url":"https:\/\/blancfestival.com\/","name":"Blanc! Festival","description":"Disseny, Creativitat i Innovaci\u00f3","publisher":{"@id":"https:\/\/blancfestival.com\/#organization"},"potentialAction":[{"@type":"SearchAction","target":{"@type":"EntryPoint","urlTemplate":"https:\/\/blancfestival.com\/?s={search_term_string}"},"query-input":{"@type":"PropertyValueSpecification","valueRequired":true,"valueName":"search_term_string"}}],"inLanguage":"ca"},{"@type":"Organization","@id":"https:\/\/blancfestival.com\/#organization","name":"Blanc! Festival de Dise\u00f1o, Creatividad e Innovaci\u00f3n","url":"https:\/\/blancfestival.com\/","logo":{"@type":"ImageObject","inLanguage":"ca","@id":"https:\/\/blancfestival.com\/#\/schema\/logo\/image\/","url":"https:\/\/blancfestival.com\/wp-content\/uploads\/2025\/01\/logo_icono_blanc.jpg","contentUrl":"https:\/\/blancfestival.com\/wp-content\/uploads\/2025\/01\/logo_icono_blanc.jpg","width":2000,"height":2000,"caption":"Blanc! Festival de Dise\u00f1o, Creatividad e Innovaci\u00f3n"},"image":{"@id":"https:\/\/blancfestival.com\/#\/schema\/logo\/image\/"},"sameAs":["https:\/\/www.facebook.com\/blanc.festivaldissenygrafic\/","https:\/\/x.com\/blancfest","https:\/\/www.instagram.com\/blancfest\/","https:\/\/www.linkedin.com\/company\/blanc-festival","https:\/\/www.pinterest.com\/blancfest\/","https:\/\/www.youtube.com\/channel\/UCM-IjxOFb5gQg4yPgmze3Gg"]},{"@type":"Person","@id":"https:\/\/blancfestival.com\/#\/schema\/person\/1c1365d1e51e5730cf3f5fadb8670c06","name":"Redacci\u00f3n Blanc!","image":{"@type":"ImageObject","inLanguage":"ca","@id":"https:\/\/blancfestival.com\/#\/schema\/person\/image\/","url":"https:\/\/blancfestival.com\/wp-content\/uploads\/2020\/02\/ico-120x120.png","contentUrl":"https:\/\/blancfestival.com\/wp-content\/uploads\/2020\/02\/ico-120x120.png","caption":"Redacci\u00f3n Blanc!"},"description":"\u201cNo trates de doblar la cuchara. Es imposible. En lugar de hacerlo, solo intenta darte cuenta de la verdad\u2026 No hay cuchara. Entonces, ver\u00e1s que no es la cuchara lo que se dobla, te doblas t\u00fa\u201d"}]}},"_links":{"self":[{"href":"https:\/\/blancfestival.com\/ca\/wp-json\/wp\/v2\/posts\/5098","targetHints":{"allow":["GET"]}}],"collection":[{"href":"https:\/\/blancfestival.com\/ca\/wp-json\/wp\/v2\/posts"}],"about":[{"href":"https:\/\/blancfestival.com\/ca\/wp-json\/wp\/v2\/types\/post"}],"author":[{"embeddable":true,"href":"https:\/\/blancfestival.com\/ca\/wp-json\/wp\/v2\/users\/3"}],"replies":[{"embeddable":true,"href":"https:\/\/blancfestival.com\/ca\/wp-json\/wp\/v2\/comments?post=5098"}],"version-history":[{"count":2,"href":"https:\/\/blancfestival.com\/ca\/wp-json\/wp\/v2\/posts\/5098\/revisions"}],"predecessor-version":[{"id":5115,"href":"https:\/\/blancfestival.com\/ca\/wp-json\/wp\/v2\/posts\/5098\/revisions\/5115"}],"wp:featuredmedia":[{"embeddable":true,"href":"https:\/\/blancfestival.com\/ca\/wp-json\/wp\/v2\/media\/5099"}],"wp:attachment":[{"href":"https:\/\/blancfestival.com\/ca\/wp-json\/wp\/v2\/media?parent=5098"}],"wp:term":[{"taxonomy":"category","embeddable":true,"href":"https:\/\/blancfestival.com\/ca\/wp-json\/wp\/v2\/categories?post=5098"},{"taxonomy":"post_tag","embeddable":true,"href":"https:\/\/blancfestival.com\/ca\/wp-json\/wp\/v2\/tags?post=5098"},{"taxonomy":"evento","embeddable":true,"href":"https:\/\/blancfestival.com\/ca\/wp-json\/wp\/v2\/evento?post=5098"}],"curies":[{"name":"wp","href":"https:\/\/api.w.org\/{rel}","templated":true}]}}