{"id":5338,"date":"2021-02-02T13:51:36","date_gmt":"2021-02-02T12:51:36","guid":{"rendered":"https:\/\/blancfestival.com\/?p=5338"},"modified":"2021-02-18T18:35:54","modified_gmt":"2021-02-18T17:35:54","slug":"disenadores-tipografia","status":"publish","type":"post","link":"https:\/\/blancfestival.com\/ca\/disenadores-tipografia\/","title":{"rendered":"Dise\u00f1adores y dise\u00f1adoras de tipograf\u00edas que debes conocer"},"content":{"rendered":"<p>Si te paras a pensar en las tendencias de dise\u00f1o de tipograf\u00edas de hace diez a\u00f1os, puede que te parezca que nos remontamos a algo muy, muy lejano. As\u00ed que imag\u00ednate si nos ponemos a hablar de dise\u00f1o de tipograf\u00edas del siglo XIX. <strong>Con las primeras imprentas aparecieron<\/strong> tambi\u00e9n, de forma natural, <strong>los primeros dise\u00f1adores de tipograf\u00edas.<\/strong> Si \u201ccada maestrillo tiene su librillo\u201d las primeras imprentas poco a poco quisieron darle su toque a sus trabajos, creando un estilo \u00fanico que los diferenciara del resto. Si lo piensas, el fondo es el mismo.<\/p>\n<p>Ahora, por suerte para sus espaldas, los dise\u00f1adores de tipograf\u00edas no tienen que ir cambiando placa a placa cada vez que imprimen una p\u00e1gina: basta una tableta o ordenador, el software adecuado y algo de intuici\u00f3n para darle a sus letras una personalidad y estilo \u00fanico.<\/p>\n<p>Quiz\u00e1s has llegado aqu\u00ed por nuestro art\u00edculo sobre tipos de letra buscando conocer a los \u201csensei\u201d, verdaderos expertos en la materia. Sin m\u00e1s dilaci\u00f3n, <strong>estos son los 10 dise\u00f1adores de tipograf\u00edas que debes conocer:<\/strong><\/p>\n<p>&nbsp;<\/p>\n<h2>Laura Meseguer<\/h2>\n<p>En cap\u00edtulos anteriores, puede que te suene su nombre por ser la <strong>protagonista de la exposici\u00f3n <a href=\"https:\/\/blancfestival.com\/diseno\/the-beautiful-people-una-exposicion-de-diseno-de-tipografia-por-laura-meseguer\/\">\u201cThe Beautiful People\u201d<\/a><\/strong> en el Centre d\u2019Art Contemporani La Sala de Vilanova i la Geltr\u00fa, dentro de Blanc Origins.<\/p>\n<p>El trabajo de Laura Meseguer destaca por el <strong>car\u00e1cter relacional y racional de sus tipograf\u00edas<\/strong>. Su proceso creativo pasa por diferentes estadios, a veces empezando por la caligraf\u00eda y otras por el dibujo, bebiendo tambi\u00e9n de las diferentes sinergias y v\u00ednculos que establece con otros profesionales y sus propios alumnos.<\/p>\n<p>Como tip\u00f3grafa y dise\u00f1adora tipogr\u00e1fica, trabaja todo tipo de proyectos de lettering y personalizaci\u00f3n, <strong>siempre buscando soluciones \u00fanicas<\/strong>. Adem\u00e1s, dise\u00f1a y produce tipograf\u00edas que se distribuyen a trav\u00e9s de su fundici\u00f3n tipogr\u00e1fica digital<a href=\"https:\/\/type-o-tones.com\/\" target=\"_blank\" rel=\"nofollow noopener\"> Type-\u00d8-Tones<\/a>:\u00a0 Algunas de ellas han sido galardonadas con el Certificado de Excelencia Tipogr\u00e1fica del TDC de Nueva York, y con los Premios Laus del ADG-FAD.<\/p>\n<p><a href=\"https:\/\/www.laurameseguer.com\/\" target=\"_blank\" rel=\"nofollow noopener\">www.laurameseguer.com<\/a><\/p>\n<p><img loading=\"lazy\" decoding=\"async\" class=\"alignnone wp-image-5341 size-full\" src=\"https:\/\/blancfestival.com\/wp-content\/uploads\/2021\/02\/lauramesegue.jpg\" alt=\"laura messeguer\" width=\"700\" height=\"350\" srcset=\"https:\/\/blancfestival.com\/wp-content\/uploads\/2021\/02\/lauramesegue.jpg 700w, https:\/\/blancfestival.com\/wp-content\/uploads\/2021\/02\/lauramesegue-250x125.jpg 250w, https:\/\/blancfestival.com\/wp-content\/uploads\/2021\/02\/lauramesegue-120x60.jpg 120w\" sizes=\"auto, (max-width: 700px) 100vw, 700px\" \/><\/p>\n<p>&nbsp;<\/p>\n<h2>Joancarles Casas\u00edn<\/h2>\n<p>Su andadura en el dise\u00f1o de tipograf\u00edas comienza en el 93\u2019 cuando co-funda Typerware junto a Andreu Balius. En BaseLab, del 2005 al 2012 se especializa en la creaci\u00f3n de tipograf\u00edas por encargo y de logotipos, a la vez que se especializa en la producci\u00f3n de tipograf\u00eda y procesos t\u00e9cnicos para digitalizar y codificarla.<\/p>\n<p>Desde Santa Coloma de Queralt, en Barcelona, ha producido la fuentes de Leo Messi, Rafa Nadal, Cristiano Ronaldo, Neymar y m\u00e1s de cuarenta deportistas m\u00e1s. Suele decir que \u201clo \u00faltimo que toca el bal\u00f3n antes de entrar en la porter\u00eda es su tipograf\u00eda impresa en las botas de Messi\u201d<\/p>\n<p>Y adem\u00e1s, es quien dise\u00f1\u00f3 la tipograf\u00eda Blanqueta, utilizada en la identidad de Blanc! durante muchas ediciones del festival, y que podr\u00e1s ver en su web: <a href=\"http:\/\/casasin.com\/\" target=\"_blank\" rel=\"nofollow noopener\">casasin.com<\/a><\/p>\n<p><img loading=\"lazy\" decoding=\"async\" width=\"700\" height=\"350\" class=\"alignnone size-full wp-image-5467\" src=\"https:\/\/blancfestival.com\/wp-content\/uploads\/2021\/02\/casasin.jpg\" alt=\"Joancarles Casas\u00edn\" srcset=\"https:\/\/blancfestival.com\/wp-content\/uploads\/2021\/02\/casasin.jpg 700w, https:\/\/blancfestival.com\/wp-content\/uploads\/2021\/02\/casasin-250x125.jpg 250w, https:\/\/blancfestival.com\/wp-content\/uploads\/2021\/02\/casasin-120x60.jpg 120w\" sizes=\"auto, (max-width: 700px) 100vw, 700px\" \/><\/p>\n<p>&nbsp;<\/p>\n<h2>Eduardo Manso<\/h2>\n<p>Si buscas una tipograf\u00eda refinada, Eduardo Manso es tu tip\u00f3grafo. Desde que public\u00f3 <strong>su primera Tipograf\u00eda<\/strong> en 2003, <strong>la Bohemia<\/strong>, no ha dejado de crear.<\/p>\n<p>Es el autor de <a href=\"http:\/\/www.emtype.net\" target=\"_blank\" rel=\"nofollow noopener\">emtype.net<\/a>, una fundici\u00f3n que comparte con Adri\u00e0 Gomez, en la que crean <strong>tipograf\u00edas y displays de alta calidad<\/strong>. Distinguido con el Certificado de Excelencia en el Dise\u00f1o de Tipograf\u00edas que otorga el Type Directors Club de Nueva York, compagina su labor como tip\u00f3grafo, dise\u00f1ador gr\u00e1fico y editorial con la de docente. Entre otras muchas cosas, es el responsable de la tipograf\u00eda de los titulares de <strong>The Sunday Times<\/strong> o la de <strong>La Pedrera de Gaud\u00ed<\/strong>.<\/p>\n<p><a href=\"http:\/\/www.emtype.net\" target=\"_blank\" rel=\"nofollow noopener\">www.emtype.net<\/a><\/p>\n<p><img loading=\"lazy\" decoding=\"async\" width=\"700\" height=\"350\" class=\"alignnone size-full wp-image-5349\" src=\"https:\/\/blancfestival.com\/wp-content\/uploads\/2021\/02\/eduardomanso.jpg\" alt=\"eduardo manso\" srcset=\"https:\/\/blancfestival.com\/wp-content\/uploads\/2021\/02\/eduardomanso.jpg 700w, https:\/\/blancfestival.com\/wp-content\/uploads\/2021\/02\/eduardomanso-250x125.jpg 250w, https:\/\/blancfestival.com\/wp-content\/uploads\/2021\/02\/eduardomanso-120x60.jpg 120w\" sizes=\"auto, (max-width: 700px) 100vw, 700px\" \/><\/p>\n<p>&nbsp;<\/p>\n<h2>Jordi Embodas<\/h2>\n<p>Jordi Embodas es un <strong>apasionado de las letras<\/strong>, centrando buena parte de su formaci\u00f3n en el estudio de \u00e9stas y desde hace unos a\u00f1os, a divulgar lo aprendido en su faceta como docente. Aunque su trabajo se caracteriza por tener un <strong>toque caligr\u00e1fico y humanista<\/strong>, en su fundici\u00f3n <a href=\"http:\/\/www.tipografies.com\/\" target=\"_blank\" rel=\"nofollow noopener\">tipografies.com<\/a> ver\u00e9is que se adapta a cada contexto.<\/p>\n<p>Public\u00f3 su primera tipograf\u00eda, <strong>Orenga<\/strong>, en 2008, de palo seco pero con curvas din\u00e1micas que os recuerda al estilo caligr\u00e1fico, pero tambi\u00e9n se atreve con serifa, elegante y delicada como su tipograf\u00eda <strong>Pona<\/strong> de 2010 o la <strong>Bulo<\/strong> de 2012, sin serifa y m\u00e1s mec\u00e1nica.<\/p>\n<p><a href=\"http:\/\/www.tipografies.com\/\" target=\"_blank\" rel=\"nofollow noopener\">www.tipografies.com<\/a><\/p>\n<p><img loading=\"lazy\" decoding=\"async\" width=\"700\" height=\"350\" class=\"alignnone size-full wp-image-5358\" src=\"https:\/\/blancfestival.com\/wp-content\/uploads\/2021\/02\/jordiembodas.jpg\" alt=\"jordiembodas\" srcset=\"https:\/\/blancfestival.com\/wp-content\/uploads\/2021\/02\/jordiembodas.jpg 700w, https:\/\/blancfestival.com\/wp-content\/uploads\/2021\/02\/jordiembodas-250x125.jpg 250w, https:\/\/blancfestival.com\/wp-content\/uploads\/2021\/02\/jordiembodas-120x60.jpg 120w\" sizes=\"auto, (max-width: 700px) 100vw, 700px\" \/><\/p>\n<p>&nbsp;<\/p>\n<h2>Andreu Balius<\/h2>\n<p>Todo un must entre los dise\u00f1adores de tipograf\u00edas. Empez\u00f3 su andadura a principios de los noventa, siendo uno de los <strong>pioneros en el dise\u00f1o digital de tipograf\u00edas<\/strong> en Espa\u00f1a gracias al proyecto <a href=\"http:\/\/www.garciafonts.com\" target=\"_blank\" rel=\"nofollow noopener\">Garcia &amp; Fonts Co<\/a>.\u00a0 Creador de la fundici\u00f3n <a href=\"http:\/\/www.typerepublic.com\" target=\"_blank\" rel=\"nofollow noopener\">Typerepublic<\/a>, es responsable de fuentes como la <strong>Barna<\/strong> o <strong>Pradel<\/strong>.<\/p>\n<p>Si tuvi\u00e9ramos que enmarcarlo en alg\u00fan estilo nos seria muy dif\u00edcil, ya que cuando no est\u00e1 trabajando para clientes tan distintos como <strong>La Vanguardia<\/strong> o <strong>Primavera Sound<\/strong>, se encuentra investigando sobre multiculturalidad y tipograf\u00eda por todo el mundo con proyectos como Al-Andalus. As\u00ed que, si tuvi\u00e9ramos que definirlo, dir\u00edamos que es un <strong>enamorado de las tipograf\u00edas<\/strong>.<\/p>\n<p><a href=\"http:\/\/www.andreubalius.com\" target=\"_blank\" rel=\"nofollow noopener\">www.andreubalius.com<\/a><\/p>\n<p><img loading=\"lazy\" decoding=\"async\" width=\"700\" height=\"350\" class=\"alignnone size-full wp-image-5363\" src=\"https:\/\/blancfestival.com\/wp-content\/uploads\/2021\/02\/andreubalius.jpg\" alt=\"andreubalius\" srcset=\"https:\/\/blancfestival.com\/wp-content\/uploads\/2021\/02\/andreubalius.jpg 700w, https:\/\/blancfestival.com\/wp-content\/uploads\/2021\/02\/andreubalius-250x125.jpg 250w, https:\/\/blancfestival.com\/wp-content\/uploads\/2021\/02\/andreubalius-120x60.jpg 120w\" sizes=\"auto, (max-width: 700px) 100vw, 700px\" \/><\/p>\n<p>&nbsp;<\/p>\n<h2>Noe Blanco<\/h2>\n<p>Noe Blanco un d\u00eda estaba estudiando Geolog\u00eda y al siguiente se convirti\u00f3 en una de las <strong>referentes internacionales de la tipograf\u00eda<\/strong>. Bueno, seguro que no fue exactamente as\u00ed, pero si algo tenemos claro es que hay cosas que se llevan dentro. Muy centrada en la intersecci\u00f3n entre dibujo y tecnolog\u00eda, se especializa en <strong>fuentes pensadas para leerse en pantalla<\/strong>. Entre otras muchas cosas, es responsable del dise\u00f1o de\u00a0 <strong>Bulo Rounded<\/strong> y <strong>Trola Text<\/strong> junto a Jordi Embodas.<\/p>\n<p>Ha trabajado en fundiciones como Underware, Suitcase y FosterType y actualmente la podemos encontrar en <a href=\"http:\/\/klim.co.nz\/\" target=\"_blank\" rel=\"nofollow noopener\">KlimType<\/a>, as\u00ed como en proyectos independientes.<\/p>\n<p><a href=\"http:\/\/www.noeblanco.com\/\" target=\"_blank\" rel=\"nofollow noopener\">www.noeblanco.com<\/a><\/p>\n<p><img loading=\"lazy\" decoding=\"async\" width=\"700\" height=\"350\" class=\"alignnone size-full wp-image-5367\" src=\"https:\/\/blancfestival.com\/wp-content\/uploads\/2021\/02\/noeblanco.jpg\" alt=\"noe blanco\" srcset=\"https:\/\/blancfestival.com\/wp-content\/uploads\/2021\/02\/noeblanco.jpg 700w, https:\/\/blancfestival.com\/wp-content\/uploads\/2021\/02\/noeblanco-250x125.jpg 250w, https:\/\/blancfestival.com\/wp-content\/uploads\/2021\/02\/noeblanco-120x60.jpg 120w\" sizes=\"auto, (max-width: 700px) 100vw, 700px\" \/><\/p>\n<p>&nbsp;<\/p>\n<h2>\u00cd\u00f1igo Jerez<\/h2>\n<p>Un club de f\u00fatbol, una revista de moda, una app de compraventa de segunda mano: tres cosas con muy poco en com\u00fan, salvo que un dise\u00f1ador de tipograf\u00edas es capaz de darles su propia personalidad a cada una de sus letras. Si recuerdas el Blanc! 2014 seguro que a\u00fan recuerdas la magistral lecci\u00f3n de dise\u00f1o de tipograf\u00edas de la mano de I\u00f1igo Jerez. Apasionado del surf, quiz\u00e1s hay algo de esa pasi\u00f3n en su trabajo, ya que <strong>es capaz de surfear con precisi\u00f3n entre todo tipo de estilos<\/strong>.<\/p>\n<p>Su palmar\u00e9s lo avala: Dos Laus por las tipograf\u00edas <strong>Dinamo<\/strong> y <strong>Suite<\/strong>; los certificados de Excelencia tipogr\u00e1fica de ATypI por las tipograf\u00edas <strong>Latina<\/strong> y <strong>Onserif &amp; Onsans<\/strong>; y un certificado de Excelencia tipogr\u00e1fica concedido por un Excellence in Type Design, otorgado por el TDC en 2006 por la tipograf\u00eda <strong>Quixote<\/strong>\u2026 \u00a1y a\u00fan podr\u00edamos seguir!\u00a0 Pero lo mejor ser\u00e1 que te des una vuelta por <a href=\"https:\/\/extratype.com\/\" target=\"_blank\" rel=\"nofollow noopener\">Extratype<\/a>.<\/p>\n<p><a href=\"https:\/\/extratype.com\/\" target=\"_blank\" rel=\"nofollow noopener\">www.extratype.com<\/a><\/p>\n<p><img loading=\"lazy\" decoding=\"async\" width=\"700\" height=\"350\" class=\"alignnone size-full wp-image-5372\" src=\"https:\/\/blancfestival.com\/wp-content\/uploads\/2021\/02\/in\u0303igojerez.jpg\" alt=\"i\u00f1igo jerez\" srcset=\"https:\/\/blancfestival.com\/wp-content\/uploads\/2021\/02\/in\u0303igojerez.jpg 700w, https:\/\/blancfestival.com\/wp-content\/uploads\/2021\/02\/in\u0303igojerez-250x125.jpg 250w, https:\/\/blancfestival.com\/wp-content\/uploads\/2021\/02\/in\u0303igojerez-120x60.jpg 120w\" sizes=\"auto, (max-width: 700px) 100vw, 700px\" \/><\/p>\n<p>&nbsp;<\/p>\n<h2>Oriol Mir\u00f3<\/h2>\n<p>Dice Oriol Mir\u00f3 que naci\u00f3<strong> cal\u00edgrafo<\/strong>. Viendo su portfolio, de trazos delicados pero marcados, con un especial mimo por la <strong>precisi\u00f3n<\/strong> y los <strong>detalles<\/strong>, nos lo tendremos que creer. Si buscas una tipograf\u00eda a mano, est\u00e1s interesado por las tipograf\u00edas y las letras g\u00f3ticas o te pasas horas mirando v\u00eddeos que aparecen en tu feed en los pinceles tintados se deslizan con precisi\u00f3n y firmeza sobre el papel, disfrutar\u00e1s conociendo el trabajo personal de Oriol Mir\u00f3.<\/p>\n<p><a href=\"http:\/\/urimiro.com\/\" target=\"_blank\" rel=\"nofollow noopener\">www.urimiro.com<\/a><\/p>\n<p><img loading=\"lazy\" decoding=\"async\" width=\"700\" height=\"350\" class=\"alignnone size-full wp-image-5375\" src=\"https:\/\/blancfestival.com\/wp-content\/uploads\/2021\/02\/oriolmiro.jpg\" alt=\"oriol mir\u00f3\" srcset=\"https:\/\/blancfestival.com\/wp-content\/uploads\/2021\/02\/oriolmiro.jpg 700w, https:\/\/blancfestival.com\/wp-content\/uploads\/2021\/02\/oriolmiro-250x125.jpg 250w, https:\/\/blancfestival.com\/wp-content\/uploads\/2021\/02\/oriolmiro-120x60.jpg 120w\" sizes=\"auto, (max-width: 700px) 100vw, 700px\" \/><\/p>\n<p>&nbsp;<\/p>\n<h2>Pilar Cano<\/h2>\n<p>Editora y coautora del libro <strong>&#8220;Typoshare&#8221;<\/strong>, Pilar Cano es responsable de la <strong>tipograf\u00eda Edita<\/strong>, pensada para libros y con la que gan\u00f3 el primer concurso anual de tipograf\u00eda de la revista norteamericana Communication Arts en 2011. Aunque en la fundici\u00f3n <a href=\"http:\/\/www.daltonmaag.com\" target=\"_blank\" rel=\"nofollow noopener\">Dalton Maag <\/a>de Londres se ha especializado en sistemas de escritura como el Hebreo, el Tailand\u00e9s y Khmer, tambi\u00e9n ha trabaja dise\u00f1os de tipos latinos, griegos y cir\u00edlicos.<\/p>\n<p><a href=\"http:\/\/letterjuice.cat\/\" target=\"_blank\" rel=\"nofollow noopener\">www.letterjuice.cat<\/a><\/p>\n<p><img loading=\"lazy\" decoding=\"async\" width=\"700\" height=\"350\" class=\"alignnone size-full wp-image-5378\" src=\"https:\/\/blancfestival.com\/wp-content\/uploads\/2021\/02\/pilarcano.jpg\" alt=\"pilar cano\" srcset=\"https:\/\/blancfestival.com\/wp-content\/uploads\/2021\/02\/pilarcano.jpg 700w, https:\/\/blancfestival.com\/wp-content\/uploads\/2021\/02\/pilarcano-250x125.jpg 250w, https:\/\/blancfestival.com\/wp-content\/uploads\/2021\/02\/pilarcano-120x60.jpg 120w\" sizes=\"auto, (max-width: 700px) 100vw, 700px\" \/><\/p>\n<p>&nbsp;<\/p>\n<h2>Ana G\u00f3mez Bernaus<\/h2>\n<p>Aunque empez\u00f3 como ilustradora, su pasi\u00f3n por la tipograf\u00eda la ha convertido en todo un <strong>referente en cuanto al lettering<\/strong> se refiere.<\/p>\n<p>Nacida en Barcelona, quiz\u00e1s la<strong> influencia del modernismo catal\u00e1n<\/strong> tiene algo que ver en los detalles y dinamismo de sus letras adornadas cuando hablamos de lettering. Aunque tras su paso por Nueva York en 2009 <strong>tambi\u00e9n incorpora un punto racional y org\u00e1nico<\/strong> en sus dise\u00f1os.<\/p>\n<p>Ahora la podemos encontrar en Los \u00c1ngeles, combinando ambas facetas y trabajando para clientes como <strong>Adobe<\/strong>, <strong>Converse<\/strong> o <strong>Nike<\/strong>. Entre sus galardones, cuenta con\u00a0 el Type Directors Club Certificate of Typographic Excellence de 2012, 2014, 2016 y 2019 o Communication Arts Typography Award en 2016 y 2017.<\/p>\n<p><a href=\"https:\/\/anenocena.com\/\" target=\"_blank\" rel=\"nofollow noopener\">www.anenocena.com<\/a><\/p>\n<p><img loading=\"lazy\" decoding=\"async\" width=\"700\" height=\"350\" class=\"alignnone size-full wp-image-5382\" src=\"https:\/\/blancfestival.com\/wp-content\/uploads\/2021\/02\/anagomezbernaus.jpg\" alt=\"anagomezbernaus\" srcset=\"https:\/\/blancfestival.com\/wp-content\/uploads\/2021\/02\/anagomezbernaus.jpg 700w, https:\/\/blancfestival.com\/wp-content\/uploads\/2021\/02\/anagomezbernaus-250x125.jpg 250w, https:\/\/blancfestival.com\/wp-content\/uploads\/2021\/02\/anagomezbernaus-120x60.jpg 120w\" sizes=\"auto, (max-width: 700px) 100vw, 700px\" \/><\/p>\n<p>&nbsp;<\/p>\n<h2>Marta Cerd\u00e0 Alimbau<\/h2>\n<p>De Barcelona pero con sede en \u00c1msterdam, Marta Cerd\u00e0 es una <strong>dise\u00f1adora multifaceta<\/strong>: desde la direcci\u00f3n de arte al dise\u00f1o, la ilustraci\u00f3n o la tipograf\u00eda, <strong>movi\u00e9ndose entre el mundo art\u00edstico y el publicitario<\/strong>.<\/p>\n<p>De <strong>car\u00e1cter ecl\u00e9ctico<\/strong> y n\u00f3mada digital, siempre la encontraremos en el <strong>punto de uni\u00f3n entre ilustraci\u00f3n y tipograf\u00eda<\/strong>. `Para ella, separar estas dos disciplinas, es una limitaci\u00f3n. Sus trabajos tienen ese car\u00e1cter y espontaneidad dif\u00edcil de encasillar, movi\u00e9ndose entre el sinf\u00edn de referencias y las distintas disciplinas de las que provienen Cerd\u00e0.<\/p>\n<p><a href=\"http:\/\/www.martacerda.com\/\" target=\"_blank\" rel=\"nofollow noopener\">www.martacerda.com<\/a><\/p>\n<p><img loading=\"lazy\" decoding=\"async\" width=\"700\" height=\"350\" class=\"alignnone size-full wp-image-5387\" src=\"https:\/\/blancfestival.com\/wp-content\/uploads\/2021\/02\/martacerda.jpg\" alt=\"marta cerda\" srcset=\"https:\/\/blancfestival.com\/wp-content\/uploads\/2021\/02\/martacerda.jpg 700w, https:\/\/blancfestival.com\/wp-content\/uploads\/2021\/02\/martacerda-250x125.jpg 250w, https:\/\/blancfestival.com\/wp-content\/uploads\/2021\/02\/martacerda-120x60.jpg 120w\" sizes=\"auto, (max-width: 700px) 100vw, 700px\" \/><\/p>\n","protected":false},"excerpt":{"rendered":"Si te paras a pensar en las tendencias de dise\u00f1o de tipograf\u00edas de hace diez a\u00f1os, puede que te parezca que nos remontamos a algo muy, muy lejano. As\u00ed que imag\u00ednate si nos ponemos a hablar de dise\u00f1o de tipograf\u00edas del siglo XIX. Con las primeras imprentas aparecieron tambi\u00e9n, de forma natural, los primeros dise\u00f1adores&hellip;","protected":false},"author":3,"featured_media":5329,"comment_status":"open","ping_status":"open","sticky":false,"template":"","format":"standard","meta":{"_acf_changed":false,"footnotes":""},"categories":[152,1],"tags":[],"evento":[],"class_list":["post-5338","post","type-post","status-publish","format-standard","has-post-thumbnail","hentry","category-blanc-basics","category-diseno-grafico"],"acf":[],"yoast_head":"<!-- This site is optimized with the Yoast SEO plugin v23.7 - https:\/\/yoast.com\/wordpress\/plugins\/seo\/ -->\n<title>Dise\u00f1adorxs de Tipograf\u00edas que debes conocer<\/title>\n<meta name=\"description\" content=\"Listado de dise\u00f1adores y dise\u00f1adoras de tipograf\u00edas m\u00e1s importantes del sector del dise\u00f1o gr\u00e1fico a nivel nacional, y de proyecci\u00f3n internacional\" \/>\n<meta name=\"robots\" content=\"index, follow, max-snippet:-1, max-image-preview:large, max-video-preview:-1\" \/>\n<link rel=\"canonical\" href=\"https:\/\/blancfestival.com\/disenadores-tipografia\/\" \/>\n<meta property=\"og:locale\" content=\"ca_ES\" \/>\n<meta property=\"og:type\" content=\"article\" \/>\n<meta property=\"og:title\" content=\"Dise\u00f1adorxs de Tipograf\u00edas que debes conocer\" \/>\n<meta property=\"og:description\" content=\"Listado de dise\u00f1adores y dise\u00f1adoras de tipograf\u00edas m\u00e1s importantes del sector del dise\u00f1o gr\u00e1fico a nivel nacional, y de proyecci\u00f3n internacional\" \/>\n<meta property=\"og:url\" content=\"https:\/\/blancfestival.com\/disenadores-tipografia\/\" \/>\n<meta property=\"og:site_name\" content=\"Blanc!\" \/>\n<meta property=\"article:publisher\" content=\"https:\/\/www.facebook.com\/blanc.festivaldissenygrafic\/\" \/>\n<meta property=\"article:published_time\" content=\"2021-02-02T12:51:36+00:00\" \/>\n<meta property=\"article:modified_time\" content=\"2021-02-18T17:35:54+00:00\" \/>\n<meta property=\"og:image\" content=\"https:\/\/blancfestival.com\/wp-content\/uploads\/2021\/01\/laura-messeguer.jpg\" \/>\n\t<meta property=\"og:image:width\" content=\"900\" \/>\n\t<meta property=\"og:image:height\" content=\"450\" \/>\n\t<meta property=\"og:image:type\" content=\"image\/jpeg\" \/>\n<meta name=\"author\" content=\"Redacci\u00f3n Blanc!\" \/>\n<meta name=\"twitter:card\" content=\"summary_large_image\" \/>\n<meta name=\"twitter:creator\" content=\"@blancfest\" \/>\n<meta name=\"twitter:site\" content=\"@blancfest\" \/>\n<meta name=\"twitter:label1\" content=\"Written by\" \/>\n\t<meta name=\"twitter:data1\" content=\"Redacci\u00f3n Blanc!\" \/>\n\t<meta name=\"twitter:label2\" content=\"Est. reading time\" \/>\n\t<meta name=\"twitter:data2\" content=\"8 minutes\" \/>\n<script type=\"application\/ld+json\" class=\"yoast-schema-graph\">{\"@context\":\"https:\/\/schema.org\",\"@graph\":[{\"@type\":\"Article\",\"@id\":\"https:\/\/blancfestival.com\/disenadores-tipografia\/#article\",\"isPartOf\":{\"@id\":\"https:\/\/blancfestival.com\/disenadores-tipografia\/\"},\"author\":{\"name\":\"Redacci\u00f3n Blanc!\",\"@id\":\"https:\/\/blancfestival.com\/#\/schema\/person\/1c1365d1e51e5730cf3f5fadb8670c06\"},\"headline\":\"Dise\u00f1adores y dise\u00f1adoras de tipograf\u00edas que debes conocer\",\"datePublished\":\"2021-02-02T12:51:36+00:00\",\"dateModified\":\"2021-02-18T17:35:54+00:00\",\"mainEntityOfPage\":{\"@id\":\"https:\/\/blancfestival.com\/disenadores-tipografia\/\"},\"wordCount\":1571,\"commentCount\":0,\"publisher\":{\"@id\":\"https:\/\/blancfestival.com\/#organization\"},\"image\":{\"@id\":\"https:\/\/blancfestival.com\/disenadores-tipografia\/#primaryimage\"},\"thumbnailUrl\":\"https:\/\/blancfestival.com\/wp-content\/uploads\/2021\/01\/laura-messeguer.jpg\",\"articleSection\":[\"Blanc Basics\",\"Dise\u00f1o Gr\u00e1fico\"],\"inLanguage\":\"ca\",\"potentialAction\":[{\"@type\":\"CommentAction\",\"name\":\"Comment\",\"target\":[\"https:\/\/blancfestival.com\/disenadores-tipografia\/#respond\"]}]},{\"@type\":\"WebPage\",\"@id\":\"https:\/\/blancfestival.com\/disenadores-tipografia\/\",\"url\":\"https:\/\/blancfestival.com\/disenadores-tipografia\/\",\"name\":\"Dise\u00f1adorxs de Tipograf\u00edas que debes conocer\",\"isPartOf\":{\"@id\":\"https:\/\/blancfestival.com\/#website\"},\"primaryImageOfPage\":{\"@id\":\"https:\/\/blancfestival.com\/disenadores-tipografia\/#primaryimage\"},\"image\":{\"@id\":\"https:\/\/blancfestival.com\/disenadores-tipografia\/#primaryimage\"},\"thumbnailUrl\":\"https:\/\/blancfestival.com\/wp-content\/uploads\/2021\/01\/laura-messeguer.jpg\",\"datePublished\":\"2021-02-02T12:51:36+00:00\",\"dateModified\":\"2021-02-18T17:35:54+00:00\",\"description\":\"Listado de dise\u00f1adores y dise\u00f1adoras de tipograf\u00edas m\u00e1s importantes del sector del dise\u00f1o gr\u00e1fico a nivel nacional, y de proyecci\u00f3n internacional\",\"breadcrumb\":{\"@id\":\"https:\/\/blancfestival.com\/disenadores-tipografia\/#breadcrumb\"},\"inLanguage\":\"ca\",\"potentialAction\":[{\"@type\":\"ReadAction\",\"target\":[\"https:\/\/blancfestival.com\/disenadores-tipografia\/\"]}]},{\"@type\":\"ImageObject\",\"inLanguage\":\"ca\",\"@id\":\"https:\/\/blancfestival.com\/disenadores-tipografia\/#primaryimage\",\"url\":\"https:\/\/blancfestival.com\/wp-content\/uploads\/2021\/01\/laura-messeguer.jpg\",\"contentUrl\":\"https:\/\/blancfestival.com\/wp-content\/uploads\/2021\/01\/laura-messeguer.jpg\",\"width\":900,\"height\":450,\"caption\":\"Sisters, tipograf\u00eda display\"},{\"@type\":\"BreadcrumbList\",\"@id\":\"https:\/\/blancfestival.com\/disenadores-tipografia\/#breadcrumb\",\"itemListElement\":[{\"@type\":\"ListItem\",\"position\":1,\"name\":\"Portada\",\"item\":\"https:\/\/blancfestival.com\/ca\/\"},{\"@type\":\"ListItem\",\"position\":2,\"name\":\"Dise\u00f1adores y dise\u00f1adoras de tipograf\u00edas que debes conocer\"}]},{\"@type\":\"WebSite\",\"@id\":\"https:\/\/blancfestival.com\/#website\",\"url\":\"https:\/\/blancfestival.com\/\",\"name\":\"Blanc! Festival\",\"description\":\"Disseny, Creativitat i Innovaci\u00f3\",\"publisher\":{\"@id\":\"https:\/\/blancfestival.com\/#organization\"},\"potentialAction\":[{\"@type\":\"SearchAction\",\"target\":{\"@type\":\"EntryPoint\",\"urlTemplate\":\"https:\/\/blancfestival.com\/?s={search_term_string}\"},\"query-input\":{\"@type\":\"PropertyValueSpecification\",\"valueRequired\":true,\"valueName\":\"search_term_string\"}}],\"inLanguage\":\"ca\"},{\"@type\":\"Organization\",\"@id\":\"https:\/\/blancfestival.com\/#organization\",\"name\":\"Blanc! Festival de Dise\u00f1o, Creatividad e Innovaci\u00f3n\",\"url\":\"https:\/\/blancfestival.com\/\",\"logo\":{\"@type\":\"ImageObject\",\"inLanguage\":\"ca\",\"@id\":\"https:\/\/blancfestival.com\/#\/schema\/logo\/image\/\",\"url\":\"https:\/\/blancfestival.com\/wp-content\/uploads\/2025\/01\/logo_icono_blanc.jpg\",\"contentUrl\":\"https:\/\/blancfestival.com\/wp-content\/uploads\/2025\/01\/logo_icono_blanc.jpg\",\"width\":2000,\"height\":2000,\"caption\":\"Blanc! Festival de Dise\u00f1o, Creatividad e Innovaci\u00f3n\"},\"image\":{\"@id\":\"https:\/\/blancfestival.com\/#\/schema\/logo\/image\/\"},\"sameAs\":[\"https:\/\/www.facebook.com\/blanc.festivaldissenygrafic\/\",\"https:\/\/x.com\/blancfest\",\"https:\/\/www.instagram.com\/blancfest\/\",\"https:\/\/www.linkedin.com\/company\/blanc-festival\",\"https:\/\/www.pinterest.com\/blancfest\/\",\"https:\/\/www.youtube.com\/channel\/UCM-IjxOFb5gQg4yPgmze3Gg\"]},{\"@type\":\"Person\",\"@id\":\"https:\/\/blancfestival.com\/#\/schema\/person\/1c1365d1e51e5730cf3f5fadb8670c06\",\"name\":\"Redacci\u00f3n Blanc!\",\"image\":{\"@type\":\"ImageObject\",\"inLanguage\":\"ca\",\"@id\":\"https:\/\/blancfestival.com\/#\/schema\/person\/image\/\",\"url\":\"https:\/\/blancfestival.com\/wp-content\/uploads\/2020\/02\/ico-120x120.png\",\"contentUrl\":\"https:\/\/blancfestival.com\/wp-content\/uploads\/2020\/02\/ico-120x120.png\",\"caption\":\"Redacci\u00f3n Blanc!\"},\"description\":\"\u201cNo trates de doblar la cuchara. Es imposible. En lugar de hacerlo, solo intenta darte cuenta de la verdad\u2026 No hay cuchara. Entonces, ver\u00e1s que no es la cuchara lo que se dobla, te doblas t\u00fa\u201d\"}]}<\/script>\n<!-- \/ Yoast SEO plugin. -->","yoast_head_json":{"title":"Dise\u00f1adorxs de Tipograf\u00edas que debes conocer","description":"Listado de dise\u00f1adores y dise\u00f1adoras de tipograf\u00edas m\u00e1s importantes del sector del dise\u00f1o gr\u00e1fico a nivel nacional, y de proyecci\u00f3n internacional","robots":{"index":"index","follow":"follow","max-snippet":"max-snippet:-1","max-image-preview":"max-image-preview:large","max-video-preview":"max-video-preview:-1"},"canonical":"https:\/\/blancfestival.com\/disenadores-tipografia\/","og_locale":"ca_ES","og_type":"article","og_title":"Dise\u00f1adorxs de Tipograf\u00edas que debes conocer","og_description":"Listado de dise\u00f1adores y dise\u00f1adoras de tipograf\u00edas m\u00e1s importantes del sector del dise\u00f1o gr\u00e1fico a nivel nacional, y de proyecci\u00f3n internacional","og_url":"https:\/\/blancfestival.com\/disenadores-tipografia\/","og_site_name":"Blanc!","article_publisher":"https:\/\/www.facebook.com\/blanc.festivaldissenygrafic\/","article_published_time":"2021-02-02T12:51:36+00:00","article_modified_time":"2021-02-18T17:35:54+00:00","og_image":[{"width":900,"height":450,"url":"https:\/\/blancfestival.com\/wp-content\/uploads\/2021\/01\/laura-messeguer.jpg","type":"image\/jpeg"}],"author":"Redacci\u00f3n Blanc!","twitter_card":"summary_large_image","twitter_creator":"@blancfest","twitter_site":"@blancfest","twitter_misc":{"Written by":"Redacci\u00f3n Blanc!","Est. reading time":"8 minutes"},"schema":{"@context":"https:\/\/schema.org","@graph":[{"@type":"Article","@id":"https:\/\/blancfestival.com\/disenadores-tipografia\/#article","isPartOf":{"@id":"https:\/\/blancfestival.com\/disenadores-tipografia\/"},"author":{"name":"Redacci\u00f3n Blanc!","@id":"https:\/\/blancfestival.com\/#\/schema\/person\/1c1365d1e51e5730cf3f5fadb8670c06"},"headline":"Dise\u00f1adores y dise\u00f1adoras de tipograf\u00edas que debes conocer","datePublished":"2021-02-02T12:51:36+00:00","dateModified":"2021-02-18T17:35:54+00:00","mainEntityOfPage":{"@id":"https:\/\/blancfestival.com\/disenadores-tipografia\/"},"wordCount":1571,"commentCount":0,"publisher":{"@id":"https:\/\/blancfestival.com\/#organization"},"image":{"@id":"https:\/\/blancfestival.com\/disenadores-tipografia\/#primaryimage"},"thumbnailUrl":"https:\/\/blancfestival.com\/wp-content\/uploads\/2021\/01\/laura-messeguer.jpg","articleSection":["Blanc Basics","Dise\u00f1o Gr\u00e1fico"],"inLanguage":"ca","potentialAction":[{"@type":"CommentAction","name":"Comment","target":["https:\/\/blancfestival.com\/disenadores-tipografia\/#respond"]}]},{"@type":"WebPage","@id":"https:\/\/blancfestival.com\/disenadores-tipografia\/","url":"https:\/\/blancfestival.com\/disenadores-tipografia\/","name":"Dise\u00f1adorxs de Tipograf\u00edas que debes conocer","isPartOf":{"@id":"https:\/\/blancfestival.com\/#website"},"primaryImageOfPage":{"@id":"https:\/\/blancfestival.com\/disenadores-tipografia\/#primaryimage"},"image":{"@id":"https:\/\/blancfestival.com\/disenadores-tipografia\/#primaryimage"},"thumbnailUrl":"https:\/\/blancfestival.com\/wp-content\/uploads\/2021\/01\/laura-messeguer.jpg","datePublished":"2021-02-02T12:51:36+00:00","dateModified":"2021-02-18T17:35:54+00:00","description":"Listado de dise\u00f1adores y dise\u00f1adoras de tipograf\u00edas m\u00e1s importantes del sector del dise\u00f1o gr\u00e1fico a nivel nacional, y de proyecci\u00f3n internacional","breadcrumb":{"@id":"https:\/\/blancfestival.com\/disenadores-tipografia\/#breadcrumb"},"inLanguage":"ca","potentialAction":[{"@type":"ReadAction","target":["https:\/\/blancfestival.com\/disenadores-tipografia\/"]}]},{"@type":"ImageObject","inLanguage":"ca","@id":"https:\/\/blancfestival.com\/disenadores-tipografia\/#primaryimage","url":"https:\/\/blancfestival.com\/wp-content\/uploads\/2021\/01\/laura-messeguer.jpg","contentUrl":"https:\/\/blancfestival.com\/wp-content\/uploads\/2021\/01\/laura-messeguer.jpg","width":900,"height":450,"caption":"Sisters, tipograf\u00eda display"},{"@type":"BreadcrumbList","@id":"https:\/\/blancfestival.com\/disenadores-tipografia\/#breadcrumb","itemListElement":[{"@type":"ListItem","position":1,"name":"Portada","item":"https:\/\/blancfestival.com\/ca\/"},{"@type":"ListItem","position":2,"name":"Dise\u00f1adores y dise\u00f1adoras de tipograf\u00edas que debes conocer"}]},{"@type":"WebSite","@id":"https:\/\/blancfestival.com\/#website","url":"https:\/\/blancfestival.com\/","name":"Blanc! Festival","description":"Disseny, Creativitat i Innovaci\u00f3","publisher":{"@id":"https:\/\/blancfestival.com\/#organization"},"potentialAction":[{"@type":"SearchAction","target":{"@type":"EntryPoint","urlTemplate":"https:\/\/blancfestival.com\/?s={search_term_string}"},"query-input":{"@type":"PropertyValueSpecification","valueRequired":true,"valueName":"search_term_string"}}],"inLanguage":"ca"},{"@type":"Organization","@id":"https:\/\/blancfestival.com\/#organization","name":"Blanc! Festival de Dise\u00f1o, Creatividad e Innovaci\u00f3n","url":"https:\/\/blancfestival.com\/","logo":{"@type":"ImageObject","inLanguage":"ca","@id":"https:\/\/blancfestival.com\/#\/schema\/logo\/image\/","url":"https:\/\/blancfestival.com\/wp-content\/uploads\/2025\/01\/logo_icono_blanc.jpg","contentUrl":"https:\/\/blancfestival.com\/wp-content\/uploads\/2025\/01\/logo_icono_blanc.jpg","width":2000,"height":2000,"caption":"Blanc! Festival de Dise\u00f1o, Creatividad e Innovaci\u00f3n"},"image":{"@id":"https:\/\/blancfestival.com\/#\/schema\/logo\/image\/"},"sameAs":["https:\/\/www.facebook.com\/blanc.festivaldissenygrafic\/","https:\/\/x.com\/blancfest","https:\/\/www.instagram.com\/blancfest\/","https:\/\/www.linkedin.com\/company\/blanc-festival","https:\/\/www.pinterest.com\/blancfest\/","https:\/\/www.youtube.com\/channel\/UCM-IjxOFb5gQg4yPgmze3Gg"]},{"@type":"Person","@id":"https:\/\/blancfestival.com\/#\/schema\/person\/1c1365d1e51e5730cf3f5fadb8670c06","name":"Redacci\u00f3n Blanc!","image":{"@type":"ImageObject","inLanguage":"ca","@id":"https:\/\/blancfestival.com\/#\/schema\/person\/image\/","url":"https:\/\/blancfestival.com\/wp-content\/uploads\/2020\/02\/ico-120x120.png","contentUrl":"https:\/\/blancfestival.com\/wp-content\/uploads\/2020\/02\/ico-120x120.png","caption":"Redacci\u00f3n Blanc!"},"description":"\u201cNo trates de doblar la cuchara. Es imposible. En lugar de hacerlo, solo intenta darte cuenta de la verdad\u2026 No hay cuchara. Entonces, ver\u00e1s que no es la cuchara lo que se dobla, te doblas t\u00fa\u201d"}]}},"_links":{"self":[{"href":"https:\/\/blancfestival.com\/ca\/wp-json\/wp\/v2\/posts\/5338","targetHints":{"allow":["GET"]}}],"collection":[{"href":"https:\/\/blancfestival.com\/ca\/wp-json\/wp\/v2\/posts"}],"about":[{"href":"https:\/\/blancfestival.com\/ca\/wp-json\/wp\/v2\/types\/post"}],"author":[{"embeddable":true,"href":"https:\/\/blancfestival.com\/ca\/wp-json\/wp\/v2\/users\/3"}],"replies":[{"embeddable":true,"href":"https:\/\/blancfestival.com\/ca\/wp-json\/wp\/v2\/comments?post=5338"}],"version-history":[{"count":24,"href":"https:\/\/blancfestival.com\/ca\/wp-json\/wp\/v2\/posts\/5338\/revisions"}],"predecessor-version":[{"id":5470,"href":"https:\/\/blancfestival.com\/ca\/wp-json\/wp\/v2\/posts\/5338\/revisions\/5470"}],"wp:featuredmedia":[{"embeddable":true,"href":"https:\/\/blancfestival.com\/ca\/wp-json\/wp\/v2\/media\/5329"}],"wp:attachment":[{"href":"https:\/\/blancfestival.com\/ca\/wp-json\/wp\/v2\/media?parent=5338"}],"wp:term":[{"taxonomy":"category","embeddable":true,"href":"https:\/\/blancfestival.com\/ca\/wp-json\/wp\/v2\/categories?post=5338"},{"taxonomy":"post_tag","embeddable":true,"href":"https:\/\/blancfestival.com\/ca\/wp-json\/wp\/v2\/tags?post=5338"},{"taxonomy":"evento","embeddable":true,"href":"https:\/\/blancfestival.com\/ca\/wp-json\/wp\/v2\/evento?post=5338"}],"curies":[{"name":"wp","href":"https:\/\/api.w.org\/{rel}","templated":true}]}}