{"id":5588,"date":"2021-03-17T10:49:18","date_gmt":"2021-03-17T09:49:18","guid":{"rendered":"https:\/\/blancfestival.com\/?p=5588"},"modified":"2024-04-16T20:09:57","modified_gmt":"2024-04-16T18:09:57","slug":"tarifa-diseno-grafico-cobrar","status":"publish","type":"post","link":"https:\/\/blancfestival.com\/ca\/tarifa-diseno-grafico-cobrar\/","title":{"rendered":"C\u00f3mo calcular tu tarifa en dise\u00f1o"},"content":{"rendered":"<p>Culturalmente, <strong>hablar de lo que cobras es casi un tema tab\u00fa.<\/strong> Estamos m\u00e1s abiertos a hablar de sexo o de religi\u00f3n que de la econom\u00eda personal, y eso a veces es contraproducente porque en ciertos sectores, como el creativo, los baremos son muy amplios. No hay un precio definido o tarifa en las que podamos apoyarnos, y que nos sirva de gu\u00eda para calcular nuestro primer presupuesto de un proyecto.<\/p>\n<p>Las <strong>profesiones creativas<\/strong> son <strong>dif\u00edciles de cuantificar<\/strong>, pero ni mucho menos imposible. \u00bfQu\u00e9 ser\u00eda del mundo sin comunicaci\u00f3n visual? El dise\u00f1o gr\u00e1fico tiene un valor indiscutible, presente en nuestro d\u00eda a d\u00eda y por eso es importante hacer valer nuestro trabajo.<\/p>\n<p>&nbsp;<\/p>\n<p><img loading=\"lazy\" decoding=\"async\" width=\"700\" height=\"350\" class=\"alignnone size-full wp-image-5594\" src=\"https:\/\/blancfestival.com\/wp-content\/uploads\/2021\/03\/calcular.jpg\" alt=\"\" srcset=\"https:\/\/blancfestival.com\/wp-content\/uploads\/2021\/03\/calcular.jpg 700w, https:\/\/blancfestival.com\/wp-content\/uploads\/2021\/03\/calcular-250x125.jpg 250w, https:\/\/blancfestival.com\/wp-content\/uploads\/2021\/03\/calcular-120x60.jpg 120w\" sizes=\"auto, (max-width: 700px) 100vw, 700px\" \/><\/p>\n<p>&nbsp;<\/p>\n<p><strong>\u00bfQu\u00e9 precio me pongo?<\/strong> Ponerse un \u00fanico precio puede ser complicado: cada trabajo y cada cliente es un mundo y la dedicaci\u00f3n que necesitar\u00e1s para un proyecto u otro puede ser muy diferente dependiendo de gran cantidad de factores: \u00bfSer\u00e1 una colaboraci\u00f3n continuada durante mucho tiempo? \u00bfTienes unas directrices claras? \u00bfTu tarea ser\u00e1 de apoyo o liderazgo en el proyecto?<\/p>\n<p>En dise\u00f1o gr\u00e1fico <strong>ser\u00eda complicado establecer una \u00fanica tarifa<\/strong>, es por eso que conviene analizar al detalle cada caso para encontrar el precio justo y exacto. Para ello, jugaremos con 7 factores clave.<\/p>\n<p>&nbsp;<\/p>\n<h2><\/h2>\n<h2>\u00bfQu\u00e9 incluye el precio de un dise\u00f1o?<\/h2>\n<p>A continuaci\u00f3n te explicamos los 7 consejos que te recomendamos para calcular tu tarifa:<\/p>\n<p>&nbsp;<\/p>\n<h2>1. La complejidad y laboriosidad<\/h2>\n<p>No todos los trabajos tienen el mismo nivel de dificultad, y habr\u00e1 proyectos m\u00e1s sencillos que otros. Pero\u2026 \u00a1ojo! La complejidad de un trabajo no siempre es equivalente al tiempo en el que un dise\u00f1ador puede tardar en resolverlo. Es decir, para llegar a un nivel de maestr\u00eda, el dise\u00f1ador ha invertido un tiempo y dinero en aprender, practicar, y formarse en la materia, por lo que el precio de un dise\u00f1o tambi\u00e9n incluye todo este bagaje y experiencia previa.<\/p>\n<h2><\/h2>\n<h2>2. El valor de tu sello<\/h2>\n<p>A veces, el valor de un dise\u00f1o viene tambi\u00e9n asociado al valor de la marca de un estudio o un dise\u00f1ador concreto. \u00bfAlguna vez has escogido una pel\u00edcula solo por un actor o actriz? En dise\u00f1o pasa un poco lo mismo: el precio de un dise\u00f1ador es tambi\u00e9n los valores que transmite. \u00bfAcaso una actriz de cine famosa cobra por las horas que trabaja en una pel\u00edcula, o un artista cobra por las 3 horas que le llev\u00f3 pintar una obra? Es el valor de las cosas las que tienen un precio, y si el cliente no puede ver el valor del dise\u00f1o no pierdas tiempo en &#8220;educar al cliente&#8221;.<\/p>\n<h2><\/h2>\n<h2>3. Herramientas utilizadas<\/h2>\n<p>Al igual que el carpintero necesita madera y sierra, los dise\u00f1adores gr\u00e1ficos tambi\u00e9n tenemos nuestros propios <em>gadgets<\/em>, aunque en el espacio digital. Un dise\u00f1ador necesita software espec\u00edfico, procesadores potentes, ordenadores o tableta gr\u00e1fica\u2026 toda una serie de elementos sin los que el resultado final no podr\u00eda lucir.<\/p>\n<h2><\/h2>\n<h2>4. La experiencia es un grado<\/h2>\n<p>Un <em>portfolio<\/em> potente no solo es tu mejor carta de presentaci\u00f3n, sino que adem\u00e1s es una muestra de tus capacidades resolutivas. Aunque cada trabajo es un mundo, enfrentarte muchas veces a problemas o situaciones similares te curte como profesional y es algo que proporcionar\u00e1 seguridad de cara al cliente. Y eso, como todo, tambi\u00e9n tiene un valor.<\/p>\n<h2><\/h2>\n<h2>5. La asistencia y cambios<\/h2>\n<p>Los dise\u00f1adores gr\u00e1ficos no somos ajenos a los cambios a \u00faltima hora. Volver a trabajar una idea acabada o pulirla con nuevos ajustes es un tiempo extra que tambi\u00e9n debes valorar a la hora de hacer tus facturas.<\/p>\n<h2><\/h2>\n<h2>6. Tu implicaci\u00f3n en el proyecto<\/h2>\n<p>No es lo mismo dar un apoyo puntual que crear toda una identidad gr\u00e1fica para una marca. A veces nuestro rol, dependiendo de la experiencia o las caracter\u00edsticas particulares del encargo, puede ser determinante a la hora de marcar un precio.<\/p>\n<h2><\/h2>\n<h2>7. \u00bfCon cu\u00e1nto dinero quieres llegar a final de mes?<\/h2>\n<p>La pregunta tiene truco porque todos dir\u00edamos el m\u00e1ximo posible. En tu d\u00eda a d\u00eda tendr\u00e1s que hacer malabares con todos los elementos anteriores, pero el precio de un dise\u00f1ador tambi\u00e9n incluye otras dimensiones. Como todo <em>freelance<\/em>, ya sea dise\u00f1ador, fot\u00f3grafo o lampista, necesita cubrir una serie de necesidades que marcar\u00e1n su tarifa:<\/p>\n<p>Pero el d\u00eda a d\u00eda incluye una serie de gastos fijos a la hora de realizar tu actividad (el coste de tu ordenador, la luz, internet, licencias de programas&#8230;) que debes incluir.<\/p>\n<p>&nbsp;<\/p>\n<h2>Entonces \u00bfC\u00f3mo debo calcular mi precio si no tengo experiencia?<\/h2>\n<p>Si acabas de comenzar en esto del dise\u00f1o, lo primero que debes tener es un buen perfil en redes sociales y un portfolio que cuente lo que haces. Damos por entendido que ya lo tienes, y que tu preocupaci\u00f3n ahora es tener una base que te permita calcular el precio a cobrar. La f\u00f3rmula, por llamarlo de alguna manera, te servir\u00e1 en tus comienzos, y luego, a medida que vayas adquiriendo experiencia, y compitiendo en el mercado con otros profesionales, ir\u00e1s ajustando tu tarifa al precio m\u00e1s adecuado para ti.<\/p>\n<p>First thing first, \u00bfcu\u00e1nto quieres ganar al mes?, pon un precio (realista) a lo\u00a0 que quieres ganar al mes en tu trabajo como freelance. Lo que quede para ti una vez deducidos los impuestos, pagado aut\u00f3nomos, el espacio de trabajo (oficina, coworking&#8230;) y otros gastos como los servicios (luz, gas, internet etc). Haz un lista con todos los gastos y calcula el precio hora que deber\u00edas cobrar para llegar a esos ingresos mensuales.<\/p>\n<p><strong>Un ejemplo a grosso modo podr\u00eda ser algo as\u00ed:<\/strong><\/p>\n<ul>\n<li>Sueldo limpio: 2000\u20ac (14 pagas)<\/li>\n<li>Aut\u00f3nomos: 230\u20ac (Depende del tramo, Max 500\u20ac)<\/li>\n<li>Servicios: 150\u20ac<\/li>\n<li>Alquiler espacio: 150\u20ac<\/li>\n<li>Material y equipamiento: 150\u20ac<\/li>\n<li>Movilidad y dietas: 300\u20ac<\/li>\n<li>Impuestos: 150\u20ac (IRPF y otros)<\/li>\n<\/ul>\n<p>Obviamente cada caso ser\u00e1 diferente, pero seg\u00fan el ejemplo, este freelance tendr\u00eda un gasto mensual de 3736\u20ac. Este importe deber\u00edas dividirlo por las horas al mes que quieres trabajar. Si tomamos como ejemplo la jornada habitual de 4o horas semanales, nos saldr\u00eda un precio hora de unos 23,35\u20ac. Y esto teniendo en cuenta que todas las horas que trabajas son facturables. Si haces cursos, formaciones, o dedicas tiempo a asistir a eventos, hacer networking, etc, ya no estar\u00e1s dedicando las 40 horas a los clientes. Un precio hora entre los 40\u20ac y los 60\u20ac estar\u00eda m\u00e1s o menos dentro del rango ideal para asegurarte un sueldo decente a finales de mes.<\/p>\n<p>Por lo tanto, a la hora de calcular un presupuesto, es muy importante que calcules las horas que podr\u00eda llevarte, incluidas las horas dedicadas a reuniones, desplazamientos, etc. Ser\u00e1 una base para que comiences a planificar tu tarifa como dise\u00f1ador o dise\u00f1adora gr\u00e1fica.<\/p>\n<p>Con el tiempo, ir\u00e1s ajustando mejor el precio de tu trabajo, y ya entrar\u00e1n otras variables como el valor de tus servicios (calidad, rapidez, experticia), el tipo de cliente, los proyectos en colaboraci\u00f3n, etc, etc. Pero creemos que con esto ser\u00e1 m\u00e1s que suficiente para que puedas comenzar tu carrera profesional con buen pie, y cobrando un precio justo que te permita vivir de lo que m\u00e1s te gusta hacer.<\/p>\n<p>&nbsp;<\/p>\n<p>&nbsp;<\/p>\n","protected":false},"excerpt":{"rendered":"Culturalmente, hablar de lo que cobras es casi un tema tab\u00fa. Estamos m\u00e1s abiertos a hablar de sexo o de religi\u00f3n que de la econom\u00eda personal, y eso a veces es contraproducente porque en ciertos sectores, como el creativo, los baremos son muy amplios. No hay un precio definido o tarifa en las que podamos&hellip;","protected":false},"author":3,"featured_media":5594,"comment_status":"open","ping_status":"open","sticky":false,"template":"","format":"standard","meta":{"_acf_changed":false,"footnotes":""},"categories":[152],"tags":[],"evento":[],"class_list":["post-5588","post","type-post","status-publish","format-standard","has-post-thumbnail","hentry","category-blanc-basics"],"acf":[],"yoast_head":"<!-- This site is optimized with the Yoast SEO plugin v23.7 - https:\/\/yoast.com\/wordpress\/plugins\/seo\/ -->\n<title>\u25ba Cu\u00e1nto Cobrar en Dise\u00f1o Gr\u00e1fico en\u3010 2026 \u3011<\/title>\n<meta name=\"description\" content=\"\u25ba\u00bfCu\u00e1nto Dinero Cobrar a mis Clientes?\u25c4 Aqu\u00ed te explicamos c\u00f3mo calcular tus primeros presupuestos de Dise\u00f1o Gr\u00e1fico \u2705\" \/>\n<meta name=\"robots\" content=\"index, follow, max-snippet:-1, max-image-preview:large, max-video-preview:-1\" \/>\n<link rel=\"canonical\" href=\"https:\/\/blancfestival.com\/tarifa-diseno-grafico-cobrar\/\" \/>\n<meta property=\"og:locale\" content=\"ca_ES\" \/>\n<meta property=\"og:type\" content=\"article\" \/>\n<meta property=\"og:title\" content=\"\u25ba Cu\u00e1nto Cobrar en Dise\u00f1o Gr\u00e1fico en\u3010 2026 \u3011\" \/>\n<meta property=\"og:description\" content=\"\u25ba\u00bfCu\u00e1nto Dinero Cobrar a mis Clientes?\u25c4 Aqu\u00ed te explicamos c\u00f3mo calcular tus primeros presupuestos de Dise\u00f1o Gr\u00e1fico \u2705\" \/>\n<meta property=\"og:url\" content=\"https:\/\/blancfestival.com\/tarifa-diseno-grafico-cobrar\/\" \/>\n<meta property=\"og:site_name\" content=\"Blanc!\" \/>\n<meta property=\"article:publisher\" content=\"https:\/\/www.facebook.com\/blanc.festivaldissenygrafic\/\" \/>\n<meta property=\"article:published_time\" content=\"2021-03-17T09:49:18+00:00\" \/>\n<meta property=\"article:modified_time\" content=\"2024-04-16T18:09:57+00:00\" \/>\n<meta property=\"og:image\" content=\"https:\/\/blancfestival.com\/wp-content\/uploads\/2021\/03\/calcular.jpg\" \/>\n\t<meta property=\"og:image:width\" content=\"700\" \/>\n\t<meta property=\"og:image:height\" content=\"350\" \/>\n\t<meta property=\"og:image:type\" content=\"image\/jpeg\" \/>\n<meta name=\"author\" content=\"Redacci\u00f3n Blanc!\" \/>\n<meta name=\"twitter:card\" content=\"summary_large_image\" \/>\n<meta name=\"twitter:creator\" content=\"@blancfest\" \/>\n<meta name=\"twitter:site\" content=\"@blancfest\" \/>\n<meta name=\"twitter:label1\" content=\"Written by\" \/>\n\t<meta name=\"twitter:data1\" content=\"Redacci\u00f3n Blanc!\" \/>\n\t<meta name=\"twitter:label2\" content=\"Est. reading time\" \/>\n\t<meta name=\"twitter:data2\" content=\"6 minutes\" \/>\n<script type=\"application\/ld+json\" class=\"yoast-schema-graph\">{\"@context\":\"https:\/\/schema.org\",\"@graph\":[{\"@type\":\"Article\",\"@id\":\"https:\/\/blancfestival.com\/tarifa-diseno-grafico-cobrar\/#article\",\"isPartOf\":{\"@id\":\"https:\/\/blancfestival.com\/tarifa-diseno-grafico-cobrar\/\"},\"author\":{\"name\":\"Redacci\u00f3n Blanc!\",\"@id\":\"https:\/\/blancfestival.com\/#\/schema\/person\/1c1365d1e51e5730cf3f5fadb8670c06\"},\"headline\":\"C\u00f3mo calcular tu tarifa en dise\u00f1o\",\"datePublished\":\"2021-03-17T09:49:18+00:00\",\"dateModified\":\"2024-04-16T18:09:57+00:00\",\"mainEntityOfPage\":{\"@id\":\"https:\/\/blancfestival.com\/tarifa-diseno-grafico-cobrar\/\"},\"wordCount\":1241,\"commentCount\":0,\"publisher\":{\"@id\":\"https:\/\/blancfestival.com\/#organization\"},\"image\":{\"@id\":\"https:\/\/blancfestival.com\/tarifa-diseno-grafico-cobrar\/#primaryimage\"},\"thumbnailUrl\":\"https:\/\/blancfestival.com\/wp-content\/uploads\/2021\/03\/calcular.jpg\",\"articleSection\":[\"Blanc Basics\"],\"inLanguage\":\"ca\",\"potentialAction\":[{\"@type\":\"CommentAction\",\"name\":\"Comment\",\"target\":[\"https:\/\/blancfestival.com\/tarifa-diseno-grafico-cobrar\/#respond\"]}]},{\"@type\":\"WebPage\",\"@id\":\"https:\/\/blancfestival.com\/tarifa-diseno-grafico-cobrar\/\",\"url\":\"https:\/\/blancfestival.com\/tarifa-diseno-grafico-cobrar\/\",\"name\":\"\u25ba Cu\u00e1nto Cobrar en Dise\u00f1o Gr\u00e1fico en\u3010 2026 \u3011\",\"isPartOf\":{\"@id\":\"https:\/\/blancfestival.com\/#website\"},\"primaryImageOfPage\":{\"@id\":\"https:\/\/blancfestival.com\/tarifa-diseno-grafico-cobrar\/#primaryimage\"},\"image\":{\"@id\":\"https:\/\/blancfestival.com\/tarifa-diseno-grafico-cobrar\/#primaryimage\"},\"thumbnailUrl\":\"https:\/\/blancfestival.com\/wp-content\/uploads\/2021\/03\/calcular.jpg\",\"datePublished\":\"2021-03-17T09:49:18+00:00\",\"dateModified\":\"2024-04-16T18:09:57+00:00\",\"description\":\"\u25ba\u00bfCu\u00e1nto Dinero Cobrar a mis Clientes?\u25c4 Aqu\u00ed te explicamos c\u00f3mo calcular tus primeros presupuestos de Dise\u00f1o Gr\u00e1fico \u2705\",\"breadcrumb\":{\"@id\":\"https:\/\/blancfestival.com\/tarifa-diseno-grafico-cobrar\/#breadcrumb\"},\"inLanguage\":\"ca\",\"potentialAction\":[{\"@type\":\"ReadAction\",\"target\":[\"https:\/\/blancfestival.com\/tarifa-diseno-grafico-cobrar\/\"]}]},{\"@type\":\"ImageObject\",\"inLanguage\":\"ca\",\"@id\":\"https:\/\/blancfestival.com\/tarifa-diseno-grafico-cobrar\/#primaryimage\",\"url\":\"https:\/\/blancfestival.com\/wp-content\/uploads\/2021\/03\/calcular.jpg\",\"contentUrl\":\"https:\/\/blancfestival.com\/wp-content\/uploads\/2021\/03\/calcular.jpg\",\"width\":700,\"height\":350,\"caption\":\"Unrecognizable businessman using calculator to find out income and outcome. He counting company finances. Male hands with pen pushing button at desk. Investment or paperwork concept\"},{\"@type\":\"BreadcrumbList\",\"@id\":\"https:\/\/blancfestival.com\/tarifa-diseno-grafico-cobrar\/#breadcrumb\",\"itemListElement\":[{\"@type\":\"ListItem\",\"position\":1,\"name\":\"Portada\",\"item\":\"https:\/\/blancfestival.com\/ca\/\"},{\"@type\":\"ListItem\",\"position\":2,\"name\":\"C\u00f3mo calcular tu tarifa en dise\u00f1o\"}]},{\"@type\":\"WebSite\",\"@id\":\"https:\/\/blancfestival.com\/#website\",\"url\":\"https:\/\/blancfestival.com\/\",\"name\":\"Blanc! Festival\",\"description\":\"Disseny, Creativitat i Innovaci\u00f3\",\"publisher\":{\"@id\":\"https:\/\/blancfestival.com\/#organization\"},\"potentialAction\":[{\"@type\":\"SearchAction\",\"target\":{\"@type\":\"EntryPoint\",\"urlTemplate\":\"https:\/\/blancfestival.com\/?s={search_term_string}\"},\"query-input\":{\"@type\":\"PropertyValueSpecification\",\"valueRequired\":true,\"valueName\":\"search_term_string\"}}],\"inLanguage\":\"ca\"},{\"@type\":\"Organization\",\"@id\":\"https:\/\/blancfestival.com\/#organization\",\"name\":\"Blanc! Festival de Dise\u00f1o, Creatividad e Innovaci\u00f3n\",\"url\":\"https:\/\/blancfestival.com\/\",\"logo\":{\"@type\":\"ImageObject\",\"inLanguage\":\"ca\",\"@id\":\"https:\/\/blancfestival.com\/#\/schema\/logo\/image\/\",\"url\":\"https:\/\/blancfestival.com\/wp-content\/uploads\/2025\/01\/logo_icono_blanc.jpg\",\"contentUrl\":\"https:\/\/blancfestival.com\/wp-content\/uploads\/2025\/01\/logo_icono_blanc.jpg\",\"width\":2000,\"height\":2000,\"caption\":\"Blanc! Festival de Dise\u00f1o, Creatividad e Innovaci\u00f3n\"},\"image\":{\"@id\":\"https:\/\/blancfestival.com\/#\/schema\/logo\/image\/\"},\"sameAs\":[\"https:\/\/www.facebook.com\/blanc.festivaldissenygrafic\/\",\"https:\/\/x.com\/blancfest\",\"https:\/\/www.instagram.com\/blancfest\/\",\"https:\/\/www.linkedin.com\/company\/blanc-festival\",\"https:\/\/www.pinterest.com\/blancfest\/\",\"https:\/\/www.youtube.com\/channel\/UCM-IjxOFb5gQg4yPgmze3Gg\"]},{\"@type\":\"Person\",\"@id\":\"https:\/\/blancfestival.com\/#\/schema\/person\/1c1365d1e51e5730cf3f5fadb8670c06\",\"name\":\"Redacci\u00f3n Blanc!\",\"image\":{\"@type\":\"ImageObject\",\"inLanguage\":\"ca\",\"@id\":\"https:\/\/blancfestival.com\/#\/schema\/person\/image\/\",\"url\":\"https:\/\/blancfestival.com\/wp-content\/uploads\/2020\/02\/ico-120x120.png\",\"contentUrl\":\"https:\/\/blancfestival.com\/wp-content\/uploads\/2020\/02\/ico-120x120.png\",\"caption\":\"Redacci\u00f3n Blanc!\"},\"description\":\"\u201cNo trates de doblar la cuchara. Es imposible. En lugar de hacerlo, solo intenta darte cuenta de la verdad\u2026 No hay cuchara. Entonces, ver\u00e1s que no es la cuchara lo que se dobla, te doblas t\u00fa\u201d\"}]}<\/script>\n<!-- \/ Yoast SEO plugin. -->","yoast_head_json":{"title":"\u25ba Cu\u00e1nto Cobrar en Dise\u00f1o Gr\u00e1fico en\u3010 2026 \u3011","description":"\u25ba\u00bfCu\u00e1nto Dinero Cobrar a mis Clientes?\u25c4 Aqu\u00ed te explicamos c\u00f3mo calcular tus primeros presupuestos de Dise\u00f1o Gr\u00e1fico \u2705","robots":{"index":"index","follow":"follow","max-snippet":"max-snippet:-1","max-image-preview":"max-image-preview:large","max-video-preview":"max-video-preview:-1"},"canonical":"https:\/\/blancfestival.com\/tarifa-diseno-grafico-cobrar\/","og_locale":"ca_ES","og_type":"article","og_title":"\u25ba Cu\u00e1nto Cobrar en Dise\u00f1o Gr\u00e1fico en\u3010 2026 \u3011","og_description":"\u25ba\u00bfCu\u00e1nto Dinero Cobrar a mis Clientes?\u25c4 Aqu\u00ed te explicamos c\u00f3mo calcular tus primeros presupuestos de Dise\u00f1o Gr\u00e1fico \u2705","og_url":"https:\/\/blancfestival.com\/tarifa-diseno-grafico-cobrar\/","og_site_name":"Blanc!","article_publisher":"https:\/\/www.facebook.com\/blanc.festivaldissenygrafic\/","article_published_time":"2021-03-17T09:49:18+00:00","article_modified_time":"2024-04-16T18:09:57+00:00","og_image":[{"width":700,"height":350,"url":"https:\/\/blancfestival.com\/wp-content\/uploads\/2021\/03\/calcular.jpg","type":"image\/jpeg"}],"author":"Redacci\u00f3n Blanc!","twitter_card":"summary_large_image","twitter_creator":"@blancfest","twitter_site":"@blancfest","twitter_misc":{"Written by":"Redacci\u00f3n Blanc!","Est. reading time":"6 minutes"},"schema":{"@context":"https:\/\/schema.org","@graph":[{"@type":"Article","@id":"https:\/\/blancfestival.com\/tarifa-diseno-grafico-cobrar\/#article","isPartOf":{"@id":"https:\/\/blancfestival.com\/tarifa-diseno-grafico-cobrar\/"},"author":{"name":"Redacci\u00f3n Blanc!","@id":"https:\/\/blancfestival.com\/#\/schema\/person\/1c1365d1e51e5730cf3f5fadb8670c06"},"headline":"C\u00f3mo calcular tu tarifa en dise\u00f1o","datePublished":"2021-03-17T09:49:18+00:00","dateModified":"2024-04-16T18:09:57+00:00","mainEntityOfPage":{"@id":"https:\/\/blancfestival.com\/tarifa-diseno-grafico-cobrar\/"},"wordCount":1241,"commentCount":0,"publisher":{"@id":"https:\/\/blancfestival.com\/#organization"},"image":{"@id":"https:\/\/blancfestival.com\/tarifa-diseno-grafico-cobrar\/#primaryimage"},"thumbnailUrl":"https:\/\/blancfestival.com\/wp-content\/uploads\/2021\/03\/calcular.jpg","articleSection":["Blanc Basics"],"inLanguage":"ca","potentialAction":[{"@type":"CommentAction","name":"Comment","target":["https:\/\/blancfestival.com\/tarifa-diseno-grafico-cobrar\/#respond"]}]},{"@type":"WebPage","@id":"https:\/\/blancfestival.com\/tarifa-diseno-grafico-cobrar\/","url":"https:\/\/blancfestival.com\/tarifa-diseno-grafico-cobrar\/","name":"\u25ba Cu\u00e1nto Cobrar en Dise\u00f1o Gr\u00e1fico en\u3010 2026 \u3011","isPartOf":{"@id":"https:\/\/blancfestival.com\/#website"},"primaryImageOfPage":{"@id":"https:\/\/blancfestival.com\/tarifa-diseno-grafico-cobrar\/#primaryimage"},"image":{"@id":"https:\/\/blancfestival.com\/tarifa-diseno-grafico-cobrar\/#primaryimage"},"thumbnailUrl":"https:\/\/blancfestival.com\/wp-content\/uploads\/2021\/03\/calcular.jpg","datePublished":"2021-03-17T09:49:18+00:00","dateModified":"2024-04-16T18:09:57+00:00","description":"\u25ba\u00bfCu\u00e1nto Dinero Cobrar a mis Clientes?\u25c4 Aqu\u00ed te explicamos c\u00f3mo calcular tus primeros presupuestos de Dise\u00f1o Gr\u00e1fico \u2705","breadcrumb":{"@id":"https:\/\/blancfestival.com\/tarifa-diseno-grafico-cobrar\/#breadcrumb"},"inLanguage":"ca","potentialAction":[{"@type":"ReadAction","target":["https:\/\/blancfestival.com\/tarifa-diseno-grafico-cobrar\/"]}]},{"@type":"ImageObject","inLanguage":"ca","@id":"https:\/\/blancfestival.com\/tarifa-diseno-grafico-cobrar\/#primaryimage","url":"https:\/\/blancfestival.com\/wp-content\/uploads\/2021\/03\/calcular.jpg","contentUrl":"https:\/\/blancfestival.com\/wp-content\/uploads\/2021\/03\/calcular.jpg","width":700,"height":350,"caption":"Unrecognizable businessman using calculator to find out income and outcome. He counting company finances. Male hands with pen pushing button at desk. Investment or paperwork concept"},{"@type":"BreadcrumbList","@id":"https:\/\/blancfestival.com\/tarifa-diseno-grafico-cobrar\/#breadcrumb","itemListElement":[{"@type":"ListItem","position":1,"name":"Portada","item":"https:\/\/blancfestival.com\/ca\/"},{"@type":"ListItem","position":2,"name":"C\u00f3mo calcular tu tarifa en dise\u00f1o"}]},{"@type":"WebSite","@id":"https:\/\/blancfestival.com\/#website","url":"https:\/\/blancfestival.com\/","name":"Blanc! Festival","description":"Disseny, Creativitat i Innovaci\u00f3","publisher":{"@id":"https:\/\/blancfestival.com\/#organization"},"potentialAction":[{"@type":"SearchAction","target":{"@type":"EntryPoint","urlTemplate":"https:\/\/blancfestival.com\/?s={search_term_string}"},"query-input":{"@type":"PropertyValueSpecification","valueRequired":true,"valueName":"search_term_string"}}],"inLanguage":"ca"},{"@type":"Organization","@id":"https:\/\/blancfestival.com\/#organization","name":"Blanc! Festival de Dise\u00f1o, Creatividad e Innovaci\u00f3n","url":"https:\/\/blancfestival.com\/","logo":{"@type":"ImageObject","inLanguage":"ca","@id":"https:\/\/blancfestival.com\/#\/schema\/logo\/image\/","url":"https:\/\/blancfestival.com\/wp-content\/uploads\/2025\/01\/logo_icono_blanc.jpg","contentUrl":"https:\/\/blancfestival.com\/wp-content\/uploads\/2025\/01\/logo_icono_blanc.jpg","width":2000,"height":2000,"caption":"Blanc! Festival de Dise\u00f1o, Creatividad e Innovaci\u00f3n"},"image":{"@id":"https:\/\/blancfestival.com\/#\/schema\/logo\/image\/"},"sameAs":["https:\/\/www.facebook.com\/blanc.festivaldissenygrafic\/","https:\/\/x.com\/blancfest","https:\/\/www.instagram.com\/blancfest\/","https:\/\/www.linkedin.com\/company\/blanc-festival","https:\/\/www.pinterest.com\/blancfest\/","https:\/\/www.youtube.com\/channel\/UCM-IjxOFb5gQg4yPgmze3Gg"]},{"@type":"Person","@id":"https:\/\/blancfestival.com\/#\/schema\/person\/1c1365d1e51e5730cf3f5fadb8670c06","name":"Redacci\u00f3n Blanc!","image":{"@type":"ImageObject","inLanguage":"ca","@id":"https:\/\/blancfestival.com\/#\/schema\/person\/image\/","url":"https:\/\/blancfestival.com\/wp-content\/uploads\/2020\/02\/ico-120x120.png","contentUrl":"https:\/\/blancfestival.com\/wp-content\/uploads\/2020\/02\/ico-120x120.png","caption":"Redacci\u00f3n Blanc!"},"description":"\u201cNo trates de doblar la cuchara. Es imposible. En lugar de hacerlo, solo intenta darte cuenta de la verdad\u2026 No hay cuchara. Entonces, ver\u00e1s que no es la cuchara lo que se dobla, te doblas t\u00fa\u201d"}]}},"_links":{"self":[{"href":"https:\/\/blancfestival.com\/ca\/wp-json\/wp\/v2\/posts\/5588","targetHints":{"allow":["GET"]}}],"collection":[{"href":"https:\/\/blancfestival.com\/ca\/wp-json\/wp\/v2\/posts"}],"about":[{"href":"https:\/\/blancfestival.com\/ca\/wp-json\/wp\/v2\/types\/post"}],"author":[{"embeddable":true,"href":"https:\/\/blancfestival.com\/ca\/wp-json\/wp\/v2\/users\/3"}],"replies":[{"embeddable":true,"href":"https:\/\/blancfestival.com\/ca\/wp-json\/wp\/v2\/comments?post=5588"}],"version-history":[{"count":18,"href":"https:\/\/blancfestival.com\/ca\/wp-json\/wp\/v2\/posts\/5588\/revisions"}],"predecessor-version":[{"id":15884,"href":"https:\/\/blancfestival.com\/ca\/wp-json\/wp\/v2\/posts\/5588\/revisions\/15884"}],"wp:featuredmedia":[{"embeddable":true,"href":"https:\/\/blancfestival.com\/ca\/wp-json\/wp\/v2\/media\/5594"}],"wp:attachment":[{"href":"https:\/\/blancfestival.com\/ca\/wp-json\/wp\/v2\/media?parent=5588"}],"wp:term":[{"taxonomy":"category","embeddable":true,"href":"https:\/\/blancfestival.com\/ca\/wp-json\/wp\/v2\/categories?post=5588"},{"taxonomy":"post_tag","embeddable":true,"href":"https:\/\/blancfestival.com\/ca\/wp-json\/wp\/v2\/tags?post=5588"},{"taxonomy":"evento","embeddable":true,"href":"https:\/\/blancfestival.com\/ca\/wp-json\/wp\/v2\/evento?post=5588"}],"curies":[{"name":"wp","href":"https:\/\/api.w.org\/{rel}","templated":true}]}}