{"id":564,"date":"2020-03-03T08:29:18","date_gmt":"2020-03-03T08:29:18","guid":{"rendered":"https:\/\/blancfestival.com\/?p=564"},"modified":"2020-03-18T05:42:49","modified_gmt":"2020-03-18T05:42:49","slug":"economia-circular-y-diseno","status":"publish","type":"post","link":"https:\/\/blancfestival.com\/ca\/economia-circular-y-diseno\/","title":{"rendered":"Econom\u00eda circular y dise\u00f1o"},"content":{"rendered":"<p>La llamada <strong>\u201cEconom\u00eda Circular\u201d<\/strong> es un m\u00e9todo de producci\u00f3n y consumo que implica aprovechar al m\u00e1ximo los recursos materiales, reduciendo la entrada de nueva materia prima y evitando la producci\u00f3n de desechos. Ya sea alargando la vida \u00fatil del material (con una segunda funci\u00f3n) o bien como parte de un proceso de transformaci\u00f3n que le confiere un nuevo uso.<\/p>\n<p>De esta manera, los materiales pueden reutilizarse una y otra vez, evitando el \u201cusar y tirar\u201d del modelo lineal tradicional, creando valores adicionales de responsabilidad social y medioambiental.<br \/>\nPor otra parte, la escasez de materiales y recursos es cada vez m\u00e1s evidente. Y llegar\u00e1 el d\u00eda en que no tengamos m\u00e1s remedio que transformar los procesos de producci\u00f3n para adecuarse a un sistema c\u00edclico de uso de la materia prima.<\/p>\n<p><strong>Ventajas de una econom\u00eda circular<\/strong><\/p>\n<ul>\n<li>Reutilizaci\u00f3n de materiales.<\/li>\n<li>Soluci\u00f3n ante la escasez de recursos materiales.<\/li>\n<li>No dependencia de otros pa\u00edses para la obtenci\u00f3n de materia prima.<\/li>\n<li>Reduce las emisiones de CO2, disminuyendo considerablemente el impacto en el medio ambiente.<\/li>\n<li>Un ahorro de m\u00e1s de 600.000 millones de euros para las empresas de la UE.<\/li>\n<li>Valores a\u00f1adidos de sostenibilidad y responsabilidad social.<\/li>\n<\/ul>\n<h2>\u00bfY qu\u00e9 tiene que ver la econom\u00eda circular, la creatividad y el dise\u00f1o?<\/h2>\n<p>Pues todo, porque el dise\u00f1o es el punto inicial de una cadena de producci\u00f3n de un objeto. Desde que tenemos la hoja en blanco delante, deber\u00edamos pensar en la huella ecol\u00f3gica que dejar\u00eda el objeto que vamos a crear. Lo que a\u00f1adir\u00eda adem\u00e1s, valores de sostenibilidad al proyecto y la propia marca que lo firma.<\/p>\n<p>Lo \u201csostenible\u201d o \u201csustentable\u201d en la producci\u00f3n de objetos, est\u00e1 dejando de ser un mero concepto utilizado para a\u00f1adir valor a las marcas, para convertirse en una necesidad en s\u00ed misma, consecuencia de la cada vez m\u00e1s escasez de materia prima.<\/p>\n<p>Y es algo que ya est\u00e1 pasando en la industria del dise\u00f1o. Los dise\u00f1adores de hoy en d\u00eda estamos m\u00e1s concienciados con la sociedad y el medio ambiente, desde los peque\u00f1os actos del d\u00eda a d\u00eda, hasta las repercusiones que nuestros proyectos podr\u00edan tener para con el medio ambiente y la sociedad.<\/p>\n<p>Prueba de ello son estos proyectos donde se puede ver c\u00f3mo se aplican conceptos de econom\u00eda circular, a\u00f1adiendo valores de sostenibilidad e innovaci\u00f3n a la marca.<\/p>\n<h2>Dos ejemplos de dise\u00f1o y econom\u00eda circular<\/h2>\n<p><strong>Packaging Slowmov por N\u00faria Vila<\/strong><br \/>\nSlowmov es una cafeter\u00eda barcelonesa que trabajan con caf\u00e9 de especialidad. Con valores muy arraigados de sostenibilidad y respeto por el medio ambiente. Y encargaron a la dise\u00f1adora N\u00faria Vila el dise\u00f1o de un packaging de materiales compostables, o lo que viene siendo lo mismo, biodegradables en un t\u00e9rmino de entre 8 a 12 semanas (un packaging de papel \u2018normal\u2019 tarda como m\u00ednimo 1 a\u00f1o en degradarse completamente. Y s\u00f3lo si se cumplen las condiciones id\u00f3neas: sobre la tierra, a la intemperie y en un lugar donde llueve. En lugares secos puede tardar varios miles de a\u00f1os)<\/p>\n<p>Para la impresi\u00f3n, se utiliz\u00f3 el poso del caf\u00e9, que normalmente se desecha, como base para fabricar tinta de caf\u00e9 que se utiliz\u00f3 para estampar las bolsas de papel (claro ejemplo de econom\u00eda circular). Se utiliz\u00f3 adem\u00e1s un papel compostable, que se biodegrada al mismo tiempo que una c\u00e1scara de una fruta, 180 d\u00edas. Para el etiquetado se utiliz\u00f3 papel reciclado y pegamento sin disolventes.<\/p>\n<p><img loading=\"lazy\" decoding=\"async\" width=\"600\" height=\"400\" class=\"alignnone size-full wp-image-571\" src=\"https:\/\/blancfestival.com\/wp-content\/uploads\/2020\/02\/economia-circular-diseno-nuria-vila-blanc-2.jpg\" alt=\"\" srcset=\"https:\/\/blancfestival.com\/wp-content\/uploads\/2020\/02\/economia-circular-diseno-nuria-vila-blanc-2.jpg 600w, https:\/\/blancfestival.com\/wp-content\/uploads\/2020\/02\/economia-circular-diseno-nuria-vila-blanc-2-250x167.jpg 250w, https:\/\/blancfestival.com\/wp-content\/uploads\/2020\/02\/economia-circular-diseno-nuria-vila-blanc-2-120x80.jpg 120w, https:\/\/blancfestival.com\/wp-content\/uploads\/2020\/02\/economia-circular-diseno-nuria-vila-blanc-2-272x182.jpg 272w\" sizes=\"auto, (max-width: 600px) 100vw, 600px\" \/><\/p>\n<p><img loading=\"lazy\" decoding=\"async\" width=\"600\" height=\"600\" class=\"alignnone size-full wp-image-574\" src=\"https:\/\/blancfestival.com\/wp-content\/uploads\/2020\/02\/economia-circular-diseno-nuria-vila-blanc.jpg\" alt=\"\" srcset=\"https:\/\/blancfestival.com\/wp-content\/uploads\/2020\/02\/economia-circular-diseno-nuria-vila-blanc.jpg 600w, https:\/\/blancfestival.com\/wp-content\/uploads\/2020\/02\/economia-circular-diseno-nuria-vila-blanc-250x250.jpg 250w, https:\/\/blancfestival.com\/wp-content\/uploads\/2020\/02\/economia-circular-diseno-nuria-vila-blanc-150x150.jpg 150w, https:\/\/blancfestival.com\/wp-content\/uploads\/2020\/02\/economia-circular-diseno-nuria-vila-blanc-120x120.jpg 120w\" sizes=\"auto, (max-width: 600px) 100vw, 600px\" \/><\/p>\n<p>M\u00e1s info en:<br \/>\n<a href=\"https:\/\/www.nuriavila.net\/es\/http-www-nuriavila-net-es-proyectos\/slowmov\/\">www.nuriavila.net<\/a><\/p>\n<p>&nbsp;<\/p>\n<p><strong>Tinta de vino, por Ladyssenyadora<\/strong><br \/>\nEn este proyecto, el estudio de dise\u00f1o gr\u00e1fico Ladyssenyadora, tambi\u00e9n investigaron el alcance que podr\u00eda tener la impresi\u00f3n con tinta generada a partir del vino.<br \/>\nY es que igual que pasa con el caf\u00e9, utilizaron el poso del vino para elaborar una tinta con la que pudieran imprimir y serigrafiar las etiquetas de un vino.<br \/>\nDespu\u00e9s de varios intentos fallidos, descubrieron que si expon\u00edan el material a fuente de calor, el l\u00edquido residual se evaporaba, quedando un pigmento viscoso de color morado.<\/p>\n<p><img loading=\"lazy\" decoding=\"async\" width=\"600\" height=\"338\" class=\"alignnone size-full wp-image-583\" src=\"https:\/\/blancfestival.com\/wp-content\/uploads\/2020\/02\/tinta-de-vino-ladyssenyadora.jpg\" alt=\"\" srcset=\"https:\/\/blancfestival.com\/wp-content\/uploads\/2020\/02\/tinta-de-vino-ladyssenyadora.jpg 600w, https:\/\/blancfestival.com\/wp-content\/uploads\/2020\/02\/tinta-de-vino-ladyssenyadora-250x141.jpg 250w, https:\/\/blancfestival.com\/wp-content\/uploads\/2020\/02\/tinta-de-vino-ladyssenyadora-120x68.jpg 120w\" sizes=\"auto, (max-width: 600px) 100vw, 600px\" \/><\/p>\n<p><img loading=\"lazy\" decoding=\"async\" width=\"600\" height=\"400\" class=\"alignnone size-full wp-image-577\" src=\"https:\/\/blancfestival.com\/wp-content\/uploads\/2020\/02\/tinta-de-vino-ladyssenyadora-2.jpg\" alt=\"\" srcset=\"https:\/\/blancfestival.com\/wp-content\/uploads\/2020\/02\/tinta-de-vino-ladyssenyadora-2.jpg 600w, https:\/\/blancfestival.com\/wp-content\/uploads\/2020\/02\/tinta-de-vino-ladyssenyadora-2-250x167.jpg 250w, https:\/\/blancfestival.com\/wp-content\/uploads\/2020\/02\/tinta-de-vino-ladyssenyadora-2-120x80.jpg 120w, https:\/\/blancfestival.com\/wp-content\/uploads\/2020\/02\/tinta-de-vino-ladyssenyadora-2-272x182.jpg 272w\" sizes=\"auto, (max-width: 600px) 100vw, 600px\" \/><\/p>\n<p><img loading=\"lazy\" decoding=\"async\" width=\"600\" height=\"400\" class=\"alignnone size-full wp-image-580\" src=\"https:\/\/blancfestival.com\/wp-content\/uploads\/2020\/02\/tinta-de-vino-ladyssenyadora-3.jpg\" alt=\"\" srcset=\"https:\/\/blancfestival.com\/wp-content\/uploads\/2020\/02\/tinta-de-vino-ladyssenyadora-3.jpg 600w, https:\/\/blancfestival.com\/wp-content\/uploads\/2020\/02\/tinta-de-vino-ladyssenyadora-3-250x167.jpg 250w, https:\/\/blancfestival.com\/wp-content\/uploads\/2020\/02\/tinta-de-vino-ladyssenyadora-3-120x80.jpg 120w, https:\/\/blancfestival.com\/wp-content\/uploads\/2020\/02\/tinta-de-vino-ladyssenyadora-3-272x182.jpg 272w\" sizes=\"auto, (max-width: 600px) 100vw, 600px\" \/><\/p>\n<p>M\u00e1s info en<br \/>\n<a href=\"http:\/\/www.ladyssenyadora.com\/\">www.ladyssenyadora.com<\/a><br \/>\n<a href=\"https:\/\/www.grafous.com\/tinta-de-vi\/\">www.grafous.com<\/a><\/p>\n<p>&nbsp;<\/p>\n<p>&nbsp;<\/p>\n","protected":false},"excerpt":{"rendered":"La llamada \u201cEconom\u00eda Circular\u201d es un m\u00e9todo de producci\u00f3n y consumo que implica aprovechar al m\u00e1ximo los recursos materiales, reduciendo la entrada de nueva materia prima y evitando la producci\u00f3n de desechos. Ya sea alargando la vida \u00fatil del material (con una segunda funci\u00f3n) o bien como parte de un proceso de transformaci\u00f3n que le&hellip;","protected":false},"author":1,"featured_media":1575,"comment_status":"open","ping_status":"open","sticky":false,"template":"","format":"standard","meta":{"_acf_changed":false,"footnotes":""},"categories":[2],"tags":[24,25,26,27,28,22,23],"evento":[],"class_list":["post-564","post","type-post","status-publish","format-standard","has-post-thumbnail","hentry","category-diseno","tag-nuria-vila","tag-ladyssenyadora","tag-tinta-de-vi","tag-tinta-de-cafe","tag-serigrafia","tag-diseno-sostenible","tag-economia-circular"],"acf":[],"yoast_head":"<!-- This site is optimized with the Yoast SEO plugin v23.7 - https:\/\/yoast.com\/wordpress\/plugins\/seo\/ -->\n<title>Econom\u00eda circular y dise\u00f1o<\/title>\n<meta name=\"description\" content=\"Algunos ejemplos de c\u00f3mo los procesos basados en la econom\u00eda circular aportan valor al dise\u00f1o de productos e identidad de marca.\" \/>\n<meta name=\"robots\" content=\"index, follow, max-snippet:-1, max-image-preview:large, max-video-preview:-1\" \/>\n<link rel=\"canonical\" href=\"https:\/\/blancfestival.com\/ca\/economia-circular-y-diseno\/\" \/>\n<meta property=\"og:locale\" content=\"ca_ES\" \/>\n<meta property=\"og:type\" content=\"article\" \/>\n<meta property=\"og:title\" content=\"Econom\u00eda circular y dise\u00f1o\" \/>\n<meta property=\"og:description\" content=\"Algunos ejemplos de c\u00f3mo los procesos basados en la econom\u00eda circular aportan valor al dise\u00f1o de productos e identidad de marca.\" \/>\n<meta property=\"og:url\" content=\"https:\/\/blancfestival.com\/ca\/economia-circular-y-diseno\/\" \/>\n<meta property=\"og:site_name\" content=\"Blanc!\" \/>\n<meta property=\"article:publisher\" content=\"https:\/\/www.facebook.com\/blanc.festivaldissenygrafic\/\" \/>\n<meta property=\"article:published_time\" content=\"2020-03-03T08:29:18+00:00\" \/>\n<meta property=\"article:modified_time\" content=\"2020-03-18T05:42:49+00:00\" \/>\n<meta property=\"og:image\" content=\"https:\/\/blancfestival.com\/wp-content\/uploads\/2020\/03\/tintadevi.jpeg\" \/>\n\t<meta property=\"og:image:width\" content=\"1750\" \/>\n\t<meta property=\"og:image:height\" content=\"1000\" \/>\n\t<meta property=\"og:image:type\" content=\"image\/jpeg\" \/>\n<meta name=\"author\" content=\"David D&#039;Eboli\" \/>\n<meta name=\"twitter:card\" content=\"summary_large_image\" \/>\n<meta name=\"twitter:creator\" content=\"@blancfest\" \/>\n<meta name=\"twitter:site\" content=\"@blancfest\" \/>\n<meta name=\"twitter:label1\" content=\"Written by\" \/>\n\t<meta name=\"twitter:data1\" content=\"David D&#039;Eboli\" \/>\n\t<meta name=\"twitter:label2\" content=\"Est. reading time\" \/>\n\t<meta name=\"twitter:data2\" content=\"4 minutes\" \/>\n<script type=\"application\/ld+json\" class=\"yoast-schema-graph\">{\"@context\":\"https:\/\/schema.org\",\"@graph\":[{\"@type\":\"Article\",\"@id\":\"https:\/\/blancfestival.com\/ca\/economia-circular-y-diseno\/#article\",\"isPartOf\":{\"@id\":\"https:\/\/blancfestival.com\/ca\/economia-circular-y-diseno\/\"},\"author\":{\"name\":\"David D'Eboli\",\"@id\":\"https:\/\/blancfestival.com\/#\/schema\/person\/ba98f9f2040d99954c0d1218e4580f7d\"},\"headline\":\"Econom\u00eda circular y dise\u00f1o\",\"datePublished\":\"2020-03-03T08:29:18+00:00\",\"dateModified\":\"2020-03-18T05:42:49+00:00\",\"mainEntityOfPage\":{\"@id\":\"https:\/\/blancfestival.com\/ca\/economia-circular-y-diseno\/\"},\"wordCount\":729,\"commentCount\":0,\"publisher\":{\"@id\":\"https:\/\/blancfestival.com\/#organization\"},\"image\":{\"@id\":\"https:\/\/blancfestival.com\/ca\/economia-circular-y-diseno\/#primaryimage\"},\"thumbnailUrl\":\"https:\/\/blancfestival.com\/wp-content\/uploads\/2020\/03\/tintadevi.jpeg\",\"keywords\":[\"N\u00faria Vila\",\"Ladyssenyadora\",\"Tinta de vi\",\"Tinta de caf\u00e9\",\"serigraf\u00eda\",\"Dise\u00f1o Sostenible\",\"Econom\u00eda Circular\"],\"articleSection\":[\"Dise\u00f1o\"],\"inLanguage\":\"ca\",\"potentialAction\":[{\"@type\":\"CommentAction\",\"name\":\"Comment\",\"target\":[\"https:\/\/blancfestival.com\/ca\/economia-circular-y-diseno\/#respond\"]}]},{\"@type\":\"WebPage\",\"@id\":\"https:\/\/blancfestival.com\/ca\/economia-circular-y-diseno\/\",\"url\":\"https:\/\/blancfestival.com\/ca\/economia-circular-y-diseno\/\",\"name\":\"Econom\u00eda circular y dise\u00f1o\",\"isPartOf\":{\"@id\":\"https:\/\/blancfestival.com\/#website\"},\"primaryImageOfPage\":{\"@id\":\"https:\/\/blancfestival.com\/ca\/economia-circular-y-diseno\/#primaryimage\"},\"image\":{\"@id\":\"https:\/\/blancfestival.com\/ca\/economia-circular-y-diseno\/#primaryimage\"},\"thumbnailUrl\":\"https:\/\/blancfestival.com\/wp-content\/uploads\/2020\/03\/tintadevi.jpeg\",\"datePublished\":\"2020-03-03T08:29:18+00:00\",\"dateModified\":\"2020-03-18T05:42:49+00:00\",\"description\":\"Algunos ejemplos de c\u00f3mo los procesos basados en la econom\u00eda circular aportan valor al dise\u00f1o de productos e identidad de marca.\",\"breadcrumb\":{\"@id\":\"https:\/\/blancfestival.com\/ca\/economia-circular-y-diseno\/#breadcrumb\"},\"inLanguage\":\"ca\",\"potentialAction\":[{\"@type\":\"ReadAction\",\"target\":[\"https:\/\/blancfestival.com\/ca\/economia-circular-y-diseno\/\"]}]},{\"@type\":\"ImageObject\",\"inLanguage\":\"ca\",\"@id\":\"https:\/\/blancfestival.com\/ca\/economia-circular-y-diseno\/#primaryimage\",\"url\":\"https:\/\/blancfestival.com\/wp-content\/uploads\/2020\/03\/tintadevi.jpeg\",\"contentUrl\":\"https:\/\/blancfestival.com\/wp-content\/uploads\/2020\/03\/tintadevi.jpeg\",\"width\":1750,\"height\":1000,\"caption\":\"Tinta de vi\"},{\"@type\":\"BreadcrumbList\",\"@id\":\"https:\/\/blancfestival.com\/ca\/economia-circular-y-diseno\/#breadcrumb\",\"itemListElement\":[{\"@type\":\"ListItem\",\"position\":1,\"name\":\"Portada\",\"item\":\"https:\/\/blancfestival.com\/ca\/\"},{\"@type\":\"ListItem\",\"position\":2,\"name\":\"Econom\u00eda circular y dise\u00f1o\"}]},{\"@type\":\"WebSite\",\"@id\":\"https:\/\/blancfestival.com\/#website\",\"url\":\"https:\/\/blancfestival.com\/\",\"name\":\"Blanc! Festival\",\"description\":\"Disseny, Creativitat i Innovaci\u00f3\",\"publisher\":{\"@id\":\"https:\/\/blancfestival.com\/#organization\"},\"potentialAction\":[{\"@type\":\"SearchAction\",\"target\":{\"@type\":\"EntryPoint\",\"urlTemplate\":\"https:\/\/blancfestival.com\/?s={search_term_string}\"},\"query-input\":{\"@type\":\"PropertyValueSpecification\",\"valueRequired\":true,\"valueName\":\"search_term_string\"}}],\"inLanguage\":\"ca\"},{\"@type\":\"Organization\",\"@id\":\"https:\/\/blancfestival.com\/#organization\",\"name\":\"Blanc! Festival de Dise\u00f1o, Creatividad e Innovaci\u00f3n\",\"url\":\"https:\/\/blancfestival.com\/\",\"logo\":{\"@type\":\"ImageObject\",\"inLanguage\":\"ca\",\"@id\":\"https:\/\/blancfestival.com\/#\/schema\/logo\/image\/\",\"url\":\"https:\/\/blancfestival.com\/wp-content\/uploads\/2025\/01\/logo_icono_blanc.jpg\",\"contentUrl\":\"https:\/\/blancfestival.com\/wp-content\/uploads\/2025\/01\/logo_icono_blanc.jpg\",\"width\":2000,\"height\":2000,\"caption\":\"Blanc! Festival de Dise\u00f1o, Creatividad e Innovaci\u00f3n\"},\"image\":{\"@id\":\"https:\/\/blancfestival.com\/#\/schema\/logo\/image\/\"},\"sameAs\":[\"https:\/\/www.facebook.com\/blanc.festivaldissenygrafic\/\",\"https:\/\/x.com\/blancfest\",\"https:\/\/www.instagram.com\/blancfest\/\",\"https:\/\/www.linkedin.com\/company\/blanc-festival\",\"https:\/\/www.pinterest.com\/blancfest\/\",\"https:\/\/www.youtube.com\/channel\/UCM-IjxOFb5gQg4yPgmze3Gg\"]},{\"@type\":\"Person\",\"@id\":\"https:\/\/blancfestival.com\/#\/schema\/person\/ba98f9f2040d99954c0d1218e4580f7d\",\"name\":\"David D'Eboli\",\"image\":{\"@type\":\"ImageObject\",\"inLanguage\":\"ca\",\"@id\":\"https:\/\/blancfestival.com\/#\/schema\/person\/image\/\",\"url\":\"https:\/\/blancfestival.com\/wp-content\/uploads\/2020\/01\/avatar-david-120x120.jpg\",\"contentUrl\":\"https:\/\/blancfestival.com\/wp-content\/uploads\/2020\/01\/avatar-david-120x120.jpg\",\"caption\":\"David D'Eboli\"},\"description\":\"Fundador y CEO de Blanc!\"}]}<\/script>\n<!-- \/ Yoast SEO plugin. -->","yoast_head_json":{"title":"Econom\u00eda circular y dise\u00f1o","description":"Algunos ejemplos de c\u00f3mo los procesos basados en la econom\u00eda circular aportan valor al dise\u00f1o de productos e identidad de marca.","robots":{"index":"index","follow":"follow","max-snippet":"max-snippet:-1","max-image-preview":"max-image-preview:large","max-video-preview":"max-video-preview:-1"},"canonical":"https:\/\/blancfestival.com\/ca\/economia-circular-y-diseno\/","og_locale":"ca_ES","og_type":"article","og_title":"Econom\u00eda circular y dise\u00f1o","og_description":"Algunos ejemplos de c\u00f3mo los procesos basados en la econom\u00eda circular aportan valor al dise\u00f1o de productos e identidad de marca.","og_url":"https:\/\/blancfestival.com\/ca\/economia-circular-y-diseno\/","og_site_name":"Blanc!","article_publisher":"https:\/\/www.facebook.com\/blanc.festivaldissenygrafic\/","article_published_time":"2020-03-03T08:29:18+00:00","article_modified_time":"2020-03-18T05:42:49+00:00","og_image":[{"width":1750,"height":1000,"url":"https:\/\/blancfestival.com\/wp-content\/uploads\/2020\/03\/tintadevi.jpeg","type":"image\/jpeg"}],"author":"David D'Eboli","twitter_card":"summary_large_image","twitter_creator":"@blancfest","twitter_site":"@blancfest","twitter_misc":{"Written by":"David D'Eboli","Est. reading time":"4 minutes"},"schema":{"@context":"https:\/\/schema.org","@graph":[{"@type":"Article","@id":"https:\/\/blancfestival.com\/ca\/economia-circular-y-diseno\/#article","isPartOf":{"@id":"https:\/\/blancfestival.com\/ca\/economia-circular-y-diseno\/"},"author":{"name":"David D'Eboli","@id":"https:\/\/blancfestival.com\/#\/schema\/person\/ba98f9f2040d99954c0d1218e4580f7d"},"headline":"Econom\u00eda circular y dise\u00f1o","datePublished":"2020-03-03T08:29:18+00:00","dateModified":"2020-03-18T05:42:49+00:00","mainEntityOfPage":{"@id":"https:\/\/blancfestival.com\/ca\/economia-circular-y-diseno\/"},"wordCount":729,"commentCount":0,"publisher":{"@id":"https:\/\/blancfestival.com\/#organization"},"image":{"@id":"https:\/\/blancfestival.com\/ca\/economia-circular-y-diseno\/#primaryimage"},"thumbnailUrl":"https:\/\/blancfestival.com\/wp-content\/uploads\/2020\/03\/tintadevi.jpeg","keywords":["N\u00faria Vila","Ladyssenyadora","Tinta de vi","Tinta de caf\u00e9","serigraf\u00eda","Dise\u00f1o Sostenible","Econom\u00eda Circular"],"articleSection":["Dise\u00f1o"],"inLanguage":"ca","potentialAction":[{"@type":"CommentAction","name":"Comment","target":["https:\/\/blancfestival.com\/ca\/economia-circular-y-diseno\/#respond"]}]},{"@type":"WebPage","@id":"https:\/\/blancfestival.com\/ca\/economia-circular-y-diseno\/","url":"https:\/\/blancfestival.com\/ca\/economia-circular-y-diseno\/","name":"Econom\u00eda circular y dise\u00f1o","isPartOf":{"@id":"https:\/\/blancfestival.com\/#website"},"primaryImageOfPage":{"@id":"https:\/\/blancfestival.com\/ca\/economia-circular-y-diseno\/#primaryimage"},"image":{"@id":"https:\/\/blancfestival.com\/ca\/economia-circular-y-diseno\/#primaryimage"},"thumbnailUrl":"https:\/\/blancfestival.com\/wp-content\/uploads\/2020\/03\/tintadevi.jpeg","datePublished":"2020-03-03T08:29:18+00:00","dateModified":"2020-03-18T05:42:49+00:00","description":"Algunos ejemplos de c\u00f3mo los procesos basados en la econom\u00eda circular aportan valor al dise\u00f1o de productos e identidad de marca.","breadcrumb":{"@id":"https:\/\/blancfestival.com\/ca\/economia-circular-y-diseno\/#breadcrumb"},"inLanguage":"ca","potentialAction":[{"@type":"ReadAction","target":["https:\/\/blancfestival.com\/ca\/economia-circular-y-diseno\/"]}]},{"@type":"ImageObject","inLanguage":"ca","@id":"https:\/\/blancfestival.com\/ca\/economia-circular-y-diseno\/#primaryimage","url":"https:\/\/blancfestival.com\/wp-content\/uploads\/2020\/03\/tintadevi.jpeg","contentUrl":"https:\/\/blancfestival.com\/wp-content\/uploads\/2020\/03\/tintadevi.jpeg","width":1750,"height":1000,"caption":"Tinta de vi"},{"@type":"BreadcrumbList","@id":"https:\/\/blancfestival.com\/ca\/economia-circular-y-diseno\/#breadcrumb","itemListElement":[{"@type":"ListItem","position":1,"name":"Portada","item":"https:\/\/blancfestival.com\/ca\/"},{"@type":"ListItem","position":2,"name":"Econom\u00eda circular y dise\u00f1o"}]},{"@type":"WebSite","@id":"https:\/\/blancfestival.com\/#website","url":"https:\/\/blancfestival.com\/","name":"Blanc! Festival","description":"Disseny, Creativitat i Innovaci\u00f3","publisher":{"@id":"https:\/\/blancfestival.com\/#organization"},"potentialAction":[{"@type":"SearchAction","target":{"@type":"EntryPoint","urlTemplate":"https:\/\/blancfestival.com\/?s={search_term_string}"},"query-input":{"@type":"PropertyValueSpecification","valueRequired":true,"valueName":"search_term_string"}}],"inLanguage":"ca"},{"@type":"Organization","@id":"https:\/\/blancfestival.com\/#organization","name":"Blanc! Festival de Dise\u00f1o, Creatividad e Innovaci\u00f3n","url":"https:\/\/blancfestival.com\/","logo":{"@type":"ImageObject","inLanguage":"ca","@id":"https:\/\/blancfestival.com\/#\/schema\/logo\/image\/","url":"https:\/\/blancfestival.com\/wp-content\/uploads\/2025\/01\/logo_icono_blanc.jpg","contentUrl":"https:\/\/blancfestival.com\/wp-content\/uploads\/2025\/01\/logo_icono_blanc.jpg","width":2000,"height":2000,"caption":"Blanc! Festival de Dise\u00f1o, Creatividad e Innovaci\u00f3n"},"image":{"@id":"https:\/\/blancfestival.com\/#\/schema\/logo\/image\/"},"sameAs":["https:\/\/www.facebook.com\/blanc.festivaldissenygrafic\/","https:\/\/x.com\/blancfest","https:\/\/www.instagram.com\/blancfest\/","https:\/\/www.linkedin.com\/company\/blanc-festival","https:\/\/www.pinterest.com\/blancfest\/","https:\/\/www.youtube.com\/channel\/UCM-IjxOFb5gQg4yPgmze3Gg"]},{"@type":"Person","@id":"https:\/\/blancfestival.com\/#\/schema\/person\/ba98f9f2040d99954c0d1218e4580f7d","name":"David D'Eboli","image":{"@type":"ImageObject","inLanguage":"ca","@id":"https:\/\/blancfestival.com\/#\/schema\/person\/image\/","url":"https:\/\/blancfestival.com\/wp-content\/uploads\/2020\/01\/avatar-david-120x120.jpg","contentUrl":"https:\/\/blancfestival.com\/wp-content\/uploads\/2020\/01\/avatar-david-120x120.jpg","caption":"David D'Eboli"},"description":"Fundador y CEO de Blanc!"}]}},"_links":{"self":[{"href":"https:\/\/blancfestival.com\/ca\/wp-json\/wp\/v2\/posts\/564","targetHints":{"allow":["GET"]}}],"collection":[{"href":"https:\/\/blancfestival.com\/ca\/wp-json\/wp\/v2\/posts"}],"about":[{"href":"https:\/\/blancfestival.com\/ca\/wp-json\/wp\/v2\/types\/post"}],"author":[{"embeddable":true,"href":"https:\/\/blancfestival.com\/ca\/wp-json\/wp\/v2\/users\/1"}],"replies":[{"embeddable":true,"href":"https:\/\/blancfestival.com\/ca\/wp-json\/wp\/v2\/comments?post=564"}],"version-history":[{"count":15,"href":"https:\/\/blancfestival.com\/ca\/wp-json\/wp\/v2\/posts\/564\/revisions"}],"predecessor-version":[{"id":1578,"href":"https:\/\/blancfestival.com\/ca\/wp-json\/wp\/v2\/posts\/564\/revisions\/1578"}],"wp:featuredmedia":[{"embeddable":true,"href":"https:\/\/blancfestival.com\/ca\/wp-json\/wp\/v2\/media\/1575"}],"wp:attachment":[{"href":"https:\/\/blancfestival.com\/ca\/wp-json\/wp\/v2\/media?parent=564"}],"wp:term":[{"taxonomy":"category","embeddable":true,"href":"https:\/\/blancfestival.com\/ca\/wp-json\/wp\/v2\/categories?post=564"},{"taxonomy":"post_tag","embeddable":true,"href":"https:\/\/blancfestival.com\/ca\/wp-json\/wp\/v2\/tags?post=564"},{"taxonomy":"evento","embeddable":true,"href":"https:\/\/blancfestival.com\/ca\/wp-json\/wp\/v2\/evento?post=564"}],"curies":[{"name":"wp","href":"https:\/\/api.w.org\/{rel}","templated":true}]}}