{"id":6234,"date":"2021-06-08T10:33:36","date_gmt":"2021-06-08T08:33:36","guid":{"rendered":"https:\/\/blancfestival.com\/?p=6234"},"modified":"2021-10-25T17:08:37","modified_gmt":"2021-10-25T15:08:37","slug":"blanc-2021","status":"publish","type":"post","link":"https:\/\/blancfestival.com\/ca\/blanc-2021\/","title":{"rendered":"Blanc! N.13, una experiencia digital inmersiva que nos introduce en el universo virtual del festival"},"content":{"rendered":"<p>Blanc! vuelve en su edici\u00f3n N.13 con una nueva y mejorada propuesta virtual, creando una copia digital del universo del festival.<br \/>\nPorque si algo caracteriza a este evento, es justamente esa parte m\u00e1s \u201csocial\u201d que lo envuelve, algo que a pesar de la situaci\u00f3n sanitaria actual no se ha visto mermado gracias a la capacidad de adaptaci\u00f3n a las circunstancias adversas de la actualidad.<\/p>\n<p>A diferencia de la pasada edici\u00f3n, cuando el festival tuvo que adaptarse de un formato presencial a un formato virtual, en 2021 se ha planteado desde el principio un evento totalmente digital, aprovechando al m\u00e1ximo este formato.<\/p>\n<p>&nbsp;<\/p>\n<h2>El metaverso de Blanc!<\/h2>\n<p>Muchos auguran el futuro de internet, la versi\u00f3n 3.0, como un gran metaverso que implicar\u00eda que todos tengamos nuestro propio \u201cyo\u201d digital y podamos interactuar con otras personas en una realidad paralela.<br \/>\nEsta edici\u00f3n del festival ser\u00e1 una copia virtual del evento f\u00edsico, donde los asistentes no solo podr\u00e1n ver en directo las conferencias y charlas, sino que podr\u00e1n interactuar con otros asistentes mediante un sistema de chat escrito o de voz.<br \/>\nLo que facilitar\u00e1 adem\u00e1s que podamos hacer preguntas a los ponentes que estar\u00e1n ofreciendo la conferencia en exclusiva y en riguroso directo.<\/p>\n<p>&nbsp;<\/p>\n<h2>10 d\u00edas de puro Festival del Dise\u00f1o<\/h2>\n<p>Una de las novedades de la edici\u00f3n N.13 de Blanc! es que constar\u00e1 de dos partes: el Pre-Blanc! del 13 al 20 de Octubre, y los tres d\u00edas de festival, del 21 al 23.<br \/>\nDurante el Pre-Blanc! se presentar\u00e1n charlas y entrevistas en abierto, con invitados de diferentes sectores y disciplinas donde el dise\u00f1o y la creatividad tienen un papel importante.<\/p>\n<p>El jueves 21 de Octubre, tendr\u00e1 lugar dentro de la misma plataforma virtual, una nueva edici\u00f3n de Campus Blanc! donde estudiantes de diferentes escuelas y universidades presentan sus proyectos finales de carrera o masters, en disciplinas relacionadas al dise\u00f1o.<\/p>\n<p>Y finalmente, los d\u00edas 22 y 23 de Octubre se presentar\u00e1n con 10 conferencias y 3 masterclasses donde se hablar\u00e1 sobre identidad gr\u00e1fica y estrategia, tipograf\u00eda, innovaci\u00f3n y sostenibilidad en dise\u00f1o, experiencia de usuario, las tendencias que vienen, la \u00e9tica en el dise\u00f1o, arquitectura sostenible y mucho dise\u00f1o y creatividad.<\/p>\n<h2><\/h2>\n<p><img loading=\"lazy\" decoding=\"async\" width=\"700\" height=\"700\" class=\"alignnone size-large wp-image-6238\" src=\"https:\/\/blancfestival.com\/wp-content\/uploads\/2021\/06\/B_IG_SaveTheDates_1080x1080px-700x700.jpg\" alt=\"\" srcset=\"https:\/\/blancfestival.com\/wp-content\/uploads\/2021\/06\/B_IG_SaveTheDates_1080x1080px-700x700.jpg 700w, https:\/\/blancfestival.com\/wp-content\/uploads\/2021\/06\/B_IG_SaveTheDates_1080x1080px-250x250.jpg 250w, https:\/\/blancfestival.com\/wp-content\/uploads\/2021\/06\/B_IG_SaveTheDates_1080x1080px-150x150.jpg 150w, https:\/\/blancfestival.com\/wp-content\/uploads\/2021\/06\/B_IG_SaveTheDates_1080x1080px-768x768.jpg 768w, https:\/\/blancfestival.com\/wp-content\/uploads\/2021\/06\/B_IG_SaveTheDates_1080x1080px-120x120.jpg 120w, https:\/\/blancfestival.com\/wp-content\/uploads\/2021\/06\/B_IG_SaveTheDates_1080x1080px.jpg 1080w\" sizes=\"auto, (max-width: 700px) 100vw, 700px\" \/><\/p>\n<p>&nbsp;<\/p>\n<h2>Conferencias Blanc! 2021<\/h2>\n<p>Mientras que el programa del Pre-Blanc! se ir\u00e1 desvelando a medida que nos acerquemos al festival, ya podemos ver qui\u00e9nes formar\u00e1n parte del contenido troncal de Blanc! 2021. Con ponentes nacionales e internacionales, y tem\u00e1ticas muy diferentes, donde el dise\u00f1o y la creatividad son indispensables para el buen desarrollo de la actividad profesional.<\/p>\n<p>&nbsp;<\/p>\n<h3><a href=\"https:\/\/blancfestival.com\/talks\/aaron-draplin\/\">Aaron Draplin<\/a><\/h3>\n<p>Adem\u00e1s de dise\u00f1ador gr\u00e1fico, Aaron es un gran coleccionista de piezas gr\u00e1ficas. Su locura por esta profesi\u00f3n lo ha llevado a fundar su propio estudio, Draplin Design Co. en Portland, Oreg\u00f3n, y a disfrutar trabajando tanto para clientes peque\u00f1os como para grandes marcas como The New York Times, Nike, Wired y hasta para pol\u00edticos como Bernie Sanders o Barack Obama.<\/p>\n<p>&nbsp;<\/p>\n<h3><a href=\"https:\/\/blancfestival.com\/talks\/rejane-dal-bello\/\">Rejane Dal Bello<\/a><\/h3>\n<p>Rejane es una galardonada dise\u00f1adora con m\u00e1s de 23 a\u00f1os de experiencia en dise\u00f1o gr\u00e1fico y branding, y que antes de fundar su propio estudio, Studio Rejane Dal Bello, trabaj\u00f3 para Wolff Olins (UK) y Studio Dumbar (NL).<\/p>\n<p>Con estudios en la Escuela de Artes Visuales de Nueva York y en la Academia de Arte St. Joost en Holanda, esta dise\u00f1adora brasile\u00f1a afincada en Reino Unido, se especializa en identidad de marca, ilustraci\u00f3n y dise\u00f1o editorial para clientes nacionales e internacionales en sectores corporativos, culturales y entidades sin fines de lucro.<\/p>\n<p>&nbsp;<\/p>\n<h3><a href=\"https:\/\/blancfestival.com\/talks\/ale-paul\/\">Ale Paul<\/a><\/h3>\n<p>Es miembro fundador del proyecto Sudtipos, el primer colectivo tipogr\u00e1fico de Argentina, que ha contribuido enormemente a colocar al pa\u00eds en el mapa del Dise\u00f1o Gr\u00e1fico mundial.<\/p>\n<p>Con la fundaci\u00f3n de Sudtipos, Ale pone en el foco en el dise\u00f1o de tipograf\u00edas, creando fuentes y letras para varias agencias, medios y revistas de todo el mundo.<br \/>\nHa recibido cuatro certificados de excelencia del Type Directors Club NY y ocho del concurso tipogr\u00e1fico CommArts.<\/p>\n<p>&nbsp;<\/p>\n<h3><a href=\"https:\/\/blancfestival.com\/talks\/tina-touli\/\">Tina Touli<\/a><\/h3>\n<p>Tina es directora creativa, dise\u00f1adora gr\u00e1fica, creadora y docente en la Central Saint Martins, Universidad de las Artes de Londres.<\/p>\n<p>Trabaja en una gran variedad de campos del dise\u00f1o, tanto digital como impreso, incluyendo branding e identidad, tipograf\u00eda, dise\u00f1o web y animaci\u00f3n. Su trabajo es caracter\u00edstico por mezclar t\u00e9cnicas y recursos digitales con elementos f\u00edsicos reales, trabajando con diferentes plataformas y procesos.<\/p>\n<p>&nbsp;<\/p>\n<h3><a href=\"https:\/\/blancfestival.com\/talks\/daniel-solana\/\">Daniel Solana<\/a><\/h3>\n<p>Daniel es creativo publicitario y socio fundador de la agencia DoubleYou, toda una referencia en la publicidad en entornos digitales. Es una de las figuras m\u00e1s relevantes de la nueva comunicaci\u00f3n publicitaria y uno de los creativos m\u00e1s premiados en publicidad digital. Es adem\u00e1s autor de varios libros, como \u201cDesorden\u201d o \u201cPostpublicidad\u201d.<\/p>\n<p>&nbsp;<\/p>\n<h3><a href=\"https:\/\/blancfestival.com\/talks\/anastasia-pistofidou\/\">Anastasia Pistofidou<\/a><\/h3>\n<p>Anastasia es investigadora y docente en el campo de la fabricaci\u00f3n digital, textiles, tecnolog\u00edas wearable y bio-fabricaci\u00f3n. Se especializa en el desarrollo de hardware, dise\u00f1o de integraci\u00f3n, creaci\u00f3n r\u00e1pida de prototipos y dise\u00f1o para producci\u00f3n.<\/p>\n<p>Combinando t\u00e9cnicas y artesan\u00edas de fabricaci\u00f3n digital, Anastasia demuestra c\u00f3mo las nuevas tecnolog\u00edas pueden cambiar el consumo masivo y la producci\u00f3n r\u00e1pida a una fabricaci\u00f3n personalizada, de c\u00f3digo abierto, personal y local aplicada a la educaci\u00f3n, la vida cotidiana y las nuevas empresas.<\/p>\n<p>Es cofundadora de de fabtextiles.org, laboratorio de investigaci\u00f3n sobre textiles, arquitecturas blandas y materiales innovadores en IAAC Fab Lab Barcelona.<\/p>\n<p>&nbsp;<\/p>\n<h3><a href=\"https:\/\/blancfestival.com\/talks\/cierto-estudio\/\">Cierto Estudio<\/a><\/h3>\n<p>Este estudio est\u00e1 formado por un equipo de j\u00f3venes arquitectas en constante experimentaci\u00f3n, que despliega sus intereses en el \u00e1mbito de la arquitectura, el dise\u00f1o, la cultura y la investigaci\u00f3n. Fundado en 2014 y con base en Barcelona, destaca por su fascinaci\u00f3n y especializaci\u00f3n en el campo de la vivienda, con dise\u00f1os innovadores que buscan responder a nuevas maneras de habitar en consonancia con nuestro estilo de vida actual.<\/p>\n<p>&nbsp;<\/p>\n<h3><a href=\"https:\/\/blancfestival.com\/talks\/chamo-san\/\">Chamo San<\/a><\/h3>\n<p>Artista e ilustrador de Barcelona. Durante los \u00faltimos 10 a\u00f1os ha vivido del dibujo, combinando sus proyectos personales expuestos en galer\u00edas o publicados en libros, con encargos como ilustrador, trabajando para marcas, revistas e instituciones como Ajuntament de Barcelona, Nike, Seat, Estrella Damm, New Balance, HBO o Panenka.<\/p>\n<p>&nbsp;<\/p>\n<h3><a href=\"https:\/\/blancfestival.com\/talks\/sofia-dias\/\">Sofia Dias<\/a><\/h3>\n<p>Sofia es dise\u00f1adora, artista, una mente curiosa y una activista del futuro. En la actualidad, se dedica a la industria de la prospectiva, en particular a la literacidad de Futuros y a las estrategias de Resiliencia. En el \u00e1mbito acad\u00e9mico, dirige el Programa de Posgrado en Coolhunting y Trends Forecasting en LCI-Barcelona.<\/p>\n<p>Este a\u00f1o lanza la primera plataforma de e-learning trends-driven and futures-centred e-learning. Es una de las fundadoras de Fibra-studio, una red internacional de investigaci\u00f3n y consultor\u00eda de tendencias con base en Brasil, Portugal, Espa\u00f1a e Italia. Sofia tambi\u00e9n es una entusiasta del arte textil; actualmente explora el dise\u00f1o de alfombras y el aspecto escult\u00f3rico de las fibras en cohabitaci\u00f3n con otros objetos.<\/p>\n<p>&nbsp;<\/p>\n<h3><a href=\"https:\/\/blancfestival.com\/talks\/andre-ricard\/\">Mestres del Blanc!: Andr\u00e9 Ricard<\/a><\/h3>\n<p>En la secci\u00f3n de los grandes maestros y maestras del Blanc!, este a\u00f1o homenajean la incre\u00edble trayectoria de este dise\u00f1ador industrial pionero y abanderado del dise\u00f1o en Espa\u00f1a, que ha contribuido de una manera decisiva al desarrollo social y empresarial de esta disciplina. Ha sido Presidente del ADI-FAD (Agrupaci\u00f3n de Dise\u00f1o del Fad), Presidente Fundador de la ADP (Asociaci\u00f3n de Dise\u00f1adores Profesionales), Vice-presidente de ICSID (Consejo Internacional del Dise\u00f1o), Vice-presidente del BCD (Barcelona Centro de Dise\u00f1o), Miembro de la Facultad del Art Center (Vevey, Suiza). Jefe del Departamento de Dise\u00f1o de Producto de la Escuela de dise\u00f1o Eina y Patrono de la Fundaci\u00f3 Eina, Presidente de Design for the World (ONG del dise\u00f1o).<\/p>\n<p>&nbsp;<\/p>\n<p>Sus proyectos han perseguido la mejora funcional de gran variedad de objetos de uso cotidiano. Especialmente prol\u00edfica ha sido su colaboraci\u00f3n desde 1963 en el dise\u00f1o de los envases de Puig Perfumes. Tambi\u00e9n cabe destacar su colaboraci\u00f3n con el movimiento ol\u00edmpico y, particularmente, con la antorcha de los JJ.OO. Barcelona 92 y el pebetero de la llama ol\u00edmpica del Mus\u00e9e Olympique de Lausanne (Suiza).<\/p>\n<p>&nbsp;<\/p>\n<p>Andr\u00e9 Ricard ha sido Premio Nacional de Dise\u00f1o en 1987, Creu de Sant Jordi de la Generalitat de Catalunya, Ordre Olympique del Comit\u00e9 Ol\u00edmpico Internacional, Chevalier des Arts et des Lettres de Francia, Medalla de Oro al M\u00e9rito Art\u00edstico de la ciudad de Barcelona y Chevalier de la L\u00e9gion d\u2019Honneur de Francia.<\/p>\n<p>&nbsp;<\/p>\n<h2>Masterclasses<\/h2>\n<p>Las masterclasses del Blanc! est\u00e1n destinadas a ahondar en tem\u00e1ticas que ayuden al d\u00eda a d\u00eda de los dise\u00f1adores y dise\u00f1adoras, aportando conocimiento e introduciendo a los asistentes a diferentes disciplinas y tem\u00e1ticas que aportan valor a los profesionales.<\/p>\n<p>&nbsp;<\/p>\n<h3><a href=\"https:\/\/blancfestival.com\/talks\/firma\/\">Masterclass Firma<\/a><\/h3>\n<p>Firma es una agencia independiente de branding e innovaci\u00f3n fundada en 2006 y con m\u00e1s de 50 profesionales en Barcelona y Los \u00c1ngeles. Trabaja para proyectos internacionales para grandes corporaciones y startups desde una perspectiva de marca global, combinando insights, estrategia y un enfoque creativo.<\/p>\n<p>&nbsp;<\/p>\n<h3><a href=\"https:\/\/blancfestival.com\/talks\/ariel-guersenzvaig\/\">Masterclass Ariel Guersenzvaig<\/a><\/h3>\n<p>Ariel es experto en \u00e9tica del dise\u00f1o y tecnolog\u00eda. Autor de \u201cThe Goods of Design: A professional Ethics for Designers\u201d (Rowman &amp; Littlefield, 2021). Doctor en teor\u00eda del dise\u00f1o por la Universidad de Southampton y m\u00e1ster en \u00e9tica por la Universidad de Birmingham.\u00a0Como acad\u00e9mico investiga los impactos socio-\u00e9ticos de la inteligencia artificial y los sistemas aut\u00f3nomos. Ha publicado sobre estos temas en AI&amp;Society, IEEE Technology and Society Magazine, Journal of Design Research y ACM Interactions.<\/p>\n<p>&nbsp;<\/p>\n<h3><a href=\"https:\/\/blancfestival.com\/talks\/raul-marin\/\">Masterclass Raul Marin<\/a><\/h3>\n<p>Raul es consultor en branding y creatividad. Manager de artistas, gestor cultural y abogado especializado en propiedad intelectual, marcas e innovaci\u00f3n. Tambi\u00e9n dirige y dise\u00f1a campa\u00f1as de estrategia de futuros, y nuevos formatos de explotaci\u00f3n en el mundo de la cultura y el entretenimiento, donde consigue aunar negocio y creatividad.<\/p>\n<p>&nbsp;<\/p>\n<h2>Identidad gr\u00e1fica Blanc! N.13<\/h2>\n<p>La gr\u00e1fica de la edici\u00f3n N.13 de Blanc! responde a un concepto que ser\u00e1 desvelado dentro de unos meses. S\u00f3lo podemos adelantar que el n\u00famero 13 tendr\u00e1 una gran importancia en la edici\u00f3n de este a\u00f1o, y que el imaginario dise\u00f1ado por <a href=\"https:\/\/gerardmarin.com\/\">Gerard Mar\u00edn<\/a> (Direcci\u00f3n de arte) en colaboraci\u00f3n con la gente de <a href=\"https:\/\/groc.tv\/\">Groc<\/a> (Dise\u00f1o 3D) tendr\u00e1 un papel principal en la edici\u00f3n m\u00e1s \u201cmetaversa\u201d de todas.<\/p>\n<p>&nbsp;<\/p>\n<h2>Programa Blanc! 2021<\/h2>\n<p>El programa completo de la edici\u00f3n N.13 de Blanc! ya se puede consultar en la web del evento. Campus Blanc! se celebrar\u00e1 el d\u00eda 21 de Octubre, en una edici\u00f3n online con acceso gratuito a la plataforma para todos los asistentes.<br \/>\nEl programa del viernes 22 y s\u00e1bado 23 de Octubre comenzar\u00e1 a las 10.00h y tendr\u00e1 lugar durante todo el d\u00eda.<\/p>\n<p>&nbsp;<\/p>\n<h2>Blanc! N.13<\/h2>\n<h2>21-22-23 Octubre 2021<\/h2>\n<p>Museu del Disseny de Barcelona<\/p>\n<p>&nbsp;<\/p>\n<p>&nbsp;<\/p>\n<p>&nbsp;<\/p>\n","protected":false},"excerpt":{"rendered":"Blanc! vuelve en su edici\u00f3n N.13 con una nueva y mejorada propuesta virtual, creando una copia digital del universo del festival. Porque si algo caracteriza a este evento, es justamente esa parte m\u00e1s \u201csocial\u201d que lo envuelve, algo que a pesar de la situaci\u00f3n sanitaria actual no se ha visto mermado gracias a la capacidad&hellip;","protected":false},"author":3,"featured_media":6235,"comment_status":"open","ping_status":"open","sticky":false,"template":"","format":"standard","meta":{"_acf_changed":false,"footnotes":""},"categories":[169],"tags":[],"evento":[],"class_list":["post-6234","post","type-post","status-publish","format-standard","has-post-thumbnail","hentry","category-actualidad"],"acf":[],"yoast_head":"<!-- This site is optimized with the Yoast SEO plugin v23.7 - https:\/\/yoast.com\/wordpress\/plugins\/seo\/ -->\n<title>Blanc! N.13, una experiencia digital inmersiva que nos introduce en el universo virtual del festival<\/title>\n<meta name=\"robots\" content=\"index, follow, max-snippet:-1, max-image-preview:large, max-video-preview:-1\" \/>\n<link rel=\"canonical\" href=\"https:\/\/blancfestival.com\/blanc-2021\/\" \/>\n<meta property=\"og:locale\" content=\"ca_ES\" \/>\n<meta property=\"og:type\" content=\"article\" \/>\n<meta property=\"og:title\" content=\"Blanc! N.13, una experiencia digital inmersiva que nos introduce en el universo virtual del festival\" \/>\n<meta property=\"og:description\" content=\"Blanc! vuelve en su edici\u00f3n N.13 con una nueva y mejorada propuesta virtual, creando una copia digital del universo del festival. Porque si algo caracteriza a este evento, es justamente esa parte m\u00e1s \u201csocial\u201d que lo envuelve, algo que a pesar de la situaci\u00f3n sanitaria actual no se ha visto mermado gracias a la capacidad&hellip;\" \/>\n<meta property=\"og:url\" content=\"https:\/\/blancfestival.com\/blanc-2021\/\" \/>\n<meta property=\"og:site_name\" content=\"Blanc!\" \/>\n<meta property=\"article:publisher\" content=\"https:\/\/www.facebook.com\/blanc.festivaldissenygrafic\/\" \/>\n<meta property=\"article:published_time\" content=\"2021-06-08T08:33:36+00:00\" \/>\n<meta property=\"article:modified_time\" content=\"2021-10-25T15:08:37+00:00\" \/>\n<meta property=\"og:image\" content=\"https:\/\/blancfestival.com\/wp-content\/uploads\/2021\/06\/B_WEB_Cartel_1920x1080px.jpg\" \/>\n\t<meta property=\"og:image:width\" content=\"1920\" \/>\n\t<meta property=\"og:image:height\" content=\"1080\" \/>\n\t<meta property=\"og:image:type\" content=\"image\/jpeg\" \/>\n<meta name=\"author\" content=\"Redacci\u00f3n Blanc!\" \/>\n<meta name=\"twitter:card\" content=\"summary_large_image\" \/>\n<meta name=\"twitter:creator\" content=\"@blancfest\" \/>\n<meta name=\"twitter:site\" content=\"@blancfest\" \/>\n<meta name=\"twitter:label1\" content=\"Written by\" \/>\n\t<meta name=\"twitter:data1\" content=\"Redacci\u00f3n Blanc!\" \/>\n\t<meta name=\"twitter:label2\" content=\"Est. reading time\" \/>\n\t<meta name=\"twitter:data2\" content=\"9 minutes\" \/>\n<script type=\"application\/ld+json\" class=\"yoast-schema-graph\">{\"@context\":\"https:\/\/schema.org\",\"@graph\":[{\"@type\":\"Article\",\"@id\":\"https:\/\/blancfestival.com\/blanc-2021\/#article\",\"isPartOf\":{\"@id\":\"https:\/\/blancfestival.com\/blanc-2021\/\"},\"author\":{\"name\":\"Redacci\u00f3n Blanc!\",\"@id\":\"https:\/\/blancfestival.com\/#\/schema\/person\/1c1365d1e51e5730cf3f5fadb8670c06\"},\"headline\":\"Blanc! N.13, una experiencia digital inmersiva que nos introduce en el universo virtual del festival\",\"datePublished\":\"2021-06-08T08:33:36+00:00\",\"dateModified\":\"2021-10-25T15:08:37+00:00\",\"mainEntityOfPage\":{\"@id\":\"https:\/\/blancfestival.com\/blanc-2021\/\"},\"wordCount\":1894,\"commentCount\":0,\"publisher\":{\"@id\":\"https:\/\/blancfestival.com\/#organization\"},\"image\":{\"@id\":\"https:\/\/blancfestival.com\/blanc-2021\/#primaryimage\"},\"thumbnailUrl\":\"https:\/\/blancfestival.com\/wp-content\/uploads\/2021\/06\/B_WEB_Cartel_1920x1080px.jpg\",\"articleSection\":[\"Actualidad\"],\"inLanguage\":\"ca\",\"potentialAction\":[{\"@type\":\"CommentAction\",\"name\":\"Comment\",\"target\":[\"https:\/\/blancfestival.com\/blanc-2021\/#respond\"]}]},{\"@type\":\"WebPage\",\"@id\":\"https:\/\/blancfestival.com\/blanc-2021\/\",\"url\":\"https:\/\/blancfestival.com\/blanc-2021\/\",\"name\":\"Blanc! N.13, una experiencia digital inmersiva que nos introduce en el universo virtual del festival\",\"isPartOf\":{\"@id\":\"https:\/\/blancfestival.com\/#website\"},\"primaryImageOfPage\":{\"@id\":\"https:\/\/blancfestival.com\/blanc-2021\/#primaryimage\"},\"image\":{\"@id\":\"https:\/\/blancfestival.com\/blanc-2021\/#primaryimage\"},\"thumbnailUrl\":\"https:\/\/blancfestival.com\/wp-content\/uploads\/2021\/06\/B_WEB_Cartel_1920x1080px.jpg\",\"datePublished\":\"2021-06-08T08:33:36+00:00\",\"dateModified\":\"2021-10-25T15:08:37+00:00\",\"breadcrumb\":{\"@id\":\"https:\/\/blancfestival.com\/blanc-2021\/#breadcrumb\"},\"inLanguage\":\"ca\",\"potentialAction\":[{\"@type\":\"ReadAction\",\"target\":[\"https:\/\/blancfestival.com\/blanc-2021\/\"]}]},{\"@type\":\"ImageObject\",\"inLanguage\":\"ca\",\"@id\":\"https:\/\/blancfestival.com\/blanc-2021\/#primaryimage\",\"url\":\"https:\/\/blancfestival.com\/wp-content\/uploads\/2021\/06\/B_WEB_Cartel_1920x1080px.jpg\",\"contentUrl\":\"https:\/\/blancfestival.com\/wp-content\/uploads\/2021\/06\/B_WEB_Cartel_1920x1080px.jpg\",\"width\":1920,\"height\":1080},{\"@type\":\"BreadcrumbList\",\"@id\":\"https:\/\/blancfestival.com\/blanc-2021\/#breadcrumb\",\"itemListElement\":[{\"@type\":\"ListItem\",\"position\":1,\"name\":\"Portada\",\"item\":\"https:\/\/blancfestival.com\/ca\/\"},{\"@type\":\"ListItem\",\"position\":2,\"name\":\"Blanc! N.13, una experiencia digital inmersiva que nos introduce en el universo virtual del festival\"}]},{\"@type\":\"WebSite\",\"@id\":\"https:\/\/blancfestival.com\/#website\",\"url\":\"https:\/\/blancfestival.com\/\",\"name\":\"Blanc! Festival\",\"description\":\"Disseny, Creativitat i Innovaci\u00f3\",\"publisher\":{\"@id\":\"https:\/\/blancfestival.com\/#organization\"},\"potentialAction\":[{\"@type\":\"SearchAction\",\"target\":{\"@type\":\"EntryPoint\",\"urlTemplate\":\"https:\/\/blancfestival.com\/?s={search_term_string}\"},\"query-input\":{\"@type\":\"PropertyValueSpecification\",\"valueRequired\":true,\"valueName\":\"search_term_string\"}}],\"inLanguage\":\"ca\"},{\"@type\":\"Organization\",\"@id\":\"https:\/\/blancfestival.com\/#organization\",\"name\":\"Blanc! Festival de Dise\u00f1o, Creatividad e Innovaci\u00f3n\",\"url\":\"https:\/\/blancfestival.com\/\",\"logo\":{\"@type\":\"ImageObject\",\"inLanguage\":\"ca\",\"@id\":\"https:\/\/blancfestival.com\/#\/schema\/logo\/image\/\",\"url\":\"https:\/\/blancfestival.com\/wp-content\/uploads\/2025\/01\/logo_icono_blanc.jpg\",\"contentUrl\":\"https:\/\/blancfestival.com\/wp-content\/uploads\/2025\/01\/logo_icono_blanc.jpg\",\"width\":2000,\"height\":2000,\"caption\":\"Blanc! Festival de Dise\u00f1o, Creatividad e Innovaci\u00f3n\"},\"image\":{\"@id\":\"https:\/\/blancfestival.com\/#\/schema\/logo\/image\/\"},\"sameAs\":[\"https:\/\/www.facebook.com\/blanc.festivaldissenygrafic\/\",\"https:\/\/x.com\/blancfest\",\"https:\/\/www.instagram.com\/blancfest\/\",\"https:\/\/www.linkedin.com\/company\/blanc-festival\",\"https:\/\/www.pinterest.com\/blancfest\/\",\"https:\/\/www.youtube.com\/channel\/UCM-IjxOFb5gQg4yPgmze3Gg\"]},{\"@type\":\"Person\",\"@id\":\"https:\/\/blancfestival.com\/#\/schema\/person\/1c1365d1e51e5730cf3f5fadb8670c06\",\"name\":\"Redacci\u00f3n Blanc!\",\"image\":{\"@type\":\"ImageObject\",\"inLanguage\":\"ca\",\"@id\":\"https:\/\/blancfestival.com\/#\/schema\/person\/image\/\",\"url\":\"https:\/\/blancfestival.com\/wp-content\/uploads\/2020\/02\/ico-120x120.png\",\"contentUrl\":\"https:\/\/blancfestival.com\/wp-content\/uploads\/2020\/02\/ico-120x120.png\",\"caption\":\"Redacci\u00f3n Blanc!\"},\"description\":\"\u201cNo trates de doblar la cuchara. Es imposible. En lugar de hacerlo, solo intenta darte cuenta de la verdad\u2026 No hay cuchara. Entonces, ver\u00e1s que no es la cuchara lo que se dobla, te doblas t\u00fa\u201d\"}]}<\/script>\n<!-- \/ Yoast SEO plugin. -->","yoast_head_json":{"title":"Blanc! N.13, una experiencia digital inmersiva que nos introduce en el universo virtual del festival","robots":{"index":"index","follow":"follow","max-snippet":"max-snippet:-1","max-image-preview":"max-image-preview:large","max-video-preview":"max-video-preview:-1"},"canonical":"https:\/\/blancfestival.com\/blanc-2021\/","og_locale":"ca_ES","og_type":"article","og_title":"Blanc! N.13, una experiencia digital inmersiva que nos introduce en el universo virtual del festival","og_description":"Blanc! vuelve en su edici\u00f3n N.13 con una nueva y mejorada propuesta virtual, creando una copia digital del universo del festival. Porque si algo caracteriza a este evento, es justamente esa parte m\u00e1s \u201csocial\u201d que lo envuelve, algo que a pesar de la situaci\u00f3n sanitaria actual no se ha visto mermado gracias a la capacidad&hellip;","og_url":"https:\/\/blancfestival.com\/blanc-2021\/","og_site_name":"Blanc!","article_publisher":"https:\/\/www.facebook.com\/blanc.festivaldissenygrafic\/","article_published_time":"2021-06-08T08:33:36+00:00","article_modified_time":"2021-10-25T15:08:37+00:00","og_image":[{"width":1920,"height":1080,"url":"https:\/\/blancfestival.com\/wp-content\/uploads\/2021\/06\/B_WEB_Cartel_1920x1080px.jpg","type":"image\/jpeg"}],"author":"Redacci\u00f3n Blanc!","twitter_card":"summary_large_image","twitter_creator":"@blancfest","twitter_site":"@blancfest","twitter_misc":{"Written by":"Redacci\u00f3n Blanc!","Est. reading time":"9 minutes"},"schema":{"@context":"https:\/\/schema.org","@graph":[{"@type":"Article","@id":"https:\/\/blancfestival.com\/blanc-2021\/#article","isPartOf":{"@id":"https:\/\/blancfestival.com\/blanc-2021\/"},"author":{"name":"Redacci\u00f3n Blanc!","@id":"https:\/\/blancfestival.com\/#\/schema\/person\/1c1365d1e51e5730cf3f5fadb8670c06"},"headline":"Blanc! N.13, una experiencia digital inmersiva que nos introduce en el universo virtual del festival","datePublished":"2021-06-08T08:33:36+00:00","dateModified":"2021-10-25T15:08:37+00:00","mainEntityOfPage":{"@id":"https:\/\/blancfestival.com\/blanc-2021\/"},"wordCount":1894,"commentCount":0,"publisher":{"@id":"https:\/\/blancfestival.com\/#organization"},"image":{"@id":"https:\/\/blancfestival.com\/blanc-2021\/#primaryimage"},"thumbnailUrl":"https:\/\/blancfestival.com\/wp-content\/uploads\/2021\/06\/B_WEB_Cartel_1920x1080px.jpg","articleSection":["Actualidad"],"inLanguage":"ca","potentialAction":[{"@type":"CommentAction","name":"Comment","target":["https:\/\/blancfestival.com\/blanc-2021\/#respond"]}]},{"@type":"WebPage","@id":"https:\/\/blancfestival.com\/blanc-2021\/","url":"https:\/\/blancfestival.com\/blanc-2021\/","name":"Blanc! N.13, una experiencia digital inmersiva que nos introduce en el universo virtual del festival","isPartOf":{"@id":"https:\/\/blancfestival.com\/#website"},"primaryImageOfPage":{"@id":"https:\/\/blancfestival.com\/blanc-2021\/#primaryimage"},"image":{"@id":"https:\/\/blancfestival.com\/blanc-2021\/#primaryimage"},"thumbnailUrl":"https:\/\/blancfestival.com\/wp-content\/uploads\/2021\/06\/B_WEB_Cartel_1920x1080px.jpg","datePublished":"2021-06-08T08:33:36+00:00","dateModified":"2021-10-25T15:08:37+00:00","breadcrumb":{"@id":"https:\/\/blancfestival.com\/blanc-2021\/#breadcrumb"},"inLanguage":"ca","potentialAction":[{"@type":"ReadAction","target":["https:\/\/blancfestival.com\/blanc-2021\/"]}]},{"@type":"ImageObject","inLanguage":"ca","@id":"https:\/\/blancfestival.com\/blanc-2021\/#primaryimage","url":"https:\/\/blancfestival.com\/wp-content\/uploads\/2021\/06\/B_WEB_Cartel_1920x1080px.jpg","contentUrl":"https:\/\/blancfestival.com\/wp-content\/uploads\/2021\/06\/B_WEB_Cartel_1920x1080px.jpg","width":1920,"height":1080},{"@type":"BreadcrumbList","@id":"https:\/\/blancfestival.com\/blanc-2021\/#breadcrumb","itemListElement":[{"@type":"ListItem","position":1,"name":"Portada","item":"https:\/\/blancfestival.com\/ca\/"},{"@type":"ListItem","position":2,"name":"Blanc! N.13, una experiencia digital inmersiva que nos introduce en el universo virtual del festival"}]},{"@type":"WebSite","@id":"https:\/\/blancfestival.com\/#website","url":"https:\/\/blancfestival.com\/","name":"Blanc! Festival","description":"Disseny, Creativitat i Innovaci\u00f3","publisher":{"@id":"https:\/\/blancfestival.com\/#organization"},"potentialAction":[{"@type":"SearchAction","target":{"@type":"EntryPoint","urlTemplate":"https:\/\/blancfestival.com\/?s={search_term_string}"},"query-input":{"@type":"PropertyValueSpecification","valueRequired":true,"valueName":"search_term_string"}}],"inLanguage":"ca"},{"@type":"Organization","@id":"https:\/\/blancfestival.com\/#organization","name":"Blanc! Festival de Dise\u00f1o, Creatividad e Innovaci\u00f3n","url":"https:\/\/blancfestival.com\/","logo":{"@type":"ImageObject","inLanguage":"ca","@id":"https:\/\/blancfestival.com\/#\/schema\/logo\/image\/","url":"https:\/\/blancfestival.com\/wp-content\/uploads\/2025\/01\/logo_icono_blanc.jpg","contentUrl":"https:\/\/blancfestival.com\/wp-content\/uploads\/2025\/01\/logo_icono_blanc.jpg","width":2000,"height":2000,"caption":"Blanc! Festival de Dise\u00f1o, Creatividad e Innovaci\u00f3n"},"image":{"@id":"https:\/\/blancfestival.com\/#\/schema\/logo\/image\/"},"sameAs":["https:\/\/www.facebook.com\/blanc.festivaldissenygrafic\/","https:\/\/x.com\/blancfest","https:\/\/www.instagram.com\/blancfest\/","https:\/\/www.linkedin.com\/company\/blanc-festival","https:\/\/www.pinterest.com\/blancfest\/","https:\/\/www.youtube.com\/channel\/UCM-IjxOFb5gQg4yPgmze3Gg"]},{"@type":"Person","@id":"https:\/\/blancfestival.com\/#\/schema\/person\/1c1365d1e51e5730cf3f5fadb8670c06","name":"Redacci\u00f3n Blanc!","image":{"@type":"ImageObject","inLanguage":"ca","@id":"https:\/\/blancfestival.com\/#\/schema\/person\/image\/","url":"https:\/\/blancfestival.com\/wp-content\/uploads\/2020\/02\/ico-120x120.png","contentUrl":"https:\/\/blancfestival.com\/wp-content\/uploads\/2020\/02\/ico-120x120.png","caption":"Redacci\u00f3n Blanc!"},"description":"\u201cNo trates de doblar la cuchara. Es imposible. En lugar de hacerlo, solo intenta darte cuenta de la verdad\u2026 No hay cuchara. Entonces, ver\u00e1s que no es la cuchara lo que se dobla, te doblas t\u00fa\u201d"}]}},"_links":{"self":[{"href":"https:\/\/blancfestival.com\/ca\/wp-json\/wp\/v2\/posts\/6234","targetHints":{"allow":["GET"]}}],"collection":[{"href":"https:\/\/blancfestival.com\/ca\/wp-json\/wp\/v2\/posts"}],"about":[{"href":"https:\/\/blancfestival.com\/ca\/wp-json\/wp\/v2\/types\/post"}],"author":[{"embeddable":true,"href":"https:\/\/blancfestival.com\/ca\/wp-json\/wp\/v2\/users\/3"}],"replies":[{"embeddable":true,"href":"https:\/\/blancfestival.com\/ca\/wp-json\/wp\/v2\/comments?post=6234"}],"version-history":[{"count":3,"href":"https:\/\/blancfestival.com\/ca\/wp-json\/wp\/v2\/posts\/6234\/revisions"}],"predecessor-version":[{"id":6243,"href":"https:\/\/blancfestival.com\/ca\/wp-json\/wp\/v2\/posts\/6234\/revisions\/6243"}],"wp:featuredmedia":[{"embeddable":true,"href":"https:\/\/blancfestival.com\/ca\/wp-json\/wp\/v2\/media\/6235"}],"wp:attachment":[{"href":"https:\/\/blancfestival.com\/ca\/wp-json\/wp\/v2\/media?parent=6234"}],"wp:term":[{"taxonomy":"category","embeddable":true,"href":"https:\/\/blancfestival.com\/ca\/wp-json\/wp\/v2\/categories?post=6234"},{"taxonomy":"post_tag","embeddable":true,"href":"https:\/\/blancfestival.com\/ca\/wp-json\/wp\/v2\/tags?post=6234"},{"taxonomy":"evento","embeddable":true,"href":"https:\/\/blancfestival.com\/ca\/wp-json\/wp\/v2\/evento?post=6234"}],"curies":[{"name":"wp","href":"https:\/\/api.w.org\/{rel}","templated":true}]}}