{"id":6394,"date":"2021-07-06T13:41:14","date_gmt":"2021-07-06T11:41:14","guid":{"rendered":"https:\/\/blancfestival.com\/?p=6394"},"modified":"2021-11-09T17:39:00","modified_gmt":"2021-11-09T16:39:00","slug":"yves-zimmermann","status":"publish","type":"post","link":"https:\/\/blancfestival.com\/ca\/yves-zimmermann\/","title":{"rendered":"Sin la llegada de Yves Zimmermann a Barcelona, todo habr\u00eda sido diferente"},"content":{"rendered":"<p>En 1961, se traslad\u00f3 Yves Zimmermann (1937-2021) a Espa\u00f1a siendo perteneciente de la Escuela de Basilea (Suiza). En pocos a\u00f1os se convierte en una pieza clave en la difusi\u00f3n y la construcci\u00f3n de la disciplina de dise\u00f1o en nuestro pa\u00eds. A trav\u00e9s de su labor como dise\u00f1ador, docente y editor, intervino en una nueva mirada y forma de hacer dise\u00f1o llegando a generar valor a la profesi\u00f3n.<\/p>\n<p>&nbsp;<\/p>\n<p><img loading=\"lazy\" decoding=\"async\" class=\"alignnone wp-image-6410 size-full\" src=\"https:\/\/blancfestival.com\/wp-content\/uploads\/2021\/07\/00-Yves-Zimmermann.jpg\" alt=\"\" width=\"680\" height=\"384\" srcset=\"https:\/\/blancfestival.com\/wp-content\/uploads\/2021\/07\/00-Yves-Zimmermann.jpg 680w, https:\/\/blancfestival.com\/wp-content\/uploads\/2021\/07\/00-Yves-Zimmermann-250x141.jpg 250w, https:\/\/blancfestival.com\/wp-content\/uploads\/2021\/07\/00-Yves-Zimmermann-120x68.jpg 120w\" sizes=\"auto, (max-width: 680px) 100vw, 680px\" \/><\/p>\n<p>&nbsp;<\/p>\n<p>Desde sus inicios tuvo un gran inter\u00e9s por dise\u00f1ar, en la \u00e9poca que el dise\u00f1o suizo alcanz\u00f3 su fama mundial tuvo su gran oportunidad en la ciudad de Nueva York. Muchas empresas americanas de esos tiempos quer\u00edan tener un dise\u00f1ador suizo en sus filas, esto le hizo trabajar para los Laboratorios Geigy en los EEUU.<\/p>\n<p>A\u00f1os m\u00e1s tarde, Geigy le abri\u00f3 las puertas en la ciudad de Barcelona como director del departamento de propaganda. Al poco tiempo de estar en la Ciudad Condal le ofrecieron dar clases en Eina y Elisava, por estos hechos y por otras eventualidades decidi\u00f3 afincarse finalmente en la capital catalana.<\/p>\n<p>&nbsp;<\/p>\n<p><img loading=\"lazy\" decoding=\"async\" width=\"680\" height=\"462\" class=\"alignnone size-full wp-image-6395\" src=\"https:\/\/blancfestival.com\/wp-content\/uploads\/2021\/07\/toni-zimmermann.jpg\" alt=\"Yves Zimmermann y Toni Miserachs en Laboratorios Geigy, 1964-65.\" srcset=\"https:\/\/blancfestival.com\/wp-content\/uploads\/2021\/07\/toni-zimmermann.jpg 680w, https:\/\/blancfestival.com\/wp-content\/uploads\/2021\/07\/toni-zimmermann-250x170.jpg 250w, https:\/\/blancfestival.com\/wp-content\/uploads\/2021\/07\/toni-zimmermann-120x82.jpg 120w\" sizes=\"auto, (max-width: 680px) 100vw, 680px\" \/><\/p>\n<h6>Yves Zimmermann y <a href=\"https:\/\/blancfestival.com\/diseno\/mestra-del-blanc-2020-toni-miserachs\/\">Toni Miserachs<\/a> en Laboratorios Geigy, Barcelona, 1964-65.<\/h6>\n<p>&nbsp;<\/p>\n<p>Zimmermann ha sido el responsable de introducir nuevas metodolog\u00edas en el dise\u00f1o espa\u00f1ol, \u00e9l hizo que las primeras generaciones formadas en la disciplina aprendieran a hacer y a pensar de otra forma. Con sus libros lleg\u00f3 a alcanzar mucha fama, su \u00e9xito foment\u00f3 que otras editoriales apostaran por los libros de dise\u00f1o o sobre dise\u00f1o, y seg\u00fan palabras suyas: \u201cas\u00ed es c\u00f3mo se expandi\u00f3 la disciplina en Espa\u00f1a\u201d.<\/p>\n<p>&nbsp;<\/p>\n<h2>Laus de Honor 2016: Yves Zimmermann<\/h2>\n<p>En 2016 se le concede el Laus de Honor, un reconocimiento de la ADG-FAD a los profesionales que merecen tal menci\u00f3n por su aportaci\u00f3n y trayectoria profesional. Un m\u00e1s que merecido reconocimiento de todo un sector que le debe el haber transformado el panorama del dise\u00f1o espa\u00f1ol con un estilo y una nueva metodolog\u00eda de dise\u00f1o que ha logrado transmitir a trav\u00e9s de la pr\u00e1ctica profesional y de su actividad como docente y editor.<\/p>\n<p>&nbsp;<\/p>\n<p><iframe loading=\"lazy\" src=\"https:\/\/player.vimeo.com\/video\/169503983?byline=0&amp;portrait=0\" width=\"100%\" height=\"360\" frameborder=\"0\" allowfullscreen=\"allowfullscreen\"><\/iframe><\/p>\n<p>&nbsp;<\/p>\n<p>Para muchos profesionales del \u00e1mbito, ha sido sin duda el culpable de dar sentido a las cosas en dise\u00f1o en un momento crucial como fue la renovaci\u00f3n de la imagen antes, durante y despu\u00e9s de la Transici\u00f3n espa\u00f1ola.<\/p>\n<p>El pasado 4 de Julio falleci\u00f3 a la edad de 84 a\u00f1os, \u00a1Buen viaje, Mestre!<\/p>\n","protected":false},"excerpt":{"rendered":"En 1961, se traslad\u00f3 Yves Zimmermann (1937-2021) a Espa\u00f1a siendo perteneciente de la Escuela de Basilea (Suiza). En pocos a\u00f1os se convierte en una pieza clave en la difusi\u00f3n y la construcci\u00f3n de la disciplina de dise\u00f1o en nuestro pa\u00eds. A trav\u00e9s de su labor como dise\u00f1ador, docente y editor, intervino en una nueva mirada&hellip;","protected":false},"author":11,"featured_media":6401,"comment_status":"open","ping_status":"open","sticky":false,"template":"","format":"standard","meta":{"_acf_changed":false,"footnotes":""},"categories":[169,1],"tags":[],"evento":[],"class_list":["post-6394","post","type-post","status-publish","format-standard","has-post-thumbnail","hentry","category-actualidad","category-diseno-grafico"],"acf":[],"yoast_head":"<!-- This site is optimized with the Yoast SEO plugin v23.7 - https:\/\/yoast.com\/wordpress\/plugins\/seo\/ -->\n<title>Sin la llegada de Yves Zimmermann a Barcelona, todo habr\u00eda sido diferente<\/title>\n<meta name=\"description\" content=\"\u00c9l hizo que las primeras generaciones formadas en dise\u00f1o gr\u00e1fico aprendieran a hacer y a pensar de otra forma. &quot;As\u00ed es c\u00f3mo se expandi\u00f3 la disciplina en Espa\u00f1a&quot;\" \/>\n<meta name=\"robots\" content=\"index, follow, max-snippet:-1, max-image-preview:large, max-video-preview:-1\" \/>\n<link rel=\"canonical\" href=\"https:\/\/blancfestival.com\/yves-zimmermann\/\" \/>\n<meta property=\"og:locale\" content=\"ca_ES\" \/>\n<meta property=\"og:type\" content=\"article\" \/>\n<meta property=\"og:title\" content=\"Sin la llegada de Yves Zimmermann a Barcelona, todo habr\u00eda sido diferente\" \/>\n<meta property=\"og:description\" content=\"\u00c9l hizo que las primeras generaciones formadas en dise\u00f1o gr\u00e1fico aprendieran a hacer y a pensar de otra forma. &quot;As\u00ed es c\u00f3mo se expandi\u00f3 la disciplina en Espa\u00f1a&quot;\" \/>\n<meta property=\"og:url\" content=\"https:\/\/blancfestival.com\/yves-zimmermann\/\" \/>\n<meta property=\"og:site_name\" content=\"Blanc!\" \/>\n<meta property=\"article:publisher\" content=\"https:\/\/www.facebook.com\/blanc.festivaldissenygrafic\/\" \/>\n<meta property=\"article:published_time\" content=\"2021-07-06T11:41:14+00:00\" \/>\n<meta property=\"article:modified_time\" content=\"2021-11-09T16:39:00+00:00\" \/>\n<meta property=\"og:image\" content=\"https:\/\/blancfestival.com\/wp-content\/uploads\/2021\/07\/yves-zimmermann.jpg\" \/>\n\t<meta property=\"og:image:width\" content=\"1680\" \/>\n\t<meta property=\"og:image:height\" content=\"935\" \/>\n\t<meta property=\"og:image:type\" content=\"image\/jpeg\" \/>\n<meta name=\"author\" content=\"Vicent Almi\u00f1ana\" \/>\n<meta name=\"twitter:card\" content=\"summary_large_image\" \/>\n<meta name=\"twitter:creator\" content=\"@blancfest\" \/>\n<meta name=\"twitter:site\" content=\"@blancfest\" \/>\n<meta name=\"twitter:label1\" content=\"Written by\" \/>\n\t<meta name=\"twitter:data1\" content=\"Vicent Almi\u00f1ana\" \/>\n\t<meta name=\"twitter:label2\" content=\"Est. reading time\" \/>\n\t<meta name=\"twitter:data2\" content=\"2 minutes\" \/>\n<script type=\"application\/ld+json\" class=\"yoast-schema-graph\">{\"@context\":\"https:\/\/schema.org\",\"@graph\":[{\"@type\":\"Article\",\"@id\":\"https:\/\/blancfestival.com\/yves-zimmermann\/#article\",\"isPartOf\":{\"@id\":\"https:\/\/blancfestival.com\/yves-zimmermann\/\"},\"author\":{\"name\":\"Vicent Almi\u00f1ana\",\"@id\":\"https:\/\/blancfestival.com\/#\/schema\/person\/cefc56543155b30cc9cfa1801fb912bf\"},\"headline\":\"Sin la llegada de Yves Zimmermann a Barcelona, todo habr\u00eda sido diferente\",\"datePublished\":\"2021-07-06T11:41:14+00:00\",\"dateModified\":\"2021-11-09T16:39:00+00:00\",\"mainEntityOfPage\":{\"@id\":\"https:\/\/blancfestival.com\/yves-zimmermann\/\"},\"wordCount\":438,\"commentCount\":0,\"publisher\":{\"@id\":\"https:\/\/blancfestival.com\/#organization\"},\"image\":{\"@id\":\"https:\/\/blancfestival.com\/yves-zimmermann\/#primaryimage\"},\"thumbnailUrl\":\"https:\/\/blancfestival.com\/wp-content\/uploads\/2021\/07\/yves-zimmermann.jpg\",\"articleSection\":[\"Actualidad\",\"Dise\u00f1o Gr\u00e1fico\"],\"inLanguage\":\"ca\",\"potentialAction\":[{\"@type\":\"CommentAction\",\"name\":\"Comment\",\"target\":[\"https:\/\/blancfestival.com\/yves-zimmermann\/#respond\"]}]},{\"@type\":\"WebPage\",\"@id\":\"https:\/\/blancfestival.com\/yves-zimmermann\/\",\"url\":\"https:\/\/blancfestival.com\/yves-zimmermann\/\",\"name\":\"Sin la llegada de Yves Zimmermann a Barcelona, todo habr\u00eda sido diferente\",\"isPartOf\":{\"@id\":\"https:\/\/blancfestival.com\/#website\"},\"primaryImageOfPage\":{\"@id\":\"https:\/\/blancfestival.com\/yves-zimmermann\/#primaryimage\"},\"image\":{\"@id\":\"https:\/\/blancfestival.com\/yves-zimmermann\/#primaryimage\"},\"thumbnailUrl\":\"https:\/\/blancfestival.com\/wp-content\/uploads\/2021\/07\/yves-zimmermann.jpg\",\"datePublished\":\"2021-07-06T11:41:14+00:00\",\"dateModified\":\"2021-11-09T16:39:00+00:00\",\"description\":\"\u00c9l hizo que las primeras generaciones formadas en dise\u00f1o gr\u00e1fico aprendieran a hacer y a pensar de otra forma. \\\"As\u00ed es c\u00f3mo se expandi\u00f3 la disciplina en Espa\u00f1a\\\"\",\"breadcrumb\":{\"@id\":\"https:\/\/blancfestival.com\/yves-zimmermann\/#breadcrumb\"},\"inLanguage\":\"ca\",\"potentialAction\":[{\"@type\":\"ReadAction\",\"target\":[\"https:\/\/blancfestival.com\/yves-zimmermann\/\"]}]},{\"@type\":\"ImageObject\",\"inLanguage\":\"ca\",\"@id\":\"https:\/\/blancfestival.com\/yves-zimmermann\/#primaryimage\",\"url\":\"https:\/\/blancfestival.com\/wp-content\/uploads\/2021\/07\/yves-zimmermann.jpg\",\"contentUrl\":\"https:\/\/blancfestival.com\/wp-content\/uploads\/2021\/07\/yves-zimmermann.jpg\",\"width\":1680,\"height\":935},{\"@type\":\"BreadcrumbList\",\"@id\":\"https:\/\/blancfestival.com\/yves-zimmermann\/#breadcrumb\",\"itemListElement\":[{\"@type\":\"ListItem\",\"position\":1,\"name\":\"Portada\",\"item\":\"https:\/\/blancfestival.com\/ca\/\"},{\"@type\":\"ListItem\",\"position\":2,\"name\":\"Sin la llegada de Yves Zimmermann a Barcelona, todo habr\u00eda sido diferente\"}]},{\"@type\":\"WebSite\",\"@id\":\"https:\/\/blancfestival.com\/#website\",\"url\":\"https:\/\/blancfestival.com\/\",\"name\":\"Blanc! Festival\",\"description\":\"Disseny, Creativitat i Innovaci\u00f3\",\"publisher\":{\"@id\":\"https:\/\/blancfestival.com\/#organization\"},\"potentialAction\":[{\"@type\":\"SearchAction\",\"target\":{\"@type\":\"EntryPoint\",\"urlTemplate\":\"https:\/\/blancfestival.com\/?s={search_term_string}\"},\"query-input\":{\"@type\":\"PropertyValueSpecification\",\"valueRequired\":true,\"valueName\":\"search_term_string\"}}],\"inLanguage\":\"ca\"},{\"@type\":\"Organization\",\"@id\":\"https:\/\/blancfestival.com\/#organization\",\"name\":\"Blanc! Festival de Dise\u00f1o, Creatividad e Innovaci\u00f3n\",\"url\":\"https:\/\/blancfestival.com\/\",\"logo\":{\"@type\":\"ImageObject\",\"inLanguage\":\"ca\",\"@id\":\"https:\/\/blancfestival.com\/#\/schema\/logo\/image\/\",\"url\":\"https:\/\/blancfestival.com\/wp-content\/uploads\/2025\/01\/logo_icono_blanc.jpg\",\"contentUrl\":\"https:\/\/blancfestival.com\/wp-content\/uploads\/2025\/01\/logo_icono_blanc.jpg\",\"width\":2000,\"height\":2000,\"caption\":\"Blanc! Festival de Dise\u00f1o, Creatividad e Innovaci\u00f3n\"},\"image\":{\"@id\":\"https:\/\/blancfestival.com\/#\/schema\/logo\/image\/\"},\"sameAs\":[\"https:\/\/www.facebook.com\/blanc.festivaldissenygrafic\/\",\"https:\/\/x.com\/blancfest\",\"https:\/\/www.instagram.com\/blancfest\/\",\"https:\/\/www.linkedin.com\/company\/blanc-festival\",\"https:\/\/www.pinterest.com\/blancfest\/\",\"https:\/\/www.youtube.com\/channel\/UCM-IjxOFb5gQg4yPgmze3Gg\"]},{\"@type\":\"Person\",\"@id\":\"https:\/\/blancfestival.com\/#\/schema\/person\/cefc56543155b30cc9cfa1801fb912bf\",\"name\":\"Vicent Almi\u00f1ana\",\"image\":{\"@type\":\"ImageObject\",\"inLanguage\":\"ca\",\"@id\":\"https:\/\/blancfestival.com\/#\/schema\/person\/image\/\",\"url\":\"https:\/\/blancfestival.com\/wp-content\/uploads\/2020\/04\/Vicent_3_web-e1587308297166-150x150.jpg\",\"contentUrl\":\"https:\/\/blancfestival.com\/wp-content\/uploads\/2020\/04\/Vicent_3_web-e1587308297166-150x150.jpg\",\"caption\":\"Vicent Almi\u00f1ana\"},\"description\":\"Dise\u00f1ador gr\u00e1fico, docente y comisario de exposiciones. Con fuerte inter\u00e9s por la defensa del dise\u00f1o y las artes visuales. Responsable de la secci\u00f3n\u00a0Mestres del Blanc!\"}]}<\/script>\n<!-- \/ Yoast SEO plugin. -->","yoast_head_json":{"title":"Sin la llegada de Yves Zimmermann a Barcelona, todo habr\u00eda sido diferente","description":"\u00c9l hizo que las primeras generaciones formadas en dise\u00f1o gr\u00e1fico aprendieran a hacer y a pensar de otra forma. \"As\u00ed es c\u00f3mo se expandi\u00f3 la disciplina en Espa\u00f1a\"","robots":{"index":"index","follow":"follow","max-snippet":"max-snippet:-1","max-image-preview":"max-image-preview:large","max-video-preview":"max-video-preview:-1"},"canonical":"https:\/\/blancfestival.com\/yves-zimmermann\/","og_locale":"ca_ES","og_type":"article","og_title":"Sin la llegada de Yves Zimmermann a Barcelona, todo habr\u00eda sido diferente","og_description":"\u00c9l hizo que las primeras generaciones formadas en dise\u00f1o gr\u00e1fico aprendieran a hacer y a pensar de otra forma. \"As\u00ed es c\u00f3mo se expandi\u00f3 la disciplina en Espa\u00f1a\"","og_url":"https:\/\/blancfestival.com\/yves-zimmermann\/","og_site_name":"Blanc!","article_publisher":"https:\/\/www.facebook.com\/blanc.festivaldissenygrafic\/","article_published_time":"2021-07-06T11:41:14+00:00","article_modified_time":"2021-11-09T16:39:00+00:00","og_image":[{"width":1680,"height":935,"url":"https:\/\/blancfestival.com\/wp-content\/uploads\/2021\/07\/yves-zimmermann.jpg","type":"image\/jpeg"}],"author":"Vicent Almi\u00f1ana","twitter_card":"summary_large_image","twitter_creator":"@blancfest","twitter_site":"@blancfest","twitter_misc":{"Written by":"Vicent Almi\u00f1ana","Est. reading time":"2 minutes"},"schema":{"@context":"https:\/\/schema.org","@graph":[{"@type":"Article","@id":"https:\/\/blancfestival.com\/yves-zimmermann\/#article","isPartOf":{"@id":"https:\/\/blancfestival.com\/yves-zimmermann\/"},"author":{"name":"Vicent Almi\u00f1ana","@id":"https:\/\/blancfestival.com\/#\/schema\/person\/cefc56543155b30cc9cfa1801fb912bf"},"headline":"Sin la llegada de Yves Zimmermann a Barcelona, todo habr\u00eda sido diferente","datePublished":"2021-07-06T11:41:14+00:00","dateModified":"2021-11-09T16:39:00+00:00","mainEntityOfPage":{"@id":"https:\/\/blancfestival.com\/yves-zimmermann\/"},"wordCount":438,"commentCount":0,"publisher":{"@id":"https:\/\/blancfestival.com\/#organization"},"image":{"@id":"https:\/\/blancfestival.com\/yves-zimmermann\/#primaryimage"},"thumbnailUrl":"https:\/\/blancfestival.com\/wp-content\/uploads\/2021\/07\/yves-zimmermann.jpg","articleSection":["Actualidad","Dise\u00f1o Gr\u00e1fico"],"inLanguage":"ca","potentialAction":[{"@type":"CommentAction","name":"Comment","target":["https:\/\/blancfestival.com\/yves-zimmermann\/#respond"]}]},{"@type":"WebPage","@id":"https:\/\/blancfestival.com\/yves-zimmermann\/","url":"https:\/\/blancfestival.com\/yves-zimmermann\/","name":"Sin la llegada de Yves Zimmermann a Barcelona, todo habr\u00eda sido diferente","isPartOf":{"@id":"https:\/\/blancfestival.com\/#website"},"primaryImageOfPage":{"@id":"https:\/\/blancfestival.com\/yves-zimmermann\/#primaryimage"},"image":{"@id":"https:\/\/blancfestival.com\/yves-zimmermann\/#primaryimage"},"thumbnailUrl":"https:\/\/blancfestival.com\/wp-content\/uploads\/2021\/07\/yves-zimmermann.jpg","datePublished":"2021-07-06T11:41:14+00:00","dateModified":"2021-11-09T16:39:00+00:00","description":"\u00c9l hizo que las primeras generaciones formadas en dise\u00f1o gr\u00e1fico aprendieran a hacer y a pensar de otra forma. \"As\u00ed es c\u00f3mo se expandi\u00f3 la disciplina en Espa\u00f1a\"","breadcrumb":{"@id":"https:\/\/blancfestival.com\/yves-zimmermann\/#breadcrumb"},"inLanguage":"ca","potentialAction":[{"@type":"ReadAction","target":["https:\/\/blancfestival.com\/yves-zimmermann\/"]}]},{"@type":"ImageObject","inLanguage":"ca","@id":"https:\/\/blancfestival.com\/yves-zimmermann\/#primaryimage","url":"https:\/\/blancfestival.com\/wp-content\/uploads\/2021\/07\/yves-zimmermann.jpg","contentUrl":"https:\/\/blancfestival.com\/wp-content\/uploads\/2021\/07\/yves-zimmermann.jpg","width":1680,"height":935},{"@type":"BreadcrumbList","@id":"https:\/\/blancfestival.com\/yves-zimmermann\/#breadcrumb","itemListElement":[{"@type":"ListItem","position":1,"name":"Portada","item":"https:\/\/blancfestival.com\/ca\/"},{"@type":"ListItem","position":2,"name":"Sin la llegada de Yves Zimmermann a Barcelona, todo habr\u00eda sido diferente"}]},{"@type":"WebSite","@id":"https:\/\/blancfestival.com\/#website","url":"https:\/\/blancfestival.com\/","name":"Blanc! Festival","description":"Disseny, Creativitat i Innovaci\u00f3","publisher":{"@id":"https:\/\/blancfestival.com\/#organization"},"potentialAction":[{"@type":"SearchAction","target":{"@type":"EntryPoint","urlTemplate":"https:\/\/blancfestival.com\/?s={search_term_string}"},"query-input":{"@type":"PropertyValueSpecification","valueRequired":true,"valueName":"search_term_string"}}],"inLanguage":"ca"},{"@type":"Organization","@id":"https:\/\/blancfestival.com\/#organization","name":"Blanc! Festival de Dise\u00f1o, Creatividad e Innovaci\u00f3n","url":"https:\/\/blancfestival.com\/","logo":{"@type":"ImageObject","inLanguage":"ca","@id":"https:\/\/blancfestival.com\/#\/schema\/logo\/image\/","url":"https:\/\/blancfestival.com\/wp-content\/uploads\/2025\/01\/logo_icono_blanc.jpg","contentUrl":"https:\/\/blancfestival.com\/wp-content\/uploads\/2025\/01\/logo_icono_blanc.jpg","width":2000,"height":2000,"caption":"Blanc! Festival de Dise\u00f1o, Creatividad e Innovaci\u00f3n"},"image":{"@id":"https:\/\/blancfestival.com\/#\/schema\/logo\/image\/"},"sameAs":["https:\/\/www.facebook.com\/blanc.festivaldissenygrafic\/","https:\/\/x.com\/blancfest","https:\/\/www.instagram.com\/blancfest\/","https:\/\/www.linkedin.com\/company\/blanc-festival","https:\/\/www.pinterest.com\/blancfest\/","https:\/\/www.youtube.com\/channel\/UCM-IjxOFb5gQg4yPgmze3Gg"]},{"@type":"Person","@id":"https:\/\/blancfestival.com\/#\/schema\/person\/cefc56543155b30cc9cfa1801fb912bf","name":"Vicent Almi\u00f1ana","image":{"@type":"ImageObject","inLanguage":"ca","@id":"https:\/\/blancfestival.com\/#\/schema\/person\/image\/","url":"https:\/\/blancfestival.com\/wp-content\/uploads\/2020\/04\/Vicent_3_web-e1587308297166-150x150.jpg","contentUrl":"https:\/\/blancfestival.com\/wp-content\/uploads\/2020\/04\/Vicent_3_web-e1587308297166-150x150.jpg","caption":"Vicent Almi\u00f1ana"},"description":"Dise\u00f1ador gr\u00e1fico, docente y comisario de exposiciones. Con fuerte inter\u00e9s por la defensa del dise\u00f1o y las artes visuales. Responsable de la secci\u00f3n\u00a0Mestres del Blanc!"}]}},"_links":{"self":[{"href":"https:\/\/blancfestival.com\/ca\/wp-json\/wp\/v2\/posts\/6394","targetHints":{"allow":["GET"]}}],"collection":[{"href":"https:\/\/blancfestival.com\/ca\/wp-json\/wp\/v2\/posts"}],"about":[{"href":"https:\/\/blancfestival.com\/ca\/wp-json\/wp\/v2\/types\/post"}],"author":[{"embeddable":true,"href":"https:\/\/blancfestival.com\/ca\/wp-json\/wp\/v2\/users\/11"}],"replies":[{"embeddable":true,"href":"https:\/\/blancfestival.com\/ca\/wp-json\/wp\/v2\/comments?post=6394"}],"version-history":[{"count":12,"href":"https:\/\/blancfestival.com\/ca\/wp-json\/wp\/v2\/posts\/6394\/revisions"}],"predecessor-version":[{"id":6419,"href":"https:\/\/blancfestival.com\/ca\/wp-json\/wp\/v2\/posts\/6394\/revisions\/6419"}],"wp:featuredmedia":[{"embeddable":true,"href":"https:\/\/blancfestival.com\/ca\/wp-json\/wp\/v2\/media\/6401"}],"wp:attachment":[{"href":"https:\/\/blancfestival.com\/ca\/wp-json\/wp\/v2\/media?parent=6394"}],"wp:term":[{"taxonomy":"category","embeddable":true,"href":"https:\/\/blancfestival.com\/ca\/wp-json\/wp\/v2\/categories?post=6394"},{"taxonomy":"post_tag","embeddable":true,"href":"https:\/\/blancfestival.com\/ca\/wp-json\/wp\/v2\/tags?post=6394"},{"taxonomy":"evento","embeddable":true,"href":"https:\/\/blancfestival.com\/ca\/wp-json\/wp\/v2\/evento?post=6394"}],"curies":[{"name":"wp","href":"https:\/\/api.w.org\/{rel}","templated":true}]}}