{"id":6511,"date":"2021-09-11T16:40:46","date_gmt":"2021-09-11T14:40:46","guid":{"rendered":"https:\/\/blancfestival.com\/?p=6511"},"modified":"2021-09-14T15:46:49","modified_gmt":"2021-09-14T13:46:49","slug":"superheroes-inaccesibles-la-accesibilidad-desde-el-diseno","status":"publish","type":"post","link":"https:\/\/blancfestival.com\/ca\/superheroes-inaccesibles-la-accesibilidad-desde-el-diseno\/","title":{"rendered":"Superh\u00e9roes inaccesibles. La accesibilidad desde el dise\u00f1o"},"content":{"rendered":"<p class=\"p1\">Cada vez somos m\u00e1s conscientes de c\u00f3mo desde el dise\u00f1o tenemos una responsabilidad \u00e9tica, social y cultural, tomando decisiones en aspectos como la sostenibilidad, la perspectiva de g\u00e9nero o el compromiso con la sociedad, en contextos en constante transformaci\u00f3n social, pol\u00edtica y econ\u00f3mica.<\/p>\n<p class=\"p1\">Dentro de este conjunto<i> <\/i>de responsabilidades en el dise\u00f1o se encuentra tambi\u00e9n la accesibilidad, un aspecto que a veces no acabamos de conocer profundamente, por su complejidad. A menudo evitamos tratarla porque nos parece que puede distorsionar o entorpecer la formalizaci\u00f3n de nuestros proyectos, cuando, por el contrario, lo que hace es enriquecerlos.<\/p>\n<h2 class=\"p1\"><span class=\"s1\">Entender la exclusi\u00f3n para poder incluir<\/span><\/h2>\n<p class=\"p1\">Cuando pensamos en un dise\u00f1o accesible nos vienen a la mente sillas de ruedas o personas ciegas, pero el abanico de posibilidades de exclusi\u00f3n que podemos estar obviando es mucho m\u00e1s extensa.<\/p>\n<p class=\"p1\">\u00bfQu\u00e9 pasa con las personas zurdas, las acabadas de operar de cataratas, dalt\u00f3nicas, con enfermedades mentales, aquellas que les falta un brazo, tienen artrosis o se han roto la clav\u00edcula\u2026? \u00bfQu\u00e9 pasa con aquellas personas que no est\u00e1n dentro de los promedios estad\u00edsticos considerados como \u201cnormales\u201d?<\/p>\n<p><img loading=\"lazy\" decoding=\"async\" width=\"700\" height=\"467\" class=\"aligncenter size-large wp-image-6519\" src=\"https:\/\/blancfestival.com\/wp-content\/uploads\/2021\/09\/02-paul-green-unsplash-photo-1471877325906-aee7c2240b5f-700x467.jpeg\" alt=\"foco de luz morada\" srcset=\"https:\/\/blancfestival.com\/wp-content\/uploads\/2021\/09\/02-paul-green-unsplash-photo-1471877325906-aee7c2240b5f-700x467.jpeg 700w, https:\/\/blancfestival.com\/wp-content\/uploads\/2021\/09\/02-paul-green-unsplash-photo-1471877325906-aee7c2240b5f-250x167.jpeg 250w, https:\/\/blancfestival.com\/wp-content\/uploads\/2021\/09\/02-paul-green-unsplash-photo-1471877325906-aee7c2240b5f-768x512.jpeg 768w, https:\/\/blancfestival.com\/wp-content\/uploads\/2021\/09\/02-paul-green-unsplash-photo-1471877325906-aee7c2240b5f-1536x1024.jpeg 1536w, https:\/\/blancfestival.com\/wp-content\/uploads\/2021\/09\/02-paul-green-unsplash-photo-1471877325906-aee7c2240b5f-120x80.jpeg 120w, https:\/\/blancfestival.com\/wp-content\/uploads\/2021\/09\/02-paul-green-unsplash-photo-1471877325906-aee7c2240b5f-272x182.jpeg 272w, https:\/\/blancfestival.com\/wp-content\/uploads\/2021\/09\/02-paul-green-unsplash-photo-1471877325906-aee7c2240b5f.jpeg 1950w\" sizes=\"auto, (max-width: 700px) 100vw, 700px\" \/><\/p>\n<p class=\"p1\">Somos seres complejos, variables y podemos tener necesidades diferentes seg\u00fan nuestro momento vital o incluso seg\u00fan el contexto que nos rodea. Jorge Palomero, arquitecto especialista en accesibilidad, apunta que aunque est\u00e1 socialmente aceptado ser diferente, en las cuestiones pr\u00e1cticas del d\u00eda a d\u00eda se sigue ejerciendo una discriminaci\u00f3n total\u201d (<a href=\"https:\/\/www.experimenta.es\/noticias\/grafica-y-comunicacion\/superar-las-barreras-diseno-e-inclusion\"><span class=\"s2\"><i>Experimenta<\/i> 88<\/span><\/a>).<\/p>\n<p class=\"p1\">Seg\u00fan la <a href=\"https:\/\/documents1.worldbank.org\/curated\/en\/665131468331271288\/pdf\/627830WP0World00PUBLIC00BOX361491B0.pdf\"><span class=\"s2\">Organizaci\u00f3n Mundial<\/span><\/a><span class=\"s2\"> de la Salud<\/span>, en 2011, el 15% de la poblaci\u00f3n mundial (1.000 millones de personas) estaba experimentando alguna discapacidad. No son, para nada, n\u00fameros menores. Podemos decir que el resto estaba exento de ellas temporalmente, ya que nuestras habilidades van cambiando a causa de enfermedades y lesiones, as\u00ed como por situaciones derivadas del contexto tecnol\u00f3gico o del d\u00eda a d\u00eda. En realidad, cualquier persona puede sentirse exclu\u00edda en cualquier momento de su vida.<\/p>\n<p class=\"p1\">Excluir no solamente es injusto (que ya ser\u00eda una raz\u00f3n suficiente para evitarlo), sino que tambi\u00e9n nos impide contribuir a la sociedad de manera positiva. Adem\u00e1s, nos descarta la oportunidad de disfrutar de la diversidad, ya que desaprovechamos las capacidades de parte de la poblaci\u00f3n.<\/p>\n<p class=\"p1\">Incluso, aquellos que llevan puesto el sombrero comercial entienden que valorando los aspectos de inclusi\u00f3n en un producto, se genera compromiso y contribuci\u00f3n de aquella persona usuaria a la que nos dirigimos, porque puede acceder a la informaci\u00f3n, producto, servicio, aumentando el sentido de pertenencia con la marca. Son ejemplo de ello Apple, Microsoft, Google, EA Sports o Sony, al incluir caracter\u00edsticas de accesibilidad para llegar a una parte importante del mercado que las reclama. <img loading=\"lazy\" decoding=\"async\" width=\"700\" height=\"467\" class=\"aligncenter size-large wp-image-6515\" src=\"https:\/\/blancfestival.com\/wp-content\/uploads\/2021\/09\/03-usman-yousaf-unsplash-photo-1610024522550-5345c210db2c-700x467.jpeg\" alt=\"persona de espaldas\" srcset=\"https:\/\/blancfestival.com\/wp-content\/uploads\/2021\/09\/03-usman-yousaf-unsplash-photo-1610024522550-5345c210db2c-700x467.jpeg 700w, https:\/\/blancfestival.com\/wp-content\/uploads\/2021\/09\/03-usman-yousaf-unsplash-photo-1610024522550-5345c210db2c-250x167.jpeg 250w, https:\/\/blancfestival.com\/wp-content\/uploads\/2021\/09\/03-usman-yousaf-unsplash-photo-1610024522550-5345c210db2c-768x512.jpeg 768w, https:\/\/blancfestival.com\/wp-content\/uploads\/2021\/09\/03-usman-yousaf-unsplash-photo-1610024522550-5345c210db2c-1536x1024.jpeg 1536w, https:\/\/blancfestival.com\/wp-content\/uploads\/2021\/09\/03-usman-yousaf-unsplash-photo-1610024522550-5345c210db2c-120x80.jpeg 120w, https:\/\/blancfestival.com\/wp-content\/uploads\/2021\/09\/03-usman-yousaf-unsplash-photo-1610024522550-5345c210db2c-272x182.jpeg 272w, https:\/\/blancfestival.com\/wp-content\/uploads\/2021\/09\/03-usman-yousaf-unsplash-photo-1610024522550-5345c210db2c.jpeg 1950w\" sizes=\"auto, (max-width: 700px) 100vw, 700px\" \/><\/p>\n<h2 class=\"p1\"><span class=\"s1\">\u00bfC\u00f3mo podemos potenciar la inclusi\u00f3n desde el dise\u00f1o?<\/span><\/h2>\n<p class=\"p1\">Antes que nada, debemos abandonar la compasi\u00f3n y la l\u00e1stima hacia las personas con alguna dificultad o diversidad funcional, dejar de pensar en \u201cellas\u201d (separadas de \u201cnosotras\u201d) y entender que no vamos a hacer una acci\u00f3n de benevolencia sino a intentar que el mayor n\u00famero de personas pueda acceder a aquello que queremos comunicar. Kat Holmes, en su libro <a href=\"https:\/\/www.experimenta.es\/tienda\/producto\/mismatch-como-la-inclusion-da-forma-al-diseno-la-tecnologia-y-la-sociedad\"><span class=\"s2\"><i>Mismatch. C\u00f3mo la inclusi\u00f3n da forma al dise\u00f1o, la tecnolog\u00eda y la sociedad<\/i><\/span><\/a><i> <\/i>(Experimenta Libros, 2021), lo explica muy bien.<\/p>\n<p class=\"p1\">Holmes habla de la necesidad de abandonar el enfoque que a menudo tenemos de \u201csuperh\u00e9roe\u201d del dise\u00f1o. Los dise\u00f1adores y dise\u00f1adoras no salvamos a nadie. Tenemos responsabilidades, s\u00ed, muchas e importantes, como habl\u00e1bamos al inicio del art\u00edculo, pero no vamos a rescatar a nadie desde la superioridad. Esta actitud solamente nos va a llevar a separarnos aun m\u00e1s de las personas y prolongar su estigma e invisibilidad.<\/p>\n<p class=\"p1\">Como es complejo que un \u00fanico dise\u00f1o pueda satisfacer todas las necesidades, porque son muy distintas y variables en el tiempo, la propuesta de este art\u00edculo es hacer una introducci\u00f3n inicial con el objetivo de sensibilizar, siguiendo algunos consejos, que nos ayudaran a perder el miedo a abordar la cuesti\u00f3n:<\/p>\n<ol class=\"ol1\">\n<li class=\"li1\"><b>Entender la responsabilidad<\/b>, importante, que corresponde a la parte de dise\u00f1o. Cada elecci\u00f3n (de color, tama\u00f1o tipogr\u00e1fico, material, forma, contraste, animaci\u00f3n, etc) puede hacer inaccesible nuestro proyecto para un grupo concreto de personas. Seg\u00fan Holmes, \u201cla participaci\u00f3n no requiere un dise\u00f1o en particular, pero el dise\u00f1o en particular puede impedir la participaci\u00f3n\u201d.<\/li>\n<li class=\"li1\">Entender la diversidad desde la interacci\u00f3n entre las personas, comprendiendo que estas cambian con el tiempo y seg\u00fan el contexto. Prepararnos, pues, para la <b>incertidumbre eterna<\/b>.<\/li>\n<li class=\"li1\">No tratar la inclusi\u00f3n y la accesibilidad como un aspecto secundario a revisar o adaptar al final del proceso. Si lo incorporamos <b>al inicio del proyecto<\/b> de dise\u00f1o, como cuando decidimos la tecnolog\u00eda o los materiales a utilizar, vamos a ahorrarnos mucho tiempo y dinero.<\/li>\n<li class=\"li1\">No limitarse a cumplir lo que indica la normativa, de manera literal, en t\u00e9rminos de accesibilidad. <b>Ir m\u00e1s all\u00e1<\/b> y verificar qu\u00e9 es exactamente lo que necesita nuestro proyecto para acercarse a las personas usuarias. Acercarse a la experiencia real y testearla de manera directa.<\/li>\n<li class=\"li1\"><b>Identificar<\/b> <b>los desajustes<\/b> que puede haber entre las habilidades de las personas a las que nos queremos dirigir y las posibles incompatibilidades con la soluci\u00f3n que proponemos.<\/li>\n<li class=\"li1\"><b>Evitar basarnos en nuestras propias habilidades<\/b> <b>o experiencias<\/b> como base para generar una propuesta. Ello nos lleva a tirar de prejuicios y estereotipos, recurriendo a nuestra propia noci\u00f3n de normalidad.<\/li>\n<li class=\"li1\">Dise\u00f1ar una <b>variedad de formas de participar<\/b> de la experiencia que proponemos, evitando una \u00fanica soluci\u00f3n, fija, para que el mayor n\u00famero de personas posible pueda sentirse parte de ella.<\/li>\n<li class=\"li1\"><b>Rodearnos y trabajar junto a personas que tengan un perfil de usuario similar a las que nos dirigimos<\/b>, con habilidades relevantes \u2013cuanto menos habituales mejor\u2013 para construir de manera conjunta. Lo explica muy bien <a href=\"https:\/\/youtu.be\/gT2bX8yanh4\"><span class=\"s2\">este ejemplo de proceso de trabajo en unos <i>packs<\/i> de cereales accesibles para personas con discapacidad visual<\/span><\/a>. Aunque no hace falta ir demasiado lejos: Mario Eskenazi explicaba en <a href=\"https:\/\/blancfestival.com\/videos\/mario-eskenazi\/\">Blanc! 2018<\/a> que cuando le plantearon dise\u00f1ar la imagen de Evax se sinti\u00f3 con la necesidad de incorporar a una mujer en el proyecto (que fue Gemma Villegas) para aproximarse de una manera m\u00e1s natural al producto, que \u00e9l mismo no podr\u00eda llegar a hacer nunca.<\/li>\n<li class=\"li1\"><b>Eliminar el pensamiento de que la accesibilidad es un elemento que entorpece el proceso de dise\u00f1o<\/b>. S\u00ed, lleva trabajo, pero tambi\u00e9n lo lleva buscar un material m\u00e1s sostenible, traducir los textos a diferentes idiomas, buscar referentes formales o cualquier otra parte del proceso que tengamos ya integrado.<\/li>\n<li class=\"li1\"><b>Aportar creatividad<\/b> <b>en la parte de inclusi\u00f3n<\/b>, como, entre muchos otros, en los proyectos que se muestran en \u201c<a href=\"https:\/\/vimeo.com\/microsoftdesign\/inclusivethefilm\"><span class=\"s2\">Inclusive<\/span><\/a>\u201d, de Microsoft Design.<\/li>\n<li class=\"li1\">No nos fustiguemos o nos sintamos excesivamente culpables por haber trabajado desde la exclusi\u00f3n hasta ahora. Seguramente ha sido la manera que hemos encontrado para <b>afrontar la incertidumbre<\/b>. Lo importante es modificar nuestra mirada y cambiar nuestro proceso de trabajo para incluir la inclusi\u00f3n (nunca mejor dicho). De hecho, si has llegado a leer el art\u00edculo hasta aqu\u00ed, espero que puedas cambiar tu manera de mirar la diversidad, inclusi\u00f3n y accesibilidad a partir de hoy.<\/li>\n<\/ol>\n<p class=\"p1\">Margaret Mead, antrop\u00f3loga cultural, resume la cuesti\u00f3n de una manera brillante: <strong>\u201cRecuerda siempre que eres absolutamente \u00fanico. Al igual que todos los dem\u00e1s\u201d.<\/strong><\/p>\n","protected":false},"excerpt":{"rendered":"Cada vez somos m\u00e1s conscientes de c\u00f3mo desde el dise\u00f1o tenemos una responsabilidad \u00e9tica, social y cultural, tomando decisiones en aspectos como la sostenibilidad, la perspectiva de g\u00e9nero o el compromiso con la sociedad, en contextos en constante transformaci\u00f3n social, pol\u00edtica y econ\u00f3mica. Dentro de este conjunto de responsabilidades en el dise\u00f1o se encuentra tambi\u00e9n&hellip;","protected":false},"author":15,"featured_media":6512,"comment_status":"open","ping_status":"open","sticky":false,"template":"","format":"standard","meta":{"_acf_changed":false,"footnotes":""},"categories":[2,1],"tags":[256],"evento":[],"class_list":["post-6511","post","type-post","status-publish","format-standard","has-post-thumbnail","hentry","category-diseno","category-diseno-grafico","tag-accesibilidad-disenografico-inclusion"],"acf":[],"yoast_head":"<!-- This site is optimized with the Yoast SEO plugin v23.7 - https:\/\/yoast.com\/wordpress\/plugins\/seo\/ -->\n<title>Superh\u00e9roes inaccesibles. La accesibilidad desde el dise\u00f1o - Blanc!<\/title>\n<meta name=\"description\" content=\"Como es complejo que un \u00fanico dise\u00f1o satisfaga todas las necesidades, el objetivo de este art\u00edculo es ayudar a abordar la cuesti\u00f3n de la accesibilidad.\" \/>\n<meta name=\"robots\" content=\"index, follow, max-snippet:-1, max-image-preview:large, max-video-preview:-1\" \/>\n<link rel=\"canonical\" href=\"https:\/\/blancfestival.com\/en\/superheroes-inaccesibles-la-accesibilidad-desde-el-diseno\/\" \/>\n<meta property=\"og:locale\" content=\"ca_ES\" \/>\n<meta property=\"og:type\" content=\"article\" \/>\n<meta property=\"og:title\" content=\"Superh\u00e9roes inaccesibles. La accesibilidad desde el dise\u00f1o - Blanc!\" \/>\n<meta property=\"og:description\" content=\"Como es complejo que un \u00fanico dise\u00f1o satisfaga todas las necesidades, el objetivo de este art\u00edculo es ayudar a abordar la cuesti\u00f3n de la accesibilidad.\" \/>\n<meta property=\"og:url\" content=\"https:\/\/blancfestival.com\/en\/superheroes-inaccesibles-la-accesibilidad-desde-el-diseno\/\" \/>\n<meta property=\"og:site_name\" content=\"Blanc!\" \/>\n<meta property=\"article:publisher\" content=\"https:\/\/www.facebook.com\/blanc.festivaldissenygrafic\/\" \/>\n<meta property=\"article:published_time\" content=\"2021-09-11T14:40:46+00:00\" \/>\n<meta property=\"article:modified_time\" content=\"2021-09-14T13:46:49+00:00\" \/>\n<meta property=\"og:image\" content=\"https:\/\/blancfestival.com\/wp-content\/uploads\/2021\/09\/01-IMATGE-DESTACADA-viktor-talashuk-unsplash-photo-1542702937-506268e68902.jpeg\" \/>\n\t<meta property=\"og:image:width\" content=\"1955\" \/>\n\t<meta property=\"og:image:height\" content=\"1295\" \/>\n\t<meta property=\"og:image:type\" content=\"image\/jpeg\" \/>\n<meta name=\"author\" content=\"Lluc Massaguer\" \/>\n<meta name=\"twitter:card\" content=\"summary_large_image\" \/>\n<meta name=\"twitter:creator\" content=\"@blancfest\" \/>\n<meta name=\"twitter:site\" content=\"@blancfest\" \/>\n<meta name=\"twitter:label1\" content=\"Written by\" \/>\n\t<meta name=\"twitter:data1\" content=\"Lluc Massaguer\" \/>\n\t<meta name=\"twitter:label2\" content=\"Est. reading time\" \/>\n\t<meta name=\"twitter:data2\" content=\"6 minutes\" \/>\n<script type=\"application\/ld+json\" class=\"yoast-schema-graph\">{\"@context\":\"https:\/\/schema.org\",\"@graph\":[{\"@type\":\"Article\",\"@id\":\"https:\/\/blancfestival.com\/en\/superheroes-inaccesibles-la-accesibilidad-desde-el-diseno\/#article\",\"isPartOf\":{\"@id\":\"https:\/\/blancfestival.com\/en\/superheroes-inaccesibles-la-accesibilidad-desde-el-diseno\/\"},\"author\":{\"name\":\"Lluc Massaguer\",\"@id\":\"https:\/\/blancfestival.com\/#\/schema\/person\/b6398efa7329583dc2b48a8c591ca2ae\"},\"headline\":\"Superh\u00e9roes inaccesibles. La accesibilidad desde el dise\u00f1o\",\"datePublished\":\"2021-09-11T14:40:46+00:00\",\"dateModified\":\"2021-09-14T13:46:49+00:00\",\"mainEntityOfPage\":{\"@id\":\"https:\/\/blancfestival.com\/en\/superheroes-inaccesibles-la-accesibilidad-desde-el-diseno\/\"},\"wordCount\":1264,\"commentCount\":0,\"publisher\":{\"@id\":\"https:\/\/blancfestival.com\/#organization\"},\"image\":{\"@id\":\"https:\/\/blancfestival.com\/en\/superheroes-inaccesibles-la-accesibilidad-desde-el-diseno\/#primaryimage\"},\"thumbnailUrl\":\"https:\/\/blancfestival.com\/wp-content\/uploads\/2021\/09\/01-IMATGE-DESTACADA-viktor-talashuk-unsplash-photo-1542702937-506268e68902.jpeg\",\"keywords\":[\"#accesibilidad #dise\u00f1ogr\u00e1fico #inclusi\u00f3n\"],\"articleSection\":[\"Dise\u00f1o\",\"Dise\u00f1o Gr\u00e1fico\"],\"inLanguage\":\"ca\",\"potentialAction\":[{\"@type\":\"CommentAction\",\"name\":\"Comment\",\"target\":[\"https:\/\/blancfestival.com\/en\/superheroes-inaccesibles-la-accesibilidad-desde-el-diseno\/#respond\"]}]},{\"@type\":\"WebPage\",\"@id\":\"https:\/\/blancfestival.com\/en\/superheroes-inaccesibles-la-accesibilidad-desde-el-diseno\/\",\"url\":\"https:\/\/blancfestival.com\/en\/superheroes-inaccesibles-la-accesibilidad-desde-el-diseno\/\",\"name\":\"Superh\u00e9roes inaccesibles. La accesibilidad desde el dise\u00f1o - Blanc!\",\"isPartOf\":{\"@id\":\"https:\/\/blancfestival.com\/#website\"},\"primaryImageOfPage\":{\"@id\":\"https:\/\/blancfestival.com\/en\/superheroes-inaccesibles-la-accesibilidad-desde-el-diseno\/#primaryimage\"},\"image\":{\"@id\":\"https:\/\/blancfestival.com\/en\/superheroes-inaccesibles-la-accesibilidad-desde-el-diseno\/#primaryimage\"},\"thumbnailUrl\":\"https:\/\/blancfestival.com\/wp-content\/uploads\/2021\/09\/01-IMATGE-DESTACADA-viktor-talashuk-unsplash-photo-1542702937-506268e68902.jpeg\",\"datePublished\":\"2021-09-11T14:40:46+00:00\",\"dateModified\":\"2021-09-14T13:46:49+00:00\",\"description\":\"Como es complejo que un \u00fanico dise\u00f1o satisfaga todas las necesidades, el objetivo de este art\u00edculo es ayudar a abordar la cuesti\u00f3n de la accesibilidad.\",\"breadcrumb\":{\"@id\":\"https:\/\/blancfestival.com\/en\/superheroes-inaccesibles-la-accesibilidad-desde-el-diseno\/#breadcrumb\"},\"inLanguage\":\"ca\",\"potentialAction\":[{\"@type\":\"ReadAction\",\"target\":[\"https:\/\/blancfestival.com\/en\/superheroes-inaccesibles-la-accesibilidad-desde-el-diseno\/\"]}]},{\"@type\":\"ImageObject\",\"inLanguage\":\"ca\",\"@id\":\"https:\/\/blancfestival.com\/en\/superheroes-inaccesibles-la-accesibilidad-desde-el-diseno\/#primaryimage\",\"url\":\"https:\/\/blancfestival.com\/wp-content\/uploads\/2021\/09\/01-IMATGE-DESTACADA-viktor-talashuk-unsplash-photo-1542702937-506268e68902.jpeg\",\"contentUrl\":\"https:\/\/blancfestival.com\/wp-content\/uploads\/2021\/09\/01-IMATGE-DESTACADA-viktor-talashuk-unsplash-photo-1542702937-506268e68902.jpeg\",\"width\":1955,\"height\":1295,\"caption\":\"el rostro difuso de un maniqu\u00ed\"},{\"@type\":\"BreadcrumbList\",\"@id\":\"https:\/\/blancfestival.com\/en\/superheroes-inaccesibles-la-accesibilidad-desde-el-diseno\/#breadcrumb\",\"itemListElement\":[{\"@type\":\"ListItem\",\"position\":1,\"name\":\"Portada\",\"item\":\"https:\/\/blancfestival.com\/ca\/\"},{\"@type\":\"ListItem\",\"position\":2,\"name\":\"Superh\u00e9roes inaccesibles. La accesibilidad desde el dise\u00f1o\"}]},{\"@type\":\"WebSite\",\"@id\":\"https:\/\/blancfestival.com\/#website\",\"url\":\"https:\/\/blancfestival.com\/\",\"name\":\"Blanc! Festival\",\"description\":\"Disseny, Creativitat i Innovaci\u00f3\",\"publisher\":{\"@id\":\"https:\/\/blancfestival.com\/#organization\"},\"potentialAction\":[{\"@type\":\"SearchAction\",\"target\":{\"@type\":\"EntryPoint\",\"urlTemplate\":\"https:\/\/blancfestival.com\/?s={search_term_string}\"},\"query-input\":{\"@type\":\"PropertyValueSpecification\",\"valueRequired\":true,\"valueName\":\"search_term_string\"}}],\"inLanguage\":\"ca\"},{\"@type\":\"Organization\",\"@id\":\"https:\/\/blancfestival.com\/#organization\",\"name\":\"Blanc! Festival de Dise\u00f1o, Creatividad e Innovaci\u00f3n\",\"url\":\"https:\/\/blancfestival.com\/\",\"logo\":{\"@type\":\"ImageObject\",\"inLanguage\":\"ca\",\"@id\":\"https:\/\/blancfestival.com\/#\/schema\/logo\/image\/\",\"url\":\"https:\/\/blancfestival.com\/wp-content\/uploads\/2025\/01\/logo_icono_blanc.jpg\",\"contentUrl\":\"https:\/\/blancfestival.com\/wp-content\/uploads\/2025\/01\/logo_icono_blanc.jpg\",\"width\":2000,\"height\":2000,\"caption\":\"Blanc! Festival de Dise\u00f1o, Creatividad e Innovaci\u00f3n\"},\"image\":{\"@id\":\"https:\/\/blancfestival.com\/#\/schema\/logo\/image\/\"},\"sameAs\":[\"https:\/\/www.facebook.com\/blanc.festivaldissenygrafic\/\",\"https:\/\/x.com\/blancfest\",\"https:\/\/www.instagram.com\/blancfest\/\",\"https:\/\/www.linkedin.com\/company\/blanc-festival\",\"https:\/\/www.pinterest.com\/blancfest\/\",\"https:\/\/www.youtube.com\/channel\/UCM-IjxOFb5gQg4yPgmze3Gg\"]},{\"@type\":\"Person\",\"@id\":\"https:\/\/blancfestival.com\/#\/schema\/person\/b6398efa7329583dc2b48a8c591ca2ae\",\"name\":\"Lluc Massaguer\",\"image\":{\"@type\":\"ImageObject\",\"inLanguage\":\"ca\",\"@id\":\"https:\/\/blancfestival.com\/#\/schema\/person\/image\/\",\"url\":\"https:\/\/blancfestival.com\/wp-content\/uploads\/2020\/08\/Lluc-Massaguer_\u00a9-Mariana-Castel1_BN_umbral_Q-120x120.jpg\",\"contentUrl\":\"https:\/\/blancfestival.com\/wp-content\/uploads\/2020\/08\/Lluc-Massaguer_\u00a9-Mariana-Castel1_BN_umbral_Q-120x120.jpg\",\"caption\":\"Lluc Massaguer\"},\"description\":\"Dise\u00f1adora gr\u00e1fica, docente e investigadora. Doctora en educaci\u00f3n y apasionada por todo aquello que tenga que ver con el proceso de producci\u00f3n gr\u00e1fica. Creadora del blog La M\u00e0cula.\",\"sameAs\":[\"http:\/\/bit.ly\/llucmassaguer-blanc\"]}]}<\/script>\n<!-- \/ Yoast SEO plugin. -->","yoast_head_json":{"title":"Superh\u00e9roes inaccesibles. La accesibilidad desde el dise\u00f1o - Blanc!","description":"Como es complejo que un \u00fanico dise\u00f1o satisfaga todas las necesidades, el objetivo de este art\u00edculo es ayudar a abordar la cuesti\u00f3n de la accesibilidad.","robots":{"index":"index","follow":"follow","max-snippet":"max-snippet:-1","max-image-preview":"max-image-preview:large","max-video-preview":"max-video-preview:-1"},"canonical":"https:\/\/blancfestival.com\/en\/superheroes-inaccesibles-la-accesibilidad-desde-el-diseno\/","og_locale":"ca_ES","og_type":"article","og_title":"Superh\u00e9roes inaccesibles. La accesibilidad desde el dise\u00f1o - Blanc!","og_description":"Como es complejo que un \u00fanico dise\u00f1o satisfaga todas las necesidades, el objetivo de este art\u00edculo es ayudar a abordar la cuesti\u00f3n de la accesibilidad.","og_url":"https:\/\/blancfestival.com\/en\/superheroes-inaccesibles-la-accesibilidad-desde-el-diseno\/","og_site_name":"Blanc!","article_publisher":"https:\/\/www.facebook.com\/blanc.festivaldissenygrafic\/","article_published_time":"2021-09-11T14:40:46+00:00","article_modified_time":"2021-09-14T13:46:49+00:00","og_image":[{"width":1955,"height":1295,"url":"https:\/\/blancfestival.com\/wp-content\/uploads\/2021\/09\/01-IMATGE-DESTACADA-viktor-talashuk-unsplash-photo-1542702937-506268e68902.jpeg","type":"image\/jpeg"}],"author":"Lluc Massaguer","twitter_card":"summary_large_image","twitter_creator":"@blancfest","twitter_site":"@blancfest","twitter_misc":{"Written by":"Lluc Massaguer","Est. reading time":"6 minutes"},"schema":{"@context":"https:\/\/schema.org","@graph":[{"@type":"Article","@id":"https:\/\/blancfestival.com\/en\/superheroes-inaccesibles-la-accesibilidad-desde-el-diseno\/#article","isPartOf":{"@id":"https:\/\/blancfestival.com\/en\/superheroes-inaccesibles-la-accesibilidad-desde-el-diseno\/"},"author":{"name":"Lluc Massaguer","@id":"https:\/\/blancfestival.com\/#\/schema\/person\/b6398efa7329583dc2b48a8c591ca2ae"},"headline":"Superh\u00e9roes inaccesibles. La accesibilidad desde el dise\u00f1o","datePublished":"2021-09-11T14:40:46+00:00","dateModified":"2021-09-14T13:46:49+00:00","mainEntityOfPage":{"@id":"https:\/\/blancfestival.com\/en\/superheroes-inaccesibles-la-accesibilidad-desde-el-diseno\/"},"wordCount":1264,"commentCount":0,"publisher":{"@id":"https:\/\/blancfestival.com\/#organization"},"image":{"@id":"https:\/\/blancfestival.com\/en\/superheroes-inaccesibles-la-accesibilidad-desde-el-diseno\/#primaryimage"},"thumbnailUrl":"https:\/\/blancfestival.com\/wp-content\/uploads\/2021\/09\/01-IMATGE-DESTACADA-viktor-talashuk-unsplash-photo-1542702937-506268e68902.jpeg","keywords":["#accesibilidad #dise\u00f1ogr\u00e1fico #inclusi\u00f3n"],"articleSection":["Dise\u00f1o","Dise\u00f1o Gr\u00e1fico"],"inLanguage":"ca","potentialAction":[{"@type":"CommentAction","name":"Comment","target":["https:\/\/blancfestival.com\/en\/superheroes-inaccesibles-la-accesibilidad-desde-el-diseno\/#respond"]}]},{"@type":"WebPage","@id":"https:\/\/blancfestival.com\/en\/superheroes-inaccesibles-la-accesibilidad-desde-el-diseno\/","url":"https:\/\/blancfestival.com\/en\/superheroes-inaccesibles-la-accesibilidad-desde-el-diseno\/","name":"Superh\u00e9roes inaccesibles. La accesibilidad desde el dise\u00f1o - Blanc!","isPartOf":{"@id":"https:\/\/blancfestival.com\/#website"},"primaryImageOfPage":{"@id":"https:\/\/blancfestival.com\/en\/superheroes-inaccesibles-la-accesibilidad-desde-el-diseno\/#primaryimage"},"image":{"@id":"https:\/\/blancfestival.com\/en\/superheroes-inaccesibles-la-accesibilidad-desde-el-diseno\/#primaryimage"},"thumbnailUrl":"https:\/\/blancfestival.com\/wp-content\/uploads\/2021\/09\/01-IMATGE-DESTACADA-viktor-talashuk-unsplash-photo-1542702937-506268e68902.jpeg","datePublished":"2021-09-11T14:40:46+00:00","dateModified":"2021-09-14T13:46:49+00:00","description":"Como es complejo que un \u00fanico dise\u00f1o satisfaga todas las necesidades, el objetivo de este art\u00edculo es ayudar a abordar la cuesti\u00f3n de la accesibilidad.","breadcrumb":{"@id":"https:\/\/blancfestival.com\/en\/superheroes-inaccesibles-la-accesibilidad-desde-el-diseno\/#breadcrumb"},"inLanguage":"ca","potentialAction":[{"@type":"ReadAction","target":["https:\/\/blancfestival.com\/en\/superheroes-inaccesibles-la-accesibilidad-desde-el-diseno\/"]}]},{"@type":"ImageObject","inLanguage":"ca","@id":"https:\/\/blancfestival.com\/en\/superheroes-inaccesibles-la-accesibilidad-desde-el-diseno\/#primaryimage","url":"https:\/\/blancfestival.com\/wp-content\/uploads\/2021\/09\/01-IMATGE-DESTACADA-viktor-talashuk-unsplash-photo-1542702937-506268e68902.jpeg","contentUrl":"https:\/\/blancfestival.com\/wp-content\/uploads\/2021\/09\/01-IMATGE-DESTACADA-viktor-talashuk-unsplash-photo-1542702937-506268e68902.jpeg","width":1955,"height":1295,"caption":"el rostro difuso de un maniqu\u00ed"},{"@type":"BreadcrumbList","@id":"https:\/\/blancfestival.com\/en\/superheroes-inaccesibles-la-accesibilidad-desde-el-diseno\/#breadcrumb","itemListElement":[{"@type":"ListItem","position":1,"name":"Portada","item":"https:\/\/blancfestival.com\/ca\/"},{"@type":"ListItem","position":2,"name":"Superh\u00e9roes inaccesibles. La accesibilidad desde el dise\u00f1o"}]},{"@type":"WebSite","@id":"https:\/\/blancfestival.com\/#website","url":"https:\/\/blancfestival.com\/","name":"Blanc! Festival","description":"Disseny, Creativitat i Innovaci\u00f3","publisher":{"@id":"https:\/\/blancfestival.com\/#organization"},"potentialAction":[{"@type":"SearchAction","target":{"@type":"EntryPoint","urlTemplate":"https:\/\/blancfestival.com\/?s={search_term_string}"},"query-input":{"@type":"PropertyValueSpecification","valueRequired":true,"valueName":"search_term_string"}}],"inLanguage":"ca"},{"@type":"Organization","@id":"https:\/\/blancfestival.com\/#organization","name":"Blanc! Festival de Dise\u00f1o, Creatividad e Innovaci\u00f3n","url":"https:\/\/blancfestival.com\/","logo":{"@type":"ImageObject","inLanguage":"ca","@id":"https:\/\/blancfestival.com\/#\/schema\/logo\/image\/","url":"https:\/\/blancfestival.com\/wp-content\/uploads\/2025\/01\/logo_icono_blanc.jpg","contentUrl":"https:\/\/blancfestival.com\/wp-content\/uploads\/2025\/01\/logo_icono_blanc.jpg","width":2000,"height":2000,"caption":"Blanc! Festival de Dise\u00f1o, Creatividad e Innovaci\u00f3n"},"image":{"@id":"https:\/\/blancfestival.com\/#\/schema\/logo\/image\/"},"sameAs":["https:\/\/www.facebook.com\/blanc.festivaldissenygrafic\/","https:\/\/x.com\/blancfest","https:\/\/www.instagram.com\/blancfest\/","https:\/\/www.linkedin.com\/company\/blanc-festival","https:\/\/www.pinterest.com\/blancfest\/","https:\/\/www.youtube.com\/channel\/UCM-IjxOFb5gQg4yPgmze3Gg"]},{"@type":"Person","@id":"https:\/\/blancfestival.com\/#\/schema\/person\/b6398efa7329583dc2b48a8c591ca2ae","name":"Lluc Massaguer","image":{"@type":"ImageObject","inLanguage":"ca","@id":"https:\/\/blancfestival.com\/#\/schema\/person\/image\/","url":"https:\/\/blancfestival.com\/wp-content\/uploads\/2020\/08\/Lluc-Massaguer_\u00a9-Mariana-Castel1_BN_umbral_Q-120x120.jpg","contentUrl":"https:\/\/blancfestival.com\/wp-content\/uploads\/2020\/08\/Lluc-Massaguer_\u00a9-Mariana-Castel1_BN_umbral_Q-120x120.jpg","caption":"Lluc Massaguer"},"description":"Dise\u00f1adora gr\u00e1fica, docente e investigadora. Doctora en educaci\u00f3n y apasionada por todo aquello que tenga que ver con el proceso de producci\u00f3n gr\u00e1fica. Creadora del blog La M\u00e0cula.","sameAs":["http:\/\/bit.ly\/llucmassaguer-blanc"]}]}},"_links":{"self":[{"href":"https:\/\/blancfestival.com\/ca\/wp-json\/wp\/v2\/posts\/6511","targetHints":{"allow":["GET"]}}],"collection":[{"href":"https:\/\/blancfestival.com\/ca\/wp-json\/wp\/v2\/posts"}],"about":[{"href":"https:\/\/blancfestival.com\/ca\/wp-json\/wp\/v2\/types\/post"}],"author":[{"embeddable":true,"href":"https:\/\/blancfestival.com\/ca\/wp-json\/wp\/v2\/users\/15"}],"replies":[{"embeddable":true,"href":"https:\/\/blancfestival.com\/ca\/wp-json\/wp\/v2\/comments?post=6511"}],"version-history":[{"count":4,"href":"https:\/\/blancfestival.com\/ca\/wp-json\/wp\/v2\/posts\/6511\/revisions"}],"predecessor-version":[{"id":6524,"href":"https:\/\/blancfestival.com\/ca\/wp-json\/wp\/v2\/posts\/6511\/revisions\/6524"}],"wp:featuredmedia":[{"embeddable":true,"href":"https:\/\/blancfestival.com\/ca\/wp-json\/wp\/v2\/media\/6512"}],"wp:attachment":[{"href":"https:\/\/blancfestival.com\/ca\/wp-json\/wp\/v2\/media?parent=6511"}],"wp:term":[{"taxonomy":"category","embeddable":true,"href":"https:\/\/blancfestival.com\/ca\/wp-json\/wp\/v2\/categories?post=6511"},{"taxonomy":"post_tag","embeddable":true,"href":"https:\/\/blancfestival.com\/ca\/wp-json\/wp\/v2\/tags?post=6511"},{"taxonomy":"evento","embeddable":true,"href":"https:\/\/blancfestival.com\/ca\/wp-json\/wp\/v2\/evento?post=6511"}],"curies":[{"name":"wp","href":"https:\/\/api.w.org\/{rel}","templated":true}]}}