{"id":6526,"date":"2021-09-16T23:13:50","date_gmt":"2021-09-16T21:13:50","guid":{"rendered":"https:\/\/blancfestival.com\/?p=6526"},"modified":"2021-09-16T23:25:29","modified_gmt":"2021-09-16T21:25:29","slug":"manual-practico-sobre-la-organizacion-de-un-festival-de-diseno","status":"publish","type":"post","link":"https:\/\/blancfestival.com\/ca\/manual-practico-sobre-la-organizacion-de-un-festival-de-diseno\/","title":{"rendered":"Manual pr\u00e1ctico sobre la organizaci\u00f3n de un festival de dise\u00f1o"},"content":{"rendered":"<p>En cada edici\u00f3n celebrada de Blanc! (y ya van 12) siempre nos hemos encontrado con algo diferente a la edici\u00f3n anterior. Un \u201calgo m\u00e1s\u201d que hace que cada Blanc! sea diferente al anterior. De ah\u00ed que entre el primer Blanc! celebrado en 2009 y el que se celebrar\u00e1 pr\u00f3ximamente en 2021, las diferencias son bastante visibles.<\/p>\n<p>&nbsp;<\/p>\n<p><img loading=\"lazy\" decoding=\"async\" width=\"680\" height=\"453\" class=\"alignnone size-full wp-image-6538\" src=\"https:\/\/blancfestival.com\/wp-content\/uploads\/2021\/09\/BLANC-XI_DIVENDRES_209.jpg\" alt=\"\" srcset=\"https:\/\/blancfestival.com\/wp-content\/uploads\/2021\/09\/BLANC-XI_DIVENDRES_209.jpg 680w, https:\/\/blancfestival.com\/wp-content\/uploads\/2021\/09\/BLANC-XI_DIVENDRES_209-250x167.jpg 250w, https:\/\/blancfestival.com\/wp-content\/uploads\/2021\/09\/BLANC-XI_DIVENDRES_209-120x80.jpg 120w, https:\/\/blancfestival.com\/wp-content\/uploads\/2021\/09\/BLANC-XI_DIVENDRES_209-272x182.jpg 272w\" sizes=\"auto, (max-width: 680px) 100vw, 680px\" \/><\/p>\n<p>&nbsp;<\/p>\n<p>Te dejamos los 5 tips que todo evento tiene que tener para que las horas no se hagan interminables.<\/p>\n<p>&nbsp;<\/p>\n<h2>1) No aburras<\/h2>\n<p>Los fundadores del festival, ambos dise\u00f1adores gr\u00e1ficos por aquel entonces, quer\u00edan organizar un festival de dise\u00f1o con un punto diferente a lo que se ve\u00eda en aquella \u00e9poca. Los congresos de dise\u00f1o eran interesantes y los invitados de todas partes del mundo atra\u00edan la atenci\u00f3n de una amplia camada de j\u00f3venes profesionales del sector del dise\u00f1o. Pero las largas jornadas sentados a oscuras en una c\u00f3moda butaca de teatro, hac\u00eda que por momentos la atenci\u00f3n fuera perdiendo fuelle. En algunos casos hasta se podr\u00eda ver a Morfeo manifest\u00e1ndose en los rostros de algunos asistentes.<\/p>\n<p>Por eso la base del festival radica en la constante rotura de patrones, pausas cortas y en\u00e9rgicos comienzos antes de cada conferencia a base de bater\u00eda, guitarra, bajo y voz de la banda rockera oficial del festival.<\/p>\n<p>&nbsp;<\/p>\n<h2>2) Mant\u00e9n el ritmo<\/h2>\n<p>Como en una canci\u00f3n, si se rompe el ritmo, se pierde la conexi\u00f3n que hab\u00eda entre la melod\u00eda y la persona que la escucha. Un congreso de dise\u00f1o tiene que ser igual, es necesario que se mantenga un ritmo adecuado, constante, con sus pausas y sus momentos de menos y de m\u00e1s actividad.<\/p>\n<p>En Blanc! las conferencias suelen ser cortas, de entre 15\u2019 y 30\u2019, y las m\u00e1s largas de entre 40\u2019 y 50\u2019. Tiempo m\u00e1s que suficiente para que el ponente transmita el mensaje que da sentido a su conferencia. Las tem\u00e1ticas entre una conferencia y la siguiente son muy diferentes, si en una estamos hablando de lettering, en la siguiente podr\u00edamos estar hablando sobre dise\u00f1o de experiencia de usuario, para pasar luego a hablar sobre la iconograf\u00eda mas\u00f3nica. Y mientras tanto, entre una y otra ha sonado \u201cThe KKK took my baby away\u201d y \u201cStarman\u201d.<\/p>\n<p>&nbsp;<\/p>\n<p><img loading=\"lazy\" decoding=\"async\" width=\"680\" height=\"722\" class=\"alignnone size-full wp-image-6529\" src=\"https:\/\/blancfestival.com\/wp-content\/uploads\/2021\/09\/blanc_XI_divendres-103.jpg\" alt=\"\" srcset=\"https:\/\/blancfestival.com\/wp-content\/uploads\/2021\/09\/blanc_XI_divendres-103.jpg 680w, https:\/\/blancfestival.com\/wp-content\/uploads\/2021\/09\/blanc_XI_divendres-103-250x265.jpg 250w, https:\/\/blancfestival.com\/wp-content\/uploads\/2021\/09\/blanc_XI_divendres-103-120x127.jpg 120w\" sizes=\"auto, (max-width: 680px) 100vw, 680px\" \/><\/p>\n<p>&nbsp;<\/p>\n<h2>3) La estructura es importante<\/h2>\n<p>Blanc! tiene una introducci\u00f3n, a la que le sigue un nudo que se transforma en conflicto y que acaba en un desenlace. Ritmo y estructura son importantes, como lo son en cualquier historia de cualquier formato.<\/p>\n<p>Los comienzos del festival tambi\u00e9n son diferentes entre edici\u00f3n y edici\u00f3n, tienen un sentido, una funci\u00f3n de preparar al asistente para lo que viene.<\/p>\n<p>Inmediatamente despu\u00e9s llega el nudo, las primeras conferencias de estudios j\u00f3venes o maestros y pioneros del dise\u00f1o.<\/p>\n<p>El conflicto en Blanc! es una intromisi\u00f3n deliberada del festival en el espacio del asistente, oblig\u00e1ndolo a hacer cosas, a re\u00edrse de s\u00ed mismo, a disfrutar y a compartir la experiencia. Hacerlo sentirse parte de algo grande, de una comunidad, de una familia.<\/p>\n<p>Y el desenlace, casi sin darnos cuenta, aparece en forma de grandes dise\u00f1adores y dise\u00f1adoras de los que tenemos el placer y la suerte de conocer y escuchar en directo.<\/p>\n<p>&nbsp;<\/p>\n<h2>4) Nunca dejes de aprender<\/h2>\n<p>La propia profesi\u00f3n implica que siempre estemos aprendiendo. Cada cliente y cada proyecto son diferentes, y nos piden cosas diferentes. Nos tenemos que adaptar y amoldar a cada proyecto, hasta que la armon\u00eda es casi perfecta.<\/p>\n<p>El festival tiene mucho de aprendizaje, de ver c\u00f3mo lo hacen los dem\u00e1s, de descubrir recursos, m\u00e9todos, estrat\u00e9gias y modos de trabajar. Es cuando te das cuenta que todo es mucho m\u00e1s f\u00e1cil de lo que a veces aparenta, y que es la creatividad la que marca la diferencia entre un buen profesional y una gran profesional.<\/p>\n<p>&nbsp;<\/p>\n<p><img loading=\"lazy\" decoding=\"async\" width=\"680\" height=\"443\" class=\"alignnone size-full wp-image-6535\" src=\"https:\/\/blancfestival.com\/wp-content\/uploads\/2021\/09\/BLANC-XI_DISSABTE_166.jpg\" alt=\"\" srcset=\"https:\/\/blancfestival.com\/wp-content\/uploads\/2021\/09\/BLANC-XI_DISSABTE_166.jpg 680w, https:\/\/blancfestival.com\/wp-content\/uploads\/2021\/09\/BLANC-XI_DISSABTE_166-250x163.jpg 250w, https:\/\/blancfestival.com\/wp-content\/uploads\/2021\/09\/BLANC-XI_DISSABTE_166-120x78.jpg 120w\" sizes=\"auto, (max-width: 680px) 100vw, 680px\" \/><\/p>\n<p>&nbsp;<\/p>\n<h2>5) No s\u00f3lo masterclasses y conferencias<\/h2>\n<p>Blanc! es un festival muy social, donde dise\u00f1adores y dise\u00f1adoras de todas partes de Espa\u00f1a se re\u00fanen una vez al a\u00f1o. Muchos de ellos s\u00f3lo se ven las caras en el festival, y el resto del a\u00f1o se cruzan en Twitter, Instagram o la red social de turno.<\/p>\n<p>La \u201cnueva anormalidad\u201d, trajo consigo algunos cambios a los que el festival tuvo que adaptarse, como pasar a un formato 100% online, y transmitir las conferencias por streaming online. Aunque manteniendo ese esp\u00edritu de cercan\u00eda y de interacci\u00f3n entre los asistentes y el festival, a trav\u00e9s de una plataforma de realidad virtual.<\/p>\n<p>&nbsp;<\/p>\n<h2>10 d\u00edas de puro Festival del Dise\u00f1o<\/h2>\n<p>Una de las novedades de la edici\u00f3n N.13 de Blanc! es que constar\u00e1 de dos partes: el Pre-Blanc! del 13 al 20 de Octubre, y los tres d\u00edas de festival, del 21 al 23.<\/p>\n<p>Durante el Pre-Blanc! se presentar\u00e1n charlas y entrevistas en abierto, con invitados de diferentes sectores y disciplinas donde el dise\u00f1o y la creatividad tienen un papel importante.<\/p>\n<p>El jueves 21 de Octubre, tendr\u00e1 lugar dentro de la misma plataforma virtual, una nueva edici\u00f3n de Campus Blanc! donde estudiantes de diferentes escuelas y universidades presentan sus proyectos finales de carrera o masters, en disciplinas relacionadas al dise\u00f1o.<\/p>\n<p>Y finalmente, los d\u00edas 22 y 23 de Octubre se presentar\u00e1n con 10 conferencias y 3 masterclasses donde se hablar\u00e1 sobre identidad gr\u00e1fica y estrategia, tipograf\u00eda, innovaci\u00f3n y sostenibilidad en dise\u00f1o, experiencia de usuario, las tendencias que vienen, la \u00e9tica en el dise\u00f1o, arquitectura sostenible y mucho dise\u00f1o y creatividad.<\/p>\n<p>&nbsp;<\/p>\n<h2>Conferencias Blanc! 2021<\/h2>\n<p>Mientras que el programa del Pre-Blanc! se ir\u00e1 desvelando a medida que nos acerquemos al festival, ya podemos ver qui\u00e9nes formar\u00e1n parte del contenido troncal de Blanc! 2021. Con ponentes nacionales e internacionales, y tem\u00e1ticas muy diferentes, donde el dise\u00f1o y la creatividad son indispensables para el buen desarrollo de la actividad profesional.<\/p>\n<p>&nbsp;<\/p>\n<h3><a href=\"https:\/\/blancfestival.com\/talks\/aaron-draplin\/\">Aaron Draplin<\/a><\/h3>\n<p>Adem\u00e1s de dise\u00f1ador gr\u00e1fico, Aaron es un gran coleccionista de piezas gr\u00e1ficas. Su locura por esta profesi\u00f3n lo ha llevado a fundar su propio estudio, Draplin Design Co. en Portland, Oreg\u00f3n, y a disfrutar trabajando tanto para clientes peque\u00f1os como para grandes marcas como The New York Times, Nike, Wired y hasta para pol\u00edticos como Bernie Sanders o Barack Obama.<\/p>\n<p>&nbsp;<\/p>\n<h3><a href=\"https:\/\/blancfestival.com\/talks\/rejane-dal-bello\/\">Rejane Dal Bello<\/a><\/h3>\n<p>Rejane es una galardonada dise\u00f1adora con m\u00e1s de 23 a\u00f1os de experiencia en dise\u00f1o gr\u00e1fico y branding, y que antes de fundar su propio estudio, Studio Rejane Dal Bello, trabaj\u00f3 para Wolff Olins (UK) y Studio Dumbar (NL).<\/p>\n<p>Con estudios en la Escuela de Artes Visuales de Nueva York y en la Academia de Arte St. Joost en Holanda, esta dise\u00f1adora brasile\u00f1a afincada en Reino Unido, se especializa en identidad de marca, ilustraci\u00f3n y dise\u00f1o editorial para clientes nacionales e internacionales en sectores corporativos, culturales y entidades sin fines de lucro.<\/p>\n<p>&nbsp;<\/p>\n<h3><a href=\"https:\/\/blancfestival.com\/talks\/ale-paul\/\">Ale Paul<\/a><\/h3>\n<p>Es miembro fundador del proyecto Sudtipos, el primer colectivo tipogr\u00e1fico de Argentina, que ha contribuido enormemente a colocar al pa\u00eds en el mapa del Dise\u00f1o Gr\u00e1fico mundial.<\/p>\n<p>Con la fundaci\u00f3n de Sudtipos, Ale pone en el foco en el dise\u00f1o de tipograf\u00edas, creando fuentes y letras para varias agencias, medios y revistas de todo el mundo.<br \/>\nHa recibido cuatro certificados de excelencia del Type Directors Club NY y ocho del concurso tipogr\u00e1fico CommArts.<\/p>\n<p>&nbsp;<\/p>\n<h3><a href=\"https:\/\/blancfestival.com\/talks\/tina-touli\/\">Tina Touli<\/a><\/h3>\n<p>Tina es directora creativa, dise\u00f1adora gr\u00e1fica, creadora y docente en la Central Saint Martins, Universidad de las Artes de Londres.<\/p>\n<p>Trabaja en una gran variedad de campos del dise\u00f1o, tanto digital como impreso, incluyendo branding e identidad, tipograf\u00eda, dise\u00f1o web y animaci\u00f3n. Su trabajo es caracter\u00edstico por mezclar t\u00e9cnicas y recursos digitales con elementos f\u00edsicos reales, trabajando con diferentes plataformas y procesos.<\/p>\n<p>&nbsp;<\/p>\n<h3><a href=\"https:\/\/blancfestival.com\/talks\/daniel-solana\/\">Daniel Solana<\/a><\/h3>\n<p>Daniel es creativo publicitario y socio fundador de la agencia DoubleYou, toda una referencia en la publicidad en entornos digitales. Es una de las figuras m\u00e1s relevantes de la nueva comunicaci\u00f3n publicitaria y uno de los creativos m\u00e1s premiados en publicidad digital. Es adem\u00e1s autor de varios libros, como \u201cDesorden\u201d o \u201cPostpublicidad\u201d.<\/p>\n<p>&nbsp;<\/p>\n<h3><a href=\"https:\/\/blancfestival.com\/talks\/anastasia-pistofidou\/\">Anastasia Pistofidou<\/a><\/h3>\n<p>Anastasia es investigadora y docente en el campo de la fabricaci\u00f3n digital, textiles, tecnolog\u00edas wearable y bio-fabricaci\u00f3n. Se especializa en el desarrollo de hardware, dise\u00f1o de integraci\u00f3n, creaci\u00f3n r\u00e1pida de prototipos y dise\u00f1o para producci\u00f3n.<\/p>\n<p>Combinando t\u00e9cnicas y artesan\u00edas de fabricaci\u00f3n digital, Anastasia demuestra c\u00f3mo las nuevas tecnolog\u00edas pueden cambiar el consumo masivo y la producci\u00f3n r\u00e1pida a una fabricaci\u00f3n personalizada, de c\u00f3digo abierto, personal y local aplicada a la educaci\u00f3n, la vida cotidiana y las nuevas empresas.<\/p>\n<p>Es cofundadora de de fabtextiles.org, laboratorio de investigaci\u00f3n sobre textiles, arquitecturas blandas y materiales innovadores en IAAC Fab Lab Barcelona.<\/p>\n<p>&nbsp;<\/p>\n<h3><a href=\"https:\/\/blancfestival.com\/talks\/cierto-estudio\/\">Cierto Estudio<\/a><\/h3>\n<p>Este estudio est\u00e1 formado por un equipo de j\u00f3venes arquitectas en constante experimentaci\u00f3n, que despliega sus intereses en el \u00e1mbito de la arquitectura, el dise\u00f1o, la cultura y la investigaci\u00f3n. Fundado en 2014 y con base en Barcelona, destaca por su fascinaci\u00f3n y especializaci\u00f3n en el campo de la vivienda, con dise\u00f1os innovadores que buscan responder a nuevas maneras de habitar en consonancia con nuestro estilo de vida actual.<\/p>\n<p>&nbsp;<\/p>\n<h3><a href=\"https:\/\/blancfestival.com\/talks\/chamo-san\/\">Chamo San<\/a><\/h3>\n<p>Artista e ilustrador de Barcelona. Durante los \u00faltimos 10 a\u00f1os ha vivido del dibujo, combinando sus proyectos personales expuestos en galer\u00edas o publicados en libros, con encargos como ilustrador, trabajando para marcas, revistas e instituciones como Ajuntament de Barcelona, Nike, Seat, Estrella Damm, New Balance, HBO o Panenka.<\/p>\n<p>&nbsp;<\/p>\n<h3><a href=\"https:\/\/blancfestival.com\/talks\/sofia-dias\/\">Sofia Dias<\/a><\/h3>\n<p>Sofia es dise\u00f1adora, artista, una mente curiosa y una activista del futuro. En la actualidad, se dedica a la industria de la prospectiva, en particular a la literacidad de Futuros y a las estrategias de Resiliencia. En el \u00e1mbito acad\u00e9mico, dirige el Programa de Posgrado en Coolhunting y Trends Forecasting en LCI-Barcelona.<\/p>\n<p>Este a\u00f1o lanza la primera plataforma de e-learning trends-driven and futures-centred e-learning. Es una de las fundadoras de Fibra-studio, una red internacional de investigaci\u00f3n y consultor\u00eda de tendencias con base en Brasil, Portugal, Espa\u00f1a e Italia. Sofia tambi\u00e9n es una entusiasta del arte textil; actualmente explora el dise\u00f1o de alfombras y el aspecto escult\u00f3rico de las fibras en cohabitaci\u00f3n con otros objetos.<\/p>\n<p>&nbsp;<\/p>\n<h3>Mestres del Blanc!: Josep Maria Trias i Folch<\/h3>\n<p>Josep M. Trias i Folch (Barcelona, 1948), es dise\u00f1ador gr\u00e1fico, pintor y m\u00fasico. Es nieto del novelista catal\u00e1n, narrador y autor teatral, Josep M. Folch i Torres.<\/p>\n<p>Sus primeros a\u00f1os de formaci\u00f3n fueron junto al respetado dise\u00f1ador y artista, Josep Pla-Narbona (Maestro del Blanc! en la edici\u00f3n n.7), quien fue su mentor. Estudi\u00f3 en la Escuela de Artes y Oficios (Llotja) y en la escuela de Bellas Artes (Facultat de Sant Jordi de Barcelona).<\/p>\n<p>Mientras realizaba sus estudios y trabajaba como dise\u00f1ador gr\u00e1fico independiente, se traslad\u00f3 a Par\u00eds donde trabaj\u00f3 tambi\u00e9n como dise\u00f1ador. Inicialmente se asocia con Jordi Canelles fundando Trias &amp; Canelles (1968-1976), durante los a\u00f1os de 1977 a 1981 dirigi\u00f3 su propio equipo firmando los trabajos bajo su nombre.<\/p>\n<p>Ha trabajado tanto para el \u00e1mbito privado como para el p\u00fablico, de sus numerosos trabajos destaca la se\u00f1alizaci\u00f3n para el Ferrocarril Metropolit\u00e0 de Barcelona (1982), el logotipo para la cadena de la televisi\u00f3n de Catalu\u00f1a TV3 (1993) y es el creador del logos\u00edmbolo de los XXV Juegos Ol\u00edmpicos y los IX Juegos Paral\u00edmpicos de Barcelona 1992. Con Trias Quod Design, predominan trabajos de identidad como la Universidad de Deusto (UD), la Universidad de Barcelona (UB), el Gran Teatre del Liceu, la Generalitat de Catalunya, las C\u00e1maras de Comercio de Espa\u00f1a, el parque tem\u00e1tico Parque Espa\u00f1a en Jap\u00f3n, el Circuit de Barcelona-Catalunya, la marca de las tiendas y juguetes Imaginarium, Port Aventura o Font Vella, entre otras.<\/p>\n<p>&nbsp;<\/p>\n<h2>Masterclasses<\/h2>\n<p>Las masterclasses del Blanc! est\u00e1n destinadas a ahondar en tem\u00e1ticas que ayuden al d\u00eda a d\u00eda de los dise\u00f1adores y dise\u00f1adoras, aportando conocimiento e introduciendo a los asistentes a diferentes disciplinas y tem\u00e1ticas que aportan valor a los profesionales.<\/p>\n<p>&nbsp;<\/p>\n<h3><a href=\"https:\/\/blancfestival.com\/talks\/firma\/\">Masterclass Firma<\/a><\/h3>\n<p>Firma es una agencia independiente de branding e innovaci\u00f3n fundada en 2006 y con m\u00e1s de 50 profesionales en Barcelona y Los \u00c1ngeles. Trabaja para proyectos internacionales para grandes corporaciones y startups desde una perspectiva de marca global, combinando insights, estrategia y un enfoque creativo.<\/p>\n<p>&nbsp;<\/p>\n<h3><a href=\"http:\/\/www.linkedin.com\/in\/arielguers\">Masterclass Ariel Guersenzvaig<\/a><\/h3>\n<p>Ariel es experto en \u00e9tica del dise\u00f1o y tecnolog\u00eda. Autor de \u201cThe Goods of Design: A professional Ethics for Designers\u201d (Rowman &amp; Littlefield, 2021). Doctor en teor\u00eda del dise\u00f1o por la Universidad de Southampton y m\u00e1ster en \u00e9tica por la Universidad de Birmingham.<\/p>\n<p>Como acad\u00e9mico investiga los impactos socio-\u00e9ticos de la inteligencia artificial y los sistemas aut\u00f3nomos. Ha publicado sobre estos temas en AI&amp;Society, IEEE Technology and Society Magazine, Journal of Design Research y ACM Interactions.<\/p>\n<p>&nbsp;<\/p>\n<h3><a href=\"http:\/\/www.creatibety.com\">Masterclass Raul Marin<\/a><\/h3>\n<p>Raul es Director de CreatiBEty, agencia y consultora de creativos. Manager y abogado de artistas con m\u00e1s de 20 a\u00f1os de experiencia. Especializado en propiedad intelectual, marcas y negocios en el mundo creativo. Docente en varias universidades y escuelas tanto de negocios como de dise\u00f1o. Consultor de agencias, empresas culturales y del entretenimiento.<\/p>\n<p>&nbsp;<\/p>\n<h2>Identidad gr\u00e1fica Blanc! N.13<\/h2>\n<p>La gr\u00e1fica de la edici\u00f3n N.13 de Blanc! responde a un concepto que ser\u00e1 desvelado dentro de pocas semanas. S\u00f3lo podemos adelantar que el n\u00famero 13 tendr\u00e1 una gran importancia en la edici\u00f3n de este a\u00f1o, y que el imaginario dise\u00f1ado por estudio <a href=\"https:\/\/corvinaiturbot.com\/\">Corvina i Turbot<\/a> en colaboraci\u00f3n con la gente de <a href=\"https:\/\/groc.tv\/\">Groc<\/a> (Dise\u00f1o 3D) tendr\u00e1 un papel principal en la edici\u00f3n m\u00e1s \u201cmetaversa\u201d de todas.<\/p>\n<p>&nbsp;<\/p>\n<h2>Programa Blanc! 2021<\/h2>\n<p>El programa completo de la edici\u00f3n N.13 de Blanc! ya se puede consultar en la web del evento. Campus Blanc! se celebrar\u00e1 el d\u00eda 21 de Octubre, en una edici\u00f3n online con acceso gratuito a la plataforma para todos los asistentes.<\/p>\n<p>El programa del viernes 22 y s\u00e1bado 23 de Octubre comenzar\u00e1 a las 10.00h y tendr\u00e1 lugar durante todo el d\u00eda.<\/p>\n<p><a href=\"https:\/\/blancfestival.com\/programa-y-horarios\/\">blancfestival.com\/programa-y-horarios<\/a><\/p>\n","protected":false},"excerpt":{"rendered":"En cada edici\u00f3n celebrada de Blanc! (y ya van 12) siempre nos hemos encontrado con algo diferente a la edici\u00f3n anterior. Un \u201calgo m\u00e1s\u201d que hace que cada Blanc! sea diferente al anterior. De ah\u00ed que entre el primer Blanc! celebrado en 2009 y el que se celebrar\u00e1 pr\u00f3ximamente en 2021, las diferencias son bastante&hellip;","protected":false},"author":3,"featured_media":6532,"comment_status":"open","ping_status":"open","sticky":false,"template":"","format":"standard","meta":{"_acf_changed":false,"footnotes":""},"categories":[20,3],"tags":[],"evento":[],"class_list":["post-6526","post","type-post","status-publish","format-standard","has-post-thumbnail","hentry","category-eventos","category-creatividad"],"acf":[],"yoast_head":"<!-- This site is optimized with the Yoast SEO plugin v23.7 - https:\/\/yoast.com\/wordpress\/plugins\/seo\/ -->\n<title>Manual pr\u00e1ctico sobre la organizaci\u00f3n de un festival de dise\u00f1o<\/title>\n<meta name=\"robots\" content=\"index, follow, max-snippet:-1, max-image-preview:large, max-video-preview:-1\" \/>\n<link rel=\"canonical\" href=\"https:\/\/blancfestival.com\/en\/manual-practico-sobre-la-organizacion-de-un-festival-de-diseno\/\" \/>\n<meta property=\"og:locale\" content=\"ca_ES\" \/>\n<meta property=\"og:type\" content=\"article\" \/>\n<meta property=\"og:title\" content=\"Manual pr\u00e1ctico sobre la organizaci\u00f3n de un festival de dise\u00f1o\" \/>\n<meta property=\"og:description\" content=\"En cada edici\u00f3n celebrada de Blanc! (y ya van 12) siempre nos hemos encontrado con algo diferente a la edici\u00f3n anterior. Un \u201calgo m\u00e1s\u201d que hace que cada Blanc! sea diferente al anterior. De ah\u00ed que entre el primer Blanc! celebrado en 2009 y el que se celebrar\u00e1 pr\u00f3ximamente en 2021, las diferencias son bastante&hellip;\" \/>\n<meta property=\"og:url\" content=\"https:\/\/blancfestival.com\/en\/manual-practico-sobre-la-organizacion-de-un-festival-de-diseno\/\" \/>\n<meta property=\"og:site_name\" content=\"Blanc!\" \/>\n<meta property=\"article:publisher\" content=\"https:\/\/www.facebook.com\/blanc.festivaldissenygrafic\/\" \/>\n<meta property=\"article:published_time\" content=\"2021-09-16T21:13:50+00:00\" \/>\n<meta property=\"article:modified_time\" content=\"2021-09-16T21:25:29+00:00\" \/>\n<meta property=\"og:image\" content=\"https:\/\/blancfestival.com\/wp-content\/uploads\/2021\/09\/BLANC-XI_DISSABTE_73.jpg\" \/>\n\t<meta property=\"og:image:width\" content=\"680\" \/>\n\t<meta property=\"og:image:height\" content=\"454\" \/>\n\t<meta property=\"og:image:type\" content=\"image\/jpeg\" \/>\n<meta name=\"author\" content=\"Redacci\u00f3n Blanc!\" \/>\n<meta name=\"twitter:card\" content=\"summary_large_image\" \/>\n<meta name=\"twitter:creator\" content=\"@blancfest\" \/>\n<meta name=\"twitter:site\" content=\"@blancfest\" \/>\n<meta name=\"twitter:label1\" content=\"Written by\" \/>\n\t<meta name=\"twitter:data1\" content=\"Redacci\u00f3n Blanc!\" \/>\n\t<meta name=\"twitter:label2\" content=\"Est. reading time\" \/>\n\t<meta name=\"twitter:data2\" content=\"12 minutes\" \/>\n<script type=\"application\/ld+json\" class=\"yoast-schema-graph\">{\"@context\":\"https:\/\/schema.org\",\"@graph\":[{\"@type\":\"Article\",\"@id\":\"https:\/\/blancfestival.com\/en\/manual-practico-sobre-la-organizacion-de-un-festival-de-diseno\/#article\",\"isPartOf\":{\"@id\":\"https:\/\/blancfestival.com\/en\/manual-practico-sobre-la-organizacion-de-un-festival-de-diseno\/\"},\"author\":{\"name\":\"Redacci\u00f3n Blanc!\",\"@id\":\"https:\/\/blancfestival.com\/#\/schema\/person\/1c1365d1e51e5730cf3f5fadb8670c06\"},\"headline\":\"Manual pr\u00e1ctico sobre la organizaci\u00f3n de un festival de dise\u00f1o\",\"datePublished\":\"2021-09-16T21:13:50+00:00\",\"dateModified\":\"2021-09-16T21:25:29+00:00\",\"mainEntityOfPage\":{\"@id\":\"https:\/\/blancfestival.com\/en\/manual-practico-sobre-la-organizacion-de-un-festival-de-diseno\/\"},\"wordCount\":2451,\"commentCount\":0,\"publisher\":{\"@id\":\"https:\/\/blancfestival.com\/#organization\"},\"image\":{\"@id\":\"https:\/\/blancfestival.com\/en\/manual-practico-sobre-la-organizacion-de-un-festival-de-diseno\/#primaryimage\"},\"thumbnailUrl\":\"https:\/\/blancfestival.com\/wp-content\/uploads\/2021\/09\/BLANC-XI_DISSABTE_73.jpg\",\"articleSection\":[\"Eventos\",\"Creatividad\"],\"inLanguage\":\"ca\",\"potentialAction\":[{\"@type\":\"CommentAction\",\"name\":\"Comment\",\"target\":[\"https:\/\/blancfestival.com\/en\/manual-practico-sobre-la-organizacion-de-un-festival-de-diseno\/#respond\"]}]},{\"@type\":\"WebPage\",\"@id\":\"https:\/\/blancfestival.com\/en\/manual-practico-sobre-la-organizacion-de-un-festival-de-diseno\/\",\"url\":\"https:\/\/blancfestival.com\/en\/manual-practico-sobre-la-organizacion-de-un-festival-de-diseno\/\",\"name\":\"Manual pr\u00e1ctico sobre la organizaci\u00f3n de un festival de dise\u00f1o\",\"isPartOf\":{\"@id\":\"https:\/\/blancfestival.com\/#website\"},\"primaryImageOfPage\":{\"@id\":\"https:\/\/blancfestival.com\/en\/manual-practico-sobre-la-organizacion-de-un-festival-de-diseno\/#primaryimage\"},\"image\":{\"@id\":\"https:\/\/blancfestival.com\/en\/manual-practico-sobre-la-organizacion-de-un-festival-de-diseno\/#primaryimage\"},\"thumbnailUrl\":\"https:\/\/blancfestival.com\/wp-content\/uploads\/2021\/09\/BLANC-XI_DISSABTE_73.jpg\",\"datePublished\":\"2021-09-16T21:13:50+00:00\",\"dateModified\":\"2021-09-16T21:25:29+00:00\",\"breadcrumb\":{\"@id\":\"https:\/\/blancfestival.com\/en\/manual-practico-sobre-la-organizacion-de-un-festival-de-diseno\/#breadcrumb\"},\"inLanguage\":\"ca\",\"potentialAction\":[{\"@type\":\"ReadAction\",\"target\":[\"https:\/\/blancfestival.com\/en\/manual-practico-sobre-la-organizacion-de-un-festival-de-diseno\/\"]}]},{\"@type\":\"ImageObject\",\"inLanguage\":\"ca\",\"@id\":\"https:\/\/blancfestival.com\/en\/manual-practico-sobre-la-organizacion-de-un-festival-de-diseno\/#primaryimage\",\"url\":\"https:\/\/blancfestival.com\/wp-content\/uploads\/2021\/09\/BLANC-XI_DISSABTE_73.jpg\",\"contentUrl\":\"https:\/\/blancfestival.com\/wp-content\/uploads\/2021\/09\/BLANC-XI_DISSABTE_73.jpg\",\"width\":680,\"height\":454},{\"@type\":\"BreadcrumbList\",\"@id\":\"https:\/\/blancfestival.com\/en\/manual-practico-sobre-la-organizacion-de-un-festival-de-diseno\/#breadcrumb\",\"itemListElement\":[{\"@type\":\"ListItem\",\"position\":1,\"name\":\"Portada\",\"item\":\"https:\/\/blancfestival.com\/ca\/\"},{\"@type\":\"ListItem\",\"position\":2,\"name\":\"Manual pr\u00e1ctico sobre la organizaci\u00f3n de un festival de dise\u00f1o\"}]},{\"@type\":\"WebSite\",\"@id\":\"https:\/\/blancfestival.com\/#website\",\"url\":\"https:\/\/blancfestival.com\/\",\"name\":\"Blanc! Festival\",\"description\":\"Disseny, Creativitat i Innovaci\u00f3\",\"publisher\":{\"@id\":\"https:\/\/blancfestival.com\/#organization\"},\"potentialAction\":[{\"@type\":\"SearchAction\",\"target\":{\"@type\":\"EntryPoint\",\"urlTemplate\":\"https:\/\/blancfestival.com\/?s={search_term_string}\"},\"query-input\":{\"@type\":\"PropertyValueSpecification\",\"valueRequired\":true,\"valueName\":\"search_term_string\"}}],\"inLanguage\":\"ca\"},{\"@type\":\"Organization\",\"@id\":\"https:\/\/blancfestival.com\/#organization\",\"name\":\"Blanc! Festival de Dise\u00f1o, Creatividad e Innovaci\u00f3n\",\"url\":\"https:\/\/blancfestival.com\/\",\"logo\":{\"@type\":\"ImageObject\",\"inLanguage\":\"ca\",\"@id\":\"https:\/\/blancfestival.com\/#\/schema\/logo\/image\/\",\"url\":\"https:\/\/blancfestival.com\/wp-content\/uploads\/2025\/01\/logo_icono_blanc.jpg\",\"contentUrl\":\"https:\/\/blancfestival.com\/wp-content\/uploads\/2025\/01\/logo_icono_blanc.jpg\",\"width\":2000,\"height\":2000,\"caption\":\"Blanc! Festival de Dise\u00f1o, Creatividad e Innovaci\u00f3n\"},\"image\":{\"@id\":\"https:\/\/blancfestival.com\/#\/schema\/logo\/image\/\"},\"sameAs\":[\"https:\/\/www.facebook.com\/blanc.festivaldissenygrafic\/\",\"https:\/\/x.com\/blancfest\",\"https:\/\/www.instagram.com\/blancfest\/\",\"https:\/\/www.linkedin.com\/company\/blanc-festival\",\"https:\/\/www.pinterest.com\/blancfest\/\",\"https:\/\/www.youtube.com\/channel\/UCM-IjxOFb5gQg4yPgmze3Gg\"]},{\"@type\":\"Person\",\"@id\":\"https:\/\/blancfestival.com\/#\/schema\/person\/1c1365d1e51e5730cf3f5fadb8670c06\",\"name\":\"Redacci\u00f3n Blanc!\",\"image\":{\"@type\":\"ImageObject\",\"inLanguage\":\"ca\",\"@id\":\"https:\/\/blancfestival.com\/#\/schema\/person\/image\/\",\"url\":\"https:\/\/blancfestival.com\/wp-content\/uploads\/2020\/02\/ico-120x120.png\",\"contentUrl\":\"https:\/\/blancfestival.com\/wp-content\/uploads\/2020\/02\/ico-120x120.png\",\"caption\":\"Redacci\u00f3n Blanc!\"},\"description\":\"\u201cNo trates de doblar la cuchara. Es imposible. En lugar de hacerlo, solo intenta darte cuenta de la verdad\u2026 No hay cuchara. Entonces, ver\u00e1s que no es la cuchara lo que se dobla, te doblas t\u00fa\u201d\"}]}<\/script>\n<!-- \/ Yoast SEO plugin. -->","yoast_head_json":{"title":"Manual pr\u00e1ctico sobre la organizaci\u00f3n de un festival de dise\u00f1o","robots":{"index":"index","follow":"follow","max-snippet":"max-snippet:-1","max-image-preview":"max-image-preview:large","max-video-preview":"max-video-preview:-1"},"canonical":"https:\/\/blancfestival.com\/en\/manual-practico-sobre-la-organizacion-de-un-festival-de-diseno\/","og_locale":"ca_ES","og_type":"article","og_title":"Manual pr\u00e1ctico sobre la organizaci\u00f3n de un festival de dise\u00f1o","og_description":"En cada edici\u00f3n celebrada de Blanc! (y ya van 12) siempre nos hemos encontrado con algo diferente a la edici\u00f3n anterior. Un \u201calgo m\u00e1s\u201d que hace que cada Blanc! sea diferente al anterior. De ah\u00ed que entre el primer Blanc! celebrado en 2009 y el que se celebrar\u00e1 pr\u00f3ximamente en 2021, las diferencias son bastante&hellip;","og_url":"https:\/\/blancfestival.com\/en\/manual-practico-sobre-la-organizacion-de-un-festival-de-diseno\/","og_site_name":"Blanc!","article_publisher":"https:\/\/www.facebook.com\/blanc.festivaldissenygrafic\/","article_published_time":"2021-09-16T21:13:50+00:00","article_modified_time":"2021-09-16T21:25:29+00:00","og_image":[{"width":680,"height":454,"url":"https:\/\/blancfestival.com\/wp-content\/uploads\/2021\/09\/BLANC-XI_DISSABTE_73.jpg","type":"image\/jpeg"}],"author":"Redacci\u00f3n Blanc!","twitter_card":"summary_large_image","twitter_creator":"@blancfest","twitter_site":"@blancfest","twitter_misc":{"Written by":"Redacci\u00f3n Blanc!","Est. reading time":"12 minutes"},"schema":{"@context":"https:\/\/schema.org","@graph":[{"@type":"Article","@id":"https:\/\/blancfestival.com\/en\/manual-practico-sobre-la-organizacion-de-un-festival-de-diseno\/#article","isPartOf":{"@id":"https:\/\/blancfestival.com\/en\/manual-practico-sobre-la-organizacion-de-un-festival-de-diseno\/"},"author":{"name":"Redacci\u00f3n Blanc!","@id":"https:\/\/blancfestival.com\/#\/schema\/person\/1c1365d1e51e5730cf3f5fadb8670c06"},"headline":"Manual pr\u00e1ctico sobre la organizaci\u00f3n de un festival de dise\u00f1o","datePublished":"2021-09-16T21:13:50+00:00","dateModified":"2021-09-16T21:25:29+00:00","mainEntityOfPage":{"@id":"https:\/\/blancfestival.com\/en\/manual-practico-sobre-la-organizacion-de-un-festival-de-diseno\/"},"wordCount":2451,"commentCount":0,"publisher":{"@id":"https:\/\/blancfestival.com\/#organization"},"image":{"@id":"https:\/\/blancfestival.com\/en\/manual-practico-sobre-la-organizacion-de-un-festival-de-diseno\/#primaryimage"},"thumbnailUrl":"https:\/\/blancfestival.com\/wp-content\/uploads\/2021\/09\/BLANC-XI_DISSABTE_73.jpg","articleSection":["Eventos","Creatividad"],"inLanguage":"ca","potentialAction":[{"@type":"CommentAction","name":"Comment","target":["https:\/\/blancfestival.com\/en\/manual-practico-sobre-la-organizacion-de-un-festival-de-diseno\/#respond"]}]},{"@type":"WebPage","@id":"https:\/\/blancfestival.com\/en\/manual-practico-sobre-la-organizacion-de-un-festival-de-diseno\/","url":"https:\/\/blancfestival.com\/en\/manual-practico-sobre-la-organizacion-de-un-festival-de-diseno\/","name":"Manual pr\u00e1ctico sobre la organizaci\u00f3n de un festival de dise\u00f1o","isPartOf":{"@id":"https:\/\/blancfestival.com\/#website"},"primaryImageOfPage":{"@id":"https:\/\/blancfestival.com\/en\/manual-practico-sobre-la-organizacion-de-un-festival-de-diseno\/#primaryimage"},"image":{"@id":"https:\/\/blancfestival.com\/en\/manual-practico-sobre-la-organizacion-de-un-festival-de-diseno\/#primaryimage"},"thumbnailUrl":"https:\/\/blancfestival.com\/wp-content\/uploads\/2021\/09\/BLANC-XI_DISSABTE_73.jpg","datePublished":"2021-09-16T21:13:50+00:00","dateModified":"2021-09-16T21:25:29+00:00","breadcrumb":{"@id":"https:\/\/blancfestival.com\/en\/manual-practico-sobre-la-organizacion-de-un-festival-de-diseno\/#breadcrumb"},"inLanguage":"ca","potentialAction":[{"@type":"ReadAction","target":["https:\/\/blancfestival.com\/en\/manual-practico-sobre-la-organizacion-de-un-festival-de-diseno\/"]}]},{"@type":"ImageObject","inLanguage":"ca","@id":"https:\/\/blancfestival.com\/en\/manual-practico-sobre-la-organizacion-de-un-festival-de-diseno\/#primaryimage","url":"https:\/\/blancfestival.com\/wp-content\/uploads\/2021\/09\/BLANC-XI_DISSABTE_73.jpg","contentUrl":"https:\/\/blancfestival.com\/wp-content\/uploads\/2021\/09\/BLANC-XI_DISSABTE_73.jpg","width":680,"height":454},{"@type":"BreadcrumbList","@id":"https:\/\/blancfestival.com\/en\/manual-practico-sobre-la-organizacion-de-un-festival-de-diseno\/#breadcrumb","itemListElement":[{"@type":"ListItem","position":1,"name":"Portada","item":"https:\/\/blancfestival.com\/ca\/"},{"@type":"ListItem","position":2,"name":"Manual pr\u00e1ctico sobre la organizaci\u00f3n de un festival de dise\u00f1o"}]},{"@type":"WebSite","@id":"https:\/\/blancfestival.com\/#website","url":"https:\/\/blancfestival.com\/","name":"Blanc! Festival","description":"Disseny, Creativitat i Innovaci\u00f3","publisher":{"@id":"https:\/\/blancfestival.com\/#organization"},"potentialAction":[{"@type":"SearchAction","target":{"@type":"EntryPoint","urlTemplate":"https:\/\/blancfestival.com\/?s={search_term_string}"},"query-input":{"@type":"PropertyValueSpecification","valueRequired":true,"valueName":"search_term_string"}}],"inLanguage":"ca"},{"@type":"Organization","@id":"https:\/\/blancfestival.com\/#organization","name":"Blanc! Festival de Dise\u00f1o, Creatividad e Innovaci\u00f3n","url":"https:\/\/blancfestival.com\/","logo":{"@type":"ImageObject","inLanguage":"ca","@id":"https:\/\/blancfestival.com\/#\/schema\/logo\/image\/","url":"https:\/\/blancfestival.com\/wp-content\/uploads\/2025\/01\/logo_icono_blanc.jpg","contentUrl":"https:\/\/blancfestival.com\/wp-content\/uploads\/2025\/01\/logo_icono_blanc.jpg","width":2000,"height":2000,"caption":"Blanc! Festival de Dise\u00f1o, Creatividad e Innovaci\u00f3n"},"image":{"@id":"https:\/\/blancfestival.com\/#\/schema\/logo\/image\/"},"sameAs":["https:\/\/www.facebook.com\/blanc.festivaldissenygrafic\/","https:\/\/x.com\/blancfest","https:\/\/www.instagram.com\/blancfest\/","https:\/\/www.linkedin.com\/company\/blanc-festival","https:\/\/www.pinterest.com\/blancfest\/","https:\/\/www.youtube.com\/channel\/UCM-IjxOFb5gQg4yPgmze3Gg"]},{"@type":"Person","@id":"https:\/\/blancfestival.com\/#\/schema\/person\/1c1365d1e51e5730cf3f5fadb8670c06","name":"Redacci\u00f3n Blanc!","image":{"@type":"ImageObject","inLanguage":"ca","@id":"https:\/\/blancfestival.com\/#\/schema\/person\/image\/","url":"https:\/\/blancfestival.com\/wp-content\/uploads\/2020\/02\/ico-120x120.png","contentUrl":"https:\/\/blancfestival.com\/wp-content\/uploads\/2020\/02\/ico-120x120.png","caption":"Redacci\u00f3n Blanc!"},"description":"\u201cNo trates de doblar la cuchara. Es imposible. En lugar de hacerlo, solo intenta darte cuenta de la verdad\u2026 No hay cuchara. Entonces, ver\u00e1s que no es la cuchara lo que se dobla, te doblas t\u00fa\u201d"}]}},"_links":{"self":[{"href":"https:\/\/blancfestival.com\/ca\/wp-json\/wp\/v2\/posts\/6526","targetHints":{"allow":["GET"]}}],"collection":[{"href":"https:\/\/blancfestival.com\/ca\/wp-json\/wp\/v2\/posts"}],"about":[{"href":"https:\/\/blancfestival.com\/ca\/wp-json\/wp\/v2\/types\/post"}],"author":[{"embeddable":true,"href":"https:\/\/blancfestival.com\/ca\/wp-json\/wp\/v2\/users\/3"}],"replies":[{"embeddable":true,"href":"https:\/\/blancfestival.com\/ca\/wp-json\/wp\/v2\/comments?post=6526"}],"version-history":[{"count":8,"href":"https:\/\/blancfestival.com\/ca\/wp-json\/wp\/v2\/posts\/6526\/revisions"}],"predecessor-version":[{"id":6546,"href":"https:\/\/blancfestival.com\/ca\/wp-json\/wp\/v2\/posts\/6526\/revisions\/6546"}],"wp:featuredmedia":[{"embeddable":true,"href":"https:\/\/blancfestival.com\/ca\/wp-json\/wp\/v2\/media\/6532"}],"wp:attachment":[{"href":"https:\/\/blancfestival.com\/ca\/wp-json\/wp\/v2\/media?parent=6526"}],"wp:term":[{"taxonomy":"category","embeddable":true,"href":"https:\/\/blancfestival.com\/ca\/wp-json\/wp\/v2\/categories?post=6526"},{"taxonomy":"post_tag","embeddable":true,"href":"https:\/\/blancfestival.com\/ca\/wp-json\/wp\/v2\/tags?post=6526"},{"taxonomy":"evento","embeddable":true,"href":"https:\/\/blancfestival.com\/ca\/wp-json\/wp\/v2\/evento?post=6526"}],"curies":[{"name":"wp","href":"https:\/\/api.w.org\/{rel}","templated":true}]}}