{"id":7360,"date":"2021-11-09T16:54:09","date_gmt":"2021-11-09T15:54:09","guid":{"rendered":"https:\/\/blancfestival.com\/?p=7360"},"modified":"2021-11-17T13:59:02","modified_gmt":"2021-11-17T12:59:02","slug":"en-quien-piensas-cuando-disenas","status":"publish","type":"post","link":"https:\/\/blancfestival.com\/ca\/en-quien-piensas-cuando-disenas\/","title":{"rendered":"\u00bfEn qui\u00e9n piensas cuando dise\u00f1as?"},"content":{"rendered":"<p>Quiz\u00e1s uno de los primeros pasos en el proceso de creaci\u00f3n de una marca es tener claro a qui\u00e9n nos dirigimos, definir el famoso \u201cbuyer persona\u201d para crear una propuesta que sea verdaderamente relevante para ese colectivo. Este ejercicio es, o deber\u00eda ser, igual de imprescincible para cualquier otra disciplina del dise\u00f1o.<\/p>\n<p>&nbsp;<\/p>\n<h2>Pero \u00bflo hacemos realmente? y si lo hacemos, \u00bfconocemos realmente las necesidades del usuario?<\/h2>\n<p>&nbsp;<\/p>\n<p>En la anterior edici\u00f3n de la Barcelona Design Week se planteaba la cuesti\u00f3n del dise\u00f1o neutro desde la perspectiva de g\u00e9nero en un f\u00f3rum en el que se reflexionaba sobre las proyecciones de g\u00e9nero, tanto conscientes como inconscientes, y su impacto en los procesos de dise\u00f1o y por consecuencia en la sociedad.<\/p>\n<p>&nbsp;<\/p>\n<p><img loading=\"lazy\" decoding=\"async\" width=\"700\" height=\"467\" class=\"alignnone size-full wp-image-7367\" src=\"https:\/\/blancfestival.com\/wp-content\/uploads\/2021\/11\/people.jpg\" alt=\"\" srcset=\"https:\/\/blancfestival.com\/wp-content\/uploads\/2021\/11\/people.jpg 700w, https:\/\/blancfestival.com\/wp-content\/uploads\/2021\/11\/people-250x167.jpg 250w, https:\/\/blancfestival.com\/wp-content\/uploads\/2021\/11\/people-120x80.jpg 120w, https:\/\/blancfestival.com\/wp-content\/uploads\/2021\/11\/people-272x182.jpg 272w\" sizes=\"auto, (max-width: 700px) 100vw, 700px\" \/><\/p>\n<p>&nbsp;<\/p>\n<p>De entre los muchos participantes, la arquitecta Julia Goula explicaba c\u00f3mo en su empresa Equal Saree, utilizaban la perspectiva de g\u00e9nero para dise\u00f1ar espacios m\u00e1s inclusivos y nos invitaba a reflexionar mediante preguntas que evidenciaban que los espacios no son neutros y que dependen de la perspectiva de su creador:<\/p>\n<p>\u00ab\u00bfQu\u00e9 pasa cuando la cocina ocupa el lugar m\u00e1s peque\u00f1o y oscuro de la casa? \u00bfY si las dise\u00f1\u00e1ramos grandes, bien iluminadas y en un espacio central de la casa? \u00bfQu\u00e9 pasa cuando el cambiador de beb\u00e9s en los espacios p\u00fablicos solo est\u00e1 en el lavabo de las mujeres? \u00bfY si los posicion\u00e1ramos tambi\u00e9n en aseos masculinos o en espacios neutros? \u00bfQu\u00e9 ocurre cuando en una ciudad priorizamos los coches a las aceras y las personas que caminan? \u00bfY si dise\u00f1\u00e1ramos aceras m\u00e1s anchas? \u00bfQu\u00e9 pasa cuando el 70% de un patio de escuela est\u00e1 ocupado por la pista de f\u00fatbol? \u00bfY si di\u00e9ramos el mismo espacio a otras actividades?\u00bb<\/p>\n<p>De la misma forma, Juanma Murua, consultor de territorio, publicaba hace unos meses en su perfil de Twitter un extracto de su \u00faltimo estudio sobre el fomento del deporte a trav\u00e9s del urbanismo, en la que se analizaban las rutas m\u00e1s frecuentadas por los runners y en que se ve\u00eda claramente que las corredoras realizaban trayectos m\u00e1s cortos y cercanos al centro del municipio que los corredores, coincidiendo con la zonas m\u00e1s frecuentadas e iluminadas.<\/p>\n<p>&nbsp;<\/p>\n<h2>En todos estos casos, algunos de los usuarios, en ocasiones incluso usuarios principales, no han sido tenidos en cuenta durante el proceso de dise\u00f1o.<\/h2>\n<p>&nbsp;<\/p>\n<p>El mismo extra\u00f1o fen\u00f3meno ocurre en la creaci\u00f3n de marcas, durante a\u00f1os han sido responsables de mostrar una visi\u00f3n androcentrista, con propuestas de productos y mensajes pensadas alrededor del hombre, incluso cuando el usuario principal del producto no lo era.<\/p>\n<p>Categor\u00edas como las bebidas alcoh\u00f3licas, la banca o la automoci\u00f3n han olvidado durante d\u00e9cadas a cualquier otro colectivo. Por suerte su capacidad de adaptaci\u00f3n es mucho mayor que la de una ciudad.<\/p>\n<p>Primero fueron las propuestas estereotipadas enfocadas a incluir otros grupos, como las famosas ginebras rosas, y m\u00e1s recientemente estrategias gender-neutral o gender-inclusive que buscan no representar ning\u00fan g\u00e9nero concreto o, todo lo contrario, incluir a un rango m\u00e1s amplio.<\/p>\n<p>Un ejemplo es Aunt Flow, una marca de productos para la menstruaci\u00f3n con dispensadores en espacios p\u00fablicos como escuelas o lugares de trabajo. La marca revis\u00f3 todo su contenido para crear una propuesta inclusiva, dirigi\u00e9ndose a su p\u00fablico como \u201cmenstruator\u201d y mostrando im\u00e1genes con una amplia variedad de ropa interior incluyendo boxers.<\/p>\n<p>O Folx Health, una compa\u00f1\u00eda estadounidense especializada en la comunidad trans y queer que se refiere a sus usuarios como \u201cfolks\u201d. Tambi\u00e9n vemos indicios de cambio en otras marcas ya m\u00e1s conocidas como Tampax, comunicando en sus perfiles sociales mensajes como &#8220;Fact: Not all women have periods. Also a fact: Not all people with periods are women. Let&#8217;s celebrate the diversity of all people who bleed.&#8221;<\/p>\n<p>La marca Bic, sin prescindir a sus productos convencionales, ha lanzado la colecci\u00f3n Made For You, una l\u00ednea sin g\u00e9nero bajo el concepto &#8220;for whoever, to shave wherever\u201d en que no solo propone productos neutros sino tambi\u00e9n reducir la llamada \u201cpink tax\u201d, como se bautiz\u00f3 el incremento de precio en algunos productos enfocados a mujeres de hasta un 15%.<\/p>\n<p>&nbsp;<\/p>\n<p><img loading=\"lazy\" decoding=\"async\" width=\"700\" height=\"467\" class=\"alignnone size-large wp-image-7364\" src=\"https:\/\/blancfestival.com\/wp-content\/uploads\/2021\/11\/imagen-soldados-700x467.jpg\" alt=\"\" srcset=\"https:\/\/blancfestival.com\/wp-content\/uploads\/2021\/11\/imagen-soldados-700x467.jpg 700w, https:\/\/blancfestival.com\/wp-content\/uploads\/2021\/11\/imagen-soldados-250x167.jpg 250w, https:\/\/blancfestival.com\/wp-content\/uploads\/2021\/11\/imagen-soldados-768x512.jpg 768w, https:\/\/blancfestival.com\/wp-content\/uploads\/2021\/11\/imagen-soldados-1536x1024.jpg 1536w, https:\/\/blancfestival.com\/wp-content\/uploads\/2021\/11\/imagen-soldados-120x80.jpg 120w, https:\/\/blancfestival.com\/wp-content\/uploads\/2021\/11\/imagen-soldados-272x182.jpg 272w, https:\/\/blancfestival.com\/wp-content\/uploads\/2021\/11\/imagen-soldados.jpg 1920w\" sizes=\"auto, (max-width: 700px) 100vw, 700px\" \/><\/p>\n<p>&nbsp;<\/p>\n<p>Lo mismo sucede en otras categor\u00edas tradicionalmente muy segmentadas como la moda o las fragancias, en las que se ha producido un auge de alternativas m\u00e1s amplias o neutras, como Converse Shapes, la colecci\u00f3n gender-agnostic de la marca o la fragancia de Gucci M\u00e9moire d\u2019une Odeur enfocada a aquellos usuarios que no se identifican con propuestas enfocadas a un perfil espec\u00edfico.<\/p>\n<p>Pero una vez superado el estereotipo en t\u00e9rminos de producto, el reto se traslada al dise\u00f1o de marca, que deber\u00e1 ser capaz de crear para una amplia variedad de perfiles, pero mediante c\u00f3digos visuales estereotipados a\u00fan vigentes, lo que plantea m\u00e1s preguntas:<\/p>\n<h2>\u00bfPuede una marca incluir a todo el mundo? \u00bfUn dise\u00f1o debe ser neutro para ser inclusivo?<\/h2>\n<h2>\u00bfDebemos crear marcas gender-fluid que reinterpreten y mezclen libremente los c\u00f3digos est\u00e9ticos hasta ahora estereotipados?<\/h2>\n<h2>Y ante todo recordar siempre: \u00bfEn qui\u00e9n pienso cuando dise\u00f1o?<\/h2>\n","protected":false},"excerpt":{"rendered":"Quiz\u00e1s uno de los primeros pasos en el proceso de creaci\u00f3n de una marca es tener claro a qui\u00e9n nos dirigimos, definir el famoso \u201cbuyer persona\u201d para crear una propuesta que sea verdaderamente relevante para ese colectivo. Este ejercicio es, o deber\u00eda ser, igual de imprescincible para cualquier otra disciplina del dise\u00f1o. &nbsp; Pero \u00bflo&hellip;","protected":false},"author":18,"featured_media":7364,"comment_status":"open","ping_status":"open","sticky":false,"template":"","format":"standard","meta":{"_acf_changed":false,"footnotes":""},"categories":[3,2,5,1],"tags":[],"evento":[],"class_list":["post-7360","post","type-post","status-publish","format-standard","has-post-thumbnail","hentry","category-creatividad","category-diseno","category-innovacion","category-diseno-grafico"],"acf":[],"yoast_head":"<!-- This site is optimized with the Yoast SEO plugin v23.7 - https:\/\/yoast.com\/wordpress\/plugins\/seo\/ -->\n<title>\u00bfEn qui\u00e9n piensas cuando dise\u00f1as?<\/title>\n<meta name=\"robots\" content=\"index, follow, max-snippet:-1, max-image-preview:large, max-video-preview:-1\" \/>\n<link rel=\"canonical\" href=\"https:\/\/blancfestival.com\/en-quien-piensas-cuando-disenas\/\" \/>\n<meta property=\"og:locale\" content=\"ca_ES\" \/>\n<meta property=\"og:type\" content=\"article\" \/>\n<meta property=\"og:title\" content=\"\u00bfEn qui\u00e9n piensas cuando dise\u00f1as?\" \/>\n<meta property=\"og:description\" content=\"Quiz\u00e1s uno de los primeros pasos en el proceso de creaci\u00f3n de una marca es tener claro a qui\u00e9n nos dirigimos, definir el famoso \u201cbuyer persona\u201d para crear una propuesta que sea verdaderamente relevante para ese colectivo. Este ejercicio es, o deber\u00eda ser, igual de imprescincible para cualquier otra disciplina del dise\u00f1o. &nbsp; Pero \u00bflo&hellip;\" \/>\n<meta property=\"og:url\" content=\"https:\/\/blancfestival.com\/en-quien-piensas-cuando-disenas\/\" \/>\n<meta property=\"og:site_name\" content=\"Blanc!\" \/>\n<meta property=\"article:publisher\" content=\"https:\/\/www.facebook.com\/blanc.festivaldissenygrafic\/\" \/>\n<meta property=\"article:published_time\" content=\"2021-11-09T15:54:09+00:00\" \/>\n<meta property=\"article:modified_time\" content=\"2021-11-17T12:59:02+00:00\" \/>\n<meta property=\"og:image\" content=\"https:\/\/blancfestival.com\/wp-content\/uploads\/2021\/11\/imagen-soldados.jpg\" \/>\n\t<meta property=\"og:image:width\" content=\"1920\" \/>\n\t<meta property=\"og:image:height\" content=\"1280\" \/>\n\t<meta property=\"og:image:type\" content=\"image\/jpeg\" \/>\n<meta name=\"author\" content=\"Agn\u00e8s Mora\" \/>\n<meta name=\"twitter:card\" content=\"summary_large_image\" \/>\n<meta name=\"twitter:creator\" content=\"@blancfest\" \/>\n<meta name=\"twitter:site\" content=\"@blancfest\" \/>\n<meta name=\"twitter:label1\" content=\"Written by\" \/>\n\t<meta name=\"twitter:data1\" content=\"Agn\u00e8s Mora\" \/>\n\t<meta name=\"twitter:label2\" content=\"Est. reading time\" \/>\n\t<meta name=\"twitter:data2\" content=\"4 minutes\" \/>\n<script type=\"application\/ld+json\" class=\"yoast-schema-graph\">{\"@context\":\"https:\/\/schema.org\",\"@graph\":[{\"@type\":\"Article\",\"@id\":\"https:\/\/blancfestival.com\/en-quien-piensas-cuando-disenas\/#article\",\"isPartOf\":{\"@id\":\"https:\/\/blancfestival.com\/en-quien-piensas-cuando-disenas\/\"},\"author\":{\"name\":\"Agn\u00e8s Mora\",\"@id\":\"https:\/\/blancfestival.com\/#\/schema\/person\/d76d810140d049c1699cddd8a14cf596\"},\"headline\":\"\u00bfEn qui\u00e9n piensas cuando dise\u00f1as?\",\"datePublished\":\"2021-11-09T15:54:09+00:00\",\"dateModified\":\"2021-11-17T12:59:02+00:00\",\"mainEntityOfPage\":{\"@id\":\"https:\/\/blancfestival.com\/en-quien-piensas-cuando-disenas\/\"},\"wordCount\":898,\"commentCount\":0,\"publisher\":{\"@id\":\"https:\/\/blancfestival.com\/#organization\"},\"image\":{\"@id\":\"https:\/\/blancfestival.com\/en-quien-piensas-cuando-disenas\/#primaryimage\"},\"thumbnailUrl\":\"https:\/\/blancfestival.com\/wp-content\/uploads\/2021\/11\/imagen-soldados.jpg\",\"articleSection\":[\"Creatividad\",\"Dise\u00f1o\",\"Innovaci\u00f3n\",\"Dise\u00f1o Gr\u00e1fico\"],\"inLanguage\":\"ca\",\"potentialAction\":[{\"@type\":\"CommentAction\",\"name\":\"Comment\",\"target\":[\"https:\/\/blancfestival.com\/en-quien-piensas-cuando-disenas\/#respond\"]}]},{\"@type\":\"WebPage\",\"@id\":\"https:\/\/blancfestival.com\/en-quien-piensas-cuando-disenas\/\",\"url\":\"https:\/\/blancfestival.com\/en-quien-piensas-cuando-disenas\/\",\"name\":\"\u00bfEn qui\u00e9n piensas cuando dise\u00f1as?\",\"isPartOf\":{\"@id\":\"https:\/\/blancfestival.com\/#website\"},\"primaryImageOfPage\":{\"@id\":\"https:\/\/blancfestival.com\/en-quien-piensas-cuando-disenas\/#primaryimage\"},\"image\":{\"@id\":\"https:\/\/blancfestival.com\/en-quien-piensas-cuando-disenas\/#primaryimage\"},\"thumbnailUrl\":\"https:\/\/blancfestival.com\/wp-content\/uploads\/2021\/11\/imagen-soldados.jpg\",\"datePublished\":\"2021-11-09T15:54:09+00:00\",\"dateModified\":\"2021-11-17T12:59:02+00:00\",\"breadcrumb\":{\"@id\":\"https:\/\/blancfestival.com\/en-quien-piensas-cuando-disenas\/#breadcrumb\"},\"inLanguage\":\"ca\",\"potentialAction\":[{\"@type\":\"ReadAction\",\"target\":[\"https:\/\/blancfestival.com\/en-quien-piensas-cuando-disenas\/\"]}]},{\"@type\":\"ImageObject\",\"inLanguage\":\"ca\",\"@id\":\"https:\/\/blancfestival.com\/en-quien-piensas-cuando-disenas\/#primaryimage\",\"url\":\"https:\/\/blancfestival.com\/wp-content\/uploads\/2021\/11\/imagen-soldados.jpg\",\"contentUrl\":\"https:\/\/blancfestival.com\/wp-content\/uploads\/2021\/11\/imagen-soldados.jpg\",\"width\":1920,\"height\":1280},{\"@type\":\"BreadcrumbList\",\"@id\":\"https:\/\/blancfestival.com\/en-quien-piensas-cuando-disenas\/#breadcrumb\",\"itemListElement\":[{\"@type\":\"ListItem\",\"position\":1,\"name\":\"Portada\",\"item\":\"https:\/\/blancfestival.com\/ca\/\"},{\"@type\":\"ListItem\",\"position\":2,\"name\":\"\u00bfEn qui\u00e9n piensas cuando dise\u00f1as?\"}]},{\"@type\":\"WebSite\",\"@id\":\"https:\/\/blancfestival.com\/#website\",\"url\":\"https:\/\/blancfestival.com\/\",\"name\":\"Blanc! Festival\",\"description\":\"Disseny, Creativitat i Innovaci\u00f3\",\"publisher\":{\"@id\":\"https:\/\/blancfestival.com\/#organization\"},\"potentialAction\":[{\"@type\":\"SearchAction\",\"target\":{\"@type\":\"EntryPoint\",\"urlTemplate\":\"https:\/\/blancfestival.com\/?s={search_term_string}\"},\"query-input\":{\"@type\":\"PropertyValueSpecification\",\"valueRequired\":true,\"valueName\":\"search_term_string\"}}],\"inLanguage\":\"ca\"},{\"@type\":\"Organization\",\"@id\":\"https:\/\/blancfestival.com\/#organization\",\"name\":\"Blanc! Festival de Dise\u00f1o, Creatividad e Innovaci\u00f3n\",\"url\":\"https:\/\/blancfestival.com\/\",\"logo\":{\"@type\":\"ImageObject\",\"inLanguage\":\"ca\",\"@id\":\"https:\/\/blancfestival.com\/#\/schema\/logo\/image\/\",\"url\":\"https:\/\/blancfestival.com\/wp-content\/uploads\/2025\/01\/logo_icono_blanc.jpg\",\"contentUrl\":\"https:\/\/blancfestival.com\/wp-content\/uploads\/2025\/01\/logo_icono_blanc.jpg\",\"width\":2000,\"height\":2000,\"caption\":\"Blanc! Festival de Dise\u00f1o, Creatividad e Innovaci\u00f3n\"},\"image\":{\"@id\":\"https:\/\/blancfestival.com\/#\/schema\/logo\/image\/\"},\"sameAs\":[\"https:\/\/www.facebook.com\/blanc.festivaldissenygrafic\/\",\"https:\/\/x.com\/blancfest\",\"https:\/\/www.instagram.com\/blancfest\/\",\"https:\/\/www.linkedin.com\/company\/blanc-festival\",\"https:\/\/www.pinterest.com\/blancfest\/\",\"https:\/\/www.youtube.com\/channel\/UCM-IjxOFb5gQg4yPgmze3Gg\"]},{\"@type\":\"Person\",\"@id\":\"https:\/\/blancfestival.com\/#\/schema\/person\/d76d810140d049c1699cddd8a14cf596\",\"name\":\"Agn\u00e8s Mora\",\"image\":{\"@type\":\"ImageObject\",\"inLanguage\":\"ca\",\"@id\":\"https:\/\/blancfestival.com\/#\/schema\/person\/image\/\",\"url\":\"https:\/\/blancfestival.com\/wp-content\/uploads\/2021\/11\/agnes-120x120.jpg\",\"contentUrl\":\"https:\/\/blancfestival.com\/wp-content\/uploads\/2021\/11\/agnes-120x120.jpg\",\"caption\":\"Agn\u00e8s Mora\"},\"description\":\"CSO - Chief Strategy Officer en Morillas. Morillas dirige el M\u00e1ster en Branding y Estrategia de Marca de LCI Barcelona\",\"sameAs\":[\"https:\/\/www.lcibarcelona.com\/escuela-diseno-grafico\/branding-y-estrategia-de-marca\",\"https:\/\/www.linkedin.com\/in\/agns-mora-mitjavila-33794131\/\"]}]}<\/script>\n<!-- \/ Yoast SEO plugin. -->","yoast_head_json":{"title":"\u00bfEn qui\u00e9n piensas cuando dise\u00f1as?","robots":{"index":"index","follow":"follow","max-snippet":"max-snippet:-1","max-image-preview":"max-image-preview:large","max-video-preview":"max-video-preview:-1"},"canonical":"https:\/\/blancfestival.com\/en-quien-piensas-cuando-disenas\/","og_locale":"ca_ES","og_type":"article","og_title":"\u00bfEn qui\u00e9n piensas cuando dise\u00f1as?","og_description":"Quiz\u00e1s uno de los primeros pasos en el proceso de creaci\u00f3n de una marca es tener claro a qui\u00e9n nos dirigimos, definir el famoso \u201cbuyer persona\u201d para crear una propuesta que sea verdaderamente relevante para ese colectivo. Este ejercicio es, o deber\u00eda ser, igual de imprescincible para cualquier otra disciplina del dise\u00f1o. &nbsp; Pero \u00bflo&hellip;","og_url":"https:\/\/blancfestival.com\/en-quien-piensas-cuando-disenas\/","og_site_name":"Blanc!","article_publisher":"https:\/\/www.facebook.com\/blanc.festivaldissenygrafic\/","article_published_time":"2021-11-09T15:54:09+00:00","article_modified_time":"2021-11-17T12:59:02+00:00","og_image":[{"width":1920,"height":1280,"url":"https:\/\/blancfestival.com\/wp-content\/uploads\/2021\/11\/imagen-soldados.jpg","type":"image\/jpeg"}],"author":"Agn\u00e8s Mora","twitter_card":"summary_large_image","twitter_creator":"@blancfest","twitter_site":"@blancfest","twitter_misc":{"Written by":"Agn\u00e8s Mora","Est. reading time":"4 minutes"},"schema":{"@context":"https:\/\/schema.org","@graph":[{"@type":"Article","@id":"https:\/\/blancfestival.com\/en-quien-piensas-cuando-disenas\/#article","isPartOf":{"@id":"https:\/\/blancfestival.com\/en-quien-piensas-cuando-disenas\/"},"author":{"name":"Agn\u00e8s Mora","@id":"https:\/\/blancfestival.com\/#\/schema\/person\/d76d810140d049c1699cddd8a14cf596"},"headline":"\u00bfEn qui\u00e9n piensas cuando dise\u00f1as?","datePublished":"2021-11-09T15:54:09+00:00","dateModified":"2021-11-17T12:59:02+00:00","mainEntityOfPage":{"@id":"https:\/\/blancfestival.com\/en-quien-piensas-cuando-disenas\/"},"wordCount":898,"commentCount":0,"publisher":{"@id":"https:\/\/blancfestival.com\/#organization"},"image":{"@id":"https:\/\/blancfestival.com\/en-quien-piensas-cuando-disenas\/#primaryimage"},"thumbnailUrl":"https:\/\/blancfestival.com\/wp-content\/uploads\/2021\/11\/imagen-soldados.jpg","articleSection":["Creatividad","Dise\u00f1o","Innovaci\u00f3n","Dise\u00f1o Gr\u00e1fico"],"inLanguage":"ca","potentialAction":[{"@type":"CommentAction","name":"Comment","target":["https:\/\/blancfestival.com\/en-quien-piensas-cuando-disenas\/#respond"]}]},{"@type":"WebPage","@id":"https:\/\/blancfestival.com\/en-quien-piensas-cuando-disenas\/","url":"https:\/\/blancfestival.com\/en-quien-piensas-cuando-disenas\/","name":"\u00bfEn qui\u00e9n piensas cuando dise\u00f1as?","isPartOf":{"@id":"https:\/\/blancfestival.com\/#website"},"primaryImageOfPage":{"@id":"https:\/\/blancfestival.com\/en-quien-piensas-cuando-disenas\/#primaryimage"},"image":{"@id":"https:\/\/blancfestival.com\/en-quien-piensas-cuando-disenas\/#primaryimage"},"thumbnailUrl":"https:\/\/blancfestival.com\/wp-content\/uploads\/2021\/11\/imagen-soldados.jpg","datePublished":"2021-11-09T15:54:09+00:00","dateModified":"2021-11-17T12:59:02+00:00","breadcrumb":{"@id":"https:\/\/blancfestival.com\/en-quien-piensas-cuando-disenas\/#breadcrumb"},"inLanguage":"ca","potentialAction":[{"@type":"ReadAction","target":["https:\/\/blancfestival.com\/en-quien-piensas-cuando-disenas\/"]}]},{"@type":"ImageObject","inLanguage":"ca","@id":"https:\/\/blancfestival.com\/en-quien-piensas-cuando-disenas\/#primaryimage","url":"https:\/\/blancfestival.com\/wp-content\/uploads\/2021\/11\/imagen-soldados.jpg","contentUrl":"https:\/\/blancfestival.com\/wp-content\/uploads\/2021\/11\/imagen-soldados.jpg","width":1920,"height":1280},{"@type":"BreadcrumbList","@id":"https:\/\/blancfestival.com\/en-quien-piensas-cuando-disenas\/#breadcrumb","itemListElement":[{"@type":"ListItem","position":1,"name":"Portada","item":"https:\/\/blancfestival.com\/ca\/"},{"@type":"ListItem","position":2,"name":"\u00bfEn qui\u00e9n piensas cuando dise\u00f1as?"}]},{"@type":"WebSite","@id":"https:\/\/blancfestival.com\/#website","url":"https:\/\/blancfestival.com\/","name":"Blanc! Festival","description":"Disseny, Creativitat i Innovaci\u00f3","publisher":{"@id":"https:\/\/blancfestival.com\/#organization"},"potentialAction":[{"@type":"SearchAction","target":{"@type":"EntryPoint","urlTemplate":"https:\/\/blancfestival.com\/?s={search_term_string}"},"query-input":{"@type":"PropertyValueSpecification","valueRequired":true,"valueName":"search_term_string"}}],"inLanguage":"ca"},{"@type":"Organization","@id":"https:\/\/blancfestival.com\/#organization","name":"Blanc! Festival de Dise\u00f1o, Creatividad e Innovaci\u00f3n","url":"https:\/\/blancfestival.com\/","logo":{"@type":"ImageObject","inLanguage":"ca","@id":"https:\/\/blancfestival.com\/#\/schema\/logo\/image\/","url":"https:\/\/blancfestival.com\/wp-content\/uploads\/2025\/01\/logo_icono_blanc.jpg","contentUrl":"https:\/\/blancfestival.com\/wp-content\/uploads\/2025\/01\/logo_icono_blanc.jpg","width":2000,"height":2000,"caption":"Blanc! Festival de Dise\u00f1o, Creatividad e Innovaci\u00f3n"},"image":{"@id":"https:\/\/blancfestival.com\/#\/schema\/logo\/image\/"},"sameAs":["https:\/\/www.facebook.com\/blanc.festivaldissenygrafic\/","https:\/\/x.com\/blancfest","https:\/\/www.instagram.com\/blancfest\/","https:\/\/www.linkedin.com\/company\/blanc-festival","https:\/\/www.pinterest.com\/blancfest\/","https:\/\/www.youtube.com\/channel\/UCM-IjxOFb5gQg4yPgmze3Gg"]},{"@type":"Person","@id":"https:\/\/blancfestival.com\/#\/schema\/person\/d76d810140d049c1699cddd8a14cf596","name":"Agn\u00e8s Mora","image":{"@type":"ImageObject","inLanguage":"ca","@id":"https:\/\/blancfestival.com\/#\/schema\/person\/image\/","url":"https:\/\/blancfestival.com\/wp-content\/uploads\/2021\/11\/agnes-120x120.jpg","contentUrl":"https:\/\/blancfestival.com\/wp-content\/uploads\/2021\/11\/agnes-120x120.jpg","caption":"Agn\u00e8s Mora"},"description":"CSO - Chief Strategy Officer en Morillas. Morillas dirige el M\u00e1ster en Branding y Estrategia de Marca de LCI Barcelona","sameAs":["https:\/\/www.lcibarcelona.com\/escuela-diseno-grafico\/branding-y-estrategia-de-marca","https:\/\/www.linkedin.com\/in\/agns-mora-mitjavila-33794131\/"]}]}},"_links":{"self":[{"href":"https:\/\/blancfestival.com\/ca\/wp-json\/wp\/v2\/posts\/7360","targetHints":{"allow":["GET"]}}],"collection":[{"href":"https:\/\/blancfestival.com\/ca\/wp-json\/wp\/v2\/posts"}],"about":[{"href":"https:\/\/blancfestival.com\/ca\/wp-json\/wp\/v2\/types\/post"}],"author":[{"embeddable":true,"href":"https:\/\/blancfestival.com\/ca\/wp-json\/wp\/v2\/users\/18"}],"replies":[{"embeddable":true,"href":"https:\/\/blancfestival.com\/ca\/wp-json\/wp\/v2\/comments?post=7360"}],"version-history":[{"count":6,"href":"https:\/\/blancfestival.com\/ca\/wp-json\/wp\/v2\/posts\/7360\/revisions"}],"predecessor-version":[{"id":7375,"href":"https:\/\/blancfestival.com\/ca\/wp-json\/wp\/v2\/posts\/7360\/revisions\/7375"}],"wp:featuredmedia":[{"embeddable":true,"href":"https:\/\/blancfestival.com\/ca\/wp-json\/wp\/v2\/media\/7364"}],"wp:attachment":[{"href":"https:\/\/blancfestival.com\/ca\/wp-json\/wp\/v2\/media?parent=7360"}],"wp:term":[{"taxonomy":"category","embeddable":true,"href":"https:\/\/blancfestival.com\/ca\/wp-json\/wp\/v2\/categories?post=7360"},{"taxonomy":"post_tag","embeddable":true,"href":"https:\/\/blancfestival.com\/ca\/wp-json\/wp\/v2\/tags?post=7360"},{"taxonomy":"evento","embeddable":true,"href":"https:\/\/blancfestival.com\/ca\/wp-json\/wp\/v2\/evento?post=7360"}],"curies":[{"name":"wp","href":"https:\/\/api.w.org\/{rel}","templated":true}]}}