{"id":7581,"date":"2021-12-21T09:59:28","date_gmt":"2021-12-21T08:59:28","guid":{"rendered":"https:\/\/blancfestival.com\/?p=7581"},"modified":"2021-12-21T10:10:19","modified_gmt":"2021-12-21T09:10:19","slug":"tipo-g-la-escuela-de-tipografia-de-barcelona","status":"publish","type":"post","link":"https:\/\/blancfestival.com\/ca\/tipo-g-la-escuela-de-tipografia-de-barcelona\/","title":{"rendered":"Tipo-g. La Escuela de Tipograf\u00eda de Barcelona\u2028"},"content":{"rendered":"<p>Laura Meseguer, Quique L\u00f3pez, Oriol Mir\u00f3, Bogidar Mascare\u00f1as, Jordi Embodas, Ricard Garc\u00eda, Noe Blanco, Joancarles Casas\u00edn, Jes\u00fas Morentin (BunkerType), Chema Ribagorda, Carles Murillo&#8230; podr\u00edan ser el cartel de un hipot\u00e9tico encuentro sobre dise\u00f1o tipogr\u00e1fico, pero es mejor que eso. Forman parte de una de las mejores escuelas de dise\u00f1o de tipograf\u00eda, <a href=\"https:\/\/tipo-g.com\/\" target=\"_blank\" rel=\"nofollow noopener\">Tipo-g<\/a>. Donde los alumnos aprender\u00e1n de los mejores profesionales que ha parido este pa\u00eds.<br \/>\n&nbsp;&nbsp;<\/p>\n<h2>Tipo-g es la Escuela de Tipograf\u00eda de Barcelona<\/h2>\n<p>Un espacio donde aprender, experimentar y debatir sobre el dise\u00f1o tipogr\u00e1fico y su aplicaci\u00f3n en los diferentes entornos de la comunicaci\u00f3n contempor\u00e1nea. Creen que para ser un buen dise\u00f1ador o dise\u00f1adora gr\u00e1fica es imprescindible tener un conocimiento profundo y un criterio propio sobre tipograf\u00eda. Tipo-g aborda esta necesidad desde una perspectiva rigurosa, creativa, abierta y siempre en evoluci\u00f3n. Tipo-g es una entidad independiente que no depende de ninguna universidad. Nace en 2019 a partir de la iniciativa e inquietud de un colectivo de dise\u00f1adores y educadores, decididos a ofrecer una formaci\u00f3n accesible y especializada en dise\u00f1o tipogr\u00e1fico.<\/p>\n<p>La direcci\u00f3n acad\u00e9mica corre a cargo de <a href=\"https:\/\/www.laurameseguer.com\/\" target=\"_blank\" rel=\"nofollow noopener\">Laura Meseguer,<\/a> dise\u00f1adora de tipograf\u00edas; la coordinaci\u00f3n es cosa de <a href=\"http:\/\/www.quiquelopez.net\/\" target=\"_blank\" rel=\"nofollow noopener\">Quique L\u00f3pez<\/a>, dise\u00f1ador gr\u00e1fico. Adem\u00e1s de su larga experiencia en el mundo del dise\u00f1o, ambos cuentan con una larga trayectoria en la docencia en distintas escuelas del pa\u00eds.<\/p>\n<p>&nbsp;<\/p>\n<p><img loading=\"lazy\" decoding=\"async\" width=\"680\" height=\"453\" class=\"alignnone size-full wp-image-7584\" src=\"https:\/\/blancfestival.com\/wp-content\/uploads\/2021\/12\/0001tipo-g-by-blanc-.jpg\" alt=\"\" srcset=\"https:\/\/blancfestival.com\/wp-content\/uploads\/2021\/12\/0001tipo-g-by-blanc-.jpg 680w, https:\/\/blancfestival.com\/wp-content\/uploads\/2021\/12\/0001tipo-g-by-blanc--250x167.jpg 250w, https:\/\/blancfestival.com\/wp-content\/uploads\/2021\/12\/0001tipo-g-by-blanc--120x80.jpg 120w, https:\/\/blancfestival.com\/wp-content\/uploads\/2021\/12\/0001tipo-g-by-blanc--272x182.jpg 272w\" sizes=\"auto, (max-width: 680px) 100vw, 680px\" \/><\/p>\n<p>&nbsp;<\/p>\n<h2>Filosof\u00eda y metodolog\u00eda<\/h2>\n<p>La filosof\u00eda de la escuela consiste en:<br \/>\n1. Fomentar la convivencia entre el oficio y la experimentaci\u00f3n.<br \/>\n2. Compartir una metodolog\u00eda profesional con el alumnado.<br \/>\n3. Transmitir los principios fundamentales del dise\u00f1o de tipograf\u00edas sin dejar de lado la parte conceptual.<\/p>\n<p>Para ello ofrecen clases te\u00f3ricas y pr\u00e1cticas en estrecha colaboraci\u00f3n con los alumnos. Abordando el desarrollo de sus proyectos de manera profesional y eficiente, desde el briefing hasta su aplicaci\u00f3n en piezas editoriales, tanto en soportes impresos como digitales.<\/p>\n<p>&nbsp;<\/p>\n<p><img loading=\"lazy\" decoding=\"async\" width=\"680\" height=\"453\" class=\"alignnone size-full wp-image-7587\" src=\"https:\/\/blancfestival.com\/wp-content\/uploads\/2021\/12\/0000tipo-g-by-blanc-.jpg\" alt=\"\" srcset=\"https:\/\/blancfestival.com\/wp-content\/uploads\/2021\/12\/0000tipo-g-by-blanc-.jpg 680w, https:\/\/blancfestival.com\/wp-content\/uploads\/2021\/12\/0000tipo-g-by-blanc--250x167.jpg 250w, https:\/\/blancfestival.com\/wp-content\/uploads\/2021\/12\/0000tipo-g-by-blanc--120x80.jpg 120w, https:\/\/blancfestival.com\/wp-content\/uploads\/2021\/12\/0000tipo-g-by-blanc--272x182.jpg 272w\" sizes=\"auto, (max-width: 680px) 100vw, 680px\" \/><\/p>\n<p>&nbsp;<\/p>\n<h2>Cursos y talleres<\/h2>\n<p>Las propuestas educativas son org\u00e1nicas y se van adaptando a la evoluci\u00f3n del sector, pues el dise\u00f1o de tipograf\u00edas es una disciplina en constante evoluci\u00f3n. El <a href=\"https:\/\/tipo-g.com\/curso\" target=\"_blank\" rel=\"nofollow noopener\">\u00abCurso de dise\u00f1o de tipograf\u00eda. Del boceto a Variable Fonts\u00bb<\/a> es su oferta principal. Desde este a\u00f1o tambi\u00e9n ofrecen <a href=\"https:\/\/tipo-g.com\/Taller-01\" target=\"_blank\" rel=\"nofollow noopener\">talleres de corta duraci\u00f3n.<\/a><\/p>\n<h3><\/h3>\n<h3>Curso de dise\u00f1o de tipograf\u00eda. Del boceto a Variable Fonts<\/h3>\n<p>El curso de dise\u00f1o de tipograf\u00eda est\u00e1 planteado como un encuentro entre lo anal\u00f3gico y lo digital, entre la metodolog\u00eda y la experimentaci\u00f3n y en el que se plantea el dise\u00f1o de una familia tipogr\u00e1fica como herramienta de comunicaci\u00f3n y la exploraci\u00f3n del potencial de las variable fonts desde un campo m\u00e1s experimental.<\/p>\n<p>Aspectos destacados del curso:<\/p>\n<p><strong>Caligraf\u00eda y bocetado:<\/strong> se parte de elaboraci\u00f3n de un briefing que ayuda a plantear el marco de trabajo, al que le siguen un taller pr\u00e1ctico de caligraf\u00eda, cuyo objetivo es familiarizar a los participantes con los fundamentos caligr\u00e1ficos que subyacen en la tipograf\u00eda; y clases de bocetado mediante el dibujo de letras con diferentes herramientas. Estos talleres servir\u00e1n para entender c\u00f3mo las herramientas anal\u00f3gicas y digitales condicionan la estructura, forma y expresi\u00f3n tipogr\u00e1fica.<\/p>\n<p><strong>Principios de dise\u00f1o tipogr\u00e1fico:<\/strong> a partir de estas bases se proyecta, dise\u00f1a y produce una familia tipogr\u00e1fica. Los estudiantes aprenden a mejorar su capacidad conceptual y formal y a desarrollar pensamiento cr\u00edtico. Les mostrar\u00e1n los aspectos b\u00e1sicos, les ense\u00f1ar\u00e1n las reglas y les guiar\u00e1n a trav\u00e9s del proceso, as\u00ed como entran de lleno en la disciplina del dise\u00f1o tipogr\u00e1fico desarrollando su propia pr\u00e1ctica. Todo esto se combina con sesiones de teor\u00eda, contextos hist\u00f3ricos y exploraci\u00f3n de otros sistemas de escritura.<\/p>\n<p><strong>Puesta en pr\u00e1ctica:<\/strong> una vez la familia tipogr\u00e1fica est\u00e9 suficientemente consolidada, en la asignatura de macrotipograf\u00eda se trabajar\u00e1 en el esp\u00e9cimen editorial en papel y en pantalla.<\/p>\n<p><strong>Trabajo en equipo:<\/strong> en Tipo-g se fomenta la discusi\u00f3n grupal y la idea de que el dise\u00f1o de tipos es una disciplina colaborativa, animando a que los estudiantes presenten sus proyectos en aquellas organizaciones o plataformas que les permitan seguir practicando el dise\u00f1o de tipograf\u00eda m\u00e1s all\u00e1 de la escuela.<\/p>\n<p>El curso se completa con una jornada de puertas abiertas y una exposici\u00f3n final abierta a todo el p\u00fablico. En total son 248 h impartidas de enero a junio a raz\u00f3n de 12 h semanales repartidas en tres tardes.<\/p>\n<p>El primer taller que han ofrecido ha sido <a href=\"https:\/\/tipo-g.com\/Taller-01\" target=\"_blank\" rel=\"nofollow noopener\">\u00ab\u2018Ready, steady, type!\u2019. Iniciaci\u00f3n al dise\u00f1o de tipos\u00bb<\/a> con Bogidar Mascare\u00f1as y Ricard Garc\u00eda.<\/p>\n<p>Este taller introduce, de manera pr\u00e1ctica y en 24 horas a raz\u00f3n de dos viernes tarde y dos s\u00e1bados completos, la metodolog\u00eda y procesos que hay detr\u00e1s del dise\u00f1o de un alfabeto, respondiendo a preguntas tales como: \u00bfPor d\u00f3nde se empieza a dise\u00f1ar mi propia tipograf\u00eda? \u00bfCu\u00e1les son los principios de construcci\u00f3n de la letra? \u00bfQu\u00e9 herramientas se necesitan? \u00bfQu\u00e9 software? \u00bfSe puede adaptar una tipograf\u00eda a un concepto? \u00bfC\u00f3mo se define el contraste? \u00bfY el espaciado? El objetivo del taller es comprender adecuadamente todos y cada uno de los procesos del dise\u00f1o de tipos.<\/p>\n<p>&nbsp;<\/p>\n<p><img loading=\"lazy\" decoding=\"async\" width=\"680\" height=\"389\" class=\"alignnone size-full wp-image-7590\" src=\"https:\/\/blancfestival.com\/wp-content\/uploads\/2021\/12\/0009tipo-g-by-blanc-.jpg\" alt=\"\" srcset=\"https:\/\/blancfestival.com\/wp-content\/uploads\/2021\/12\/0009tipo-g-by-blanc-.jpg 680w, https:\/\/blancfestival.com\/wp-content\/uploads\/2021\/12\/0009tipo-g-by-blanc--250x143.jpg 250w, https:\/\/blancfestival.com\/wp-content\/uploads\/2021\/12\/0009tipo-g-by-blanc--120x69.jpg 120w\" sizes=\"auto, (max-width: 680px) 100vw, 680px\" \/><\/p>\n<p>&nbsp;<\/p>\n<h2>Los alumnos<\/h2>\n<p>&nbsp;<\/p>\n<p>El \u00abCurso de dise\u00f1o de tipograf\u00eda. Del boceto a Variable Fonts\u00bb est\u00e1 dirigido a Graduados Superiores en Dise\u00f1o Gr\u00e1fico y a profesionales del sector con experiencia acreditada. Excepcionalmente, y en funci\u00f3n del portfolio y trayectoria, se acepta la inscripci\u00f3n de Licenciados en Comunicaci\u00f3n, Bellas Artes y Publicidad. Para acceder es recomendable acreditar, mediante portfolio, experiencia en el \u00e1mbito de la tipograf\u00eda y el dise\u00f1o gr\u00e1fico. No es necesario tener experiencia previa en caligraf\u00eda o lettering, aunque siempre es deseable.<\/p>\n<p>El curso es presencial aunque, en ocasiones muy espec\u00edficas, algunos contenidos te\u00f3ricos se pueden llegar a impartir online. El grupo es de 8 estudiantes m\u00e1ximo, permitiendo al cuadro docente prestar una atenci\u00f3n totalmente personalizada al alumnado. Las clases se imparten en catal\u00e1n o castellano con algunas intervenciones en ingl\u00e9s. El estudiante ha de disponer de su propio ordenador port\u00e1til (trabajamos exclusivamente en entorno Mac), ser capaz manejar de forma aut\u00f3noma el software de dise\u00f1o y estar familiarizado con alg\u00fan editor de fuentes.<\/p>\n<p>&nbsp;<\/p>\n<p><img loading=\"lazy\" decoding=\"async\" width=\"680\" height=\"907\" class=\"alignnone size-full wp-image-7593\" src=\"https:\/\/blancfestival.com\/wp-content\/uploads\/2021\/12\/0005tipo-g-by-blanc-.jpg\" alt=\"\" srcset=\"https:\/\/blancfestival.com\/wp-content\/uploads\/2021\/12\/0005tipo-g-by-blanc-.jpg 680w, https:\/\/blancfestival.com\/wp-content\/uploads\/2021\/12\/0005tipo-g-by-blanc--250x333.jpg 250w, https:\/\/blancfestival.com\/wp-content\/uploads\/2021\/12\/0005tipo-g-by-blanc--120x160.jpg 120w\" sizes=\"auto, (max-width: 680px) 100vw, 680px\" \/><\/p>\n<p><img loading=\"lazy\" decoding=\"async\" width=\"680\" height=\"907\" class=\"alignnone size-large wp-image-7596\" src=\"https:\/\/blancfestival.com\/wp-content\/uploads\/2021\/12\/0004tipo-g-by-blanc-.jpg\" alt=\"\" srcset=\"https:\/\/blancfestival.com\/wp-content\/uploads\/2021\/12\/0004tipo-g-by-blanc-.jpg 680w, https:\/\/blancfestival.com\/wp-content\/uploads\/2021\/12\/0004tipo-g-by-blanc--250x333.jpg 250w, https:\/\/blancfestival.com\/wp-content\/uploads\/2021\/12\/0004tipo-g-by-blanc--120x160.jpg 120w\" sizes=\"auto, (max-width: 680px) 100vw, 680px\" \/><\/p>\n<p><img loading=\"lazy\" decoding=\"async\" width=\"680\" height=\"453\" class=\"alignnone size-full wp-image-7599\" src=\"https:\/\/blancfestival.com\/wp-content\/uploads\/2021\/12\/0002tipo-g-by-blanc-.jpg\" alt=\"\" srcset=\"https:\/\/blancfestival.com\/wp-content\/uploads\/2021\/12\/0002tipo-g-by-blanc-.jpg 680w, https:\/\/blancfestival.com\/wp-content\/uploads\/2021\/12\/0002tipo-g-by-blanc--250x167.jpg 250w, https:\/\/blancfestival.com\/wp-content\/uploads\/2021\/12\/0002tipo-g-by-blanc--120x80.jpg 120w, https:\/\/blancfestival.com\/wp-content\/uploads\/2021\/12\/0002tipo-g-by-blanc--272x182.jpg 272w\" sizes=\"auto, (max-width: 680px) 100vw, 680px\" \/><\/p>\n<p>&nbsp;<\/p>\n<h2>El profesorado<\/h2>\n<p>El equipo de docentes y colaboradores de Tipo-g son profesionales reconocidos del \u00e1mbito de la tipograf\u00eda y el dise\u00f1o gr\u00e1fico que, desde la pasi\u00f3n por la docencia y con un enfoque esencialmente pr\u00e1ctico, gu\u00edan a los estudiantes para que encuentren sus propios recursos creativos.<\/p>\n<p>El curso est\u00e1 dividido en 6 materias troncales, que se describen a continuaci\u00f3n:<\/p>\n<p>&nbsp;<\/p>\n<p><strong>1. Caligraf\u00eda \u2014 con Oriol Mir\u00f3 12 h.<\/strong><br \/>\nC\u00f3mo las herramientas caligr\u00e1ficas condicionan la estructura y la forma tipogr\u00e1fica.<\/p>\n<p>&nbsp;<\/p>\n<p><strong>2. Bocetado \u2014 con Bogidar Mascare\u00f1as 20 h.<\/strong><br \/>\nExploraci\u00f3n del potencial de diversas herramientas de dibujo y rotulaci\u00f3n como veh\u00edculos expresivos y articulados alrededor de las propuestas de los participantes.<\/p>\n<p>&nbsp;<\/p>\n<p><strong>3. Proyecto \u2014 con Laura Meseguer, Jordi Embodas y Ricard Garc\u00eda<\/strong> y la colaboraci\u00f3n con talleres auxiliares de Azza Alamedine, Ilya Ruderman y Letterjuice 112 h.<br \/>\nBriefing, conceptualizaci\u00f3n, dibujo, metodolog\u00eda, gesti\u00f3n y aplicaci\u00f3n. C\u00f3mo crear, proyectar, dise\u00f1ar, dibujar y producir una familia tipogr\u00e1fica para aplicarla en un proyecto gr\u00e1fico. Se gu\u00eda al estudiante en el uso de las herramientas conceptuales y pr\u00e1cticas as\u00ed como en la metodolog\u00eda y el proceso de trabajo para abordar un proyecto complejo y profesional de creaci\u00f3n y aplicaci\u00f3n tipogr\u00e1fica. Adem\u00e1s de los talleres de \u00abArabic-Latin matchmaking logos\u00bb \u00abPrinciples of Cyrillic Type Design\u00bb y \u00abDiacr\u00edticos y extensi\u00f3n del set de caracteres\u00bb.<\/p>\n<p>&nbsp;<\/p>\n<p><strong>4. Herramientas y proyecto \u2014 con Noe Blanco y Joancarles Casas\u00edn 52 h<\/strong>.<br \/>\nDibujo vectorial avanzado, \u00abmetrics\u00bb, \u00abkerning\u00bb, \u00abcomposites\u00bb, interpolaci\u00f3n, \u00abfeatures\u00bb, \u00abhinting\u00bb, \u00abaxis\u00bb, \u00abVF\u00bb, programaci\u00f3n y herramientas de producci\u00f3n. Un overview de diferentes herramientas, metodolog\u00edas y t\u00e9cnicas de producci\u00f3n y aplicaci\u00f3n tipogr\u00e1fica.<\/p>\n<p>&nbsp;<\/p>\n<p><strong>5. Contextos \u2014 con Jes\u00fas Morentin (BunkerType) y Chema Ribagorda 12 h.<\/strong><br \/>\nHistoria, presente y futuro. El origen y la evoluci\u00f3n de la forma tipogr\u00e1fica y los contextos hist\u00f3ricos, sociales y t\u00e9cnicos que influyen en el dise\u00f1o y uso de la tipograf\u00eda. El panorama contempor\u00e1neo como paradigma de la evoluci\u00f3n de un sistema de comunicaci\u00f3n en constante adaptaci\u00f3n a los entornos de comunicaci\u00f3n.<\/p>\n<p>&nbsp;<\/p>\n<p><strong>6. Macrotipograf\u00eda<\/strong><\/p>\n<p>Editorial (especimen + poster papel) \u2014 con Carles Murillo 16 h.<br \/>\nMinisite \u2014 con Alex Velasco y la colaboraci\u00f3n de Elena Ram\u00edrez 20 h.<br \/>\nLa letra, la palabra, la l\u00ednea, el p\u00e1rrafo y el texto. La tipograf\u00eda aplicada al contexto \u00aboffline\u00bb y \u00abonline\u00bb. Esta parte est\u00e1 enfocada como un complemento del proyecto tipogr\u00e1fico al servicio de su presentaci\u00f3n.<\/p>\n<p>&nbsp;<\/p>\n<p><img loading=\"lazy\" decoding=\"async\" width=\"680\" height=\"453\" class=\"alignnone size-full wp-image-7602\" src=\"https:\/\/blancfestival.com\/wp-content\/uploads\/2021\/12\/0021tipo-g-by-blanc-.jpg\" alt=\"\" srcset=\"https:\/\/blancfestival.com\/wp-content\/uploads\/2021\/12\/0021tipo-g-by-blanc-.jpg 680w, https:\/\/blancfestival.com\/wp-content\/uploads\/2021\/12\/0021tipo-g-by-blanc--250x167.jpg 250w, https:\/\/blancfestival.com\/wp-content\/uploads\/2021\/12\/0021tipo-g-by-blanc--120x80.jpg 120w, https:\/\/blancfestival.com\/wp-content\/uploads\/2021\/12\/0021tipo-g-by-blanc--272x182.jpg 272w\" sizes=\"auto, (max-width: 680px) 100vw, 680px\" \/><\/p>\n<p><img loading=\"lazy\" decoding=\"async\" width=\"680\" height=\"389\" class=\"alignnone size-large wp-image-7605\" src=\"https:\/\/blancfestival.com\/wp-content\/uploads\/2021\/12\/0014tipo-g-by-blanc-.jpg\" alt=\"\" srcset=\"https:\/\/blancfestival.com\/wp-content\/uploads\/2021\/12\/0014tipo-g-by-blanc-.jpg 680w, https:\/\/blancfestival.com\/wp-content\/uploads\/2021\/12\/0014tipo-g-by-blanc--250x143.jpg 250w, https:\/\/blancfestival.com\/wp-content\/uploads\/2021\/12\/0014tipo-g-by-blanc--120x69.jpg 120w\" sizes=\"auto, (max-width: 680px) 100vw, 680px\" \/><\/p>\n<p><img loading=\"lazy\" decoding=\"async\" width=\"680\" height=\"389\" class=\"alignnone size-large wp-image-7608\" src=\"https:\/\/blancfestival.com\/wp-content\/uploads\/2021\/12\/0016tipo-g-by-blanc-.jpg\" alt=\"\" srcset=\"https:\/\/blancfestival.com\/wp-content\/uploads\/2021\/12\/0016tipo-g-by-blanc-.jpg 680w, https:\/\/blancfestival.com\/wp-content\/uploads\/2021\/12\/0016tipo-g-by-blanc--250x143.jpg 250w, https:\/\/blancfestival.com\/wp-content\/uploads\/2021\/12\/0016tipo-g-by-blanc--120x69.jpg 120w\" sizes=\"auto, (max-width: 680px) 100vw, 680px\" \/><\/p>\n<p><img loading=\"lazy\" decoding=\"async\" width=\"680\" height=\"389\" class=\"alignnone size-large wp-image-7611\" src=\"https:\/\/blancfestival.com\/wp-content\/uploads\/2021\/12\/0017tipo-g-by-blanc-.jpg\" alt=\"\" srcset=\"https:\/\/blancfestival.com\/wp-content\/uploads\/2021\/12\/0017tipo-g-by-blanc-.jpg 680w, https:\/\/blancfestival.com\/wp-content\/uploads\/2021\/12\/0017tipo-g-by-blanc--250x143.jpg 250w, https:\/\/blancfestival.com\/wp-content\/uploads\/2021\/12\/0017tipo-g-by-blanc--120x69.jpg 120w\" sizes=\"auto, (max-width: 680px) 100vw, 680px\" \/><\/p>\n<p><img loading=\"lazy\" decoding=\"async\" width=\"680\" height=\"389\" class=\"alignnone size-large wp-image-7614\" src=\"https:\/\/blancfestival.com\/wp-content\/uploads\/2021\/12\/0007tipo-g-by-blanc-.jpg\" alt=\"\" srcset=\"https:\/\/blancfestival.com\/wp-content\/uploads\/2021\/12\/0007tipo-g-by-blanc-.jpg 680w, https:\/\/blancfestival.com\/wp-content\/uploads\/2021\/12\/0007tipo-g-by-blanc--250x143.jpg 250w, https:\/\/blancfestival.com\/wp-content\/uploads\/2021\/12\/0007tipo-g-by-blanc--120x69.jpg 120w\" sizes=\"auto, (max-width: 680px) 100vw, 680px\" \/><\/p>\n<p><img loading=\"lazy\" decoding=\"async\" width=\"680\" height=\"389\" class=\"alignnone size-large wp-image-7617\" src=\"https:\/\/blancfestival.com\/wp-content\/uploads\/2021\/12\/0010tipo-g-by-blanc-.jpg\" alt=\"\" srcset=\"https:\/\/blancfestival.com\/wp-content\/uploads\/2021\/12\/0010tipo-g-by-blanc-.jpg 680w, https:\/\/blancfestival.com\/wp-content\/uploads\/2021\/12\/0010tipo-g-by-blanc--250x143.jpg 250w, https:\/\/blancfestival.com\/wp-content\/uploads\/2021\/12\/0010tipo-g-by-blanc--120x69.jpg 120w\" sizes=\"auto, (max-width: 680px) 100vw, 680px\" \/><\/p>\n<p><img loading=\"lazy\" decoding=\"async\" width=\"680\" height=\"389\" class=\"alignnone size-large wp-image-7620\" src=\"https:\/\/blancfestival.com\/wp-content\/uploads\/2021\/12\/0012tipo-g-by-blanc-.jpg\" alt=\"\" srcset=\"https:\/\/blancfestival.com\/wp-content\/uploads\/2021\/12\/0012tipo-g-by-blanc-.jpg 680w, https:\/\/blancfestival.com\/wp-content\/uploads\/2021\/12\/0012tipo-g-by-blanc--250x143.jpg 250w, https:\/\/blancfestival.com\/wp-content\/uploads\/2021\/12\/0012tipo-g-by-blanc--120x69.jpg 120w\" sizes=\"auto, (max-width: 680px) 100vw, 680px\" \/><\/p>\n<p>&nbsp;<\/p>\n<p>M\u00e1s info en <a href=\"https:\/\/tipo-g.com\/\" target=\"_blank\" rel=\"nofollow noopener\">www.tipo-g.com<\/a><\/p>\n<p>&nbsp;<\/p>\n","protected":false},"excerpt":{"rendered":"Laura Meseguer, Quique L\u00f3pez, Oriol Mir\u00f3, Bogidar Mascare\u00f1as, Jordi Embodas, Ricard Garc\u00eda, Noe Blanco, Joancarles Casas\u00edn, Jes\u00fas Morentin (BunkerType), Chema Ribagorda, Carles Murillo&#8230; podr\u00edan ser el cartel de un hipot\u00e9tico encuentro sobre dise\u00f1o tipogr\u00e1fico, pero es mejor que eso. Forman parte de una de las mejores escuelas de dise\u00f1o de tipograf\u00eda, Tipo-g. Donde los alumnos&hellip;","protected":false},"author":3,"featured_media":7623,"comment_status":"open","ping_status":"open","sticky":false,"template":"","format":"standard","meta":{"_acf_changed":false,"footnotes":""},"categories":[3,1],"tags":[],"evento":[],"class_list":["post-7581","post","type-post","status-publish","format-standard","has-post-thumbnail","hentry","category-creatividad","category-diseno-grafico"],"acf":[],"yoast_head":"<!-- This site is optimized with the Yoast SEO plugin v23.7 - https:\/\/yoast.com\/wordpress\/plugins\/seo\/ -->\n<title>Tipo-g. La Escuela de Tipograf\u00eda de Barcelona\u2028<\/title>\n<meta name=\"description\" content=\"Un espacio donde aprender, experimentar y debatir sobre el dise\u00f1o tipogr\u00e1fico y su aplicaci\u00f3n en los diferentes entornos de la comunicaci\u00f3n contempor\u00e1nea.\" \/>\n<meta name=\"robots\" content=\"index, follow, max-snippet:-1, max-image-preview:large, max-video-preview:-1\" \/>\n<link rel=\"canonical\" href=\"https:\/\/blancfestival.com\/tipo-g-la-escuela-de-tipografia-de-barcelona\/\" \/>\n<meta property=\"og:locale\" content=\"ca_ES\" \/>\n<meta property=\"og:type\" content=\"article\" \/>\n<meta property=\"og:title\" content=\"Tipo-g. La Escuela de Tipograf\u00eda de Barcelona\u2028\" \/>\n<meta property=\"og:description\" content=\"Un espacio donde aprender, experimentar y debatir sobre el dise\u00f1o tipogr\u00e1fico y su aplicaci\u00f3n en los diferentes entornos de la comunicaci\u00f3n contempor\u00e1nea.\" \/>\n<meta property=\"og:url\" content=\"https:\/\/blancfestival.com\/tipo-g-la-escuela-de-tipografia-de-barcelona\/\" \/>\n<meta property=\"og:site_name\" content=\"Blanc!\" \/>\n<meta property=\"article:publisher\" content=\"https:\/\/www.facebook.com\/blanc.festivaldissenygrafic\/\" \/>\n<meta property=\"article:published_time\" content=\"2021-12-21T08:59:28+00:00\" \/>\n<meta property=\"article:modified_time\" content=\"2021-12-21T09:10:19+00:00\" \/>\n<meta property=\"og:image\" content=\"https:\/\/blancfestival.com\/wp-content\/uploads\/2021\/12\/MG_5498-1-scaled.jpg\" \/>\n\t<meta property=\"og:image:width\" content=\"2560\" \/>\n\t<meta property=\"og:image:height\" content=\"1707\" \/>\n\t<meta property=\"og:image:type\" content=\"image\/jpeg\" \/>\n<meta name=\"author\" content=\"Redacci\u00f3n Blanc!\" \/>\n<meta name=\"twitter:card\" content=\"summary_large_image\" \/>\n<meta name=\"twitter:creator\" content=\"@blancfest\" \/>\n<meta name=\"twitter:site\" content=\"@blancfest\" \/>\n<meta name=\"twitter:label1\" content=\"Written by\" \/>\n\t<meta name=\"twitter:data1\" content=\"Redacci\u00f3n Blanc!\" \/>\n\t<meta name=\"twitter:label2\" content=\"Est. reading time\" \/>\n\t<meta name=\"twitter:data2\" content=\"8 minutes\" \/>\n<script type=\"application\/ld+json\" class=\"yoast-schema-graph\">{\"@context\":\"https:\/\/schema.org\",\"@graph\":[{\"@type\":\"Article\",\"@id\":\"https:\/\/blancfestival.com\/tipo-g-la-escuela-de-tipografia-de-barcelona\/#article\",\"isPartOf\":{\"@id\":\"https:\/\/blancfestival.com\/tipo-g-la-escuela-de-tipografia-de-barcelona\/\"},\"author\":{\"name\":\"Redacci\u00f3n Blanc!\",\"@id\":\"https:\/\/blancfestival.com\/#\/schema\/person\/1c1365d1e51e5730cf3f5fadb8670c06\"},\"headline\":\"Tipo-g. La Escuela de Tipograf\u00eda de Barcelona\\u2028\",\"datePublished\":\"2021-12-21T08:59:28+00:00\",\"dateModified\":\"2021-12-21T09:10:19+00:00\",\"mainEntityOfPage\":{\"@id\":\"https:\/\/blancfestival.com\/tipo-g-la-escuela-de-tipografia-de-barcelona\/\"},\"wordCount\":1563,\"commentCount\":0,\"publisher\":{\"@id\":\"https:\/\/blancfestival.com\/#organization\"},\"image\":{\"@id\":\"https:\/\/blancfestival.com\/tipo-g-la-escuela-de-tipografia-de-barcelona\/#primaryimage\"},\"thumbnailUrl\":\"https:\/\/blancfestival.com\/wp-content\/uploads\/2021\/12\/MG_5498-1-scaled.jpg\",\"articleSection\":[\"Creatividad\",\"Dise\u00f1o Gr\u00e1fico\"],\"inLanguage\":\"ca\",\"potentialAction\":[{\"@type\":\"CommentAction\",\"name\":\"Comment\",\"target\":[\"https:\/\/blancfestival.com\/tipo-g-la-escuela-de-tipografia-de-barcelona\/#respond\"]}]},{\"@type\":\"WebPage\",\"@id\":\"https:\/\/blancfestival.com\/tipo-g-la-escuela-de-tipografia-de-barcelona\/\",\"url\":\"https:\/\/blancfestival.com\/tipo-g-la-escuela-de-tipografia-de-barcelona\/\",\"name\":\"Tipo-g. La Escuela de Tipograf\u00eda de Barcelona\\u2028\",\"isPartOf\":{\"@id\":\"https:\/\/blancfestival.com\/#website\"},\"primaryImageOfPage\":{\"@id\":\"https:\/\/blancfestival.com\/tipo-g-la-escuela-de-tipografia-de-barcelona\/#primaryimage\"},\"image\":{\"@id\":\"https:\/\/blancfestival.com\/tipo-g-la-escuela-de-tipografia-de-barcelona\/#primaryimage\"},\"thumbnailUrl\":\"https:\/\/blancfestival.com\/wp-content\/uploads\/2021\/12\/MG_5498-1-scaled.jpg\",\"datePublished\":\"2021-12-21T08:59:28+00:00\",\"dateModified\":\"2021-12-21T09:10:19+00:00\",\"description\":\"Un espacio donde aprender, experimentar y debatir sobre el dise\u00f1o tipogr\u00e1fico y su aplicaci\u00f3n en los diferentes entornos de la comunicaci\u00f3n contempor\u00e1nea.\",\"breadcrumb\":{\"@id\":\"https:\/\/blancfestival.com\/tipo-g-la-escuela-de-tipografia-de-barcelona\/#breadcrumb\"},\"inLanguage\":\"ca\",\"potentialAction\":[{\"@type\":\"ReadAction\",\"target\":[\"https:\/\/blancfestival.com\/tipo-g-la-escuela-de-tipografia-de-barcelona\/\"]}]},{\"@type\":\"ImageObject\",\"inLanguage\":\"ca\",\"@id\":\"https:\/\/blancfestival.com\/tipo-g-la-escuela-de-tipografia-de-barcelona\/#primaryimage\",\"url\":\"https:\/\/blancfestival.com\/wp-content\/uploads\/2021\/12\/MG_5498-1-scaled.jpg\",\"contentUrl\":\"https:\/\/blancfestival.com\/wp-content\/uploads\/2021\/12\/MG_5498-1-scaled.jpg\",\"width\":2560,\"height\":1707},{\"@type\":\"BreadcrumbList\",\"@id\":\"https:\/\/blancfestival.com\/tipo-g-la-escuela-de-tipografia-de-barcelona\/#breadcrumb\",\"itemListElement\":[{\"@type\":\"ListItem\",\"position\":1,\"name\":\"Portada\",\"item\":\"https:\/\/blancfestival.com\/ca\/\"},{\"@type\":\"ListItem\",\"position\":2,\"name\":\"Tipo-g. La Escuela de Tipograf\u00eda de Barcelona\\u2028\"}]},{\"@type\":\"WebSite\",\"@id\":\"https:\/\/blancfestival.com\/#website\",\"url\":\"https:\/\/blancfestival.com\/\",\"name\":\"Blanc! Festival\",\"description\":\"Disseny, Creativitat i Innovaci\u00f3\",\"publisher\":{\"@id\":\"https:\/\/blancfestival.com\/#organization\"},\"potentialAction\":[{\"@type\":\"SearchAction\",\"target\":{\"@type\":\"EntryPoint\",\"urlTemplate\":\"https:\/\/blancfestival.com\/?s={search_term_string}\"},\"query-input\":{\"@type\":\"PropertyValueSpecification\",\"valueRequired\":true,\"valueName\":\"search_term_string\"}}],\"inLanguage\":\"ca\"},{\"@type\":\"Organization\",\"@id\":\"https:\/\/blancfestival.com\/#organization\",\"name\":\"Blanc! Festival de Dise\u00f1o, Creatividad e Innovaci\u00f3n\",\"url\":\"https:\/\/blancfestival.com\/\",\"logo\":{\"@type\":\"ImageObject\",\"inLanguage\":\"ca\",\"@id\":\"https:\/\/blancfestival.com\/#\/schema\/logo\/image\/\",\"url\":\"https:\/\/blancfestival.com\/wp-content\/uploads\/2025\/01\/logo_icono_blanc.jpg\",\"contentUrl\":\"https:\/\/blancfestival.com\/wp-content\/uploads\/2025\/01\/logo_icono_blanc.jpg\",\"width\":2000,\"height\":2000,\"caption\":\"Blanc! Festival de Dise\u00f1o, Creatividad e Innovaci\u00f3n\"},\"image\":{\"@id\":\"https:\/\/blancfestival.com\/#\/schema\/logo\/image\/\"},\"sameAs\":[\"https:\/\/www.facebook.com\/blanc.festivaldissenygrafic\/\",\"https:\/\/x.com\/blancfest\",\"https:\/\/www.instagram.com\/blancfest\/\",\"https:\/\/www.linkedin.com\/company\/blanc-festival\",\"https:\/\/www.pinterest.com\/blancfest\/\",\"https:\/\/www.youtube.com\/channel\/UCM-IjxOFb5gQg4yPgmze3Gg\"]},{\"@type\":\"Person\",\"@id\":\"https:\/\/blancfestival.com\/#\/schema\/person\/1c1365d1e51e5730cf3f5fadb8670c06\",\"name\":\"Redacci\u00f3n Blanc!\",\"image\":{\"@type\":\"ImageObject\",\"inLanguage\":\"ca\",\"@id\":\"https:\/\/blancfestival.com\/#\/schema\/person\/image\/\",\"url\":\"https:\/\/blancfestival.com\/wp-content\/uploads\/2020\/02\/ico-120x120.png\",\"contentUrl\":\"https:\/\/blancfestival.com\/wp-content\/uploads\/2020\/02\/ico-120x120.png\",\"caption\":\"Redacci\u00f3n Blanc!\"},\"description\":\"\u201cNo trates de doblar la cuchara. Es imposible. En lugar de hacerlo, solo intenta darte cuenta de la verdad\u2026 No hay cuchara. Entonces, ver\u00e1s que no es la cuchara lo que se dobla, te doblas t\u00fa\u201d\"}]}<\/script>\n<!-- \/ Yoast SEO plugin. -->","yoast_head_json":{"title":"Tipo-g. La Escuela de Tipograf\u00eda de Barcelona\u2028","description":"Un espacio donde aprender, experimentar y debatir sobre el dise\u00f1o tipogr\u00e1fico y su aplicaci\u00f3n en los diferentes entornos de la comunicaci\u00f3n contempor\u00e1nea.","robots":{"index":"index","follow":"follow","max-snippet":"max-snippet:-1","max-image-preview":"max-image-preview:large","max-video-preview":"max-video-preview:-1"},"canonical":"https:\/\/blancfestival.com\/tipo-g-la-escuela-de-tipografia-de-barcelona\/","og_locale":"ca_ES","og_type":"article","og_title":"Tipo-g. La Escuela de Tipograf\u00eda de Barcelona\u2028","og_description":"Un espacio donde aprender, experimentar y debatir sobre el dise\u00f1o tipogr\u00e1fico y su aplicaci\u00f3n en los diferentes entornos de la comunicaci\u00f3n contempor\u00e1nea.","og_url":"https:\/\/blancfestival.com\/tipo-g-la-escuela-de-tipografia-de-barcelona\/","og_site_name":"Blanc!","article_publisher":"https:\/\/www.facebook.com\/blanc.festivaldissenygrafic\/","article_published_time":"2021-12-21T08:59:28+00:00","article_modified_time":"2021-12-21T09:10:19+00:00","og_image":[{"width":2560,"height":1707,"url":"https:\/\/blancfestival.com\/wp-content\/uploads\/2021\/12\/MG_5498-1-scaled.jpg","type":"image\/jpeg"}],"author":"Redacci\u00f3n Blanc!","twitter_card":"summary_large_image","twitter_creator":"@blancfest","twitter_site":"@blancfest","twitter_misc":{"Written by":"Redacci\u00f3n Blanc!","Est. reading time":"8 minutes"},"schema":{"@context":"https:\/\/schema.org","@graph":[{"@type":"Article","@id":"https:\/\/blancfestival.com\/tipo-g-la-escuela-de-tipografia-de-barcelona\/#article","isPartOf":{"@id":"https:\/\/blancfestival.com\/tipo-g-la-escuela-de-tipografia-de-barcelona\/"},"author":{"name":"Redacci\u00f3n Blanc!","@id":"https:\/\/blancfestival.com\/#\/schema\/person\/1c1365d1e51e5730cf3f5fadb8670c06"},"headline":"Tipo-g. La Escuela de Tipograf\u00eda de Barcelona\u2028","datePublished":"2021-12-21T08:59:28+00:00","dateModified":"2021-12-21T09:10:19+00:00","mainEntityOfPage":{"@id":"https:\/\/blancfestival.com\/tipo-g-la-escuela-de-tipografia-de-barcelona\/"},"wordCount":1563,"commentCount":0,"publisher":{"@id":"https:\/\/blancfestival.com\/#organization"},"image":{"@id":"https:\/\/blancfestival.com\/tipo-g-la-escuela-de-tipografia-de-barcelona\/#primaryimage"},"thumbnailUrl":"https:\/\/blancfestival.com\/wp-content\/uploads\/2021\/12\/MG_5498-1-scaled.jpg","articleSection":["Creatividad","Dise\u00f1o Gr\u00e1fico"],"inLanguage":"ca","potentialAction":[{"@type":"CommentAction","name":"Comment","target":["https:\/\/blancfestival.com\/tipo-g-la-escuela-de-tipografia-de-barcelona\/#respond"]}]},{"@type":"WebPage","@id":"https:\/\/blancfestival.com\/tipo-g-la-escuela-de-tipografia-de-barcelona\/","url":"https:\/\/blancfestival.com\/tipo-g-la-escuela-de-tipografia-de-barcelona\/","name":"Tipo-g. La Escuela de Tipograf\u00eda de Barcelona\u2028","isPartOf":{"@id":"https:\/\/blancfestival.com\/#website"},"primaryImageOfPage":{"@id":"https:\/\/blancfestival.com\/tipo-g-la-escuela-de-tipografia-de-barcelona\/#primaryimage"},"image":{"@id":"https:\/\/blancfestival.com\/tipo-g-la-escuela-de-tipografia-de-barcelona\/#primaryimage"},"thumbnailUrl":"https:\/\/blancfestival.com\/wp-content\/uploads\/2021\/12\/MG_5498-1-scaled.jpg","datePublished":"2021-12-21T08:59:28+00:00","dateModified":"2021-12-21T09:10:19+00:00","description":"Un espacio donde aprender, experimentar y debatir sobre el dise\u00f1o tipogr\u00e1fico y su aplicaci\u00f3n en los diferentes entornos de la comunicaci\u00f3n contempor\u00e1nea.","breadcrumb":{"@id":"https:\/\/blancfestival.com\/tipo-g-la-escuela-de-tipografia-de-barcelona\/#breadcrumb"},"inLanguage":"ca","potentialAction":[{"@type":"ReadAction","target":["https:\/\/blancfestival.com\/tipo-g-la-escuela-de-tipografia-de-barcelona\/"]}]},{"@type":"ImageObject","inLanguage":"ca","@id":"https:\/\/blancfestival.com\/tipo-g-la-escuela-de-tipografia-de-barcelona\/#primaryimage","url":"https:\/\/blancfestival.com\/wp-content\/uploads\/2021\/12\/MG_5498-1-scaled.jpg","contentUrl":"https:\/\/blancfestival.com\/wp-content\/uploads\/2021\/12\/MG_5498-1-scaled.jpg","width":2560,"height":1707},{"@type":"BreadcrumbList","@id":"https:\/\/blancfestival.com\/tipo-g-la-escuela-de-tipografia-de-barcelona\/#breadcrumb","itemListElement":[{"@type":"ListItem","position":1,"name":"Portada","item":"https:\/\/blancfestival.com\/ca\/"},{"@type":"ListItem","position":2,"name":"Tipo-g. La Escuela de Tipograf\u00eda de Barcelona\u2028"}]},{"@type":"WebSite","@id":"https:\/\/blancfestival.com\/#website","url":"https:\/\/blancfestival.com\/","name":"Blanc! Festival","description":"Disseny, Creativitat i Innovaci\u00f3","publisher":{"@id":"https:\/\/blancfestival.com\/#organization"},"potentialAction":[{"@type":"SearchAction","target":{"@type":"EntryPoint","urlTemplate":"https:\/\/blancfestival.com\/?s={search_term_string}"},"query-input":{"@type":"PropertyValueSpecification","valueRequired":true,"valueName":"search_term_string"}}],"inLanguage":"ca"},{"@type":"Organization","@id":"https:\/\/blancfestival.com\/#organization","name":"Blanc! Festival de Dise\u00f1o, Creatividad e Innovaci\u00f3n","url":"https:\/\/blancfestival.com\/","logo":{"@type":"ImageObject","inLanguage":"ca","@id":"https:\/\/blancfestival.com\/#\/schema\/logo\/image\/","url":"https:\/\/blancfestival.com\/wp-content\/uploads\/2025\/01\/logo_icono_blanc.jpg","contentUrl":"https:\/\/blancfestival.com\/wp-content\/uploads\/2025\/01\/logo_icono_blanc.jpg","width":2000,"height":2000,"caption":"Blanc! Festival de Dise\u00f1o, Creatividad e Innovaci\u00f3n"},"image":{"@id":"https:\/\/blancfestival.com\/#\/schema\/logo\/image\/"},"sameAs":["https:\/\/www.facebook.com\/blanc.festivaldissenygrafic\/","https:\/\/x.com\/blancfest","https:\/\/www.instagram.com\/blancfest\/","https:\/\/www.linkedin.com\/company\/blanc-festival","https:\/\/www.pinterest.com\/blancfest\/","https:\/\/www.youtube.com\/channel\/UCM-IjxOFb5gQg4yPgmze3Gg"]},{"@type":"Person","@id":"https:\/\/blancfestival.com\/#\/schema\/person\/1c1365d1e51e5730cf3f5fadb8670c06","name":"Redacci\u00f3n Blanc!","image":{"@type":"ImageObject","inLanguage":"ca","@id":"https:\/\/blancfestival.com\/#\/schema\/person\/image\/","url":"https:\/\/blancfestival.com\/wp-content\/uploads\/2020\/02\/ico-120x120.png","contentUrl":"https:\/\/blancfestival.com\/wp-content\/uploads\/2020\/02\/ico-120x120.png","caption":"Redacci\u00f3n Blanc!"},"description":"\u201cNo trates de doblar la cuchara. Es imposible. En lugar de hacerlo, solo intenta darte cuenta de la verdad\u2026 No hay cuchara. Entonces, ver\u00e1s que no es la cuchara lo que se dobla, te doblas t\u00fa\u201d"}]}},"_links":{"self":[{"href":"https:\/\/blancfestival.com\/ca\/wp-json\/wp\/v2\/posts\/7581","targetHints":{"allow":["GET"]}}],"collection":[{"href":"https:\/\/blancfestival.com\/ca\/wp-json\/wp\/v2\/posts"}],"about":[{"href":"https:\/\/blancfestival.com\/ca\/wp-json\/wp\/v2\/types\/post"}],"author":[{"embeddable":true,"href":"https:\/\/blancfestival.com\/ca\/wp-json\/wp\/v2\/users\/3"}],"replies":[{"embeddable":true,"href":"https:\/\/blancfestival.com\/ca\/wp-json\/wp\/v2\/comments?post=7581"}],"version-history":[{"count":10,"href":"https:\/\/blancfestival.com\/ca\/wp-json\/wp\/v2\/posts\/7581\/revisions"}],"predecessor-version":[{"id":7633,"href":"https:\/\/blancfestival.com\/ca\/wp-json\/wp\/v2\/posts\/7581\/revisions\/7633"}],"wp:featuredmedia":[{"embeddable":true,"href":"https:\/\/blancfestival.com\/ca\/wp-json\/wp\/v2\/media\/7623"}],"wp:attachment":[{"href":"https:\/\/blancfestival.com\/ca\/wp-json\/wp\/v2\/media?parent=7581"}],"wp:term":[{"taxonomy":"category","embeddable":true,"href":"https:\/\/blancfestival.com\/ca\/wp-json\/wp\/v2\/categories?post=7581"},{"taxonomy":"post_tag","embeddable":true,"href":"https:\/\/blancfestival.com\/ca\/wp-json\/wp\/v2\/tags?post=7581"},{"taxonomy":"evento","embeddable":true,"href":"https:\/\/blancfestival.com\/ca\/wp-json\/wp\/v2\/evento?post=7581"}],"curies":[{"name":"wp","href":"https:\/\/api.w.org\/{rel}","templated":true}]}}