{"id":1125,"date":"2020-03-10T22:00:45","date_gmt":"2020-03-10T22:00:45","guid":{"rendered":"https:\/\/blancfestival.com\/?p=1125"},"modified":"2020-03-18T05:42:38","modified_gmt":"2020-03-18T05:42:38","slug":"diseno-y-mente-neurociencia-cognitiva","status":"publish","type":"post","link":"https:\/\/blancfestival.com\/en\/diseno-y-mente-neurociencia-cognitiva\/","title":{"rendered":"Dise\u00f1o y mente"},"content":{"rendered":"<p>Conocer c\u00f3mo funciona la mente es importante para crear un buen dise\u00f1o. Si eres dise\u00f1ador o dise\u00f1adora gr\u00e1fica, todos los \u00faltimos avances que nos aportan las <a href=\"https:\/\/es.wikipedia.org\/wiki\/Neurociencia_cognitiva\" target=\"_blank\" rel=\"noopener noreferrer\">neurociencias cognitivas<\/a> te van a ser de gran utilidad (LaBar &amp; Cabeza, 2006).<\/p>\n<p>Saber c\u00f3mo percibe nuestro cerebro las im\u00e1genes, c\u00f3mo funciona la memoria emocional o qu\u00e9 factores o sentimientos influyen m\u00e1s a la hora de tomar decisiones es una ventaja para crear tus dise\u00f1os. En este post te vamos a introducir en algunas de las relaciones entre mente y dise\u00f1o, y te daremos algunas claves para mejorar uniendo dise\u00f1o y neurociencia.<\/p>\n<p>&nbsp;<\/p>\n<h2>Dise\u00f1o y Neurociencia Cognitiva<\/h2>\n<p>Ante todo, es importante conocer a qu\u00e9 nos referimos cuando hablamos de neurociencia. La neurociencia es un concepto que define un \u00e1rea del trabajo cient\u00edfico que pretende conocer el funcionamiento del cerebro, y c\u00f3mo ayuda a regular todos los sistemas del organismo. En particular, la neurociencia cognitiva es un campo m\u00e1s espec\u00edfico que se orienta a comprender co\u0301mo conocemos el mundo. (P\u00e9rez, Mart\u00ednez, &amp; Gonz\u00e1lez, 2016).<\/p>\n<p>La neurociencia abre nuevas posibilidades para conocer y comprender mejor la naturaleza de la cognici\u00f3n y la conducta humana. Por tanto, conocer y comprender mejor al p\u00fablico al que llegamos puede influir en c\u00f3mo interactuamos con ellos, nos ayuda a saber la importancia de c\u00f3mo comprendemos el mundo y de los elementos que pueden afectar a las emociones y al comportamiento.<\/p>\n<p>&nbsp;<\/p>\n<h2>Dise\u00f1ar es Comunicar<\/h2>\n<p>Los seres humanos son seres sociales por naturaleza; han evolucionado y sobrevivido gracias a su capacidad de comunicarse y cooperar entre ellos. Varios estudios han observado que, cuando las personas interact\u00faan, el cerebro libera ciertas mol\u00e9culas neuro-moduladoras como la oxitocina o las endorfinas, favorecedoras del aprendizaje y la consolidaci\u00f3n de la memoria (Guastella et al.2008; Meyer-Lindenberg et al.2011; Wirth, 2015).<\/p>\n<p>Por tanto, la comunicaci\u00f3n favorece al desarrollo de las relaciones m\u00e1s constructivas con los elementos del entorno, y nos permite poder transmitir un mensaje de manera clara y efectiva y que llegue mejor al p\u00fablico. Por lo tanto, deberemos tener las habilidades comunicativas que nos permitan expresar nuestras ideas y hac\u00e9rselas entender al p\u00fablico, comprendiendo y siendo conscientes de la cognici\u00f3n y la conducta humana.<\/p>\n<div id=\"attachment_1126\" style=\"width: 710px\" class=\"wp-caption aligncenter\"><img loading=\"lazy\" decoding=\"async\" aria-describedby=\"caption-attachment-1126\" class=\"wp-image-1126 size-large\" src=\"https:\/\/blancfestival.com\/wp-content\/uploads\/2020\/02\/Disen\u0303oymente_silvanasohu_blanc-700x502.png\" alt=\"ilustraci\u00f3n dise\u00f1o y mente por silvanashu\" width=\"700\" height=\"502\" srcset=\"https:\/\/blancfestival.com\/wp-content\/uploads\/2020\/02\/Disen\u0303oymente_silvanasohu_blanc-700x502.png 700w, https:\/\/blancfestival.com\/wp-content\/uploads\/2020\/02\/Disen\u0303oymente_silvanasohu_blanc-250x179.png 250w, https:\/\/blancfestival.com\/wp-content\/uploads\/2020\/02\/Disen\u0303oymente_silvanasohu_blanc-768x551.png 768w, https:\/\/blancfestival.com\/wp-content\/uploads\/2020\/02\/Disen\u0303oymente_silvanasohu_blanc-1536x1102.png 1536w, https:\/\/blancfestival.com\/wp-content\/uploads\/2020\/02\/Disen\u0303oymente_silvanasohu_blanc-2048x1469.png 2048w, https:\/\/blancfestival.com\/wp-content\/uploads\/2020\/02\/Disen\u0303oymente_silvanasohu_blanc-120x86.png 120w\" sizes=\"auto, (max-width: 700px) 100vw, 700px\" \/><p id=\"caption-attachment-1126\" class=\"wp-caption-text\">Ilustraci\u00f3n de Silvana Sohu<\/p><\/div>\n<p>&nbsp;<\/p>\n<h2>La Mente es Emp\u00e1tica<\/h2>\n<p>Vinculado con este elemento encontramos el sentimiento de empat\u00eda, y la importancia de conectar con las personas. La empat\u00eda es la capacidad para interpretar, experimentar y representar mentalmente los estados emocionales de los dem\u00e1s (Tresserra, &amp; Calvo-Sotelo, 2018). Si comprendemos a la persona o grupo de personas con las que trabajamos ser\u00e1 m\u00e1s f\u00e1cil llegar a ellas y en consecuencia, que llegue el mensaje que queremos transmitir.<\/p>\n<p>&nbsp;<\/p>\n<h2>Percepci\u00f3n, Colores y Emociones<\/h2>\n<p>Otro ejemplo de elemento significativo que puede afectar a las emociones y al comportamiento es el color. Diversos estudios se han ocupado del impacto mental del color, entre los que destaca el de Heller (2004).<\/p>\n<p>Espacios con colores fr\u00edos (azul y verde) se relacionan con un mayor bienestar y una mayor sensaci\u00f3n subjetiva de atenci\u00f3n que espacios con colores calientes (rojo y naranja) (Gaines y Curry, 2011).<\/p>\n<p>Los tonos c\u00e1lidos (rojos, ocres y derivados) se asocian m\u00e1s a respuestas de excitaci\u00f3n y motivaci\u00f3n, mientras que los fr\u00edos (azules, verdes y similares) se vinculan a la calma y el reposo mental.<\/p>\n<p>En conclusi\u00f3n, los nuevos avances en la ciencia del cerebro nos abren puertas a los <a href=\"https:\/\/blancfestival.com\/diseno\/jovenes-disenadores\/\" target=\"_blank\" rel=\"noopener noreferrer\">j\u00f3venes dise\u00f1adores<\/a> para entender mejor c\u00f3mo procesa el cerebro las entradas sensoriales, c\u00f3mo se regulan los procesos de toma de decisiones y c\u00f3mo influir en ellos. Actualmente, ya existen herramientas que nos permiten conocer el impacto emocional de un dise\u00f1o en la mente. En el pr\u00f3ximo post hablaremos de algunas de estas herramientas y profundizaremos un poco m\u00e1s en la relaci\u00f3n entre la neurociencia cognitiva, el dise\u00f1o y la creatividad.<\/p>\n<p>&nbsp;<\/p>\n<hr \/>\n<p>&nbsp;<\/p>\n<p>REFERENCIAS<\/p>\n<p>Gaines, K. S., &amp; Curry, Z. D. (2011). The inclusive classroom: The effects of color on learning and behavior. Journal of Family and Consumer Sciences Education, 29(1):46-57.<\/p>\n<p>Guastella, A. J., Mitchell, P. B., &amp; Mathews, F. (2008). Oxytocin enhances the encoding of positive social memories in humans. Biological Psychiatry, 64(3), 256-258.<\/p>\n<p>Heller, E. (2004). Psicolog\u00eda del color. C\u00f3mo act\u00faan los colores sobre los sentimientos y la raz\u00f3n. Barcelona: Gustavo Gili.<\/p>\n<p>Meyer-Lindenberg, A., Domes, G., Kirsch, P., &amp; Heinrichs, M. (2011). Oxytocin and vasopressin in the human brain: social neuropeptides for translational medicine. Nature Reviews Neuroscience, 12, 524-538<\/p>\n<p>P\u00e9rez, M. P., Mart\u00ednez, S. L. P., &amp; Gonz\u00e1lez, M. \u00c1. \u00c1. (2016). \u00bfC\u00f3mo el dise\u00f1o puede utilizar las neurociencias?\u00a0Arquitectura y Urbanismo,\u00a037(2), 83-87.<\/p>\n<p>Tresserra, M. P., &amp; Calvo-Sotelo, P. C. (2018). Arquitectura, neurociencia y educaci\u00f3n.\u00a0Revista Latinoamericana de Pol\u00edticas y Administraci\u00f3n de la Educaci\u00f3n, (9), 149-165.<\/p>\n<p>Wirth, M. M. (2015). Hormones, stress, and cognition: The effects of glucocorticoids and oxytocin on memory. Adaptive Human Behavior and Physiology, 1(2), 177-201<\/p>\n","protected":false},"excerpt":{"rendered":"Conocer c\u00f3mo funciona la mente es importante para crear un buen dise\u00f1o. Si eres dise\u00f1ador o dise\u00f1adora gr\u00e1fica, todos los \u00faltimos avances que nos aportan las neurociencias cognitivas te van a ser de gran utilidad (LaBar &amp; Cabeza, 2006). Saber c\u00f3mo percibe nuestro cerebro las im\u00e1genes, c\u00f3mo funciona la memoria emocional o qu\u00e9 factores o&hellip;","protected":false},"author":3,"featured_media":1126,"comment_status":"open","ping_status":"open","sticky":false,"template":"","format":"standard","meta":{"_acf_changed":false,"footnotes":""},"categories":[2],"tags":[63,64,65,60],"evento":[],"class_list":["post-1125","post","type-post","status-publish","format-standard","has-post-thumbnail","hentry","category-diseno","tag-neurciencia","tag-mente","tag-cerebro","tag-diseno"],"acf":[],"yoast_head":"<!-- This site is optimized with the Yoast SEO plugin v23.7 - https:\/\/yoast.com\/wordpress\/plugins\/seo\/ -->\n<title>Dise\u00f1o y mente - Dise\u00f1o y neurociencia cognitiva - Blanc!<\/title>\n<meta name=\"description\" content=\"Dise\u00f1o y neurociencia. Si eres dise\u00f1ador o dise\u00f1adora, todos los \u00faltimos avances que nos aportan las neurociencias cognitivas te van a ser de gran utilidad.\" \/>\n<meta name=\"robots\" content=\"index, follow, max-snippet:-1, max-image-preview:large, max-video-preview:-1\" \/>\n<link rel=\"canonical\" href=\"https:\/\/blancfestival.com\/diseno-y-mente-neurociencia-cognitiva\/\" \/>\n<meta property=\"og:locale\" content=\"en_US\" \/>\n<meta property=\"og:type\" content=\"article\" \/>\n<meta property=\"og:title\" content=\"Dise\u00f1o y mente - Dise\u00f1o y neurociencia cognitiva - Blanc!\" \/>\n<meta property=\"og:description\" content=\"Dise\u00f1o y neurociencia. Si eres dise\u00f1ador o dise\u00f1adora, todos los \u00faltimos avances que nos aportan las neurociencias cognitivas te van a ser de gran utilidad.\" \/>\n<meta property=\"og:url\" content=\"https:\/\/blancfestival.com\/diseno-y-mente-neurociencia-cognitiva\/\" \/>\n<meta property=\"og:site_name\" content=\"Blanc!\" \/>\n<meta property=\"article:publisher\" content=\"https:\/\/www.facebook.com\/blanc.festivaldissenygrafic\/\" \/>\n<meta property=\"article:published_time\" content=\"2020-03-10T22:00:45+00:00\" \/>\n<meta property=\"article:modified_time\" content=\"2020-03-18T05:42:38+00:00\" \/>\n<meta property=\"og:image\" content=\"https:\/\/blancfestival.com\/wp-content\/uploads\/2020\/02\/Disen\u0303oymente_silvanasohu_blanc.png\" \/>\n\t<meta property=\"og:image:width\" content=\"3161\" \/>\n\t<meta property=\"og:image:height\" content=\"2268\" \/>\n\t<meta property=\"og:image:type\" content=\"image\/png\" \/>\n<meta name=\"author\" content=\"Redacci\u00f3n Blanc!\" \/>\n<meta name=\"twitter:card\" content=\"summary_large_image\" \/>\n<meta name=\"twitter:creator\" content=\"@blancfest\" \/>\n<meta name=\"twitter:site\" content=\"@blancfest\" \/>\n<meta name=\"twitter:label1\" content=\"Written by\" \/>\n\t<meta name=\"twitter:data1\" content=\"Redacci\u00f3n Blanc!\" \/>\n\t<meta name=\"twitter:label2\" content=\"Est. reading time\" \/>\n\t<meta name=\"twitter:data2\" content=\"4 minutes\" \/>\n<script type=\"application\/ld+json\" class=\"yoast-schema-graph\">{\"@context\":\"https:\/\/schema.org\",\"@graph\":[{\"@type\":\"Article\",\"@id\":\"https:\/\/blancfestival.com\/diseno-y-mente-neurociencia-cognitiva\/#article\",\"isPartOf\":{\"@id\":\"https:\/\/blancfestival.com\/diseno-y-mente-neurociencia-cognitiva\/\"},\"author\":{\"name\":\"Redacci\u00f3n Blanc!\",\"@id\":\"https:\/\/blancfestival.com\/#\/schema\/person\/1c1365d1e51e5730cf3f5fadb8670c06\"},\"headline\":\"Dise\u00f1o y mente\",\"datePublished\":\"2020-03-10T22:00:45+00:00\",\"dateModified\":\"2020-03-18T05:42:38+00:00\",\"mainEntityOfPage\":{\"@id\":\"https:\/\/blancfestival.com\/diseno-y-mente-neurociencia-cognitiva\/\"},\"wordCount\":862,\"commentCount\":0,\"publisher\":{\"@id\":\"https:\/\/blancfestival.com\/#organization\"},\"image\":{\"@id\":\"https:\/\/blancfestival.com\/diseno-y-mente-neurociencia-cognitiva\/#primaryimage\"},\"thumbnailUrl\":\"https:\/\/blancfestival.com\/wp-content\/uploads\/2020\/02\/Disen\u0303oymente_silvanasohu_blanc.png\",\"keywords\":[\"neurciencia\",\"mente\",\"cerebro\",\"dise\u00f1o\"],\"articleSection\":[\"Dise\u00f1o\"],\"inLanguage\":\"en-US\",\"potentialAction\":[{\"@type\":\"CommentAction\",\"name\":\"Comment\",\"target\":[\"https:\/\/blancfestival.com\/diseno-y-mente-neurociencia-cognitiva\/#respond\"]}]},{\"@type\":\"WebPage\",\"@id\":\"https:\/\/blancfestival.com\/diseno-y-mente-neurociencia-cognitiva\/\",\"url\":\"https:\/\/blancfestival.com\/diseno-y-mente-neurociencia-cognitiva\/\",\"name\":\"Dise\u00f1o y mente - Dise\u00f1o y neurociencia cognitiva - Blanc!\",\"isPartOf\":{\"@id\":\"https:\/\/blancfestival.com\/#website\"},\"primaryImageOfPage\":{\"@id\":\"https:\/\/blancfestival.com\/diseno-y-mente-neurociencia-cognitiva\/#primaryimage\"},\"image\":{\"@id\":\"https:\/\/blancfestival.com\/diseno-y-mente-neurociencia-cognitiva\/#primaryimage\"},\"thumbnailUrl\":\"https:\/\/blancfestival.com\/wp-content\/uploads\/2020\/02\/Disen\u0303oymente_silvanasohu_blanc.png\",\"datePublished\":\"2020-03-10T22:00:45+00:00\",\"dateModified\":\"2020-03-18T05:42:38+00:00\",\"description\":\"Dise\u00f1o y neurociencia. Si eres dise\u00f1ador o dise\u00f1adora, todos los \u00faltimos avances que nos aportan las neurociencias cognitivas te van a ser de gran utilidad.\",\"breadcrumb\":{\"@id\":\"https:\/\/blancfestival.com\/diseno-y-mente-neurociencia-cognitiva\/#breadcrumb\"},\"inLanguage\":\"en-US\",\"potentialAction\":[{\"@type\":\"ReadAction\",\"target\":[\"https:\/\/blancfestival.com\/diseno-y-mente-neurociencia-cognitiva\/\"]}]},{\"@type\":\"ImageObject\",\"inLanguage\":\"en-US\",\"@id\":\"https:\/\/blancfestival.com\/diseno-y-mente-neurociencia-cognitiva\/#primaryimage\",\"url\":\"https:\/\/blancfestival.com\/wp-content\/uploads\/2020\/02\/Disen\u0303oymente_silvanasohu_blanc.png\",\"contentUrl\":\"https:\/\/blancfestival.com\/wp-content\/uploads\/2020\/02\/Disen\u0303oymente_silvanasohu_blanc.png\",\"width\":3161,\"height\":2268,\"caption\":\"ilustraci\u00f3n dise\u00f1o y mente por silvanashu\"},{\"@type\":\"BreadcrumbList\",\"@id\":\"https:\/\/blancfestival.com\/diseno-y-mente-neurociencia-cognitiva\/#breadcrumb\",\"itemListElement\":[{\"@type\":\"ListItem\",\"position\":1,\"name\":\"Portada\",\"item\":\"https:\/\/blancfestival.com\/en\/\"},{\"@type\":\"ListItem\",\"position\":2,\"name\":\"Dise\u00f1o y mente\"}]},{\"@type\":\"WebSite\",\"@id\":\"https:\/\/blancfestival.com\/#website\",\"url\":\"https:\/\/blancfestival.com\/\",\"name\":\"Blanc! Festival\",\"description\":\"Dise\u00f1o, Creatividad e Innovaci\u00f3n\",\"publisher\":{\"@id\":\"https:\/\/blancfestival.com\/#organization\"},\"potentialAction\":[{\"@type\":\"SearchAction\",\"target\":{\"@type\":\"EntryPoint\",\"urlTemplate\":\"https:\/\/blancfestival.com\/?s={search_term_string}\"},\"query-input\":{\"@type\":\"PropertyValueSpecification\",\"valueRequired\":true,\"valueName\":\"search_term_string\"}}],\"inLanguage\":\"en-US\"},{\"@type\":\"Organization\",\"@id\":\"https:\/\/blancfestival.com\/#organization\",\"name\":\"Blanc! Festival de Dise\u00f1o, Creatividad e Innovaci\u00f3n\",\"url\":\"https:\/\/blancfestival.com\/\",\"logo\":{\"@type\":\"ImageObject\",\"inLanguage\":\"en-US\",\"@id\":\"https:\/\/blancfestival.com\/#\/schema\/logo\/image\/\",\"url\":\"https:\/\/blancfestival.com\/wp-content\/uploads\/2025\/01\/logo_icono_blanc.jpg\",\"contentUrl\":\"https:\/\/blancfestival.com\/wp-content\/uploads\/2025\/01\/logo_icono_blanc.jpg\",\"width\":2000,\"height\":2000,\"caption\":\"Blanc! Festival de Dise\u00f1o, Creatividad e Innovaci\u00f3n\"},\"image\":{\"@id\":\"https:\/\/blancfestival.com\/#\/schema\/logo\/image\/\"},\"sameAs\":[\"https:\/\/www.facebook.com\/blanc.festivaldissenygrafic\/\",\"https:\/\/x.com\/blancfest\",\"https:\/\/www.instagram.com\/blancfest\/\",\"https:\/\/www.linkedin.com\/company\/blanc-festival\",\"https:\/\/www.pinterest.com\/blancfest\/\",\"https:\/\/www.youtube.com\/channel\/UCM-IjxOFb5gQg4yPgmze3Gg\"]},{\"@type\":\"Person\",\"@id\":\"https:\/\/blancfestival.com\/#\/schema\/person\/1c1365d1e51e5730cf3f5fadb8670c06\",\"name\":\"Redacci\u00f3n Blanc!\",\"image\":{\"@type\":\"ImageObject\",\"inLanguage\":\"en-US\",\"@id\":\"https:\/\/blancfestival.com\/#\/schema\/person\/image\/\",\"url\":\"https:\/\/blancfestival.com\/wp-content\/uploads\/2020\/02\/ico-120x120.png\",\"contentUrl\":\"https:\/\/blancfestival.com\/wp-content\/uploads\/2020\/02\/ico-120x120.png\",\"caption\":\"Redacci\u00f3n Blanc!\"},\"description\":\"\u201cNo trates de doblar la cuchara. Es imposible. En lugar de hacerlo, solo intenta darte cuenta de la verdad\u2026 No hay cuchara. Entonces, ver\u00e1s que no es la cuchara lo que se dobla, te doblas t\u00fa\u201d\"}]}<\/script>\n<!-- \/ Yoast SEO plugin. -->","yoast_head_json":{"title":"Dise\u00f1o y mente - Dise\u00f1o y neurociencia cognitiva - Blanc!","description":"Dise\u00f1o y neurociencia. Si eres dise\u00f1ador o dise\u00f1adora, todos los \u00faltimos avances que nos aportan las neurociencias cognitivas te van a ser de gran utilidad.","robots":{"index":"index","follow":"follow","max-snippet":"max-snippet:-1","max-image-preview":"max-image-preview:large","max-video-preview":"max-video-preview:-1"},"canonical":"https:\/\/blancfestival.com\/diseno-y-mente-neurociencia-cognitiva\/","og_locale":"en_US","og_type":"article","og_title":"Dise\u00f1o y mente - Dise\u00f1o y neurociencia cognitiva - Blanc!","og_description":"Dise\u00f1o y neurociencia. Si eres dise\u00f1ador o dise\u00f1adora, todos los \u00faltimos avances que nos aportan las neurociencias cognitivas te van a ser de gran utilidad.","og_url":"https:\/\/blancfestival.com\/diseno-y-mente-neurociencia-cognitiva\/","og_site_name":"Blanc!","article_publisher":"https:\/\/www.facebook.com\/blanc.festivaldissenygrafic\/","article_published_time":"2020-03-10T22:00:45+00:00","article_modified_time":"2020-03-18T05:42:38+00:00","og_image":[{"width":3161,"height":2268,"url":"https:\/\/blancfestival.com\/wp-content\/uploads\/2020\/02\/Disen\u0303oymente_silvanasohu_blanc.png","type":"image\/png"}],"author":"Redacci\u00f3n Blanc!","twitter_card":"summary_large_image","twitter_creator":"@blancfest","twitter_site":"@blancfest","twitter_misc":{"Written by":"Redacci\u00f3n Blanc!","Est. reading time":"4 minutes"},"schema":{"@context":"https:\/\/schema.org","@graph":[{"@type":"Article","@id":"https:\/\/blancfestival.com\/diseno-y-mente-neurociencia-cognitiva\/#article","isPartOf":{"@id":"https:\/\/blancfestival.com\/diseno-y-mente-neurociencia-cognitiva\/"},"author":{"name":"Redacci\u00f3n Blanc!","@id":"https:\/\/blancfestival.com\/#\/schema\/person\/1c1365d1e51e5730cf3f5fadb8670c06"},"headline":"Dise\u00f1o y mente","datePublished":"2020-03-10T22:00:45+00:00","dateModified":"2020-03-18T05:42:38+00:00","mainEntityOfPage":{"@id":"https:\/\/blancfestival.com\/diseno-y-mente-neurociencia-cognitiva\/"},"wordCount":862,"commentCount":0,"publisher":{"@id":"https:\/\/blancfestival.com\/#organization"},"image":{"@id":"https:\/\/blancfestival.com\/diseno-y-mente-neurociencia-cognitiva\/#primaryimage"},"thumbnailUrl":"https:\/\/blancfestival.com\/wp-content\/uploads\/2020\/02\/Disen\u0303oymente_silvanasohu_blanc.png","keywords":["neurciencia","mente","cerebro","dise\u00f1o"],"articleSection":["Dise\u00f1o"],"inLanguage":"en-US","potentialAction":[{"@type":"CommentAction","name":"Comment","target":["https:\/\/blancfestival.com\/diseno-y-mente-neurociencia-cognitiva\/#respond"]}]},{"@type":"WebPage","@id":"https:\/\/blancfestival.com\/diseno-y-mente-neurociencia-cognitiva\/","url":"https:\/\/blancfestival.com\/diseno-y-mente-neurociencia-cognitiva\/","name":"Dise\u00f1o y mente - Dise\u00f1o y neurociencia cognitiva - Blanc!","isPartOf":{"@id":"https:\/\/blancfestival.com\/#website"},"primaryImageOfPage":{"@id":"https:\/\/blancfestival.com\/diseno-y-mente-neurociencia-cognitiva\/#primaryimage"},"image":{"@id":"https:\/\/blancfestival.com\/diseno-y-mente-neurociencia-cognitiva\/#primaryimage"},"thumbnailUrl":"https:\/\/blancfestival.com\/wp-content\/uploads\/2020\/02\/Disen\u0303oymente_silvanasohu_blanc.png","datePublished":"2020-03-10T22:00:45+00:00","dateModified":"2020-03-18T05:42:38+00:00","description":"Dise\u00f1o y neurociencia. Si eres dise\u00f1ador o dise\u00f1adora, todos los \u00faltimos avances que nos aportan las neurociencias cognitivas te van a ser de gran utilidad.","breadcrumb":{"@id":"https:\/\/blancfestival.com\/diseno-y-mente-neurociencia-cognitiva\/#breadcrumb"},"inLanguage":"en-US","potentialAction":[{"@type":"ReadAction","target":["https:\/\/blancfestival.com\/diseno-y-mente-neurociencia-cognitiva\/"]}]},{"@type":"ImageObject","inLanguage":"en-US","@id":"https:\/\/blancfestival.com\/diseno-y-mente-neurociencia-cognitiva\/#primaryimage","url":"https:\/\/blancfestival.com\/wp-content\/uploads\/2020\/02\/Disen\u0303oymente_silvanasohu_blanc.png","contentUrl":"https:\/\/blancfestival.com\/wp-content\/uploads\/2020\/02\/Disen\u0303oymente_silvanasohu_blanc.png","width":3161,"height":2268,"caption":"ilustraci\u00f3n dise\u00f1o y mente por silvanashu"},{"@type":"BreadcrumbList","@id":"https:\/\/blancfestival.com\/diseno-y-mente-neurociencia-cognitiva\/#breadcrumb","itemListElement":[{"@type":"ListItem","position":1,"name":"Portada","item":"https:\/\/blancfestival.com\/en\/"},{"@type":"ListItem","position":2,"name":"Dise\u00f1o y mente"}]},{"@type":"WebSite","@id":"https:\/\/blancfestival.com\/#website","url":"https:\/\/blancfestival.com\/","name":"Blanc! Festival","description":"Dise\u00f1o, Creatividad e Innovaci\u00f3n","publisher":{"@id":"https:\/\/blancfestival.com\/#organization"},"potentialAction":[{"@type":"SearchAction","target":{"@type":"EntryPoint","urlTemplate":"https:\/\/blancfestival.com\/?s={search_term_string}"},"query-input":{"@type":"PropertyValueSpecification","valueRequired":true,"valueName":"search_term_string"}}],"inLanguage":"en-US"},{"@type":"Organization","@id":"https:\/\/blancfestival.com\/#organization","name":"Blanc! Festival de Dise\u00f1o, Creatividad e Innovaci\u00f3n","url":"https:\/\/blancfestival.com\/","logo":{"@type":"ImageObject","inLanguage":"en-US","@id":"https:\/\/blancfestival.com\/#\/schema\/logo\/image\/","url":"https:\/\/blancfestival.com\/wp-content\/uploads\/2025\/01\/logo_icono_blanc.jpg","contentUrl":"https:\/\/blancfestival.com\/wp-content\/uploads\/2025\/01\/logo_icono_blanc.jpg","width":2000,"height":2000,"caption":"Blanc! Festival de Dise\u00f1o, Creatividad e Innovaci\u00f3n"},"image":{"@id":"https:\/\/blancfestival.com\/#\/schema\/logo\/image\/"},"sameAs":["https:\/\/www.facebook.com\/blanc.festivaldissenygrafic\/","https:\/\/x.com\/blancfest","https:\/\/www.instagram.com\/blancfest\/","https:\/\/www.linkedin.com\/company\/blanc-festival","https:\/\/www.pinterest.com\/blancfest\/","https:\/\/www.youtube.com\/channel\/UCM-IjxOFb5gQg4yPgmze3Gg"]},{"@type":"Person","@id":"https:\/\/blancfestival.com\/#\/schema\/person\/1c1365d1e51e5730cf3f5fadb8670c06","name":"Redacci\u00f3n Blanc!","image":{"@type":"ImageObject","inLanguage":"en-US","@id":"https:\/\/blancfestival.com\/#\/schema\/person\/image\/","url":"https:\/\/blancfestival.com\/wp-content\/uploads\/2020\/02\/ico-120x120.png","contentUrl":"https:\/\/blancfestival.com\/wp-content\/uploads\/2020\/02\/ico-120x120.png","caption":"Redacci\u00f3n Blanc!"},"description":"\u201cNo trates de doblar la cuchara. Es imposible. En lugar de hacerlo, solo intenta darte cuenta de la verdad\u2026 No hay cuchara. Entonces, ver\u00e1s que no es la cuchara lo que se dobla, te doblas t\u00fa\u201d"}]}},"_links":{"self":[{"href":"https:\/\/blancfestival.com\/en\/wp-json\/wp\/v2\/posts\/1125","targetHints":{"allow":["GET"]}}],"collection":[{"href":"https:\/\/blancfestival.com\/en\/wp-json\/wp\/v2\/posts"}],"about":[{"href":"https:\/\/blancfestival.com\/en\/wp-json\/wp\/v2\/types\/post"}],"author":[{"embeddable":true,"href":"https:\/\/blancfestival.com\/en\/wp-json\/wp\/v2\/users\/3"}],"replies":[{"embeddable":true,"href":"https:\/\/blancfestival.com\/en\/wp-json\/wp\/v2\/comments?post=1125"}],"version-history":[{"count":9,"href":"https:\/\/blancfestival.com\/en\/wp-json\/wp\/v2\/posts\/1125\/revisions"}],"predecessor-version":[{"id":1821,"href":"https:\/\/blancfestival.com\/en\/wp-json\/wp\/v2\/posts\/1125\/revisions\/1821"}],"wp:featuredmedia":[{"embeddable":true,"href":"https:\/\/blancfestival.com\/en\/wp-json\/wp\/v2\/media\/1126"}],"wp:attachment":[{"href":"https:\/\/blancfestival.com\/en\/wp-json\/wp\/v2\/media?parent=1125"}],"wp:term":[{"taxonomy":"category","embeddable":true,"href":"https:\/\/blancfestival.com\/en\/wp-json\/wp\/v2\/categories?post=1125"},{"taxonomy":"post_tag","embeddable":true,"href":"https:\/\/blancfestival.com\/en\/wp-json\/wp\/v2\/tags?post=1125"},{"taxonomy":"evento","embeddable":true,"href":"https:\/\/blancfestival.com\/en\/wp-json\/wp\/v2\/evento?post=1125"}],"curies":[{"name":"wp","href":"https:\/\/api.w.org\/{rel}","templated":true}]}}