{"id":11792,"date":"2022-12-27T16:26:08","date_gmt":"2022-12-27T15:26:08","guid":{"rendered":"https:\/\/blancfestival.com\/?p=11792"},"modified":"2022-12-27T16:42:37","modified_gmt":"2022-12-27T15:42:37","slug":"critica-y-analisis-en-el-diseno-grafico","status":"publish","type":"post","link":"https:\/\/blancfestival.com\/en\/critica-y-analisis-en-el-diseno-grafico\/","title":{"rendered":"La cr\u00edtica y el an\u00e1lisis en el sector del dise\u00f1o gr\u00e1fico"},"content":{"rendered":"<p>Cuando Gr\u00e0ffica.info comenz\u00f3 en 2009, en pleno boom bloguero, hab\u00eda mucha gente escribiendo sobre dise\u00f1o gr\u00e1fico, pero siempre desde la superficialidad de lo inspiracional. Poco hab\u00eda de cr\u00edtica como lo hab\u00eda (y lo hay) en otros sectores. Todos leemos cr\u00edticas de pel\u00edculas, series, restaurantes o de arte, pero en dise\u00f1o, incluso a d\u00eda de hoy, contamos con los dedos de una mano las fuentes de cr\u00edtica del sector.<\/p>\n<h2><\/h2>\n<h2>El perfil editorial de Gr\u00e0ffica abarca todos los aspectos del dise\u00f1o gr\u00e1fico, pero es en la cr\u00edtica y el an\u00e1lisis donde radica su mayor fortaleza.<\/h2>\n<p>Hablamos con Ana Gea (La Estratega) y V\u00edctor Palau (El Creativo), provenientes del marketing la primera y de bellas artes el segundo, entre otras cosas, sobre las implicancias del trabajo en pareja: pareja en la vida, pareja en la creatividad y pareja en los negocios. Una uni\u00f3n natural de dos cabezas pensantes cada uno con un rol y su propia isla en un para\u00edso compartido. Son el cerebro de Palaugea, y de las cabeceras Gr\u00e0ffica.info, M\u00fassica, \u00d6bjetto y Universo de emociones.<\/p>\n<h2><\/h2>\n<h2>&#8220;Un profesor de tenis tiene que saber c\u00f3mo dar el golpe a la pelota antes de ense\u00f1\u00e1rselo al alumno&#8221;<\/h2>\n<p>El primer fichaje de Gr\u00e0ffica fue una persona que les ayud\u00f3 con la redacci\u00f3n y con el &#8220;estar al d\u00eda&#8221; de las novedades del sector. Con el tiempo el equipo ha ido creciendo, y la mayor parte de las 14 personas que hoy forman parte de Gr\u00e0ffica, trabajan en todos los proyectos de la empresa. As\u00ed, una misma persona podr\u00eda estar creando contenido para Gr\u00e0ffica y revisando textos para M\u00fassica. Los perfiles del equipo cubren todas las necesidades de una estudio\/consultor\u00eda\/editorial, con \u00e1reas de Marketing, Dise\u00f1o Gr\u00e1fico, Audiovisuales, Redes Sociales, Redacci\u00f3n y Direcci\u00f3n.<br \/>\nPara Ana y V\u00edctor ha sido siempre muy importante conocer todas las tareas, y haber ocupado estos puestos de trabajo\/tareas antes de delegarlas a otras personas.<\/p>\n<p>&nbsp;<\/p>\n<h2>Sobre el futuro del dise\u00f1o: &#8220;Falta reflexi\u00f3n&#8221;<\/h2>\n<p>Falta detenerse a pensar hacia d\u00f3nde vamos y hacia d\u00f3nde queremos ir. A muchos profesionales del sector, los metaversos y la inteligencia artificial les viene en un momento en el que ya han decidido &#8220;morir con las botas puestas&#8221;. Pero hay toda una nueva generaci\u00f3n de profesionales del dise\u00f1o gr\u00e1fico, que tienen la oportunidad de aprender y crecer de forma paralela a una tecnolog\u00eda que cambiar\u00e1 los paradigmas. Sobre todo en lo referente a la IA, una revoluci\u00f3n que muchos comparan con lo que signific\u00f3 el inicio de internet y el uso del ordenador en nuestro d\u00eda a d\u00eda.<\/p>\n<p>\u00bfEstamos ense\u00f1ando profesiones que en un futuro cercano estar\u00e1n obsoletas?<br \/>\nDe esto y de muchas otras cosas m\u00e1s, hablamos con estos dos valencianos creadores del medio que encabeza el <em>top of mind<\/em> en la categor\u00eda de fuentes de informaci\u00f3n y referencia en el sector del dise\u00f1o gr\u00e1fico de habla hispana.<\/p>\n<p>&nbsp;<\/p>\n<p>&nbsp;<\/p>\n<p><iframe loading=\"lazy\" title=\"YouTube video player\" src=\"https:\/\/www.youtube.com\/embed\/08kO9lPVj40\" width=\"600\" height=\"315\" frameborder=\"0\" allowfullscreen=\"allowfullscreen\"><\/iframe><\/p>\n<p>&nbsp;<\/p>\n<h2>O escucha el Podcast<\/h2>\n<p><iframe loading=\"lazy\" src=\"https:\/\/www.ivoox.com\/player_ej_100479844_6_1.html?c1=444444\" width=\"100%\" height=\"200\" frameborder=\"0\" scrolling=\"no\" allowfullscreen=\"allowfullscreen\"><\/iframe><\/p>\n","protected":false},"excerpt":{"rendered":"Cuando Gr\u00e0ffica.info comenz\u00f3 en 2009, en pleno boom bloguero, hab\u00eda mucha gente escribiendo sobre dise\u00f1o gr\u00e1fico, pero siempre desde la superficialidad de lo inspiracional. Poco hab\u00eda de cr\u00edtica como lo hab\u00eda (y lo hay) en otros sectores. Todos leemos cr\u00edticas de pel\u00edculas, series, restaurantes o de arte, pero en dise\u00f1o, incluso a d\u00eda de hoy,&hellip;","protected":false},"author":1,"featured_media":11793,"comment_status":"open","ping_status":"open","sticky":false,"template":"","format":"standard","meta":{"_acf_changed":false,"footnotes":""},"categories":[224,4,1],"tags":[],"evento":[],"class_list":["post-11792","post","type-post","status-publish","format-standard","has-post-thumbnail","hentry","category-podcasts","category-entrevistas","category-diseno-grafico"],"acf":[],"yoast_head":"<!-- This site is optimized with the Yoast SEO plugin v23.7 - https:\/\/yoast.com\/wordpress\/plugins\/seo\/ -->\n<title>La cr\u00edtica y el an\u00e1lisis en el sector del dise\u00f1o gr\u00e1fico<\/title>\n<meta name=\"description\" content=\"Entrevista a Ana Gea &amp; V\u00edctor Palau. Creadores y editories de Gr\u00e0ffica.info y la cabeceras M\u00fassica,\u00a0\u00d6bjetto\u00a0y\u00a0Universo de emociones.\" \/>\n<meta name=\"robots\" content=\"index, follow, max-snippet:-1, max-image-preview:large, max-video-preview:-1\" \/>\n<link rel=\"canonical\" href=\"https:\/\/blancfestival.com\/critica-y-analisis-en-el-diseno-grafico\/\" \/>\n<meta property=\"og:locale\" content=\"en_US\" \/>\n<meta property=\"og:type\" content=\"article\" \/>\n<meta property=\"og:title\" content=\"La cr\u00edtica y el an\u00e1lisis en el sector del dise\u00f1o gr\u00e1fico\" \/>\n<meta property=\"og:description\" content=\"Entrevista a Ana Gea &amp; V\u00edctor Palau. Creadores y editories de Gr\u00e0ffica.info y la cabeceras M\u00fassica,\u00a0\u00d6bjetto\u00a0y\u00a0Universo de emociones.\" \/>\n<meta property=\"og:url\" content=\"https:\/\/blancfestival.com\/critica-y-analisis-en-el-diseno-grafico\/\" \/>\n<meta property=\"og:site_name\" content=\"Blanc!\" \/>\n<meta property=\"article:publisher\" content=\"https:\/\/www.facebook.com\/blanc.festivaldissenygrafic\/\" \/>\n<meta property=\"article:published_time\" content=\"2022-12-27T15:26:08+00:00\" \/>\n<meta property=\"article:modified_time\" content=\"2022-12-27T15:42:37+00:00\" \/>\n<meta property=\"og:image\" content=\"https:\/\/blancfestival.com\/wp-content\/uploads\/2022\/12\/f.elconfidencial.com_original_ea7_fbc_d15_ea7fbcd15df659af984e81f3cab23c3a.jpg\" \/>\n\t<meta property=\"og:image:width\" content=\"1200\" \/>\n\t<meta property=\"og:image:height\" content=\"900\" \/>\n\t<meta property=\"og:image:type\" content=\"image\/jpeg\" \/>\n<meta name=\"author\" content=\"David D&#039;Eboli\" \/>\n<meta name=\"twitter:card\" content=\"summary_large_image\" \/>\n<meta name=\"twitter:creator\" content=\"@blancfest\" \/>\n<meta name=\"twitter:site\" content=\"@blancfest\" \/>\n<meta name=\"twitter:label1\" content=\"Written by\" \/>\n\t<meta name=\"twitter:data1\" content=\"David D&#039;Eboli\" \/>\n\t<meta name=\"twitter:label2\" content=\"Est. reading time\" \/>\n\t<meta name=\"twitter:data2\" content=\"3 minutes\" \/>\n<script type=\"application\/ld+json\" class=\"yoast-schema-graph\">{\"@context\":\"https:\/\/schema.org\",\"@graph\":[{\"@type\":\"Article\",\"@id\":\"https:\/\/blancfestival.com\/critica-y-analisis-en-el-diseno-grafico\/#article\",\"isPartOf\":{\"@id\":\"https:\/\/blancfestival.com\/critica-y-analisis-en-el-diseno-grafico\/\"},\"author\":{\"name\":\"David D'Eboli\",\"@id\":\"https:\/\/blancfestival.com\/#\/schema\/person\/ba98f9f2040d99954c0d1218e4580f7d\"},\"headline\":\"La cr\u00edtica y el an\u00e1lisis en el sector del dise\u00f1o gr\u00e1fico\",\"datePublished\":\"2022-12-27T15:26:08+00:00\",\"dateModified\":\"2022-12-27T15:42:37+00:00\",\"mainEntityOfPage\":{\"@id\":\"https:\/\/blancfestival.com\/critica-y-analisis-en-el-diseno-grafico\/\"},\"wordCount\":549,\"commentCount\":0,\"publisher\":{\"@id\":\"https:\/\/blancfestival.com\/#organization\"},\"image\":{\"@id\":\"https:\/\/blancfestival.com\/critica-y-analisis-en-el-diseno-grafico\/#primaryimage\"},\"thumbnailUrl\":\"https:\/\/blancfestival.com\/wp-content\/uploads\/2022\/12\/f.elconfidencial.com_original_ea7_fbc_d15_ea7fbcd15df659af984e81f3cab23c3a.jpg\",\"articleSection\":[\"podcasts\",\"Entrevistas\",\"Dise\u00f1o Gr\u00e1fico\"],\"inLanguage\":\"en-US\",\"potentialAction\":[{\"@type\":\"CommentAction\",\"name\":\"Comment\",\"target\":[\"https:\/\/blancfestival.com\/critica-y-analisis-en-el-diseno-grafico\/#respond\"]}]},{\"@type\":\"WebPage\",\"@id\":\"https:\/\/blancfestival.com\/critica-y-analisis-en-el-diseno-grafico\/\",\"url\":\"https:\/\/blancfestival.com\/critica-y-analisis-en-el-diseno-grafico\/\",\"name\":\"La cr\u00edtica y el an\u00e1lisis en el sector del dise\u00f1o gr\u00e1fico\",\"isPartOf\":{\"@id\":\"https:\/\/blancfestival.com\/#website\"},\"primaryImageOfPage\":{\"@id\":\"https:\/\/blancfestival.com\/critica-y-analisis-en-el-diseno-grafico\/#primaryimage\"},\"image\":{\"@id\":\"https:\/\/blancfestival.com\/critica-y-analisis-en-el-diseno-grafico\/#primaryimage\"},\"thumbnailUrl\":\"https:\/\/blancfestival.com\/wp-content\/uploads\/2022\/12\/f.elconfidencial.com_original_ea7_fbc_d15_ea7fbcd15df659af984e81f3cab23c3a.jpg\",\"datePublished\":\"2022-12-27T15:26:08+00:00\",\"dateModified\":\"2022-12-27T15:42:37+00:00\",\"description\":\"Entrevista a Ana Gea & V\u00edctor Palau. Creadores y editories de Gr\u00e0ffica.info y la cabeceras M\u00fassica,\u00a0\u00d6bjetto\u00a0y\u00a0Universo de emociones.\",\"breadcrumb\":{\"@id\":\"https:\/\/blancfestival.com\/critica-y-analisis-en-el-diseno-grafico\/#breadcrumb\"},\"inLanguage\":\"en-US\",\"potentialAction\":[{\"@type\":\"ReadAction\",\"target\":[\"https:\/\/blancfestival.com\/critica-y-analisis-en-el-diseno-grafico\/\"]}]},{\"@type\":\"ImageObject\",\"inLanguage\":\"en-US\",\"@id\":\"https:\/\/blancfestival.com\/critica-y-analisis-en-el-diseno-grafico\/#primaryimage\",\"url\":\"https:\/\/blancfestival.com\/wp-content\/uploads\/2022\/12\/f.elconfidencial.com_original_ea7_fbc_d15_ea7fbcd15df659af984e81f3cab23c3a.jpg\",\"contentUrl\":\"https:\/\/blancfestival.com\/wp-content\/uploads\/2022\/12\/f.elconfidencial.com_original_ea7_fbc_d15_ea7fbcd15df659af984e81f3cab23c3a.jpg\",\"width\":1200,\"height\":900},{\"@type\":\"BreadcrumbList\",\"@id\":\"https:\/\/blancfestival.com\/critica-y-analisis-en-el-diseno-grafico\/#breadcrumb\",\"itemListElement\":[{\"@type\":\"ListItem\",\"position\":1,\"name\":\"Portada\",\"item\":\"https:\/\/blancfestival.com\/en\/\"},{\"@type\":\"ListItem\",\"position\":2,\"name\":\"La cr\u00edtica y el an\u00e1lisis en el sector del dise\u00f1o gr\u00e1fico\"}]},{\"@type\":\"WebSite\",\"@id\":\"https:\/\/blancfestival.com\/#website\",\"url\":\"https:\/\/blancfestival.com\/\",\"name\":\"Blanc! Festival\",\"description\":\"Dise\u00f1o, Creatividad e Innovaci\u00f3n\",\"publisher\":{\"@id\":\"https:\/\/blancfestival.com\/#organization\"},\"potentialAction\":[{\"@type\":\"SearchAction\",\"target\":{\"@type\":\"EntryPoint\",\"urlTemplate\":\"https:\/\/blancfestival.com\/?s={search_term_string}\"},\"query-input\":{\"@type\":\"PropertyValueSpecification\",\"valueRequired\":true,\"valueName\":\"search_term_string\"}}],\"inLanguage\":\"en-US\"},{\"@type\":\"Organization\",\"@id\":\"https:\/\/blancfestival.com\/#organization\",\"name\":\"Blanc! Festival de Dise\u00f1o, Creatividad e Innovaci\u00f3n\",\"url\":\"https:\/\/blancfestival.com\/\",\"logo\":{\"@type\":\"ImageObject\",\"inLanguage\":\"en-US\",\"@id\":\"https:\/\/blancfestival.com\/#\/schema\/logo\/image\/\",\"url\":\"https:\/\/blancfestival.com\/wp-content\/uploads\/2025\/01\/logo_icono_blanc.jpg\",\"contentUrl\":\"https:\/\/blancfestival.com\/wp-content\/uploads\/2025\/01\/logo_icono_blanc.jpg\",\"width\":2000,\"height\":2000,\"caption\":\"Blanc! Festival de Dise\u00f1o, Creatividad e Innovaci\u00f3n\"},\"image\":{\"@id\":\"https:\/\/blancfestival.com\/#\/schema\/logo\/image\/\"},\"sameAs\":[\"https:\/\/www.facebook.com\/blanc.festivaldissenygrafic\/\",\"https:\/\/x.com\/blancfest\",\"https:\/\/www.instagram.com\/blancfest\/\",\"https:\/\/www.linkedin.com\/company\/blanc-festival\",\"https:\/\/www.pinterest.com\/blancfest\/\",\"https:\/\/www.youtube.com\/channel\/UCM-IjxOFb5gQg4yPgmze3Gg\"]},{\"@type\":\"Person\",\"@id\":\"https:\/\/blancfestival.com\/#\/schema\/person\/ba98f9f2040d99954c0d1218e4580f7d\",\"name\":\"David D'Eboli\",\"image\":{\"@type\":\"ImageObject\",\"inLanguage\":\"en-US\",\"@id\":\"https:\/\/blancfestival.com\/#\/schema\/person\/image\/\",\"url\":\"https:\/\/blancfestival.com\/wp-content\/uploads\/2020\/01\/avatar-david-120x120.jpg\",\"contentUrl\":\"https:\/\/blancfestival.com\/wp-content\/uploads\/2020\/01\/avatar-david-120x120.jpg\",\"caption\":\"David D'Eboli\"},\"description\":\"Fundador y CEO de Blanc!\"}]}<\/script>\n<!-- \/ Yoast SEO plugin. -->","yoast_head_json":{"title":"La cr\u00edtica y el an\u00e1lisis en el sector del dise\u00f1o gr\u00e1fico","description":"Entrevista a Ana Gea & V\u00edctor Palau. Creadores y editories de Gr\u00e0ffica.info y la cabeceras M\u00fassica,\u00a0\u00d6bjetto\u00a0y\u00a0Universo de emociones.","robots":{"index":"index","follow":"follow","max-snippet":"max-snippet:-1","max-image-preview":"max-image-preview:large","max-video-preview":"max-video-preview:-1"},"canonical":"https:\/\/blancfestival.com\/critica-y-analisis-en-el-diseno-grafico\/","og_locale":"en_US","og_type":"article","og_title":"La cr\u00edtica y el an\u00e1lisis en el sector del dise\u00f1o gr\u00e1fico","og_description":"Entrevista a Ana Gea & V\u00edctor Palau. Creadores y editories de Gr\u00e0ffica.info y la cabeceras M\u00fassica,\u00a0\u00d6bjetto\u00a0y\u00a0Universo de emociones.","og_url":"https:\/\/blancfestival.com\/critica-y-analisis-en-el-diseno-grafico\/","og_site_name":"Blanc!","article_publisher":"https:\/\/www.facebook.com\/blanc.festivaldissenygrafic\/","article_published_time":"2022-12-27T15:26:08+00:00","article_modified_time":"2022-12-27T15:42:37+00:00","og_image":[{"width":1200,"height":900,"url":"https:\/\/blancfestival.com\/wp-content\/uploads\/2022\/12\/f.elconfidencial.com_original_ea7_fbc_d15_ea7fbcd15df659af984e81f3cab23c3a.jpg","type":"image\/jpeg"}],"author":"David D'Eboli","twitter_card":"summary_large_image","twitter_creator":"@blancfest","twitter_site":"@blancfest","twitter_misc":{"Written by":"David D'Eboli","Est. reading time":"3 minutes"},"schema":{"@context":"https:\/\/schema.org","@graph":[{"@type":"Article","@id":"https:\/\/blancfestival.com\/critica-y-analisis-en-el-diseno-grafico\/#article","isPartOf":{"@id":"https:\/\/blancfestival.com\/critica-y-analisis-en-el-diseno-grafico\/"},"author":{"name":"David D'Eboli","@id":"https:\/\/blancfestival.com\/#\/schema\/person\/ba98f9f2040d99954c0d1218e4580f7d"},"headline":"La cr\u00edtica y el an\u00e1lisis en el sector del dise\u00f1o gr\u00e1fico","datePublished":"2022-12-27T15:26:08+00:00","dateModified":"2022-12-27T15:42:37+00:00","mainEntityOfPage":{"@id":"https:\/\/blancfestival.com\/critica-y-analisis-en-el-diseno-grafico\/"},"wordCount":549,"commentCount":0,"publisher":{"@id":"https:\/\/blancfestival.com\/#organization"},"image":{"@id":"https:\/\/blancfestival.com\/critica-y-analisis-en-el-diseno-grafico\/#primaryimage"},"thumbnailUrl":"https:\/\/blancfestival.com\/wp-content\/uploads\/2022\/12\/f.elconfidencial.com_original_ea7_fbc_d15_ea7fbcd15df659af984e81f3cab23c3a.jpg","articleSection":["podcasts","Entrevistas","Dise\u00f1o Gr\u00e1fico"],"inLanguage":"en-US","potentialAction":[{"@type":"CommentAction","name":"Comment","target":["https:\/\/blancfestival.com\/critica-y-analisis-en-el-diseno-grafico\/#respond"]}]},{"@type":"WebPage","@id":"https:\/\/blancfestival.com\/critica-y-analisis-en-el-diseno-grafico\/","url":"https:\/\/blancfestival.com\/critica-y-analisis-en-el-diseno-grafico\/","name":"La cr\u00edtica y el an\u00e1lisis en el sector del dise\u00f1o gr\u00e1fico","isPartOf":{"@id":"https:\/\/blancfestival.com\/#website"},"primaryImageOfPage":{"@id":"https:\/\/blancfestival.com\/critica-y-analisis-en-el-diseno-grafico\/#primaryimage"},"image":{"@id":"https:\/\/blancfestival.com\/critica-y-analisis-en-el-diseno-grafico\/#primaryimage"},"thumbnailUrl":"https:\/\/blancfestival.com\/wp-content\/uploads\/2022\/12\/f.elconfidencial.com_original_ea7_fbc_d15_ea7fbcd15df659af984e81f3cab23c3a.jpg","datePublished":"2022-12-27T15:26:08+00:00","dateModified":"2022-12-27T15:42:37+00:00","description":"Entrevista a Ana Gea & V\u00edctor Palau. Creadores y editories de Gr\u00e0ffica.info y la cabeceras M\u00fassica,\u00a0\u00d6bjetto\u00a0y\u00a0Universo de emociones.","breadcrumb":{"@id":"https:\/\/blancfestival.com\/critica-y-analisis-en-el-diseno-grafico\/#breadcrumb"},"inLanguage":"en-US","potentialAction":[{"@type":"ReadAction","target":["https:\/\/blancfestival.com\/critica-y-analisis-en-el-diseno-grafico\/"]}]},{"@type":"ImageObject","inLanguage":"en-US","@id":"https:\/\/blancfestival.com\/critica-y-analisis-en-el-diseno-grafico\/#primaryimage","url":"https:\/\/blancfestival.com\/wp-content\/uploads\/2022\/12\/f.elconfidencial.com_original_ea7_fbc_d15_ea7fbcd15df659af984e81f3cab23c3a.jpg","contentUrl":"https:\/\/blancfestival.com\/wp-content\/uploads\/2022\/12\/f.elconfidencial.com_original_ea7_fbc_d15_ea7fbcd15df659af984e81f3cab23c3a.jpg","width":1200,"height":900},{"@type":"BreadcrumbList","@id":"https:\/\/blancfestival.com\/critica-y-analisis-en-el-diseno-grafico\/#breadcrumb","itemListElement":[{"@type":"ListItem","position":1,"name":"Portada","item":"https:\/\/blancfestival.com\/en\/"},{"@type":"ListItem","position":2,"name":"La cr\u00edtica y el an\u00e1lisis en el sector del dise\u00f1o gr\u00e1fico"}]},{"@type":"WebSite","@id":"https:\/\/blancfestival.com\/#website","url":"https:\/\/blancfestival.com\/","name":"Blanc! Festival","description":"Dise\u00f1o, Creatividad e Innovaci\u00f3n","publisher":{"@id":"https:\/\/blancfestival.com\/#organization"},"potentialAction":[{"@type":"SearchAction","target":{"@type":"EntryPoint","urlTemplate":"https:\/\/blancfestival.com\/?s={search_term_string}"},"query-input":{"@type":"PropertyValueSpecification","valueRequired":true,"valueName":"search_term_string"}}],"inLanguage":"en-US"},{"@type":"Organization","@id":"https:\/\/blancfestival.com\/#organization","name":"Blanc! Festival de Dise\u00f1o, Creatividad e Innovaci\u00f3n","url":"https:\/\/blancfestival.com\/","logo":{"@type":"ImageObject","inLanguage":"en-US","@id":"https:\/\/blancfestival.com\/#\/schema\/logo\/image\/","url":"https:\/\/blancfestival.com\/wp-content\/uploads\/2025\/01\/logo_icono_blanc.jpg","contentUrl":"https:\/\/blancfestival.com\/wp-content\/uploads\/2025\/01\/logo_icono_blanc.jpg","width":2000,"height":2000,"caption":"Blanc! Festival de Dise\u00f1o, Creatividad e Innovaci\u00f3n"},"image":{"@id":"https:\/\/blancfestival.com\/#\/schema\/logo\/image\/"},"sameAs":["https:\/\/www.facebook.com\/blanc.festivaldissenygrafic\/","https:\/\/x.com\/blancfest","https:\/\/www.instagram.com\/blancfest\/","https:\/\/www.linkedin.com\/company\/blanc-festival","https:\/\/www.pinterest.com\/blancfest\/","https:\/\/www.youtube.com\/channel\/UCM-IjxOFb5gQg4yPgmze3Gg"]},{"@type":"Person","@id":"https:\/\/blancfestival.com\/#\/schema\/person\/ba98f9f2040d99954c0d1218e4580f7d","name":"David D'Eboli","image":{"@type":"ImageObject","inLanguage":"en-US","@id":"https:\/\/blancfestival.com\/#\/schema\/person\/image\/","url":"https:\/\/blancfestival.com\/wp-content\/uploads\/2020\/01\/avatar-david-120x120.jpg","contentUrl":"https:\/\/blancfestival.com\/wp-content\/uploads\/2020\/01\/avatar-david-120x120.jpg","caption":"David D'Eboli"},"description":"Fundador y CEO de Blanc!"}]}},"_links":{"self":[{"href":"https:\/\/blancfestival.com\/en\/wp-json\/wp\/v2\/posts\/11792","targetHints":{"allow":["GET"]}}],"collection":[{"href":"https:\/\/blancfestival.com\/en\/wp-json\/wp\/v2\/posts"}],"about":[{"href":"https:\/\/blancfestival.com\/en\/wp-json\/wp\/v2\/types\/post"}],"author":[{"embeddable":true,"href":"https:\/\/blancfestival.com\/en\/wp-json\/wp\/v2\/users\/1"}],"replies":[{"embeddable":true,"href":"https:\/\/blancfestival.com\/en\/wp-json\/wp\/v2\/comments?post=11792"}],"version-history":[{"count":5,"href":"https:\/\/blancfestival.com\/en\/wp-json\/wp\/v2\/posts\/11792\/revisions"}],"predecessor-version":[{"id":11800,"href":"https:\/\/blancfestival.com\/en\/wp-json\/wp\/v2\/posts\/11792\/revisions\/11800"}],"wp:featuredmedia":[{"embeddable":true,"href":"https:\/\/blancfestival.com\/en\/wp-json\/wp\/v2\/media\/11793"}],"wp:attachment":[{"href":"https:\/\/blancfestival.com\/en\/wp-json\/wp\/v2\/media?parent=11792"}],"wp:term":[{"taxonomy":"category","embeddable":true,"href":"https:\/\/blancfestival.com\/en\/wp-json\/wp\/v2\/categories?post=11792"},{"taxonomy":"post_tag","embeddable":true,"href":"https:\/\/blancfestival.com\/en\/wp-json\/wp\/v2\/tags?post=11792"},{"taxonomy":"evento","embeddable":true,"href":"https:\/\/blancfestival.com\/en\/wp-json\/wp\/v2\/evento?post=11792"}],"curies":[{"name":"wp","href":"https:\/\/api.w.org\/{rel}","templated":true}]}}