{"id":12461,"date":"2023-04-19T16:57:54","date_gmt":"2023-04-19T14:57:54","guid":{"rendered":"https:\/\/blancfestival.com\/?p=12461"},"modified":"2023-04-19T16:57:54","modified_gmt":"2023-04-19T14:57:54","slug":"el-sachplakat-sintesis-y-color","status":"publish","type":"post","link":"https:\/\/blancfestival.com\/en\/el-sachplakat-sintesis-y-color\/","title":{"rendered":"El Sachplakat, s\u00edntesis y color"},"content":{"rendered":"<p>El Sachplakat es un estilo de dise\u00f1o de carteles que se origin\u00f3 en Alemania a principios del siglo XX. Este estilo se caracteriza por la simplicidad y la claridad visual, utilizando formas y colores fuertes para comunicar un mensaje de manera efectiva.<\/p>\n<p>El Sachplakat se traduce literalmente como &#8220;cartel de objetos&#8221;, y es conocido por su enfoque minimalista en el dise\u00f1o. Este estilo de cartel se populariz\u00f3 en Alemania durante la d\u00e9cada de 1900 y fue adoptado por muchos dise\u00f1adores gr\u00e1ficos de la \u00e9poca. La simplicidad del Sachplakat fue una respuesta al dise\u00f1o ornamental y excesivo de la \u00e9poca, y se convirti\u00f3 en una forma popular de publicidad para productos y eventos.<\/p>\n<p>Uno de los dise\u00f1adores m\u00e1s conocidos del Sachplakat fue Lucian Bernhard, quien cre\u00f3 muchos carteles notables en este estilo. Algunos de sus carteles m\u00e1s famosos fueron los realizados para Priester Matches, una marca de cerillas, donde la simplicidad del dise\u00f1o y el uso de un solo elemento de imagen se convierten en una caracter\u00edstica definitoria del Sachplakat.<\/p>\n<p><img loading=\"lazy\" decoding=\"async\" width=\"680\" height=\"524\" class=\"alignnone size-full wp-image-12462\" src=\"https:\/\/blancfestival.com\/wp-content\/uploads\/2023\/04\/priester2.jpg\" alt=\"\" srcset=\"https:\/\/blancfestival.com\/wp-content\/uploads\/2023\/04\/priester2.jpg 680w, https:\/\/blancfestival.com\/wp-content\/uploads\/2023\/04\/priester2-250x193.jpg 250w, https:\/\/blancfestival.com\/wp-content\/uploads\/2023\/04\/priester2-120x92.jpg 120w\" sizes=\"auto, (max-width: 680px) 100vw, 680px\" \/><\/p>\n<p>Otro dise\u00f1ador destacado en el estilo del Sachplakat fue Ludwig Hohlwein. Hohlwein era conocido por su habilidad para crear dise\u00f1os de cartel impactantes utilizando formas simples y colores brillantes. Realiz\u00f3 innumerables carteles, muchos de ellos para el sector de la cerveza, de las que se conservan verdaderos tesoros. El uso de un solo objeto en el dise\u00f1o y la fuerte tipograf\u00eda ayudaron a comunicar el mensaje de manera clara y efectiva.<\/p>\n<p>&nbsp;<\/p>\n<p><img loading=\"lazy\" decoding=\"async\" width=\"680\" height=\"984\" class=\"alignnone size-full wp-image-12465\" src=\"https:\/\/blancfestival.com\/wp-content\/uploads\/2023\/04\/Ludwig-Hohlwein.jpg\" alt=\"\" srcset=\"https:\/\/blancfestival.com\/wp-content\/uploads\/2023\/04\/Ludwig-Hohlwein.jpg 680w, https:\/\/blancfestival.com\/wp-content\/uploads\/2023\/04\/Ludwig-Hohlwein-250x362.jpg 250w, https:\/\/blancfestival.com\/wp-content\/uploads\/2023\/04\/Ludwig-Hohlwein-120x174.jpg 120w\" sizes=\"auto, (max-width: 680px) 100vw, 680px\" \/><\/p>\n<p>&nbsp;<\/p>\n<p>Un tercer dise\u00f1ador notable en el estilo Sachplakat fue Julius Klinger, quien cre\u00f3 muchos carteles para la industria del transporte y otros sectores. Uno de los que m\u00e1s nos llam\u00f3 la atenci\u00f3n, es este dise\u00f1o para la compra de bonos de guerra, donde el enemigo est\u00e1 personificado por un drag\u00f3n, y el ocho (en referencia al octavo bono lanzado por el gobierno) se enrosca en el drag\u00f3n atrap\u00e1ndolo y permitiendo que las flechas lo rematen.<\/p>\n<p>&nbsp;<\/p>\n<p><img loading=\"lazy\" decoding=\"async\" width=\"680\" height=\"1034\" class=\"alignnone size-full wp-image-12468\" src=\"https:\/\/blancfestival.com\/wp-content\/uploads\/2023\/04\/dragon.jpg\" alt=\"\" srcset=\"https:\/\/blancfestival.com\/wp-content\/uploads\/2023\/04\/dragon.jpg 680w, https:\/\/blancfestival.com\/wp-content\/uploads\/2023\/04\/dragon-250x380.jpg 250w, https:\/\/blancfestival.com\/wp-content\/uploads\/2023\/04\/dragon-120x182.jpg 120w\" sizes=\"auto, (max-width: 680px) 100vw, 680px\" \/><\/p>\n<p>&nbsp;<\/p>\n<p>El Sachplakat es un estilo de dise\u00f1o de carteles minimalista y efectivo que se origin\u00f3 en Alemania a principios del siglo XX. Su enfoque en la simplicidad y la claridad visual ha influido en muchos dise\u00f1os de carteles posteriores.<\/p>\n","protected":false},"excerpt":{"rendered":"El Sachplakat es un estilo de dise\u00f1o de carteles que se origin\u00f3 en Alemania a principios del siglo XX. Este estilo se caracteriza por la simplicidad y la claridad visual, utilizando formas y colores fuertes para comunicar un mensaje de manera efectiva. El Sachplakat se traduce literalmente como &#8220;cartel de objetos&#8221;, y es conocido por&hellip;","protected":false},"author":3,"featured_media":12471,"comment_status":"open","ping_status":"open","sticky":false,"template":"","format":"standard","meta":{"_acf_changed":false,"footnotes":""},"categories":[152],"tags":[],"evento":[],"class_list":["post-12461","post","type-post","status-publish","format-standard","has-post-thumbnail","hentry","category-blanc-basics"],"acf":[],"yoast_head":"<!-- This site is optimized with the Yoast SEO plugin v23.7 - https:\/\/yoast.com\/wordpress\/plugins\/seo\/ -->\n<title>El Sachplakat, s\u00edntesis y color<\/title>\n<meta name=\"description\" content=\"Estilo de dise\u00f1o de carteles minimalista y efectivo que se origin\u00f3 en Alemania a principios del siglo XX. Su enfoque ha influido en dise\u00f1os posteriores.\" \/>\n<meta name=\"robots\" content=\"index, follow, max-snippet:-1, max-image-preview:large, max-video-preview:-1\" \/>\n<link rel=\"canonical\" href=\"https:\/\/blancfestival.com\/el-sachplakat-sintesis-y-color\/\" \/>\n<meta property=\"og:locale\" content=\"en_US\" \/>\n<meta property=\"og:type\" content=\"article\" \/>\n<meta property=\"og:title\" content=\"El Sachplakat, s\u00edntesis y color\" \/>\n<meta property=\"og:description\" content=\"Estilo de dise\u00f1o de carteles minimalista y efectivo que se origin\u00f3 en Alemania a principios del siglo XX. Su enfoque ha influido en dise\u00f1os posteriores.\" \/>\n<meta property=\"og:url\" content=\"https:\/\/blancfestival.com\/el-sachplakat-sintesis-y-color\/\" \/>\n<meta property=\"og:site_name\" content=\"Blanc!\" \/>\n<meta property=\"article:publisher\" content=\"https:\/\/www.facebook.com\/blanc.festivaldissenygrafic\/\" \/>\n<meta property=\"article:published_time\" content=\"2023-04-19T14:57:54+00:00\" \/>\n<meta property=\"og:image\" content=\"https:\/\/blancfestival.com\/wp-content\/uploads\/2023\/04\/pato.jpg\" \/>\n\t<meta property=\"og:image:width\" content=\"680\" \/>\n\t<meta property=\"og:image:height\" content=\"680\" \/>\n\t<meta property=\"og:image:type\" content=\"image\/jpeg\" \/>\n<meta name=\"author\" content=\"Redacci\u00f3n Blanc!\" \/>\n<meta name=\"twitter:card\" content=\"summary_large_image\" \/>\n<meta name=\"twitter:creator\" content=\"@blancfest\" \/>\n<meta name=\"twitter:site\" content=\"@blancfest\" \/>\n<meta name=\"twitter:label1\" content=\"Written by\" \/>\n\t<meta name=\"twitter:data1\" content=\"Redacci\u00f3n Blanc!\" \/>\n\t<meta name=\"twitter:label2\" content=\"Est. reading time\" \/>\n\t<meta name=\"twitter:data2\" content=\"2 minutes\" \/>\n<script type=\"application\/ld+json\" class=\"yoast-schema-graph\">{\"@context\":\"https:\/\/schema.org\",\"@graph\":[{\"@type\":\"Article\",\"@id\":\"https:\/\/blancfestival.com\/el-sachplakat-sintesis-y-color\/#article\",\"isPartOf\":{\"@id\":\"https:\/\/blancfestival.com\/el-sachplakat-sintesis-y-color\/\"},\"author\":{\"name\":\"Redacci\u00f3n Blanc!\",\"@id\":\"https:\/\/blancfestival.com\/#\/schema\/person\/1c1365d1e51e5730cf3f5fadb8670c06\"},\"headline\":\"El Sachplakat, s\u00edntesis y color\",\"datePublished\":\"2023-04-19T14:57:54+00:00\",\"dateModified\":\"2023-04-19T14:57:54+00:00\",\"mainEntityOfPage\":{\"@id\":\"https:\/\/blancfestival.com\/el-sachplakat-sintesis-y-color\/\"},\"wordCount\":387,\"commentCount\":0,\"publisher\":{\"@id\":\"https:\/\/blancfestival.com\/#organization\"},\"image\":{\"@id\":\"https:\/\/blancfestival.com\/el-sachplakat-sintesis-y-color\/#primaryimage\"},\"thumbnailUrl\":\"https:\/\/blancfestival.com\/wp-content\/uploads\/2023\/04\/pato.jpg\",\"articleSection\":[\"Blanc Basics\"],\"inLanguage\":\"en-US\",\"potentialAction\":[{\"@type\":\"CommentAction\",\"name\":\"Comment\",\"target\":[\"https:\/\/blancfestival.com\/el-sachplakat-sintesis-y-color\/#respond\"]}]},{\"@type\":\"WebPage\",\"@id\":\"https:\/\/blancfestival.com\/el-sachplakat-sintesis-y-color\/\",\"url\":\"https:\/\/blancfestival.com\/el-sachplakat-sintesis-y-color\/\",\"name\":\"El Sachplakat, s\u00edntesis y color\",\"isPartOf\":{\"@id\":\"https:\/\/blancfestival.com\/#website\"},\"primaryImageOfPage\":{\"@id\":\"https:\/\/blancfestival.com\/el-sachplakat-sintesis-y-color\/#primaryimage\"},\"image\":{\"@id\":\"https:\/\/blancfestival.com\/el-sachplakat-sintesis-y-color\/#primaryimage\"},\"thumbnailUrl\":\"https:\/\/blancfestival.com\/wp-content\/uploads\/2023\/04\/pato.jpg\",\"datePublished\":\"2023-04-19T14:57:54+00:00\",\"dateModified\":\"2023-04-19T14:57:54+00:00\",\"description\":\"Estilo de dise\u00f1o de carteles minimalista y efectivo que se origin\u00f3 en Alemania a principios del siglo XX. Su enfoque ha influido en dise\u00f1os posteriores.\",\"breadcrumb\":{\"@id\":\"https:\/\/blancfestival.com\/el-sachplakat-sintesis-y-color\/#breadcrumb\"},\"inLanguage\":\"en-US\",\"potentialAction\":[{\"@type\":\"ReadAction\",\"target\":[\"https:\/\/blancfestival.com\/el-sachplakat-sintesis-y-color\/\"]}]},{\"@type\":\"ImageObject\",\"inLanguage\":\"en-US\",\"@id\":\"https:\/\/blancfestival.com\/el-sachplakat-sintesis-y-color\/#primaryimage\",\"url\":\"https:\/\/blancfestival.com\/wp-content\/uploads\/2023\/04\/pato.jpg\",\"contentUrl\":\"https:\/\/blancfestival.com\/wp-content\/uploads\/2023\/04\/pato.jpg\",\"width\":680,\"height\":680},{\"@type\":\"BreadcrumbList\",\"@id\":\"https:\/\/blancfestival.com\/el-sachplakat-sintesis-y-color\/#breadcrumb\",\"itemListElement\":[{\"@type\":\"ListItem\",\"position\":1,\"name\":\"Portada\",\"item\":\"https:\/\/blancfestival.com\/en\/\"},{\"@type\":\"ListItem\",\"position\":2,\"name\":\"El Sachplakat, s\u00edntesis y color\"}]},{\"@type\":\"WebSite\",\"@id\":\"https:\/\/blancfestival.com\/#website\",\"url\":\"https:\/\/blancfestival.com\/\",\"name\":\"Blanc! Festival\",\"description\":\"Dise\u00f1o, Creatividad e Innovaci\u00f3n\",\"publisher\":{\"@id\":\"https:\/\/blancfestival.com\/#organization\"},\"potentialAction\":[{\"@type\":\"SearchAction\",\"target\":{\"@type\":\"EntryPoint\",\"urlTemplate\":\"https:\/\/blancfestival.com\/?s={search_term_string}\"},\"query-input\":{\"@type\":\"PropertyValueSpecification\",\"valueRequired\":true,\"valueName\":\"search_term_string\"}}],\"inLanguage\":\"en-US\"},{\"@type\":\"Organization\",\"@id\":\"https:\/\/blancfestival.com\/#organization\",\"name\":\"Blanc! Festival de Dise\u00f1o, Creatividad e Innovaci\u00f3n\",\"url\":\"https:\/\/blancfestival.com\/\",\"logo\":{\"@type\":\"ImageObject\",\"inLanguage\":\"en-US\",\"@id\":\"https:\/\/blancfestival.com\/#\/schema\/logo\/image\/\",\"url\":\"https:\/\/blancfestival.com\/wp-content\/uploads\/2025\/01\/logo_icono_blanc.jpg\",\"contentUrl\":\"https:\/\/blancfestival.com\/wp-content\/uploads\/2025\/01\/logo_icono_blanc.jpg\",\"width\":2000,\"height\":2000,\"caption\":\"Blanc! Festival de Dise\u00f1o, Creatividad e Innovaci\u00f3n\"},\"image\":{\"@id\":\"https:\/\/blancfestival.com\/#\/schema\/logo\/image\/\"},\"sameAs\":[\"https:\/\/www.facebook.com\/blanc.festivaldissenygrafic\/\",\"https:\/\/x.com\/blancfest\",\"https:\/\/www.instagram.com\/blancfest\/\",\"https:\/\/www.linkedin.com\/company\/blanc-festival\",\"https:\/\/www.pinterest.com\/blancfest\/\",\"https:\/\/www.youtube.com\/channel\/UCM-IjxOFb5gQg4yPgmze3Gg\"]},{\"@type\":\"Person\",\"@id\":\"https:\/\/blancfestival.com\/#\/schema\/person\/1c1365d1e51e5730cf3f5fadb8670c06\",\"name\":\"Redacci\u00f3n Blanc!\",\"image\":{\"@type\":\"ImageObject\",\"inLanguage\":\"en-US\",\"@id\":\"https:\/\/blancfestival.com\/#\/schema\/person\/image\/\",\"url\":\"https:\/\/blancfestival.com\/wp-content\/uploads\/2020\/02\/ico-120x120.png\",\"contentUrl\":\"https:\/\/blancfestival.com\/wp-content\/uploads\/2020\/02\/ico-120x120.png\",\"caption\":\"Redacci\u00f3n Blanc!\"},\"description\":\"\u201cNo trates de doblar la cuchara. Es imposible. En lugar de hacerlo, solo intenta darte cuenta de la verdad\u2026 No hay cuchara. Entonces, ver\u00e1s que no es la cuchara lo que se dobla, te doblas t\u00fa\u201d\"}]}<\/script>\n<!-- \/ Yoast SEO plugin. -->","yoast_head_json":{"title":"El Sachplakat, s\u00edntesis y color","description":"Estilo de dise\u00f1o de carteles minimalista y efectivo que se origin\u00f3 en Alemania a principios del siglo XX. Su enfoque ha influido en dise\u00f1os posteriores.","robots":{"index":"index","follow":"follow","max-snippet":"max-snippet:-1","max-image-preview":"max-image-preview:large","max-video-preview":"max-video-preview:-1"},"canonical":"https:\/\/blancfestival.com\/el-sachplakat-sintesis-y-color\/","og_locale":"en_US","og_type":"article","og_title":"El Sachplakat, s\u00edntesis y color","og_description":"Estilo de dise\u00f1o de carteles minimalista y efectivo que se origin\u00f3 en Alemania a principios del siglo XX. Su enfoque ha influido en dise\u00f1os posteriores.","og_url":"https:\/\/blancfestival.com\/el-sachplakat-sintesis-y-color\/","og_site_name":"Blanc!","article_publisher":"https:\/\/www.facebook.com\/blanc.festivaldissenygrafic\/","article_published_time":"2023-04-19T14:57:54+00:00","og_image":[{"width":680,"height":680,"url":"https:\/\/blancfestival.com\/wp-content\/uploads\/2023\/04\/pato.jpg","type":"image\/jpeg"}],"author":"Redacci\u00f3n Blanc!","twitter_card":"summary_large_image","twitter_creator":"@blancfest","twitter_site":"@blancfest","twitter_misc":{"Written by":"Redacci\u00f3n Blanc!","Est. reading time":"2 minutes"},"schema":{"@context":"https:\/\/schema.org","@graph":[{"@type":"Article","@id":"https:\/\/blancfestival.com\/el-sachplakat-sintesis-y-color\/#article","isPartOf":{"@id":"https:\/\/blancfestival.com\/el-sachplakat-sintesis-y-color\/"},"author":{"name":"Redacci\u00f3n Blanc!","@id":"https:\/\/blancfestival.com\/#\/schema\/person\/1c1365d1e51e5730cf3f5fadb8670c06"},"headline":"El Sachplakat, s\u00edntesis y color","datePublished":"2023-04-19T14:57:54+00:00","dateModified":"2023-04-19T14:57:54+00:00","mainEntityOfPage":{"@id":"https:\/\/blancfestival.com\/el-sachplakat-sintesis-y-color\/"},"wordCount":387,"commentCount":0,"publisher":{"@id":"https:\/\/blancfestival.com\/#organization"},"image":{"@id":"https:\/\/blancfestival.com\/el-sachplakat-sintesis-y-color\/#primaryimage"},"thumbnailUrl":"https:\/\/blancfestival.com\/wp-content\/uploads\/2023\/04\/pato.jpg","articleSection":["Blanc Basics"],"inLanguage":"en-US","potentialAction":[{"@type":"CommentAction","name":"Comment","target":["https:\/\/blancfestival.com\/el-sachplakat-sintesis-y-color\/#respond"]}]},{"@type":"WebPage","@id":"https:\/\/blancfestival.com\/el-sachplakat-sintesis-y-color\/","url":"https:\/\/blancfestival.com\/el-sachplakat-sintesis-y-color\/","name":"El Sachplakat, s\u00edntesis y color","isPartOf":{"@id":"https:\/\/blancfestival.com\/#website"},"primaryImageOfPage":{"@id":"https:\/\/blancfestival.com\/el-sachplakat-sintesis-y-color\/#primaryimage"},"image":{"@id":"https:\/\/blancfestival.com\/el-sachplakat-sintesis-y-color\/#primaryimage"},"thumbnailUrl":"https:\/\/blancfestival.com\/wp-content\/uploads\/2023\/04\/pato.jpg","datePublished":"2023-04-19T14:57:54+00:00","dateModified":"2023-04-19T14:57:54+00:00","description":"Estilo de dise\u00f1o de carteles minimalista y efectivo que se origin\u00f3 en Alemania a principios del siglo XX. Su enfoque ha influido en dise\u00f1os posteriores.","breadcrumb":{"@id":"https:\/\/blancfestival.com\/el-sachplakat-sintesis-y-color\/#breadcrumb"},"inLanguage":"en-US","potentialAction":[{"@type":"ReadAction","target":["https:\/\/blancfestival.com\/el-sachplakat-sintesis-y-color\/"]}]},{"@type":"ImageObject","inLanguage":"en-US","@id":"https:\/\/blancfestival.com\/el-sachplakat-sintesis-y-color\/#primaryimage","url":"https:\/\/blancfestival.com\/wp-content\/uploads\/2023\/04\/pato.jpg","contentUrl":"https:\/\/blancfestival.com\/wp-content\/uploads\/2023\/04\/pato.jpg","width":680,"height":680},{"@type":"BreadcrumbList","@id":"https:\/\/blancfestival.com\/el-sachplakat-sintesis-y-color\/#breadcrumb","itemListElement":[{"@type":"ListItem","position":1,"name":"Portada","item":"https:\/\/blancfestival.com\/en\/"},{"@type":"ListItem","position":2,"name":"El Sachplakat, s\u00edntesis y color"}]},{"@type":"WebSite","@id":"https:\/\/blancfestival.com\/#website","url":"https:\/\/blancfestival.com\/","name":"Blanc! Festival","description":"Dise\u00f1o, Creatividad e Innovaci\u00f3n","publisher":{"@id":"https:\/\/blancfestival.com\/#organization"},"potentialAction":[{"@type":"SearchAction","target":{"@type":"EntryPoint","urlTemplate":"https:\/\/blancfestival.com\/?s={search_term_string}"},"query-input":{"@type":"PropertyValueSpecification","valueRequired":true,"valueName":"search_term_string"}}],"inLanguage":"en-US"},{"@type":"Organization","@id":"https:\/\/blancfestival.com\/#organization","name":"Blanc! Festival de Dise\u00f1o, Creatividad e Innovaci\u00f3n","url":"https:\/\/blancfestival.com\/","logo":{"@type":"ImageObject","inLanguage":"en-US","@id":"https:\/\/blancfestival.com\/#\/schema\/logo\/image\/","url":"https:\/\/blancfestival.com\/wp-content\/uploads\/2025\/01\/logo_icono_blanc.jpg","contentUrl":"https:\/\/blancfestival.com\/wp-content\/uploads\/2025\/01\/logo_icono_blanc.jpg","width":2000,"height":2000,"caption":"Blanc! Festival de Dise\u00f1o, Creatividad e Innovaci\u00f3n"},"image":{"@id":"https:\/\/blancfestival.com\/#\/schema\/logo\/image\/"},"sameAs":["https:\/\/www.facebook.com\/blanc.festivaldissenygrafic\/","https:\/\/x.com\/blancfest","https:\/\/www.instagram.com\/blancfest\/","https:\/\/www.linkedin.com\/company\/blanc-festival","https:\/\/www.pinterest.com\/blancfest\/","https:\/\/www.youtube.com\/channel\/UCM-IjxOFb5gQg4yPgmze3Gg"]},{"@type":"Person","@id":"https:\/\/blancfestival.com\/#\/schema\/person\/1c1365d1e51e5730cf3f5fadb8670c06","name":"Redacci\u00f3n Blanc!","image":{"@type":"ImageObject","inLanguage":"en-US","@id":"https:\/\/blancfestival.com\/#\/schema\/person\/image\/","url":"https:\/\/blancfestival.com\/wp-content\/uploads\/2020\/02\/ico-120x120.png","contentUrl":"https:\/\/blancfestival.com\/wp-content\/uploads\/2020\/02\/ico-120x120.png","caption":"Redacci\u00f3n Blanc!"},"description":"\u201cNo trates de doblar la cuchara. Es imposible. En lugar de hacerlo, solo intenta darte cuenta de la verdad\u2026 No hay cuchara. Entonces, ver\u00e1s que no es la cuchara lo que se dobla, te doblas t\u00fa\u201d"}]}},"_links":{"self":[{"href":"https:\/\/blancfestival.com\/en\/wp-json\/wp\/v2\/posts\/12461","targetHints":{"allow":["GET"]}}],"collection":[{"href":"https:\/\/blancfestival.com\/en\/wp-json\/wp\/v2\/posts"}],"about":[{"href":"https:\/\/blancfestival.com\/en\/wp-json\/wp\/v2\/types\/post"}],"author":[{"embeddable":true,"href":"https:\/\/blancfestival.com\/en\/wp-json\/wp\/v2\/users\/3"}],"replies":[{"embeddable":true,"href":"https:\/\/blancfestival.com\/en\/wp-json\/wp\/v2\/comments?post=12461"}],"version-history":[{"count":1,"href":"https:\/\/blancfestival.com\/en\/wp-json\/wp\/v2\/posts\/12461\/revisions"}],"predecessor-version":[{"id":12474,"href":"https:\/\/blancfestival.com\/en\/wp-json\/wp\/v2\/posts\/12461\/revisions\/12474"}],"wp:featuredmedia":[{"embeddable":true,"href":"https:\/\/blancfestival.com\/en\/wp-json\/wp\/v2\/media\/12471"}],"wp:attachment":[{"href":"https:\/\/blancfestival.com\/en\/wp-json\/wp\/v2\/media?parent=12461"}],"wp:term":[{"taxonomy":"category","embeddable":true,"href":"https:\/\/blancfestival.com\/en\/wp-json\/wp\/v2\/categories?post=12461"},{"taxonomy":"post_tag","embeddable":true,"href":"https:\/\/blancfestival.com\/en\/wp-json\/wp\/v2\/tags?post=12461"},{"taxonomy":"evento","embeddable":true,"href":"https:\/\/blancfestival.com\/en\/wp-json\/wp\/v2\/evento?post=12461"}],"curies":[{"name":"wp","href":"https:\/\/api.w.org\/{rel}","templated":true}]}}