{"id":13832,"date":"2023-05-30T10:18:37","date_gmt":"2023-05-30T08:18:37","guid":{"rendered":"https:\/\/blancfestival.com\/?p=13832"},"modified":"2023-05-30T10:39:03","modified_gmt":"2023-05-30T08:39:03","slug":"cuando-steve-conocio-a-paul","status":"publish","type":"post","link":"https:\/\/blancfestival.com\/en\/cuando-steve-conocio-a-paul\/","title":{"rendered":"Cuando Steve conoci\u00f3 a Paul"},"content":{"rendered":"<p>En una entrevista realizada en el a\u00f1o 1993, Steve Jobs habla sobre la creaci\u00f3n de la identidad de NeXT, la empresa que fund\u00f3 cuando lo invitaron a irse de Apple. Apenas se vendieron unos cuantos miles de este ordenador con forma de cubo, pero el sistema operativo fue utilizado m\u00e1s tarde para crear Mac OS X.<\/p>\n<p>Recuerda Steve que en el momento en que ten\u00edan encargar el proyecto para la identidad gr\u00e1fica de NeXT, alguien del equipo creativo le recomend\u00f3 contratar a un tal Paul Rand. As\u00ed que Steve se puso a investigar leyendo libros y art\u00edculos sobre Paul Rand, para conocer al hombre detr\u00e1s de logos tan inc\u00f3nicos como el de IBM, UPS, abc, Yale, Ford, Westinhouse, entre otros.<\/p>\n<p>&nbsp;<\/p>\n<p><img loading=\"lazy\" decoding=\"async\" width=\"700\" height=\"350\" class=\"alignnone size-large wp-image-13836\" src=\"https:\/\/blancfestival.com\/wp-content\/uploads\/2023\/05\/next-700x350.jpg\" alt=\"\" srcset=\"https:\/\/blancfestival.com\/wp-content\/uploads\/2023\/05\/next-700x350.jpg 700w, https:\/\/blancfestival.com\/wp-content\/uploads\/2023\/05\/next-250x125.jpg 250w, https:\/\/blancfestival.com\/wp-content\/uploads\/2023\/05\/next-768x384.jpg 768w, https:\/\/blancfestival.com\/wp-content\/uploads\/2023\/05\/next-120x60.jpg 120w, https:\/\/blancfestival.com\/wp-content\/uploads\/2023\/05\/next.jpg 1200w\" sizes=\"auto, (max-width: 700px) 100vw, 700px\" \/><\/p>\n<p>&nbsp;<\/p>\n<h2>El desaf\u00edo del logo de NeTX<\/h2>\n<p>Uno de los principales desaf\u00edos al que tendr\u00eda que enfrentarse Paul Rand, era que Steve Jobs buscaba lo mismo que en su momento se hizo con el logo de Apple: el nombre-s\u00edmbolo. Mientras que la mayor\u00eda de las compa\u00f1\u00edas confiaban \u00fanicamente en un logotipo, Jobs buscaba un s\u00edmbolo, una joya, que pudiera representar a NeXT sin necesidad del nombre. Con el logo de Apple lo ten\u00edan relativamente f\u00e1cil, una manzana es una manzana, escrito o figurado, pero representar el nombre de la empresa en un s\u00edmbolo donde no hab\u00eda una carga te\u00f3rica anterior (todos aprendemos de peque\u00f1os lo que es una manzana, pero nadie nos ense\u00f1a que NeXT es un ordenador) la tarea era m\u00e1s complicada. Por eso Steve buscaba al mejor. Y ese, seg\u00fan lo que pudo averiguar, era nuestro amigo Paul.<\/p>\n<p>&nbsp;<\/p>\n<p><img loading=\"lazy\" decoding=\"async\" width=\"700\" height=\"549\" class=\"alignnone size-full wp-image-13842\" src=\"https:\/\/blancfestival.com\/wp-content\/uploads\/2023\/05\/bocetos-logo-next-paul-rand.jpg\" alt=\"\" srcset=\"https:\/\/blancfestival.com\/wp-content\/uploads\/2023\/05\/bocetos-logo-next-paul-rand.jpg 700w, https:\/\/blancfestival.com\/wp-content\/uploads\/2023\/05\/bocetos-logo-next-paul-rand-250x196.jpg 250w, https:\/\/blancfestival.com\/wp-content\/uploads\/2023\/05\/bocetos-logo-next-paul-rand-120x94.jpg 120w\" sizes=\"auto, (max-width: 700px) 100vw, 700px\" \/><\/p>\n<p>&nbsp;<\/p>\n<h2>La soluci\u00f3n de Paul Rand<\/h2>\n<p>Cuando Steve se acerc\u00f3 a Paul con el desaf\u00edo de su logo, r\u00e1pidamente se dio cuenta de que el dise\u00f1ador lo abordaba como un problema que deb\u00eda ser resuelto, m\u00e1s que como un desaf\u00edo art\u00edstico en s\u00ed mismo. Paul ide\u00f3 una soluci\u00f3n que super\u00f3 las expectativas de Steve creando un s\u00edmbolo que no solo encapsulaba el nombre de la empresa, sino que tambi\u00e9n ten\u00eda el potencial de ser utilizado de manera independiente, como una peque\u00f1a joya. Este enfoque innovador permiti\u00f3 que NeXT estableciera una identidad distintiva y reconocible.<\/p>\n<p>&nbsp;<\/p>\n<p><img loading=\"lazy\" decoding=\"async\" width=\"700\" height=\"502\" class=\"alignnone size-full wp-image-13845\" src=\"https:\/\/blancfestival.com\/wp-content\/uploads\/2023\/05\/next-page.jpg\" alt=\"\" srcset=\"https:\/\/blancfestival.com\/wp-content\/uploads\/2023\/05\/next-page.jpg 700w, https:\/\/blancfestival.com\/wp-content\/uploads\/2023\/05\/next-page-250x179.jpg 250w, https:\/\/blancfestival.com\/wp-content\/uploads\/2023\/05\/next-page-120x86.jpg 120w\" sizes=\"auto, (max-width: 700px) 100vw, 700px\" \/><\/p>\n<p>&nbsp;<\/p>\n<h2>Trabajando con Paul Rand<\/h2>\n<p>Recuerda Steve que cuando le present\u00f3 la propuesta de la identidad de NeXT, este le pregunt\u00f3 si pod\u00eda presentarles m\u00e1s opciones, a lo que Paul Rand respondi\u00f3: \u201cNo, yo resolver\u00e9 el problema por ti, y tu me vas a pagar para que te lo solucione. Si luego lo quieres utilizar o no es tu decisi\u00f3n. Si quieres m\u00e1s opciones b\u00fascate a otro.\u201d<\/p>\n<p>Steve consideraba un privilegio trabajar con Paul Rand. Describi\u00f3 a Paul como una persona excepcional que a pesar de su apariencia dura, ve\u00eda al dise\u00f1ador como alguien con un gran coraz\u00f3n. Destac\u00f3 la profesionalidad de Paul Rand, reconociendo sus profundas reflexiones sobre la relaci\u00f3n entre el cliente y el dise\u00f1ador.<\/p>\n<h2>Principios y enfoque de Paul Rand<\/h2>\n<p>Seg\u00fan el creador de Apple, Paul Rand pose\u00eda una combinaci\u00f3n \u00fanica de sensibilidad art\u00edstica y habilidades pragm\u00e1ticas para resolver problemas. Lo consideraba no solo un artista, sino tambi\u00e9n un solucionador de problemas empresariales. Esta amalgama de perspectivas art\u00edsticas y pr\u00e1cticas defin\u00eda los principios y el enfoque de Paul Rand.<\/p>\n<p>El trabajo de Paul generaba un profundo impacto emocional al mismo tiempo que exhib\u00eda una notable profundidad intelectual. Sus dise\u00f1os resonaban a nivel emocional al tiempo que encarnaban un proceso meticuloso de resoluci\u00f3n de problemas.<\/p>\n<p>Steve era muy fan del ic\u00f3nico cartel de IBM con las letras &#8220;I&#8221;, &#8220;B&#8221; y &#8220;M&#8221; representadas por un ojo (eye), una abeja (bee) y la letra M (fon\u00e9ticamente sonaba igual que IBM). Steve enfatiz\u00f3 que este dise\u00f1o ejemplificaba la capacidad de Paul Rand para combinar la resoluci\u00f3n intelectual de problemas con un impacto emocional profundo, una caracter\u00edstica consistente en su trabajo.<\/p>\n<p>&nbsp;<\/p>\n<p><img loading=\"lazy\" decoding=\"async\" width=\"700\" height=\"1057\" class=\"alignnone size-full wp-image-13848\" src=\"https:\/\/blancfestival.com\/wp-content\/uploads\/2023\/05\/cartel-ibm.jpg\" alt=\"\" srcset=\"https:\/\/blancfestival.com\/wp-content\/uploads\/2023\/05\/cartel-ibm.jpg 700w, https:\/\/blancfestival.com\/wp-content\/uploads\/2023\/05\/cartel-ibm-250x378.jpg 250w, https:\/\/blancfestival.com\/wp-content\/uploads\/2023\/05\/cartel-ibm-120x181.jpg 120w\" sizes=\"auto, (max-width: 700px) 100vw, 700px\" \/><\/p>\n<p>En esta entrevista Steve Jobs reconoce su admiraci\u00f3n por el dise\u00f1ador y el papel fundamental que desempe\u00f1\u00f3 en la formaci\u00f3n de la identidad corporativa de NeXT. La capacidad de Paul para resolver el desaf\u00edo \u00fanico de crear un s\u00edmbolo para la marca, ejemplifica su genialidad como dise\u00f1ador y solucionador de problemas.<\/p>\n<p>Su trabajo y sus principios contin\u00faan inspirando a dise\u00f1adores en todo el mundo. El legado de Paul Rand perdura como el de un dise\u00f1ador extraordinario y un visionario pragm\u00e1tico, \u00edntimamente relacionado con la historia del dise\u00f1o gr\u00e1fico a nivel mundial. Te dejamos aqu\u00ed un <a href=\"https:\/\/blancfestival.com\/10-consejos-de-paul-rand-para-destacar-en-un-mundo-visualmente-saturado\/\">dec\u00e1logo de consejos de Paul Rand para destacar en un mundo visualmente saturado<\/a>.<\/p>\n<p>&nbsp;<\/p>\n<p>&nbsp;<\/p>\n<p><iframe loading=\"lazy\" width=\"100%\" height=\"460\" src=\"https:\/\/www.youtube.com\/embed\/xb8idEf-Iak\" title=\"YouTube video player\" frameborder=\"0\" allow=\"accelerometer; autoplay; clipboard-write; encrypted-media; gyroscope; picture-in-picture; web-share\" allowfullscreen><\/iframe><\/p>\n","protected":false},"excerpt":{"rendered":"En una entrevista realizada en el a\u00f1o 1993, Steve Jobs habla sobre la creaci\u00f3n de la identidad de NeXT, la empresa que fund\u00f3 cuando lo invitaron a irse de Apple. Apenas se vendieron unos cuantos miles de este ordenador con forma de cubo, pero el sistema operativo fue utilizado m\u00e1s tarde para crear Mac OS&hellip;","protected":false},"author":3,"featured_media":13833,"comment_status":"open","ping_status":"open","sticky":false,"template":"","format":"standard","meta":{"_acf_changed":false,"footnotes":""},"categories":[4],"tags":[],"evento":[],"class_list":["post-13832","post","type-post","status-publish","format-standard","has-post-thumbnail","hentry","category-entrevistas"],"acf":[],"yoast_head":"<!-- This site is optimized with the Yoast SEO plugin v23.7 - https:\/\/yoast.com\/wordpress\/plugins\/seo\/ -->\n<title>Cuando Steve conoci\u00f3 a Paul<\/title>\n<meta name=\"description\" content=\"\u201cYo resolver\u00e9 el problema por ti, y tu me vas a pagar para que te lo solucione. Si quieres m\u00e1s opciones b\u00fascate a otro.\u201d Dijo Paul Rand a Steve Jobs.\" \/>\n<meta name=\"robots\" content=\"index, follow, max-snippet:-1, max-image-preview:large, max-video-preview:-1\" \/>\n<link rel=\"canonical\" href=\"https:\/\/blancfestival.com\/cuando-steve-conocio-a-paul\/\" \/>\n<meta property=\"og:locale\" content=\"en_US\" \/>\n<meta property=\"og:type\" content=\"article\" \/>\n<meta property=\"og:title\" content=\"Cuando Steve conoci\u00f3 a Paul\" \/>\n<meta property=\"og:description\" content=\"\u201cYo resolver\u00e9 el problema por ti, y tu me vas a pagar para que te lo solucione. Si quieres m\u00e1s opciones b\u00fascate a otro.\u201d Dijo Paul Rand a Steve Jobs.\" \/>\n<meta property=\"og:url\" content=\"https:\/\/blancfestival.com\/cuando-steve-conocio-a-paul\/\" \/>\n<meta property=\"og:site_name\" content=\"Blanc!\" \/>\n<meta property=\"article:publisher\" content=\"https:\/\/www.facebook.com\/blanc.festivaldissenygrafic\/\" \/>\n<meta property=\"article:published_time\" content=\"2023-05-30T08:18:37+00:00\" \/>\n<meta property=\"article:modified_time\" content=\"2023-05-30T08:39:03+00:00\" \/>\n<meta property=\"og:image\" content=\"https:\/\/blancfestival.com\/wp-content\/uploads\/2023\/05\/steve-next.jpeg\" \/>\n\t<meta property=\"og:image:width\" content=\"1366\" \/>\n\t<meta property=\"og:image:height\" content=\"838\" \/>\n\t<meta property=\"og:image:type\" content=\"image\/jpeg\" \/>\n<meta name=\"author\" content=\"Redacci\u00f3n Blanc!\" \/>\n<meta name=\"twitter:card\" content=\"summary_large_image\" \/>\n<meta name=\"twitter:creator\" content=\"@blancfest\" \/>\n<meta name=\"twitter:site\" content=\"@blancfest\" \/>\n<meta name=\"twitter:label1\" content=\"Written by\" \/>\n\t<meta name=\"twitter:data1\" content=\"Redacci\u00f3n Blanc!\" \/>\n\t<meta name=\"twitter:label2\" content=\"Est. reading time\" \/>\n\t<meta name=\"twitter:data2\" content=\"4 minutes\" \/>\n<script type=\"application\/ld+json\" class=\"yoast-schema-graph\">{\"@context\":\"https:\/\/schema.org\",\"@graph\":[{\"@type\":\"Article\",\"@id\":\"https:\/\/blancfestival.com\/cuando-steve-conocio-a-paul\/#article\",\"isPartOf\":{\"@id\":\"https:\/\/blancfestival.com\/cuando-steve-conocio-a-paul\/\"},\"author\":{\"name\":\"Redacci\u00f3n Blanc!\",\"@id\":\"https:\/\/blancfestival.com\/#\/schema\/person\/1c1365d1e51e5730cf3f5fadb8670c06\"},\"headline\":\"Cuando Steve conoci\u00f3 a Paul\",\"datePublished\":\"2023-05-30T08:18:37+00:00\",\"dateModified\":\"2023-05-30T08:39:03+00:00\",\"mainEntityOfPage\":{\"@id\":\"https:\/\/blancfestival.com\/cuando-steve-conocio-a-paul\/\"},\"wordCount\":818,\"commentCount\":0,\"publisher\":{\"@id\":\"https:\/\/blancfestival.com\/#organization\"},\"image\":{\"@id\":\"https:\/\/blancfestival.com\/cuando-steve-conocio-a-paul\/#primaryimage\"},\"thumbnailUrl\":\"https:\/\/blancfestival.com\/wp-content\/uploads\/2023\/05\/steve-next.jpeg\",\"articleSection\":[\"Entrevistas\"],\"inLanguage\":\"en-US\",\"potentialAction\":[{\"@type\":\"CommentAction\",\"name\":\"Comment\",\"target\":[\"https:\/\/blancfestival.com\/cuando-steve-conocio-a-paul\/#respond\"]}]},{\"@type\":\"WebPage\",\"@id\":\"https:\/\/blancfestival.com\/cuando-steve-conocio-a-paul\/\",\"url\":\"https:\/\/blancfestival.com\/cuando-steve-conocio-a-paul\/\",\"name\":\"Cuando Steve conoci\u00f3 a Paul\",\"isPartOf\":{\"@id\":\"https:\/\/blancfestival.com\/#website\"},\"primaryImageOfPage\":{\"@id\":\"https:\/\/blancfestival.com\/cuando-steve-conocio-a-paul\/#primaryimage\"},\"image\":{\"@id\":\"https:\/\/blancfestival.com\/cuando-steve-conocio-a-paul\/#primaryimage\"},\"thumbnailUrl\":\"https:\/\/blancfestival.com\/wp-content\/uploads\/2023\/05\/steve-next.jpeg\",\"datePublished\":\"2023-05-30T08:18:37+00:00\",\"dateModified\":\"2023-05-30T08:39:03+00:00\",\"description\":\"\u201cYo resolver\u00e9 el problema por ti, y tu me vas a pagar para que te lo solucione. Si quieres m\u00e1s opciones b\u00fascate a otro.\u201d Dijo Paul Rand a Steve Jobs.\",\"breadcrumb\":{\"@id\":\"https:\/\/blancfestival.com\/cuando-steve-conocio-a-paul\/#breadcrumb\"},\"inLanguage\":\"en-US\",\"potentialAction\":[{\"@type\":\"ReadAction\",\"target\":[\"https:\/\/blancfestival.com\/cuando-steve-conocio-a-paul\/\"]}]},{\"@type\":\"ImageObject\",\"inLanguage\":\"en-US\",\"@id\":\"https:\/\/blancfestival.com\/cuando-steve-conocio-a-paul\/#primaryimage\",\"url\":\"https:\/\/blancfestival.com\/wp-content\/uploads\/2023\/05\/steve-next.jpeg\",\"contentUrl\":\"https:\/\/blancfestival.com\/wp-content\/uploads\/2023\/05\/steve-next.jpeg\",\"width\":1366,\"height\":838},{\"@type\":\"BreadcrumbList\",\"@id\":\"https:\/\/blancfestival.com\/cuando-steve-conocio-a-paul\/#breadcrumb\",\"itemListElement\":[{\"@type\":\"ListItem\",\"position\":1,\"name\":\"Portada\",\"item\":\"https:\/\/blancfestival.com\/en\/\"},{\"@type\":\"ListItem\",\"position\":2,\"name\":\"Cuando Steve conoci\u00f3 a Paul\"}]},{\"@type\":\"WebSite\",\"@id\":\"https:\/\/blancfestival.com\/#website\",\"url\":\"https:\/\/blancfestival.com\/\",\"name\":\"Blanc! Festival\",\"description\":\"Dise\u00f1o, Creatividad e Innovaci\u00f3n\",\"publisher\":{\"@id\":\"https:\/\/blancfestival.com\/#organization\"},\"potentialAction\":[{\"@type\":\"SearchAction\",\"target\":{\"@type\":\"EntryPoint\",\"urlTemplate\":\"https:\/\/blancfestival.com\/?s={search_term_string}\"},\"query-input\":{\"@type\":\"PropertyValueSpecification\",\"valueRequired\":true,\"valueName\":\"search_term_string\"}}],\"inLanguage\":\"en-US\"},{\"@type\":\"Organization\",\"@id\":\"https:\/\/blancfestival.com\/#organization\",\"name\":\"Blanc! Festival de Dise\u00f1o, Creatividad e Innovaci\u00f3n\",\"url\":\"https:\/\/blancfestival.com\/\",\"logo\":{\"@type\":\"ImageObject\",\"inLanguage\":\"en-US\",\"@id\":\"https:\/\/blancfestival.com\/#\/schema\/logo\/image\/\",\"url\":\"https:\/\/blancfestival.com\/wp-content\/uploads\/2025\/01\/logo_icono_blanc.jpg\",\"contentUrl\":\"https:\/\/blancfestival.com\/wp-content\/uploads\/2025\/01\/logo_icono_blanc.jpg\",\"width\":2000,\"height\":2000,\"caption\":\"Blanc! Festival de Dise\u00f1o, Creatividad e Innovaci\u00f3n\"},\"image\":{\"@id\":\"https:\/\/blancfestival.com\/#\/schema\/logo\/image\/\"},\"sameAs\":[\"https:\/\/www.facebook.com\/blanc.festivaldissenygrafic\/\",\"https:\/\/x.com\/blancfest\",\"https:\/\/www.instagram.com\/blancfest\/\",\"https:\/\/www.linkedin.com\/company\/blanc-festival\",\"https:\/\/www.pinterest.com\/blancfest\/\",\"https:\/\/www.youtube.com\/channel\/UCM-IjxOFb5gQg4yPgmze3Gg\"]},{\"@type\":\"Person\",\"@id\":\"https:\/\/blancfestival.com\/#\/schema\/person\/1c1365d1e51e5730cf3f5fadb8670c06\",\"name\":\"Redacci\u00f3n Blanc!\",\"image\":{\"@type\":\"ImageObject\",\"inLanguage\":\"en-US\",\"@id\":\"https:\/\/blancfestival.com\/#\/schema\/person\/image\/\",\"url\":\"https:\/\/blancfestival.com\/wp-content\/uploads\/2020\/02\/ico-120x120.png\",\"contentUrl\":\"https:\/\/blancfestival.com\/wp-content\/uploads\/2020\/02\/ico-120x120.png\",\"caption\":\"Redacci\u00f3n Blanc!\"},\"description\":\"\u201cNo trates de doblar la cuchara. Es imposible. En lugar de hacerlo, solo intenta darte cuenta de la verdad\u2026 No hay cuchara. Entonces, ver\u00e1s que no es la cuchara lo que se dobla, te doblas t\u00fa\u201d\"}]}<\/script>\n<!-- \/ Yoast SEO plugin. -->","yoast_head_json":{"title":"Cuando Steve conoci\u00f3 a Paul","description":"\u201cYo resolver\u00e9 el problema por ti, y tu me vas a pagar para que te lo solucione. Si quieres m\u00e1s opciones b\u00fascate a otro.\u201d Dijo Paul Rand a Steve Jobs.","robots":{"index":"index","follow":"follow","max-snippet":"max-snippet:-1","max-image-preview":"max-image-preview:large","max-video-preview":"max-video-preview:-1"},"canonical":"https:\/\/blancfestival.com\/cuando-steve-conocio-a-paul\/","og_locale":"en_US","og_type":"article","og_title":"Cuando Steve conoci\u00f3 a Paul","og_description":"\u201cYo resolver\u00e9 el problema por ti, y tu me vas a pagar para que te lo solucione. Si quieres m\u00e1s opciones b\u00fascate a otro.\u201d Dijo Paul Rand a Steve Jobs.","og_url":"https:\/\/blancfestival.com\/cuando-steve-conocio-a-paul\/","og_site_name":"Blanc!","article_publisher":"https:\/\/www.facebook.com\/blanc.festivaldissenygrafic\/","article_published_time":"2023-05-30T08:18:37+00:00","article_modified_time":"2023-05-30T08:39:03+00:00","og_image":[{"width":1366,"height":838,"url":"https:\/\/blancfestival.com\/wp-content\/uploads\/2023\/05\/steve-next.jpeg","type":"image\/jpeg"}],"author":"Redacci\u00f3n Blanc!","twitter_card":"summary_large_image","twitter_creator":"@blancfest","twitter_site":"@blancfest","twitter_misc":{"Written by":"Redacci\u00f3n Blanc!","Est. reading time":"4 minutes"},"schema":{"@context":"https:\/\/schema.org","@graph":[{"@type":"Article","@id":"https:\/\/blancfestival.com\/cuando-steve-conocio-a-paul\/#article","isPartOf":{"@id":"https:\/\/blancfestival.com\/cuando-steve-conocio-a-paul\/"},"author":{"name":"Redacci\u00f3n Blanc!","@id":"https:\/\/blancfestival.com\/#\/schema\/person\/1c1365d1e51e5730cf3f5fadb8670c06"},"headline":"Cuando Steve conoci\u00f3 a Paul","datePublished":"2023-05-30T08:18:37+00:00","dateModified":"2023-05-30T08:39:03+00:00","mainEntityOfPage":{"@id":"https:\/\/blancfestival.com\/cuando-steve-conocio-a-paul\/"},"wordCount":818,"commentCount":0,"publisher":{"@id":"https:\/\/blancfestival.com\/#organization"},"image":{"@id":"https:\/\/blancfestival.com\/cuando-steve-conocio-a-paul\/#primaryimage"},"thumbnailUrl":"https:\/\/blancfestival.com\/wp-content\/uploads\/2023\/05\/steve-next.jpeg","articleSection":["Entrevistas"],"inLanguage":"en-US","potentialAction":[{"@type":"CommentAction","name":"Comment","target":["https:\/\/blancfestival.com\/cuando-steve-conocio-a-paul\/#respond"]}]},{"@type":"WebPage","@id":"https:\/\/blancfestival.com\/cuando-steve-conocio-a-paul\/","url":"https:\/\/blancfestival.com\/cuando-steve-conocio-a-paul\/","name":"Cuando Steve conoci\u00f3 a Paul","isPartOf":{"@id":"https:\/\/blancfestival.com\/#website"},"primaryImageOfPage":{"@id":"https:\/\/blancfestival.com\/cuando-steve-conocio-a-paul\/#primaryimage"},"image":{"@id":"https:\/\/blancfestival.com\/cuando-steve-conocio-a-paul\/#primaryimage"},"thumbnailUrl":"https:\/\/blancfestival.com\/wp-content\/uploads\/2023\/05\/steve-next.jpeg","datePublished":"2023-05-30T08:18:37+00:00","dateModified":"2023-05-30T08:39:03+00:00","description":"\u201cYo resolver\u00e9 el problema por ti, y tu me vas a pagar para que te lo solucione. Si quieres m\u00e1s opciones b\u00fascate a otro.\u201d Dijo Paul Rand a Steve Jobs.","breadcrumb":{"@id":"https:\/\/blancfestival.com\/cuando-steve-conocio-a-paul\/#breadcrumb"},"inLanguage":"en-US","potentialAction":[{"@type":"ReadAction","target":["https:\/\/blancfestival.com\/cuando-steve-conocio-a-paul\/"]}]},{"@type":"ImageObject","inLanguage":"en-US","@id":"https:\/\/blancfestival.com\/cuando-steve-conocio-a-paul\/#primaryimage","url":"https:\/\/blancfestival.com\/wp-content\/uploads\/2023\/05\/steve-next.jpeg","contentUrl":"https:\/\/blancfestival.com\/wp-content\/uploads\/2023\/05\/steve-next.jpeg","width":1366,"height":838},{"@type":"BreadcrumbList","@id":"https:\/\/blancfestival.com\/cuando-steve-conocio-a-paul\/#breadcrumb","itemListElement":[{"@type":"ListItem","position":1,"name":"Portada","item":"https:\/\/blancfestival.com\/en\/"},{"@type":"ListItem","position":2,"name":"Cuando Steve conoci\u00f3 a Paul"}]},{"@type":"WebSite","@id":"https:\/\/blancfestival.com\/#website","url":"https:\/\/blancfestival.com\/","name":"Blanc! Festival","description":"Dise\u00f1o, Creatividad e Innovaci\u00f3n","publisher":{"@id":"https:\/\/blancfestival.com\/#organization"},"potentialAction":[{"@type":"SearchAction","target":{"@type":"EntryPoint","urlTemplate":"https:\/\/blancfestival.com\/?s={search_term_string}"},"query-input":{"@type":"PropertyValueSpecification","valueRequired":true,"valueName":"search_term_string"}}],"inLanguage":"en-US"},{"@type":"Organization","@id":"https:\/\/blancfestival.com\/#organization","name":"Blanc! Festival de Dise\u00f1o, Creatividad e Innovaci\u00f3n","url":"https:\/\/blancfestival.com\/","logo":{"@type":"ImageObject","inLanguage":"en-US","@id":"https:\/\/blancfestival.com\/#\/schema\/logo\/image\/","url":"https:\/\/blancfestival.com\/wp-content\/uploads\/2025\/01\/logo_icono_blanc.jpg","contentUrl":"https:\/\/blancfestival.com\/wp-content\/uploads\/2025\/01\/logo_icono_blanc.jpg","width":2000,"height":2000,"caption":"Blanc! Festival de Dise\u00f1o, Creatividad e Innovaci\u00f3n"},"image":{"@id":"https:\/\/blancfestival.com\/#\/schema\/logo\/image\/"},"sameAs":["https:\/\/www.facebook.com\/blanc.festivaldissenygrafic\/","https:\/\/x.com\/blancfest","https:\/\/www.instagram.com\/blancfest\/","https:\/\/www.linkedin.com\/company\/blanc-festival","https:\/\/www.pinterest.com\/blancfest\/","https:\/\/www.youtube.com\/channel\/UCM-IjxOFb5gQg4yPgmze3Gg"]},{"@type":"Person","@id":"https:\/\/blancfestival.com\/#\/schema\/person\/1c1365d1e51e5730cf3f5fadb8670c06","name":"Redacci\u00f3n Blanc!","image":{"@type":"ImageObject","inLanguage":"en-US","@id":"https:\/\/blancfestival.com\/#\/schema\/person\/image\/","url":"https:\/\/blancfestival.com\/wp-content\/uploads\/2020\/02\/ico-120x120.png","contentUrl":"https:\/\/blancfestival.com\/wp-content\/uploads\/2020\/02\/ico-120x120.png","caption":"Redacci\u00f3n Blanc!"},"description":"\u201cNo trates de doblar la cuchara. Es imposible. En lugar de hacerlo, solo intenta darte cuenta de la verdad\u2026 No hay cuchara. Entonces, ver\u00e1s que no es la cuchara lo que se dobla, te doblas t\u00fa\u201d"}]}},"_links":{"self":[{"href":"https:\/\/blancfestival.com\/en\/wp-json\/wp\/v2\/posts\/13832","targetHints":{"allow":["GET"]}}],"collection":[{"href":"https:\/\/blancfestival.com\/en\/wp-json\/wp\/v2\/posts"}],"about":[{"href":"https:\/\/blancfestival.com\/en\/wp-json\/wp\/v2\/types\/post"}],"author":[{"embeddable":true,"href":"https:\/\/blancfestival.com\/en\/wp-json\/wp\/v2\/users\/3"}],"replies":[{"embeddable":true,"href":"https:\/\/blancfestival.com\/en\/wp-json\/wp\/v2\/comments?post=13832"}],"version-history":[{"count":6,"href":"https:\/\/blancfestival.com\/en\/wp-json\/wp\/v2\/posts\/13832\/revisions"}],"predecessor-version":[{"id":13856,"href":"https:\/\/blancfestival.com\/en\/wp-json\/wp\/v2\/posts\/13832\/revisions\/13856"}],"wp:featuredmedia":[{"embeddable":true,"href":"https:\/\/blancfestival.com\/en\/wp-json\/wp\/v2\/media\/13833"}],"wp:attachment":[{"href":"https:\/\/blancfestival.com\/en\/wp-json\/wp\/v2\/media?parent=13832"}],"wp:term":[{"taxonomy":"category","embeddable":true,"href":"https:\/\/blancfestival.com\/en\/wp-json\/wp\/v2\/categories?post=13832"},{"taxonomy":"post_tag","embeddable":true,"href":"https:\/\/blancfestival.com\/en\/wp-json\/wp\/v2\/tags?post=13832"},{"taxonomy":"evento","embeddable":true,"href":"https:\/\/blancfestival.com\/en\/wp-json\/wp\/v2\/evento?post=13832"}],"curies":[{"name":"wp","href":"https:\/\/api.w.org\/{rel}","templated":true}]}}