{"id":15563,"date":"2023-12-05T14:11:57","date_gmt":"2023-12-05T13:11:57","guid":{"rendered":"https:\/\/blancfestival.com\/zuzana-licko-revista-emigre\/"},"modified":"2023-12-05T14:12:29","modified_gmt":"2023-12-05T13:12:29","slug":"zuzana-licko-revista-emigre","status":"publish","type":"post","link":"https:\/\/blancfestival.com\/en\/zuzana-licko-revista-emigre\/","title":{"rendered":"Zuzana Licko y la revista Emigre"},"content":{"rendered":"<p>\u00bfAlguna vez has o\u00eddo hablar de Zuzana Licko? Tal vez te suene un poco, o quiz\u00e1s no. Pero si mencionamos la revista Emigre, seguro que se enciende una peque\u00f1a luz en tu interior, especialmente si perteneces a la misteriosa generaci\u00f3n X. Esta es la historia de c\u00f3mo una dise\u00f1adora de tipograf\u00edas y una revista revolucionaron el mundo del dise\u00f1o gr\u00e1fico y el dise\u00f1o de tipograf\u00edas para siempre.<\/p>\n<p>&nbsp;<\/p>\n<h2>Or\u00edgenes de la revista Emigre<\/h2>\n<p>En los locos a\u00f1os 80, dos estudiantes de California, Zuzana Licko y Rudy VanderLans, iniciaron un viaje que marcar\u00eda un antes y un despu\u00e9s en el dise\u00f1o gr\u00e1fico. Tras graduarse y explorar diversos trabajos, fundaron Emigre Graphics y dieron vida a la revista autoeditada Emigre. Con un presupuesto m\u00e1s ajustado que un pantal\u00f3n pitillo, utilizaron la tipograf\u00eda de una m\u00e1quina de escribir, ingeniosamente redimensionada con una fotocopiadora. \u00bfQui\u00e9n necesita dinero cuando tienes creatividad?<\/p>\n<p>&nbsp;<\/p>\n<p><img loading=\"lazy\" decoding=\"async\" width=\"700\" height=\"1018\" class=\"alignnone size-large wp-image-15546\" src=\"https:\/\/blancfestival.com\/wp-content\/uploads\/2023\/12\/zuzana-licko-Emigre-portadas-700x1018.jpg\" alt=\"\" srcset=\"https:\/\/blancfestival.com\/wp-content\/uploads\/2023\/12\/zuzana-licko-Emigre-portadas-700x1018.jpg 700w, https:\/\/blancfestival.com\/wp-content\/uploads\/2023\/12\/zuzana-licko-Emigre-portadas-250x364.jpg 250w, https:\/\/blancfestival.com\/wp-content\/uploads\/2023\/12\/zuzana-licko-Emigre-portadas-768x1117.jpg 768w, https:\/\/blancfestival.com\/wp-content\/uploads\/2023\/12\/zuzana-licko-Emigre-portadas-120x175.jpg 120w, https:\/\/blancfestival.com\/wp-content\/uploads\/2023\/12\/zuzana-licko-Emigre-portadas.jpg 990w\" sizes=\"auto, (max-width: 700px) 100vw, 700px\" \/><\/p>\n<p>&nbsp;<\/p>\n<h2>La Era del Macintosh y la Innovaci\u00f3n en la Tipograf\u00eda<\/h2>\n<p>Todo cambi\u00f3 con la llegada de un Macintosh en 1984. Este cacharrito, con apenas 128k de memoria y un mouse (s\u00ed, \u00a1un mouse!), fue el lienzo en blanco para Licko. Empez\u00f3 a experimentar con herramientas de creaci\u00f3n de gr\u00e1ficos en mapa de bits, dando vida a tipograf\u00edas \u00fanicas para Emigre. \u00bfQui\u00e9n iba a pensar que esos peque\u00f1os pixels crear\u00edan una revoluci\u00f3n?<\/p>\n<p>&nbsp;<\/p>\n<h2>Cr\u00edticas y Reconocimiento<\/h2>\n<p>Al principio, el trabajo de Licko no fue tomado en serio. Incluso fue criticada por adaptar y crear tipos digitales. El mism\u00edsimo Massimo Vignelli llam\u00f3 a la revista Emigre un &#8220;vertedero de basura tipogr\u00e1fica&#8221;. Pero a\u00f1os despu\u00e9s, nuestro querido Massimo dise\u00f1ar\u00eda un cartel para la promoci\u00f3n de la tipograf\u00eda Filosof\u00eda de Licko, con el titular &#8220;It\u2019s Their Bodoni&#8221;.<\/p>\n<p>&nbsp;<\/p>\n<p><img loading=\"lazy\" decoding=\"async\" width=\"700\" height=\"481\" class=\"alignnone size-large wp-image-15552\" src=\"https:\/\/blancfestival.com\/wp-content\/uploads\/2023\/12\/istheirbodoni-700x481.jpg\" alt=\"\" srcset=\"https:\/\/blancfestival.com\/wp-content\/uploads\/2023\/12\/istheirbodoni-700x481.jpg 700w, https:\/\/blancfestival.com\/wp-content\/uploads\/2023\/12\/istheirbodoni-250x172.jpg 250w, https:\/\/blancfestival.com\/wp-content\/uploads\/2023\/12\/istheirbodoni-768x527.jpg 768w, https:\/\/blancfestival.com\/wp-content\/uploads\/2023\/12\/istheirbodoni-120x82.jpg 120w, https:\/\/blancfestival.com\/wp-content\/uploads\/2023\/12\/istheirbodoni.jpg 1280w\" sizes=\"auto, (max-width: 700px) 100vw, 700px\" \/><\/p>\n<p><img loading=\"lazy\" decoding=\"async\" width=\"700\" height=\"350\" class=\"alignnone size-large wp-image-15555\" src=\"https:\/\/blancfestival.com\/wp-content\/uploads\/2023\/12\/Filosofia0-700x350.png\" alt=\"\" srcset=\"https:\/\/blancfestival.com\/wp-content\/uploads\/2023\/12\/Filosofia0-700x350.png 700w, https:\/\/blancfestival.com\/wp-content\/uploads\/2023\/12\/Filosofia0-250x125.png 250w, https:\/\/blancfestival.com\/wp-content\/uploads\/2023\/12\/Filosofia0-768x384.png 768w, https:\/\/blancfestival.com\/wp-content\/uploads\/2023\/12\/Filosofia0-120x60.png 120w, https:\/\/blancfestival.com\/wp-content\/uploads\/2023\/12\/Filosofia0.png 1440w\" sizes=\"auto, (max-width: 700px) 100vw, 700px\" \/><\/p>\n<p><img loading=\"lazy\" decoding=\"async\" width=\"700\" height=\"350\" class=\"alignnone size-large wp-image-15558\" src=\"https:\/\/blancfestival.com\/wp-content\/uploads\/2023\/12\/Filosofia3-700x350.png\" alt=\"\" srcset=\"https:\/\/blancfestival.com\/wp-content\/uploads\/2023\/12\/Filosofia3-700x350.png 700w, https:\/\/blancfestival.com\/wp-content\/uploads\/2023\/12\/Filosofia3-250x125.png 250w, https:\/\/blancfestival.com\/wp-content\/uploads\/2023\/12\/Filosofia3-768x384.png 768w, https:\/\/blancfestival.com\/wp-content\/uploads\/2023\/12\/Filosofia3-120x60.png 120w, https:\/\/blancfestival.com\/wp-content\/uploads\/2023\/12\/Filosofia3.png 1440w\" sizes=\"auto, (max-width: 700px) 100vw, 700px\" \/><\/p>\n<p>&nbsp;<\/p>\n<h2>Emigre: M\u00e1s que una Revista<\/h2>\n<p>Emigre no era solo una revista; era un laboratorio de dise\u00f1o tipogr\u00e1fico y una galer\u00eda de arte. Inicialmente pensada para mostrar el trabajo de artistas y arquitectos, pronto se convirti\u00f3 en un campo de pruebas para nuevas fuentes. Las creaciones de Licko, como Emperor y Oakland, nacieron de la necesidad y se convirtieron en iconos del dise\u00f1o digital.<\/p>\n<p>En palabras de Licko: &#8220;Al principio, nadie tomaba en serio mi trabajo; ahora, el problema es que no dejan de copiarlo&#8221;.<\/p>\n<p>&nbsp;<\/p>\n<h2>Impacto y Legado de Zuzana Licko<\/h2>\n<p>Licko no solo cambi\u00f3 la forma en que pensamos sobre la tipograf\u00eda, sino que tambi\u00e9n desafi\u00f3 las convenciones del dise\u00f1o gr\u00e1fico. Su trabajo, a menudo visto como rebelde y vanguardista, ha dejado una huella indeleble en el campo del dise\u00f1o digital. Su legado vive en cada pixel y cada letra de las tipograf\u00edas modernas.<\/p>\n<p>Zuzana Licko y Emigre no son solo nombres en la historia del dise\u00f1o gr\u00e1fico; son sin\u00f3nimos de innovaci\u00f3n, rebeld\u00eda y creatividad. Su influencia se extiende mucho m\u00e1s all\u00e1 de la generaci\u00f3n X y contin\u00faa inspirando a dise\u00f1adores de todo el mundo. Licko nos ense\u00f1\u00f3 que, con un poco de ingenio y mucha audacia, incluso los recursos m\u00e1s limitados pueden transformarse en algo extraordinario.<\/p>\n","protected":false},"excerpt":{"rendered":"\u00bfAlguna vez has o\u00eddo hablar de Zuzana Licko? Tal vez te suene un poco, o quiz\u00e1s no. Pero si mencionamos la revista Emigre, seguro que se enciende una peque\u00f1a luz en tu interior, especialmente si perteneces a la misteriosa generaci\u00f3n X. Esta es la historia de c\u00f3mo una dise\u00f1adora de tipograf\u00edas y una revista revolucionaron&hellip;","protected":false},"author":3,"featured_media":15551,"comment_status":"closed","ping_status":"closed","sticky":false,"template":"","format":"standard","meta":{"_acf_changed":false,"footnotes":""},"categories":[92,10],"tags":[],"evento":[],"class_list":["post-15563","post","type-post","status-publish","format-standard","has-post-thumbnail","hentry","category-design","category-uncategorized"],"acf":[],"yoast_head":"<!-- This site is optimized with the Yoast SEO plugin v23.7 - https:\/\/yoast.com\/wordpress\/plugins\/seo\/ -->\n<title>Zuzana Licko y la revista Emigre<\/title>\n<meta name=\"robots\" content=\"index, follow, max-snippet:-1, max-image-preview:large, max-video-preview:-1\" \/>\n<link rel=\"canonical\" href=\"https:\/\/blancfestival.com\/en\/zuzana-licko-revista-emigre\/\" \/>\n<meta property=\"og:locale\" content=\"en_US\" \/>\n<meta property=\"og:type\" content=\"article\" \/>\n<meta property=\"og:title\" content=\"Zuzana Licko y la revista Emigre\" \/>\n<meta property=\"og:description\" content=\"\u00bfAlguna vez has o\u00eddo hablar de Zuzana Licko? Tal vez te suene un poco, o quiz\u00e1s no. Pero si mencionamos la revista Emigre, seguro que se enciende una peque\u00f1a luz en tu interior, especialmente si perteneces a la misteriosa generaci\u00f3n X. Esta es la historia de c\u00f3mo una dise\u00f1adora de tipograf\u00edas y una revista revolucionaron&hellip;\" \/>\n<meta property=\"og:url\" content=\"https:\/\/blancfestival.com\/en\/zuzana-licko-revista-emigre\/\" \/>\n<meta property=\"og:site_name\" content=\"Blanc!\" \/>\n<meta property=\"article:publisher\" content=\"https:\/\/www.facebook.com\/blanc.festivaldissenygrafic\/\" \/>\n<meta property=\"article:published_time\" content=\"2023-12-05T13:11:57+00:00\" \/>\n<meta property=\"article:modified_time\" content=\"2023-12-05T13:12:29+00:00\" \/>\n<meta property=\"og:image\" content=\"https:\/\/blancfestival.com\/wp-content\/uploads\/2023\/12\/zuzana-licko-1-low.jpg\" \/>\n\t<meta property=\"og:image:width\" content=\"600\" \/>\n\t<meta property=\"og:image:height\" content=\"494\" \/>\n\t<meta property=\"og:image:type\" content=\"image\/jpeg\" \/>\n<meta name=\"author\" content=\"Redacci\u00f3n Blanc!\" \/>\n<meta name=\"twitter:card\" content=\"summary_large_image\" \/>\n<meta name=\"twitter:creator\" content=\"@blancfest\" \/>\n<meta name=\"twitter:site\" content=\"@blancfest\" \/>\n<meta name=\"twitter:label1\" content=\"Written by\" \/>\n\t<meta name=\"twitter:data1\" content=\"Redacci\u00f3n Blanc!\" \/>\n\t<meta name=\"twitter:label2\" content=\"Est. reading time\" \/>\n\t<meta name=\"twitter:data2\" content=\"3 minutes\" \/>\n<script type=\"application\/ld+json\" class=\"yoast-schema-graph\">{\"@context\":\"https:\/\/schema.org\",\"@graph\":[{\"@type\":\"Article\",\"@id\":\"https:\/\/blancfestival.com\/en\/zuzana-licko-revista-emigre\/#article\",\"isPartOf\":{\"@id\":\"https:\/\/blancfestival.com\/en\/zuzana-licko-revista-emigre\/\"},\"author\":{\"name\":\"Redacci\u00f3n Blanc!\",\"@id\":\"https:\/\/blancfestival.com\/#\/schema\/person\/1c1365d1e51e5730cf3f5fadb8670c06\"},\"headline\":\"Zuzana Licko y la revista Emigre\",\"datePublished\":\"2023-12-05T13:11:57+00:00\",\"dateModified\":\"2023-12-05T13:12:29+00:00\",\"mainEntityOfPage\":{\"@id\":\"https:\/\/blancfestival.com\/en\/zuzana-licko-revista-emigre\/\"},\"wordCount\":558,\"publisher\":{\"@id\":\"https:\/\/blancfestival.com\/#organization\"},\"image\":{\"@id\":\"https:\/\/blancfestival.com\/en\/zuzana-licko-revista-emigre\/#primaryimage\"},\"thumbnailUrl\":\"https:\/\/blancfestival.com\/wp-content\/uploads\/2023\/12\/zuzana-licko-1-low.jpg\",\"articleSection\":[\"Design\"],\"inLanguage\":\"en-US\"},{\"@type\":\"WebPage\",\"@id\":\"https:\/\/blancfestival.com\/en\/zuzana-licko-revista-emigre\/\",\"url\":\"https:\/\/blancfestival.com\/en\/zuzana-licko-revista-emigre\/\",\"name\":\"Zuzana Licko y la revista Emigre\",\"isPartOf\":{\"@id\":\"https:\/\/blancfestival.com\/#website\"},\"primaryImageOfPage\":{\"@id\":\"https:\/\/blancfestival.com\/en\/zuzana-licko-revista-emigre\/#primaryimage\"},\"image\":{\"@id\":\"https:\/\/blancfestival.com\/en\/zuzana-licko-revista-emigre\/#primaryimage\"},\"thumbnailUrl\":\"https:\/\/blancfestival.com\/wp-content\/uploads\/2023\/12\/zuzana-licko-1-low.jpg\",\"datePublished\":\"2023-12-05T13:11:57+00:00\",\"dateModified\":\"2023-12-05T13:12:29+00:00\",\"breadcrumb\":{\"@id\":\"https:\/\/blancfestival.com\/en\/zuzana-licko-revista-emigre\/#breadcrumb\"},\"inLanguage\":\"en-US\",\"potentialAction\":[{\"@type\":\"ReadAction\",\"target\":[\"https:\/\/blancfestival.com\/en\/zuzana-licko-revista-emigre\/\"]}]},{\"@type\":\"ImageObject\",\"inLanguage\":\"en-US\",\"@id\":\"https:\/\/blancfestival.com\/en\/zuzana-licko-revista-emigre\/#primaryimage\",\"url\":\"https:\/\/blancfestival.com\/wp-content\/uploads\/2023\/12\/zuzana-licko-1-low.jpg\",\"contentUrl\":\"https:\/\/blancfestival.com\/wp-content\/uploads\/2023\/12\/zuzana-licko-1-low.jpg\",\"width\":600,\"height\":494},{\"@type\":\"BreadcrumbList\",\"@id\":\"https:\/\/blancfestival.com\/en\/zuzana-licko-revista-emigre\/#breadcrumb\",\"itemListElement\":[{\"@type\":\"ListItem\",\"position\":1,\"name\":\"Portada\",\"item\":\"https:\/\/blancfestival.com\/en\/\"},{\"@type\":\"ListItem\",\"position\":2,\"name\":\"Zuzana Licko y la revista Emigre\"}]},{\"@type\":\"WebSite\",\"@id\":\"https:\/\/blancfestival.com\/#website\",\"url\":\"https:\/\/blancfestival.com\/\",\"name\":\"Blanc! Festival\",\"description\":\"Dise\u00f1o, Creatividad e Innovaci\u00f3n\",\"publisher\":{\"@id\":\"https:\/\/blancfestival.com\/#organization\"},\"potentialAction\":[{\"@type\":\"SearchAction\",\"target\":{\"@type\":\"EntryPoint\",\"urlTemplate\":\"https:\/\/blancfestival.com\/?s={search_term_string}\"},\"query-input\":{\"@type\":\"PropertyValueSpecification\",\"valueRequired\":true,\"valueName\":\"search_term_string\"}}],\"inLanguage\":\"en-US\"},{\"@type\":\"Organization\",\"@id\":\"https:\/\/blancfestival.com\/#organization\",\"name\":\"Blanc! Festival de Dise\u00f1o, Creatividad e Innovaci\u00f3n\",\"url\":\"https:\/\/blancfestival.com\/\",\"logo\":{\"@type\":\"ImageObject\",\"inLanguage\":\"en-US\",\"@id\":\"https:\/\/blancfestival.com\/#\/schema\/logo\/image\/\",\"url\":\"https:\/\/blancfestival.com\/wp-content\/uploads\/2025\/01\/logo_icono_blanc.jpg\",\"contentUrl\":\"https:\/\/blancfestival.com\/wp-content\/uploads\/2025\/01\/logo_icono_blanc.jpg\",\"width\":2000,\"height\":2000,\"caption\":\"Blanc! Festival de Dise\u00f1o, Creatividad e Innovaci\u00f3n\"},\"image\":{\"@id\":\"https:\/\/blancfestival.com\/#\/schema\/logo\/image\/\"},\"sameAs\":[\"https:\/\/www.facebook.com\/blanc.festivaldissenygrafic\/\",\"https:\/\/x.com\/blancfest\",\"https:\/\/www.instagram.com\/blancfest\/\",\"https:\/\/www.linkedin.com\/company\/blanc-festival\",\"https:\/\/www.pinterest.com\/blancfest\/\",\"https:\/\/www.youtube.com\/channel\/UCM-IjxOFb5gQg4yPgmze3Gg\"]},{\"@type\":\"Person\",\"@id\":\"https:\/\/blancfestival.com\/#\/schema\/person\/1c1365d1e51e5730cf3f5fadb8670c06\",\"name\":\"Redacci\u00f3n Blanc!\",\"image\":{\"@type\":\"ImageObject\",\"inLanguage\":\"en-US\",\"@id\":\"https:\/\/blancfestival.com\/#\/schema\/person\/image\/\",\"url\":\"https:\/\/blancfestival.com\/wp-content\/uploads\/2020\/02\/ico-120x120.png\",\"contentUrl\":\"https:\/\/blancfestival.com\/wp-content\/uploads\/2020\/02\/ico-120x120.png\",\"caption\":\"Redacci\u00f3n Blanc!\"},\"description\":\"\u201cNo trates de doblar la cuchara. Es imposible. En lugar de hacerlo, solo intenta darte cuenta de la verdad\u2026 No hay cuchara. Entonces, ver\u00e1s que no es la cuchara lo que se dobla, te doblas t\u00fa\u201d\"}]}<\/script>\n<!-- \/ Yoast SEO plugin. -->","yoast_head_json":{"title":"Zuzana Licko y la revista Emigre","robots":{"index":"index","follow":"follow","max-snippet":"max-snippet:-1","max-image-preview":"max-image-preview:large","max-video-preview":"max-video-preview:-1"},"canonical":"https:\/\/blancfestival.com\/en\/zuzana-licko-revista-emigre\/","og_locale":"en_US","og_type":"article","og_title":"Zuzana Licko y la revista Emigre","og_description":"\u00bfAlguna vez has o\u00eddo hablar de Zuzana Licko? Tal vez te suene un poco, o quiz\u00e1s no. Pero si mencionamos la revista Emigre, seguro que se enciende una peque\u00f1a luz en tu interior, especialmente si perteneces a la misteriosa generaci\u00f3n X. Esta es la historia de c\u00f3mo una dise\u00f1adora de tipograf\u00edas y una revista revolucionaron&hellip;","og_url":"https:\/\/blancfestival.com\/en\/zuzana-licko-revista-emigre\/","og_site_name":"Blanc!","article_publisher":"https:\/\/www.facebook.com\/blanc.festivaldissenygrafic\/","article_published_time":"2023-12-05T13:11:57+00:00","article_modified_time":"2023-12-05T13:12:29+00:00","og_image":[{"width":600,"height":494,"url":"https:\/\/blancfestival.com\/wp-content\/uploads\/2023\/12\/zuzana-licko-1-low.jpg","type":"image\/jpeg"}],"author":"Redacci\u00f3n Blanc!","twitter_card":"summary_large_image","twitter_creator":"@blancfest","twitter_site":"@blancfest","twitter_misc":{"Written by":"Redacci\u00f3n Blanc!","Est. reading time":"3 minutes"},"schema":{"@context":"https:\/\/schema.org","@graph":[{"@type":"Article","@id":"https:\/\/blancfestival.com\/en\/zuzana-licko-revista-emigre\/#article","isPartOf":{"@id":"https:\/\/blancfestival.com\/en\/zuzana-licko-revista-emigre\/"},"author":{"name":"Redacci\u00f3n Blanc!","@id":"https:\/\/blancfestival.com\/#\/schema\/person\/1c1365d1e51e5730cf3f5fadb8670c06"},"headline":"Zuzana Licko y la revista Emigre","datePublished":"2023-12-05T13:11:57+00:00","dateModified":"2023-12-05T13:12:29+00:00","mainEntityOfPage":{"@id":"https:\/\/blancfestival.com\/en\/zuzana-licko-revista-emigre\/"},"wordCount":558,"publisher":{"@id":"https:\/\/blancfestival.com\/#organization"},"image":{"@id":"https:\/\/blancfestival.com\/en\/zuzana-licko-revista-emigre\/#primaryimage"},"thumbnailUrl":"https:\/\/blancfestival.com\/wp-content\/uploads\/2023\/12\/zuzana-licko-1-low.jpg","articleSection":["Design"],"inLanguage":"en-US"},{"@type":"WebPage","@id":"https:\/\/blancfestival.com\/en\/zuzana-licko-revista-emigre\/","url":"https:\/\/blancfestival.com\/en\/zuzana-licko-revista-emigre\/","name":"Zuzana Licko y la revista Emigre","isPartOf":{"@id":"https:\/\/blancfestival.com\/#website"},"primaryImageOfPage":{"@id":"https:\/\/blancfestival.com\/en\/zuzana-licko-revista-emigre\/#primaryimage"},"image":{"@id":"https:\/\/blancfestival.com\/en\/zuzana-licko-revista-emigre\/#primaryimage"},"thumbnailUrl":"https:\/\/blancfestival.com\/wp-content\/uploads\/2023\/12\/zuzana-licko-1-low.jpg","datePublished":"2023-12-05T13:11:57+00:00","dateModified":"2023-12-05T13:12:29+00:00","breadcrumb":{"@id":"https:\/\/blancfestival.com\/en\/zuzana-licko-revista-emigre\/#breadcrumb"},"inLanguage":"en-US","potentialAction":[{"@type":"ReadAction","target":["https:\/\/blancfestival.com\/en\/zuzana-licko-revista-emigre\/"]}]},{"@type":"ImageObject","inLanguage":"en-US","@id":"https:\/\/blancfestival.com\/en\/zuzana-licko-revista-emigre\/#primaryimage","url":"https:\/\/blancfestival.com\/wp-content\/uploads\/2023\/12\/zuzana-licko-1-low.jpg","contentUrl":"https:\/\/blancfestival.com\/wp-content\/uploads\/2023\/12\/zuzana-licko-1-low.jpg","width":600,"height":494},{"@type":"BreadcrumbList","@id":"https:\/\/blancfestival.com\/en\/zuzana-licko-revista-emigre\/#breadcrumb","itemListElement":[{"@type":"ListItem","position":1,"name":"Portada","item":"https:\/\/blancfestival.com\/en\/"},{"@type":"ListItem","position":2,"name":"Zuzana Licko y la revista Emigre"}]},{"@type":"WebSite","@id":"https:\/\/blancfestival.com\/#website","url":"https:\/\/blancfestival.com\/","name":"Blanc! Festival","description":"Dise\u00f1o, Creatividad e Innovaci\u00f3n","publisher":{"@id":"https:\/\/blancfestival.com\/#organization"},"potentialAction":[{"@type":"SearchAction","target":{"@type":"EntryPoint","urlTemplate":"https:\/\/blancfestival.com\/?s={search_term_string}"},"query-input":{"@type":"PropertyValueSpecification","valueRequired":true,"valueName":"search_term_string"}}],"inLanguage":"en-US"},{"@type":"Organization","@id":"https:\/\/blancfestival.com\/#organization","name":"Blanc! Festival de Dise\u00f1o, Creatividad e Innovaci\u00f3n","url":"https:\/\/blancfestival.com\/","logo":{"@type":"ImageObject","inLanguage":"en-US","@id":"https:\/\/blancfestival.com\/#\/schema\/logo\/image\/","url":"https:\/\/blancfestival.com\/wp-content\/uploads\/2025\/01\/logo_icono_blanc.jpg","contentUrl":"https:\/\/blancfestival.com\/wp-content\/uploads\/2025\/01\/logo_icono_blanc.jpg","width":2000,"height":2000,"caption":"Blanc! Festival de Dise\u00f1o, Creatividad e Innovaci\u00f3n"},"image":{"@id":"https:\/\/blancfestival.com\/#\/schema\/logo\/image\/"},"sameAs":["https:\/\/www.facebook.com\/blanc.festivaldissenygrafic\/","https:\/\/x.com\/blancfest","https:\/\/www.instagram.com\/blancfest\/","https:\/\/www.linkedin.com\/company\/blanc-festival","https:\/\/www.pinterest.com\/blancfest\/","https:\/\/www.youtube.com\/channel\/UCM-IjxOFb5gQg4yPgmze3Gg"]},{"@type":"Person","@id":"https:\/\/blancfestival.com\/#\/schema\/person\/1c1365d1e51e5730cf3f5fadb8670c06","name":"Redacci\u00f3n Blanc!","image":{"@type":"ImageObject","inLanguage":"en-US","@id":"https:\/\/blancfestival.com\/#\/schema\/person\/image\/","url":"https:\/\/blancfestival.com\/wp-content\/uploads\/2020\/02\/ico-120x120.png","contentUrl":"https:\/\/blancfestival.com\/wp-content\/uploads\/2020\/02\/ico-120x120.png","caption":"Redacci\u00f3n Blanc!"},"description":"\u201cNo trates de doblar la cuchara. Es imposible. En lugar de hacerlo, solo intenta darte cuenta de la verdad\u2026 No hay cuchara. Entonces, ver\u00e1s que no es la cuchara lo que se dobla, te doblas t\u00fa\u201d"}]}},"_links":{"self":[{"href":"https:\/\/blancfestival.com\/en\/wp-json\/wp\/v2\/posts\/15563","targetHints":{"allow":["GET"]}}],"collection":[{"href":"https:\/\/blancfestival.com\/en\/wp-json\/wp\/v2\/posts"}],"about":[{"href":"https:\/\/blancfestival.com\/en\/wp-json\/wp\/v2\/types\/post"}],"author":[{"embeddable":true,"href":"https:\/\/blancfestival.com\/en\/wp-json\/wp\/v2\/users\/3"}],"replies":[{"embeddable":true,"href":"https:\/\/blancfestival.com\/en\/wp-json\/wp\/v2\/comments?post=15563"}],"version-history":[{"count":1,"href":"https:\/\/blancfestival.com\/en\/wp-json\/wp\/v2\/posts\/15563\/revisions"}],"predecessor-version":[{"id":15565,"href":"https:\/\/blancfestival.com\/en\/wp-json\/wp\/v2\/posts\/15563\/revisions\/15565"}],"wp:featuredmedia":[{"embeddable":true,"href":"https:\/\/blancfestival.com\/en\/wp-json\/wp\/v2\/media\/15551"}],"wp:attachment":[{"href":"https:\/\/blancfestival.com\/en\/wp-json\/wp\/v2\/media?parent=15563"}],"wp:term":[{"taxonomy":"category","embeddable":true,"href":"https:\/\/blancfestival.com\/en\/wp-json\/wp\/v2\/categories?post=15563"},{"taxonomy":"post_tag","embeddable":true,"href":"https:\/\/blancfestival.com\/en\/wp-json\/wp\/v2\/tags?post=15563"},{"taxonomy":"evento","embeddable":true,"href":"https:\/\/blancfestival.com\/en\/wp-json\/wp\/v2\/evento?post=15563"}],"curies":[{"name":"wp","href":"https:\/\/api.w.org\/{rel}","templated":true}]}}