{"id":15583,"date":"2023-12-19T12:37:52","date_gmt":"2023-12-19T11:37:52","guid":{"rendered":"https:\/\/blancfestival.com\/?p=15583"},"modified":"2023-12-19T12:37:52","modified_gmt":"2023-12-19T11:37:52","slug":"branding-estrategia-marca","status":"publish","type":"post","link":"https:\/\/blancfestival.com\/en\/branding-estrategia-marca\/","title":{"rendered":"Branding: una disciplina de gesti\u00f3n de marca"},"content":{"rendered":"<p>El mundo del branding es vasto y en constante evoluci\u00f3n. En nuestro \u00faltimo episodio de podcast, tuvimos el honor de conversar con dos figuras prominentes en este campo: \u00c0lex Gobern y Agn\u00e8s Mora, ambos de <a href=\"https:\/\/www.morillas.com\/es\/\" target=\"_blank\" rel=\"nofollow noopener\">Morillas Brand Design<\/a>. Estos expertos, con su enfoque innovador y experiencia profunda, nos ofrecen una visi\u00f3n \u00fanica sobre lo que realmente significa crear y gestionar una marca en el mundo actual.<\/p>\n<p>Esa misma actualidad, es la que imparten adem\u00e1s en el <a href=\"https:\/\/www.lcibarcelona.com\/estudiar-diseno-grafico\/master-branding-identidad-corporativa\" target=\"_blank\" rel=\"noopener\">M\u00e1ster de Branding y Estrategia de Marca de LCI Barcelona<\/a>, donde estudian el branding tanto desde el lado creativo como el de la estrategia, con casos y proyectos reales. Y profesionales invitados que dan a los estudiantes una visi\u00f3n real del mercado y la problem\u00e1tica de las grandes marcas.<\/p>\n<p>&nbsp;<\/p>\n<p><iframe loading=\"lazy\" src=\"https:\/\/www.ivoox.com\/player_ej_121304321_6_1.html\" width=\"100%\" height=\"200\" frameborder=\"0\" scrolling=\"no\" allowfullscreen=\"allowfullscreen\"><\/iframe><\/p>\n<p>&nbsp;<\/p>\n<p><iframe loading=\"lazy\" title=\"YouTube video player\" src=\"https:\/\/www.youtube.com\/embed\/yhtIqozspkw?si=pjLzqF36f9QlJo9l\" width=\"100%\" height=\"460\" frameborder=\"0\" allowfullscreen=\"allowfullscreen\"><\/iframe><\/p>\n<p>&nbsp;<\/p>\n<h2>El Coraz\u00f3n del Branding<\/h2>\n<p>\u00c0lex y Agn\u00e8s comenzaron la conversaci\u00f3n con una reflexi\u00f3n sobre c\u00f3mo ha cambiado la percepci\u00f3n del branding a lo largo de los a\u00f1os. Lo que una vez fue considerado como un elemento puramente visual y est\u00e9tico, hoy se ha transformado en una compleja disciplina que gestiona la relaci\u00f3n entre consumidor y marca. La identidad de una marca ya no se limita a su logotipo o paleta de colores; ahora abarca la experiencia completa del usuario, sus emociones y conexiones con la marca.<\/p>\n<p>&nbsp;<\/p>\n<h2>La Evoluci\u00f3n de la Estrategia de Marca<\/h2>\n<p>Ambos invitados destacaron la importancia de adaptarse a los cambios en el mercado y las expectativas de los consumidores. Con ejemplos de su propio trabajo en Morillas, ilustraron c\u00f3mo han ayudado a marcas reconocidas a renovarse y mantenerse relevantes en un entorno en constante cambio. Desde la implementaci\u00f3n de estrategias digitales hasta el redise\u00f1o de packaging, cada acci\u00f3n tiene como objetivo fortalecer la conexi\u00f3n entre la marca y su audiencia.<\/p>\n<p>&nbsp;<\/p>\n<h2>Desaf\u00edos y Oportunidades en el Branding<\/h2>\n<p>Uno de los puntos m\u00e1s interesantes fue la discusi\u00f3n sobre los retos actuales en el campo del branding. \u00c0lex y Agn\u00e8s compartieron su visi\u00f3n sobre c\u00f3mo las marcas deben equilibrar la consistencia y la adaptabilidad para prosperar en un mercado cada vez m\u00e1s digitalizado y orientado a las redes sociales. Tambi\u00e9n enfatizaron la importancia de abordar temas sociales y medioambientales, reflejando as\u00ed los valores y preocupaciones de los consumidores contempor\u00e1neos.<\/p>\n<p>&nbsp;<\/p>\n<h2>Consejos para Aspirantes a Profesionales del Branding<\/h2>\n<p>Para aquellos interesados en el mundo del branding, nuestros invitados ofrecieron consejos valiosos. Destacaron la importancia de la curiosidad, la educaci\u00f3n continua y la disposici\u00f3n a experimentar y tomar riesgos. Adem\u00e1s, subrayaron la relevancia de entender la historia y el prop\u00f3sito de una marca para poder contar su historia de manera efectiva.<\/p>\n<p>La charla con \u00c0lex Gobern y Agn\u00e8s Mora de Morillas Brand Design fue una inmersi\u00f3n profunda en el mundo del branding y la estrategia de marca. Nos dejaron con una comprensi\u00f3n m\u00e1s rica de c\u00f3mo las marcas exitosas se construyen y mantienen, adapt\u00e1ndose a las necesidades y expectativas de un p\u00fablico cada vez m\u00e1s informado y exigente.<\/p>\n","protected":false},"excerpt":{"rendered":"El mundo del branding es vasto y en constante evoluci\u00f3n. En nuestro \u00faltimo episodio de podcast, tuvimos el honor de conversar con dos figuras prominentes en este campo: \u00c0lex Gobern y Agn\u00e8s Mora, ambos de Morillas Brand Design. Estos expertos, con su enfoque innovador y experiencia profunda, nos ofrecen una visi\u00f3n \u00fanica sobre lo que&hellip;","protected":false},"author":3,"featured_media":15584,"comment_status":"closed","ping_status":"closed","sticky":false,"template":"","format":"standard","meta":{"_acf_changed":false,"footnotes":""},"categories":[224],"tags":[],"evento":[],"class_list":["post-15583","post","type-post","status-publish","format-standard","has-post-thumbnail","hentry","category-podcasts"],"acf":[],"yoast_head":"<!-- This site is optimized with the Yoast SEO plugin v23.7 - https:\/\/yoast.com\/wordpress\/plugins\/seo\/ -->\n<title>Branding: una disciplina de gesti\u00f3n de marca<\/title>\n<meta name=\"description\" content=\"La charla con \u00c0lex Gobern y Agn\u00e8s Mora de Morillas Brand Design fue una inmersi\u00f3n profunda en el mundo del branding y la estrategia de marca.\" \/>\n<meta name=\"robots\" content=\"index, follow, max-snippet:-1, max-image-preview:large, max-video-preview:-1\" \/>\n<link rel=\"canonical\" href=\"https:\/\/blancfestival.com\/branding-estrategia-marca\/\" \/>\n<meta property=\"og:locale\" content=\"en_US\" \/>\n<meta property=\"og:type\" content=\"article\" \/>\n<meta property=\"og:title\" content=\"Branding: una disciplina de gesti\u00f3n de marca\" \/>\n<meta property=\"og:description\" content=\"La charla con \u00c0lex Gobern y Agn\u00e8s Mora de Morillas Brand Design fue una inmersi\u00f3n profunda en el mundo del branding y la estrategia de marca.\" \/>\n<meta property=\"og:url\" content=\"https:\/\/blancfestival.com\/branding-estrategia-marca\/\" \/>\n<meta property=\"og:site_name\" content=\"Blanc!\" \/>\n<meta property=\"article:publisher\" content=\"https:\/\/www.facebook.com\/blanc.festivaldissenygrafic\/\" \/>\n<meta property=\"article:published_time\" content=\"2023-12-19T11:37:52+00:00\" \/>\n<meta property=\"og:image\" content=\"https:\/\/blancfestival.com\/wp-content\/uploads\/2023\/12\/ALEX-AGNES-CUADRADO.jpg\" \/>\n\t<meta property=\"og:image:width\" content=\"1080\" \/>\n\t<meta property=\"og:image:height\" content=\"1080\" \/>\n\t<meta property=\"og:image:type\" content=\"image\/jpeg\" \/>\n<meta name=\"author\" content=\"Redacci\u00f3n Blanc!\" \/>\n<meta name=\"twitter:card\" content=\"summary_large_image\" \/>\n<meta name=\"twitter:creator\" content=\"@blancfest\" \/>\n<meta name=\"twitter:site\" content=\"@blancfest\" \/>\n<meta name=\"twitter:label1\" content=\"Written by\" \/>\n\t<meta name=\"twitter:data1\" content=\"Redacci\u00f3n Blanc!\" \/>\n\t<meta name=\"twitter:label2\" content=\"Est. reading time\" \/>\n\t<meta name=\"twitter:data2\" content=\"3 minutes\" \/>\n<script type=\"application\/ld+json\" class=\"yoast-schema-graph\">{\"@context\":\"https:\/\/schema.org\",\"@graph\":[{\"@type\":\"Article\",\"@id\":\"https:\/\/blancfestival.com\/branding-estrategia-marca\/#article\",\"isPartOf\":{\"@id\":\"https:\/\/blancfestival.com\/branding-estrategia-marca\/\"},\"author\":{\"name\":\"Redacci\u00f3n Blanc!\",\"@id\":\"https:\/\/blancfestival.com\/#\/schema\/person\/1c1365d1e51e5730cf3f5fadb8670c06\"},\"headline\":\"Branding: una disciplina de gesti\u00f3n de marca\",\"datePublished\":\"2023-12-19T11:37:52+00:00\",\"dateModified\":\"2023-12-19T11:37:52+00:00\",\"mainEntityOfPage\":{\"@id\":\"https:\/\/blancfestival.com\/branding-estrategia-marca\/\"},\"wordCount\":537,\"publisher\":{\"@id\":\"https:\/\/blancfestival.com\/#organization\"},\"image\":{\"@id\":\"https:\/\/blancfestival.com\/branding-estrategia-marca\/#primaryimage\"},\"thumbnailUrl\":\"https:\/\/blancfestival.com\/wp-content\/uploads\/2023\/12\/ALEX-AGNES-CUADRADO.jpg\",\"articleSection\":[\"podcasts\"],\"inLanguage\":\"en-US\"},{\"@type\":\"WebPage\",\"@id\":\"https:\/\/blancfestival.com\/branding-estrategia-marca\/\",\"url\":\"https:\/\/blancfestival.com\/branding-estrategia-marca\/\",\"name\":\"Branding: una disciplina de gesti\u00f3n de marca\",\"isPartOf\":{\"@id\":\"https:\/\/blancfestival.com\/#website\"},\"primaryImageOfPage\":{\"@id\":\"https:\/\/blancfestival.com\/branding-estrategia-marca\/#primaryimage\"},\"image\":{\"@id\":\"https:\/\/blancfestival.com\/branding-estrategia-marca\/#primaryimage\"},\"thumbnailUrl\":\"https:\/\/blancfestival.com\/wp-content\/uploads\/2023\/12\/ALEX-AGNES-CUADRADO.jpg\",\"datePublished\":\"2023-12-19T11:37:52+00:00\",\"dateModified\":\"2023-12-19T11:37:52+00:00\",\"description\":\"La charla con \u00c0lex Gobern y Agn\u00e8s Mora de Morillas Brand Design fue una inmersi\u00f3n profunda en el mundo del branding y la estrategia de marca.\",\"breadcrumb\":{\"@id\":\"https:\/\/blancfestival.com\/branding-estrategia-marca\/#breadcrumb\"},\"inLanguage\":\"en-US\",\"potentialAction\":[{\"@type\":\"ReadAction\",\"target\":[\"https:\/\/blancfestival.com\/branding-estrategia-marca\/\"]}]},{\"@type\":\"ImageObject\",\"inLanguage\":\"en-US\",\"@id\":\"https:\/\/blancfestival.com\/branding-estrategia-marca\/#primaryimage\",\"url\":\"https:\/\/blancfestival.com\/wp-content\/uploads\/2023\/12\/ALEX-AGNES-CUADRADO.jpg\",\"contentUrl\":\"https:\/\/blancfestival.com\/wp-content\/uploads\/2023\/12\/ALEX-AGNES-CUADRADO.jpg\",\"width\":1080,\"height\":1080},{\"@type\":\"BreadcrumbList\",\"@id\":\"https:\/\/blancfestival.com\/branding-estrategia-marca\/#breadcrumb\",\"itemListElement\":[{\"@type\":\"ListItem\",\"position\":1,\"name\":\"Portada\",\"item\":\"https:\/\/blancfestival.com\/en\/\"},{\"@type\":\"ListItem\",\"position\":2,\"name\":\"Branding: una disciplina de gesti\u00f3n de marca\"}]},{\"@type\":\"WebSite\",\"@id\":\"https:\/\/blancfestival.com\/#website\",\"url\":\"https:\/\/blancfestival.com\/\",\"name\":\"Blanc! Festival\",\"description\":\"Dise\u00f1o, Creatividad e Innovaci\u00f3n\",\"publisher\":{\"@id\":\"https:\/\/blancfestival.com\/#organization\"},\"potentialAction\":[{\"@type\":\"SearchAction\",\"target\":{\"@type\":\"EntryPoint\",\"urlTemplate\":\"https:\/\/blancfestival.com\/?s={search_term_string}\"},\"query-input\":{\"@type\":\"PropertyValueSpecification\",\"valueRequired\":true,\"valueName\":\"search_term_string\"}}],\"inLanguage\":\"en-US\"},{\"@type\":\"Organization\",\"@id\":\"https:\/\/blancfestival.com\/#organization\",\"name\":\"Blanc! Festival de Dise\u00f1o, Creatividad e Innovaci\u00f3n\",\"url\":\"https:\/\/blancfestival.com\/\",\"logo\":{\"@type\":\"ImageObject\",\"inLanguage\":\"en-US\",\"@id\":\"https:\/\/blancfestival.com\/#\/schema\/logo\/image\/\",\"url\":\"https:\/\/blancfestival.com\/wp-content\/uploads\/2025\/01\/logo_icono_blanc.jpg\",\"contentUrl\":\"https:\/\/blancfestival.com\/wp-content\/uploads\/2025\/01\/logo_icono_blanc.jpg\",\"width\":2000,\"height\":2000,\"caption\":\"Blanc! Festival de Dise\u00f1o, Creatividad e Innovaci\u00f3n\"},\"image\":{\"@id\":\"https:\/\/blancfestival.com\/#\/schema\/logo\/image\/\"},\"sameAs\":[\"https:\/\/www.facebook.com\/blanc.festivaldissenygrafic\/\",\"https:\/\/x.com\/blancfest\",\"https:\/\/www.instagram.com\/blancfest\/\",\"https:\/\/www.linkedin.com\/company\/blanc-festival\",\"https:\/\/www.pinterest.com\/blancfest\/\",\"https:\/\/www.youtube.com\/channel\/UCM-IjxOFb5gQg4yPgmze3Gg\"]},{\"@type\":\"Person\",\"@id\":\"https:\/\/blancfestival.com\/#\/schema\/person\/1c1365d1e51e5730cf3f5fadb8670c06\",\"name\":\"Redacci\u00f3n Blanc!\",\"image\":{\"@type\":\"ImageObject\",\"inLanguage\":\"en-US\",\"@id\":\"https:\/\/blancfestival.com\/#\/schema\/person\/image\/\",\"url\":\"https:\/\/blancfestival.com\/wp-content\/uploads\/2020\/02\/ico-120x120.png\",\"contentUrl\":\"https:\/\/blancfestival.com\/wp-content\/uploads\/2020\/02\/ico-120x120.png\",\"caption\":\"Redacci\u00f3n Blanc!\"},\"description\":\"\u201cNo trates de doblar la cuchara. Es imposible. En lugar de hacerlo, solo intenta darte cuenta de la verdad\u2026 No hay cuchara. Entonces, ver\u00e1s que no es la cuchara lo que se dobla, te doblas t\u00fa\u201d\"}]}<\/script>\n<!-- \/ Yoast SEO plugin. -->","yoast_head_json":{"title":"Branding: una disciplina de gesti\u00f3n de marca","description":"La charla con \u00c0lex Gobern y Agn\u00e8s Mora de Morillas Brand Design fue una inmersi\u00f3n profunda en el mundo del branding y la estrategia de marca.","robots":{"index":"index","follow":"follow","max-snippet":"max-snippet:-1","max-image-preview":"max-image-preview:large","max-video-preview":"max-video-preview:-1"},"canonical":"https:\/\/blancfestival.com\/branding-estrategia-marca\/","og_locale":"en_US","og_type":"article","og_title":"Branding: una disciplina de gesti\u00f3n de marca","og_description":"La charla con \u00c0lex Gobern y Agn\u00e8s Mora de Morillas Brand Design fue una inmersi\u00f3n profunda en el mundo del branding y la estrategia de marca.","og_url":"https:\/\/blancfestival.com\/branding-estrategia-marca\/","og_site_name":"Blanc!","article_publisher":"https:\/\/www.facebook.com\/blanc.festivaldissenygrafic\/","article_published_time":"2023-12-19T11:37:52+00:00","og_image":[{"width":1080,"height":1080,"url":"https:\/\/blancfestival.com\/wp-content\/uploads\/2023\/12\/ALEX-AGNES-CUADRADO.jpg","type":"image\/jpeg"}],"author":"Redacci\u00f3n Blanc!","twitter_card":"summary_large_image","twitter_creator":"@blancfest","twitter_site":"@blancfest","twitter_misc":{"Written by":"Redacci\u00f3n Blanc!","Est. reading time":"3 minutes"},"schema":{"@context":"https:\/\/schema.org","@graph":[{"@type":"Article","@id":"https:\/\/blancfestival.com\/branding-estrategia-marca\/#article","isPartOf":{"@id":"https:\/\/blancfestival.com\/branding-estrategia-marca\/"},"author":{"name":"Redacci\u00f3n Blanc!","@id":"https:\/\/blancfestival.com\/#\/schema\/person\/1c1365d1e51e5730cf3f5fadb8670c06"},"headline":"Branding: una disciplina de gesti\u00f3n de marca","datePublished":"2023-12-19T11:37:52+00:00","dateModified":"2023-12-19T11:37:52+00:00","mainEntityOfPage":{"@id":"https:\/\/blancfestival.com\/branding-estrategia-marca\/"},"wordCount":537,"publisher":{"@id":"https:\/\/blancfestival.com\/#organization"},"image":{"@id":"https:\/\/blancfestival.com\/branding-estrategia-marca\/#primaryimage"},"thumbnailUrl":"https:\/\/blancfestival.com\/wp-content\/uploads\/2023\/12\/ALEX-AGNES-CUADRADO.jpg","articleSection":["podcasts"],"inLanguage":"en-US"},{"@type":"WebPage","@id":"https:\/\/blancfestival.com\/branding-estrategia-marca\/","url":"https:\/\/blancfestival.com\/branding-estrategia-marca\/","name":"Branding: una disciplina de gesti\u00f3n de marca","isPartOf":{"@id":"https:\/\/blancfestival.com\/#website"},"primaryImageOfPage":{"@id":"https:\/\/blancfestival.com\/branding-estrategia-marca\/#primaryimage"},"image":{"@id":"https:\/\/blancfestival.com\/branding-estrategia-marca\/#primaryimage"},"thumbnailUrl":"https:\/\/blancfestival.com\/wp-content\/uploads\/2023\/12\/ALEX-AGNES-CUADRADO.jpg","datePublished":"2023-12-19T11:37:52+00:00","dateModified":"2023-12-19T11:37:52+00:00","description":"La charla con \u00c0lex Gobern y Agn\u00e8s Mora de Morillas Brand Design fue una inmersi\u00f3n profunda en el mundo del branding y la estrategia de marca.","breadcrumb":{"@id":"https:\/\/blancfestival.com\/branding-estrategia-marca\/#breadcrumb"},"inLanguage":"en-US","potentialAction":[{"@type":"ReadAction","target":["https:\/\/blancfestival.com\/branding-estrategia-marca\/"]}]},{"@type":"ImageObject","inLanguage":"en-US","@id":"https:\/\/blancfestival.com\/branding-estrategia-marca\/#primaryimage","url":"https:\/\/blancfestival.com\/wp-content\/uploads\/2023\/12\/ALEX-AGNES-CUADRADO.jpg","contentUrl":"https:\/\/blancfestival.com\/wp-content\/uploads\/2023\/12\/ALEX-AGNES-CUADRADO.jpg","width":1080,"height":1080},{"@type":"BreadcrumbList","@id":"https:\/\/blancfestival.com\/branding-estrategia-marca\/#breadcrumb","itemListElement":[{"@type":"ListItem","position":1,"name":"Portada","item":"https:\/\/blancfestival.com\/en\/"},{"@type":"ListItem","position":2,"name":"Branding: una disciplina de gesti\u00f3n de marca"}]},{"@type":"WebSite","@id":"https:\/\/blancfestival.com\/#website","url":"https:\/\/blancfestival.com\/","name":"Blanc! Festival","description":"Dise\u00f1o, Creatividad e Innovaci\u00f3n","publisher":{"@id":"https:\/\/blancfestival.com\/#organization"},"potentialAction":[{"@type":"SearchAction","target":{"@type":"EntryPoint","urlTemplate":"https:\/\/blancfestival.com\/?s={search_term_string}"},"query-input":{"@type":"PropertyValueSpecification","valueRequired":true,"valueName":"search_term_string"}}],"inLanguage":"en-US"},{"@type":"Organization","@id":"https:\/\/blancfestival.com\/#organization","name":"Blanc! Festival de Dise\u00f1o, Creatividad e Innovaci\u00f3n","url":"https:\/\/blancfestival.com\/","logo":{"@type":"ImageObject","inLanguage":"en-US","@id":"https:\/\/blancfestival.com\/#\/schema\/logo\/image\/","url":"https:\/\/blancfestival.com\/wp-content\/uploads\/2025\/01\/logo_icono_blanc.jpg","contentUrl":"https:\/\/blancfestival.com\/wp-content\/uploads\/2025\/01\/logo_icono_blanc.jpg","width":2000,"height":2000,"caption":"Blanc! Festival de Dise\u00f1o, Creatividad e Innovaci\u00f3n"},"image":{"@id":"https:\/\/blancfestival.com\/#\/schema\/logo\/image\/"},"sameAs":["https:\/\/www.facebook.com\/blanc.festivaldissenygrafic\/","https:\/\/x.com\/blancfest","https:\/\/www.instagram.com\/blancfest\/","https:\/\/www.linkedin.com\/company\/blanc-festival","https:\/\/www.pinterest.com\/blancfest\/","https:\/\/www.youtube.com\/channel\/UCM-IjxOFb5gQg4yPgmze3Gg"]},{"@type":"Person","@id":"https:\/\/blancfestival.com\/#\/schema\/person\/1c1365d1e51e5730cf3f5fadb8670c06","name":"Redacci\u00f3n Blanc!","image":{"@type":"ImageObject","inLanguage":"en-US","@id":"https:\/\/blancfestival.com\/#\/schema\/person\/image\/","url":"https:\/\/blancfestival.com\/wp-content\/uploads\/2020\/02\/ico-120x120.png","contentUrl":"https:\/\/blancfestival.com\/wp-content\/uploads\/2020\/02\/ico-120x120.png","caption":"Redacci\u00f3n Blanc!"},"description":"\u201cNo trates de doblar la cuchara. Es imposible. En lugar de hacerlo, solo intenta darte cuenta de la verdad\u2026 No hay cuchara. Entonces, ver\u00e1s que no es la cuchara lo que se dobla, te doblas t\u00fa\u201d"}]}},"_links":{"self":[{"href":"https:\/\/blancfestival.com\/en\/wp-json\/wp\/v2\/posts\/15583","targetHints":{"allow":["GET"]}}],"collection":[{"href":"https:\/\/blancfestival.com\/en\/wp-json\/wp\/v2\/posts"}],"about":[{"href":"https:\/\/blancfestival.com\/en\/wp-json\/wp\/v2\/types\/post"}],"author":[{"embeddable":true,"href":"https:\/\/blancfestival.com\/en\/wp-json\/wp\/v2\/users\/3"}],"replies":[{"embeddable":true,"href":"https:\/\/blancfestival.com\/en\/wp-json\/wp\/v2\/comments?post=15583"}],"version-history":[{"count":1,"href":"https:\/\/blancfestival.com\/en\/wp-json\/wp\/v2\/posts\/15583\/revisions"}],"predecessor-version":[{"id":15587,"href":"https:\/\/blancfestival.com\/en\/wp-json\/wp\/v2\/posts\/15583\/revisions\/15587"}],"wp:featuredmedia":[{"embeddable":true,"href":"https:\/\/blancfestival.com\/en\/wp-json\/wp\/v2\/media\/15584"}],"wp:attachment":[{"href":"https:\/\/blancfestival.com\/en\/wp-json\/wp\/v2\/media?parent=15583"}],"wp:term":[{"taxonomy":"category","embeddable":true,"href":"https:\/\/blancfestival.com\/en\/wp-json\/wp\/v2\/categories?post=15583"},{"taxonomy":"post_tag","embeddable":true,"href":"https:\/\/blancfestival.com\/en\/wp-json\/wp\/v2\/tags?post=15583"},{"taxonomy":"evento","embeddable":true,"href":"https:\/\/blancfestival.com\/en\/wp-json\/wp\/v2\/evento?post=15583"}],"curies":[{"name":"wp","href":"https:\/\/api.w.org\/{rel}","templated":true}]}}