{"id":17345,"date":"2024-11-26T07:40:22","date_gmt":"2024-11-26T06:40:22","guid":{"rendered":"https:\/\/blancfestival.com\/empoderando-y-conectando-a-mujeres-en-tecnologia-desde-2014\/"},"modified":"2024-11-26T07:42:01","modified_gmt":"2024-11-26T06:42:01","slug":"latinas-in-tech","status":"publish","type":"post","link":"https:\/\/blancfestival.com\/en\/latinas-in-tech\/","title":{"rendered":"Empoderando y conectando a mujeres en tecnolog\u00eda desde 2014"},"content":{"rendered":"<p><a href=\"https:\/\/latinasintech.org\/\" target=\"_blank\" rel=\"noopener\">Latinas in Tech (LiT)<\/a> es una organizaci\u00f3n sin fines de lucro dedicada a<strong> conectar, apoyar y empoderar a mujeres latinas que trabajan en la industria tecnol\u00f3gica<\/strong>. Desde su fundaci\u00f3n, ha colaborado con las principales empresas del sector para crear espacios seguros donde sus miembros puedan aprender, recibir mentor\u00edas y acceder a oportunidades laborales.<\/p>\n<p>&nbsp;<\/p>\n<p><img loading=\"lazy\" decoding=\"async\" width=\"800\" height=\"800\" class=\"alignnone size-full wp-image-17340\" src=\"https:\/\/blancfestival.com\/wp-content\/uploads\/2024\/11\/destacada.jpg\" alt=\"\" srcset=\"https:\/\/blancfestival.com\/wp-content\/uploads\/2024\/11\/destacada.jpg 800w, https:\/\/blancfestival.com\/wp-content\/uploads\/2024\/11\/destacada-250x250.jpg 250w, https:\/\/blancfestival.com\/wp-content\/uploads\/2024\/11\/destacada-700x700.jpg 700w, https:\/\/blancfestival.com\/wp-content\/uploads\/2024\/11\/destacada-150x150.jpg 150w, https:\/\/blancfestival.com\/wp-content\/uploads\/2024\/11\/destacada-768x768.jpg 768w, https:\/\/blancfestival.com\/wp-content\/uploads\/2024\/11\/destacada-120x120.jpg 120w\" sizes=\"auto, (max-width: 800px) 100vw, 800px\" \/><\/p>\n<p>&nbsp;<\/p>\n<h2>Impulsando la innovaci\u00f3n y la inclusi\u00f3n<\/h2>\n<p>Las mujeres que forman parte de Latinas in Tech no solo rompen techos de cristal, sino que <strong>construyen puentes entre culturas y aprovechan el impacto de la tecnolog\u00eda<\/strong> para fomentar un mundo m\u00e1s interconectado e inclusivo. La diversidad de habilidades, experiencias y or\u00edgenes no solo enriquece a sus miembros, sino que tambi\u00e9n fortalece el ecosistema tecnol\u00f3gico global al fomentar la innovaci\u00f3n y la colaboraci\u00f3n.<\/p>\n<p>&nbsp;<\/p>\n<h2>Programas para el crecimiento profesional<\/h2>\n<p>LiT cuenta con diversos programas dise\u00f1ados para fomentar el aprendizaje, la colaboraci\u00f3n y el avance profesional. Destacan su programa de mentor\u00eda, que en 2023 logr\u00f3 emparejar a 980 mentores y &#8220;mentees&#8221;, y su <strong>bolsa de empleo, que public\u00f3 785 vacantes ese mismo a\u00f1o<\/strong>. Adem\u00e1s, organiz\u00f3 eventos que reunieron a m\u00e1s de 16,000 participantes, consolid\u00e1ndose como un referente para quienes buscan expandir su carrera en tecnolog\u00eda.<\/p>\n<p>&nbsp;<\/p>\n<h2>Redes de apoyo y conexi\u00f3n<\/h2>\n<p>A trav\u00e9s de eventos presenciales, h\u00edbridos y virtuales organizados en sus <a href=\"https:\/\/latinasintech.org\/chapter\" target=\"_blank\" rel=\"noopener\">25 ciudades donde est\u00e1n presentes<\/a>, Latinas in Tech facilita conexiones significativas entre sus miembros. Estos encuentros permiten el intercambio de experiencias, la creaci\u00f3n de relaciones profesionales y la ampliaci\u00f3n de redes de contactos con mentoras, colegas y l\u00edderes influyentes de la industria.<\/p>\n<p>&nbsp;<\/p>\n<h2>Acceso a oportunidades laborales<\/h2>\n<p>La bolsa de trabajo de LiT conecta a talentos diversos, tanto t\u00e9cnicos como no t\u00e9cnicos, con empresas asociadas que valoran la diversidad. Es una herramienta clave para ayudar a las latinas a encontrar su pr\u00f3ximo empleo en el competitivo mundo tecnol\u00f3gico.<\/p>\n<p>&nbsp;<\/p>\n<h2>\u00bfLlevas una techie dentro?<\/h2>\n<p><strong>Latinas in Tech es m\u00e1s que una organizaci\u00f3n:<\/strong> es una comunidad que ofrece apoyo constante y un entorno donde sus miembros pueden crecer y liderar. Participar en sus ciudades y eventos significa formar parte de un espacio que fomenta el \u00e9xito y la excelencia de las latinas en tecnolog\u00eda.<\/p>\n<p>&nbsp;<\/p>\n<h2>Reconocimientos y proyecci\u00f3n<\/h2>\n<p>El impacto de Latinas in Tech no ha pasado desapercibido. Recientemente, recibi\u00f3 un premio del Consulado General de M\u00e9xico, un <strong>reconocimiento a su valiosa contribuci\u00f3n al avance profesional y social de las mujeres latinas en tecnolog\u00eda<\/strong>.<\/p>\n<p>Si est\u00e1s buscando unirte a un grupo que impulsa a las mujeres a alcanzar su m\u00e1ximo potencial en la industria tecnol\u00f3gica, Latinas in Tech es el lugar perfecto para conectar, aprender y liderar. \u00a1Reg\u00edstrate, participa en sus eventos y forma parte de este movimiento!<\/p>\n<p>&nbsp;<\/p>\n<p>Toda la info en <a href=\"https:\/\/latinasintech.org\/\" target=\"_blank\" rel=\"noopener\">latinasintech.org<\/a><\/p>\n","protected":false},"excerpt":{"rendered":"Latinas in Tech (LiT) es una organizaci\u00f3n sin fines de lucro dedicada a conectar, apoyar y empoderar a mujeres latinas que trabajan en la industria tecnol\u00f3gica. Desde su fundaci\u00f3n, ha colaborado con las principales empresas del sector para crear espacios seguros donde sus miembros puedan aprender, recibir mentor\u00edas y acceder a oportunidades laborales. &nbsp; &nbsp;&hellip;","protected":false},"author":3,"featured_media":17342,"comment_status":"closed","ping_status":"closed","sticky":false,"template":"","format":"standard","meta":{"_acf_changed":false,"footnotes":""},"categories":[368],"tags":[],"evento":[],"class_list":["post-17345","post","type-post","status-publish","format-standard","has-post-thumbnail","hentry","category-mujeres-creativas-en"],"acf":[],"yoast_head":"<!-- This site is optimized with the Yoast SEO plugin v23.7 - https:\/\/yoast.com\/wordpress\/plugins\/seo\/ -->\n<title>Empoderando y conectando a mujeres en tecnolog\u00eda desde 2014<\/title>\n<meta name=\"robots\" content=\"index, follow, max-snippet:-1, max-image-preview:large, max-video-preview:-1\" \/>\n<link rel=\"canonical\" href=\"https:\/\/blancfestival.com\/en\/latinas-in-tech\/\" \/>\n<meta property=\"og:locale\" content=\"en_US\" \/>\n<meta property=\"og:type\" content=\"article\" \/>\n<meta property=\"og:title\" content=\"Empoderando y conectando a mujeres en tecnolog\u00eda desde 2014\" \/>\n<meta property=\"og:description\" content=\"Latinas in Tech (LiT) es una organizaci\u00f3n sin fines de lucro dedicada a conectar, apoyar y empoderar a mujeres latinas que trabajan en la industria tecnol\u00f3gica. Desde su fundaci\u00f3n, ha colaborado con las principales empresas del sector para crear espacios seguros donde sus miembros puedan aprender, recibir mentor\u00edas y acceder a oportunidades laborales. &nbsp; &nbsp;&hellip;\" \/>\n<meta property=\"og:url\" content=\"https:\/\/blancfestival.com\/en\/latinas-in-tech\/\" \/>\n<meta property=\"og:site_name\" content=\"Blanc!\" \/>\n<meta property=\"article:publisher\" content=\"https:\/\/www.facebook.com\/blanc.festivaldissenygrafic\/\" \/>\n<meta property=\"article:published_time\" content=\"2024-11-26T06:40:22+00:00\" \/>\n<meta property=\"article:modified_time\" content=\"2024-11-26T06:42:01+00:00\" \/>\n<meta property=\"og:image\" content=\"https:\/\/blancfestival.com\/wp-content\/uploads\/2024\/11\/destacada.jpg\" \/>\n\t<meta property=\"og:image:width\" content=\"800\" \/>\n\t<meta property=\"og:image:height\" content=\"800\" \/>\n\t<meta property=\"og:image:type\" content=\"image\/jpeg\" \/>\n<meta name=\"author\" content=\"Redacci\u00f3n Blanc!\" \/>\n<meta name=\"twitter:card\" content=\"summary_large_image\" \/>\n<meta name=\"twitter:creator\" content=\"@blancfest\" \/>\n<meta name=\"twitter:site\" content=\"@blancfest\" \/>\n<meta name=\"twitter:label1\" content=\"Written by\" \/>\n\t<meta name=\"twitter:data1\" content=\"Redacci\u00f3n Blanc!\" \/>\n\t<meta name=\"twitter:label2\" content=\"Est. reading time\" \/>\n\t<meta name=\"twitter:data2\" content=\"2 minutes\" \/>\n<script type=\"application\/ld+json\" class=\"yoast-schema-graph\">{\"@context\":\"https:\/\/schema.org\",\"@graph\":[{\"@type\":\"Article\",\"@id\":\"https:\/\/blancfestival.com\/en\/latinas-in-tech\/#article\",\"isPartOf\":{\"@id\":\"https:\/\/blancfestival.com\/en\/latinas-in-tech\/\"},\"author\":{\"name\":\"Redacci\u00f3n Blanc!\",\"@id\":\"https:\/\/blancfestival.com\/#\/schema\/person\/1c1365d1e51e5730cf3f5fadb8670c06\"},\"headline\":\"Empoderando y conectando a mujeres en tecnolog\u00eda desde 2014\",\"datePublished\":\"2024-11-26T06:40:22+00:00\",\"dateModified\":\"2024-11-26T06:42:01+00:00\",\"mainEntityOfPage\":{\"@id\":\"https:\/\/blancfestival.com\/en\/latinas-in-tech\/\"},\"wordCount\":493,\"publisher\":{\"@id\":\"https:\/\/blancfestival.com\/#organization\"},\"image\":{\"@id\":\"https:\/\/blancfestival.com\/en\/latinas-in-tech\/#primaryimage\"},\"thumbnailUrl\":\"https:\/\/blancfestival.com\/wp-content\/uploads\/2024\/11\/destacada.jpg\",\"articleSection\":[\"Mujeres Creativas\"],\"inLanguage\":\"en-US\"},{\"@type\":\"WebPage\",\"@id\":\"https:\/\/blancfestival.com\/en\/latinas-in-tech\/\",\"url\":\"https:\/\/blancfestival.com\/en\/latinas-in-tech\/\",\"name\":\"Empoderando y conectando a mujeres en tecnolog\u00eda desde 2014\",\"isPartOf\":{\"@id\":\"https:\/\/blancfestival.com\/#website\"},\"primaryImageOfPage\":{\"@id\":\"https:\/\/blancfestival.com\/en\/latinas-in-tech\/#primaryimage\"},\"image\":{\"@id\":\"https:\/\/blancfestival.com\/en\/latinas-in-tech\/#primaryimage\"},\"thumbnailUrl\":\"https:\/\/blancfestival.com\/wp-content\/uploads\/2024\/11\/destacada.jpg\",\"datePublished\":\"2024-11-26T06:40:22+00:00\",\"dateModified\":\"2024-11-26T06:42:01+00:00\",\"breadcrumb\":{\"@id\":\"https:\/\/blancfestival.com\/en\/latinas-in-tech\/#breadcrumb\"},\"inLanguage\":\"en-US\",\"potentialAction\":[{\"@type\":\"ReadAction\",\"target\":[\"https:\/\/blancfestival.com\/en\/latinas-in-tech\/\"]}]},{\"@type\":\"ImageObject\",\"inLanguage\":\"en-US\",\"@id\":\"https:\/\/blancfestival.com\/en\/latinas-in-tech\/#primaryimage\",\"url\":\"https:\/\/blancfestival.com\/wp-content\/uploads\/2024\/11\/destacada.jpg\",\"contentUrl\":\"https:\/\/blancfestival.com\/wp-content\/uploads\/2024\/11\/destacada.jpg\",\"width\":800,\"height\":800},{\"@type\":\"BreadcrumbList\",\"@id\":\"https:\/\/blancfestival.com\/en\/latinas-in-tech\/#breadcrumb\",\"itemListElement\":[{\"@type\":\"ListItem\",\"position\":1,\"name\":\"Portada\",\"item\":\"https:\/\/blancfestival.com\/en\/\"},{\"@type\":\"ListItem\",\"position\":2,\"name\":\"Empoderando y conectando a mujeres en tecnolog\u00eda desde 2014\"}]},{\"@type\":\"WebSite\",\"@id\":\"https:\/\/blancfestival.com\/#website\",\"url\":\"https:\/\/blancfestival.com\/\",\"name\":\"Blanc! Festival\",\"description\":\"Dise\u00f1o, Creatividad e Innovaci\u00f3n\",\"publisher\":{\"@id\":\"https:\/\/blancfestival.com\/#organization\"},\"potentialAction\":[{\"@type\":\"SearchAction\",\"target\":{\"@type\":\"EntryPoint\",\"urlTemplate\":\"https:\/\/blancfestival.com\/?s={search_term_string}\"},\"query-input\":{\"@type\":\"PropertyValueSpecification\",\"valueRequired\":true,\"valueName\":\"search_term_string\"}}],\"inLanguage\":\"en-US\"},{\"@type\":\"Organization\",\"@id\":\"https:\/\/blancfestival.com\/#organization\",\"name\":\"Blanc! Festival de Dise\u00f1o, Creatividad e Innovaci\u00f3n\",\"url\":\"https:\/\/blancfestival.com\/\",\"logo\":{\"@type\":\"ImageObject\",\"inLanguage\":\"en-US\",\"@id\":\"https:\/\/blancfestival.com\/#\/schema\/logo\/image\/\",\"url\":\"https:\/\/blancfestival.com\/wp-content\/uploads\/2025\/01\/logo_icono_blanc.jpg\",\"contentUrl\":\"https:\/\/blancfestival.com\/wp-content\/uploads\/2025\/01\/logo_icono_blanc.jpg\",\"width\":2000,\"height\":2000,\"caption\":\"Blanc! Festival de Dise\u00f1o, Creatividad e Innovaci\u00f3n\"},\"image\":{\"@id\":\"https:\/\/blancfestival.com\/#\/schema\/logo\/image\/\"},\"sameAs\":[\"https:\/\/www.facebook.com\/blanc.festivaldissenygrafic\/\",\"https:\/\/x.com\/blancfest\",\"https:\/\/www.instagram.com\/blancfest\/\",\"https:\/\/www.linkedin.com\/company\/blanc-festival\",\"https:\/\/www.pinterest.com\/blancfest\/\",\"https:\/\/www.youtube.com\/channel\/UCM-IjxOFb5gQg4yPgmze3Gg\"]},{\"@type\":\"Person\",\"@id\":\"https:\/\/blancfestival.com\/#\/schema\/person\/1c1365d1e51e5730cf3f5fadb8670c06\",\"name\":\"Redacci\u00f3n Blanc!\",\"image\":{\"@type\":\"ImageObject\",\"inLanguage\":\"en-US\",\"@id\":\"https:\/\/blancfestival.com\/#\/schema\/person\/image\/\",\"url\":\"https:\/\/blancfestival.com\/wp-content\/uploads\/2020\/02\/ico-120x120.png\",\"contentUrl\":\"https:\/\/blancfestival.com\/wp-content\/uploads\/2020\/02\/ico-120x120.png\",\"caption\":\"Redacci\u00f3n Blanc!\"},\"description\":\"\u201cNo trates de doblar la cuchara. Es imposible. En lugar de hacerlo, solo intenta darte cuenta de la verdad\u2026 No hay cuchara. Entonces, ver\u00e1s que no es la cuchara lo que se dobla, te doblas t\u00fa\u201d\"}]}<\/script>\n<!-- \/ Yoast SEO plugin. -->","yoast_head_json":{"title":"Empoderando y conectando a mujeres en tecnolog\u00eda desde 2014","robots":{"index":"index","follow":"follow","max-snippet":"max-snippet:-1","max-image-preview":"max-image-preview:large","max-video-preview":"max-video-preview:-1"},"canonical":"https:\/\/blancfestival.com\/en\/latinas-in-tech\/","og_locale":"en_US","og_type":"article","og_title":"Empoderando y conectando a mujeres en tecnolog\u00eda desde 2014","og_description":"Latinas in Tech (LiT) es una organizaci\u00f3n sin fines de lucro dedicada a conectar, apoyar y empoderar a mujeres latinas que trabajan en la industria tecnol\u00f3gica. Desde su fundaci\u00f3n, ha colaborado con las principales empresas del sector para crear espacios seguros donde sus miembros puedan aprender, recibir mentor\u00edas y acceder a oportunidades laborales. &nbsp; &nbsp;&hellip;","og_url":"https:\/\/blancfestival.com\/en\/latinas-in-tech\/","og_site_name":"Blanc!","article_publisher":"https:\/\/www.facebook.com\/blanc.festivaldissenygrafic\/","article_published_time":"2024-11-26T06:40:22+00:00","article_modified_time":"2024-11-26T06:42:01+00:00","og_image":[{"width":800,"height":800,"url":"https:\/\/blancfestival.com\/wp-content\/uploads\/2024\/11\/destacada.jpg","type":"image\/jpeg"}],"author":"Redacci\u00f3n Blanc!","twitter_card":"summary_large_image","twitter_creator":"@blancfest","twitter_site":"@blancfest","twitter_misc":{"Written by":"Redacci\u00f3n Blanc!","Est. reading time":"2 minutes"},"schema":{"@context":"https:\/\/schema.org","@graph":[{"@type":"Article","@id":"https:\/\/blancfestival.com\/en\/latinas-in-tech\/#article","isPartOf":{"@id":"https:\/\/blancfestival.com\/en\/latinas-in-tech\/"},"author":{"name":"Redacci\u00f3n Blanc!","@id":"https:\/\/blancfestival.com\/#\/schema\/person\/1c1365d1e51e5730cf3f5fadb8670c06"},"headline":"Empoderando y conectando a mujeres en tecnolog\u00eda desde 2014","datePublished":"2024-11-26T06:40:22+00:00","dateModified":"2024-11-26T06:42:01+00:00","mainEntityOfPage":{"@id":"https:\/\/blancfestival.com\/en\/latinas-in-tech\/"},"wordCount":493,"publisher":{"@id":"https:\/\/blancfestival.com\/#organization"},"image":{"@id":"https:\/\/blancfestival.com\/en\/latinas-in-tech\/#primaryimage"},"thumbnailUrl":"https:\/\/blancfestival.com\/wp-content\/uploads\/2024\/11\/destacada.jpg","articleSection":["Mujeres Creativas"],"inLanguage":"en-US"},{"@type":"WebPage","@id":"https:\/\/blancfestival.com\/en\/latinas-in-tech\/","url":"https:\/\/blancfestival.com\/en\/latinas-in-tech\/","name":"Empoderando y conectando a mujeres en tecnolog\u00eda desde 2014","isPartOf":{"@id":"https:\/\/blancfestival.com\/#website"},"primaryImageOfPage":{"@id":"https:\/\/blancfestival.com\/en\/latinas-in-tech\/#primaryimage"},"image":{"@id":"https:\/\/blancfestival.com\/en\/latinas-in-tech\/#primaryimage"},"thumbnailUrl":"https:\/\/blancfestival.com\/wp-content\/uploads\/2024\/11\/destacada.jpg","datePublished":"2024-11-26T06:40:22+00:00","dateModified":"2024-11-26T06:42:01+00:00","breadcrumb":{"@id":"https:\/\/blancfestival.com\/en\/latinas-in-tech\/#breadcrumb"},"inLanguage":"en-US","potentialAction":[{"@type":"ReadAction","target":["https:\/\/blancfestival.com\/en\/latinas-in-tech\/"]}]},{"@type":"ImageObject","inLanguage":"en-US","@id":"https:\/\/blancfestival.com\/en\/latinas-in-tech\/#primaryimage","url":"https:\/\/blancfestival.com\/wp-content\/uploads\/2024\/11\/destacada.jpg","contentUrl":"https:\/\/blancfestival.com\/wp-content\/uploads\/2024\/11\/destacada.jpg","width":800,"height":800},{"@type":"BreadcrumbList","@id":"https:\/\/blancfestival.com\/en\/latinas-in-tech\/#breadcrumb","itemListElement":[{"@type":"ListItem","position":1,"name":"Portada","item":"https:\/\/blancfestival.com\/en\/"},{"@type":"ListItem","position":2,"name":"Empoderando y conectando a mujeres en tecnolog\u00eda desde 2014"}]},{"@type":"WebSite","@id":"https:\/\/blancfestival.com\/#website","url":"https:\/\/blancfestival.com\/","name":"Blanc! Festival","description":"Dise\u00f1o, Creatividad e Innovaci\u00f3n","publisher":{"@id":"https:\/\/blancfestival.com\/#organization"},"potentialAction":[{"@type":"SearchAction","target":{"@type":"EntryPoint","urlTemplate":"https:\/\/blancfestival.com\/?s={search_term_string}"},"query-input":{"@type":"PropertyValueSpecification","valueRequired":true,"valueName":"search_term_string"}}],"inLanguage":"en-US"},{"@type":"Organization","@id":"https:\/\/blancfestival.com\/#organization","name":"Blanc! Festival de Dise\u00f1o, Creatividad e Innovaci\u00f3n","url":"https:\/\/blancfestival.com\/","logo":{"@type":"ImageObject","inLanguage":"en-US","@id":"https:\/\/blancfestival.com\/#\/schema\/logo\/image\/","url":"https:\/\/blancfestival.com\/wp-content\/uploads\/2025\/01\/logo_icono_blanc.jpg","contentUrl":"https:\/\/blancfestival.com\/wp-content\/uploads\/2025\/01\/logo_icono_blanc.jpg","width":2000,"height":2000,"caption":"Blanc! Festival de Dise\u00f1o, Creatividad e Innovaci\u00f3n"},"image":{"@id":"https:\/\/blancfestival.com\/#\/schema\/logo\/image\/"},"sameAs":["https:\/\/www.facebook.com\/blanc.festivaldissenygrafic\/","https:\/\/x.com\/blancfest","https:\/\/www.instagram.com\/blancfest\/","https:\/\/www.linkedin.com\/company\/blanc-festival","https:\/\/www.pinterest.com\/blancfest\/","https:\/\/www.youtube.com\/channel\/UCM-IjxOFb5gQg4yPgmze3Gg"]},{"@type":"Person","@id":"https:\/\/blancfestival.com\/#\/schema\/person\/1c1365d1e51e5730cf3f5fadb8670c06","name":"Redacci\u00f3n Blanc!","image":{"@type":"ImageObject","inLanguage":"en-US","@id":"https:\/\/blancfestival.com\/#\/schema\/person\/image\/","url":"https:\/\/blancfestival.com\/wp-content\/uploads\/2020\/02\/ico-120x120.png","contentUrl":"https:\/\/blancfestival.com\/wp-content\/uploads\/2020\/02\/ico-120x120.png","caption":"Redacci\u00f3n Blanc!"},"description":"\u201cNo trates de doblar la cuchara. Es imposible. En lugar de hacerlo, solo intenta darte cuenta de la verdad\u2026 No hay cuchara. Entonces, ver\u00e1s que no es la cuchara lo que se dobla, te doblas t\u00fa\u201d"}]}},"_links":{"self":[{"href":"https:\/\/blancfestival.com\/en\/wp-json\/wp\/v2\/posts\/17345","targetHints":{"allow":["GET"]}}],"collection":[{"href":"https:\/\/blancfestival.com\/en\/wp-json\/wp\/v2\/posts"}],"about":[{"href":"https:\/\/blancfestival.com\/en\/wp-json\/wp\/v2\/types\/post"}],"author":[{"embeddable":true,"href":"https:\/\/blancfestival.com\/en\/wp-json\/wp\/v2\/users\/3"}],"replies":[{"embeddable":true,"href":"https:\/\/blancfestival.com\/en\/wp-json\/wp\/v2\/comments?post=17345"}],"version-history":[{"count":3,"href":"https:\/\/blancfestival.com\/en\/wp-json\/wp\/v2\/posts\/17345\/revisions"}],"predecessor-version":[{"id":17352,"href":"https:\/\/blancfestival.com\/en\/wp-json\/wp\/v2\/posts\/17345\/revisions\/17352"}],"wp:featuredmedia":[{"embeddable":true,"href":"https:\/\/blancfestival.com\/en\/wp-json\/wp\/v2\/media\/17342"}],"wp:attachment":[{"href":"https:\/\/blancfestival.com\/en\/wp-json\/wp\/v2\/media?parent=17345"}],"wp:term":[{"taxonomy":"category","embeddable":true,"href":"https:\/\/blancfestival.com\/en\/wp-json\/wp\/v2\/categories?post=17345"},{"taxonomy":"post_tag","embeddable":true,"href":"https:\/\/blancfestival.com\/en\/wp-json\/wp\/v2\/tags?post=17345"},{"taxonomy":"evento","embeddable":true,"href":"https:\/\/blancfestival.com\/en\/wp-json\/wp\/v2\/evento?post=17345"}],"curies":[{"name":"wp","href":"https:\/\/api.w.org\/{rel}","templated":true}]}}