{"id":17457,"date":"2024-12-31T16:31:00","date_gmt":"2024-12-31T15:31:00","guid":{"rendered":"https:\/\/blancfestival.com\/mujeres-que-inspiran\/"},"modified":"2024-12-31T16:31:00","modified_gmt":"2024-12-31T15:31:00","slug":"mujeres-que-inspiran","status":"publish","type":"post","link":"https:\/\/blancfestival.com\/en\/mujeres-que-inspiran\/","title":{"rendered":"Mujeres que inspiran: creatividad y empoderamiento femenino"},"content":{"rendered":"<p>Como ya sabr\u00e1s a estas alturas, y si no lo sabes te lo contamos, uno de los proyectos que producimos desde Blanc! es el <a href=\"https:\/\/femfeten.net\/\" target=\"_blank\" rel=\"noopener\">Podcast FemFet\u00e9n! Mujeres Creativas<\/a>. Un encuentro, una charla, una entrevista donde tres dise\u00f1adoras y creativas, Marina, Nora y Marta, se re\u00fanen para hablar de creatividad, de dise\u00f1o y de otras cosas con invitadas referentes en el sector del dise\u00f1o y la creatividad.<\/p>\n<p>En el universo del dise\u00f1o y la creatividad, hay mujeres que no solo destacan por su talento, sino tambi\u00e9n por c\u00f3mo han usado su trabajo para romper barreras, cuestionar estereotipos y abrir nuevos caminos. Estas referentes nos inspiran con su capacidad para transformar ideas en realidades y para liderar desde la autenticidad.<\/p>\n<p>En el podcast FemFet\u00e9n! Mujeres Creativas, nos adentramos en las historias de mujeres que han hecho del dise\u00f1o, la ilustraci\u00f3n, el arte y la publicidad herramientas de impacto. Desde creativas que luchan por la representaci\u00f3n inclusiva hasta aquellas que combinan sostenibilidad y activismo social en su trabajo, esta primera temporada ha sido una celebraci\u00f3n de la diversidad y el empoderamiento femenino en el \u00e1mbito creativo.<\/p>\n<p>&nbsp;<\/p>\n<h2>J\u00falia Solans<\/h2>\n<p>J\u00falia es ilustradora gr\u00e1fica y comunicadora. Compagina la ilustraci\u00f3n y el dise\u00f1o gr\u00e1fico con la televisi\u00f3n y la divulgaci\u00f3n, la conducci\u00f3n de eventos, el activismo pol\u00edtico, la docencia y los Gatos.<\/p>\n<p>Desde las calles de Barcelona hasta talleres internacionales, J\u00falia es una creadora multifac\u00e9tica que encuentra en el dibujo una herramienta para cuestionar etiquetas y desafiar paradigmas. Su capacidad de conectar con audiencias diversas la convierte en una voz imprescindible dentro del activismo creativo.<\/p>\n<p><a href=\"https:\/\/femfeten.net\/podcast\/julia-solans\/\" target=\"_blank\" rel=\"noopener\">M\u00e1s info de J\u00falia y episodio completo en FemFet\u00e9n!<\/a><\/p>\n<p>&nbsp;<\/p>\n<p><img loading=\"lazy\" decoding=\"async\" width=\"680\" height=\"680\" class=\"alignnone size-full wp-image-17402\" src=\"https:\/\/blancfestival.com\/wp-content\/uploads\/2024\/12\/julia-solans-thumb.jpg\" alt=\"\" srcset=\"https:\/\/blancfestival.com\/wp-content\/uploads\/2024\/12\/julia-solans-thumb.jpg 680w, https:\/\/blancfestival.com\/wp-content\/uploads\/2024\/12\/julia-solans-thumb-250x250.jpg 250w, https:\/\/blancfestival.com\/wp-content\/uploads\/2024\/12\/julia-solans-thumb-150x150.jpg 150w, https:\/\/blancfestival.com\/wp-content\/uploads\/2024\/12\/julia-solans-thumb-120x120.jpg 120w\" sizes=\"auto, (max-width: 680px) 100vw, 680px\" \/><\/p>\n<p>&nbsp;<\/p>\n<h2>Patricia Luj\u00e1n<\/h2>\n<p>Directora creativa y fundadora de proyectos como Patricia y Carlitos y Con Perspectiva de G\u00e9nero. Es autora del libro \u00a1Pechos fuera!, activista feminista y docente universitaria que impulsa el enfoque de g\u00e9nero en la comunicaci\u00f3n y la publicidad.<br \/>\nCon una trayectoria que abarca campa\u00f1as ic\u00f3nicas como las de IKEA y Vueling, Patricia es un referente en la lucha por la representaci\u00f3n inclusiva en el \u00e1mbito creativo. Su activismo, motivado por su deseo de un mundo mejor para su hija, se plasma en iniciativas que buscan la igualdad de g\u00e9nero desde la comunicaci\u00f3n.<\/p>\n<p><a href=\"https:\/\/femfeten.net\/podcast\/patricia-lujan\/\" target=\"_blank\" rel=\"noopener\">M\u00e1s info de Patricia y episodio completo en FemFet\u00e9n!<\/a><\/p>\n<p><img loading=\"lazy\" decoding=\"async\" class=\"alignnone wp-image-17406 size-large\" src=\"https:\/\/blancfestival.com\/wp-content\/uploads\/2024\/12\/patricia-700x700.jpg\" alt=\"\" width=\"700\" height=\"700\" srcset=\"https:\/\/blancfestival.com\/wp-content\/uploads\/2024\/12\/patricia-700x700.jpg 700w, https:\/\/blancfestival.com\/wp-content\/uploads\/2024\/12\/patricia-250x250.jpg 250w, https:\/\/blancfestival.com\/wp-content\/uploads\/2024\/12\/patricia-150x150.jpg 150w, https:\/\/blancfestival.com\/wp-content\/uploads\/2024\/12\/patricia-768x768.jpg 768w, https:\/\/blancfestival.com\/wp-content\/uploads\/2024\/12\/patricia-120x120.jpg 120w, https:\/\/blancfestival.com\/wp-content\/uploads\/2024\/12\/patricia.jpg 1070w\" sizes=\"auto, (max-width: 700px) 100vw, 700px\" \/><\/p>\n<p>&nbsp;<\/p>\n<h2>Laura Meseguer<\/h2>\n<p>Dise\u00f1adora gr\u00e1fica y tipogr\u00e1fica, Laura se especializa en crear tipograf\u00edas personalizadas para proyectos editoriales y de branding. Es fundadora de la escuela Tipo G y ha expuesto su obra en espacios como La Panera de Lleida o en las exposiciones organizadas por Blanc! en el Centre d&#8217;Art Contemporani La Sala. Laura combina su pasi\u00f3n por el dise\u00f1o con una mirada educativa. Su dedicaci\u00f3n por preservar el patrimonio tipogr\u00e1fico y su activismo a trav\u00e9s de las letras demuestran que el dise\u00f1o de letras tambi\u00e9n puede ser una herramienta de impacto social.<\/p>\n<p><a href=\"https:\/\/femfeten.net\/podcast\/laura-meseguer\/\" target=\"_blank\" rel=\"noopener\">M\u00e1s info de Laura y episodio completo en FemFet\u00e9n!<\/a><\/p>\n<p><img loading=\"lazy\" decoding=\"async\" width=\"600\" height=\"400\" class=\"alignnone size-full wp-image-17409\" src=\"https:\/\/blancfestival.com\/wp-content\/uploads\/2024\/12\/laura.webp\" alt=\"\" srcset=\"https:\/\/blancfestival.com\/wp-content\/uploads\/2024\/12\/laura.webp 600w, https:\/\/blancfestival.com\/wp-content\/uploads\/2024\/12\/laura-250x167.webp 250w, https:\/\/blancfestival.com\/wp-content\/uploads\/2024\/12\/laura-120x80.webp 120w, https:\/\/blancfestival.com\/wp-content\/uploads\/2024\/12\/laura-272x182.webp 272w\" sizes=\"auto, (max-width: 600px) 100vw, 600px\" \/><\/p>\n<p>&nbsp;<\/p>\n<h2>Lara Costafreda<\/h2>\n<p>Ilustradora enfocada en el dise\u00f1o con impacto social, Lara utiliza su arte para visibilizar problem\u00e1ticas globales. Ha colaborado con marcas de moda y lidera proyectos que integran sostenibilidad y justicia social.<br \/>\nDesde su paso por la Saint Martins hasta sus colaboraciones con ONGs, Lara destaca por su habilidad para unir el dise\u00f1o con la conciencia social. Su enfoque pr\u00e1ctico y su resiliencia la han llevado a convertirse en una inspiraci\u00f3n para quienes buscan transformar el mundo desde la creatividad.<\/p>\n<p><a href=\"https:\/\/femfeten.net\/podcast\/lara-costafreda\/\" target=\"_blank\" rel=\"noopener\">M\u00e1s info de Lara y episodio completo en FemFet\u00e9n!<\/a><\/p>\n<p><img loading=\"lazy\" decoding=\"async\" width=\"700\" height=\"700\" class=\"alignnone size-large wp-image-17412\" src=\"https:\/\/blancfestival.com\/wp-content\/uploads\/2024\/12\/Lara-Costafreda-700x700.jpg\" alt=\"\" srcset=\"https:\/\/blancfestival.com\/wp-content\/uploads\/2024\/12\/Lara-Costafreda-700x700.jpg 700w, https:\/\/blancfestival.com\/wp-content\/uploads\/2024\/12\/Lara-Costafreda-250x250.jpg 250w, https:\/\/blancfestival.com\/wp-content\/uploads\/2024\/12\/Lara-Costafreda-150x150.jpg 150w, https:\/\/blancfestival.com\/wp-content\/uploads\/2024\/12\/Lara-Costafreda-768x768.jpg 768w, https:\/\/blancfestival.com\/wp-content\/uploads\/2024\/12\/Lara-Costafreda-120x120.jpg 120w, https:\/\/blancfestival.com\/wp-content\/uploads\/2024\/12\/Lara-Costafreda.jpg 800w\" sizes=\"auto, (max-width: 700px) 100vw, 700px\" \/><\/p>\n<p>&nbsp;<\/p>\n<h2>Gemma Terol<\/h2>\n<p>Dise\u00f1adora gr\u00e1fica e ilustradora, Gemma combina su trabajo en MMMM Studio con su pasi\u00f3n por la ilustraci\u00f3n, enfoc\u00e1ndose en un dise\u00f1o sensible y divertido.<br \/>\nDesde su llegada a Barcelona para estudiar dise\u00f1o gr\u00e1fico, Gemma ha evolucionado hasta convertirse en una profesional multifac\u00e9tica. Tras a\u00f1os en agencias y editoriales, fund\u00f3 su propio estudio donde ha redescubierto la ilustraci\u00f3n como una forma de expresi\u00f3n personal y creativa. Adem\u00e1s, disfruta cocinando paellas y explorando en el dise\u00f1o de interiores\u200b.<\/p>\n<p><a href=\"https:\/\/femfeten.net\/podcast\/gemma-terol\/\" target=\"_blank\" rel=\"noopener\">M\u00e1s info de Gemma y episodio completo en FemFet\u00e9n!<\/a><\/p>\n<p><img loading=\"lazy\" decoding=\"async\" width=\"700\" height=\"658\" class=\"alignnone size-full wp-image-17415\" src=\"https:\/\/blancfestival.com\/wp-content\/uploads\/2024\/12\/gemma.jpg\" alt=\"\" srcset=\"https:\/\/blancfestival.com\/wp-content\/uploads\/2024\/12\/gemma.jpg 700w, https:\/\/blancfestival.com\/wp-content\/uploads\/2024\/12\/gemma-250x235.jpg 250w, https:\/\/blancfestival.com\/wp-content\/uploads\/2024\/12\/gemma-120x113.jpg 120w\" sizes=\"auto, (max-width: 700px) 100vw, 700px\" \/><\/p>\n<p>&nbsp;<\/p>\n<h2>Ainhoa Nagore<\/h2>\n<p>Directora de Arte y Creativa Independiente, Ainhoa colabora con marcas internacionales, especializ\u00e1ndose en estrategia de imagen, branding y direcci\u00f3n creativa.<br \/>\nReconocida por su est\u00e9tica refinada y su habilidad para balancear creatividad y comunicaci\u00f3n, Ainhoa ha recibido premios como los Red Dot Awards y Laus. Su enfoque en proyectos colaborativos demuestra su compromiso con la excelencia en la industria del dise\u00f1o\u200b.<\/p>\n<p><a href=\"https:\/\/femfeten.net\/podcast\/ainhoa-nagore\/\" target=\"_blank\" rel=\"noopener\">M\u00e1s info de Ainhoa y episodio completo en FemFet\u00e9n!<\/a><\/p>\n<p><img loading=\"lazy\" decoding=\"async\" width=\"700\" height=\"700\" class=\"alignnone size-full wp-image-17418\" src=\"https:\/\/blancfestival.com\/wp-content\/uploads\/2024\/12\/ainoha.jpg\" alt=\"\" srcset=\"https:\/\/blancfestival.com\/wp-content\/uploads\/2024\/12\/ainoha.jpg 700w, https:\/\/blancfestival.com\/wp-content\/uploads\/2024\/12\/ainoha-250x250.jpg 250w, https:\/\/blancfestival.com\/wp-content\/uploads\/2024\/12\/ainoha-150x150.jpg 150w, https:\/\/blancfestival.com\/wp-content\/uploads\/2024\/12\/ainoha-120x120.jpg 120w\" sizes=\"auto, (max-width: 700px) 100vw, 700px\" \/><\/p>\n<p>&nbsp;<\/p>\n<h2>Marga Oller<\/h2>\n<p>Socia de la agencia Mucho, Marga se especializa en la construcci\u00f3n de marcas, enfoc\u00e1ndose en la simplicidad y la claridad.<br \/>\nCon una trayectoria destacada, desde su rol como directora de arte en Summa hasta su liderazgo en Mucho, Marga ha trabajado con clientes como TeleMadrid y el FC Barcelona. Su pasi\u00f3n por la promoci\u00f3n cultural resalta en cada uno de sus proyectos\u200b.<\/p>\n<p><a href=\"https:\/\/femfeten.net\/podcast\/marga-oller\/\" target=\"_blank\" rel=\"noopener\">M\u00e1s info de Marga y episodio completo en FemFet\u00e9n!<\/a><\/p>\n<p><img loading=\"lazy\" decoding=\"async\" width=\"700\" height=\"700\" class=\"alignnone size-full wp-image-17421\" src=\"https:\/\/blancfestival.com\/wp-content\/uploads\/2024\/12\/marga.jpg\" alt=\"\" srcset=\"https:\/\/blancfestival.com\/wp-content\/uploads\/2024\/12\/marga.jpg 700w, https:\/\/blancfestival.com\/wp-content\/uploads\/2024\/12\/marga-250x250.jpg 250w, https:\/\/blancfestival.com\/wp-content\/uploads\/2024\/12\/marga-150x150.jpg 150w, https:\/\/blancfestival.com\/wp-content\/uploads\/2024\/12\/marga-120x120.jpg 120w\" sizes=\"auto, (max-width: 700px) 100vw, 700px\" \/><\/p>\n<p>&nbsp;<\/p>\n<h2>Carla Gonz\u00e1lez<\/h2>\n<p>Comunicadora, creativa y docente, Carla trabaja en copywriting y comunicaci\u00f3n estrat\u00e9gica mientras reflexiona sobre el impacto emocional del trabajo creativo.<br \/>\nDesde sus inicios como copy hasta su transici\u00f3n a la docencia, Carla destaca por su enfoque en la colaboraci\u00f3n y el humor como herramienta creativa. Su sinceridad al abordar temas como la ansiedad inspira a sus estudiantes a encontrar equilibrio en su vida profesional y personal\u200b.<\/p>\n<p><a href=\"https:\/\/femfeten.net\/podcast\/estrtegia-vs-creatividad\/\" target=\"_blank\" rel=\"noopener\">M\u00e1s info de Carla y episodio completo en FemFet\u00e9n!<\/a><\/p>\n<p><img loading=\"lazy\" decoding=\"async\" width=\"576\" height=\"576\" class=\"alignnone size-full wp-image-17427\" src=\"https:\/\/blancfestival.com\/wp-content\/uploads\/2024\/12\/carla.jpg\" alt=\"\" srcset=\"https:\/\/blancfestival.com\/wp-content\/uploads\/2024\/12\/carla.jpg 576w, https:\/\/blancfestival.com\/wp-content\/uploads\/2024\/12\/carla-250x250.jpg 250w, https:\/\/blancfestival.com\/wp-content\/uploads\/2024\/12\/carla-150x150.jpg 150w, https:\/\/blancfestival.com\/wp-content\/uploads\/2024\/12\/carla-120x120.jpg 120w\" sizes=\"auto, (max-width: 576px) 100vw, 576px\" \/><\/p>\n<p>&nbsp;<\/p>\n<h2>Mariana Hern\u00e1ndez Delfino<\/h2>\n<p>Psic\u00f3loga especializada en estad\u00edstica y tecnolog\u00eda, Mariana aplica sus conocimientos en dise\u00f1o UX e innovaci\u00f3n tecnol\u00f3gica.<br \/>\nCon una carrera que incluye su paso por Google y mentor\u00edas para mujeres en STEM (Science, technology, engineering, and mathematics), Mariana aboga por el dise\u00f1o centrado en el usuario y el empoderamiento femenino. Su capacidad para fusionar la tecnolog\u00eda con la psicolog\u00eda la convierte en una referente en su campo\u200b.<\/p>\n<p><a href=\"https:\/\/femfeten.net\/podcast\/hay-que-creerse-la-ultima-coca-cola-del-desierto\/\" target=\"_blank\" rel=\"noopener\">M\u00e1s info de Mariana y episodio completo en FemFet\u00e9n!<\/a><\/p>\n<p><img loading=\"lazy\" decoding=\"async\" width=\"700\" height=\"700\" class=\"alignnone size-large wp-image-17424\" src=\"https:\/\/blancfestival.com\/wp-content\/uploads\/2024\/12\/mariana-hernandez-700x700.jpg\" alt=\"\" srcset=\"https:\/\/blancfestival.com\/wp-content\/uploads\/2024\/12\/mariana-hernandez-700x700.jpg 700w, https:\/\/blancfestival.com\/wp-content\/uploads\/2024\/12\/mariana-hernandez-250x250.jpg 250w, https:\/\/blancfestival.com\/wp-content\/uploads\/2024\/12\/mariana-hernandez-150x150.jpg 150w, https:\/\/blancfestival.com\/wp-content\/uploads\/2024\/12\/mariana-hernandez-768x768.jpg 768w, https:\/\/blancfestival.com\/wp-content\/uploads\/2024\/12\/mariana-hernandez-120x120.jpg 120w, https:\/\/blancfestival.com\/wp-content\/uploads\/2024\/12\/mariana-hernandez.jpg 800w\" sizes=\"auto, (max-width: 700px) 100vw, 700px\" \/><\/p>\n<p>&nbsp;<\/p>\n<h2>Mar\u00eda Cerd\u00e1n<\/h2>\n<p>Chief Brand Officer de VICIO, Mar\u00eda lidera la estrategia creativa de la marca, enfoc\u00e1ndose en mantener su esencia transgresora mientras gestiona su crecimiento y evoluci\u00f3n.<br \/>\nCon una trayectoria marcada por su capacidad de adaptaci\u00f3n y liderazgo, Mar\u00eda se uni\u00f3 a VICIO para apoyar su r\u00e1pida expansi\u00f3n. Desde entonces, ha trabajado en construir un equipo cohesionado y en desarrollar campa\u00f1as innovadoras que reflejan la identidad &#8220;macarra&#8221; de la marca. Su enfoque humano destaca por priorizar el bienestar emocional del equipo y fomentar la creatividad como un estilo de vida. Bajo su liderazgo, VICIO ha logrado equilibrar su personalidad disruptiva con los desaf\u00edos de un mercado cada vez m\u00e1s exigente.<\/p>\n<p><a href=\"https:\/\/femfeten.net\/podcast\/maria-cerdan-vicio\/\" target=\"_blank\" rel=\"noopener\">M\u00e1s info de Mar\u00eda y episodio completo en FemFet\u00e9n!<\/a><\/p>\n<p><img loading=\"lazy\" decoding=\"async\" width=\"700\" height=\"700\" class=\"alignnone size-large wp-image-17208\" src=\"https:\/\/blancfestival.com\/wp-content\/uploads\/2024\/06\/vicio-1-700x700.jpg\" alt=\"\" srcset=\"https:\/\/blancfestival.com\/wp-content\/uploads\/2024\/06\/vicio-1-700x700.jpg 700w, https:\/\/blancfestival.com\/wp-content\/uploads\/2024\/06\/vicio-1-250x250.jpg 250w, https:\/\/blancfestival.com\/wp-content\/uploads\/2024\/06\/vicio-1-150x150.jpg 150w, https:\/\/blancfestival.com\/wp-content\/uploads\/2024\/06\/vicio-1-768x768.jpg 768w, https:\/\/blancfestival.com\/wp-content\/uploads\/2024\/06\/vicio-1-120x120.jpg 120w, https:\/\/blancfestival.com\/wp-content\/uploads\/2024\/06\/vicio-1.jpg 800w\" sizes=\"auto, (max-width: 700px) 100vw, 700px\" \/><\/p>\n<p>&nbsp;<\/p>\n<h2>Ana Gea<\/h2>\n<p>Socia fundadora de PalauGea y directora de publicaciones como Gr\u00e0ffica, M\u00fassica y Universo de Emociones, Ana combina su experiencia en dise\u00f1o con una reflexi\u00f3n profunda sobre la creatividad y el bienestar.<br \/>\nCon una mirada equilibrada entre lo personal y lo profesional, Ana destaca por su enfoque honesto y consciente en la industria creativa. Aboga por integrar proyectos personales como la poes\u00eda para nutrir el alma, mientras navega los desaf\u00edos de un sector marcado por la hiperconectividad y las redes sociales. Como l\u00edder en el mundo del dise\u00f1o, impulsa la autenticidad y la capacidad de adaptaci\u00f3n como claves para mantener la relevancia sin perder la esencia. Su filosof\u00eda inspira a valorar las fortalezas individuales, equilibrar las prioridades y abrazar la creatividad como motor de cambio personal y profesional.<\/p>\n<p><a href=\"https:\/\/femfeten.net\/podcast\/ana-gea\/\" target=\"_blank\" rel=\"noopener\">M\u00e1s info de Ana y episodio completo en FemFet\u00e9n!<\/a><\/p>\n<p><img loading=\"lazy\" decoding=\"async\" width=\"700\" height=\"700\" class=\"alignnone size-full wp-image-17430\" src=\"https:\/\/blancfestival.com\/wp-content\/uploads\/2024\/12\/ana.jpg\" alt=\"\" srcset=\"https:\/\/blancfestival.com\/wp-content\/uploads\/2024\/12\/ana.jpg 700w, https:\/\/blancfestival.com\/wp-content\/uploads\/2024\/12\/ana-250x250.jpg 250w, https:\/\/blancfestival.com\/wp-content\/uploads\/2024\/12\/ana-150x150.jpg 150w, https:\/\/blancfestival.com\/wp-content\/uploads\/2024\/12\/ana-120x120.jpg 120w\" sizes=\"auto, (max-width: 700px) 100vw, 700px\" \/><\/p>\n<p>&nbsp;<\/p>\n<h2>Nono Rueda<\/h2>\n<p>Ilustradora y terapeuta energ\u00e9tica, Nono ha transitado de una carrera como dise\u00f1adora gr\u00e1fica a facilitar sesiones de exploraci\u00f3n de conciencia y sanaci\u00f3n emocional.<br \/>\nTras a\u00f1os como ilustradora, Nono sinti\u00f3 la necesidad de redescubrirse y explorar su propio ser. Esto la llev\u00f3 a formarse en terapias energ\u00e9ticas y emocionales. Actualmente, acompa\u00f1a a otros en procesos de autodescubrimiento, utilizando herramientas como la conexi\u00f3n corporal, el trance consciente y la exploraci\u00f3n energ\u00e9tica. Su trabajo combina creatividad, intuici\u00f3n y una profunda sensibilidad, guiando a las personas hacia su esencia m\u00e1s aut\u00e9ntica. Su enfoque innovador inspira a encontrar equilibrio y prop\u00f3sito m\u00e1s all\u00e1 del ruido mental.<\/p>\n<p><a href=\"https:\/\/femfeten.net\/podcast\/nono-rueda\/\" target=\"_blank\" rel=\"noopener\">M\u00e1s info de Nono y episodio completo en FemFet\u00e9n!<\/a><\/p>\n<p><img loading=\"lazy\" decoding=\"async\" width=\"600\" height=\"600\" class=\"alignnone size-full wp-image-17312\" src=\"https:\/\/blancfestival.com\/wp-content\/uploads\/2024\/10\/non-web.jpg\" alt=\"\" srcset=\"https:\/\/blancfestival.com\/wp-content\/uploads\/2024\/10\/non-web.jpg 600w, https:\/\/blancfestival.com\/wp-content\/uploads\/2024\/10\/non-web-250x250.jpg 250w, https:\/\/blancfestival.com\/wp-content\/uploads\/2024\/10\/non-web-150x150.jpg 150w, https:\/\/blancfestival.com\/wp-content\/uploads\/2024\/10\/non-web-120x120.jpg 120w\" sizes=\"auto, (max-width: 600px) 100vw, 600px\" \/><\/p>\n<p>&nbsp;<\/p>\n<h2>Marina Salazar<\/h2>\n<p>Artista, dise\u00f1adora y docente, Marina combina su amor por la est\u00e9tica kitsch y la transformaci\u00f3n de objetos con su labor acad\u00e9mica y su participaci\u00f3n en la escena art\u00edstica de Barcelona.<br \/>\nFundadora de No Queda Tinte, Marina comenz\u00f3 su trayectoria art\u00edstica hace siete a\u00f1os interviniendo objetos encontrados, transform\u00e1ndolos en piezas provocativas que han sido expuestas en galer\u00edas y festivales como La Plataforma y el Festival Misonny. Adem\u00e1s de dirigir su estudio, Marina comparte su experiencia como profesora en grados, m\u00e1sters y postgrados en artes y dise\u00f1o. Su enfoque disruptivo, que celebra la est\u00e9tica kitsch y los objetos cotidianos, la posiciona como una creadora \u00fanica en la escena art\u00edstica contempor\u00e1nea.<\/p>\n<p><a href=\"https:\/\/femfeten.net\/podcast\/marina-salazar\/\" target=\"_blank\" rel=\"noopener\">M\u00e1s info de Marina y episodio completo en FemFet\u00e9n!<\/a><\/p>\n<p><img loading=\"lazy\" decoding=\"async\" width=\"600\" height=\"392\" class=\"alignnone size-large wp-image-17433\" src=\"https:\/\/blancfestival.com\/wp-content\/uploads\/2024\/12\/marina.jpg\" alt=\"\" srcset=\"https:\/\/blancfestival.com\/wp-content\/uploads\/2024\/12\/marina.jpg 600w, https:\/\/blancfestival.com\/wp-content\/uploads\/2024\/12\/marina-250x163.jpg 250w, https:\/\/blancfestival.com\/wp-content\/uploads\/2024\/12\/marina-120x78.jpg 120w\" sizes=\"auto, (max-width: 600px) 100vw, 600px\" \/><\/p>\n<p>&nbsp;<\/p>\n<h2>Meritxell Casamira<\/h2>\n<p>Meritxell Casamira, dise\u00f1adora y directora creativa, lidera un estudio multidisciplinar con sede en Barcelona, especializado en dise\u00f1o, direcci\u00f3n de arte y comunicaci\u00f3n visual. Bajo su visi\u00f3n, estas disciplinas se entrelazan de manera \u00fanica para aportar vitalidad y excelencia a proyectos con alcance global.<br \/>\nSu trabajo se distingue por ir m\u00e1s all\u00e1 de la est\u00e9tica, explorando la narrativa detr\u00e1s de cada proyecto. Meritxell se especializa en crear conceptos con profundidad, significado y resonancia emocional, encontrando la perfecta intersecci\u00f3n entre forma y contenido. Este enfoque le permite desarrollar lenguajes visuales distintivos y atemporales que conectan con las personas y cuentan historias \u00fanicas.<\/p>\n<p><a href=\"https:\/\/femfeten.net\/podcast\/meritxell-casamira\/\" target=\"_blank\" rel=\"noopener\">M\u00e1s info de Meritxell y episodio completo en FemFet\u00e9n!<\/a><\/p>\n<p><img loading=\"lazy\" decoding=\"async\" width=\"600\" height=\"600\" class=\"alignnone size-full wp-image-17436\" src=\"https:\/\/blancfestival.com\/wp-content\/uploads\/2024\/12\/casamira.jpg\" alt=\"\" srcset=\"https:\/\/blancfestival.com\/wp-content\/uploads\/2024\/12\/casamira.jpg 600w, https:\/\/blancfestival.com\/wp-content\/uploads\/2024\/12\/casamira-250x250.jpg 250w, https:\/\/blancfestival.com\/wp-content\/uploads\/2024\/12\/casamira-150x150.jpg 150w, https:\/\/blancfestival.com\/wp-content\/uploads\/2024\/12\/casamira-120x120.jpg 120w\" sizes=\"auto, (max-width: 600px) 100vw, 600px\" \/><\/p>\n<p>&nbsp;<\/p>\n<h2>Carolina Rodr\u00edguez<\/h2>\n<p>Dise\u00f1adora estrat\u00e9gica y cofundadora de Spin Off, Carolina impulsa startups a trav\u00e9s de una visi\u00f3n creativa, combinando dise\u00f1o estrat\u00e9gico y emprendedur\u00eda. Adem\u00e1s, es creadora del podcast Sangre de Unicornio, un espacio inspirador para explorar creatividad y negocios.<br \/>\nCon una trayectoria que abarca desde la publicidad hasta el dise\u00f1o estrat\u00e9gico, Carolina ha dise\u00f1ado su vida profesional priorizando el equilibrio entre impacto, creatividad y bienestar. Su pasi\u00f3n por aprender y experimentar con nuevos procesos, como la esgrima o la pasteler\u00eda, le ha permitido desarrollar enfoques \u00fanicos e innovadores en su trabajo. Reconocida por su autenticidad y energ\u00eda, Carolina comparte lecciones sobre resiliencia, generosidad creativa y el valor de rodearse de un ecosistema que nutra nuestras pasiones. Su historia es una fuente de inspiraci\u00f3n para transformar ideas en realidades.<\/p>\n<p><a href=\"https:\/\/femfeten.net\/podcast\/carolina-rodriguez\/\" target=\"_blank\" rel=\"noopener\">M\u00e1s info de Carolina y episodio completo en FemFet\u00e9n!<\/a><\/p>\n<p><img loading=\"lazy\" decoding=\"async\" width=\"600\" height=\"600\" class=\"alignnone size-full wp-image-17439\" src=\"https:\/\/blancfestival.com\/wp-content\/uploads\/2024\/12\/carolina.jpg\" alt=\"\" srcset=\"https:\/\/blancfestival.com\/wp-content\/uploads\/2024\/12\/carolina.jpg 600w, https:\/\/blancfestival.com\/wp-content\/uploads\/2024\/12\/carolina-250x250.jpg 250w, https:\/\/blancfestival.com\/wp-content\/uploads\/2024\/12\/carolina-150x150.jpg 150w, https:\/\/blancfestival.com\/wp-content\/uploads\/2024\/12\/carolina-120x120.jpg 120w\" sizes=\"auto, (max-width: 600px) 100vw, 600px\" \/><\/p>\n<p>&nbsp;<\/p>\n<h2>Nicole Vindel<\/h2>\n<p>Artista y directora creativa, Nicole utiliza el arte y la comida como medios para explorar temas profundos como la ecolog\u00eda, la identidad y las relaciones humanas.<br \/>\nDesde su transici\u00f3n del dise\u00f1o industrial al arte, Nicole ha encontrado en lo cotidiano, especialmente en la comida, un poderoso lenguaje de conexi\u00f3n cultural y social. Sus reflexiones sobre la flexibilidad, simbolizadas en la met\u00e1fora del jardinero, ilustran su enfoque adaptable hacia la creaci\u00f3n art\u00edstica. A trav\u00e9s de proyectos como su cr\u00edtica al consumo insostenible del agua, Nicole combina est\u00e9tica con activismo para invitar a la reflexi\u00f3n. Su compromiso con la diversidad y la visibilizaci\u00f3n de mujeres y culturas no euroc\u00e9ntricas la posiciona como una creadora comprometida con reescribir narrativas y cuestionar estructuras establecidas.<\/p>\n<p><a href=\"https:\/\/femfeten.net\/podcast\/nicole-vindel\/\" target=\"_blank\" rel=\"noopener\">M\u00e1s info de Nicole y episodio completo en FemFet\u00e9n!<\/a><\/p>\n<p><img loading=\"lazy\" decoding=\"async\" width=\"600\" height=\"600\" class=\"alignnone size-full wp-image-17442\" src=\"https:\/\/blancfestival.com\/wp-content\/uploads\/2024\/12\/nicole.jpg\" alt=\"\" srcset=\"https:\/\/blancfestival.com\/wp-content\/uploads\/2024\/12\/nicole.jpg 600w, https:\/\/blancfestival.com\/wp-content\/uploads\/2024\/12\/nicole-250x250.jpg 250w, https:\/\/blancfestival.com\/wp-content\/uploads\/2024\/12\/nicole-150x150.jpg 150w, https:\/\/blancfestival.com\/wp-content\/uploads\/2024\/12\/nicole-120x120.jpg 120w\" sizes=\"auto, (max-width: 600px) 100vw, 600px\" \/><\/p>\n<p>&nbsp;<\/p>\n<h2>Diana N\u00fa\u00f1ez<\/h2>\n<p>CEO y cofundadora de The Clueless, Diana lidera la creaci\u00f3n de avatares digitales generados por IA, transformando el mundo de la publicidad con modelos virtuales accesibles e innovadores.<br \/>\nTras a\u00f1os en dise\u00f1o gr\u00e1fico y branding, Diana encontr\u00f3 en la inteligencia artificial una soluci\u00f3n creativa para reducir los costos de producci\u00f3n en campa\u00f1as publicitarias. Su proyecto, impulsado por la popularidad de avatares como Aitana, ha abierto debates sobre est\u00e1ndares de belleza, consumo digital y la l\u00ednea entre lo real y lo virtual. Con una visi\u00f3n audaz, The Clueless est\u00e1 explorando nuevas posibilidades para sus avatares, desde chatbots hasta esculturas 3D. Diana aborda con valent\u00eda los dilemas \u00e9ticos que surgen en su trabajo, demostrando que la creatividad puede desafiar los l\u00edmites de la industria y de la tecnolog\u00eda.<\/p>\n<p><a href=\"https:\/\/femfeten.net\/podcast\/diana-nunez\/\" target=\"_blank\" rel=\"noopener\">M\u00e1s info de Diana y episodio completo en FemFet\u00e9n!<\/a><\/p>\n<p><img loading=\"lazy\" decoding=\"async\" width=\"600\" height=\"600\" class=\"alignnone size-full wp-image-17445\" src=\"https:\/\/blancfestival.com\/wp-content\/uploads\/2024\/12\/diana.jpg\" alt=\"\" srcset=\"https:\/\/blancfestival.com\/wp-content\/uploads\/2024\/12\/diana.jpg 600w, https:\/\/blancfestival.com\/wp-content\/uploads\/2024\/12\/diana-250x250.jpg 250w, https:\/\/blancfestival.com\/wp-content\/uploads\/2024\/12\/diana-150x150.jpg 150w, https:\/\/blancfestival.com\/wp-content\/uploads\/2024\/12\/diana-120x120.jpg 120w\" sizes=\"auto, (max-width: 600px) 100vw, 600px\" \/><\/p>\n<p>&nbsp;<\/p>\n<h2>Eva Conesa<\/h2>\n<p>Directora creativa ejecutiva y socia de twoelf, Eva es una referente en publicidad y branding, adem\u00e1s de profesora en el M\u00e1ster de Branding de LCI Barcelona y miembro activa del proyecto M\u00e1s Mujeres Creativas.<br \/>\nCon una destacada trayectoria en un sector tradicionalmente masculinizado, Eva ha demostrado que el talento y la perseverancia pueden transformar barreras en oportunidades. Su enfoque creativo y su capacidad para abrazar la duda y el fracaso como parte del aprendizaje son pilares de su filosof\u00eda. Eva busca constantemente un equilibrio entre su pasi\u00f3n por la creatividad y su bienestar personal, inspirando a mujeres en la industria a superar adversidades y alcanzar su m\u00e1ximo potencial. A trav\u00e9s de proyectos como M\u00e1s Mujeres Creativas, sigue dejando una huella significativa en el mundo de la publicidad y el dise\u00f1o.<\/p>\n<p><a href=\"https:\/\/femfeten.net\/podcast\/eva-conesa\/\" target=\"_blank\" rel=\"noopener\">M\u00e1s info de Eva y episodio completo en FemFet\u00e9n!<\/a><\/p>\n<p><img loading=\"lazy\" decoding=\"async\" width=\"600\" height=\"600\" class=\"alignnone size-full wp-image-17448\" src=\"https:\/\/blancfestival.com\/wp-content\/uploads\/2024\/12\/eva.jpg\" alt=\"\" srcset=\"https:\/\/blancfestival.com\/wp-content\/uploads\/2024\/12\/eva.jpg 600w, https:\/\/blancfestival.com\/wp-content\/uploads\/2024\/12\/eva-250x250.jpg 250w, https:\/\/blancfestival.com\/wp-content\/uploads\/2024\/12\/eva-150x150.jpg 150w, https:\/\/blancfestival.com\/wp-content\/uploads\/2024\/12\/eva-120x120.jpg 120w\" sizes=\"auto, (max-width: 600px) 100vw, 600px\" \/><\/p>\n<p>&nbsp;<\/p>\n<p>&nbsp;<\/p>\n","protected":false},"excerpt":{"rendered":"Como ya sabr\u00e1s a estas alturas, y si no lo sabes te lo contamos, uno de los proyectos que producimos desde Blanc! es el Podcast FemFet\u00e9n! Mujeres Creativas. Un encuentro, una charla, una entrevista donde tres dise\u00f1adoras y creativas, Marina, Nora y Marta, se re\u00fanen para hablar de creatividad, de dise\u00f1o y de otras cosas&hellip;","protected":false},"author":3,"featured_media":17455,"comment_status":"closed","ping_status":"closed","sticky":false,"template":"","format":"standard","meta":{"_acf_changed":false,"footnotes":""},"categories":[372,368],"tags":[],"evento":[],"class_list":["post-17457","post","type-post","status-publish","format-standard","has-post-thumbnail","hentry","category-referentes-en","category-mujeres-creativas-en"],"acf":[],"yoast_head":"<!-- This site is optimized with the Yoast SEO plugin v23.7 - https:\/\/yoast.com\/wordpress\/plugins\/seo\/ -->\n<title>Mujeres que inspiran: creatividad y empoderamiento femenino<\/title>\n<meta name=\"robots\" content=\"index, follow, max-snippet:-1, max-image-preview:large, max-video-preview:-1\" \/>\n<link rel=\"canonical\" href=\"https:\/\/blancfestival.com\/en\/mujeres-que-inspiran\/\" \/>\n<meta property=\"og:locale\" content=\"en_US\" \/>\n<meta property=\"og:type\" content=\"article\" \/>\n<meta property=\"og:title\" content=\"Mujeres que inspiran: creatividad y empoderamiento femenino\" \/>\n<meta property=\"og:description\" content=\"Como ya sabr\u00e1s a estas alturas, y si no lo sabes te lo contamos, uno de los proyectos que producimos desde Blanc! es el Podcast FemFet\u00e9n! Mujeres Creativas. Un encuentro, una charla, una entrevista donde tres dise\u00f1adoras y creativas, Marina, Nora y Marta, se re\u00fanen para hablar de creatividad, de dise\u00f1o y de otras cosas&hellip;\" \/>\n<meta property=\"og:url\" content=\"https:\/\/blancfestival.com\/en\/mujeres-que-inspiran\/\" \/>\n<meta property=\"og:site_name\" content=\"Blanc!\" \/>\n<meta property=\"article:publisher\" content=\"https:\/\/www.facebook.com\/blanc.festivaldissenygrafic\/\" \/>\n<meta property=\"article:published_time\" content=\"2024-12-31T15:31:00+00:00\" \/>\n<meta property=\"og:image\" content=\"https:\/\/blancfestival.com\/wp-content\/uploads\/2024\/12\/julia-solans-thumb.jpg\" \/>\n<meta name=\"author\" content=\"Redacci\u00f3n Blanc!\" \/>\n<meta name=\"twitter:card\" content=\"summary_large_image\" \/>\n<meta name=\"twitter:creator\" content=\"@blancfest\" \/>\n<meta name=\"twitter:site\" content=\"@blancfest\" \/>\n<meta name=\"twitter:label1\" content=\"Written by\" \/>\n\t<meta name=\"twitter:data1\" content=\"Redacci\u00f3n Blanc!\" \/>\n\t<meta name=\"twitter:label2\" content=\"Est. reading time\" \/>\n\t<meta name=\"twitter:data2\" content=\"12 minutes\" \/>\n<script type=\"application\/ld+json\" class=\"yoast-schema-graph\">{\"@context\":\"https:\/\/schema.org\",\"@graph\":[{\"@type\":\"Article\",\"@id\":\"https:\/\/blancfestival.com\/en\/mujeres-que-inspiran\/#article\",\"isPartOf\":{\"@id\":\"https:\/\/blancfestival.com\/en\/mujeres-que-inspiran\/\"},\"author\":{\"name\":\"Redacci\u00f3n Blanc!\",\"@id\":\"https:\/\/blancfestival.com\/#\/schema\/person\/1c1365d1e51e5730cf3f5fadb8670c06\"},\"headline\":\"Mujeres que inspiran: creatividad y empoderamiento femenino\",\"datePublished\":\"2024-12-31T15:31:00+00:00\",\"dateModified\":\"2024-12-31T15:31:00+00:00\",\"mainEntityOfPage\":{\"@id\":\"https:\/\/blancfestival.com\/en\/mujeres-que-inspiran\/\"},\"wordCount\":2365,\"publisher\":{\"@id\":\"https:\/\/blancfestival.com\/#organization\"},\"image\":{\"@id\":\"https:\/\/blancfestival.com\/en\/mujeres-que-inspiran\/#primaryimage\"},\"thumbnailUrl\":\"https:\/\/blancfestival.com\/wp-content\/uploads\/2024\/12\/mujeres-creativas.jpg\",\"articleSection\":[\"Referentes\",\"Mujeres Creativas\"],\"inLanguage\":\"en-US\"},{\"@type\":\"WebPage\",\"@id\":\"https:\/\/blancfestival.com\/en\/mujeres-que-inspiran\/\",\"url\":\"https:\/\/blancfestival.com\/en\/mujeres-que-inspiran\/\",\"name\":\"Mujeres que inspiran: creatividad y empoderamiento femenino\",\"isPartOf\":{\"@id\":\"https:\/\/blancfestival.com\/#website\"},\"primaryImageOfPage\":{\"@id\":\"https:\/\/blancfestival.com\/en\/mujeres-que-inspiran\/#primaryimage\"},\"image\":{\"@id\":\"https:\/\/blancfestival.com\/en\/mujeres-que-inspiran\/#primaryimage\"},\"thumbnailUrl\":\"https:\/\/blancfestival.com\/wp-content\/uploads\/2024\/12\/mujeres-creativas.jpg\",\"datePublished\":\"2024-12-31T15:31:00+00:00\",\"dateModified\":\"2024-12-31T15:31:00+00:00\",\"breadcrumb\":{\"@id\":\"https:\/\/blancfestival.com\/en\/mujeres-que-inspiran\/#breadcrumb\"},\"inLanguage\":\"en-US\",\"potentialAction\":[{\"@type\":\"ReadAction\",\"target\":[\"https:\/\/blancfestival.com\/en\/mujeres-que-inspiran\/\"]}]},{\"@type\":\"ImageObject\",\"inLanguage\":\"en-US\",\"@id\":\"https:\/\/blancfestival.com\/en\/mujeres-que-inspiran\/#primaryimage\",\"url\":\"https:\/\/blancfestival.com\/wp-content\/uploads\/2024\/12\/mujeres-creativas.jpg\",\"contentUrl\":\"https:\/\/blancfestival.com\/wp-content\/uploads\/2024\/12\/mujeres-creativas.jpg\",\"width\":600,\"height\":600},{\"@type\":\"BreadcrumbList\",\"@id\":\"https:\/\/blancfestival.com\/en\/mujeres-que-inspiran\/#breadcrumb\",\"itemListElement\":[{\"@type\":\"ListItem\",\"position\":1,\"name\":\"Portada\",\"item\":\"https:\/\/blancfestival.com\/en\/\"},{\"@type\":\"ListItem\",\"position\":2,\"name\":\"Mujeres que inspiran: creatividad y empoderamiento femenino\"}]},{\"@type\":\"WebSite\",\"@id\":\"https:\/\/blancfestival.com\/#website\",\"url\":\"https:\/\/blancfestival.com\/\",\"name\":\"Blanc! Festival\",\"description\":\"Dise\u00f1o, Creatividad e Innovaci\u00f3n\",\"publisher\":{\"@id\":\"https:\/\/blancfestival.com\/#organization\"},\"potentialAction\":[{\"@type\":\"SearchAction\",\"target\":{\"@type\":\"EntryPoint\",\"urlTemplate\":\"https:\/\/blancfestival.com\/?s={search_term_string}\"},\"query-input\":{\"@type\":\"PropertyValueSpecification\",\"valueRequired\":true,\"valueName\":\"search_term_string\"}}],\"inLanguage\":\"en-US\"},{\"@type\":\"Organization\",\"@id\":\"https:\/\/blancfestival.com\/#organization\",\"name\":\"Blanc! Festival de Dise\u00f1o, Creatividad e Innovaci\u00f3n\",\"url\":\"https:\/\/blancfestival.com\/\",\"logo\":{\"@type\":\"ImageObject\",\"inLanguage\":\"en-US\",\"@id\":\"https:\/\/blancfestival.com\/#\/schema\/logo\/image\/\",\"url\":\"https:\/\/blancfestival.com\/wp-content\/uploads\/2025\/01\/logo_icono_blanc.jpg\",\"contentUrl\":\"https:\/\/blancfestival.com\/wp-content\/uploads\/2025\/01\/logo_icono_blanc.jpg\",\"width\":2000,\"height\":2000,\"caption\":\"Blanc! Festival de Dise\u00f1o, Creatividad e Innovaci\u00f3n\"},\"image\":{\"@id\":\"https:\/\/blancfestival.com\/#\/schema\/logo\/image\/\"},\"sameAs\":[\"https:\/\/www.facebook.com\/blanc.festivaldissenygrafic\/\",\"https:\/\/x.com\/blancfest\",\"https:\/\/www.instagram.com\/blancfest\/\",\"https:\/\/www.linkedin.com\/company\/blanc-festival\",\"https:\/\/www.pinterest.com\/blancfest\/\",\"https:\/\/www.youtube.com\/channel\/UCM-IjxOFb5gQg4yPgmze3Gg\"]},{\"@type\":\"Person\",\"@id\":\"https:\/\/blancfestival.com\/#\/schema\/person\/1c1365d1e51e5730cf3f5fadb8670c06\",\"name\":\"Redacci\u00f3n Blanc!\",\"image\":{\"@type\":\"ImageObject\",\"inLanguage\":\"en-US\",\"@id\":\"https:\/\/blancfestival.com\/#\/schema\/person\/image\/\",\"url\":\"https:\/\/blancfestival.com\/wp-content\/uploads\/2020\/02\/ico-120x120.png\",\"contentUrl\":\"https:\/\/blancfestival.com\/wp-content\/uploads\/2020\/02\/ico-120x120.png\",\"caption\":\"Redacci\u00f3n Blanc!\"},\"description\":\"\u201cNo trates de doblar la cuchara. Es imposible. En lugar de hacerlo, solo intenta darte cuenta de la verdad\u2026 No hay cuchara. Entonces, ver\u00e1s que no es la cuchara lo que se dobla, te doblas t\u00fa\u201d\"}]}<\/script>\n<!-- \/ Yoast SEO plugin. -->","yoast_head_json":{"title":"Mujeres que inspiran: creatividad y empoderamiento femenino","robots":{"index":"index","follow":"follow","max-snippet":"max-snippet:-1","max-image-preview":"max-image-preview:large","max-video-preview":"max-video-preview:-1"},"canonical":"https:\/\/blancfestival.com\/en\/mujeres-que-inspiran\/","og_locale":"en_US","og_type":"article","og_title":"Mujeres que inspiran: creatividad y empoderamiento femenino","og_description":"Como ya sabr\u00e1s a estas alturas, y si no lo sabes te lo contamos, uno de los proyectos que producimos desde Blanc! es el Podcast FemFet\u00e9n! Mujeres Creativas. Un encuentro, una charla, una entrevista donde tres dise\u00f1adoras y creativas, Marina, Nora y Marta, se re\u00fanen para hablar de creatividad, de dise\u00f1o y de otras cosas&hellip;","og_url":"https:\/\/blancfestival.com\/en\/mujeres-que-inspiran\/","og_site_name":"Blanc!","article_publisher":"https:\/\/www.facebook.com\/blanc.festivaldissenygrafic\/","article_published_time":"2024-12-31T15:31:00+00:00","og_image":[{"url":"https:\/\/blancfestival.com\/wp-content\/uploads\/2024\/12\/julia-solans-thumb.jpg"}],"author":"Redacci\u00f3n Blanc!","twitter_card":"summary_large_image","twitter_creator":"@blancfest","twitter_site":"@blancfest","twitter_misc":{"Written by":"Redacci\u00f3n Blanc!","Est. reading time":"12 minutes"},"schema":{"@context":"https:\/\/schema.org","@graph":[{"@type":"Article","@id":"https:\/\/blancfestival.com\/en\/mujeres-que-inspiran\/#article","isPartOf":{"@id":"https:\/\/blancfestival.com\/en\/mujeres-que-inspiran\/"},"author":{"name":"Redacci\u00f3n Blanc!","@id":"https:\/\/blancfestival.com\/#\/schema\/person\/1c1365d1e51e5730cf3f5fadb8670c06"},"headline":"Mujeres que inspiran: creatividad y empoderamiento femenino","datePublished":"2024-12-31T15:31:00+00:00","dateModified":"2024-12-31T15:31:00+00:00","mainEntityOfPage":{"@id":"https:\/\/blancfestival.com\/en\/mujeres-que-inspiran\/"},"wordCount":2365,"publisher":{"@id":"https:\/\/blancfestival.com\/#organization"},"image":{"@id":"https:\/\/blancfestival.com\/en\/mujeres-que-inspiran\/#primaryimage"},"thumbnailUrl":"https:\/\/blancfestival.com\/wp-content\/uploads\/2024\/12\/mujeres-creativas.jpg","articleSection":["Referentes","Mujeres Creativas"],"inLanguage":"en-US"},{"@type":"WebPage","@id":"https:\/\/blancfestival.com\/en\/mujeres-que-inspiran\/","url":"https:\/\/blancfestival.com\/en\/mujeres-que-inspiran\/","name":"Mujeres que inspiran: creatividad y empoderamiento femenino","isPartOf":{"@id":"https:\/\/blancfestival.com\/#website"},"primaryImageOfPage":{"@id":"https:\/\/blancfestival.com\/en\/mujeres-que-inspiran\/#primaryimage"},"image":{"@id":"https:\/\/blancfestival.com\/en\/mujeres-que-inspiran\/#primaryimage"},"thumbnailUrl":"https:\/\/blancfestival.com\/wp-content\/uploads\/2024\/12\/mujeres-creativas.jpg","datePublished":"2024-12-31T15:31:00+00:00","dateModified":"2024-12-31T15:31:00+00:00","breadcrumb":{"@id":"https:\/\/blancfestival.com\/en\/mujeres-que-inspiran\/#breadcrumb"},"inLanguage":"en-US","potentialAction":[{"@type":"ReadAction","target":["https:\/\/blancfestival.com\/en\/mujeres-que-inspiran\/"]}]},{"@type":"ImageObject","inLanguage":"en-US","@id":"https:\/\/blancfestival.com\/en\/mujeres-que-inspiran\/#primaryimage","url":"https:\/\/blancfestival.com\/wp-content\/uploads\/2024\/12\/mujeres-creativas.jpg","contentUrl":"https:\/\/blancfestival.com\/wp-content\/uploads\/2024\/12\/mujeres-creativas.jpg","width":600,"height":600},{"@type":"BreadcrumbList","@id":"https:\/\/blancfestival.com\/en\/mujeres-que-inspiran\/#breadcrumb","itemListElement":[{"@type":"ListItem","position":1,"name":"Portada","item":"https:\/\/blancfestival.com\/en\/"},{"@type":"ListItem","position":2,"name":"Mujeres que inspiran: creatividad y empoderamiento femenino"}]},{"@type":"WebSite","@id":"https:\/\/blancfestival.com\/#website","url":"https:\/\/blancfestival.com\/","name":"Blanc! Festival","description":"Dise\u00f1o, Creatividad e Innovaci\u00f3n","publisher":{"@id":"https:\/\/blancfestival.com\/#organization"},"potentialAction":[{"@type":"SearchAction","target":{"@type":"EntryPoint","urlTemplate":"https:\/\/blancfestival.com\/?s={search_term_string}"},"query-input":{"@type":"PropertyValueSpecification","valueRequired":true,"valueName":"search_term_string"}}],"inLanguage":"en-US"},{"@type":"Organization","@id":"https:\/\/blancfestival.com\/#organization","name":"Blanc! Festival de Dise\u00f1o, Creatividad e Innovaci\u00f3n","url":"https:\/\/blancfestival.com\/","logo":{"@type":"ImageObject","inLanguage":"en-US","@id":"https:\/\/blancfestival.com\/#\/schema\/logo\/image\/","url":"https:\/\/blancfestival.com\/wp-content\/uploads\/2025\/01\/logo_icono_blanc.jpg","contentUrl":"https:\/\/blancfestival.com\/wp-content\/uploads\/2025\/01\/logo_icono_blanc.jpg","width":2000,"height":2000,"caption":"Blanc! Festival de Dise\u00f1o, Creatividad e Innovaci\u00f3n"},"image":{"@id":"https:\/\/blancfestival.com\/#\/schema\/logo\/image\/"},"sameAs":["https:\/\/www.facebook.com\/blanc.festivaldissenygrafic\/","https:\/\/x.com\/blancfest","https:\/\/www.instagram.com\/blancfest\/","https:\/\/www.linkedin.com\/company\/blanc-festival","https:\/\/www.pinterest.com\/blancfest\/","https:\/\/www.youtube.com\/channel\/UCM-IjxOFb5gQg4yPgmze3Gg"]},{"@type":"Person","@id":"https:\/\/blancfestival.com\/#\/schema\/person\/1c1365d1e51e5730cf3f5fadb8670c06","name":"Redacci\u00f3n Blanc!","image":{"@type":"ImageObject","inLanguage":"en-US","@id":"https:\/\/blancfestival.com\/#\/schema\/person\/image\/","url":"https:\/\/blancfestival.com\/wp-content\/uploads\/2020\/02\/ico-120x120.png","contentUrl":"https:\/\/blancfestival.com\/wp-content\/uploads\/2020\/02\/ico-120x120.png","caption":"Redacci\u00f3n Blanc!"},"description":"\u201cNo trates de doblar la cuchara. Es imposible. En lugar de hacerlo, solo intenta darte cuenta de la verdad\u2026 No hay cuchara. Entonces, ver\u00e1s que no es la cuchara lo que se dobla, te doblas t\u00fa\u201d"}]}},"_links":{"self":[{"href":"https:\/\/blancfestival.com\/en\/wp-json\/wp\/v2\/posts\/17457","targetHints":{"allow":["GET"]}}],"collection":[{"href":"https:\/\/blancfestival.com\/en\/wp-json\/wp\/v2\/posts"}],"about":[{"href":"https:\/\/blancfestival.com\/en\/wp-json\/wp\/v2\/types\/post"}],"author":[{"embeddable":true,"href":"https:\/\/blancfestival.com\/en\/wp-json\/wp\/v2\/users\/3"}],"replies":[{"embeddable":true,"href":"https:\/\/blancfestival.com\/en\/wp-json\/wp\/v2\/comments?post=17457"}],"version-history":[{"count":0,"href":"https:\/\/blancfestival.com\/en\/wp-json\/wp\/v2\/posts\/17457\/revisions"}],"wp:featuredmedia":[{"embeddable":true,"href":"https:\/\/blancfestival.com\/en\/wp-json\/wp\/v2\/media\/17455"}],"wp:attachment":[{"href":"https:\/\/blancfestival.com\/en\/wp-json\/wp\/v2\/media?parent=17457"}],"wp:term":[{"taxonomy":"category","embeddable":true,"href":"https:\/\/blancfestival.com\/en\/wp-json\/wp\/v2\/categories?post=17457"},{"taxonomy":"post_tag","embeddable":true,"href":"https:\/\/blancfestival.com\/en\/wp-json\/wp\/v2\/tags?post=17457"},{"taxonomy":"evento","embeddable":true,"href":"https:\/\/blancfestival.com\/en\/wp-json\/wp\/v2\/evento?post=17457"}],"curies":[{"name":"wp","href":"https:\/\/api.w.org\/{rel}","templated":true}]}}