{"id":17466,"date":"2020-02-05T10:00:41","date_gmt":"2020-02-05T10:00:41","guid":{"rendered":"https:\/\/blancfestival.com\/exposicion-mira-a-mir-el-arte-de-trascender-el-tiempo-historia-diseno\/"},"modified":"2025-01-07T13:10:23","modified_gmt":"2025-01-07T12:10:23","slug":"exposicion-mira-a-mir-el-arte-de-trascender-el-tiempo-historia-diseno","status":"publish","type":"post","link":"https:\/\/blancfestival.com\/en\/exposicion-mira-a-mir-el-arte-de-trascender-el-tiempo-historia-diseno\/","title":{"rendered":"Exposici\u00f3n Mira a Mir. El arte de trascender el tiempo."},"content":{"rendered":"<p>&nbsp;<\/p>\n<p><span style=\"font-weight: 400;\">Se puede considerar que los 40 trabajos de la exposici\u00f3n Mira a Mir forman parte ya de la historia del dise\u00f1o. Se trata de un recorrido a lo largo de, ni m\u00e1s ni menos, cinco d\u00e9cadas de trabajo del dise\u00f1ador Josep Maria Mir.\u00a0<\/span><\/p>\n<p><span style=\"font-weight: 400;\">Comisariada por David D\u2019Eboli y Ra\u00fal Ramos, directores de <a href=\"https:\/\/blancfestival.com\/en\/\" target=\"_blank\" rel=\"noopener noreferrer\">Blanc!<\/a>, la muestra recorre la trayectoria de uno de los dise\u00f1adores en activo con m\u00e1s experiencia de la pen\u00ednsula. Su participaci\u00f3n en m\u00faltiples organizaciones sobre dise\u00f1o gr\u00e1fico hacen de su figura un referente indiscutible tanto para los dise\u00f1adores m\u00e1s veteranos como para las nuevas generaciones.<\/span><\/p>\n<p><img loading=\"lazy\" decoding=\"async\" class=\"aligncenter wp-image-608 size-large\" src=\"https:\/\/blancfestival.com\/wp-content\/uploads\/2020\/02\/blanc_XI_dijous-94-700x466.jpg\" alt=\"Josep Maria Mir viendo su exposici\u00f3n junto a Pilar V\u00e9lez\" width=\"700\" height=\"466\" srcset=\"https:\/\/blancfestival.com\/wp-content\/uploads\/2020\/02\/blanc_XI_dijous-94-700x466.jpg 700w, https:\/\/blancfestival.com\/wp-content\/uploads\/2020\/02\/blanc_XI_dijous-94-250x166.jpg 250w, https:\/\/blancfestival.com\/wp-content\/uploads\/2020\/02\/blanc_XI_dijous-94-768x511.jpg 768w, https:\/\/blancfestival.com\/wp-content\/uploads\/2020\/02\/blanc_XI_dijous-94-1536x1022.jpg 1536w, https:\/\/blancfestival.com\/wp-content\/uploads\/2020\/02\/blanc_XI_dijous-94-2048x1363.jpg 2048w, https:\/\/blancfestival.com\/wp-content\/uploads\/2020\/02\/blanc_XI_dijous-94-120x80.jpg 120w, https:\/\/blancfestival.com\/wp-content\/uploads\/2020\/02\/blanc_XI_dijous-94-272x182.jpg 272w\" sizes=\"auto, (max-width: 700px) 100vw, 700px\" \/><\/p>\n<p>&nbsp;<\/p>\n<p>&nbsp;<\/p>\n<h2><b>El dise\u00f1o gr\u00e1fico que no caduca<\/b><\/h2>\n<p><span style=\"font-weight: 400;\">La sensibilidad de Mir para las composiciones, as\u00ed como su enorme conocimiento sobre branding, le hace ser el rey de la atemporalidad. No es f\u00e1cil adivinar el a\u00f1o de un p\u00f3ster sin mirar su cartela, gracias a la elegancia de unos dise\u00f1os que pusieron la utilidad por delante de las tendencias de cada momento.\u00a0<\/span><\/p>\n<p><span style=\"font-weight: 400;\">Algunos trabajos que podemos destacar son la imagen de los premios Laus de 1978, el carte<\/span><span style=\"font-weight: 400;\">l para las olimp\u00edadas de Barcelona o el p\u00f3ster para Quaderns d&#8217;Arquitectura i Urbanisme 1981. Por supuesto, en la expo tambi\u00e9n se incluyen trabajos de branding de gran envergadura realizados en Summa, como por ejemplo la identidad de Pans &amp; Company, la se\u00f1alizaci\u00f3n para Adif o el rebranding para Rtve. Sin duda, un peque\u00f1o reflejo de nuestra historia y nuestras marcas a trav\u00e9s del dise\u00f1o.<\/span><\/p>\n<p>&nbsp;<\/p>\n<p><img loading=\"lazy\" decoding=\"async\" class=\"wp-image-17461 size-large aligncenter\" src=\"https:\/\/blancfestival.com\/wp-content\/uploads\/2020\/02\/efigies_tarraconenses-700x1050.jpg\" alt=\"\" width=\"683\" height=\"1024\" srcset=\"https:\/\/blancfestival.com\/wp-content\/uploads\/2020\/02\/efigies_tarraconenses-700x1050.jpg 700w, https:\/\/blancfestival.com\/wp-content\/uploads\/2020\/02\/efigies_tarraconenses-250x375.jpg 250w, https:\/\/blancfestival.com\/wp-content\/uploads\/2020\/02\/efigies_tarraconenses-768x1152.jpg 768w, https:\/\/blancfestival.com\/wp-content\/uploads\/2020\/02\/efigies_tarraconenses-1024x1536.jpg 1024w, https:\/\/blancfestival.com\/wp-content\/uploads\/2020\/02\/efigies_tarraconenses-1365x2048.jpg 1365w, https:\/\/blancfestival.com\/wp-content\/uploads\/2020\/02\/efigies_tarraconenses-120x180.jpg 120w, https:\/\/blancfestival.com\/wp-content\/uploads\/2020\/02\/efigies_tarraconenses-scaled.jpg 1706w\" sizes=\"auto, (max-width: 683px) 100vw, 683px\" \/><\/p>\n<p><img loading=\"lazy\" decoding=\"async\" class=\"aligncenter wp-image-624 size-large\" src=\"https:\/\/blancfestival.com\/wp-content\/uploads\/2020\/02\/laus_78-700x467.jpg\" alt=\"Dise\u00f1o premios Laus 1979 por Josep Maria Mir\" width=\"700\" height=\"467\" srcset=\"https:\/\/blancfestival.com\/wp-content\/uploads\/2020\/02\/laus_78-700x467.jpg 700w, https:\/\/blancfestival.com\/wp-content\/uploads\/2020\/02\/laus_78-250x167.jpg 250w, https:\/\/blancfestival.com\/wp-content\/uploads\/2020\/02\/laus_78-768x512.jpg 768w, https:\/\/blancfestival.com\/wp-content\/uploads\/2020\/02\/laus_78-1536x1024.jpg 1536w, https:\/\/blancfestival.com\/wp-content\/uploads\/2020\/02\/laus_78-2048x1365.jpg 2048w, https:\/\/blancfestival.com\/wp-content\/uploads\/2020\/02\/laus_78-120x80.jpg 120w, https:\/\/blancfestival.com\/wp-content\/uploads\/2020\/02\/laus_78-272x182.jpg 272w\" sizes=\"auto, (max-width: 700px) 100vw, 700px\" \/><\/p>\n<p><img loading=\"lazy\" decoding=\"async\" class=\"aligncenter wp-image-630 size-large\" src=\"https:\/\/blancfestival.com\/wp-content\/uploads\/2020\/02\/quaderns_d_arquitectura_i_urbanisme-700x1050.jpg\" alt=\"cartel Quaderns d'arquitectura por Josep Maria Mir\" width=\"700\" height=\"1050\" srcset=\"https:\/\/blancfestival.com\/wp-content\/uploads\/2020\/02\/quaderns_d_arquitectura_i_urbanisme-700x1050.jpg 700w, https:\/\/blancfestival.com\/wp-content\/uploads\/2020\/02\/quaderns_d_arquitectura_i_urbanisme-250x375.jpg 250w, https:\/\/blancfestival.com\/wp-content\/uploads\/2020\/02\/quaderns_d_arquitectura_i_urbanisme-768x1152.jpg 768w, https:\/\/blancfestival.com\/wp-content\/uploads\/2020\/02\/quaderns_d_arquitectura_i_urbanisme-1024x1536.jpg 1024w, https:\/\/blancfestival.com\/wp-content\/uploads\/2020\/02\/quaderns_d_arquitectura_i_urbanisme-1365x2048.jpg 1365w, https:\/\/blancfestival.com\/wp-content\/uploads\/2020\/02\/quaderns_d_arquitectura_i_urbanisme-120x180.jpg 120w, https:\/\/blancfestival.com\/wp-content\/uploads\/2020\/02\/quaderns_d_arquitectura_i_urbanisme-scaled.jpg 1706w\" sizes=\"auto, (max-width: 700px) 100vw, 700px\" \/><\/p>\n<p>&nbsp;<\/p>\n<h2><\/h2>\n<h2><b>Josep Maria Mir, historia viva del dise\u00f1o<\/b><\/h2>\n<p>&nbsp;<\/p>\n<p><img loading=\"lazy\" decoding=\"async\" class=\"aligncenter wp-image-642 size-large\" src=\"https:\/\/blancfestival.com\/wp-content\/uploads\/2020\/02\/BLANC-XI_DIVENDRES_160-700x1050.jpg\" alt=\"retrato de Josep Maria Mir en el festival Blanc! 2019\" width=\"700\" height=\"1050\" srcset=\"https:\/\/blancfestival.com\/wp-content\/uploads\/2020\/02\/BLANC-XI_DIVENDRES_160-700x1050.jpg 700w, https:\/\/blancfestival.com\/wp-content\/uploads\/2020\/02\/BLANC-XI_DIVENDRES_160-250x375.jpg 250w, https:\/\/blancfestival.com\/wp-content\/uploads\/2020\/02\/BLANC-XI_DIVENDRES_160-768x1152.jpg 768w, https:\/\/blancfestival.com\/wp-content\/uploads\/2020\/02\/BLANC-XI_DIVENDRES_160-1024x1536.jpg 1024w, https:\/\/blancfestival.com\/wp-content\/uploads\/2020\/02\/BLANC-XI_DIVENDRES_160-1365x2048.jpg 1365w, https:\/\/blancfestival.com\/wp-content\/uploads\/2020\/02\/BLANC-XI_DIVENDRES_160-120x180.jpg 120w, https:\/\/blancfestival.com\/wp-content\/uploads\/2020\/02\/BLANC-XI_DIVENDRES_160-scaled.jpg 1707w\" sizes=\"auto, (max-width: 700px) 100vw, 700px\" \/><\/p>\n<p>&nbsp;<\/p>\n<p><span style=\"font-weight: 400;\">Josep Maria Mir (Barcelona, 1949) es director creativo ejecutivo y socio fundador de <a href=\"https:\/\/en.summa.es\/\" target=\"_blank\" rel=\"noopener noreferrer\">Summa<\/a>, consultora de branding Premio Nacional de Dise\u00f1o en 2008. All\u00ed se encarga de la conceptualizaci\u00f3n de proyectos y la supervisi\u00f3n de los equipos que intervienen en ellos.\u00a0<\/span><\/p>\n<p><span style=\"font-weight: 400;\">Ha sido vicepresidente de <a href=\"https:\/\/www.adg-fad.org\/\" target=\"_blank\" rel=\"noopener noreferrer\">ADG-FAD<\/a>, director de los premios Laus, miembro directivo del Fad y consejero de la Fundaci\u00f3n BCD durante m\u00e1s de catorce a\u00f1os. Ha pasado tambi\u00e9n por el departamento de dise\u00f1o\u00a0<\/span><\/p>\n<p><span style=\"font-weight: 400;\">gr\u00e1fico de <a href=\"https:\/\/www.eina.cat\/\" target=\"_blank\" rel=\"noopener noreferrer\">EINA<\/a> como director, y ha sido miembro de comisiones de asesoramiento de importantes instituciones p\u00fablicas.<\/span><\/p>\n<p>&nbsp;<\/p>\n<h2><b>La exposici\u00f3n viaja a M\u00e1laga<\/b><\/h2>\n<p><span style=\"font-weight: 400;\">Los asistentes a Blanc! 2019 pudisteis verla en el <a href=\"https:\/\/ajuntament.barcelona.cat\/museudeldisseny\/\" target=\"_blank\" rel=\"noopener noreferrer\">Museu del Disseny<\/a> durante el festival. Ahora viaja hasta M\u00e1laga en el marco del Festival de Dise\u00f1o y Cultura Visual <a href=\"http:\/\/telmodice.escueladeartesantelmo.es\/\" target=\"_blank\" rel=\"noopener noreferrer\">Telm\u00f6 Dice<\/a><\/span><span style=\"font-weight: 400;\">, organizado por la <a href=\"http:\/\/escueladeartesantelmo.es\/\" target=\"_blank\" rel=\"noopener noreferrer\">Escuela de arte San Telmo<\/a><\/span><span style=\"font-weight: 400;\">. En el programa encontrar\u00e9is personajes de la talla de David Carson, Borja Mart\u00ednez (Lo Siento) o Joan Quir\u00f3s. Desde Blanc! estamos muy contentos que la exposici\u00f3n viaje hacia el sur y que el trabajo de Mir pueda ser disfrutado por muchas m\u00e1s personas. La exposici\u00f3n se podr\u00e1 visitar hasta el 29 de febrero.<\/span><\/p>\n<p><img loading=\"lazy\" decoding=\"async\" width=\"700\" height=\"467\" class=\"aligncenter size-large wp-image-721\" src=\"https:\/\/blancfestival.com\/wp-content\/uploads\/2020\/02\/Telmo20-442-700x467.jpg\" alt=\"Josep Maria Mir en la exposici\u00f3n en Telm\u00f6 Dice (M\u00e1laga)\" srcset=\"https:\/\/blancfestival.com\/wp-content\/uploads\/2020\/02\/Telmo20-442-700x467.jpg 700w, https:\/\/blancfestival.com\/wp-content\/uploads\/2020\/02\/Telmo20-442-250x167.jpg 250w, https:\/\/blancfestival.com\/wp-content\/uploads\/2020\/02\/Telmo20-442-768x512.jpg 768w, https:\/\/blancfestival.com\/wp-content\/uploads\/2020\/02\/Telmo20-442-1536x1024.jpg 1536w, https:\/\/blancfestival.com\/wp-content\/uploads\/2020\/02\/Telmo20-442-120x80.jpg 120w, https:\/\/blancfestival.com\/wp-content\/uploads\/2020\/02\/Telmo20-442-272x182.jpg 272w, https:\/\/blancfestival.com\/wp-content\/uploads\/2020\/02\/Telmo20-442.jpg 2000w\" sizes=\"auto, (max-width: 700px) 100vw, 700px\" \/><\/p>\n<p><img loading=\"lazy\" decoding=\"async\" class=\"aligncenter wp-image-715 size-large\" src=\"https:\/\/blancfestival.com\/wp-content\/uploads\/2020\/02\/Telmo20-426-700x467.jpg\" alt=\"\" width=\"700\" height=\"467\" srcset=\"https:\/\/blancfestival.com\/wp-content\/uploads\/2020\/02\/Telmo20-426-700x467.jpg 700w, https:\/\/blancfestival.com\/wp-content\/uploads\/2020\/02\/Telmo20-426-250x167.jpg 250w, https:\/\/blancfestival.com\/wp-content\/uploads\/2020\/02\/Telmo20-426-768x512.jpg 768w, https:\/\/blancfestival.com\/wp-content\/uploads\/2020\/02\/Telmo20-426-1536x1024.jpg 1536w, https:\/\/blancfestival.com\/wp-content\/uploads\/2020\/02\/Telmo20-426-120x80.jpg 120w, https:\/\/blancfestival.com\/wp-content\/uploads\/2020\/02\/Telmo20-426-272x182.jpg 272w, https:\/\/blancfestival.com\/wp-content\/uploads\/2020\/02\/Telmo20-426.jpg 2000w\" sizes=\"auto, (max-width: 700px) 100vw, 700px\" \/><\/p>\n<p><img loading=\"lazy\" decoding=\"async\" class=\"aligncenter wp-image-718 size-large\" src=\"https:\/\/blancfestival.com\/wp-content\/uploads\/2020\/02\/Telmo20-436-700x467.jpg\" alt=\"visita guiada en la exposici\u00f3n Mira a Mir \" width=\"700\" height=\"467\" srcset=\"https:\/\/blancfestival.com\/wp-content\/uploads\/2020\/02\/Telmo20-436-700x467.jpg 700w, https:\/\/blancfestival.com\/wp-content\/uploads\/2020\/02\/Telmo20-436-250x167.jpg 250w, https:\/\/blancfestival.com\/wp-content\/uploads\/2020\/02\/Telmo20-436-768x512.jpg 768w, https:\/\/blancfestival.com\/wp-content\/uploads\/2020\/02\/Telmo20-436-1536x1024.jpg 1536w, https:\/\/blancfestival.com\/wp-content\/uploads\/2020\/02\/Telmo20-436-120x80.jpg 120w, https:\/\/blancfestival.com\/wp-content\/uploads\/2020\/02\/Telmo20-436-272x182.jpg 272w, https:\/\/blancfestival.com\/wp-content\/uploads\/2020\/02\/Telmo20-436.jpg 2000w\" sizes=\"auto, (max-width: 700px) 100vw, 700px\" \/><\/p>\n<p>&nbsp;<\/p>\n<h2><b>Festival Telm\u00f6 Dice<\/b><\/h2>\n<p><span style=\"font-weight: 400;\">Telm\u00f6 Dice es un evento que nace en 2013 en la Escuela de Arte San Telmo de M\u00e1laga. Se trata de un festival dedicado en exclusiva al dise\u00f1o gr\u00e1fico.<\/span><\/p>\n<p><span style=\"font-weight: 400;\">Dirigido tanto a profesionales del dise\u00f1o y la comunicaci\u00f3n como a estudiantes, Telm\u00f6 Dice quiere ser un espacio de encuentro entre todos los actores del mundo del dise\u00f1o gr\u00e1fico.<\/span><\/p>\n<p><span style=\"font-weight: 400;\">Es un evento creado desde la escuela p\u00fablica y que comparte los valores de la \u00abcosa\u00bb p\u00fablica: la aspiraci\u00f3n a la excelencia y el deseo de crear un evento que pueda ser una referencia no est\u00e1n re\u00f1idos con el hecho de ser un evento p\u00fablico, gratuito y sin \u00e1nimo de lucro.<\/span><\/p>\n<p><span style=\"font-weight: 400;\">La Escuela de Arte San Telmo, fundada en el siglo XIX, ofrece Estudios Superiores (equivalentes a Grado Universitario) en Dise\u00f1o Gr\u00e1fico y Dise\u00f1o de Moda. Se consigue as\u00ed hacer realidad una larga reivindicaci\u00f3n: que estas especialidades tuvieran un reconocimiento acad\u00e9mico acorde al reconocimiento profesional que ya tienen.\u00a0<\/span><\/p>\n<p><span style=\"font-weight: 400;\">Calle El Ejido, 3<br \/>\n<\/span><span style=\"font-weight: 400;\">29013 M\u00e1laga<br \/>\n<\/span><span style=\"font-weight: 400;\">telmodice@escueladeartesantelmo.es<\/span><\/p>\n<p>&nbsp;<\/p>\n<p><img loading=\"lazy\" decoding=\"async\" class=\"aligncenter wp-image-627 size-large\" src=\"https:\/\/blancfestival.com\/wp-content\/uploads\/2020\/02\/mies_van_der_rohe_1987-700x1050.jpg\" alt=\"dise\u00f1o cartel Mies van der Rohe 1886-1969 por Josep Maria Mir\" width=\"700\" height=\"1050\" srcset=\"https:\/\/blancfestival.com\/wp-content\/uploads\/2020\/02\/mies_van_der_rohe_1987-700x1050.jpg 700w, https:\/\/blancfestival.com\/wp-content\/uploads\/2020\/02\/mies_van_der_rohe_1987-250x375.jpg 250w, https:\/\/blancfestival.com\/wp-content\/uploads\/2020\/02\/mies_van_der_rohe_1987-768x1152.jpg 768w, https:\/\/blancfestival.com\/wp-content\/uploads\/2020\/02\/mies_van_der_rohe_1987-1024x1536.jpg 1024w, https:\/\/blancfestival.com\/wp-content\/uploads\/2020\/02\/mies_van_der_rohe_1987-1365x2048.jpg 1365w, https:\/\/blancfestival.com\/wp-content\/uploads\/2020\/02\/mies_van_der_rohe_1987-120x180.jpg 120w, https:\/\/blancfestival.com\/wp-content\/uploads\/2020\/02\/mies_van_der_rohe_1987-scaled.jpg 1706w\" sizes=\"auto, (max-width: 700px) 100vw, 700px\" \/><\/p>\n<p><img loading=\"lazy\" decoding=\"async\" class=\"aligncenter wp-image-621 size-large\" src=\"https:\/\/blancfestival.com\/wp-content\/uploads\/2020\/02\/FAD_audiovisuals-700x1050.jpg\" alt=\"dise\u00f1o imagen Fad audiovisuals por Josep Maria Mir\" width=\"700\" height=\"1050\" srcset=\"https:\/\/blancfestival.com\/wp-content\/uploads\/2020\/02\/FAD_audiovisuals-700x1050.jpg 700w, https:\/\/blancfestival.com\/wp-content\/uploads\/2020\/02\/FAD_audiovisuals-250x375.jpg 250w, https:\/\/blancfestival.com\/wp-content\/uploads\/2020\/02\/FAD_audiovisuals-768x1152.jpg 768w, https:\/\/blancfestival.com\/wp-content\/uploads\/2020\/02\/FAD_audiovisuals-1024x1536.jpg 1024w, https:\/\/blancfestival.com\/wp-content\/uploads\/2020\/02\/FAD_audiovisuals-1365x2048.jpg 1365w, https:\/\/blancfestival.com\/wp-content\/uploads\/2020\/02\/FAD_audiovisuals-120x180.jpg 120w, https:\/\/blancfestival.com\/wp-content\/uploads\/2020\/02\/FAD_audiovisuals-scaled.jpg 1706w\" sizes=\"auto, (max-width: 700px) 100vw, 700px\" \/><\/p>\n<p>&nbsp;<\/p>\n","protected":false},"excerpt":{"rendered":"&nbsp; Se puede considerar que los 40 trabajos de la exposici\u00f3n Mira a Mir forman parte ya de la historia del dise\u00f1o. Se trata de un recorrido a lo largo de, ni m\u00e1s ni menos, cinco d\u00e9cadas de trabajo del dise\u00f1ador Josep Maria Mir.\u00a0 Comisariada por David D\u2019Eboli y Ra\u00fal Ramos, directores de Blanc!, la&hellip;","protected":false},"author":2,"featured_media":714,"comment_status":"closed","ping_status":"closed","sticky":false,"template":"","format":"standard","meta":{"_acf_changed":false,"footnotes":""},"categories":[92,98],"tags":[406,407,403,404,405,117,118],"evento":[],"class_list":["post-17466","post","type-post","status-publish","format-standard","has-post-thumbnail","hentry","category-design","category-events","tag-josep-maria-mir-en","tag-mira-a-mir-en","tag-telmo-dice-en","tag-exposicion-en","tag-summa-en","tag-diseno-grafico-en","tag-branding-en"],"acf":[],"yoast_head":"<!-- This site is optimized with the Yoast SEO plugin v23.7 - https:\/\/yoast.com\/wordpress\/plugins\/seo\/ -->\n<title>Exposici\u00f3n Mira a Mir. El arte de trascender el tiempo.<\/title>\n<meta name=\"description\" content=\"Se puede considerar que los 40 trabajos de la exposici\u00f3n Mira a Mir forman parte ya de la historia del dise\u00f1o. Cinco d\u00e9cadas del trabajo de Josep Maria Mir.\" \/>\n<meta name=\"robots\" content=\"index, follow, max-snippet:-1, max-image-preview:large, max-video-preview:-1\" \/>\n<link rel=\"canonical\" href=\"https:\/\/blancfestival.com\/en\/exposicion-mira-a-mir-el-arte-de-trascender-el-tiempo-historia-diseno\/\" \/>\n<meta property=\"og:locale\" content=\"en_US\" \/>\n<meta property=\"og:type\" content=\"article\" \/>\n<meta property=\"og:title\" content=\"Exposici\u00f3n Mira a Mir. El arte de trascender el tiempo.\" \/>\n<meta property=\"og:description\" content=\"Se puede considerar que los 40 trabajos de la exposici\u00f3n Mira a Mir forman parte ya de la historia del dise\u00f1o. Cinco d\u00e9cadas del trabajo de Josep Maria Mir.\" \/>\n<meta property=\"og:url\" content=\"https:\/\/blancfestival.com\/en\/exposicion-mira-a-mir-el-arte-de-trascender-el-tiempo-historia-diseno\/\" \/>\n<meta property=\"og:site_name\" content=\"Blanc!\" \/>\n<meta property=\"article:publisher\" content=\"https:\/\/www.facebook.com\/blanc.festivaldissenygrafic\/\" \/>\n<meta property=\"article:published_time\" content=\"2020-02-05T10:00:41+00:00\" \/>\n<meta property=\"article:modified_time\" content=\"2025-01-07T12:10:23+00:00\" \/>\n<meta property=\"og:image\" content=\"https:\/\/blancfestival.com\/wp-content\/uploads\/2020\/02\/Telmo20-439.jpg\" \/>\n\t<meta property=\"og:image:width\" content=\"2000\" \/>\n\t<meta property=\"og:image:height\" content=\"1333\" \/>\n\t<meta property=\"og:image:type\" content=\"image\/jpeg\" \/>\n<meta name=\"author\" content=\"Mireia Dom\u00e8nech\" \/>\n<meta name=\"twitter:card\" content=\"summary_large_image\" \/>\n<meta name=\"twitter:creator\" content=\"@blancfest\" \/>\n<meta name=\"twitter:site\" content=\"@blancfest\" \/>\n<meta name=\"twitter:label1\" content=\"Written by\" \/>\n\t<meta name=\"twitter:data1\" content=\"Mireia Dom\u00e8nech\" \/>\n\t<meta name=\"twitter:label2\" content=\"Est. reading time\" \/>\n\t<meta name=\"twitter:data2\" content=\"3 minutes\" \/>\n<script type=\"application\/ld+json\" class=\"yoast-schema-graph\">{\"@context\":\"https:\/\/schema.org\",\"@graph\":[{\"@type\":\"Article\",\"@id\":\"https:\/\/blancfestival.com\/en\/exposicion-mira-a-mir-el-arte-de-trascender-el-tiempo-historia-diseno\/#article\",\"isPartOf\":{\"@id\":\"https:\/\/blancfestival.com\/en\/exposicion-mira-a-mir-el-arte-de-trascender-el-tiempo-historia-diseno\/\"},\"author\":{\"name\":\"Mireia Dom\u00e8nech\",\"@id\":\"https:\/\/blancfestival.com\/#\/schema\/person\/a9808c49504fc0604c1b4487e61326ef\"},\"headline\":\"Exposici\u00f3n Mira a Mir. El arte de trascender el tiempo.\",\"datePublished\":\"2020-02-05T10:00:41+00:00\",\"dateModified\":\"2025-01-07T12:10:23+00:00\",\"mainEntityOfPage\":{\"@id\":\"https:\/\/blancfestival.com\/en\/exposicion-mira-a-mir-el-arte-de-trascender-el-tiempo-historia-diseno\/\"},\"wordCount\":684,\"publisher\":{\"@id\":\"https:\/\/blancfestival.com\/#organization\"},\"image\":{\"@id\":\"https:\/\/blancfestival.com\/en\/exposicion-mira-a-mir-el-arte-de-trascender-el-tiempo-historia-diseno\/#primaryimage\"},\"thumbnailUrl\":\"https:\/\/blancfestival.com\/wp-content\/uploads\/2020\/02\/Telmo20-439.jpg\",\"keywords\":[\"Josep Maria Mir\",\"Mira a Mir\",\"Telm\u00f6 Dice\",\"exposici\u00f3n\",\"summa\",\"dise\u00f1o gr\u00e1fico\",\"branding\"],\"articleSection\":[\"Design\",\"Events\"],\"inLanguage\":\"en-US\"},{\"@type\":\"WebPage\",\"@id\":\"https:\/\/blancfestival.com\/en\/exposicion-mira-a-mir-el-arte-de-trascender-el-tiempo-historia-diseno\/\",\"url\":\"https:\/\/blancfestival.com\/en\/exposicion-mira-a-mir-el-arte-de-trascender-el-tiempo-historia-diseno\/\",\"name\":\"Exposici\u00f3n Mira a Mir. El arte de trascender el tiempo.\",\"isPartOf\":{\"@id\":\"https:\/\/blancfestival.com\/#website\"},\"primaryImageOfPage\":{\"@id\":\"https:\/\/blancfestival.com\/en\/exposicion-mira-a-mir-el-arte-de-trascender-el-tiempo-historia-diseno\/#primaryimage\"},\"image\":{\"@id\":\"https:\/\/blancfestival.com\/en\/exposicion-mira-a-mir-el-arte-de-trascender-el-tiempo-historia-diseno\/#primaryimage\"},\"thumbnailUrl\":\"https:\/\/blancfestival.com\/wp-content\/uploads\/2020\/02\/Telmo20-439.jpg\",\"datePublished\":\"2020-02-05T10:00:41+00:00\",\"dateModified\":\"2025-01-07T12:10:23+00:00\",\"description\":\"Se puede considerar que los 40 trabajos de la exposici\u00f3n Mira a Mir forman parte ya de la historia del dise\u00f1o. Cinco d\u00e9cadas del trabajo de Josep Maria Mir.\",\"breadcrumb\":{\"@id\":\"https:\/\/blancfestival.com\/en\/exposicion-mira-a-mir-el-arte-de-trascender-el-tiempo-historia-diseno\/#breadcrumb\"},\"inLanguage\":\"en-US\",\"potentialAction\":[{\"@type\":\"ReadAction\",\"target\":[\"https:\/\/blancfestival.com\/en\/exposicion-mira-a-mir-el-arte-de-trascender-el-tiempo-historia-diseno\/\"]}]},{\"@type\":\"ImageObject\",\"inLanguage\":\"en-US\",\"@id\":\"https:\/\/blancfestival.com\/en\/exposicion-mira-a-mir-el-arte-de-trascender-el-tiempo-historia-diseno\/#primaryimage\",\"url\":\"https:\/\/blancfestival.com\/wp-content\/uploads\/2020\/02\/Telmo20-439.jpg\",\"contentUrl\":\"https:\/\/blancfestival.com\/wp-content\/uploads\/2020\/02\/Telmo20-439.jpg\",\"width\":2000,\"height\":1333,\"caption\":\"josep maria mir exposici\u00f3n\"},{\"@type\":\"BreadcrumbList\",\"@id\":\"https:\/\/blancfestival.com\/en\/exposicion-mira-a-mir-el-arte-de-trascender-el-tiempo-historia-diseno\/#breadcrumb\",\"itemListElement\":[{\"@type\":\"ListItem\",\"position\":1,\"name\":\"Portada\",\"item\":\"https:\/\/blancfestival.com\/en\/\"},{\"@type\":\"ListItem\",\"position\":2,\"name\":\"Exposici\u00f3n Mira a Mir. El arte de trascender el tiempo.\"}]},{\"@type\":\"WebSite\",\"@id\":\"https:\/\/blancfestival.com\/#website\",\"url\":\"https:\/\/blancfestival.com\/\",\"name\":\"Blanc! Festival\",\"description\":\"Dise\u00f1o, Creatividad e Innovaci\u00f3n\",\"publisher\":{\"@id\":\"https:\/\/blancfestival.com\/#organization\"},\"potentialAction\":[{\"@type\":\"SearchAction\",\"target\":{\"@type\":\"EntryPoint\",\"urlTemplate\":\"https:\/\/blancfestival.com\/?s={search_term_string}\"},\"query-input\":{\"@type\":\"PropertyValueSpecification\",\"valueRequired\":true,\"valueName\":\"search_term_string\"}}],\"inLanguage\":\"en-US\"},{\"@type\":\"Organization\",\"@id\":\"https:\/\/blancfestival.com\/#organization\",\"name\":\"Blanc! Festival de Dise\u00f1o, Creatividad e Innovaci\u00f3n\",\"url\":\"https:\/\/blancfestival.com\/\",\"logo\":{\"@type\":\"ImageObject\",\"inLanguage\":\"en-US\",\"@id\":\"https:\/\/blancfestival.com\/#\/schema\/logo\/image\/\",\"url\":\"https:\/\/blancfestival.com\/wp-content\/uploads\/2025\/01\/logo_icono_blanc.jpg\",\"contentUrl\":\"https:\/\/blancfestival.com\/wp-content\/uploads\/2025\/01\/logo_icono_blanc.jpg\",\"width\":2000,\"height\":2000,\"caption\":\"Blanc! Festival de Dise\u00f1o, Creatividad e Innovaci\u00f3n\"},\"image\":{\"@id\":\"https:\/\/blancfestival.com\/#\/schema\/logo\/image\/\"},\"sameAs\":[\"https:\/\/www.facebook.com\/blanc.festivaldissenygrafic\/\",\"https:\/\/x.com\/blancfest\",\"https:\/\/www.instagram.com\/blancfest\/\",\"https:\/\/www.linkedin.com\/company\/blanc-festival\",\"https:\/\/www.pinterest.com\/blancfest\/\",\"https:\/\/www.youtube.com\/channel\/UCM-IjxOFb5gQg4yPgmze3Gg\"]},{\"@type\":\"Person\",\"@id\":\"https:\/\/blancfestival.com\/#\/schema\/person\/a9808c49504fc0604c1b4487e61326ef\",\"name\":\"Mireia Dom\u00e8nech\",\"image\":{\"@type\":\"ImageObject\",\"inLanguage\":\"en-US\",\"@id\":\"https:\/\/blancfestival.com\/#\/schema\/person\/image\/\",\"url\":\"https:\/\/blancfestival.com\/wp-content\/uploads\/2021\/03\/mireia-domenech3-120x120.jpg\",\"contentUrl\":\"https:\/\/blancfestival.com\/wp-content\/uploads\/2021\/03\/mireia-domenech3-120x120.jpg\",\"caption\":\"Mireia Dom\u00e8nech\"},\"description\":\"En alg\u00fan lugar entre el arte, el dise\u00f1o, la comunicaci\u00f3n y el comisariado. Content manager de Blanc! y co-fundadora de Misterio Studio.\",\"sameAs\":[\"https:\/\/misterio.studio\/\",\"mireia\"]}]}<\/script>\n<!-- \/ Yoast SEO plugin. -->","yoast_head_json":{"title":"Exposici\u00f3n Mira a Mir. El arte de trascender el tiempo.","description":"Se puede considerar que los 40 trabajos de la exposici\u00f3n Mira a Mir forman parte ya de la historia del dise\u00f1o. Cinco d\u00e9cadas del trabajo de Josep Maria Mir.","robots":{"index":"index","follow":"follow","max-snippet":"max-snippet:-1","max-image-preview":"max-image-preview:large","max-video-preview":"max-video-preview:-1"},"canonical":"https:\/\/blancfestival.com\/en\/exposicion-mira-a-mir-el-arte-de-trascender-el-tiempo-historia-diseno\/","og_locale":"en_US","og_type":"article","og_title":"Exposici\u00f3n Mira a Mir. El arte de trascender el tiempo.","og_description":"Se puede considerar que los 40 trabajos de la exposici\u00f3n Mira a Mir forman parte ya de la historia del dise\u00f1o. Cinco d\u00e9cadas del trabajo de Josep Maria Mir.","og_url":"https:\/\/blancfestival.com\/en\/exposicion-mira-a-mir-el-arte-de-trascender-el-tiempo-historia-diseno\/","og_site_name":"Blanc!","article_publisher":"https:\/\/www.facebook.com\/blanc.festivaldissenygrafic\/","article_published_time":"2020-02-05T10:00:41+00:00","article_modified_time":"2025-01-07T12:10:23+00:00","og_image":[{"width":2000,"height":1333,"url":"https:\/\/blancfestival.com\/wp-content\/uploads\/2020\/02\/Telmo20-439.jpg","type":"image\/jpeg"}],"author":"Mireia Dom\u00e8nech","twitter_card":"summary_large_image","twitter_creator":"@blancfest","twitter_site":"@blancfest","twitter_misc":{"Written by":"Mireia Dom\u00e8nech","Est. reading time":"3 minutes"},"schema":{"@context":"https:\/\/schema.org","@graph":[{"@type":"Article","@id":"https:\/\/blancfestival.com\/en\/exposicion-mira-a-mir-el-arte-de-trascender-el-tiempo-historia-diseno\/#article","isPartOf":{"@id":"https:\/\/blancfestival.com\/en\/exposicion-mira-a-mir-el-arte-de-trascender-el-tiempo-historia-diseno\/"},"author":{"name":"Mireia Dom\u00e8nech","@id":"https:\/\/blancfestival.com\/#\/schema\/person\/a9808c49504fc0604c1b4487e61326ef"},"headline":"Exposici\u00f3n Mira a Mir. El arte de trascender el tiempo.","datePublished":"2020-02-05T10:00:41+00:00","dateModified":"2025-01-07T12:10:23+00:00","mainEntityOfPage":{"@id":"https:\/\/blancfestival.com\/en\/exposicion-mira-a-mir-el-arte-de-trascender-el-tiempo-historia-diseno\/"},"wordCount":684,"publisher":{"@id":"https:\/\/blancfestival.com\/#organization"},"image":{"@id":"https:\/\/blancfestival.com\/en\/exposicion-mira-a-mir-el-arte-de-trascender-el-tiempo-historia-diseno\/#primaryimage"},"thumbnailUrl":"https:\/\/blancfestival.com\/wp-content\/uploads\/2020\/02\/Telmo20-439.jpg","keywords":["Josep Maria Mir","Mira a Mir","Telm\u00f6 Dice","exposici\u00f3n","summa","dise\u00f1o gr\u00e1fico","branding"],"articleSection":["Design","Events"],"inLanguage":"en-US"},{"@type":"WebPage","@id":"https:\/\/blancfestival.com\/en\/exposicion-mira-a-mir-el-arte-de-trascender-el-tiempo-historia-diseno\/","url":"https:\/\/blancfestival.com\/en\/exposicion-mira-a-mir-el-arte-de-trascender-el-tiempo-historia-diseno\/","name":"Exposici\u00f3n Mira a Mir. El arte de trascender el tiempo.","isPartOf":{"@id":"https:\/\/blancfestival.com\/#website"},"primaryImageOfPage":{"@id":"https:\/\/blancfestival.com\/en\/exposicion-mira-a-mir-el-arte-de-trascender-el-tiempo-historia-diseno\/#primaryimage"},"image":{"@id":"https:\/\/blancfestival.com\/en\/exposicion-mira-a-mir-el-arte-de-trascender-el-tiempo-historia-diseno\/#primaryimage"},"thumbnailUrl":"https:\/\/blancfestival.com\/wp-content\/uploads\/2020\/02\/Telmo20-439.jpg","datePublished":"2020-02-05T10:00:41+00:00","dateModified":"2025-01-07T12:10:23+00:00","description":"Se puede considerar que los 40 trabajos de la exposici\u00f3n Mira a Mir forman parte ya de la historia del dise\u00f1o. Cinco d\u00e9cadas del trabajo de Josep Maria Mir.","breadcrumb":{"@id":"https:\/\/blancfestival.com\/en\/exposicion-mira-a-mir-el-arte-de-trascender-el-tiempo-historia-diseno\/#breadcrumb"},"inLanguage":"en-US","potentialAction":[{"@type":"ReadAction","target":["https:\/\/blancfestival.com\/en\/exposicion-mira-a-mir-el-arte-de-trascender-el-tiempo-historia-diseno\/"]}]},{"@type":"ImageObject","inLanguage":"en-US","@id":"https:\/\/blancfestival.com\/en\/exposicion-mira-a-mir-el-arte-de-trascender-el-tiempo-historia-diseno\/#primaryimage","url":"https:\/\/blancfestival.com\/wp-content\/uploads\/2020\/02\/Telmo20-439.jpg","contentUrl":"https:\/\/blancfestival.com\/wp-content\/uploads\/2020\/02\/Telmo20-439.jpg","width":2000,"height":1333,"caption":"josep maria mir exposici\u00f3n"},{"@type":"BreadcrumbList","@id":"https:\/\/blancfestival.com\/en\/exposicion-mira-a-mir-el-arte-de-trascender-el-tiempo-historia-diseno\/#breadcrumb","itemListElement":[{"@type":"ListItem","position":1,"name":"Portada","item":"https:\/\/blancfestival.com\/en\/"},{"@type":"ListItem","position":2,"name":"Exposici\u00f3n Mira a Mir. El arte de trascender el tiempo."}]},{"@type":"WebSite","@id":"https:\/\/blancfestival.com\/#website","url":"https:\/\/blancfestival.com\/","name":"Blanc! Festival","description":"Dise\u00f1o, Creatividad e Innovaci\u00f3n","publisher":{"@id":"https:\/\/blancfestival.com\/#organization"},"potentialAction":[{"@type":"SearchAction","target":{"@type":"EntryPoint","urlTemplate":"https:\/\/blancfestival.com\/?s={search_term_string}"},"query-input":{"@type":"PropertyValueSpecification","valueRequired":true,"valueName":"search_term_string"}}],"inLanguage":"en-US"},{"@type":"Organization","@id":"https:\/\/blancfestival.com\/#organization","name":"Blanc! Festival de Dise\u00f1o, Creatividad e Innovaci\u00f3n","url":"https:\/\/blancfestival.com\/","logo":{"@type":"ImageObject","inLanguage":"en-US","@id":"https:\/\/blancfestival.com\/#\/schema\/logo\/image\/","url":"https:\/\/blancfestival.com\/wp-content\/uploads\/2025\/01\/logo_icono_blanc.jpg","contentUrl":"https:\/\/blancfestival.com\/wp-content\/uploads\/2025\/01\/logo_icono_blanc.jpg","width":2000,"height":2000,"caption":"Blanc! Festival de Dise\u00f1o, Creatividad e Innovaci\u00f3n"},"image":{"@id":"https:\/\/blancfestival.com\/#\/schema\/logo\/image\/"},"sameAs":["https:\/\/www.facebook.com\/blanc.festivaldissenygrafic\/","https:\/\/x.com\/blancfest","https:\/\/www.instagram.com\/blancfest\/","https:\/\/www.linkedin.com\/company\/blanc-festival","https:\/\/www.pinterest.com\/blancfest\/","https:\/\/www.youtube.com\/channel\/UCM-IjxOFb5gQg4yPgmze3Gg"]},{"@type":"Person","@id":"https:\/\/blancfestival.com\/#\/schema\/person\/a9808c49504fc0604c1b4487e61326ef","name":"Mireia Dom\u00e8nech","image":{"@type":"ImageObject","inLanguage":"en-US","@id":"https:\/\/blancfestival.com\/#\/schema\/person\/image\/","url":"https:\/\/blancfestival.com\/wp-content\/uploads\/2021\/03\/mireia-domenech3-120x120.jpg","contentUrl":"https:\/\/blancfestival.com\/wp-content\/uploads\/2021\/03\/mireia-domenech3-120x120.jpg","caption":"Mireia Dom\u00e8nech"},"description":"En alg\u00fan lugar entre el arte, el dise\u00f1o, la comunicaci\u00f3n y el comisariado. Content manager de Blanc! y co-fundadora de Misterio Studio.","sameAs":["https:\/\/misterio.studio\/","mireia"]}]}},"_links":{"self":[{"href":"https:\/\/blancfestival.com\/en\/wp-json\/wp\/v2\/posts\/17466","targetHints":{"allow":["GET"]}}],"collection":[{"href":"https:\/\/blancfestival.com\/en\/wp-json\/wp\/v2\/posts"}],"about":[{"href":"https:\/\/blancfestival.com\/en\/wp-json\/wp\/v2\/types\/post"}],"author":[{"embeddable":true,"href":"https:\/\/blancfestival.com\/en\/wp-json\/wp\/v2\/users\/2"}],"replies":[{"embeddable":true,"href":"https:\/\/blancfestival.com\/en\/wp-json\/wp\/v2\/comments?post=17466"}],"version-history":[{"count":1,"href":"https:\/\/blancfestival.com\/en\/wp-json\/wp\/v2\/posts\/17466\/revisions"}],"predecessor-version":[{"id":17468,"href":"https:\/\/blancfestival.com\/en\/wp-json\/wp\/v2\/posts\/17466\/revisions\/17468"}],"wp:featuredmedia":[{"embeddable":true,"href":"https:\/\/blancfestival.com\/en\/wp-json\/wp\/v2\/media\/714"}],"wp:attachment":[{"href":"https:\/\/blancfestival.com\/en\/wp-json\/wp\/v2\/media?parent=17466"}],"wp:term":[{"taxonomy":"category","embeddable":true,"href":"https:\/\/blancfestival.com\/en\/wp-json\/wp\/v2\/categories?post=17466"},{"taxonomy":"post_tag","embeddable":true,"href":"https:\/\/blancfestival.com\/en\/wp-json\/wp\/v2\/tags?post=17466"},{"taxonomy":"evento","embeddable":true,"href":"https:\/\/blancfestival.com\/en\/wp-json\/wp\/v2\/evento?post=17466"}],"curies":[{"name":"wp","href":"https:\/\/api.w.org\/{rel}","templated":true}]}}