{"id":18593,"date":"2025-07-30T15:54:35","date_gmt":"2025-07-30T13:54:35","guid":{"rendered":"https:\/\/blancfestival.com\/?p=18593"},"modified":"2025-07-30T15:56:22","modified_gmt":"2025-07-30T13:56:22","slug":"stefan-sagmeister-blanc-en-octubre","status":"publish","type":"post","link":"https:\/\/blancfestival.com\/en\/stefan-sagmeister-blanc-en-octubre\/","title":{"rendered":"Stefan Sagmeister en Blanc!"},"content":{"rendered":"<p>Si buscas a Stefan Sagmeister en Google, probablemente te topes con una mezcla entre genio gr\u00e1fico, fil\u00f3sofo pop y performer vien\u00e9s que parece sacado de un mon\u00f3logo de Woody Allen, pero con m\u00e1s tipograf\u00edas y menos neurosis. Y s\u00ed, es todo eso. Pero tambi\u00e9n es uno de los creativos m\u00e1s influyentes de los \u00faltimos 30 a\u00f1os.<\/p>\n<h2>\n\u00bfQui\u00e9n es Stefan Sagmeister?<\/h2>\n<p>Nacido en 1962 en Bregenz (Austria), Sagmeister comenz\u00f3 su carrera con una intentona en ingenier\u00eda (no dur\u00f3 mucho). Lo suyo eran los carteles, las portadas de discos y las ideas que incomodan. Estudi\u00f3 en Viena y luego se fue a Nueva York con una beca en el Pratt Institute. Despu\u00e9s de un breve paso por Hong Kong, acab\u00f3 trabajando con Tibor Kalman en M&amp;Co (s\u00ed, la misma mente que hizo de la revista Colors de Benetton un mito editorial).<\/p>\n<p>&nbsp;<\/p>\n<p><img loading=\"lazy\" decoding=\"async\" width=\"700\" height=\"1000\" class=\"alignnone size-large wp-image-18603\" src=\"https:\/\/blancfestival.com\/wp-content\/uploads\/2025\/07\/Sagmeister_SH_small-700x1000.jpg\" alt=\"\" srcset=\"https:\/\/blancfestival.com\/wp-content\/uploads\/2025\/07\/Sagmeister_SH_small-700x1000.jpg 700w, https:\/\/blancfestival.com\/wp-content\/uploads\/2025\/07\/Sagmeister_SH_small-250x357.jpg 250w, https:\/\/blancfestival.com\/wp-content\/uploads\/2025\/07\/Sagmeister_SH_small-768x1097.jpg 768w, https:\/\/blancfestival.com\/wp-content\/uploads\/2025\/07\/Sagmeister_SH_small-1075x1536.jpg 1075w, https:\/\/blancfestival.com\/wp-content\/uploads\/2025\/07\/Sagmeister_SH_small-1434x2048.jpg 1434w, https:\/\/blancfestival.com\/wp-content\/uploads\/2025\/07\/Sagmeister_SH_small-120x171.jpg 120w, https:\/\/blancfestival.com\/wp-content\/uploads\/2025\/07\/Sagmeister_SH_small-scaled.jpg 1792w\" sizes=\"auto, (max-width: 700px) 100vw, 700px\" \/><\/p>\n<p>&nbsp;<\/p>\n<h2>Sagmeister Inc. y el culto a lo emocional<\/h2>\n<p>En 1993 abri\u00f3 su propio estudio en Nueva York: Sagmeister Inc.. Su mantra: mantener el equipo peque\u00f1o para evitar el \u201cruido creativo\u201d que viene con demasiadas manos. All\u00ed trabaj\u00f3 en portadas ic\u00f3nicas para gente como The Rolling Stones, Lou Reed y David Byrne. Sagmeister no solo dise\u00f1aba, contaba historias con texturas, provocaci\u00f3n y honestidad brutal.<\/p>\n<p>Una de sus obras m\u00e1s comentadas (y dolorosas): el cartel para el AIGA, donde literalmente se tall\u00f3 la informaci\u00f3n del evento en su torso. S\u00ed, sangre incluida. Porque, como \u00e9l mismo dice: \u201cTener agallas siempre me ha funcionado\u201d.<\/p>\n<p>&nbsp;<\/p>\n<p><img loading=\"lazy\" decoding=\"async\" width=\"700\" height=\"467\" class=\"alignnone size-large wp-image-18597\" src=\"https:\/\/blancfestival.com\/wp-content\/uploads\/2025\/07\/JH_06760-700x467.jpg\" alt=\"\" srcset=\"https:\/\/blancfestival.com\/wp-content\/uploads\/2025\/07\/JH_06760-700x467.jpg 700w, https:\/\/blancfestival.com\/wp-content\/uploads\/2025\/07\/JH_06760-250x167.jpg 250w, https:\/\/blancfestival.com\/wp-content\/uploads\/2025\/07\/JH_06760-768x512.jpg 768w, https:\/\/blancfestival.com\/wp-content\/uploads\/2025\/07\/JH_06760-1536x1024.jpg 1536w, https:\/\/blancfestival.com\/wp-content\/uploads\/2025\/07\/JH_06760-2048x1365.jpg 2048w, https:\/\/blancfestival.com\/wp-content\/uploads\/2025\/07\/JH_06760-120x80.jpg 120w, https:\/\/blancfestival.com\/wp-content\/uploads\/2025\/07\/JH_06760-272x182.jpg 272w\" sizes=\"auto, (max-width: 700px) 100vw, 700px\" \/><\/p>\n<p>&nbsp;<\/p>\n<h2>Sagmeister &amp; Walsh<\/h2>\n<p>En 2012, tras conocer a Jessica Walsh, nace Sagmeister &amp; Walsh, una firma que har\u00eda del dise\u00f1o un espect\u00e1culo visual, emocional y medi\u00e1tico. Desde campa\u00f1as de moda hasta activismo pol\u00edtico (Pins Won\u2019t Save the World), la dupla demostr\u00f3 que se puede ser provocador, est\u00e9tico y \u00e9tico al mismo tiempo.<\/p>\n<h2>\nEl dise\u00f1ador de la felicidad<\/h2>\n<p>En su segunda vida (la m\u00e1s filos\u00f3fica), Stefan se volvi\u00f3 un buscador de la felicidad. As\u00ed surgieron proyectos como The Happy Show y The Happy Film, donde documenta sus experimentos con meditaci\u00f3n, terapia y hasta drogas para entender qu\u00e9 nos hace felices.<\/p>\n<p>La exposici\u00f3n fue un fen\u00f3meno global: una mezcla de instalaci\u00f3n art\u00edstica, diario personal y activismo emocional. \u00bfEl objetivo? Hacernos pensar si realmente somos felices\u2026 y darnos permiso para intentarlo.<\/p>\n<p>&nbsp;<\/p>\n<p><img loading=\"lazy\" decoding=\"async\" width=\"700\" height=\"467\" class=\"alignnone size-large wp-image-18594\" src=\"https:\/\/blancfestival.com\/wp-content\/uploads\/2025\/07\/FZV07889-700x467.jpg\" alt=\"\" srcset=\"https:\/\/blancfestival.com\/wp-content\/uploads\/2025\/07\/FZV07889-700x467.jpg 700w, https:\/\/blancfestival.com\/wp-content\/uploads\/2025\/07\/FZV07889-250x167.jpg 250w, https:\/\/blancfestival.com\/wp-content\/uploads\/2025\/07\/FZV07889-768x512.jpg 768w, https:\/\/blancfestival.com\/wp-content\/uploads\/2025\/07\/FZV07889-1536x1024.jpg 1536w, https:\/\/blancfestival.com\/wp-content\/uploads\/2025\/07\/FZV07889-2048x1365.jpg 2048w, https:\/\/blancfestival.com\/wp-content\/uploads\/2025\/07\/FZV07889-120x80.jpg 120w, https:\/\/blancfestival.com\/wp-content\/uploads\/2025\/07\/FZV07889-272x182.jpg 272w\" sizes=\"auto, (max-width: 700px) 100vw, 700px\" \/><\/p>\n<h2>\u00bfPor qu\u00e9 su presencia en Blanc! 2025 es un hito?<\/h2>\n<p>Porque Sagmeister no es solo un dise\u00f1ador, es un acontecimiento cultural. Su participaci\u00f3n significa que Blanc! vuelve a ser el lugar donde se encuentra la evoluci\u00f3n del dise\u00f1o con sus voces m\u00e1s rebeldes y humanas.<\/p>\n<p>Y adem\u00e1s, pocas veces tenemos la oportunidad de escuchar a alguien que ha ganado dos premios Grammy, ha cerrado su estudio durante un a\u00f1o entero solo para buscar inspiraci\u00f3n, y que ha dicho p\u00fablicamente cosas como que \u201cEl dise\u00f1o que solo busca ser bonito, no me interesa\u201d.<\/p>\n<p>En resumen: si est\u00e1s en dise\u00f1o gr\u00e1fico, direcci\u00f3n de arte, branding o simplemente te gustan las ideas que sacuden neuronas, no te puedes perder a Sagmeister en Blanc!. Porque no viene a dar una clase. Viene a desordenarnos la cabeza para que la reordenemos mejor.<\/p>\n<p>&nbsp;<\/p>\n<p><a href=\"https:\/\/blancfestival.com\/tickets-blanc\/\">16 al 18 de Octubre de 2025<\/a><br \/>\nVilanova i la Geltr\u00fa<br \/>\nBarcelona<br \/>\n<a href=\"https:\/\/blancfestival.com\/tickets-blanc\/\">Tickets Aqu\u00ed<\/a><\/p>\n","protected":false},"excerpt":{"rendered":"Si buscas a Stefan Sagmeister en Google, probablemente te topes con una mezcla entre genio gr\u00e1fico, fil\u00f3sofo pop y performer vien\u00e9s que parece sacado de un mon\u00f3logo de Woody Allen, pero con m\u00e1s tipograf\u00edas y menos neurosis. Y s\u00ed, es todo eso. Pero tambi\u00e9n es uno de los creativos m\u00e1s influyentes de los \u00faltimos 30&hellip;","protected":false},"author":3,"featured_media":18609,"comment_status":"closed","ping_status":"closed","sticky":false,"template":"","format":"standard","meta":{"_acf_changed":false,"footnotes":""},"categories":[373,42,3,2],"tags":[],"evento":[],"class_list":["post-18593","post","type-post","status-publish","format-standard","has-post-thumbnail","hentry","category-direccion-de-arte","category-conferencias","category-creatividad","category-diseno"],"acf":[],"yoast_head":"<!-- This site is optimized with the Yoast SEO plugin v23.7 - https:\/\/yoast.com\/wordpress\/plugins\/seo\/ -->\n<title>Stefan Sagmeister en Blanc!<\/title>\n<meta name=\"robots\" content=\"index, follow, max-snippet:-1, max-image-preview:large, max-video-preview:-1\" \/>\n<link rel=\"canonical\" href=\"https:\/\/blancfestival.com\/stefan-sagmeister-blanc-en-octubre\/\" \/>\n<meta property=\"og:locale\" content=\"en_US\" \/>\n<meta property=\"og:type\" content=\"article\" \/>\n<meta property=\"og:title\" content=\"Stefan Sagmeister en Blanc!\" \/>\n<meta property=\"og:description\" content=\"Si buscas a Stefan Sagmeister en Google, probablemente te topes con una mezcla entre genio gr\u00e1fico, fil\u00f3sofo pop y performer vien\u00e9s que parece sacado de un mon\u00f3logo de Woody Allen, pero con m\u00e1s tipograf\u00edas y menos neurosis. Y s\u00ed, es todo eso. Pero tambi\u00e9n es uno de los creativos m\u00e1s influyentes de los \u00faltimos 30&hellip;\" \/>\n<meta property=\"og:url\" content=\"https:\/\/blancfestival.com\/stefan-sagmeister-blanc-en-octubre\/\" \/>\n<meta property=\"og:site_name\" content=\"Blanc!\" \/>\n<meta property=\"article:publisher\" content=\"https:\/\/www.facebook.com\/blanc.festivaldissenygrafic\/\" \/>\n<meta property=\"article:published_time\" content=\"2025-07-30T13:54:35+00:00\" \/>\n<meta property=\"article:modified_time\" content=\"2025-07-30T13:56:22+00:00\" \/>\n<meta property=\"og:image\" content=\"https:\/\/blancfestival.com\/wp-content\/uploads\/2025\/07\/Stefan_Poster_small.jpg\" \/>\n\t<meta property=\"og:image:width\" content=\"800\" \/>\n\t<meta property=\"og:image:height\" content=\"1142\" \/>\n\t<meta property=\"og:image:type\" content=\"image\/jpeg\" \/>\n<meta name=\"author\" content=\"Redacci\u00f3n Blanc!\" \/>\n<meta name=\"twitter:card\" content=\"summary_large_image\" \/>\n<meta name=\"twitter:creator\" content=\"@blancfest\" \/>\n<meta name=\"twitter:site\" content=\"@blancfest\" \/>\n<meta name=\"twitter:label1\" content=\"Written by\" \/>\n\t<meta name=\"twitter:data1\" content=\"Redacci\u00f3n Blanc!\" \/>\n\t<meta name=\"twitter:label2\" content=\"Est. reading time\" \/>\n\t<meta name=\"twitter:data2\" content=\"4 minutes\" \/>\n<script type=\"application\/ld+json\" class=\"yoast-schema-graph\">{\"@context\":\"https:\/\/schema.org\",\"@graph\":[{\"@type\":\"Article\",\"@id\":\"https:\/\/blancfestival.com\/stefan-sagmeister-blanc-en-octubre\/#article\",\"isPartOf\":{\"@id\":\"https:\/\/blancfestival.com\/stefan-sagmeister-blanc-en-octubre\/\"},\"author\":{\"name\":\"Redacci\u00f3n Blanc!\",\"@id\":\"https:\/\/blancfestival.com\/#\/schema\/person\/1c1365d1e51e5730cf3f5fadb8670c06\"},\"headline\":\"Stefan Sagmeister en Blanc!\",\"datePublished\":\"2025-07-30T13:54:35+00:00\",\"dateModified\":\"2025-07-30T13:56:22+00:00\",\"mainEntityOfPage\":{\"@id\":\"https:\/\/blancfestival.com\/stefan-sagmeister-blanc-en-octubre\/\"},\"wordCount\":571,\"publisher\":{\"@id\":\"https:\/\/blancfestival.com\/#organization\"},\"image\":{\"@id\":\"https:\/\/blancfestival.com\/stefan-sagmeister-blanc-en-octubre\/#primaryimage\"},\"thumbnailUrl\":\"https:\/\/blancfestival.com\/wp-content\/uploads\/2025\/07\/Stefan_Poster_small.jpg\",\"articleSection\":[\"Direcci\u00f3n de Arte\",\"Conferencias\",\"Creatividad\",\"Dise\u00f1o\"],\"inLanguage\":\"en-US\"},{\"@type\":\"WebPage\",\"@id\":\"https:\/\/blancfestival.com\/stefan-sagmeister-blanc-en-octubre\/\",\"url\":\"https:\/\/blancfestival.com\/stefan-sagmeister-blanc-en-octubre\/\",\"name\":\"Stefan Sagmeister en Blanc!\",\"isPartOf\":{\"@id\":\"https:\/\/blancfestival.com\/#website\"},\"primaryImageOfPage\":{\"@id\":\"https:\/\/blancfestival.com\/stefan-sagmeister-blanc-en-octubre\/#primaryimage\"},\"image\":{\"@id\":\"https:\/\/blancfestival.com\/stefan-sagmeister-blanc-en-octubre\/#primaryimage\"},\"thumbnailUrl\":\"https:\/\/blancfestival.com\/wp-content\/uploads\/2025\/07\/Stefan_Poster_small.jpg\",\"datePublished\":\"2025-07-30T13:54:35+00:00\",\"dateModified\":\"2025-07-30T13:56:22+00:00\",\"breadcrumb\":{\"@id\":\"https:\/\/blancfestival.com\/stefan-sagmeister-blanc-en-octubre\/#breadcrumb\"},\"inLanguage\":\"en-US\",\"potentialAction\":[{\"@type\":\"ReadAction\",\"target\":[\"https:\/\/blancfestival.com\/stefan-sagmeister-blanc-en-octubre\/\"]}]},{\"@type\":\"ImageObject\",\"inLanguage\":\"en-US\",\"@id\":\"https:\/\/blancfestival.com\/stefan-sagmeister-blanc-en-octubre\/#primaryimage\",\"url\":\"https:\/\/blancfestival.com\/wp-content\/uploads\/2025\/07\/Stefan_Poster_small.jpg\",\"contentUrl\":\"https:\/\/blancfestival.com\/wp-content\/uploads\/2025\/07\/Stefan_Poster_small.jpg\",\"width\":800,\"height\":1142},{\"@type\":\"BreadcrumbList\",\"@id\":\"https:\/\/blancfestival.com\/stefan-sagmeister-blanc-en-octubre\/#breadcrumb\",\"itemListElement\":[{\"@type\":\"ListItem\",\"position\":1,\"name\":\"Portada\",\"item\":\"https:\/\/blancfestival.com\/en\/\"},{\"@type\":\"ListItem\",\"position\":2,\"name\":\"Stefan Sagmeister en Blanc!\"}]},{\"@type\":\"WebSite\",\"@id\":\"https:\/\/blancfestival.com\/#website\",\"url\":\"https:\/\/blancfestival.com\/\",\"name\":\"Blanc! Festival\",\"description\":\"Dise\u00f1o, Creatividad e Innovaci\u00f3n\",\"publisher\":{\"@id\":\"https:\/\/blancfestival.com\/#organization\"},\"potentialAction\":[{\"@type\":\"SearchAction\",\"target\":{\"@type\":\"EntryPoint\",\"urlTemplate\":\"https:\/\/blancfestival.com\/?s={search_term_string}\"},\"query-input\":{\"@type\":\"PropertyValueSpecification\",\"valueRequired\":true,\"valueName\":\"search_term_string\"}}],\"inLanguage\":\"en-US\"},{\"@type\":\"Organization\",\"@id\":\"https:\/\/blancfestival.com\/#organization\",\"name\":\"Blanc! Festival de Dise\u00f1o, Creatividad e Innovaci\u00f3n\",\"url\":\"https:\/\/blancfestival.com\/\",\"logo\":{\"@type\":\"ImageObject\",\"inLanguage\":\"en-US\",\"@id\":\"https:\/\/blancfestival.com\/#\/schema\/logo\/image\/\",\"url\":\"https:\/\/blancfestival.com\/wp-content\/uploads\/2025\/01\/logo_icono_blanc.jpg\",\"contentUrl\":\"https:\/\/blancfestival.com\/wp-content\/uploads\/2025\/01\/logo_icono_blanc.jpg\",\"width\":2000,\"height\":2000,\"caption\":\"Blanc! Festival de Dise\u00f1o, Creatividad e Innovaci\u00f3n\"},\"image\":{\"@id\":\"https:\/\/blancfestival.com\/#\/schema\/logo\/image\/\"},\"sameAs\":[\"https:\/\/www.facebook.com\/blanc.festivaldissenygrafic\/\",\"https:\/\/x.com\/blancfest\",\"https:\/\/www.instagram.com\/blancfest\/\",\"https:\/\/www.linkedin.com\/company\/blanc-festival\",\"https:\/\/www.pinterest.com\/blancfest\/\",\"https:\/\/www.youtube.com\/channel\/UCM-IjxOFb5gQg4yPgmze3Gg\"]},{\"@type\":\"Person\",\"@id\":\"https:\/\/blancfestival.com\/#\/schema\/person\/1c1365d1e51e5730cf3f5fadb8670c06\",\"name\":\"Redacci\u00f3n Blanc!\",\"image\":{\"@type\":\"ImageObject\",\"inLanguage\":\"en-US\",\"@id\":\"https:\/\/blancfestival.com\/#\/schema\/person\/image\/\",\"url\":\"https:\/\/blancfestival.com\/wp-content\/uploads\/2020\/02\/ico-120x120.png\",\"contentUrl\":\"https:\/\/blancfestival.com\/wp-content\/uploads\/2020\/02\/ico-120x120.png\",\"caption\":\"Redacci\u00f3n Blanc!\"},\"description\":\"\u201cNo trates de doblar la cuchara. Es imposible. En lugar de hacerlo, solo intenta darte cuenta de la verdad\u2026 No hay cuchara. Entonces, ver\u00e1s que no es la cuchara lo que se dobla, te doblas t\u00fa\u201d\"}]}<\/script>\n<!-- \/ Yoast SEO plugin. -->","yoast_head_json":{"title":"Stefan Sagmeister en Blanc!","robots":{"index":"index","follow":"follow","max-snippet":"max-snippet:-1","max-image-preview":"max-image-preview:large","max-video-preview":"max-video-preview:-1"},"canonical":"https:\/\/blancfestival.com\/stefan-sagmeister-blanc-en-octubre\/","og_locale":"en_US","og_type":"article","og_title":"Stefan Sagmeister en Blanc!","og_description":"Si buscas a Stefan Sagmeister en Google, probablemente te topes con una mezcla entre genio gr\u00e1fico, fil\u00f3sofo pop y performer vien\u00e9s que parece sacado de un mon\u00f3logo de Woody Allen, pero con m\u00e1s tipograf\u00edas y menos neurosis. Y s\u00ed, es todo eso. Pero tambi\u00e9n es uno de los creativos m\u00e1s influyentes de los \u00faltimos 30&hellip;","og_url":"https:\/\/blancfestival.com\/stefan-sagmeister-blanc-en-octubre\/","og_site_name":"Blanc!","article_publisher":"https:\/\/www.facebook.com\/blanc.festivaldissenygrafic\/","article_published_time":"2025-07-30T13:54:35+00:00","article_modified_time":"2025-07-30T13:56:22+00:00","og_image":[{"width":800,"height":1142,"url":"https:\/\/blancfestival.com\/wp-content\/uploads\/2025\/07\/Stefan_Poster_small.jpg","type":"image\/jpeg"}],"author":"Redacci\u00f3n Blanc!","twitter_card":"summary_large_image","twitter_creator":"@blancfest","twitter_site":"@blancfest","twitter_misc":{"Written by":"Redacci\u00f3n Blanc!","Est. reading time":"4 minutes"},"schema":{"@context":"https:\/\/schema.org","@graph":[{"@type":"Article","@id":"https:\/\/blancfestival.com\/stefan-sagmeister-blanc-en-octubre\/#article","isPartOf":{"@id":"https:\/\/blancfestival.com\/stefan-sagmeister-blanc-en-octubre\/"},"author":{"name":"Redacci\u00f3n Blanc!","@id":"https:\/\/blancfestival.com\/#\/schema\/person\/1c1365d1e51e5730cf3f5fadb8670c06"},"headline":"Stefan Sagmeister en Blanc!","datePublished":"2025-07-30T13:54:35+00:00","dateModified":"2025-07-30T13:56:22+00:00","mainEntityOfPage":{"@id":"https:\/\/blancfestival.com\/stefan-sagmeister-blanc-en-octubre\/"},"wordCount":571,"publisher":{"@id":"https:\/\/blancfestival.com\/#organization"},"image":{"@id":"https:\/\/blancfestival.com\/stefan-sagmeister-blanc-en-octubre\/#primaryimage"},"thumbnailUrl":"https:\/\/blancfestival.com\/wp-content\/uploads\/2025\/07\/Stefan_Poster_small.jpg","articleSection":["Direcci\u00f3n de Arte","Conferencias","Creatividad","Dise\u00f1o"],"inLanguage":"en-US"},{"@type":"WebPage","@id":"https:\/\/blancfestival.com\/stefan-sagmeister-blanc-en-octubre\/","url":"https:\/\/blancfestival.com\/stefan-sagmeister-blanc-en-octubre\/","name":"Stefan Sagmeister en Blanc!","isPartOf":{"@id":"https:\/\/blancfestival.com\/#website"},"primaryImageOfPage":{"@id":"https:\/\/blancfestival.com\/stefan-sagmeister-blanc-en-octubre\/#primaryimage"},"image":{"@id":"https:\/\/blancfestival.com\/stefan-sagmeister-blanc-en-octubre\/#primaryimage"},"thumbnailUrl":"https:\/\/blancfestival.com\/wp-content\/uploads\/2025\/07\/Stefan_Poster_small.jpg","datePublished":"2025-07-30T13:54:35+00:00","dateModified":"2025-07-30T13:56:22+00:00","breadcrumb":{"@id":"https:\/\/blancfestival.com\/stefan-sagmeister-blanc-en-octubre\/#breadcrumb"},"inLanguage":"en-US","potentialAction":[{"@type":"ReadAction","target":["https:\/\/blancfestival.com\/stefan-sagmeister-blanc-en-octubre\/"]}]},{"@type":"ImageObject","inLanguage":"en-US","@id":"https:\/\/blancfestival.com\/stefan-sagmeister-blanc-en-octubre\/#primaryimage","url":"https:\/\/blancfestival.com\/wp-content\/uploads\/2025\/07\/Stefan_Poster_small.jpg","contentUrl":"https:\/\/blancfestival.com\/wp-content\/uploads\/2025\/07\/Stefan_Poster_small.jpg","width":800,"height":1142},{"@type":"BreadcrumbList","@id":"https:\/\/blancfestival.com\/stefan-sagmeister-blanc-en-octubre\/#breadcrumb","itemListElement":[{"@type":"ListItem","position":1,"name":"Portada","item":"https:\/\/blancfestival.com\/en\/"},{"@type":"ListItem","position":2,"name":"Stefan Sagmeister en Blanc!"}]},{"@type":"WebSite","@id":"https:\/\/blancfestival.com\/#website","url":"https:\/\/blancfestival.com\/","name":"Blanc! Festival","description":"Dise\u00f1o, Creatividad e Innovaci\u00f3n","publisher":{"@id":"https:\/\/blancfestival.com\/#organization"},"potentialAction":[{"@type":"SearchAction","target":{"@type":"EntryPoint","urlTemplate":"https:\/\/blancfestival.com\/?s={search_term_string}"},"query-input":{"@type":"PropertyValueSpecification","valueRequired":true,"valueName":"search_term_string"}}],"inLanguage":"en-US"},{"@type":"Organization","@id":"https:\/\/blancfestival.com\/#organization","name":"Blanc! Festival de Dise\u00f1o, Creatividad e Innovaci\u00f3n","url":"https:\/\/blancfestival.com\/","logo":{"@type":"ImageObject","inLanguage":"en-US","@id":"https:\/\/blancfestival.com\/#\/schema\/logo\/image\/","url":"https:\/\/blancfestival.com\/wp-content\/uploads\/2025\/01\/logo_icono_blanc.jpg","contentUrl":"https:\/\/blancfestival.com\/wp-content\/uploads\/2025\/01\/logo_icono_blanc.jpg","width":2000,"height":2000,"caption":"Blanc! Festival de Dise\u00f1o, Creatividad e Innovaci\u00f3n"},"image":{"@id":"https:\/\/blancfestival.com\/#\/schema\/logo\/image\/"},"sameAs":["https:\/\/www.facebook.com\/blanc.festivaldissenygrafic\/","https:\/\/x.com\/blancfest","https:\/\/www.instagram.com\/blancfest\/","https:\/\/www.linkedin.com\/company\/blanc-festival","https:\/\/www.pinterest.com\/blancfest\/","https:\/\/www.youtube.com\/channel\/UCM-IjxOFb5gQg4yPgmze3Gg"]},{"@type":"Person","@id":"https:\/\/blancfestival.com\/#\/schema\/person\/1c1365d1e51e5730cf3f5fadb8670c06","name":"Redacci\u00f3n Blanc!","image":{"@type":"ImageObject","inLanguage":"en-US","@id":"https:\/\/blancfestival.com\/#\/schema\/person\/image\/","url":"https:\/\/blancfestival.com\/wp-content\/uploads\/2020\/02\/ico-120x120.png","contentUrl":"https:\/\/blancfestival.com\/wp-content\/uploads\/2020\/02\/ico-120x120.png","caption":"Redacci\u00f3n Blanc!"},"description":"\u201cNo trates de doblar la cuchara. Es imposible. En lugar de hacerlo, solo intenta darte cuenta de la verdad\u2026 No hay cuchara. Entonces, ver\u00e1s que no es la cuchara lo que se dobla, te doblas t\u00fa\u201d"}]}},"_links":{"self":[{"href":"https:\/\/blancfestival.com\/en\/wp-json\/wp\/v2\/posts\/18593","targetHints":{"allow":["GET"]}}],"collection":[{"href":"https:\/\/blancfestival.com\/en\/wp-json\/wp\/v2\/posts"}],"about":[{"href":"https:\/\/blancfestival.com\/en\/wp-json\/wp\/v2\/types\/post"}],"author":[{"embeddable":true,"href":"https:\/\/blancfestival.com\/en\/wp-json\/wp\/v2\/users\/3"}],"replies":[{"embeddable":true,"href":"https:\/\/blancfestival.com\/en\/wp-json\/wp\/v2\/comments?post=18593"}],"version-history":[{"count":1,"href":"https:\/\/blancfestival.com\/en\/wp-json\/wp\/v2\/posts\/18593\/revisions"}],"predecessor-version":[{"id":18612,"href":"https:\/\/blancfestival.com\/en\/wp-json\/wp\/v2\/posts\/18593\/revisions\/18612"}],"wp:featuredmedia":[{"embeddable":true,"href":"https:\/\/blancfestival.com\/en\/wp-json\/wp\/v2\/media\/18609"}],"wp:attachment":[{"href":"https:\/\/blancfestival.com\/en\/wp-json\/wp\/v2\/media?parent=18593"}],"wp:term":[{"taxonomy":"category","embeddable":true,"href":"https:\/\/blancfestival.com\/en\/wp-json\/wp\/v2\/categories?post=18593"},{"taxonomy":"post_tag","embeddable":true,"href":"https:\/\/blancfestival.com\/en\/wp-json\/wp\/v2\/tags?post=18593"},{"taxonomy":"evento","embeddable":true,"href":"https:\/\/blancfestival.com\/en\/wp-json\/wp\/v2\/evento?post=18593"}],"curies":[{"name":"wp","href":"https:\/\/api.w.org\/{rel}","templated":true}]}}