{"id":19461,"date":"2025-10-23T09:39:18","date_gmt":"2025-10-23T07:39:18","guid":{"rendered":"https:\/\/blancfestival.com\/?p=19461"},"modified":"2025-10-23T09:48:06","modified_gmt":"2025-10-23T07:48:06","slug":"diseno-estrategico-la-rebeldia-de-pensar-antes-de-hacer","status":"publish","type":"post","link":"https:\/\/blancfestival.com\/en\/diseno-estrategico-la-rebeldia-de-pensar-antes-de-hacer\/","title":{"rendered":"Dise\u00f1o estrat\u00e9gico: la rebeld\u00eda de pensar antes de hacer"},"content":{"rendered":"<p>Pararse a pensar antes de actuar es un acto fundamental que cualquier profesional, en cualquier \u00e1mbito, deber\u00eda llevar a cabo. En el campo del dise\u00f1o, tambi\u00e9n. <strong>Saber cu\u00e1l es el objetivo al que se quiere llegar<\/strong> permite definir cu\u00e1l es la mejor direcci\u00f3n para alcanzarlo. Eso significa tener estrategia.<br \/>\nY el dise\u00f1o estrat\u00e9gico es la forma de plasmar dicho rumbo. Porque, si lo piensas, <strong>dise\u00f1ar sin estrategia es como correr sin tener un mapa<\/strong>: puedes llegar lejos, pero seguir\u00e1s perdido sin saber a d\u00f3nde llegar. Ahora, veamos m\u00e1s detalladamente en qu\u00e9 consiste el dise\u00f1o estrat\u00e9gico.<\/p>\n<p>&nbsp;<\/p>\n<h2>Qu\u00e9 es el dise\u00f1o estrat\u00e9gico (y por qu\u00e9 no es solo para CEOs)<\/h2>\n<p>Cuando hablamos de dise\u00f1o estrat\u00e9gico no nos referimos a plasmar en un documento una serie de ideas y pasos sin m\u00e1s. El dise\u00f1o estrat\u00e9gico es la v\u00eda que tiene la capacidad de conectar la creatividad con el prop\u00f3sito, ya sea de una empresa, de una persona o de una entidad.<\/p>\n<p>Una de las claves que reflejan la importancia del dise\u00f1o estrat\u00e9gico es que combina dos aspectos de gran valor: la originalidad del dise\u00f1ador y la visi\u00f3n estrat\u00e9gica del proyecto a largo plazo. Y no hace falta ser el CEO de una empresa para interiorizar esto; es un trabajo que cualquier persona deber\u00eda plantearse.<\/p>\n<p>El objetivo de esta disciplina no es solo crear una imagen bonita, sino que tenga sentido y que est\u00e9 alineada con aquello que se quiere conseguir. En la escuela <a href=\"https:\/\/www.esdesignbarcelona.com\/\" target=\"_blank\" rel=\"noopener\">ESDESIGN<\/a>, por ejemplo, esta mentalidad se integra desde el minuto cero: pensar el dise\u00f1o como una herramienta de transformaci\u00f3n, no como un adorno.<\/p>\n<p>De una forma m\u00e1s po\u00e9tica, podr\u00edamos decir que el dise\u00f1o estrat\u00e9gico pasa por pensar en un proyecto y pensar por qu\u00e9 existe, para qui\u00e9n es \u00fatil y qu\u00e9 impacto quiere provocar en las personas. Una vez tengamos las respuestas a estas preguntas, es momento de abrir Illustrator y dar rienda suelta a la creatividad.<\/p>\n<p>&nbsp;<\/p>\n<h2>El proceso del dise\u00f1o estrat\u00e9gico paso a paso<\/h2>\n<p>Tener creatividad no significa, ni mucho menos, improvisar. Por tanto, el dise\u00f1o estrat\u00e9gico requiere una planificaci\u00f3n muy medida que cada dise\u00f1ador puede adaptar a su manera de trabajar. Grosso modo, estas son las fases del dise\u00f1o estrat\u00e9gico en dise\u00f1o gr\u00e1fico m\u00e1s habituales:<\/p>\n<ul>\n<li><strong>Investigaci\u00f3n.<\/strong> Entender el contexto del proyecto, saber c\u00f3mo es el usuario al que va dirigido o analizar la competencia es esencial en esta primera fase.<\/li>\n<li><strong>Definici\u00f3n.<\/strong> Con dicha informaci\u00f3n, resulta m\u00e1s f\u00e1cil determinar el objetivo del proyecto, incluso cuando el propio cliente no lo tiene del todo claro.<\/li>\n<li><strong>Explorar.<\/strong> Comienza a plasmar ideas y bocetos que te ayuden a decidir qu\u00e9 l\u00ednea seguir o cu\u00e1l descartar, para despu\u00e9s pulirla.<\/li>\n<li><strong>Validar.<\/strong> Una vez tengas una primera propuesta que creas que puede encajar con lo que espera el cliente, es momento de validarla y recibir su feedback.<\/li>\n<li><strong>Ajustar.<\/strong> Por \u00faltimo, hay que ajustar el dise\u00f1o a partir de la respuesta del cliente y teniendo en cuenta todo el contexto previo.<\/li>\n<\/ul>\n<p>&nbsp;<\/p>\n<p>Ejemplos de dise\u00f1o estrat\u00e9gico en proyectos creativos<\/p>\n<p>Hablar de dise\u00f1o estrat\u00e9gico sin ejemplos es como hablar de cocina sin probar el plato. As\u00ed que bajemos a tierra el concepto asoci\u00e1ndolo con ejemplos de proyectos reales.<\/p>\n<p>&nbsp;<\/p>\n<h2>Del branding a la direcci\u00f3n de arte<\/h2>\n<p>El dise\u00f1o de todo el branding corporativo de una empresa debe reflejar claramente lo que la empresa quiera transmitir. Esta es una de las m\u00e1ximas que m\u00e1s se repiten en el itinerario formativo del <a href=\"https:\/\/www.esdesignbarcelona.com\/\" target=\"_blank\" rel=\"noopener\"><strong>M\u00e1ster en Branding, Creatividad y Comunicaci\u00f3n de Marca<\/strong><\/a> de <a href=\"https:\/\/www.esdesignbarcelona.com\/\" target=\"_blank\" rel=\"noopener\">ESDESIGN<\/a>. Es decir, adem\u00e1s de ser est\u00e9tica, la imagen corporativa expresa cu\u00e1l es la estrategia que la empresa quiere seguir.<\/p>\n<p>Pensemos, por ejemplo, en el rebranding de Repsol. El objetivo de la marca es dejar de ser una petrolera para ser una empresa de soluciones multienerg\u00e9ticas, y su nueva imagen va acorde a ello.<\/p>\n<p>&nbsp;<\/p>\n<h2>De la web al UX\/UI<\/h2>\n<p>Un dise\u00f1ador web que pregunta \u201c\u00bfqu\u00e9 quieres que el usuario haga al entrar aqu\u00ed?\u201d antes de decidir el layout, est\u00e1 actuando estrat\u00e9gicamente.<\/p>\n<p>Cuando se interact\u00faa con una interfaz, no se trata solo de colocar botones que sean bonitos, sino de hacer que una persona entienda c\u00f3mo debe moverse y d\u00f3nde debe pulsar de forma f\u00e1cil, al tiempo que eso responda a los objetivos del proyecto.<\/p>\n<p>Entender el comportamiento del usuario y hacer de \u00e9l una ventaja competitiva es tambi\u00e9n parte del proceso de dise\u00f1o estrat\u00e9gico.<\/p>\n<p>Cambio de may\u00fasculas a min\u00fasculas para mostrar m\u00e1s cercan\u00eda, una tipograf\u00eda m\u00e1s circular y un dise\u00f1o m\u00e1s innovador; todo esto no es simplemente est\u00e9tica, sino prop\u00f3sito.<\/p>\n<p>&nbsp;<\/p>\n<h2>Casos de estudios y freelances<\/h2>\n<p>Se suele decir que las mejores fragancias vienen en frascos peque\u00f1os. En el \u00e1mbito del dise\u00f1o, tanto los grandes estudios como los profesionales independientes han evolucionado, no importa el tama\u00f1o sino la forma de trabajar.<\/p>\n<p>Ya no se limitan a entregar piezas, sino que acompa\u00f1an a los clientes en decisiones clave: naming, tono de voz, narrativa visual, y, a veces, modelo de negocio.<\/p>\n<p>La frontera entre dise\u00f1o y consultor\u00eda se diluye. Y eso es bueno: el dise\u00f1ador se convierte en un socio creativo, no en un proveedor.<\/p>\n<p>&nbsp;<\/p>\n<h2>Beneficios del dise\u00f1o estrat\u00e9gico para dise\u00f1adores y estudios<\/h2>\n<p>Aplicar los principios del dise\u00f1o estrat\u00e9gico no solo revierte en beneficios para los clientes, tambi\u00e9n para los propios profesionales. B\u00e1sicamente, les ayuda a transformar y mejorar su modus operandi. \u00bfC\u00f3mo?<\/p>\n<ul>\n<li><strong>Claridad.<\/strong> Todas las decisiones de dise\u00f1o que se toman tienen sentido, no se hacen simplemente porque s\u00ed.<\/li>\n<li><strong>Entendimiento.<\/strong> Es un proceso que permite entender mejor lo que busca el cliente y lograr una satisfacci\u00f3n mayor.<\/li>\n<li><strong>Valor profesional.<\/strong> Los dise\u00f1adores proporcionan un valor y un impacto en el negocio que va m\u00e1s all\u00e1 de crear una imagen bonita, y eso les eleva tambi\u00e9n a nivel profesional.<\/li>\n<\/ul>\n<p>&nbsp;<\/p>\n<p>Errores t\u00edpicos al aplicar dise\u00f1o estrat\u00e9gico (y c\u00f3mo evitarlos)<\/p>\n<p>Nadie dijo que el dise\u00f1o estrat\u00e9gico fuera f\u00e1cil, ni que los profesionales del dise\u00f1o no cometan errores. Sin embargo, esto tambi\u00e9n forma parte del proceso de aprendizaje. Estos son los m\u00e1s frecuentes:<\/p>\n<ul>\n<li><strong>No investigar bien.<\/strong> El primer paso del proceso es, quiz\u00e1, el m\u00e1s importante. No recabar toda la informaci\u00f3n necesaria puede hacer que el resultado no sea \u00f3ptimo.<\/li>\n<li><strong>No trabajar de forma colaborativa.<\/strong> Para que el dise\u00f1o estrat\u00e9gico tenga sentido, el dise\u00f1ador y el cliente deben trabajar de manera casi simbi\u00f3tica. No son entes separados, sino que comparten el mismo objetivo. Por tanto, involucra al cliente en todo lo necesario y demanda lo mismo por su parte.<\/li>\n<li><strong>Las prisas no son buenas.<\/strong> Aplicar estrategia a un dise\u00f1o requiere tiempo, as\u00ed que no pretendas hacerlo todo deprisa y corriendo.<\/li>\n<\/ul>\n<p>&nbsp;<\/p>\n<h2>Futuro del dise\u00f1o estrat\u00e9gico: \u00bfm\u00e1s AI, menos PowerPoint?<\/h2>\n<p>La inteligencia artificial est\u00e1 cambiando las reglas del juego, tambi\u00e9n en el dise\u00f1o. Pero, parad\u00f3jicamente, hace que la estrategia sea m\u00e1s necesaria que nunca.<\/p>\n<p>Cuando las herramientas generan im\u00e1genes en segundos, lo que marca la diferencia entre un dise\u00f1ador y la IA es su capacidad de decidir qu\u00e9 sentido tiene todo eso.<\/p>\n<p>El dise\u00f1ador se convierte en un filtro que humaniza el proyecto. Ya no solo hay que decidir qu\u00e9 se hace, sino si realmente merece la pena. El futuro del dise\u00f1o pasa, por tanto, por combinar la inteligencia artificial con el razonamiento propio de las personas.<\/p>\n<p>Y, para ello, definir una buena estrategia es esencial. Porque, si el dise\u00f1o es forma, la estrategia es fondo. Y solo cuando ambos se encuentran, el resultado tiene alma.<\/p>\n","protected":false},"excerpt":{"rendered":"Pararse a pensar antes de actuar es un acto fundamental que cualquier profesional, en cualquier \u00e1mbito, deber\u00eda llevar a cabo. En el campo del dise\u00f1o, tambi\u00e9n. Saber cu\u00e1l es el objetivo al que se quiere llegar permite definir cu\u00e1l es la mejor direcci\u00f3n para alcanzarlo. Eso significa tener estrategia. Y el dise\u00f1o estrat\u00e9gico es la&hellip;","protected":false},"author":32,"featured_media":19465,"comment_status":"closed","ping_status":"closed","sticky":false,"template":"","format":"standard","meta":{"_acf_changed":false,"footnotes":""},"categories":[1],"tags":[],"evento":[],"class_list":["post-19461","post","type-post","status-publish","format-standard","has-post-thumbnail","hentry","category-diseno-grafico"],"acf":[],"yoast_head":"<!-- This site is optimized with the Yoast SEO plugin v23.7 - https:\/\/yoast.com\/wordpress\/plugins\/seo\/ -->\n<title>Dise\u00f1o estrat\u00e9gico: la rebeld\u00eda de pensar antes de hacer<\/title>\n<meta name=\"description\" content=\"En el campo del dise\u00f1o hay que saber cu\u00e1l es el objetivo al que se quiere llegar, eso es estrategia. Dise\u00f1ar sin estrategia es como explorar sin un mapa: ir\u00e1s perdido sin saber a d\u00f3nde llegar\" \/>\n<meta name=\"robots\" content=\"index, follow, max-snippet:-1, max-image-preview:large, max-video-preview:-1\" \/>\n<link rel=\"canonical\" href=\"https:\/\/blancfestival.com\/diseno-estrategico-la-rebeldia-de-pensar-antes-de-hacer\/\" \/>\n<meta property=\"og:locale\" content=\"en_US\" \/>\n<meta property=\"og:type\" content=\"article\" \/>\n<meta property=\"og:title\" content=\"Dise\u00f1o estrat\u00e9gico: la rebeld\u00eda de pensar antes de hacer\" \/>\n<meta property=\"og:description\" content=\"En el campo del dise\u00f1o hay que saber cu\u00e1l es el objetivo al que se quiere llegar, eso es estrategia. Dise\u00f1ar sin estrategia es como explorar sin un mapa: ir\u00e1s perdido sin saber a d\u00f3nde llegar\" \/>\n<meta property=\"og:url\" content=\"https:\/\/blancfestival.com\/diseno-estrategico-la-rebeldia-de-pensar-antes-de-hacer\/\" \/>\n<meta property=\"og:site_name\" content=\"Blanc!\" \/>\n<meta property=\"article:publisher\" content=\"https:\/\/www.facebook.com\/blanc.festivaldissenygrafic\/\" \/>\n<meta property=\"article:author\" content=\"https:\/\/www.facebook.com\/esdesignbarcelona\" \/>\n<meta property=\"article:published_time\" content=\"2025-10-23T07:39:18+00:00\" \/>\n<meta property=\"article:modified_time\" content=\"2025-10-23T07:48:06+00:00\" \/>\n<meta property=\"og:image\" content=\"https:\/\/blancfestival.com\/wp-content\/uploads\/2025\/10\/estrategia.jpg\" \/>\n\t<meta property=\"og:image:width\" content=\"800\" \/>\n\t<meta property=\"og:image:height\" content=\"800\" \/>\n\t<meta property=\"og:image:type\" content=\"image\/jpeg\" \/>\n<meta name=\"author\" content=\"ESDESIGN\" \/>\n<meta name=\"twitter:card\" content=\"summary_large_image\" \/>\n<meta name=\"twitter:creator\" content=\"@blancfest\" \/>\n<meta name=\"twitter:site\" content=\"@blancfest\" \/>\n<meta name=\"twitter:label1\" content=\"Written by\" \/>\n\t<meta name=\"twitter:data1\" content=\"ESDESIGN\" \/>\n\t<meta name=\"twitter:label2\" content=\"Est. reading time\" \/>\n\t<meta name=\"twitter:data2\" content=\"6 minutes\" \/>\n<script type=\"application\/ld+json\" class=\"yoast-schema-graph\">{\"@context\":\"https:\/\/schema.org\",\"@graph\":[{\"@type\":\"Article\",\"@id\":\"https:\/\/blancfestival.com\/diseno-estrategico-la-rebeldia-de-pensar-antes-de-hacer\/#article\",\"isPartOf\":{\"@id\":\"https:\/\/blancfestival.com\/diseno-estrategico-la-rebeldia-de-pensar-antes-de-hacer\/\"},\"author\":{\"name\":\"ESDESIGN\",\"@id\":\"https:\/\/blancfestival.com\/#\/schema\/person\/cf72c8ab0b392ace1dce6521d7d662c0\"},\"headline\":\"Dise\u00f1o estrat\u00e9gico: la rebeld\u00eda de pensar antes de hacer\",\"datePublished\":\"2025-10-23T07:39:18+00:00\",\"dateModified\":\"2025-10-23T07:48:06+00:00\",\"mainEntityOfPage\":{\"@id\":\"https:\/\/blancfestival.com\/diseno-estrategico-la-rebeldia-de-pensar-antes-de-hacer\/\"},\"wordCount\":1370,\"publisher\":{\"@id\":\"https:\/\/blancfestival.com\/#organization\"},\"image\":{\"@id\":\"https:\/\/blancfestival.com\/diseno-estrategico-la-rebeldia-de-pensar-antes-de-hacer\/#primaryimage\"},\"thumbnailUrl\":\"https:\/\/blancfestival.com\/wp-content\/uploads\/2025\/10\/estrategia.jpg\",\"articleSection\":[\"Dise\u00f1o Gr\u00e1fico\"],\"inLanguage\":\"en-US\"},{\"@type\":\"WebPage\",\"@id\":\"https:\/\/blancfestival.com\/diseno-estrategico-la-rebeldia-de-pensar-antes-de-hacer\/\",\"url\":\"https:\/\/blancfestival.com\/diseno-estrategico-la-rebeldia-de-pensar-antes-de-hacer\/\",\"name\":\"Dise\u00f1o estrat\u00e9gico: la rebeld\u00eda de pensar antes de hacer\",\"isPartOf\":{\"@id\":\"https:\/\/blancfestival.com\/#website\"},\"primaryImageOfPage\":{\"@id\":\"https:\/\/blancfestival.com\/diseno-estrategico-la-rebeldia-de-pensar-antes-de-hacer\/#primaryimage\"},\"image\":{\"@id\":\"https:\/\/blancfestival.com\/diseno-estrategico-la-rebeldia-de-pensar-antes-de-hacer\/#primaryimage\"},\"thumbnailUrl\":\"https:\/\/blancfestival.com\/wp-content\/uploads\/2025\/10\/estrategia.jpg\",\"datePublished\":\"2025-10-23T07:39:18+00:00\",\"dateModified\":\"2025-10-23T07:48:06+00:00\",\"description\":\"En el campo del dise\u00f1o hay que saber cu\u00e1l es el objetivo al que se quiere llegar, eso es estrategia. Dise\u00f1ar sin estrategia es como explorar sin un mapa: ir\u00e1s perdido sin saber a d\u00f3nde llegar\",\"breadcrumb\":{\"@id\":\"https:\/\/blancfestival.com\/diseno-estrategico-la-rebeldia-de-pensar-antes-de-hacer\/#breadcrumb\"},\"inLanguage\":\"en-US\",\"potentialAction\":[{\"@type\":\"ReadAction\",\"target\":[\"https:\/\/blancfestival.com\/diseno-estrategico-la-rebeldia-de-pensar-antes-de-hacer\/\"]}]},{\"@type\":\"ImageObject\",\"inLanguage\":\"en-US\",\"@id\":\"https:\/\/blancfestival.com\/diseno-estrategico-la-rebeldia-de-pensar-antes-de-hacer\/#primaryimage\",\"url\":\"https:\/\/blancfestival.com\/wp-content\/uploads\/2025\/10\/estrategia.jpg\",\"contentUrl\":\"https:\/\/blancfestival.com\/wp-content\/uploads\/2025\/10\/estrategia.jpg\",\"width\":800,\"height\":800},{\"@type\":\"BreadcrumbList\",\"@id\":\"https:\/\/blancfestival.com\/diseno-estrategico-la-rebeldia-de-pensar-antes-de-hacer\/#breadcrumb\",\"itemListElement\":[{\"@type\":\"ListItem\",\"position\":1,\"name\":\"Portada\",\"item\":\"https:\/\/blancfestival.com\/en\/\"},{\"@type\":\"ListItem\",\"position\":2,\"name\":\"Dise\u00f1o estrat\u00e9gico: la rebeld\u00eda de pensar antes de hacer\"}]},{\"@type\":\"WebSite\",\"@id\":\"https:\/\/blancfestival.com\/#website\",\"url\":\"https:\/\/blancfestival.com\/\",\"name\":\"Blanc! Festival\",\"description\":\"Dise\u00f1o, Creatividad e Innovaci\u00f3n\",\"publisher\":{\"@id\":\"https:\/\/blancfestival.com\/#organization\"},\"potentialAction\":[{\"@type\":\"SearchAction\",\"target\":{\"@type\":\"EntryPoint\",\"urlTemplate\":\"https:\/\/blancfestival.com\/?s={search_term_string}\"},\"query-input\":{\"@type\":\"PropertyValueSpecification\",\"valueRequired\":true,\"valueName\":\"search_term_string\"}}],\"inLanguage\":\"en-US\"},{\"@type\":\"Organization\",\"@id\":\"https:\/\/blancfestival.com\/#organization\",\"name\":\"Blanc! Festival de Dise\u00f1o, Creatividad e Innovaci\u00f3n\",\"url\":\"https:\/\/blancfestival.com\/\",\"logo\":{\"@type\":\"ImageObject\",\"inLanguage\":\"en-US\",\"@id\":\"https:\/\/blancfestival.com\/#\/schema\/logo\/image\/\",\"url\":\"https:\/\/blancfestival.com\/wp-content\/uploads\/2025\/01\/logo_icono_blanc.jpg\",\"contentUrl\":\"https:\/\/blancfestival.com\/wp-content\/uploads\/2025\/01\/logo_icono_blanc.jpg\",\"width\":2000,\"height\":2000,\"caption\":\"Blanc! Festival de Dise\u00f1o, Creatividad e Innovaci\u00f3n\"},\"image\":{\"@id\":\"https:\/\/blancfestival.com\/#\/schema\/logo\/image\/\"},\"sameAs\":[\"https:\/\/www.facebook.com\/blanc.festivaldissenygrafic\/\",\"https:\/\/x.com\/blancfest\",\"https:\/\/www.instagram.com\/blancfest\/\",\"https:\/\/www.linkedin.com\/company\/blanc-festival\",\"https:\/\/www.pinterest.com\/blancfest\/\",\"https:\/\/www.youtube.com\/channel\/UCM-IjxOFb5gQg4yPgmze3Gg\"]},{\"@type\":\"Person\",\"@id\":\"https:\/\/blancfestival.com\/#\/schema\/person\/cf72c8ab0b392ace1dce6521d7d662c0\",\"name\":\"ESDESIGN\",\"image\":{\"@type\":\"ImageObject\",\"inLanguage\":\"en-US\",\"@id\":\"https:\/\/blancfestival.com\/#\/schema\/person\/image\/\",\"url\":\"https:\/\/blancfestival.com\/wp-content\/uploads\/2025\/10\/logo-esdesign-120x120.jpg\",\"contentUrl\":\"https:\/\/blancfestival.com\/wp-content\/uploads\/2025\/10\/logo-esdesign-120x120.jpg\",\"caption\":\"ESDESIGN\"},\"description\":\"ESDESIGN es la primera escuela online de dise\u00f1o, un punto de uni\u00f3n en el que no importan ni los kil\u00f3metros, ni los d\u00edas, ni las horas. Es una escuela sin puertas, con mil ventanas al mundo, que conecta el impulso personal con el compromiso global y social. Es conocer las tendencias y transformar ideas y proyectos en realidades. ESDESIGN es experimentar el mundo del dise\u00f1o con una visi\u00f3n 360.\",\"sameAs\":[\"https:\/\/www.esdesignbarcelona.com\/\",\"https:\/\/www.facebook.com\/esdesignbarcelona\",\"https:\/\/www.instagram.com\/esdesignbarcelona\/\",\"https:\/\/www.linkedin.com\/school\/esdesign-escuela-superior-de-diseo-de-barcelona\/\"]}]}<\/script>\n<!-- \/ Yoast SEO plugin. -->","yoast_head_json":{"title":"Dise\u00f1o estrat\u00e9gico: la rebeld\u00eda de pensar antes de hacer","description":"En el campo del dise\u00f1o hay que saber cu\u00e1l es el objetivo al que se quiere llegar, eso es estrategia. Dise\u00f1ar sin estrategia es como explorar sin un mapa: ir\u00e1s perdido sin saber a d\u00f3nde llegar","robots":{"index":"index","follow":"follow","max-snippet":"max-snippet:-1","max-image-preview":"max-image-preview:large","max-video-preview":"max-video-preview:-1"},"canonical":"https:\/\/blancfestival.com\/diseno-estrategico-la-rebeldia-de-pensar-antes-de-hacer\/","og_locale":"en_US","og_type":"article","og_title":"Dise\u00f1o estrat\u00e9gico: la rebeld\u00eda de pensar antes de hacer","og_description":"En el campo del dise\u00f1o hay que saber cu\u00e1l es el objetivo al que se quiere llegar, eso es estrategia. Dise\u00f1ar sin estrategia es como explorar sin un mapa: ir\u00e1s perdido sin saber a d\u00f3nde llegar","og_url":"https:\/\/blancfestival.com\/diseno-estrategico-la-rebeldia-de-pensar-antes-de-hacer\/","og_site_name":"Blanc!","article_publisher":"https:\/\/www.facebook.com\/blanc.festivaldissenygrafic\/","article_author":"https:\/\/www.facebook.com\/esdesignbarcelona","article_published_time":"2025-10-23T07:39:18+00:00","article_modified_time":"2025-10-23T07:48:06+00:00","og_image":[{"width":800,"height":800,"url":"https:\/\/blancfestival.com\/wp-content\/uploads\/2025\/10\/estrategia.jpg","type":"image\/jpeg"}],"author":"ESDESIGN","twitter_card":"summary_large_image","twitter_creator":"@blancfest","twitter_site":"@blancfest","twitter_misc":{"Written by":"ESDESIGN","Est. reading time":"6 minutes"},"schema":{"@context":"https:\/\/schema.org","@graph":[{"@type":"Article","@id":"https:\/\/blancfestival.com\/diseno-estrategico-la-rebeldia-de-pensar-antes-de-hacer\/#article","isPartOf":{"@id":"https:\/\/blancfestival.com\/diseno-estrategico-la-rebeldia-de-pensar-antes-de-hacer\/"},"author":{"name":"ESDESIGN","@id":"https:\/\/blancfestival.com\/#\/schema\/person\/cf72c8ab0b392ace1dce6521d7d662c0"},"headline":"Dise\u00f1o estrat\u00e9gico: la rebeld\u00eda de pensar antes de hacer","datePublished":"2025-10-23T07:39:18+00:00","dateModified":"2025-10-23T07:48:06+00:00","mainEntityOfPage":{"@id":"https:\/\/blancfestival.com\/diseno-estrategico-la-rebeldia-de-pensar-antes-de-hacer\/"},"wordCount":1370,"publisher":{"@id":"https:\/\/blancfestival.com\/#organization"},"image":{"@id":"https:\/\/blancfestival.com\/diseno-estrategico-la-rebeldia-de-pensar-antes-de-hacer\/#primaryimage"},"thumbnailUrl":"https:\/\/blancfestival.com\/wp-content\/uploads\/2025\/10\/estrategia.jpg","articleSection":["Dise\u00f1o Gr\u00e1fico"],"inLanguage":"en-US"},{"@type":"WebPage","@id":"https:\/\/blancfestival.com\/diseno-estrategico-la-rebeldia-de-pensar-antes-de-hacer\/","url":"https:\/\/blancfestival.com\/diseno-estrategico-la-rebeldia-de-pensar-antes-de-hacer\/","name":"Dise\u00f1o estrat\u00e9gico: la rebeld\u00eda de pensar antes de hacer","isPartOf":{"@id":"https:\/\/blancfestival.com\/#website"},"primaryImageOfPage":{"@id":"https:\/\/blancfestival.com\/diseno-estrategico-la-rebeldia-de-pensar-antes-de-hacer\/#primaryimage"},"image":{"@id":"https:\/\/blancfestival.com\/diseno-estrategico-la-rebeldia-de-pensar-antes-de-hacer\/#primaryimage"},"thumbnailUrl":"https:\/\/blancfestival.com\/wp-content\/uploads\/2025\/10\/estrategia.jpg","datePublished":"2025-10-23T07:39:18+00:00","dateModified":"2025-10-23T07:48:06+00:00","description":"En el campo del dise\u00f1o hay que saber cu\u00e1l es el objetivo al que se quiere llegar, eso es estrategia. Dise\u00f1ar sin estrategia es como explorar sin un mapa: ir\u00e1s perdido sin saber a d\u00f3nde llegar","breadcrumb":{"@id":"https:\/\/blancfestival.com\/diseno-estrategico-la-rebeldia-de-pensar-antes-de-hacer\/#breadcrumb"},"inLanguage":"en-US","potentialAction":[{"@type":"ReadAction","target":["https:\/\/blancfestival.com\/diseno-estrategico-la-rebeldia-de-pensar-antes-de-hacer\/"]}]},{"@type":"ImageObject","inLanguage":"en-US","@id":"https:\/\/blancfestival.com\/diseno-estrategico-la-rebeldia-de-pensar-antes-de-hacer\/#primaryimage","url":"https:\/\/blancfestival.com\/wp-content\/uploads\/2025\/10\/estrategia.jpg","contentUrl":"https:\/\/blancfestival.com\/wp-content\/uploads\/2025\/10\/estrategia.jpg","width":800,"height":800},{"@type":"BreadcrumbList","@id":"https:\/\/blancfestival.com\/diseno-estrategico-la-rebeldia-de-pensar-antes-de-hacer\/#breadcrumb","itemListElement":[{"@type":"ListItem","position":1,"name":"Portada","item":"https:\/\/blancfestival.com\/en\/"},{"@type":"ListItem","position":2,"name":"Dise\u00f1o estrat\u00e9gico: la rebeld\u00eda de pensar antes de hacer"}]},{"@type":"WebSite","@id":"https:\/\/blancfestival.com\/#website","url":"https:\/\/blancfestival.com\/","name":"Blanc! Festival","description":"Dise\u00f1o, Creatividad e Innovaci\u00f3n","publisher":{"@id":"https:\/\/blancfestival.com\/#organization"},"potentialAction":[{"@type":"SearchAction","target":{"@type":"EntryPoint","urlTemplate":"https:\/\/blancfestival.com\/?s={search_term_string}"},"query-input":{"@type":"PropertyValueSpecification","valueRequired":true,"valueName":"search_term_string"}}],"inLanguage":"en-US"},{"@type":"Organization","@id":"https:\/\/blancfestival.com\/#organization","name":"Blanc! Festival de Dise\u00f1o, Creatividad e Innovaci\u00f3n","url":"https:\/\/blancfestival.com\/","logo":{"@type":"ImageObject","inLanguage":"en-US","@id":"https:\/\/blancfestival.com\/#\/schema\/logo\/image\/","url":"https:\/\/blancfestival.com\/wp-content\/uploads\/2025\/01\/logo_icono_blanc.jpg","contentUrl":"https:\/\/blancfestival.com\/wp-content\/uploads\/2025\/01\/logo_icono_blanc.jpg","width":2000,"height":2000,"caption":"Blanc! Festival de Dise\u00f1o, Creatividad e Innovaci\u00f3n"},"image":{"@id":"https:\/\/blancfestival.com\/#\/schema\/logo\/image\/"},"sameAs":["https:\/\/www.facebook.com\/blanc.festivaldissenygrafic\/","https:\/\/x.com\/blancfest","https:\/\/www.instagram.com\/blancfest\/","https:\/\/www.linkedin.com\/company\/blanc-festival","https:\/\/www.pinterest.com\/blancfest\/","https:\/\/www.youtube.com\/channel\/UCM-IjxOFb5gQg4yPgmze3Gg"]},{"@type":"Person","@id":"https:\/\/blancfestival.com\/#\/schema\/person\/cf72c8ab0b392ace1dce6521d7d662c0","name":"ESDESIGN","image":{"@type":"ImageObject","inLanguage":"en-US","@id":"https:\/\/blancfestival.com\/#\/schema\/person\/image\/","url":"https:\/\/blancfestival.com\/wp-content\/uploads\/2025\/10\/logo-esdesign-120x120.jpg","contentUrl":"https:\/\/blancfestival.com\/wp-content\/uploads\/2025\/10\/logo-esdesign-120x120.jpg","caption":"ESDESIGN"},"description":"ESDESIGN es la primera escuela online de dise\u00f1o, un punto de uni\u00f3n en el que no importan ni los kil\u00f3metros, ni los d\u00edas, ni las horas. Es una escuela sin puertas, con mil ventanas al mundo, que conecta el impulso personal con el compromiso global y social. Es conocer las tendencias y transformar ideas y proyectos en realidades. ESDESIGN es experimentar el mundo del dise\u00f1o con una visi\u00f3n 360.","sameAs":["https:\/\/www.esdesignbarcelona.com\/","https:\/\/www.facebook.com\/esdesignbarcelona","https:\/\/www.instagram.com\/esdesignbarcelona\/","https:\/\/www.linkedin.com\/school\/esdesign-escuela-superior-de-diseo-de-barcelona\/"]}]}},"_links":{"self":[{"href":"https:\/\/blancfestival.com\/en\/wp-json\/wp\/v2\/posts\/19461","targetHints":{"allow":["GET"]}}],"collection":[{"href":"https:\/\/blancfestival.com\/en\/wp-json\/wp\/v2\/posts"}],"about":[{"href":"https:\/\/blancfestival.com\/en\/wp-json\/wp\/v2\/types\/post"}],"author":[{"embeddable":true,"href":"https:\/\/blancfestival.com\/en\/wp-json\/wp\/v2\/users\/32"}],"replies":[{"embeddable":true,"href":"https:\/\/blancfestival.com\/en\/wp-json\/wp\/v2\/comments?post=19461"}],"version-history":[{"count":3,"href":"https:\/\/blancfestival.com\/en\/wp-json\/wp\/v2\/posts\/19461\/revisions"}],"predecessor-version":[{"id":19464,"href":"https:\/\/blancfestival.com\/en\/wp-json\/wp\/v2\/posts\/19461\/revisions\/19464"}],"wp:featuredmedia":[{"embeddable":true,"href":"https:\/\/blancfestival.com\/en\/wp-json\/wp\/v2\/media\/19465"}],"wp:attachment":[{"href":"https:\/\/blancfestival.com\/en\/wp-json\/wp\/v2\/media?parent=19461"}],"wp:term":[{"taxonomy":"category","embeddable":true,"href":"https:\/\/blancfestival.com\/en\/wp-json\/wp\/v2\/categories?post=19461"},{"taxonomy":"post_tag","embeddable":true,"href":"https:\/\/blancfestival.com\/en\/wp-json\/wp\/v2\/tags?post=19461"},{"taxonomy":"evento","embeddable":true,"href":"https:\/\/blancfestival.com\/en\/wp-json\/wp\/v2\/evento?post=19461"}],"curies":[{"name":"wp","href":"https:\/\/api.w.org\/{rel}","templated":true}]}}