{"id":2131,"date":"2020-04-06T20:07:47","date_gmt":"2020-04-06T18:07:47","guid":{"rendered":"https:\/\/blancfestival.com\/?p=2131"},"modified":"2020-11-22T02:31:15","modified_gmt":"2020-11-22T01:31:15","slug":"ferran-bretcha-diseno-grafico","status":"publish","type":"post","link":"https:\/\/blancfestival.com\/en\/ferran-bretcha-diseno-grafico\/","title":{"rendered":"Ferran Bretcha &#8211; 5 Tools for Digital Detox"},"content":{"rendered":"<p>Proyecto Final de la carrera de Dise\u00f1o Gr\u00e1fico del dise\u00f1ador Ferran Bretcha. Estuvo representando a <a href=\"https:\/\/www.elisava.net\/\" target=\"_blank\" rel=\"noopener noreferrer\">Elisava<\/a> en el Campus Blanc durante la edici\u00f3n n.11 de Blanc! en Octubre del 2019.<\/p>\n<p>&#8220;5 Tools For Digital Detox&#8221; se sit\u00faa en un escenario futuro probable y parte de la premisa de que <strong>la tecnolog\u00eda y el ser humano han establecido una relaci\u00f3n de dependencia<\/strong> que ha alterado nuestro comportamiento, el funcionamiento de nuestro cerebro y nuestra relaci\u00f3n con el entorno y la realidad. Se busca la reflexi\u00f3n sobre la \u00fanica adicci\u00f3n que ha estado socialmente aceptada por la sociedad: la digital.<\/p>\n<p>Como respuesta a este planteamiento se han dise\u00f1ado cinco objetos y fases que tienen el objetivo de alterar comportamientos comunes con la \u00fanica finalidad de potenciar y promover la <strong>desintoxicaci\u00f3n digital<\/strong>. Las fases se<br \/>\nllevar\u00e1n a cabo en situaciones concretas, y la dificultad y el nivel de desintoxicaci\u00f3n crecer\u00e1n exponencialmente. Cada una de las fases responde a un tipo espec\u00edfico de desintoxicaci\u00f3n y cada objeto crea un nuevo escenario que replantea nuestra relaci\u00f3n con la tecnolog\u00eda.<\/p>\n<p>El objetivo es trabajar directamente con el dise\u00f1o gr\u00e1fico como catalizador de pensamiento. Crear una serie de objetos y fases que inviten a reflexionar, reconsiderar y en definitiva <strong>construir, mediante el dise\u00f1o cr\u00edtico y conceptual, una sociedad digitalmente responsable<\/strong>.<\/p>\n<p>&nbsp;<\/p>\n<p><img loading=\"lazy\" decoding=\"async\" width=\"680\" height=\"425\" class=\"alignnone size-full wp-image-2132\" src=\"https:\/\/blancfestival.com\/wp-content\/uploads\/2020\/04\/FASE_1.1.jpg\" alt=\"Ferran Bretcha - \u201c5 Tools for Digital Detox - Proyecto Final de carrera dise\u00f1o\" srcset=\"https:\/\/blancfestival.com\/wp-content\/uploads\/2020\/04\/FASE_1.1.jpg 680w, https:\/\/blancfestival.com\/wp-content\/uploads\/2020\/04\/FASE_1.1-250x156.jpg 250w, https:\/\/blancfestival.com\/wp-content\/uploads\/2020\/04\/FASE_1.1-120x75.jpg 120w\" sizes=\"auto, (max-width: 680px) 100vw, 680px\" \/><\/p>\n<p>&nbsp;<\/p>\n<h2>An\u00e1lisis previo para el dise\u00f1o gr\u00e1fico y de producto, basado en 5 temas o conceptos<\/h2>\n<p>Despu\u00e9s de un intenso an\u00e1lisis te\u00f3rico acerca del concepto desintoxicaci\u00f3n digital, se decide centrar la investigaci\u00f3n en cinco temas para posteriormente generar un objeto para cada uno de ellos:<\/p>\n<ul>\n<li>La impaciencia cognitiva en la era digital<\/li>\n<li>La percepci\u00f3n digital del tiempo y la espera<\/li>\n<li>La extensi\u00f3n mental del yo<\/li>\n<li>La p\u00e9rdida de la autonom\u00eda de la voluntad en la era digital<\/li>\n<li>La escasez del &#8220;silencio&#8221; en un mundo digitalizado.<\/li>\n<\/ul>\n<p>A continuaci\u00f3n se describen las fases y herramientas desarrolladas y dise\u00f1adas para cada an\u00e1lisis te\u00f3rico anteriormente mencionado.<\/p>\n<p>&nbsp;<\/p>\n<h2>Phase 1 &#8211; Processing: 100.000 words a day<\/h2>\n<p>Con el fin de generar una respuesta al primer tema analizado se decide desarrollar un nuevo concepto de pieza editorial que tiene el objetivo de recuperar la habilidad de procesar informaci\u00f3n compleja y llegar a niveles m\u00e1s profundos de comprensi\u00f3n.<\/p>\n<p>Recibir mensajes continuamente en el m\u00f3vil, chismorrear en redes sociales y leer a trozos noticias en internet est\u00e1n favoreciendo que procesemos m\u00e1s informaci\u00f3n m\u00e1s r\u00e1pidamente. Sin embargo, las interrupciones constantes de los est\u00edmulos que llegan del mundo digital est\u00e1n afectando negativamente a nuestra concentraci\u00f3n y cada vez dedicamos menos tiempo a un proceso de lectura reposada que supone un mayor reto intelectual. Pero, <strong>\u00bfque pasar\u00eda si di\u00e9ramos utilidad a esta caracter\u00edstica que nos brinda el mundo digital, aparentemente negativa, y lo utiliz\u00e1ramos para el bien de nuestra salud mental e intelectual? <\/strong><\/p>\n<p>La soluci\u00f3n ha sido camuflar textos complejos y anal\u00edticos en aplicaciones que conocemos y que visualizamos de manera habitual, y donde normalmente leemos textos r\u00e1pidamente. Se ha creado as\u00ed una lectura lineal del texto por medio de las diferentes aplicaciones del m\u00f3vil que vemos continuamente. Por lo tanto, el objetivo es utilizar el dise\u00f1o gr\u00e1fico y funcionalidad de la aplicaci\u00f3n para provocar que nuestro cerebro, visualmente, sienta que est\u00e1 en zonas de confort: conversaciones de whatsapp, comentarios de Instagram, consultas de email, surfeando por Google\u2026 pero que intelectualmente est\u00e9 leyendo textos complejos y que piden niveles profundos de concentraci\u00f3n. Y nuestro cerebro no se dar\u00e1 cuenta. Una vez m\u00e1s, lo estaremos enga\u00f1ando.<\/p>\n<p>El texto utilizado en el dise\u00f1o gr\u00e1fico para este libro es: &#8220;The Emerging, Evolving Reading Brain in a Digital Culture&#8221; de Maryanne Wolf, Catherine Ullman-Shade y Stephanie Gottwald y es una hoja de ruta que proporciona una perspectiva prudente, pero esperanzadora, sobre el impacto de la tecnolog\u00eda en nuestros cerebros y en nuestras capacidades intelectuales m\u00e1s esenciales y lo que esto podr\u00eda significar para nuestro futuro.<\/p>\n<p>&nbsp;<\/p>\n<p><img loading=\"lazy\" decoding=\"async\" width=\"680\" height=\"425\" class=\"alignnone size-full wp-image-2135\" src=\"https:\/\/blancfestival.com\/wp-content\/uploads\/2020\/04\/FASE_1.2.jpg\" alt=\"Ferran Bretcha - \u201c5 Tools for Digital Detox - Proyecto Final de carrera dise\u00f1o\" srcset=\"https:\/\/blancfestival.com\/wp-content\/uploads\/2020\/04\/FASE_1.2.jpg 680w, https:\/\/blancfestival.com\/wp-content\/uploads\/2020\/04\/FASE_1.2-250x156.jpg 250w, https:\/\/blancfestival.com\/wp-content\/uploads\/2020\/04\/FASE_1.2-120x75.jpg 120w\" sizes=\"auto, (max-width: 680px) 100vw, 680px\" \/><\/p>\n<p><img loading=\"lazy\" decoding=\"async\" width=\"680\" height=\"425\" class=\"alignnone size-full wp-image-2138\" src=\"https:\/\/blancfestival.com\/wp-content\/uploads\/2020\/04\/FASE_1.3.jpg\" alt=\"Ferran Bretcha - \u201c5 Tools for Digital Detox - Proyecto Final de carrera dise\u00f1o\" srcset=\"https:\/\/blancfestival.com\/wp-content\/uploads\/2020\/04\/FASE_1.3.jpg 680w, https:\/\/blancfestival.com\/wp-content\/uploads\/2020\/04\/FASE_1.3-250x156.jpg 250w, https:\/\/blancfestival.com\/wp-content\/uploads\/2020\/04\/FASE_1.3-120x75.jpg 120w\" sizes=\"auto, (max-width: 680px) 100vw, 680px\" \/><\/p>\n<p><img loading=\"lazy\" decoding=\"async\" width=\"680\" height=\"425\" class=\"alignnone size-full wp-image-2141\" src=\"https:\/\/blancfestival.com\/wp-content\/uploads\/2020\/04\/FASE_1.4.jpg\" alt=\"Ferran Bretcha - \u201c5 Tools for Digital Detox - Proyecto Final de carrera dise\u00f1o\" srcset=\"https:\/\/blancfestival.com\/wp-content\/uploads\/2020\/04\/FASE_1.4.jpg 680w, https:\/\/blancfestival.com\/wp-content\/uploads\/2020\/04\/FASE_1.4-250x156.jpg 250w, https:\/\/blancfestival.com\/wp-content\/uploads\/2020\/04\/FASE_1.4-120x75.jpg 120w\" sizes=\"auto, (max-width: 680px) 100vw, 680px\" \/><\/p>\n<p><img loading=\"lazy\" decoding=\"async\" width=\"680\" height=\"425\" class=\"alignnone size-full wp-image-2144\" src=\"https:\/\/blancfestival.com\/wp-content\/uploads\/2020\/04\/FASE_1.5.jpg\" alt=\"Ferran Bretcha - \u201c5 Tools for Digital Detox - Proyecto Final de carrera dise\u00f1o\" srcset=\"https:\/\/blancfestival.com\/wp-content\/uploads\/2020\/04\/FASE_1.5.jpg 680w, https:\/\/blancfestival.com\/wp-content\/uploads\/2020\/04\/FASE_1.5-250x156.jpg 250w, https:\/\/blancfestival.com\/wp-content\/uploads\/2020\/04\/FASE_1.5-120x75.jpg 120w\" sizes=\"auto, (max-width: 680px) 100vw, 680px\" \/><\/p>\n<p>&nbsp;<\/p>\n<h2>Phase 2 &#8211; No content: couldn&#8217;t refresh feed<\/h2>\n<p>La segunda pieza realizada se enmarca en el tema de la percepci\u00f3n digital del tiempo y la espera. Con el fin de generar una respuesta a este estudio se decide crear un nuevo concepto de cuenta de Instagram. El \u00fanico perfil de Instagram que ayuda a desintoxicarse de esta plataforma.<\/p>\n<p>En la g\u00e9nesis de esta idea, que nace de una fijaci\u00f3n personal, han sido fundamentales <strong>los iconos que aparecen en el m\u00f3vil cuando algo se est\u00e1 cargando<\/strong>, los diferentes s\u00edmbolos que aparecen cuando no tienes conexi\u00f3n a internet, la t\u00edpica barra de progresi\u00f3n, la rueda dando vueltas, las im\u00e1genes que no se cargan&#8230; Se lleg\u00f3 a la conclusi\u00f3n de que estas im\u00e1genes representaban perfectamente el concepto digital detox: representaban la idea de no conexi\u00f3n a internet y de no tener wifi o datos.<\/p>\n<p>Por eso, finalmente se decidi\u00f3 crear un perfil de Instagram repleto de im\u00e1genes sin descargar bajo el claim: <em>If this bothers you, you are digitally intoxicated<\/em>. El mismo nombre del perfil representa la idea de estas im\u00e1genes y es que es el mensaje que aparece cuando Instagram no puede refrescar una imagen y no tiene conexi\u00f3n a internet: <em>Could not refresh feed.<\/em> El objetivo principal es <strong>incomodar y bombardear a las personas a trav\u00e9s de material visual sin descargar<\/strong>. Durante los meses que se ha estado realizando este proyecto se han colgado diariamente estas im\u00e1genes al perfil creado con el fin de impacientarse y molestar al usuario para que cierre la red social y deje de utilizar el m\u00f3vil.<\/p>\n<p>Este perfil de Instagram quiere criticar la idea de inmediatez de este mundo digitalizado, nos molesta porque ya no estamos acostumbrados a esperar, lo queremos todo el momento, r\u00e1pido, para poder continuar haciendo scroll. Si una de las im\u00e1genes del feed no se descarga, nos frustra.<\/p>\n<p>&nbsp;<\/p>\n<p><img loading=\"lazy\" decoding=\"async\" width=\"680\" height=\"425\" class=\"alignnone size-full wp-image-2147\" src=\"https:\/\/blancfestival.com\/wp-content\/uploads\/2020\/04\/FASE_2.1.jpg\" alt=\"Ferran Bretcha - \u201c5 Tools for Digital Detox - Proyecto Final de carrera dise\u00f1o\" srcset=\"https:\/\/blancfestival.com\/wp-content\/uploads\/2020\/04\/FASE_2.1.jpg 680w, https:\/\/blancfestival.com\/wp-content\/uploads\/2020\/04\/FASE_2.1-250x156.jpg 250w, https:\/\/blancfestival.com\/wp-content\/uploads\/2020\/04\/FASE_2.1-120x75.jpg 120w\" sizes=\"auto, (max-width: 680px) 100vw, 680px\" \/><\/p>\n<p><img loading=\"lazy\" decoding=\"async\" width=\"680\" height=\"425\" class=\"alignnone size-full wp-image-2150\" src=\"https:\/\/blancfestival.com\/wp-content\/uploads\/2020\/04\/Fase_2.2.jpg\" alt=\"Ferran Bretcha - \u201c5 Tools for Digital Detox - Proyecto Final de carrera dise\u00f1o\" srcset=\"https:\/\/blancfestival.com\/wp-content\/uploads\/2020\/04\/Fase_2.2.jpg 680w, https:\/\/blancfestival.com\/wp-content\/uploads\/2020\/04\/Fase_2.2-250x156.jpg 250w, https:\/\/blancfestival.com\/wp-content\/uploads\/2020\/04\/Fase_2.2-120x75.jpg 120w\" sizes=\"auto, (max-width: 680px) 100vw, 680px\" \/><\/p>\n<p>&nbsp;<\/p>\n<h2>Phase 3 &#8211; Redirected: NomophobiaTherapy<\/h2>\n<p>Para la tercera fase se decide desarrollar un dispositivo que ayuda a combatir una fobia que ha nacido a causa de la aparici\u00f3n de los dispositivos m\u00f3viles. Esta nueva herramienta ayuda a combatir la Nomof\u00f3bia, que es el <strong>miedo irracional a quedarse sin m\u00f3vil<\/strong>, ya sea por hab\u00e9rnoslo olvidado en casa o por perderlo.<\/p>\n<p>Se decide crear un nuevo dispositivo encargado de aliviar los s\u00edntomas de esta fobia, educando al usuario a partir de terapias que afectan a su extensi\u00f3n mental, trabajando directamente con el cerebro, y por medio de un objeto placebo.<\/p>\n<p>As\u00ed es como nace este m\u00f3vil sustituto. Una pieza que se administra como terapia, pero que no tiene ning\u00fan valor curativo real, excepto por el efecto psicol\u00f3gico que pueda provocar, denominado popularmente <strong>&#8220;efecto placebo&#8221;, al sentir su peso al bolsillo o al tenerlo entre las manos<\/strong>. En esta fase se pretende que el usuario lleve a cabo un proceso de rehabilitaci\u00f3n donde, poco a poco, vaya dejando de utilizar el m\u00f3vil real para ir sustituy\u00e9ndolo por el m\u00f3vil placebo, renunciando a la utilizaci\u00f3n de su tel\u00e9fono m\u00f3vil para pasar a utilizar y a llevar durante su d\u00eda a d\u00eda este nuevo sustituto, hasta el punto de que el usuario quede totalmente curado.<\/p>\n<p>Pero la pieza no es solo un simple sustituto anal\u00f3gico del tel\u00e9fono m\u00f3vil: se ha querido llevarlo a otro nivel. Por eso se ha utilizado cristal l\u00edquido microencapsulado, un material que tiene la propiedad qu\u00edmica de cambiar de color con la temperatura y por eso muestra una respuesta total del espectro de color en la superficie activado por el calor y la temperatura de nuestras manos. De este modo el usuario ve reflejado y se da cuenta visualmente de cu\u00e1nto tiempo puede llegar a pasar el m\u00f3vil en sus manos. Tambi\u00e9n sirve de alerta, y nos recuerda la <strong>cantidad de veces que sacamos el m\u00f3vil del bolsillo o de la bolsa para mirarlo, a veces sin ninguna intenci\u00f3n, objetivo o finalidad<\/strong>.<\/p>\n<p>&nbsp;<\/p>\n<p><img loading=\"lazy\" decoding=\"async\" width=\"680\" height=\"425\" class=\"alignnone size-full wp-image-2153\" src=\"https:\/\/blancfestival.com\/wp-content\/uploads\/2020\/04\/FASE_3.1.jpg\" alt=\"Ferran Bretcha - \u201c5 Tools for Digital Detox - Proyecto Final de carrera dise\u00f1o\" srcset=\"https:\/\/blancfestival.com\/wp-content\/uploads\/2020\/04\/FASE_3.1.jpg 680w, https:\/\/blancfestival.com\/wp-content\/uploads\/2020\/04\/FASE_3.1-250x156.jpg 250w, https:\/\/blancfestival.com\/wp-content\/uploads\/2020\/04\/FASE_3.1-120x75.jpg 120w\" sizes=\"auto, (max-width: 680px) 100vw, 680px\" \/><\/p>\n<p><img loading=\"lazy\" decoding=\"async\" width=\"680\" height=\"425\" class=\"alignnone size-full wp-image-2156\" src=\"https:\/\/blancfestival.com\/wp-content\/uploads\/2020\/04\/FASE_3.2.jpg\" alt=\"Ferran Bretcha - \u201c5 Tools for Digital Detox - Proyecto Final de carrera dise\u00f1o\" srcset=\"https:\/\/blancfestival.com\/wp-content\/uploads\/2020\/04\/FASE_3.2.jpg 680w, https:\/\/blancfestival.com\/wp-content\/uploads\/2020\/04\/FASE_3.2-250x156.jpg 250w, https:\/\/blancfestival.com\/wp-content\/uploads\/2020\/04\/FASE_3.2-120x75.jpg 120w\" sizes=\"auto, (max-width: 680px) 100vw, 680px\" \/><\/p>\n<p>&nbsp;<\/p>\n<h2>Phase 4 &#8211; Locked: Battery Discharger<\/h2>\n<p>Con el fin de generar una respuesta al cuarto tema analizado, se ha decidido desarrollar un nuevo concepto de dispositivo electr\u00f3nico que pretende criticar un acto y un gesto que hemos pasado a realizar casi de manera involuntaria.<\/p>\n<p>Hemos adquirido la costumbre de tener los m\u00f3viles siempre cargados y nos parece insoportable y angustiante la idea de quedarnos sin bater\u00eda. Y es que la bater\u00eda es lo que literalmente alimenta y da &#8220;vida&#8221; a nuestro dispositivo, por eso la importancia de crear una nueva pieza que luche y combata esta nueva adicci\u00f3n. <strong>\u00bfQue pasar\u00eda si cre\u00e1ramos un dispositivo que hiciera la funci\u00f3n inversa de un cargador?<\/strong><\/p>\n<p>As\u00ed es como nace la Fase 4: 423 LOCKED: BATTERY DISCHARGER. Un dispositivo que acelera la descarga de la bater\u00eda de un m\u00f3vil, es decir, <strong>acelera el consumo de bater\u00eda y de recursos, a la inversa de un cargador est\u00e1ndar<\/strong>. Este dispositivo permite descargar la bater\u00eda de un m\u00f3vil hasta que \u00e9ste &#8220;muere&#8221; y tiene el objetivo de crear y pasar a formar parte de un nuevo ritual donde toma una gran importancia el proceso de descargar, de ver como baja el tanto por ciento de la bater\u00eda hasta quedarse a cero. Y si la bater\u00eda se queda a cero, el m\u00f3vil se apaga, y si \u00e9ste se apaga, no utilizamos el m\u00f3vil, y si no lo utilizamos nos estamos desintoxicando.<\/p>\n<p>&nbsp;<\/p>\n<p><img loading=\"lazy\" decoding=\"async\" width=\"680\" height=\"425\" class=\"alignnone size-full wp-image-2159\" src=\"https:\/\/blancfestival.com\/wp-content\/uploads\/2020\/04\/FASE_4.jpg\" alt=\"Ferran Bretcha - \u201c5 Tools for Digital Detox - Proyecto Final de carrera dise\u00f1o\" srcset=\"https:\/\/blancfestival.com\/wp-content\/uploads\/2020\/04\/FASE_4.jpg 680w, https:\/\/blancfestival.com\/wp-content\/uploads\/2020\/04\/FASE_4-250x156.jpg 250w, https:\/\/blancfestival.com\/wp-content\/uploads\/2020\/04\/FASE_4-120x75.jpg 120w\" sizes=\"auto, (max-width: 680px) 100vw, 680px\" \/><\/p>\n<p>&nbsp;<\/p>\n<h2>Phase 5 &#8211; Not Found: Digital Detox Refuge<\/h2>\n<p>Para la quinta pieza se crea un objeto que representa en su totalidad la idea de ausencia digital. Se ha desarrollado y producido una prenda de ropa que cubre todo el cuerpo y que protege a la persona de la radioactividad digital. La finalidad es crear un <strong>refugio de desintoxicaci\u00f3n digital portable<\/strong> que literalmente bloquea e inhibe la se\u00f1al, el wifi, el gps, el bluethooth, entre otros.<\/p>\n<p>Esta \u00faltima pieza representa la ausencia digital total, puesto que la tecnolog\u00eda no puede entrar dentro de esta prenda de ropa porque es un escudo, un espacio aislado que sirve como refugio. El tejido utilizado para elaborar esta pieza es denominado &#8220;Electromagnetic shielding fabric&#8221; y la tela tiene la propiedad de actuar como barrera para radiaciones y blindar superficies de emisiones de olas electromagn\u00e9ticas.<\/p>\n<p>Se decide reflejar la necesidad de una soluci\u00f3n que se aplique directamente sobre el cuerpo completo del usuario, como una segunda piel. Por eso se considera que hay una <strong>necesidad real de un espacio aislado que lo aleje de esta hiperconectividad<\/strong>, como si se tratara de un proceso de limpieza y de regeneraci\u00f3n. Un refugio que aisla de las radicaciones, de las frecuencias y de las se\u00f1ales que nos llegan y atraviesan constantemente nuestra piel.<\/p>\n<p>&nbsp;<\/p>\n<p><img loading=\"lazy\" decoding=\"async\" width=\"680\" height=\"425\" class=\"alignnone size-full wp-image-2162\" src=\"https:\/\/blancfestival.com\/wp-content\/uploads\/2020\/04\/FASE_5.1.jpg\" alt=\"Ferran Bretcha - \u201c5 Tools for Digital Detox - Proyecto Final de carrera dise\u00f1o\" srcset=\"https:\/\/blancfestival.com\/wp-content\/uploads\/2020\/04\/FASE_5.1.jpg 680w, https:\/\/blancfestival.com\/wp-content\/uploads\/2020\/04\/FASE_5.1-250x156.jpg 250w, https:\/\/blancfestival.com\/wp-content\/uploads\/2020\/04\/FASE_5.1-120x75.jpg 120w\" sizes=\"auto, (max-width: 680px) 100vw, 680px\" \/><\/p>\n<p><img loading=\"lazy\" decoding=\"async\" width=\"680\" height=\"425\" class=\"alignnone size-full wp-image-2165\" src=\"https:\/\/blancfestival.com\/wp-content\/uploads\/2020\/04\/FASE_5.2.jpg\" alt=\"Ferran Bretcha - \u201c5 Tools for Digital Detox - Proyecto Final de carrera dise\u00f1o\" srcset=\"https:\/\/blancfestival.com\/wp-content\/uploads\/2020\/04\/FASE_5.2.jpg 680w, https:\/\/blancfestival.com\/wp-content\/uploads\/2020\/04\/FASE_5.2-250x156.jpg 250w, https:\/\/blancfestival.com\/wp-content\/uploads\/2020\/04\/FASE_5.2-120x75.jpg 120w\" sizes=\"auto, (max-width: 680px) 100vw, 680px\" \/><\/p>\n<p>&nbsp;<\/p>\n<h2>Resultados<\/h2>\n<p>El presente proyecto de dise\u00f1o gr\u00e1fico y producto no tiene el objetivo de cambiar la vida de la sociedad, pero s\u00ed que pretende que las personas se sientan identificadas con los <strong>objetos y las herramientas generadas para concienciar sobre estos peque\u00f1os actos diarios, <\/strong>de estas acciones y gestos, que ya forman <strong>parte de nuestro d\u00eda a d\u00eda<\/strong> y que hemos admitido o asumido como habituales. Siempre con el fin de aportar una reflexi\u00f3n desde un punto de vista joven del contexto actual en que nos encontramos. Una demostraci\u00f3n m\u00e1s sobre lo <a href=\"https:\/\/blancfestival.com\/blanc-basics\/que-es-y-para-que-sirve-el-diseno-grafico\/\">que es el dise\u00f1o gr\u00e1fico<\/a> y sus m\u00faltiples aplicaciones en nuestro entorno.<\/p>\n<p><a href=\"http:\/\/@ferranbretcha\" target=\"_blank\" rel=\"noopener noreferrer\">@ferranbretcha<\/a> \/ <a href=\"https:\/\/ferranbretcha.com\/\" target=\"_blank\" rel=\"noopener noreferrer\">www.ferranbretcha.com<\/a><\/p>\n<p>&nbsp;<\/p>\n<h2>Otros proyectos finales para la carrera de dise\u00f1o gr\u00e1fico<\/h2>\n<p>Puedes ver otros proyectos de final de carrera de dise\u00f1o gr\u00e1fico presentados en Campus Blanc siguiendo estos links: <a href=\"https:\/\/blancfestival.com\/diseno\/ramon-lechado-proyecto-fade\/\" target=\"_blank\" rel=\"noopener noreferrer\">Ram\u00f3n Lechado<\/a>, <a href=\"https:\/\/blancfestival.com\/jovenes-disenadores\/carles-gimenez-proyecto-fourtures\/\" target=\"_blank\" rel=\"noopener noreferrer\">Carles Gim\u00e9nez<\/a> o <a href=\"https:\/\/blancfestival.com\/jovenes-disenadores\/ignasi-ayats-soler-proyecto-adlego\/\" target=\"_blank\" rel=\"noopener noreferrer\">Ignasi Ayats<\/a>.<\/p>\n","protected":false},"excerpt":{"rendered":"Proyecto Final de la carrera de Dise\u00f1o Gr\u00e1fico del dise\u00f1ador Ferran Bretcha. Estuvo representando a Elisava en el Campus Blanc durante la edici\u00f3n n.11 de Blanc! en Octubre del 2019. &#8220;5 Tools For Digital Detox&#8221; se sit\u00faa en un escenario futuro probable y parte de la premisa de que la tecnolog\u00eda y el ser humano&hellip;","protected":false},"author":3,"featured_media":2168,"comment_status":"open","ping_status":"open","sticky":false,"template":"","format":"standard","meta":{"_acf_changed":false,"footnotes":""},"categories":[36],"tags":[],"evento":[],"class_list":["post-2131","post","type-post","status-publish","format-standard","has-post-thumbnail","hentry","category-jovenes-disenadores"],"acf":[],"yoast_head":"<!-- This site is optimized with the Yoast SEO plugin v23.7 - https:\/\/yoast.com\/wordpress\/plugins\/seo\/ -->\n<title>Ferran Bretcha - PFC Dise\u00f1o Gr\u00e1fico<\/title>\n<meta name=\"description\" content=\"Proyecto final de la carrera de dise\u00f1o gr\u00e1fico, del dise\u00f1ador Ferran Bretcha. Presentado en Campus Blanc, en la edici\u00f3n n.11 de Blanc!\" \/>\n<meta name=\"robots\" content=\"index, follow, max-snippet:-1, max-image-preview:large, max-video-preview:-1\" \/>\n<link rel=\"canonical\" href=\"https:\/\/blancfestival.com\/ferran-bretcha-diseno-grafico\/\" \/>\n<meta property=\"og:locale\" content=\"en_US\" \/>\n<meta property=\"og:type\" content=\"article\" \/>\n<meta property=\"og:title\" content=\"Ferran Bretcha - PFC Dise\u00f1o Gr\u00e1fico\" \/>\n<meta property=\"og:description\" content=\"Proyecto final de la carrera de dise\u00f1o gr\u00e1fico, del dise\u00f1ador Ferran Bretcha. Presentado en Campus Blanc, en la edici\u00f3n n.11 de Blanc!\" \/>\n<meta property=\"og:url\" content=\"https:\/\/blancfestival.com\/ferran-bretcha-diseno-grafico\/\" \/>\n<meta property=\"og:site_name\" content=\"Blanc!\" \/>\n<meta property=\"article:publisher\" content=\"https:\/\/www.facebook.com\/blanc.festivaldissenygrafic\/\" \/>\n<meta property=\"article:published_time\" content=\"2020-04-06T18:07:47+00:00\" \/>\n<meta property=\"article:modified_time\" content=\"2020-11-22T01:31:15+00:00\" \/>\n<meta property=\"og:image\" content=\"https:\/\/blancfestival.com\/wp-content\/uploads\/2020\/04\/Portada-fase.jpg\" \/>\n\t<meta property=\"og:image:width\" content=\"1920\" \/>\n\t<meta property=\"og:image:height\" content=\"1200\" \/>\n\t<meta property=\"og:image:type\" content=\"image\/jpeg\" \/>\n<meta name=\"author\" content=\"Redacci\u00f3n Blanc!\" \/>\n<meta name=\"twitter:card\" content=\"summary_large_image\" \/>\n<meta name=\"twitter:creator\" content=\"@blancfest\" \/>\n<meta name=\"twitter:site\" content=\"@blancfest\" \/>\n<meta name=\"twitter:label1\" content=\"Written by\" \/>\n\t<meta name=\"twitter:data1\" content=\"Redacci\u00f3n Blanc!\" \/>\n\t<meta name=\"twitter:label2\" content=\"Est. reading time\" \/>\n\t<meta name=\"twitter:data2\" content=\"10 minutes\" \/>\n<script type=\"application\/ld+json\" class=\"yoast-schema-graph\">{\"@context\":\"https:\/\/schema.org\",\"@graph\":[{\"@type\":\"Article\",\"@id\":\"https:\/\/blancfestival.com\/ferran-bretcha-diseno-grafico\/#article\",\"isPartOf\":{\"@id\":\"https:\/\/blancfestival.com\/ferran-bretcha-diseno-grafico\/\"},\"author\":{\"name\":\"Redacci\u00f3n Blanc!\",\"@id\":\"https:\/\/blancfestival.com\/#\/schema\/person\/1c1365d1e51e5730cf3f5fadb8670c06\"},\"headline\":\"Ferran Bretcha &#8211; 5 Tools for Digital Detox\",\"datePublished\":\"2020-04-06T18:07:47+00:00\",\"dateModified\":\"2020-11-22T01:31:15+00:00\",\"mainEntityOfPage\":{\"@id\":\"https:\/\/blancfestival.com\/ferran-bretcha-diseno-grafico\/\"},\"wordCount\":2029,\"commentCount\":0,\"publisher\":{\"@id\":\"https:\/\/blancfestival.com\/#organization\"},\"image\":{\"@id\":\"https:\/\/blancfestival.com\/ferran-bretcha-diseno-grafico\/#primaryimage\"},\"thumbnailUrl\":\"https:\/\/blancfestival.com\/wp-content\/uploads\/2020\/04\/Portada-fase.jpg\",\"articleSection\":[\"J\u00f3venes dise\u00f1adores\"],\"inLanguage\":\"en-US\",\"potentialAction\":[{\"@type\":\"CommentAction\",\"name\":\"Comment\",\"target\":[\"https:\/\/blancfestival.com\/ferran-bretcha-diseno-grafico\/#respond\"]}]},{\"@type\":\"WebPage\",\"@id\":\"https:\/\/blancfestival.com\/ferran-bretcha-diseno-grafico\/\",\"url\":\"https:\/\/blancfestival.com\/ferran-bretcha-diseno-grafico\/\",\"name\":\"Ferran Bretcha - PFC Dise\u00f1o Gr\u00e1fico\",\"isPartOf\":{\"@id\":\"https:\/\/blancfestival.com\/#website\"},\"primaryImageOfPage\":{\"@id\":\"https:\/\/blancfestival.com\/ferran-bretcha-diseno-grafico\/#primaryimage\"},\"image\":{\"@id\":\"https:\/\/blancfestival.com\/ferran-bretcha-diseno-grafico\/#primaryimage\"},\"thumbnailUrl\":\"https:\/\/blancfestival.com\/wp-content\/uploads\/2020\/04\/Portada-fase.jpg\",\"datePublished\":\"2020-04-06T18:07:47+00:00\",\"dateModified\":\"2020-11-22T01:31:15+00:00\",\"description\":\"Proyecto final de la carrera de dise\u00f1o gr\u00e1fico, del dise\u00f1ador Ferran Bretcha. Presentado en Campus Blanc, en la edici\u00f3n n.11 de Blanc!\",\"breadcrumb\":{\"@id\":\"https:\/\/blancfestival.com\/ferran-bretcha-diseno-grafico\/#breadcrumb\"},\"inLanguage\":\"en-US\",\"potentialAction\":[{\"@type\":\"ReadAction\",\"target\":[\"https:\/\/blancfestival.com\/ferran-bretcha-diseno-grafico\/\"]}]},{\"@type\":\"ImageObject\",\"inLanguage\":\"en-US\",\"@id\":\"https:\/\/blancfestival.com\/ferran-bretcha-diseno-grafico\/#primaryimage\",\"url\":\"https:\/\/blancfestival.com\/wp-content\/uploads\/2020\/04\/Portada-fase.jpg\",\"contentUrl\":\"https:\/\/blancfestival.com\/wp-content\/uploads\/2020\/04\/Portada-fase.jpg\",\"width\":1920,\"height\":1200,\"caption\":\"Ferran Bretcha - \u201c5 Tools for Digital Detox - Proyecto Final de carrera dise\u00f1o gr\u00e1fico - Elisava\"},{\"@type\":\"BreadcrumbList\",\"@id\":\"https:\/\/blancfestival.com\/ferran-bretcha-diseno-grafico\/#breadcrumb\",\"itemListElement\":[{\"@type\":\"ListItem\",\"position\":1,\"name\":\"Portada\",\"item\":\"https:\/\/blancfestival.com\/en\/\"},{\"@type\":\"ListItem\",\"position\":2,\"name\":\"Ferran Bretcha &#8211; 5 Tools for Digital Detox\"}]},{\"@type\":\"WebSite\",\"@id\":\"https:\/\/blancfestival.com\/#website\",\"url\":\"https:\/\/blancfestival.com\/\",\"name\":\"Blanc! Festival\",\"description\":\"Dise\u00f1o, Creatividad e Innovaci\u00f3n\",\"publisher\":{\"@id\":\"https:\/\/blancfestival.com\/#organization\"},\"potentialAction\":[{\"@type\":\"SearchAction\",\"target\":{\"@type\":\"EntryPoint\",\"urlTemplate\":\"https:\/\/blancfestival.com\/?s={search_term_string}\"},\"query-input\":{\"@type\":\"PropertyValueSpecification\",\"valueRequired\":true,\"valueName\":\"search_term_string\"}}],\"inLanguage\":\"en-US\"},{\"@type\":\"Organization\",\"@id\":\"https:\/\/blancfestival.com\/#organization\",\"name\":\"Blanc! Festival de Dise\u00f1o, Creatividad e Innovaci\u00f3n\",\"url\":\"https:\/\/blancfestival.com\/\",\"logo\":{\"@type\":\"ImageObject\",\"inLanguage\":\"en-US\",\"@id\":\"https:\/\/blancfestival.com\/#\/schema\/logo\/image\/\",\"url\":\"https:\/\/blancfestival.com\/wp-content\/uploads\/2025\/01\/logo_icono_blanc.jpg\",\"contentUrl\":\"https:\/\/blancfestival.com\/wp-content\/uploads\/2025\/01\/logo_icono_blanc.jpg\",\"width\":2000,\"height\":2000,\"caption\":\"Blanc! Festival de Dise\u00f1o, Creatividad e Innovaci\u00f3n\"},\"image\":{\"@id\":\"https:\/\/blancfestival.com\/#\/schema\/logo\/image\/\"},\"sameAs\":[\"https:\/\/www.facebook.com\/blanc.festivaldissenygrafic\/\",\"https:\/\/x.com\/blancfest\",\"https:\/\/www.instagram.com\/blancfest\/\",\"https:\/\/www.linkedin.com\/company\/blanc-festival\",\"https:\/\/www.pinterest.com\/blancfest\/\",\"https:\/\/www.youtube.com\/channel\/UCM-IjxOFb5gQg4yPgmze3Gg\"]},{\"@type\":\"Person\",\"@id\":\"https:\/\/blancfestival.com\/#\/schema\/person\/1c1365d1e51e5730cf3f5fadb8670c06\",\"name\":\"Redacci\u00f3n Blanc!\",\"image\":{\"@type\":\"ImageObject\",\"inLanguage\":\"en-US\",\"@id\":\"https:\/\/blancfestival.com\/#\/schema\/person\/image\/\",\"url\":\"https:\/\/blancfestival.com\/wp-content\/uploads\/2020\/02\/ico-120x120.png\",\"contentUrl\":\"https:\/\/blancfestival.com\/wp-content\/uploads\/2020\/02\/ico-120x120.png\",\"caption\":\"Redacci\u00f3n Blanc!\"},\"description\":\"\u201cNo trates de doblar la cuchara. Es imposible. En lugar de hacerlo, solo intenta darte cuenta de la verdad\u2026 No hay cuchara. Entonces, ver\u00e1s que no es la cuchara lo que se dobla, te doblas t\u00fa\u201d\"}]}<\/script>\n<!-- \/ Yoast SEO plugin. -->","yoast_head_json":{"title":"Ferran Bretcha - PFC Dise\u00f1o Gr\u00e1fico","description":"Proyecto final de la carrera de dise\u00f1o gr\u00e1fico, del dise\u00f1ador Ferran Bretcha. Presentado en Campus Blanc, en la edici\u00f3n n.11 de Blanc!","robots":{"index":"index","follow":"follow","max-snippet":"max-snippet:-1","max-image-preview":"max-image-preview:large","max-video-preview":"max-video-preview:-1"},"canonical":"https:\/\/blancfestival.com\/ferran-bretcha-diseno-grafico\/","og_locale":"en_US","og_type":"article","og_title":"Ferran Bretcha - PFC Dise\u00f1o Gr\u00e1fico","og_description":"Proyecto final de la carrera de dise\u00f1o gr\u00e1fico, del dise\u00f1ador Ferran Bretcha. Presentado en Campus Blanc, en la edici\u00f3n n.11 de Blanc!","og_url":"https:\/\/blancfestival.com\/ferran-bretcha-diseno-grafico\/","og_site_name":"Blanc!","article_publisher":"https:\/\/www.facebook.com\/blanc.festivaldissenygrafic\/","article_published_time":"2020-04-06T18:07:47+00:00","article_modified_time":"2020-11-22T01:31:15+00:00","og_image":[{"width":1920,"height":1200,"url":"https:\/\/blancfestival.com\/wp-content\/uploads\/2020\/04\/Portada-fase.jpg","type":"image\/jpeg"}],"author":"Redacci\u00f3n Blanc!","twitter_card":"summary_large_image","twitter_creator":"@blancfest","twitter_site":"@blancfest","twitter_misc":{"Written by":"Redacci\u00f3n Blanc!","Est. reading time":"10 minutes"},"schema":{"@context":"https:\/\/schema.org","@graph":[{"@type":"Article","@id":"https:\/\/blancfestival.com\/ferran-bretcha-diseno-grafico\/#article","isPartOf":{"@id":"https:\/\/blancfestival.com\/ferran-bretcha-diseno-grafico\/"},"author":{"name":"Redacci\u00f3n Blanc!","@id":"https:\/\/blancfestival.com\/#\/schema\/person\/1c1365d1e51e5730cf3f5fadb8670c06"},"headline":"Ferran Bretcha &#8211; 5 Tools for Digital Detox","datePublished":"2020-04-06T18:07:47+00:00","dateModified":"2020-11-22T01:31:15+00:00","mainEntityOfPage":{"@id":"https:\/\/blancfestival.com\/ferran-bretcha-diseno-grafico\/"},"wordCount":2029,"commentCount":0,"publisher":{"@id":"https:\/\/blancfestival.com\/#organization"},"image":{"@id":"https:\/\/blancfestival.com\/ferran-bretcha-diseno-grafico\/#primaryimage"},"thumbnailUrl":"https:\/\/blancfestival.com\/wp-content\/uploads\/2020\/04\/Portada-fase.jpg","articleSection":["J\u00f3venes dise\u00f1adores"],"inLanguage":"en-US","potentialAction":[{"@type":"CommentAction","name":"Comment","target":["https:\/\/blancfestival.com\/ferran-bretcha-diseno-grafico\/#respond"]}]},{"@type":"WebPage","@id":"https:\/\/blancfestival.com\/ferran-bretcha-diseno-grafico\/","url":"https:\/\/blancfestival.com\/ferran-bretcha-diseno-grafico\/","name":"Ferran Bretcha - PFC Dise\u00f1o Gr\u00e1fico","isPartOf":{"@id":"https:\/\/blancfestival.com\/#website"},"primaryImageOfPage":{"@id":"https:\/\/blancfestival.com\/ferran-bretcha-diseno-grafico\/#primaryimage"},"image":{"@id":"https:\/\/blancfestival.com\/ferran-bretcha-diseno-grafico\/#primaryimage"},"thumbnailUrl":"https:\/\/blancfestival.com\/wp-content\/uploads\/2020\/04\/Portada-fase.jpg","datePublished":"2020-04-06T18:07:47+00:00","dateModified":"2020-11-22T01:31:15+00:00","description":"Proyecto final de la carrera de dise\u00f1o gr\u00e1fico, del dise\u00f1ador Ferran Bretcha. Presentado en Campus Blanc, en la edici\u00f3n n.11 de Blanc!","breadcrumb":{"@id":"https:\/\/blancfestival.com\/ferran-bretcha-diseno-grafico\/#breadcrumb"},"inLanguage":"en-US","potentialAction":[{"@type":"ReadAction","target":["https:\/\/blancfestival.com\/ferran-bretcha-diseno-grafico\/"]}]},{"@type":"ImageObject","inLanguage":"en-US","@id":"https:\/\/blancfestival.com\/ferran-bretcha-diseno-grafico\/#primaryimage","url":"https:\/\/blancfestival.com\/wp-content\/uploads\/2020\/04\/Portada-fase.jpg","contentUrl":"https:\/\/blancfestival.com\/wp-content\/uploads\/2020\/04\/Portada-fase.jpg","width":1920,"height":1200,"caption":"Ferran Bretcha - \u201c5 Tools for Digital Detox - Proyecto Final de carrera dise\u00f1o gr\u00e1fico - Elisava"},{"@type":"BreadcrumbList","@id":"https:\/\/blancfestival.com\/ferran-bretcha-diseno-grafico\/#breadcrumb","itemListElement":[{"@type":"ListItem","position":1,"name":"Portada","item":"https:\/\/blancfestival.com\/en\/"},{"@type":"ListItem","position":2,"name":"Ferran Bretcha &#8211; 5 Tools for Digital Detox"}]},{"@type":"WebSite","@id":"https:\/\/blancfestival.com\/#website","url":"https:\/\/blancfestival.com\/","name":"Blanc! Festival","description":"Dise\u00f1o, Creatividad e Innovaci\u00f3n","publisher":{"@id":"https:\/\/blancfestival.com\/#organization"},"potentialAction":[{"@type":"SearchAction","target":{"@type":"EntryPoint","urlTemplate":"https:\/\/blancfestival.com\/?s={search_term_string}"},"query-input":{"@type":"PropertyValueSpecification","valueRequired":true,"valueName":"search_term_string"}}],"inLanguage":"en-US"},{"@type":"Organization","@id":"https:\/\/blancfestival.com\/#organization","name":"Blanc! Festival de Dise\u00f1o, Creatividad e Innovaci\u00f3n","url":"https:\/\/blancfestival.com\/","logo":{"@type":"ImageObject","inLanguage":"en-US","@id":"https:\/\/blancfestival.com\/#\/schema\/logo\/image\/","url":"https:\/\/blancfestival.com\/wp-content\/uploads\/2025\/01\/logo_icono_blanc.jpg","contentUrl":"https:\/\/blancfestival.com\/wp-content\/uploads\/2025\/01\/logo_icono_blanc.jpg","width":2000,"height":2000,"caption":"Blanc! Festival de Dise\u00f1o, Creatividad e Innovaci\u00f3n"},"image":{"@id":"https:\/\/blancfestival.com\/#\/schema\/logo\/image\/"},"sameAs":["https:\/\/www.facebook.com\/blanc.festivaldissenygrafic\/","https:\/\/x.com\/blancfest","https:\/\/www.instagram.com\/blancfest\/","https:\/\/www.linkedin.com\/company\/blanc-festival","https:\/\/www.pinterest.com\/blancfest\/","https:\/\/www.youtube.com\/channel\/UCM-IjxOFb5gQg4yPgmze3Gg"]},{"@type":"Person","@id":"https:\/\/blancfestival.com\/#\/schema\/person\/1c1365d1e51e5730cf3f5fadb8670c06","name":"Redacci\u00f3n Blanc!","image":{"@type":"ImageObject","inLanguage":"en-US","@id":"https:\/\/blancfestival.com\/#\/schema\/person\/image\/","url":"https:\/\/blancfestival.com\/wp-content\/uploads\/2020\/02\/ico-120x120.png","contentUrl":"https:\/\/blancfestival.com\/wp-content\/uploads\/2020\/02\/ico-120x120.png","caption":"Redacci\u00f3n Blanc!"},"description":"\u201cNo trates de doblar la cuchara. Es imposible. En lugar de hacerlo, solo intenta darte cuenta de la verdad\u2026 No hay cuchara. Entonces, ver\u00e1s que no es la cuchara lo que se dobla, te doblas t\u00fa\u201d"}]}},"_links":{"self":[{"href":"https:\/\/blancfestival.com\/en\/wp-json\/wp\/v2\/posts\/2131","targetHints":{"allow":["GET"]}}],"collection":[{"href":"https:\/\/blancfestival.com\/en\/wp-json\/wp\/v2\/posts"}],"about":[{"href":"https:\/\/blancfestival.com\/en\/wp-json\/wp\/v2\/types\/post"}],"author":[{"embeddable":true,"href":"https:\/\/blancfestival.com\/en\/wp-json\/wp\/v2\/users\/3"}],"replies":[{"embeddable":true,"href":"https:\/\/blancfestival.com\/en\/wp-json\/wp\/v2\/comments?post=2131"}],"version-history":[{"count":9,"href":"https:\/\/blancfestival.com\/en\/wp-json\/wp\/v2\/posts\/2131\/revisions"}],"predecessor-version":[{"id":4926,"href":"https:\/\/blancfestival.com\/en\/wp-json\/wp\/v2\/posts\/2131\/revisions\/4926"}],"wp:featuredmedia":[{"embeddable":true,"href":"https:\/\/blancfestival.com\/en\/wp-json\/wp\/v2\/media\/2168"}],"wp:attachment":[{"href":"https:\/\/blancfestival.com\/en\/wp-json\/wp\/v2\/media?parent=2131"}],"wp:term":[{"taxonomy":"category","embeddable":true,"href":"https:\/\/blancfestival.com\/en\/wp-json\/wp\/v2\/categories?post=2131"},{"taxonomy":"post_tag","embeddable":true,"href":"https:\/\/blancfestival.com\/en\/wp-json\/wp\/v2\/tags?post=2131"},{"taxonomy":"evento","embeddable":true,"href":"https:\/\/blancfestival.com\/en\/wp-json\/wp\/v2\/evento?post=2131"}],"curies":[{"name":"wp","href":"https:\/\/api.w.org\/{rel}","templated":true}]}}